{"id":100595,"date":"2025-12-16T11:59:16","date_gmt":"2025-12-16T10:59:16","guid":{"rendered":"https:\/\/www.perunaltracitta.org\/homepage\/?p=100595"},"modified":"2025-12-17T11:47:29","modified_gmt":"2025-12-17T10:47:29","slug":"da-gaza-a-gaza-passando-dallucraina-a-dorso-d-asino","status":"publish","type":"post","link":"https:\/\/www.perunaltracitta.org\/homepage\/2025\/12\/16\/da-gaza-a-gaza-passando-dallucraina-a-dorso-d-asino\/","title":{"rendered":"Da Gaza a Gaza passando dall\u2019Ucraina a dorso d&#8217;asino"},"content":{"rendered":"<div style=\"width: 480px;\" class=\"wp-video\"><video class=\"wp-video-shortcode\" id=\"video-100595-1\" width=\"480\" height=\"852\" preload=\"metadata\" controls=\"controls\"><source type=\"video\/mp4\" src=\"https:\/\/www.perunaltracitta.org\/wp-content\/uploads\/2025\/12\/asini-a-gaza.mp4?_=1\" \/><a href=\"https:\/\/www.perunaltracitta.org\/wp-content\/uploads\/2025\/12\/asini-a-gaza.mp4\">https:\/\/www.perunaltracitta.org\/wp-content\/uploads\/2025\/12\/asini-a-gaza.mp4<\/a><\/video><\/div>\n<p>&nbsp;<\/p>\n<p>Siamo inondati di immagini del disastro che si sta consumando a Gaza da quasi ottanta anni, ma che si \u00e8 fortemente intensificato da quel 7 ottobre, diventato a sua volta giustificazione di quella inqualificabile cosa che sta accadendo nella Striscia; difficile trovare qualcosa di peggio nel mondo contemporaneo. Nel fiume di foto e filmati, mi ha particolarmente colpito il brevissimo video allegato, in cui rudimentali carri si muovono nel lago formatosi durante i recenti temporali, in una tendopoli che ospita sopravvissuti alla vendetta di Israele. A trainarli non ci sono auto, camion o trattori ma asini che avanzano col ritmato dondolare delle loro orecchie; sono gli umili animali al servizio degli ultimi, la loro tenacia e insieme docilit\u00e0 paiono una metafora degli oppressi. Forse sono immagini prodotte da una intelligenza artificiale? Non importa, rappresentano comunque quella realt\u00e0.<\/p>\n<p>Non si vedono morti o feriti, la citt\u00e0 distrutta si pu\u00f2 solo immaginare dietro le tende che sprofondano nell\u2019acqua e sotto un irriverente cielo azzurro. Mostrano il disastro che i Gazawi vivono in una diversa prospettiva, ma sono gli aspetti meno appariscenti che spesso parlano pi\u00f9 chiaramente: poco distante c\u2019\u00e8 uno stato che ha sviluppato i pi\u00f9 alti canoni tecnologici, appartamenti moderni, con moderni mezzi di comunicazione e trasporto, con standard di vita molto alti per chi pu\u00f2 permetterseli. <strong>Si blatera da parte di Trump e degli Israele di ricostruzione; nelle indiscrezioni che che trapelano il 20% sarebbe affidato a ditte italiane per l\u2019amicizia che il nostro paese avrebbe dimostrato a Israele. I nomi che circolano sarebbero Gavio, Webuild e, ciliegina sulla torta indigeribile, le Ferrovie dello Stato.<\/strong><\/p>\n<p>Il confronto tra la processione di barrocci e di asini e quel che esiste al di l\u00e0 del muro della vergogna che circonda Gaza \u00e8 difficile da sostenere. Fuori dal muro eretto attorno a Gaza sono pronti prefabbricati che potrebbero essere riparo, tir pieni di cibo e farmaci che non vengono fatti passare. In quel deserto di macerie, improvvisamente allagato, c\u2019\u00e8 gente che sopravvive in condizioni vergognose, se non muoiono sotto le democratiche bombe israelo-occidentali, accanto ad una delle societ\u00e0 pi\u00f9 ricche del mondo.<\/p>\n<p><img loading=\"lazy\" decoding=\"async\" class=\" wp-image-100600 alignright\" src=\"https:\/\/www.perunaltracitta.org\/wp-content\/uploads\/2025\/12\/gaza-allagata-300x200.jpeg\" alt=\"\" width=\"644\" height=\"429\" srcset=\"https:\/\/www.perunaltracitta.org\/wp-content\/uploads\/2025\/12\/gaza-allagata-300x200.jpeg 300w, https:\/\/www.perunaltracitta.org\/wp-content\/uploads\/2025\/12\/gaza-allagata-1024x683.jpeg 1024w, https:\/\/www.perunaltracitta.org\/wp-content\/uploads\/2025\/12\/gaza-allagata-768x512.jpeg 768w, https:\/\/www.perunaltracitta.org\/wp-content\/uploads\/2025\/12\/gaza-allagata-600x400.jpeg 600w, https:\/\/www.perunaltracitta.org\/wp-content\/uploads\/2025\/12\/gaza-allagata-1536x1024.jpeg 1536w, https:\/\/www.perunaltracitta.org\/wp-content\/uploads\/2025\/12\/gaza-allagata-2048x1365.jpeg 2048w, https:\/\/www.perunaltracitta.org\/wp-content\/uploads\/2025\/12\/gaza-allagata-1320x880.jpeg 1320w\" sizes=\"auto, (max-width: 644px) 100vw, 644px\" \/>In Italia la politica ha raggiunto livelli vergognosi di silenzio e di collaborazione con quello che ormai \u00e8 certificato essere un genocidio; anche nella nostra Firenze la sindaca nega la cittadinanza onoraria a Francesca Albanese, la rappresentante dell\u2019ONU che ha denunciato responsabilit\u00e0, con il motivo che questa sarebbe \u201cdivisiva\u201d. Divisiva in che cosa? Forse perch\u00e9 divide davvero tra oppressi e oppressori, le vittime dagli artefici di un genocidio? Ma il problema non \u00e8 certamente fiorentino, \u00e8 la maggior parte della politica italiana, anche di opposizione, ad essere succube degli interessi Usa-israeliani.<\/p>\n<p><strong>Come \u00e8 possibile chiedere ancora ad un normale cittadino il voto alle prossime elezioni? Come \u00e8 possibile che questa classe politica possa rappresentare un paese sostanzialmente pacifico come l\u2019Italia? Da decenni c\u2019\u00e8 un profondo fossato tra il paese e la classe dirigente, adesso diventa un abisso.<\/strong><\/p>\n<p>Volgendo lo sguardo dal Medio Oriente all\u2019Europa si trovano altri asini, meno teneri e poco amici degli esseri umani, non trasportano masserizie di profughi, ma interi popoli verso il precipizio della guerra. Sarebbe lungo e forse inutile riassumere per l\u2019ennesima volta come la versione uscita dai pensatoi neoconservatori per giustificare questa guerra sia una serie di ridicole menzogne; purtroppo si sono sedimentate in una parte dell\u2019opinione pubblica.<\/p>\n<p>A volte la storia si vendica con chi vorrebbe stravolgerla ai propri interessi, come nel caso di questa tragedia ancora in corso nelle pianure ucraine: gli Stati Uniti, massimo frutto dello spirito colonialista e imperialista nato in Europa, hanno avuto sempre come loro obiettivo quello di essere la potenza numero uno, il loro timore pi\u00f9 grande \u00e8 sempre stato che potesse nascere un soggetto economico e politico pi\u00f9 grande e potente di loro. Lo hanno sempre scritto chiaramente: dal dopoguerra l\u2019incubo era che tecnologie e capitali europei, soprattutto tedeschi, si unissero alle risorse naturali e alla potenza nucleare allora sovietica, oggi russa. Gi\u00e0 la guerra in Jugoslavia negli anni \u201890, ma soprattutto quella in Ucraina, voluta e provocata in ogni maniera da Usa e UK, \u00e8 stata pianificata per rompere ogni possibile legame tra paesi europei e Russia. L\u2019emblema di questa politica \u00e8 stato il sabotaggio del gasdotto Nord Stream 2. La vendetta della storia \u00e8 che la Russia, questo enorme magazzino di risorse naturali e di testata nucleari, ha voltato le spalle all\u2019Europa, a cui ha cercato di affiancarsi fin dal collasso dell\u2019URSS, ha trovato un altro alleato e partner economico, la Cina; \u00e8 nato un colosso ben pi\u00f9 potente.<\/p>\n<p><strong>La guerra in Ucraina \u00e8 stata un catalizzatore delle contraddizioni che si sono accumulate con le politiche neoliberali e imperialiste, ha accelerato la crescita di paesi a cui si era delegata la produzione di merci con mano d\u2019opera a buon mercato, la naturale avidit\u00e0 del sistema ha deindustrializzato soprattutto gli Stati Uniti. Adesso molti paesi del mondo chiedono il conto, non solo degli ultimi decenni di globalizzazione, ma dei secoli passati di colonizzazione e sfruttamento; la Cina chiama il periodo che va dalla sconfitta subita con le guerre dell\u2019oppio fino alla liberazione dall\u2019occupazione giapponese \u201cil secolo dell\u2019umiliazione\u201d.<\/strong> Quello che stiamo vedendo con le grottesche politiche trumpiane \u00e8 una risposta decisa di paesi che fin\u2019ora hanno subito, la Cina ha risposto ai dazi che si volevano imporre con provvedimenti equivalenti; questo ha mostrato quanto possa essere fragile un paese potente come gli Stati Uniti che ha mantenuto solo industrie belliche e il tentativo di avere il monopolio in campo informatico; la sua sopravvivenza dipende da produzioni che non sono pi\u00f9 nel suo pieno controllo e anche il sogno di dominio che ha cullato da sempre si sgretola. La politica isolazionista di Trump non \u00e8 tanto feroce nazionalismo, quanto l\u2019implicito riconoscimento del suo fallimento imperiale; anche il rispolverare le politiche della dottrina Monroe non sar\u00e0 semplice, molti paesi americani stanno alzando la testa, addirittura il Messico parla di politiche sociali che in Europa sono considerate utopie dell\u2019altro secolo, il martoriato Venezuela nel suo travagliato esperimento socialista \u00e8 sotto assedio. Dubito che Trump possa davvero invadere un paese fatto in gran parte di giungla, la memoria del Vietnam dovrebbe indurre prudenza, soprattutto con una situazione interna di profonda divisione e disuguaglianze che minano la tenuta sociale del paese.<\/p>\n<p><strong>In questo complesso quadro politico quel che stupisce e dovrebbe preoccupare molto sono le politiche che abbiamo in Europa; dopo la solita acquiescente partecipazione alla guerra alla Russia voluta dall\u2019amministrazione Biden assistiamo al proseguire delle politiche bellicose ferocemente incarnate dagli stati dell\u2019est Europa come Polonia e baltici. Appare incredibile che la politica estera di questa entit\u00e0 che \u00e8 l\u2019Unione Europea sia data in mano a personaggi che non temono di fare una guerra ad uno stato che possiede il pi\u00f9 grande potenziale nucleare del mondo, che sono travolti da una russofobia che sfocia spesso nel ridicolo; pare non si sappiano rendere conto della profonda crisi economica in cui sta precipitando il continente dopo che sono state recise le arterie energetiche che ne hanno consentito crescita e con le imposizioni gravose volute da Trump.<\/strong> Questo si rende conto che il mondo gli sta voltando le spalle e gli unici che rimangono legati, perci\u00f2 ampiamente sfruttabili, sono gli europei; aver accettato un folle riarmo e di rifornirsi di gas a costi quattro o cinque volte superiori sempre da oltre oceano sono scelte folli, suicide, ma evidentemente non per le \u00e9lite che controllano la politica dell\u2019EU, il loro cuore e i loro conti sono nei paradisi fiscali.<\/p>\n<p>In questo quadro quello che appare disperante a chi scrive \u00e8 che la maggior parte della politica degli stati europei subisce questa deriva suicida, soprattutto molti partiti che ancora si accaniscono a definirsi di sinistra appoggiano una guerra gi\u00e0 persa e vorrebbero addirittura rilanciare per attaccare la Russia dopo che si saranno riarmati. Ma intanto, per questi coraggiosi con le vite degli altri, l\u2019Ucraina deve continuare a combattere per consentire ai paesi dell\u2019EU di avere di un esercito pronto per andare in guerra; pare <strong>non si rendano conto che la guerra che si sta combattendo in Europa vede l\u2019esercito ucraino in grave crisi e molto difficilmente resister\u00e0 a lungo, certamente non anni come vorrebbero i \u201cvolenterosi\u201d Von del Leyen, Starmer, Merz, Macron. Questi personaggi vogliono continuare a condannare un paio di generazioni di Ucraini a morire per loro, ma adesso si tace su quel che sta accadendo nei campi di battaglia; se le notizie militari scarseggiano sui principali giornali e nei TG vuol dire che la Russia sta avanzando sempre pi\u00f9 velocemente, che gli ultimi bastioni difensivi ucraini sono quasi accerchiati, che le nuove linee difensive finanziate in passato dalla Nato sono finite in cessi d\u2019oro e ville sparse nel mondo. Si pensa anche ad una pace alla coreana, con il congelamento del fronte, non con una pace, una guerra strisciante dalla durata indefinita, ma che dia tempo per il riarmo europeo.<\/strong><\/p>\n<p>Tutto questo \u00e8 forse follia o stupidit\u00e0 o un mix delle cose, asini nel senso peggiore del termine, incapaci di capire il precipizio verso cui ci conducono; anche se non si arrivasse alla guerra combattuta avremmo morti per mancanza di cure, di casa, di alimentazione sufficiente, uno scadere della qualit\u00e0 della vita che possiamo immaginare guardando alla sorte toccata alla Grecia.<\/p>\n<p><strong>La domanda che dovremmo farci oggi \u00e8 come ricostruire un soggetto politico capace di analisi serie, di indicare vie d\u2019uscita; molta sinistra capace ancora di essere critica da oltre trenta anni ha denunciato come le fondamenta di questa Unione Europea siano legate alla ideologia liberista, fondata da trattati come quello di Maastricht, ma fin\u2019ora si \u00e8 limitata a dire che \u201cl\u2019EU va cambiata\u201d senza poi mostrare concretamente come fare, confondendo la globalizzazione oggi morta con un ideologico internazionalismo. Ci si scandalizza che le destre vadano al potere, non si vuol capire che molte di queste si oppongono alla guerra alla Russia; il voto alle destre \u00e8 un voto contro la guerra in un mondo dove la sinistra non vuole la pace.<\/strong><\/p>\n<p><strong>La scommessa di oggi che i movimenti hanno davanti \u00e8 quella di saper elaborare una prospettiva concreta e fattibile per uscire da questa situazione in cui asini molto poco simpatici portano popoli alla guerra e alla povert\u00e0.<\/strong><\/p>\n","protected":false},"excerpt":{"rendered":"<p>&nbsp; Siamo inondati di immagini del disastro che si sta consumando a Gaza da quasi ottanta anni, ma che si \u00e8 fortemente intensificato da quel 7 ottobre, diventato a sua volta giustificazione di quella inqualificabile cosa che sta accadendo nella Striscia; difficile trovare qualcosa di peggio nel mondo contemporaneo. Nel fiume di foto e filmati, &hellip;<\/p>\n<p class=\"read-more\"> <a class=\"\" href=\"https:\/\/www.perunaltracitta.org\/homepage\/2025\/12\/16\/da-gaza-a-gaza-passando-dallucraina-a-dorso-d-asino\/\"> <span class=\"screen-reader-text\">Da Gaza a Gaza passando dall\u2019Ucraina a dorso d&#8217;asino<\/span> Leggi altro &raquo;<\/a><\/p>\n","protected":false},"author":33,"featured_media":100635,"comment_status":"open","ping_status":"open","sticky":false,"template":"","format":"standard","meta":{"_uag_custom_page_level_css":"","site-sidebar-layout":"default","site-content-layout":"default","ast-global-header-display":"","ast-main-header-display":"","ast-hfb-above-header-display":"","ast-hfb-below-header-display":"","ast-hfb-mobile-header-display":"","site-post-title":"","ast-breadcrumbs-content":"","ast-featured-img":"","footer-sml-layout":"","theme-transparent-header-meta":"default","adv-header-id-meta":"","stick-header-meta":"","header-above-stick-meta":"","header-main-stick-meta":"","header-below-stick-meta":"","footnotes":""},"categories":[4130],"tags":[7009,1496,5534,4304,6905,975],"class_list":["post-100595","post","type-post","status-publish","format-standard","has-post-thumbnail","hentry","category-primo-piano","tag-brics","tag-colonialismo","tag-gaza","tag-guerra-ucraina","tag-riarmo-europeo","tag-unione-europea"],"yoast_head":"<!-- This site is optimized with the Yoast SEO plugin v25.1 - https:\/\/yoast.com\/wordpress\/plugins\/seo\/ -->\n<title>Da Gaza a Gaza passando dall\u2019Ucraina a dorso d&#039;asino - La Citt\u00e0 invisibile | perUnaltracitt\u00e0 | Firenze<\/title>\n<meta name=\"robots\" content=\"index, follow, max-snippet:-1, max-image-preview:large, max-video-preview:-1\" \/>\n<link rel=\"canonical\" href=\"https:\/\/www.perunaltracitta.org\/homepage\/2025\/12\/16\/da-gaza-a-gaza-passando-dallucraina-a-dorso-d-asino\/\" \/>\n<meta property=\"og:locale\" content=\"it_IT\" \/>\n<meta property=\"og:type\" content=\"article\" \/>\n<meta property=\"og:title\" content=\"Da Gaza a Gaza passando dall\u2019Ucraina a dorso d&#039;asino - La Citt\u00e0 invisibile | perUnaltracitt\u00e0 | Firenze\" \/>\n<meta property=\"og:description\" content=\"&nbsp; Siamo inondati di immagini del disastro che si sta consumando a Gaza da quasi ottanta anni, ma che si \u00e8 fortemente intensificato da quel 7 ottobre, diventato a sua volta giustificazione di quella inqualificabile cosa che sta accadendo nella Striscia; difficile trovare qualcosa di peggio nel mondo contemporaneo. Nel fiume di foto e filmati, &hellip; Da Gaza a Gaza passando dall\u2019Ucraina a dorso d&#8217;asino Leggi altro &raquo;\" \/>\n<meta property=\"og:url\" content=\"https:\/\/www.perunaltracitta.org\/homepage\/2025\/12\/16\/da-gaza-a-gaza-passando-dallucraina-a-dorso-d-asino\/\" \/>\n<meta property=\"og:site_name\" content=\"La Citt\u00e0 invisibile | perUnaltracitt\u00e0 | Firenze\" \/>\n<meta property=\"article:publisher\" content=\"https:\/\/www.facebook.com\/perunaltracitta\" \/>\n<meta property=\"article:published_time\" content=\"2025-12-16T10:59:16+00:00\" \/>\n<meta property=\"article:modified_time\" content=\"2025-12-17T10:47:29+00:00\" \/>\n<meta property=\"og:image\" content=\"https:\/\/www.perunaltracitta.org\/wp-content\/uploads\/2025\/12\/asino-gaza.jpg\" \/>\n\t<meta property=\"og:image:width\" content=\"1536\" \/>\n\t<meta property=\"og:image:height\" content=\"1048\" \/>\n\t<meta property=\"og:image:type\" content=\"image\/jpeg\" \/>\n<meta name=\"author\" content=\"Tiziano Cardosi\" \/>\n<meta name=\"twitter:card\" content=\"summary_large_image\" \/>\n<meta name=\"twitter:creator\" content=\"@perunaltracitta\" \/>\n<meta name=\"twitter:site\" content=\"@perunaltracitta\" \/>\n<meta name=\"twitter:label1\" content=\"Scritto da\" \/>\n\t<meta name=\"twitter:data1\" content=\"Tiziano Cardosi\" \/>\n\t<meta name=\"twitter:label2\" content=\"Tempo di lettura stimato\" \/>\n\t<meta name=\"twitter:data2\" content=\"10 minuti\" \/>\n<script type=\"application\/ld+json\" class=\"yoast-schema-graph\">{\"@context\":\"https:\/\/schema.org\",\"@graph\":[{\"@type\":\"Article\",\"@id\":\"https:\/\/www.perunaltracitta.org\/homepage\/2025\/12\/16\/da-gaza-a-gaza-passando-dallucraina-a-dorso-d-asino\/#article\",\"isPartOf\":{\"@id\":\"https:\/\/www.perunaltracitta.org\/homepage\/2025\/12\/16\/da-gaza-a-gaza-passando-dallucraina-a-dorso-d-asino\/\"},\"author\":{\"name\":\"Tiziano Cardosi\",\"@id\":\"https:\/\/www.perunaltracitta.org\/homepage\/#\/schema\/person\/2fccefab4c7ebd146893c891afaf1572\"},\"headline\":\"Da Gaza a Gaza passando dall\u2019Ucraina a dorso d&#8217;asino\",\"datePublished\":\"2025-12-16T10:59:16+00:00\",\"dateModified\":\"2025-12-17T10:47:29+00:00\",\"mainEntityOfPage\":{\"@id\":\"https:\/\/www.perunaltracitta.org\/homepage\/2025\/12\/16\/da-gaza-a-gaza-passando-dallucraina-a-dorso-d-asino\/\"},\"wordCount\":1720,\"commentCount\":0,\"publisher\":{\"@id\":\"https:\/\/www.perunaltracitta.org\/homepage\/#organization\"},\"image\":{\"@id\":\"https:\/\/www.perunaltracitta.org\/homepage\/2025\/12\/16\/da-gaza-a-gaza-passando-dallucraina-a-dorso-d-asino\/#primaryimage\"},\"thumbnailUrl\":\"https:\/\/www.perunaltracitta.org\/wp-content\/uploads\/2025\/12\/asino-gaza.jpg\",\"keywords\":[\"BRICS\",\"colonialismo\",\"Gaza\",\"guerra Ucraina\",\"riarmo europeo\",\"unione europea\"],\"articleSection\":[\"In evidenza\"],\"inLanguage\":\"it-IT\",\"potentialAction\":[{\"@type\":\"CommentAction\",\"name\":\"Comment\",\"target\":[\"https:\/\/www.perunaltracitta.org\/homepage\/2025\/12\/16\/da-gaza-a-gaza-passando-dallucraina-a-dorso-d-asino\/#respond\"]}]},{\"@type\":\"WebPage\",\"@id\":\"https:\/\/www.perunaltracitta.org\/homepage\/2025\/12\/16\/da-gaza-a-gaza-passando-dallucraina-a-dorso-d-asino\/\",\"url\":\"https:\/\/www.perunaltracitta.org\/homepage\/2025\/12\/16\/da-gaza-a-gaza-passando-dallucraina-a-dorso-d-asino\/\",\"name\":\"Da Gaza a Gaza passando dall\u2019Ucraina a dorso d'asino - La Citt\u00e0 invisibile | perUnaltracitt\u00e0 | Firenze\",\"isPartOf\":{\"@id\":\"https:\/\/www.perunaltracitta.org\/homepage\/#website\"},\"primaryImageOfPage\":{\"@id\":\"https:\/\/www.perunaltracitta.org\/homepage\/2025\/12\/16\/da-gaza-a-gaza-passando-dallucraina-a-dorso-d-asino\/#primaryimage\"},\"image\":{\"@id\":\"https:\/\/www.perunaltracitta.org\/homepage\/2025\/12\/16\/da-gaza-a-gaza-passando-dallucraina-a-dorso-d-asino\/#primaryimage\"},\"thumbnailUrl\":\"https:\/\/www.perunaltracitta.org\/wp-content\/uploads\/2025\/12\/asino-gaza.jpg\",\"datePublished\":\"2025-12-16T10:59:16+00:00\",\"dateModified\":\"2025-12-17T10:47:29+00:00\",\"breadcrumb\":{\"@id\":\"https:\/\/www.perunaltracitta.org\/homepage\/2025\/12\/16\/da-gaza-a-gaza-passando-dallucraina-a-dorso-d-asino\/#breadcrumb\"},\"inLanguage\":\"it-IT\",\"potentialAction\":[{\"@type\":\"ReadAction\",\"target\":[\"https:\/\/www.perunaltracitta.org\/homepage\/2025\/12\/16\/da-gaza-a-gaza-passando-dallucraina-a-dorso-d-asino\/\"]}]},{\"@type\":\"ImageObject\",\"inLanguage\":\"it-IT\",\"@id\":\"https:\/\/www.perunaltracitta.org\/homepage\/2025\/12\/16\/da-gaza-a-gaza-passando-dallucraina-a-dorso-d-asino\/#primaryimage\",\"url\":\"https:\/\/www.perunaltracitta.org\/wp-content\/uploads\/2025\/12\/asino-gaza.jpg\",\"contentUrl\":\"https:\/\/www.perunaltracitta.org\/wp-content\/uploads\/2025\/12\/asino-gaza.jpg\",\"width\":1536,\"height\":1048},{\"@type\":\"BreadcrumbList\",\"@id\":\"https:\/\/www.perunaltracitta.org\/homepage\/2025\/12\/16\/da-gaza-a-gaza-passando-dallucraina-a-dorso-d-asino\/#breadcrumb\",\"itemListElement\":[{\"@type\":\"ListItem\",\"position\":1,\"name\":\"Home\",\"item\":\"https:\/\/www.perunaltracitta.org\/homepage\/\"},{\"@type\":\"ListItem\",\"position\":2,\"name\":\"Da Gaza a Gaza passando dall\u2019Ucraina a dorso d&#8217;asino\"}]},{\"@type\":\"WebSite\",\"@id\":\"https:\/\/www.perunaltracitta.org\/homepage\/#website\",\"url\":\"https:\/\/www.perunaltracitta.org\/homepage\/\",\"name\":\"La Citt\u00e0 invisibile | perUnaltracitt\u00e0 | Firenze\",\"description\":\"Voci oltre il pensiero unico\",\"publisher\":{\"@id\":\"https:\/\/www.perunaltracitta.org\/homepage\/#organization\"},\"potentialAction\":[{\"@type\":\"SearchAction\",\"target\":{\"@type\":\"EntryPoint\",\"urlTemplate\":\"https:\/\/www.perunaltracitta.org\/homepage\/?s={search_term_string}\"},\"query-input\":{\"@type\":\"PropertyValueSpecification\",\"valueRequired\":true,\"valueName\":\"search_term_string\"}}],\"inLanguage\":\"it-IT\"},{\"@type\":\"Organization\",\"@id\":\"https:\/\/www.perunaltracitta.org\/homepage\/#organization\",\"name\":\"perUnaltracitt\u00e0 - laboratorio politico Firenze\",\"url\":\"https:\/\/www.perunaltracitta.org\/homepage\/\",\"logo\":{\"@type\":\"ImageObject\",\"inLanguage\":\"it-IT\",\"@id\":\"https:\/\/www.perunaltracitta.org\/homepage\/#\/schema\/logo\/image\/\",\"url\":\"https:\/\/www.perunaltracitta.org\/wp-content\/uploads\/2025\/11\/Original-on-Transparent-Copia-af-1.png\",\"contentUrl\":\"https:\/\/www.perunaltracitta.org\/wp-content\/uploads\/2025\/11\/Original-on-Transparent-Copia-af-1.png\",\"width\":600,\"height\":153,\"caption\":\"perUnaltracitt\u00e0 - laboratorio politico Firenze\"},\"image\":{\"@id\":\"https:\/\/www.perunaltracitta.org\/homepage\/#\/schema\/logo\/image\/\"},\"sameAs\":[\"https:\/\/www.facebook.com\/perunaltracitta\",\"https:\/\/x.com\/perunaltracitta\"]},{\"@type\":\"Person\",\"@id\":\"https:\/\/www.perunaltracitta.org\/homepage\/#\/schema\/person\/2fccefab4c7ebd146893c891afaf1572\",\"name\":\"Tiziano Cardosi\",\"image\":{\"@type\":\"ImageObject\",\"inLanguage\":\"it-IT\",\"@id\":\"https:\/\/www.perunaltracitta.org\/homepage\/#\/schema\/person\/image\/\",\"url\":\"https:\/\/www.perunaltracitta.org\/wp-content\/uploads\/2014\/11\/NO-TUNNEL-96x96.jpg\",\"contentUrl\":\"https:\/\/www.perunaltracitta.org\/wp-content\/uploads\/2014\/11\/NO-TUNNEL-96x96.jpg\",\"caption\":\"Tiziano Cardosi\"},\"description\":\"Obiettore di coscienza negli anni \u201870, attivista contro le guerre, gi\u00e0 capostazione delle FS, oggi si occupa soprattutto di mobilit\u00e0 e del fenomeno delle \u201cgrandi opere inutili\u201d, tra I fondatori del comitato No Tunnel TAV di Firenze. Attivista di perUnaltracitt\u00e0.\",\"url\":\"https:\/\/www.perunaltracitta.org\/homepage\/author\/tizianocardosi\/\"}]}<\/script>\n<!-- \/ Yoast SEO plugin. -->","yoast_head_json":{"title":"Da Gaza a Gaza passando dall\u2019Ucraina a dorso d'asino - La Citt\u00e0 invisibile | perUnaltracitt\u00e0 | Firenze","robots":{"index":"index","follow":"follow","max-snippet":"max-snippet:-1","max-image-preview":"max-image-preview:large","max-video-preview":"max-video-preview:-1"},"canonical":"https:\/\/www.perunaltracitta.org\/homepage\/2025\/12\/16\/da-gaza-a-gaza-passando-dallucraina-a-dorso-d-asino\/","og_locale":"it_IT","og_type":"article","og_title":"Da Gaza a Gaza passando dall\u2019Ucraina a dorso d'asino - La Citt\u00e0 invisibile | perUnaltracitt\u00e0 | Firenze","og_description":"&nbsp; Siamo inondati di immagini del disastro che si sta consumando a Gaza da quasi ottanta anni, ma che si \u00e8 fortemente intensificato da quel 7 ottobre, diventato a sua volta giustificazione di quella inqualificabile cosa che sta accadendo nella Striscia; difficile trovare qualcosa di peggio nel mondo contemporaneo. Nel fiume di foto e filmati, &hellip; Da Gaza a Gaza passando dall\u2019Ucraina a dorso d&#8217;asino Leggi altro &raquo;","og_url":"https:\/\/www.perunaltracitta.org\/homepage\/2025\/12\/16\/da-gaza-a-gaza-passando-dallucraina-a-dorso-d-asino\/","og_site_name":"La Citt\u00e0 invisibile | perUnaltracitt\u00e0 | Firenze","article_publisher":"https:\/\/www.facebook.com\/perunaltracitta","article_published_time":"2025-12-16T10:59:16+00:00","article_modified_time":"2025-12-17T10:47:29+00:00","og_image":[{"width":1536,"height":1048,"url":"https:\/\/www.perunaltracitta.org\/wp-content\/uploads\/2025\/12\/asino-gaza.jpg","type":"image\/jpeg"}],"author":"Tiziano Cardosi","twitter_card":"summary_large_image","twitter_creator":"@perunaltracitta","twitter_site":"@perunaltracitta","twitter_misc":{"Scritto da":"Tiziano Cardosi","Tempo di lettura stimato":"10 minuti"},"schema":{"@context":"https:\/\/schema.org","@graph":[{"@type":"Article","@id":"https:\/\/www.perunaltracitta.org\/homepage\/2025\/12\/16\/da-gaza-a-gaza-passando-dallucraina-a-dorso-d-asino\/#article","isPartOf":{"@id":"https:\/\/www.perunaltracitta.org\/homepage\/2025\/12\/16\/da-gaza-a-gaza-passando-dallucraina-a-dorso-d-asino\/"},"author":{"name":"Tiziano Cardosi","@id":"https:\/\/www.perunaltracitta.org\/homepage\/#\/schema\/person\/2fccefab4c7ebd146893c891afaf1572"},"headline":"Da Gaza a Gaza passando dall\u2019Ucraina a dorso d&#8217;asino","datePublished":"2025-12-16T10:59:16+00:00","dateModified":"2025-12-17T10:47:29+00:00","mainEntityOfPage":{"@id":"https:\/\/www.perunaltracitta.org\/homepage\/2025\/12\/16\/da-gaza-a-gaza-passando-dallucraina-a-dorso-d-asino\/"},"wordCount":1720,"commentCount":0,"publisher":{"@id":"https:\/\/www.perunaltracitta.org\/homepage\/#organization"},"image":{"@id":"https:\/\/www.perunaltracitta.org\/homepage\/2025\/12\/16\/da-gaza-a-gaza-passando-dallucraina-a-dorso-d-asino\/#primaryimage"},"thumbnailUrl":"https:\/\/www.perunaltracitta.org\/wp-content\/uploads\/2025\/12\/asino-gaza.jpg","keywords":["BRICS","colonialismo","Gaza","guerra Ucraina","riarmo europeo","unione europea"],"articleSection":["In evidenza"],"inLanguage":"it-IT","potentialAction":[{"@type":"CommentAction","name":"Comment","target":["https:\/\/www.perunaltracitta.org\/homepage\/2025\/12\/16\/da-gaza-a-gaza-passando-dallucraina-a-dorso-d-asino\/#respond"]}]},{"@type":"WebPage","@id":"https:\/\/www.perunaltracitta.org\/homepage\/2025\/12\/16\/da-gaza-a-gaza-passando-dallucraina-a-dorso-d-asino\/","url":"https:\/\/www.perunaltracitta.org\/homepage\/2025\/12\/16\/da-gaza-a-gaza-passando-dallucraina-a-dorso-d-asino\/","name":"Da Gaza a Gaza passando dall\u2019Ucraina a dorso d'asino - La Citt\u00e0 invisibile | perUnaltracitt\u00e0 | Firenze","isPartOf":{"@id":"https:\/\/www.perunaltracitta.org\/homepage\/#website"},"primaryImageOfPage":{"@id":"https:\/\/www.perunaltracitta.org\/homepage\/2025\/12\/16\/da-gaza-a-gaza-passando-dallucraina-a-dorso-d-asino\/#primaryimage"},"image":{"@id":"https:\/\/www.perunaltracitta.org\/homepage\/2025\/12\/16\/da-gaza-a-gaza-passando-dallucraina-a-dorso-d-asino\/#primaryimage"},"thumbnailUrl":"https:\/\/www.perunaltracitta.org\/wp-content\/uploads\/2025\/12\/asino-gaza.jpg","datePublished":"2025-12-16T10:59:16+00:00","dateModified":"2025-12-17T10:47:29+00:00","breadcrumb":{"@id":"https:\/\/www.perunaltracitta.org\/homepage\/2025\/12\/16\/da-gaza-a-gaza-passando-dallucraina-a-dorso-d-asino\/#breadcrumb"},"inLanguage":"it-IT","potentialAction":[{"@type":"ReadAction","target":["https:\/\/www.perunaltracitta.org\/homepage\/2025\/12\/16\/da-gaza-a-gaza-passando-dallucraina-a-dorso-d-asino\/"]}]},{"@type":"ImageObject","inLanguage":"it-IT","@id":"https:\/\/www.perunaltracitta.org\/homepage\/2025\/12\/16\/da-gaza-a-gaza-passando-dallucraina-a-dorso-d-asino\/#primaryimage","url":"https:\/\/www.perunaltracitta.org\/wp-content\/uploads\/2025\/12\/asino-gaza.jpg","contentUrl":"https:\/\/www.perunaltracitta.org\/wp-content\/uploads\/2025\/12\/asino-gaza.jpg","width":1536,"height":1048},{"@type":"BreadcrumbList","@id":"https:\/\/www.perunaltracitta.org\/homepage\/2025\/12\/16\/da-gaza-a-gaza-passando-dallucraina-a-dorso-d-asino\/#breadcrumb","itemListElement":[{"@type":"ListItem","position":1,"name":"Home","item":"https:\/\/www.perunaltracitta.org\/homepage\/"},{"@type":"ListItem","position":2,"name":"Da Gaza a Gaza passando dall\u2019Ucraina a dorso d&#8217;asino"}]},{"@type":"WebSite","@id":"https:\/\/www.perunaltracitta.org\/homepage\/#website","url":"https:\/\/www.perunaltracitta.org\/homepage\/","name":"La Citt\u00e0 invisibile | perUnaltracitt\u00e0 | Firenze","description":"Voci oltre il pensiero unico","publisher":{"@id":"https:\/\/www.perunaltracitta.org\/homepage\/#organization"},"potentialAction":[{"@type":"SearchAction","target":{"@type":"EntryPoint","urlTemplate":"https:\/\/www.perunaltracitta.org\/homepage\/?s={search_term_string}"},"query-input":{"@type":"PropertyValueSpecification","valueRequired":true,"valueName":"search_term_string"}}],"inLanguage":"it-IT"},{"@type":"Organization","@id":"https:\/\/www.perunaltracitta.org\/homepage\/#organization","name":"perUnaltracitt\u00e0 - laboratorio politico Firenze","url":"https:\/\/www.perunaltracitta.org\/homepage\/","logo":{"@type":"ImageObject","inLanguage":"it-IT","@id":"https:\/\/www.perunaltracitta.org\/homepage\/#\/schema\/logo\/image\/","url":"https:\/\/www.perunaltracitta.org\/wp-content\/uploads\/2025\/11\/Original-on-Transparent-Copia-af-1.png","contentUrl":"https:\/\/www.perunaltracitta.org\/wp-content\/uploads\/2025\/11\/Original-on-Transparent-Copia-af-1.png","width":600,"height":153,"caption":"perUnaltracitt\u00e0 - laboratorio politico Firenze"},"image":{"@id":"https:\/\/www.perunaltracitta.org\/homepage\/#\/schema\/logo\/image\/"},"sameAs":["https:\/\/www.facebook.com\/perunaltracitta","https:\/\/x.com\/perunaltracitta"]},{"@type":"Person","@id":"https:\/\/www.perunaltracitta.org\/homepage\/#\/schema\/person\/2fccefab4c7ebd146893c891afaf1572","name":"Tiziano Cardosi","image":{"@type":"ImageObject","inLanguage":"it-IT","@id":"https:\/\/www.perunaltracitta.org\/homepage\/#\/schema\/person\/image\/","url":"https:\/\/www.perunaltracitta.org\/wp-content\/uploads\/2014\/11\/NO-TUNNEL-96x96.jpg","contentUrl":"https:\/\/www.perunaltracitta.org\/wp-content\/uploads\/2014\/11\/NO-TUNNEL-96x96.jpg","caption":"Tiziano Cardosi"},"description":"Obiettore di coscienza negli anni \u201870, attivista contro le guerre, gi\u00e0 capostazione delle FS, oggi si occupa soprattutto di mobilit\u00e0 e del fenomeno delle \u201cgrandi opere inutili\u201d, tra I fondatori del comitato No Tunnel TAV di Firenze. Attivista di perUnaltracitt\u00e0.","url":"https:\/\/www.perunaltracitta.org\/homepage\/author\/tizianocardosi\/"}]}},"uagb_featured_image_src":{"full":["https:\/\/www.perunaltracitta.org\/wp-content\/uploads\/2025\/12\/asino-gaza.jpg",1536,1048,false],"thumbnail":["https:\/\/www.perunaltracitta.org\/wp-content\/uploads\/2025\/12\/asino-gaza-150x150.jpg",150,150,true],"medium":["https:\/\/www.perunaltracitta.org\/wp-content\/uploads\/2025\/12\/asino-gaza-300x205.jpg",300,205,true],"medium_large":["https:\/\/www.perunaltracitta.org\/wp-content\/uploads\/2025\/12\/asino-gaza-768x524.jpg",768,524,true],"large":["https:\/\/www.perunaltracitta.org\/wp-content\/uploads\/2025\/12\/asino-gaza-1024x699.jpg",1024,699,true],"wysija-newsletters-max":["https:\/\/www.perunaltracitta.org\/wp-content\/uploads\/2025\/12\/asino-gaza-600x409.jpg",600,409,true],"1536x1536":["https:\/\/www.perunaltracitta.org\/wp-content\/uploads\/2025\/12\/asino-gaza.jpg",1536,1048,false],"2048x2048":["https:\/\/www.perunaltracitta.org\/wp-content\/uploads\/2025\/12\/asino-gaza.jpg",1536,1048,false],"mailpoet_newsletter_max":["https:\/\/www.perunaltracitta.org\/wp-content\/uploads\/2025\/12\/asino-gaza-1320x901.jpg",1320,901,true],"yarpp-thumbnail":["https:\/\/www.perunaltracitta.org\/wp-content\/uploads\/2025\/12\/asino-gaza-120x120.jpg",120,120,true]},"uagb_author_info":{"display_name":"Tiziano Cardosi","author_link":"https:\/\/www.perunaltracitta.org\/homepage\/author\/tizianocardosi\/"},"uagb_comment_info":0,"uagb_excerpt":"&nbsp; Siamo inondati di immagini del disastro che si sta consumando a Gaza da quasi ottanta anni, ma che si \u00e8 fortemente intensificato da quel 7 ottobre, diventato a sua volta giustificazione di quella inqualificabile cosa che sta accadendo nella Striscia; difficile trovare qualcosa di peggio nel mondo contemporaneo. Nel fiume di foto e filmati,&hellip;","_links":{"self":[{"href":"https:\/\/www.perunaltracitta.org\/homepage\/wp-json\/wp\/v2\/posts\/100595","targetHints":{"allow":["GET"]}}],"collection":[{"href":"https:\/\/www.perunaltracitta.org\/homepage\/wp-json\/wp\/v2\/posts"}],"about":[{"href":"https:\/\/www.perunaltracitta.org\/homepage\/wp-json\/wp\/v2\/types\/post"}],"author":[{"embeddable":true,"href":"https:\/\/www.perunaltracitta.org\/homepage\/wp-json\/wp\/v2\/users\/33"}],"replies":[{"embeddable":true,"href":"https:\/\/www.perunaltracitta.org\/homepage\/wp-json\/wp\/v2\/comments?post=100595"}],"version-history":[{"count":17,"href":"https:\/\/www.perunaltracitta.org\/homepage\/wp-json\/wp\/v2\/posts\/100595\/revisions"}],"predecessor-version":[{"id":100683,"href":"https:\/\/www.perunaltracitta.org\/homepage\/wp-json\/wp\/v2\/posts\/100595\/revisions\/100683"}],"wp:featuredmedia":[{"embeddable":true,"href":"https:\/\/www.perunaltracitta.org\/homepage\/wp-json\/wp\/v2\/media\/100635"}],"wp:attachment":[{"href":"https:\/\/www.perunaltracitta.org\/homepage\/wp-json\/wp\/v2\/media?parent=100595"}],"wp:term":[{"taxonomy":"category","embeddable":true,"href":"https:\/\/www.perunaltracitta.org\/homepage\/wp-json\/wp\/v2\/categories?post=100595"},{"taxonomy":"post_tag","embeddable":true,"href":"https:\/\/www.perunaltracitta.org\/homepage\/wp-json\/wp\/v2\/tags?post=100595"}],"curies":[{"name":"wp","href":"https:\/\/api.w.org\/{rel}","templated":true}]}}