{"id":100769,"date":"2026-01-06T20:01:48","date_gmt":"2026-01-06T19:01:48","guid":{"rendered":"https:\/\/www.perunaltracitta.org\/homepage\/?p=100769"},"modified":"2026-01-06T20:01:48","modified_gmt":"2026-01-06T19:01:48","slug":"referendum-costituzionale-sulla-giustizia-anche-a-firenze-nasce-il-comitato-per-il-no","status":"publish","type":"post","link":"https:\/\/www.perunaltracitta.org\/homepage\/2026\/01\/06\/referendum-costituzionale-sulla-giustizia-anche-a-firenze-nasce-il-comitato-per-il-no\/","title":{"rendered":"Referendum costituzionale sulla giustizia: a Firenze nasce il Comitato per il NO"},"content":{"rendered":"<p>Diversamente dalla sinistra, la destra ha un progetto politico lucido e perfettamente coerente con le sue radici ideologiche. Si pu\u00f2 riassumere nella famosa frase di Giorgia Meloni \u201cQuesta Nazione va rivoltata come un calzino\u201d (notare \u201cNazione\u201d piuttosto che \u201cPaese\u201d). Per farlo, \u00e8 implicito, va smantellato pezzo per pezzo l\u2019opposto progetto di democrazia sociale \u2013 che la sinistra ha rinunciato da tempo a fare suo \u2013 delineato nella Costituzione scaturita dalla Resistenza; un progetto che la destra non ha mai digerito.<\/p>\n<p>A questo compito di smantellamento, il governo Meloni si sta dedicando con grande impegno. Si tratta di un lavoro gi\u00e0 iniziato con l<b>eggi ordinarie quali il decreto sicurezza<\/b>, ma che non pu\u00f2 andare in porto se non vengono prima infrante le barriere erette dai Costituenti contro il pericolo di un riemergere di derive autoritarie. Le prime barriere da abbattere sono quelle poste dalle democrazie liberali con il principio della separazione dei poteri.<\/p>\n<p>L\u2019attacco \u00e8 gi\u00e0 sferrato con la<b>\u00a0riforma dell\u2019ordinamento giudiziario<\/b>, ingannevolmente chiamata separazione delle carriere. Ingannevolmente, perch\u00e9, dato che di fatto tale separazione esiste gi\u00e0, \u00e8 chiaro che non pu\u00f2 essere quello il vero obiettivo della riforma. Cos\u00ec come \u00e8 chiaro \u2013 anche per \u201cvoci dal sen fuggite\u201d di esponenti della maggioranza \u2013 che l\u2019intento \u00e8 quello di arrivare a porre in primo luogo i pubblici ministeri sotto il controllo del governo, mettendo nel mirino anche i giudici.<\/p>\n<p><img loading=\"lazy\" decoding=\"async\" class=\"alignleft wp-image-100770 \" src=\"https:\/\/www.perunaltracitta.org\/wp-content\/uploads\/2026\/01\/unnamed.jpg\" alt=\"\" width=\"586\" height=\"491\" srcset=\"https:\/\/www.perunaltracitta.org\/wp-content\/uploads\/2026\/01\/unnamed.jpg 940w, https:\/\/www.perunaltracitta.org\/wp-content\/uploads\/2026\/01\/unnamed-300x251.jpg 300w, https:\/\/www.perunaltracitta.org\/wp-content\/uploads\/2026\/01\/unnamed-768x644.jpg 768w, https:\/\/www.perunaltracitta.org\/wp-content\/uploads\/2026\/01\/unnamed-600x503.jpg 600w\" sizes=\"auto, (max-width: 586px) 100vw, 586px\" \/>Questa riforma, che pur indebolirebbe notevolmente la magistratura nel suo complesso, non basterebbe, \u00e8 vero, a conseguire pienamente questo risultato; ma con la rigida separazione della magistratura requirente da quella giudicante sancita con lo sdoppiamento del CSM, ne \u00e8 il necessario presupposto. I passi successivi potranno essere fatti con leggi ordinarie, come \u00e8 avvenuto in tutti i paesi che hanno seguito questa strada.<\/p>\n<p>Che l\u2019intento sia quello, lo indicano del resto proposte di leggi ordinarie gi\u00e0 presentate in Parlamento come quella (DDL. S. 993) che, senza toccare l\u2019art. 112 Cost. che stabilisce l\u2019<b>obbligatoriet\u00e0 dell\u2019azione penale<\/b>, indica quali siano i reati che dovranno essere perseguiti con priorit\u00e0, costringendo quindi i Pm ad applicare le direttive della maggioranza di governo. Cos\u00ec come lo fanno temere anche certe dichiarazioni relative alla polizia giudiziaria, la cui disponibilit\u00e0 potrebbe essere sottratta alla magistratura.<\/p>\n<p>Ma al progetto politico della destra non basta liberarsi della separazione dei poteri cara alle democrazie liberali. Per realizzare l\u2019obiettivo della concentrazione del potere \u00e8 necessario fare piazza pulita anche delle barriere ben pi\u00f9 solide poste dalla democrazia costituzionale, in nome della quale l\u2019art. 1 Cost. afferma che la sovranit\u00e0 appartiene s\u00ec al popolo, che la esercita per\u00f2 nelle forme e con i limiti previsti dalla Costituzione. I Costituenti volevano cos\u00ec difendere la democrazia anche dalle possibili ubriacature del popolo sovrano, provocate con abili campagne mediatiche di propaganda. La fragilit\u00e0 delle barriere poste dalle democrazie liberali era infatti ben chiara ai Costituenti che avevano assistito alla progressiva demolizione dello Statuto Albertino con leggi ordinarie. Introdussero quindi <strong>il principio della rigidit\u00e0 della Costituzione che prevede che le modifiche costituzionali siano approvate con una procedura aggravata che contempla anche la possibilit\u00e0 del referendum senza quorum,<\/strong> come quello che ci aspetta appunto sull\u2019ordinamento giudiziario. Non solo, hanno anche previsto organi di garanzia che si aggiungono alla magistratura a presidio dello Stato di diritto. Ovvero la figura del Presidente della Repubblica come custode della Costituzione e quella del giudice delle leggi impersonato dalla Corte Costituzionale.<\/p>\n<p>La destra quindi, per portare a termine il suo progetto autoritario, deve mettere sotto controllo questi due organi. A questo deve servire quella che Giorgia Meloni ha chiamato \u201cla madre di tutte le riforme\u201d: il\u00a0<b>premierato<\/b>. Sarebbe quello il vero coronamento dell\u2019azione del suo governo, che sancirebbe la definitiva rottamazione della Costituzione del \u201948, democratica e antifascista. Il progetto del premierato ha due pilastri,\u00a0<b>l\u2019elezione diretta del premier\u00a0<\/b>e\u00a0<b>una legge elettorale con premio che assicuri una solida maggioranza alla coalizione vincente che esprime il premier<\/b>. Dopo mesi di silenzio, prima a beneficio dell\u2019autonomia differenziata e ora a beneficio della riforma della giustizia, Il progetto \u00e8 stato di recente rilanciato da Giorgia Meloni. L\u2019obiettivo del premierato consentirebbe alla coalizione vincente, sovra-rappresentata dal premio, di eleggere alla Presidenza della Repubblica un suo esponente, dato che dopo il terzo scrutinio l\u2019elezione pu\u00f2 avvenire con la sola maggioranza assoluta del Parlamento in seduta comune. E, conseguentemente, la maggioranza di governo potrebbe acquisire anche il controllo della Consulta visto che, su quindici giudici, cinque sono eletti dal Parlamento e cinque sono nominati appunto dal Capo dello Stato.<\/p>\n<p>I supremi organi di garanzia e di tutela della democrazia costituzionale sarebbero cos\u00ec asserviti al potere politico. Spazzate via tutte le barriere preposte alla tutela della democrazia, potrebbe proseguire indisturbato l\u2019attacco gi\u00e0 in corso a fondamentali diritti di libert\u00e0 come la libert\u00e0 di espressione, la libert\u00e0 di insegnamento, la libert\u00e0 di stampa, la libert\u00e0 di riunione, con l\u2019obiettivo, gi\u00e0 all\u2019ordine del giorno dell\u2019attuale legge di bilancio, di colpire lo Stato sociale in quanto tale, con l\u2019appiattimento della progressivit\u00e0 del sistema fiscale e con un rinnovato impulso alle privatizzazioni secondo il credo economico neoliberista a cui la destra politicamente illiberale aderisce pienamente. Con buona pace non solo dei principi costituzionali di eguaglianza e di solidariet\u00e0, che la destra peraltro non ha mai considerato suoi, ma anche di quello di libert\u00e0 di cui, paradossalmente, si finge invece paladina.<\/p>\n<p>Ecco il progetto politico della destra. A questo disegno autoritario che vuole rottamare la Costituzione antifascista, le forze di sinistra devono contrapporre il progetto di darle piena attuazione, come non \u00e8 ancora stato fatto. Attuazione e difesa ovviamente, a cominciare dall\u2019imminente\u00a0<b>referendum sull\u2019ordinamento giudiziario.<\/b>\u00a0L\u2019auspicio di chi ha a cuore la democrazia pu\u00f2 solo essere quello di vedere travolto da una valanga di NO questo primo fondamentale pilastro del programma della destra.<\/p>\n<p><b>A Firenze il 13 gennaio nasce il Comitato fiorentino per il NO.\u00a0<\/b>Partecipiamo alle 17.30 all&#8217;assemblea al Circolo Arci di piazza de&#8217; Ciompi.<\/p>\n","protected":false},"excerpt":{"rendered":"<p>Diversamente dalla sinistra, la destra ha un progetto politico lucido e perfettamente coerente con le sue radici ideologiche. Si pu\u00f2 riassumere nella famosa frase di Giorgia Meloni \u201cQuesta Nazione va rivoltata come un calzino\u201d (notare \u201cNazione\u201d piuttosto che \u201cPaese\u201d). Per farlo, \u00e8 implicito, va smantellato pezzo per pezzo l\u2019opposto progetto di democrazia sociale \u2013 che &hellip;<\/p>\n<p class=\"read-more\"> <a class=\"\" href=\"https:\/\/www.perunaltracitta.org\/homepage\/2026\/01\/06\/referendum-costituzionale-sulla-giustizia-anche-a-firenze-nasce-il-comitato-per-il-no\/\"> <span class=\"screen-reader-text\">Referendum costituzionale sulla giustizia: a Firenze nasce il Comitato per il NO<\/span> Leggi altro &raquo;<\/a><\/p>\n","protected":false},"author":585,"featured_media":100800,"comment_status":"open","ping_status":"open","sticky":false,"template":"","format":"standard","meta":{"_uag_custom_page_level_css":"","site-sidebar-layout":"default","site-content-layout":"default","ast-global-header-display":"","ast-main-header-display":"","ast-hfb-above-header-display":"","ast-hfb-below-header-display":"","ast-hfb-mobile-header-display":"","site-post-title":"","ast-breadcrumbs-content":"","ast-featured-img":"","footer-sml-layout":"","theme-transparent-header-meta":"default","adv-header-id-meta":"","stick-header-meta":"","header-above-stick-meta":"","header-main-stick-meta":"","header-below-stick-meta":"","footnotes":""},"categories":[4132],"tags":[5285,256,571],"class_list":["post-100769","post","type-post","status-publish","format-standard","has-post-thumbnail","hentry","category-firenze","tag-costituzione-italiana","tag-diritti","tag-referendum-costituzionale"],"yoast_head":"<!-- This site is optimized with the Yoast SEO plugin v25.1 - https:\/\/yoast.com\/wordpress\/plugins\/seo\/ -->\n<title>Referendum costituzionale sulla giustizia: a Firenze nasce il Comitato per il NO - La Citt\u00e0 invisibile | perUnaltracitt\u00e0 | Firenze<\/title>\n<meta name=\"robots\" content=\"index, follow, max-snippet:-1, max-image-preview:large, max-video-preview:-1\" \/>\n<link rel=\"canonical\" href=\"https:\/\/www.perunaltracitta.org\/homepage\/2026\/01\/06\/referendum-costituzionale-sulla-giustizia-anche-a-firenze-nasce-il-comitato-per-il-no\/\" \/>\n<meta property=\"og:locale\" content=\"it_IT\" \/>\n<meta property=\"og:type\" content=\"article\" \/>\n<meta property=\"og:title\" content=\"Referendum costituzionale sulla giustizia: a Firenze nasce il Comitato per il NO - La Citt\u00e0 invisibile | perUnaltracitt\u00e0 | Firenze\" \/>\n<meta property=\"og:description\" content=\"Diversamente dalla sinistra, la destra ha un progetto politico lucido e perfettamente coerente con le sue radici ideologiche. Si pu\u00f2 riassumere nella famosa frase di Giorgia Meloni \u201cQuesta Nazione va rivoltata come un calzino\u201d (notare \u201cNazione\u201d piuttosto che \u201cPaese\u201d). Per farlo, \u00e8 implicito, va smantellato pezzo per pezzo l\u2019opposto progetto di democrazia sociale \u2013 che &hellip; Referendum costituzionale sulla giustizia: a Firenze nasce il Comitato per il NO Leggi altro &raquo;\" \/>\n<meta property=\"og:url\" content=\"https:\/\/www.perunaltracitta.org\/homepage\/2026\/01\/06\/referendum-costituzionale-sulla-giustizia-anche-a-firenze-nasce-il-comitato-per-il-no\/\" \/>\n<meta property=\"og:site_name\" content=\"La Citt\u00e0 invisibile | perUnaltracitt\u00e0 | Firenze\" \/>\n<meta property=\"article:publisher\" content=\"https:\/\/www.facebook.com\/perunaltracitta\" \/>\n<meta property=\"article:published_time\" content=\"2026-01-06T19:01:48+00:00\" \/>\n<meta property=\"og:image\" content=\"https:\/\/www.perunaltracitta.org\/wp-content\/uploads\/2026\/01\/Referendum.jpg\" \/>\n\t<meta property=\"og:image:width\" content=\"940\" \/>\n\t<meta property=\"og:image:height\" content=\"788\" \/>\n\t<meta property=\"og:image:type\" content=\"image\/jpeg\" \/>\n<meta name=\"author\" content=\"Augusto Cacopardo\" \/>\n<meta name=\"twitter:card\" content=\"summary_large_image\" \/>\n<meta name=\"twitter:creator\" content=\"@perunaltracitta\" \/>\n<meta name=\"twitter:site\" content=\"@perunaltracitta\" \/>\n<meta name=\"twitter:label1\" content=\"Scritto da\" \/>\n\t<meta name=\"twitter:data1\" content=\"Augusto Cacopardo\" \/>\n\t<meta name=\"twitter:label2\" content=\"Tempo di lettura stimato\" \/>\n\t<meta name=\"twitter:data2\" content=\"6 minuti\" \/>\n<script type=\"application\/ld+json\" class=\"yoast-schema-graph\">{\"@context\":\"https:\/\/schema.org\",\"@graph\":[{\"@type\":\"Article\",\"@id\":\"https:\/\/www.perunaltracitta.org\/homepage\/2026\/01\/06\/referendum-costituzionale-sulla-giustizia-anche-a-firenze-nasce-il-comitato-per-il-no\/#article\",\"isPartOf\":{\"@id\":\"https:\/\/www.perunaltracitta.org\/homepage\/2026\/01\/06\/referendum-costituzionale-sulla-giustizia-anche-a-firenze-nasce-il-comitato-per-il-no\/\"},\"author\":{\"name\":\"Augusto Cacopardo\",\"@id\":\"https:\/\/www.perunaltracitta.org\/homepage\/#\/schema\/person\/19b3f77a4404f62205457d73319e24a6\"},\"headline\":\"Referendum costituzionale sulla giustizia: a Firenze nasce il Comitato per il NO\",\"datePublished\":\"2026-01-06T19:01:48+00:00\",\"mainEntityOfPage\":{\"@id\":\"https:\/\/www.perunaltracitta.org\/homepage\/2026\/01\/06\/referendum-costituzionale-sulla-giustizia-anche-a-firenze-nasce-il-comitato-per-il-no\/\"},\"wordCount\":987,\"commentCount\":2,\"publisher\":{\"@id\":\"https:\/\/www.perunaltracitta.org\/homepage\/#organization\"},\"image\":{\"@id\":\"https:\/\/www.perunaltracitta.org\/homepage\/2026\/01\/06\/referendum-costituzionale-sulla-giustizia-anche-a-firenze-nasce-il-comitato-per-il-no\/#primaryimage\"},\"thumbnailUrl\":\"https:\/\/www.perunaltracitta.org\/wp-content\/uploads\/2026\/01\/Referendum.jpg\",\"keywords\":[\"Costituzione italiana\",\"diritti\",\"Referendum Costituzionale\"],\"articleSection\":[\"Firenze e dintorni\"],\"inLanguage\":\"it-IT\",\"potentialAction\":[{\"@type\":\"CommentAction\",\"name\":\"Comment\",\"target\":[\"https:\/\/www.perunaltracitta.org\/homepage\/2026\/01\/06\/referendum-costituzionale-sulla-giustizia-anche-a-firenze-nasce-il-comitato-per-il-no\/#respond\"]}]},{\"@type\":\"WebPage\",\"@id\":\"https:\/\/www.perunaltracitta.org\/homepage\/2026\/01\/06\/referendum-costituzionale-sulla-giustizia-anche-a-firenze-nasce-il-comitato-per-il-no\/\",\"url\":\"https:\/\/www.perunaltracitta.org\/homepage\/2026\/01\/06\/referendum-costituzionale-sulla-giustizia-anche-a-firenze-nasce-il-comitato-per-il-no\/\",\"name\":\"Referendum costituzionale sulla giustizia: a Firenze nasce il Comitato per il NO - La Citt\u00e0 invisibile | perUnaltracitt\u00e0 | Firenze\",\"isPartOf\":{\"@id\":\"https:\/\/www.perunaltracitta.org\/homepage\/#website\"},\"primaryImageOfPage\":{\"@id\":\"https:\/\/www.perunaltracitta.org\/homepage\/2026\/01\/06\/referendum-costituzionale-sulla-giustizia-anche-a-firenze-nasce-il-comitato-per-il-no\/#primaryimage\"},\"image\":{\"@id\":\"https:\/\/www.perunaltracitta.org\/homepage\/2026\/01\/06\/referendum-costituzionale-sulla-giustizia-anche-a-firenze-nasce-il-comitato-per-il-no\/#primaryimage\"},\"thumbnailUrl\":\"https:\/\/www.perunaltracitta.org\/wp-content\/uploads\/2026\/01\/Referendum.jpg\",\"datePublished\":\"2026-01-06T19:01:48+00:00\",\"breadcrumb\":{\"@id\":\"https:\/\/www.perunaltracitta.org\/homepage\/2026\/01\/06\/referendum-costituzionale-sulla-giustizia-anche-a-firenze-nasce-il-comitato-per-il-no\/#breadcrumb\"},\"inLanguage\":\"it-IT\",\"potentialAction\":[{\"@type\":\"ReadAction\",\"target\":[\"https:\/\/www.perunaltracitta.org\/homepage\/2026\/01\/06\/referendum-costituzionale-sulla-giustizia-anche-a-firenze-nasce-il-comitato-per-il-no\/\"]}]},{\"@type\":\"ImageObject\",\"inLanguage\":\"it-IT\",\"@id\":\"https:\/\/www.perunaltracitta.org\/homepage\/2026\/01\/06\/referendum-costituzionale-sulla-giustizia-anche-a-firenze-nasce-il-comitato-per-il-no\/#primaryimage\",\"url\":\"https:\/\/www.perunaltracitta.org\/wp-content\/uploads\/2026\/01\/Referendum.jpg\",\"contentUrl\":\"https:\/\/www.perunaltracitta.org\/wp-content\/uploads\/2026\/01\/Referendum.jpg\",\"width\":940,\"height\":788},{\"@type\":\"BreadcrumbList\",\"@id\":\"https:\/\/www.perunaltracitta.org\/homepage\/2026\/01\/06\/referendum-costituzionale-sulla-giustizia-anche-a-firenze-nasce-il-comitato-per-il-no\/#breadcrumb\",\"itemListElement\":[{\"@type\":\"ListItem\",\"position\":1,\"name\":\"Home\",\"item\":\"https:\/\/www.perunaltracitta.org\/homepage\/\"},{\"@type\":\"ListItem\",\"position\":2,\"name\":\"Referendum costituzionale sulla giustizia: a Firenze nasce il Comitato per il NO\"}]},{\"@type\":\"WebSite\",\"@id\":\"https:\/\/www.perunaltracitta.org\/homepage\/#website\",\"url\":\"https:\/\/www.perunaltracitta.org\/homepage\/\",\"name\":\"La Citt\u00e0 invisibile | perUnaltracitt\u00e0 | Firenze\",\"description\":\"Voci oltre il pensiero unico\",\"publisher\":{\"@id\":\"https:\/\/www.perunaltracitta.org\/homepage\/#organization\"},\"potentialAction\":[{\"@type\":\"SearchAction\",\"target\":{\"@type\":\"EntryPoint\",\"urlTemplate\":\"https:\/\/www.perunaltracitta.org\/homepage\/?s={search_term_string}\"},\"query-input\":{\"@type\":\"PropertyValueSpecification\",\"valueRequired\":true,\"valueName\":\"search_term_string\"}}],\"inLanguage\":\"it-IT\"},{\"@type\":\"Organization\",\"@id\":\"https:\/\/www.perunaltracitta.org\/homepage\/#organization\",\"name\":\"perUnaltracitt\u00e0 - laboratorio politico Firenze\",\"url\":\"https:\/\/www.perunaltracitta.org\/homepage\/\",\"logo\":{\"@type\":\"ImageObject\",\"inLanguage\":\"it-IT\",\"@id\":\"https:\/\/www.perunaltracitta.org\/homepage\/#\/schema\/logo\/image\/\",\"url\":\"https:\/\/www.perunaltracitta.org\/wp-content\/uploads\/2025\/11\/Original-on-Transparent-Copia-af-1.png\",\"contentUrl\":\"https:\/\/www.perunaltracitta.org\/wp-content\/uploads\/2025\/11\/Original-on-Transparent-Copia-af-1.png\",\"width\":600,\"height\":153,\"caption\":\"perUnaltracitt\u00e0 - laboratorio politico Firenze\"},\"image\":{\"@id\":\"https:\/\/www.perunaltracitta.org\/homepage\/#\/schema\/logo\/image\/\"},\"sameAs\":[\"https:\/\/www.facebook.com\/perunaltracitta\",\"https:\/\/x.com\/perunaltracitta\"]},{\"@type\":\"Person\",\"@id\":\"https:\/\/www.perunaltracitta.org\/homepage\/#\/schema\/person\/19b3f77a4404f62205457d73319e24a6\",\"name\":\"Augusto Cacopardo\",\"image\":{\"@type\":\"ImageObject\",\"inLanguage\":\"it-IT\",\"@id\":\"https:\/\/www.perunaltracitta.org\/homepage\/#\/schema\/person\/image\/\",\"url\":\"https:\/\/www.perunaltracitta.org\/wp-content\/uploads\/2026\/01\/PHOTO-Augusto-2026-01-06-18-51-47-120x120.jpg\",\"contentUrl\":\"https:\/\/www.perunaltracitta.org\/wp-content\/uploads\/2026\/01\/PHOTO-Augusto-2026-01-06-18-51-47-120x120.jpg\",\"caption\":\"Augusto Cacopardo\"},\"description\":\"Augusto Cacopardo ha insegnato Diritto ed Economia nelle scuole superiori. Ha condotto ricerche etnografiche nel Pakistan settentrionale. Attualmente \u00e8 docente a contratto di Ricerca etnografica e Antropologia della violenza nell'Universit\u00e0 di Firenze. E' attivo dagli anni .80 nei movimenti per la pace e per la difesa della Costituzione.\",\"url\":\"https:\/\/www.perunaltracitta.org\/homepage\/author\/augusto-cacopardo\/\"}]}<\/script>\n<!-- \/ Yoast SEO plugin. -->","yoast_head_json":{"title":"Referendum costituzionale sulla giustizia: a Firenze nasce il Comitato per il NO - La Citt\u00e0 invisibile | perUnaltracitt\u00e0 | Firenze","robots":{"index":"index","follow":"follow","max-snippet":"max-snippet:-1","max-image-preview":"max-image-preview:large","max-video-preview":"max-video-preview:-1"},"canonical":"https:\/\/www.perunaltracitta.org\/homepage\/2026\/01\/06\/referendum-costituzionale-sulla-giustizia-anche-a-firenze-nasce-il-comitato-per-il-no\/","og_locale":"it_IT","og_type":"article","og_title":"Referendum costituzionale sulla giustizia: a Firenze nasce il Comitato per il NO - La Citt\u00e0 invisibile | perUnaltracitt\u00e0 | Firenze","og_description":"Diversamente dalla sinistra, la destra ha un progetto politico lucido e perfettamente coerente con le sue radici ideologiche. Si pu\u00f2 riassumere nella famosa frase di Giorgia Meloni \u201cQuesta Nazione va rivoltata come un calzino\u201d (notare \u201cNazione\u201d piuttosto che \u201cPaese\u201d). Per farlo, \u00e8 implicito, va smantellato pezzo per pezzo l\u2019opposto progetto di democrazia sociale \u2013 che &hellip; Referendum costituzionale sulla giustizia: a Firenze nasce il Comitato per il NO Leggi altro &raquo;","og_url":"https:\/\/www.perunaltracitta.org\/homepage\/2026\/01\/06\/referendum-costituzionale-sulla-giustizia-anche-a-firenze-nasce-il-comitato-per-il-no\/","og_site_name":"La Citt\u00e0 invisibile | perUnaltracitt\u00e0 | Firenze","article_publisher":"https:\/\/www.facebook.com\/perunaltracitta","article_published_time":"2026-01-06T19:01:48+00:00","og_image":[{"width":940,"height":788,"url":"https:\/\/www.perunaltracitta.org\/wp-content\/uploads\/2026\/01\/Referendum.jpg","type":"image\/jpeg"}],"author":"Augusto Cacopardo","twitter_card":"summary_large_image","twitter_creator":"@perunaltracitta","twitter_site":"@perunaltracitta","twitter_misc":{"Scritto da":"Augusto Cacopardo","Tempo di lettura stimato":"6 minuti"},"schema":{"@context":"https:\/\/schema.org","@graph":[{"@type":"Article","@id":"https:\/\/www.perunaltracitta.org\/homepage\/2026\/01\/06\/referendum-costituzionale-sulla-giustizia-anche-a-firenze-nasce-il-comitato-per-il-no\/#article","isPartOf":{"@id":"https:\/\/www.perunaltracitta.org\/homepage\/2026\/01\/06\/referendum-costituzionale-sulla-giustizia-anche-a-firenze-nasce-il-comitato-per-il-no\/"},"author":{"name":"Augusto Cacopardo","@id":"https:\/\/www.perunaltracitta.org\/homepage\/#\/schema\/person\/19b3f77a4404f62205457d73319e24a6"},"headline":"Referendum costituzionale sulla giustizia: a Firenze nasce il Comitato per il NO","datePublished":"2026-01-06T19:01:48+00:00","mainEntityOfPage":{"@id":"https:\/\/www.perunaltracitta.org\/homepage\/2026\/01\/06\/referendum-costituzionale-sulla-giustizia-anche-a-firenze-nasce-il-comitato-per-il-no\/"},"wordCount":987,"commentCount":2,"publisher":{"@id":"https:\/\/www.perunaltracitta.org\/homepage\/#organization"},"image":{"@id":"https:\/\/www.perunaltracitta.org\/homepage\/2026\/01\/06\/referendum-costituzionale-sulla-giustizia-anche-a-firenze-nasce-il-comitato-per-il-no\/#primaryimage"},"thumbnailUrl":"https:\/\/www.perunaltracitta.org\/wp-content\/uploads\/2026\/01\/Referendum.jpg","keywords":["Costituzione italiana","diritti","Referendum Costituzionale"],"articleSection":["Firenze e dintorni"],"inLanguage":"it-IT","potentialAction":[{"@type":"CommentAction","name":"Comment","target":["https:\/\/www.perunaltracitta.org\/homepage\/2026\/01\/06\/referendum-costituzionale-sulla-giustizia-anche-a-firenze-nasce-il-comitato-per-il-no\/#respond"]}]},{"@type":"WebPage","@id":"https:\/\/www.perunaltracitta.org\/homepage\/2026\/01\/06\/referendum-costituzionale-sulla-giustizia-anche-a-firenze-nasce-il-comitato-per-il-no\/","url":"https:\/\/www.perunaltracitta.org\/homepage\/2026\/01\/06\/referendum-costituzionale-sulla-giustizia-anche-a-firenze-nasce-il-comitato-per-il-no\/","name":"Referendum costituzionale sulla giustizia: a Firenze nasce il Comitato per il NO - La Citt\u00e0 invisibile | perUnaltracitt\u00e0 | Firenze","isPartOf":{"@id":"https:\/\/www.perunaltracitta.org\/homepage\/#website"},"primaryImageOfPage":{"@id":"https:\/\/www.perunaltracitta.org\/homepage\/2026\/01\/06\/referendum-costituzionale-sulla-giustizia-anche-a-firenze-nasce-il-comitato-per-il-no\/#primaryimage"},"image":{"@id":"https:\/\/www.perunaltracitta.org\/homepage\/2026\/01\/06\/referendum-costituzionale-sulla-giustizia-anche-a-firenze-nasce-il-comitato-per-il-no\/#primaryimage"},"thumbnailUrl":"https:\/\/www.perunaltracitta.org\/wp-content\/uploads\/2026\/01\/Referendum.jpg","datePublished":"2026-01-06T19:01:48+00:00","breadcrumb":{"@id":"https:\/\/www.perunaltracitta.org\/homepage\/2026\/01\/06\/referendum-costituzionale-sulla-giustizia-anche-a-firenze-nasce-il-comitato-per-il-no\/#breadcrumb"},"inLanguage":"it-IT","potentialAction":[{"@type":"ReadAction","target":["https:\/\/www.perunaltracitta.org\/homepage\/2026\/01\/06\/referendum-costituzionale-sulla-giustizia-anche-a-firenze-nasce-il-comitato-per-il-no\/"]}]},{"@type":"ImageObject","inLanguage":"it-IT","@id":"https:\/\/www.perunaltracitta.org\/homepage\/2026\/01\/06\/referendum-costituzionale-sulla-giustizia-anche-a-firenze-nasce-il-comitato-per-il-no\/#primaryimage","url":"https:\/\/www.perunaltracitta.org\/wp-content\/uploads\/2026\/01\/Referendum.jpg","contentUrl":"https:\/\/www.perunaltracitta.org\/wp-content\/uploads\/2026\/01\/Referendum.jpg","width":940,"height":788},{"@type":"BreadcrumbList","@id":"https:\/\/www.perunaltracitta.org\/homepage\/2026\/01\/06\/referendum-costituzionale-sulla-giustizia-anche-a-firenze-nasce-il-comitato-per-il-no\/#breadcrumb","itemListElement":[{"@type":"ListItem","position":1,"name":"Home","item":"https:\/\/www.perunaltracitta.org\/homepage\/"},{"@type":"ListItem","position":2,"name":"Referendum costituzionale sulla giustizia: a Firenze nasce il Comitato per il NO"}]},{"@type":"WebSite","@id":"https:\/\/www.perunaltracitta.org\/homepage\/#website","url":"https:\/\/www.perunaltracitta.org\/homepage\/","name":"La Citt\u00e0 invisibile | perUnaltracitt\u00e0 | Firenze","description":"Voci oltre il pensiero unico","publisher":{"@id":"https:\/\/www.perunaltracitta.org\/homepage\/#organization"},"potentialAction":[{"@type":"SearchAction","target":{"@type":"EntryPoint","urlTemplate":"https:\/\/www.perunaltracitta.org\/homepage\/?s={search_term_string}"},"query-input":{"@type":"PropertyValueSpecification","valueRequired":true,"valueName":"search_term_string"}}],"inLanguage":"it-IT"},{"@type":"Organization","@id":"https:\/\/www.perunaltracitta.org\/homepage\/#organization","name":"perUnaltracitt\u00e0 - laboratorio politico Firenze","url":"https:\/\/www.perunaltracitta.org\/homepage\/","logo":{"@type":"ImageObject","inLanguage":"it-IT","@id":"https:\/\/www.perunaltracitta.org\/homepage\/#\/schema\/logo\/image\/","url":"https:\/\/www.perunaltracitta.org\/wp-content\/uploads\/2025\/11\/Original-on-Transparent-Copia-af-1.png","contentUrl":"https:\/\/www.perunaltracitta.org\/wp-content\/uploads\/2025\/11\/Original-on-Transparent-Copia-af-1.png","width":600,"height":153,"caption":"perUnaltracitt\u00e0 - laboratorio politico Firenze"},"image":{"@id":"https:\/\/www.perunaltracitta.org\/homepage\/#\/schema\/logo\/image\/"},"sameAs":["https:\/\/www.facebook.com\/perunaltracitta","https:\/\/x.com\/perunaltracitta"]},{"@type":"Person","@id":"https:\/\/www.perunaltracitta.org\/homepage\/#\/schema\/person\/19b3f77a4404f62205457d73319e24a6","name":"Augusto Cacopardo","image":{"@type":"ImageObject","inLanguage":"it-IT","@id":"https:\/\/www.perunaltracitta.org\/homepage\/#\/schema\/person\/image\/","url":"https:\/\/www.perunaltracitta.org\/wp-content\/uploads\/2026\/01\/PHOTO-Augusto-2026-01-06-18-51-47-120x120.jpg","contentUrl":"https:\/\/www.perunaltracitta.org\/wp-content\/uploads\/2026\/01\/PHOTO-Augusto-2026-01-06-18-51-47-120x120.jpg","caption":"Augusto Cacopardo"},"description":"Augusto Cacopardo ha insegnato Diritto ed Economia nelle scuole superiori. Ha condotto ricerche etnografiche nel Pakistan settentrionale. Attualmente \u00e8 docente a contratto di Ricerca etnografica e Antropologia della violenza nell'Universit\u00e0 di Firenze. E' attivo dagli anni .80 nei movimenti per la pace e per la difesa della Costituzione.","url":"https:\/\/www.perunaltracitta.org\/homepage\/author\/augusto-cacopardo\/"}]}},"uagb_featured_image_src":{"full":["https:\/\/www.perunaltracitta.org\/wp-content\/uploads\/2026\/01\/Referendum.jpg",940,788,false],"thumbnail":["https:\/\/www.perunaltracitta.org\/wp-content\/uploads\/2026\/01\/Referendum-150x150.jpg",150,150,true],"medium":["https:\/\/www.perunaltracitta.org\/wp-content\/uploads\/2026\/01\/Referendum-300x251.jpg",300,251,true],"medium_large":["https:\/\/www.perunaltracitta.org\/wp-content\/uploads\/2026\/01\/Referendum-768x644.jpg",768,644,true],"large":["https:\/\/www.perunaltracitta.org\/wp-content\/uploads\/2026\/01\/Referendum.jpg",940,788,false],"wysija-newsletters-max":["https:\/\/www.perunaltracitta.org\/wp-content\/uploads\/2026\/01\/Referendum-600x503.jpg",600,503,true],"1536x1536":["https:\/\/www.perunaltracitta.org\/wp-content\/uploads\/2026\/01\/Referendum.jpg",940,788,false],"2048x2048":["https:\/\/www.perunaltracitta.org\/wp-content\/uploads\/2026\/01\/Referendum.jpg",940,788,false],"mailpoet_newsletter_max":["https:\/\/www.perunaltracitta.org\/wp-content\/uploads\/2026\/01\/Referendum.jpg",940,788,false],"yarpp-thumbnail":["https:\/\/www.perunaltracitta.org\/wp-content\/uploads\/2026\/01\/Referendum-120x120.jpg",120,120,true]},"uagb_author_info":{"display_name":"Augusto Cacopardo","author_link":"https:\/\/www.perunaltracitta.org\/homepage\/author\/augusto-cacopardo\/"},"uagb_comment_info":2,"uagb_excerpt":"Diversamente dalla sinistra, la destra ha un progetto politico lucido e perfettamente coerente con le sue radici ideologiche. Si pu\u00f2 riassumere nella famosa frase di Giorgia Meloni \u201cQuesta Nazione va rivoltata come un calzino\u201d (notare \u201cNazione\u201d piuttosto che \u201cPaese\u201d). Per farlo, \u00e8 implicito, va smantellato pezzo per pezzo l\u2019opposto progetto di democrazia sociale \u2013 che&hellip;","_links":{"self":[{"href":"https:\/\/www.perunaltracitta.org\/homepage\/wp-json\/wp\/v2\/posts\/100769","targetHints":{"allow":["GET"]}}],"collection":[{"href":"https:\/\/www.perunaltracitta.org\/homepage\/wp-json\/wp\/v2\/posts"}],"about":[{"href":"https:\/\/www.perunaltracitta.org\/homepage\/wp-json\/wp\/v2\/types\/post"}],"author":[{"embeddable":true,"href":"https:\/\/www.perunaltracitta.org\/homepage\/wp-json\/wp\/v2\/users\/585"}],"replies":[{"embeddable":true,"href":"https:\/\/www.perunaltracitta.org\/homepage\/wp-json\/wp\/v2\/comments?post=100769"}],"version-history":[{"count":4,"href":"https:\/\/www.perunaltracitta.org\/homepage\/wp-json\/wp\/v2\/posts\/100769\/revisions"}],"predecessor-version":[{"id":100833,"href":"https:\/\/www.perunaltracitta.org\/homepage\/wp-json\/wp\/v2\/posts\/100769\/revisions\/100833"}],"wp:featuredmedia":[{"embeddable":true,"href":"https:\/\/www.perunaltracitta.org\/homepage\/wp-json\/wp\/v2\/media\/100800"}],"wp:attachment":[{"href":"https:\/\/www.perunaltracitta.org\/homepage\/wp-json\/wp\/v2\/media?parent=100769"}],"wp:term":[{"taxonomy":"category","embeddable":true,"href":"https:\/\/www.perunaltracitta.org\/homepage\/wp-json\/wp\/v2\/categories?post=100769"},{"taxonomy":"post_tag","embeddable":true,"href":"https:\/\/www.perunaltracitta.org\/homepage\/wp-json\/wp\/v2\/tags?post=100769"}],"curies":[{"name":"wp","href":"https:\/\/api.w.org\/{rel}","templated":true}]}}