{"id":101126,"date":"2026-01-26T09:04:44","date_gmt":"2026-01-26T08:04:44","guid":{"rendered":"https:\/\/www.perunaltracitta.org\/homepage\/?p=101126"},"modified":"2026-02-01T18:08:43","modified_gmt":"2026-02-01T17:08:43","slug":"6-febbraio-2026-prima-storica-mobilitazione-internazionale-dei-portuali-del-mediterraneo-contro-la-guerra","status":"publish","type":"post","link":"https:\/\/www.perunaltracitta.org\/homepage\/2026\/01\/26\/6-febbraio-2026-prima-storica-mobilitazione-internazionale-dei-portuali-del-mediterraneo-contro-la-guerra\/","title":{"rendered":"6 febbraio 2026: prima storica mobilitazione internazionale dei portuali d&#8217;Europa e del Mediterraneo contro la guerra"},"content":{"rendered":"<p lang=\"it-IT\" align=\"JUSTIFY\"><span style=\"color: #000000; font-size: 12pt;\"><span style=\"font-family: Helvetica Neue, serif;\"><span style=\"font-family: Georgia, serif;\"><span lang=\"it-IT\">Dall&#8217;<\/span><\/span><span lang=\"it-IT\"><u><a href=\"https:\/\/areastampa.usb.it\/leggi-notizia\/23-gennaio-genova-i-portuali-non-lavorano-per-la-guerra-assemblea-nazionale-ore-1800-presso-il-cap-via-albertazzi-3-verso-lo-sciopero-internazionale-del-6-febbraio-1846.html\"><span style=\"font-family: Georgia, serif;\">assemblea di venerd\u00ec 23 gennaio<\/span><\/a><\/u><\/span><span style=\"font-family: Georgia, serif;\"><span lang=\"it-IT\"> a Genova, organizzata dal sindacato USB, riparte la lotta dei lavoratori e delle lavoratrici portuali contro la guerra ed il traffico di armi: <\/span><\/span><span lang=\"it-IT\"><u><a href=\"https:\/\/www.usb.it\/leggi-notizia\/da-genova-riparte-la-lotta-nei-porti-del-mediterraneo-contro-le-guerre-almeno-21-scali-in-sciopero-il-6-febbraio-1932-1.html\"><span style=\"font-family: Georgia, serif;\">venerd\u00ec 6 febbraio<\/span><\/a><\/u><\/span> <span style=\"font-family: Georgia, serif;\"><span lang=\"it-IT\"><b>saranno almeno 20 i porti che parteciperanno ad una giornata di mobilitazione internazionale<\/b><\/span><\/span><span style=\"font-family: Georgia, serif;\"><span lang=\"it-IT\">, dall\u2019Oceano Atlantico al Mediterraneo.<br \/>\n<\/span><\/span><\/span><\/span><\/p>\n<p lang=\"it-IT\" align=\"JUSTIFY\"><span style=\"color: #000000; font-size: 12pt;\"><span style=\"font-family: Helvetica Neue, serif;\"><span style=\"font-family: Georgia, serif;\"><span lang=\"it-IT\">La costruzione operativa di questa giornata ha occupato circa un anno di attivit\u00e0 e contatti costanti, e l\u2019impegno definitivo per la sua realizzazione \u00e8 stato sancito il 26 e il 27 settembre 2025 a Genova, durante la due giorni dell\u2019assemblea internazionale che ha dato forma al documento condiviso \u201c<\/span><\/span><span style=\"font-family: Times New Roman, serif;\"><span lang=\"it-IT\"><u><b><a href=\"https:\/\/www.usb.it\/leggi-notizia\/i-portuali-non-lavorano-per-la-guerra-da-genova-si-rilancia-la-lotta-contro-genocidio-in-palestina-e-riarmo-europeo-1720.html\"><span style=\"font-family: Georgia, serif;\">I lavoratori portuali non lavorano per la guerra<\/span><\/a><\/b><\/u><\/span><\/span><span style=\"font-family: Georgia, serif;\"><span lang=\"it-IT\">\u201d.<\/span><\/span><\/span><\/span><\/p>\n<p lang=\"it-IT\" align=\"JUSTIFY\"><span style=\"color: #000000; font-size: 12pt;\"><span style=\"font-family: Helvetica Neue, serif;\"><span style=\"font-family: Georgia, serif;\"><span lang=\"it-IT\"> Individuare una data non \u00e8 stato semplice, considerato che la coordinazione di una mobilitazione tra organizzazioni sindacati portuali di paesi diversi \u00e8 particolarmente complessa. Gli incastri sono resi complicati dalle differenti cornici di regolamentazione (leggasi: leggi di limitazione) degli scioperi delle banchine. E questo \u00e8 il motivo per cui il <\/span><\/span><span style=\"font-family: Georgia, serif;\"><span lang=\"it-IT\"><b>6 febbraio<\/b><\/span><\/span><span style=\"font-family: Georgia, serif;\"><span lang=\"it-IT\"> sar\u00e0 una giornata di <\/span><\/span><span style=\"font-family: Georgia, serif;\"><span lang=\"it-IT\"><i>mobilitazione<\/i><\/span><\/span><span style=\"font-family: Georgia, serif;\"><span lang=\"it-IT\">, piuttosto che di <\/span><\/span><span style=\"font-family: Georgia, serif;\"><span lang=\"it-IT\"><i>sciopero<\/i><\/span><\/span><span style=\"font-family: Georgia, serif;\"><span lang=\"it-IT\"> internazionale dei portuali. Se USB ha potuto proclamare uno <\/span><\/span><span lang=\"it-IT\"><u><a href=\"https:\/\/cgsse.it\/calendario-scioperi\/dettaglio-sciopero\/374812\"><span style=\"font-family: Georgia, serif;\">sciopero di 24h dei porti italiani<\/span><\/a><\/u><\/span><span style=\"font-family: Georgia, serif;\"><span lang=\"it-IT\"> per quel giorno, non tutte le altre organizzazioni sindacali portuali coinvolte hanno avuto tale possibilit\u00e0 nei rispettivi paesi.<br \/>\n<\/span><\/span><\/span><\/span><\/p>\n<p lang=\"it-IT\" align=\"JUSTIFY\"><span style=\"color: #000000; font-size: 12pt;\"><span style=\"font-family: Helvetica Neue, serif;\"><span style=\"font-family: Georgia, serif;\"><span lang=\"it-IT\"><img loading=\"lazy\" decoding=\"async\" class=\"alignleft wp-image-101130 size-full\" src=\"https:\/\/www.perunaltracitta.org\/wp-content\/uploads\/2026\/01\/unnamed.png\" alt=\"\" width=\"542\" height=\"494\" srcset=\"https:\/\/www.perunaltracitta.org\/wp-content\/uploads\/2026\/01\/unnamed.png 542w, https:\/\/www.perunaltracitta.org\/wp-content\/uploads\/2026\/01\/unnamed-300x273.png 300w\" sizes=\"auto, (max-width: 542px) 100vw, 542px\" \/>Sorpassate queste difficolt\u00e0, vista la grande determinazione che ha caratterizzato ogni figura partecipe del processo di coordinamento internazionale dei porti, l\u2019impegno sottoscritto alla fine di settembre a Genova \u00e8 stato mantenuto: <\/span><\/span><span lang=\"it-IT\"><u><a href=\"https:\/\/www.lab.eus\/es\/\"><span style=\"font-family: Georgia, serif;\">LAB Euskal Sindikalismo Eraldatzailea<\/span><\/a><\/u><\/span><span style=\"font-family: Georgia, serif;\"><span lang=\"it-IT\"> (sindacato dei <\/span><\/span><span style=\"font-family: Georgia, serif;\"><span lang=\"it-IT\"><b>Paesi Baschi<\/b><\/span><\/span><span style=\"font-family: Georgia, serif;\"><span lang=\"it-IT\">), l\u2019<\/span><\/span><span lang=\"it-IT\"><u><a href=\"https:\/\/www.facebook.com\/Alilotfiodt\"><span style=\"font-family: Georgia, serif;\">Organisation D\u00e9mocratique du Travail<\/span><\/a><\/u><\/span><span style=\"font-family: Georgia, serif;\"><span lang=\"it-IT\"> (<\/span><\/span><span style=\"font-family: Georgia, serif;\"><span lang=\"it-IT\"><b>Marocco<\/b><\/span><\/span><span style=\"font-family: Georgia, serif;\"><span lang=\"it-IT\">), <\/span><\/span><a href=\"https:\/\/www.facebook.com\/limanissendikasi\/\"><span lang=\"pt-PT\"><u><span style=\"font-family: Georgia, serif;\">Liman-<\/span><\/u><\/span><span lang=\"it-IT\"><u><span style=\"font-family: Georgia, serif;\">\u0130\u015f Sendikas\u0131<\/span><\/u><\/span><\/a><span style=\"font-family: Georgia, serif;\"><span lang=\"it-IT\"> (<\/span><\/span><span style=\"font-family: Georgia, serif;\"><span lang=\"it-IT\"><b>Turchia<\/b><\/span><\/span><span style=\"font-family: Georgia, serif;\"><span lang=\"it-IT\">), \u0395\u039d.\u0395.\u0394.\u0395.\u03a0 &#8211; \u0388\u03bd\u03c9\u03c3\u03b7 \u0395\u03c1\u03b3\u03b1\u03b6\u03bf\u03bc\u03ad\u03bd\u03c9\u03bd \u0394\u03b9\u03b1\u03ba\u03af\u03bd\u03b7\u03c3\u03b7\u03c2 \u0395\u03bc\u03c0\u03bf\u03c1\u03b5\u03c5\u03bc\u03b1\u03c4\u03bf\u03ba\u03b9\u03b2\u03c9\u03c4\u03af\u03c9\u03bd \u03c3\u03c4\u03b9\u03c2 \u03c0\u03c1\u03bf\u03b2\u03bb\u03ae\u03bc\u03b1\u03c4\u03b1 \u03c4\u03bf\u03c5 \u03a0\u03b5\u03b9\u03c1\u03b1\u03b9\u03ac (ossia il sindacato ENEDEP della <\/span><\/span><span style=\"font-family: Georgia, serif;\"><span lang=\"it-IT\"><b>Grecia<\/b><\/span><\/span><span style=\"font-family: Georgia, serif;\"><span lang=\"it-IT\">) e l\u2019<\/span><\/span><span lang=\"it-IT\"><u><a href=\"https:\/\/www.usb.it\/index.html\"><span style=\"font-family: Georgia, serif;\">Unione Sindacale di Base<\/span><\/a><\/u><\/span><span style=\"font-family: Georgia, serif;\"><span lang=\"it-IT\"> (<\/span><\/span><span style=\"font-family: Georgia, serif;\"><span lang=\"it-IT\"><b>Italia<\/b><\/span><\/span><span style=\"font-family: Georgia, serif;\"><span lang=\"it-IT\">) hanno deciso di non attendere oltre e lanciare una prima, storica, data di <\/span><\/span><span lang=\"it-IT\"><u><a href=\"https:\/\/www.wftucentral.org\/call-for-an-international-joint-day-of-action-for-ports\/\"><span style=\"font-family: Georgia, serif;\">mobilitazione internazionale dei porti<\/span><\/a><\/u><\/span><span style=\"font-family: Georgia, serif;\"><span lang=\"it-IT\">.<br \/>\n<\/span><\/span><\/span><\/span><\/p>\n<p lang=\"it-IT\" align=\"JUSTIFY\"><span style=\"color: #000000; font-size: 12pt;\"><span style=\"font-family: Helvetica Neue, serif;\"><span style=\"font-family: Georgia, serif;\"><span lang=\"it-IT\">Il 6 febbraio hanno risposto all\u2019appello le banchine basche di <\/span><\/span><span style=\"font-family: Georgia, serif;\"><span lang=\"it-IT\"><b>Bilbao<\/b><\/span><\/span><span style=\"font-family: Georgia, serif;\"><span lang=\"it-IT\"> e <\/span><\/span><span style=\"font-family: Georgia, serif;\"><span lang=\"it-IT\"><b>Pasaia<\/b><\/span><\/span><span style=\"font-family: Georgia, serif;\"><span lang=\"it-IT\"> per quanto riguarda l\u2019Oceano Atlantico; quelle marocchine di <\/span><\/span><span style=\"font-family: Georgia, serif;\"><span lang=\"it-IT\"><b>Tangeri<\/b><\/span><\/span><span style=\"font-family: Georgia, serif;\"><span lang=\"it-IT\">, <\/span><\/span><span style=\"font-family: Georgia, serif;\"><span lang=\"it-IT\"><b>Casablanca<\/b><\/span><\/span><span style=\"font-family: Georgia, serif;\"><span lang=\"it-IT\"> e <\/span><\/span><span style=\"font-family: Georgia, serif;\"><span lang=\"it-IT\"><b>Safi<\/b><\/span><\/span><span style=\"font-family: Georgia, serif;\"><span lang=\"it-IT\"> per quanto riguarda le coste nordafricane del Mar Mediterraneo; le banchine greche del <\/span><\/span><span style=\"font-family: Georgia, serif;\"><span lang=\"pt-PT\"><b>Pireo<\/b><\/span><\/span><span style=\"font-family: Georgia, serif;\"><span lang=\"it-IT\"> e di <\/span><\/span><span style=\"font-family: Georgia, serif;\"><span lang=\"fr-FR\"><b>Eleusi<\/b><\/span><\/span><span style=\"font-family: Georgia, serif;\"><span lang=\"it-IT\"> per quanto riguarda il Mar Egeo; quelle turche di <\/span><\/span><span style=\"font-family: Georgia, serif;\"><span lang=\"it-IT\"><b>Adalia<\/b><\/span><\/span><span style=\"font-family: Georgia, serif;\"><span lang=\"it-IT\"> e <\/span><\/span><span style=\"font-family: Georgia, serif;\"><span lang=\"it-IT\"><b>Mersina<\/b><\/span><\/span><span style=\"font-family: Georgia, serif;\"><span lang=\"it-IT\"> per quanto riguarda i lidi asiatici del Mediterraneo; le banchine italiane di <\/span><\/span><span style=\"font-family: Georgia, serif;\"><span lang=\"it-IT\"><b>Genova<\/b><\/span><\/span><span style=\"font-family: Georgia, serif;\"><span lang=\"it-IT\">, <\/span><\/span><span style=\"font-family: Georgia, serif;\"><span lang=\"it-IT\"><b>Livorno<\/b><\/span><\/span><span style=\"font-family: Georgia, serif;\"><span lang=\"it-IT\">, <\/span><\/span><span style=\"font-family: Georgia, serif;\"><span lang=\"it-IT\"><b>Trieste<\/b><\/span><\/span><span style=\"font-family: Georgia, serif;\"><span lang=\"it-IT\">, <\/span><\/span><span style=\"font-family: Georgia, serif;\"><span lang=\"it-IT\"><b>Civitavecchia<\/b><\/span><\/span><span style=\"font-family: Georgia, serif;\"><span lang=\"it-IT\">, <\/span><\/span><span style=\"font-family: Georgia, serif;\"><span lang=\"it-IT\"><b>Ancona<\/b><\/span><\/span><span style=\"font-family: Georgia, serif;\"><span lang=\"it-IT\">, <\/span><\/span><span style=\"font-family: Georgia, serif;\"><span lang=\"it-IT\"><b>Ravenna<\/b><\/span><\/span><span style=\"font-family: Georgia, serif;\"><span lang=\"it-IT\">, <\/span><\/span><span style=\"font-family: Georgia, serif;\"><span lang=\"it-IT\"><b>Salerno<\/b><\/span><\/span><span style=\"font-family: Georgia, serif;\"><span lang=\"it-IT\">, <\/span><\/span><span style=\"font-family: Georgia, serif;\"><span lang=\"it-IT\"><b>Bari<\/b><\/span><\/span><span style=\"font-family: Georgia, serif;\"><span lang=\"it-IT\">, <\/span><\/span><span style=\"font-family: Georgia, serif;\"><span lang=\"it-IT\"><b>Crotone<\/b><\/span><\/span><span style=\"font-family: Georgia, serif;\"><span lang=\"it-IT\"> e <\/span><\/span><span style=\"font-family: Georgia, serif;\"><span lang=\"it-IT\"><b>Palermo<\/b><\/span><\/span><span style=\"font-family: Georgia, serif;\"><span lang=\"it-IT\"> per quanto riguarda Mar Tirreno e Mar Ionio. Al netto dei fusi orari, venerd\u00ec 6 febbraio prenderanno simultaneamente forma varie mobilitazioni in questi porti.<br \/>\n(Altri porti \u2014 Marsiglia in Francia, Amburgo in Germania, Anversa in Belgio \u2014 si stanno facendo avanti e stanno cercando di organizzarsi per unirsi alla giornata di lotta internazionale).<\/span><\/span><\/span><\/span><\/p>\n<p lang=\"it-IT\" align=\"JUSTIFY\"><span style=\"color: #000000; font-size: 12pt;\"><span style=\"font-family: Helvetica Neue, serif;\"><span style=\"font-family: Georgia, serif;\"><span lang=\"it-IT\">Ognun\u0259 di noi, per chi sar\u00e0 liber\u0259 da impedimenti, quel giorno dovr\u00e0 raggiungere il porto pi\u00f9 vicino (negli orari che saranno indicati dalle organizzazioni e dai collettivi portuali autonomi) per mostrare solidariet\u00e0 a questa importantissima protesta di portata internazionale. <\/span><\/span><span style=\"font-family: Georgia, serif;\"><span lang=\"it-IT\"><b>Sar\u00e0 importante esserci tutti e tutte<\/b><\/span><\/span><span style=\"font-family: Georgia, serif;\"><span lang=\"it-IT\">. Non tanto per festeggiare un punto di arrivo, piuttosto per celebrare la partenza di una<\/span><\/span><span style=\"font-family: Georgia, serif;\"><span lang=\"it-IT\"><b> nuova stagione di lotta internazionalista contro guerra, riarmo e imperialismo<\/b><\/span><\/span><span style=\"font-family: Georgia, serif;\"><span lang=\"it-IT\">, dopo le mobilitazioni contro il traffico di armi e per la fine del genocidio in Palestina del passato autunno.<br \/>\n<\/span><\/span><\/span><\/span><\/p>\n<p lang=\"it-IT\" align=\"JUSTIFY\"><span style=\"color: #000000; font-size: 12pt;\"><span style=\"font-family: Helvetica Neue, serif;\"><span style=\"font-family: Georgia, serif;\"><span lang=\"it-IT\">Dopo il <\/span><\/span><span style=\"font-family: Georgia, serif;\"><span lang=\"fr-FR\">\u00ab<\/span><\/span><span lang=\"it-IT\"><u><a href=\"https:\/\/www.ilfattoquotidiano.it\/2025\/09\/01\/israele-blocchiamo-tutto-discorso-camallo-porto-genova-sumud-flotilla-video\/8111258\/\"><span style=\"font-family: Georgia, serif;\">blocchiamo tutto<\/span><\/a><\/u><\/span><span style=\"font-family: Georgia, serif;\"><span lang=\"it-IT\">\u00bb lanciato da Riccardo \u2018Ricky\u2019 Rudino del CALP a inizio settembre 2025, molte persone si sono ricordate che <\/span><\/span><span style=\"font-family: Georgia, serif;\"><span lang=\"it-IT\"><b>il lavoro si pu\u00f2 porre come fattore decisivo contro il progetto di militarizzazione generale della societ\u00e0<\/b><\/span><\/span><span style=\"font-family: Georgia, serif;\"><span lang=\"it-IT\">. Ed \u00e8 decisivo i<\/span><\/span><\/span><\/span><span style=\"color: #000000; font-size: 12pt;\"><span style=\"font-family: Helvetica Neue, serif;\"><span style=\"font-family: Georgia, serif;\"><span lang=\"it-IT\">l fatto che in questa stagione ce lo stiano ricordando i portuali.<\/span><\/span><\/span><\/span><\/p>\n<p lang=\"it-IT\" align=\"JUSTIFY\"><span style=\"color: #000000; font-size: 12pt;\"><span style=\"font-family: Helvetica Neue, serif;\"><span style=\"font-family: Georgia, serif;\"><span lang=\"it-IT\">I portuali sono testimoni diretti del fatto che la militarizzazione delle infrastrutture strategiche \u00e8 reale. In Italia lo dimostra il <\/span><\/span><span lang=\"it-IT\"><u><a href=\"https:\/\/www.governo.it\/it\/articolo\/convocazione-del-consiglio-dei-ministri-n-152\/30628\"><span style=\"font-family: Georgia, serif;\">disegno di legge<\/span><\/a><\/u><\/span><span style=\"font-family: Georgia, serif;\"><span lang=\"it-IT\"> approdato il 22 dicembre 2025 in Consiglio dei ministri, firmato dal viceministro alle Infrastrutture Edoardo Rixi (Lega). Questo ddl spinge verso la <\/span><\/span><span lang=\"it-IT\"><u><a href=\"https:\/\/altreconomia.it\/porti-privati-perche-la-riforma-rixi-rafforza-lo-strapotere-delle-compagnie-crocieristiche\/\"><span style=\"font-family: Georgia, serif;\">privatizzazione degli scali marittimi italiani<\/span><\/a><\/u><\/span><span style=\"font-family: Georgia, serif;\"><span lang=\"it-IT\">. Il tentativo \u00e8 affidare la futura gestione dei porti a una nuova autorit\u00e0 portuale che potr\u00e0 operare in regime di mercato e far entrare capitali privati nelle sue quote. Il disegno di legge vuole fondare la societ\u00e0 Porti d\u2019Italia SpA, di capitale pubblico ma di diritto privato, alla quale sarebbe affidato il potere di decidere lo sviluppo, la promozione, la manutenzione e gli investimenti per i porti di rilevanza nazionale e internazionale. Si tratterebbe dunque di istituire un unico ente centralizzato che sostituisca le attuali 16 Autorit\u00e0 di sistema portuale. Questo \u00e8 un esempio pratico di come il riarmo diventi l&#8217;alibi per introdurre ulteriore privatizzazione nei porti.<br \/>\n<\/span><\/span><\/span><\/span><\/p>\n<p lang=\"it-IT\" align=\"JUSTIFY\"><span style=\"color: #000000; font-size: 12pt;\"><span style=\"font-family: Helvetica Neue, serif;\"><span style=\"font-family: Georgia, serif;\"><span lang=\"it-IT\"><img loading=\"lazy\" decoding=\"async\" class=\"wp-image-101131 alignright\" src=\"https:\/\/www.perunaltracitta.org\/wp-content\/uploads\/2026\/01\/unnamed3.jpg\" alt=\"\" width=\"766\" height=\"431\" srcset=\"https:\/\/www.perunaltracitta.org\/wp-content\/uploads\/2026\/01\/unnamed3.jpg 1000w, https:\/\/www.perunaltracitta.org\/wp-content\/uploads\/2026\/01\/unnamed3-300x169.jpg 300w, https:\/\/www.perunaltracitta.org\/wp-content\/uploads\/2026\/01\/unnamed3-768x432.jpg 768w, https:\/\/www.perunaltracitta.org\/wp-content\/uploads\/2026\/01\/unnamed3-600x338.jpg 600w\" sizes=\"auto, (max-width: 766px) 100vw, 766px\" \/>Se questa pare una digressione, ci si sbaglia di grosso. La protesta antimilitarista dei portuali d\u2019Europa e del Mediterraneo del 6 febbraio si lega direttamente alle <\/span><\/span><span style=\"font-family: Georgia, serif;\"><span lang=\"it-IT\"><b>conseguenze negative della riconversione bellica del sistema economico-produttivo in termini di diritti e condizioni lavorative<\/b><\/span><\/span><span style=\"font-family: Georgia, serif;\"><span lang=\"it-IT\">.<br \/>\nA seguito dell\u2019<\/span><\/span><span lang=\"it-IT\"><u><a href=\"https:\/\/www.geopolitica.info\/bilancio-difesa-2026-italia\/\"><span style=\"font-family: Georgia, serif;\">aumento degli investimenti in spese militari<\/span><\/a><\/u><\/span><span style=\"font-family: Georgia, serif;\"><span lang=\"it-IT\"> ufficializzate nell\u2019ultima manovra finanziaria dal governo Meloni, supino ai <\/span><\/span><span lang=\"it-IT\"><u><a href=\"https:\/\/temi.camera.it\/leg19\/temi\/le-spese-per-la-difesa-in-ambito-nato_d_d.html\"><span style=\"font-family: Georgia, serif;\">diktat della NATO<\/span><\/a><\/u><\/span><span style=\"font-family: Georgia, serif;\"><span lang=\"it-IT\">, l\u2019Italia, cos\u00ec come altri paesi europei, sta seguendo i suggerimenti delle linee d\u2019investimento contenute nel <\/span><\/span><span lang=\"it-IT\"><u><a href=\"https:\/\/www.eeas.europa.eu\/eeas\/white-paper-for-european-defence-readiness-2030_en%23104841\"><span style=\"font-family: Georgia, serif;\">White Paper for European Defence-Readiness 2030<\/span><\/a><\/u><\/span><span style=\"font-family: Georgia, serif;\"><span lang=\"it-IT\">, fascicolo presentato a corredo del piano operativo <\/span><\/span><span lang=\"it-IT\"><u><a href=\"https:\/\/www.europarl.europa.eu\/RegData\/etudes\/BRIE\/2025\/769566\/EPRS_BRI(2025)769566_EN.pdf\"><span style=\"font-family: Georgia, serif;\">ReArm Europe<\/span><\/a><\/u><\/span><span style=\"font-family: Georgia, serif;\"><span lang=\"it-IT\"> da 800 miliardi di euro. Il \u201clibro bianco\u201d indica le aree strategiche d\u2019investimento che l\u2019Unione Europea consiglia di seguire affinch\u00e9 si possa effettivamente attuare il <\/span><\/span><span lang=\"it-IT\"><u><a href=\"https:\/\/www.youtube.com\/watch?v=UrRs4PD1zh8\"><span style=\"font-family: Georgia, serif;\">piano di riarmo caro a Ursula von der Leyen<\/span><\/a><\/u><\/span><span style=\"font-family: Georgia, serif;\"><span lang=\"it-IT\">.<br \/>\nUna delle aree strategiche riguarda la <\/span><\/span><span style=\"font-family: Georgia, serif;\"><span lang=\"it-IT\"><b>mobilit\u00e0 militare<\/b><\/span><\/span><span style=\"font-family: Georgia, serif;\"><span lang=\"it-IT\">: \u00e8 consigliato agli stati membri di investire nell\u2019adeguamento e nell\u2019espansione delle reti infrastrutturali multimodali europee (stradali, ferroviarie, aeroportuali e portuali). Ma non \u00e8 tutto. Per far ci\u00f2 si consiglia ai governi europei di rimuovere gli \u201costacoli normativi\u201d relativi a permessi, dogane e autorizzazioni che, allo stato attuale delle cose, secondo la von der Leyen, \u201crallentano\u201d il transito di armi e mezzi armati; quindi in ossequio al riarmo europeo, si semplificheranno (o elimineranno) anche i controlli alla dogana e le richieste di autorizzazione all\u2019export di armi. <\/span><\/span><span style=\"font-family: Georgia, serif;\"><span lang=\"it-IT\"><b>A discapito della sicurezza dei convogli civili che si troveranno a incrociarsi con quelli militari<\/b><\/span><\/span><span style=\"font-family: Georgia, serif;\"><span lang=\"it-IT\">.<br \/>\n<\/span><\/span><\/span><\/span><\/p>\n<p lang=\"it-IT\" align=\"JUSTIFY\"><span style=\"font-size: 12pt;\"><span style=\"color: #000000;\"><span style=\"font-family: Helvetica Neue, serif;\"><span style=\"font-family: Georgia, serif;\"><span lang=\"it-IT\">Da questo punto di vista, la data di mobilitazione internazionale dei portuali del 6 febbraio rappresenta l\u2019inizio di una <strong>nuova stagione di lotta<\/strong> perch\u00e9 il prossimo passaggio\u00a0 dovr\u00e0 coinvolgere anche gli altri settori dei trasporti coinvolti in questa dannata e sanguinosa riconversione. Come ha annunciato Francesco Staccioli (esecutivo nazionale USB) durante l\u2019<\/span><\/span><span lang=\"it-IT\"><u><a href=\"https:\/\/www.youtube.com\/live\/yEboxhdOd7g\"><span style=\"font-family: Georgia, serif;\">assemblea del 23 gennaio a Genova<\/span><\/a><\/u><\/span><span style=\"font-family: Georgia, serif;\"><span lang=\"it-IT\">, il prossimo passo dovr\u00e0 sicuramente <strong>coinvolgere i lavoratori e lavoratrici del sistema ferroviario<\/strong>. Per tre motivi principali: il primo riguarda un fatto euristico \u2014 vista la capacit\u00e0 di mobilitazione e resistenza che stanno mostrando i porti, sar\u00e0 pi\u00f9 conveniente per il sistema di produzione capitalistica di morte muoversi attraverso altri mezzi; il secondo, invece, si riferisce ad un fatto ben preciso, ovvero all\u2019accordo sulla \u201c<\/span><\/span><span lang=\"it-IT\"><u><a href=\"https:\/\/www.rfi.it\/content\/dam\/rfi\/news-e-media\/comunicati-stampa\/accordo-leonardo-rfi\/CS_RFI_Leonardo.pdf\"><span style=\"font-family: Georgia, serif;\">military mobility<\/span><\/a><\/u><\/span><span style=\"font-family: Georgia, serif;\"><span lang=\"it-IT\">\u201d sottoscritto da Leonardo SpA e il Gruppo Ferrovie delle Stato Italiane; infine, il terzo riguarda la strigliata della Corte dei conti europea che\u00a0<\/span><\/span><\/span><\/span><span style=\"color: #000000;\"><span style=\"font-family: Helvetica Neue, serif;\"><span style=\"font-family: Georgia, serif;\"><span lang=\"it-IT\">ha accusato gli stati membri di non fare abbastanza per il <\/span><\/span><span lang=\"it-IT\"><u><a href=\"https:\/\/valori.it\/riarmo-ferrovie-scopi-militari\/\"><span style=\"font-family: Georgia, serif;\">riarmo delle ferrovie<\/span><\/a><\/u><\/span><span style=\"font-family: Georgia, serif;\"><span lang=\"it-IT\">.<br \/>\n<\/span><\/span><\/span><\/span><\/span><\/p>\n<p lang=\"it-IT\" align=\"JUSTIFY\"><span style=\"color: #000000; font-size: 12pt;\"><span style=\"font-family: Helvetica Neue, serif;\"><span style=\"font-family: Georgia, serif;\"><span lang=\"it-IT\">Insomma, in assenza di governi dotati di facolt\u00e0 di giudizio, etica e qualit\u00e0 umane, la capacit\u00e0 dei lavoratori e delle lavoratrici dei trasporti di <\/span><\/span><span style=\"font-family: Georgia, serif;\"><span lang=\"it-IT\"><b>boicottare il transito di armi \u00e8 l\u2019unico elemento che pu\u00f2 rendere la solidariet\u00e0 internazionale concreta<\/b><\/span><\/span><span style=\"font-family: Georgia, serif;\"><span lang=\"it-IT\">. E se non \u00e8 possibile scioperare, viste le limitazioni sul diritto di sciopero nei servizi essenziali (quali sono i trasporti) previste della <a href=\"https:\/\/www.gazzettaufficiale.it\/eli\/id\/1990\/06\/14\/0090G190\/sg\">legge 146\/90<\/a>, allora \u00e8 necessario lottare anche per far riconoscere il <\/span><\/span><span lang=\"it-IT\"><u><a href=\"https:\/\/www.usb.it\/leggi-notizia\/il-lavoro-ripudia-la-guerra-roma-19-giugno-2025-dalle-ore-1530-aula-304-facolta-di-giurisprudenza-universita-la-sapienza-1122.html\"><span style=\"font-family: Georgia, serif;\">diritto all\u2019obiezione di coscienza<\/span><\/a><\/u><\/span><span style=\"font-family: Georgia, serif;\"><span lang=\"it-IT\"> in ogni luogo di lavoro. Dai trasporti, alla ricerca.<br \/>\n<\/span><\/span><\/span><\/span><\/p>\n<p lang=\"it-IT\" align=\"JUSTIFY\"><span style=\"color: #000000; font-size: 12pt;\"><span style=\"font-family: Helvetica Neue, serif;\"><span style=\"font-family: Georgia, serif;\"><span lang=\"it-IT\">In conclusione, fra gli altri interventi che hanno contribuito ad arricchire l\u2019assemblea di venerd\u00ec scorso a Genova, \u00e8 opportuno riportare citare quello di <a href=\"https:\/\/www.usb.it\/leggi-notizia\/usb-con-lavoratori-e-lavoratrici-statunitensi-contro-la-repressione-e-le-esecuzioni-dellice-il-5-e-6-febbraio-iniziative-a-roma-e-milano-con-chris-smalls-sindacalista-dellamazon-labour-union-e-attivista-ice-out-1117.html\">Chris Smalls<\/a>, che ha raccontato &#8220;in diretta&#8221; lo <a href=\"https:\/\/ilmanifesto.it\/minnesota-in-sciopero-generale-contro-loccupazione-violenta\">sciopero generale contro l&#8217;ICE<\/a> che il 23 gennaio stesso ha bloccato Minneapolis e ha annunciato la sua partecipazione il 6 febbraio a Milano per <a href=\"https:\/\/contropiano.org\/eventi\/vance-rubio-e-ice-a-milano-da-minneapolis-a-milano-ice-out\">un presidio contro la presenza dell&#8217;ICE alle Olimpiadi Invernali<\/a> e, subito dopo, a Genova insieme ai camalli del CALP e di USB per il blocco del principale porto ligure. <\/span><\/span><\/span><\/span><\/p>\n<p lang=\"it-IT\" align=\"JUSTIFY\"><span style=\"color: #000000; font-size: 12pt;\"><span style=\"font-family: Helvetica Neue, serif;\"><span style=\"font-family: Georgia, serif;\"><span lang=\"it-IT\">Nelle battute finali dell&#8217;assemblea si \u00e8 registrato anche l&#8217;intervento di <\/span><\/span><span style=\"font-family: Times New Roman, serif;\"><span lang=\"it-IT\"><u><b><a href=\"https:\/\/thousandmadleens.org\/\"><span style=\"font-family: Georgia, serif;\">Thousand Madleens To Gaza<\/span><\/a><\/b><\/u><\/span><\/span><span style=\"font-family: Georgia, serif;\"><span lang=\"it-IT\">. Si tratta del movimento cittadino dal basso che ha salpato il mare ad ottobre insieme alla <\/span><\/span><span lang=\"it-IT\"><u><a href=\"https:\/\/freedomflotilla.org\/it\/home-italiano\/\"><span style=\"font-family: Georgia, serif;\">Freedom Flotilla Coalition<\/span><\/a><\/u><\/span><span style=\"font-family: Georgia, serif;\"><span lang=\"it-IT\">, subito dopo la partenza della <\/span><\/span><span lang=\"it-IT\"><u><a href=\"https:\/\/globalsumudflotilla.org\/\"><span style=\"font-family: Georgia, serif;\">Global Sumud Flotilla<\/span><\/a><\/u><\/span><span style=\"font-family: Georgia, serif;\"><span lang=\"it-IT\">, per tentare di rompere l\u2019assedio illegale d\u2019Israele. Thousand Madleens sta contribuendo alla <\/span><\/span><span style=\"font-family: Georgia, serif;\"><span lang=\"it-IT\"><b>connessione della mobilitazione internazionale dei portuali del 6 febbraio con altre azioni di protesta<\/b><\/span><\/span><span style=\"font-family: Georgia, serif;\"><span lang=\"it-IT\"> (per esempio quella che ci sar\u00e0 in Danimarca contro la pi\u00f9 grande <\/span><\/span><span lang=\"it-IT\"><u><a href=\"https:\/\/www.danskindustri.dk\/medlemsforeninger\/foreningssites\/fos\/arrangementer\/events\/2026\/februar\/DDAC-2026\/\"><span style=\"font-family: Georgia, serif;\">conferenza sul riarmo<\/span><\/a><\/u><\/span><span style=\"font-family: Georgia, serif;\"><span lang=\"it-IT\"> che si sia mai tenuta nel paese), in modo da tale da innescare fin da subito una pi\u00f9 ampia mobilitazione globale capace di sostenere <\/span><\/span><span lang=\"it-IT\"><u><a href=\"https:\/\/www.instagram.com\/reel\/DT73brkDEG6\/?igsh=MWNiMGdqNTc4YTJ4ag==\"><span style=\"font-family: Georgia, serif;\">nuove flottille e nuovi equipaggi<\/span><\/a><\/u><\/span><b> <\/b><span style=\"font-family: Georgia, serif;\"><span lang=\"it-IT\">pronti per<\/span><\/span><span style=\"font-family: Georgia, serif;\"><span lang=\"it-IT\"><b> tornare a navigare verso Gaza alla fine di marzo 2026<\/b><\/span><\/span><span style=\"font-family: Georgia, serif;\"><span lang=\"it-IT\">. <\/span><\/span><\/span><\/span><\/p>\n<p lang=\"it-IT\" align=\"LEFT\">\n","protected":false},"excerpt":{"rendered":"<p>Dall&#8217;assemblea di venerd\u00ec 23 gennaio a Genova, organizzata dal sindacato USB, riparte la lotta dei lavoratori e delle lavoratrici portuali contro la guerra ed il traffico di armi: venerd\u00ec 6 febbraio saranno almeno 20 i porti che parteciperanno ad una giornata di mobilitazione internazionale, dall\u2019Oceano Atlantico al Mediterraneo. La costruzione operativa di questa giornata ha &hellip;<\/p>\n<p class=\"read-more\"> <a class=\"\" href=\"https:\/\/www.perunaltracitta.org\/homepage\/2026\/01\/26\/6-febbraio-2026-prima-storica-mobilitazione-internazionale-dei-portuali-del-mediterraneo-contro-la-guerra\/\"> <span class=\"screen-reader-text\">6 febbraio 2026: prima storica mobilitazione internazionale dei portuali d&#8217;Europa e del Mediterraneo contro la guerra<\/span> Leggi altro &raquo;<\/a><\/p>\n","protected":false},"author":532,"featured_media":101130,"comment_status":"open","ping_status":"open","sticky":false,"template":"","format":"standard","meta":{"_uag_custom_page_level_css":"","site-sidebar-layout":"default","site-content-layout":"default","ast-global-header-display":"","ast-main-header-display":"","ast-hfb-above-header-display":"","ast-hfb-below-header-display":"","ast-hfb-mobile-header-display":"","site-post-title":"","ast-breadcrumbs-content":"","ast-featured-img":"","footer-sml-layout":"","theme-transparent-header-meta":"default","adv-header-id-meta":"","stick-header-meta":"","header-above-stick-meta":"","header-main-stick-meta":"","header-below-stick-meta":"","footnotes":""},"categories":[4130],"tags":[256,387,7180,388,7179,7178,7181],"class_list":["post-101126","post","type-post","status-publish","format-standard","has-post-thumbnail","hentry","category-primo-piano","tag-diritti","tag-guerra","tag-lavoratori-portuali","tag-nato","tag-rearm-europe","tag-riconversione-bellica","tag-spese-militari"],"yoast_head":"<!-- This site is optimized with the Yoast SEO plugin v25.1 - https:\/\/yoast.com\/wordpress\/plugins\/seo\/ -->\n<title>6 febbraio 2026: prima storica mobilitazione internazionale dei portuali d&#039;Europa e del Mediterraneo contro la guerra - La Citt\u00e0 invisibile | perUnaltracitt\u00e0 | Firenze<\/title>\n<meta name=\"robots\" content=\"index, follow, max-snippet:-1, max-image-preview:large, max-video-preview:-1\" \/>\n<link rel=\"canonical\" href=\"https:\/\/www.perunaltracitta.org\/homepage\/2026\/01\/26\/6-febbraio-2026-prima-storica-mobilitazione-internazionale-dei-portuali-del-mediterraneo-contro-la-guerra\/\" \/>\n<meta property=\"og:locale\" content=\"it_IT\" \/>\n<meta property=\"og:type\" content=\"article\" \/>\n<meta property=\"og:title\" content=\"6 febbraio 2026: prima storica mobilitazione internazionale dei portuali d&#039;Europa e del Mediterraneo contro la guerra - La Citt\u00e0 invisibile | perUnaltracitt\u00e0 | Firenze\" \/>\n<meta property=\"og:description\" content=\"Dall&#8217;assemblea di venerd\u00ec 23 gennaio a Genova, organizzata dal sindacato USB, riparte la lotta dei lavoratori e delle lavoratrici portuali contro la guerra ed il traffico di armi: venerd\u00ec 6 febbraio saranno almeno 20 i porti che parteciperanno ad una giornata di mobilitazione internazionale, dall\u2019Oceano Atlantico al Mediterraneo. La costruzione operativa di questa giornata ha &hellip; 6 febbraio 2026: prima storica mobilitazione internazionale dei portuali d&#8217;Europa e del Mediterraneo contro la guerra Leggi altro &raquo;\" \/>\n<meta property=\"og:url\" content=\"https:\/\/www.perunaltracitta.org\/homepage\/2026\/01\/26\/6-febbraio-2026-prima-storica-mobilitazione-internazionale-dei-portuali-del-mediterraneo-contro-la-guerra\/\" \/>\n<meta property=\"og:site_name\" content=\"La Citt\u00e0 invisibile | perUnaltracitt\u00e0 | Firenze\" \/>\n<meta property=\"article:publisher\" content=\"https:\/\/www.facebook.com\/perunaltracitta\" \/>\n<meta property=\"article:published_time\" content=\"2026-01-26T08:04:44+00:00\" \/>\n<meta property=\"article:modified_time\" content=\"2026-02-01T17:08:43+00:00\" \/>\n<meta property=\"og:image\" content=\"https:\/\/www.perunaltracitta.org\/wp-content\/uploads\/2026\/01\/unnamed.png\" \/>\n\t<meta property=\"og:image:width\" content=\"542\" \/>\n\t<meta property=\"og:image:height\" content=\"494\" \/>\n\t<meta property=\"og:image:type\" content=\"image\/png\" \/>\n<meta name=\"author\" content=\"Lorenzo Robin Frosini\" \/>\n<meta name=\"twitter:card\" content=\"summary_large_image\" \/>\n<meta name=\"twitter:creator\" content=\"@perunaltracitta\" \/>\n<meta name=\"twitter:site\" content=\"@perunaltracitta\" \/>\n<meta name=\"twitter:label1\" content=\"Scritto da\" \/>\n\t<meta name=\"twitter:data1\" content=\"Lorenzo Robin Frosini\" \/>\n\t<meta name=\"twitter:label2\" content=\"Tempo di lettura stimato\" \/>\n\t<meta name=\"twitter:data2\" content=\"9 minuti\" \/>\n<script type=\"application\/ld+json\" class=\"yoast-schema-graph\">{\"@context\":\"https:\/\/schema.org\",\"@graph\":[{\"@type\":\"Article\",\"@id\":\"https:\/\/www.perunaltracitta.org\/homepage\/2026\/01\/26\/6-febbraio-2026-prima-storica-mobilitazione-internazionale-dei-portuali-del-mediterraneo-contro-la-guerra\/#article\",\"isPartOf\":{\"@id\":\"https:\/\/www.perunaltracitta.org\/homepage\/2026\/01\/26\/6-febbraio-2026-prima-storica-mobilitazione-internazionale-dei-portuali-del-mediterraneo-contro-la-guerra\/\"},\"author\":{\"name\":\"Lorenzo Robin Frosini\",\"@id\":\"https:\/\/www.perunaltracitta.org\/homepage\/#\/schema\/person\/b8fbbe74f747118ca40849f0dfbc91b2\"},\"headline\":\"6 febbraio 2026: prima storica mobilitazione internazionale dei portuali d&#8217;Europa e del Mediterraneo contro la guerra\",\"datePublished\":\"2026-01-26T08:04:44+00:00\",\"dateModified\":\"2026-02-01T17:08:43+00:00\",\"mainEntityOfPage\":{\"@id\":\"https:\/\/www.perunaltracitta.org\/homepage\/2026\/01\/26\/6-febbraio-2026-prima-storica-mobilitazione-internazionale-dei-portuali-del-mediterraneo-contro-la-guerra\/\"},\"wordCount\":1390,\"commentCount\":0,\"publisher\":{\"@id\":\"https:\/\/www.perunaltracitta.org\/homepage\/#organization\"},\"image\":{\"@id\":\"https:\/\/www.perunaltracitta.org\/homepage\/2026\/01\/26\/6-febbraio-2026-prima-storica-mobilitazione-internazionale-dei-portuali-del-mediterraneo-contro-la-guerra\/#primaryimage\"},\"thumbnailUrl\":\"https:\/\/www.perunaltracitta.org\/wp-content\/uploads\/2026\/01\/unnamed.png\",\"keywords\":[\"diritti\",\"guerra\",\"lavoratori portuali\",\"Nato\",\"Rearm Europe\",\"riconversione bellica\",\"spese militari\"],\"articleSection\":[\"In evidenza\"],\"inLanguage\":\"it-IT\",\"potentialAction\":[{\"@type\":\"CommentAction\",\"name\":\"Comment\",\"target\":[\"https:\/\/www.perunaltracitta.org\/homepage\/2026\/01\/26\/6-febbraio-2026-prima-storica-mobilitazione-internazionale-dei-portuali-del-mediterraneo-contro-la-guerra\/#respond\"]}]},{\"@type\":\"WebPage\",\"@id\":\"https:\/\/www.perunaltracitta.org\/homepage\/2026\/01\/26\/6-febbraio-2026-prima-storica-mobilitazione-internazionale-dei-portuali-del-mediterraneo-contro-la-guerra\/\",\"url\":\"https:\/\/www.perunaltracitta.org\/homepage\/2026\/01\/26\/6-febbraio-2026-prima-storica-mobilitazione-internazionale-dei-portuali-del-mediterraneo-contro-la-guerra\/\",\"name\":\"6 febbraio 2026: prima storica mobilitazione internazionale dei portuali d'Europa e del Mediterraneo contro la guerra - La Citt\u00e0 invisibile | perUnaltracitt\u00e0 | Firenze\",\"isPartOf\":{\"@id\":\"https:\/\/www.perunaltracitta.org\/homepage\/#website\"},\"primaryImageOfPage\":{\"@id\":\"https:\/\/www.perunaltracitta.org\/homepage\/2026\/01\/26\/6-febbraio-2026-prima-storica-mobilitazione-internazionale-dei-portuali-del-mediterraneo-contro-la-guerra\/#primaryimage\"},\"image\":{\"@id\":\"https:\/\/www.perunaltracitta.org\/homepage\/2026\/01\/26\/6-febbraio-2026-prima-storica-mobilitazione-internazionale-dei-portuali-del-mediterraneo-contro-la-guerra\/#primaryimage\"},\"thumbnailUrl\":\"https:\/\/www.perunaltracitta.org\/wp-content\/uploads\/2026\/01\/unnamed.png\",\"datePublished\":\"2026-01-26T08:04:44+00:00\",\"dateModified\":\"2026-02-01T17:08:43+00:00\",\"breadcrumb\":{\"@id\":\"https:\/\/www.perunaltracitta.org\/homepage\/2026\/01\/26\/6-febbraio-2026-prima-storica-mobilitazione-internazionale-dei-portuali-del-mediterraneo-contro-la-guerra\/#breadcrumb\"},\"inLanguage\":\"it-IT\",\"potentialAction\":[{\"@type\":\"ReadAction\",\"target\":[\"https:\/\/www.perunaltracitta.org\/homepage\/2026\/01\/26\/6-febbraio-2026-prima-storica-mobilitazione-internazionale-dei-portuali-del-mediterraneo-contro-la-guerra\/\"]}]},{\"@type\":\"ImageObject\",\"inLanguage\":\"it-IT\",\"@id\":\"https:\/\/www.perunaltracitta.org\/homepage\/2026\/01\/26\/6-febbraio-2026-prima-storica-mobilitazione-internazionale-dei-portuali-del-mediterraneo-contro-la-guerra\/#primaryimage\",\"url\":\"https:\/\/www.perunaltracitta.org\/wp-content\/uploads\/2026\/01\/unnamed.png\",\"contentUrl\":\"https:\/\/www.perunaltracitta.org\/wp-content\/uploads\/2026\/01\/unnamed.png\",\"width\":542,\"height\":494},{\"@type\":\"BreadcrumbList\",\"@id\":\"https:\/\/www.perunaltracitta.org\/homepage\/2026\/01\/26\/6-febbraio-2026-prima-storica-mobilitazione-internazionale-dei-portuali-del-mediterraneo-contro-la-guerra\/#breadcrumb\",\"itemListElement\":[{\"@type\":\"ListItem\",\"position\":1,\"name\":\"Home\",\"item\":\"https:\/\/www.perunaltracitta.org\/homepage\/\"},{\"@type\":\"ListItem\",\"position\":2,\"name\":\"6 febbraio 2026: prima storica mobilitazione internazionale dei portuali d&#8217;Europa e del Mediterraneo contro la guerra\"}]},{\"@type\":\"WebSite\",\"@id\":\"https:\/\/www.perunaltracitta.org\/homepage\/#website\",\"url\":\"https:\/\/www.perunaltracitta.org\/homepage\/\",\"name\":\"La Citt\u00e0 invisibile | perUnaltracitt\u00e0 | Firenze\",\"description\":\"Voci oltre il pensiero unico\",\"publisher\":{\"@id\":\"https:\/\/www.perunaltracitta.org\/homepage\/#organization\"},\"potentialAction\":[{\"@type\":\"SearchAction\",\"target\":{\"@type\":\"EntryPoint\",\"urlTemplate\":\"https:\/\/www.perunaltracitta.org\/homepage\/?s={search_term_string}\"},\"query-input\":{\"@type\":\"PropertyValueSpecification\",\"valueRequired\":true,\"valueName\":\"search_term_string\"}}],\"inLanguage\":\"it-IT\"},{\"@type\":\"Organization\",\"@id\":\"https:\/\/www.perunaltracitta.org\/homepage\/#organization\",\"name\":\"perUnaltracitt\u00e0 - laboratorio politico Firenze\",\"url\":\"https:\/\/www.perunaltracitta.org\/homepage\/\",\"logo\":{\"@type\":\"ImageObject\",\"inLanguage\":\"it-IT\",\"@id\":\"https:\/\/www.perunaltracitta.org\/homepage\/#\/schema\/logo\/image\/\",\"url\":\"https:\/\/www.perunaltracitta.org\/wp-content\/uploads\/2025\/11\/Original-on-Transparent-Copia-af-1.png\",\"contentUrl\":\"https:\/\/www.perunaltracitta.org\/wp-content\/uploads\/2025\/11\/Original-on-Transparent-Copia-af-1.png\",\"width\":600,\"height\":153,\"caption\":\"perUnaltracitt\u00e0 - laboratorio politico Firenze\"},\"image\":{\"@id\":\"https:\/\/www.perunaltracitta.org\/homepage\/#\/schema\/logo\/image\/\"},\"sameAs\":[\"https:\/\/www.facebook.com\/perunaltracitta\",\"https:\/\/x.com\/perunaltracitta\"]},{\"@type\":\"Person\",\"@id\":\"https:\/\/www.perunaltracitta.org\/homepage\/#\/schema\/person\/b8fbbe74f747118ca40849f0dfbc91b2\",\"name\":\"Lorenzo Robin Frosini\",\"image\":{\"@type\":\"ImageObject\",\"inLanguage\":\"it-IT\",\"@id\":\"https:\/\/www.perunaltracitta.org\/homepage\/#\/schema\/person\/image\/\",\"url\":\"https:\/\/www.perunaltracitta.org\/wp-content\/uploads\/2024\/05\/fototess-Frosini-120x120.png\",\"contentUrl\":\"https:\/\/www.perunaltracitta.org\/wp-content\/uploads\/2024\/05\/fototess-Frosini-120x120.png\",\"caption\":\"Lorenzo Robin Frosini\"},\"description\":\"Lorenzo Robin Frosini nasce a Pistoia e vive a Prato. Laureato in Logica, Filosofia e Storia della Scienza presso l'Universit\u00e0 degli Studi di Firenze, aspira ad essere un musicista e un giornalista. Attualmente svolge il ruolo di delegato sindacale\/RLS per USB Firenze e attraversa diversi collettivi dal basso fiorentini come attivista.\",\"url\":\"https:\/\/www.perunaltracitta.org\/homepage\/author\/lorenzo-frosini\/\"}]}<\/script>\n<!-- \/ Yoast SEO plugin. -->","yoast_head_json":{"title":"6 febbraio 2026: prima storica mobilitazione internazionale dei portuali d'Europa e del Mediterraneo contro la guerra - La Citt\u00e0 invisibile | perUnaltracitt\u00e0 | Firenze","robots":{"index":"index","follow":"follow","max-snippet":"max-snippet:-1","max-image-preview":"max-image-preview:large","max-video-preview":"max-video-preview:-1"},"canonical":"https:\/\/www.perunaltracitta.org\/homepage\/2026\/01\/26\/6-febbraio-2026-prima-storica-mobilitazione-internazionale-dei-portuali-del-mediterraneo-contro-la-guerra\/","og_locale":"it_IT","og_type":"article","og_title":"6 febbraio 2026: prima storica mobilitazione internazionale dei portuali d'Europa e del Mediterraneo contro la guerra - La Citt\u00e0 invisibile | perUnaltracitt\u00e0 | Firenze","og_description":"Dall&#8217;assemblea di venerd\u00ec 23 gennaio a Genova, organizzata dal sindacato USB, riparte la lotta dei lavoratori e delle lavoratrici portuali contro la guerra ed il traffico di armi: venerd\u00ec 6 febbraio saranno almeno 20 i porti che parteciperanno ad una giornata di mobilitazione internazionale, dall\u2019Oceano Atlantico al Mediterraneo. La costruzione operativa di questa giornata ha &hellip; 6 febbraio 2026: prima storica mobilitazione internazionale dei portuali d&#8217;Europa e del Mediterraneo contro la guerra Leggi altro &raquo;","og_url":"https:\/\/www.perunaltracitta.org\/homepage\/2026\/01\/26\/6-febbraio-2026-prima-storica-mobilitazione-internazionale-dei-portuali-del-mediterraneo-contro-la-guerra\/","og_site_name":"La Citt\u00e0 invisibile | perUnaltracitt\u00e0 | Firenze","article_publisher":"https:\/\/www.facebook.com\/perunaltracitta","article_published_time":"2026-01-26T08:04:44+00:00","article_modified_time":"2026-02-01T17:08:43+00:00","og_image":[{"width":542,"height":494,"url":"https:\/\/www.perunaltracitta.org\/wp-content\/uploads\/2026\/01\/unnamed.png","type":"image\/png"}],"author":"Lorenzo Robin Frosini","twitter_card":"summary_large_image","twitter_creator":"@perunaltracitta","twitter_site":"@perunaltracitta","twitter_misc":{"Scritto da":"Lorenzo Robin Frosini","Tempo di lettura stimato":"9 minuti"},"schema":{"@context":"https:\/\/schema.org","@graph":[{"@type":"Article","@id":"https:\/\/www.perunaltracitta.org\/homepage\/2026\/01\/26\/6-febbraio-2026-prima-storica-mobilitazione-internazionale-dei-portuali-del-mediterraneo-contro-la-guerra\/#article","isPartOf":{"@id":"https:\/\/www.perunaltracitta.org\/homepage\/2026\/01\/26\/6-febbraio-2026-prima-storica-mobilitazione-internazionale-dei-portuali-del-mediterraneo-contro-la-guerra\/"},"author":{"name":"Lorenzo Robin Frosini","@id":"https:\/\/www.perunaltracitta.org\/homepage\/#\/schema\/person\/b8fbbe74f747118ca40849f0dfbc91b2"},"headline":"6 febbraio 2026: prima storica mobilitazione internazionale dei portuali d&#8217;Europa e del Mediterraneo contro la guerra","datePublished":"2026-01-26T08:04:44+00:00","dateModified":"2026-02-01T17:08:43+00:00","mainEntityOfPage":{"@id":"https:\/\/www.perunaltracitta.org\/homepage\/2026\/01\/26\/6-febbraio-2026-prima-storica-mobilitazione-internazionale-dei-portuali-del-mediterraneo-contro-la-guerra\/"},"wordCount":1390,"commentCount":0,"publisher":{"@id":"https:\/\/www.perunaltracitta.org\/homepage\/#organization"},"image":{"@id":"https:\/\/www.perunaltracitta.org\/homepage\/2026\/01\/26\/6-febbraio-2026-prima-storica-mobilitazione-internazionale-dei-portuali-del-mediterraneo-contro-la-guerra\/#primaryimage"},"thumbnailUrl":"https:\/\/www.perunaltracitta.org\/wp-content\/uploads\/2026\/01\/unnamed.png","keywords":["diritti","guerra","lavoratori portuali","Nato","Rearm Europe","riconversione bellica","spese militari"],"articleSection":["In evidenza"],"inLanguage":"it-IT","potentialAction":[{"@type":"CommentAction","name":"Comment","target":["https:\/\/www.perunaltracitta.org\/homepage\/2026\/01\/26\/6-febbraio-2026-prima-storica-mobilitazione-internazionale-dei-portuali-del-mediterraneo-contro-la-guerra\/#respond"]}]},{"@type":"WebPage","@id":"https:\/\/www.perunaltracitta.org\/homepage\/2026\/01\/26\/6-febbraio-2026-prima-storica-mobilitazione-internazionale-dei-portuali-del-mediterraneo-contro-la-guerra\/","url":"https:\/\/www.perunaltracitta.org\/homepage\/2026\/01\/26\/6-febbraio-2026-prima-storica-mobilitazione-internazionale-dei-portuali-del-mediterraneo-contro-la-guerra\/","name":"6 febbraio 2026: prima storica mobilitazione internazionale dei portuali d'Europa e del Mediterraneo contro la guerra - La Citt\u00e0 invisibile | perUnaltracitt\u00e0 | Firenze","isPartOf":{"@id":"https:\/\/www.perunaltracitta.org\/homepage\/#website"},"primaryImageOfPage":{"@id":"https:\/\/www.perunaltracitta.org\/homepage\/2026\/01\/26\/6-febbraio-2026-prima-storica-mobilitazione-internazionale-dei-portuali-del-mediterraneo-contro-la-guerra\/#primaryimage"},"image":{"@id":"https:\/\/www.perunaltracitta.org\/homepage\/2026\/01\/26\/6-febbraio-2026-prima-storica-mobilitazione-internazionale-dei-portuali-del-mediterraneo-contro-la-guerra\/#primaryimage"},"thumbnailUrl":"https:\/\/www.perunaltracitta.org\/wp-content\/uploads\/2026\/01\/unnamed.png","datePublished":"2026-01-26T08:04:44+00:00","dateModified":"2026-02-01T17:08:43+00:00","breadcrumb":{"@id":"https:\/\/www.perunaltracitta.org\/homepage\/2026\/01\/26\/6-febbraio-2026-prima-storica-mobilitazione-internazionale-dei-portuali-del-mediterraneo-contro-la-guerra\/#breadcrumb"},"inLanguage":"it-IT","potentialAction":[{"@type":"ReadAction","target":["https:\/\/www.perunaltracitta.org\/homepage\/2026\/01\/26\/6-febbraio-2026-prima-storica-mobilitazione-internazionale-dei-portuali-del-mediterraneo-contro-la-guerra\/"]}]},{"@type":"ImageObject","inLanguage":"it-IT","@id":"https:\/\/www.perunaltracitta.org\/homepage\/2026\/01\/26\/6-febbraio-2026-prima-storica-mobilitazione-internazionale-dei-portuali-del-mediterraneo-contro-la-guerra\/#primaryimage","url":"https:\/\/www.perunaltracitta.org\/wp-content\/uploads\/2026\/01\/unnamed.png","contentUrl":"https:\/\/www.perunaltracitta.org\/wp-content\/uploads\/2026\/01\/unnamed.png","width":542,"height":494},{"@type":"BreadcrumbList","@id":"https:\/\/www.perunaltracitta.org\/homepage\/2026\/01\/26\/6-febbraio-2026-prima-storica-mobilitazione-internazionale-dei-portuali-del-mediterraneo-contro-la-guerra\/#breadcrumb","itemListElement":[{"@type":"ListItem","position":1,"name":"Home","item":"https:\/\/www.perunaltracitta.org\/homepage\/"},{"@type":"ListItem","position":2,"name":"6 febbraio 2026: prima storica mobilitazione internazionale dei portuali d&#8217;Europa e del Mediterraneo contro la guerra"}]},{"@type":"WebSite","@id":"https:\/\/www.perunaltracitta.org\/homepage\/#website","url":"https:\/\/www.perunaltracitta.org\/homepage\/","name":"La Citt\u00e0 invisibile | perUnaltracitt\u00e0 | Firenze","description":"Voci oltre il pensiero unico","publisher":{"@id":"https:\/\/www.perunaltracitta.org\/homepage\/#organization"},"potentialAction":[{"@type":"SearchAction","target":{"@type":"EntryPoint","urlTemplate":"https:\/\/www.perunaltracitta.org\/homepage\/?s={search_term_string}"},"query-input":{"@type":"PropertyValueSpecification","valueRequired":true,"valueName":"search_term_string"}}],"inLanguage":"it-IT"},{"@type":"Organization","@id":"https:\/\/www.perunaltracitta.org\/homepage\/#organization","name":"perUnaltracitt\u00e0 - laboratorio politico Firenze","url":"https:\/\/www.perunaltracitta.org\/homepage\/","logo":{"@type":"ImageObject","inLanguage":"it-IT","@id":"https:\/\/www.perunaltracitta.org\/homepage\/#\/schema\/logo\/image\/","url":"https:\/\/www.perunaltracitta.org\/wp-content\/uploads\/2025\/11\/Original-on-Transparent-Copia-af-1.png","contentUrl":"https:\/\/www.perunaltracitta.org\/wp-content\/uploads\/2025\/11\/Original-on-Transparent-Copia-af-1.png","width":600,"height":153,"caption":"perUnaltracitt\u00e0 - laboratorio politico Firenze"},"image":{"@id":"https:\/\/www.perunaltracitta.org\/homepage\/#\/schema\/logo\/image\/"},"sameAs":["https:\/\/www.facebook.com\/perunaltracitta","https:\/\/x.com\/perunaltracitta"]},{"@type":"Person","@id":"https:\/\/www.perunaltracitta.org\/homepage\/#\/schema\/person\/b8fbbe74f747118ca40849f0dfbc91b2","name":"Lorenzo Robin Frosini","image":{"@type":"ImageObject","inLanguage":"it-IT","@id":"https:\/\/www.perunaltracitta.org\/homepage\/#\/schema\/person\/image\/","url":"https:\/\/www.perunaltracitta.org\/wp-content\/uploads\/2024\/05\/fototess-Frosini-120x120.png","contentUrl":"https:\/\/www.perunaltracitta.org\/wp-content\/uploads\/2024\/05\/fototess-Frosini-120x120.png","caption":"Lorenzo Robin Frosini"},"description":"Lorenzo Robin Frosini nasce a Pistoia e vive a Prato. Laureato in Logica, Filosofia e Storia della Scienza presso l'Universit\u00e0 degli Studi di Firenze, aspira ad essere un musicista e un giornalista. Attualmente svolge il ruolo di delegato sindacale\/RLS per USB Firenze e attraversa diversi collettivi dal basso fiorentini come attivista.","url":"https:\/\/www.perunaltracitta.org\/homepage\/author\/lorenzo-frosini\/"}]}},"uagb_featured_image_src":{"full":["https:\/\/www.perunaltracitta.org\/wp-content\/uploads\/2026\/01\/unnamed.png",542,494,false],"thumbnail":["https:\/\/www.perunaltracitta.org\/wp-content\/uploads\/2026\/01\/unnamed-150x150.png",150,150,true],"medium":["https:\/\/www.perunaltracitta.org\/wp-content\/uploads\/2026\/01\/unnamed-300x273.png",300,273,true],"medium_large":["https:\/\/www.perunaltracitta.org\/wp-content\/uploads\/2026\/01\/unnamed.png",542,494,false],"large":["https:\/\/www.perunaltracitta.org\/wp-content\/uploads\/2026\/01\/unnamed.png",542,494,false],"wysija-newsletters-max":["https:\/\/www.perunaltracitta.org\/wp-content\/uploads\/2026\/01\/unnamed.png",542,494,false],"1536x1536":["https:\/\/www.perunaltracitta.org\/wp-content\/uploads\/2026\/01\/unnamed.png",542,494,false],"2048x2048":["https:\/\/www.perunaltracitta.org\/wp-content\/uploads\/2026\/01\/unnamed.png",542,494,false],"mailpoet_newsletter_max":["https:\/\/www.perunaltracitta.org\/wp-content\/uploads\/2026\/01\/unnamed.png",542,494,false],"yarpp-thumbnail":["https:\/\/www.perunaltracitta.org\/wp-content\/uploads\/2026\/01\/unnamed-120x120.png",120,120,true]},"uagb_author_info":{"display_name":"Lorenzo Robin Frosini","author_link":"https:\/\/www.perunaltracitta.org\/homepage\/author\/lorenzo-frosini\/"},"uagb_comment_info":0,"uagb_excerpt":"Dall&#8217;assemblea di venerd\u00ec 23 gennaio a Genova, organizzata dal sindacato USB, riparte la lotta dei lavoratori e delle lavoratrici portuali contro la guerra ed il traffico di armi: venerd\u00ec 6 febbraio saranno almeno 20 i porti che parteciperanno ad una giornata di mobilitazione internazionale, dall\u2019Oceano Atlantico al Mediterraneo. La costruzione operativa di questa giornata ha&hellip;","_links":{"self":[{"href":"https:\/\/www.perunaltracitta.org\/homepage\/wp-json\/wp\/v2\/posts\/101126","targetHints":{"allow":["GET"]}}],"collection":[{"href":"https:\/\/www.perunaltracitta.org\/homepage\/wp-json\/wp\/v2\/posts"}],"about":[{"href":"https:\/\/www.perunaltracitta.org\/homepage\/wp-json\/wp\/v2\/types\/post"}],"author":[{"embeddable":true,"href":"https:\/\/www.perunaltracitta.org\/homepage\/wp-json\/wp\/v2\/users\/532"}],"replies":[{"embeddable":true,"href":"https:\/\/www.perunaltracitta.org\/homepage\/wp-json\/wp\/v2\/comments?post=101126"}],"version-history":[{"count":10,"href":"https:\/\/www.perunaltracitta.org\/homepage\/wp-json\/wp\/v2\/posts\/101126\/revisions"}],"predecessor-version":[{"id":101236,"href":"https:\/\/www.perunaltracitta.org\/homepage\/wp-json\/wp\/v2\/posts\/101126\/revisions\/101236"}],"wp:featuredmedia":[{"embeddable":true,"href":"https:\/\/www.perunaltracitta.org\/homepage\/wp-json\/wp\/v2\/media\/101130"}],"wp:attachment":[{"href":"https:\/\/www.perunaltracitta.org\/homepage\/wp-json\/wp\/v2\/media?parent=101126"}],"wp:term":[{"taxonomy":"category","embeddable":true,"href":"https:\/\/www.perunaltracitta.org\/homepage\/wp-json\/wp\/v2\/categories?post=101126"},{"taxonomy":"post_tag","embeddable":true,"href":"https:\/\/www.perunaltracitta.org\/homepage\/wp-json\/wp\/v2\/tags?post=101126"}],"curies":[{"name":"wp","href":"https:\/\/api.w.org\/{rel}","templated":true}]}}