{"id":101684,"date":"2026-03-03T09:44:12","date_gmt":"2026-03-03T08:44:12","guid":{"rendered":"https:\/\/www.perunaltracitta.org\/homepage\/?p=101684"},"modified":"2026-03-04T19:14:56","modified_gmt":"2026-03-04T18:14:56","slug":"votiamo-no-al-referendum-del-22-23-marzo-a-firenze-campagna-in-corso","status":"publish","type":"post","link":"https:\/\/www.perunaltracitta.org\/homepage\/2026\/03\/03\/votiamo-no-al-referendum-del-22-23-marzo-a-firenze-campagna-in-corso\/","title":{"rendered":"Votiamo NO al referendum del 22-23 marzo. A Firenze campagna in corso!"},"content":{"rendered":"<p align=\"JUSTIFY\"><span style=\"font-family: Georgia, serif; font-size: 12pt;\"><b>Impressioni di un\u2019attivista<\/b><\/span><\/p>\n<p align=\"JUSTIFY\"><span style=\"font-family: Georgia, serif; font-size: 12pt;\">Di ritorno dal volantinaggio di luned\u00ec mattina, fra le 10 e le 12 con tavolino e megafono, in Piazza delle Cure e davanti alla vicina Coop: l\u2019impressione \u00e8 di un diffuso e molto largamente prevalente orientamento per il No. Su circa 300 volantini distribuiti soltanto 6 persone non l\u2019hanno preso dichiarandosi convinte del S\u00ec, tutto il resto si dichiarava \u201cgi\u00e0 convinto del No\u201d, ringraziava e sorrideva, prendendolo oppure no, secondo il caso. Persone di et\u00e0 media abbastanza elevata, e largamente donne come sempre in zona di mercato di quartiere al mattino. Anche sabato e domenica scorsi davanti a Testo alla Leopolda il No riecheggiava ovunque, ma con un pubblico molto pi\u00f9 vasto e in larga parte proveniente da fuori. In altri luoghi della citt\u00e0 la risposta non \u00e8 cos\u00ec evidente, e rincuorante, quando tanti non allungano la mano al volantino celandosi dietro al cellulare o rintanandosi in tasche e cappucci, ma sempre in molto pochi oppongono un loro S\u00ec convinto e pervicace. <\/span><\/p>\n<p align=\"JUSTIFY\"><span style=\"font-family: Georgia, serif; font-size: 12pt;\"><b>Il volantinaggio in citt\u00e0<\/b><\/span><\/p>\n<p align=\"JUSTIFY\"><span style=\"font-family: Georgia, serif; font-size: 12pt;\">Volantinare \u00e8 abbastanza faticoso, specie quando non si riesce a instaurare un minimo di dialogo con le persone che passano, e sorge naturale il dubbio se serva a qualcosa. Ci si risponde che sono semi lanciati e qualcuno pure frutter\u00e0, e in ogni caso \u00e8 importante segnare una presenza, far vedere che ci siamo, che esiste un\u2019altra voce che si oppone con solidi argomenti alla propaganda ingannevole del governo Meloni. <\/span><\/p>\n<p align=\"JUSTIFY\"><span style=\"font-family: Georgia, serif; font-size: 12pt;\"> <img loading=\"lazy\" decoding=\"async\" class=\"alignleft wp-image-101687 \" src=\"https:\/\/www.perunaltracitta.org\/wp-content\/uploads\/2026\/03\/644046762_3018066735056263_5414477751112869475_n.jpg\" alt=\"\" width=\"407\" height=\"460\" srcset=\"https:\/\/www.perunaltracitta.org\/wp-content\/uploads\/2026\/03\/644046762_3018066735056263_5414477751112869475_n.jpg 500w, https:\/\/www.perunaltracitta.org\/wp-content\/uploads\/2026\/03\/644046762_3018066735056263_5414477751112869475_n-265x300.jpg 265w\" sizes=\"auto, (max-width: 407px) 100vw, 407px\" \/>In citt\u00e0 sono oltre <strong>40 le postazioni di volantinaggio<\/strong> con banchino animate dalle persone volontarie del<strong> Comitato della Societ\u00e0 civile per il NO<\/strong> formatosi a fine gennaio, a cui aderiscono oltre 20 associazioni ed anche tutti i partiti dell\u2019opposizione, e a cui la CGIL a livello nazionale e locale garantisce presenz<span style=\"color: #00000a;\"><span lang=\"it-IT\">e<\/span><\/span> e struttura organizzativa-logistica. Quelle della destra sono al momento 13 (Lega 8 e FdI 5, assente finora Forza Italia), poche ma particolarmente <span style=\"color: #00000a;\"><span lang=\"it-IT\">rozze e violente<\/span><\/span> nella propaganda: ad esempio in Piazza Dalmazia, a due passi dal luogo dell\u2019omicidio di Samb Modou e Diop Mor spiccava sulla loro postazione <span style=\"color: #00000a;\"><span lang=\"it-IT\">la scritta \u201cFuori gli immigrati\u201d. Oltre i banchini autorizzati dal Comune si tengono volantinaggi liberi in alcuni punti strategici, davanti alle fabbriche nella zona della Piana e nelle stazioni per i pendolari, a cura della CGIL. In particolare a SMN 6-12-17 marzo, a Fi Campo di Marte 9-17-20 marzo, a Fi Rifredi 10-18 marzo.<\/span><\/span><\/span><\/p>\n<p align=\"JUSTIFY\"><span style=\"font-family: Georgia, serif; font-size: 12pt;\"><b>Gli eventi a Firenze e provincia<\/b><\/span><\/p>\n<p align=\"JUSTIFY\"><span style=\"font-family: Georgia, serif; font-size: 12pt;\">Nel frattempo si <span style=\"color: #00000a;\"><span lang=\"it-IT\">moltiplicano<\/span><\/span>, in crescendo da febbraio in poi, gli eventi di incontro e confronto nei Circoli e nelle Case del Popolo sia in citt\u00e0 che in Provincia, organizzati in collaborazione fra Circoli ARCI, Comitato della Societ\u00e0 Civile per il No, Comitato Giusto dire no e Comitato Avvocati per il No. Il calendario aggiornato quotidianamente ne elenca ad oggi ben 40 fra il 2 ed il 20 marzo (l\u2019evento di chiusura sar\u00e0 al Teatro Niccolini ore 16-20 con Rosy Bindi e altr3). <span style=\"color: #00000a;\"><span lang=\"it-IT\">D<\/span><\/span>istribuiti nel territorio sia cittadino che provinciale, sono tutti molto partecipati e particolarmente seguiti quelli di confronto fra le posizioni del S\u00ec e del No, animate in prevalenza da magistrati e avvocati ma anche da attivisti. <\/span><\/p>\n<p align=\"JUSTIFY\"><span style=\"font-family: Georgia, serif; font-size: 12pt;\"><b>Lavorare insieme per allargare il cerchio<\/b><\/span><\/p>\n<p align=\"JUSTIFY\"><span style=\"font-family: Georgia, serif; font-size: 12pt;\">Oltre il minimo essenziale che si riesce a comunicare nei volantinaggi, questi incontri \u00e8 vero che raccolgono in maggioranza persone gi\u00e0 orientate per il NO, ma forniscono strumenti di conoscenza e di approfondimento, una sorta di \u201ccassetta degli attrezzi\u201d utile a convincere chi \u00e8 disinformato o incerto, cos\u00ec da allargare il cerchio oltre i gi\u00e0 convinti, per erodere a favore del NO la fascia dell\u2019astensione. Si spiega in primis che il referendum \u00e8 senza quorum e quindi che ogni voto conta, non dando per scontato che si sappia, che la separazione delle carriere dei magistrati esiste gi\u00e0 dal 2022 e ne riguarda solo lo 0,4% (ca. 40 all\u2019anno su oltre 9.000, una sola volta cambiando regione), che nessuna risorsa in pi\u00f9 viene data al servizio della giustizia per abbreviarne i tempi, che la vera finalit\u00e0 \u00e8 quella di sottoporre la magistratura al controllo della maggioranza di governo, cambiando ben 7 articoli della Costituzione e cos\u00ec squilibrando i tre poteri fondamentali dello stato democratico di diritto. Di fronte al sorteggio dei magistrati per due separati Consigli superiori della Magistratura e per l\u2019Alta Corte disciplinare <span style=\"color: #00000a;\"><span lang=\"it-IT\">una domanda efficace \u00e8:<\/span><\/span> \u201cma davvero vorresti sorteggiare l\u2019amministratore di Condominio o il rappresentante nel Consiglio scolastico\u201d? Instillare dubbi, suscitare domande e dare informazioni su dati concreti sollecita lo spirito critico che \u00e8 il sale della democrazia. <\/span><\/p>\n<p align=\"JUSTIFY\"><span style=\"font-family: Georgia, serif; font-size: 12pt;\">A titolo di esempio cito alcuni dei molti incontri previsti prossimamente: mercoled\u00ec 4 marzo alle 21 al Puccini con Travaglio Nencini e Von Borries, gioved\u00ec 5 alle 16,45 Hotel Albani via Fiume con Bindi, Montanari, Lella Costa, Nencini, Pagliarulo, Rossano Rossi, Rolando Tarchi (evento regionale), venerd\u00ec 6 marzo ore 16,30 al Polo universitario di Novoli con Solimeno e Bigalli, luned\u00ec 9 marzo ore 17 Piazza dei Ciompi ARCI con Pallante, Guglielmi, Vania Bagni. <\/span><\/p>\n<p align=\"JUSTIFY\"><span style=\"font-family: Georgia, serif; font-size: 12pt;\">Ed eccone alcuni fuori citt\u00e0: il 7 marzo 16,30 a Marradi con Solimeno e Izzi, il 12 marzo a Scarperia confronto S\u00ec-No con Lorenzo Tombelli e e Marco Cecchi, il 16 e il 18 a Borgo San Lorenzo e Scarperia con Augusto Cacopardo. <\/span><\/p>\n<p align=\"JUSTIFY\"><span style=\"font-family: Georgia, serif; font-size: 12pt;\">La chiusura della campagna (programma in progress) sar\u00e0 a Firenze gioved\u00ec 20 al Niccolini ore 16-20, con Rosy Bindi e altre personalit\u00e0 della politica e della cultura.<\/span><\/p>\n<p align=\"JUSTIFY\"><span style=\"font-family: Georgia, serif; font-size: 12pt;\">Aggiungo che fra il 10 e il 20 marzo il Comitato per il No <span style=\"color: #00000a;\"><span lang=\"it-IT\">avr\u00e0<\/span><\/span> una sede in Piazza dei Ciompi 17, <span style=\"color: #00000a;\"><span lang=\"it-IT\">una saletta accogliente su strada (offerta gratuitamente dalla proprietaria), un punto di riferimento fisso di scambio fra le persone volontarie e di passaggio, aperto con turni di presenza la mattina e il pomeriggio (ca. 10-12\/17-19). <\/span><\/span> <\/span><\/p>\n<p align=\"JUSTIFY\"><span style=\"font-family: Georgia, serif; font-size: 12pt;\"><b>Vuoi votare ma sei fuori sede?<\/b><\/span><\/p>\n<p align=\"JUSTIFY\"><span style=\"font-family: Georgia, serif; font-size: 12pt;\">Concludo su un aspetto importante: chi lavora o studia nella provincia di Firenze ma non ha qui la residenza, pu\u00f2 votare comunque, diventando rappresentante di lista con il Comitato per il NO al Referendum sulla Giustizia e votare quindi nel luogo in cui si vive, se in possesso di tessera elettorale al momento del voto (perci\u00f2 in caso occorre recuperarla). <\/span><\/p>\n<p align=\"JUSTIFY\"><span style=\"font-family: Georgia, serif; font-size: 12pt;\"><b>Entro marted\u00ec 17 marzo<\/b>, iscriversi compilando il form al link: <\/span><\/p>\n<p align=\"JUSTIFY\"><span style=\"color: #000080; font-size: 12pt;\"><span lang=\"it-IT\"><u><span style=\"font-family: Georgia, serif;\">https:\/\/forms.gle\/xdtFC3xRBiNANhiV8<\/span><\/u><\/span><\/span><\/p>\n<p align=\"JUSTIFY\"><span style=\"font-size: 12pt;\"><span style=\"color: #000080;\"><span lang=\"it-IT\"><span style=\"color: #000000;\"><span style=\"font-family: Georgia, serif;\">Tutte le informazioni della campagna si trovano sulla pagina del Comitato e su quelle delle varie <\/span><\/span><\/span><\/span><span style=\"color: #000080;\"><span lang=\"it-IT\"><span style=\"color: #000000;\"><span style=\"font-family: Georgia, serif;\">realt\u00e0 che ne fanno parte (es. ANPI, ARCI, CGIL Firenze, CdC-Toscana, Firenze Citt\u00e0 Aperta ecc.).<\/span><\/span><\/span><\/span><\/span><\/p>\n<p align=\"JUSTIFY\"><span style=\"color: #000080; font-size: 12pt;\"><span lang=\"it-IT\"><u><a href=\"https:\/\/www.facebook.com\/ReferendumGiustiziaFirenze\"><span style=\"font-family: Georgia, serif;\">https:\/\/www.facebook.com\/ReferendumGiustiziaFirenze<\/span><\/a><\/u><\/span><\/span><\/p>\n","protected":false},"excerpt":{"rendered":"<p>Impressioni di un\u2019attivista Di ritorno dal volantinaggio di luned\u00ec mattina, fra le 10 e le 12 con tavolino e megafono, in Piazza delle Cure e davanti alla vicina Coop: l\u2019impressione \u00e8 di un diffuso e molto largamente prevalente orientamento per il No. Su circa 300 volantini distribuiti soltanto 6 persone non l\u2019hanno preso dichiarandosi convinte &hellip;<\/p>\n<p class=\"read-more\"> <a class=\"\" href=\"https:\/\/www.perunaltracitta.org\/homepage\/2026\/03\/03\/votiamo-no-al-referendum-del-22-23-marzo-a-firenze-campagna-in-corso\/\"> <span class=\"screen-reader-text\">Votiamo NO al referendum del 22-23 marzo. A Firenze campagna in corso!<\/span> Leggi altro &raquo;<\/a><\/p>\n","protected":false},"author":505,"featured_media":101687,"comment_status":"open","ping_status":"open","sticky":false,"template":"","format":"standard","meta":{"_uag_custom_page_level_css":"","site-sidebar-layout":"default","site-content-layout":"default","ast-global-header-display":"","ast-main-header-display":"","ast-hfb-above-header-display":"","ast-hfb-below-header-display":"","ast-hfb-mobile-header-display":"","site-post-title":"","ast-breadcrumbs-content":"","ast-featured-img":"","footer-sml-layout":"","theme-transparent-header-meta":"default","adv-header-id-meta":"","stick-header-meta":"","header-above-stick-meta":"","header-main-stick-meta":"","header-below-stick-meta":"","footnotes":""},"categories":[4132],"tags":[7249,366,256,5,7182],"class_list":["post-101684","post","type-post","status-publish","format-standard","has-post-thumbnail","hentry","category-firenze","tag-comitato-della-societa-civile-per-il-no","tag-democrazia","tag-diritti","tag-firenze","tag-referendum-giustizia"],"yoast_head":"<!-- This site is optimized with the Yoast SEO plugin v25.1 - https:\/\/yoast.com\/wordpress\/plugins\/seo\/ -->\n<title>Votiamo NO al referendum del 22-23 marzo. A Firenze campagna in corso! - La Citt\u00e0 invisibile | perUnaltracitt\u00e0 | Firenze<\/title>\n<meta name=\"robots\" content=\"index, follow, max-snippet:-1, max-image-preview:large, max-video-preview:-1\" \/>\n<link rel=\"canonical\" href=\"https:\/\/www.perunaltracitta.org\/homepage\/2026\/03\/03\/votiamo-no-al-referendum-del-22-23-marzo-a-firenze-campagna-in-corso\/\" \/>\n<meta property=\"og:locale\" content=\"it_IT\" \/>\n<meta property=\"og:type\" content=\"article\" \/>\n<meta property=\"og:title\" content=\"Votiamo NO al referendum del 22-23 marzo. A Firenze campagna in corso! - La Citt\u00e0 invisibile | perUnaltracitt\u00e0 | Firenze\" \/>\n<meta property=\"og:description\" content=\"Impressioni di un\u2019attivista Di ritorno dal volantinaggio di luned\u00ec mattina, fra le 10 e le 12 con tavolino e megafono, in Piazza delle Cure e davanti alla vicina Coop: l\u2019impressione \u00e8 di un diffuso e molto largamente prevalente orientamento per il No. Su circa 300 volantini distribuiti soltanto 6 persone non l\u2019hanno preso dichiarandosi convinte &hellip; Votiamo NO al referendum del 22-23 marzo. A Firenze campagna in corso! Leggi altro &raquo;\" \/>\n<meta property=\"og:url\" content=\"https:\/\/www.perunaltracitta.org\/homepage\/2026\/03\/03\/votiamo-no-al-referendum-del-22-23-marzo-a-firenze-campagna-in-corso\/\" \/>\n<meta property=\"og:site_name\" content=\"La Citt\u00e0 invisibile | perUnaltracitt\u00e0 | Firenze\" \/>\n<meta property=\"article:publisher\" content=\"https:\/\/www.facebook.com\/perunaltracitta\" \/>\n<meta property=\"article:published_time\" content=\"2026-03-03T08:44:12+00:00\" \/>\n<meta property=\"article:modified_time\" content=\"2026-03-04T18:14:56+00:00\" \/>\n<meta property=\"og:image\" content=\"https:\/\/www.perunaltracitta.org\/wp-content\/uploads\/2026\/03\/644046762_3018066735056263_5414477751112869475_n.jpg\" \/>\n\t<meta property=\"og:image:width\" content=\"500\" \/>\n\t<meta property=\"og:image:height\" content=\"565\" \/>\n\t<meta property=\"og:image:type\" content=\"image\/jpeg\" \/>\n<meta name=\"author\" content=\"Chiara Giunti\" \/>\n<meta name=\"twitter:card\" content=\"summary_large_image\" \/>\n<meta name=\"twitter:creator\" content=\"@perunaltracitta\" \/>\n<meta name=\"twitter:site\" content=\"@perunaltracitta\" \/>\n<meta name=\"twitter:label1\" content=\"Scritto da\" \/>\n\t<meta name=\"twitter:data1\" content=\"Chiara Giunti\" \/>\n\t<meta name=\"twitter:label2\" content=\"Tempo di lettura stimato\" \/>\n\t<meta name=\"twitter:data2\" content=\"7 minuti\" \/>\n<script type=\"application\/ld+json\" class=\"yoast-schema-graph\">{\"@context\":\"https:\/\/schema.org\",\"@graph\":[{\"@type\":\"Article\",\"@id\":\"https:\/\/www.perunaltracitta.org\/homepage\/2026\/03\/03\/votiamo-no-al-referendum-del-22-23-marzo-a-firenze-campagna-in-corso\/#article\",\"isPartOf\":{\"@id\":\"https:\/\/www.perunaltracitta.org\/homepage\/2026\/03\/03\/votiamo-no-al-referendum-del-22-23-marzo-a-firenze-campagna-in-corso\/\"},\"author\":{\"name\":\"Chiara Giunti\",\"@id\":\"https:\/\/www.perunaltracitta.org\/homepage\/#\/schema\/person\/8c6e9852254dba95f6e10a8cc06719bc\"},\"headline\":\"Votiamo NO al referendum del 22-23 marzo. A Firenze campagna in corso!\",\"datePublished\":\"2026-03-03T08:44:12+00:00\",\"dateModified\":\"2026-03-04T18:14:56+00:00\",\"mainEntityOfPage\":{\"@id\":\"https:\/\/www.perunaltracitta.org\/homepage\/2026\/03\/03\/votiamo-no-al-referendum-del-22-23-marzo-a-firenze-campagna-in-corso\/\"},\"wordCount\":1044,\"commentCount\":1,\"publisher\":{\"@id\":\"https:\/\/www.perunaltracitta.org\/homepage\/#organization\"},\"image\":{\"@id\":\"https:\/\/www.perunaltracitta.org\/homepage\/2026\/03\/03\/votiamo-no-al-referendum-del-22-23-marzo-a-firenze-campagna-in-corso\/#primaryimage\"},\"thumbnailUrl\":\"https:\/\/www.perunaltracitta.org\/wp-content\/uploads\/2026\/03\/644046762_3018066735056263_5414477751112869475_n.jpg\",\"keywords\":[\"Comitato della Societ\u00e0 civile per il NO\",\"democrazia\",\"diritti\",\"firenze\",\"Referendum giustizia\"],\"articleSection\":[\"Firenze e dintorni\"],\"inLanguage\":\"it-IT\",\"potentialAction\":[{\"@type\":\"CommentAction\",\"name\":\"Comment\",\"target\":[\"https:\/\/www.perunaltracitta.org\/homepage\/2026\/03\/03\/votiamo-no-al-referendum-del-22-23-marzo-a-firenze-campagna-in-corso\/#respond\"]}]},{\"@type\":\"WebPage\",\"@id\":\"https:\/\/www.perunaltracitta.org\/homepage\/2026\/03\/03\/votiamo-no-al-referendum-del-22-23-marzo-a-firenze-campagna-in-corso\/\",\"url\":\"https:\/\/www.perunaltracitta.org\/homepage\/2026\/03\/03\/votiamo-no-al-referendum-del-22-23-marzo-a-firenze-campagna-in-corso\/\",\"name\":\"Votiamo NO al referendum del 22-23 marzo. A Firenze campagna in corso! - La Citt\u00e0 invisibile | perUnaltracitt\u00e0 | Firenze\",\"isPartOf\":{\"@id\":\"https:\/\/www.perunaltracitta.org\/homepage\/#website\"},\"primaryImageOfPage\":{\"@id\":\"https:\/\/www.perunaltracitta.org\/homepage\/2026\/03\/03\/votiamo-no-al-referendum-del-22-23-marzo-a-firenze-campagna-in-corso\/#primaryimage\"},\"image\":{\"@id\":\"https:\/\/www.perunaltracitta.org\/homepage\/2026\/03\/03\/votiamo-no-al-referendum-del-22-23-marzo-a-firenze-campagna-in-corso\/#primaryimage\"},\"thumbnailUrl\":\"https:\/\/www.perunaltracitta.org\/wp-content\/uploads\/2026\/03\/644046762_3018066735056263_5414477751112869475_n.jpg\",\"datePublished\":\"2026-03-03T08:44:12+00:00\",\"dateModified\":\"2026-03-04T18:14:56+00:00\",\"breadcrumb\":{\"@id\":\"https:\/\/www.perunaltracitta.org\/homepage\/2026\/03\/03\/votiamo-no-al-referendum-del-22-23-marzo-a-firenze-campagna-in-corso\/#breadcrumb\"},\"inLanguage\":\"it-IT\",\"potentialAction\":[{\"@type\":\"ReadAction\",\"target\":[\"https:\/\/www.perunaltracitta.org\/homepage\/2026\/03\/03\/votiamo-no-al-referendum-del-22-23-marzo-a-firenze-campagna-in-corso\/\"]}]},{\"@type\":\"ImageObject\",\"inLanguage\":\"it-IT\",\"@id\":\"https:\/\/www.perunaltracitta.org\/homepage\/2026\/03\/03\/votiamo-no-al-referendum-del-22-23-marzo-a-firenze-campagna-in-corso\/#primaryimage\",\"url\":\"https:\/\/www.perunaltracitta.org\/wp-content\/uploads\/2026\/03\/644046762_3018066735056263_5414477751112869475_n.jpg\",\"contentUrl\":\"https:\/\/www.perunaltracitta.org\/wp-content\/uploads\/2026\/03\/644046762_3018066735056263_5414477751112869475_n.jpg\",\"width\":500,\"height\":565},{\"@type\":\"BreadcrumbList\",\"@id\":\"https:\/\/www.perunaltracitta.org\/homepage\/2026\/03\/03\/votiamo-no-al-referendum-del-22-23-marzo-a-firenze-campagna-in-corso\/#breadcrumb\",\"itemListElement\":[{\"@type\":\"ListItem\",\"position\":1,\"name\":\"Home\",\"item\":\"https:\/\/www.perunaltracitta.org\/homepage\/\"},{\"@type\":\"ListItem\",\"position\":2,\"name\":\"Votiamo NO al referendum del 22-23 marzo. A Firenze campagna in corso!\"}]},{\"@type\":\"WebSite\",\"@id\":\"https:\/\/www.perunaltracitta.org\/homepage\/#website\",\"url\":\"https:\/\/www.perunaltracitta.org\/homepage\/\",\"name\":\"La Citt\u00e0 invisibile | perUnaltracitt\u00e0 | Firenze\",\"description\":\"Voci oltre il pensiero unico\",\"publisher\":{\"@id\":\"https:\/\/www.perunaltracitta.org\/homepage\/#organization\"},\"potentialAction\":[{\"@type\":\"SearchAction\",\"target\":{\"@type\":\"EntryPoint\",\"urlTemplate\":\"https:\/\/www.perunaltracitta.org\/homepage\/?s={search_term_string}\"},\"query-input\":{\"@type\":\"PropertyValueSpecification\",\"valueRequired\":true,\"valueName\":\"search_term_string\"}}],\"inLanguage\":\"it-IT\"},{\"@type\":\"Organization\",\"@id\":\"https:\/\/www.perunaltracitta.org\/homepage\/#organization\",\"name\":\"perUnaltracitt\u00e0 - laboratorio politico Firenze\",\"url\":\"https:\/\/www.perunaltracitta.org\/homepage\/\",\"logo\":{\"@type\":\"ImageObject\",\"inLanguage\":\"it-IT\",\"@id\":\"https:\/\/www.perunaltracitta.org\/homepage\/#\/schema\/logo\/image\/\",\"url\":\"https:\/\/www.perunaltracitta.org\/wp-content\/uploads\/2025\/11\/Original-on-Transparent-Copia-af-1.png\",\"contentUrl\":\"https:\/\/www.perunaltracitta.org\/wp-content\/uploads\/2025\/11\/Original-on-Transparent-Copia-af-1.png\",\"width\":600,\"height\":153,\"caption\":\"perUnaltracitt\u00e0 - laboratorio politico Firenze\"},\"image\":{\"@id\":\"https:\/\/www.perunaltracitta.org\/homepage\/#\/schema\/logo\/image\/\"},\"sameAs\":[\"https:\/\/www.facebook.com\/perunaltracitta\",\"https:\/\/x.com\/perunaltracitta\"]},{\"@type\":\"Person\",\"@id\":\"https:\/\/www.perunaltracitta.org\/homepage\/#\/schema\/person\/8c6e9852254dba95f6e10a8cc06719bc\",\"name\":\"Chiara Giunti\",\"image\":{\"@type\":\"ImageObject\",\"inLanguage\":\"it-IT\",\"@id\":\"https:\/\/www.perunaltracitta.org\/homepage\/#\/schema\/person\/image\/\",\"url\":\"https:\/\/www.perunaltracitta.org\/wp-content\/uploads\/2023\/10\/Chiara-Giunti-foto-120x120.jpeg\",\"contentUrl\":\"https:\/\/www.perunaltracitta.org\/wp-content\/uploads\/2023\/10\/Chiara-Giunti-foto-120x120.jpeg\",\"caption\":\"Chiara Giunti\"},\"description\":\"Chiara Giunti \u2013 bibliotecaria per 35 anni nella Biblioteca nazionale di Firenze e tuttora attiva nella formazione professionale e nell\u2019Associazione italiana biblioteche (AIB) \u2013 iniziata alla politica della sinistra di alternativa nel gruppo del Manifesto-Pdup \u201cda ragazza degli anni 70\u201d, ritornataci dopo una lunga pausa nei primi anni Duemila nel Laboratorio per la democrazia e in \u201cUnaltracitt\u00e0-Unaltro mondo\u201d, poi nell\u2019Associazione fiorentina per una Sinistra unita e plurale e quindi in ALBA e in \u201cAltraEuropa\u201d. Nel 2018 ho contribuito a fondare \u201cFirenze Citt\u00e0 Aperta\u201d (FCA) di cui sono stata eletta presidente nello scorso luglio, contemporaneamente sono socia attiva di Mediterranea Firenze dal 2020. Mi piace scrivere e promuovere la lettura, e provo a farlo con la rubrica \u201cMercoled\u00ec leggendo\u201d sulla pagina FB di Palazzuolo Strada Aperta-Biblioteca Torrigiani e con la rassegna di presentazioni \u201cLibri nella citt\u00e0\u201d, i cui video ritrovate su FB e su Youtube. chiaragiunti28@gmail.com\",\"url\":\"https:\/\/www.perunaltracitta.org\/homepage\/author\/chiara-giunti\/\"}]}<\/script>\n<!-- \/ Yoast SEO plugin. -->","yoast_head_json":{"title":"Votiamo NO al referendum del 22-23 marzo. A Firenze campagna in corso! - La Citt\u00e0 invisibile | perUnaltracitt\u00e0 | Firenze","robots":{"index":"index","follow":"follow","max-snippet":"max-snippet:-1","max-image-preview":"max-image-preview:large","max-video-preview":"max-video-preview:-1"},"canonical":"https:\/\/www.perunaltracitta.org\/homepage\/2026\/03\/03\/votiamo-no-al-referendum-del-22-23-marzo-a-firenze-campagna-in-corso\/","og_locale":"it_IT","og_type":"article","og_title":"Votiamo NO al referendum del 22-23 marzo. A Firenze campagna in corso! - La Citt\u00e0 invisibile | perUnaltracitt\u00e0 | Firenze","og_description":"Impressioni di un\u2019attivista Di ritorno dal volantinaggio di luned\u00ec mattina, fra le 10 e le 12 con tavolino e megafono, in Piazza delle Cure e davanti alla vicina Coop: l\u2019impressione \u00e8 di un diffuso e molto largamente prevalente orientamento per il No. Su circa 300 volantini distribuiti soltanto 6 persone non l\u2019hanno preso dichiarandosi convinte &hellip; Votiamo NO al referendum del 22-23 marzo. A Firenze campagna in corso! Leggi altro &raquo;","og_url":"https:\/\/www.perunaltracitta.org\/homepage\/2026\/03\/03\/votiamo-no-al-referendum-del-22-23-marzo-a-firenze-campagna-in-corso\/","og_site_name":"La Citt\u00e0 invisibile | perUnaltracitt\u00e0 | Firenze","article_publisher":"https:\/\/www.facebook.com\/perunaltracitta","article_published_time":"2026-03-03T08:44:12+00:00","article_modified_time":"2026-03-04T18:14:56+00:00","og_image":[{"width":500,"height":565,"url":"https:\/\/www.perunaltracitta.org\/wp-content\/uploads\/2026\/03\/644046762_3018066735056263_5414477751112869475_n.jpg","type":"image\/jpeg"}],"author":"Chiara Giunti","twitter_card":"summary_large_image","twitter_creator":"@perunaltracitta","twitter_site":"@perunaltracitta","twitter_misc":{"Scritto da":"Chiara Giunti","Tempo di lettura stimato":"7 minuti"},"schema":{"@context":"https:\/\/schema.org","@graph":[{"@type":"Article","@id":"https:\/\/www.perunaltracitta.org\/homepage\/2026\/03\/03\/votiamo-no-al-referendum-del-22-23-marzo-a-firenze-campagna-in-corso\/#article","isPartOf":{"@id":"https:\/\/www.perunaltracitta.org\/homepage\/2026\/03\/03\/votiamo-no-al-referendum-del-22-23-marzo-a-firenze-campagna-in-corso\/"},"author":{"name":"Chiara Giunti","@id":"https:\/\/www.perunaltracitta.org\/homepage\/#\/schema\/person\/8c6e9852254dba95f6e10a8cc06719bc"},"headline":"Votiamo NO al referendum del 22-23 marzo. A Firenze campagna in corso!","datePublished":"2026-03-03T08:44:12+00:00","dateModified":"2026-03-04T18:14:56+00:00","mainEntityOfPage":{"@id":"https:\/\/www.perunaltracitta.org\/homepage\/2026\/03\/03\/votiamo-no-al-referendum-del-22-23-marzo-a-firenze-campagna-in-corso\/"},"wordCount":1044,"commentCount":1,"publisher":{"@id":"https:\/\/www.perunaltracitta.org\/homepage\/#organization"},"image":{"@id":"https:\/\/www.perunaltracitta.org\/homepage\/2026\/03\/03\/votiamo-no-al-referendum-del-22-23-marzo-a-firenze-campagna-in-corso\/#primaryimage"},"thumbnailUrl":"https:\/\/www.perunaltracitta.org\/wp-content\/uploads\/2026\/03\/644046762_3018066735056263_5414477751112869475_n.jpg","keywords":["Comitato della Societ\u00e0 civile per il NO","democrazia","diritti","firenze","Referendum giustizia"],"articleSection":["Firenze e dintorni"],"inLanguage":"it-IT","potentialAction":[{"@type":"CommentAction","name":"Comment","target":["https:\/\/www.perunaltracitta.org\/homepage\/2026\/03\/03\/votiamo-no-al-referendum-del-22-23-marzo-a-firenze-campagna-in-corso\/#respond"]}]},{"@type":"WebPage","@id":"https:\/\/www.perunaltracitta.org\/homepage\/2026\/03\/03\/votiamo-no-al-referendum-del-22-23-marzo-a-firenze-campagna-in-corso\/","url":"https:\/\/www.perunaltracitta.org\/homepage\/2026\/03\/03\/votiamo-no-al-referendum-del-22-23-marzo-a-firenze-campagna-in-corso\/","name":"Votiamo NO al referendum del 22-23 marzo. A Firenze campagna in corso! - La Citt\u00e0 invisibile | perUnaltracitt\u00e0 | Firenze","isPartOf":{"@id":"https:\/\/www.perunaltracitta.org\/homepage\/#website"},"primaryImageOfPage":{"@id":"https:\/\/www.perunaltracitta.org\/homepage\/2026\/03\/03\/votiamo-no-al-referendum-del-22-23-marzo-a-firenze-campagna-in-corso\/#primaryimage"},"image":{"@id":"https:\/\/www.perunaltracitta.org\/homepage\/2026\/03\/03\/votiamo-no-al-referendum-del-22-23-marzo-a-firenze-campagna-in-corso\/#primaryimage"},"thumbnailUrl":"https:\/\/www.perunaltracitta.org\/wp-content\/uploads\/2026\/03\/644046762_3018066735056263_5414477751112869475_n.jpg","datePublished":"2026-03-03T08:44:12+00:00","dateModified":"2026-03-04T18:14:56+00:00","breadcrumb":{"@id":"https:\/\/www.perunaltracitta.org\/homepage\/2026\/03\/03\/votiamo-no-al-referendum-del-22-23-marzo-a-firenze-campagna-in-corso\/#breadcrumb"},"inLanguage":"it-IT","potentialAction":[{"@type":"ReadAction","target":["https:\/\/www.perunaltracitta.org\/homepage\/2026\/03\/03\/votiamo-no-al-referendum-del-22-23-marzo-a-firenze-campagna-in-corso\/"]}]},{"@type":"ImageObject","inLanguage":"it-IT","@id":"https:\/\/www.perunaltracitta.org\/homepage\/2026\/03\/03\/votiamo-no-al-referendum-del-22-23-marzo-a-firenze-campagna-in-corso\/#primaryimage","url":"https:\/\/www.perunaltracitta.org\/wp-content\/uploads\/2026\/03\/644046762_3018066735056263_5414477751112869475_n.jpg","contentUrl":"https:\/\/www.perunaltracitta.org\/wp-content\/uploads\/2026\/03\/644046762_3018066735056263_5414477751112869475_n.jpg","width":500,"height":565},{"@type":"BreadcrumbList","@id":"https:\/\/www.perunaltracitta.org\/homepage\/2026\/03\/03\/votiamo-no-al-referendum-del-22-23-marzo-a-firenze-campagna-in-corso\/#breadcrumb","itemListElement":[{"@type":"ListItem","position":1,"name":"Home","item":"https:\/\/www.perunaltracitta.org\/homepage\/"},{"@type":"ListItem","position":2,"name":"Votiamo NO al referendum del 22-23 marzo. A Firenze campagna in corso!"}]},{"@type":"WebSite","@id":"https:\/\/www.perunaltracitta.org\/homepage\/#website","url":"https:\/\/www.perunaltracitta.org\/homepage\/","name":"La Citt\u00e0 invisibile | perUnaltracitt\u00e0 | Firenze","description":"Voci oltre il pensiero unico","publisher":{"@id":"https:\/\/www.perunaltracitta.org\/homepage\/#organization"},"potentialAction":[{"@type":"SearchAction","target":{"@type":"EntryPoint","urlTemplate":"https:\/\/www.perunaltracitta.org\/homepage\/?s={search_term_string}"},"query-input":{"@type":"PropertyValueSpecification","valueRequired":true,"valueName":"search_term_string"}}],"inLanguage":"it-IT"},{"@type":"Organization","@id":"https:\/\/www.perunaltracitta.org\/homepage\/#organization","name":"perUnaltracitt\u00e0 - laboratorio politico Firenze","url":"https:\/\/www.perunaltracitta.org\/homepage\/","logo":{"@type":"ImageObject","inLanguage":"it-IT","@id":"https:\/\/www.perunaltracitta.org\/homepage\/#\/schema\/logo\/image\/","url":"https:\/\/www.perunaltracitta.org\/wp-content\/uploads\/2025\/11\/Original-on-Transparent-Copia-af-1.png","contentUrl":"https:\/\/www.perunaltracitta.org\/wp-content\/uploads\/2025\/11\/Original-on-Transparent-Copia-af-1.png","width":600,"height":153,"caption":"perUnaltracitt\u00e0 - laboratorio politico Firenze"},"image":{"@id":"https:\/\/www.perunaltracitta.org\/homepage\/#\/schema\/logo\/image\/"},"sameAs":["https:\/\/www.facebook.com\/perunaltracitta","https:\/\/x.com\/perunaltracitta"]},{"@type":"Person","@id":"https:\/\/www.perunaltracitta.org\/homepage\/#\/schema\/person\/8c6e9852254dba95f6e10a8cc06719bc","name":"Chiara Giunti","image":{"@type":"ImageObject","inLanguage":"it-IT","@id":"https:\/\/www.perunaltracitta.org\/homepage\/#\/schema\/person\/image\/","url":"https:\/\/www.perunaltracitta.org\/wp-content\/uploads\/2023\/10\/Chiara-Giunti-foto-120x120.jpeg","contentUrl":"https:\/\/www.perunaltracitta.org\/wp-content\/uploads\/2023\/10\/Chiara-Giunti-foto-120x120.jpeg","caption":"Chiara Giunti"},"description":"Chiara Giunti \u2013 bibliotecaria per 35 anni nella Biblioteca nazionale di Firenze e tuttora attiva nella formazione professionale e nell\u2019Associazione italiana biblioteche (AIB) \u2013 iniziata alla politica della sinistra di alternativa nel gruppo del Manifesto-Pdup \u201cda ragazza degli anni 70\u201d, ritornataci dopo una lunga pausa nei primi anni Duemila nel Laboratorio per la democrazia e in \u201cUnaltracitt\u00e0-Unaltro mondo\u201d, poi nell\u2019Associazione fiorentina per una Sinistra unita e plurale e quindi in ALBA e in \u201cAltraEuropa\u201d. Nel 2018 ho contribuito a fondare \u201cFirenze Citt\u00e0 Aperta\u201d (FCA) di cui sono stata eletta presidente nello scorso luglio, contemporaneamente sono socia attiva di Mediterranea Firenze dal 2020. Mi piace scrivere e promuovere la lettura, e provo a farlo con la rubrica \u201cMercoled\u00ec leggendo\u201d sulla pagina FB di Palazzuolo Strada Aperta-Biblioteca Torrigiani e con la rassegna di presentazioni \u201cLibri nella citt\u00e0\u201d, i cui video ritrovate su FB e su Youtube. chiaragiunti28@gmail.com","url":"https:\/\/www.perunaltracitta.org\/homepage\/author\/chiara-giunti\/"}]}},"uagb_featured_image_src":{"full":["https:\/\/www.perunaltracitta.org\/wp-content\/uploads\/2026\/03\/644046762_3018066735056263_5414477751112869475_n.jpg",500,565,false],"thumbnail":["https:\/\/www.perunaltracitta.org\/wp-content\/uploads\/2026\/03\/644046762_3018066735056263_5414477751112869475_n-150x150.jpg",150,150,true],"medium":["https:\/\/www.perunaltracitta.org\/wp-content\/uploads\/2026\/03\/644046762_3018066735056263_5414477751112869475_n-265x300.jpg",265,300,true],"medium_large":["https:\/\/www.perunaltracitta.org\/wp-content\/uploads\/2026\/03\/644046762_3018066735056263_5414477751112869475_n.jpg",500,565,false],"large":["https:\/\/www.perunaltracitta.org\/wp-content\/uploads\/2026\/03\/644046762_3018066735056263_5414477751112869475_n.jpg",500,565,false],"wysija-newsletters-max":["https:\/\/www.perunaltracitta.org\/wp-content\/uploads\/2026\/03\/644046762_3018066735056263_5414477751112869475_n.jpg",500,565,false],"1536x1536":["https:\/\/www.perunaltracitta.org\/wp-content\/uploads\/2026\/03\/644046762_3018066735056263_5414477751112869475_n.jpg",500,565,false],"2048x2048":["https:\/\/www.perunaltracitta.org\/wp-content\/uploads\/2026\/03\/644046762_3018066735056263_5414477751112869475_n.jpg",500,565,false],"mailpoet_newsletter_max":["https:\/\/www.perunaltracitta.org\/wp-content\/uploads\/2026\/03\/644046762_3018066735056263_5414477751112869475_n.jpg",500,565,false],"yarpp-thumbnail":["https:\/\/www.perunaltracitta.org\/wp-content\/uploads\/2026\/03\/644046762_3018066735056263_5414477751112869475_n-120x120.jpg",120,120,true]},"uagb_author_info":{"display_name":"Chiara Giunti","author_link":"https:\/\/www.perunaltracitta.org\/homepage\/author\/chiara-giunti\/"},"uagb_comment_info":1,"uagb_excerpt":"Impressioni di un\u2019attivista Di ritorno dal volantinaggio di luned\u00ec mattina, fra le 10 e le 12 con tavolino e megafono, in Piazza delle Cure e davanti alla vicina Coop: l\u2019impressione \u00e8 di un diffuso e molto largamente prevalente orientamento per il No. Su circa 300 volantini distribuiti soltanto 6 persone non l\u2019hanno preso dichiarandosi convinte&hellip;","_links":{"self":[{"href":"https:\/\/www.perunaltracitta.org\/homepage\/wp-json\/wp\/v2\/posts\/101684","targetHints":{"allow":["GET"]}}],"collection":[{"href":"https:\/\/www.perunaltracitta.org\/homepage\/wp-json\/wp\/v2\/posts"}],"about":[{"href":"https:\/\/www.perunaltracitta.org\/homepage\/wp-json\/wp\/v2\/types\/post"}],"author":[{"embeddable":true,"href":"https:\/\/www.perunaltracitta.org\/homepage\/wp-json\/wp\/v2\/users\/505"}],"replies":[{"embeddable":true,"href":"https:\/\/www.perunaltracitta.org\/homepage\/wp-json\/wp\/v2\/comments?post=101684"}],"version-history":[{"count":4,"href":"https:\/\/www.perunaltracitta.org\/homepage\/wp-json\/wp\/v2\/posts\/101684\/revisions"}],"predecessor-version":[{"id":101742,"href":"https:\/\/www.perunaltracitta.org\/homepage\/wp-json\/wp\/v2\/posts\/101684\/revisions\/101742"}],"wp:featuredmedia":[{"embeddable":true,"href":"https:\/\/www.perunaltracitta.org\/homepage\/wp-json\/wp\/v2\/media\/101687"}],"wp:attachment":[{"href":"https:\/\/www.perunaltracitta.org\/homepage\/wp-json\/wp\/v2\/media?parent=101684"}],"wp:term":[{"taxonomy":"category","embeddable":true,"href":"https:\/\/www.perunaltracitta.org\/homepage\/wp-json\/wp\/v2\/categories?post=101684"},{"taxonomy":"post_tag","embeddable":true,"href":"https:\/\/www.perunaltracitta.org\/homepage\/wp-json\/wp\/v2\/tags?post=101684"}],"curies":[{"name":"wp","href":"https:\/\/api.w.org\/{rel}","templated":true}]}}