{"id":101944,"date":"2026-03-23T15:09:50","date_gmt":"2026-03-23T14:09:50","guid":{"rendered":"https:\/\/www.perunaltracitta.org\/homepage\/?p=101944"},"modified":"2026-03-25T09:08:12","modified_gmt":"2026-03-25T08:08:12","slug":"carceri-italiane-e-castighi-razziali-il-riflesso-di-politiche-migratorie-restrittive","status":"publish","type":"post","link":"https:\/\/www.perunaltracitta.org\/homepage\/2026\/03\/23\/carceri-italiane-e-castighi-razziali-il-riflesso-di-politiche-migratorie-restrittive\/","title":{"rendered":"Carceri italiane e castighi razziali: il riflesso di politiche migratorie restrittive"},"content":{"rendered":"<p><span style=\"font-weight: 400;\">\u201cAboliamo le prigioni\u201d, scrive Angela Davis, studiosa e militante del movimento americano per i diritti civili sin dagli anni Sessanta. &#8220;Le prigioni sono classiste, sessiste e razziste&#8221;. E aggiunge: \u201cMolti membri delle comunit\u00e0 nere, latinoamericane e di nativi americani hanno molte pi\u00f9 opportunit\u00e0 di finire in carcere che di ottenere un\u2019istruzione decente\u201d. Questo sembra valido anche nel contesto italiano. Secondo il XXI rapporto dell\u2019associazione Antigone sulle condizioni di detenzione nelle carceri italiani, al <\/span><span style=\"font-weight: 400;\">30 aprile 2025 le persone detenute nelle carceri italiane\u00a0 erano 62.445 e gli stranieri 19.660, rappresentando il 31,6% del totale. Sono 40 gli istituti in cui la presenza delle persone straniere supera della met\u00e0 la popolazione detenuta italiana tra questi figurano le Case Circondariali di Firenze sia \u201cSollicciano\u201d (64,2%) che \u201cMario Gozzini\u201d (56%), quella di Grosseto (54,2%), la Casa Circondariale di Prato (53,8%), a seguire quella di Arezzo (53,7%) e di Pisa (53%).\u00a0<\/span><\/p>\n<p><span style=\"font-weight: 400;\">\u201cLa maggior parte di queste persone \u00e8 originaria di paesi che hanno subito una notevole stretta rispetto alla possibilit\u00e0 di accedere a permessi di soggiorno\u201d, si legge sul report \u2018Senza Respiro\u2019 di Antigone. Infatti a seguito del <\/span><span style=\"font-weight: 400;\">\u201cdecreto Cutro\u201d, DL del 10 marzo 2023 n. 20, i <\/span><span style=\"font-weight: 400;\">permessi di soggiorno per protezione speciale, calamit\u00e0 e cure mediche<\/span><span style=\"font-weight: 400;\"> non sono pi\u00f9 convertibili in un permesso per motivi di lavoro.<\/span><span style=\"font-weight: 400;\"> Questo comporta una maggiore precariet\u00e0 a livello lavorativo per le persone che, <\/span><i><span style=\"font-weight: 400;\">sans papier, <\/span><\/i><span style=\"font-weight: 400;\">diventano lavoratori ancora pi\u00f9 ricattabili poich\u00e9 l\u2019unica soluzione \u00e8 lavorare senza alcuna tutela rispetto ai contratti collettivi nazionali.\u00a0<\/span><\/p>\n<p><span style=\"font-weight: 400;\"><img loading=\"lazy\" decoding=\"async\" class=\"alignleft wp-image-101971 \" src=\"https:\/\/www.perunaltracitta.org\/wp-content\/uploads\/2026\/03\/499478.jpg\" alt=\"\" width=\"598\" height=\"317\" srcset=\"https:\/\/www.perunaltracitta.org\/wp-content\/uploads\/2026\/03\/499478.jpg 630w, https:\/\/www.perunaltracitta.org\/wp-content\/uploads\/2026\/03\/499478-300x159.jpg 300w, https:\/\/www.perunaltracitta.org\/wp-content\/uploads\/2026\/03\/499478-600x318.jpg 600w\" sizes=\"auto, (max-width: 598px) 100vw, 598px\" \/>Inoltre, in carcere resta cruciale la difficolt\u00e0 ad accedere ai mediatori culturali: ogni 100 detenuti stranieri presenti al 31 dicembre 2024 erano disponibili 1,7 mediatori. <\/span><span style=\"font-weight: 400;\">\u201cQuando mi hanno portato in commissariato, non capivo l\u2019italiano e due poliziotti mi hanno rotto il braccio. Ho trascorso due mesi in prigione senza ricevere alcun aiuto n\u00e9 da un medico n\u00e9 da altri\u201d, mi racconta Ahmed (nome di fantasia), 19 anni, originario del Marocco. <\/span><span style=\"font-weight: 400;\">L\u2019ho incontrato sulla frontiera italo-francese, un passaggio obbligato per chi tenta <\/span><span style=\"font-weight: 400;\">la <\/span>sanatoria<span style=\"font-weight: 400;\"> spagnola che permetter\u00e0 la regolarizzazione di mezzo milione di migranti entro il 2026. Tuttavia la sanatoria <\/span>\u00e8<span style=\"font-weight: 400;\"> rivolta alle persone migranti gi\u00e0 residenti in <\/span>Spagna<span style=\"font-weight: 400;\"> negli ultimi cinque mesi del 2025 &#8211; o a chi riuscir\u00e0 a dimostrarlo, pagando caro anche questo<\/span><span style=\"font-weight: 400;\">. Quando \u00e8 stato arrestato a Torino, Ahmed era sotto l\u2019effetto dell\u2019Erika che costa solo un euro e cinquanta a pasticca. <\/span><span style=\"font-weight: 400;\">Gli chiedo che effetto d\u00e0 questa droga: \u201cQuando prendi quelle pillole, sembra tutto pi\u00f9 facile. Ma perdi anche il controllo, per questo dopo aver rubato non le ho pi\u00f9 usate\u201d. Ahmed ha affrontato le violenze della <\/span><span style=\"font-weight: 400;\">Rotta balcanica da minorenne, \u00e8 partito che aveva 15 anni perch\u00e9 in Marocco lavorava per dieci euro al giorno. Per le persone del Maghreb non c\u2019\u00e8 nessuna possibilit\u00e0 di ottenere un visto per cui l\u2019unico modo di raggiungere l\u2019Europa \u00e8 l\u2019Harraga: il viaggio attraverso le frontiere senza documenti. Harraga (<\/span> <span style=\"font-weight: 400;\">\u062d\u0631\u0627\u0642\u0629) <\/span><span style=\"font-weight: 400;\">si traduce con \u201cinfuocato\u201d, \u00e8 un\u2019espressione che rimanda alla pratica di bruciare i documenti prima di partire ma anche ad un sentimento di tristezza.\u00a0<\/span><\/p>\n<p><span style=\"font-weight: 400;\">Domando ad Ahmed se c\u2019\u00e8 qualcuno che \u00e8 a conoscenza degli abusi subiti in Questura, ma lo sanno solo suo padre e suo zio con cui &#8211; dopo due mesi in carcere &#8211; \u00e8 riuscito a mettersi in contatto. <\/span><span style=\"font-weight: 400;\">\u201cSo\u2019 caduto dalle scale\u201d, ripete<\/span><span style=\"font-weight: 400;\"> Alessandro Borghi <\/span><span style=\"font-weight: 400;\">che interpreta Stefano Cucchi nel film \u2018Sulla mia pelle\u2019. D\u2019altra parte, come ha sottolineato la critica culturale Gina Dent, la nostra familiarit\u00e0 con le prigioni deriva solo dalle rappresentazioni nei film poich\u00e9 lasciamo che il carcere prenda in consegna \u201cgli individui indesiderati, sollevandoci dalla responsabilit\u00e0 di riflettere sulle reali problematiche che affliggono le comunit\u00e0 da cui i detenuti provengono in numeri cos\u00ec spropositati\u201d (Davis, 2022, p. 17).\u00a0<\/span><\/p>\n","protected":false},"excerpt":{"rendered":"<p>\u201cAboliamo le prigioni\u201d, scrive Angela Davis, studiosa e militante del movimento americano per i diritti civili sin dagli anni Sessanta. &#8220;Le prigioni sono classiste, sessiste e razziste&#8221;. E aggiunge: \u201cMolti membri delle comunit\u00e0 nere, latinoamericane e di nativi americani hanno molte pi\u00f9 opportunit\u00e0 di finire in carcere che di ottenere un\u2019istruzione decente\u201d. Questo sembra valido &hellip;<\/p>\n<p class=\"read-more\"> <a class=\"\" href=\"https:\/\/www.perunaltracitta.org\/homepage\/2026\/03\/23\/carceri-italiane-e-castighi-razziali-il-riflesso-di-politiche-migratorie-restrittive\/\"> <span class=\"screen-reader-text\">Carceri italiane e castighi razziali: il riflesso di politiche migratorie restrittive<\/span> Leggi altro &raquo;<\/a><\/p>\n","protected":false},"author":562,"featured_media":101971,"comment_status":"open","ping_status":"open","sticky":false,"template":"","format":"standard","meta":{"_uag_custom_page_level_css":"","site-sidebar-layout":"default","site-content-layout":"default","ast-global-header-display":"","ast-main-header-display":"","ast-hfb-above-header-display":"","ast-hfb-below-header-display":"","ast-hfb-mobile-header-display":"","site-post-title":"","ast-breadcrumbs-content":"","ast-featured-img":"","footer-sml-layout":"","theme-transparent-header-meta":"default","adv-header-id-meta":"","stick-header-meta":"","header-above-stick-meta":"","header-main-stick-meta":"","header-below-stick-meta":"","footnotes":""},"categories":[7121,4130],"tags":[1675,7287,1988,579,256],"class_list":["post-101944","post","type-post","status-publish","format-standard","has-post-thumbnail","hentry","category-abitare-il-quotidiano","category-primo-piano","tag-abusi-in-divisa","tag-angela-davis","tag-antigone","tag-carcere","tag-diritti"],"yoast_head":"<!-- This site is optimized with the Yoast SEO plugin v25.1 - https:\/\/yoast.com\/wordpress\/plugins\/seo\/ -->\n<title>Carceri italiane e castighi razziali: il riflesso di politiche migratorie restrittive - La Citt\u00e0 invisibile | perUnaltracitt\u00e0 | Firenze<\/title>\n<meta name=\"robots\" content=\"index, follow, max-snippet:-1, max-image-preview:large, max-video-preview:-1\" \/>\n<link rel=\"canonical\" href=\"https:\/\/www.perunaltracitta.org\/homepage\/2026\/03\/23\/carceri-italiane-e-castighi-razziali-il-riflesso-di-politiche-migratorie-restrittive\/\" \/>\n<meta property=\"og:locale\" content=\"it_IT\" \/>\n<meta property=\"og:type\" content=\"article\" \/>\n<meta property=\"og:title\" content=\"Carceri italiane e castighi razziali: il riflesso di politiche migratorie restrittive - La Citt\u00e0 invisibile | perUnaltracitt\u00e0 | Firenze\" \/>\n<meta property=\"og:description\" content=\"\u201cAboliamo le prigioni\u201d, scrive Angela Davis, studiosa e militante del movimento americano per i diritti civili sin dagli anni Sessanta. &#8220;Le prigioni sono classiste, sessiste e razziste&#8221;. E aggiunge: \u201cMolti membri delle comunit\u00e0 nere, latinoamericane e di nativi americani hanno molte pi\u00f9 opportunit\u00e0 di finire in carcere che di ottenere un\u2019istruzione decente\u201d. Questo sembra valido &hellip; Carceri italiane e castighi razziali: il riflesso di politiche migratorie restrittive Leggi altro &raquo;\" \/>\n<meta property=\"og:url\" content=\"https:\/\/www.perunaltracitta.org\/homepage\/2026\/03\/23\/carceri-italiane-e-castighi-razziali-il-riflesso-di-politiche-migratorie-restrittive\/\" \/>\n<meta property=\"og:site_name\" content=\"La Citt\u00e0 invisibile | perUnaltracitt\u00e0 | Firenze\" \/>\n<meta property=\"article:publisher\" content=\"https:\/\/www.facebook.com\/perunaltracitta\" \/>\n<meta property=\"article:published_time\" content=\"2026-03-23T14:09:50+00:00\" \/>\n<meta property=\"article:modified_time\" content=\"2026-03-25T08:08:12+00:00\" \/>\n<meta property=\"og:image\" content=\"https:\/\/www.perunaltracitta.org\/wp-content\/uploads\/2026\/03\/499478.jpg\" \/>\n\t<meta property=\"og:image:width\" content=\"630\" \/>\n\t<meta property=\"og:image:height\" content=\"334\" \/>\n\t<meta property=\"og:image:type\" content=\"image\/jpeg\" \/>\n<meta name=\"author\" content=\"Erika Greco\" \/>\n<meta name=\"twitter:card\" content=\"summary_large_image\" \/>\n<meta name=\"twitter:creator\" content=\"@perunaltracitta\" \/>\n<meta name=\"twitter:site\" content=\"@perunaltracitta\" \/>\n<meta name=\"twitter:label1\" content=\"Scritto da\" \/>\n\t<meta name=\"twitter:data1\" content=\"Erika Greco\" \/>\n\t<meta name=\"twitter:label2\" content=\"Tempo di lettura stimato\" \/>\n\t<meta name=\"twitter:data2\" content=\"4 minuti\" \/>\n<script type=\"application\/ld+json\" class=\"yoast-schema-graph\">{\"@context\":\"https:\/\/schema.org\",\"@graph\":[{\"@type\":\"Article\",\"@id\":\"https:\/\/www.perunaltracitta.org\/homepage\/2026\/03\/23\/carceri-italiane-e-castighi-razziali-il-riflesso-di-politiche-migratorie-restrittive\/#article\",\"isPartOf\":{\"@id\":\"https:\/\/www.perunaltracitta.org\/homepage\/2026\/03\/23\/carceri-italiane-e-castighi-razziali-il-riflesso-di-politiche-migratorie-restrittive\/\"},\"author\":{\"name\":\"Erika Greco\",\"@id\":\"https:\/\/www.perunaltracitta.org\/homepage\/#\/schema\/person\/ff46204d6af6a2feffa6e8dbca60fc1c\"},\"headline\":\"Carceri italiane e castighi razziali: il riflesso di politiche migratorie restrittive\",\"datePublished\":\"2026-03-23T14:09:50+00:00\",\"dateModified\":\"2026-03-25T08:08:12+00:00\",\"mainEntityOfPage\":{\"@id\":\"https:\/\/www.perunaltracitta.org\/homepage\/2026\/03\/23\/carceri-italiane-e-castighi-razziali-il-riflesso-di-politiche-migratorie-restrittive\/\"},\"wordCount\":602,\"commentCount\":0,\"publisher\":{\"@id\":\"https:\/\/www.perunaltracitta.org\/homepage\/#organization\"},\"image\":{\"@id\":\"https:\/\/www.perunaltracitta.org\/homepage\/2026\/03\/23\/carceri-italiane-e-castighi-razziali-il-riflesso-di-politiche-migratorie-restrittive\/#primaryimage\"},\"thumbnailUrl\":\"https:\/\/www.perunaltracitta.org\/wp-content\/uploads\/2026\/03\/499478.jpg\",\"keywords\":[\"abusi in divisa\",\"Angela Davis\",\"Antigone\",\"carcere\",\"diritti\"],\"articleSection\":[\"Abitare il quotidiano\",\"In evidenza\"],\"inLanguage\":\"it-IT\",\"potentialAction\":[{\"@type\":\"CommentAction\",\"name\":\"Comment\",\"target\":[\"https:\/\/www.perunaltracitta.org\/homepage\/2026\/03\/23\/carceri-italiane-e-castighi-razziali-il-riflesso-di-politiche-migratorie-restrittive\/#respond\"]}]},{\"@type\":\"WebPage\",\"@id\":\"https:\/\/www.perunaltracitta.org\/homepage\/2026\/03\/23\/carceri-italiane-e-castighi-razziali-il-riflesso-di-politiche-migratorie-restrittive\/\",\"url\":\"https:\/\/www.perunaltracitta.org\/homepage\/2026\/03\/23\/carceri-italiane-e-castighi-razziali-il-riflesso-di-politiche-migratorie-restrittive\/\",\"name\":\"Carceri italiane e castighi razziali: il riflesso di politiche migratorie restrittive - La Citt\u00e0 invisibile | perUnaltracitt\u00e0 | Firenze\",\"isPartOf\":{\"@id\":\"https:\/\/www.perunaltracitta.org\/homepage\/#website\"},\"primaryImageOfPage\":{\"@id\":\"https:\/\/www.perunaltracitta.org\/homepage\/2026\/03\/23\/carceri-italiane-e-castighi-razziali-il-riflesso-di-politiche-migratorie-restrittive\/#primaryimage\"},\"image\":{\"@id\":\"https:\/\/www.perunaltracitta.org\/homepage\/2026\/03\/23\/carceri-italiane-e-castighi-razziali-il-riflesso-di-politiche-migratorie-restrittive\/#primaryimage\"},\"thumbnailUrl\":\"https:\/\/www.perunaltracitta.org\/wp-content\/uploads\/2026\/03\/499478.jpg\",\"datePublished\":\"2026-03-23T14:09:50+00:00\",\"dateModified\":\"2026-03-25T08:08:12+00:00\",\"breadcrumb\":{\"@id\":\"https:\/\/www.perunaltracitta.org\/homepage\/2026\/03\/23\/carceri-italiane-e-castighi-razziali-il-riflesso-di-politiche-migratorie-restrittive\/#breadcrumb\"},\"inLanguage\":\"it-IT\",\"potentialAction\":[{\"@type\":\"ReadAction\",\"target\":[\"https:\/\/www.perunaltracitta.org\/homepage\/2026\/03\/23\/carceri-italiane-e-castighi-razziali-il-riflesso-di-politiche-migratorie-restrittive\/\"]}]},{\"@type\":\"ImageObject\",\"inLanguage\":\"it-IT\",\"@id\":\"https:\/\/www.perunaltracitta.org\/homepage\/2026\/03\/23\/carceri-italiane-e-castighi-razziali-il-riflesso-di-politiche-migratorie-restrittive\/#primaryimage\",\"url\":\"https:\/\/www.perunaltracitta.org\/wp-content\/uploads\/2026\/03\/499478.jpg\",\"contentUrl\":\"https:\/\/www.perunaltracitta.org\/wp-content\/uploads\/2026\/03\/499478.jpg\",\"width\":630,\"height\":334},{\"@type\":\"BreadcrumbList\",\"@id\":\"https:\/\/www.perunaltracitta.org\/homepage\/2026\/03\/23\/carceri-italiane-e-castighi-razziali-il-riflesso-di-politiche-migratorie-restrittive\/#breadcrumb\",\"itemListElement\":[{\"@type\":\"ListItem\",\"position\":1,\"name\":\"Home\",\"item\":\"https:\/\/www.perunaltracitta.org\/homepage\/\"},{\"@type\":\"ListItem\",\"position\":2,\"name\":\"Carceri italiane e castighi razziali: il riflesso di politiche migratorie restrittive\"}]},{\"@type\":\"WebSite\",\"@id\":\"https:\/\/www.perunaltracitta.org\/homepage\/#website\",\"url\":\"https:\/\/www.perunaltracitta.org\/homepage\/\",\"name\":\"La Citt\u00e0 invisibile | perUnaltracitt\u00e0 | Firenze\",\"description\":\"Voci oltre il pensiero unico\",\"publisher\":{\"@id\":\"https:\/\/www.perunaltracitta.org\/homepage\/#organization\"},\"potentialAction\":[{\"@type\":\"SearchAction\",\"target\":{\"@type\":\"EntryPoint\",\"urlTemplate\":\"https:\/\/www.perunaltracitta.org\/homepage\/?s={search_term_string}\"},\"query-input\":{\"@type\":\"PropertyValueSpecification\",\"valueRequired\":true,\"valueName\":\"search_term_string\"}}],\"inLanguage\":\"it-IT\"},{\"@type\":\"Organization\",\"@id\":\"https:\/\/www.perunaltracitta.org\/homepage\/#organization\",\"name\":\"perUnaltracitt\u00e0 - laboratorio politico Firenze\",\"url\":\"https:\/\/www.perunaltracitta.org\/homepage\/\",\"logo\":{\"@type\":\"ImageObject\",\"inLanguage\":\"it-IT\",\"@id\":\"https:\/\/www.perunaltracitta.org\/homepage\/#\/schema\/logo\/image\/\",\"url\":\"https:\/\/www.perunaltracitta.org\/wp-content\/uploads\/2025\/11\/Original-on-Transparent-Copia-af-1.png\",\"contentUrl\":\"https:\/\/www.perunaltracitta.org\/wp-content\/uploads\/2025\/11\/Original-on-Transparent-Copia-af-1.png\",\"width\":600,\"height\":153,\"caption\":\"perUnaltracitt\u00e0 - laboratorio politico Firenze\"},\"image\":{\"@id\":\"https:\/\/www.perunaltracitta.org\/homepage\/#\/schema\/logo\/image\/\"},\"sameAs\":[\"https:\/\/www.facebook.com\/perunaltracitta\",\"https:\/\/x.com\/perunaltracitta\"]},{\"@type\":\"Person\",\"@id\":\"https:\/\/www.perunaltracitta.org\/homepage\/#\/schema\/person\/ff46204d6af6a2feffa6e8dbca60fc1c\",\"name\":\"Erika Greco\",\"image\":{\"@type\":\"ImageObject\",\"inLanguage\":\"it-IT\",\"@id\":\"https:\/\/www.perunaltracitta.org\/homepage\/#\/schema\/person\/image\/\",\"url\":\"https:\/\/www.perunaltracitta.org\/wp-content\/uploads\/2025\/04\/ErikaGreco-120x120.jpg\",\"contentUrl\":\"https:\/\/www.perunaltracitta.org\/wp-content\/uploads\/2025\/04\/ErikaGreco-120x120.jpg\",\"caption\":\"Erika Greco\"},\"description\":\"Dopo la laurea in Sviluppo economico e Cooperazione Internazionale, mi sono presa un anno sabbatico per Londra e poi l'India, infine per vedere i proiettili sui muri a Sarajevo. Tornata in Italia ho lavorato prima nei Centri di Accoglienza Straordinaria come insegnante L2 e operatrice legale, dopo nella scuola Secondaria di II\u00b0 come docente di sostegno e di Filosofia e Scienze Umane. Da quest\u2019esperienza nasce il mio blog \u201cLettera da un professionale\u201d https:\/\/letteradaunprofessionale.wordpress.com\/chi-sono\/. Al momento sono dottoranda in Peace Studies presso La Sapienza con una ricerca sulle\u00a0migrazioni.\",\"sameAs\":[\"https:\/\/letteradaunprofessionale.wordpress.com\/\"],\"url\":\"https:\/\/www.perunaltracitta.org\/homepage\/author\/erika-greco\/\"}]}<\/script>\n<!-- \/ Yoast SEO plugin. -->","yoast_head_json":{"title":"Carceri italiane e castighi razziali: il riflesso di politiche migratorie restrittive - La Citt\u00e0 invisibile | perUnaltracitt\u00e0 | Firenze","robots":{"index":"index","follow":"follow","max-snippet":"max-snippet:-1","max-image-preview":"max-image-preview:large","max-video-preview":"max-video-preview:-1"},"canonical":"https:\/\/www.perunaltracitta.org\/homepage\/2026\/03\/23\/carceri-italiane-e-castighi-razziali-il-riflesso-di-politiche-migratorie-restrittive\/","og_locale":"it_IT","og_type":"article","og_title":"Carceri italiane e castighi razziali: il riflesso di politiche migratorie restrittive - La Citt\u00e0 invisibile | perUnaltracitt\u00e0 | Firenze","og_description":"\u201cAboliamo le prigioni\u201d, scrive Angela Davis, studiosa e militante del movimento americano per i diritti civili sin dagli anni Sessanta. &#8220;Le prigioni sono classiste, sessiste e razziste&#8221;. E aggiunge: \u201cMolti membri delle comunit\u00e0 nere, latinoamericane e di nativi americani hanno molte pi\u00f9 opportunit\u00e0 di finire in carcere che di ottenere un\u2019istruzione decente\u201d. Questo sembra valido &hellip; Carceri italiane e castighi razziali: il riflesso di politiche migratorie restrittive Leggi altro &raquo;","og_url":"https:\/\/www.perunaltracitta.org\/homepage\/2026\/03\/23\/carceri-italiane-e-castighi-razziali-il-riflesso-di-politiche-migratorie-restrittive\/","og_site_name":"La Citt\u00e0 invisibile | perUnaltracitt\u00e0 | Firenze","article_publisher":"https:\/\/www.facebook.com\/perunaltracitta","article_published_time":"2026-03-23T14:09:50+00:00","article_modified_time":"2026-03-25T08:08:12+00:00","og_image":[{"width":630,"height":334,"url":"https:\/\/www.perunaltracitta.org\/wp-content\/uploads\/2026\/03\/499478.jpg","type":"image\/jpeg"}],"author":"Erika Greco","twitter_card":"summary_large_image","twitter_creator":"@perunaltracitta","twitter_site":"@perunaltracitta","twitter_misc":{"Scritto da":"Erika Greco","Tempo di lettura stimato":"4 minuti"},"schema":{"@context":"https:\/\/schema.org","@graph":[{"@type":"Article","@id":"https:\/\/www.perunaltracitta.org\/homepage\/2026\/03\/23\/carceri-italiane-e-castighi-razziali-il-riflesso-di-politiche-migratorie-restrittive\/#article","isPartOf":{"@id":"https:\/\/www.perunaltracitta.org\/homepage\/2026\/03\/23\/carceri-italiane-e-castighi-razziali-il-riflesso-di-politiche-migratorie-restrittive\/"},"author":{"name":"Erika Greco","@id":"https:\/\/www.perunaltracitta.org\/homepage\/#\/schema\/person\/ff46204d6af6a2feffa6e8dbca60fc1c"},"headline":"Carceri italiane e castighi razziali: il riflesso di politiche migratorie restrittive","datePublished":"2026-03-23T14:09:50+00:00","dateModified":"2026-03-25T08:08:12+00:00","mainEntityOfPage":{"@id":"https:\/\/www.perunaltracitta.org\/homepage\/2026\/03\/23\/carceri-italiane-e-castighi-razziali-il-riflesso-di-politiche-migratorie-restrittive\/"},"wordCount":602,"commentCount":0,"publisher":{"@id":"https:\/\/www.perunaltracitta.org\/homepage\/#organization"},"image":{"@id":"https:\/\/www.perunaltracitta.org\/homepage\/2026\/03\/23\/carceri-italiane-e-castighi-razziali-il-riflesso-di-politiche-migratorie-restrittive\/#primaryimage"},"thumbnailUrl":"https:\/\/www.perunaltracitta.org\/wp-content\/uploads\/2026\/03\/499478.jpg","keywords":["abusi in divisa","Angela Davis","Antigone","carcere","diritti"],"articleSection":["Abitare il quotidiano","In evidenza"],"inLanguage":"it-IT","potentialAction":[{"@type":"CommentAction","name":"Comment","target":["https:\/\/www.perunaltracitta.org\/homepage\/2026\/03\/23\/carceri-italiane-e-castighi-razziali-il-riflesso-di-politiche-migratorie-restrittive\/#respond"]}]},{"@type":"WebPage","@id":"https:\/\/www.perunaltracitta.org\/homepage\/2026\/03\/23\/carceri-italiane-e-castighi-razziali-il-riflesso-di-politiche-migratorie-restrittive\/","url":"https:\/\/www.perunaltracitta.org\/homepage\/2026\/03\/23\/carceri-italiane-e-castighi-razziali-il-riflesso-di-politiche-migratorie-restrittive\/","name":"Carceri italiane e castighi razziali: il riflesso di politiche migratorie restrittive - La Citt\u00e0 invisibile | perUnaltracitt\u00e0 | Firenze","isPartOf":{"@id":"https:\/\/www.perunaltracitta.org\/homepage\/#website"},"primaryImageOfPage":{"@id":"https:\/\/www.perunaltracitta.org\/homepage\/2026\/03\/23\/carceri-italiane-e-castighi-razziali-il-riflesso-di-politiche-migratorie-restrittive\/#primaryimage"},"image":{"@id":"https:\/\/www.perunaltracitta.org\/homepage\/2026\/03\/23\/carceri-italiane-e-castighi-razziali-il-riflesso-di-politiche-migratorie-restrittive\/#primaryimage"},"thumbnailUrl":"https:\/\/www.perunaltracitta.org\/wp-content\/uploads\/2026\/03\/499478.jpg","datePublished":"2026-03-23T14:09:50+00:00","dateModified":"2026-03-25T08:08:12+00:00","breadcrumb":{"@id":"https:\/\/www.perunaltracitta.org\/homepage\/2026\/03\/23\/carceri-italiane-e-castighi-razziali-il-riflesso-di-politiche-migratorie-restrittive\/#breadcrumb"},"inLanguage":"it-IT","potentialAction":[{"@type":"ReadAction","target":["https:\/\/www.perunaltracitta.org\/homepage\/2026\/03\/23\/carceri-italiane-e-castighi-razziali-il-riflesso-di-politiche-migratorie-restrittive\/"]}]},{"@type":"ImageObject","inLanguage":"it-IT","@id":"https:\/\/www.perunaltracitta.org\/homepage\/2026\/03\/23\/carceri-italiane-e-castighi-razziali-il-riflesso-di-politiche-migratorie-restrittive\/#primaryimage","url":"https:\/\/www.perunaltracitta.org\/wp-content\/uploads\/2026\/03\/499478.jpg","contentUrl":"https:\/\/www.perunaltracitta.org\/wp-content\/uploads\/2026\/03\/499478.jpg","width":630,"height":334},{"@type":"BreadcrumbList","@id":"https:\/\/www.perunaltracitta.org\/homepage\/2026\/03\/23\/carceri-italiane-e-castighi-razziali-il-riflesso-di-politiche-migratorie-restrittive\/#breadcrumb","itemListElement":[{"@type":"ListItem","position":1,"name":"Home","item":"https:\/\/www.perunaltracitta.org\/homepage\/"},{"@type":"ListItem","position":2,"name":"Carceri italiane e castighi razziali: il riflesso di politiche migratorie restrittive"}]},{"@type":"WebSite","@id":"https:\/\/www.perunaltracitta.org\/homepage\/#website","url":"https:\/\/www.perunaltracitta.org\/homepage\/","name":"La Citt\u00e0 invisibile | perUnaltracitt\u00e0 | Firenze","description":"Voci oltre il pensiero unico","publisher":{"@id":"https:\/\/www.perunaltracitta.org\/homepage\/#organization"},"potentialAction":[{"@type":"SearchAction","target":{"@type":"EntryPoint","urlTemplate":"https:\/\/www.perunaltracitta.org\/homepage\/?s={search_term_string}"},"query-input":{"@type":"PropertyValueSpecification","valueRequired":true,"valueName":"search_term_string"}}],"inLanguage":"it-IT"},{"@type":"Organization","@id":"https:\/\/www.perunaltracitta.org\/homepage\/#organization","name":"perUnaltracitt\u00e0 - laboratorio politico Firenze","url":"https:\/\/www.perunaltracitta.org\/homepage\/","logo":{"@type":"ImageObject","inLanguage":"it-IT","@id":"https:\/\/www.perunaltracitta.org\/homepage\/#\/schema\/logo\/image\/","url":"https:\/\/www.perunaltracitta.org\/wp-content\/uploads\/2025\/11\/Original-on-Transparent-Copia-af-1.png","contentUrl":"https:\/\/www.perunaltracitta.org\/wp-content\/uploads\/2025\/11\/Original-on-Transparent-Copia-af-1.png","width":600,"height":153,"caption":"perUnaltracitt\u00e0 - laboratorio politico Firenze"},"image":{"@id":"https:\/\/www.perunaltracitta.org\/homepage\/#\/schema\/logo\/image\/"},"sameAs":["https:\/\/www.facebook.com\/perunaltracitta","https:\/\/x.com\/perunaltracitta"]},{"@type":"Person","@id":"https:\/\/www.perunaltracitta.org\/homepage\/#\/schema\/person\/ff46204d6af6a2feffa6e8dbca60fc1c","name":"Erika Greco","image":{"@type":"ImageObject","inLanguage":"it-IT","@id":"https:\/\/www.perunaltracitta.org\/homepage\/#\/schema\/person\/image\/","url":"https:\/\/www.perunaltracitta.org\/wp-content\/uploads\/2025\/04\/ErikaGreco-120x120.jpg","contentUrl":"https:\/\/www.perunaltracitta.org\/wp-content\/uploads\/2025\/04\/ErikaGreco-120x120.jpg","caption":"Erika Greco"},"description":"Dopo la laurea in Sviluppo economico e Cooperazione Internazionale, mi sono presa un anno sabbatico per Londra e poi l'India, infine per vedere i proiettili sui muri a Sarajevo. Tornata in Italia ho lavorato prima nei Centri di Accoglienza Straordinaria come insegnante L2 e operatrice legale, dopo nella scuola Secondaria di II\u00b0 come docente di sostegno e di Filosofia e Scienze Umane. Da quest\u2019esperienza nasce il mio blog \u201cLettera da un professionale\u201d https:\/\/letteradaunprofessionale.wordpress.com\/chi-sono\/. Al momento sono dottoranda in Peace Studies presso La Sapienza con una ricerca sulle\u00a0migrazioni.","sameAs":["https:\/\/letteradaunprofessionale.wordpress.com\/"],"url":"https:\/\/www.perunaltracitta.org\/homepage\/author\/erika-greco\/"}]}},"uagb_featured_image_src":{"full":["https:\/\/www.perunaltracitta.org\/wp-content\/uploads\/2026\/03\/499478.jpg",630,334,false],"thumbnail":["https:\/\/www.perunaltracitta.org\/wp-content\/uploads\/2026\/03\/499478-150x150.jpg",150,150,true],"medium":["https:\/\/www.perunaltracitta.org\/wp-content\/uploads\/2026\/03\/499478-300x159.jpg",300,159,true],"medium_large":["https:\/\/www.perunaltracitta.org\/wp-content\/uploads\/2026\/03\/499478.jpg",630,334,false],"large":["https:\/\/www.perunaltracitta.org\/wp-content\/uploads\/2026\/03\/499478.jpg",630,334,false],"wysija-newsletters-max":["https:\/\/www.perunaltracitta.org\/wp-content\/uploads\/2026\/03\/499478-600x318.jpg",600,318,true],"1536x1536":["https:\/\/www.perunaltracitta.org\/wp-content\/uploads\/2026\/03\/499478.jpg",630,334,false],"2048x2048":["https:\/\/www.perunaltracitta.org\/wp-content\/uploads\/2026\/03\/499478.jpg",630,334,false],"mailpoet_newsletter_max":["https:\/\/www.perunaltracitta.org\/wp-content\/uploads\/2026\/03\/499478.jpg",630,334,false],"yarpp-thumbnail":["https:\/\/www.perunaltracitta.org\/wp-content\/uploads\/2026\/03\/499478-120x120.jpg",120,120,true]},"uagb_author_info":{"display_name":"Erika Greco","author_link":"https:\/\/www.perunaltracitta.org\/homepage\/author\/erika-greco\/"},"uagb_comment_info":0,"uagb_excerpt":"\u201cAboliamo le prigioni\u201d, scrive Angela Davis, studiosa e militante del movimento americano per i diritti civili sin dagli anni Sessanta. &#8220;Le prigioni sono classiste, sessiste e razziste&#8221;. E aggiunge: \u201cMolti membri delle comunit\u00e0 nere, latinoamericane e di nativi americani hanno molte pi\u00f9 opportunit\u00e0 di finire in carcere che di ottenere un\u2019istruzione decente\u201d. Questo sembra valido&hellip;","_links":{"self":[{"href":"https:\/\/www.perunaltracitta.org\/homepage\/wp-json\/wp\/v2\/posts\/101944","targetHints":{"allow":["GET"]}}],"collection":[{"href":"https:\/\/www.perunaltracitta.org\/homepage\/wp-json\/wp\/v2\/posts"}],"about":[{"href":"https:\/\/www.perunaltracitta.org\/homepage\/wp-json\/wp\/v2\/types\/post"}],"author":[{"embeddable":true,"href":"https:\/\/www.perunaltracitta.org\/homepage\/wp-json\/wp\/v2\/users\/562"}],"replies":[{"embeddable":true,"href":"https:\/\/www.perunaltracitta.org\/homepage\/wp-json\/wp\/v2\/comments?post=101944"}],"version-history":[{"count":13,"href":"https:\/\/www.perunaltracitta.org\/homepage\/wp-json\/wp\/v2\/posts\/101944\/revisions"}],"predecessor-version":[{"id":101983,"href":"https:\/\/www.perunaltracitta.org\/homepage\/wp-json\/wp\/v2\/posts\/101944\/revisions\/101983"}],"wp:featuredmedia":[{"embeddable":true,"href":"https:\/\/www.perunaltracitta.org\/homepage\/wp-json\/wp\/v2\/media\/101971"}],"wp:attachment":[{"href":"https:\/\/www.perunaltracitta.org\/homepage\/wp-json\/wp\/v2\/media?parent=101944"}],"wp:term":[{"taxonomy":"category","embeddable":true,"href":"https:\/\/www.perunaltracitta.org\/homepage\/wp-json\/wp\/v2\/categories?post=101944"},{"taxonomy":"post_tag","embeddable":true,"href":"https:\/\/www.perunaltracitta.org\/homepage\/wp-json\/wp\/v2\/tags?post=101944"}],"curies":[{"name":"wp","href":"https:\/\/api.w.org\/{rel}","templated":true}]}}