{"id":103170,"date":"2026-09-01T17:10:03","date_gmt":"2026-09-01T15:10:03","guid":{"rendered":"https:\/\/www.perunaltracitta.org\/homepage\/?p=103170"},"modified":"2026-09-01T17:10:03","modified_gmt":"2026-09-01T15:10:03","slug":"avere-ventanni-in-libia-dallattentato-a-saif-al-islam-gheddafi-allassassinio-del-generale-fawzi-al-mansouri","status":"publish","type":"post","link":"https:\/\/www.perunaltracitta.org\/homepage\/2026\/09\/01\/avere-ventanni-in-libia-dallattentato-a-saif-al-islam-gheddafi-allassassinio-del-generale-fawzi-al-mansouri\/","title":{"rendered":"Avere vent&#8217;anni in Libia. Dall&#8217;attentato a Saif Al Islam Gheddafi all&#8217;assassinio del Generale Fawzi al-Mansouri"},"content":{"rendered":"<p><span style=\"font-weight: 400;\">Da febbraio sono in contatto con un miliziano libico e con un suo amico che prova a non lavorare per loro. Ho avuto il contatto del miliziano da un ragazzo tunisino che lo ha conosciuto mentre era in vacanza l\u00e0, a Tunisi. Ci sentiamo su Facebook poi su WhatsApp. Il suo profilo \u00e8 fatto di jeep e armi appoggiate sui sedili. E\u2019 giovane, ha 23 anni. Lo contatto nella stessa settimana in cui \u00e8 stato assassinato Saif Al Islam Gheddafi, il secondogenito del defunto dittatore libico. Aveva 53 anni ed era ricercato dalla Corte penale Internazionale (Cpi) per crimini contro l\u2019umanit\u00e0. E\u2019 stato ucciso il 3 febbraio da uomini armati non identificati nella sua casa a Al Zintan, feudo della sua famiglia, nell\u2019ovest della Libia.\u00a0<\/span><\/p>\n<p><span style=\"font-weight: 400;\"><img loading=\"lazy\" decoding=\"async\" class=\"size-medium wp-image-103173 alignleft\" src=\"https:\/\/www.perunaltracitta.org\/wp-content\/uploads\/2026\/08\/Libia-Milizie-300x222.jpeg\" alt=\"\" width=\"300\" height=\"222\" srcset=\"https:\/\/www.perunaltracitta.org\/wp-content\/uploads\/2026\/08\/Libia-Milizie-300x222.jpeg 300w, https:\/\/www.perunaltracitta.org\/wp-content\/uploads\/2026\/08\/Libia-Milizie-1024x757.jpeg 1024w, https:\/\/www.perunaltracitta.org\/wp-content\/uploads\/2026\/08\/Libia-Milizie-768x568.jpeg 768w, https:\/\/www.perunaltracitta.org\/wp-content\/uploads\/2026\/08\/Libia-Milizie-600x443.jpeg 600w, https:\/\/www.perunaltracitta.org\/wp-content\/uploads\/2026\/08\/Libia-Milizie-1320x975.jpeg 1320w, https:\/\/www.perunaltracitta.org\/wp-content\/uploads\/2026\/08\/Libia-Milizie.jpeg 1536w\" sizes=\"auto, (max-width: 300px) 100vw, 300px\" \/>Il giovane miliziano mi mette in contatto con un suo amico che parla inglese.\u00a0<\/span><\/p>\n<p><span style=\"font-weight: 400;\">\u201cLui era l\u2019unico figlio di Gheddafi che viveva in Libia, mentre tutti gli altri vivono all\u2019estero in esilio\u201d, mi spiega.<\/span><\/p>\n<p><em><span style=\"font-weight: 400;\">Viveva in segreto, protetto da qualche milizia o era detenuto?<\/span><\/em><\/p>\n<p><span style=\"font-weight: 400;\">\u201cNon aveva un vero progetto politico ma pretendeva di tornare al potere, contando sulla nostalgia che molti libici hanno del vecchio regime. Il caos e l\u2019insicurezza hanno fatto s\u00ec che le persone riponessero la speranza in lui\u201d.<\/span><\/p>\n<p><em><span style=\"font-weight: 400;\">Chi erano i suoi nemici?<\/span><\/em><\/p>\n<p><span style=\"font-weight: 400;\">\u201cEra un gioco cieco fatto di instabilit\u00e0, pericoli, condizioni economiche. Le proteste e alleanze erano legate al sistema di governance. Saif Al Islam non aveva molte forze militari\u201d.<\/span><\/p>\n<p><span style=\"font-weight: 400;\">Laureato alla London schools of economics, si era costruito un\u2019immagine di moderato e riformatore &#8211; reputazione compromessa all\u2019inizio della guerra civile libica. E\u2019 stato arrestato nel 2011 nel sud della Libia; detenuto a Al Zintan e condannato a morte nel 2015, ha poi beneficiato di un\u2019amnistia. Nel 2011 si era candidato alle presidenziali, contando sui nostalgici del regime. Ma alla fine le elezioni non si erano avute. Dalla caduta di Gheddafi, la Libia fatica a ritrovare stabilit\u00e0 e unit\u00e0. Adesso ci sono due governi che si contendono il potere: un governo di unit\u00e0 nazionale (GNU) guidato da Abdul Hamid Obaibah e riconosciuto dalle Nazioni Unite; e, quello del generale Khalifa Haftar (indicato con varianti di nome come Barga\/Haftar) che ha esteso la sua autorit\u00e0 dall\u2019Est al Sud del paese. \u00c8 un ex generale: in passato ha goduto dell\u2019appoggio francese, oggi i suoi alleati importanti sono negli Emirati Arabi Uniti. A questo scontro tra i due, si aggiungono le milizie locali che controllano i rispettivi territori.<\/span><\/p>\n<p><em><span style=\"font-weight: 400;\">Questo assassinio non avr\u00e0 conseguenze?<\/span><\/em><\/p>\n<p><span style=\"font-weight: 400;\">\u201cCi sono due fattori: si accuseranno gli uni gli altri di averlo ucciso; nel medio periodo ci saranno delle ripercussioni ma non immediatamente sul piano militare\u201d.<\/span><\/p>\n<p><span style=\"font-weight: 400;\">Faccio la stessa domanda al miliziano che risponde:<\/span><\/p>\n<p><span style=\"font-weight: 400;\">\u201cRiguardo all&#8217;uccisione di Saif Gheddafi: s\u00ec, \u00e8 un fatto molto vantaggioso; ora che \u00e8 stato ucciso, si terranno le elezioni. E, secondo me, \u00e8 meglio che sia Haftar a guidare la Libia, dato che \u00e8 riuscito a formare un esercito sotto un comando unificato\u201d.<\/span><\/p>\n<p><span style=\"font-weight: 400;\">Dopo qualche tempo, il suo amico che parla inglese e che prova a non lavorare per le milizie mi chiede informazioni per venire in Europa. Gli chiedo perch\u00e9 voglia venire dall\u2019altra parte del Mediterraneo.<\/span><\/p>\n<p><span style=\"font-weight: 400;\">\u201cQui non c\u2019\u00e8 lavoro, se non nelle milizie della morte che sono ovunque. Preferisco il pericolo del Mediterraneo al terrorismo\u201d, risponde.<\/span><\/p>\n<p><span style=\"font-weight: 400;\">Ci sentiamo di nuovo ad aprile 2026. Gli chiedo come sta.<\/span><\/p>\n<p><span style=\"font-weight: 400;\">\u201cMentirei se dicessi che sto bene. La Libia sta uccidendo i nostri sogni.\u00a0 Ma la situazione \u00e8 diventata insopportabile: o la morte in mare, o morir\u00f2 qui. Ecco perch\u00e9 devo correre il rischio. La situazione non \u00e8 ancora collassata ma chi parla viene ucciso. Quindi, vista da fuori la situazione sembra buona, ma dentro \u00e8 un inferno. Rapiscono e uccidono giovani sotto i 18 anni; \u00e8 una situazione catastrofica. Non voglio lamentarmi, ma questa \u00e8 la verit\u00e0\u201d.<\/span><\/p>\n<p><em><span style=\"font-weight: 400;\">Cosa succede esattamente?<\/span><\/em><\/p>\n<p><span style=\"font-weight: 400;\">\u201cIn cambio di denaro o di traffico di organi, ci sono neonati che vengono uccisi vivi e i cui organi vengono venduti, e i pi\u00f9 grandi vengono rapiti per infliggere loro dolore e chiedere soldi\u201d. Mentre stava parlando con me, si stava recando presso l\u2019ufficio dei volontari. Gli chiedo di cosa si tratti.<\/span><\/p>\n<p><span style=\"font-weight: 400;\">\u201cTi offrono un visto in cambio di volontariato. Ora cerco una qualsiasi via d&#8217;uscita per l&#8217;Europa o per qualsiasi altro posto. Chi parla di politica mette in pericolo tutta la sua famiglia. Chi parla di un tizio che possiede un&#8217;auto blindata, muore. Sapevi che con 500 dollari puoi ingaggiare un sicario? C&#8217;\u00e8 chi \u00e8 stato ucciso solo per aver guardato negli occhi un agente. Qui la vita umana vale meno della polvere; non sanno nemmeno cosa significhi la parola essere umano. Viviamo nell&#8217;umiliazione e nell&#8217;oppressione pur di restare in vita\u201d.<\/span><\/p>\n<p><em><span style=\"font-weight: 400;\">Giornalisti, insegnanti, avvocati, attivisti non possono esprimersi?<\/span><\/em><\/p>\n<p><span style=\"font-weight: 400;\">\u201cDato che la Libia \u00e8 un paese ricco, sono i soldi a comandare. Abbiamo sempre la speranza, dobbiamo solo provarci\u201d.<\/span><\/p>\n<p><span style=\"font-weight: 400;\">A giugno 2026 mi scrive che suo fratello \u00e8 andato nel deserto, mentre lui \u00e8 rimasto a Tripoli.<\/span><\/p>\n<p><em><span style=\"font-weight: 400;\">Perch\u00e9 \u00e8 andato l\u00ec?<\/span><\/em><\/p>\n<p><span style=\"font-weight: 400;\">\u201cLavorava 12 ore al giorno per uno stipendio di 500 euro al mese. Qui questo \u00e8 tutto perfettamente legale: lo Stato favorisce la corruzione e permette agli imprenditori di fare ci\u00f2 che vogliono. Viviamo in un mondo governato dagli interessi personali\u201d. La sua risposta \u00e8 eloquente, senza dirmi direttamente che il fratello ha cominciato a lavorare per le milizie.\u00a0<\/span><\/p>\n<p><span style=\"font-weight: 400;\">Ad agosto mi manda un video del deserto con i corpi delle persone migranti lasciate sole a morire.<\/span><\/p>\n<p><span style=\"font-weight: 400;\">\u201cQuesta \u00e8 la situazione dei migranti africani in Libia. Muoiono di fame e di sete, mentre al mondo intero interessano solo i soldi. Come al solito, con il caldo estivo, qui mancano elettricit\u00e0 e acqua. N\u00e9 l&#8217;Europa n\u00e9 l&#8217;America si curano di nulla: rubano il denaro degli africani e li lasciano morire\u201d.<\/span><\/p>\n<p><em><span style=\"font-weight: 400;\">Come va con la tua procedura per la richiesta del visto?<\/span><\/em><\/p>\n<p><span style=\"font-weight: 400;\">\u201cOttenere asilo in Europa \u00e8 diventato difficile. Sto cercando di andare in Canada\u201d<\/span><\/p>\n<p><span style=\"font-weight: 400;\"><em>L\u00ec \u00e8 meglio?<\/em>\u00a0<\/span><\/p>\n<p><span style=\"font-weight: 400;\">\u201cUn milione di volte meglio che in Europa. Voglio sposarmi e poi partir\u00f2\u201d.<\/span><\/p>\n<p><em><span style=\"font-weight: 400;\">Avete intenzione di andarci insieme?\u00a0<\/span><\/em><\/p>\n<p><span style=\"font-weight: 400;\">\u201cSi ci stiamo organizzando per questo. Siamo tutti uguali; l&#8217;unica differenza tra noi \u00e8 il razzismo. Di fatto, ho rischiato di morire pi\u00f9 volte; la Libia \u00e8 un luogo duro persino per gli animali. L\u00ec, ogni creatura vivente che respira subisce oppressione. Gli animali vengono picchiati e uccisi, mentre la vita umana vale meno di niente\u201d.<\/span><\/p>\n<p><em><span style=\"font-weight: 400;\">La comunit\u00e0 internazionale sembra essersi dimenticata della Libia, perch\u00e9?<\/span><\/em><\/p>\n<p><span style=\"font-weight: 400;\">\u201cSe Russia, America, Cina e Turchia uscissero di scena, la Libia diventerebbe il terzo paese pi\u00f9 ricco del mondo. Rubano l&#8217;oro e i reperti archeologici greci ed egizi; non hanno lasciato nulla in Libia, a parte il gas e il petrolio, che ovviamente non sono ancora esauriti. Pensano solo agli interessi economici per mascherare i crimini che commettono. Sapevi che i primi di agosto l&#8217;intelligence ucraina e quella tedesca hanno inviato aerei kamikaze per testarli su zone residenziali, causando danni materiali, feriti e morti?\u201d<\/span><\/p>\n<p><span style=\"font-weight: 400;\"><em>Non lo sapevo. Dove \u00e8 successo?<\/em>\u00a0<\/span><\/p>\n<p><span style=\"font-weight: 400;\">\u201cA ovest di Tripoli, precisamente nella citt\u00e0 di Zawiya\u201d, mi spiega. A Zawiya, a circa 50 chilometri da Tripoli, si trova uno dei centri di detenzione per migranti pi\u00f9 famigerati e duri della Libia. Si tratta di un vero e proprio lager, ricavato in un&#8217;ex base militare vicina alla raffineria, tristemente noto per violenze, stupri, estorsioni e torture sistematiche.<\/span><\/p>\n<p><span style=\"font-weight: 400;\">\u201cIl traffico di esseri umani \u00e8 tutto gestito in base ad accordi; e questo \u00e8 solo un esempio tra tanti. Odio questo paese, le uccisioni e lo spargimento di sangue; non voglio che mio figlio debba vederli ogni giorno. Provo dolore e stanchezza: anche se hai soldi, non puoi essere felice se manca la sicurezza. Ma nonostante le difficolt\u00e0 non mi arrender\u00f2: fuga o morte, mentre continuo a provarci. Anche se vivi in un posto difficile, non significa che tu debba diventare cattivo come loro\u201d, conclude.<\/span><\/p>\n<p><span style=\"font-weight: 400;\">Il 10 agosto 2026 \u00e8 stato ucciso dall\u2019esplosione di un ordigno posizionato nella sua automobile il Maggiore Generale Fawzi al-Mansouri, capo dell&#8217;intelligence militare dell&#8217;Esercito Nazionale Libico (Libyan National Army &#8211; LNA) di Haftar. Mansouri aveva un ruolo di rilievo nell\u2019unificazione sotto un solo esercito delle forze armate dell\u2019est e dell\u2019ovest.\u00a0 Dal rovesciamento di Gheddafi padre nel 2011 per mano degli eserciti Nato &#8211; su iniziativa del presidente francese Sarkozy e del premier David Cameron &#8211; la Libia non si \u00e8 pi\u00f9 ripresa. I numerosi interventi militari esterni da parte dell\u2019Europa, con il pretesto di aiutare un popolo minacciato, hanno destabilizzato un paese da cui sembra non esserci via d\u2019uscita.<\/span><\/p>\n<div style=\"width: 352px;\" class=\"wp-video\"><video class=\"wp-video-shortcode\" id=\"video-103170-1\" width=\"352\" height=\"624\" preload=\"metadata\" controls=\"controls\"><source type=\"video\/mp4\" src=\"https:\/\/www.perunaltracitta.org\/wp-content\/uploads\/2026\/08\/WhatsApp-Video-2026-08-12-at-20.41.17-1.mp4?_=1\" \/><a href=\"https:\/\/www.perunaltracitta.org\/wp-content\/uploads\/2026\/08\/WhatsApp-Video-2026-08-12-at-20.41.17-1.mp4\">https:\/\/www.perunaltracitta.org\/wp-content\/uploads\/2026\/08\/WhatsApp-Video-2026-08-12-at-20.41.17-1.mp4<\/a><\/video><\/div>\n","protected":false},"excerpt":{"rendered":"<p>Da febbraio sono in contatto con un miliziano libico e con un suo amico che prova a non lavorare per loro. Ho avuto il contatto del miliziano da un ragazzo tunisino che lo ha conosciuto mentre era in vacanza l\u00e0, a Tunisi. Ci sentiamo su Facebook poi su WhatsApp. Il suo profilo \u00e8 fatto di &hellip;<\/p>\n<p class=\"read-more\"> <a class=\"\" href=\"https:\/\/www.perunaltracitta.org\/homepage\/2026\/09\/01\/avere-ventanni-in-libia-dallattentato-a-saif-al-islam-gheddafi-allassassinio-del-generale-fawzi-al-mansouri\/\"> <span class=\"screen-reader-text\">Avere vent&#8217;anni in Libia. Dall&#8217;attentato a Saif Al Islam Gheddafi all&#8217;assassinio del Generale Fawzi al-Mansouri<\/span> Leggi altro &raquo;<\/a><\/p>\n","protected":false},"author":597,"featured_media":103172,"comment_status":"open","ping_status":"open","sticky":false,"template":"","format":"standard","meta":{"_uag_custom_page_level_css":"","site-sidebar-layout":"default","site-content-layout":"default","ast-global-header-display":"","ast-main-header-display":"","ast-hfb-above-header-display":"","ast-hfb-below-header-display":"","ast-hfb-mobile-header-display":"","site-post-title":"","ast-breadcrumbs-content":"","ast-featured-img":"","footer-sml-layout":"","theme-transparent-header-meta":"default","adv-header-id-meta":"","stick-header-meta":"","header-above-stick-meta":"","header-main-stick-meta":"","header-below-stick-meta":"","footnotes":""},"categories":[5570,4130],"tags":[7042,1913,7469,7468],"class_list":["post-103170","post","type-post","status-publish","format-standard","has-post-thumbnail","hentry","category-global","category-primo-piano","tag-gheddafi","tag-libia","tag-maggiore-generale-fawzi-al-mansouri","tag-zawiya"],"yoast_head":"<!-- This site is optimized with the Yoast SEO plugin v25.1 - https:\/\/yoast.com\/wordpress\/plugins\/seo\/ -->\n<title>Avere vent&#039;anni in Libia. Dall&#039;attentato a Saif Al Islam Gheddafi all&#039;assassinio del Generale Fawzi al-Mansouri - La Citt\u00e0 invisibile | perUnaltracitt\u00e0 | Firenze<\/title>\n<meta name=\"robots\" content=\"index, follow, max-snippet:-1, max-image-preview:large, max-video-preview:-1\" \/>\n<link rel=\"canonical\" href=\"https:\/\/www.perunaltracitta.org\/homepage\/2026\/09\/01\/avere-ventanni-in-libia-dallattentato-a-saif-al-islam-gheddafi-allassassinio-del-generale-fawzi-al-mansouri\/\" \/>\n<meta property=\"og:locale\" content=\"it_IT\" \/>\n<meta property=\"og:type\" content=\"article\" \/>\n<meta property=\"og:title\" content=\"Avere vent&#039;anni in Libia. Dall&#039;attentato a Saif Al Islam Gheddafi all&#039;assassinio del Generale Fawzi al-Mansouri - La Citt\u00e0 invisibile | perUnaltracitt\u00e0 | Firenze\" \/>\n<meta property=\"og:description\" content=\"Da febbraio sono in contatto con un miliziano libico e con un suo amico che prova a non lavorare per loro. Ho avuto il contatto del miliziano da un ragazzo tunisino che lo ha conosciuto mentre era in vacanza l\u00e0, a Tunisi. Ci sentiamo su Facebook poi su WhatsApp. Il suo profilo \u00e8 fatto di &hellip; Avere vent&#8217;anni in Libia. Dall&#8217;attentato a Saif Al Islam Gheddafi all&#8217;assassinio del Generale Fawzi al-Mansouri Leggi altro &raquo;\" \/>\n<meta property=\"og:url\" content=\"https:\/\/www.perunaltracitta.org\/homepage\/2026\/09\/01\/avere-ventanni-in-libia-dallattentato-a-saif-al-islam-gheddafi-allassassinio-del-generale-fawzi-al-mansouri\/\" \/>\n<meta property=\"og:site_name\" content=\"La Citt\u00e0 invisibile | perUnaltracitt\u00e0 | Firenze\" \/>\n<meta property=\"article:publisher\" content=\"https:\/\/www.facebook.com\/perunaltracitta\" \/>\n<meta property=\"article:published_time\" content=\"2026-09-01T15:10:03+00:00\" \/>\n<meta property=\"og:image\" content=\"https:\/\/www.perunaltracitta.org\/wp-content\/uploads\/2026\/08\/libia-militiat-1.jpg\" \/>\n\t<meta property=\"og:image:width\" content=\"1900\" \/>\n\t<meta property=\"og:image:height\" content=\"1264\" \/>\n\t<meta property=\"og:image:type\" content=\"image\/jpeg\" \/>\n<meta name=\"author\" content=\"Chiara Scuri\" \/>\n<meta name=\"twitter:card\" content=\"summary_large_image\" \/>\n<meta name=\"twitter:creator\" content=\"@perunaltracitta\" \/>\n<meta name=\"twitter:site\" content=\"@perunaltracitta\" \/>\n<meta name=\"twitter:label1\" content=\"Scritto da\" \/>\n\t<meta name=\"twitter:data1\" content=\"Chiara Scuri\" \/>\n\t<meta name=\"twitter:label2\" content=\"Tempo di lettura stimato\" \/>\n\t<meta name=\"twitter:data2\" content=\"8 minuti\" \/>\n<script type=\"application\/ld+json\" class=\"yoast-schema-graph\">{\"@context\":\"https:\/\/schema.org\",\"@graph\":[{\"@type\":\"Article\",\"@id\":\"https:\/\/www.perunaltracitta.org\/homepage\/2026\/09\/01\/avere-ventanni-in-libia-dallattentato-a-saif-al-islam-gheddafi-allassassinio-del-generale-fawzi-al-mansouri\/#article\",\"isPartOf\":{\"@id\":\"https:\/\/www.perunaltracitta.org\/homepage\/2026\/09\/01\/avere-ventanni-in-libia-dallattentato-a-saif-al-islam-gheddafi-allassassinio-del-generale-fawzi-al-mansouri\/\"},\"author\":{\"name\":\"Chiara Scuri\",\"@id\":\"https:\/\/www.perunaltracitta.org\/homepage\/#\/schema\/person\/47fca41b9c9b45276229a0e51039d137\"},\"headline\":\"Avere vent&#8217;anni in Libia. Dall&#8217;attentato a Saif Al Islam Gheddafi all&#8217;assassinio del Generale Fawzi al-Mansouri\",\"datePublished\":\"2026-09-01T15:10:03+00:00\",\"mainEntityOfPage\":{\"@id\":\"https:\/\/www.perunaltracitta.org\/homepage\/2026\/09\/01\/avere-ventanni-in-libia-dallattentato-a-saif-al-islam-gheddafi-allassassinio-del-generale-fawzi-al-mansouri\/\"},\"wordCount\":1414,\"commentCount\":0,\"publisher\":{\"@id\":\"https:\/\/www.perunaltracitta.org\/homepage\/#organization\"},\"image\":{\"@id\":\"https:\/\/www.perunaltracitta.org\/homepage\/2026\/09\/01\/avere-ventanni-in-libia-dallattentato-a-saif-al-islam-gheddafi-allassassinio-del-generale-fawzi-al-mansouri\/#primaryimage\"},\"thumbnailUrl\":\"https:\/\/www.perunaltracitta.org\/wp-content\/uploads\/2026\/08\/libia-militiat-1.jpg\",\"keywords\":[\"Gheddafi\",\"Libia\",\"Maggiore Generale Fawzi al-Mansouri\",\"Zawiya\"],\"articleSection\":[\"Global\",\"In evidenza\"],\"inLanguage\":\"it-IT\",\"potentialAction\":[{\"@type\":\"CommentAction\",\"name\":\"Comment\",\"target\":[\"https:\/\/www.perunaltracitta.org\/homepage\/2026\/09\/01\/avere-ventanni-in-libia-dallattentato-a-saif-al-islam-gheddafi-allassassinio-del-generale-fawzi-al-mansouri\/#respond\"]}]},{\"@type\":\"WebPage\",\"@id\":\"https:\/\/www.perunaltracitta.org\/homepage\/2026\/09\/01\/avere-ventanni-in-libia-dallattentato-a-saif-al-islam-gheddafi-allassassinio-del-generale-fawzi-al-mansouri\/\",\"url\":\"https:\/\/www.perunaltracitta.org\/homepage\/2026\/09\/01\/avere-ventanni-in-libia-dallattentato-a-saif-al-islam-gheddafi-allassassinio-del-generale-fawzi-al-mansouri\/\",\"name\":\"Avere vent'anni in Libia. Dall'attentato a Saif Al Islam Gheddafi all'assassinio del Generale Fawzi al-Mansouri - La Citt\u00e0 invisibile | perUnaltracitt\u00e0 | Firenze\",\"isPartOf\":{\"@id\":\"https:\/\/www.perunaltracitta.org\/homepage\/#website\"},\"primaryImageOfPage\":{\"@id\":\"https:\/\/www.perunaltracitta.org\/homepage\/2026\/09\/01\/avere-ventanni-in-libia-dallattentato-a-saif-al-islam-gheddafi-allassassinio-del-generale-fawzi-al-mansouri\/#primaryimage\"},\"image\":{\"@id\":\"https:\/\/www.perunaltracitta.org\/homepage\/2026\/09\/01\/avere-ventanni-in-libia-dallattentato-a-saif-al-islam-gheddafi-allassassinio-del-generale-fawzi-al-mansouri\/#primaryimage\"},\"thumbnailUrl\":\"https:\/\/www.perunaltracitta.org\/wp-content\/uploads\/2026\/08\/libia-militiat-1.jpg\",\"datePublished\":\"2026-09-01T15:10:03+00:00\",\"breadcrumb\":{\"@id\":\"https:\/\/www.perunaltracitta.org\/homepage\/2026\/09\/01\/avere-ventanni-in-libia-dallattentato-a-saif-al-islam-gheddafi-allassassinio-del-generale-fawzi-al-mansouri\/#breadcrumb\"},\"inLanguage\":\"it-IT\",\"potentialAction\":[{\"@type\":\"ReadAction\",\"target\":[\"https:\/\/www.perunaltracitta.org\/homepage\/2026\/09\/01\/avere-ventanni-in-libia-dallattentato-a-saif-al-islam-gheddafi-allassassinio-del-generale-fawzi-al-mansouri\/\"]}]},{\"@type\":\"ImageObject\",\"inLanguage\":\"it-IT\",\"@id\":\"https:\/\/www.perunaltracitta.org\/homepage\/2026\/09\/01\/avere-ventanni-in-libia-dallattentato-a-saif-al-islam-gheddafi-allassassinio-del-generale-fawzi-al-mansouri\/#primaryimage\",\"url\":\"https:\/\/www.perunaltracitta.org\/wp-content\/uploads\/2026\/08\/libia-militiat-1.jpg\",\"contentUrl\":\"https:\/\/www.perunaltracitta.org\/wp-content\/uploads\/2026\/08\/libia-militiat-1.jpg\",\"width\":1900,\"height\":1264,\"caption\":\"Members of the Libyan armed unit, 444 Brigade, backing the Government of National Unity (GNU) and its Prime Minister Abdulhamid al-Dbeibah, set up a checkpoint as smoke rises in the background in Ain Zara area in Tripoli, Libya, July 22, 2022. REUTERS\/Hazem Ahmed\"},{\"@type\":\"BreadcrumbList\",\"@id\":\"https:\/\/www.perunaltracitta.org\/homepage\/2026\/09\/01\/avere-ventanni-in-libia-dallattentato-a-saif-al-islam-gheddafi-allassassinio-del-generale-fawzi-al-mansouri\/#breadcrumb\",\"itemListElement\":[{\"@type\":\"ListItem\",\"position\":1,\"name\":\"Home\",\"item\":\"https:\/\/www.perunaltracitta.org\/homepage\/\"},{\"@type\":\"ListItem\",\"position\":2,\"name\":\"Avere vent&#8217;anni in Libia. Dall&#8217;attentato a Saif Al Islam Gheddafi all&#8217;assassinio del Generale Fawzi al-Mansouri\"}]},{\"@type\":\"WebSite\",\"@id\":\"https:\/\/www.perunaltracitta.org\/homepage\/#website\",\"url\":\"https:\/\/www.perunaltracitta.org\/homepage\/\",\"name\":\"La Citt\u00e0 invisibile | perUnaltracitt\u00e0 | Firenze\",\"description\":\"Voci oltre il pensiero unico\",\"publisher\":{\"@id\":\"https:\/\/www.perunaltracitta.org\/homepage\/#organization\"},\"potentialAction\":[{\"@type\":\"SearchAction\",\"target\":{\"@type\":\"EntryPoint\",\"urlTemplate\":\"https:\/\/www.perunaltracitta.org\/homepage\/?s={search_term_string}\"},\"query-input\":{\"@type\":\"PropertyValueSpecification\",\"valueRequired\":true,\"valueName\":\"search_term_string\"}}],\"inLanguage\":\"it-IT\"},{\"@type\":\"Organization\",\"@id\":\"https:\/\/www.perunaltracitta.org\/homepage\/#organization\",\"name\":\"perUnaltracitt\u00e0 - laboratorio politico Firenze\",\"url\":\"https:\/\/www.perunaltracitta.org\/homepage\/\",\"logo\":{\"@type\":\"ImageObject\",\"inLanguage\":\"it-IT\",\"@id\":\"https:\/\/www.perunaltracitta.org\/homepage\/#\/schema\/logo\/image\/\",\"url\":\"https:\/\/www.perunaltracitta.org\/wp-content\/uploads\/2025\/11\/Original-on-Transparent-Copia-af-1.png\",\"contentUrl\":\"https:\/\/www.perunaltracitta.org\/wp-content\/uploads\/2025\/11\/Original-on-Transparent-Copia-af-1.png\",\"width\":600,\"height\":153,\"caption\":\"perUnaltracitt\u00e0 - laboratorio politico Firenze\"},\"image\":{\"@id\":\"https:\/\/www.perunaltracitta.org\/homepage\/#\/schema\/logo\/image\/\"},\"sameAs\":[\"https:\/\/www.facebook.com\/perunaltracitta\",\"https:\/\/x.com\/perunaltracitta\"]},{\"@type\":\"Person\",\"@id\":\"https:\/\/www.perunaltracitta.org\/homepage\/#\/schema\/person\/47fca41b9c9b45276229a0e51039d137\",\"name\":\"Chiara Scuri\",\"image\":{\"@type\":\"ImageObject\",\"inLanguage\":\"it-IT\",\"@id\":\"https:\/\/www.perunaltracitta.org\/homepage\/#\/schema\/person\/image\/\",\"url\":\"https:\/\/www.perunaltracitta.org\/wp-content\/uploads\/2026\/06\/libia-1-120x120.jpg\",\"contentUrl\":\"https:\/\/www.perunaltracitta.org\/wp-content\/uploads\/2026\/06\/libia-1-120x120.jpg\",\"caption\":\"Chiara Scuri\"},\"url\":\"https:\/\/www.perunaltracitta.org\/homepage\/author\/chiara-scuri\/\"}]}<\/script>\n<!-- \/ Yoast SEO plugin. -->","yoast_head_json":{"title":"Avere vent'anni in Libia. Dall'attentato a Saif Al Islam Gheddafi all'assassinio del Generale Fawzi al-Mansouri - La Citt\u00e0 invisibile | perUnaltracitt\u00e0 | Firenze","robots":{"index":"index","follow":"follow","max-snippet":"max-snippet:-1","max-image-preview":"max-image-preview:large","max-video-preview":"max-video-preview:-1"},"canonical":"https:\/\/www.perunaltracitta.org\/homepage\/2026\/09\/01\/avere-ventanni-in-libia-dallattentato-a-saif-al-islam-gheddafi-allassassinio-del-generale-fawzi-al-mansouri\/","og_locale":"it_IT","og_type":"article","og_title":"Avere vent'anni in Libia. Dall'attentato a Saif Al Islam Gheddafi all'assassinio del Generale Fawzi al-Mansouri - La Citt\u00e0 invisibile | perUnaltracitt\u00e0 | Firenze","og_description":"Da febbraio sono in contatto con un miliziano libico e con un suo amico che prova a non lavorare per loro. Ho avuto il contatto del miliziano da un ragazzo tunisino che lo ha conosciuto mentre era in vacanza l\u00e0, a Tunisi. Ci sentiamo su Facebook poi su WhatsApp. Il suo profilo \u00e8 fatto di &hellip; Avere vent&#8217;anni in Libia. Dall&#8217;attentato a Saif Al Islam Gheddafi all&#8217;assassinio del Generale Fawzi al-Mansouri Leggi altro &raquo;","og_url":"https:\/\/www.perunaltracitta.org\/homepage\/2026\/09\/01\/avere-ventanni-in-libia-dallattentato-a-saif-al-islam-gheddafi-allassassinio-del-generale-fawzi-al-mansouri\/","og_site_name":"La Citt\u00e0 invisibile | perUnaltracitt\u00e0 | Firenze","article_publisher":"https:\/\/www.facebook.com\/perunaltracitta","article_published_time":"2026-09-01T15:10:03+00:00","og_image":[{"width":1900,"height":1264,"url":"https:\/\/www.perunaltracitta.org\/wp-content\/uploads\/2026\/08\/libia-militiat-1.jpg","type":"image\/jpeg"}],"author":"Chiara Scuri","twitter_card":"summary_large_image","twitter_creator":"@perunaltracitta","twitter_site":"@perunaltracitta","twitter_misc":{"Scritto da":"Chiara Scuri","Tempo di lettura stimato":"8 minuti"},"schema":{"@context":"https:\/\/schema.org","@graph":[{"@type":"Article","@id":"https:\/\/www.perunaltracitta.org\/homepage\/2026\/09\/01\/avere-ventanni-in-libia-dallattentato-a-saif-al-islam-gheddafi-allassassinio-del-generale-fawzi-al-mansouri\/#article","isPartOf":{"@id":"https:\/\/www.perunaltracitta.org\/homepage\/2026\/09\/01\/avere-ventanni-in-libia-dallattentato-a-saif-al-islam-gheddafi-allassassinio-del-generale-fawzi-al-mansouri\/"},"author":{"name":"Chiara Scuri","@id":"https:\/\/www.perunaltracitta.org\/homepage\/#\/schema\/person\/47fca41b9c9b45276229a0e51039d137"},"headline":"Avere vent&#8217;anni in Libia. Dall&#8217;attentato a Saif Al Islam Gheddafi all&#8217;assassinio del Generale Fawzi al-Mansouri","datePublished":"2026-09-01T15:10:03+00:00","mainEntityOfPage":{"@id":"https:\/\/www.perunaltracitta.org\/homepage\/2026\/09\/01\/avere-ventanni-in-libia-dallattentato-a-saif-al-islam-gheddafi-allassassinio-del-generale-fawzi-al-mansouri\/"},"wordCount":1414,"commentCount":0,"publisher":{"@id":"https:\/\/www.perunaltracitta.org\/homepage\/#organization"},"image":{"@id":"https:\/\/www.perunaltracitta.org\/homepage\/2026\/09\/01\/avere-ventanni-in-libia-dallattentato-a-saif-al-islam-gheddafi-allassassinio-del-generale-fawzi-al-mansouri\/#primaryimage"},"thumbnailUrl":"https:\/\/www.perunaltracitta.org\/wp-content\/uploads\/2026\/08\/libia-militiat-1.jpg","keywords":["Gheddafi","Libia","Maggiore Generale Fawzi al-Mansouri","Zawiya"],"articleSection":["Global","In evidenza"],"inLanguage":"it-IT","potentialAction":[{"@type":"CommentAction","name":"Comment","target":["https:\/\/www.perunaltracitta.org\/homepage\/2026\/09\/01\/avere-ventanni-in-libia-dallattentato-a-saif-al-islam-gheddafi-allassassinio-del-generale-fawzi-al-mansouri\/#respond"]}]},{"@type":"WebPage","@id":"https:\/\/www.perunaltracitta.org\/homepage\/2026\/09\/01\/avere-ventanni-in-libia-dallattentato-a-saif-al-islam-gheddafi-allassassinio-del-generale-fawzi-al-mansouri\/","url":"https:\/\/www.perunaltracitta.org\/homepage\/2026\/09\/01\/avere-ventanni-in-libia-dallattentato-a-saif-al-islam-gheddafi-allassassinio-del-generale-fawzi-al-mansouri\/","name":"Avere vent'anni in Libia. Dall'attentato a Saif Al Islam Gheddafi all'assassinio del Generale Fawzi al-Mansouri - La Citt\u00e0 invisibile | perUnaltracitt\u00e0 | Firenze","isPartOf":{"@id":"https:\/\/www.perunaltracitta.org\/homepage\/#website"},"primaryImageOfPage":{"@id":"https:\/\/www.perunaltracitta.org\/homepage\/2026\/09\/01\/avere-ventanni-in-libia-dallattentato-a-saif-al-islam-gheddafi-allassassinio-del-generale-fawzi-al-mansouri\/#primaryimage"},"image":{"@id":"https:\/\/www.perunaltracitta.org\/homepage\/2026\/09\/01\/avere-ventanni-in-libia-dallattentato-a-saif-al-islam-gheddafi-allassassinio-del-generale-fawzi-al-mansouri\/#primaryimage"},"thumbnailUrl":"https:\/\/www.perunaltracitta.org\/wp-content\/uploads\/2026\/08\/libia-militiat-1.jpg","datePublished":"2026-09-01T15:10:03+00:00","breadcrumb":{"@id":"https:\/\/www.perunaltracitta.org\/homepage\/2026\/09\/01\/avere-ventanni-in-libia-dallattentato-a-saif-al-islam-gheddafi-allassassinio-del-generale-fawzi-al-mansouri\/#breadcrumb"},"inLanguage":"it-IT","potentialAction":[{"@type":"ReadAction","target":["https:\/\/www.perunaltracitta.org\/homepage\/2026\/09\/01\/avere-ventanni-in-libia-dallattentato-a-saif-al-islam-gheddafi-allassassinio-del-generale-fawzi-al-mansouri\/"]}]},{"@type":"ImageObject","inLanguage":"it-IT","@id":"https:\/\/www.perunaltracitta.org\/homepage\/2026\/09\/01\/avere-ventanni-in-libia-dallattentato-a-saif-al-islam-gheddafi-allassassinio-del-generale-fawzi-al-mansouri\/#primaryimage","url":"https:\/\/www.perunaltracitta.org\/wp-content\/uploads\/2026\/08\/libia-militiat-1.jpg","contentUrl":"https:\/\/www.perunaltracitta.org\/wp-content\/uploads\/2026\/08\/libia-militiat-1.jpg","width":1900,"height":1264,"caption":"Members of the Libyan armed unit, 444 Brigade, backing the Government of National Unity (GNU) and its Prime Minister Abdulhamid al-Dbeibah, set up a checkpoint as smoke rises in the background in Ain Zara area in Tripoli, Libya, July 22, 2022. REUTERS\/Hazem Ahmed"},{"@type":"BreadcrumbList","@id":"https:\/\/www.perunaltracitta.org\/homepage\/2026\/09\/01\/avere-ventanni-in-libia-dallattentato-a-saif-al-islam-gheddafi-allassassinio-del-generale-fawzi-al-mansouri\/#breadcrumb","itemListElement":[{"@type":"ListItem","position":1,"name":"Home","item":"https:\/\/www.perunaltracitta.org\/homepage\/"},{"@type":"ListItem","position":2,"name":"Avere vent&#8217;anni in Libia. Dall&#8217;attentato a Saif Al Islam Gheddafi all&#8217;assassinio del Generale Fawzi al-Mansouri"}]},{"@type":"WebSite","@id":"https:\/\/www.perunaltracitta.org\/homepage\/#website","url":"https:\/\/www.perunaltracitta.org\/homepage\/","name":"La Citt\u00e0 invisibile | perUnaltracitt\u00e0 | Firenze","description":"Voci oltre il pensiero unico","publisher":{"@id":"https:\/\/www.perunaltracitta.org\/homepage\/#organization"},"potentialAction":[{"@type":"SearchAction","target":{"@type":"EntryPoint","urlTemplate":"https:\/\/www.perunaltracitta.org\/homepage\/?s={search_term_string}"},"query-input":{"@type":"PropertyValueSpecification","valueRequired":true,"valueName":"search_term_string"}}],"inLanguage":"it-IT"},{"@type":"Organization","@id":"https:\/\/www.perunaltracitta.org\/homepage\/#organization","name":"perUnaltracitt\u00e0 - laboratorio politico Firenze","url":"https:\/\/www.perunaltracitta.org\/homepage\/","logo":{"@type":"ImageObject","inLanguage":"it-IT","@id":"https:\/\/www.perunaltracitta.org\/homepage\/#\/schema\/logo\/image\/","url":"https:\/\/www.perunaltracitta.org\/wp-content\/uploads\/2025\/11\/Original-on-Transparent-Copia-af-1.png","contentUrl":"https:\/\/www.perunaltracitta.org\/wp-content\/uploads\/2025\/11\/Original-on-Transparent-Copia-af-1.png","width":600,"height":153,"caption":"perUnaltracitt\u00e0 - laboratorio politico Firenze"},"image":{"@id":"https:\/\/www.perunaltracitta.org\/homepage\/#\/schema\/logo\/image\/"},"sameAs":["https:\/\/www.facebook.com\/perunaltracitta","https:\/\/x.com\/perunaltracitta"]},{"@type":"Person","@id":"https:\/\/www.perunaltracitta.org\/homepage\/#\/schema\/person\/47fca41b9c9b45276229a0e51039d137","name":"Chiara Scuri","image":{"@type":"ImageObject","inLanguage":"it-IT","@id":"https:\/\/www.perunaltracitta.org\/homepage\/#\/schema\/person\/image\/","url":"https:\/\/www.perunaltracitta.org\/wp-content\/uploads\/2026\/06\/libia-1-120x120.jpg","contentUrl":"https:\/\/www.perunaltracitta.org\/wp-content\/uploads\/2026\/06\/libia-1-120x120.jpg","caption":"Chiara Scuri"},"url":"https:\/\/www.perunaltracitta.org\/homepage\/author\/chiara-scuri\/"}]}},"uagb_featured_image_src":{"full":["https:\/\/www.perunaltracitta.org\/wp-content\/uploads\/2026\/08\/libia-militiat-1.jpg",1900,1264,false],"thumbnail":["https:\/\/www.perunaltracitta.org\/wp-content\/uploads\/2026\/08\/libia-militiat-1-150x150.jpg",150,150,true],"medium":["https:\/\/www.perunaltracitta.org\/wp-content\/uploads\/2026\/08\/libia-militiat-1-300x200.jpg",300,200,true],"medium_large":["https:\/\/www.perunaltracitta.org\/wp-content\/uploads\/2026\/08\/libia-militiat-1-768x511.jpg",768,511,true],"large":["https:\/\/www.perunaltracitta.org\/wp-content\/uploads\/2026\/08\/libia-militiat-1-1024x681.jpg",1024,681,true],"wysija-newsletters-max":["https:\/\/www.perunaltracitta.org\/wp-content\/uploads\/2026\/08\/libia-militiat-1-600x399.jpg",600,399,true],"1536x1536":["https:\/\/www.perunaltracitta.org\/wp-content\/uploads\/2026\/08\/libia-militiat-1-1536x1022.jpg",1536,1022,true],"2048x2048":["https:\/\/www.perunaltracitta.org\/wp-content\/uploads\/2026\/08\/libia-militiat-1.jpg",1900,1264,false],"mailpoet_newsletter_max":["https:\/\/www.perunaltracitta.org\/wp-content\/uploads\/2026\/08\/libia-militiat-1-1320x878.jpg",1320,878,true],"yarpp-thumbnail":["https:\/\/www.perunaltracitta.org\/wp-content\/uploads\/2026\/08\/libia-militiat-1-120x120.jpg",120,120,true]},"uagb_author_info":{"display_name":"Chiara Scuri","author_link":"https:\/\/www.perunaltracitta.org\/homepage\/author\/chiara-scuri\/"},"uagb_comment_info":0,"uagb_excerpt":"Da febbraio sono in contatto con un miliziano libico e con un suo amico che prova a non lavorare per loro. Ho avuto il contatto del miliziano da un ragazzo tunisino che lo ha conosciuto mentre era in vacanza l\u00e0, a Tunisi. Ci sentiamo su Facebook poi su WhatsApp. Il suo profilo \u00e8 fatto di&hellip;","_links":{"self":[{"href":"https:\/\/www.perunaltracitta.org\/homepage\/wp-json\/wp\/v2\/posts\/103170","targetHints":{"allow":["GET"]}}],"collection":[{"href":"https:\/\/www.perunaltracitta.org\/homepage\/wp-json\/wp\/v2\/posts"}],"about":[{"href":"https:\/\/www.perunaltracitta.org\/homepage\/wp-json\/wp\/v2\/types\/post"}],"author":[{"embeddable":true,"href":"https:\/\/www.perunaltracitta.org\/homepage\/wp-json\/wp\/v2\/users\/597"}],"replies":[{"embeddable":true,"href":"https:\/\/www.perunaltracitta.org\/homepage\/wp-json\/wp\/v2\/comments?post=103170"}],"version-history":[{"count":11,"href":"https:\/\/www.perunaltracitta.org\/homepage\/wp-json\/wp\/v2\/posts\/103170\/revisions"}],"predecessor-version":[{"id":103219,"href":"https:\/\/www.perunaltracitta.org\/homepage\/wp-json\/wp\/v2\/posts\/103170\/revisions\/103219"}],"wp:featuredmedia":[{"embeddable":true,"href":"https:\/\/www.perunaltracitta.org\/homepage\/wp-json\/wp\/v2\/media\/103172"}],"wp:attachment":[{"href":"https:\/\/www.perunaltracitta.org\/homepage\/wp-json\/wp\/v2\/media?parent=103170"}],"wp:term":[{"taxonomy":"category","embeddable":true,"href":"https:\/\/www.perunaltracitta.org\/homepage\/wp-json\/wp\/v2\/categories?post=103170"},{"taxonomy":"post_tag","embeddable":true,"href":"https:\/\/www.perunaltracitta.org\/homepage\/wp-json\/wp\/v2\/tags?post=103170"}],"curies":[{"name":"wp","href":"https:\/\/api.w.org\/{rel}","templated":true}]}}