{"id":103189,"date":"2026-08-25T09:18:41","date_gmt":"2026-08-25T07:18:41","guid":{"rendered":"https:\/\/www.perunaltracitta.org\/homepage\/?p=103189"},"modified":"2026-08-25T18:02:17","modified_gmt":"2026-08-25T16:02:17","slug":"i-canili-in-toscana-sono-le-carceri-dei-cani","status":"publish","type":"post","link":"https:\/\/www.perunaltracitta.org\/homepage\/2026\/08\/25\/i-canili-in-toscana-sono-le-carceri-dei-cani\/","title":{"rendered":"I canili in Toscana sono le carceri dei cani?"},"content":{"rendered":"<p>\u00c8 dal 1991, Legge n.281, che in tutta Italia non \u00e8 pi\u00f9 consentita la soppressione dei cani randagi, prevista come norma fino ad allora. Per\u00f2 sorse subito il problema di dove ospitarli una volta catturati, dato che non erano pochi all&#8217;epoca e non si potevano pi\u00f9 sopprimere. Pochi Comuni erano dotati di veri canili e quelli che c&#8217;erano non erano adeguati.<\/p>\n<p>La Toscana legifer\u00f2, come tutte le Regioni, con una normativa che poi \u00e8 approdata alla L.R.T. 59 \/2009 e relativo regolamento, per poi fermarsi l\u00ec. Alcuni Comuni toscani, fra cui Piombino, si adeguarono alla legge 281 e realizzarono una loro struttura. A Piombino il canile comprensoriale, della Val di Cornia, un canile pubblico, fu inaugurato nel 1992.<\/p>\n<p>La maggior parte dei Comuni toscani per\u00f2 non aveva e neanche oggi ha un canile ed ecco fiorire attivit\u00e0 private, con le quali i Comuni privi di una struttura pubblica si convenzionarono e sempre pi\u00f9 si convenzionano. Megastrutture autorizzate dalle AA.SS.LL. per detenere 300 o 400 cani, con tariffe a volte ridotte all&#8217;osso. 3 o 4 euro al giorno a cane, quando una pensione per un giorno costa in media 20 euro. Sto parlando di imprenditori che hanno investito capitali significativi in queste strutture, ma che incassano una media &#8211; vado a braccio &#8211; di 2000 euro giornaliere, 60.000 mensili, 720.000 euro annui da un numero vario di Comuni. Le cifre sono solo per far capire l&#8217;ordine di grandezza.<img loading=\"lazy\" decoding=\"async\" class=\" wp-image-103191 alignright\" src=\"https:\/\/www.perunaltracitta.org\/wp-content\/uploads\/2026\/08\/canile-169x300.jpg\" alt=\"\" width=\"357\" height=\"634\" srcset=\"https:\/\/www.perunaltracitta.org\/wp-content\/uploads\/2026\/08\/canile-169x300.jpg 169w, https:\/\/www.perunaltracitta.org\/wp-content\/uploads\/2026\/08\/canile-576x1024.jpg 576w, https:\/\/www.perunaltracitta.org\/wp-content\/uploads\/2026\/08\/canile-600x1067.jpg 600w, https:\/\/www.perunaltracitta.org\/wp-content\/uploads\/2026\/08\/canile.jpg 720w\" sizes=\"auto, (max-width: 357px) 100vw, 357px\" \/><\/p>\n<p>In Toscana di canili privati ce ne sono parecchi, perch\u00e9 ci sono pochi canili pubblici e quelli che ci sono vengono sottoutilizzati. Perch\u00e9? Partiamo dall&#8217;ultima, ormai vecchia e superata, legge regionale. Essa \u00e8 stata scritta da un legislatore che tendeva al risparmio ed \u00e8 sicuramente peggiorativa rispetto alla precedente. Per il legislatore regionale, ad esempio, un canile \u00e8 a norma se ha 30 metri quadrati di sgambo ogni dieci box. Cio\u00e8 un cane pu\u00f2 vivere 23 ore e 57 minuti ogni giorno della sua misera vita in un box di 8 metri quadrati di cemento per uscire 3 minuti al giorno, il tempo di pulire un box, in un corridoio di cemento di 30 metri quadrati. Fino al giorno dopo. Ci\u00f2 riduce i tempi di pulizia, il numero di addetti e quindi i costi, a tutto vantaggio dell&#8217;imprenditore privato di turno, che con quei 3 o 4, a volte anche meno, euro giornalieri deve ammortizzare la struttura, pagare il personale, pagare acqua e bollette varie, nutrire il cane e garantirgli almeno un minimo di assistenza veterinaria. E guadagnarci, certo. Perch\u00e9 l&#8217;imprenditore non \u00e8 un aguzzino sadico, ma neanche un benefattore.<\/p>\n<p>Cos\u00ec vivono nei canili privati la maggior parte dei cani in Toscana. Si pu\u00f2 parlare di carcere? Direi di carcere duro, in casi limite di 41 bis. Per\u00f2 finora questa era la regola, in Toscana, una regola del tutto regolare perch\u00e9 conforme alla legge regionale. E poi invece ci sono i pochi canili pubblici, propriet\u00e0 dei Comuni, in genere gestiti da cooperative.<\/p>\n<p>E sono una realt\u00e0 diversa. Un canile pubblico \u00e8 sotto gli occhi di tutti, aperto a cittadini e volontari, esposto alle critiche delle opposizioni politiche e della popolazione, per forza, \u00e8 pubblico, \u00e8 di tutti.<\/p>\n<p>Un canile pubblico deve rendere un servizio, magari a volte costa di pi\u00f9 di 3 o 4 euro al giorno a cane, a volte no, ma non deve guadagnare. Deve rendere un servizio rispondendo alla collettivit\u00e0 che per quel servizio paga. Anche per un canile pubblico vale la stessa regola degli sgambi di 30 metri quadrati ogni 10 box, ma se un Comune si azzarda a perpetrare un tale scempio ecco che i cittadini protestano, le opposizioni attaccano, le associazioni ti additano e scrivono ai giornali. Nei canili pubblici i cani hanno possibilit\u00e0 di sgambare in spazi pi\u00f9 ampi, di uscire in passeggiata, di socializzare. Ed ecco che si passa dal carcere duro, a volte dal 41bis, a un regime di semilibert\u00e0. Sempre regime carcerario \u00e8, ma per chi lo vive, uomo o cane che sia, la differenza \u00e8 enorme.<\/p>\n<p>Per\u00f2 di canili pubblici ce ne sono pochi e quei pochi, in provincia di Livorno solo due, sono semivuoti. Perch\u00e9 ? \u00c8 invalso l&#8217;uso negli ultimi anni di affidare la gestione a forfait, pieno per vuoto, si dice. Cio\u00e8 il gestore incassa la stessa cifra sia che il canile ospiti un solo cane sia che il canile sia completamente pieno. Ci\u00f2 dovrebbe favorire le adozioni. \u00c8 sicuramente nell&#8217;interesse del gestore avere meno cani, perch\u00e9 anche il gestore \u00e8 un privato e vuole guadagnare. Meno cani ha e pi\u00f9 guadagna. Il ragionamento opposto al canile privato, che tendenzialmente guadagna su ogni cane e quindi pi\u00f9 cani ha e pi\u00f9 guadagna, in quanto il canile privato viene pagato a cane, non a forfait.<\/p>\n<p>Tornando per\u00f2 al canile pubblico e al suo affidamento a forfait, \u00e8 chiaro che la cooperativa che gestisce un canile comunale, professionalmente, correttamente, scrupolosamente, ha tuttavia l&#8217;interesse ad avere meno cani possibile e quindi a favorire non solo adozioni, ma anche trasferimenti di alcuni ospiti in altre strutture. \u00c8 talmente logico! E cos\u00ec i canili pubblici restano semivuoti, stante anche il drastico calo del randagismo in Toscana, mentre i canili privati si ampliano e prosperano. La soluzione potrebbe essere che i canili comunali fossero comprensoriali e accogliessero i cani di pi\u00f9 Comuni ripartendosi le spese. Soluzione a tutto vantaggio dei cani, certo,ma anche dei Comuni, che potrebbero risparmiare.<\/p>\n<p>Concludo con una norma, nuova, che ancora non \u00e8 entrata per niente nei metri di valutazione della Regione Toscana e delle sue AA.SS.LL. Sto parlando del d.m. 14.02.2025 , cio\u00e8 il c.d. decreto sul benessere animale. \u00c8 in vigore da gennaio 2026, ma non \u00e8 certo applicato su larga scala. Si applica non solo ai canili, ma a ogni tipo di allevamento e potrebbe creare molti grattacapi sia a chi alleva polli che a chi \u00e8 proprietario di megacanili.<\/p>\n<p>Come si concilia il benessere psicofisico di un cane con un regime carcerario di isolamento e reclusione, privato di stimoli ambientali e di ogni elemento naturale? Alle AA.SS.LL. della nostra Regione il compito di fare i salti mortali per dimostrare che \u00e8 conciliabile. Perch\u00e9 non lo \u00e8. Quindi, o i canili privati si dovranno adeguare, strutturalmente e nella gestione quotidiana, aumentando le loro tariffe, oppure dovranno chiudere.<\/p>\n<p>Io credo che la soluzione pi\u00f9 logica, pi\u00f9 economica per i Comuni, pi\u00f9 vantaggiosa per i cani, pi\u00f9 moderna e pi\u00f9 umana siano i canili pubblici comprensoriali.<\/p>\n<p>Speriamo che la Regione Toscana ci rifletta.<\/p>\n<div id=\"sdfootnote1\">\n<p class=\"sdfootnote\" style=\"padding-left: 40px;\">\n<\/div>\n","protected":false},"excerpt":{"rendered":"<p>\u00c8 dal 1991, Legge n.281, che in tutta Italia non \u00e8 pi\u00f9 consentita la soppressione dei cani randagi, prevista come norma fino ad allora. Per\u00f2 sorse subito il problema di dove ospitarli una volta catturati, dato che non erano pochi all&#8217;epoca e non si potevano pi\u00f9 sopprimere. Pochi Comuni erano dotati di veri canili e &hellip;<\/p>\n<p class=\"read-more\"> <a class=\"\" href=\"https:\/\/www.perunaltracitta.org\/homepage\/2026\/08\/25\/i-canili-in-toscana-sono-le-carceri-dei-cani\/\"> <span class=\"screen-reader-text\">I canili in Toscana sono le carceri dei cani?<\/span> Leggi altro &raquo;<\/a><\/p>\n","protected":false},"author":468,"featured_media":103191,"comment_status":"open","ping_status":"open","sticky":false,"template":"","format":"standard","meta":{"_uag_custom_page_level_css":"","site-sidebar-layout":"default","site-content-layout":"default","ast-global-header-display":"","ast-main-header-display":"","ast-hfb-above-header-display":"","ast-hfb-below-header-display":"","ast-hfb-mobile-header-display":"","site-post-title":"","ast-breadcrumbs-content":"","ast-featured-img":"","footer-sml-layout":"","theme-transparent-header-meta":"default","adv-header-id-meta":"","stick-header-meta":"","header-above-stick-meta":"","header-main-stick-meta":"","header-below-stick-meta":"","footnotes":""},"categories":[4130,41],"tags":[7472,7470,7471,5120,5121],"class_list":["post-103189","post","type-post","status-publish","format-standard","has-post-thumbnail","hentry","category-primo-piano","category-la-citta-invisibile","tag-benessere-degli-animali","tag-canili-comunali","tag-canili-privati","tag-randagismo","tag-tutela-degli-animali"],"yoast_head":"<!-- This site is optimized with the Yoast SEO plugin v25.1 - https:\/\/yoast.com\/wordpress\/plugins\/seo\/ -->\n<title>I canili in Toscana sono le carceri dei cani? - La Citt\u00e0 invisibile | perUnaltracitt\u00e0 | Firenze<\/title>\n<meta name=\"robots\" content=\"index, follow, max-snippet:-1, max-image-preview:large, max-video-preview:-1\" \/>\n<link rel=\"canonical\" href=\"https:\/\/www.perunaltracitta.org\/homepage\/2026\/08\/25\/i-canili-in-toscana-sono-le-carceri-dei-cani\/\" \/>\n<meta property=\"og:locale\" content=\"it_IT\" \/>\n<meta property=\"og:type\" content=\"article\" \/>\n<meta property=\"og:title\" content=\"I canili in Toscana sono le carceri dei cani? - La Citt\u00e0 invisibile | perUnaltracitt\u00e0 | Firenze\" \/>\n<meta property=\"og:description\" content=\"\u00c8 dal 1991, Legge n.281, che in tutta Italia non \u00e8 pi\u00f9 consentita la soppressione dei cani randagi, prevista come norma fino ad allora. Per\u00f2 sorse subito il problema di dove ospitarli una volta catturati, dato che non erano pochi all&#8217;epoca e non si potevano pi\u00f9 sopprimere. Pochi Comuni erano dotati di veri canili e &hellip; I canili in Toscana sono le carceri dei cani? Leggi altro &raquo;\" \/>\n<meta property=\"og:url\" content=\"https:\/\/www.perunaltracitta.org\/homepage\/2026\/08\/25\/i-canili-in-toscana-sono-le-carceri-dei-cani\/\" \/>\n<meta property=\"og:site_name\" content=\"La Citt\u00e0 invisibile | perUnaltracitt\u00e0 | Firenze\" \/>\n<meta property=\"article:publisher\" content=\"https:\/\/www.facebook.com\/perunaltracitta\" \/>\n<meta property=\"article:published_time\" content=\"2026-08-25T07:18:41+00:00\" \/>\n<meta property=\"article:modified_time\" content=\"2026-08-25T16:02:17+00:00\" \/>\n<meta property=\"og:image\" content=\"https:\/\/www.perunaltracitta.org\/wp-content\/uploads\/2026\/08\/canile.jpg\" \/>\n\t<meta property=\"og:image:width\" content=\"720\" \/>\n\t<meta property=\"og:image:height\" content=\"1280\" \/>\n\t<meta property=\"og:image:type\" content=\"image\/jpeg\" \/>\n<meta name=\"author\" content=\"Maria Cristina Biagini\" \/>\n<meta name=\"twitter:card\" content=\"summary_large_image\" \/>\n<meta name=\"twitter:creator\" content=\"@perunaltracitta\" \/>\n<meta name=\"twitter:site\" content=\"@perunaltracitta\" \/>\n<meta name=\"twitter:label1\" content=\"Scritto da\" \/>\n\t<meta name=\"twitter:data1\" content=\"Maria Cristina Biagini\" \/>\n\t<meta name=\"twitter:label2\" content=\"Tempo di lettura stimato\" \/>\n\t<meta name=\"twitter:data2\" content=\"7 minuti\" \/>\n<script type=\"application\/ld+json\" class=\"yoast-schema-graph\">{\"@context\":\"https:\/\/schema.org\",\"@graph\":[{\"@type\":\"Article\",\"@id\":\"https:\/\/www.perunaltracitta.org\/homepage\/2026\/08\/25\/i-canili-in-toscana-sono-le-carceri-dei-cani\/#article\",\"isPartOf\":{\"@id\":\"https:\/\/www.perunaltracitta.org\/homepage\/2026\/08\/25\/i-canili-in-toscana-sono-le-carceri-dei-cani\/\"},\"author\":{\"name\":\"Maria Cristina Biagini\",\"@id\":\"https:\/\/www.perunaltracitta.org\/homepage\/#\/schema\/person\/0fc7450b1c7acd42cb1be4f521606a3a\"},\"headline\":\"I canili in Toscana sono le carceri dei cani?\",\"datePublished\":\"2026-08-25T07:18:41+00:00\",\"dateModified\":\"2026-08-25T16:02:17+00:00\",\"mainEntityOfPage\":{\"@id\":\"https:\/\/www.perunaltracitta.org\/homepage\/2026\/08\/25\/i-canili-in-toscana-sono-le-carceri-dei-cani\/\"},\"wordCount\":1040,\"commentCount\":0,\"publisher\":{\"@id\":\"https:\/\/www.perunaltracitta.org\/homepage\/#organization\"},\"image\":{\"@id\":\"https:\/\/www.perunaltracitta.org\/homepage\/2026\/08\/25\/i-canili-in-toscana-sono-le-carceri-dei-cani\/#primaryimage\"},\"thumbnailUrl\":\"https:\/\/www.perunaltracitta.org\/wp-content\/uploads\/2026\/08\/canile.jpg\",\"keywords\":[\"benessere degli animali\",\"canili comunali\",\"canili privati\",\"randagismo\",\"tutela degli animali\"],\"articleSection\":[\"In evidenza\",\"La Citt\u00e0 invisibile\"],\"inLanguage\":\"it-IT\",\"potentialAction\":[{\"@type\":\"CommentAction\",\"name\":\"Comment\",\"target\":[\"https:\/\/www.perunaltracitta.org\/homepage\/2026\/08\/25\/i-canili-in-toscana-sono-le-carceri-dei-cani\/#respond\"]}]},{\"@type\":\"WebPage\",\"@id\":\"https:\/\/www.perunaltracitta.org\/homepage\/2026\/08\/25\/i-canili-in-toscana-sono-le-carceri-dei-cani\/\",\"url\":\"https:\/\/www.perunaltracitta.org\/homepage\/2026\/08\/25\/i-canili-in-toscana-sono-le-carceri-dei-cani\/\",\"name\":\"I canili in Toscana sono le carceri dei cani? - La Citt\u00e0 invisibile | perUnaltracitt\u00e0 | Firenze\",\"isPartOf\":{\"@id\":\"https:\/\/www.perunaltracitta.org\/homepage\/#website\"},\"primaryImageOfPage\":{\"@id\":\"https:\/\/www.perunaltracitta.org\/homepage\/2026\/08\/25\/i-canili-in-toscana-sono-le-carceri-dei-cani\/#primaryimage\"},\"image\":{\"@id\":\"https:\/\/www.perunaltracitta.org\/homepage\/2026\/08\/25\/i-canili-in-toscana-sono-le-carceri-dei-cani\/#primaryimage\"},\"thumbnailUrl\":\"https:\/\/www.perunaltracitta.org\/wp-content\/uploads\/2026\/08\/canile.jpg\",\"datePublished\":\"2026-08-25T07:18:41+00:00\",\"dateModified\":\"2026-08-25T16:02:17+00:00\",\"breadcrumb\":{\"@id\":\"https:\/\/www.perunaltracitta.org\/homepage\/2026\/08\/25\/i-canili-in-toscana-sono-le-carceri-dei-cani\/#breadcrumb\"},\"inLanguage\":\"it-IT\",\"potentialAction\":[{\"@type\":\"ReadAction\",\"target\":[\"https:\/\/www.perunaltracitta.org\/homepage\/2026\/08\/25\/i-canili-in-toscana-sono-le-carceri-dei-cani\/\"]}]},{\"@type\":\"ImageObject\",\"inLanguage\":\"it-IT\",\"@id\":\"https:\/\/www.perunaltracitta.org\/homepage\/2026\/08\/25\/i-canili-in-toscana-sono-le-carceri-dei-cani\/#primaryimage\",\"url\":\"https:\/\/www.perunaltracitta.org\/wp-content\/uploads\/2026\/08\/canile.jpg\",\"contentUrl\":\"https:\/\/www.perunaltracitta.org\/wp-content\/uploads\/2026\/08\/canile.jpg\",\"width\":720,\"height\":1280},{\"@type\":\"BreadcrumbList\",\"@id\":\"https:\/\/www.perunaltracitta.org\/homepage\/2026\/08\/25\/i-canili-in-toscana-sono-le-carceri-dei-cani\/#breadcrumb\",\"itemListElement\":[{\"@type\":\"ListItem\",\"position\":1,\"name\":\"Home\",\"item\":\"https:\/\/www.perunaltracitta.org\/homepage\/\"},{\"@type\":\"ListItem\",\"position\":2,\"name\":\"I canili in Toscana sono le carceri dei cani?\"}]},{\"@type\":\"WebSite\",\"@id\":\"https:\/\/www.perunaltracitta.org\/homepage\/#website\",\"url\":\"https:\/\/www.perunaltracitta.org\/homepage\/\",\"name\":\"La Citt\u00e0 invisibile | perUnaltracitt\u00e0 | Firenze\",\"description\":\"Voci oltre il pensiero unico\",\"publisher\":{\"@id\":\"https:\/\/www.perunaltracitta.org\/homepage\/#organization\"},\"potentialAction\":[{\"@type\":\"SearchAction\",\"target\":{\"@type\":\"EntryPoint\",\"urlTemplate\":\"https:\/\/www.perunaltracitta.org\/homepage\/?s={search_term_string}\"},\"query-input\":{\"@type\":\"PropertyValueSpecification\",\"valueRequired\":true,\"valueName\":\"search_term_string\"}}],\"inLanguage\":\"it-IT\"},{\"@type\":\"Organization\",\"@id\":\"https:\/\/www.perunaltracitta.org\/homepage\/#organization\",\"name\":\"perUnaltracitt\u00e0 - laboratorio politico Firenze\",\"url\":\"https:\/\/www.perunaltracitta.org\/homepage\/\",\"logo\":{\"@type\":\"ImageObject\",\"inLanguage\":\"it-IT\",\"@id\":\"https:\/\/www.perunaltracitta.org\/homepage\/#\/schema\/logo\/image\/\",\"url\":\"https:\/\/www.perunaltracitta.org\/wp-content\/uploads\/2025\/11\/Original-on-Transparent-Copia-af-1.png\",\"contentUrl\":\"https:\/\/www.perunaltracitta.org\/wp-content\/uploads\/2025\/11\/Original-on-Transparent-Copia-af-1.png\",\"width\":600,\"height\":153,\"caption\":\"perUnaltracitt\u00e0 - laboratorio politico Firenze\"},\"image\":{\"@id\":\"https:\/\/www.perunaltracitta.org\/homepage\/#\/schema\/logo\/image\/\"},\"sameAs\":[\"https:\/\/www.facebook.com\/perunaltracitta\",\"https:\/\/x.com\/perunaltracitta\"]},{\"@type\":\"Person\",\"@id\":\"https:\/\/www.perunaltracitta.org\/homepage\/#\/schema\/person\/0fc7450b1c7acd42cb1be4f521606a3a\",\"name\":\"Maria Cristina Biagini\",\"image\":{\"@type\":\"ImageObject\",\"inLanguage\":\"it-IT\",\"@id\":\"https:\/\/www.perunaltracitta.org\/homepage\/#\/schema\/person\/image\/\",\"url\":\"https:\/\/www.perunaltracitta.org\/wp-content\/uploads\/2022\/09\/298876127_2578995668903145_4609738433221414263_n-120x120.jpg\",\"contentUrl\":\"https:\/\/www.perunaltracitta.org\/wp-content\/uploads\/2022\/09\/298876127_2578995668903145_4609738433221414263_n-120x120.jpg\",\"caption\":\"Maria Cristina Biagini\"},\"description\":\"Maria Cristina Biagini, di Piombino, pensionata del Comune di Piombino, dove per oltre 30 anni \u00e8 stata la Responsabile Servizio Personale. Attivista del gruppo \\\"Gazebo 8 giugno contro il rigassificatore\\\", gruppo di cittadini piombinesi che si \u00e8 reso conto per primo del disastro che stava arrivando con la decretazione d'urgenza. Coorganizzatrice l'8 giugno della prima manifestazione contro il rigassificatore. Presidente dell\u2019Associazione di protezione animali La Casa di Margot odv Piombino\u00a0\",\"url\":\"https:\/\/www.perunaltracitta.org\/homepage\/author\/mariacristina-biagini\/\"}]}<\/script>\n<!-- \/ Yoast SEO plugin. -->","yoast_head_json":{"title":"I canili in Toscana sono le carceri dei cani? - La Citt\u00e0 invisibile | perUnaltracitt\u00e0 | Firenze","robots":{"index":"index","follow":"follow","max-snippet":"max-snippet:-1","max-image-preview":"max-image-preview:large","max-video-preview":"max-video-preview:-1"},"canonical":"https:\/\/www.perunaltracitta.org\/homepage\/2026\/08\/25\/i-canili-in-toscana-sono-le-carceri-dei-cani\/","og_locale":"it_IT","og_type":"article","og_title":"I canili in Toscana sono le carceri dei cani? - La Citt\u00e0 invisibile | perUnaltracitt\u00e0 | Firenze","og_description":"\u00c8 dal 1991, Legge n.281, che in tutta Italia non \u00e8 pi\u00f9 consentita la soppressione dei cani randagi, prevista come norma fino ad allora. Per\u00f2 sorse subito il problema di dove ospitarli una volta catturati, dato che non erano pochi all&#8217;epoca e non si potevano pi\u00f9 sopprimere. Pochi Comuni erano dotati di veri canili e &hellip; I canili in Toscana sono le carceri dei cani? Leggi altro &raquo;","og_url":"https:\/\/www.perunaltracitta.org\/homepage\/2026\/08\/25\/i-canili-in-toscana-sono-le-carceri-dei-cani\/","og_site_name":"La Citt\u00e0 invisibile | perUnaltracitt\u00e0 | Firenze","article_publisher":"https:\/\/www.facebook.com\/perunaltracitta","article_published_time":"2026-08-25T07:18:41+00:00","article_modified_time":"2026-08-25T16:02:17+00:00","og_image":[{"width":720,"height":1280,"url":"https:\/\/www.perunaltracitta.org\/wp-content\/uploads\/2026\/08\/canile.jpg","type":"image\/jpeg"}],"author":"Maria Cristina Biagini","twitter_card":"summary_large_image","twitter_creator":"@perunaltracitta","twitter_site":"@perunaltracitta","twitter_misc":{"Scritto da":"Maria Cristina Biagini","Tempo di lettura stimato":"7 minuti"},"schema":{"@context":"https:\/\/schema.org","@graph":[{"@type":"Article","@id":"https:\/\/www.perunaltracitta.org\/homepage\/2026\/08\/25\/i-canili-in-toscana-sono-le-carceri-dei-cani\/#article","isPartOf":{"@id":"https:\/\/www.perunaltracitta.org\/homepage\/2026\/08\/25\/i-canili-in-toscana-sono-le-carceri-dei-cani\/"},"author":{"name":"Maria Cristina Biagini","@id":"https:\/\/www.perunaltracitta.org\/homepage\/#\/schema\/person\/0fc7450b1c7acd42cb1be4f521606a3a"},"headline":"I canili in Toscana sono le carceri dei cani?","datePublished":"2026-08-25T07:18:41+00:00","dateModified":"2026-08-25T16:02:17+00:00","mainEntityOfPage":{"@id":"https:\/\/www.perunaltracitta.org\/homepage\/2026\/08\/25\/i-canili-in-toscana-sono-le-carceri-dei-cani\/"},"wordCount":1040,"commentCount":0,"publisher":{"@id":"https:\/\/www.perunaltracitta.org\/homepage\/#organization"},"image":{"@id":"https:\/\/www.perunaltracitta.org\/homepage\/2026\/08\/25\/i-canili-in-toscana-sono-le-carceri-dei-cani\/#primaryimage"},"thumbnailUrl":"https:\/\/www.perunaltracitta.org\/wp-content\/uploads\/2026\/08\/canile.jpg","keywords":["benessere degli animali","canili comunali","canili privati","randagismo","tutela degli animali"],"articleSection":["In evidenza","La Citt\u00e0 invisibile"],"inLanguage":"it-IT","potentialAction":[{"@type":"CommentAction","name":"Comment","target":["https:\/\/www.perunaltracitta.org\/homepage\/2026\/08\/25\/i-canili-in-toscana-sono-le-carceri-dei-cani\/#respond"]}]},{"@type":"WebPage","@id":"https:\/\/www.perunaltracitta.org\/homepage\/2026\/08\/25\/i-canili-in-toscana-sono-le-carceri-dei-cani\/","url":"https:\/\/www.perunaltracitta.org\/homepage\/2026\/08\/25\/i-canili-in-toscana-sono-le-carceri-dei-cani\/","name":"I canili in Toscana sono le carceri dei cani? - La Citt\u00e0 invisibile | perUnaltracitt\u00e0 | Firenze","isPartOf":{"@id":"https:\/\/www.perunaltracitta.org\/homepage\/#website"},"primaryImageOfPage":{"@id":"https:\/\/www.perunaltracitta.org\/homepage\/2026\/08\/25\/i-canili-in-toscana-sono-le-carceri-dei-cani\/#primaryimage"},"image":{"@id":"https:\/\/www.perunaltracitta.org\/homepage\/2026\/08\/25\/i-canili-in-toscana-sono-le-carceri-dei-cani\/#primaryimage"},"thumbnailUrl":"https:\/\/www.perunaltracitta.org\/wp-content\/uploads\/2026\/08\/canile.jpg","datePublished":"2026-08-25T07:18:41+00:00","dateModified":"2026-08-25T16:02:17+00:00","breadcrumb":{"@id":"https:\/\/www.perunaltracitta.org\/homepage\/2026\/08\/25\/i-canili-in-toscana-sono-le-carceri-dei-cani\/#breadcrumb"},"inLanguage":"it-IT","potentialAction":[{"@type":"ReadAction","target":["https:\/\/www.perunaltracitta.org\/homepage\/2026\/08\/25\/i-canili-in-toscana-sono-le-carceri-dei-cani\/"]}]},{"@type":"ImageObject","inLanguage":"it-IT","@id":"https:\/\/www.perunaltracitta.org\/homepage\/2026\/08\/25\/i-canili-in-toscana-sono-le-carceri-dei-cani\/#primaryimage","url":"https:\/\/www.perunaltracitta.org\/wp-content\/uploads\/2026\/08\/canile.jpg","contentUrl":"https:\/\/www.perunaltracitta.org\/wp-content\/uploads\/2026\/08\/canile.jpg","width":720,"height":1280},{"@type":"BreadcrumbList","@id":"https:\/\/www.perunaltracitta.org\/homepage\/2026\/08\/25\/i-canili-in-toscana-sono-le-carceri-dei-cani\/#breadcrumb","itemListElement":[{"@type":"ListItem","position":1,"name":"Home","item":"https:\/\/www.perunaltracitta.org\/homepage\/"},{"@type":"ListItem","position":2,"name":"I canili in Toscana sono le carceri dei cani?"}]},{"@type":"WebSite","@id":"https:\/\/www.perunaltracitta.org\/homepage\/#website","url":"https:\/\/www.perunaltracitta.org\/homepage\/","name":"La Citt\u00e0 invisibile | perUnaltracitt\u00e0 | Firenze","description":"Voci oltre il pensiero unico","publisher":{"@id":"https:\/\/www.perunaltracitta.org\/homepage\/#organization"},"potentialAction":[{"@type":"SearchAction","target":{"@type":"EntryPoint","urlTemplate":"https:\/\/www.perunaltracitta.org\/homepage\/?s={search_term_string}"},"query-input":{"@type":"PropertyValueSpecification","valueRequired":true,"valueName":"search_term_string"}}],"inLanguage":"it-IT"},{"@type":"Organization","@id":"https:\/\/www.perunaltracitta.org\/homepage\/#organization","name":"perUnaltracitt\u00e0 - laboratorio politico Firenze","url":"https:\/\/www.perunaltracitta.org\/homepage\/","logo":{"@type":"ImageObject","inLanguage":"it-IT","@id":"https:\/\/www.perunaltracitta.org\/homepage\/#\/schema\/logo\/image\/","url":"https:\/\/www.perunaltracitta.org\/wp-content\/uploads\/2025\/11\/Original-on-Transparent-Copia-af-1.png","contentUrl":"https:\/\/www.perunaltracitta.org\/wp-content\/uploads\/2025\/11\/Original-on-Transparent-Copia-af-1.png","width":600,"height":153,"caption":"perUnaltracitt\u00e0 - laboratorio politico Firenze"},"image":{"@id":"https:\/\/www.perunaltracitta.org\/homepage\/#\/schema\/logo\/image\/"},"sameAs":["https:\/\/www.facebook.com\/perunaltracitta","https:\/\/x.com\/perunaltracitta"]},{"@type":"Person","@id":"https:\/\/www.perunaltracitta.org\/homepage\/#\/schema\/person\/0fc7450b1c7acd42cb1be4f521606a3a","name":"Maria Cristina Biagini","image":{"@type":"ImageObject","inLanguage":"it-IT","@id":"https:\/\/www.perunaltracitta.org\/homepage\/#\/schema\/person\/image\/","url":"https:\/\/www.perunaltracitta.org\/wp-content\/uploads\/2022\/09\/298876127_2578995668903145_4609738433221414263_n-120x120.jpg","contentUrl":"https:\/\/www.perunaltracitta.org\/wp-content\/uploads\/2022\/09\/298876127_2578995668903145_4609738433221414263_n-120x120.jpg","caption":"Maria Cristina Biagini"},"description":"Maria Cristina Biagini, di Piombino, pensionata del Comune di Piombino, dove per oltre 30 anni \u00e8 stata la Responsabile Servizio Personale. Attivista del gruppo \"Gazebo 8 giugno contro il rigassificatore\", gruppo di cittadini piombinesi che si \u00e8 reso conto per primo del disastro che stava arrivando con la decretazione d'urgenza. Coorganizzatrice l'8 giugno della prima manifestazione contro il rigassificatore. Presidente dell\u2019Associazione di protezione animali La Casa di Margot odv Piombino\u00a0","url":"https:\/\/www.perunaltracitta.org\/homepage\/author\/mariacristina-biagini\/"}]}},"uagb_featured_image_src":{"full":["https:\/\/www.perunaltracitta.org\/wp-content\/uploads\/2026\/08\/canile.jpg",720,1280,false],"thumbnail":["https:\/\/www.perunaltracitta.org\/wp-content\/uploads\/2026\/08\/canile-150x150.jpg",150,150,true],"medium":["https:\/\/www.perunaltracitta.org\/wp-content\/uploads\/2026\/08\/canile-169x300.jpg",169,300,true],"medium_large":["https:\/\/www.perunaltracitta.org\/wp-content\/uploads\/2026\/08\/canile.jpg",720,1280,false],"large":["https:\/\/www.perunaltracitta.org\/wp-content\/uploads\/2026\/08\/canile-576x1024.jpg",576,1024,true],"wysija-newsletters-max":["https:\/\/www.perunaltracitta.org\/wp-content\/uploads\/2026\/08\/canile-600x1067.jpg",600,1067,true],"1536x1536":["https:\/\/www.perunaltracitta.org\/wp-content\/uploads\/2026\/08\/canile.jpg",720,1280,false],"2048x2048":["https:\/\/www.perunaltracitta.org\/wp-content\/uploads\/2026\/08\/canile.jpg",720,1280,false],"mailpoet_newsletter_max":["https:\/\/www.perunaltracitta.org\/wp-content\/uploads\/2026\/08\/canile.jpg",720,1280,false],"yarpp-thumbnail":["https:\/\/www.perunaltracitta.org\/wp-content\/uploads\/2026\/08\/canile-120x120.jpg",120,120,true]},"uagb_author_info":{"display_name":"Maria Cristina Biagini","author_link":"https:\/\/www.perunaltracitta.org\/homepage\/author\/mariacristina-biagini\/"},"uagb_comment_info":0,"uagb_excerpt":"\u00c8 dal 1991, Legge n.281, che in tutta Italia non \u00e8 pi\u00f9 consentita la soppressione dei cani randagi, prevista come norma fino ad allora. Per\u00f2 sorse subito il problema di dove ospitarli una volta catturati, dato che non erano pochi all&#8217;epoca e non si potevano pi\u00f9 sopprimere. Pochi Comuni erano dotati di veri canili e&hellip;","_links":{"self":[{"href":"https:\/\/www.perunaltracitta.org\/homepage\/wp-json\/wp\/v2\/posts\/103189","targetHints":{"allow":["GET"]}}],"collection":[{"href":"https:\/\/www.perunaltracitta.org\/homepage\/wp-json\/wp\/v2\/posts"}],"about":[{"href":"https:\/\/www.perunaltracitta.org\/homepage\/wp-json\/wp\/v2\/types\/post"}],"author":[{"embeddable":true,"href":"https:\/\/www.perunaltracitta.org\/homepage\/wp-json\/wp\/v2\/users\/468"}],"replies":[{"embeddable":true,"href":"https:\/\/www.perunaltracitta.org\/homepage\/wp-json\/wp\/v2\/comments?post=103189"}],"version-history":[{"count":5,"href":"https:\/\/www.perunaltracitta.org\/homepage\/wp-json\/wp\/v2\/posts\/103189\/revisions"}],"predecessor-version":[{"id":103198,"href":"https:\/\/www.perunaltracitta.org\/homepage\/wp-json\/wp\/v2\/posts\/103189\/revisions\/103198"}],"wp:featuredmedia":[{"embeddable":true,"href":"https:\/\/www.perunaltracitta.org\/homepage\/wp-json\/wp\/v2\/media\/103191"}],"wp:attachment":[{"href":"https:\/\/www.perunaltracitta.org\/homepage\/wp-json\/wp\/v2\/media?parent=103189"}],"wp:term":[{"taxonomy":"category","embeddable":true,"href":"https:\/\/www.perunaltracitta.org\/homepage\/wp-json\/wp\/v2\/categories?post=103189"},{"taxonomy":"post_tag","embeddable":true,"href":"https:\/\/www.perunaltracitta.org\/homepage\/wp-json\/wp\/v2\/tags?post=103189"}],"curies":[{"name":"wp","href":"https:\/\/api.w.org\/{rel}","templated":true}]}}