{"id":103235,"date":"2026-09-02T18:18:31","date_gmt":"2026-09-02T16:18:31","guid":{"rendered":"https:\/\/www.perunaltracitta.org\/homepage\/?p=103235"},"modified":"2026-09-02T18:18:31","modified_gmt":"2026-09-02T16:18:31","slug":"difendiamo-autistici-inventati-e-il-diritto-di-costruire-una-comunicazione-resistente","status":"publish","type":"post","link":"https:\/\/www.perunaltracitta.org\/homepage\/2026\/09\/02\/difendiamo-autistici-inventati-e-il-diritto-di-costruire-una-comunicazione-resistente\/","title":{"rendered":"Difendiamo Autistici\/Inventati e il diritto di costruire una comunicazione resistente"},"content":{"rendered":"<p><span style=\"font-family: Georgia, serif; font-size: 12pt;\">Il 26 agosto 2026 gli Stati Uniti hanno designato il collettivo di tecnologia italiano Autistici\/Inventati come Specially Designated Global Terrorist inserendolo nelle liste dei Specially Designated Nationals ai sensi dell\u2019Executive Order 13224. Alle 00:01 (Eastern time) del 25 settembre scadr\u00e0 la finestra temporale entro la quale procedere alla liquidazione dei loro contratti.<\/span><\/p>\n<p><span style=\"font-family: Georgia, serif; font-size: 12pt;\">Dal 2001, Autistici\/Inventati fornisce senza scopo di lucro servizi quali mail, siti, mailing list, Noblogs, e altri servizi di comunicazione. Il collettivo \u00e8 nato in Italia dal mondo di hacklab, media indipendenti e movimenti sociali. L\u2019infrastruttura di A\/I nasce in risposta a censure, sorveglianza segreta, e sequestri di server. L\u2019infrastruttura raccoglie i dati minimamente necessari, utilizza un sistema distribuito, e considera la privacy come una condizione necessaria alla partecipazione politica, e non come un suo prodotto.<\/span><\/p>\n<p><span style=\"font-family: Georgia, serif; font-size: 12pt;\"><img loading=\"lazy\" decoding=\"async\" class=\"alignleft size-medium wp-image-103237\" src=\"https:\/\/www.perunaltracitta.org\/wp-content\/uploads\/2026\/09\/CENSORED-300x300.jpg\" alt=\"\" width=\"300\" height=\"300\" srcset=\"https:\/\/www.perunaltracitta.org\/wp-content\/uploads\/2026\/09\/CENSORED-300x300.jpg 300w, https:\/\/www.perunaltracitta.org\/wp-content\/uploads\/2026\/09\/CENSORED-1024x1024.jpg 1024w, https:\/\/www.perunaltracitta.org\/wp-content\/uploads\/2026\/09\/CENSORED-150x150.jpg 150w, https:\/\/www.perunaltracitta.org\/wp-content\/uploads\/2026\/09\/CENSORED-768x768.jpg 768w, https:\/\/www.perunaltracitta.org\/wp-content\/uploads\/2026\/09\/CENSORED-600x600.jpg 600w, https:\/\/www.perunaltracitta.org\/wp-content\/uploads\/2026\/09\/CENSORED-120x120.jpg 120w, https:\/\/www.perunaltracitta.org\/wp-content\/uploads\/2026\/09\/CENSORED.jpg 1182w\" sizes=\"auto, (max-width: 300px) 100vw, 300px\" \/>Il comunicato degli Stati Uniti fa riferimento a materiali e organizzazioni che avrebbero usato l\u2019infrastruttura di A\/I. Gli Stati Uniti non dimostrano pubblicamente che A\/I abbia pianificato le azioni citate, identificato dei bersagli, diretto gli utenti, o scritto il materiale ospitato. Tale designazione quindi solleva una questione che si estende ben oltre il singolo collettivo: mantenere un\u2019infrastruttura di comunicazione che preserva la privacy per movimenti svantaggiati pu\u00f2 essere considerato un atto di terrorismo?<\/span><\/p>\n<p><span style=\"font-family: Georgia, serif; font-size: 12pt;\">Tale teorizzazione minaccia host indipendenti, servizi di comunicazione criptata, biblioteche radicali, archivi di movimento, editori e piccoli progetti di volontariato in tutto il mondo. Invita banche, registrar, societ\u00e0 di hosting e fornitori di tecnologia a tagliare i rapporti prima di porre domande di natura legale. Trasforma la decisione di raccogliere dati minimi in una ragione di sospetto, la difesa della privacy in una accusa di occultamento e l\u2019infrastruttura in una causa di colpevolezza per associazione.<\/span><\/p>\n<p><span style=\"font-family: Georgia, serif; font-size: 12pt;\">Negli Stati Uniti il principio di responsabilit\u00e0 degli intermediari (inclusa la sezione 230) generalmente separa le grandi piattaforme commerciali dai discorsi e dalla condotta dei loro utenti. Tali protezioni non sono assolute e non proteggono dalle sanzioni. Questo \u00e8 il motivo per cui questa designazione ha conseguenze cos\u00ec grandi: le sanzioni emesse dal potere esecutivo possono imporre l\u2019isolamento economico senza prima risolvere davanti a un tribunale la questione di tipo ordinario della responsabilit\u00e0 legale di un provider rispetto a materiale prodotto da terzi.<\/span><\/p>\n<p><span style=\"font-family: Georgia, serif; font-size: 12pt;\">Autistici\/Inventati non \u00e8 politicamente neutrale; l\u2019affinit\u00e0 politica, per\u00f2, non \u00e8 controllo operativo. Fornire un account email, una piattaforma di pubblicazione o un server non significa condividere tutto ci\u00f2 che un utente potr\u00e0 dire o fare in seguito.<\/span><\/p>\n<p><span style=\"font-family: Georgia, serif; font-size: 12pt;\">Per questo vi chiediamo di leggere questa lettera, di firmarla e di condividerla il pi\u00f9 possibile, ovunque, in qualsiasi ambito, perch\u00e9 ha a che fare con tutte noi, con la libert\u00e0 di espressione e la possibilit\u00e0 di avere infrastrutture di informazione e comunicazione private, antifasciste e libere.<\/span><\/p>\n<p><span style=\"font-family: Georgia, serif; font-size: 12pt;\">Per questo motivo chiediamo:<\/span><\/p>\n<ol>\n<li><span style=\"font-family: Georgia, serif; font-size: 12pt;\">La revoca immediata della designazione, oppure un suo riesame rapido e trasparente, con la pubblicazione delle motivazioni giuridiche sufficienti ad una verifica pubblica significativa e a una sua eventuale contestazione. <\/span><\/li>\n<li><span style=\"font-family: Georgia, serif; font-size: 12pt;\">Una distinzione chiara tra fornire infrastruttura di comunicazione e le condotte dei suoi utenti. <\/span><\/li>\n<li><span style=\"font-family: Georgia, serif; font-size: 12pt;\">Che la privacy, la cifratura, la pseudonimia e il rifiuto di trattare dati identificativi non necessari non vengano usati come prove di terrorismo. <\/span><\/li>\n<li><span style=\"font-family: Georgia, serif; font-size: 12pt;\">Protezione per il giornalismo indipendente, la ricerca, l\u2019archiviazione e la campagna pubblica. Giornaliste, librerie, ricercatrici e attiviste della comunit\u00e0 devono poter documentare questa storia senza essere trattate come \u201ccomplici\u201d del progetto A\/I. <\/span><\/li>\n<li><span style=\"font-family: Georgia, serif; font-size: 12pt;\">Banche, registrar e simili devono dichiarare apertamente quali regole esterne li vincolano davvero (es. protocolli SWIFT per le banche, policy PIR per i registrar), distinguendo questi obblighi dalle proprie scelte discrezionali. Non devono usare tali vincoli come pretesto per agire oltre il necessario, chiudendo conti o domini \u201cper prudenza\u201d quando la norma non lo richiede. Il limite alla loro azione repressiva deve coincidere con l\u2019obbligo legale effettivo, non superarlo. <\/span><\/li>\n<li><span style=\"font-family: Georgia, serif; font-size: 12pt;\">Una risposta pubblica da parte delle istituzioni pubbliche che si occupano di diritti digitali, di libert\u00e0 di espressione e delle libert\u00e0 civili. Non pu\u00f2 essere lasciato passare sotto silenzio il grave precedente di colpire una infrastruttura indipendente. <\/span><\/li>\n<\/ol>\n<p><span style=\"font-family: Georgia, serif; font-size: 12pt;\">L\u2019obiettivo di una sanzione economica \u00e8 l\u2019isolamento. La nostra risposta \u00e8 una solidariet\u00e0 indipendente, informata e disciplinata: salvaguardiamo i documenti pubblici, scrutiniamo le affermazioni del governo, non obbediamo all\u2019istituzione prima che ci venga ordinato, difendiamo la capacit\u00e0 dei movimenti di comunicare senza arrendersi alla sorveglianza aziendale o statale.<\/span><\/p>\n<p><a href=\"https:\/\/www.inventati.org\/campaign\/defend\">https:\/\/www.inventati.org\/campaign\/defend<\/a><\/p>\n","protected":false},"excerpt":{"rendered":"<p>Il 26 agosto 2026 gli Stati Uniti hanno designato il collettivo di tecnologia italiano Autistici\/Inventati come Specially Designated Global Terrorist inserendolo nelle liste dei Specially Designated Nationals ai sensi dell\u2019Executive Order 13224. Alle 00:01 (Eastern time) del 25 settembre scadr\u00e0 la finestra temporale entro la quale procedere alla liquidazione dei loro contratti. Dal 2001, Autistici\/Inventati &hellip;<\/p>\n<p class=\"read-more\"> <a class=\"\" href=\"https:\/\/www.perunaltracitta.org\/homepage\/2026\/09\/02\/difendiamo-autistici-inventati-e-il-diritto-di-costruire-una-comunicazione-resistente\/\"> <span class=\"screen-reader-text\">Difendiamo Autistici\/Inventati e il diritto di costruire una comunicazione resistente<\/span> Leggi altro &raquo;<\/a><\/p>\n","protected":false},"author":1,"featured_media":103237,"comment_status":"open","ping_status":"open","sticky":false,"template":"","format":"standard","meta":{"_uag_custom_page_level_css":"","site-sidebar-layout":"default","site-content-layout":"default","ast-global-header-display":"","ast-main-header-display":"","ast-hfb-above-header-display":"","ast-hfb-below-header-display":"","ast-hfb-mobile-header-display":"","site-post-title":"","ast-breadcrumbs-content":"","ast-featured-img":"","footer-sml-layout":"","theme-transparent-header-meta":"default","adv-header-id-meta":"","stick-header-meta":"","header-above-stick-meta":"","header-main-stick-meta":"","header-below-stick-meta":"","footnotes":""},"categories":[4130,41],"tags":[7489,3316,256,7490,404],"class_list":["post-103235","post","type-post","status-publish","format-standard","has-post-thumbnail","hentry","category-primo-piano","category-la-citta-invisibile","tag-autistici-inventati","tag-censura","tag-diritti","tag-giornalismo-indipendente","tag-repressione"],"yoast_head":"<!-- This site is optimized with the Yoast SEO plugin v25.1 - https:\/\/yoast.com\/wordpress\/plugins\/seo\/ -->\n<title>Difendiamo Autistici\/Inventati e il diritto di costruire una comunicazione resistente - La Citt\u00e0 invisibile | perUnaltracitt\u00e0 | Firenze<\/title>\n<meta name=\"robots\" content=\"index, follow, max-snippet:-1, max-image-preview:large, max-video-preview:-1\" \/>\n<link rel=\"canonical\" href=\"https:\/\/www.perunaltracitta.org\/homepage\/2026\/09\/02\/difendiamo-autistici-inventati-e-il-diritto-di-costruire-una-comunicazione-resistente\/\" \/>\n<meta property=\"og:locale\" content=\"it_IT\" \/>\n<meta property=\"og:type\" content=\"article\" \/>\n<meta property=\"og:title\" content=\"Difendiamo Autistici\/Inventati e il diritto di costruire una comunicazione resistente - La Citt\u00e0 invisibile | perUnaltracitt\u00e0 | Firenze\" \/>\n<meta property=\"og:description\" content=\"Il 26 agosto 2026 gli Stati Uniti hanno designato il collettivo di tecnologia italiano Autistici\/Inventati come Specially Designated Global Terrorist inserendolo nelle liste dei Specially Designated Nationals ai sensi dell\u2019Executive Order 13224. Alle 00:01 (Eastern time) del 25 settembre scadr\u00e0 la finestra temporale entro la quale procedere alla liquidazione dei loro contratti. Dal 2001, Autistici\/Inventati &hellip; Difendiamo Autistici\/Inventati e il diritto di costruire una comunicazione resistente Leggi altro &raquo;\" \/>\n<meta property=\"og:url\" content=\"https:\/\/www.perunaltracitta.org\/homepage\/2026\/09\/02\/difendiamo-autistici-inventati-e-il-diritto-di-costruire-una-comunicazione-resistente\/\" \/>\n<meta property=\"og:site_name\" content=\"La Citt\u00e0 invisibile | perUnaltracitt\u00e0 | Firenze\" \/>\n<meta property=\"article:publisher\" content=\"https:\/\/www.facebook.com\/perunaltracitta\" \/>\n<meta property=\"article:published_time\" content=\"2026-09-02T16:18:31+00:00\" \/>\n<meta property=\"og:image\" content=\"https:\/\/www.perunaltracitta.org\/wp-content\/uploads\/2026\/09\/CENSORED.jpg\" \/>\n\t<meta property=\"og:image:width\" content=\"1182\" \/>\n\t<meta property=\"og:image:height\" content=\"1182\" \/>\n\t<meta property=\"og:image:type\" content=\"image\/jpeg\" \/>\n<meta name=\"author\" content=\"Redazione\" \/>\n<meta name=\"twitter:card\" content=\"summary_large_image\" \/>\n<meta name=\"twitter:creator\" content=\"@perunaltracitta\" \/>\n<meta name=\"twitter:site\" content=\"@perunaltracitta\" \/>\n<meta name=\"twitter:label1\" content=\"Scritto da\" \/>\n\t<meta name=\"twitter:data1\" content=\"Redazione\" \/>\n\t<meta name=\"twitter:label2\" content=\"Tempo di lettura stimato\" \/>\n\t<meta name=\"twitter:data2\" content=\"5 minuti\" \/>\n<script type=\"application\/ld+json\" class=\"yoast-schema-graph\">{\"@context\":\"https:\/\/schema.org\",\"@graph\":[{\"@type\":\"Article\",\"@id\":\"https:\/\/www.perunaltracitta.org\/homepage\/2026\/09\/02\/difendiamo-autistici-inventati-e-il-diritto-di-costruire-una-comunicazione-resistente\/#article\",\"isPartOf\":{\"@id\":\"https:\/\/www.perunaltracitta.org\/homepage\/2026\/09\/02\/difendiamo-autistici-inventati-e-il-diritto-di-costruire-una-comunicazione-resistente\/\"},\"author\":{\"name\":\"Redazione\",\"@id\":\"https:\/\/www.perunaltracitta.org\/homepage\/#\/schema\/person\/dfa435bbec27dfdfca89afd56a6c0081\"},\"headline\":\"Difendiamo Autistici\/Inventati e il diritto di costruire una comunicazione resistente\",\"datePublished\":\"2026-09-02T16:18:31+00:00\",\"mainEntityOfPage\":{\"@id\":\"https:\/\/www.perunaltracitta.org\/homepage\/2026\/09\/02\/difendiamo-autistici-inventati-e-il-diritto-di-costruire-una-comunicazione-resistente\/\"},\"wordCount\":724,\"commentCount\":0,\"publisher\":{\"@id\":\"https:\/\/www.perunaltracitta.org\/homepage\/#organization\"},\"image\":{\"@id\":\"https:\/\/www.perunaltracitta.org\/homepage\/2026\/09\/02\/difendiamo-autistici-inventati-e-il-diritto-di-costruire-una-comunicazione-resistente\/#primaryimage\"},\"thumbnailUrl\":\"https:\/\/www.perunaltracitta.org\/wp-content\/uploads\/2026\/09\/CENSORED.jpg\",\"keywords\":[\"Autistici\/Inventati\",\"censura\",\"diritti\",\"giornalismo indipendente\",\"repressione\"],\"articleSection\":[\"In evidenza\",\"La Citt\u00e0 invisibile\"],\"inLanguage\":\"it-IT\",\"potentialAction\":[{\"@type\":\"CommentAction\",\"name\":\"Comment\",\"target\":[\"https:\/\/www.perunaltracitta.org\/homepage\/2026\/09\/02\/difendiamo-autistici-inventati-e-il-diritto-di-costruire-una-comunicazione-resistente\/#respond\"]}]},{\"@type\":\"WebPage\",\"@id\":\"https:\/\/www.perunaltracitta.org\/homepage\/2026\/09\/02\/difendiamo-autistici-inventati-e-il-diritto-di-costruire-una-comunicazione-resistente\/\",\"url\":\"https:\/\/www.perunaltracitta.org\/homepage\/2026\/09\/02\/difendiamo-autistici-inventati-e-il-diritto-di-costruire-una-comunicazione-resistente\/\",\"name\":\"Difendiamo Autistici\/Inventati e il diritto di costruire una comunicazione resistente - La Citt\u00e0 invisibile | perUnaltracitt\u00e0 | Firenze\",\"isPartOf\":{\"@id\":\"https:\/\/www.perunaltracitta.org\/homepage\/#website\"},\"primaryImageOfPage\":{\"@id\":\"https:\/\/www.perunaltracitta.org\/homepage\/2026\/09\/02\/difendiamo-autistici-inventati-e-il-diritto-di-costruire-una-comunicazione-resistente\/#primaryimage\"},\"image\":{\"@id\":\"https:\/\/www.perunaltracitta.org\/homepage\/2026\/09\/02\/difendiamo-autistici-inventati-e-il-diritto-di-costruire-una-comunicazione-resistente\/#primaryimage\"},\"thumbnailUrl\":\"https:\/\/www.perunaltracitta.org\/wp-content\/uploads\/2026\/09\/CENSORED.jpg\",\"datePublished\":\"2026-09-02T16:18:31+00:00\",\"breadcrumb\":{\"@id\":\"https:\/\/www.perunaltracitta.org\/homepage\/2026\/09\/02\/difendiamo-autistici-inventati-e-il-diritto-di-costruire-una-comunicazione-resistente\/#breadcrumb\"},\"inLanguage\":\"it-IT\",\"potentialAction\":[{\"@type\":\"ReadAction\",\"target\":[\"https:\/\/www.perunaltracitta.org\/homepage\/2026\/09\/02\/difendiamo-autistici-inventati-e-il-diritto-di-costruire-una-comunicazione-resistente\/\"]}]},{\"@type\":\"ImageObject\",\"inLanguage\":\"it-IT\",\"@id\":\"https:\/\/www.perunaltracitta.org\/homepage\/2026\/09\/02\/difendiamo-autistici-inventati-e-il-diritto-di-costruire-una-comunicazione-resistente\/#primaryimage\",\"url\":\"https:\/\/www.perunaltracitta.org\/wp-content\/uploads\/2026\/09\/CENSORED.jpg\",\"contentUrl\":\"https:\/\/www.perunaltracitta.org\/wp-content\/uploads\/2026\/09\/CENSORED.jpg\",\"width\":1182,\"height\":1182},{\"@type\":\"BreadcrumbList\",\"@id\":\"https:\/\/www.perunaltracitta.org\/homepage\/2026\/09\/02\/difendiamo-autistici-inventati-e-il-diritto-di-costruire-una-comunicazione-resistente\/#breadcrumb\",\"itemListElement\":[{\"@type\":\"ListItem\",\"position\":1,\"name\":\"Home\",\"item\":\"https:\/\/www.perunaltracitta.org\/homepage\/\"},{\"@type\":\"ListItem\",\"position\":2,\"name\":\"Difendiamo Autistici\/Inventati e il diritto di costruire una comunicazione resistente\"}]},{\"@type\":\"WebSite\",\"@id\":\"https:\/\/www.perunaltracitta.org\/homepage\/#website\",\"url\":\"https:\/\/www.perunaltracitta.org\/homepage\/\",\"name\":\"La Citt\u00e0 invisibile | perUnaltracitt\u00e0 | Firenze\",\"description\":\"Voci oltre il pensiero unico\",\"publisher\":{\"@id\":\"https:\/\/www.perunaltracitta.org\/homepage\/#organization\"},\"potentialAction\":[{\"@type\":\"SearchAction\",\"target\":{\"@type\":\"EntryPoint\",\"urlTemplate\":\"https:\/\/www.perunaltracitta.org\/homepage\/?s={search_term_string}\"},\"query-input\":{\"@type\":\"PropertyValueSpecification\",\"valueRequired\":true,\"valueName\":\"search_term_string\"}}],\"inLanguage\":\"it-IT\"},{\"@type\":\"Organization\",\"@id\":\"https:\/\/www.perunaltracitta.org\/homepage\/#organization\",\"name\":\"perUnaltracitt\u00e0 - laboratorio politico Firenze\",\"url\":\"https:\/\/www.perunaltracitta.org\/homepage\/\",\"logo\":{\"@type\":\"ImageObject\",\"inLanguage\":\"it-IT\",\"@id\":\"https:\/\/www.perunaltracitta.org\/homepage\/#\/schema\/logo\/image\/\",\"url\":\"https:\/\/www.perunaltracitta.org\/wp-content\/uploads\/2025\/11\/Original-on-Transparent-Copia-af-1.png\",\"contentUrl\":\"https:\/\/www.perunaltracitta.org\/wp-content\/uploads\/2025\/11\/Original-on-Transparent-Copia-af-1.png\",\"width\":600,\"height\":153,\"caption\":\"perUnaltracitt\u00e0 - laboratorio politico Firenze\"},\"image\":{\"@id\":\"https:\/\/www.perunaltracitta.org\/homepage\/#\/schema\/logo\/image\/\"},\"sameAs\":[\"https:\/\/www.facebook.com\/perunaltracitta\",\"https:\/\/x.com\/perunaltracitta\"]},{\"@type\":\"Person\",\"@id\":\"https:\/\/www.perunaltracitta.org\/homepage\/#\/schema\/person\/dfa435bbec27dfdfca89afd56a6c0081\",\"name\":\"Redazione\",\"image\":{\"@type\":\"ImageObject\",\"inLanguage\":\"it-IT\",\"@id\":\"https:\/\/www.perunaltracitta.org\/homepage\/#\/schema\/person\/image\/\",\"url\":\"https:\/\/www.perunaltracitta.org\/wp-content\/uploads\/2021\/12\/puc-per-barra-browser-120x120.png\",\"contentUrl\":\"https:\/\/www.perunaltracitta.org\/wp-content\/uploads\/2021\/12\/puc-per-barra-browser-120x120.png\",\"caption\":\"Redazione\"},\"description\":\"Il gruppo di\u00a0redazione della rivista edita da perUnaltracitt\u00e0\",\"url\":\"https:\/\/www.perunaltracitta.org\/homepage\/author\/admin\/\"}]}<\/script>\n<!-- \/ Yoast SEO plugin. -->","yoast_head_json":{"title":"Difendiamo Autistici\/Inventati e il diritto di costruire una comunicazione resistente - La Citt\u00e0 invisibile | perUnaltracitt\u00e0 | Firenze","robots":{"index":"index","follow":"follow","max-snippet":"max-snippet:-1","max-image-preview":"max-image-preview:large","max-video-preview":"max-video-preview:-1"},"canonical":"https:\/\/www.perunaltracitta.org\/homepage\/2026\/09\/02\/difendiamo-autistici-inventati-e-il-diritto-di-costruire-una-comunicazione-resistente\/","og_locale":"it_IT","og_type":"article","og_title":"Difendiamo Autistici\/Inventati e il diritto di costruire una comunicazione resistente - La Citt\u00e0 invisibile | perUnaltracitt\u00e0 | Firenze","og_description":"Il 26 agosto 2026 gli Stati Uniti hanno designato il collettivo di tecnologia italiano Autistici\/Inventati come Specially Designated Global Terrorist inserendolo nelle liste dei Specially Designated Nationals ai sensi dell\u2019Executive Order 13224. Alle 00:01 (Eastern time) del 25 settembre scadr\u00e0 la finestra temporale entro la quale procedere alla liquidazione dei loro contratti. Dal 2001, Autistici\/Inventati &hellip; Difendiamo Autistici\/Inventati e il diritto di costruire una comunicazione resistente Leggi altro &raquo;","og_url":"https:\/\/www.perunaltracitta.org\/homepage\/2026\/09\/02\/difendiamo-autistici-inventati-e-il-diritto-di-costruire-una-comunicazione-resistente\/","og_site_name":"La Citt\u00e0 invisibile | perUnaltracitt\u00e0 | Firenze","article_publisher":"https:\/\/www.facebook.com\/perunaltracitta","article_published_time":"2026-09-02T16:18:31+00:00","og_image":[{"width":1182,"height":1182,"url":"https:\/\/www.perunaltracitta.org\/wp-content\/uploads\/2026\/09\/CENSORED.jpg","type":"image\/jpeg"}],"author":"Redazione","twitter_card":"summary_large_image","twitter_creator":"@perunaltracitta","twitter_site":"@perunaltracitta","twitter_misc":{"Scritto da":"Redazione","Tempo di lettura stimato":"5 minuti"},"schema":{"@context":"https:\/\/schema.org","@graph":[{"@type":"Article","@id":"https:\/\/www.perunaltracitta.org\/homepage\/2026\/09\/02\/difendiamo-autistici-inventati-e-il-diritto-di-costruire-una-comunicazione-resistente\/#article","isPartOf":{"@id":"https:\/\/www.perunaltracitta.org\/homepage\/2026\/09\/02\/difendiamo-autistici-inventati-e-il-diritto-di-costruire-una-comunicazione-resistente\/"},"author":{"name":"Redazione","@id":"https:\/\/www.perunaltracitta.org\/homepage\/#\/schema\/person\/dfa435bbec27dfdfca89afd56a6c0081"},"headline":"Difendiamo Autistici\/Inventati e il diritto di costruire una comunicazione resistente","datePublished":"2026-09-02T16:18:31+00:00","mainEntityOfPage":{"@id":"https:\/\/www.perunaltracitta.org\/homepage\/2026\/09\/02\/difendiamo-autistici-inventati-e-il-diritto-di-costruire-una-comunicazione-resistente\/"},"wordCount":724,"commentCount":0,"publisher":{"@id":"https:\/\/www.perunaltracitta.org\/homepage\/#organization"},"image":{"@id":"https:\/\/www.perunaltracitta.org\/homepage\/2026\/09\/02\/difendiamo-autistici-inventati-e-il-diritto-di-costruire-una-comunicazione-resistente\/#primaryimage"},"thumbnailUrl":"https:\/\/www.perunaltracitta.org\/wp-content\/uploads\/2026\/09\/CENSORED.jpg","keywords":["Autistici\/Inventati","censura","diritti","giornalismo indipendente","repressione"],"articleSection":["In evidenza","La Citt\u00e0 invisibile"],"inLanguage":"it-IT","potentialAction":[{"@type":"CommentAction","name":"Comment","target":["https:\/\/www.perunaltracitta.org\/homepage\/2026\/09\/02\/difendiamo-autistici-inventati-e-il-diritto-di-costruire-una-comunicazione-resistente\/#respond"]}]},{"@type":"WebPage","@id":"https:\/\/www.perunaltracitta.org\/homepage\/2026\/09\/02\/difendiamo-autistici-inventati-e-il-diritto-di-costruire-una-comunicazione-resistente\/","url":"https:\/\/www.perunaltracitta.org\/homepage\/2026\/09\/02\/difendiamo-autistici-inventati-e-il-diritto-di-costruire-una-comunicazione-resistente\/","name":"Difendiamo Autistici\/Inventati e il diritto di costruire una comunicazione resistente - La Citt\u00e0 invisibile | perUnaltracitt\u00e0 | Firenze","isPartOf":{"@id":"https:\/\/www.perunaltracitta.org\/homepage\/#website"},"primaryImageOfPage":{"@id":"https:\/\/www.perunaltracitta.org\/homepage\/2026\/09\/02\/difendiamo-autistici-inventati-e-il-diritto-di-costruire-una-comunicazione-resistente\/#primaryimage"},"image":{"@id":"https:\/\/www.perunaltracitta.org\/homepage\/2026\/09\/02\/difendiamo-autistici-inventati-e-il-diritto-di-costruire-una-comunicazione-resistente\/#primaryimage"},"thumbnailUrl":"https:\/\/www.perunaltracitta.org\/wp-content\/uploads\/2026\/09\/CENSORED.jpg","datePublished":"2026-09-02T16:18:31+00:00","breadcrumb":{"@id":"https:\/\/www.perunaltracitta.org\/homepage\/2026\/09\/02\/difendiamo-autistici-inventati-e-il-diritto-di-costruire-una-comunicazione-resistente\/#breadcrumb"},"inLanguage":"it-IT","potentialAction":[{"@type":"ReadAction","target":["https:\/\/www.perunaltracitta.org\/homepage\/2026\/09\/02\/difendiamo-autistici-inventati-e-il-diritto-di-costruire-una-comunicazione-resistente\/"]}]},{"@type":"ImageObject","inLanguage":"it-IT","@id":"https:\/\/www.perunaltracitta.org\/homepage\/2026\/09\/02\/difendiamo-autistici-inventati-e-il-diritto-di-costruire-una-comunicazione-resistente\/#primaryimage","url":"https:\/\/www.perunaltracitta.org\/wp-content\/uploads\/2026\/09\/CENSORED.jpg","contentUrl":"https:\/\/www.perunaltracitta.org\/wp-content\/uploads\/2026\/09\/CENSORED.jpg","width":1182,"height":1182},{"@type":"BreadcrumbList","@id":"https:\/\/www.perunaltracitta.org\/homepage\/2026\/09\/02\/difendiamo-autistici-inventati-e-il-diritto-di-costruire-una-comunicazione-resistente\/#breadcrumb","itemListElement":[{"@type":"ListItem","position":1,"name":"Home","item":"https:\/\/www.perunaltracitta.org\/homepage\/"},{"@type":"ListItem","position":2,"name":"Difendiamo Autistici\/Inventati e il diritto di costruire una comunicazione resistente"}]},{"@type":"WebSite","@id":"https:\/\/www.perunaltracitta.org\/homepage\/#website","url":"https:\/\/www.perunaltracitta.org\/homepage\/","name":"La Citt\u00e0 invisibile | perUnaltracitt\u00e0 | Firenze","description":"Voci oltre il pensiero unico","publisher":{"@id":"https:\/\/www.perunaltracitta.org\/homepage\/#organization"},"potentialAction":[{"@type":"SearchAction","target":{"@type":"EntryPoint","urlTemplate":"https:\/\/www.perunaltracitta.org\/homepage\/?s={search_term_string}"},"query-input":{"@type":"PropertyValueSpecification","valueRequired":true,"valueName":"search_term_string"}}],"inLanguage":"it-IT"},{"@type":"Organization","@id":"https:\/\/www.perunaltracitta.org\/homepage\/#organization","name":"perUnaltracitt\u00e0 - laboratorio politico Firenze","url":"https:\/\/www.perunaltracitta.org\/homepage\/","logo":{"@type":"ImageObject","inLanguage":"it-IT","@id":"https:\/\/www.perunaltracitta.org\/homepage\/#\/schema\/logo\/image\/","url":"https:\/\/www.perunaltracitta.org\/wp-content\/uploads\/2025\/11\/Original-on-Transparent-Copia-af-1.png","contentUrl":"https:\/\/www.perunaltracitta.org\/wp-content\/uploads\/2025\/11\/Original-on-Transparent-Copia-af-1.png","width":600,"height":153,"caption":"perUnaltracitt\u00e0 - laboratorio politico Firenze"},"image":{"@id":"https:\/\/www.perunaltracitta.org\/homepage\/#\/schema\/logo\/image\/"},"sameAs":["https:\/\/www.facebook.com\/perunaltracitta","https:\/\/x.com\/perunaltracitta"]},{"@type":"Person","@id":"https:\/\/www.perunaltracitta.org\/homepage\/#\/schema\/person\/dfa435bbec27dfdfca89afd56a6c0081","name":"Redazione","image":{"@type":"ImageObject","inLanguage":"it-IT","@id":"https:\/\/www.perunaltracitta.org\/homepage\/#\/schema\/person\/image\/","url":"https:\/\/www.perunaltracitta.org\/wp-content\/uploads\/2021\/12\/puc-per-barra-browser-120x120.png","contentUrl":"https:\/\/www.perunaltracitta.org\/wp-content\/uploads\/2021\/12\/puc-per-barra-browser-120x120.png","caption":"Redazione"},"description":"Il gruppo di\u00a0redazione della rivista edita da perUnaltracitt\u00e0","url":"https:\/\/www.perunaltracitta.org\/homepage\/author\/admin\/"}]}},"uagb_featured_image_src":{"full":["https:\/\/www.perunaltracitta.org\/wp-content\/uploads\/2026\/09\/CENSORED.jpg",1182,1182,false],"thumbnail":["https:\/\/www.perunaltracitta.org\/wp-content\/uploads\/2026\/09\/CENSORED-150x150.jpg",150,150,true],"medium":["https:\/\/www.perunaltracitta.org\/wp-content\/uploads\/2026\/09\/CENSORED-300x300.jpg",300,300,true],"medium_large":["https:\/\/www.perunaltracitta.org\/wp-content\/uploads\/2026\/09\/CENSORED-768x768.jpg",768,768,true],"large":["https:\/\/www.perunaltracitta.org\/wp-content\/uploads\/2026\/09\/CENSORED-1024x1024.jpg",1024,1024,true],"wysija-newsletters-max":["https:\/\/www.perunaltracitta.org\/wp-content\/uploads\/2026\/09\/CENSORED-600x600.jpg",600,600,true],"1536x1536":["https:\/\/www.perunaltracitta.org\/wp-content\/uploads\/2026\/09\/CENSORED.jpg",1182,1182,false],"2048x2048":["https:\/\/www.perunaltracitta.org\/wp-content\/uploads\/2026\/09\/CENSORED.jpg",1182,1182,false],"mailpoet_newsletter_max":["https:\/\/www.perunaltracitta.org\/wp-content\/uploads\/2026\/09\/CENSORED.jpg",1182,1182,false],"yarpp-thumbnail":["https:\/\/www.perunaltracitta.org\/wp-content\/uploads\/2026\/09\/CENSORED-120x120.jpg",120,120,true]},"uagb_author_info":{"display_name":"Redazione","author_link":"https:\/\/www.perunaltracitta.org\/homepage\/author\/admin\/"},"uagb_comment_info":0,"uagb_excerpt":"Il 26 agosto 2026 gli Stati Uniti hanno designato il collettivo di tecnologia italiano Autistici\/Inventati come Specially Designated Global Terrorist inserendolo nelle liste dei Specially Designated Nationals ai sensi dell\u2019Executive Order 13224. Alle 00:01 (Eastern time) del 25 settembre scadr\u00e0 la finestra temporale entro la quale procedere alla liquidazione dei loro contratti. Dal 2001, Autistici\/Inventati&hellip;","_links":{"self":[{"href":"https:\/\/www.perunaltracitta.org\/homepage\/wp-json\/wp\/v2\/posts\/103235","targetHints":{"allow":["GET"]}}],"collection":[{"href":"https:\/\/www.perunaltracitta.org\/homepage\/wp-json\/wp\/v2\/posts"}],"about":[{"href":"https:\/\/www.perunaltracitta.org\/homepage\/wp-json\/wp\/v2\/types\/post"}],"author":[{"embeddable":true,"href":"https:\/\/www.perunaltracitta.org\/homepage\/wp-json\/wp\/v2\/users\/1"}],"replies":[{"embeddable":true,"href":"https:\/\/www.perunaltracitta.org\/homepage\/wp-json\/wp\/v2\/comments?post=103235"}],"version-history":[{"count":2,"href":"https:\/\/www.perunaltracitta.org\/homepage\/wp-json\/wp\/v2\/posts\/103235\/revisions"}],"predecessor-version":[{"id":103238,"href":"https:\/\/www.perunaltracitta.org\/homepage\/wp-json\/wp\/v2\/posts\/103235\/revisions\/103238"}],"wp:featuredmedia":[{"embeddable":true,"href":"https:\/\/www.perunaltracitta.org\/homepage\/wp-json\/wp\/v2\/media\/103237"}],"wp:attachment":[{"href":"https:\/\/www.perunaltracitta.org\/homepage\/wp-json\/wp\/v2\/media?parent=103235"}],"wp:term":[{"taxonomy":"category","embeddable":true,"href":"https:\/\/www.perunaltracitta.org\/homepage\/wp-json\/wp\/v2\/categories?post=103235"},{"taxonomy":"post_tag","embeddable":true,"href":"https:\/\/www.perunaltracitta.org\/homepage\/wp-json\/wp\/v2\/tags?post=103235"}],"curies":[{"name":"wp","href":"https:\/\/api.w.org\/{rel}","templated":true}]}}