{"id":1201,"date":"2014-10-22T12:08:08","date_gmt":"2014-10-22T10:08:08","guid":{"rendered":"http:\/\/www.perunaltracitta.org\/?p=1201"},"modified":"2017-12-19T16:06:54","modified_gmt":"2017-12-19T15:06:54","slug":"labuonascuola-e-la-scuola-occupata","status":"publish","type":"post","link":"https:\/\/www.perunaltracitta.org\/homepage\/2014\/10\/22\/labuonascuola-e-la-scuola-occupata\/","title":{"rendered":"#labuonascuola \u00e8 la scuola occupata"},"content":{"rendered":"<p><a href=\"http:\/\/www.perunaltracitta.org\/wp-content\/uploads\/2014\/10\/collettivi.jpg\"><img loading=\"lazy\" decoding=\"async\" class=\"alignleft wp-image-1204 size-medium\" src=\"http:\/\/www.perunaltracitta.org\/wp-content\/uploads\/2014\/10\/collettivi-300x148.jpg\" alt=\"collettivi\" width=\"300\" height=\"148\" srcset=\"https:\/\/www.perunaltracitta.org\/wp-content\/uploads\/2014\/10\/collettivi-300x148.jpg 300w, https:\/\/www.perunaltracitta.org\/wp-content\/uploads\/2014\/10\/collettivi.jpg 600w\" sizes=\"auto, (max-width: 300px) 100vw, 300px\" \/><\/a>Quest&#8217;anno qualcosa \u00e8 cambiato nella mobilitazione studentesca: la prima manifestazione dell&#8217;autunno caldo ha visto scendere in piazza duemila studenti, pi\u00f9 del doppio dell&#8217;anno scorso. Ma non si tratta solo di questo, perch\u00e9 il corteo invece di concludersi in una piazza, si \u00e8 concluso nel cortile del liceo Machiavelli-Capponi, dando inizio alla nostra occupazione.<\/p>\n<p>Ci siamo posti due obiettivi: da una parte manifestare contro l&#8217;ultima riforma della scuola che, sulla stessa linea di tutte quelle degli ultimi anni, cerca di smantellare i principi fondanti della scuola pubblica, inserendoci selezione chiamandola meritocrazia (sia tra studenti che tra insegnanti), finanziamenti da enti privati e una struttura gerarchica piramidale, in cui il preside conta pi\u00f9 della collegialit\u00e0 e dove lo studente non ha spazio per esprimere le proprie necessit\u00e0.<\/p>\n<p><a href=\"http:\/\/www.perunaltracitta.org\/wp-content\/uploads\/2014\/10\/collettivo-machiavelli-capponi.jpg\"><img loading=\"lazy\" decoding=\"async\" class=\"alignright size-medium wp-image-1202\" src=\"http:\/\/www.perunaltracitta.org\/wp-content\/uploads\/2014\/10\/collettivo-machiavelli-capponi-300x184.jpg\" alt=\"collettivo machiavelli capponi\" width=\"300\" height=\"184\" srcset=\"https:\/\/www.perunaltracitta.org\/wp-content\/uploads\/2014\/10\/collettivo-machiavelli-capponi-300x184.jpg 300w, https:\/\/www.perunaltracitta.org\/wp-content\/uploads\/2014\/10\/collettivo-machiavelli-capponi-600x369.jpg 600w, https:\/\/www.perunaltracitta.org\/wp-content\/uploads\/2014\/10\/collettivo-machiavelli-capponi.jpg 960w\" sizes=\"auto, (max-width: 300px) 100vw, 300px\" \/><\/a>Dall&#8217;altra essere la scintilla in grado di far scoppiare la mobilitazione fiorentina.\u00a0Per questo le nostre attivit\u00e0 sono state volte all&#8217;apertura verso l&#8217;esterno, e abbiamo cercato collaborazione non solo coi ragazzi del nostro istituto, ma con tutti quelli di Firenze, studenti medi, universitari, lavoratori e disoccupati.\u00a0Volevamo che i nostri messaggi raggiungessero pi\u00f9 persone possibile, senza i filtri e le correzioni della stampa.<\/p>\n<p>Infatti gi\u00e0 luned\u00ec 13 ottobre eravamo di nuovo in strada, diretti verso Prato, insieme agli studenti dell&#8217;ITI Da Vinci e dell&#8217;ISA, per contestare il ministro Giannini, in giro per #labuonascuolatour.<\/p>\n<p>Gioved\u00ec 16 invece abbiamo puntato pi\u00f9 in alto. Quel giorno era stato lanciato uno sciopero sociale in tutto il paese, una mobilitazione in cui tutti erano invitati a bloccare il flusso normale della citt\u00e0, a creare disagio e a palesare il proprio dissenso. Quindi abbiamo bloccato la nostra scuola: studenti, professori e personale ATA hanno intasato piazza Frescobaldi tanto da fermare il traffico. Dopo il presidio davanti alla scuola chiusa, coinvolgendo gli studenti che alla mattinata libera hanno preferito manifestare, ci siamo diretti al concentramento del corteo lanciato dal Coordinamento degli studenti fiorentini in piazza San Marco.<\/p>\n<p>Il corteo voleva bloccare Ponte alla Vittoria ma le forze dell&#8217;ordine hanno permesso solo un tragitto attraverso il centro pedonale. Abbiamo visto l&#8217;ultimo spiraglio in via della Vigna Nuova, dove per\u00f2 carabinieri e polizia in tenuta antisommossa, accompagnati dalle fedeli telecamere, hanno creato un blocco. Quando il corteo ha cercato di sfondare il cordone le forze dell&#8217;ordine hanno reagito caricandoci e ferendo tre nostre giovani compagne. Alla fine, insieme ad altre realt\u00e0 cittadine, ci siamo diretti verso il liceo Capponi con l&#8217;intenzione di occuparlo. Dentro ci siamo riuniti in assemblea discutendo dell&#8217;accaduto con gli esterni, scoprendo che degli agenti della Digos, entrati in mattinata, avevano razzolato nei nostri zaini in cerca di informazioni, creato disordine e urinato nella palestra in cui dormiamo.<\/p>\n<p>Nonostante questo ci siamo rimessi in moto, con assemblee e attivit\u00e0 venerd\u00ec e sabato (su crisi ambientale, caso Eataly, Abusi in divisa, caso Ataf,\u2026), per dimostrare che i soprusi dello Stato non ci intimidiscono.<\/p>\n<p>L\u2019occupazione \u00e8 quasi giunta al termine, ma le mobilitazioni no: saremo in piazza con i lavoratori Ataf il 24 ottobre e il 14 novembre per il secondo sciopero sociale. Ci faremo vedere e sentire, conquisteremo passo dopo passo la scuola che vogliamo.<\/p>\n<p><em>Collettivo Autorganizzato Machiavelli-Capponi<\/em><\/p>\n","protected":false},"excerpt":{"rendered":"<p>Quest&#8217;anno qualcosa \u00e8 cambiato nella mobilitazione studentesca: la prima manifestazione dell&#8217;autunno caldo ha visto scendere in piazza duemila studenti, pi\u00f9 del doppio dell&#8217;anno scorso. Ma non si tratta solo di questo, perch\u00e9 il corteo invece di concludersi in una piazza, si \u00e8 concluso nel cortile del liceo Machiavelli-Capponi, dando inizio alla nostra occupazione. Ci siamo &hellip;<\/p>\n<p class=\"read-more\"> <a class=\"\" href=\"https:\/\/www.perunaltracitta.org\/homepage\/2014\/10\/22\/labuonascuola-e-la-scuola-occupata\/\"> <span class=\"screen-reader-text\">#labuonascuola \u00e8 la scuola occupata<\/span> Leggi altro &raquo;<\/a><\/p>\n","protected":false},"author":38,"featured_media":1204,"comment_status":"open","ping_status":"open","sticky":false,"template":"","format":"standard","meta":{"_uag_custom_page_level_css":"","site-sidebar-layout":"default","site-content-layout":"default","ast-global-header-display":"","ast-main-header-display":"","ast-hfb-above-header-display":"","ast-hfb-below-header-display":"","ast-hfb-mobile-header-display":"","site-post-title":"","ast-breadcrumbs-content":"","ast-featured-img":"","footer-sml-layout":"","theme-transparent-header-meta":"","adv-header-id-meta":"","stick-header-meta":"","header-above-stick-meta":"","header-main-stick-meta":"","header-below-stick-meta":"","footnotes":""},"categories":[41],"tags":[],"class_list":["post-1201","post","type-post","status-publish","format-standard","has-post-thumbnail","hentry","category-la-citta-invisibile"],"yoast_head":"<!-- This site is optimized with the Yoast SEO plugin v25.1 - https:\/\/yoast.com\/wordpress\/plugins\/seo\/ -->\n<title>#labuonascuola \u00e8 la scuola occupata - La Citt\u00e0 invisibile | perUnaltracitt\u00e0 | Firenze<\/title>\n<meta name=\"robots\" content=\"index, follow, max-snippet:-1, max-image-preview:large, max-video-preview:-1\" \/>\n<link rel=\"canonical\" href=\"https:\/\/www.perunaltracitta.org\/homepage\/2014\/10\/22\/labuonascuola-e-la-scuola-occupata\/\" \/>\n<meta property=\"og:locale\" content=\"it_IT\" \/>\n<meta property=\"og:type\" content=\"article\" \/>\n<meta property=\"og:title\" content=\"#labuonascuola \u00e8 la scuola occupata - La Citt\u00e0 invisibile | perUnaltracitt\u00e0 | Firenze\" \/>\n<meta property=\"og:description\" content=\"Quest&#8217;anno qualcosa \u00e8 cambiato nella mobilitazione studentesca: la prima manifestazione dell&#8217;autunno caldo ha visto scendere in piazza duemila studenti, pi\u00f9 del doppio dell&#8217;anno scorso. Ma non si tratta solo di questo, perch\u00e9 il corteo invece di concludersi in una piazza, si \u00e8 concluso nel cortile del liceo Machiavelli-Capponi, dando inizio alla nostra occupazione. Ci siamo &hellip; #labuonascuola \u00e8 la scuola occupata Leggi altro &raquo;\" \/>\n<meta property=\"og:url\" content=\"https:\/\/www.perunaltracitta.org\/homepage\/2014\/10\/22\/labuonascuola-e-la-scuola-occupata\/\" \/>\n<meta property=\"og:site_name\" content=\"La Citt\u00e0 invisibile | perUnaltracitt\u00e0 | Firenze\" \/>\n<meta property=\"article:publisher\" content=\"https:\/\/www.facebook.com\/perunaltracitta\" \/>\n<meta property=\"article:published_time\" content=\"2014-10-22T10:08:08+00:00\" \/>\n<meta property=\"article:modified_time\" content=\"2017-12-19T15:06:54+00:00\" \/>\n<meta property=\"og:image\" content=\"https:\/\/www.perunaltracitta.org\/wp-content\/uploads\/2014\/10\/collettivi.jpg\" \/>\n\t<meta property=\"og:image:width\" content=\"600\" \/>\n\t<meta property=\"og:image:height\" content=\"295\" \/>\n\t<meta property=\"og:image:type\" content=\"image\/jpeg\" \/>\n<meta name=\"author\" content=\"Machiavelli Capponi\" \/>\n<meta name=\"twitter:card\" content=\"summary_large_image\" \/>\n<meta name=\"twitter:creator\" content=\"@perunaltracitta\" \/>\n<meta name=\"twitter:site\" content=\"@perunaltracitta\" \/>\n<meta name=\"twitter:label1\" content=\"Scritto da\" \/>\n\t<meta name=\"twitter:data1\" content=\"Machiavelli Capponi\" \/>\n\t<meta name=\"twitter:label2\" content=\"Tempo di lettura stimato\" \/>\n\t<meta name=\"twitter:data2\" content=\"3 minuti\" \/>\n<script type=\"application\/ld+json\" class=\"yoast-schema-graph\">{\"@context\":\"https:\/\/schema.org\",\"@graph\":[{\"@type\":\"Article\",\"@id\":\"https:\/\/www.perunaltracitta.org\/homepage\/2014\/10\/22\/labuonascuola-e-la-scuola-occupata\/#article\",\"isPartOf\":{\"@id\":\"https:\/\/www.perunaltracitta.org\/homepage\/2014\/10\/22\/labuonascuola-e-la-scuola-occupata\/\"},\"author\":{\"name\":\"Machiavelli Capponi\",\"@id\":\"https:\/\/www.perunaltracitta.org\/homepage\/#\/schema\/person\/fd61268df7288df7e05108d7594ddd49\"},\"headline\":\"#labuonascuola \u00e8 la scuola occupata\",\"datePublished\":\"2014-10-22T10:08:08+00:00\",\"dateModified\":\"2017-12-19T15:06:54+00:00\",\"mainEntityOfPage\":{\"@id\":\"https:\/\/www.perunaltracitta.org\/homepage\/2014\/10\/22\/labuonascuola-e-la-scuola-occupata\/\"},\"wordCount\":514,\"commentCount\":0,\"publisher\":{\"@id\":\"https:\/\/www.perunaltracitta.org\/homepage\/#organization\"},\"image\":{\"@id\":\"https:\/\/www.perunaltracitta.org\/homepage\/2014\/10\/22\/labuonascuola-e-la-scuola-occupata\/#primaryimage\"},\"thumbnailUrl\":\"https:\/\/www.perunaltracitta.org\/wp-content\/uploads\/2014\/10\/collettivi.jpg\",\"articleSection\":[\"La Citt\u00e0 invisibile\"],\"inLanguage\":\"it-IT\",\"potentialAction\":[{\"@type\":\"CommentAction\",\"name\":\"Comment\",\"target\":[\"https:\/\/www.perunaltracitta.org\/homepage\/2014\/10\/22\/labuonascuola-e-la-scuola-occupata\/#respond\"]}]},{\"@type\":\"WebPage\",\"@id\":\"https:\/\/www.perunaltracitta.org\/homepage\/2014\/10\/22\/labuonascuola-e-la-scuola-occupata\/\",\"url\":\"https:\/\/www.perunaltracitta.org\/homepage\/2014\/10\/22\/labuonascuola-e-la-scuola-occupata\/\",\"name\":\"#labuonascuola \u00e8 la scuola occupata - La Citt\u00e0 invisibile | perUnaltracitt\u00e0 | Firenze\",\"isPartOf\":{\"@id\":\"https:\/\/www.perunaltracitta.org\/homepage\/#website\"},\"primaryImageOfPage\":{\"@id\":\"https:\/\/www.perunaltracitta.org\/homepage\/2014\/10\/22\/labuonascuola-e-la-scuola-occupata\/#primaryimage\"},\"image\":{\"@id\":\"https:\/\/www.perunaltracitta.org\/homepage\/2014\/10\/22\/labuonascuola-e-la-scuola-occupata\/#primaryimage\"},\"thumbnailUrl\":\"https:\/\/www.perunaltracitta.org\/wp-content\/uploads\/2014\/10\/collettivi.jpg\",\"datePublished\":\"2014-10-22T10:08:08+00:00\",\"dateModified\":\"2017-12-19T15:06:54+00:00\",\"breadcrumb\":{\"@id\":\"https:\/\/www.perunaltracitta.org\/homepage\/2014\/10\/22\/labuonascuola-e-la-scuola-occupata\/#breadcrumb\"},\"inLanguage\":\"it-IT\",\"potentialAction\":[{\"@type\":\"ReadAction\",\"target\":[\"https:\/\/www.perunaltracitta.org\/homepage\/2014\/10\/22\/labuonascuola-e-la-scuola-occupata\/\"]}]},{\"@type\":\"ImageObject\",\"inLanguage\":\"it-IT\",\"@id\":\"https:\/\/www.perunaltracitta.org\/homepage\/2014\/10\/22\/labuonascuola-e-la-scuola-occupata\/#primaryimage\",\"url\":\"https:\/\/www.perunaltracitta.org\/wp-content\/uploads\/2014\/10\/collettivi.jpg\",\"contentUrl\":\"https:\/\/www.perunaltracitta.org\/wp-content\/uploads\/2014\/10\/collettivi.jpg\",\"width\":600,\"height\":295},{\"@type\":\"BreadcrumbList\",\"@id\":\"https:\/\/www.perunaltracitta.org\/homepage\/2014\/10\/22\/labuonascuola-e-la-scuola-occupata\/#breadcrumb\",\"itemListElement\":[{\"@type\":\"ListItem\",\"position\":1,\"name\":\"Home\",\"item\":\"https:\/\/www.perunaltracitta.org\/homepage\/\"},{\"@type\":\"ListItem\",\"position\":2,\"name\":\"#labuonascuola \u00e8 la scuola occupata\"}]},{\"@type\":\"WebSite\",\"@id\":\"https:\/\/www.perunaltracitta.org\/homepage\/#website\",\"url\":\"https:\/\/www.perunaltracitta.org\/homepage\/\",\"name\":\"La Citt\u00e0 invisibile | perUnaltracitt\u00e0 | Firenze\",\"description\":\"Voci oltre il pensiero unico\",\"publisher\":{\"@id\":\"https:\/\/www.perunaltracitta.org\/homepage\/#organization\"},\"potentialAction\":[{\"@type\":\"SearchAction\",\"target\":{\"@type\":\"EntryPoint\",\"urlTemplate\":\"https:\/\/www.perunaltracitta.org\/homepage\/?s={search_term_string}\"},\"query-input\":{\"@type\":\"PropertyValueSpecification\",\"valueRequired\":true,\"valueName\":\"search_term_string\"}}],\"inLanguage\":\"it-IT\"},{\"@type\":\"Organization\",\"@id\":\"https:\/\/www.perunaltracitta.org\/homepage\/#organization\",\"name\":\"perUnaltracitt\u00e0 - laboratorio politico Firenze\",\"url\":\"https:\/\/www.perunaltracitta.org\/homepage\/\",\"logo\":{\"@type\":\"ImageObject\",\"inLanguage\":\"it-IT\",\"@id\":\"https:\/\/www.perunaltracitta.org\/homepage\/#\/schema\/logo\/image\/\",\"url\":\"https:\/\/www.perunaltracitta.org\/wp-content\/uploads\/2025\/11\/Original-on-Transparent-Copia-af-1.png\",\"contentUrl\":\"https:\/\/www.perunaltracitta.org\/wp-content\/uploads\/2025\/11\/Original-on-Transparent-Copia-af-1.png\",\"width\":600,\"height\":153,\"caption\":\"perUnaltracitt\u00e0 - laboratorio politico Firenze\"},\"image\":{\"@id\":\"https:\/\/www.perunaltracitta.org\/homepage\/#\/schema\/logo\/image\/\"},\"sameAs\":[\"https:\/\/www.facebook.com\/perunaltracitta\",\"https:\/\/x.com\/perunaltracitta\"]},{\"@type\":\"Person\",\"@id\":\"https:\/\/www.perunaltracitta.org\/homepage\/#\/schema\/person\/fd61268df7288df7e05108d7594ddd49\",\"name\":\"Machiavelli Capponi\",\"image\":{\"@type\":\"ImageObject\",\"inLanguage\":\"it-IT\",\"@id\":\"https:\/\/www.perunaltracitta.org\/homepage\/#\/schema\/person\/image\/\",\"url\":\"https:\/\/www.perunaltracitta.org\/wp-content\/uploads\/2014\/10\/collettivo-machiavelli-capponi-96x96.jpg\",\"contentUrl\":\"https:\/\/www.perunaltracitta.org\/wp-content\/uploads\/2014\/10\/collettivo-machiavelli-capponi-96x96.jpg\",\"caption\":\"Machiavelli Capponi\"},\"url\":\"https:\/\/www.perunaltracitta.org\/homepage\/author\/machiavellicapponi\/\"}]}<\/script>\n<!-- \/ Yoast SEO plugin. -->","yoast_head_json":{"title":"#labuonascuola \u00e8 la scuola occupata - La Citt\u00e0 invisibile | perUnaltracitt\u00e0 | Firenze","robots":{"index":"index","follow":"follow","max-snippet":"max-snippet:-1","max-image-preview":"max-image-preview:large","max-video-preview":"max-video-preview:-1"},"canonical":"https:\/\/www.perunaltracitta.org\/homepage\/2014\/10\/22\/labuonascuola-e-la-scuola-occupata\/","og_locale":"it_IT","og_type":"article","og_title":"#labuonascuola \u00e8 la scuola occupata - La Citt\u00e0 invisibile | perUnaltracitt\u00e0 | Firenze","og_description":"Quest&#8217;anno qualcosa \u00e8 cambiato nella mobilitazione studentesca: la prima manifestazione dell&#8217;autunno caldo ha visto scendere in piazza duemila studenti, pi\u00f9 del doppio dell&#8217;anno scorso. Ma non si tratta solo di questo, perch\u00e9 il corteo invece di concludersi in una piazza, si \u00e8 concluso nel cortile del liceo Machiavelli-Capponi, dando inizio alla nostra occupazione. Ci siamo &hellip; #labuonascuola \u00e8 la scuola occupata Leggi altro &raquo;","og_url":"https:\/\/www.perunaltracitta.org\/homepage\/2014\/10\/22\/labuonascuola-e-la-scuola-occupata\/","og_site_name":"La Citt\u00e0 invisibile | perUnaltracitt\u00e0 | Firenze","article_publisher":"https:\/\/www.facebook.com\/perunaltracitta","article_published_time":"2014-10-22T10:08:08+00:00","article_modified_time":"2017-12-19T15:06:54+00:00","og_image":[{"width":600,"height":295,"url":"https:\/\/www.perunaltracitta.org\/wp-content\/uploads\/2014\/10\/collettivi.jpg","type":"image\/jpeg"}],"author":"Machiavelli Capponi","twitter_card":"summary_large_image","twitter_creator":"@perunaltracitta","twitter_site":"@perunaltracitta","twitter_misc":{"Scritto da":"Machiavelli Capponi","Tempo di lettura stimato":"3 minuti"},"schema":{"@context":"https:\/\/schema.org","@graph":[{"@type":"Article","@id":"https:\/\/www.perunaltracitta.org\/homepage\/2014\/10\/22\/labuonascuola-e-la-scuola-occupata\/#article","isPartOf":{"@id":"https:\/\/www.perunaltracitta.org\/homepage\/2014\/10\/22\/labuonascuola-e-la-scuola-occupata\/"},"author":{"name":"Machiavelli Capponi","@id":"https:\/\/www.perunaltracitta.org\/homepage\/#\/schema\/person\/fd61268df7288df7e05108d7594ddd49"},"headline":"#labuonascuola \u00e8 la scuola occupata","datePublished":"2014-10-22T10:08:08+00:00","dateModified":"2017-12-19T15:06:54+00:00","mainEntityOfPage":{"@id":"https:\/\/www.perunaltracitta.org\/homepage\/2014\/10\/22\/labuonascuola-e-la-scuola-occupata\/"},"wordCount":514,"commentCount":0,"publisher":{"@id":"https:\/\/www.perunaltracitta.org\/homepage\/#organization"},"image":{"@id":"https:\/\/www.perunaltracitta.org\/homepage\/2014\/10\/22\/labuonascuola-e-la-scuola-occupata\/#primaryimage"},"thumbnailUrl":"https:\/\/www.perunaltracitta.org\/wp-content\/uploads\/2014\/10\/collettivi.jpg","articleSection":["La Citt\u00e0 invisibile"],"inLanguage":"it-IT","potentialAction":[{"@type":"CommentAction","name":"Comment","target":["https:\/\/www.perunaltracitta.org\/homepage\/2014\/10\/22\/labuonascuola-e-la-scuola-occupata\/#respond"]}]},{"@type":"WebPage","@id":"https:\/\/www.perunaltracitta.org\/homepage\/2014\/10\/22\/labuonascuola-e-la-scuola-occupata\/","url":"https:\/\/www.perunaltracitta.org\/homepage\/2014\/10\/22\/labuonascuola-e-la-scuola-occupata\/","name":"#labuonascuola \u00e8 la scuola occupata - La Citt\u00e0 invisibile | perUnaltracitt\u00e0 | Firenze","isPartOf":{"@id":"https:\/\/www.perunaltracitta.org\/homepage\/#website"},"primaryImageOfPage":{"@id":"https:\/\/www.perunaltracitta.org\/homepage\/2014\/10\/22\/labuonascuola-e-la-scuola-occupata\/#primaryimage"},"image":{"@id":"https:\/\/www.perunaltracitta.org\/homepage\/2014\/10\/22\/labuonascuola-e-la-scuola-occupata\/#primaryimage"},"thumbnailUrl":"https:\/\/www.perunaltracitta.org\/wp-content\/uploads\/2014\/10\/collettivi.jpg","datePublished":"2014-10-22T10:08:08+00:00","dateModified":"2017-12-19T15:06:54+00:00","breadcrumb":{"@id":"https:\/\/www.perunaltracitta.org\/homepage\/2014\/10\/22\/labuonascuola-e-la-scuola-occupata\/#breadcrumb"},"inLanguage":"it-IT","potentialAction":[{"@type":"ReadAction","target":["https:\/\/www.perunaltracitta.org\/homepage\/2014\/10\/22\/labuonascuola-e-la-scuola-occupata\/"]}]},{"@type":"ImageObject","inLanguage":"it-IT","@id":"https:\/\/www.perunaltracitta.org\/homepage\/2014\/10\/22\/labuonascuola-e-la-scuola-occupata\/#primaryimage","url":"https:\/\/www.perunaltracitta.org\/wp-content\/uploads\/2014\/10\/collettivi.jpg","contentUrl":"https:\/\/www.perunaltracitta.org\/wp-content\/uploads\/2014\/10\/collettivi.jpg","width":600,"height":295},{"@type":"BreadcrumbList","@id":"https:\/\/www.perunaltracitta.org\/homepage\/2014\/10\/22\/labuonascuola-e-la-scuola-occupata\/#breadcrumb","itemListElement":[{"@type":"ListItem","position":1,"name":"Home","item":"https:\/\/www.perunaltracitta.org\/homepage\/"},{"@type":"ListItem","position":2,"name":"#labuonascuola \u00e8 la scuola occupata"}]},{"@type":"WebSite","@id":"https:\/\/www.perunaltracitta.org\/homepage\/#website","url":"https:\/\/www.perunaltracitta.org\/homepage\/","name":"La Citt\u00e0 invisibile | perUnaltracitt\u00e0 | Firenze","description":"Voci oltre il pensiero unico","publisher":{"@id":"https:\/\/www.perunaltracitta.org\/homepage\/#organization"},"potentialAction":[{"@type":"SearchAction","target":{"@type":"EntryPoint","urlTemplate":"https:\/\/www.perunaltracitta.org\/homepage\/?s={search_term_string}"},"query-input":{"@type":"PropertyValueSpecification","valueRequired":true,"valueName":"search_term_string"}}],"inLanguage":"it-IT"},{"@type":"Organization","@id":"https:\/\/www.perunaltracitta.org\/homepage\/#organization","name":"perUnaltracitt\u00e0 - laboratorio politico Firenze","url":"https:\/\/www.perunaltracitta.org\/homepage\/","logo":{"@type":"ImageObject","inLanguage":"it-IT","@id":"https:\/\/www.perunaltracitta.org\/homepage\/#\/schema\/logo\/image\/","url":"https:\/\/www.perunaltracitta.org\/wp-content\/uploads\/2025\/11\/Original-on-Transparent-Copia-af-1.png","contentUrl":"https:\/\/www.perunaltracitta.org\/wp-content\/uploads\/2025\/11\/Original-on-Transparent-Copia-af-1.png","width":600,"height":153,"caption":"perUnaltracitt\u00e0 - laboratorio politico Firenze"},"image":{"@id":"https:\/\/www.perunaltracitta.org\/homepage\/#\/schema\/logo\/image\/"},"sameAs":["https:\/\/www.facebook.com\/perunaltracitta","https:\/\/x.com\/perunaltracitta"]},{"@type":"Person","@id":"https:\/\/www.perunaltracitta.org\/homepage\/#\/schema\/person\/fd61268df7288df7e05108d7594ddd49","name":"Machiavelli Capponi","image":{"@type":"ImageObject","inLanguage":"it-IT","@id":"https:\/\/www.perunaltracitta.org\/homepage\/#\/schema\/person\/image\/","url":"https:\/\/www.perunaltracitta.org\/wp-content\/uploads\/2014\/10\/collettivo-machiavelli-capponi-96x96.jpg","contentUrl":"https:\/\/www.perunaltracitta.org\/wp-content\/uploads\/2014\/10\/collettivo-machiavelli-capponi-96x96.jpg","caption":"Machiavelli Capponi"},"url":"https:\/\/www.perunaltracitta.org\/homepage\/author\/machiavellicapponi\/"}]}},"uagb_featured_image_src":{"full":["https:\/\/www.perunaltracitta.org\/wp-content\/uploads\/2014\/10\/collettivi.jpg",600,295,false],"thumbnail":["https:\/\/www.perunaltracitta.org\/wp-content\/uploads\/2014\/10\/collettivi-150x150.jpg",150,150,true],"medium":["https:\/\/www.perunaltracitta.org\/wp-content\/uploads\/2014\/10\/collettivi-300x148.jpg",300,148,true],"medium_large":["https:\/\/www.perunaltracitta.org\/wp-content\/uploads\/2014\/10\/collettivi.jpg",600,295,false],"large":["https:\/\/www.perunaltracitta.org\/wp-content\/uploads\/2014\/10\/collettivi.jpg",600,295,false],"wysija-newsletters-max":["https:\/\/www.perunaltracitta.org\/wp-content\/uploads\/2014\/10\/collettivi-600x295.jpg",600,295,true],"1536x1536":["https:\/\/www.perunaltracitta.org\/wp-content\/uploads\/2014\/10\/collettivi.jpg",600,295,false],"2048x2048":["https:\/\/www.perunaltracitta.org\/wp-content\/uploads\/2014\/10\/collettivi.jpg",600,295,false],"mailpoet_newsletter_max":["https:\/\/www.perunaltracitta.org\/wp-content\/uploads\/2014\/10\/collettivi.jpg",600,295,false],"yarpp-thumbnail":["https:\/\/www.perunaltracitta.org\/wp-content\/uploads\/2014\/10\/collettivi.jpg",120,59,false]},"uagb_author_info":{"display_name":"Machiavelli Capponi","author_link":"https:\/\/www.perunaltracitta.org\/homepage\/author\/machiavellicapponi\/"},"uagb_comment_info":0,"uagb_excerpt":"Quest&#8217;anno qualcosa \u00e8 cambiato nella mobilitazione studentesca: la prima manifestazione dell&#8217;autunno caldo ha visto scendere in piazza duemila studenti, pi\u00f9 del doppio dell&#8217;anno scorso. Ma non si tratta solo di questo, perch\u00e9 il corteo invece di concludersi in una piazza, si \u00e8 concluso nel cortile del liceo Machiavelli-Capponi, dando inizio alla nostra occupazione. Ci siamo&hellip;","_links":{"self":[{"href":"https:\/\/www.perunaltracitta.org\/homepage\/wp-json\/wp\/v2\/posts\/1201","targetHints":{"allow":["GET"]}}],"collection":[{"href":"https:\/\/www.perunaltracitta.org\/homepage\/wp-json\/wp\/v2\/posts"}],"about":[{"href":"https:\/\/www.perunaltracitta.org\/homepage\/wp-json\/wp\/v2\/types\/post"}],"author":[{"embeddable":true,"href":"https:\/\/www.perunaltracitta.org\/homepage\/wp-json\/wp\/v2\/users\/38"}],"replies":[{"embeddable":true,"href":"https:\/\/www.perunaltracitta.org\/homepage\/wp-json\/wp\/v2\/comments?post=1201"}],"version-history":[{"count":4,"href":"https:\/\/www.perunaltracitta.org\/homepage\/wp-json\/wp\/v2\/posts\/1201\/revisions"}],"predecessor-version":[{"id":66066,"href":"https:\/\/www.perunaltracitta.org\/homepage\/wp-json\/wp\/v2\/posts\/1201\/revisions\/66066"}],"wp:featuredmedia":[{"embeddable":true,"href":"https:\/\/www.perunaltracitta.org\/homepage\/wp-json\/wp\/v2\/media\/1204"}],"wp:attachment":[{"href":"https:\/\/www.perunaltracitta.org\/homepage\/wp-json\/wp\/v2\/media?parent=1201"}],"wp:term":[{"taxonomy":"category","embeddable":true,"href":"https:\/\/www.perunaltracitta.org\/homepage\/wp-json\/wp\/v2\/categories?post=1201"},{"taxonomy":"post_tag","embeddable":true,"href":"https:\/\/www.perunaltracitta.org\/homepage\/wp-json\/wp\/v2\/tags?post=1201"}],"curies":[{"name":"wp","href":"https:\/\/api.w.org\/{rel}","templated":true}]}}