{"id":1250,"date":"2014-10-22T12:27:54","date_gmt":"2014-10-22T10:27:54","guid":{"rendered":"http:\/\/www.perunaltracitta.org\/?p=1250"},"modified":"2017-12-19T16:07:20","modified_gmt":"2017-12-19T15:07:20","slug":"regione-20-milioni-di-risparmi-bloccati-dai-dirigenti-sono-le-loro-retribuzioni","status":"publish","type":"post","link":"https:\/\/www.perunaltracitta.org\/homepage\/2014\/10\/22\/regione-20-milioni-di-risparmi-bloccati-dai-dirigenti-sono-le-loro-retribuzioni\/","title":{"rendered":"Regione: 20 milioni di risparmi bloccati dai dirigenti. Sono le loro retribuzioni"},"content":{"rendered":"<p><a href=\"http:\/\/www.perunaltracitta.org\/wp-content\/uploads\/2014\/10\/consiglio_regionale_toscana_giunta.jpg\"><img loading=\"lazy\" decoding=\"async\" class=\"alignright size-medium wp-image-1253\" src=\"http:\/\/www.perunaltracitta.org\/wp-content\/uploads\/2014\/10\/consiglio_regionale_toscana_giunta-300x132.jpg\" alt=\"consiglio_regionale_toscana_giunta\" width=\"300\" height=\"132\" srcset=\"https:\/\/www.perunaltracitta.org\/wp-content\/uploads\/2014\/10\/consiglio_regionale_toscana_giunta-300x132.jpg 300w, https:\/\/www.perunaltracitta.org\/wp-content\/uploads\/2014\/10\/consiglio_regionale_toscana_giunta.jpg 600w\" sizes=\"auto, (max-width: 300px) 100vw, 300px\" \/><\/a>In Regione Toscana i dirigenti sono 118 (di cui 13 del Consiglio Regionale e gli altri della Giunta) e percepiscono un totale annuo che varia fra un minimo di 94.721 euro lordi annui a un massimo di 130.000 euro l\u2019anno. La maggior parte fra 100.000 e 110.000 euro lordi annui. Quindici di loro sono incaricati e quindi privi della qualifica dirigenziale.<\/p>\n<p>Ai dirigenti vanno aggiunti i 9 Direttori Generali che percepisco 148.500 (tre di loro), 135.000 uno di loro; 112.311 tre di loro, 156.200 uno di loro, 164.189 (il segretario generale del consiglio).\u00a0La L.125 del 30.10.2013 offre la possibilit\u00e0 degli esuberi cio\u00e8 la possibilit\u00e0 di mandare in pensione i lavoratori con la normativa pre Fornero.<\/p>\n<p>L\u2019assessore al personale Bugli da tempo ha manifestato l\u2019intenzione di utilizzare gli esuberi: si tratterebbe di 38 dirigenti e 229 dipendenti fra cui una settantina di posizione organizzative (considerando sia Giunta che Consiglio). L\u2019operazione non avverrebbe tutta in una volta ma le uscite sarebbero scaglionate nel corso di tre anni e quindi sarebbero facilmente gestibili. Questo consentirebbe un risparmio di 20 milioni. Ma fino ad oggi questa intenzione non ha prodotto nulla di concreto. Possiamo ipotizzare il motivo.<\/p>\n<p>I dipendenti che, se non fosse per la Fornero sarebbero gi\u00e0 in pensione, giustamente dopo anche 40 anni di lavoro, aspettano con ansia che sia presa una decisione. Per i dirigenti la storia \u00e8 diversa. Non solo perch\u00e9 sono strapagati rispetto ai 2.600 dipendenti (fra Giunta e Consiglio) con contratti bloccati dal 2009. Per i dirigenti il ruolo \u00e8 unico e l\u2019esubero produrrebbe due effetti.<\/p>\n<p>I dirigenti che sarebbero sottoposti all\u2019esubero riceverebbe una ottima pensione, ma perderebbero il potere che il loro ruolo gli attribuisce e che difficilmente potrebbero ottenere altrove. E questo per molti di loro non \u00e8 accettabile. Inoltre esistono 15 dirigenti che hanno ricevuto un incarico e che non hanno la qualifica dirigenziale perch\u00e9 non hanno mai superato il concorso richiesto. Una volta dichiarati gli esuberi, i loro incarichi non potrebbero essere pi\u00f9 rinnovati. Ci sono incarichi che vanno avanti da 10 anni.<\/p>\n<p>Questi esuberi sarebbero l\u2019occasione per ridurre il numero dei dirigenti e per risparmiare sulla dirigenza invece che sul comparto. Inoltre darebbero finalmente la pensione a lavoratori che hanno ampiamente maturato il diritto, che \u00e8 stato sottratto loro dalla Fornero. Gli esuberi potrebbero essere anche l\u2019occasione per riorganizzare la struttura regionale, per dare voce ai lavoratori che attraverso autogestione ed autogoverno potrebbero dire la loro. Invece la logica dirigistica e iper gerarchica continua ad avere la meglio in Regione Toscana e a rendere la sua organizzazione rigida e burocratica, chiusa e talvolta addirittura irrazionale.<\/p>\n<p>In conclusione i dirigenti e i loro interessi di bottega stanno bloccando 20 milioni di risparmi.\u00a0Risparmi che andrebbero utilizzati poi al pi\u00f9 presto per nuove assunzioni attraverso concorsi pubblici, ristabilendo quel rapporto sinergico e positivo fra chi \u00e8 contento di andare in pensione e chi \u00e8 contento di essere assunto per sostituirlo.<\/p>\n<ul>\n<li><strong>Dirigenti ad incarico<\/strong>: <a href=\"http:\/\/www.regione.toscana.it\/documents\/10180\/1069236\/Dirigenti+TD.pdf\/13c4a73e-2cf0-496c-a508-5ba03d573767\" target=\"_blank\">scarica l&#8217;elenco<\/a><\/li>\n<li><strong>Redditi Dirigenti<\/strong>: <a href=\"http:\/\/www.regione.toscana.it\/documents\/10180\/1069236\/retribuzioni_DIR_LUGLIO_2014-1_2.pdf\/750ce9a5-54cf-4296-abd3-daab31407216\" target=\"_blank\">scarica l&#8217;elenco<\/a><\/li>\n<li><strong>Redditi Direttori generali<\/strong>: <a href=\"http:\/\/www.regione.toscana.it\/documents\/10180\/1166421\/retribuzioni_DG_LUGLIO_2014.pdf\/eed1feeb-b0af-4d5d-a71c-f7e22bf4e289\" target=\"_blank\">scarica l&#8217;elenco<\/a><\/li>\n<\/ul>\n<p style=\"text-align: right;\"><strong><em>Marvi Maggio Cobas Regione Toscana, Cobas Regione Toscana<\/em><\/strong><\/p>\n<p>Per commenti, contributi e proposte di iniziative visita il blog curato dai Cobas della Regione Toscana:\u00a0<strong><a href=\"http:\/\/rtcobas.wordpress.com\/\" target=\"_blank\">http:\/\/rtcobas.wordpress.com\/<\/a><\/strong><\/p>\n","protected":false},"excerpt":{"rendered":"<p>In Regione Toscana i dirigenti sono 118 (di cui 13 del Consiglio Regionale e gli altri della Giunta) e percepiscono un totale annuo che varia fra un minimo di 94.721 euro lordi annui a un massimo di 130.000 euro l\u2019anno. La maggior parte fra 100.000 e 110.000 euro lordi annui. Quindici di loro sono incaricati &hellip;<\/p>\n<p class=\"read-more\"> <a class=\"\" href=\"https:\/\/www.perunaltracitta.org\/homepage\/2014\/10\/22\/regione-20-milioni-di-risparmi-bloccati-dai-dirigenti-sono-le-loro-retribuzioni\/\"> <span class=\"screen-reader-text\">Regione: 20 milioni di risparmi bloccati dai dirigenti. Sono le loro retribuzioni<\/span> Leggi altro &raquo;<\/a><\/p>\n","protected":false},"author":40,"featured_media":1253,"comment_status":"open","ping_status":"open","sticky":false,"template":"","format":"standard","meta":{"_uag_custom_page_level_css":"","site-sidebar-layout":"default","site-content-layout":"default","ast-global-header-display":"","ast-main-header-display":"","ast-hfb-above-header-display":"","ast-hfb-below-header-display":"","ast-hfb-mobile-header-display":"","site-post-title":"","ast-breadcrumbs-content":"","ast-featured-img":"","footer-sml-layout":"","theme-transparent-header-meta":"","adv-header-id-meta":"","stick-header-meta":"","header-above-stick-meta":"","header-main-stick-meta":"","header-below-stick-meta":"","footnotes":""},"categories":[41],"tags":[],"class_list":["post-1250","post","type-post","status-publish","format-standard","has-post-thumbnail","hentry","category-la-citta-invisibile"],"yoast_head":"<!-- This site is optimized with the Yoast SEO plugin v25.1 - https:\/\/yoast.com\/wordpress\/plugins\/seo\/ -->\n<title>Regione: 20 milioni di risparmi bloccati dai dirigenti. Sono le loro retribuzioni - La Citt\u00e0 invisibile | perUnaltracitt\u00e0 | Firenze<\/title>\n<meta name=\"robots\" content=\"index, follow, max-snippet:-1, max-image-preview:large, max-video-preview:-1\" \/>\n<link rel=\"canonical\" href=\"https:\/\/www.perunaltracitta.org\/homepage\/2014\/10\/22\/regione-20-milioni-di-risparmi-bloccati-dai-dirigenti-sono-le-loro-retribuzioni\/\" \/>\n<meta property=\"og:locale\" content=\"it_IT\" \/>\n<meta property=\"og:type\" content=\"article\" \/>\n<meta property=\"og:title\" content=\"Regione: 20 milioni di risparmi bloccati dai dirigenti. Sono le loro retribuzioni - La Citt\u00e0 invisibile | perUnaltracitt\u00e0 | Firenze\" \/>\n<meta property=\"og:description\" content=\"In Regione Toscana i dirigenti sono 118 (di cui 13 del Consiglio Regionale e gli altri della Giunta) e percepiscono un totale annuo che varia fra un minimo di 94.721 euro lordi annui a un massimo di 130.000 euro l\u2019anno. La maggior parte fra 100.000 e 110.000 euro lordi annui. Quindici di loro sono incaricati &hellip; Regione: 20 milioni di risparmi bloccati dai dirigenti. Sono le loro retribuzioni Leggi altro &raquo;\" \/>\n<meta property=\"og:url\" content=\"https:\/\/www.perunaltracitta.org\/homepage\/2014\/10\/22\/regione-20-milioni-di-risparmi-bloccati-dai-dirigenti-sono-le-loro-retribuzioni\/\" \/>\n<meta property=\"og:site_name\" content=\"La Citt\u00e0 invisibile | perUnaltracitt\u00e0 | Firenze\" \/>\n<meta property=\"article:publisher\" content=\"https:\/\/www.facebook.com\/perunaltracitta\" \/>\n<meta property=\"article:published_time\" content=\"2014-10-22T10:27:54+00:00\" \/>\n<meta property=\"article:modified_time\" content=\"2017-12-19T15:07:20+00:00\" \/>\n<meta property=\"og:image\" content=\"https:\/\/www.perunaltracitta.org\/wp-content\/uploads\/2014\/10\/consiglio_regionale_toscana_giunta.jpg\" \/>\n\t<meta property=\"og:image:width\" content=\"600\" \/>\n\t<meta property=\"og:image:height\" content=\"263\" \/>\n\t<meta property=\"og:image:type\" content=\"image\/jpeg\" \/>\n<meta name=\"author\" content=\"Marvi Maggio\" \/>\n<meta name=\"twitter:card\" content=\"summary_large_image\" \/>\n<meta name=\"twitter:creator\" content=\"@perunaltracitta\" \/>\n<meta name=\"twitter:site\" content=\"@perunaltracitta\" \/>\n<meta name=\"twitter:label1\" content=\"Scritto da\" \/>\n\t<meta name=\"twitter:data1\" content=\"Marvi Maggio\" \/>\n\t<meta name=\"twitter:label2\" content=\"Tempo di lettura stimato\" \/>\n\t<meta name=\"twitter:data2\" content=\"3 minuti\" \/>\n<script type=\"application\/ld+json\" class=\"yoast-schema-graph\">{\"@context\":\"https:\/\/schema.org\",\"@graph\":[{\"@type\":\"Article\",\"@id\":\"https:\/\/www.perunaltracitta.org\/homepage\/2014\/10\/22\/regione-20-milioni-di-risparmi-bloccati-dai-dirigenti-sono-le-loro-retribuzioni\/#article\",\"isPartOf\":{\"@id\":\"https:\/\/www.perunaltracitta.org\/homepage\/2014\/10\/22\/regione-20-milioni-di-risparmi-bloccati-dai-dirigenti-sono-le-loro-retribuzioni\/\"},\"author\":{\"name\":\"Marvi Maggio\",\"@id\":\"https:\/\/www.perunaltracitta.org\/homepage\/#\/schema\/person\/2c5465d3ebf969ef7a8af98204958284\"},\"headline\":\"Regione: 20 milioni di risparmi bloccati dai dirigenti. Sono le loro retribuzioni\",\"datePublished\":\"2014-10-22T10:27:54+00:00\",\"dateModified\":\"2017-12-19T15:07:20+00:00\",\"mainEntityOfPage\":{\"@id\":\"https:\/\/www.perunaltracitta.org\/homepage\/2014\/10\/22\/regione-20-milioni-di-risparmi-bloccati-dai-dirigenti-sono-le-loro-retribuzioni\/\"},\"wordCount\":519,\"commentCount\":0,\"publisher\":{\"@id\":\"https:\/\/www.perunaltracitta.org\/homepage\/#organization\"},\"image\":{\"@id\":\"https:\/\/www.perunaltracitta.org\/homepage\/2014\/10\/22\/regione-20-milioni-di-risparmi-bloccati-dai-dirigenti-sono-le-loro-retribuzioni\/#primaryimage\"},\"thumbnailUrl\":\"https:\/\/www.perunaltracitta.org\/wp-content\/uploads\/2014\/10\/consiglio_regionale_toscana_giunta.jpg\",\"articleSection\":[\"La Citt\u00e0 invisibile\"],\"inLanguage\":\"it-IT\",\"potentialAction\":[{\"@type\":\"CommentAction\",\"name\":\"Comment\",\"target\":[\"https:\/\/www.perunaltracitta.org\/homepage\/2014\/10\/22\/regione-20-milioni-di-risparmi-bloccati-dai-dirigenti-sono-le-loro-retribuzioni\/#respond\"]}]},{\"@type\":\"WebPage\",\"@id\":\"https:\/\/www.perunaltracitta.org\/homepage\/2014\/10\/22\/regione-20-milioni-di-risparmi-bloccati-dai-dirigenti-sono-le-loro-retribuzioni\/\",\"url\":\"https:\/\/www.perunaltracitta.org\/homepage\/2014\/10\/22\/regione-20-milioni-di-risparmi-bloccati-dai-dirigenti-sono-le-loro-retribuzioni\/\",\"name\":\"Regione: 20 milioni di risparmi bloccati dai dirigenti. Sono le loro retribuzioni - La Citt\u00e0 invisibile | perUnaltracitt\u00e0 | Firenze\",\"isPartOf\":{\"@id\":\"https:\/\/www.perunaltracitta.org\/homepage\/#website\"},\"primaryImageOfPage\":{\"@id\":\"https:\/\/www.perunaltracitta.org\/homepage\/2014\/10\/22\/regione-20-milioni-di-risparmi-bloccati-dai-dirigenti-sono-le-loro-retribuzioni\/#primaryimage\"},\"image\":{\"@id\":\"https:\/\/www.perunaltracitta.org\/homepage\/2014\/10\/22\/regione-20-milioni-di-risparmi-bloccati-dai-dirigenti-sono-le-loro-retribuzioni\/#primaryimage\"},\"thumbnailUrl\":\"https:\/\/www.perunaltracitta.org\/wp-content\/uploads\/2014\/10\/consiglio_regionale_toscana_giunta.jpg\",\"datePublished\":\"2014-10-22T10:27:54+00:00\",\"dateModified\":\"2017-12-19T15:07:20+00:00\",\"breadcrumb\":{\"@id\":\"https:\/\/www.perunaltracitta.org\/homepage\/2014\/10\/22\/regione-20-milioni-di-risparmi-bloccati-dai-dirigenti-sono-le-loro-retribuzioni\/#breadcrumb\"},\"inLanguage\":\"it-IT\",\"potentialAction\":[{\"@type\":\"ReadAction\",\"target\":[\"https:\/\/www.perunaltracitta.org\/homepage\/2014\/10\/22\/regione-20-milioni-di-risparmi-bloccati-dai-dirigenti-sono-le-loro-retribuzioni\/\"]}]},{\"@type\":\"ImageObject\",\"inLanguage\":\"it-IT\",\"@id\":\"https:\/\/www.perunaltracitta.org\/homepage\/2014\/10\/22\/regione-20-milioni-di-risparmi-bloccati-dai-dirigenti-sono-le-loro-retribuzioni\/#primaryimage\",\"url\":\"https:\/\/www.perunaltracitta.org\/wp-content\/uploads\/2014\/10\/consiglio_regionale_toscana_giunta.jpg\",\"contentUrl\":\"https:\/\/www.perunaltracitta.org\/wp-content\/uploads\/2014\/10\/consiglio_regionale_toscana_giunta.jpg\",\"width\":600,\"height\":263},{\"@type\":\"BreadcrumbList\",\"@id\":\"https:\/\/www.perunaltracitta.org\/homepage\/2014\/10\/22\/regione-20-milioni-di-risparmi-bloccati-dai-dirigenti-sono-le-loro-retribuzioni\/#breadcrumb\",\"itemListElement\":[{\"@type\":\"ListItem\",\"position\":1,\"name\":\"Home\",\"item\":\"https:\/\/www.perunaltracitta.org\/homepage\/\"},{\"@type\":\"ListItem\",\"position\":2,\"name\":\"Regione: 20 milioni di risparmi bloccati dai dirigenti. Sono le loro retribuzioni\"}]},{\"@type\":\"WebSite\",\"@id\":\"https:\/\/www.perunaltracitta.org\/homepage\/#website\",\"url\":\"https:\/\/www.perunaltracitta.org\/homepage\/\",\"name\":\"La Citt\u00e0 invisibile | perUnaltracitt\u00e0 | Firenze\",\"description\":\"Voci oltre il pensiero unico\",\"publisher\":{\"@id\":\"https:\/\/www.perunaltracitta.org\/homepage\/#organization\"},\"potentialAction\":[{\"@type\":\"SearchAction\",\"target\":{\"@type\":\"EntryPoint\",\"urlTemplate\":\"https:\/\/www.perunaltracitta.org\/homepage\/?s={search_term_string}\"},\"query-input\":{\"@type\":\"PropertyValueSpecification\",\"valueRequired\":true,\"valueName\":\"search_term_string\"}}],\"inLanguage\":\"it-IT\"},{\"@type\":\"Organization\",\"@id\":\"https:\/\/www.perunaltracitta.org\/homepage\/#organization\",\"name\":\"perUnaltracitt\u00e0 - laboratorio politico Firenze\",\"url\":\"https:\/\/www.perunaltracitta.org\/homepage\/\",\"logo\":{\"@type\":\"ImageObject\",\"inLanguage\":\"it-IT\",\"@id\":\"https:\/\/www.perunaltracitta.org\/homepage\/#\/schema\/logo\/image\/\",\"url\":\"https:\/\/www.perunaltracitta.org\/wp-content\/uploads\/2025\/11\/Original-on-Transparent-Copia-af-1.png\",\"contentUrl\":\"https:\/\/www.perunaltracitta.org\/wp-content\/uploads\/2025\/11\/Original-on-Transparent-Copia-af-1.png\",\"width\":600,\"height\":153,\"caption\":\"perUnaltracitt\u00e0 - laboratorio politico Firenze\"},\"image\":{\"@id\":\"https:\/\/www.perunaltracitta.org\/homepage\/#\/schema\/logo\/image\/\"},\"sameAs\":[\"https:\/\/www.facebook.com\/perunaltracitta\",\"https:\/\/x.com\/perunaltracitta\"]},{\"@type\":\"Person\",\"@id\":\"https:\/\/www.perunaltracitta.org\/homepage\/#\/schema\/person\/2c5465d3ebf969ef7a8af98204958284\",\"name\":\"Marvi Maggio\",\"image\":{\"@type\":\"ImageObject\",\"inLanguage\":\"it-IT\",\"@id\":\"https:\/\/www.perunaltracitta.org\/homepage\/#\/schema\/person\/image\/\",\"url\":\"https:\/\/www.perunaltracitta.org\/wp-content\/uploads\/2014\/10\/marvimaggio-96x96.jpg\",\"contentUrl\":\"https:\/\/www.perunaltracitta.org\/wp-content\/uploads\/2014\/10\/marvimaggio-96x96.jpg\",\"caption\":\"Marvi Maggio\"},\"description\":\"Marvi Maggio, ricercatrice indipendente in questioni urbane e territoriali; socia fondatrice dell'International Network for Urban Research and Action; Architetta (laurea in Architettura Politecnico di Torino); abilitazione alla professione di architetto; Dottoressa di Ricerca in pianificazione territoriale ed urbana (Universit\u00e0 di Roma La Sapienza); Master post lauream in Scuola di Governo del Territorio (SUM e Universit\u00e0 di Firenze); Abilitazione Scientifica Nazionale alle funzioni di professore di seconda fascia per il settore disciplinare 8\/F1 pianificazione e progettazione urbanistica e territoriale.\",\"url\":\"https:\/\/www.perunaltracitta.org\/homepage\/author\/marvimaggio\/\"}]}<\/script>\n<!-- \/ Yoast SEO plugin. -->","yoast_head_json":{"title":"Regione: 20 milioni di risparmi bloccati dai dirigenti. Sono le loro retribuzioni - La Citt\u00e0 invisibile | perUnaltracitt\u00e0 | Firenze","robots":{"index":"index","follow":"follow","max-snippet":"max-snippet:-1","max-image-preview":"max-image-preview:large","max-video-preview":"max-video-preview:-1"},"canonical":"https:\/\/www.perunaltracitta.org\/homepage\/2014\/10\/22\/regione-20-milioni-di-risparmi-bloccati-dai-dirigenti-sono-le-loro-retribuzioni\/","og_locale":"it_IT","og_type":"article","og_title":"Regione: 20 milioni di risparmi bloccati dai dirigenti. Sono le loro retribuzioni - La Citt\u00e0 invisibile | perUnaltracitt\u00e0 | Firenze","og_description":"In Regione Toscana i dirigenti sono 118 (di cui 13 del Consiglio Regionale e gli altri della Giunta) e percepiscono un totale annuo che varia fra un minimo di 94.721 euro lordi annui a un massimo di 130.000 euro l\u2019anno. La maggior parte fra 100.000 e 110.000 euro lordi annui. Quindici di loro sono incaricati &hellip; Regione: 20 milioni di risparmi bloccati dai dirigenti. Sono le loro retribuzioni Leggi altro &raquo;","og_url":"https:\/\/www.perunaltracitta.org\/homepage\/2014\/10\/22\/regione-20-milioni-di-risparmi-bloccati-dai-dirigenti-sono-le-loro-retribuzioni\/","og_site_name":"La Citt\u00e0 invisibile | perUnaltracitt\u00e0 | Firenze","article_publisher":"https:\/\/www.facebook.com\/perunaltracitta","article_published_time":"2014-10-22T10:27:54+00:00","article_modified_time":"2017-12-19T15:07:20+00:00","og_image":[{"width":600,"height":263,"url":"https:\/\/www.perunaltracitta.org\/wp-content\/uploads\/2014\/10\/consiglio_regionale_toscana_giunta.jpg","type":"image\/jpeg"}],"author":"Marvi Maggio","twitter_card":"summary_large_image","twitter_creator":"@perunaltracitta","twitter_site":"@perunaltracitta","twitter_misc":{"Scritto da":"Marvi Maggio","Tempo di lettura stimato":"3 minuti"},"schema":{"@context":"https:\/\/schema.org","@graph":[{"@type":"Article","@id":"https:\/\/www.perunaltracitta.org\/homepage\/2014\/10\/22\/regione-20-milioni-di-risparmi-bloccati-dai-dirigenti-sono-le-loro-retribuzioni\/#article","isPartOf":{"@id":"https:\/\/www.perunaltracitta.org\/homepage\/2014\/10\/22\/regione-20-milioni-di-risparmi-bloccati-dai-dirigenti-sono-le-loro-retribuzioni\/"},"author":{"name":"Marvi Maggio","@id":"https:\/\/www.perunaltracitta.org\/homepage\/#\/schema\/person\/2c5465d3ebf969ef7a8af98204958284"},"headline":"Regione: 20 milioni di risparmi bloccati dai dirigenti. Sono le loro retribuzioni","datePublished":"2014-10-22T10:27:54+00:00","dateModified":"2017-12-19T15:07:20+00:00","mainEntityOfPage":{"@id":"https:\/\/www.perunaltracitta.org\/homepage\/2014\/10\/22\/regione-20-milioni-di-risparmi-bloccati-dai-dirigenti-sono-le-loro-retribuzioni\/"},"wordCount":519,"commentCount":0,"publisher":{"@id":"https:\/\/www.perunaltracitta.org\/homepage\/#organization"},"image":{"@id":"https:\/\/www.perunaltracitta.org\/homepage\/2014\/10\/22\/regione-20-milioni-di-risparmi-bloccati-dai-dirigenti-sono-le-loro-retribuzioni\/#primaryimage"},"thumbnailUrl":"https:\/\/www.perunaltracitta.org\/wp-content\/uploads\/2014\/10\/consiglio_regionale_toscana_giunta.jpg","articleSection":["La Citt\u00e0 invisibile"],"inLanguage":"it-IT","potentialAction":[{"@type":"CommentAction","name":"Comment","target":["https:\/\/www.perunaltracitta.org\/homepage\/2014\/10\/22\/regione-20-milioni-di-risparmi-bloccati-dai-dirigenti-sono-le-loro-retribuzioni\/#respond"]}]},{"@type":"WebPage","@id":"https:\/\/www.perunaltracitta.org\/homepage\/2014\/10\/22\/regione-20-milioni-di-risparmi-bloccati-dai-dirigenti-sono-le-loro-retribuzioni\/","url":"https:\/\/www.perunaltracitta.org\/homepage\/2014\/10\/22\/regione-20-milioni-di-risparmi-bloccati-dai-dirigenti-sono-le-loro-retribuzioni\/","name":"Regione: 20 milioni di risparmi bloccati dai dirigenti. Sono le loro retribuzioni - La Citt\u00e0 invisibile | perUnaltracitt\u00e0 | Firenze","isPartOf":{"@id":"https:\/\/www.perunaltracitta.org\/homepage\/#website"},"primaryImageOfPage":{"@id":"https:\/\/www.perunaltracitta.org\/homepage\/2014\/10\/22\/regione-20-milioni-di-risparmi-bloccati-dai-dirigenti-sono-le-loro-retribuzioni\/#primaryimage"},"image":{"@id":"https:\/\/www.perunaltracitta.org\/homepage\/2014\/10\/22\/regione-20-milioni-di-risparmi-bloccati-dai-dirigenti-sono-le-loro-retribuzioni\/#primaryimage"},"thumbnailUrl":"https:\/\/www.perunaltracitta.org\/wp-content\/uploads\/2014\/10\/consiglio_regionale_toscana_giunta.jpg","datePublished":"2014-10-22T10:27:54+00:00","dateModified":"2017-12-19T15:07:20+00:00","breadcrumb":{"@id":"https:\/\/www.perunaltracitta.org\/homepage\/2014\/10\/22\/regione-20-milioni-di-risparmi-bloccati-dai-dirigenti-sono-le-loro-retribuzioni\/#breadcrumb"},"inLanguage":"it-IT","potentialAction":[{"@type":"ReadAction","target":["https:\/\/www.perunaltracitta.org\/homepage\/2014\/10\/22\/regione-20-milioni-di-risparmi-bloccati-dai-dirigenti-sono-le-loro-retribuzioni\/"]}]},{"@type":"ImageObject","inLanguage":"it-IT","@id":"https:\/\/www.perunaltracitta.org\/homepage\/2014\/10\/22\/regione-20-milioni-di-risparmi-bloccati-dai-dirigenti-sono-le-loro-retribuzioni\/#primaryimage","url":"https:\/\/www.perunaltracitta.org\/wp-content\/uploads\/2014\/10\/consiglio_regionale_toscana_giunta.jpg","contentUrl":"https:\/\/www.perunaltracitta.org\/wp-content\/uploads\/2014\/10\/consiglio_regionale_toscana_giunta.jpg","width":600,"height":263},{"@type":"BreadcrumbList","@id":"https:\/\/www.perunaltracitta.org\/homepage\/2014\/10\/22\/regione-20-milioni-di-risparmi-bloccati-dai-dirigenti-sono-le-loro-retribuzioni\/#breadcrumb","itemListElement":[{"@type":"ListItem","position":1,"name":"Home","item":"https:\/\/www.perunaltracitta.org\/homepage\/"},{"@type":"ListItem","position":2,"name":"Regione: 20 milioni di risparmi bloccati dai dirigenti. Sono le loro retribuzioni"}]},{"@type":"WebSite","@id":"https:\/\/www.perunaltracitta.org\/homepage\/#website","url":"https:\/\/www.perunaltracitta.org\/homepage\/","name":"La Citt\u00e0 invisibile | perUnaltracitt\u00e0 | Firenze","description":"Voci oltre il pensiero unico","publisher":{"@id":"https:\/\/www.perunaltracitta.org\/homepage\/#organization"},"potentialAction":[{"@type":"SearchAction","target":{"@type":"EntryPoint","urlTemplate":"https:\/\/www.perunaltracitta.org\/homepage\/?s={search_term_string}"},"query-input":{"@type":"PropertyValueSpecification","valueRequired":true,"valueName":"search_term_string"}}],"inLanguage":"it-IT"},{"@type":"Organization","@id":"https:\/\/www.perunaltracitta.org\/homepage\/#organization","name":"perUnaltracitt\u00e0 - laboratorio politico Firenze","url":"https:\/\/www.perunaltracitta.org\/homepage\/","logo":{"@type":"ImageObject","inLanguage":"it-IT","@id":"https:\/\/www.perunaltracitta.org\/homepage\/#\/schema\/logo\/image\/","url":"https:\/\/www.perunaltracitta.org\/wp-content\/uploads\/2025\/11\/Original-on-Transparent-Copia-af-1.png","contentUrl":"https:\/\/www.perunaltracitta.org\/wp-content\/uploads\/2025\/11\/Original-on-Transparent-Copia-af-1.png","width":600,"height":153,"caption":"perUnaltracitt\u00e0 - laboratorio politico Firenze"},"image":{"@id":"https:\/\/www.perunaltracitta.org\/homepage\/#\/schema\/logo\/image\/"},"sameAs":["https:\/\/www.facebook.com\/perunaltracitta","https:\/\/x.com\/perunaltracitta"]},{"@type":"Person","@id":"https:\/\/www.perunaltracitta.org\/homepage\/#\/schema\/person\/2c5465d3ebf969ef7a8af98204958284","name":"Marvi Maggio","image":{"@type":"ImageObject","inLanguage":"it-IT","@id":"https:\/\/www.perunaltracitta.org\/homepage\/#\/schema\/person\/image\/","url":"https:\/\/www.perunaltracitta.org\/wp-content\/uploads\/2014\/10\/marvimaggio-96x96.jpg","contentUrl":"https:\/\/www.perunaltracitta.org\/wp-content\/uploads\/2014\/10\/marvimaggio-96x96.jpg","caption":"Marvi Maggio"},"description":"Marvi Maggio, ricercatrice indipendente in questioni urbane e territoriali; socia fondatrice dell'International Network for Urban Research and Action; Architetta (laurea in Architettura Politecnico di Torino); abilitazione alla professione di architetto; Dottoressa di Ricerca in pianificazione territoriale ed urbana (Universit\u00e0 di Roma La Sapienza); Master post lauream in Scuola di Governo del Territorio (SUM e Universit\u00e0 di Firenze); Abilitazione Scientifica Nazionale alle funzioni di professore di seconda fascia per il settore disciplinare 8\/F1 pianificazione e progettazione urbanistica e territoriale.","url":"https:\/\/www.perunaltracitta.org\/homepage\/author\/marvimaggio\/"}]}},"uagb_featured_image_src":{"full":["https:\/\/www.perunaltracitta.org\/wp-content\/uploads\/2014\/10\/consiglio_regionale_toscana_giunta.jpg",600,263,false],"thumbnail":["https:\/\/www.perunaltracitta.org\/wp-content\/uploads\/2014\/10\/consiglio_regionale_toscana_giunta-150x150.jpg",150,150,true],"medium":["https:\/\/www.perunaltracitta.org\/wp-content\/uploads\/2014\/10\/consiglio_regionale_toscana_giunta-300x132.jpg",300,132,true],"medium_large":["https:\/\/www.perunaltracitta.org\/wp-content\/uploads\/2014\/10\/consiglio_regionale_toscana_giunta.jpg",600,263,false],"large":["https:\/\/www.perunaltracitta.org\/wp-content\/uploads\/2014\/10\/consiglio_regionale_toscana_giunta.jpg",600,263,false],"wysija-newsletters-max":["https:\/\/www.perunaltracitta.org\/wp-content\/uploads\/2014\/10\/consiglio_regionale_toscana_giunta-600x263.jpg",600,263,true],"1536x1536":["https:\/\/www.perunaltracitta.org\/wp-content\/uploads\/2014\/10\/consiglio_regionale_toscana_giunta.jpg",600,263,false],"2048x2048":["https:\/\/www.perunaltracitta.org\/wp-content\/uploads\/2014\/10\/consiglio_regionale_toscana_giunta.jpg",600,263,false],"mailpoet_newsletter_max":["https:\/\/www.perunaltracitta.org\/wp-content\/uploads\/2014\/10\/consiglio_regionale_toscana_giunta.jpg",600,263,false],"yarpp-thumbnail":["https:\/\/www.perunaltracitta.org\/wp-content\/uploads\/2014\/10\/consiglio_regionale_toscana_giunta.jpg",120,53,false]},"uagb_author_info":{"display_name":"Marvi Maggio","author_link":"https:\/\/www.perunaltracitta.org\/homepage\/author\/marvimaggio\/"},"uagb_comment_info":0,"uagb_excerpt":"In Regione Toscana i dirigenti sono 118 (di cui 13 del Consiglio Regionale e gli altri della Giunta) e percepiscono un totale annuo che varia fra un minimo di 94.721 euro lordi annui a un massimo di 130.000 euro l\u2019anno. La maggior parte fra 100.000 e 110.000 euro lordi annui. Quindici di loro sono incaricati&hellip;","_links":{"self":[{"href":"https:\/\/www.perunaltracitta.org\/homepage\/wp-json\/wp\/v2\/posts\/1250","targetHints":{"allow":["GET"]}}],"collection":[{"href":"https:\/\/www.perunaltracitta.org\/homepage\/wp-json\/wp\/v2\/posts"}],"about":[{"href":"https:\/\/www.perunaltracitta.org\/homepage\/wp-json\/wp\/v2\/types\/post"}],"author":[{"embeddable":true,"href":"https:\/\/www.perunaltracitta.org\/homepage\/wp-json\/wp\/v2\/users\/40"}],"replies":[{"embeddable":true,"href":"https:\/\/www.perunaltracitta.org\/homepage\/wp-json\/wp\/v2\/comments?post=1250"}],"version-history":[{"count":3,"href":"https:\/\/www.perunaltracitta.org\/homepage\/wp-json\/wp\/v2\/posts\/1250\/revisions"}],"predecessor-version":[{"id":66069,"href":"https:\/\/www.perunaltracitta.org\/homepage\/wp-json\/wp\/v2\/posts\/1250\/revisions\/66069"}],"wp:featuredmedia":[{"embeddable":true,"href":"https:\/\/www.perunaltracitta.org\/homepage\/wp-json\/wp\/v2\/media\/1253"}],"wp:attachment":[{"href":"https:\/\/www.perunaltracitta.org\/homepage\/wp-json\/wp\/v2\/media?parent=1250"}],"wp:term":[{"taxonomy":"category","embeddable":true,"href":"https:\/\/www.perunaltracitta.org\/homepage\/wp-json\/wp\/v2\/categories?post=1250"},{"taxonomy":"post_tag","embeddable":true,"href":"https:\/\/www.perunaltracitta.org\/homepage\/wp-json\/wp\/v2\/tags?post=1250"}],"curies":[{"name":"wp","href":"https:\/\/api.w.org\/{rel}","templated":true}]}}