{"id":24127,"date":"2016-05-27T16:26:27","date_gmt":"2016-05-27T14:26:27","guid":{"rendered":"http:\/\/www.perunaltracitta.org\/?p=24127"},"modified":"2017-12-19T15:59:07","modified_gmt":"2017-12-19T14:59:07","slug":"nardella-acqua-vieni-anche-tu-lunedi-alle-18-30","status":"publish","type":"post","link":"https:\/\/www.perunaltracitta.org\/homepage\/2016\/05\/27\/nardella-acqua-vieni-anche-tu-lunedi-alle-18-30\/","title":{"rendered":"&#8220;Nardella fa acqua&#8221;. Vieni anche tu luned\u00ec alle 18.30?"},"content":{"rendered":"<div>Il <b>disastro di Lungarno Torrigiani<\/b> chiama direttamente in causa il Comune di Firenze e il suo massimo rappresentante, il sindaco Dario Nardella.\u00a0Il sindaco Nardella \u00e8 chiamato in causa in quanto socio rilevante di Publiacqua, per le nomine che ha fatto in Publiacqua, per il ruolo non svolto di indirizzo, controllo e vigilanza non solo su Publiacqua ma anche sulle infrastrutture delle citt\u00e0. Ricordiamo che il sindaco ha la responsabilit\u00e0 sulla sicurezza e la salute dei cittadini.<\/div>\n<div class=\"gmail_quote\">\n<div dir=\"ltr\">\n<div class=\"gmail_quote\">\n<p>&nbsp;<\/p>\n<p><img loading=\"lazy\" decoding=\"async\" class=\"alignright size-medium wp-image-24128\" src=\"http:\/\/www.perunaltracitta.org\/wp-content\/uploads\/2014\/06\/populismo-300x198.jpg\" alt=\"Nardella_fa_acqua\" width=\"300\" height=\"198\" \/>Nardella, invece di assumersi di fronte alla citt\u00e0 la responsabilit\u00e0 dei fatti, sta cercando &#8220;colpevoli&#8221; in strutture che lui per primo ha il compito di controllare e per cui deve rispondere! \u00a0Tutto questo tralasciando la buona manutenzione della nostra citt\u00e0 e avvallando e sognando grandi opere, come il Tunnel Tav, che possono far crollare ancora di pi\u00f9 la nostra fragile citt\u00e0.<\/p>\n<p>Per questo\u00a0ci vediamo luned\u00ec 30 maggio al Ponte alle Grazie lato Lungarno Torrigiani, perch\u00e9 il Comune e il sindaco Nardella si assumano con seriet\u00e0 le proprie responsabilit\u00e0.\u00a0Vieni anche te?<\/p>\n<div class=\"gmail_quote\"><\/div>\n<\/div>\n<\/div>\n<\/div>\n","protected":false},"excerpt":{"rendered":"<p>Il disastro di Lungarno Torrigiani chiama direttamente in causa il Comune di Firenze e il suo massimo rappresentante, il sindaco Dario Nardella.\u00a0Il sindaco Nardella \u00e8 chiamato in causa in quanto socio rilevante di Publiacqua, per le nomine che ha fatto in Publiacqua, per il ruolo non svolto di indirizzo, controllo e vigilanza non solo su &hellip;<\/p>\n<p class=\"read-more\"> <a class=\"\" href=\"https:\/\/www.perunaltracitta.org\/homepage\/2016\/05\/27\/nardella-acqua-vieni-anche-tu-lunedi-alle-18-30\/\"> <span class=\"screen-reader-text\">&#8220;Nardella fa acqua&#8221;. Vieni anche tu luned\u00ec alle 18.30?<\/span> Leggi altro &raquo;<\/a><\/p>\n","protected":false},"author":1,"featured_media":24132,"comment_status":"open","ping_status":"open","sticky":false,"template":"","format":"standard","meta":{"_uag_custom_page_level_css":"","site-sidebar-layout":"default","site-content-layout":"default","ast-global-header-display":"","ast-main-header-display":"","ast-hfb-above-header-display":"","ast-hfb-below-header-display":"","ast-hfb-mobile-header-display":"","site-post-title":"","ast-breadcrumbs-content":"","ast-featured-img":"","footer-sml-layout":"","theme-transparent-header-meta":"","adv-header-id-meta":"","stick-header-meta":"","header-above-stick-meta":"","header-main-stick-meta":"","header-below-stick-meta":"","footnotes":""},"categories":[54],"tags":[],"class_list":["post-24127","post","type-post","status-publish","format-standard","has-post-thumbnail","hentry","category-brevi"],"yoast_head":"<!-- This site is optimized with the Yoast SEO plugin v25.1 - https:\/\/yoast.com\/wordpress\/plugins\/seo\/ -->\n<title>&quot;Nardella fa acqua&quot;. Vieni anche tu luned\u00ec alle 18.30? - La Citt\u00e0 invisibile | perUnaltracitt\u00e0 | Firenze<\/title>\n<meta name=\"robots\" content=\"index, follow, max-snippet:-1, max-image-preview:large, max-video-preview:-1\" \/>\n<link rel=\"canonical\" href=\"https:\/\/www.perunaltracitta.org\/homepage\/2016\/05\/27\/nardella-acqua-vieni-anche-tu-lunedi-alle-18-30\/\" \/>\n<meta property=\"og:locale\" content=\"it_IT\" \/>\n<meta property=\"og:type\" content=\"article\" \/>\n<meta property=\"og:title\" content=\"&quot;Nardella fa acqua&quot;. Vieni anche tu luned\u00ec alle 18.30? - La Citt\u00e0 invisibile | perUnaltracitt\u00e0 | Firenze\" \/>\n<meta property=\"og:description\" content=\"Il disastro di Lungarno Torrigiani chiama direttamente in causa il Comune di Firenze e il suo massimo rappresentante, il sindaco Dario Nardella.\u00a0Il sindaco Nardella \u00e8 chiamato in causa in quanto socio rilevante di Publiacqua, per le nomine che ha fatto in Publiacqua, per il ruolo non svolto di indirizzo, controllo e vigilanza non solo su &hellip; &#8220;Nardella fa acqua&#8221;. Vieni anche tu luned\u00ec alle 18.30? Leggi altro &raquo;\" \/>\n<meta property=\"og:url\" content=\"https:\/\/www.perunaltracitta.org\/homepage\/2016\/05\/27\/nardella-acqua-vieni-anche-tu-lunedi-alle-18-30\/\" \/>\n<meta property=\"og:site_name\" content=\"La Citt\u00e0 invisibile | perUnaltracitt\u00e0 | Firenze\" \/>\n<meta property=\"article:publisher\" content=\"https:\/\/www.facebook.com\/perunaltracitta\" \/>\n<meta property=\"article:published_time\" content=\"2016-05-27T14:26:27+00:00\" \/>\n<meta property=\"article:modified_time\" content=\"2017-12-19T14:59:07+00:00\" \/>\n<meta property=\"og:image\" content=\"https:\/\/www.perunaltracitta.org\/wp-content\/uploads\/2016\/05\/Nardella_fa_acqua-1.jpg\" \/>\n\t<meta property=\"og:image:width\" content=\"845\" \/>\n\t<meta property=\"og:image:height\" content=\"484\" \/>\n\t<meta property=\"og:image:type\" content=\"image\/jpeg\" \/>\n<meta name=\"author\" content=\"Redazione\" \/>\n<meta name=\"twitter:card\" content=\"summary_large_image\" \/>\n<meta name=\"twitter:creator\" content=\"@perunaltracitta\" \/>\n<meta name=\"twitter:site\" content=\"@perunaltracitta\" \/>\n<meta name=\"twitter:label1\" content=\"Scritto da\" \/>\n\t<meta name=\"twitter:data1\" content=\"Redazione\" \/>\n\t<meta name=\"twitter:label2\" content=\"Tempo di lettura stimato\" \/>\n\t<meta name=\"twitter:data2\" content=\"1 minuto\" \/>\n<script type=\"application\/ld+json\" class=\"yoast-schema-graph\">{\"@context\":\"https:\/\/schema.org\",\"@graph\":[{\"@type\":\"Article\",\"@id\":\"https:\/\/www.perunaltracitta.org\/homepage\/2016\/05\/27\/nardella-acqua-vieni-anche-tu-lunedi-alle-18-30\/#article\",\"isPartOf\":{\"@id\":\"https:\/\/www.perunaltracitta.org\/homepage\/2016\/05\/27\/nardella-acqua-vieni-anche-tu-lunedi-alle-18-30\/\"},\"author\":{\"name\":\"Redazione\",\"@id\":\"https:\/\/www.perunaltracitta.org\/homepage\/#\/schema\/person\/dfa435bbec27dfdfca89afd56a6c0081\"},\"headline\":\"&#8220;Nardella fa acqua&#8221;. Vieni anche tu luned\u00ec alle 18.30?\",\"datePublished\":\"2016-05-27T14:26:27+00:00\",\"dateModified\":\"2017-12-19T14:59:07+00:00\",\"mainEntityOfPage\":{\"@id\":\"https:\/\/www.perunaltracitta.org\/homepage\/2016\/05\/27\/nardella-acqua-vieni-anche-tu-lunedi-alle-18-30\/\"},\"wordCount\":176,\"commentCount\":0,\"publisher\":{\"@id\":\"https:\/\/www.perunaltracitta.org\/homepage\/#organization\"},\"image\":{\"@id\":\"https:\/\/www.perunaltracitta.org\/homepage\/2016\/05\/27\/nardella-acqua-vieni-anche-tu-lunedi-alle-18-30\/#primaryimage\"},\"thumbnailUrl\":\"https:\/\/www.perunaltracitta.org\/wp-content\/uploads\/2016\/05\/Nardella_fa_acqua-1.jpg\",\"articleSection\":[\"Brevi\"],\"inLanguage\":\"it-IT\",\"potentialAction\":[{\"@type\":\"CommentAction\",\"name\":\"Comment\",\"target\":[\"https:\/\/www.perunaltracitta.org\/homepage\/2016\/05\/27\/nardella-acqua-vieni-anche-tu-lunedi-alle-18-30\/#respond\"]}]},{\"@type\":\"WebPage\",\"@id\":\"https:\/\/www.perunaltracitta.org\/homepage\/2016\/05\/27\/nardella-acqua-vieni-anche-tu-lunedi-alle-18-30\/\",\"url\":\"https:\/\/www.perunaltracitta.org\/homepage\/2016\/05\/27\/nardella-acqua-vieni-anche-tu-lunedi-alle-18-30\/\",\"name\":\"\\\"Nardella fa acqua\\\". Vieni anche tu luned\u00ec alle 18.30? - La Citt\u00e0 invisibile | perUnaltracitt\u00e0 | Firenze\",\"isPartOf\":{\"@id\":\"https:\/\/www.perunaltracitta.org\/homepage\/#website\"},\"primaryImageOfPage\":{\"@id\":\"https:\/\/www.perunaltracitta.org\/homepage\/2016\/05\/27\/nardella-acqua-vieni-anche-tu-lunedi-alle-18-30\/#primaryimage\"},\"image\":{\"@id\":\"https:\/\/www.perunaltracitta.org\/homepage\/2016\/05\/27\/nardella-acqua-vieni-anche-tu-lunedi-alle-18-30\/#primaryimage\"},\"thumbnailUrl\":\"https:\/\/www.perunaltracitta.org\/wp-content\/uploads\/2016\/05\/Nardella_fa_acqua-1.jpg\",\"datePublished\":\"2016-05-27T14:26:27+00:00\",\"dateModified\":\"2017-12-19T14:59:07+00:00\",\"breadcrumb\":{\"@id\":\"https:\/\/www.perunaltracitta.org\/homepage\/2016\/05\/27\/nardella-acqua-vieni-anche-tu-lunedi-alle-18-30\/#breadcrumb\"},\"inLanguage\":\"it-IT\",\"potentialAction\":[{\"@type\":\"ReadAction\",\"target\":[\"https:\/\/www.perunaltracitta.org\/homepage\/2016\/05\/27\/nardella-acqua-vieni-anche-tu-lunedi-alle-18-30\/\"]}]},{\"@type\":\"ImageObject\",\"inLanguage\":\"it-IT\",\"@id\":\"https:\/\/www.perunaltracitta.org\/homepage\/2016\/05\/27\/nardella-acqua-vieni-anche-tu-lunedi-alle-18-30\/#primaryimage\",\"url\":\"https:\/\/www.perunaltracitta.org\/wp-content\/uploads\/2016\/05\/Nardella_fa_acqua-1.jpg\",\"contentUrl\":\"https:\/\/www.perunaltracitta.org\/wp-content\/uploads\/2016\/05\/Nardella_fa_acqua-1.jpg\",\"width\":845,\"height\":484},{\"@type\":\"BreadcrumbList\",\"@id\":\"https:\/\/www.perunaltracitta.org\/homepage\/2016\/05\/27\/nardella-acqua-vieni-anche-tu-lunedi-alle-18-30\/#breadcrumb\",\"itemListElement\":[{\"@type\":\"ListItem\",\"position\":1,\"name\":\"Home\",\"item\":\"https:\/\/www.perunaltracitta.org\/homepage\/\"},{\"@type\":\"ListItem\",\"position\":2,\"name\":\"&#8220;Nardella fa acqua&#8221;. Vieni anche tu luned\u00ec alle 18.30?\"}]},{\"@type\":\"WebSite\",\"@id\":\"https:\/\/www.perunaltracitta.org\/homepage\/#website\",\"url\":\"https:\/\/www.perunaltracitta.org\/homepage\/\",\"name\":\"La Citt\u00e0 invisibile | perUnaltracitt\u00e0 | Firenze\",\"description\":\"Voci oltre il pensiero unico\",\"publisher\":{\"@id\":\"https:\/\/www.perunaltracitta.org\/homepage\/#organization\"},\"potentialAction\":[{\"@type\":\"SearchAction\",\"target\":{\"@type\":\"EntryPoint\",\"urlTemplate\":\"https:\/\/www.perunaltracitta.org\/homepage\/?s={search_term_string}\"},\"query-input\":{\"@type\":\"PropertyValueSpecification\",\"valueRequired\":true,\"valueName\":\"search_term_string\"}}],\"inLanguage\":\"it-IT\"},{\"@type\":\"Organization\",\"@id\":\"https:\/\/www.perunaltracitta.org\/homepage\/#organization\",\"name\":\"perUnaltracitt\u00e0 - laboratorio politico Firenze\",\"url\":\"https:\/\/www.perunaltracitta.org\/homepage\/\",\"logo\":{\"@type\":\"ImageObject\",\"inLanguage\":\"it-IT\",\"@id\":\"https:\/\/www.perunaltracitta.org\/homepage\/#\/schema\/logo\/image\/\",\"url\":\"https:\/\/www.perunaltracitta.org\/wp-content\/uploads\/2025\/11\/Original-on-Transparent-Copia-af-1.png\",\"contentUrl\":\"https:\/\/www.perunaltracitta.org\/wp-content\/uploads\/2025\/11\/Original-on-Transparent-Copia-af-1.png\",\"width\":600,\"height\":153,\"caption\":\"perUnaltracitt\u00e0 - laboratorio politico Firenze\"},\"image\":{\"@id\":\"https:\/\/www.perunaltracitta.org\/homepage\/#\/schema\/logo\/image\/\"},\"sameAs\":[\"https:\/\/www.facebook.com\/perunaltracitta\",\"https:\/\/x.com\/perunaltracitta\"]},{\"@type\":\"Person\",\"@id\":\"https:\/\/www.perunaltracitta.org\/homepage\/#\/schema\/person\/dfa435bbec27dfdfca89afd56a6c0081\",\"name\":\"Redazione\",\"image\":{\"@type\":\"ImageObject\",\"inLanguage\":\"it-IT\",\"@id\":\"https:\/\/www.perunaltracitta.org\/homepage\/#\/schema\/person\/image\/\",\"url\":\"https:\/\/www.perunaltracitta.org\/wp-content\/uploads\/2021\/12\/puc-per-barra-browser-120x120.png\",\"contentUrl\":\"https:\/\/www.perunaltracitta.org\/wp-content\/uploads\/2021\/12\/puc-per-barra-browser-120x120.png\",\"caption\":\"Redazione\"},\"description\":\"Il gruppo di\u00a0redazione della rivista edita da perUnaltracitt\u00e0\",\"url\":\"https:\/\/www.perunaltracitta.org\/homepage\/author\/admin\/\"}]}<\/script>\n<!-- \/ Yoast SEO plugin. -->","yoast_head_json":{"title":"\"Nardella fa acqua\". Vieni anche tu luned\u00ec alle 18.30? - La Citt\u00e0 invisibile | perUnaltracitt\u00e0 | Firenze","robots":{"index":"index","follow":"follow","max-snippet":"max-snippet:-1","max-image-preview":"max-image-preview:large","max-video-preview":"max-video-preview:-1"},"canonical":"https:\/\/www.perunaltracitta.org\/homepage\/2016\/05\/27\/nardella-acqua-vieni-anche-tu-lunedi-alle-18-30\/","og_locale":"it_IT","og_type":"article","og_title":"\"Nardella fa acqua\". Vieni anche tu luned\u00ec alle 18.30? - La Citt\u00e0 invisibile | perUnaltracitt\u00e0 | Firenze","og_description":"Il disastro di Lungarno Torrigiani chiama direttamente in causa il Comune di Firenze e il suo massimo rappresentante, il sindaco Dario Nardella.\u00a0Il sindaco Nardella \u00e8 chiamato in causa in quanto socio rilevante di Publiacqua, per le nomine che ha fatto in Publiacqua, per il ruolo non svolto di indirizzo, controllo e vigilanza non solo su &hellip; &#8220;Nardella fa acqua&#8221;. Vieni anche tu luned\u00ec alle 18.30? Leggi altro &raquo;","og_url":"https:\/\/www.perunaltracitta.org\/homepage\/2016\/05\/27\/nardella-acqua-vieni-anche-tu-lunedi-alle-18-30\/","og_site_name":"La Citt\u00e0 invisibile | perUnaltracitt\u00e0 | Firenze","article_publisher":"https:\/\/www.facebook.com\/perunaltracitta","article_published_time":"2016-05-27T14:26:27+00:00","article_modified_time":"2017-12-19T14:59:07+00:00","og_image":[{"width":845,"height":484,"url":"https:\/\/www.perunaltracitta.org\/wp-content\/uploads\/2016\/05\/Nardella_fa_acqua-1.jpg","type":"image\/jpeg"}],"author":"Redazione","twitter_card":"summary_large_image","twitter_creator":"@perunaltracitta","twitter_site":"@perunaltracitta","twitter_misc":{"Scritto da":"Redazione","Tempo di lettura stimato":"1 minuto"},"schema":{"@context":"https:\/\/schema.org","@graph":[{"@type":"Article","@id":"https:\/\/www.perunaltracitta.org\/homepage\/2016\/05\/27\/nardella-acqua-vieni-anche-tu-lunedi-alle-18-30\/#article","isPartOf":{"@id":"https:\/\/www.perunaltracitta.org\/homepage\/2016\/05\/27\/nardella-acqua-vieni-anche-tu-lunedi-alle-18-30\/"},"author":{"name":"Redazione","@id":"https:\/\/www.perunaltracitta.org\/homepage\/#\/schema\/person\/dfa435bbec27dfdfca89afd56a6c0081"},"headline":"&#8220;Nardella fa acqua&#8221;. Vieni anche tu luned\u00ec alle 18.30?","datePublished":"2016-05-27T14:26:27+00:00","dateModified":"2017-12-19T14:59:07+00:00","mainEntityOfPage":{"@id":"https:\/\/www.perunaltracitta.org\/homepage\/2016\/05\/27\/nardella-acqua-vieni-anche-tu-lunedi-alle-18-30\/"},"wordCount":176,"commentCount":0,"publisher":{"@id":"https:\/\/www.perunaltracitta.org\/homepage\/#organization"},"image":{"@id":"https:\/\/www.perunaltracitta.org\/homepage\/2016\/05\/27\/nardella-acqua-vieni-anche-tu-lunedi-alle-18-30\/#primaryimage"},"thumbnailUrl":"https:\/\/www.perunaltracitta.org\/wp-content\/uploads\/2016\/05\/Nardella_fa_acqua-1.jpg","articleSection":["Brevi"],"inLanguage":"it-IT","potentialAction":[{"@type":"CommentAction","name":"Comment","target":["https:\/\/www.perunaltracitta.org\/homepage\/2016\/05\/27\/nardella-acqua-vieni-anche-tu-lunedi-alle-18-30\/#respond"]}]},{"@type":"WebPage","@id":"https:\/\/www.perunaltracitta.org\/homepage\/2016\/05\/27\/nardella-acqua-vieni-anche-tu-lunedi-alle-18-30\/","url":"https:\/\/www.perunaltracitta.org\/homepage\/2016\/05\/27\/nardella-acqua-vieni-anche-tu-lunedi-alle-18-30\/","name":"\"Nardella fa acqua\". Vieni anche tu luned\u00ec alle 18.30? - La Citt\u00e0 invisibile | perUnaltracitt\u00e0 | Firenze","isPartOf":{"@id":"https:\/\/www.perunaltracitta.org\/homepage\/#website"},"primaryImageOfPage":{"@id":"https:\/\/www.perunaltracitta.org\/homepage\/2016\/05\/27\/nardella-acqua-vieni-anche-tu-lunedi-alle-18-30\/#primaryimage"},"image":{"@id":"https:\/\/www.perunaltracitta.org\/homepage\/2016\/05\/27\/nardella-acqua-vieni-anche-tu-lunedi-alle-18-30\/#primaryimage"},"thumbnailUrl":"https:\/\/www.perunaltracitta.org\/wp-content\/uploads\/2016\/05\/Nardella_fa_acqua-1.jpg","datePublished":"2016-05-27T14:26:27+00:00","dateModified":"2017-12-19T14:59:07+00:00","breadcrumb":{"@id":"https:\/\/www.perunaltracitta.org\/homepage\/2016\/05\/27\/nardella-acqua-vieni-anche-tu-lunedi-alle-18-30\/#breadcrumb"},"inLanguage":"it-IT","potentialAction":[{"@type":"ReadAction","target":["https:\/\/www.perunaltracitta.org\/homepage\/2016\/05\/27\/nardella-acqua-vieni-anche-tu-lunedi-alle-18-30\/"]}]},{"@type":"ImageObject","inLanguage":"it-IT","@id":"https:\/\/www.perunaltracitta.org\/homepage\/2016\/05\/27\/nardella-acqua-vieni-anche-tu-lunedi-alle-18-30\/#primaryimage","url":"https:\/\/www.perunaltracitta.org\/wp-content\/uploads\/2016\/05\/Nardella_fa_acqua-1.jpg","contentUrl":"https:\/\/www.perunaltracitta.org\/wp-content\/uploads\/2016\/05\/Nardella_fa_acqua-1.jpg","width":845,"height":484},{"@type":"BreadcrumbList","@id":"https:\/\/www.perunaltracitta.org\/homepage\/2016\/05\/27\/nardella-acqua-vieni-anche-tu-lunedi-alle-18-30\/#breadcrumb","itemListElement":[{"@type":"ListItem","position":1,"name":"Home","item":"https:\/\/www.perunaltracitta.org\/homepage\/"},{"@type":"ListItem","position":2,"name":"&#8220;Nardella fa acqua&#8221;. Vieni anche tu luned\u00ec alle 18.30?"}]},{"@type":"WebSite","@id":"https:\/\/www.perunaltracitta.org\/homepage\/#website","url":"https:\/\/www.perunaltracitta.org\/homepage\/","name":"La Citt\u00e0 invisibile | perUnaltracitt\u00e0 | Firenze","description":"Voci oltre il pensiero unico","publisher":{"@id":"https:\/\/www.perunaltracitta.org\/homepage\/#organization"},"potentialAction":[{"@type":"SearchAction","target":{"@type":"EntryPoint","urlTemplate":"https:\/\/www.perunaltracitta.org\/homepage\/?s={search_term_string}"},"query-input":{"@type":"PropertyValueSpecification","valueRequired":true,"valueName":"search_term_string"}}],"inLanguage":"it-IT"},{"@type":"Organization","@id":"https:\/\/www.perunaltracitta.org\/homepage\/#organization","name":"perUnaltracitt\u00e0 - laboratorio politico Firenze","url":"https:\/\/www.perunaltracitta.org\/homepage\/","logo":{"@type":"ImageObject","inLanguage":"it-IT","@id":"https:\/\/www.perunaltracitta.org\/homepage\/#\/schema\/logo\/image\/","url":"https:\/\/www.perunaltracitta.org\/wp-content\/uploads\/2025\/11\/Original-on-Transparent-Copia-af-1.png","contentUrl":"https:\/\/www.perunaltracitta.org\/wp-content\/uploads\/2025\/11\/Original-on-Transparent-Copia-af-1.png","width":600,"height":153,"caption":"perUnaltracitt\u00e0 - laboratorio politico Firenze"},"image":{"@id":"https:\/\/www.perunaltracitta.org\/homepage\/#\/schema\/logo\/image\/"},"sameAs":["https:\/\/www.facebook.com\/perunaltracitta","https:\/\/x.com\/perunaltracitta"]},{"@type":"Person","@id":"https:\/\/www.perunaltracitta.org\/homepage\/#\/schema\/person\/dfa435bbec27dfdfca89afd56a6c0081","name":"Redazione","image":{"@type":"ImageObject","inLanguage":"it-IT","@id":"https:\/\/www.perunaltracitta.org\/homepage\/#\/schema\/person\/image\/","url":"https:\/\/www.perunaltracitta.org\/wp-content\/uploads\/2021\/12\/puc-per-barra-browser-120x120.png","contentUrl":"https:\/\/www.perunaltracitta.org\/wp-content\/uploads\/2021\/12\/puc-per-barra-browser-120x120.png","caption":"Redazione"},"description":"Il gruppo di\u00a0redazione della rivista edita da perUnaltracitt\u00e0","url":"https:\/\/www.perunaltracitta.org\/homepage\/author\/admin\/"}]}},"uagb_featured_image_src":{"full":["https:\/\/www.perunaltracitta.org\/wp-content\/uploads\/2016\/05\/Nardella_fa_acqua-1.jpg",845,484,false],"thumbnail":["https:\/\/www.perunaltracitta.org\/wp-content\/uploads\/2016\/05\/Nardella_fa_acqua-1-150x150.jpg",150,150,true],"medium":["https:\/\/www.perunaltracitta.org\/wp-content\/uploads\/2016\/05\/Nardella_fa_acqua-1-300x172.jpg",300,172,true],"medium_large":["https:\/\/www.perunaltracitta.org\/wp-content\/uploads\/2016\/05\/Nardella_fa_acqua-1-768x440.jpg",768,440,true],"large":["https:\/\/www.perunaltracitta.org\/wp-content\/uploads\/2016\/05\/Nardella_fa_acqua-1.jpg",845,484,false],"wysija-newsletters-max":["https:\/\/www.perunaltracitta.org\/wp-content\/uploads\/2016\/05\/Nardella_fa_acqua-1-600x344.jpg",600,344,true],"1536x1536":["https:\/\/www.perunaltracitta.org\/wp-content\/uploads\/2016\/05\/Nardella_fa_acqua-1.jpg",845,484,false],"2048x2048":["https:\/\/www.perunaltracitta.org\/wp-content\/uploads\/2016\/05\/Nardella_fa_acqua-1.jpg",845,484,false],"mailpoet_newsletter_max":["https:\/\/www.perunaltracitta.org\/wp-content\/uploads\/2016\/05\/Nardella_fa_acqua-1.jpg",845,484,false],"yarpp-thumbnail":["https:\/\/www.perunaltracitta.org\/wp-content\/uploads\/2016\/05\/Nardella_fa_acqua-1.jpg",120,69,false]},"uagb_author_info":{"display_name":"Redazione","author_link":"https:\/\/www.perunaltracitta.org\/homepage\/author\/admin\/"},"uagb_comment_info":0,"uagb_excerpt":"Il disastro di Lungarno Torrigiani chiama direttamente in causa il Comune di Firenze e il suo massimo rappresentante, il sindaco Dario Nardella.\u00a0Il sindaco Nardella \u00e8 chiamato in causa in quanto socio rilevante di Publiacqua, per le nomine che ha fatto in Publiacqua, per il ruolo non svolto di indirizzo, controllo e vigilanza non solo su&hellip;","_links":{"self":[{"href":"https:\/\/www.perunaltracitta.org\/homepage\/wp-json\/wp\/v2\/posts\/24127","targetHints":{"allow":["GET"]}}],"collection":[{"href":"https:\/\/www.perunaltracitta.org\/homepage\/wp-json\/wp\/v2\/posts"}],"about":[{"href":"https:\/\/www.perunaltracitta.org\/homepage\/wp-json\/wp\/v2\/types\/post"}],"author":[{"embeddable":true,"href":"https:\/\/www.perunaltracitta.org\/homepage\/wp-json\/wp\/v2\/users\/1"}],"replies":[{"embeddable":true,"href":"https:\/\/www.perunaltracitta.org\/homepage\/wp-json\/wp\/v2\/comments?post=24127"}],"version-history":[{"count":4,"href":"https:\/\/www.perunaltracitta.org\/homepage\/wp-json\/wp\/v2\/posts\/24127\/revisions"}],"predecessor-version":[{"id":65987,"href":"https:\/\/www.perunaltracitta.org\/homepage\/wp-json\/wp\/v2\/posts\/24127\/revisions\/65987"}],"wp:featuredmedia":[{"embeddable":true,"href":"https:\/\/www.perunaltracitta.org\/homepage\/wp-json\/wp\/v2\/media\/24132"}],"wp:attachment":[{"href":"https:\/\/www.perunaltracitta.org\/homepage\/wp-json\/wp\/v2\/media?parent=24127"}],"wp:term":[{"taxonomy":"category","embeddable":true,"href":"https:\/\/www.perunaltracitta.org\/homepage\/wp-json\/wp\/v2\/categories?post=24127"},{"taxonomy":"post_tag","embeddable":true,"href":"https:\/\/www.perunaltracitta.org\/homepage\/wp-json\/wp\/v2\/tags?post=24127"}],"curies":[{"name":"wp","href":"https:\/\/api.w.org\/{rel}","templated":true}]}}