{"id":4869,"date":"2015-11-12T12:53:49","date_gmt":"2015-11-12T11:53:49","guid":{"rendered":"http:\/\/www.perunaltracitta.org\/?p=4869"},"modified":"2017-12-19T16:38:46","modified_gmt":"2017-12-19T15:38:46","slug":"dal-comitato-doccupazione-machiavelli-capponi","status":"publish","type":"post","link":"https:\/\/www.perunaltracitta.org\/homepage\/2015\/11\/12\/dal-comitato-doccupazione-machiavelli-capponi\/","title":{"rendered":"Dal comitato d&#8217;occupazione Machiavelli-Capponi"},"content":{"rendered":"<p>All\u2019attenzione della Preside, dei professori, del personale ATA e degli organi competenti<br \/>\nAll\u2019attenzione di tutti gli studenti<\/p>\n<p>Dal 2011, dopo l\u2019ultima occupazione che questa scuola ha visto, il collettivo ha intrapreso un percorso di crescita comune, in cui ha lavorato con seriet\u00e0 per conquistare rispettabilit\u00e0 e pace. Ci siamo resi conto che non era colpa nostra se durante l\u2019occupazione gli studenti stavano a casa una settimana. C\u2019eravamo abituati all\u2019idea di essere la rappresentazione che gli altri facevano di noi e allora abbiamo cercato di riscoprire le nostre potenzialit\u00e0 inespresse.<\/p>\n<p><a href=\"http:\/\/www.perunaltracitta.org\/wp-content\/uploads\/2015\/11\/capponi-okk.jpg\"><img loading=\"lazy\" decoding=\"async\" class=\"alignleft size-medium wp-image-4871\" src=\"http:\/\/www.perunaltracitta.org\/wp-content\/uploads\/2015\/11\/capponi-okk-300x225.jpg\" alt=\"capponi okk\" width=\"300\" height=\"225\" srcset=\"https:\/\/www.perunaltracitta.org\/wp-content\/uploads\/2015\/11\/capponi-okk-300x225.jpg 300w, https:\/\/www.perunaltracitta.org\/wp-content\/uploads\/2015\/11\/capponi-okk-768x576.jpg 768w, https:\/\/www.perunaltracitta.org\/wp-content\/uploads\/2015\/11\/capponi-okk-1024x768.jpg 1024w, https:\/\/www.perunaltracitta.org\/wp-content\/uploads\/2015\/11\/capponi-okk-600x450.jpg 600w\" sizes=\"auto, (max-width: 300px) 100vw, 300px\" \/><\/a>Due anni di Forum hanno dimostrato che abbiamo voglia e capacit\u00e0 necessarie per organizzare una quotidianit\u00e0 altra, in cui l\u2019attivit\u00e0 scolastica parte dalla necessit\u00e0 di noi studenti. Abbiamo fatto passi indietro per rendere le nostre azioni pi\u00f9 condivisibili: ricordiamo con amarezza i pomeriggi del forum dove il nostro tentativo di mediazione e confronto non ha ricevuto la risposta attesa. Ad oggi ritorniamo a scuola nella forma che pi\u00f9 sentiamo nostra: l\u2019occupazione. Non andiamo contro una specifica legge o un governo, non andiamo contro i professori o gli studenti. Siamo qua per costruire e andare oltre: oltre la competizione che, alla ricerca del miglior voto, ci divide dai nostri compagni; oltre un rapporto coi professori basato sulla paura che abbiamo del loro giudizio, dei loro voti; oltre un modo di vivere la scuola come spazio repressivo poich\u00e9 costituito a partire non dalle esigenze degli studenti ma da quelle del mercato del lavoro. Quindi, contro e oltre un\u2019educazione che naturalizza il lavoro salariato come unica prospettiva di vita. Per questo occupiamo, per riprendere il luogo centrale della nostra formazione e provare a sperimentare su larga scala ci\u00f2 che in questi anni abbiamo imparato a gestire.<\/p>\n<p>Abbiamo gi\u00e0 pronte assemblee con relatori esterni, presentazioni di libri, cineforum, momenti di elaborazione artistica e spazi conviviali, ma soprattutto occasioni di confronto sui temi offerti dalla realt\u00e0 che ci circonda, a scuola e non. Coniugando tra loro ricerca di uguaglianza nel vivere insieme e pratiche per condividere e produrre sapere.<br \/>\nAssicuriamo che queste attivit\u00e0 verranno svolte nel rispetto del diritto allo studio fino a Luned\u00ec 14 Ottobre, nel tempo necessario al comitato d\u2019occupazione per decidere le modalit\u00e0 di proseguimento.<\/p>\n<p>Lo stabile occupato \u00e8 quello situato in piazza Frescobaldi, di cui gli occupanti si prendono tutte le responsabilit\u00e0, essendo a conoscenza delle norme di sicurezza e dei lavori in corso.<\/p>\n<p style=\"text-align: right;\"><strong>*Comitato d\u2019Occupazione Machiavelli-Capponi<\/strong><\/p>\n","protected":false},"excerpt":{"rendered":"<p>All\u2019attenzione della Preside, dei professori, del personale ATA e degli organi competenti All\u2019attenzione di tutti gli studenti Dal 2011, dopo l\u2019ultima occupazione che questa scuola ha visto, il collettivo ha intrapreso un percorso di crescita comune, in cui ha lavorato con seriet\u00e0 per conquistare rispettabilit\u00e0 e pace. Ci siamo resi conto che non era colpa &hellip;<\/p>\n<p class=\"read-more\"> <a class=\"\" href=\"https:\/\/www.perunaltracitta.org\/homepage\/2015\/11\/12\/dal-comitato-doccupazione-machiavelli-capponi\/\"> <span class=\"screen-reader-text\">Dal comitato d&#8217;occupazione Machiavelli-Capponi<\/span> Leggi altro &raquo;<\/a><\/p>\n","protected":false},"author":38,"featured_media":4871,"comment_status":"open","ping_status":"open","sticky":false,"template":"","format":"standard","meta":{"_uag_custom_page_level_css":"","site-sidebar-layout":"default","site-content-layout":"default","ast-global-header-display":"","ast-main-header-display":"","ast-hfb-above-header-display":"","ast-hfb-below-header-display":"","ast-hfb-mobile-header-display":"","site-post-title":"","ast-breadcrumbs-content":"","ast-featured-img":"","footer-sml-layout":"","theme-transparent-header-meta":"","adv-header-id-meta":"","stick-header-meta":"","header-above-stick-meta":"","header-main-stick-meta":"","header-below-stick-meta":"","footnotes":""},"categories":[54],"tags":[],"class_list":["post-4869","post","type-post","status-publish","format-standard","has-post-thumbnail","hentry","category-brevi"],"yoast_head":"<!-- This site is optimized with the Yoast SEO plugin v25.1 - https:\/\/yoast.com\/wordpress\/plugins\/seo\/ -->\n<title>Dal comitato d&#039;occupazione Machiavelli-Capponi - La Citt\u00e0 invisibile | perUnaltracitt\u00e0 | Firenze<\/title>\n<meta name=\"robots\" content=\"index, follow, max-snippet:-1, max-image-preview:large, max-video-preview:-1\" \/>\n<link rel=\"canonical\" href=\"https:\/\/www.perunaltracitta.org\/homepage\/2015\/11\/12\/dal-comitato-doccupazione-machiavelli-capponi\/\" \/>\n<meta property=\"og:locale\" content=\"it_IT\" \/>\n<meta property=\"og:type\" content=\"article\" \/>\n<meta property=\"og:title\" content=\"Dal comitato d&#039;occupazione Machiavelli-Capponi - La Citt\u00e0 invisibile | perUnaltracitt\u00e0 | Firenze\" \/>\n<meta property=\"og:description\" content=\"All\u2019attenzione della Preside, dei professori, del personale ATA e degli organi competenti All\u2019attenzione di tutti gli studenti Dal 2011, dopo l\u2019ultima occupazione che questa scuola ha visto, il collettivo ha intrapreso un percorso di crescita comune, in cui ha lavorato con seriet\u00e0 per conquistare rispettabilit\u00e0 e pace. Ci siamo resi conto che non era colpa &hellip; Dal comitato d&#8217;occupazione Machiavelli-Capponi Leggi altro &raquo;\" \/>\n<meta property=\"og:url\" content=\"https:\/\/www.perunaltracitta.org\/homepage\/2015\/11\/12\/dal-comitato-doccupazione-machiavelli-capponi\/\" \/>\n<meta property=\"og:site_name\" content=\"La Citt\u00e0 invisibile | perUnaltracitt\u00e0 | Firenze\" \/>\n<meta property=\"article:publisher\" content=\"https:\/\/www.facebook.com\/perunaltracitta\" \/>\n<meta property=\"article:published_time\" content=\"2015-11-12T11:53:49+00:00\" \/>\n<meta property=\"article:modified_time\" content=\"2017-12-19T15:38:46+00:00\" \/>\n<meta property=\"og:image\" content=\"https:\/\/www.perunaltracitta.org\/wp-content\/uploads\/2015\/11\/capponi-okk.jpg\" \/>\n\t<meta property=\"og:image:width\" content=\"3264\" \/>\n\t<meta property=\"og:image:height\" content=\"2448\" \/>\n\t<meta property=\"og:image:type\" content=\"image\/jpeg\" \/>\n<meta name=\"author\" content=\"Machiavelli Capponi\" \/>\n<meta name=\"twitter:card\" content=\"summary_large_image\" \/>\n<meta name=\"twitter:creator\" content=\"@perunaltracitta\" \/>\n<meta name=\"twitter:site\" content=\"@perunaltracitta\" \/>\n<meta name=\"twitter:label1\" content=\"Scritto da\" \/>\n\t<meta name=\"twitter:data1\" content=\"Machiavelli Capponi\" \/>\n\t<meta name=\"twitter:label2\" content=\"Tempo di lettura stimato\" \/>\n\t<meta name=\"twitter:data2\" content=\"2 minuti\" \/>\n<script type=\"application\/ld+json\" class=\"yoast-schema-graph\">{\"@context\":\"https:\/\/schema.org\",\"@graph\":[{\"@type\":\"Article\",\"@id\":\"https:\/\/www.perunaltracitta.org\/homepage\/2015\/11\/12\/dal-comitato-doccupazione-machiavelli-capponi\/#article\",\"isPartOf\":{\"@id\":\"https:\/\/www.perunaltracitta.org\/homepage\/2015\/11\/12\/dal-comitato-doccupazione-machiavelli-capponi\/\"},\"author\":{\"name\":\"Machiavelli Capponi\",\"@id\":\"https:\/\/www.perunaltracitta.org\/homepage\/#\/schema\/person\/fd61268df7288df7e05108d7594ddd49\"},\"headline\":\"Dal comitato d&#8217;occupazione Machiavelli-Capponi\",\"datePublished\":\"2015-11-12T11:53:49+00:00\",\"dateModified\":\"2017-12-19T15:38:46+00:00\",\"mainEntityOfPage\":{\"@id\":\"https:\/\/www.perunaltracitta.org\/homepage\/2015\/11\/12\/dal-comitato-doccupazione-machiavelli-capponi\/\"},\"wordCount\":407,\"commentCount\":0,\"publisher\":{\"@id\":\"https:\/\/www.perunaltracitta.org\/homepage\/#organization\"},\"image\":{\"@id\":\"https:\/\/www.perunaltracitta.org\/homepage\/2015\/11\/12\/dal-comitato-doccupazione-machiavelli-capponi\/#primaryimage\"},\"thumbnailUrl\":\"https:\/\/www.perunaltracitta.org\/wp-content\/uploads\/2015\/11\/capponi-okk.jpg\",\"articleSection\":[\"Brevi\"],\"inLanguage\":\"it-IT\",\"potentialAction\":[{\"@type\":\"CommentAction\",\"name\":\"Comment\",\"target\":[\"https:\/\/www.perunaltracitta.org\/homepage\/2015\/11\/12\/dal-comitato-doccupazione-machiavelli-capponi\/#respond\"]}]},{\"@type\":\"WebPage\",\"@id\":\"https:\/\/www.perunaltracitta.org\/homepage\/2015\/11\/12\/dal-comitato-doccupazione-machiavelli-capponi\/\",\"url\":\"https:\/\/www.perunaltracitta.org\/homepage\/2015\/11\/12\/dal-comitato-doccupazione-machiavelli-capponi\/\",\"name\":\"Dal comitato d'occupazione Machiavelli-Capponi - La Citt\u00e0 invisibile | perUnaltracitt\u00e0 | Firenze\",\"isPartOf\":{\"@id\":\"https:\/\/www.perunaltracitta.org\/homepage\/#website\"},\"primaryImageOfPage\":{\"@id\":\"https:\/\/www.perunaltracitta.org\/homepage\/2015\/11\/12\/dal-comitato-doccupazione-machiavelli-capponi\/#primaryimage\"},\"image\":{\"@id\":\"https:\/\/www.perunaltracitta.org\/homepage\/2015\/11\/12\/dal-comitato-doccupazione-machiavelli-capponi\/#primaryimage\"},\"thumbnailUrl\":\"https:\/\/www.perunaltracitta.org\/wp-content\/uploads\/2015\/11\/capponi-okk.jpg\",\"datePublished\":\"2015-11-12T11:53:49+00:00\",\"dateModified\":\"2017-12-19T15:38:46+00:00\",\"breadcrumb\":{\"@id\":\"https:\/\/www.perunaltracitta.org\/homepage\/2015\/11\/12\/dal-comitato-doccupazione-machiavelli-capponi\/#breadcrumb\"},\"inLanguage\":\"it-IT\",\"potentialAction\":[{\"@type\":\"ReadAction\",\"target\":[\"https:\/\/www.perunaltracitta.org\/homepage\/2015\/11\/12\/dal-comitato-doccupazione-machiavelli-capponi\/\"]}]},{\"@type\":\"ImageObject\",\"inLanguage\":\"it-IT\",\"@id\":\"https:\/\/www.perunaltracitta.org\/homepage\/2015\/11\/12\/dal-comitato-doccupazione-machiavelli-capponi\/#primaryimage\",\"url\":\"https:\/\/www.perunaltracitta.org\/wp-content\/uploads\/2015\/11\/capponi-okk.jpg\",\"contentUrl\":\"https:\/\/www.perunaltracitta.org\/wp-content\/uploads\/2015\/11\/capponi-okk.jpg\",\"width\":3264,\"height\":2448},{\"@type\":\"BreadcrumbList\",\"@id\":\"https:\/\/www.perunaltracitta.org\/homepage\/2015\/11\/12\/dal-comitato-doccupazione-machiavelli-capponi\/#breadcrumb\",\"itemListElement\":[{\"@type\":\"ListItem\",\"position\":1,\"name\":\"Home\",\"item\":\"https:\/\/www.perunaltracitta.org\/homepage\/\"},{\"@type\":\"ListItem\",\"position\":2,\"name\":\"Dal comitato d&#8217;occupazione Machiavelli-Capponi\"}]},{\"@type\":\"WebSite\",\"@id\":\"https:\/\/www.perunaltracitta.org\/homepage\/#website\",\"url\":\"https:\/\/www.perunaltracitta.org\/homepage\/\",\"name\":\"La Citt\u00e0 invisibile | perUnaltracitt\u00e0 | Firenze\",\"description\":\"Voci oltre il pensiero unico\",\"publisher\":{\"@id\":\"https:\/\/www.perunaltracitta.org\/homepage\/#organization\"},\"potentialAction\":[{\"@type\":\"SearchAction\",\"target\":{\"@type\":\"EntryPoint\",\"urlTemplate\":\"https:\/\/www.perunaltracitta.org\/homepage\/?s={search_term_string}\"},\"query-input\":{\"@type\":\"PropertyValueSpecification\",\"valueRequired\":true,\"valueName\":\"search_term_string\"}}],\"inLanguage\":\"it-IT\"},{\"@type\":\"Organization\",\"@id\":\"https:\/\/www.perunaltracitta.org\/homepage\/#organization\",\"name\":\"perUnaltracitt\u00e0 - laboratorio politico Firenze\",\"url\":\"https:\/\/www.perunaltracitta.org\/homepage\/\",\"logo\":{\"@type\":\"ImageObject\",\"inLanguage\":\"it-IT\",\"@id\":\"https:\/\/www.perunaltracitta.org\/homepage\/#\/schema\/logo\/image\/\",\"url\":\"https:\/\/www.perunaltracitta.org\/wp-content\/uploads\/2025\/11\/Original-on-Transparent-Copia-af-1.png\",\"contentUrl\":\"https:\/\/www.perunaltracitta.org\/wp-content\/uploads\/2025\/11\/Original-on-Transparent-Copia-af-1.png\",\"width\":600,\"height\":153,\"caption\":\"perUnaltracitt\u00e0 - laboratorio politico Firenze\"},\"image\":{\"@id\":\"https:\/\/www.perunaltracitta.org\/homepage\/#\/schema\/logo\/image\/\"},\"sameAs\":[\"https:\/\/www.facebook.com\/perunaltracitta\",\"https:\/\/x.com\/perunaltracitta\"]},{\"@type\":\"Person\",\"@id\":\"https:\/\/www.perunaltracitta.org\/homepage\/#\/schema\/person\/fd61268df7288df7e05108d7594ddd49\",\"name\":\"Machiavelli Capponi\",\"image\":{\"@type\":\"ImageObject\",\"inLanguage\":\"it-IT\",\"@id\":\"https:\/\/www.perunaltracitta.org\/homepage\/#\/schema\/person\/image\/\",\"url\":\"https:\/\/www.perunaltracitta.org\/wp-content\/uploads\/2014\/10\/collettivo-machiavelli-capponi-96x96.jpg\",\"contentUrl\":\"https:\/\/www.perunaltracitta.org\/wp-content\/uploads\/2014\/10\/collettivo-machiavelli-capponi-96x96.jpg\",\"caption\":\"Machiavelli Capponi\"},\"url\":\"https:\/\/www.perunaltracitta.org\/homepage\/author\/machiavellicapponi\/\"}]}<\/script>\n<!-- \/ Yoast SEO plugin. -->","yoast_head_json":{"title":"Dal comitato d'occupazione Machiavelli-Capponi - La Citt\u00e0 invisibile | perUnaltracitt\u00e0 | Firenze","robots":{"index":"index","follow":"follow","max-snippet":"max-snippet:-1","max-image-preview":"max-image-preview:large","max-video-preview":"max-video-preview:-1"},"canonical":"https:\/\/www.perunaltracitta.org\/homepage\/2015\/11\/12\/dal-comitato-doccupazione-machiavelli-capponi\/","og_locale":"it_IT","og_type":"article","og_title":"Dal comitato d'occupazione Machiavelli-Capponi - La Citt\u00e0 invisibile | perUnaltracitt\u00e0 | Firenze","og_description":"All\u2019attenzione della Preside, dei professori, del personale ATA e degli organi competenti All\u2019attenzione di tutti gli studenti Dal 2011, dopo l\u2019ultima occupazione che questa scuola ha visto, il collettivo ha intrapreso un percorso di crescita comune, in cui ha lavorato con seriet\u00e0 per conquistare rispettabilit\u00e0 e pace. Ci siamo resi conto che non era colpa &hellip; Dal comitato d&#8217;occupazione Machiavelli-Capponi Leggi altro &raquo;","og_url":"https:\/\/www.perunaltracitta.org\/homepage\/2015\/11\/12\/dal-comitato-doccupazione-machiavelli-capponi\/","og_site_name":"La Citt\u00e0 invisibile | perUnaltracitt\u00e0 | Firenze","article_publisher":"https:\/\/www.facebook.com\/perunaltracitta","article_published_time":"2015-11-12T11:53:49+00:00","article_modified_time":"2017-12-19T15:38:46+00:00","og_image":[{"width":3264,"height":2448,"url":"https:\/\/www.perunaltracitta.org\/wp-content\/uploads\/2015\/11\/capponi-okk.jpg","type":"image\/jpeg"}],"author":"Machiavelli Capponi","twitter_card":"summary_large_image","twitter_creator":"@perunaltracitta","twitter_site":"@perunaltracitta","twitter_misc":{"Scritto da":"Machiavelli Capponi","Tempo di lettura stimato":"2 minuti"},"schema":{"@context":"https:\/\/schema.org","@graph":[{"@type":"Article","@id":"https:\/\/www.perunaltracitta.org\/homepage\/2015\/11\/12\/dal-comitato-doccupazione-machiavelli-capponi\/#article","isPartOf":{"@id":"https:\/\/www.perunaltracitta.org\/homepage\/2015\/11\/12\/dal-comitato-doccupazione-machiavelli-capponi\/"},"author":{"name":"Machiavelli Capponi","@id":"https:\/\/www.perunaltracitta.org\/homepage\/#\/schema\/person\/fd61268df7288df7e05108d7594ddd49"},"headline":"Dal comitato d&#8217;occupazione Machiavelli-Capponi","datePublished":"2015-11-12T11:53:49+00:00","dateModified":"2017-12-19T15:38:46+00:00","mainEntityOfPage":{"@id":"https:\/\/www.perunaltracitta.org\/homepage\/2015\/11\/12\/dal-comitato-doccupazione-machiavelli-capponi\/"},"wordCount":407,"commentCount":0,"publisher":{"@id":"https:\/\/www.perunaltracitta.org\/homepage\/#organization"},"image":{"@id":"https:\/\/www.perunaltracitta.org\/homepage\/2015\/11\/12\/dal-comitato-doccupazione-machiavelli-capponi\/#primaryimage"},"thumbnailUrl":"https:\/\/www.perunaltracitta.org\/wp-content\/uploads\/2015\/11\/capponi-okk.jpg","articleSection":["Brevi"],"inLanguage":"it-IT","potentialAction":[{"@type":"CommentAction","name":"Comment","target":["https:\/\/www.perunaltracitta.org\/homepage\/2015\/11\/12\/dal-comitato-doccupazione-machiavelli-capponi\/#respond"]}]},{"@type":"WebPage","@id":"https:\/\/www.perunaltracitta.org\/homepage\/2015\/11\/12\/dal-comitato-doccupazione-machiavelli-capponi\/","url":"https:\/\/www.perunaltracitta.org\/homepage\/2015\/11\/12\/dal-comitato-doccupazione-machiavelli-capponi\/","name":"Dal comitato d'occupazione Machiavelli-Capponi - La Citt\u00e0 invisibile | perUnaltracitt\u00e0 | Firenze","isPartOf":{"@id":"https:\/\/www.perunaltracitta.org\/homepage\/#website"},"primaryImageOfPage":{"@id":"https:\/\/www.perunaltracitta.org\/homepage\/2015\/11\/12\/dal-comitato-doccupazione-machiavelli-capponi\/#primaryimage"},"image":{"@id":"https:\/\/www.perunaltracitta.org\/homepage\/2015\/11\/12\/dal-comitato-doccupazione-machiavelli-capponi\/#primaryimage"},"thumbnailUrl":"https:\/\/www.perunaltracitta.org\/wp-content\/uploads\/2015\/11\/capponi-okk.jpg","datePublished":"2015-11-12T11:53:49+00:00","dateModified":"2017-12-19T15:38:46+00:00","breadcrumb":{"@id":"https:\/\/www.perunaltracitta.org\/homepage\/2015\/11\/12\/dal-comitato-doccupazione-machiavelli-capponi\/#breadcrumb"},"inLanguage":"it-IT","potentialAction":[{"@type":"ReadAction","target":["https:\/\/www.perunaltracitta.org\/homepage\/2015\/11\/12\/dal-comitato-doccupazione-machiavelli-capponi\/"]}]},{"@type":"ImageObject","inLanguage":"it-IT","@id":"https:\/\/www.perunaltracitta.org\/homepage\/2015\/11\/12\/dal-comitato-doccupazione-machiavelli-capponi\/#primaryimage","url":"https:\/\/www.perunaltracitta.org\/wp-content\/uploads\/2015\/11\/capponi-okk.jpg","contentUrl":"https:\/\/www.perunaltracitta.org\/wp-content\/uploads\/2015\/11\/capponi-okk.jpg","width":3264,"height":2448},{"@type":"BreadcrumbList","@id":"https:\/\/www.perunaltracitta.org\/homepage\/2015\/11\/12\/dal-comitato-doccupazione-machiavelli-capponi\/#breadcrumb","itemListElement":[{"@type":"ListItem","position":1,"name":"Home","item":"https:\/\/www.perunaltracitta.org\/homepage\/"},{"@type":"ListItem","position":2,"name":"Dal comitato d&#8217;occupazione Machiavelli-Capponi"}]},{"@type":"WebSite","@id":"https:\/\/www.perunaltracitta.org\/homepage\/#website","url":"https:\/\/www.perunaltracitta.org\/homepage\/","name":"La Citt\u00e0 invisibile | perUnaltracitt\u00e0 | Firenze","description":"Voci oltre il pensiero unico","publisher":{"@id":"https:\/\/www.perunaltracitta.org\/homepage\/#organization"},"potentialAction":[{"@type":"SearchAction","target":{"@type":"EntryPoint","urlTemplate":"https:\/\/www.perunaltracitta.org\/homepage\/?s={search_term_string}"},"query-input":{"@type":"PropertyValueSpecification","valueRequired":true,"valueName":"search_term_string"}}],"inLanguage":"it-IT"},{"@type":"Organization","@id":"https:\/\/www.perunaltracitta.org\/homepage\/#organization","name":"perUnaltracitt\u00e0 - laboratorio politico Firenze","url":"https:\/\/www.perunaltracitta.org\/homepage\/","logo":{"@type":"ImageObject","inLanguage":"it-IT","@id":"https:\/\/www.perunaltracitta.org\/homepage\/#\/schema\/logo\/image\/","url":"https:\/\/www.perunaltracitta.org\/wp-content\/uploads\/2025\/11\/Original-on-Transparent-Copia-af-1.png","contentUrl":"https:\/\/www.perunaltracitta.org\/wp-content\/uploads\/2025\/11\/Original-on-Transparent-Copia-af-1.png","width":600,"height":153,"caption":"perUnaltracitt\u00e0 - laboratorio politico Firenze"},"image":{"@id":"https:\/\/www.perunaltracitta.org\/homepage\/#\/schema\/logo\/image\/"},"sameAs":["https:\/\/www.facebook.com\/perunaltracitta","https:\/\/x.com\/perunaltracitta"]},{"@type":"Person","@id":"https:\/\/www.perunaltracitta.org\/homepage\/#\/schema\/person\/fd61268df7288df7e05108d7594ddd49","name":"Machiavelli Capponi","image":{"@type":"ImageObject","inLanguage":"it-IT","@id":"https:\/\/www.perunaltracitta.org\/homepage\/#\/schema\/person\/image\/","url":"https:\/\/www.perunaltracitta.org\/wp-content\/uploads\/2014\/10\/collettivo-machiavelli-capponi-96x96.jpg","contentUrl":"https:\/\/www.perunaltracitta.org\/wp-content\/uploads\/2014\/10\/collettivo-machiavelli-capponi-96x96.jpg","caption":"Machiavelli Capponi"},"url":"https:\/\/www.perunaltracitta.org\/homepage\/author\/machiavellicapponi\/"}]}},"uagb_featured_image_src":{"full":["https:\/\/www.perunaltracitta.org\/wp-content\/uploads\/2015\/11\/capponi-okk.jpg",3264,2448,false],"thumbnail":["https:\/\/www.perunaltracitta.org\/wp-content\/uploads\/2015\/11\/capponi-okk-150x150.jpg",150,150,true],"medium":["https:\/\/www.perunaltracitta.org\/wp-content\/uploads\/2015\/11\/capponi-okk-300x225.jpg",300,225,true],"medium_large":["https:\/\/www.perunaltracitta.org\/wp-content\/uploads\/2015\/11\/capponi-okk-768x576.jpg",768,576,true],"large":["https:\/\/www.perunaltracitta.org\/wp-content\/uploads\/2015\/11\/capponi-okk-1024x768.jpg",1024,768,true],"wysija-newsletters-max":["https:\/\/www.perunaltracitta.org\/wp-content\/uploads\/2015\/11\/capponi-okk-600x450.jpg",600,450,true],"1536x1536":["https:\/\/www.perunaltracitta.org\/wp-content\/uploads\/2015\/11\/capponi-okk.jpg",1536,1152,false],"2048x2048":["https:\/\/www.perunaltracitta.org\/wp-content\/uploads\/2015\/11\/capponi-okk.jpg",2048,1536,false],"mailpoet_newsletter_max":["https:\/\/www.perunaltracitta.org\/wp-content\/uploads\/2015\/11\/capponi-okk.jpg",1320,990,false],"yarpp-thumbnail":["https:\/\/www.perunaltracitta.org\/wp-content\/uploads\/2015\/11\/capponi-okk.jpg",120,90,false]},"uagb_author_info":{"display_name":"Machiavelli Capponi","author_link":"https:\/\/www.perunaltracitta.org\/homepage\/author\/machiavellicapponi\/"},"uagb_comment_info":0,"uagb_excerpt":"All\u2019attenzione della Preside, dei professori, del personale ATA e degli organi competenti All\u2019attenzione di tutti gli studenti Dal 2011, dopo l\u2019ultima occupazione che questa scuola ha visto, il collettivo ha intrapreso un percorso di crescita comune, in cui ha lavorato con seriet\u00e0 per conquistare rispettabilit\u00e0 e pace. Ci siamo resi conto che non era colpa&hellip;","_links":{"self":[{"href":"https:\/\/www.perunaltracitta.org\/homepage\/wp-json\/wp\/v2\/posts\/4869","targetHints":{"allow":["GET"]}}],"collection":[{"href":"https:\/\/www.perunaltracitta.org\/homepage\/wp-json\/wp\/v2\/posts"}],"about":[{"href":"https:\/\/www.perunaltracitta.org\/homepage\/wp-json\/wp\/v2\/types\/post"}],"author":[{"embeddable":true,"href":"https:\/\/www.perunaltracitta.org\/homepage\/wp-json\/wp\/v2\/users\/38"}],"replies":[{"embeddable":true,"href":"https:\/\/www.perunaltracitta.org\/homepage\/wp-json\/wp\/v2\/comments?post=4869"}],"version-history":[{"count":2,"href":"https:\/\/www.perunaltracitta.org\/homepage\/wp-json\/wp\/v2\/posts\/4869\/revisions"}],"predecessor-version":[{"id":4872,"href":"https:\/\/www.perunaltracitta.org\/homepage\/wp-json\/wp\/v2\/posts\/4869\/revisions\/4872"}],"wp:featuredmedia":[{"embeddable":true,"href":"https:\/\/www.perunaltracitta.org\/homepage\/wp-json\/wp\/v2\/media\/4871"}],"wp:attachment":[{"href":"https:\/\/www.perunaltracitta.org\/homepage\/wp-json\/wp\/v2\/media?parent=4869"}],"wp:term":[{"taxonomy":"category","embeddable":true,"href":"https:\/\/www.perunaltracitta.org\/homepage\/wp-json\/wp\/v2\/categories?post=4869"},{"taxonomy":"post_tag","embeddable":true,"href":"https:\/\/www.perunaltracitta.org\/homepage\/wp-json\/wp\/v2\/tags?post=4869"}],"curies":[{"name":"wp","href":"https:\/\/api.w.org\/{rel}","templated":true}]}}