{"id":4874,"date":"2015-11-12T14:26:59","date_gmt":"2015-11-12T13:26:59","guid":{"rendered":"http:\/\/www.perunaltracitta.org\/?p=4874"},"modified":"2017-12-19T16:38:54","modified_gmt":"2017-12-19T15:38:54","slug":"il-gioco-delle-tre-carte","status":"publish","type":"post","link":"https:\/\/www.perunaltracitta.org\/homepage\/2015\/11\/12\/il-gioco-delle-tre-carte\/","title":{"rendered":"Ataf e il gioco delle tre carte"},"content":{"rendered":"<p>In un momento di crisi in cui si registrano solo tagli al Trasporto Pubblico Locale, ci \u201csuona strano\u201d sentir parlare di disponibilit\u00e0 economica per 600 mila euro da parte del Comune di Firenze e della citt\u00e0 Metropolitana per \u201cmigliorare il servizio\u201d di trasporto collettivo, giunto ormai a livelli di disorganizzazione mai visti prima e indegni per una citt\u00e0 ammirata e visitata da milioni di persone.<br \/>\n<a href=\"http:\/\/www.perunaltracitta.org\/wp-content\/uploads\/2015\/11\/ataf.jpg\"><img loading=\"lazy\" decoding=\"async\" class=\"size-medium wp-image-4876 alignleft\" src=\"http:\/\/www.perunaltracitta.org\/wp-content\/uploads\/2015\/11\/ataf-300x225.jpg\" alt=\"ataf\" width=\"300\" height=\"225\" srcset=\"https:\/\/www.perunaltracitta.org\/wp-content\/uploads\/2015\/11\/ataf-300x225.jpg 300w, https:\/\/www.perunaltracitta.org\/wp-content\/uploads\/2015\/11\/ataf-768x576.jpg 768w, https:\/\/www.perunaltracitta.org\/wp-content\/uploads\/2015\/11\/ataf-1024x768.jpg 1024w, https:\/\/www.perunaltracitta.org\/wp-content\/uploads\/2015\/11\/ataf-600x450.jpg 600w\" sizes=\"auto, (max-width: 300px) 100vw, 300px\" \/><\/a>Sappiamo benissimo che la Politica, quando vuole, \u00e8 capace di trovare risorse ma siamo purtroppo altrettanto abituati a veder soldi pubblici spesi a favore di interessi privati al punto che dubitando \u00e8 facile azzeccarci.<br \/>\nNell&#8217;incontro del 5 novembre u.s. in Prefettura alla presenza del vice prefetto, dell&#8217;assessore alla mobilit\u00e0, del dirigente della citt\u00e0 metropolitana e di tutti i sindacati Ataf, \u00e8 emerso un quadro alquanto anomalo nel vedere un rappresentante dell&#8217;amministrazione comunale insistere per far accettare ai sindacati un accordo per poter mettere a disposizione la cospicua cifra di 600.000 \u20ac.<br \/>\n\u00c8 vero che spesso i sindacati confondono le trattative come un gioco al rialzo, ma stavolta accettare questo accordo poteva configurarsi come complicit\u00e0 nei confronti di chi destina soldi pubblici, ovvero denari di tutti i cittadini, per coprire delle mancanze a cui il gestore privato avrebbe dovuto invece sopperire a proprie spese.<br \/>\nUn accordo che, oltretutto, avrebbe \u201csalvato la faccia\u201d agli Enti Locali (mettendo i soldi) e alla Dirigenza Ataf (facendo assunzioni), pur nella consapevolezza che il servizio sarebbe rimasto ugualmente carente e scaricando le responsabilit\u00e0 sui soliti autisti.<br \/>\nDa quando Ataf \u00e8 stata privatizzata (dicembre 2012) il personale addetto alla guida \u00e8 calato da circa 1100 a circa 750 autisti pur continuando a svolgere lo stesso numero di chilometri di esercizio. Certo, ci tirano per il collo lavorando 39 ore piene senza nessun sconto pur essendo un lavoro usurante e lavoriamo ore che nemmeno ci vengono pagate quando smontiamo in ritardo, ma riuscire a coprire il servizio programmato con questo organico \u00e8<br \/>\nimpossibile.<br \/>\nDa un calcolo approssimativo, con i parametri lavorativi attuali, per svolgere il servizio previsto occorrerebbero almeno 65 autisti in pi\u00f9.\u00a0 65 autisti mai assunti che ogni giorno mancano con i loro autobus sulle linee urbane: un<br \/>\nbus sulla linea 12, due bus sul 14, un altro qui, altri due l\u00e0 ecc.ecc<br \/>\nSi fa presto in questo modo a risanare i bilanci.<br \/>\nNoi Cobas lo abbiamo sempre detto che non si pu\u00f2 e non si deve trarre profitto da un bene comune ma qui stanno andando oltre, perch\u00e9 in aggiunta al profitto,\u00a0 \u201cingenuamente\u201d mettono a disposizione risorse che non andranno ad aggiungersi al normale servizio programmato gi\u00e0 pagato dall&#8217;ente pubblico, ma andranno a rimpinguare l&#8217;incompleto organico a cui avrebbe dovuto provvedere il gestore privato con i suoi soldi.<br \/>\nFacile quindi fare l&#8217;imprenditore privato con i soldi pubblici travestiti da \u201cnuovi servizi aggiuntivi\u201d. Tanto, pensano, chi se ne accorge.<br \/>\nFirenze 10 novembre 2015<\/p>\n<p style=\"text-align: right;\"><strong>*Cobas Ataf Lavoro privato &#8211; \u00a0Confederazione Cobas Ataf<\/strong><br \/>\nhttp:\/\/cobasataf.org,\u00a0<span style=\"line-height: 1.5;\">e-mail: cobas.ataf@inwind.it<\/span><\/p>\n","protected":false},"excerpt":{"rendered":"<p>In un momento di crisi in cui si registrano solo tagli al Trasporto Pubblico Locale, ci \u201csuona strano\u201d sentir parlare di disponibilit\u00e0 economica per 600 mila euro da parte del Comune di Firenze e della citt\u00e0 Metropolitana per \u201cmigliorare il servizio\u201d di trasporto collettivo, giunto ormai a livelli di disorganizzazione mai visti prima e indegni &hellip;<\/p>\n<p class=\"read-more\"> <a class=\"\" href=\"https:\/\/www.perunaltracitta.org\/homepage\/2015\/11\/12\/il-gioco-delle-tre-carte\/\"> <span class=\"screen-reader-text\">Ataf e il gioco delle tre carte<\/span> Leggi altro &raquo;<\/a><\/p>\n","protected":false},"author":92,"featured_media":4876,"comment_status":"open","ping_status":"open","sticky":false,"template":"","format":"standard","meta":{"_uag_custom_page_level_css":"","site-sidebar-layout":"default","site-content-layout":"default","ast-global-header-display":"","ast-main-header-display":"","ast-hfb-above-header-display":"","ast-hfb-below-header-display":"","ast-hfb-mobile-header-display":"","site-post-title":"","ast-breadcrumbs-content":"","ast-featured-img":"","footer-sml-layout":"","theme-transparent-header-meta":"","adv-header-id-meta":"","stick-header-meta":"","header-above-stick-meta":"","header-main-stick-meta":"","header-below-stick-meta":"","footnotes":""},"categories":[41],"tags":[],"class_list":["post-4874","post","type-post","status-publish","format-standard","has-post-thumbnail","hentry","category-la-citta-invisibile"],"yoast_head":"<!-- This site is optimized with the Yoast SEO plugin v25.1 - https:\/\/yoast.com\/wordpress\/plugins\/seo\/ -->\n<title>Ataf e il gioco delle tre carte - La Citt\u00e0 invisibile | perUnaltracitt\u00e0 | Firenze<\/title>\n<meta name=\"robots\" content=\"index, follow, max-snippet:-1, max-image-preview:large, max-video-preview:-1\" \/>\n<link rel=\"canonical\" href=\"https:\/\/www.perunaltracitta.org\/homepage\/2015\/11\/12\/il-gioco-delle-tre-carte\/\" \/>\n<meta property=\"og:locale\" content=\"it_IT\" \/>\n<meta property=\"og:type\" content=\"article\" \/>\n<meta property=\"og:title\" content=\"Ataf e il gioco delle tre carte - La Citt\u00e0 invisibile | perUnaltracitt\u00e0 | Firenze\" \/>\n<meta property=\"og:description\" content=\"In un momento di crisi in cui si registrano solo tagli al Trasporto Pubblico Locale, ci \u201csuona strano\u201d sentir parlare di disponibilit\u00e0 economica per 600 mila euro da parte del Comune di Firenze e della citt\u00e0 Metropolitana per \u201cmigliorare il servizio\u201d di trasporto collettivo, giunto ormai a livelli di disorganizzazione mai visti prima e indegni &hellip; Ataf e il gioco delle tre carte Leggi altro &raquo;\" \/>\n<meta property=\"og:url\" content=\"https:\/\/www.perunaltracitta.org\/homepage\/2015\/11\/12\/il-gioco-delle-tre-carte\/\" \/>\n<meta property=\"og:site_name\" content=\"La Citt\u00e0 invisibile | perUnaltracitt\u00e0 | Firenze\" \/>\n<meta property=\"article:publisher\" content=\"https:\/\/www.facebook.com\/perunaltracitta\" \/>\n<meta property=\"article:published_time\" content=\"2015-11-12T13:26:59+00:00\" \/>\n<meta property=\"article:modified_time\" content=\"2017-12-19T15:38:54+00:00\" \/>\n<meta property=\"og:image\" content=\"https:\/\/www.perunaltracitta.org\/wp-content\/uploads\/2015\/11\/ataf.jpg\" \/>\n\t<meta property=\"og:image:width\" content=\"2592\" \/>\n\t<meta property=\"og:image:height\" content=\"1944\" \/>\n\t<meta property=\"og:image:type\" content=\"image\/jpeg\" \/>\n<meta name=\"author\" content=\"Cobas Ataf\" \/>\n<meta name=\"twitter:card\" content=\"summary_large_image\" \/>\n<meta name=\"twitter:creator\" content=\"@perunaltracitta\" \/>\n<meta name=\"twitter:site\" content=\"@perunaltracitta\" \/>\n<meta name=\"twitter:label1\" content=\"Scritto da\" \/>\n\t<meta name=\"twitter:data1\" content=\"Cobas Ataf\" \/>\n\t<meta name=\"twitter:label2\" content=\"Tempo di lettura stimato\" \/>\n\t<meta name=\"twitter:data2\" content=\"2 minuti\" \/>\n<script type=\"application\/ld+json\" class=\"yoast-schema-graph\">{\"@context\":\"https:\/\/schema.org\",\"@graph\":[{\"@type\":\"Article\",\"@id\":\"https:\/\/www.perunaltracitta.org\/homepage\/2015\/11\/12\/il-gioco-delle-tre-carte\/#article\",\"isPartOf\":{\"@id\":\"https:\/\/www.perunaltracitta.org\/homepage\/2015\/11\/12\/il-gioco-delle-tre-carte\/\"},\"author\":{\"name\":\"Cobas Ataf\",\"@id\":\"https:\/\/www.perunaltracitta.org\/homepage\/#\/schema\/person\/088323a7f58304564d96c7c98b7b6cde\"},\"headline\":\"Ataf e il gioco delle tre carte\",\"datePublished\":\"2015-11-12T13:26:59+00:00\",\"dateModified\":\"2017-12-19T15:38:54+00:00\",\"mainEntityOfPage\":{\"@id\":\"https:\/\/www.perunaltracitta.org\/homepage\/2015\/11\/12\/il-gioco-delle-tre-carte\/\"},\"wordCount\":475,\"commentCount\":0,\"publisher\":{\"@id\":\"https:\/\/www.perunaltracitta.org\/homepage\/#organization\"},\"image\":{\"@id\":\"https:\/\/www.perunaltracitta.org\/homepage\/2015\/11\/12\/il-gioco-delle-tre-carte\/#primaryimage\"},\"thumbnailUrl\":\"https:\/\/www.perunaltracitta.org\/wp-content\/uploads\/2015\/11\/ataf.jpg\",\"articleSection\":[\"La Citt\u00e0 invisibile\"],\"inLanguage\":\"it-IT\",\"potentialAction\":[{\"@type\":\"CommentAction\",\"name\":\"Comment\",\"target\":[\"https:\/\/www.perunaltracitta.org\/homepage\/2015\/11\/12\/il-gioco-delle-tre-carte\/#respond\"]}]},{\"@type\":\"WebPage\",\"@id\":\"https:\/\/www.perunaltracitta.org\/homepage\/2015\/11\/12\/il-gioco-delle-tre-carte\/\",\"url\":\"https:\/\/www.perunaltracitta.org\/homepage\/2015\/11\/12\/il-gioco-delle-tre-carte\/\",\"name\":\"Ataf e il gioco delle tre carte - La Citt\u00e0 invisibile | perUnaltracitt\u00e0 | Firenze\",\"isPartOf\":{\"@id\":\"https:\/\/www.perunaltracitta.org\/homepage\/#website\"},\"primaryImageOfPage\":{\"@id\":\"https:\/\/www.perunaltracitta.org\/homepage\/2015\/11\/12\/il-gioco-delle-tre-carte\/#primaryimage\"},\"image\":{\"@id\":\"https:\/\/www.perunaltracitta.org\/homepage\/2015\/11\/12\/il-gioco-delle-tre-carte\/#primaryimage\"},\"thumbnailUrl\":\"https:\/\/www.perunaltracitta.org\/wp-content\/uploads\/2015\/11\/ataf.jpg\",\"datePublished\":\"2015-11-12T13:26:59+00:00\",\"dateModified\":\"2017-12-19T15:38:54+00:00\",\"breadcrumb\":{\"@id\":\"https:\/\/www.perunaltracitta.org\/homepage\/2015\/11\/12\/il-gioco-delle-tre-carte\/#breadcrumb\"},\"inLanguage\":\"it-IT\",\"potentialAction\":[{\"@type\":\"ReadAction\",\"target\":[\"https:\/\/www.perunaltracitta.org\/homepage\/2015\/11\/12\/il-gioco-delle-tre-carte\/\"]}]},{\"@type\":\"ImageObject\",\"inLanguage\":\"it-IT\",\"@id\":\"https:\/\/www.perunaltracitta.org\/homepage\/2015\/11\/12\/il-gioco-delle-tre-carte\/#primaryimage\",\"url\":\"https:\/\/www.perunaltracitta.org\/wp-content\/uploads\/2015\/11\/ataf.jpg\",\"contentUrl\":\"https:\/\/www.perunaltracitta.org\/wp-content\/uploads\/2015\/11\/ataf.jpg\",\"width\":2592,\"height\":1944},{\"@type\":\"BreadcrumbList\",\"@id\":\"https:\/\/www.perunaltracitta.org\/homepage\/2015\/11\/12\/il-gioco-delle-tre-carte\/#breadcrumb\",\"itemListElement\":[{\"@type\":\"ListItem\",\"position\":1,\"name\":\"Home\",\"item\":\"https:\/\/www.perunaltracitta.org\/homepage\/\"},{\"@type\":\"ListItem\",\"position\":2,\"name\":\"Ataf e il gioco delle tre carte\"}]},{\"@type\":\"WebSite\",\"@id\":\"https:\/\/www.perunaltracitta.org\/homepage\/#website\",\"url\":\"https:\/\/www.perunaltracitta.org\/homepage\/\",\"name\":\"La Citt\u00e0 invisibile | perUnaltracitt\u00e0 | Firenze\",\"description\":\"Voci oltre il pensiero unico\",\"publisher\":{\"@id\":\"https:\/\/www.perunaltracitta.org\/homepage\/#organization\"},\"potentialAction\":[{\"@type\":\"SearchAction\",\"target\":{\"@type\":\"EntryPoint\",\"urlTemplate\":\"https:\/\/www.perunaltracitta.org\/homepage\/?s={search_term_string}\"},\"query-input\":{\"@type\":\"PropertyValueSpecification\",\"valueRequired\":true,\"valueName\":\"search_term_string\"}}],\"inLanguage\":\"it-IT\"},{\"@type\":\"Organization\",\"@id\":\"https:\/\/www.perunaltracitta.org\/homepage\/#organization\",\"name\":\"perUnaltracitt\u00e0 - laboratorio politico Firenze\",\"url\":\"https:\/\/www.perunaltracitta.org\/homepage\/\",\"logo\":{\"@type\":\"ImageObject\",\"inLanguage\":\"it-IT\",\"@id\":\"https:\/\/www.perunaltracitta.org\/homepage\/#\/schema\/logo\/image\/\",\"url\":\"https:\/\/www.perunaltracitta.org\/wp-content\/uploads\/2025\/11\/Original-on-Transparent-Copia-af-1.png\",\"contentUrl\":\"https:\/\/www.perunaltracitta.org\/wp-content\/uploads\/2025\/11\/Original-on-Transparent-Copia-af-1.png\",\"width\":600,\"height\":153,\"caption\":\"perUnaltracitt\u00e0 - laboratorio politico Firenze\"},\"image\":{\"@id\":\"https:\/\/www.perunaltracitta.org\/homepage\/#\/schema\/logo\/image\/\"},\"sameAs\":[\"https:\/\/www.facebook.com\/perunaltracitta\",\"https:\/\/x.com\/perunaltracitta\"]},{\"@type\":\"Person\",\"@id\":\"https:\/\/www.perunaltracitta.org\/homepage\/#\/schema\/person\/088323a7f58304564d96c7c98b7b6cde\",\"name\":\"Cobas Ataf\",\"image\":{\"@type\":\"ImageObject\",\"inLanguage\":\"it-IT\",\"@id\":\"https:\/\/www.perunaltracitta.org\/homepage\/#\/schema\/person\/image\/\",\"url\":\"https:\/\/www.perunaltracitta.org\/wp-content\/uploads\/2015\/03\/cobas-ataf-96x96.png\",\"contentUrl\":\"https:\/\/www.perunaltracitta.org\/wp-content\/uploads\/2015\/03\/cobas-ataf-96x96.png\",\"caption\":\"Cobas Ataf\"},\"sameAs\":[\"http:\/\/cobasataf.org\"],\"url\":\"https:\/\/www.perunaltracitta.org\/homepage\/author\/cobasataf\/\"}]}<\/script>\n<!-- \/ Yoast SEO plugin. -->","yoast_head_json":{"title":"Ataf e il gioco delle tre carte - La Citt\u00e0 invisibile | perUnaltracitt\u00e0 | Firenze","robots":{"index":"index","follow":"follow","max-snippet":"max-snippet:-1","max-image-preview":"max-image-preview:large","max-video-preview":"max-video-preview:-1"},"canonical":"https:\/\/www.perunaltracitta.org\/homepage\/2015\/11\/12\/il-gioco-delle-tre-carte\/","og_locale":"it_IT","og_type":"article","og_title":"Ataf e il gioco delle tre carte - La Citt\u00e0 invisibile | perUnaltracitt\u00e0 | Firenze","og_description":"In un momento di crisi in cui si registrano solo tagli al Trasporto Pubblico Locale, ci \u201csuona strano\u201d sentir parlare di disponibilit\u00e0 economica per 600 mila euro da parte del Comune di Firenze e della citt\u00e0 Metropolitana per \u201cmigliorare il servizio\u201d di trasporto collettivo, giunto ormai a livelli di disorganizzazione mai visti prima e indegni &hellip; Ataf e il gioco delle tre carte Leggi altro &raquo;","og_url":"https:\/\/www.perunaltracitta.org\/homepage\/2015\/11\/12\/il-gioco-delle-tre-carte\/","og_site_name":"La Citt\u00e0 invisibile | perUnaltracitt\u00e0 | Firenze","article_publisher":"https:\/\/www.facebook.com\/perunaltracitta","article_published_time":"2015-11-12T13:26:59+00:00","article_modified_time":"2017-12-19T15:38:54+00:00","og_image":[{"width":2592,"height":1944,"url":"https:\/\/www.perunaltracitta.org\/wp-content\/uploads\/2015\/11\/ataf.jpg","type":"image\/jpeg"}],"author":"Cobas Ataf","twitter_card":"summary_large_image","twitter_creator":"@perunaltracitta","twitter_site":"@perunaltracitta","twitter_misc":{"Scritto da":"Cobas Ataf","Tempo di lettura stimato":"2 minuti"},"schema":{"@context":"https:\/\/schema.org","@graph":[{"@type":"Article","@id":"https:\/\/www.perunaltracitta.org\/homepage\/2015\/11\/12\/il-gioco-delle-tre-carte\/#article","isPartOf":{"@id":"https:\/\/www.perunaltracitta.org\/homepage\/2015\/11\/12\/il-gioco-delle-tre-carte\/"},"author":{"name":"Cobas Ataf","@id":"https:\/\/www.perunaltracitta.org\/homepage\/#\/schema\/person\/088323a7f58304564d96c7c98b7b6cde"},"headline":"Ataf e il gioco delle tre carte","datePublished":"2015-11-12T13:26:59+00:00","dateModified":"2017-12-19T15:38:54+00:00","mainEntityOfPage":{"@id":"https:\/\/www.perunaltracitta.org\/homepage\/2015\/11\/12\/il-gioco-delle-tre-carte\/"},"wordCount":475,"commentCount":0,"publisher":{"@id":"https:\/\/www.perunaltracitta.org\/homepage\/#organization"},"image":{"@id":"https:\/\/www.perunaltracitta.org\/homepage\/2015\/11\/12\/il-gioco-delle-tre-carte\/#primaryimage"},"thumbnailUrl":"https:\/\/www.perunaltracitta.org\/wp-content\/uploads\/2015\/11\/ataf.jpg","articleSection":["La Citt\u00e0 invisibile"],"inLanguage":"it-IT","potentialAction":[{"@type":"CommentAction","name":"Comment","target":["https:\/\/www.perunaltracitta.org\/homepage\/2015\/11\/12\/il-gioco-delle-tre-carte\/#respond"]}]},{"@type":"WebPage","@id":"https:\/\/www.perunaltracitta.org\/homepage\/2015\/11\/12\/il-gioco-delle-tre-carte\/","url":"https:\/\/www.perunaltracitta.org\/homepage\/2015\/11\/12\/il-gioco-delle-tre-carte\/","name":"Ataf e il gioco delle tre carte - La Citt\u00e0 invisibile | perUnaltracitt\u00e0 | Firenze","isPartOf":{"@id":"https:\/\/www.perunaltracitta.org\/homepage\/#website"},"primaryImageOfPage":{"@id":"https:\/\/www.perunaltracitta.org\/homepage\/2015\/11\/12\/il-gioco-delle-tre-carte\/#primaryimage"},"image":{"@id":"https:\/\/www.perunaltracitta.org\/homepage\/2015\/11\/12\/il-gioco-delle-tre-carte\/#primaryimage"},"thumbnailUrl":"https:\/\/www.perunaltracitta.org\/wp-content\/uploads\/2015\/11\/ataf.jpg","datePublished":"2015-11-12T13:26:59+00:00","dateModified":"2017-12-19T15:38:54+00:00","breadcrumb":{"@id":"https:\/\/www.perunaltracitta.org\/homepage\/2015\/11\/12\/il-gioco-delle-tre-carte\/#breadcrumb"},"inLanguage":"it-IT","potentialAction":[{"@type":"ReadAction","target":["https:\/\/www.perunaltracitta.org\/homepage\/2015\/11\/12\/il-gioco-delle-tre-carte\/"]}]},{"@type":"ImageObject","inLanguage":"it-IT","@id":"https:\/\/www.perunaltracitta.org\/homepage\/2015\/11\/12\/il-gioco-delle-tre-carte\/#primaryimage","url":"https:\/\/www.perunaltracitta.org\/wp-content\/uploads\/2015\/11\/ataf.jpg","contentUrl":"https:\/\/www.perunaltracitta.org\/wp-content\/uploads\/2015\/11\/ataf.jpg","width":2592,"height":1944},{"@type":"BreadcrumbList","@id":"https:\/\/www.perunaltracitta.org\/homepage\/2015\/11\/12\/il-gioco-delle-tre-carte\/#breadcrumb","itemListElement":[{"@type":"ListItem","position":1,"name":"Home","item":"https:\/\/www.perunaltracitta.org\/homepage\/"},{"@type":"ListItem","position":2,"name":"Ataf e il gioco delle tre carte"}]},{"@type":"WebSite","@id":"https:\/\/www.perunaltracitta.org\/homepage\/#website","url":"https:\/\/www.perunaltracitta.org\/homepage\/","name":"La Citt\u00e0 invisibile | perUnaltracitt\u00e0 | Firenze","description":"Voci oltre il pensiero unico","publisher":{"@id":"https:\/\/www.perunaltracitta.org\/homepage\/#organization"},"potentialAction":[{"@type":"SearchAction","target":{"@type":"EntryPoint","urlTemplate":"https:\/\/www.perunaltracitta.org\/homepage\/?s={search_term_string}"},"query-input":{"@type":"PropertyValueSpecification","valueRequired":true,"valueName":"search_term_string"}}],"inLanguage":"it-IT"},{"@type":"Organization","@id":"https:\/\/www.perunaltracitta.org\/homepage\/#organization","name":"perUnaltracitt\u00e0 - laboratorio politico Firenze","url":"https:\/\/www.perunaltracitta.org\/homepage\/","logo":{"@type":"ImageObject","inLanguage":"it-IT","@id":"https:\/\/www.perunaltracitta.org\/homepage\/#\/schema\/logo\/image\/","url":"https:\/\/www.perunaltracitta.org\/wp-content\/uploads\/2025\/11\/Original-on-Transparent-Copia-af-1.png","contentUrl":"https:\/\/www.perunaltracitta.org\/wp-content\/uploads\/2025\/11\/Original-on-Transparent-Copia-af-1.png","width":600,"height":153,"caption":"perUnaltracitt\u00e0 - laboratorio politico Firenze"},"image":{"@id":"https:\/\/www.perunaltracitta.org\/homepage\/#\/schema\/logo\/image\/"},"sameAs":["https:\/\/www.facebook.com\/perunaltracitta","https:\/\/x.com\/perunaltracitta"]},{"@type":"Person","@id":"https:\/\/www.perunaltracitta.org\/homepage\/#\/schema\/person\/088323a7f58304564d96c7c98b7b6cde","name":"Cobas Ataf","image":{"@type":"ImageObject","inLanguage":"it-IT","@id":"https:\/\/www.perunaltracitta.org\/homepage\/#\/schema\/person\/image\/","url":"https:\/\/www.perunaltracitta.org\/wp-content\/uploads\/2015\/03\/cobas-ataf-96x96.png","contentUrl":"https:\/\/www.perunaltracitta.org\/wp-content\/uploads\/2015\/03\/cobas-ataf-96x96.png","caption":"Cobas Ataf"},"sameAs":["http:\/\/cobasataf.org"],"url":"https:\/\/www.perunaltracitta.org\/homepage\/author\/cobasataf\/"}]}},"uagb_featured_image_src":{"full":["https:\/\/www.perunaltracitta.org\/wp-content\/uploads\/2015\/11\/ataf.jpg",2592,1944,false],"thumbnail":["https:\/\/www.perunaltracitta.org\/wp-content\/uploads\/2015\/11\/ataf-150x150.jpg",150,150,true],"medium":["https:\/\/www.perunaltracitta.org\/wp-content\/uploads\/2015\/11\/ataf-300x225.jpg",300,225,true],"medium_large":["https:\/\/www.perunaltracitta.org\/wp-content\/uploads\/2015\/11\/ataf-768x576.jpg",768,576,true],"large":["https:\/\/www.perunaltracitta.org\/wp-content\/uploads\/2015\/11\/ataf-1024x768.jpg",1024,768,true],"wysija-newsletters-max":["https:\/\/www.perunaltracitta.org\/wp-content\/uploads\/2015\/11\/ataf-600x450.jpg",600,450,true],"1536x1536":["https:\/\/www.perunaltracitta.org\/wp-content\/uploads\/2015\/11\/ataf.jpg",1536,1152,false],"2048x2048":["https:\/\/www.perunaltracitta.org\/wp-content\/uploads\/2015\/11\/ataf.jpg",2048,1536,false],"mailpoet_newsletter_max":["https:\/\/www.perunaltracitta.org\/wp-content\/uploads\/2015\/11\/ataf.jpg",1320,990,false],"yarpp-thumbnail":["https:\/\/www.perunaltracitta.org\/wp-content\/uploads\/2015\/11\/ataf.jpg",120,90,false]},"uagb_author_info":{"display_name":"Cobas Ataf","author_link":"https:\/\/www.perunaltracitta.org\/homepage\/author\/cobasataf\/"},"uagb_comment_info":0,"uagb_excerpt":"In un momento di crisi in cui si registrano solo tagli al Trasporto Pubblico Locale, ci \u201csuona strano\u201d sentir parlare di disponibilit\u00e0 economica per 600 mila euro da parte del Comune di Firenze e della citt\u00e0 Metropolitana per \u201cmigliorare il servizio\u201d di trasporto collettivo, giunto ormai a livelli di disorganizzazione mai visti prima e indegni&hellip;","_links":{"self":[{"href":"https:\/\/www.perunaltracitta.org\/homepage\/wp-json\/wp\/v2\/posts\/4874","targetHints":{"allow":["GET"]}}],"collection":[{"href":"https:\/\/www.perunaltracitta.org\/homepage\/wp-json\/wp\/v2\/posts"}],"about":[{"href":"https:\/\/www.perunaltracitta.org\/homepage\/wp-json\/wp\/v2\/types\/post"}],"author":[{"embeddable":true,"href":"https:\/\/www.perunaltracitta.org\/homepage\/wp-json\/wp\/v2\/users\/92"}],"replies":[{"embeddable":true,"href":"https:\/\/www.perunaltracitta.org\/homepage\/wp-json\/wp\/v2\/comments?post=4874"}],"version-history":[{"count":5,"href":"https:\/\/www.perunaltracitta.org\/homepage\/wp-json\/wp\/v2\/posts\/4874\/revisions"}],"predecessor-version":[{"id":4883,"href":"https:\/\/www.perunaltracitta.org\/homepage\/wp-json\/wp\/v2\/posts\/4874\/revisions\/4883"}],"wp:featuredmedia":[{"embeddable":true,"href":"https:\/\/www.perunaltracitta.org\/homepage\/wp-json\/wp\/v2\/media\/4876"}],"wp:attachment":[{"href":"https:\/\/www.perunaltracitta.org\/homepage\/wp-json\/wp\/v2\/media?parent=4874"}],"wp:term":[{"taxonomy":"category","embeddable":true,"href":"https:\/\/www.perunaltracitta.org\/homepage\/wp-json\/wp\/v2\/categories?post=4874"},{"taxonomy":"post_tag","embeddable":true,"href":"https:\/\/www.perunaltracitta.org\/homepage\/wp-json\/wp\/v2\/tags?post=4874"}],"curies":[{"name":"wp","href":"https:\/\/api.w.org\/{rel}","templated":true}]}}