{"id":4884,"date":"2015-11-13T09:05:51","date_gmt":"2015-11-13T08:05:51","guid":{"rendered":"http:\/\/www.perunaltracitta.org\/?p=4884"},"modified":"2017-12-19T16:38:58","modified_gmt":"2017-12-19T15:38:58","slug":"musei-supermanager-superpagati-ma-non-autosufficienti","status":"publish","type":"post","link":"https:\/\/www.perunaltracitta.org\/homepage\/2015\/11\/13\/musei-supermanager-superpagati-ma-non-autosufficienti\/","title":{"rendered":"Musei: supermanager superpagati ma non autosufficienti"},"content":{"rendered":"<p>Negli ultimi giorni il Ministero \u00e8 tornato a dedicarsi ai <strong>20 grandi musei affidati ai cos\u00ec detti manager<\/strong> e, essendosi accorto che con le strutture attualmente esistenti (e con cui noi sempre abbiamo dovuto portare avanti il nostro faticosissimo lavoro) nemmeno i supermanager sarebbero riusciti a fare quello che ci si aspettava da loro, ha predisposto <strong>sulla carta una nuova faraonica e sconclusionata previsione di organico<\/strong> che, ovviamente, non era possibile coprire n\u00e9 spostando il personale esistente da altri uffici e neppure con nuove veloci assunzioni.<\/p>\n<p>Non ci vuole molta fantasia, e gi\u00e0 lo si sapeva, a immaginare come sarebbero andate le cose: <strong>per i 20 supermusei sono stati creati in fretta e furia 10 gruppi di assistenza e consulenza a distanza su tutte le materie<\/strong> relative alla gestione di un museo, formati (per ora) da personale in parte del Ministero e in parte della societ\u00e0 ARCUS. Conclusione: <strong>abbiamo dei supermenager che ci costano assai pi\u00f9 dei vecchi direttori e che da soli non sono in grado di fare il loro mestiere,<\/strong> perch\u00e9 non sufficientemente addentro al sistema Italia, dal punto di vista giuridico, comunicativo, delle relazioni con il personale.<\/p>\n<p><a href=\"http:\/\/www.perunaltracitta.org\/wp-content\/uploads\/2015\/11\/archaeological-museum-florence4.jpg\"><img loading=\"lazy\" decoding=\"async\" class=\"alignleft size-medium wp-image-4885\" src=\"http:\/\/www.perunaltracitta.org\/wp-content\/uploads\/2015\/11\/archaeological-museum-florence4-300x224.jpg\" alt=\"archaeological-museum-florence4\" width=\"300\" height=\"224\" srcset=\"https:\/\/www.perunaltracitta.org\/wp-content\/uploads\/2015\/11\/archaeological-museum-florence4-300x224.jpg 300w, https:\/\/www.perunaltracitta.org\/wp-content\/uploads\/2015\/11\/archaeological-museum-florence4-600x448.jpg 600w, https:\/\/www.perunaltracitta.org\/wp-content\/uploads\/2015\/11\/archaeological-museum-florence4.jpg 640w\" sizes=\"auto, (max-width: 300px) 100vw, 300px\" \/><\/a>In buona sostanza questa riforma sta smontando pezzo per pezzo tutto l\u2019apparato pubblico relativo ai Beni culturali del nostro paese, che andava certamente riformato ma non azzerato. I criteri con cui il nostro Ministero mostra di muoversi sono i seguenti: <strong>ignoranza delle situazioni specifiche<\/strong> con conseguente spreco di tempo e denaro, <strong>capillare sostituzione del pubblico con il privato<\/strong> o con un pubblico strettamente legato ai voleri del Ministro stesso, dalle cui dirette mani riceve l\u2019incarico come il Vassallo dal suo Signore, <strong>libert\u00e0 da ogni vincolo normativo<\/strong> di cui sia possibile liberarsi e dal dovere di risponderne ai cittadini.<\/p>\n<p>Il tutto con la conseguenza di far sentire i cittadini sempre meno protetti da regole certe e giustificate in maniera trasparente, fondamento primo di uno stato democratico, mentre si moltiplica il sistema di <strong>elargire bonus e creare eventi per tutti<\/strong>. Se questo \u00e8 il nuovo che ci promette il nostro attuale Governo, dobbiamo sapere di cosa si tratta: panem et circenses.<\/p>\n<p>Nel frattempo la distruzione (chiamata riforma) della rete museale nazionale \u00e8 continuata anche per altre vie. Questa volta \u00e8 toccato ai <strong>musei raccolti nei Poli Museali Regionali<\/strong>, cio\u00e8 tutti i musei statali del territorio, ad esclusione dei 20 per cui il Ministero ha espletato un bando internazionale (a Firenze Uffizi, Accademia e Bargello). Per scegliere i direttori di questi musei, che il nostro Ministero ritiene di minore importanza e fra cui si pu\u00f2 ricordare <strong>in Toscana la Pinacoteca Nazionale di Siena, il museo di San Matteo a Pisa, il museo Archeologico di Firenze e di Arezzo e il museo di San Marco a Firenze,<\/strong> \u00e8 stato fatto un bando interno all\u2019Amministrazione stessa (il cos\u00ec detto \u201cinterpello\u201d), che avrebbe potuto essere espletato direttamente dal Soprintendente del Polo Museale Regionale.<\/p>\n<p>Il Ministero ha invece avocato a s\u00e9 il compito applicando, a quanto sembra, il principio della \u201crotazione\u201d, ovvero <strong>assumendo come titolo preferenziale non aver mai fatto il direttore di museo<\/strong> o averlo fatto assai limitatamente; si \u00e8 arrivati, col seguire questo criterio in modo rigido e senza avere il polso delle reali specifiche situazioni, a nominare funzionari vicinissimi alla pensione o in un caso addirittura andati gi\u00e0, nel frattempo, in pensione.<\/p>\n<p>Sono stati fatti <strong>accorpamenti privi di alcun nesso logico<\/strong> n\u00e9 sotto il profilo scientifico n\u00e9 sotto quello logistico e tali da rendere difficilissimo il lavoro del direttore preposto (le Ville Napoleoniche dell\u2019isola d\u2019Elba con la villa Medicea di Poggio a Caiano) ed \u00e8 stato buttato fuori a sei mesi dal pensionamento uno fra i funzionari pi\u00f9 competenti, attivi e generosi che questo Ministero abbia mai avuto in sorte (la dottoressa Magnolia Scudieri), atto che ha suscitato l\u2019incredula indignazione non solo di tutti gli amici e i colleghi, ma anche di quelle Istituzioni ed Enti Italiani e stranieri che in tanti anni ne avevano seguito, condiviso e apprezzato l\u2019attivit\u00e0. Minando cos\u00ec la nostra credibilit\u00e0 culturale all&#8217;estero.<\/p>\n<p style=\"text-align: right;\"><strong>*Franca Falletti, storica dell&#8217;arte, ha diretto per anni il museo dell&#8217;Accademia di Firenze<\/strong><\/p>\n","protected":false},"excerpt":{"rendered":"<p>Negli ultimi giorni il Ministero \u00e8 tornato a dedicarsi ai 20 grandi musei affidati ai cos\u00ec detti manager e, essendosi accorto che con le strutture attualmente esistenti (e con cui noi sempre abbiamo dovuto portare avanti il nostro faticosissimo lavoro) nemmeno i supermanager sarebbero riusciti a fare quello che ci si aspettava da loro, ha &hellip;<\/p>\n<p class=\"read-more\"> <a class=\"\" href=\"https:\/\/www.perunaltracitta.org\/homepage\/2015\/11\/13\/musei-supermanager-superpagati-ma-non-autosufficienti\/\"> <span class=\"screen-reader-text\">Musei: supermanager superpagati ma non autosufficienti<\/span> Leggi altro &raquo;<\/a><\/p>\n","protected":false},"author":30,"featured_media":4885,"comment_status":"open","ping_status":"open","sticky":false,"template":"","format":"standard","meta":{"_uag_custom_page_level_css":"","site-sidebar-layout":"default","site-content-layout":"default","ast-global-header-display":"","ast-main-header-display":"","ast-hfb-above-header-display":"","ast-hfb-below-header-display":"","ast-hfb-mobile-header-display":"","site-post-title":"","ast-breadcrumbs-content":"","ast-featured-img":"","footer-sml-layout":"","theme-transparent-header-meta":"","adv-header-id-meta":"","stick-header-meta":"","header-above-stick-meta":"","header-main-stick-meta":"","header-below-stick-meta":"","footnotes":""},"categories":[60,41],"tags":[],"class_list":["post-4884","post","type-post","status-publish","format-standard","has-post-thumbnail","hentry","category-culturasiculturano","category-la-citta-invisibile"],"yoast_head":"<!-- This site is optimized with the Yoast SEO plugin v25.1 - https:\/\/yoast.com\/wordpress\/plugins\/seo\/ -->\n<title>Musei: supermanager superpagati ma non autosufficienti - La Citt\u00e0 invisibile | perUnaltracitt\u00e0 | Firenze<\/title>\n<meta name=\"robots\" content=\"index, follow, max-snippet:-1, max-image-preview:large, max-video-preview:-1\" \/>\n<link rel=\"canonical\" href=\"https:\/\/www.perunaltracitta.org\/homepage\/2015\/11\/13\/musei-supermanager-superpagati-ma-non-autosufficienti\/\" \/>\n<meta property=\"og:locale\" content=\"it_IT\" \/>\n<meta property=\"og:type\" content=\"article\" \/>\n<meta property=\"og:title\" content=\"Musei: supermanager superpagati ma non autosufficienti - La Citt\u00e0 invisibile | perUnaltracitt\u00e0 | Firenze\" \/>\n<meta property=\"og:description\" content=\"Negli ultimi giorni il Ministero \u00e8 tornato a dedicarsi ai 20 grandi musei affidati ai cos\u00ec detti manager e, essendosi accorto che con le strutture attualmente esistenti (e con cui noi sempre abbiamo dovuto portare avanti il nostro faticosissimo lavoro) nemmeno i supermanager sarebbero riusciti a fare quello che ci si aspettava da loro, ha &hellip; Musei: supermanager superpagati ma non autosufficienti Leggi altro &raquo;\" \/>\n<meta property=\"og:url\" content=\"https:\/\/www.perunaltracitta.org\/homepage\/2015\/11\/13\/musei-supermanager-superpagati-ma-non-autosufficienti\/\" \/>\n<meta property=\"og:site_name\" content=\"La Citt\u00e0 invisibile | perUnaltracitt\u00e0 | Firenze\" \/>\n<meta property=\"article:publisher\" content=\"https:\/\/www.facebook.com\/perunaltracitta\" \/>\n<meta property=\"article:published_time\" content=\"2015-11-13T08:05:51+00:00\" \/>\n<meta property=\"article:modified_time\" content=\"2017-12-19T15:38:58+00:00\" \/>\n<meta property=\"og:image\" content=\"https:\/\/www.perunaltracitta.org\/wp-content\/uploads\/2015\/11\/archaeological-museum-florence4.jpg\" \/>\n\t<meta property=\"og:image:width\" content=\"640\" \/>\n\t<meta property=\"og:image:height\" content=\"478\" \/>\n\t<meta property=\"og:image:type\" content=\"image\/jpeg\" \/>\n<meta name=\"author\" content=\"Franca Falletti\" \/>\n<meta name=\"twitter:card\" content=\"summary_large_image\" \/>\n<meta name=\"twitter:creator\" content=\"@perunaltracitta\" \/>\n<meta name=\"twitter:site\" content=\"@perunaltracitta\" \/>\n<meta name=\"twitter:label1\" content=\"Scritto da\" \/>\n\t<meta name=\"twitter:data1\" content=\"Franca Falletti\" \/>\n\t<meta name=\"twitter:label2\" content=\"Tempo di lettura stimato\" \/>\n\t<meta name=\"twitter:data2\" content=\"3 minuti\" \/>\n<script type=\"application\/ld+json\" class=\"yoast-schema-graph\">{\"@context\":\"https:\/\/schema.org\",\"@graph\":[{\"@type\":\"Article\",\"@id\":\"https:\/\/www.perunaltracitta.org\/homepage\/2015\/11\/13\/musei-supermanager-superpagati-ma-non-autosufficienti\/#article\",\"isPartOf\":{\"@id\":\"https:\/\/www.perunaltracitta.org\/homepage\/2015\/11\/13\/musei-supermanager-superpagati-ma-non-autosufficienti\/\"},\"author\":{\"name\":\"Franca Falletti\",\"@id\":\"https:\/\/www.perunaltracitta.org\/homepage\/#\/schema\/person\/60b757f6d69186ab34daa444f3342ca2\"},\"headline\":\"Musei: supermanager superpagati ma non autosufficienti\",\"datePublished\":\"2015-11-13T08:05:51+00:00\",\"dateModified\":\"2017-12-19T15:38:58+00:00\",\"mainEntityOfPage\":{\"@id\":\"https:\/\/www.perunaltracitta.org\/homepage\/2015\/11\/13\/musei-supermanager-superpagati-ma-non-autosufficienti\/\"},\"wordCount\":678,\"commentCount\":0,\"publisher\":{\"@id\":\"https:\/\/www.perunaltracitta.org\/homepage\/#organization\"},\"image\":{\"@id\":\"https:\/\/www.perunaltracitta.org\/homepage\/2015\/11\/13\/musei-supermanager-superpagati-ma-non-autosufficienti\/#primaryimage\"},\"thumbnailUrl\":\"https:\/\/www.perunaltracitta.org\/wp-content\/uploads\/2015\/11\/archaeological-museum-florence4.jpg\",\"articleSection\":[\"Cultura s\u00ec, cultura no\",\"La Citt\u00e0 invisibile\"],\"inLanguage\":\"it-IT\",\"potentialAction\":[{\"@type\":\"CommentAction\",\"name\":\"Comment\",\"target\":[\"https:\/\/www.perunaltracitta.org\/homepage\/2015\/11\/13\/musei-supermanager-superpagati-ma-non-autosufficienti\/#respond\"]}]},{\"@type\":\"WebPage\",\"@id\":\"https:\/\/www.perunaltracitta.org\/homepage\/2015\/11\/13\/musei-supermanager-superpagati-ma-non-autosufficienti\/\",\"url\":\"https:\/\/www.perunaltracitta.org\/homepage\/2015\/11\/13\/musei-supermanager-superpagati-ma-non-autosufficienti\/\",\"name\":\"Musei: supermanager superpagati ma non autosufficienti - La Citt\u00e0 invisibile | perUnaltracitt\u00e0 | Firenze\",\"isPartOf\":{\"@id\":\"https:\/\/www.perunaltracitta.org\/homepage\/#website\"},\"primaryImageOfPage\":{\"@id\":\"https:\/\/www.perunaltracitta.org\/homepage\/2015\/11\/13\/musei-supermanager-superpagati-ma-non-autosufficienti\/#primaryimage\"},\"image\":{\"@id\":\"https:\/\/www.perunaltracitta.org\/homepage\/2015\/11\/13\/musei-supermanager-superpagati-ma-non-autosufficienti\/#primaryimage\"},\"thumbnailUrl\":\"https:\/\/www.perunaltracitta.org\/wp-content\/uploads\/2015\/11\/archaeological-museum-florence4.jpg\",\"datePublished\":\"2015-11-13T08:05:51+00:00\",\"dateModified\":\"2017-12-19T15:38:58+00:00\",\"breadcrumb\":{\"@id\":\"https:\/\/www.perunaltracitta.org\/homepage\/2015\/11\/13\/musei-supermanager-superpagati-ma-non-autosufficienti\/#breadcrumb\"},\"inLanguage\":\"it-IT\",\"potentialAction\":[{\"@type\":\"ReadAction\",\"target\":[\"https:\/\/www.perunaltracitta.org\/homepage\/2015\/11\/13\/musei-supermanager-superpagati-ma-non-autosufficienti\/\"]}]},{\"@type\":\"ImageObject\",\"inLanguage\":\"it-IT\",\"@id\":\"https:\/\/www.perunaltracitta.org\/homepage\/2015\/11\/13\/musei-supermanager-superpagati-ma-non-autosufficienti\/#primaryimage\",\"url\":\"https:\/\/www.perunaltracitta.org\/wp-content\/uploads\/2015\/11\/archaeological-museum-florence4.jpg\",\"contentUrl\":\"https:\/\/www.perunaltracitta.org\/wp-content\/uploads\/2015\/11\/archaeological-museum-florence4.jpg\",\"width\":640,\"height\":478},{\"@type\":\"BreadcrumbList\",\"@id\":\"https:\/\/www.perunaltracitta.org\/homepage\/2015\/11\/13\/musei-supermanager-superpagati-ma-non-autosufficienti\/#breadcrumb\",\"itemListElement\":[{\"@type\":\"ListItem\",\"position\":1,\"name\":\"Home\",\"item\":\"https:\/\/www.perunaltracitta.org\/homepage\/\"},{\"@type\":\"ListItem\",\"position\":2,\"name\":\"Musei: supermanager superpagati ma non autosufficienti\"}]},{\"@type\":\"WebSite\",\"@id\":\"https:\/\/www.perunaltracitta.org\/homepage\/#website\",\"url\":\"https:\/\/www.perunaltracitta.org\/homepage\/\",\"name\":\"La Citt\u00e0 invisibile | perUnaltracitt\u00e0 | Firenze\",\"description\":\"Voci oltre il pensiero unico\",\"publisher\":{\"@id\":\"https:\/\/www.perunaltracitta.org\/homepage\/#organization\"},\"potentialAction\":[{\"@type\":\"SearchAction\",\"target\":{\"@type\":\"EntryPoint\",\"urlTemplate\":\"https:\/\/www.perunaltracitta.org\/homepage\/?s={search_term_string}\"},\"query-input\":{\"@type\":\"PropertyValueSpecification\",\"valueRequired\":true,\"valueName\":\"search_term_string\"}}],\"inLanguage\":\"it-IT\"},{\"@type\":\"Organization\",\"@id\":\"https:\/\/www.perunaltracitta.org\/homepage\/#organization\",\"name\":\"perUnaltracitt\u00e0 - laboratorio politico Firenze\",\"url\":\"https:\/\/www.perunaltracitta.org\/homepage\/\",\"logo\":{\"@type\":\"ImageObject\",\"inLanguage\":\"it-IT\",\"@id\":\"https:\/\/www.perunaltracitta.org\/homepage\/#\/schema\/logo\/image\/\",\"url\":\"https:\/\/www.perunaltracitta.org\/wp-content\/uploads\/2025\/11\/Original-on-Transparent-Copia-af-1.png\",\"contentUrl\":\"https:\/\/www.perunaltracitta.org\/wp-content\/uploads\/2025\/11\/Original-on-Transparent-Copia-af-1.png\",\"width\":600,\"height\":153,\"caption\":\"perUnaltracitt\u00e0 - laboratorio politico Firenze\"},\"image\":{\"@id\":\"https:\/\/www.perunaltracitta.org\/homepage\/#\/schema\/logo\/image\/\"},\"sameAs\":[\"https:\/\/www.facebook.com\/perunaltracitta\",\"https:\/\/x.com\/perunaltracitta\"]},{\"@type\":\"Person\",\"@id\":\"https:\/\/www.perunaltracitta.org\/homepage\/#\/schema\/person\/60b757f6d69186ab34daa444f3342ca2\",\"name\":\"Franca Falletti\",\"image\":{\"@type\":\"ImageObject\",\"inLanguage\":\"it-IT\",\"@id\":\"https:\/\/www.perunaltracitta.org\/homepage\/#\/schema\/person\/image\/\",\"url\":\"https:\/\/www.perunaltracitta.org\/wp-content\/uploads\/2014\/09\/Franca_Falletti-96x96.jpg\",\"contentUrl\":\"https:\/\/www.perunaltracitta.org\/wp-content\/uploads\/2014\/09\/Franca_Falletti-96x96.jpg\",\"caption\":\"Franca Falletti\"},\"description\":\"Franca Falletti \u00e8 nata e vissuta a Firenze. Laureata in Storia dell\u2019Arte medioevale e moderna presso la facolt\u00e0 di Lettere e Filosofia dell\u2019Universit\u00e0 di Firenze con Roberto Salvini e Ugo Procacci e perfezionata nella stessa materia e presso la medesima facolt\u00e0, ha inizialmente svolto attivit\u00e0 di libera professione collaborando con studiosi e Istituzioni nel campo della ricerca, della catalogazione e della didattica. Dal giugno 1980 funzionario direttivo della Soprintendenza per i beni artistici e storici delle province di Firenze, Pistoia e Prato, dal dicembre del 1981 \u00e8 stata vicedirettrice della Galleria dell\u2019Accademia e dal marzo 1992 Direttrice del medesimo museo fino al 28 febbraio 2013.\",\"url\":\"https:\/\/www.perunaltracitta.org\/homepage\/author\/francafalletti\/\"}]}<\/script>\n<!-- \/ Yoast SEO plugin. -->","yoast_head_json":{"title":"Musei: supermanager superpagati ma non autosufficienti - La Citt\u00e0 invisibile | perUnaltracitt\u00e0 | Firenze","robots":{"index":"index","follow":"follow","max-snippet":"max-snippet:-1","max-image-preview":"max-image-preview:large","max-video-preview":"max-video-preview:-1"},"canonical":"https:\/\/www.perunaltracitta.org\/homepage\/2015\/11\/13\/musei-supermanager-superpagati-ma-non-autosufficienti\/","og_locale":"it_IT","og_type":"article","og_title":"Musei: supermanager superpagati ma non autosufficienti - La Citt\u00e0 invisibile | perUnaltracitt\u00e0 | Firenze","og_description":"Negli ultimi giorni il Ministero \u00e8 tornato a dedicarsi ai 20 grandi musei affidati ai cos\u00ec detti manager e, essendosi accorto che con le strutture attualmente esistenti (e con cui noi sempre abbiamo dovuto portare avanti il nostro faticosissimo lavoro) nemmeno i supermanager sarebbero riusciti a fare quello che ci si aspettava da loro, ha &hellip; Musei: supermanager superpagati ma non autosufficienti Leggi altro &raquo;","og_url":"https:\/\/www.perunaltracitta.org\/homepage\/2015\/11\/13\/musei-supermanager-superpagati-ma-non-autosufficienti\/","og_site_name":"La Citt\u00e0 invisibile | perUnaltracitt\u00e0 | Firenze","article_publisher":"https:\/\/www.facebook.com\/perunaltracitta","article_published_time":"2015-11-13T08:05:51+00:00","article_modified_time":"2017-12-19T15:38:58+00:00","og_image":[{"width":640,"height":478,"url":"https:\/\/www.perunaltracitta.org\/wp-content\/uploads\/2015\/11\/archaeological-museum-florence4.jpg","type":"image\/jpeg"}],"author":"Franca Falletti","twitter_card":"summary_large_image","twitter_creator":"@perunaltracitta","twitter_site":"@perunaltracitta","twitter_misc":{"Scritto da":"Franca Falletti","Tempo di lettura stimato":"3 minuti"},"schema":{"@context":"https:\/\/schema.org","@graph":[{"@type":"Article","@id":"https:\/\/www.perunaltracitta.org\/homepage\/2015\/11\/13\/musei-supermanager-superpagati-ma-non-autosufficienti\/#article","isPartOf":{"@id":"https:\/\/www.perunaltracitta.org\/homepage\/2015\/11\/13\/musei-supermanager-superpagati-ma-non-autosufficienti\/"},"author":{"name":"Franca Falletti","@id":"https:\/\/www.perunaltracitta.org\/homepage\/#\/schema\/person\/60b757f6d69186ab34daa444f3342ca2"},"headline":"Musei: supermanager superpagati ma non autosufficienti","datePublished":"2015-11-13T08:05:51+00:00","dateModified":"2017-12-19T15:38:58+00:00","mainEntityOfPage":{"@id":"https:\/\/www.perunaltracitta.org\/homepage\/2015\/11\/13\/musei-supermanager-superpagati-ma-non-autosufficienti\/"},"wordCount":678,"commentCount":0,"publisher":{"@id":"https:\/\/www.perunaltracitta.org\/homepage\/#organization"},"image":{"@id":"https:\/\/www.perunaltracitta.org\/homepage\/2015\/11\/13\/musei-supermanager-superpagati-ma-non-autosufficienti\/#primaryimage"},"thumbnailUrl":"https:\/\/www.perunaltracitta.org\/wp-content\/uploads\/2015\/11\/archaeological-museum-florence4.jpg","articleSection":["Cultura s\u00ec, cultura no","La Citt\u00e0 invisibile"],"inLanguage":"it-IT","potentialAction":[{"@type":"CommentAction","name":"Comment","target":["https:\/\/www.perunaltracitta.org\/homepage\/2015\/11\/13\/musei-supermanager-superpagati-ma-non-autosufficienti\/#respond"]}]},{"@type":"WebPage","@id":"https:\/\/www.perunaltracitta.org\/homepage\/2015\/11\/13\/musei-supermanager-superpagati-ma-non-autosufficienti\/","url":"https:\/\/www.perunaltracitta.org\/homepage\/2015\/11\/13\/musei-supermanager-superpagati-ma-non-autosufficienti\/","name":"Musei: supermanager superpagati ma non autosufficienti - La Citt\u00e0 invisibile | perUnaltracitt\u00e0 | Firenze","isPartOf":{"@id":"https:\/\/www.perunaltracitta.org\/homepage\/#website"},"primaryImageOfPage":{"@id":"https:\/\/www.perunaltracitta.org\/homepage\/2015\/11\/13\/musei-supermanager-superpagati-ma-non-autosufficienti\/#primaryimage"},"image":{"@id":"https:\/\/www.perunaltracitta.org\/homepage\/2015\/11\/13\/musei-supermanager-superpagati-ma-non-autosufficienti\/#primaryimage"},"thumbnailUrl":"https:\/\/www.perunaltracitta.org\/wp-content\/uploads\/2015\/11\/archaeological-museum-florence4.jpg","datePublished":"2015-11-13T08:05:51+00:00","dateModified":"2017-12-19T15:38:58+00:00","breadcrumb":{"@id":"https:\/\/www.perunaltracitta.org\/homepage\/2015\/11\/13\/musei-supermanager-superpagati-ma-non-autosufficienti\/#breadcrumb"},"inLanguage":"it-IT","potentialAction":[{"@type":"ReadAction","target":["https:\/\/www.perunaltracitta.org\/homepage\/2015\/11\/13\/musei-supermanager-superpagati-ma-non-autosufficienti\/"]}]},{"@type":"ImageObject","inLanguage":"it-IT","@id":"https:\/\/www.perunaltracitta.org\/homepage\/2015\/11\/13\/musei-supermanager-superpagati-ma-non-autosufficienti\/#primaryimage","url":"https:\/\/www.perunaltracitta.org\/wp-content\/uploads\/2015\/11\/archaeological-museum-florence4.jpg","contentUrl":"https:\/\/www.perunaltracitta.org\/wp-content\/uploads\/2015\/11\/archaeological-museum-florence4.jpg","width":640,"height":478},{"@type":"BreadcrumbList","@id":"https:\/\/www.perunaltracitta.org\/homepage\/2015\/11\/13\/musei-supermanager-superpagati-ma-non-autosufficienti\/#breadcrumb","itemListElement":[{"@type":"ListItem","position":1,"name":"Home","item":"https:\/\/www.perunaltracitta.org\/homepage\/"},{"@type":"ListItem","position":2,"name":"Musei: supermanager superpagati ma non autosufficienti"}]},{"@type":"WebSite","@id":"https:\/\/www.perunaltracitta.org\/homepage\/#website","url":"https:\/\/www.perunaltracitta.org\/homepage\/","name":"La Citt\u00e0 invisibile | perUnaltracitt\u00e0 | Firenze","description":"Voci oltre il pensiero unico","publisher":{"@id":"https:\/\/www.perunaltracitta.org\/homepage\/#organization"},"potentialAction":[{"@type":"SearchAction","target":{"@type":"EntryPoint","urlTemplate":"https:\/\/www.perunaltracitta.org\/homepage\/?s={search_term_string}"},"query-input":{"@type":"PropertyValueSpecification","valueRequired":true,"valueName":"search_term_string"}}],"inLanguage":"it-IT"},{"@type":"Organization","@id":"https:\/\/www.perunaltracitta.org\/homepage\/#organization","name":"perUnaltracitt\u00e0 - laboratorio politico Firenze","url":"https:\/\/www.perunaltracitta.org\/homepage\/","logo":{"@type":"ImageObject","inLanguage":"it-IT","@id":"https:\/\/www.perunaltracitta.org\/homepage\/#\/schema\/logo\/image\/","url":"https:\/\/www.perunaltracitta.org\/wp-content\/uploads\/2025\/11\/Original-on-Transparent-Copia-af-1.png","contentUrl":"https:\/\/www.perunaltracitta.org\/wp-content\/uploads\/2025\/11\/Original-on-Transparent-Copia-af-1.png","width":600,"height":153,"caption":"perUnaltracitt\u00e0 - laboratorio politico Firenze"},"image":{"@id":"https:\/\/www.perunaltracitta.org\/homepage\/#\/schema\/logo\/image\/"},"sameAs":["https:\/\/www.facebook.com\/perunaltracitta","https:\/\/x.com\/perunaltracitta"]},{"@type":"Person","@id":"https:\/\/www.perunaltracitta.org\/homepage\/#\/schema\/person\/60b757f6d69186ab34daa444f3342ca2","name":"Franca Falletti","image":{"@type":"ImageObject","inLanguage":"it-IT","@id":"https:\/\/www.perunaltracitta.org\/homepage\/#\/schema\/person\/image\/","url":"https:\/\/www.perunaltracitta.org\/wp-content\/uploads\/2014\/09\/Franca_Falletti-96x96.jpg","contentUrl":"https:\/\/www.perunaltracitta.org\/wp-content\/uploads\/2014\/09\/Franca_Falletti-96x96.jpg","caption":"Franca Falletti"},"description":"Franca Falletti \u00e8 nata e vissuta a Firenze. Laureata in Storia dell\u2019Arte medioevale e moderna presso la facolt\u00e0 di Lettere e Filosofia dell\u2019Universit\u00e0 di Firenze con Roberto Salvini e Ugo Procacci e perfezionata nella stessa materia e presso la medesima facolt\u00e0, ha inizialmente svolto attivit\u00e0 di libera professione collaborando con studiosi e Istituzioni nel campo della ricerca, della catalogazione e della didattica. Dal giugno 1980 funzionario direttivo della Soprintendenza per i beni artistici e storici delle province di Firenze, Pistoia e Prato, dal dicembre del 1981 \u00e8 stata vicedirettrice della Galleria dell\u2019Accademia e dal marzo 1992 Direttrice del medesimo museo fino al 28 febbraio 2013.","url":"https:\/\/www.perunaltracitta.org\/homepage\/author\/francafalletti\/"}]}},"uagb_featured_image_src":{"full":["https:\/\/www.perunaltracitta.org\/wp-content\/uploads\/2015\/11\/archaeological-museum-florence4.jpg",640,478,false],"thumbnail":["https:\/\/www.perunaltracitta.org\/wp-content\/uploads\/2015\/11\/archaeological-museum-florence4-150x150.jpg",150,150,true],"medium":["https:\/\/www.perunaltracitta.org\/wp-content\/uploads\/2015\/11\/archaeological-museum-florence4-300x224.jpg",300,224,true],"medium_large":["https:\/\/www.perunaltracitta.org\/wp-content\/uploads\/2015\/11\/archaeological-museum-florence4.jpg",640,478,false],"large":["https:\/\/www.perunaltracitta.org\/wp-content\/uploads\/2015\/11\/archaeological-museum-florence4.jpg",640,478,false],"wysija-newsletters-max":["https:\/\/www.perunaltracitta.org\/wp-content\/uploads\/2015\/11\/archaeological-museum-florence4-600x448.jpg",600,448,true],"1536x1536":["https:\/\/www.perunaltracitta.org\/wp-content\/uploads\/2015\/11\/archaeological-museum-florence4.jpg",640,478,false],"2048x2048":["https:\/\/www.perunaltracitta.org\/wp-content\/uploads\/2015\/11\/archaeological-museum-florence4.jpg",640,478,false],"mailpoet_newsletter_max":["https:\/\/www.perunaltracitta.org\/wp-content\/uploads\/2015\/11\/archaeological-museum-florence4.jpg",640,478,false],"yarpp-thumbnail":["https:\/\/www.perunaltracitta.org\/wp-content\/uploads\/2015\/11\/archaeological-museum-florence4.jpg",120,90,false]},"uagb_author_info":{"display_name":"Franca Falletti","author_link":"https:\/\/www.perunaltracitta.org\/homepage\/author\/francafalletti\/"},"uagb_comment_info":0,"uagb_excerpt":"Negli ultimi giorni il Ministero \u00e8 tornato a dedicarsi ai 20 grandi musei affidati ai cos\u00ec detti manager e, essendosi accorto che con le strutture attualmente esistenti (e con cui noi sempre abbiamo dovuto portare avanti il nostro faticosissimo lavoro) nemmeno i supermanager sarebbero riusciti a fare quello che ci si aspettava da loro, ha&hellip;","_links":{"self":[{"href":"https:\/\/www.perunaltracitta.org\/homepage\/wp-json\/wp\/v2\/posts\/4884","targetHints":{"allow":["GET"]}}],"collection":[{"href":"https:\/\/www.perunaltracitta.org\/homepage\/wp-json\/wp\/v2\/posts"}],"about":[{"href":"https:\/\/www.perunaltracitta.org\/homepage\/wp-json\/wp\/v2\/types\/post"}],"author":[{"embeddable":true,"href":"https:\/\/www.perunaltracitta.org\/homepage\/wp-json\/wp\/v2\/users\/30"}],"replies":[{"embeddable":true,"href":"https:\/\/www.perunaltracitta.org\/homepage\/wp-json\/wp\/v2\/comments?post=4884"}],"version-history":[{"count":3,"href":"https:\/\/www.perunaltracitta.org\/homepage\/wp-json\/wp\/v2\/posts\/4884\/revisions"}],"predecessor-version":[{"id":4888,"href":"https:\/\/www.perunaltracitta.org\/homepage\/wp-json\/wp\/v2\/posts\/4884\/revisions\/4888"}],"wp:featuredmedia":[{"embeddable":true,"href":"https:\/\/www.perunaltracitta.org\/homepage\/wp-json\/wp\/v2\/media\/4885"}],"wp:attachment":[{"href":"https:\/\/www.perunaltracitta.org\/homepage\/wp-json\/wp\/v2\/media?parent=4884"}],"wp:term":[{"taxonomy":"category","embeddable":true,"href":"https:\/\/www.perunaltracitta.org\/homepage\/wp-json\/wp\/v2\/categories?post=4884"},{"taxonomy":"post_tag","embeddable":true,"href":"https:\/\/www.perunaltracitta.org\/homepage\/wp-json\/wp\/v2\/tags?post=4884"}],"curies":[{"name":"wp","href":"https:\/\/api.w.org\/{rel}","templated":true}]}}