{"id":5082,"date":"2015-11-28T15:28:44","date_gmt":"2015-11-28T14:28:44","guid":{"rendered":"http:\/\/www.perunaltracitta.org\/?p=5082"},"modified":"2017-12-19T16:40:42","modified_gmt":"2017-12-19T15:40:42","slug":"citta-merce-o-citta-felice-2","status":"publish","type":"post","link":"https:\/\/www.perunaltracitta.org\/homepage\/2015\/11\/28\/citta-merce-o-citta-felice-2\/","title":{"rendered":"Citt\u00e0 merce o citt\u00e0 felice? La lista per chi vuole speculare a Firenze"},"content":{"rendered":"<p>Se si escludono il tunnel TAV, la costruzione del nuovo aeroporto che punta dritto sulla cupola del Brunelleschi, il metr\u00f2 sotto piazza del Duomo, i parcheggi interrati nel centro antico, la principale emergenza fiorentina resta, senza ombra di dubbio, la <strong>mercificazione della citt\u00e0 antica<\/strong> attuata tramite la <strong>svendita del patrimonio edilizio pubblico<\/strong> e l\u2019<strong>abdicazione al controllo della trasformazione di quello privato<\/strong>. Grazie anche a un piano strutturale <a href=\"http:\/\/www.perunaltracitta.org\/2015\/03\/04\/firenze-il-regolamento-urbanistico-elusivo\/\">deprivato a bella posta di una qualsiasi parvenza di significato pianificatorio<\/a>.<\/p>\n<p><a href=\"http:\/\/www.perunaltracitta.org\/wp-content\/uploads\/2015\/11\/renzi-leopolda-620x372.jpg\"><img loading=\"lazy\" decoding=\"async\" class=\" wp-image-5024 alignleft\" src=\"http:\/\/www.perunaltracitta.org\/wp-content\/uploads\/2015\/11\/renzi-leopolda-620x372-300x180.jpg\" alt=\"renzi-leopolda-620x372\" width=\"392\" height=\"235\" srcset=\"https:\/\/www.perunaltracitta.org\/wp-content\/uploads\/2015\/11\/renzi-leopolda-620x372-300x180.jpg 300w, https:\/\/www.perunaltracitta.org\/wp-content\/uploads\/2015\/11\/renzi-leopolda-620x372-600x360.jpg 600w, https:\/\/www.perunaltracitta.org\/wp-content\/uploads\/2015\/11\/renzi-leopolda-620x372.jpg 620w\" sizes=\"auto, (max-width: 392px) 100vw, 392px\" \/><\/a><a href=\"http:\/\/www.perunaltracitta.org\/2014\/10\/13\/firenze-real-estate-le-nuove-frontiere-della-giunta-nardella\/\">Abbiamo gi\u00e0 avuto modo di commentare l\u2019inqualificabile attivit\u00e0 del sindaco-agente del real estate<\/a> quando il &#8220;<em>Renzi in sedicesimo&#8221;\u00a0<\/em> batteva le fiere internazionali della speculazione finanziario-immobiliare per promuovere la vendita di edifici cittadini pubblici e privati. Attivit\u00e0 nelle quali \u2013 come prevede lo \u201cSblocca Italia\u201d (<a href=\"http:\/\/www.eddyburg.it\/2014\/11\/sblocca-italia-firenze-e-lanticipazione.html\">art. 26, comma 8<\/a>) che trasforma gli enti pubblici in agenti immobiliari \u2013 il Comune avr\u00e0 il suo tornaconto economico in percentuale sul prezzo di vendita degli immobili.<\/p>\n<p>Dei 59 immobili elencati nella <em>brochure<\/em> propagandistica del sindaco, alcuni sono stati venduti. Cominciamo da qui.<\/p>\n<p>Il<strong> Teatro Comunale<\/strong> dal luglio 2015 \u00e8 di propriet\u00e0 della Nikila Invest che ha acquistato il teatro per circa 25 milioni dalla Cassa depositi e prestiti Spa, la quale a sua volta aveva rilevato l\u2019edificio da Palazzo Vecchio per 23 milioni di euro (molti meno rispetto ai 44,5 milioni di valutazione del 2009): nel 2013, <a href=\"http:\/\/www.eddyburg.it\/2014\/11\/sblocca-italia-firenze-e-lanticipazione.html\">il provvidenziale acquisto, avvenuto poche ore prima della chiusura dei bilanci comunali<\/a>, permise a Renzi di non sforare il patto di stabilit\u00e0. Al posto del teatro, 120 appartamenti di lusso (\u00ab<a href=\"http:\/\/corrierefiorentino.corriere.it\/firenze\/notizie\/cronaca\/15_settembre_04\/case-5-stelle-posto-comunale-6e409026-52de-11e5-9112-6002f4551716.shtml\">stile Fifth Avenue<\/a>\u00bb) a 8.000 euro al mq (di cui sessanta \u00ab<a href=\"http:\/\/corrierefiorentino.corriere.it\/firenze\/notizie\/cronaca\/15_settembre_04\/case-5-stelle-posto-comunale-6e409026-52de-11e5-9112-6002f4551716.shtml\">residenze \u201cservite\u201d, con maggiordomo e assistenza stile hotel<\/a>\u00bb). Il progetto \u00e8 di Marco Casamonti, architetto dal problematico rapporto con la Magistratura (<a href=\"http:\/\/corrierefiorentino.corriere.it\/firenze\/notizie\/cronaca\/15_ottobre_28\/choc-dell-architetto-due-stagioni-sull-altalena-giudici-9fb9cad8-7d80-11e5-b15f-ae6907f7a97e.shtml\">attualmente condannato in appello nell\u2019ambito dell\u2019inchiesta su Castello<\/a>).<\/p>\n<p>Il palazzo<strong> Vivarelli Colonna <\/strong>(4.400 mq), sede dell\u2019Assessorato alla cultura, ha la stessa sorte. La Cassa depositi e prestiti versa 12 milioni di euro nelle casse di Nardella, \u00ab<a href=\"http:\/\/corrierefiorentino.corriere.it\/firenze\/notizie\/politica\/14_dicembre_11\/venduto-palazzo-vivarelli-colonna-conti-comune-quadrano-beb2a35c-8140-11e4-9af8-6b1d73884f1b.shtml\">che \u2013 scrive il \u201cCorriere\u201d \u2013 potr\u00e0 cos\u00ec contare su una solida stampella per far tornare il bilancio falcidiato dai tagli statali<\/a>\u00bb. La CDP sarebbe ora in trattativa per la vendita ad una societ\u00e0 che ha l\u2019obiettivo di realizzarvi un hotel di lusso. Tanto per cambiare.<\/p>\n<p>Mentre questo scritto va in \u201cstampa\u201d, apprendiamo che anche i 2.500 mq di palazzo Demidoff, in via San Niccol\u00f2, sono stati venduti dall\u2019Azienda Pubblica di Servizi Montedomini, con un ribasso che si aggira intorno al 40%. L\u2019acquirente, Amarante, ne prevede la \u00ab<a href=\"http:\/\/firenze.repubblica.it\/cronaca\/2015\/11\/21\/news\/montedomini_vende_l_istituto_demidoff_al_suo_posto_case_di_lusso-127883651\/\">commercializzazione \u2013 in vendita o affitto \u2013 di altissimo livello<\/a>\u00bb.<\/p>\n<p>Tra gli edifici in cerca di un nuovo padrone spicca, per la qualit\u00e0 e la sua vicinanza con Palazzo Vecchio, il <strong>convento dei Filippini <\/strong>in piazza San Firenze: l\u2019 <strong>ex Tribunale <\/strong>\u00e8 ceduto per 29 anni \u2013 come stabilito da una delibera di giunta del 6 luglio 2015 \u2013 alla Fondazione Franco Zeffirelli per un\u00a0\u201cCentro internazionale di formazione per le arti e dello spettacolo\u201d,\u00a0\u00abscuola di eccellenza aperta agli studenti di tutto il mondo\u00bb.<\/p>\n<p>La<strong> villa di Rusciano<\/strong>, 5.400 mq, sull\u2019arco collinare a sud della citt\u00e0, oggi sede dell\u2019Assessorato all\u2019ambiente, \u00e8 una villa rinascimentale brunelleschiana. Il <a href=\"http:\/\/www.perunaltracitta.org\/wp-content\/uploads\/2015\/11\/panorama.jpg\"><img loading=\"lazy\" decoding=\"async\" class=\" wp-image-5025 alignright\" src=\"http:\/\/www.perunaltracitta.org\/wp-content\/uploads\/2015\/11\/panorama-216x300.jpg\" alt=\"panorama\" width=\"250\" height=\"347\" srcset=\"https:\/\/www.perunaltracitta.org\/wp-content\/uploads\/2015\/11\/panorama-216x300.jpg 216w, https:\/\/www.perunaltracitta.org\/wp-content\/uploads\/2015\/11\/panorama-600x833.jpg 600w, https:\/\/www.perunaltracitta.org\/wp-content\/uploads\/2015\/11\/panorama.jpg 720w\" sizes=\"auto, (max-width: 250px) 100vw, 250px\" \/><\/a>complesso di Rusciano fu donato al Comune nel 1977 con vincolo di assistenza ai giovani, che il Comune, con eccessiva disinvoltura, ha stravolto in <a href=\"http:\/\/www.perunaltracitta.org\/2015\/10\/04\/rusciano-e-di-tutti-e-non-si-vende\/\">turistico-ricettivo<\/a>. Per l\u2019inosservanza del vincolo, il Cantiere Beni Comuni Q3 ha presentato un esposto alla Magistratura (il parco invece resta pubblico anche grazie alle osservazioni di perUnaltracitt\u00e0 al Ru).<\/p>\n<p>La <strong>Manifattura tabacchi<\/strong> (88.687 mq), propriet\u00e0 Fintecna e CDP, \u00e8 in vendita con annessa variante adottata nel 2014 malgrado l\u2019opposizione del comitato per la sua tutela. La variante prevede un paio di torri alte 53 metri, in deroga al regolamento edilizio. Merita ricordare in proposito un disarmante processo partecipativo che lasciava alla cittadinanza la scelta tra due torri da 23 piani o tre torri da 17 piani. <a href=\"http:\/\/www.perunaltracitta.org\/2014\/11\/17\/manifattura-tabacchi-non-basta-dire-volumi-zero\/\">La variante prevede 700 appartamenti<\/a>. <a href=\"http:\/\/www.ilsitodifirenze.it\/content\/907-ex-manifattura-tabacchi-il-comitato-piazza-puccini-diventer%C3%A0-invivibile\">Il teatro Puccini, attivo sull&#8217;area, diventa centro congressi<\/a>.<\/p>\n<p>Il cosiddetto<strong> Palazzo del sonno<\/strong>: 21.000 mq di fronte al polo fieristico della Fortezza, <a href=\"http:\/\/dominoweb.comune.fi.it\/OdeProduzione\/FIODEWeb3.nsf\/AttiPerNumAtto\/2015-G-00378\/$File\/2015_G_00378.pdf\">oggi avviato alla ristrutturazione, anche cementizia<\/a> (e qui si aprirebbe un capitolo che rimandiamo a un\u2019altra occasione). Si tratta di un boccone prelibato per \u201cThe Student Hotel\u201d, <em>giovane<\/em> societ\u00e0 olandese che avrebbe inventato l\u2019\u00abospitalit\u00e0 ibrida\u00bb: compresenza di albergo e di residenze per studenti. L\u2019acquisizione dell\u2019edificio sarebbe stata realizzata in collaborazione con <a href=\"http:\/\/it.investintuscany.com\/\">Invest in Tuscany, il sito della Regione \u00abche aiuta a investire in Toscana\u00bb<\/a>. <a href=\"http:\/\/corrierefiorentino.corriere.it\/firenze\/notizie\/cronaca\/15_ottobre_28\/choc-dell-architetto-due-stagioni-sull-altalena-giudici-9fb9cad8-7d80-11e5-b15f-ae6907f7a97e.shtml\">Architetto: Casamon<\/a><a href=\"http:\/\/corrierefiorentino.corriere.it\/firenze\/notizie\/cronaca\/15_ottobre_28\/choc-dell-architetto-due-stagioni-sull-altalena-giudici-9fb9cad8-7d80-11e5-b15f-ae6907f7a97e.shtml\">ti<\/a>.<\/p>\n<p><strong>Ex caserma in costa San Giorgio<\/strong>: dal \u201cCorriere fiorentino\u201d del 5 settembre 2015: \u00abappena arriver\u00e0 il nulla osta dalla soprintendenza partiranno i cantieri per realizzare un hotel a 5 stelle con 6o camere, centro benessere e un grande parcheggio per gli ospiti. Alfredo Lowenstein, imprenditore americano di origine argentina, vi investir\u00e0 40 milioni\u00bb. Il Lowenstein lo conosciamo gi\u00e0 come investitore a <a href=\"http:\/\/www.eddyburg.it\/2014\/06\/dont-cry-for-me-cafaggiolo.html\">Cafaggi\u00f2lo<\/a>. <a href=\"http:\/\/corrierefiorentino.corriere.it\/firenze\/notizie\/cronaca\/15_ottobre_28\/choc-dell-architetto-due-stagioni-sull-altalena-giudici-9fb9cad8-7d80-11e5-b15f-ae6907f7a97e.shtml\">Si servirebbe dell\u2019architetto Casamonti<\/a>.<\/p>\n<p>Anche il <strong>Monte dei Pegni <\/strong>di via Palazzuolo si trasforma in hotel a cinque stelle da 100 camere, grazie a pregresse manovre della giunta Domenici e malgrado gli esposti in Procura di perUnaltracitt\u00e0. L\u2019immobile da 10.000 metri quadrati, <a href=\"http:\/\/corrierefiorentino.corriere.it\/firenze\/notizie\/cronaca\/15_settembre_05\/via-palazzuolo-tesoretto-privati-72669386-53aa-11e5-bf8f-5c5424d4fa5c.shtml\">\u00e8 ora in mano a una societ\u00e0 del colosso alberghiero Accor (lo stesso che ha appena aperto l\u2019hotel nell\u2019ex cinema Apollo di via Nazionale)<\/a>. Come indennizzo della concessione del cambio di destinazione d\u2019uso, <strong>il Comune riceve 900.000 euro di \u201ccompensazione\u201d<\/strong>: la stessa cifra la ricava dall\u2019apertura del negozio di computer in piazza della Repubblica. Si tratta, afferma la stampa, della seconda volta che il Comune \u00ab<a href=\"http:\/\/corrierefiorentino.corriere.it\/firenze\/notizie\/cronaca\/15_settembre_05\/via-palazzuolo-tesoretto-privati-72669386-53aa-11e5-bf8f-5c5424d4fa5c.shtml\">monetizza al massimo la svolta resa possibile grazie alle nuove norme<\/a>\u00bb (cfr. l\u2019art. 25.2.4 delle NTA del RU e la delibera della Giunta comunale n. 127 del 10\/05\/2013 \u201cOpere di urbanizzazione realizzate dai privati a scomputo degli oneri. Aggiornamento dei criteri e nuovi indirizzi per la stesura di una bozza di convenzione\u201d).<\/p>\n<p>Ci troviamo insomma di fronte alla <strong>monetizzazione del cambio di destinazione d\u2019uso (ovvero degli standard urbanistici)<\/strong>: tutto pu\u00f2 farsi, basta pagare.\u00a0Tra le aree in vendita, anche luoghi di lunghe vertenze come il <strong>Panificio militare<\/strong> e il <strong>Meccanotessile<\/strong>, oggi entrambi \u201cimpantanati\u201d: non se conoscono pubblicamente gli sviluppi.<\/p>\n<p>Nel solo centro antico, il patrimonio immobiliare in via di trasformazione \u00e8 immenso; patrimonio che, osso della societ\u00e0 civile e speranza per la sua rifondazione civile, \u00e8 costituito da edifici i quali anzich\u00e9 essere resi \u00absocialmente disponibili\u00bb, sono destinati o alla speculazione <em>tout court<\/em> o ad usi esclusivi pur pubblici (tra cui l\u2019ennesimo museo etc.). Tra i maggiori, in vendita o di imminente passaggio tra enti (ad es. dal Ministero della difesa al Comune), bisogna ricordare almeno:<\/p>\n<p>&#8211; l\u2019<strong>ex Borsa merci <\/strong>in via Por Santa Maria e l\u2019<strong>ex cinema Capitol<\/strong> alla loggia del Grano, che la Camera di Commercio intende vendere con base d\u2019offerta, rispettivamente: 60 e 18,7 milioni di euro con vantaggi particolari nel caso di doppio acquisto&#8230; (cfr. \u201cCorriere fiorentino\u201d, 13 novembre 2015);<\/p>\n<p>&#8211; in vendita pure l\u2019intero complesso delle <strong>Murate<\/strong> (23.500 mq);<\/p>\n<p>&#8211; le<strong> poste di Michelucci <\/strong>(11.700 mq);<\/p>\n<p>&#8211; la <strong>Cassa di Risparmio<\/strong> (19.000 mq) all\u2019ombra della cupola del Brunelleschi, <a href=\"http:\/\/www.territorialmente.it\/2013\/06\/parcheggi-interrati-a-firenze\/\">valorizzati dalla previsione di un parcheggio interrato<\/a> (cui si oppone il comitato per Piazza Brunelleschi&#8230;). Il complesso \u00e8 stato comprato dal Tom Barrack \u2013 noto per l\u2019investimento in Costa Smeralda \u2013\u00a0a capo della Colony Capital (Colony Capital: il nome non lascia spazio a dubbi n\u00e9 sulle finalit\u00e0 n\u00e9 sui metodi). Barrack trasformer\u00e0 l\u2019isolato in nome di: \u00ab<a href=\"http:\/\/ricerca.repubblica.it\/repubblica\/archivio\/repubblica\/2015\/09\/17\/case-di-lusso-e-negozi-il-re-dellimmobiliare-si-compra-un-isolatoFirenze02.html\">lusso al posto del trading<\/a>\u00bb;<\/p>\n<p>&#8211; <strong>Sant\u2019Orsola<\/strong>, di propriet\u00e0 della Provincia (17.500 mq);<\/p>\n<p>&#8211; <strong>Palazzo Portinari<\/strong> ex Banca toscana sul Corso (13.000 mq per 44 appartamenti e 47 posti auto interrati);<\/p>\n<p>&#8211; la <strong>Scuola allievi sottoufficiali<\/strong> nel convento di Santa Maria Novella;<\/p>\n<p>&#8211; la <strong>Corte d\u2019assise<\/strong> in via Cavour, progettata da Bernardo Buontalenti;<\/p>\n<p>&#8211; il <strong>Distretto militare<\/strong> nel convento di Santo Spirito;<\/p>\n<p>&#8211; l\u2019ex <strong>Ospedale militare<\/strong> in via San Gallo (16.200 mq);<\/p>\n<p>&#8211; il <strong>Tribunale per i minori<\/strong> in via della Scala;<\/p>\n<p>&#8211; l\u2019<strong>Accademia di Sanit\u00e0 militare <\/strong>in via Tripoli;<\/p>\n<p>&#8211; la <strong>Scuola di Sanit\u00e0 militare<\/strong> nell\u2019ex convento del Maglio;<\/p>\n<p>&#8211; il convento di <strong>Monte Oliveto<\/strong> sulla collina di Bellosguardo;<\/p>\n<p>&#8211; il <strong>Nuovo Conventino<\/strong>;<\/p>\n<p>&#8211; la <strong>Caserma Cavalli<\/strong> in piazza del Carmine;<\/p>\n<p>&#8211; la <strong>Dogana<\/strong> in via Valfonda;<\/p>\n<p>&#8211; la <strong>Caserma Baldissera<\/strong>;<\/p>\n<p>&#8211; la <strong>Rotonda di Brunelleschi<\/strong> e il contiguo convento;<\/p>\n<p>&#8211; il <strong>Teatro Nazionale<\/strong> e il <strong>Supercinema<\/strong> in via de\u2019 Cerchi-Cimatori;<\/p>\n<p>&#8211; il <strong>Teatro Niccolini<\/strong> in via Ricasoli;<\/p>\n<p>&#8211; il cinema <strong>Eolo<\/strong> (per il quale il si ventila l\u2019ipotesi della trasformazione in parcheggio-silos, in pieno centro);<\/p>\n<p>&#8211; <a href=\"http:\/\/www.cittametropolitana.fi.it\/la-citta-metropolitana-pone-in-vendita-due-grandi-edifici-pubblici-a-firenze\/\">l\u2019ospedale di San Bonifazio, sede della <strong>Questura<\/strong><\/a>, messo all\u2019asta da Nardella, ora in veste di presidente della Citt\u00e0 metropolitana.<\/p>\n<p>Ultima arrivata in ordine di tempo, la <strong><a href=\"https:\/\/awfp.ferservizi.it\/PortaleVendite\/\">Leopolda<\/a><\/strong>: 7,2 milioni di euro, superficie commerciale di 5.200 mq, emblema del nuovo corso politico, ma ora anche del vecchio sistema per far cassa.<\/p>\n<p><em>[L\u2019articolo \u00e8 la (quasi fedele) trascrizione dell\u2019intervento all\u2019assemblea della ReTe dei comitati per difesa del territorio tenutasi a Firenze il 14 novembre 2015. Ringrazio Maurizio Da Re per l\u2019indispensabile collaborazione]<\/em><\/p>\n<p style=\"text-align: right;\"><strong>*Ilaria Agostini, urbanista attiva in perUnaltracitt\u00e0<\/strong><\/p>\n","protected":false},"excerpt":{"rendered":"<p>Se si escludono il tunnel TAV, la costruzione del nuovo aeroporto che punta dritto sulla cupola del Brunelleschi, il metr\u00f2 sotto piazza del Duomo, i parcheggi interrati nel centro antico, la principale emergenza fiorentina resta, senza ombra di dubbio, la mercificazione della citt\u00e0 antica attuata tramite la svendita del patrimonio edilizio pubblico e l\u2019abdicazione al &hellip;<\/p>\n<p class=\"read-more\"> <a class=\"\" href=\"https:\/\/www.perunaltracitta.org\/homepage\/2015\/11\/28\/citta-merce-o-citta-felice-2\/\"> <span class=\"screen-reader-text\">Citt\u00e0 merce o citt\u00e0 felice? La lista per chi vuole speculare a Firenze<\/span> Leggi altro &raquo;<\/a><\/p>\n","protected":false},"author":10,"featured_media":5024,"comment_status":"open","ping_status":"open","sticky":false,"template":"","format":"standard","meta":{"_uag_custom_page_level_css":"","site-sidebar-layout":"default","site-content-layout":"default","ast-global-header-display":"","ast-main-header-display":"","ast-hfb-above-header-display":"","ast-hfb-below-header-display":"","ast-hfb-mobile-header-display":"","site-post-title":"","ast-breadcrumbs-content":"","ast-featured-img":"","footer-sml-layout":"","theme-transparent-header-meta":"","adv-header-id-meta":"","stick-header-meta":"","header-above-stick-meta":"","header-main-stick-meta":"","header-below-stick-meta":"","footnotes":""},"categories":[41],"tags":[],"class_list":["post-5082","post","type-post","status-publish","format-standard","has-post-thumbnail","hentry","category-la-citta-invisibile"],"yoast_head":"<!-- This site is optimized with the Yoast SEO plugin v25.1 - https:\/\/yoast.com\/wordpress\/plugins\/seo\/ -->\n<title>Citt\u00e0 merce o citt\u00e0 felice? La lista per chi vuole speculare a Firenze - La Citt\u00e0 invisibile | perUnaltracitt\u00e0 | Firenze<\/title>\n<meta name=\"robots\" content=\"index, follow, max-snippet:-1, max-image-preview:large, max-video-preview:-1\" \/>\n<link rel=\"canonical\" href=\"https:\/\/www.perunaltracitta.org\/homepage\/2015\/11\/28\/citta-merce-o-citta-felice-2\/\" \/>\n<meta property=\"og:locale\" content=\"it_IT\" \/>\n<meta property=\"og:type\" content=\"article\" \/>\n<meta property=\"og:title\" content=\"Citt\u00e0 merce o citt\u00e0 felice? La lista per chi vuole speculare a Firenze - La Citt\u00e0 invisibile | perUnaltracitt\u00e0 | Firenze\" \/>\n<meta property=\"og:description\" content=\"Se si escludono il tunnel TAV, la costruzione del nuovo aeroporto che punta dritto sulla cupola del Brunelleschi, il metr\u00f2 sotto piazza del Duomo, i parcheggi interrati nel centro antico, la principale emergenza fiorentina resta, senza ombra di dubbio, la mercificazione della citt\u00e0 antica attuata tramite la svendita del patrimonio edilizio pubblico e l\u2019abdicazione al &hellip; Citt\u00e0 merce o citt\u00e0 felice? La lista per chi vuole speculare a Firenze Leggi altro &raquo;\" \/>\n<meta property=\"og:url\" content=\"https:\/\/www.perunaltracitta.org\/homepage\/2015\/11\/28\/citta-merce-o-citta-felice-2\/\" \/>\n<meta property=\"og:site_name\" content=\"La Citt\u00e0 invisibile | perUnaltracitt\u00e0 | Firenze\" \/>\n<meta property=\"article:publisher\" content=\"https:\/\/www.facebook.com\/perunaltracitta\" \/>\n<meta property=\"article:published_time\" content=\"2015-11-28T14:28:44+00:00\" \/>\n<meta property=\"article:modified_time\" content=\"2017-12-19T15:40:42+00:00\" \/>\n<meta property=\"og:image\" content=\"https:\/\/www.perunaltracitta.org\/wp-content\/uploads\/2015\/11\/renzi-leopolda-620x372.jpg\" \/>\n\t<meta property=\"og:image:width\" content=\"620\" \/>\n\t<meta property=\"og:image:height\" content=\"372\" \/>\n\t<meta property=\"og:image:type\" content=\"image\/jpeg\" \/>\n<meta name=\"author\" content=\"Ilaria Agostini\" \/>\n<meta name=\"twitter:card\" content=\"summary_large_image\" \/>\n<meta name=\"twitter:creator\" content=\"@perunaltracitta\" \/>\n<meta name=\"twitter:site\" content=\"@perunaltracitta\" \/>\n<meta name=\"twitter:label1\" content=\"Scritto da\" \/>\n\t<meta name=\"twitter:data1\" content=\"Ilaria Agostini\" \/>\n\t<meta name=\"twitter:label2\" content=\"Tempo di lettura stimato\" \/>\n\t<meta name=\"twitter:data2\" content=\"7 minuti\" \/>\n<script type=\"application\/ld+json\" class=\"yoast-schema-graph\">{\"@context\":\"https:\/\/schema.org\",\"@graph\":[{\"@type\":\"Article\",\"@id\":\"https:\/\/www.perunaltracitta.org\/homepage\/2015\/11\/28\/citta-merce-o-citta-felice-2\/#article\",\"isPartOf\":{\"@id\":\"https:\/\/www.perunaltracitta.org\/homepage\/2015\/11\/28\/citta-merce-o-citta-felice-2\/\"},\"author\":{\"name\":\"Ilaria Agostini\",\"@id\":\"https:\/\/www.perunaltracitta.org\/homepage\/#\/schema\/person\/876812982e80edaaf5cadc8ed1c3143c\"},\"headline\":\"Citt\u00e0 merce o citt\u00e0 felice? La lista per chi vuole speculare a Firenze\",\"datePublished\":\"2015-11-28T14:28:44+00:00\",\"dateModified\":\"2017-12-19T15:40:42+00:00\",\"mainEntityOfPage\":{\"@id\":\"https:\/\/www.perunaltracitta.org\/homepage\/2015\/11\/28\/citta-merce-o-citta-felice-2\/\"},\"wordCount\":1457,\"commentCount\":1,\"publisher\":{\"@id\":\"https:\/\/www.perunaltracitta.org\/homepage\/#organization\"},\"image\":{\"@id\":\"https:\/\/www.perunaltracitta.org\/homepage\/2015\/11\/28\/citta-merce-o-citta-felice-2\/#primaryimage\"},\"thumbnailUrl\":\"https:\/\/www.perunaltracitta.org\/wp-content\/uploads\/2015\/11\/renzi-leopolda-620x372.jpg\",\"articleSection\":[\"La Citt\u00e0 invisibile\"],\"inLanguage\":\"it-IT\",\"potentialAction\":[{\"@type\":\"CommentAction\",\"name\":\"Comment\",\"target\":[\"https:\/\/www.perunaltracitta.org\/homepage\/2015\/11\/28\/citta-merce-o-citta-felice-2\/#respond\"]}]},{\"@type\":\"WebPage\",\"@id\":\"https:\/\/www.perunaltracitta.org\/homepage\/2015\/11\/28\/citta-merce-o-citta-felice-2\/\",\"url\":\"https:\/\/www.perunaltracitta.org\/homepage\/2015\/11\/28\/citta-merce-o-citta-felice-2\/\",\"name\":\"Citt\u00e0 merce o citt\u00e0 felice? La lista per chi vuole speculare a Firenze - La Citt\u00e0 invisibile | perUnaltracitt\u00e0 | Firenze\",\"isPartOf\":{\"@id\":\"https:\/\/www.perunaltracitta.org\/homepage\/#website\"},\"primaryImageOfPage\":{\"@id\":\"https:\/\/www.perunaltracitta.org\/homepage\/2015\/11\/28\/citta-merce-o-citta-felice-2\/#primaryimage\"},\"image\":{\"@id\":\"https:\/\/www.perunaltracitta.org\/homepage\/2015\/11\/28\/citta-merce-o-citta-felice-2\/#primaryimage\"},\"thumbnailUrl\":\"https:\/\/www.perunaltracitta.org\/wp-content\/uploads\/2015\/11\/renzi-leopolda-620x372.jpg\",\"datePublished\":\"2015-11-28T14:28:44+00:00\",\"dateModified\":\"2017-12-19T15:40:42+00:00\",\"breadcrumb\":{\"@id\":\"https:\/\/www.perunaltracitta.org\/homepage\/2015\/11\/28\/citta-merce-o-citta-felice-2\/#breadcrumb\"},\"inLanguage\":\"it-IT\",\"potentialAction\":[{\"@type\":\"ReadAction\",\"target\":[\"https:\/\/www.perunaltracitta.org\/homepage\/2015\/11\/28\/citta-merce-o-citta-felice-2\/\"]}]},{\"@type\":\"ImageObject\",\"inLanguage\":\"it-IT\",\"@id\":\"https:\/\/www.perunaltracitta.org\/homepage\/2015\/11\/28\/citta-merce-o-citta-felice-2\/#primaryimage\",\"url\":\"https:\/\/www.perunaltracitta.org\/wp-content\/uploads\/2015\/11\/renzi-leopolda-620x372.jpg\",\"contentUrl\":\"https:\/\/www.perunaltracitta.org\/wp-content\/uploads\/2015\/11\/renzi-leopolda-620x372.jpg\",\"width\":620,\"height\":372},{\"@type\":\"BreadcrumbList\",\"@id\":\"https:\/\/www.perunaltracitta.org\/homepage\/2015\/11\/28\/citta-merce-o-citta-felice-2\/#breadcrumb\",\"itemListElement\":[{\"@type\":\"ListItem\",\"position\":1,\"name\":\"Home\",\"item\":\"https:\/\/www.perunaltracitta.org\/homepage\/\"},{\"@type\":\"ListItem\",\"position\":2,\"name\":\"Citt\u00e0 merce o citt\u00e0 felice? La lista per chi vuole speculare a Firenze\"}]},{\"@type\":\"WebSite\",\"@id\":\"https:\/\/www.perunaltracitta.org\/homepage\/#website\",\"url\":\"https:\/\/www.perunaltracitta.org\/homepage\/\",\"name\":\"La Citt\u00e0 invisibile | perUnaltracitt\u00e0 | Firenze\",\"description\":\"Voci oltre il pensiero unico\",\"publisher\":{\"@id\":\"https:\/\/www.perunaltracitta.org\/homepage\/#organization\"},\"potentialAction\":[{\"@type\":\"SearchAction\",\"target\":{\"@type\":\"EntryPoint\",\"urlTemplate\":\"https:\/\/www.perunaltracitta.org\/homepage\/?s={search_term_string}\"},\"query-input\":{\"@type\":\"PropertyValueSpecification\",\"valueRequired\":true,\"valueName\":\"search_term_string\"}}],\"inLanguage\":\"it-IT\"},{\"@type\":\"Organization\",\"@id\":\"https:\/\/www.perunaltracitta.org\/homepage\/#organization\",\"name\":\"perUnaltracitt\u00e0 - laboratorio politico Firenze\",\"url\":\"https:\/\/www.perunaltracitta.org\/homepage\/\",\"logo\":{\"@type\":\"ImageObject\",\"inLanguage\":\"it-IT\",\"@id\":\"https:\/\/www.perunaltracitta.org\/homepage\/#\/schema\/logo\/image\/\",\"url\":\"https:\/\/www.perunaltracitta.org\/wp-content\/uploads\/2025\/11\/Original-on-Transparent-Copia-af-1.png\",\"contentUrl\":\"https:\/\/www.perunaltracitta.org\/wp-content\/uploads\/2025\/11\/Original-on-Transparent-Copia-af-1.png\",\"width\":600,\"height\":153,\"caption\":\"perUnaltracitt\u00e0 - laboratorio politico Firenze\"},\"image\":{\"@id\":\"https:\/\/www.perunaltracitta.org\/homepage\/#\/schema\/logo\/image\/\"},\"sameAs\":[\"https:\/\/www.facebook.com\/perunaltracitta\",\"https:\/\/x.com\/perunaltracitta\"]},{\"@type\":\"Person\",\"@id\":\"https:\/\/www.perunaltracitta.org\/homepage\/#\/schema\/person\/876812982e80edaaf5cadc8ed1c3143c\",\"name\":\"Ilaria Agostini\",\"image\":{\"@type\":\"ImageObject\",\"inLanguage\":\"it-IT\",\"@id\":\"https:\/\/www.perunaltracitta.org\/homepage\/#\/schema\/person\/image\/\",\"url\":\"https:\/\/www.perunaltracitta.org\/wp-content\/uploads\/2017\/02\/foto_ilaria_agostini-96x96.jpg\",\"contentUrl\":\"https:\/\/www.perunaltracitta.org\/wp-content\/uploads\/2017\/02\/foto_ilaria_agostini-96x96.jpg\",\"caption\":\"Ilaria Agostini\"},\"description\":\"Ilaria Agostini, urbanista, insegna all'Universit\u00e0 di Bologna. Fa parte del Gruppo urbanistica perUnaltracitt\u00e0. Ha curato i libri collettivi Urbanistica resistente nella Firenze neoliberista: perUnaltracitt\u00e0 2004-2014, Firenze fabbrica del turismo e Turismo di classe: studentati di lusso e selezione sociale a Firenze\",\"url\":\"https:\/\/www.perunaltracitta.org\/homepage\/author\/ilaria\/\"}]}<\/script>\n<!-- \/ Yoast SEO plugin. -->","yoast_head_json":{"title":"Citt\u00e0 merce o citt\u00e0 felice? La lista per chi vuole speculare a Firenze - La Citt\u00e0 invisibile | perUnaltracitt\u00e0 | Firenze","robots":{"index":"index","follow":"follow","max-snippet":"max-snippet:-1","max-image-preview":"max-image-preview:large","max-video-preview":"max-video-preview:-1"},"canonical":"https:\/\/www.perunaltracitta.org\/homepage\/2015\/11\/28\/citta-merce-o-citta-felice-2\/","og_locale":"it_IT","og_type":"article","og_title":"Citt\u00e0 merce o citt\u00e0 felice? La lista per chi vuole speculare a Firenze - La Citt\u00e0 invisibile | perUnaltracitt\u00e0 | Firenze","og_description":"Se si escludono il tunnel TAV, la costruzione del nuovo aeroporto che punta dritto sulla cupola del Brunelleschi, il metr\u00f2 sotto piazza del Duomo, i parcheggi interrati nel centro antico, la principale emergenza fiorentina resta, senza ombra di dubbio, la mercificazione della citt\u00e0 antica attuata tramite la svendita del patrimonio edilizio pubblico e l\u2019abdicazione al &hellip; Citt\u00e0 merce o citt\u00e0 felice? La lista per chi vuole speculare a Firenze Leggi altro &raquo;","og_url":"https:\/\/www.perunaltracitta.org\/homepage\/2015\/11\/28\/citta-merce-o-citta-felice-2\/","og_site_name":"La Citt\u00e0 invisibile | perUnaltracitt\u00e0 | Firenze","article_publisher":"https:\/\/www.facebook.com\/perunaltracitta","article_published_time":"2015-11-28T14:28:44+00:00","article_modified_time":"2017-12-19T15:40:42+00:00","og_image":[{"width":620,"height":372,"url":"https:\/\/www.perunaltracitta.org\/wp-content\/uploads\/2015\/11\/renzi-leopolda-620x372.jpg","type":"image\/jpeg"}],"author":"Ilaria Agostini","twitter_card":"summary_large_image","twitter_creator":"@perunaltracitta","twitter_site":"@perunaltracitta","twitter_misc":{"Scritto da":"Ilaria Agostini","Tempo di lettura stimato":"7 minuti"},"schema":{"@context":"https:\/\/schema.org","@graph":[{"@type":"Article","@id":"https:\/\/www.perunaltracitta.org\/homepage\/2015\/11\/28\/citta-merce-o-citta-felice-2\/#article","isPartOf":{"@id":"https:\/\/www.perunaltracitta.org\/homepage\/2015\/11\/28\/citta-merce-o-citta-felice-2\/"},"author":{"name":"Ilaria Agostini","@id":"https:\/\/www.perunaltracitta.org\/homepage\/#\/schema\/person\/876812982e80edaaf5cadc8ed1c3143c"},"headline":"Citt\u00e0 merce o citt\u00e0 felice? La lista per chi vuole speculare a Firenze","datePublished":"2015-11-28T14:28:44+00:00","dateModified":"2017-12-19T15:40:42+00:00","mainEntityOfPage":{"@id":"https:\/\/www.perunaltracitta.org\/homepage\/2015\/11\/28\/citta-merce-o-citta-felice-2\/"},"wordCount":1457,"commentCount":1,"publisher":{"@id":"https:\/\/www.perunaltracitta.org\/homepage\/#organization"},"image":{"@id":"https:\/\/www.perunaltracitta.org\/homepage\/2015\/11\/28\/citta-merce-o-citta-felice-2\/#primaryimage"},"thumbnailUrl":"https:\/\/www.perunaltracitta.org\/wp-content\/uploads\/2015\/11\/renzi-leopolda-620x372.jpg","articleSection":["La Citt\u00e0 invisibile"],"inLanguage":"it-IT","potentialAction":[{"@type":"CommentAction","name":"Comment","target":["https:\/\/www.perunaltracitta.org\/homepage\/2015\/11\/28\/citta-merce-o-citta-felice-2\/#respond"]}]},{"@type":"WebPage","@id":"https:\/\/www.perunaltracitta.org\/homepage\/2015\/11\/28\/citta-merce-o-citta-felice-2\/","url":"https:\/\/www.perunaltracitta.org\/homepage\/2015\/11\/28\/citta-merce-o-citta-felice-2\/","name":"Citt\u00e0 merce o citt\u00e0 felice? La lista per chi vuole speculare a Firenze - La Citt\u00e0 invisibile | perUnaltracitt\u00e0 | Firenze","isPartOf":{"@id":"https:\/\/www.perunaltracitta.org\/homepage\/#website"},"primaryImageOfPage":{"@id":"https:\/\/www.perunaltracitta.org\/homepage\/2015\/11\/28\/citta-merce-o-citta-felice-2\/#primaryimage"},"image":{"@id":"https:\/\/www.perunaltracitta.org\/homepage\/2015\/11\/28\/citta-merce-o-citta-felice-2\/#primaryimage"},"thumbnailUrl":"https:\/\/www.perunaltracitta.org\/wp-content\/uploads\/2015\/11\/renzi-leopolda-620x372.jpg","datePublished":"2015-11-28T14:28:44+00:00","dateModified":"2017-12-19T15:40:42+00:00","breadcrumb":{"@id":"https:\/\/www.perunaltracitta.org\/homepage\/2015\/11\/28\/citta-merce-o-citta-felice-2\/#breadcrumb"},"inLanguage":"it-IT","potentialAction":[{"@type":"ReadAction","target":["https:\/\/www.perunaltracitta.org\/homepage\/2015\/11\/28\/citta-merce-o-citta-felice-2\/"]}]},{"@type":"ImageObject","inLanguage":"it-IT","@id":"https:\/\/www.perunaltracitta.org\/homepage\/2015\/11\/28\/citta-merce-o-citta-felice-2\/#primaryimage","url":"https:\/\/www.perunaltracitta.org\/wp-content\/uploads\/2015\/11\/renzi-leopolda-620x372.jpg","contentUrl":"https:\/\/www.perunaltracitta.org\/wp-content\/uploads\/2015\/11\/renzi-leopolda-620x372.jpg","width":620,"height":372},{"@type":"BreadcrumbList","@id":"https:\/\/www.perunaltracitta.org\/homepage\/2015\/11\/28\/citta-merce-o-citta-felice-2\/#breadcrumb","itemListElement":[{"@type":"ListItem","position":1,"name":"Home","item":"https:\/\/www.perunaltracitta.org\/homepage\/"},{"@type":"ListItem","position":2,"name":"Citt\u00e0 merce o citt\u00e0 felice? La lista per chi vuole speculare a Firenze"}]},{"@type":"WebSite","@id":"https:\/\/www.perunaltracitta.org\/homepage\/#website","url":"https:\/\/www.perunaltracitta.org\/homepage\/","name":"La Citt\u00e0 invisibile | perUnaltracitt\u00e0 | Firenze","description":"Voci oltre il pensiero unico","publisher":{"@id":"https:\/\/www.perunaltracitta.org\/homepage\/#organization"},"potentialAction":[{"@type":"SearchAction","target":{"@type":"EntryPoint","urlTemplate":"https:\/\/www.perunaltracitta.org\/homepage\/?s={search_term_string}"},"query-input":{"@type":"PropertyValueSpecification","valueRequired":true,"valueName":"search_term_string"}}],"inLanguage":"it-IT"},{"@type":"Organization","@id":"https:\/\/www.perunaltracitta.org\/homepage\/#organization","name":"perUnaltracitt\u00e0 - laboratorio politico Firenze","url":"https:\/\/www.perunaltracitta.org\/homepage\/","logo":{"@type":"ImageObject","inLanguage":"it-IT","@id":"https:\/\/www.perunaltracitta.org\/homepage\/#\/schema\/logo\/image\/","url":"https:\/\/www.perunaltracitta.org\/wp-content\/uploads\/2025\/11\/Original-on-Transparent-Copia-af-1.png","contentUrl":"https:\/\/www.perunaltracitta.org\/wp-content\/uploads\/2025\/11\/Original-on-Transparent-Copia-af-1.png","width":600,"height":153,"caption":"perUnaltracitt\u00e0 - laboratorio politico Firenze"},"image":{"@id":"https:\/\/www.perunaltracitta.org\/homepage\/#\/schema\/logo\/image\/"},"sameAs":["https:\/\/www.facebook.com\/perunaltracitta","https:\/\/x.com\/perunaltracitta"]},{"@type":"Person","@id":"https:\/\/www.perunaltracitta.org\/homepage\/#\/schema\/person\/876812982e80edaaf5cadc8ed1c3143c","name":"Ilaria Agostini","image":{"@type":"ImageObject","inLanguage":"it-IT","@id":"https:\/\/www.perunaltracitta.org\/homepage\/#\/schema\/person\/image\/","url":"https:\/\/www.perunaltracitta.org\/wp-content\/uploads\/2017\/02\/foto_ilaria_agostini-96x96.jpg","contentUrl":"https:\/\/www.perunaltracitta.org\/wp-content\/uploads\/2017\/02\/foto_ilaria_agostini-96x96.jpg","caption":"Ilaria Agostini"},"description":"Ilaria Agostini, urbanista, insegna all'Universit\u00e0 di Bologna. Fa parte del Gruppo urbanistica perUnaltracitt\u00e0. Ha curato i libri collettivi Urbanistica resistente nella Firenze neoliberista: perUnaltracitt\u00e0 2004-2014, Firenze fabbrica del turismo e Turismo di classe: studentati di lusso e selezione sociale a Firenze","url":"https:\/\/www.perunaltracitta.org\/homepage\/author\/ilaria\/"}]}},"uagb_featured_image_src":{"full":["https:\/\/www.perunaltracitta.org\/wp-content\/uploads\/2015\/11\/renzi-leopolda-620x372.jpg",620,372,false],"thumbnail":["https:\/\/www.perunaltracitta.org\/wp-content\/uploads\/2015\/11\/renzi-leopolda-620x372-150x150.jpg",150,150,true],"medium":["https:\/\/www.perunaltracitta.org\/wp-content\/uploads\/2015\/11\/renzi-leopolda-620x372-300x180.jpg",300,180,true],"medium_large":["https:\/\/www.perunaltracitta.org\/wp-content\/uploads\/2015\/11\/renzi-leopolda-620x372.jpg",620,372,false],"large":["https:\/\/www.perunaltracitta.org\/wp-content\/uploads\/2015\/11\/renzi-leopolda-620x372.jpg",620,372,false],"wysija-newsletters-max":["https:\/\/www.perunaltracitta.org\/wp-content\/uploads\/2015\/11\/renzi-leopolda-620x372-600x360.jpg",600,360,true],"1536x1536":["https:\/\/www.perunaltracitta.org\/wp-content\/uploads\/2015\/11\/renzi-leopolda-620x372.jpg",620,372,false],"2048x2048":["https:\/\/www.perunaltracitta.org\/wp-content\/uploads\/2015\/11\/renzi-leopolda-620x372.jpg",620,372,false],"mailpoet_newsletter_max":["https:\/\/www.perunaltracitta.org\/wp-content\/uploads\/2015\/11\/renzi-leopolda-620x372.jpg",620,372,false],"yarpp-thumbnail":["https:\/\/www.perunaltracitta.org\/wp-content\/uploads\/2015\/11\/renzi-leopolda-620x372.jpg",120,72,false]},"uagb_author_info":{"display_name":"Ilaria Agostini","author_link":"https:\/\/www.perunaltracitta.org\/homepage\/author\/ilaria\/"},"uagb_comment_info":1,"uagb_excerpt":"Se si escludono il tunnel TAV, la costruzione del nuovo aeroporto che punta dritto sulla cupola del Brunelleschi, il metr\u00f2 sotto piazza del Duomo, i parcheggi interrati nel centro antico, la principale emergenza fiorentina resta, senza ombra di dubbio, la mercificazione della citt\u00e0 antica attuata tramite la svendita del patrimonio edilizio pubblico e l\u2019abdicazione al&hellip;","_links":{"self":[{"href":"https:\/\/www.perunaltracitta.org\/homepage\/wp-json\/wp\/v2\/posts\/5082","targetHints":{"allow":["GET"]}}],"collection":[{"href":"https:\/\/www.perunaltracitta.org\/homepage\/wp-json\/wp\/v2\/posts"}],"about":[{"href":"https:\/\/www.perunaltracitta.org\/homepage\/wp-json\/wp\/v2\/types\/post"}],"author":[{"embeddable":true,"href":"https:\/\/www.perunaltracitta.org\/homepage\/wp-json\/wp\/v2\/users\/10"}],"replies":[{"embeddable":true,"href":"https:\/\/www.perunaltracitta.org\/homepage\/wp-json\/wp\/v2\/comments?post=5082"}],"version-history":[{"count":4,"href":"https:\/\/www.perunaltracitta.org\/homepage\/wp-json\/wp\/v2\/posts\/5082\/revisions"}],"predecessor-version":[{"id":5233,"href":"https:\/\/www.perunaltracitta.org\/homepage\/wp-json\/wp\/v2\/posts\/5082\/revisions\/5233"}],"wp:featuredmedia":[{"embeddable":true,"href":"https:\/\/www.perunaltracitta.org\/homepage\/wp-json\/wp\/v2\/media\/5024"}],"wp:attachment":[{"href":"https:\/\/www.perunaltracitta.org\/homepage\/wp-json\/wp\/v2\/media?parent=5082"}],"wp:term":[{"taxonomy":"category","embeddable":true,"href":"https:\/\/www.perunaltracitta.org\/homepage\/wp-json\/wp\/v2\/categories?post=5082"},{"taxonomy":"post_tag","embeddable":true,"href":"https:\/\/www.perunaltracitta.org\/homepage\/wp-json\/wp\/v2\/tags?post=5082"}],"curies":[{"name":"wp","href":"https:\/\/api.w.org\/{rel}","templated":true}]}}