{"id":65199,"date":"2017-10-24T15:01:49","date_gmt":"2017-10-24T13:01:49","guid":{"rendered":"http:\/\/www.perunaltracitta.org\/?p=65199"},"modified":"2025-04-07T18:01:17","modified_gmt":"2025-04-07T16:01:17","slug":"la-messa-valore-dello-spazio-caso-pisa-vicenda-bulgarella-ed-speculazioni-urbane","status":"publish","type":"post","link":"https:\/\/www.perunaltracitta.org\/homepage\/2017\/10\/24\/la-messa-valore-dello-spazio-caso-pisa-vicenda-bulgarella-ed-speculazioni-urbane\/","title":{"rendered":"La messa a valore dello spazio: il caso di Pisa tra &#8220;vicenda Bulgarella&#8221; ed altre speculazioni urbane"},"content":{"rendered":"<div class=\"date\" style=\"margin-top: 10px;\">\n<p>Il capitalismo \u00e8 pi\u00f9 vivo che mai, la crisi non lo ha arrestato, anzi ha acuito le dinamiche speculative nel campo immobiliare e edilizio. Le nostre citt\u00e0 sono ormai agglomerati urbani con scheletri architettonici anoressici e spesso in stato vegetativo permanente. Abbondano gli spazi vuoti lasciati al degrado di topi e piccioni. Abbondano progetti urbanistici mai conclusi. Lavori mai terminati gi\u00e0 diventati luoghi \u201cmostruosi\u201d. Agglomerati di cemento che hanno sterminato gli ultimi spazi verdi, ormai vere e proprie \u201criserve indiane\u201d disseminate a macchia di leopardo nella continuit\u00e0 dell\u2019urbanizzazione, ovvero in uno spazio che ha ampiamente superato la dicotomia fra ci\u00f2 che un tempo era distinguibile come \u201ccitt\u00e0\u201d e ci\u00f2 che invece era \u201ccampagna\u201d.<\/p>\n<p><img loading=\"lazy\" decoding=\"async\" class=\"alignleft size-full wp-image-65200\" src=\"https:\/\/www.perunaltracitta.org\/wp-content\/uploads\/2017\/10\/pisa.jpg\" alt=\"\" width=\"273\" height=\"184\" \/>Pisa sembrerebbe essere un nucleo urbano perfettamente in continuit\u00e0 con simili andamenti. Ne \u00e8 chiara e palese dimostrazione lo sviluppo impressionante del mercato immobiliare portato avanti da diversi imprenditori e \u201cpoteri forti del mattone\u201d. Negli ultimi mesi \u00e8 salita alle cronache \u2013 ancora una volta \u2013 la vicenda di Andrea Bulgarella, imprenditore trapanese su cui la procura indaga da tempo riconoscendolo \u2013 questa \u00e8 l\u2019accusa \u2013 come un \u201ccolletto bianco\u201d che ricicla i guadagni della mafia di Matteo Messina Denaro.[1]<\/p>\n<p>Le ultime notizie, che troviamo nel mese di ottobre in quotidiani locali come il Tirreno e La Nazione, da un lato esaltano l\u2019imprenditore autodefinitosi \u201cil poeta del mattone\u201d, dall\u2019altro mettono in luce il (gi\u00e0 dimenticato?) procedimento avviato nel 2015. L&#8217;inchiesta condotta dalla Direzione distrettuale antimafia di Firenze, dopo i sequestri e le perquisizioni dell&#8217;ottobre 2015, ha subito degli ostacoli a seguito dei provvedimenti della Corte di Cassazione; tuttavia l&#8217;ultimo pronunciamento ha confermato il decreto di perquisizione e il sequestro di documenti ascrivibili a tale indagine, contro i ricorsi presentati dai legali del costruttore trapanese, il quale continua a professarmi una vittima del sistema.[2] In secondo luogo, a Palermo la Procura della Repubblica ha aperto un&#8217;altra inchiesta, particolarmente approfondita, volta, ancora una volta, a \u00abverificare l&#8217;esistenza di indizi di appartenenza ad associazioni criminali di stampo mafioso\u00bb (La Nazione, 11\/10\/2017, p. 5). Nell&#8217;ottobre 2015, il caso Bulgarella esplose a Pisa e in Toscana, con una serie di perquisizioni e sequestri che riguardarono anche esponenti bancari nazionali (il vice presidente di Unicredit, Fabrizio Palenzona) e locali (l&#8217;ex direttore generale della Banca di credito cooperativo di Cascina, Vincenzo Littara) e l&#8217;ex presidente della Provincia regionale di Trapani Giuseppe Poma, cognato di Bulgarella.<\/p>\n<p>Le istituzioni locali a guida PD paiono, al contrario, soddisfatte dell\u2019operato di Bulgarella, tanto da permettere all\u2019imprenditore qualsiasi affare. Del resto, Palazzo Gambacorti ha sempre respinto le discussioni in Consiglio Comunale sul tema dei rapporti mafiosi di Bulgarella. Recentemente, l\u2019imprenditore ha comprato all\u2019asta, per mezzo di una propria societ\u00e0 nata ad hoc, l\u2019Ex-Hotel Granduca, a 4 km dalla Torre (in localit\u00e0 San Giuliano Terme). Sui quotidiani l\u2019imprenditore ha subito parlato di \u201csuite\u201d e spazi di lusso per il turismo. Inoltre, \u201cil poeta del mattone\u201d sta per avere la possibilit\u00e0 di costruire un nuovo supermercato, nel quartiere di Cisanello, per conto del marchio Penny Market.[3] Da questa estate, la lista civica &#8211; vicina ai movimenti sociali &#8211; \u201cUna citt\u00e0 in comune\u201d ha promosso alcune assemblee nel quartiere per organizzare l\u2019opposizione sociale all\u2019ennesima colata di cemento. Il quartiere di Cisanello infatti sta sempre pi\u00f9 trasformandosi in un grande hub di centri commerciali e la retorica di legittimazione di simile progettazione \u00e8 \u201cla creazione di posti di lavoro\u201d. \u00c8 facilmente prevedibile che tali \u201clavori\u201d saranno offerti per mezzo di contratti precari che ricattano la diffusa manovalanza a basso costo.<\/p>\n<p>A Cisanello mancano i servizi pubblici basilari, ma il Comune, per quel quartiere, ha tali progetti di valorizzazione che rispondono agli interessi economici del mattone e non alle esigenze concrete degli abitanti. Nel quartiere i supermercati abbondano, diversi infatti sono i marchi che si contendono la clientela.<\/p>\n<p>Questi affari si aggiungono a una vero e proprio \u201celenco del disastro\u201d [4]: il Parco delle due torri, cosi denominato perch\u00e9 si prefiggeva di ispirarsi alla celebre Piazza dei miracoli, vede ad oggi \u2013 il piano attuativo risale a dicembre 2006 \u2013 ancora lo scheletro di cemento, dove spesso avvengono allagamenti a causa delle piogge invernali, diventando ricettacolo di papere e altri animali. Su tale progetto, inoltre, incombono circa 150 milioni di debiti contratti dal \u201cpoeta del mattone\u201d con le banche. La seconda opera riguarda la cosiddetta \u201cPiazza del terzo millennio\u201d nel Quartiere di Ospedalletto, i piani di studio dicono che sia \u201cimpossibile non pensare alla Piramide del Louvre o alla D\u00e9fence parigina che, nel Grand Arche, ripropone in chiave moderna l\u2019Arco di Trionfo\u201d. Anche qui, Il piano attuativo, risalente al 2004, per mezzo di una variante approvata nel 2012, scadr\u00e0 nel (non cos\u00ec lontano) 2022. Bulgarella ha ancora pi\u00f9 di 6 anni per terminare i lavori che prevedono la costruzione di una nuova piazza e di tre nuove torri, tuttavia oggi possiamo ammirare solamente un cantiere aperto per tre piccoli edifici. Ancora, il complesso dei Frati Bigi, sempre a Cisanello, \u00e8 fermo dal 2008 con un permesso scaduto per costruire 29 appartamenti. Infine, la Colonia \u201cVittorio Emanuele II\u201d a Calambrone, sul litorale pisano, non \u00e8 mai stata conclusa e i cantieri sono ormai dei \u201cruderi\u201d.<\/p>\n<p>Alla \u201cvicenda-Bulgarella\u201d si aggiungono i fatti di cronaca del People Mover. Ricordo come si sia appreso questa estate del maxi-sequestro a Giandomenico Monorchio, il figlio dell\u2019ex ragioniere dello Stato Andrea Monorchio. Giandomenico Monorchio, come ben documentato dal dossier di Rebeldia,[5] \u00e8 parte della trama tentacolare mafiosa degli imprenditori e delle lobby della speculazione nel territorio pisano per mezzo dell\u2019azienda Sintel. Tale tesi \u00e8 inoltre sostenuta da giornali come il Sole 24 Ore: stando agli atti, Monorchio avrebbe compiuto presunte \u00aboperazioni corruttive svolte a pi\u00f9 livelli nell&#8217;assegnazione delle commesse relative alla costruzioni delle grandi opere nel nostro paese\u00bb.[6] Infine, va ricordato come, prima del People Mover, vi fosse la rete di autobus della citt\u00e0 e il treno diretto da Firenze che collegavano molto bene l\u2019aeroporto al centro urbano. Sarebbe bastato potenziare i servizi pubblici esistenti anzich\u00e9 dare inizio a una nuova grande opera su cui incombono \u2013 come una spada di Damocle \u2013 le indagini antimafia.<br \/>\nRebeldia, da molti anni, ha denunciato con numerose iniziative lo stato dell\u2019arte dell\u2019urbanistica a Pisa,[7] ma le voci del collettivo sono rimaste inascoltate, ricevendo solo l\u2019uso della forza poliziesca degli sgomberi coatti ordinati contro gli spazi vuoti che andava riqualificando attraverso l\u2019autorecupero. Nemmeno le dichiarazioni sulla trasparenza degli appalti dell\u2019associazione anti-mafia \u201cLibera\u201d hanno smosso il sindaco Filippeschi, il quale \u2013 nella storia della citt\u00e0 della torre pendente \u2013 si configura per essere stato il sindaco che pi\u00f9 ha incarnato la repressione contro le forze sociali e la piena libert\u00e0 di movimento per i capitali immobiliari. Com\u2019\u00e8 noto, Filippeschi \u2013 prima di Minniti \u2013 con fierezza stringeva la mano a Roberto Maroni e ai pacchetti sicurezza del Centro-Destra, preoccupandosi poco del malaffare intorno ai piani urbanistici, e molto di pi\u00f9 del \u201cpanico morale\u201d[8] provocato dalla fobia della \u201csicurezza\u201d.<\/p>\n<p>Ne La produzione dello spazio Henri Lefebvre scriveva che \u00ablo spazio diventa la posta principale di tutte le azioni e le lotte\u00bb. Il volume, anzi per la precisione i due volumi che compongono tale studio sulla sistematizzazione di una \u201cTeoria generale dello spazio\u201d, \u00e8 uscito nel 1974 in Francia e nel 1976 in Italia, tuttavia pare mantenere ancora una lucida attualit\u00e0 rispetto al quadro entro cui si collocano oggi i conflitti urbani nelle nostre citt\u00e0 e metropoli, da nord a sud, lungo tutto lo stivale. Nelle prime pagine dell\u2019opera, Lefebvre traccia l\u2019intera parabola intellettuale che vuole percorrere per mezzo di simile studio e il punto di partenza da cui prende le mosse \u00e8 il prendere atto dell\u2019egemonia culturale, sociale e politica che il capitalismo opera nella gestione dello spazio. Lo scopo del capitalismo \u00e8 creare profitto e, per questo, intrattiene con lo spazio un rapporto di dominio che ne permette la svendita e la speculazione. Anche lo spazio diventa merce di scambio e l\u2019autore delinea una teoria complessa di analisi dello spazio nell\u2019epoca della modernit\u00e0 capitalistica su cui ora non vi \u00e8 ragione di dilungarsi troppo. Ci basti pensare che tali dinamiche parrebbero essere vive ancora oggi, come ha dimostrato David Harvey, il quale \u2013 nel solco lefebvriano \u2013 pi\u00f9 volte ha dato prova di come il capitalismo abbia trovato nuove ragioni di valorizzazione attraverso i circuiti del mercato immobiliare.<\/p>\n<p>La messa a valore dello spazio \u00e8, quindi, una delle ultime frontiere di espansione del Capitale e, anche a Pisa, \u201clo spazio\u201d si configura come la posta in gioco tra due soggetti di una \u201clotta di classe per l\u2019organizzazione dello spazio\u201d: da una parte, le istanze voraci del potere asservito alle logiche di mercato, dall\u2019altro gli interessi sociali della grande maggioranza della cittadinanza. Per il Partito Democratico, infatti, \u00e8 corretto mettere all\u2019asta un bene come l\u2019Ex Hotel Granduca e costruire alloggi di lusso per il turismo. \u00c8 normale quindi che sia un privato a decidere delle sorti della progettazione urbanistica di una citt\u00e0.<\/p>\n<p>Le istituzioni hanno completamente abdicato al loro ruolo di amministratori degli interessi dei cittadini: siamo davvero sicuri che Pisa abbiamo bisogno di nuovi hotel di lusso o di nuovi supermercati? Siamo davvero sicuri che sia necessario continuare stipulare affari con imprenditori cos\u00ec poco trasparenti? Detto altrimenti, \u00e8 chiaro che ormai le logiche di valorizzazione economica e le dinamiche di gentrificazione dei luoghi superino i bisogni concreti degli uomini e donne che abitano un territorio.<br \/>\nPer concludere, Pisa si configura ormai come un \u201cbottino urbano\u201d da saccheggiare, spesso grazie all\u2019aiuto di amministratori totalmente incapaci di avere una visione complessiva del governo della citt\u00e0.<\/p>\n<p><strong>Francesco Biagi, articolo apparso su <a href=\"http:\/\/www.globalproject.info\/it\/in_movimento\/la-messa-a-valore-dello-spazio-il-caso-di-pisa-tra-vicenda-bulgarella-ed-altre-speculazioni-urbane\/21103\">GlobalProject.info<\/a><\/strong><\/p>\n<hr \/>\n<p>Note<\/p>\n<p>[1] Si veda, fra il numeroso materiale presente in rete, il documentario di Rai Tre.<br \/>\n[2] Si veda: Bulgarella, confermato sequestro degli atti, Il Tirreno, 01 marzo 2017<br \/>\n[3] Si veda: Arriva il Penny Market: previste 15 assunzioni, Il Tirreno, 10 ottobre 2017<br \/>\n[4] Fra la cronaca disponibile si veda in modo particolare: Pisa, scheletri di cemento e grandi opere mai finite: l\u2019eredit\u00e0 di Andrea Bulgarella nella roccaforte Pd, Il Fatto Quotidiano, 22 ottobre2015<br \/>\n[5] Si veda il dossier completo sul \u201cPeople Mover\u201d a questo link:<br \/>\n[6] Si veda: Grandi Opere, sequestro per 1,2 milioni all\u2019imprenditore Giandomenico Monorchio, Il Sole 24 ore, 25 luglio 2017<br \/>\n[7] L\u2019ultimo Dossier \u00e8 scaricabile a questo link<br \/>\n[8] Faccio riferimento alla categoria sociologica teorizzata da Stanley-Choen, si veda: S. Cohen, Folk Devils and Moral Panics, Routledge, London, 2011.<\/p>\n<\/div>\n","protected":false},"excerpt":{"rendered":"<p>Il capitalismo \u00e8 pi\u00f9 vivo che mai, la crisi non lo ha arrestato, anzi ha acuito le dinamiche speculative nel campo immobiliare e edilizio. Le nostre citt\u00e0 sono ormai agglomerati urbani con scheletri architettonici anoressici e spesso in stato vegetativo permanente. Abbondano gli spazi vuoti lasciati al degrado di topi e piccioni. Abbondano progetti urbanistici &hellip;<\/p>\n<p class=\"read-more\"> <a class=\"\" href=\"https:\/\/www.perunaltracitta.org\/homepage\/2017\/10\/24\/la-messa-valore-dello-spazio-caso-pisa-vicenda-bulgarella-ed-speculazioni-urbane\/\"> <span class=\"screen-reader-text\">La messa a valore dello spazio: il caso di Pisa tra &#8220;vicenda Bulgarella&#8221; ed altre speculazioni urbane<\/span> Leggi altro &raquo;<\/a><\/p>\n","protected":false},"author":185,"featured_media":65200,"comment_status":"open","ping_status":"open","sticky":false,"template":"","format":"standard","meta":{"_uag_custom_page_level_css":"","site-sidebar-layout":"default","site-content-layout":"default","ast-global-header-display":"","ast-main-header-display":"","ast-hfb-above-header-display":"","ast-hfb-below-header-display":"","ast-hfb-mobile-header-display":"","site-post-title":"","ast-breadcrumbs-content":"","ast-featured-img":"","footer-sml-layout":"","theme-transparent-header-meta":"default","adv-header-id-meta":"","stick-header-meta":"","header-above-stick-meta":"","header-main-stick-meta":"","header-below-stick-meta":"","footnotes":""},"categories":[54],"tags":[6763,489,721,33],"class_list":["post-65199","post","type-post","status-publish","format-standard","has-post-thumbnail","hentry","category-brevi","tag-bulgarella","tag-pd","tag-pisa","tag-speculazione"],"yoast_head":"<!-- This site is optimized with the Yoast SEO plugin v25.1 - https:\/\/yoast.com\/wordpress\/plugins\/seo\/ -->\n<title>La messa a valore dello spazio: il caso di Pisa tra &quot;vicenda Bulgarella&quot; ed altre speculazioni urbane - La Citt\u00e0 invisibile | perUnaltracitt\u00e0 | Firenze<\/title>\n<meta name=\"robots\" content=\"index, follow, max-snippet:-1, max-image-preview:large, max-video-preview:-1\" \/>\n<link rel=\"canonical\" href=\"https:\/\/www.perunaltracitta.org\/homepage\/2017\/10\/24\/la-messa-valore-dello-spazio-caso-pisa-vicenda-bulgarella-ed-speculazioni-urbane\/\" \/>\n<meta property=\"og:locale\" content=\"it_IT\" \/>\n<meta property=\"og:type\" content=\"article\" \/>\n<meta property=\"og:title\" content=\"La messa a valore dello spazio: il caso di Pisa tra &quot;vicenda Bulgarella&quot; ed altre speculazioni urbane - La Citt\u00e0 invisibile | perUnaltracitt\u00e0 | Firenze\" \/>\n<meta property=\"og:description\" content=\"Il capitalismo \u00e8 pi\u00f9 vivo che mai, la crisi non lo ha arrestato, anzi ha acuito le dinamiche speculative nel campo immobiliare e edilizio. Le nostre citt\u00e0 sono ormai agglomerati urbani con scheletri architettonici anoressici e spesso in stato vegetativo permanente. Abbondano gli spazi vuoti lasciati al degrado di topi e piccioni. Abbondano progetti urbanistici &hellip; La messa a valore dello spazio: il caso di Pisa tra &#8220;vicenda Bulgarella&#8221; ed altre speculazioni urbane Leggi altro &raquo;\" \/>\n<meta property=\"og:url\" content=\"https:\/\/www.perunaltracitta.org\/homepage\/2017\/10\/24\/la-messa-valore-dello-spazio-caso-pisa-vicenda-bulgarella-ed-speculazioni-urbane\/\" \/>\n<meta property=\"og:site_name\" content=\"La Citt\u00e0 invisibile | perUnaltracitt\u00e0 | Firenze\" \/>\n<meta property=\"article:publisher\" content=\"https:\/\/www.facebook.com\/perunaltracitta\" \/>\n<meta property=\"article:published_time\" content=\"2017-10-24T13:01:49+00:00\" \/>\n<meta property=\"article:modified_time\" content=\"2025-04-07T16:01:17+00:00\" \/>\n<meta property=\"og:image\" content=\"https:\/\/www.perunaltracitta.org\/wp-content\/uploads\/2017\/10\/pisa.jpg\" \/>\n\t<meta property=\"og:image:width\" content=\"273\" \/>\n\t<meta property=\"og:image:height\" content=\"184\" \/>\n\t<meta property=\"og:image:type\" content=\"image\/jpeg\" \/>\n<meta name=\"author\" content=\"Francesco Biagi\" \/>\n<meta name=\"twitter:card\" content=\"summary_large_image\" \/>\n<meta name=\"twitter:creator\" content=\"@perunaltracitta\" \/>\n<meta name=\"twitter:site\" content=\"@perunaltracitta\" \/>\n<meta name=\"twitter:label1\" content=\"Scritto da\" \/>\n\t<meta name=\"twitter:data1\" content=\"Francesco Biagi\" \/>\n\t<meta name=\"twitter:label2\" content=\"Tempo di lettura stimato\" \/>\n\t<meta name=\"twitter:data2\" content=\"10 minuti\" \/>\n<script type=\"application\/ld+json\" class=\"yoast-schema-graph\">{\"@context\":\"https:\/\/schema.org\",\"@graph\":[{\"@type\":\"Article\",\"@id\":\"https:\/\/www.perunaltracitta.org\/homepage\/2017\/10\/24\/la-messa-valore-dello-spazio-caso-pisa-vicenda-bulgarella-ed-speculazioni-urbane\/#article\",\"isPartOf\":{\"@id\":\"https:\/\/www.perunaltracitta.org\/homepage\/2017\/10\/24\/la-messa-valore-dello-spazio-caso-pisa-vicenda-bulgarella-ed-speculazioni-urbane\/\"},\"author\":{\"name\":\"Francesco Biagi\",\"@id\":\"https:\/\/www.perunaltracitta.org\/homepage\/#\/schema\/person\/5210c0def7cba8b3102db4355e9c53fb\"},\"headline\":\"La messa a valore dello spazio: il caso di Pisa tra &#8220;vicenda Bulgarella&#8221; ed altre speculazioni urbane\",\"datePublished\":\"2017-10-24T13:01:49+00:00\",\"dateModified\":\"2025-04-07T16:01:17+00:00\",\"mainEntityOfPage\":{\"@id\":\"https:\/\/www.perunaltracitta.org\/homepage\/2017\/10\/24\/la-messa-valore-dello-spazio-caso-pisa-vicenda-bulgarella-ed-speculazioni-urbane\/\"},\"wordCount\":1701,\"commentCount\":0,\"publisher\":{\"@id\":\"https:\/\/www.perunaltracitta.org\/homepage\/#organization\"},\"image\":{\"@id\":\"https:\/\/www.perunaltracitta.org\/homepage\/2017\/10\/24\/la-messa-valore-dello-spazio-caso-pisa-vicenda-bulgarella-ed-speculazioni-urbane\/#primaryimage\"},\"thumbnailUrl\":\"https:\/\/www.perunaltracitta.org\/wp-content\/uploads\/2017\/10\/pisa.jpg\",\"keywords\":[\"Bulgarella\",\"pd\",\"Pisa\",\"speculazione\"],\"articleSection\":[\"Brevi\"],\"inLanguage\":\"it-IT\",\"potentialAction\":[{\"@type\":\"CommentAction\",\"name\":\"Comment\",\"target\":[\"https:\/\/www.perunaltracitta.org\/homepage\/2017\/10\/24\/la-messa-valore-dello-spazio-caso-pisa-vicenda-bulgarella-ed-speculazioni-urbane\/#respond\"]}]},{\"@type\":\"WebPage\",\"@id\":\"https:\/\/www.perunaltracitta.org\/homepage\/2017\/10\/24\/la-messa-valore-dello-spazio-caso-pisa-vicenda-bulgarella-ed-speculazioni-urbane\/\",\"url\":\"https:\/\/www.perunaltracitta.org\/homepage\/2017\/10\/24\/la-messa-valore-dello-spazio-caso-pisa-vicenda-bulgarella-ed-speculazioni-urbane\/\",\"name\":\"La messa a valore dello spazio: il caso di Pisa tra \\\"vicenda Bulgarella\\\" ed altre speculazioni urbane - La Citt\u00e0 invisibile | perUnaltracitt\u00e0 | Firenze\",\"isPartOf\":{\"@id\":\"https:\/\/www.perunaltracitta.org\/homepage\/#website\"},\"primaryImageOfPage\":{\"@id\":\"https:\/\/www.perunaltracitta.org\/homepage\/2017\/10\/24\/la-messa-valore-dello-spazio-caso-pisa-vicenda-bulgarella-ed-speculazioni-urbane\/#primaryimage\"},\"image\":{\"@id\":\"https:\/\/www.perunaltracitta.org\/homepage\/2017\/10\/24\/la-messa-valore-dello-spazio-caso-pisa-vicenda-bulgarella-ed-speculazioni-urbane\/#primaryimage\"},\"thumbnailUrl\":\"https:\/\/www.perunaltracitta.org\/wp-content\/uploads\/2017\/10\/pisa.jpg\",\"datePublished\":\"2017-10-24T13:01:49+00:00\",\"dateModified\":\"2025-04-07T16:01:17+00:00\",\"breadcrumb\":{\"@id\":\"https:\/\/www.perunaltracitta.org\/homepage\/2017\/10\/24\/la-messa-valore-dello-spazio-caso-pisa-vicenda-bulgarella-ed-speculazioni-urbane\/#breadcrumb\"},\"inLanguage\":\"it-IT\",\"potentialAction\":[{\"@type\":\"ReadAction\",\"target\":[\"https:\/\/www.perunaltracitta.org\/homepage\/2017\/10\/24\/la-messa-valore-dello-spazio-caso-pisa-vicenda-bulgarella-ed-speculazioni-urbane\/\"]}]},{\"@type\":\"ImageObject\",\"inLanguage\":\"it-IT\",\"@id\":\"https:\/\/www.perunaltracitta.org\/homepage\/2017\/10\/24\/la-messa-valore-dello-spazio-caso-pisa-vicenda-bulgarella-ed-speculazioni-urbane\/#primaryimage\",\"url\":\"https:\/\/www.perunaltracitta.org\/wp-content\/uploads\/2017\/10\/pisa.jpg\",\"contentUrl\":\"https:\/\/www.perunaltracitta.org\/wp-content\/uploads\/2017\/10\/pisa.jpg\",\"width\":273,\"height\":184},{\"@type\":\"BreadcrumbList\",\"@id\":\"https:\/\/www.perunaltracitta.org\/homepage\/2017\/10\/24\/la-messa-valore-dello-spazio-caso-pisa-vicenda-bulgarella-ed-speculazioni-urbane\/#breadcrumb\",\"itemListElement\":[{\"@type\":\"ListItem\",\"position\":1,\"name\":\"Home\",\"item\":\"https:\/\/www.perunaltracitta.org\/homepage\/\"},{\"@type\":\"ListItem\",\"position\":2,\"name\":\"La messa a valore dello spazio: il caso di Pisa tra &#8220;vicenda Bulgarella&#8221; ed altre speculazioni urbane\"}]},{\"@type\":\"WebSite\",\"@id\":\"https:\/\/www.perunaltracitta.org\/homepage\/#website\",\"url\":\"https:\/\/www.perunaltracitta.org\/homepage\/\",\"name\":\"La Citt\u00e0 invisibile | perUnaltracitt\u00e0 | Firenze\",\"description\":\"Voci oltre il pensiero unico\",\"publisher\":{\"@id\":\"https:\/\/www.perunaltracitta.org\/homepage\/#organization\"},\"potentialAction\":[{\"@type\":\"SearchAction\",\"target\":{\"@type\":\"EntryPoint\",\"urlTemplate\":\"https:\/\/www.perunaltracitta.org\/homepage\/?s={search_term_string}\"},\"query-input\":{\"@type\":\"PropertyValueSpecification\",\"valueRequired\":true,\"valueName\":\"search_term_string\"}}],\"inLanguage\":\"it-IT\"},{\"@type\":\"Organization\",\"@id\":\"https:\/\/www.perunaltracitta.org\/homepage\/#organization\",\"name\":\"perUnaltracitt\u00e0 - laboratorio politico Firenze\",\"url\":\"https:\/\/www.perunaltracitta.org\/homepage\/\",\"logo\":{\"@type\":\"ImageObject\",\"inLanguage\":\"it-IT\",\"@id\":\"https:\/\/www.perunaltracitta.org\/homepage\/#\/schema\/logo\/image\/\",\"url\":\"https:\/\/www.perunaltracitta.org\/wp-content\/uploads\/2025\/11\/Original-on-Transparent-Copia-af-1.png\",\"contentUrl\":\"https:\/\/www.perunaltracitta.org\/wp-content\/uploads\/2025\/11\/Original-on-Transparent-Copia-af-1.png\",\"width\":600,\"height\":153,\"caption\":\"perUnaltracitt\u00e0 - laboratorio politico Firenze\"},\"image\":{\"@id\":\"https:\/\/www.perunaltracitta.org\/homepage\/#\/schema\/logo\/image\/\"},\"sameAs\":[\"https:\/\/www.facebook.com\/perunaltracitta\",\"https:\/\/x.com\/perunaltracitta\"]},{\"@type\":\"Person\",\"@id\":\"https:\/\/www.perunaltracitta.org\/homepage\/#\/schema\/person\/5210c0def7cba8b3102db4355e9c53fb\",\"name\":\"Francesco Biagi\",\"image\":{\"@type\":\"ImageObject\",\"inLanguage\":\"it-IT\",\"@id\":\"https:\/\/www.perunaltracitta.org\/homepage\/#\/schema\/person\/image\/\",\"url\":\"https:\/\/www.perunaltracitta.org\/wp-content\/uploads\/2016\/02\/municipio-beni-comuni-96x96.png\",\"contentUrl\":\"https:\/\/www.perunaltracitta.org\/wp-content\/uploads\/2016\/02\/municipio-beni-comuni-96x96.png\",\"caption\":\"Francesco Biagi\"},\"url\":\"https:\/\/www.perunaltracitta.org\/homepage\/author\/municipio-beni-comuni-pisa\/\"}]}<\/script>\n<!-- \/ Yoast SEO plugin. -->","yoast_head_json":{"title":"La messa a valore dello spazio: il caso di Pisa tra \"vicenda Bulgarella\" ed altre speculazioni urbane - La Citt\u00e0 invisibile | perUnaltracitt\u00e0 | Firenze","robots":{"index":"index","follow":"follow","max-snippet":"max-snippet:-1","max-image-preview":"max-image-preview:large","max-video-preview":"max-video-preview:-1"},"canonical":"https:\/\/www.perunaltracitta.org\/homepage\/2017\/10\/24\/la-messa-valore-dello-spazio-caso-pisa-vicenda-bulgarella-ed-speculazioni-urbane\/","og_locale":"it_IT","og_type":"article","og_title":"La messa a valore dello spazio: il caso di Pisa tra \"vicenda Bulgarella\" ed altre speculazioni urbane - La Citt\u00e0 invisibile | perUnaltracitt\u00e0 | Firenze","og_description":"Il capitalismo \u00e8 pi\u00f9 vivo che mai, la crisi non lo ha arrestato, anzi ha acuito le dinamiche speculative nel campo immobiliare e edilizio. Le nostre citt\u00e0 sono ormai agglomerati urbani con scheletri architettonici anoressici e spesso in stato vegetativo permanente. Abbondano gli spazi vuoti lasciati al degrado di topi e piccioni. Abbondano progetti urbanistici &hellip; La messa a valore dello spazio: il caso di Pisa tra &#8220;vicenda Bulgarella&#8221; ed altre speculazioni urbane Leggi altro &raquo;","og_url":"https:\/\/www.perunaltracitta.org\/homepage\/2017\/10\/24\/la-messa-valore-dello-spazio-caso-pisa-vicenda-bulgarella-ed-speculazioni-urbane\/","og_site_name":"La Citt\u00e0 invisibile | perUnaltracitt\u00e0 | Firenze","article_publisher":"https:\/\/www.facebook.com\/perunaltracitta","article_published_time":"2017-10-24T13:01:49+00:00","article_modified_time":"2025-04-07T16:01:17+00:00","og_image":[{"width":273,"height":184,"url":"https:\/\/www.perunaltracitta.org\/wp-content\/uploads\/2017\/10\/pisa.jpg","type":"image\/jpeg"}],"author":"Francesco Biagi","twitter_card":"summary_large_image","twitter_creator":"@perunaltracitta","twitter_site":"@perunaltracitta","twitter_misc":{"Scritto da":"Francesco Biagi","Tempo di lettura stimato":"10 minuti"},"schema":{"@context":"https:\/\/schema.org","@graph":[{"@type":"Article","@id":"https:\/\/www.perunaltracitta.org\/homepage\/2017\/10\/24\/la-messa-valore-dello-spazio-caso-pisa-vicenda-bulgarella-ed-speculazioni-urbane\/#article","isPartOf":{"@id":"https:\/\/www.perunaltracitta.org\/homepage\/2017\/10\/24\/la-messa-valore-dello-spazio-caso-pisa-vicenda-bulgarella-ed-speculazioni-urbane\/"},"author":{"name":"Francesco Biagi","@id":"https:\/\/www.perunaltracitta.org\/homepage\/#\/schema\/person\/5210c0def7cba8b3102db4355e9c53fb"},"headline":"La messa a valore dello spazio: il caso di Pisa tra &#8220;vicenda Bulgarella&#8221; ed altre speculazioni urbane","datePublished":"2017-10-24T13:01:49+00:00","dateModified":"2025-04-07T16:01:17+00:00","mainEntityOfPage":{"@id":"https:\/\/www.perunaltracitta.org\/homepage\/2017\/10\/24\/la-messa-valore-dello-spazio-caso-pisa-vicenda-bulgarella-ed-speculazioni-urbane\/"},"wordCount":1701,"commentCount":0,"publisher":{"@id":"https:\/\/www.perunaltracitta.org\/homepage\/#organization"},"image":{"@id":"https:\/\/www.perunaltracitta.org\/homepage\/2017\/10\/24\/la-messa-valore-dello-spazio-caso-pisa-vicenda-bulgarella-ed-speculazioni-urbane\/#primaryimage"},"thumbnailUrl":"https:\/\/www.perunaltracitta.org\/wp-content\/uploads\/2017\/10\/pisa.jpg","keywords":["Bulgarella","pd","Pisa","speculazione"],"articleSection":["Brevi"],"inLanguage":"it-IT","potentialAction":[{"@type":"CommentAction","name":"Comment","target":["https:\/\/www.perunaltracitta.org\/homepage\/2017\/10\/24\/la-messa-valore-dello-spazio-caso-pisa-vicenda-bulgarella-ed-speculazioni-urbane\/#respond"]}]},{"@type":"WebPage","@id":"https:\/\/www.perunaltracitta.org\/homepage\/2017\/10\/24\/la-messa-valore-dello-spazio-caso-pisa-vicenda-bulgarella-ed-speculazioni-urbane\/","url":"https:\/\/www.perunaltracitta.org\/homepage\/2017\/10\/24\/la-messa-valore-dello-spazio-caso-pisa-vicenda-bulgarella-ed-speculazioni-urbane\/","name":"La messa a valore dello spazio: il caso di Pisa tra \"vicenda Bulgarella\" ed altre speculazioni urbane - La Citt\u00e0 invisibile | perUnaltracitt\u00e0 | Firenze","isPartOf":{"@id":"https:\/\/www.perunaltracitta.org\/homepage\/#website"},"primaryImageOfPage":{"@id":"https:\/\/www.perunaltracitta.org\/homepage\/2017\/10\/24\/la-messa-valore-dello-spazio-caso-pisa-vicenda-bulgarella-ed-speculazioni-urbane\/#primaryimage"},"image":{"@id":"https:\/\/www.perunaltracitta.org\/homepage\/2017\/10\/24\/la-messa-valore-dello-spazio-caso-pisa-vicenda-bulgarella-ed-speculazioni-urbane\/#primaryimage"},"thumbnailUrl":"https:\/\/www.perunaltracitta.org\/wp-content\/uploads\/2017\/10\/pisa.jpg","datePublished":"2017-10-24T13:01:49+00:00","dateModified":"2025-04-07T16:01:17+00:00","breadcrumb":{"@id":"https:\/\/www.perunaltracitta.org\/homepage\/2017\/10\/24\/la-messa-valore-dello-spazio-caso-pisa-vicenda-bulgarella-ed-speculazioni-urbane\/#breadcrumb"},"inLanguage":"it-IT","potentialAction":[{"@type":"ReadAction","target":["https:\/\/www.perunaltracitta.org\/homepage\/2017\/10\/24\/la-messa-valore-dello-spazio-caso-pisa-vicenda-bulgarella-ed-speculazioni-urbane\/"]}]},{"@type":"ImageObject","inLanguage":"it-IT","@id":"https:\/\/www.perunaltracitta.org\/homepage\/2017\/10\/24\/la-messa-valore-dello-spazio-caso-pisa-vicenda-bulgarella-ed-speculazioni-urbane\/#primaryimage","url":"https:\/\/www.perunaltracitta.org\/wp-content\/uploads\/2017\/10\/pisa.jpg","contentUrl":"https:\/\/www.perunaltracitta.org\/wp-content\/uploads\/2017\/10\/pisa.jpg","width":273,"height":184},{"@type":"BreadcrumbList","@id":"https:\/\/www.perunaltracitta.org\/homepage\/2017\/10\/24\/la-messa-valore-dello-spazio-caso-pisa-vicenda-bulgarella-ed-speculazioni-urbane\/#breadcrumb","itemListElement":[{"@type":"ListItem","position":1,"name":"Home","item":"https:\/\/www.perunaltracitta.org\/homepage\/"},{"@type":"ListItem","position":2,"name":"La messa a valore dello spazio: il caso di Pisa tra &#8220;vicenda Bulgarella&#8221; ed altre speculazioni urbane"}]},{"@type":"WebSite","@id":"https:\/\/www.perunaltracitta.org\/homepage\/#website","url":"https:\/\/www.perunaltracitta.org\/homepage\/","name":"La Citt\u00e0 invisibile | perUnaltracitt\u00e0 | Firenze","description":"Voci oltre il pensiero unico","publisher":{"@id":"https:\/\/www.perunaltracitta.org\/homepage\/#organization"},"potentialAction":[{"@type":"SearchAction","target":{"@type":"EntryPoint","urlTemplate":"https:\/\/www.perunaltracitta.org\/homepage\/?s={search_term_string}"},"query-input":{"@type":"PropertyValueSpecification","valueRequired":true,"valueName":"search_term_string"}}],"inLanguage":"it-IT"},{"@type":"Organization","@id":"https:\/\/www.perunaltracitta.org\/homepage\/#organization","name":"perUnaltracitt\u00e0 - laboratorio politico Firenze","url":"https:\/\/www.perunaltracitta.org\/homepage\/","logo":{"@type":"ImageObject","inLanguage":"it-IT","@id":"https:\/\/www.perunaltracitta.org\/homepage\/#\/schema\/logo\/image\/","url":"https:\/\/www.perunaltracitta.org\/wp-content\/uploads\/2025\/11\/Original-on-Transparent-Copia-af-1.png","contentUrl":"https:\/\/www.perunaltracitta.org\/wp-content\/uploads\/2025\/11\/Original-on-Transparent-Copia-af-1.png","width":600,"height":153,"caption":"perUnaltracitt\u00e0 - laboratorio politico Firenze"},"image":{"@id":"https:\/\/www.perunaltracitta.org\/homepage\/#\/schema\/logo\/image\/"},"sameAs":["https:\/\/www.facebook.com\/perunaltracitta","https:\/\/x.com\/perunaltracitta"]},{"@type":"Person","@id":"https:\/\/www.perunaltracitta.org\/homepage\/#\/schema\/person\/5210c0def7cba8b3102db4355e9c53fb","name":"Francesco Biagi","image":{"@type":"ImageObject","inLanguage":"it-IT","@id":"https:\/\/www.perunaltracitta.org\/homepage\/#\/schema\/person\/image\/","url":"https:\/\/www.perunaltracitta.org\/wp-content\/uploads\/2016\/02\/municipio-beni-comuni-96x96.png","contentUrl":"https:\/\/www.perunaltracitta.org\/wp-content\/uploads\/2016\/02\/municipio-beni-comuni-96x96.png","caption":"Francesco Biagi"},"url":"https:\/\/www.perunaltracitta.org\/homepage\/author\/municipio-beni-comuni-pisa\/"}]}},"uagb_featured_image_src":{"full":["https:\/\/www.perunaltracitta.org\/wp-content\/uploads\/2017\/10\/pisa.jpg",273,184,false],"thumbnail":["https:\/\/www.perunaltracitta.org\/wp-content\/uploads\/2017\/10\/pisa-150x150.jpg",150,150,true],"medium":["https:\/\/www.perunaltracitta.org\/wp-content\/uploads\/2017\/10\/pisa.jpg",273,184,false],"medium_large":["https:\/\/www.perunaltracitta.org\/wp-content\/uploads\/2017\/10\/pisa.jpg",273,184,false],"large":["https:\/\/www.perunaltracitta.org\/wp-content\/uploads\/2017\/10\/pisa.jpg",273,184,false],"wysija-newsletters-max":["https:\/\/www.perunaltracitta.org\/wp-content\/uploads\/2017\/10\/pisa.jpg",273,184,false],"1536x1536":["https:\/\/www.perunaltracitta.org\/wp-content\/uploads\/2017\/10\/pisa.jpg",273,184,false],"2048x2048":["https:\/\/www.perunaltracitta.org\/wp-content\/uploads\/2017\/10\/pisa.jpg",273,184,false],"mailpoet_newsletter_max":["https:\/\/www.perunaltracitta.org\/wp-content\/uploads\/2017\/10\/pisa.jpg",273,184,false],"yarpp-thumbnail":["https:\/\/www.perunaltracitta.org\/wp-content\/uploads\/2017\/10\/pisa.jpg",120,81,false]},"uagb_author_info":{"display_name":"Francesco Biagi","author_link":"https:\/\/www.perunaltracitta.org\/homepage\/author\/municipio-beni-comuni-pisa\/"},"uagb_comment_info":0,"uagb_excerpt":"Il capitalismo \u00e8 pi\u00f9 vivo che mai, la crisi non lo ha arrestato, anzi ha acuito le dinamiche speculative nel campo immobiliare e edilizio. Le nostre citt\u00e0 sono ormai agglomerati urbani con scheletri architettonici anoressici e spesso in stato vegetativo permanente. Abbondano gli spazi vuoti lasciati al degrado di topi e piccioni. Abbondano progetti urbanistici&hellip;","_links":{"self":[{"href":"https:\/\/www.perunaltracitta.org\/homepage\/wp-json\/wp\/v2\/posts\/65199","targetHints":{"allow":["GET"]}}],"collection":[{"href":"https:\/\/www.perunaltracitta.org\/homepage\/wp-json\/wp\/v2\/posts"}],"about":[{"href":"https:\/\/www.perunaltracitta.org\/homepage\/wp-json\/wp\/v2\/types\/post"}],"author":[{"embeddable":true,"href":"https:\/\/www.perunaltracitta.org\/homepage\/wp-json\/wp\/v2\/users\/185"}],"replies":[{"embeddable":true,"href":"https:\/\/www.perunaltracitta.org\/homepage\/wp-json\/wp\/v2\/comments?post=65199"}],"version-history":[{"count":3,"href":"https:\/\/www.perunaltracitta.org\/homepage\/wp-json\/wp\/v2\/posts\/65199\/revisions"}],"predecessor-version":[{"id":98087,"href":"https:\/\/www.perunaltracitta.org\/homepage\/wp-json\/wp\/v2\/posts\/65199\/revisions\/98087"}],"wp:featuredmedia":[{"embeddable":true,"href":"https:\/\/www.perunaltracitta.org\/homepage\/wp-json\/wp\/v2\/media\/65200"}],"wp:attachment":[{"href":"https:\/\/www.perunaltracitta.org\/homepage\/wp-json\/wp\/v2\/media?parent=65199"}],"wp:term":[{"taxonomy":"category","embeddable":true,"href":"https:\/\/www.perunaltracitta.org\/homepage\/wp-json\/wp\/v2\/categories?post=65199"},{"taxonomy":"post_tag","embeddable":true,"href":"https:\/\/www.perunaltracitta.org\/homepage\/wp-json\/wp\/v2\/tags?post=65199"}],"curies":[{"name":"wp","href":"https:\/\/api.w.org\/{rel}","templated":true}]}}