{"id":68429,"date":"2018-07-03T13:00:00","date_gmt":"2018-07-03T11:00:00","guid":{"rendered":"http:\/\/www.perunaltracitta.org\/?p=68429"},"modified":"2025-02-05T14:58:53","modified_gmt":"2025-02-05T13:58:53","slug":"trump-an-american-dream","status":"publish","type":"post","link":"https:\/\/www.perunaltracitta.org\/homepage\/2018\/07\/03\/trump-an-american-dream\/","title":{"rendered":"Trump: An American Dream"},"content":{"rendered":"<p>Donald Trump \u00e8 il 45\u00b0 Presidente degli Stati Uniti, la sua vittoria inaspettata \u00e8 arrivata nel novembre del 2016 dopo una campagna elettorale rumorosa, razzista e politicamente scorretta. Hillary Clinton era talmente sicura di vincere che l\u2019ha guardato dall\u2019alto in basso per tutta la durata del duello elettorale, salvo cadere nelle sue provocazioni quando ormai la vittoria cominciava, da sondaggi, a sfuggirle di mano.<\/p>\n<p>L\u2019immagine che il tycoon \u00e8 riuscito a far abilmente passare \u00e8 stata quella dell\u2019outsider contro l\u2019 \u00e9lite politica, l\u2019uomo che si \u00e8 fatto da s\u00e9; qualcosa che noi italiani abbiamo gi\u00e0 visto nel \u201894 con la \u201cdiscesa in campo\u201d di Berlusconi. Eppure Trump \u00e8 un membro a tutti gli effetti di quelle \u00e9lite tanto vituperate, molto pi\u00f9 vicino ai Clinton che agli operai e ai disoccupati dell\u2019America pi\u00f9 profonda che l\u2019hanno votato. Ma, al di l\u00e0 dell\u2019immagine flamboyant, delle sue esagerazioni e delle sue mosse politiche spregiudicate, chi \u00e8 davvero Donald Trump? <em>Donald Trump, An American Dream<\/em> \u00e8 un documentario in quattro puntate che ci svela tutto o quasi sulla sua vita privata e sul personaggio pubblico; non ci sono scoop in queste 4 ore alla scoperta di &#8220;The Donald&#8221; ma il documentario realizzato dalla rete britannica Channel 4 ha il pregio di mettere in fila tutti gli eventi reali che hanno portato il figlio di un costruttore di origini tedesche del Queens a diventare Presidente degli Stati Uniti. (Qui il trailer sul <a href=\"https:\/\/www.netflix.com\/it\/title\/80206395\" target=\"_blank\" rel=\"noopener\">sito<\/a> Netflix)<\/p>\n<p><img loading=\"lazy\" decoding=\"async\" class=\"alignleft size-medium wp-image-68431\" src=\"http:\/\/www.perunaltracitta.org\/wp-content\/uploads\/2018\/07\/Trump-An-American-Dream-300x202.jpg\" alt=\"\" width=\"300\" height=\"202\" srcset=\"https:\/\/www.perunaltracitta.org\/wp-content\/uploads\/2018\/07\/Trump-An-American-Dream-300x202.jpg 300w, https:\/\/www.perunaltracitta.org\/wp-content\/uploads\/2018\/07\/Trump-An-American-Dream-600x403.jpg 600w, https:\/\/www.perunaltracitta.org\/wp-content\/uploads\/2018\/07\/Trump-An-American-Dream.jpg 640w\" sizes=\"auto, (max-width: 300px) 100vw, 300px\" \/>Si comincia con le origini delle ricchezze di Trump e qui siamo davanti a un film gi\u00e0 visto: l\u2019uomo che si \u00e8 fatto da solo, in realt\u00e0, ha avuto la strada spianata dal padre costruttore con forti legami politici nell\u2019area di New York. Il padre costruiva a Brooklyn e nel Queens, Donald vuol costruire e lasciare il proprio segno a Manhattan, nel cuore dell\u2019impero finanziario dove risiedono quelle \u00e9lite culturali dalle quali vuole essere tanto accettato. Narcisismo e bisogno di accettazione, un uomo piccolo con un ego enorme: il perfetto identikit del politico oggi.<\/p>\n<p>La storia della costruzione del Grand Hyatt Hotel prima e della Trump Tower poi \u00e8 emblematica. Il Commodore Hotel era un hotel prestigioso decaduto che sorgeva accanto alla Grand Central Station, Trump lo trasform\u00f2 nel Grand Hyatt, uno scintillante edificio in vetro e acciaio. Tutto questo fu possibile grazie a ingenti prestiti ottenuti dalle banche ma soprattutto grazie a una <a href=\"https:\/\/www.nytimes.com\/2016\/09\/18\/nyregion\/donald-trump-tax-breaks-real-estate.html\" target=\"_blank\" rel=\"noopener\">sospensione delle tasse per i successivi 40 anni<\/a> che gli concesse il sindaco Abraham Beame, vicinissimo al padre, che quando parlava dei Trump diceva \u201cWhatever my friends Fred and Donald want in this town, they have my complete backing\u201d. Dopo questo colpo fortunatissimo Donald volle costruire un edificio che portasse il suo nome e allora mise le mani sul Bonwit Teller Building, edificio <em>Art deco<\/em>&nbsp;accanto a Tiffany sulla Fifth Avenue, \u00e8 l\u00ec che sorger\u00e0 la Trump Tower. L\u2019edificio storico dovrebbe essere preservato, Trump non lo fa, promette per\u00f2 al Metropolitan Museum i <em>gargoyles<\/em> e i bassorilievi liberty; inutile dire che non arriveranno mai al museo finendo misteriosamente dispersi. A questo punto vuole ottenere la medesima sospensione quarantennale delle tasse, ma il nuovo sindaco Ed Koch, che lo rimarr\u00e0 fino al 1989, si oppone fermamente a questo regalo di soldi pubblici a Trump. Ma il giovane Donald \u00e8 molto vicino ad un avvocato spregiudicato, Roy Cohn, i due fanno causa alla citt\u00e0 di New York, vincono ed ecco altri 40 anni di sospensione delle tasse anche per la Trump Tower.<\/p>\n<p><img loading=\"lazy\" decoding=\"async\" class=\"alignleft size-medium wp-image-68432\" src=\"http:\/\/www.perunaltracitta.org\/wp-content\/uploads\/2018\/07\/Baram-Roy-Cohn-Featured-300x198.jpg\" alt=\"\" width=\"300\" height=\"198\" srcset=\"https:\/\/www.perunaltracitta.org\/wp-content\/uploads\/2018\/07\/Baram-Roy-Cohn-Featured-300x198.jpg 300w, https:\/\/www.perunaltracitta.org\/wp-content\/uploads\/2018\/07\/Baram-Roy-Cohn-Featured-600x395.jpg 600w, https:\/\/www.perunaltracitta.org\/wp-content\/uploads\/2018\/07\/Baram-Roy-Cohn-Featured.jpg 727w\" sizes=\"auto, (max-width: 300px) 100vw, 300px\" \/>Roy Cohn \u00e8 un personaggio da romanzo (nero) che ben spiega gli anni &#8217;80 di Trump ma che parte da lontano. Anticomunista, assistente procuratore, fu l\u2019accusatore dei coniugi Rosemberg e divenne poi il braccio destro di McCarthy; finita la caccia alle streghe torn\u00f2 a New York dove fece il broker e soprattutto fu l\u2019avvocato di molti padrini della mafia. Superfluo quindi sottolineare da dove venisse il cemento utilizzato per la Trump Tower. Cohn era inoltre un gay non dichiarato che mor\u00ec di AIDS nel 1986 nonostante fosse uno dei pochi gay che in epoca reaganiana poterono accedere alle cure mediche mentre tutti gli altri ne erano rigorosamente esclusi. Ovviamente era amico personale di Nancy e Ronald Reagan. (Qui un <a href=\"http:\/\/nymag.com\/daily\/intelligencer\/2018\/04\/frank-rich-roy-cohn-the-original-donald-trump.html?utm_campaign=nym&amp;utm_source=fb&amp;utm_medium=s1\" target=\"_blank\" rel=\"noopener\">approfondimento<\/a> su Roy Cohn)<\/p>\n<p>Torniamo per\u00f2 a Trump, all\u2019uomo di successo che si \u00e8 fatto da solo grazie ai soldi e agli agganci politici del padre, grazie ai soldi pubblici, grazie al cemento della mafia. La Trump Tower \u00e8 il trionfo del cattivo gusto, dell\u2019ostentazione di una ricchezza esagerata, tutta marmi, cascate e decorazioni dorate.<\/p>\n<p>Timothy L. O\u2019Bryan, autore di <em>TrumpNation: The Art of Being the Donald<\/em>, intervistato nel documentario definisce l\u2019appartamento di Trump all\u2019ultimo piano della Trump Tower come disegnato da Luigi XIV sotto acido. &#8220;Donald Trump rappresenta l\u2019idea che il povero ha del ricco&#8221;, ed \u00e8 probabilmente questo uno dei motivi del suo successo nel cuore della bistrattata ed impoverita <em>working class<\/em> americana, non pi\u00f9 un nemico di classe ma un esempio da seguire, quello che ce l\u2019ha fatta con le proprie forze. Una montagna di falsit\u00e0 come abbiamo appena visto. La classe lavoratrice invece di opporsi a Trump legge <em>The Art of the Deal<\/em> nel quale Trump nel 1987 spiega i segreti del suo successo, vuole essere come lui; disoccupati, arrampicatori, aspiranti miliardari faranno la file per i casting di <em>The Apprentice<\/em> per essere scelti da The Donald.<\/p>\n<p>La storia di Trump prosegue inesorabile tra la costruzione di casin\u00f2 ad Atlantic City, il crollo finanziario dopo la costruzione dell\u2019 Hotel Casin\u00f2 Taj Mahal caratterizzato dall\u2019architettura \u2018sobria\u2019, il divorzio, le donne, la rinascita grazie a dei titoli azionari legati solo alla sua persona. Trump fa perdere il lavoro a migliaia di persone, lascia fallire i suoi debitori e rinasce. Nel 2004 va in onda su NBC la prima puntata di <em>The Apprentice<\/em>, un reality, in cui i concorrenti si fanno la guerra pur di ottenere un posto di lavoro in una delle aziende di Trump. Il programma sar\u00e0 un grandissimo successo e andr\u00e0 in onda fino al 2014.<\/p>\n<p>Ma il desiderio di entrare in politica far\u00e0 capolino spesso nel corso degli anni a partire dal \u201896 quando Ross Perot lo batter\u00e0 sul tempo come candidato di un terzo partito, il Reform Party.<br \/>\nMa quelle \u00e9lite politiche sia democratiche che repubblicane che non disdegnano le sue generose donazioni non lo vogliono come candidato, quei democratici new yorkesi che sotto sotto amano lo scintillio delle ricchezze trumpiane pubblicamente lo snobbano. Hillary Clinton era in prima fila al matrimonio del tycoon con l\u2019attuale moglie Melania, in fondo si sar\u00e0 detta perch\u00e9 rinunciare ad un evento cos\u00ec mondano e pieno di vip? La Clinton Foundation prendeva anche i suoi soldi. E\u2019 questo mondo politico bipartisan quello in cui Trump ha sempre sguazzato: democratici o repubblicani non importa, io ti do i miei soldi e tu mi fai fare affari. Ma nonostante questo resta un outsider, ecco le parole con cui nella propria autobiografia Hillary <img loading=\"lazy\" decoding=\"async\" class=\"alignleft size-medium wp-image-68433\" src=\"http:\/\/www.perunaltracitta.org\/wp-content\/uploads\/2018\/07\/1045930323-300x162.png\" alt=\"\" width=\"300\" height=\"162\" srcset=\"https:\/\/www.perunaltracitta.org\/wp-content\/uploads\/2018\/07\/1045930323-300x162.png 300w, https:\/\/www.perunaltracitta.org\/wp-content\/uploads\/2018\/07\/1045930323-768x415.png 768w, https:\/\/www.perunaltracitta.org\/wp-content\/uploads\/2018\/07\/1045930323-600x325.png 600w, https:\/\/www.perunaltracitta.org\/wp-content\/uploads\/2018\/07\/1045930323.png 1000w\" sizes=\"auto, (max-width: 300px) 100vw, 300px\" \/>Clinton racconta la propria partecipazione al matrimonio \u201cEra un personaggio fisso della scena newyorkese quando ero senatore, nel 2005 ci ha invitato al suo matrimonio con Melania, a Palm Beach, in Florida. Non eravamo amici, quindi presumo che volesse il maggior numero di star possibile. E&#8217; successo che Bill doveva parlare in zona quel fine settimana, cos\u00ec abbiamo deciso di andare. Perch\u00e9 no? Ho pensato che sarebbe stato uno spettacolo divertente, sfarzoso, esagerato, e avevo ragione.\u201d Una presenza del tutto \u2018casuale\u2019 quella della Clinton. I politici prendono i soldi da Trump, lo frequentano ma non lo vogliono ammettere, un po\u2019 se ne vergognano.<\/p>\n<p>Una scena del documentario mostra la piena consapevolezza di Trump. Lui e la moglie arrivano a Mar-a-Lago, la sfarzosa dimora in Florida, insieme ad un giornalista, prima cenano poi vanno a bere un drink a bordo piscina, Trump chiede al DJ di mettere della musica e gli dice di metterla alta \u2018Qui tutti mi odiano, nessuno mi vuole come vicino. Devono sapere che ci sono\u2019. Ed \u00e8 proprio con questa mentalit\u00e0 che \u00e8 diventato presidente, deve mostrare alle \u00e9lite del paese che lui pu\u00f2 arrivare dove vuole.&nbsp;Ma \u00e8 proprio per il suo essere un outsider che piace alle classi subalterne che per\u00f2 non vedono o non vogliono vedere tutti i favori che sta facendo ai super ricchi, e alle multinazionali, dalla negazione del riscaldamento climatico alla possibilit\u00e0 di scavare oleodotti nei parchi nazionali, dal tentativo di cancellazione del timido Obamacare alla guerra agli immigrati, proprio lui il cui nonno venne dalla Germania ad aprire <a href=\"https:\/\/www.internazionale.it\/bloc-notes\/alessio-marchionna\/2018\/07\/02\/storia-immigrazione-americana\" target=\"_blank\" rel=\"noopener\">ristoranti e bordelli<\/a> negli Stati Uniti.<\/p>\n<p>Trump si lascia usare dal capitale per soddisfare le proprie ambizioni personali e per colmare le sue insicurezze, forse \u00e8 il canto del cigno del neoliberismo o forse ne \u00e8 la rinascita. Certo \u00e8 che non saranno i Clinton e quelli come loro a poterlo combattere, ci vorranno i Sanders e la nuova generazione di socialisti dei centri urbani.<\/p>\n<p><em>Trump: An American Dream<\/em> ci mostra un uomo dall\u2019ambizione sconfinata, ma attraverso lui una societ\u00e0 allo sbando e l\u2019arroganza del capitale. Una visione utile perch\u00e9 per combattere il nemico bisogna innanzitutto conoscerlo e comprendere l\u2019immagine e i messaggi che proietta sulla <em>working class<\/em>.<\/p>\n<p style=\"text-align: right;\"><strong>*Francesca Conti<\/strong><\/p>\n","protected":false},"excerpt":{"rendered":"<p>Donald Trump \u00e8 il 45\u00b0 Presidente degli Stati Uniti, la sua vittoria inaspettata \u00e8 arrivata nel novembre del 2016 dopo una campagna elettorale rumorosa, razzista e politicamente scorretta. Hillary Clinton era talmente sicura di vincere che l\u2019ha guardato dall\u2019alto in basso per tutta la durata del duello elettorale, salvo cadere nelle sue provocazioni quando ormai &hellip;<\/p>\n<p class=\"read-more\"> <a class=\"\" href=\"https:\/\/www.perunaltracitta.org\/homepage\/2018\/07\/03\/trump-an-american-dream\/\"> <span class=\"screen-reader-text\">Trump: An American Dream<\/span> Leggi altro &raquo;<\/a><\/p>\n","protected":false},"author":9,"featured_media":68430,"comment_status":"open","ping_status":"open","sticky":false,"template":"","format":"standard","meta":{"_uag_custom_page_level_css":"","site-sidebar-layout":"default","site-content-layout":"default","ast-global-header-display":"","ast-main-header-display":"","ast-hfb-above-header-display":"","ast-hfb-below-header-display":"","ast-hfb-mobile-header-display":"","site-post-title":"","ast-breadcrumbs-content":"","ast-featured-img":"","footer-sml-layout":"","theme-transparent-header-meta":"","adv-header-id-meta":"","stick-header-meta":"","header-above-stick-meta":"","header-main-stick-meta":"","header-below-stick-meta":"","footnotes":""},"categories":[44,41],"tags":[1501,1502,1503,1504,1506,1508,2746,1505,1507,1183],"class_list":["post-68429","post","type-post","status-publish","format-standard","has-post-thumbnail","hentry","category-killbilly","category-la-citta-invisibile","tag-american-dream","tag-documentario","tag-donald-trump","tag-hillary-clinton","tag-new-york","tag-presidente","tag-recensioni","tag-roy-cohn","tag-statu-uniti","tag-trump"],"yoast_head":"<!-- This site is optimized with the Yoast SEO plugin v25.1 - https:\/\/yoast.com\/wordpress\/plugins\/seo\/ -->\n<title>Trump: An American Dream - La Citt\u00e0 invisibile | perUnaltracitt\u00e0 | Firenze<\/title>\n<meta name=\"robots\" content=\"index, follow, max-snippet:-1, max-image-preview:large, max-video-preview:-1\" \/>\n<link rel=\"canonical\" href=\"https:\/\/www.perunaltracitta.org\/homepage\/2018\/07\/03\/trump-an-american-dream\/\" \/>\n<meta property=\"og:locale\" content=\"it_IT\" \/>\n<meta property=\"og:type\" content=\"article\" \/>\n<meta property=\"og:title\" content=\"Trump: An American Dream - La Citt\u00e0 invisibile | perUnaltracitt\u00e0 | Firenze\" \/>\n<meta property=\"og:description\" content=\"Donald Trump \u00e8 il 45\u00b0 Presidente degli Stati Uniti, la sua vittoria inaspettata \u00e8 arrivata nel novembre del 2016 dopo una campagna elettorale rumorosa, razzista e politicamente scorretta. Hillary Clinton era talmente sicura di vincere che l\u2019ha guardato dall\u2019alto in basso per tutta la durata del duello elettorale, salvo cadere nelle sue provocazioni quando ormai &hellip; Trump: An American Dream Leggi altro &raquo;\" \/>\n<meta property=\"og:url\" content=\"https:\/\/www.perunaltracitta.org\/homepage\/2018\/07\/03\/trump-an-american-dream\/\" \/>\n<meta property=\"og:site_name\" content=\"La Citt\u00e0 invisibile | perUnaltracitt\u00e0 | Firenze\" \/>\n<meta property=\"article:publisher\" content=\"https:\/\/www.facebook.com\/perunaltracitta\" \/>\n<meta property=\"article:published_time\" content=\"2018-07-03T11:00:00+00:00\" \/>\n<meta property=\"article:modified_time\" content=\"2025-02-05T13:58:53+00:00\" \/>\n<meta property=\"og:image\" content=\"https:\/\/www.perunaltracitta.org\/wp-content\/uploads\/2018\/07\/ih.jpg\" \/>\n\t<meta property=\"og:image:width\" content=\"620\" \/>\n\t<meta property=\"og:image:height\" content=\"411\" \/>\n\t<meta property=\"og:image:type\" content=\"image\/jpeg\" \/>\n<meta name=\"author\" content=\"Francesca Conti\" \/>\n<meta name=\"twitter:card\" content=\"summary_large_image\" \/>\n<meta name=\"twitter:creator\" content=\"@perunaltracitta\" \/>\n<meta name=\"twitter:site\" content=\"@perunaltracitta\" \/>\n<meta name=\"twitter:label1\" content=\"Scritto da\" \/>\n\t<meta name=\"twitter:data1\" content=\"Francesca Conti\" \/>\n\t<meta name=\"twitter:label2\" content=\"Tempo di lettura stimato\" \/>\n\t<meta name=\"twitter:data2\" content=\"8 minuti\" \/>\n<script type=\"application\/ld+json\" class=\"yoast-schema-graph\">{\"@context\":\"https:\/\/schema.org\",\"@graph\":[{\"@type\":\"Article\",\"@id\":\"https:\/\/www.perunaltracitta.org\/homepage\/2018\/07\/03\/trump-an-american-dream\/#article\",\"isPartOf\":{\"@id\":\"https:\/\/www.perunaltracitta.org\/homepage\/2018\/07\/03\/trump-an-american-dream\/\"},\"author\":{\"name\":\"Francesca Conti\",\"@id\":\"https:\/\/www.perunaltracitta.org\/homepage\/#\/schema\/person\/f133efb5abd56c96f1f2ec7b1e4619ec\"},\"headline\":\"Trump: An American Dream\",\"datePublished\":\"2018-07-03T11:00:00+00:00\",\"dateModified\":\"2025-02-05T13:58:53+00:00\",\"mainEntityOfPage\":{\"@id\":\"https:\/\/www.perunaltracitta.org\/homepage\/2018\/07\/03\/trump-an-american-dream\/\"},\"wordCount\":1508,\"commentCount\":0,\"publisher\":{\"@id\":\"https:\/\/www.perunaltracitta.org\/homepage\/#organization\"},\"image\":{\"@id\":\"https:\/\/www.perunaltracitta.org\/homepage\/2018\/07\/03\/trump-an-american-dream\/#primaryimage\"},\"thumbnailUrl\":\"https:\/\/www.perunaltracitta.org\/wp-content\/uploads\/2018\/07\/ih.jpg\",\"keywords\":[\"american dream\",\"documentario\",\"donald trump\",\"hillary clinton\",\"new york\",\"presidente\",\"recensioni\",\"roy cohn\",\"statu uniti\",\"trump\"],\"articleSection\":[\"Kill Billy\",\"La Citt\u00e0 invisibile\"],\"inLanguage\":\"it-IT\",\"potentialAction\":[{\"@type\":\"CommentAction\",\"name\":\"Comment\",\"target\":[\"https:\/\/www.perunaltracitta.org\/homepage\/2018\/07\/03\/trump-an-american-dream\/#respond\"]}]},{\"@type\":\"WebPage\",\"@id\":\"https:\/\/www.perunaltracitta.org\/homepage\/2018\/07\/03\/trump-an-american-dream\/\",\"url\":\"https:\/\/www.perunaltracitta.org\/homepage\/2018\/07\/03\/trump-an-american-dream\/\",\"name\":\"Trump: An American Dream - La Citt\u00e0 invisibile | perUnaltracitt\u00e0 | Firenze\",\"isPartOf\":{\"@id\":\"https:\/\/www.perunaltracitta.org\/homepage\/#website\"},\"primaryImageOfPage\":{\"@id\":\"https:\/\/www.perunaltracitta.org\/homepage\/2018\/07\/03\/trump-an-american-dream\/#primaryimage\"},\"image\":{\"@id\":\"https:\/\/www.perunaltracitta.org\/homepage\/2018\/07\/03\/trump-an-american-dream\/#primaryimage\"},\"thumbnailUrl\":\"https:\/\/www.perunaltracitta.org\/wp-content\/uploads\/2018\/07\/ih.jpg\",\"datePublished\":\"2018-07-03T11:00:00+00:00\",\"dateModified\":\"2025-02-05T13:58:53+00:00\",\"breadcrumb\":{\"@id\":\"https:\/\/www.perunaltracitta.org\/homepage\/2018\/07\/03\/trump-an-american-dream\/#breadcrumb\"},\"inLanguage\":\"it-IT\",\"potentialAction\":[{\"@type\":\"ReadAction\",\"target\":[\"https:\/\/www.perunaltracitta.org\/homepage\/2018\/07\/03\/trump-an-american-dream\/\"]}]},{\"@type\":\"ImageObject\",\"inLanguage\":\"it-IT\",\"@id\":\"https:\/\/www.perunaltracitta.org\/homepage\/2018\/07\/03\/trump-an-american-dream\/#primaryimage\",\"url\":\"https:\/\/www.perunaltracitta.org\/wp-content\/uploads\/2018\/07\/ih.jpg\",\"contentUrl\":\"https:\/\/www.perunaltracitta.org\/wp-content\/uploads\/2018\/07\/ih.jpg\",\"width\":620,\"height\":411,\"caption\":\"U.S. President Donald Trump boards Air Force One on a windy day at Joint Base Andrews, Maryland before departing en route West Virginia, U.S., April 5, 2018. REUTERS\/Kevin Lamarque TPX IMAGES OF THE DAY\"},{\"@type\":\"BreadcrumbList\",\"@id\":\"https:\/\/www.perunaltracitta.org\/homepage\/2018\/07\/03\/trump-an-american-dream\/#breadcrumb\",\"itemListElement\":[{\"@type\":\"ListItem\",\"position\":1,\"name\":\"Home\",\"item\":\"https:\/\/www.perunaltracitta.org\/homepage\/\"},{\"@type\":\"ListItem\",\"position\":2,\"name\":\"Trump: An American Dream\"}]},{\"@type\":\"WebSite\",\"@id\":\"https:\/\/www.perunaltracitta.org\/homepage\/#website\",\"url\":\"https:\/\/www.perunaltracitta.org\/homepage\/\",\"name\":\"La Citt\u00e0 invisibile | perUnaltracitt\u00e0 | Firenze\",\"description\":\"Voci oltre il pensiero unico\",\"publisher\":{\"@id\":\"https:\/\/www.perunaltracitta.org\/homepage\/#organization\"},\"potentialAction\":[{\"@type\":\"SearchAction\",\"target\":{\"@type\":\"EntryPoint\",\"urlTemplate\":\"https:\/\/www.perunaltracitta.org\/homepage\/?s={search_term_string}\"},\"query-input\":{\"@type\":\"PropertyValueSpecification\",\"valueRequired\":true,\"valueName\":\"search_term_string\"}}],\"inLanguage\":\"it-IT\"},{\"@type\":\"Organization\",\"@id\":\"https:\/\/www.perunaltracitta.org\/homepage\/#organization\",\"name\":\"perUnaltracitt\u00e0 - laboratorio politico Firenze\",\"url\":\"https:\/\/www.perunaltracitta.org\/homepage\/\",\"logo\":{\"@type\":\"ImageObject\",\"inLanguage\":\"it-IT\",\"@id\":\"https:\/\/www.perunaltracitta.org\/homepage\/#\/schema\/logo\/image\/\",\"url\":\"https:\/\/www.perunaltracitta.org\/wp-content\/uploads\/2025\/11\/Original-on-Transparent-Copia-af-1.png\",\"contentUrl\":\"https:\/\/www.perunaltracitta.org\/wp-content\/uploads\/2025\/11\/Original-on-Transparent-Copia-af-1.png\",\"width\":600,\"height\":153,\"caption\":\"perUnaltracitt\u00e0 - laboratorio politico Firenze\"},\"image\":{\"@id\":\"https:\/\/www.perunaltracitta.org\/homepage\/#\/schema\/logo\/image\/\"},\"sameAs\":[\"https:\/\/www.facebook.com\/perunaltracitta\",\"https:\/\/x.com\/perunaltracitta\"]},{\"@type\":\"Person\",\"@id\":\"https:\/\/www.perunaltracitta.org\/homepage\/#\/schema\/person\/f133efb5abd56c96f1f2ec7b1e4619ec\",\"name\":\"Francesca Conti\",\"image\":{\"@type\":\"ImageObject\",\"inLanguage\":\"it-IT\",\"@id\":\"https:\/\/www.perunaltracitta.org\/homepage\/#\/schema\/person\/image\/\",\"url\":\"https:\/\/www.perunaltracitta.org\/wp-content\/uploads\/2016\/04\/45537_1586024257438_7363521_n-96x96.jpg\",\"contentUrl\":\"https:\/\/www.perunaltracitta.org\/wp-content\/uploads\/2016\/04\/45537_1586024257438_7363521_n-96x96.jpg\",\"caption\":\"Francesca Conti\"},\"url\":\"https:\/\/www.perunaltracitta.org\/homepage\/author\/franci\/\"}]}<\/script>\n<!-- \/ Yoast SEO plugin. -->","yoast_head_json":{"title":"Trump: An American Dream - La Citt\u00e0 invisibile | perUnaltracitt\u00e0 | Firenze","robots":{"index":"index","follow":"follow","max-snippet":"max-snippet:-1","max-image-preview":"max-image-preview:large","max-video-preview":"max-video-preview:-1"},"canonical":"https:\/\/www.perunaltracitta.org\/homepage\/2018\/07\/03\/trump-an-american-dream\/","og_locale":"it_IT","og_type":"article","og_title":"Trump: An American Dream - La Citt\u00e0 invisibile | perUnaltracitt\u00e0 | Firenze","og_description":"Donald Trump \u00e8 il 45\u00b0 Presidente degli Stati Uniti, la sua vittoria inaspettata \u00e8 arrivata nel novembre del 2016 dopo una campagna elettorale rumorosa, razzista e politicamente scorretta. Hillary Clinton era talmente sicura di vincere che l\u2019ha guardato dall\u2019alto in basso per tutta la durata del duello elettorale, salvo cadere nelle sue provocazioni quando ormai &hellip; Trump: An American Dream Leggi altro &raquo;","og_url":"https:\/\/www.perunaltracitta.org\/homepage\/2018\/07\/03\/trump-an-american-dream\/","og_site_name":"La Citt\u00e0 invisibile | perUnaltracitt\u00e0 | Firenze","article_publisher":"https:\/\/www.facebook.com\/perunaltracitta","article_published_time":"2018-07-03T11:00:00+00:00","article_modified_time":"2025-02-05T13:58:53+00:00","og_image":[{"width":620,"height":411,"url":"https:\/\/www.perunaltracitta.org\/wp-content\/uploads\/2018\/07\/ih.jpg","type":"image\/jpeg"}],"author":"Francesca Conti","twitter_card":"summary_large_image","twitter_creator":"@perunaltracitta","twitter_site":"@perunaltracitta","twitter_misc":{"Scritto da":"Francesca Conti","Tempo di lettura stimato":"8 minuti"},"schema":{"@context":"https:\/\/schema.org","@graph":[{"@type":"Article","@id":"https:\/\/www.perunaltracitta.org\/homepage\/2018\/07\/03\/trump-an-american-dream\/#article","isPartOf":{"@id":"https:\/\/www.perunaltracitta.org\/homepage\/2018\/07\/03\/trump-an-american-dream\/"},"author":{"name":"Francesca Conti","@id":"https:\/\/www.perunaltracitta.org\/homepage\/#\/schema\/person\/f133efb5abd56c96f1f2ec7b1e4619ec"},"headline":"Trump: An American Dream","datePublished":"2018-07-03T11:00:00+00:00","dateModified":"2025-02-05T13:58:53+00:00","mainEntityOfPage":{"@id":"https:\/\/www.perunaltracitta.org\/homepage\/2018\/07\/03\/trump-an-american-dream\/"},"wordCount":1508,"commentCount":0,"publisher":{"@id":"https:\/\/www.perunaltracitta.org\/homepage\/#organization"},"image":{"@id":"https:\/\/www.perunaltracitta.org\/homepage\/2018\/07\/03\/trump-an-american-dream\/#primaryimage"},"thumbnailUrl":"https:\/\/www.perunaltracitta.org\/wp-content\/uploads\/2018\/07\/ih.jpg","keywords":["american dream","documentario","donald trump","hillary clinton","new york","presidente","recensioni","roy cohn","statu uniti","trump"],"articleSection":["Kill Billy","La Citt\u00e0 invisibile"],"inLanguage":"it-IT","potentialAction":[{"@type":"CommentAction","name":"Comment","target":["https:\/\/www.perunaltracitta.org\/homepage\/2018\/07\/03\/trump-an-american-dream\/#respond"]}]},{"@type":"WebPage","@id":"https:\/\/www.perunaltracitta.org\/homepage\/2018\/07\/03\/trump-an-american-dream\/","url":"https:\/\/www.perunaltracitta.org\/homepage\/2018\/07\/03\/trump-an-american-dream\/","name":"Trump: An American Dream - La Citt\u00e0 invisibile | perUnaltracitt\u00e0 | Firenze","isPartOf":{"@id":"https:\/\/www.perunaltracitta.org\/homepage\/#website"},"primaryImageOfPage":{"@id":"https:\/\/www.perunaltracitta.org\/homepage\/2018\/07\/03\/trump-an-american-dream\/#primaryimage"},"image":{"@id":"https:\/\/www.perunaltracitta.org\/homepage\/2018\/07\/03\/trump-an-american-dream\/#primaryimage"},"thumbnailUrl":"https:\/\/www.perunaltracitta.org\/wp-content\/uploads\/2018\/07\/ih.jpg","datePublished":"2018-07-03T11:00:00+00:00","dateModified":"2025-02-05T13:58:53+00:00","breadcrumb":{"@id":"https:\/\/www.perunaltracitta.org\/homepage\/2018\/07\/03\/trump-an-american-dream\/#breadcrumb"},"inLanguage":"it-IT","potentialAction":[{"@type":"ReadAction","target":["https:\/\/www.perunaltracitta.org\/homepage\/2018\/07\/03\/trump-an-american-dream\/"]}]},{"@type":"ImageObject","inLanguage":"it-IT","@id":"https:\/\/www.perunaltracitta.org\/homepage\/2018\/07\/03\/trump-an-american-dream\/#primaryimage","url":"https:\/\/www.perunaltracitta.org\/wp-content\/uploads\/2018\/07\/ih.jpg","contentUrl":"https:\/\/www.perunaltracitta.org\/wp-content\/uploads\/2018\/07\/ih.jpg","width":620,"height":411,"caption":"U.S. President Donald Trump boards Air Force One on a windy day at Joint Base Andrews, Maryland before departing en route West Virginia, U.S., April 5, 2018. REUTERS\/Kevin Lamarque TPX IMAGES OF THE DAY"},{"@type":"BreadcrumbList","@id":"https:\/\/www.perunaltracitta.org\/homepage\/2018\/07\/03\/trump-an-american-dream\/#breadcrumb","itemListElement":[{"@type":"ListItem","position":1,"name":"Home","item":"https:\/\/www.perunaltracitta.org\/homepage\/"},{"@type":"ListItem","position":2,"name":"Trump: An American Dream"}]},{"@type":"WebSite","@id":"https:\/\/www.perunaltracitta.org\/homepage\/#website","url":"https:\/\/www.perunaltracitta.org\/homepage\/","name":"La Citt\u00e0 invisibile | perUnaltracitt\u00e0 | Firenze","description":"Voci oltre il pensiero unico","publisher":{"@id":"https:\/\/www.perunaltracitta.org\/homepage\/#organization"},"potentialAction":[{"@type":"SearchAction","target":{"@type":"EntryPoint","urlTemplate":"https:\/\/www.perunaltracitta.org\/homepage\/?s={search_term_string}"},"query-input":{"@type":"PropertyValueSpecification","valueRequired":true,"valueName":"search_term_string"}}],"inLanguage":"it-IT"},{"@type":"Organization","@id":"https:\/\/www.perunaltracitta.org\/homepage\/#organization","name":"perUnaltracitt\u00e0 - laboratorio politico Firenze","url":"https:\/\/www.perunaltracitta.org\/homepage\/","logo":{"@type":"ImageObject","inLanguage":"it-IT","@id":"https:\/\/www.perunaltracitta.org\/homepage\/#\/schema\/logo\/image\/","url":"https:\/\/www.perunaltracitta.org\/wp-content\/uploads\/2025\/11\/Original-on-Transparent-Copia-af-1.png","contentUrl":"https:\/\/www.perunaltracitta.org\/wp-content\/uploads\/2025\/11\/Original-on-Transparent-Copia-af-1.png","width":600,"height":153,"caption":"perUnaltracitt\u00e0 - laboratorio politico Firenze"},"image":{"@id":"https:\/\/www.perunaltracitta.org\/homepage\/#\/schema\/logo\/image\/"},"sameAs":["https:\/\/www.facebook.com\/perunaltracitta","https:\/\/x.com\/perunaltracitta"]},{"@type":"Person","@id":"https:\/\/www.perunaltracitta.org\/homepage\/#\/schema\/person\/f133efb5abd56c96f1f2ec7b1e4619ec","name":"Francesca Conti","image":{"@type":"ImageObject","inLanguage":"it-IT","@id":"https:\/\/www.perunaltracitta.org\/homepage\/#\/schema\/person\/image\/","url":"https:\/\/www.perunaltracitta.org\/wp-content\/uploads\/2016\/04\/45537_1586024257438_7363521_n-96x96.jpg","contentUrl":"https:\/\/www.perunaltracitta.org\/wp-content\/uploads\/2016\/04\/45537_1586024257438_7363521_n-96x96.jpg","caption":"Francesca Conti"},"url":"https:\/\/www.perunaltracitta.org\/homepage\/author\/franci\/"}]}},"uagb_featured_image_src":{"full":["https:\/\/www.perunaltracitta.org\/wp-content\/uploads\/2018\/07\/ih.jpg",620,411,false],"thumbnail":["https:\/\/www.perunaltracitta.org\/wp-content\/uploads\/2018\/07\/ih-150x150.jpg",150,150,true],"medium":["https:\/\/www.perunaltracitta.org\/wp-content\/uploads\/2018\/07\/ih-300x199.jpg",300,199,true],"medium_large":["https:\/\/www.perunaltracitta.org\/wp-content\/uploads\/2018\/07\/ih.jpg",620,411,false],"large":["https:\/\/www.perunaltracitta.org\/wp-content\/uploads\/2018\/07\/ih.jpg",620,411,false],"wysija-newsletters-max":["https:\/\/www.perunaltracitta.org\/wp-content\/uploads\/2018\/07\/ih-600x398.jpg",600,398,true],"1536x1536":["https:\/\/www.perunaltracitta.org\/wp-content\/uploads\/2018\/07\/ih.jpg",620,411,false],"2048x2048":["https:\/\/www.perunaltracitta.org\/wp-content\/uploads\/2018\/07\/ih.jpg",620,411,false],"mailpoet_newsletter_max":["https:\/\/www.perunaltracitta.org\/wp-content\/uploads\/2018\/07\/ih.jpg",620,411,false],"yarpp-thumbnail":["https:\/\/www.perunaltracitta.org\/wp-content\/uploads\/2018\/07\/ih-120x120.jpg",120,120,true]},"uagb_author_info":{"display_name":"Francesca Conti","author_link":"https:\/\/www.perunaltracitta.org\/homepage\/author\/franci\/"},"uagb_comment_info":0,"uagb_excerpt":"Donald Trump \u00e8 il 45\u00b0 Presidente degli Stati Uniti, la sua vittoria inaspettata \u00e8 arrivata nel novembre del 2016 dopo una campagna elettorale rumorosa, razzista e politicamente scorretta. Hillary Clinton era talmente sicura di vincere che l\u2019ha guardato dall\u2019alto in basso per tutta la durata del duello elettorale, salvo cadere nelle sue provocazioni quando ormai&hellip;","_links":{"self":[{"href":"https:\/\/www.perunaltracitta.org\/homepage\/wp-json\/wp\/v2\/posts\/68429","targetHints":{"allow":["GET"]}}],"collection":[{"href":"https:\/\/www.perunaltracitta.org\/homepage\/wp-json\/wp\/v2\/posts"}],"about":[{"href":"https:\/\/www.perunaltracitta.org\/homepage\/wp-json\/wp\/v2\/types\/post"}],"author":[{"embeddable":true,"href":"https:\/\/www.perunaltracitta.org\/homepage\/wp-json\/wp\/v2\/users\/9"}],"replies":[{"embeddable":true,"href":"https:\/\/www.perunaltracitta.org\/homepage\/wp-json\/wp\/v2\/comments?post=68429"}],"version-history":[{"count":4,"href":"https:\/\/www.perunaltracitta.org\/homepage\/wp-json\/wp\/v2\/posts\/68429\/revisions"}],"predecessor-version":[{"id":68437,"href":"https:\/\/www.perunaltracitta.org\/homepage\/wp-json\/wp\/v2\/posts\/68429\/revisions\/68437"}],"wp:featuredmedia":[{"embeddable":true,"href":"https:\/\/www.perunaltracitta.org\/homepage\/wp-json\/wp\/v2\/media\/68430"}],"wp:attachment":[{"href":"https:\/\/www.perunaltracitta.org\/homepage\/wp-json\/wp\/v2\/media?parent=68429"}],"wp:term":[{"taxonomy":"category","embeddable":true,"href":"https:\/\/www.perunaltracitta.org\/homepage\/wp-json\/wp\/v2\/categories?post=68429"},{"taxonomy":"post_tag","embeddable":true,"href":"https:\/\/www.perunaltracitta.org\/homepage\/wp-json\/wp\/v2\/tags?post=68429"}],"curies":[{"name":"wp","href":"https:\/\/api.w.org\/{rel}","templated":true}]}}