{"id":78498,"date":"2020-12-14T15:16:38","date_gmt":"2020-12-14T14:16:38","guid":{"rendered":"https:\/\/www.perunaltracitta.org\/?p=78498"},"modified":"2022-04-22T15:30:42","modified_gmt":"2022-04-22T13:30:42","slug":"lo-spazio-della-festa-note-in-margine-a-un-testo","status":"publish","type":"post","link":"https:\/\/www.perunaltracitta.org\/homepage\/2020\/12\/14\/lo-spazio-della-festa-note-in-margine-a-un-testo\/","title":{"rendered":"Lo spazio della festa, note in margine a un testo."},"content":{"rendered":"<p>La festa non \u00e8 soltanto tempo, il tempo della festa, la festa \u00e8 anche spazio. Uno spazio che la festa si ritaglia, che si cuce addosso. La citt\u00e0, il paese, si formano attorno allo spazio festivo. Un luogo di incontro e di relazione; un luogo della reciprocit\u00e0. Non si festeggia mai da soli. La festa fonda l\u2019istituzione di uno spazio inutilitario contenuto nel tessuto urbano. Spazio rappresentativo dove la rappresentazione non ha chiusura, propone Derrida, che si riferiva all\u2019artaudiano teatro della crudelt\u00e0, ma che \u00e8 perfettamente applicabile alle rappresentazioni festive. Uno spazio che assomiglia pi\u00f9 a un campo di forze che a una forma geometrica; uno spazio dove si concentrano le relazioni e dove le relazioni di potere si fanno mani-feste. Dove si convoca e si destituisce l\u2019autorit\u00e0 e dove si incorona il re per burla. Dove lo spirito della festa trova un punto di origine e di propagazione. Si creano flussi che disegnano il tessuto urbano in un modo questa volta realmente partecipato.<\/p>\n<p>Ma anche nello scorrere quotidiano del tempo, la festa, il modo di essere festivo, reclama un suo spazio. Al tempo della cura, al tempo dell\u2019ozio, l\u2019aggregato urbano cede loro uno spazio. Nella prefazione al testo di Gilberto Pierazzuoli, Francesco Demitry lo individua nell\u2019osteria. Ecco un estratto della prefazione a: Gilberto Pierazzuoli, <em>Il lavoro \u00e8 una cosa \u201cseria\u201d. Apologia della festa<\/em>, Ombre corte, Verona 2020.<br \/>\n(La redazione)<\/p>\n<p><a href=\"https:\/\/www.perunaltracitta.org\/wp-content\/uploads\/2020\/12\/guccini-lolli.jpg\"><img loading=\"lazy\" decoding=\"async\" class=\"wp-image-78499 alignleft\" src=\"https:\/\/www.perunaltracitta.org\/wp-content\/uploads\/2020\/12\/guccini-lolli-1024x682.jpg\" alt=\"\" width=\"434\" height=\"289\" srcset=\"https:\/\/www.perunaltracitta.org\/wp-content\/uploads\/2020\/12\/guccini-lolli-1024x682.jpg 1024w, https:\/\/www.perunaltracitta.org\/wp-content\/uploads\/2020\/12\/guccini-lolli-300x200.jpg 300w, https:\/\/www.perunaltracitta.org\/wp-content\/uploads\/2020\/12\/guccini-lolli-768x512.jpg 768w, https:\/\/www.perunaltracitta.org\/wp-content\/uploads\/2020\/12\/guccini-lolli-600x400.jpg 600w, https:\/\/www.perunaltracitta.org\/wp-content\/uploads\/2020\/12\/guccini-lolli.jpg 1280w\" sizes=\"auto, (max-width: 434px) 100vw, 434px\" \/><\/a>Gilberto Pierazzuoli comincia questo saggio scrivendo che \u201cspesso si d\u00e0 una visione della festa come sovvertimento delle regole del quotidiano, come mondo alla rovescia\u201d. Se cos\u00ec fosse, non sarebbe altro che un arco di tempo in cui \u00e8 lecito e consentito sfogarsi per poi tornare alla \u201cnormalit\u00e0\u201d: la festa sarebbe soltanto un \u201cmomento ricalcato sulla quotidianit\u00e0\u201d, \u201cuna dimensione pensata in negativo\u201d. La festa cos\u00ec pensata non avrebbe nessun carattere \u201csovversivo\u201d, \u201crivoluzionario\u201d; sarebbe anzi una valvola di sfogo \u201cutile\u201d alla \u201cmegamacchina\u201d del capitalismo contemporaneo. Si lavora fino a sabato, ci si sbronza il sabato sera, la domenica si riposa e il luned\u00ec si torna a lavorare. In effetti, il tempo di chi, fortunatamente o sfortunatamente, lavora viene scandito pi\u00f9 o meno in questo modo.<br \/>\nLa festa per\u00f2 \u00e8 un\u2019altra cosa. Nel saggio viene ripresa la proposta di Giorgio Agamben, quella di una festa come \u201cinoperosit\u00e0\u201d, \u201cintesa non come inerzia totale, ma come sospensione dal lavoro\u201d. Non pi\u00f9 una dimensione negativa quindi, ma un \u201cbanchetto\u201d senza risvolti utilitaristici.<br \/>\nNon si \u201cricava\u201d una porzione di tempo concessa dal capitalismo, ma si \u201ccrea\u201d una temporalit\u00e0 altra: il tempo di Dioniso, il dio del vino, dell\u2019ebbrezza, della \u201cliberazione\u201d, dove tutto viene vissuto in modo \u201cintensivo\u201d. Questo non comporta necessariamente che la festa sia sempre positiva e, anzi, bisogna essere cauti.<\/p>\n<p>Siamo cio\u00e8 in presenza di una forza antiautoritaria e liberatoria incredibilmente vitale e potente che non conosce restrizioni dettate da considerazioni di ordine sociale, da principi etici o da ideali politici. \u00c8 quindi una forza che pu\u00f2 trasformarsi in qualsiasi cosa: in un alleato nella lotta per la libert\u00e0 e la giustizia, o in un irriducibile avversario fascista.<\/p>\n<p>Quel che \u00e8 certo \u00e8 che questa temporalit\u00e0 del \u201cnon-lavoro\u201d innesca degli \u201ceffetti\u201d, anche nel nostro viverla in modo \u201cinoperoso\u201d.<br \/>\nUno dei luoghi in cui si innesca pi\u00f9 facilmente questa inoperosit\u00e0 \u00e8 sicuramente l\u2019osteria. In osteria si produce fortissimo un \u201ccon-dividere\u201d collettivo, molteplice. In osteria si beve assieme e il modo in cui ci si relaziona \u00e8 tanto pi\u00f9 intensivo quanto pi\u00f9 vino viene bevuto. Nell\u2019ebbrezza allegra si brinda, si canta assieme, si combinano sensibilit\u00e0 differenti, ci si \u201cfida\u201d e si creano \u201cimmaginari\u201d. In osteria la sensazione \u00e8 quasi sempre quella di andare avanti, senza il bisogno di tornare indietro: si \u00e8 spregiudicati, non nostalgici.<br \/>\nClaudio Lolli, durante una \u201cchiacchierata\u201d sulle osterie bolognesi negli anni Settanta, fu chiarissimo in proposito:<\/p>\n<p>La sinistra in Italia \u00e8 stata sempre ostile a qualsiasi tipo di trasformazione, a qualsiasi tipo di cambiamento: nostalgici. No, la nostalgia non costruisce nulla politicamente. Abbiamo i nostri ricordi, e quelli non ce li toglie nessuno e sono l\u00ec. [\u2026] Non \u00e8 detto che debba andare sempre avanti cos\u00ec. [\u2026] Nostalgia vuol dire \u201cnostos\u201d, il desiderio di \u201ctornare\u201d. Io non ho il desiderio di tornare, da nessuna parte. Tutto quello che ho fatto mi va bene. Vorrei andare avanti \u2013 anche se la mia et\u00e0 non me lo consente \u2013 ma non voglio ritornare da nessuna parte. Basta. Ci\u00f2 che \u00e8 stato \u00e8 stato. Raccontiamolo, riflettiamo, \u201cgiudichiamolo\u201d, ma non rimpiangiamolo. \u201cDeclino\u201d mi sembra una parola inadatta. [\u2026] Perch\u00e9\u2026 Perch\u00e9 le frequentavo cos\u00ec \u2013 cos\u00ec tanto? Perch\u00e9 per me l\u2019osteria era momento di narrazione del sogno. Cio\u00e8 qualcosa in cui la realt\u00e0 perdeva, ma non solo per motivi alcolici (\u2026anche!). [\u2026] Perdeva la sua connotazione impositiva, la sua connotazione coattiva. Niente. C\u2019era qualcosa di diverso. C\u2019era una possibilit\u00e0 di percezione di un\u2019altra realt\u00e0. Vi cito \u2013 e me ne scuso veramente tanto \u2013 il titolo di un romanzo di Alain Robbe-Grillet: Lo slittamento progressivo del piacere. Era quello! Era quello! Un piacere di stare al mondo che distrugge i suoi confini, che slitta progressivamente verso il piacere possibile, per cui la mattina dopo vedrai se \u00e8 veramente possibile o se era un\u2019ubriacatura di merda. Per\u00f2, attenzione, c\u2019\u00e8 un acquisto. Nell\u2019assunzione del vino, dell\u2019alcol, c\u2019era questo per me, e per me queste osterie di Bologna hanno significato questo, uno sciogliersi nella citt\u00e0, uno sciogliersi nel futuro. Nel futuro possibile! [\u2026] Oggi ho un piacere, ma si pu\u00f2 slittare ancora pi\u00f9 \u2026in avanti! Perch\u00e9 no?! E perch\u00e9 questo non si pu\u00f2 fare? Anzi! Questo si pu\u00f2 fare solo in un luogo di questo tipo, in cui gli altri hanno la stessa percezione, hanno la stessa sensazione, e hanno la stessa aspirazione, a \u2013 \u2026come dire!?, \u2026adesso non la voglio fare grossa\u2026 \u2013 al sogno.<\/p>\n<p style=\"text-align: right;\"><strong>*Francesco Demitry<\/strong><\/p>\n<p>&nbsp;<\/p>\n","protected":false},"excerpt":{"rendered":"<p>La festa non \u00e8 soltanto tempo, il tempo della festa, la festa \u00e8 anche spazio. Uno spazio che la festa si ritaglia, che si cuce addosso. La citt\u00e0, il paese, si formano attorno allo spazio festivo. Un luogo di incontro e di relazione; un luogo della reciprocit\u00e0. Non si festeggia mai da soli. La festa &hellip;<\/p>\n<p class=\"read-more\"> <a class=\"\" href=\"https:\/\/www.perunaltracitta.org\/homepage\/2020\/12\/14\/lo-spazio-della-festa-note-in-margine-a-un-testo\/\"> <span class=\"screen-reader-text\">Lo spazio della festa, note in margine a un testo.<\/span> Leggi altro &raquo;<\/a><\/p>\n","protected":false},"author":398,"featured_media":78499,"comment_status":"open","ping_status":"open","sticky":false,"template":"","format":"standard","meta":{"_uag_custom_page_level_css":"","site-sidebar-layout":"default","site-content-layout":"default","ast-global-header-display":"","ast-main-header-display":"","ast-hfb-above-header-display":"","ast-hfb-below-header-display":"","ast-hfb-mobile-header-display":"","site-post-title":"","ast-breadcrumbs-content":"","ast-featured-img":"","footer-sml-layout":"","theme-transparent-header-meta":"default","adv-header-id-meta":"","stick-header-meta":"","header-above-stick-meta":"","header-main-stick-meta":"","header-below-stick-meta":"","footnotes":""},"categories":[41],"tags":[3298,4383,1064,516,3297],"class_list":["post-78498","post","type-post","status-publish","format-standard","has-post-thumbnail","hentry","category-la-citta-invisibile","tag-claudio-lolli","tag-estratti","tag-festa","tag-libri","tag-osteria"],"yoast_head":"<!-- This site is optimized with the Yoast SEO plugin v25.1 - https:\/\/yoast.com\/wordpress\/plugins\/seo\/ -->\n<title>Lo spazio della festa, note in margine a un testo. - La Citt\u00e0 invisibile | perUnaltracitt\u00e0 | Firenze<\/title>\n<meta name=\"robots\" content=\"index, follow, max-snippet:-1, max-image-preview:large, max-video-preview:-1\" \/>\n<link rel=\"canonical\" href=\"https:\/\/www.perunaltracitta.org\/homepage\/2020\/12\/14\/lo-spazio-della-festa-note-in-margine-a-un-testo\/\" \/>\n<meta property=\"og:locale\" content=\"it_IT\" \/>\n<meta property=\"og:type\" content=\"article\" \/>\n<meta property=\"og:title\" content=\"Lo spazio della festa, note in margine a un testo. - La Citt\u00e0 invisibile | perUnaltracitt\u00e0 | Firenze\" \/>\n<meta property=\"og:description\" content=\"La festa non \u00e8 soltanto tempo, il tempo della festa, la festa \u00e8 anche spazio. Uno spazio che la festa si ritaglia, che si cuce addosso. La citt\u00e0, il paese, si formano attorno allo spazio festivo. Un luogo di incontro e di relazione; un luogo della reciprocit\u00e0. Non si festeggia mai da soli. La festa &hellip; Lo spazio della festa, note in margine a un testo. Leggi altro &raquo;\" \/>\n<meta property=\"og:url\" content=\"https:\/\/www.perunaltracitta.org\/homepage\/2020\/12\/14\/lo-spazio-della-festa-note-in-margine-a-un-testo\/\" \/>\n<meta property=\"og:site_name\" content=\"La Citt\u00e0 invisibile | perUnaltracitt\u00e0 | Firenze\" \/>\n<meta property=\"article:publisher\" content=\"https:\/\/www.facebook.com\/perunaltracitta\" \/>\n<meta property=\"article:published_time\" content=\"2020-12-14T14:16:38+00:00\" \/>\n<meta property=\"article:modified_time\" content=\"2022-04-22T13:30:42+00:00\" \/>\n<meta property=\"og:image\" content=\"https:\/\/www.perunaltracitta.org\/wp-content\/uploads\/2020\/12\/guccini-lolli.jpg\" \/>\n\t<meta property=\"og:image:width\" content=\"1280\" \/>\n\t<meta property=\"og:image:height\" content=\"853\" \/>\n\t<meta property=\"og:image:type\" content=\"image\/jpeg\" \/>\n<meta name=\"author\" content=\"Francesco Demitry\" \/>\n<meta name=\"twitter:card\" content=\"summary_large_image\" \/>\n<meta name=\"twitter:creator\" content=\"@perunaltracitta\" \/>\n<meta name=\"twitter:site\" content=\"@perunaltracitta\" \/>\n<meta name=\"twitter:label1\" content=\"Scritto da\" \/>\n\t<meta name=\"twitter:data1\" content=\"Francesco Demitry\" \/>\n\t<meta name=\"twitter:label2\" content=\"Tempo di lettura stimato\" \/>\n\t<meta name=\"twitter:data2\" content=\"5 minuti\" \/>\n<script type=\"application\/ld+json\" class=\"yoast-schema-graph\">{\"@context\":\"https:\/\/schema.org\",\"@graph\":[{\"@type\":\"Article\",\"@id\":\"https:\/\/www.perunaltracitta.org\/homepage\/2020\/12\/14\/lo-spazio-della-festa-note-in-margine-a-un-testo\/#article\",\"isPartOf\":{\"@id\":\"https:\/\/www.perunaltracitta.org\/homepage\/2020\/12\/14\/lo-spazio-della-festa-note-in-margine-a-un-testo\/\"},\"author\":{\"name\":\"Francesco Demitry\",\"@id\":\"https:\/\/www.perunaltracitta.org\/homepage\/#\/schema\/person\/66df791ff885f33af8d62c62b80d67bf\"},\"headline\":\"Lo spazio della festa, note in margine a un testo.\",\"datePublished\":\"2020-12-14T14:16:38+00:00\",\"dateModified\":\"2022-04-22T13:30:42+00:00\",\"mainEntityOfPage\":{\"@id\":\"https:\/\/www.perunaltracitta.org\/homepage\/2020\/12\/14\/lo-spazio-della-festa-note-in-margine-a-un-testo\/\"},\"wordCount\":955,\"commentCount\":0,\"publisher\":{\"@id\":\"https:\/\/www.perunaltracitta.org\/homepage\/#organization\"},\"image\":{\"@id\":\"https:\/\/www.perunaltracitta.org\/homepage\/2020\/12\/14\/lo-spazio-della-festa-note-in-margine-a-un-testo\/#primaryimage\"},\"thumbnailUrl\":\"https:\/\/www.perunaltracitta.org\/wp-content\/uploads\/2020\/12\/guccini-lolli.jpg\",\"keywords\":[\"Claudio Lolli\",\"estratti\",\"festa\",\"libri\",\"osteria\"],\"articleSection\":[\"La Citt\u00e0 invisibile\"],\"inLanguage\":\"it-IT\",\"potentialAction\":[{\"@type\":\"CommentAction\",\"name\":\"Comment\",\"target\":[\"https:\/\/www.perunaltracitta.org\/homepage\/2020\/12\/14\/lo-spazio-della-festa-note-in-margine-a-un-testo\/#respond\"]}]},{\"@type\":\"WebPage\",\"@id\":\"https:\/\/www.perunaltracitta.org\/homepage\/2020\/12\/14\/lo-spazio-della-festa-note-in-margine-a-un-testo\/\",\"url\":\"https:\/\/www.perunaltracitta.org\/homepage\/2020\/12\/14\/lo-spazio-della-festa-note-in-margine-a-un-testo\/\",\"name\":\"Lo spazio della festa, note in margine a un testo. - La Citt\u00e0 invisibile | perUnaltracitt\u00e0 | Firenze\",\"isPartOf\":{\"@id\":\"https:\/\/www.perunaltracitta.org\/homepage\/#website\"},\"primaryImageOfPage\":{\"@id\":\"https:\/\/www.perunaltracitta.org\/homepage\/2020\/12\/14\/lo-spazio-della-festa-note-in-margine-a-un-testo\/#primaryimage\"},\"image\":{\"@id\":\"https:\/\/www.perunaltracitta.org\/homepage\/2020\/12\/14\/lo-spazio-della-festa-note-in-margine-a-un-testo\/#primaryimage\"},\"thumbnailUrl\":\"https:\/\/www.perunaltracitta.org\/wp-content\/uploads\/2020\/12\/guccini-lolli.jpg\",\"datePublished\":\"2020-12-14T14:16:38+00:00\",\"dateModified\":\"2022-04-22T13:30:42+00:00\",\"breadcrumb\":{\"@id\":\"https:\/\/www.perunaltracitta.org\/homepage\/2020\/12\/14\/lo-spazio-della-festa-note-in-margine-a-un-testo\/#breadcrumb\"},\"inLanguage\":\"it-IT\",\"potentialAction\":[{\"@type\":\"ReadAction\",\"target\":[\"https:\/\/www.perunaltracitta.org\/homepage\/2020\/12\/14\/lo-spazio-della-festa-note-in-margine-a-un-testo\/\"]}]},{\"@type\":\"ImageObject\",\"inLanguage\":\"it-IT\",\"@id\":\"https:\/\/www.perunaltracitta.org\/homepage\/2020\/12\/14\/lo-spazio-della-festa-note-in-margine-a-un-testo\/#primaryimage\",\"url\":\"https:\/\/www.perunaltracitta.org\/wp-content\/uploads\/2020\/12\/guccini-lolli.jpg\",\"contentUrl\":\"https:\/\/www.perunaltracitta.org\/wp-content\/uploads\/2020\/12\/guccini-lolli.jpg\",\"width\":1280,\"height\":853},{\"@type\":\"BreadcrumbList\",\"@id\":\"https:\/\/www.perunaltracitta.org\/homepage\/2020\/12\/14\/lo-spazio-della-festa-note-in-margine-a-un-testo\/#breadcrumb\",\"itemListElement\":[{\"@type\":\"ListItem\",\"position\":1,\"name\":\"Home\",\"item\":\"https:\/\/www.perunaltracitta.org\/homepage\/\"},{\"@type\":\"ListItem\",\"position\":2,\"name\":\"Lo spazio della festa, note in margine a un testo.\"}]},{\"@type\":\"WebSite\",\"@id\":\"https:\/\/www.perunaltracitta.org\/homepage\/#website\",\"url\":\"https:\/\/www.perunaltracitta.org\/homepage\/\",\"name\":\"La Citt\u00e0 invisibile | perUnaltracitt\u00e0 | Firenze\",\"description\":\"Voci oltre il pensiero unico\",\"publisher\":{\"@id\":\"https:\/\/www.perunaltracitta.org\/homepage\/#organization\"},\"potentialAction\":[{\"@type\":\"SearchAction\",\"target\":{\"@type\":\"EntryPoint\",\"urlTemplate\":\"https:\/\/www.perunaltracitta.org\/homepage\/?s={search_term_string}\"},\"query-input\":{\"@type\":\"PropertyValueSpecification\",\"valueRequired\":true,\"valueName\":\"search_term_string\"}}],\"inLanguage\":\"it-IT\"},{\"@type\":\"Organization\",\"@id\":\"https:\/\/www.perunaltracitta.org\/homepage\/#organization\",\"name\":\"perUnaltracitt\u00e0 - laboratorio politico Firenze\",\"url\":\"https:\/\/www.perunaltracitta.org\/homepage\/\",\"logo\":{\"@type\":\"ImageObject\",\"inLanguage\":\"it-IT\",\"@id\":\"https:\/\/www.perunaltracitta.org\/homepage\/#\/schema\/logo\/image\/\",\"url\":\"https:\/\/www.perunaltracitta.org\/wp-content\/uploads\/2025\/11\/Original-on-Transparent-Copia-af-1.png\",\"contentUrl\":\"https:\/\/www.perunaltracitta.org\/wp-content\/uploads\/2025\/11\/Original-on-Transparent-Copia-af-1.png\",\"width\":600,\"height\":153,\"caption\":\"perUnaltracitt\u00e0 - laboratorio politico Firenze\"},\"image\":{\"@id\":\"https:\/\/www.perunaltracitta.org\/homepage\/#\/schema\/logo\/image\/\"},\"sameAs\":[\"https:\/\/www.facebook.com\/perunaltracitta\",\"https:\/\/x.com\/perunaltracitta\"]},{\"@type\":\"Person\",\"@id\":\"https:\/\/www.perunaltracitta.org\/homepage\/#\/schema\/person\/66df791ff885f33af8d62c62b80d67bf\",\"name\":\"Francesco Demitry\",\"image\":{\"@type\":\"ImageObject\",\"inLanguage\":\"it-IT\",\"@id\":\"https:\/\/www.perunaltracitta.org\/homepage\/#\/schema\/person\/image\/\",\"url\":\"https:\/\/www.perunaltracitta.org\/wp-content\/uploads\/2020\/12\/Foto1-120x120.jpg\",\"contentUrl\":\"https:\/\/www.perunaltracitta.org\/wp-content\/uploads\/2020\/12\/Foto1-120x120.jpg\",\"caption\":\"Francesco Demitry\"},\"description\":\"Francesco Demitry \u00e8 dottorando di ricerca in filosofia presso l\u2019Universit\u00e0 di Pisa e l\u2019Universit\u00e0 di Firenze. Collabora con Effimera e fa parte del comitato di redazione di Officine Filosofiche. Ha curato con Alfonso Amendola e Viviana Vacca una raccolta di saggi dal titolo L\u2019insorto del corpo. Il tono, l\u2019azione, la poesia. Saggi su Antonin Artaud (Ombre Corte, 2018).\",\"url\":\"https:\/\/www.perunaltracitta.org\/homepage\/author\/francesco-demitry\/\"}]}<\/script>\n<!-- \/ Yoast SEO plugin. -->","yoast_head_json":{"title":"Lo spazio della festa, note in margine a un testo. - La Citt\u00e0 invisibile | perUnaltracitt\u00e0 | Firenze","robots":{"index":"index","follow":"follow","max-snippet":"max-snippet:-1","max-image-preview":"max-image-preview:large","max-video-preview":"max-video-preview:-1"},"canonical":"https:\/\/www.perunaltracitta.org\/homepage\/2020\/12\/14\/lo-spazio-della-festa-note-in-margine-a-un-testo\/","og_locale":"it_IT","og_type":"article","og_title":"Lo spazio della festa, note in margine a un testo. - La Citt\u00e0 invisibile | perUnaltracitt\u00e0 | Firenze","og_description":"La festa non \u00e8 soltanto tempo, il tempo della festa, la festa \u00e8 anche spazio. Uno spazio che la festa si ritaglia, che si cuce addosso. La citt\u00e0, il paese, si formano attorno allo spazio festivo. Un luogo di incontro e di relazione; un luogo della reciprocit\u00e0. Non si festeggia mai da soli. La festa &hellip; Lo spazio della festa, note in margine a un testo. Leggi altro &raquo;","og_url":"https:\/\/www.perunaltracitta.org\/homepage\/2020\/12\/14\/lo-spazio-della-festa-note-in-margine-a-un-testo\/","og_site_name":"La Citt\u00e0 invisibile | perUnaltracitt\u00e0 | Firenze","article_publisher":"https:\/\/www.facebook.com\/perunaltracitta","article_published_time":"2020-12-14T14:16:38+00:00","article_modified_time":"2022-04-22T13:30:42+00:00","og_image":[{"width":1280,"height":853,"url":"https:\/\/www.perunaltracitta.org\/wp-content\/uploads\/2020\/12\/guccini-lolli.jpg","type":"image\/jpeg"}],"author":"Francesco Demitry","twitter_card":"summary_large_image","twitter_creator":"@perunaltracitta","twitter_site":"@perunaltracitta","twitter_misc":{"Scritto da":"Francesco Demitry","Tempo di lettura stimato":"5 minuti"},"schema":{"@context":"https:\/\/schema.org","@graph":[{"@type":"Article","@id":"https:\/\/www.perunaltracitta.org\/homepage\/2020\/12\/14\/lo-spazio-della-festa-note-in-margine-a-un-testo\/#article","isPartOf":{"@id":"https:\/\/www.perunaltracitta.org\/homepage\/2020\/12\/14\/lo-spazio-della-festa-note-in-margine-a-un-testo\/"},"author":{"name":"Francesco Demitry","@id":"https:\/\/www.perunaltracitta.org\/homepage\/#\/schema\/person\/66df791ff885f33af8d62c62b80d67bf"},"headline":"Lo spazio della festa, note in margine a un testo.","datePublished":"2020-12-14T14:16:38+00:00","dateModified":"2022-04-22T13:30:42+00:00","mainEntityOfPage":{"@id":"https:\/\/www.perunaltracitta.org\/homepage\/2020\/12\/14\/lo-spazio-della-festa-note-in-margine-a-un-testo\/"},"wordCount":955,"commentCount":0,"publisher":{"@id":"https:\/\/www.perunaltracitta.org\/homepage\/#organization"},"image":{"@id":"https:\/\/www.perunaltracitta.org\/homepage\/2020\/12\/14\/lo-spazio-della-festa-note-in-margine-a-un-testo\/#primaryimage"},"thumbnailUrl":"https:\/\/www.perunaltracitta.org\/wp-content\/uploads\/2020\/12\/guccini-lolli.jpg","keywords":["Claudio Lolli","estratti","festa","libri","osteria"],"articleSection":["La Citt\u00e0 invisibile"],"inLanguage":"it-IT","potentialAction":[{"@type":"CommentAction","name":"Comment","target":["https:\/\/www.perunaltracitta.org\/homepage\/2020\/12\/14\/lo-spazio-della-festa-note-in-margine-a-un-testo\/#respond"]}]},{"@type":"WebPage","@id":"https:\/\/www.perunaltracitta.org\/homepage\/2020\/12\/14\/lo-spazio-della-festa-note-in-margine-a-un-testo\/","url":"https:\/\/www.perunaltracitta.org\/homepage\/2020\/12\/14\/lo-spazio-della-festa-note-in-margine-a-un-testo\/","name":"Lo spazio della festa, note in margine a un testo. - La Citt\u00e0 invisibile | perUnaltracitt\u00e0 | Firenze","isPartOf":{"@id":"https:\/\/www.perunaltracitta.org\/homepage\/#website"},"primaryImageOfPage":{"@id":"https:\/\/www.perunaltracitta.org\/homepage\/2020\/12\/14\/lo-spazio-della-festa-note-in-margine-a-un-testo\/#primaryimage"},"image":{"@id":"https:\/\/www.perunaltracitta.org\/homepage\/2020\/12\/14\/lo-spazio-della-festa-note-in-margine-a-un-testo\/#primaryimage"},"thumbnailUrl":"https:\/\/www.perunaltracitta.org\/wp-content\/uploads\/2020\/12\/guccini-lolli.jpg","datePublished":"2020-12-14T14:16:38+00:00","dateModified":"2022-04-22T13:30:42+00:00","breadcrumb":{"@id":"https:\/\/www.perunaltracitta.org\/homepage\/2020\/12\/14\/lo-spazio-della-festa-note-in-margine-a-un-testo\/#breadcrumb"},"inLanguage":"it-IT","potentialAction":[{"@type":"ReadAction","target":["https:\/\/www.perunaltracitta.org\/homepage\/2020\/12\/14\/lo-spazio-della-festa-note-in-margine-a-un-testo\/"]}]},{"@type":"ImageObject","inLanguage":"it-IT","@id":"https:\/\/www.perunaltracitta.org\/homepage\/2020\/12\/14\/lo-spazio-della-festa-note-in-margine-a-un-testo\/#primaryimage","url":"https:\/\/www.perunaltracitta.org\/wp-content\/uploads\/2020\/12\/guccini-lolli.jpg","contentUrl":"https:\/\/www.perunaltracitta.org\/wp-content\/uploads\/2020\/12\/guccini-lolli.jpg","width":1280,"height":853},{"@type":"BreadcrumbList","@id":"https:\/\/www.perunaltracitta.org\/homepage\/2020\/12\/14\/lo-spazio-della-festa-note-in-margine-a-un-testo\/#breadcrumb","itemListElement":[{"@type":"ListItem","position":1,"name":"Home","item":"https:\/\/www.perunaltracitta.org\/homepage\/"},{"@type":"ListItem","position":2,"name":"Lo spazio della festa, note in margine a un testo."}]},{"@type":"WebSite","@id":"https:\/\/www.perunaltracitta.org\/homepage\/#website","url":"https:\/\/www.perunaltracitta.org\/homepage\/","name":"La Citt\u00e0 invisibile | perUnaltracitt\u00e0 | Firenze","description":"Voci oltre il pensiero unico","publisher":{"@id":"https:\/\/www.perunaltracitta.org\/homepage\/#organization"},"potentialAction":[{"@type":"SearchAction","target":{"@type":"EntryPoint","urlTemplate":"https:\/\/www.perunaltracitta.org\/homepage\/?s={search_term_string}"},"query-input":{"@type":"PropertyValueSpecification","valueRequired":true,"valueName":"search_term_string"}}],"inLanguage":"it-IT"},{"@type":"Organization","@id":"https:\/\/www.perunaltracitta.org\/homepage\/#organization","name":"perUnaltracitt\u00e0 - laboratorio politico Firenze","url":"https:\/\/www.perunaltracitta.org\/homepage\/","logo":{"@type":"ImageObject","inLanguage":"it-IT","@id":"https:\/\/www.perunaltracitta.org\/homepage\/#\/schema\/logo\/image\/","url":"https:\/\/www.perunaltracitta.org\/wp-content\/uploads\/2025\/11\/Original-on-Transparent-Copia-af-1.png","contentUrl":"https:\/\/www.perunaltracitta.org\/wp-content\/uploads\/2025\/11\/Original-on-Transparent-Copia-af-1.png","width":600,"height":153,"caption":"perUnaltracitt\u00e0 - laboratorio politico Firenze"},"image":{"@id":"https:\/\/www.perunaltracitta.org\/homepage\/#\/schema\/logo\/image\/"},"sameAs":["https:\/\/www.facebook.com\/perunaltracitta","https:\/\/x.com\/perunaltracitta"]},{"@type":"Person","@id":"https:\/\/www.perunaltracitta.org\/homepage\/#\/schema\/person\/66df791ff885f33af8d62c62b80d67bf","name":"Francesco Demitry","image":{"@type":"ImageObject","inLanguage":"it-IT","@id":"https:\/\/www.perunaltracitta.org\/homepage\/#\/schema\/person\/image\/","url":"https:\/\/www.perunaltracitta.org\/wp-content\/uploads\/2020\/12\/Foto1-120x120.jpg","contentUrl":"https:\/\/www.perunaltracitta.org\/wp-content\/uploads\/2020\/12\/Foto1-120x120.jpg","caption":"Francesco Demitry"},"description":"Francesco Demitry \u00e8 dottorando di ricerca in filosofia presso l\u2019Universit\u00e0 di Pisa e l\u2019Universit\u00e0 di Firenze. Collabora con Effimera e fa parte del comitato di redazione di Officine Filosofiche. Ha curato con Alfonso Amendola e Viviana Vacca una raccolta di saggi dal titolo L\u2019insorto del corpo. Il tono, l\u2019azione, la poesia. Saggi su Antonin Artaud (Ombre Corte, 2018).","url":"https:\/\/www.perunaltracitta.org\/homepage\/author\/francesco-demitry\/"}]}},"uagb_featured_image_src":{"full":["https:\/\/www.perunaltracitta.org\/wp-content\/uploads\/2020\/12\/guccini-lolli.jpg",1280,853,false],"thumbnail":["https:\/\/www.perunaltracitta.org\/wp-content\/uploads\/2020\/12\/guccini-lolli-150x150.jpg",150,150,true],"medium":["https:\/\/www.perunaltracitta.org\/wp-content\/uploads\/2020\/12\/guccini-lolli-300x200.jpg",300,200,true],"medium_large":["https:\/\/www.perunaltracitta.org\/wp-content\/uploads\/2020\/12\/guccini-lolli-768x512.jpg",768,512,true],"large":["https:\/\/www.perunaltracitta.org\/wp-content\/uploads\/2020\/12\/guccini-lolli-1024x682.jpg",1024,682,true],"wysija-newsletters-max":["https:\/\/www.perunaltracitta.org\/wp-content\/uploads\/2020\/12\/guccini-lolli-600x400.jpg",600,400,true],"1536x1536":["https:\/\/www.perunaltracitta.org\/wp-content\/uploads\/2020\/12\/guccini-lolli.jpg",1280,853,false],"2048x2048":["https:\/\/www.perunaltracitta.org\/wp-content\/uploads\/2020\/12\/guccini-lolli.jpg",1280,853,false],"mailpoet_newsletter_max":["https:\/\/www.perunaltracitta.org\/wp-content\/uploads\/2020\/12\/guccini-lolli.jpg",1280,853,false],"yarpp-thumbnail":["https:\/\/www.perunaltracitta.org\/wp-content\/uploads\/2020\/12\/guccini-lolli-120x120.jpg",120,120,true]},"uagb_author_info":{"display_name":"Francesco Demitry","author_link":"https:\/\/www.perunaltracitta.org\/homepage\/author\/francesco-demitry\/"},"uagb_comment_info":0,"uagb_excerpt":"La festa non \u00e8 soltanto tempo, il tempo della festa, la festa \u00e8 anche spazio. Uno spazio che la festa si ritaglia, che si cuce addosso. La citt\u00e0, il paese, si formano attorno allo spazio festivo. Un luogo di incontro e di relazione; un luogo della reciprocit\u00e0. Non si festeggia mai da soli. La festa&hellip;","_links":{"self":[{"href":"https:\/\/www.perunaltracitta.org\/homepage\/wp-json\/wp\/v2\/posts\/78498","targetHints":{"allow":["GET"]}}],"collection":[{"href":"https:\/\/www.perunaltracitta.org\/homepage\/wp-json\/wp\/v2\/posts"}],"about":[{"href":"https:\/\/www.perunaltracitta.org\/homepage\/wp-json\/wp\/v2\/types\/post"}],"author":[{"embeddable":true,"href":"https:\/\/www.perunaltracitta.org\/homepage\/wp-json\/wp\/v2\/users\/398"}],"replies":[{"embeddable":true,"href":"https:\/\/www.perunaltracitta.org\/homepage\/wp-json\/wp\/v2\/comments?post=78498"}],"version-history":[{"count":4,"href":"https:\/\/www.perunaltracitta.org\/homepage\/wp-json\/wp\/v2\/posts\/78498\/revisions"}],"predecessor-version":[{"id":86476,"href":"https:\/\/www.perunaltracitta.org\/homepage\/wp-json\/wp\/v2\/posts\/78498\/revisions\/86476"}],"wp:featuredmedia":[{"embeddable":true,"href":"https:\/\/www.perunaltracitta.org\/homepage\/wp-json\/wp\/v2\/media\/78499"}],"wp:attachment":[{"href":"https:\/\/www.perunaltracitta.org\/homepage\/wp-json\/wp\/v2\/media?parent=78498"}],"wp:term":[{"taxonomy":"category","embeddable":true,"href":"https:\/\/www.perunaltracitta.org\/homepage\/wp-json\/wp\/v2\/categories?post=78498"},{"taxonomy":"post_tag","embeddable":true,"href":"https:\/\/www.perunaltracitta.org\/homepage\/wp-json\/wp\/v2\/tags?post=78498"}],"curies":[{"name":"wp","href":"https:\/\/api.w.org\/{rel}","templated":true}]}}