{"id":78564,"date":"2020-12-18T16:30:42","date_gmt":"2020-12-18T15:30:42","guid":{"rendered":"https:\/\/www.perunaltracitta.org\/?p=78564"},"modified":"2020-12-18T16:30:42","modified_gmt":"2020-12-18T15:30:42","slug":"recovery-fund-una-ricca-torta-per-firenze-e-la-toscana","status":"publish","type":"post","link":"https:\/\/www.perunaltracitta.org\/homepage\/2020\/12\/18\/recovery-fund-una-ricca-torta-per-firenze-e-la-toscana\/","title":{"rendered":"Recovery Fund: una ricca torta per Firenze e la Toscana?"},"content":{"rendered":"<p>Se a Roma partiti e ministri litigano per gestire e spartirsi la torta dei 209 miliardi del Recovery Fund, a Firenze e in Toscana \u00e8 ancora agli inizi la disputa sui 12-15 miliardi della possibile &#8220;quota parte&#8221; regionale.<\/p>\n<p>In Toscana non c&#8217;\u00e8 stato ancora un dibattito pubblico n\u00e9 fra i vari livelli istituzionali (Regione, Province, Citt\u00e0 Metropolitana e Comuni) sulla presentazione e scelta di progetti, che sarebbero strategici per un&#8217;occasione che in tanti definiscono unica e storica per la sua rilevanza economica e politica.<\/p>\n<p><a href=\"https:\/\/www.perunaltracitta.org\/wp-content\/uploads\/2020\/12\/Giani-Nardella.jpg\"><img loading=\"lazy\" decoding=\"async\" class=\"alignleft size-medium wp-image-78569\" src=\"https:\/\/www.perunaltracitta.org\/wp-content\/uploads\/2020\/12\/Giani-Nardella-300x169.jpg\" alt=\"\" width=\"300\" height=\"169\" srcset=\"https:\/\/www.perunaltracitta.org\/wp-content\/uploads\/2020\/12\/Giani-Nardella-300x169.jpg 300w, https:\/\/www.perunaltracitta.org\/wp-content\/uploads\/2020\/12\/Giani-Nardella-1024x576.jpg 1024w, https:\/\/www.perunaltracitta.org\/wp-content\/uploads\/2020\/12\/Giani-Nardella-768x432.jpg 768w, https:\/\/www.perunaltracitta.org\/wp-content\/uploads\/2020\/12\/Giani-Nardella-600x338.jpg 600w, https:\/\/www.perunaltracitta.org\/wp-content\/uploads\/2020\/12\/Giani-Nardella.jpg 1134w\" sizes=\"auto, (max-width: 300px) 100vw, 300px\" \/><\/a>Eppure i &#8220;lavori&#8221; sono in corso da mesi su progetti soprattutto legati a infrastrutture varie, con identit\u00e0 di vedute e di interessi fra la parte politica e quella imprenditoriale, come dimostrano alcune recenti interviste rilasciate dal presidente della Regione Giani e dal presidente di Confindustria Toscana Bigazzi (<em>Repubblica<\/em> del 7 e 8 dicembre) e altre meno recenti dal sindaco Nardella. &#8220;\u00c8 una sfida gigantesca&#8230;ci lavoro notte e giorno, abbiamo progetti gi\u00e0 definitivi, altri su cui siamo avanti&#8221; dice Giani, mentre Bigazzi aggiunge che con la Regione \u201cil confronto c\u2019\u00e8, \u00e8 in corso, ci sono tanti tavoli aperti perch\u00e9 c\u2019\u00e8 la sfida del Recovery Fund\u2026 perch\u00e9 siamo di fronte ad una mole di fondi pubblici mai vista da gestire\u201d.<\/p>\n<p>Nardella, gi\u00e0 a settembre (<em>Sole 24ore<\/em> 3.9.2020) lasciava trapelare che &#8220;Firenze gi\u00e0 da settimane ha messo in fila i progetti da inserire nel Recovery plan, in tutto 120, grandi e piccoli, a diversi stadi di avanzamento, che valgono complessivamente 2,5 miliardi&#8221;.<\/p>\n<p>Le priorit\u00e0 toscane sono &#8220;infrastrutture, svolta green, dissesto idrogeologico, formazione, imprese, digitale&#8221; secondo Giani, che precisa per le infrastrutture di mobilit\u00e0 &#8220;ci sono nodi nazionali, va capito se per sottoattraversamento Tav e stazione Foster saranno impiegate risorse del Recovery, che potrebbero entrare in quota parte sulla Toscana&#8221;; e aggiunge: &#8220;intendiamo proporre decine di interventi ferroviari e stradali&#8230; e per cura del ferro e tramvie, penso a tre grandi opere per la Piana fiorentina: le linee per Sesto e Campi e la Peretola-Pecci a Prato, complessivamente 800 milioni&#8221;. E le priorit\u00e0 del confindustriale Bigazzi? &#8220;Infrastrutture materiali e immateriali, come dice lo stesso Giani &#8230; l\u2019elenco del presidente \u00e8 il nostro\u201d.<\/p>\n<p>Nardella ragiona anche come sindaco della Citt\u00e0 Metropolitana, come possibile altro tavolo istituzionale per ulteriori finanziamenti, tanto che &#8220;abbiamo immaginato il massimo possibile&#8221;, con in primo piano le nuove linee del tram, anche senza pianificazione della mobilit\u00e0, ma condivise pure da Giani e Bigazzi, e un &#8216;tubone&#8221;, un&#8217;autostrada dell&#8217;acqua, per collegare Prato col lago di Bilancino, in Mugello.<\/p>\n<p>I progetti e i desiderata di Giani e Nardella (e di Bigazzi) dovranno comunque rientrare nella spartizione e gestione politica nazionale delle priorit\u00e0 del Governo. Certo \u00e8 che, se i fondi del Recovery Fund, come ha scritto Marco Bersani di Attac Italia (<a href=\"https:\/\/www.perunaltracitta.org\/2020\/12\/07\/gli-avvoltoi-del-recovery-fund\/\">Gli avvoltoi del Recovery Fund<\/a> ), &#8220;dovrebbero servire ad un radicale cambio di rotta, provando a costruire, con tutti gli attori sociali, un grande piano di conversione ecologica, sociale e culturale, che metta al centro l\u2019abbandono del modello liberista e la costruzione di una societ\u00e0 della cura, di s\u00e9, dell\u2019altr*, del pianeta e delle future generazioni&#8221;, si \u00e8 gi\u00e0 persa la direzione giusta.<\/p>\n<p style=\"text-align: right;\"><strong>*Maurizio Da Re<\/strong><\/p>\n","protected":false},"excerpt":{"rendered":"<p>Se a Roma partiti e ministri litigano per gestire e spartirsi la torta dei 209 miliardi del Recovery Fund, a Firenze e in Toscana \u00e8 ancora agli inizi la disputa sui 12-15 miliardi della possibile &#8220;quota parte&#8221; regionale. In Toscana non c&#8217;\u00e8 stato ancora un dibattito pubblico n\u00e9 fra i vari livelli istituzionali (Regione, Province, &hellip;<\/p>\n<p class=\"read-more\"> <a class=\"\" href=\"https:\/\/www.perunaltracitta.org\/homepage\/2020\/12\/18\/recovery-fund-una-ricca-torta-per-firenze-e-la-toscana\/\"> <span class=\"screen-reader-text\">Recovery Fund: una ricca torta per Firenze e la Toscana?<\/span> Leggi altro &raquo;<\/a><\/p>\n","protected":false},"author":63,"featured_media":78570,"comment_status":"open","ping_status":"open","sticky":false,"template":"","format":"standard","meta":{"_uag_custom_page_level_css":"","site-sidebar-layout":"default","site-content-layout":"default","ast-global-header-display":"","ast-main-header-display":"","ast-hfb-above-header-display":"","ast-hfb-below-header-display":"","ast-hfb-mobile-header-display":"","site-post-title":"","ast-breadcrumbs-content":"","ast-featured-img":"","footer-sml-layout":"","theme-transparent-header-meta":"","adv-header-id-meta":"","stick-header-meta":"","header-above-stick-meta":"","header-main-stick-meta":"","header-below-stick-meta":"","footnotes":""},"categories":[41],"tags":[3314,256,3313,2992,322,2683],"class_list":["post-78564","post","type-post","status-publish","format-standard","has-post-thumbnail","hentry","category-la-citta-invisibile","tag-confindustria-toscana","tag-diritti","tag-presidente-giani","tag-recovery-fund","tag-regione-toscana","tag-sindaco-nardella"],"yoast_head":"<!-- This site is optimized with the Yoast SEO plugin v25.1 - https:\/\/yoast.com\/wordpress\/plugins\/seo\/ -->\n<title>Recovery Fund: una ricca torta per Firenze e la Toscana? - La Citt\u00e0 invisibile | perUnaltracitt\u00e0 | Firenze<\/title>\n<meta name=\"robots\" content=\"index, follow, max-snippet:-1, max-image-preview:large, max-video-preview:-1\" \/>\n<link rel=\"canonical\" href=\"https:\/\/www.perunaltracitta.org\/homepage\/2020\/12\/18\/recovery-fund-una-ricca-torta-per-firenze-e-la-toscana\/\" \/>\n<meta property=\"og:locale\" content=\"it_IT\" \/>\n<meta property=\"og:type\" content=\"article\" \/>\n<meta property=\"og:title\" content=\"Recovery Fund: una ricca torta per Firenze e la Toscana? - La Citt\u00e0 invisibile | perUnaltracitt\u00e0 | Firenze\" \/>\n<meta property=\"og:description\" content=\"Se a Roma partiti e ministri litigano per gestire e spartirsi la torta dei 209 miliardi del Recovery Fund, a Firenze e in Toscana \u00e8 ancora agli inizi la disputa sui 12-15 miliardi della possibile &#8220;quota parte&#8221; regionale. In Toscana non c&#8217;\u00e8 stato ancora un dibattito pubblico n\u00e9 fra i vari livelli istituzionali (Regione, Province, &hellip; Recovery Fund: una ricca torta per Firenze e la Toscana? Leggi altro &raquo;\" \/>\n<meta property=\"og:url\" content=\"https:\/\/www.perunaltracitta.org\/homepage\/2020\/12\/18\/recovery-fund-una-ricca-torta-per-firenze-e-la-toscana\/\" \/>\n<meta property=\"og:site_name\" content=\"La Citt\u00e0 invisibile | perUnaltracitt\u00e0 | Firenze\" \/>\n<meta property=\"article:publisher\" content=\"https:\/\/www.facebook.com\/perunaltracitta\" \/>\n<meta property=\"article:published_time\" content=\"2020-12-18T15:30:42+00:00\" \/>\n<meta property=\"og:image\" content=\"https:\/\/www.perunaltracitta.org\/wp-content\/uploads\/2020\/12\/dario-nardella-mayor-florence-italy-politic-palazzo-vecchio-69049366.jpg\" \/>\n\t<meta property=\"og:image:width\" content=\"1105\" \/>\n\t<meta property=\"og:image:height\" content=\"1300\" \/>\n\t<meta property=\"og:image:type\" content=\"image\/jpeg\" \/>\n<meta name=\"author\" content=\"Maurizio Da Re\" \/>\n<meta name=\"twitter:card\" content=\"summary_large_image\" \/>\n<meta name=\"twitter:creator\" content=\"@perunaltracitta\" \/>\n<meta name=\"twitter:site\" content=\"@perunaltracitta\" \/>\n<meta name=\"twitter:label1\" content=\"Scritto da\" \/>\n\t<meta name=\"twitter:data1\" content=\"Maurizio Da Re\" \/>\n\t<meta name=\"twitter:label2\" content=\"Tempo di lettura stimato\" \/>\n\t<meta name=\"twitter:data2\" content=\"3 minuti\" \/>\n<script type=\"application\/ld+json\" class=\"yoast-schema-graph\">{\"@context\":\"https:\/\/schema.org\",\"@graph\":[{\"@type\":\"Article\",\"@id\":\"https:\/\/www.perunaltracitta.org\/homepage\/2020\/12\/18\/recovery-fund-una-ricca-torta-per-firenze-e-la-toscana\/#article\",\"isPartOf\":{\"@id\":\"https:\/\/www.perunaltracitta.org\/homepage\/2020\/12\/18\/recovery-fund-una-ricca-torta-per-firenze-e-la-toscana\/\"},\"author\":{\"name\":\"Maurizio Da Re\",\"@id\":\"https:\/\/www.perunaltracitta.org\/homepage\/#\/schema\/person\/b267130968e131d1a325e17358c373a5\"},\"headline\":\"Recovery Fund: una ricca torta per Firenze e la Toscana?\",\"datePublished\":\"2020-12-18T15:30:42+00:00\",\"mainEntityOfPage\":{\"@id\":\"https:\/\/www.perunaltracitta.org\/homepage\/2020\/12\/18\/recovery-fund-una-ricca-torta-per-firenze-e-la-toscana\/\"},\"wordCount\":517,\"commentCount\":0,\"publisher\":{\"@id\":\"https:\/\/www.perunaltracitta.org\/homepage\/#organization\"},\"image\":{\"@id\":\"https:\/\/www.perunaltracitta.org\/homepage\/2020\/12\/18\/recovery-fund-una-ricca-torta-per-firenze-e-la-toscana\/#primaryimage\"},\"thumbnailUrl\":\"https:\/\/www.perunaltracitta.org\/wp-content\/uploads\/2020\/12\/dario-nardella-mayor-florence-italy-politic-palazzo-vecchio-69049366.jpg\",\"keywords\":[\"Confindustria Toscana\",\"diritti\",\"presidente Giani\",\"recovery fund\",\"regione toscana\",\"sindaco Nardella\"],\"articleSection\":[\"La Citt\u00e0 invisibile\"],\"inLanguage\":\"it-IT\",\"potentialAction\":[{\"@type\":\"CommentAction\",\"name\":\"Comment\",\"target\":[\"https:\/\/www.perunaltracitta.org\/homepage\/2020\/12\/18\/recovery-fund-una-ricca-torta-per-firenze-e-la-toscana\/#respond\"]}]},{\"@type\":\"WebPage\",\"@id\":\"https:\/\/www.perunaltracitta.org\/homepage\/2020\/12\/18\/recovery-fund-una-ricca-torta-per-firenze-e-la-toscana\/\",\"url\":\"https:\/\/www.perunaltracitta.org\/homepage\/2020\/12\/18\/recovery-fund-una-ricca-torta-per-firenze-e-la-toscana\/\",\"name\":\"Recovery Fund: una ricca torta per Firenze e la Toscana? - La Citt\u00e0 invisibile | perUnaltracitt\u00e0 | Firenze\",\"isPartOf\":{\"@id\":\"https:\/\/www.perunaltracitta.org\/homepage\/#website\"},\"primaryImageOfPage\":{\"@id\":\"https:\/\/www.perunaltracitta.org\/homepage\/2020\/12\/18\/recovery-fund-una-ricca-torta-per-firenze-e-la-toscana\/#primaryimage\"},\"image\":{\"@id\":\"https:\/\/www.perunaltracitta.org\/homepage\/2020\/12\/18\/recovery-fund-una-ricca-torta-per-firenze-e-la-toscana\/#primaryimage\"},\"thumbnailUrl\":\"https:\/\/www.perunaltracitta.org\/wp-content\/uploads\/2020\/12\/dario-nardella-mayor-florence-italy-politic-palazzo-vecchio-69049366.jpg\",\"datePublished\":\"2020-12-18T15:30:42+00:00\",\"breadcrumb\":{\"@id\":\"https:\/\/www.perunaltracitta.org\/homepage\/2020\/12\/18\/recovery-fund-una-ricca-torta-per-firenze-e-la-toscana\/#breadcrumb\"},\"inLanguage\":\"it-IT\",\"potentialAction\":[{\"@type\":\"ReadAction\",\"target\":[\"https:\/\/www.perunaltracitta.org\/homepage\/2020\/12\/18\/recovery-fund-una-ricca-torta-per-firenze-e-la-toscana\/\"]}]},{\"@type\":\"ImageObject\",\"inLanguage\":\"it-IT\",\"@id\":\"https:\/\/www.perunaltracitta.org\/homepage\/2020\/12\/18\/recovery-fund-una-ricca-torta-per-firenze-e-la-toscana\/#primaryimage\",\"url\":\"https:\/\/www.perunaltracitta.org\/wp-content\/uploads\/2020\/12\/dario-nardella-mayor-florence-italy-politic-palazzo-vecchio-69049366.jpg\",\"contentUrl\":\"https:\/\/www.perunaltracitta.org\/wp-content\/uploads\/2020\/12\/dario-nardella-mayor-florence-italy-politic-palazzo-vecchio-69049366.jpg\",\"width\":1105,\"height\":1300},{\"@type\":\"BreadcrumbList\",\"@id\":\"https:\/\/www.perunaltracitta.org\/homepage\/2020\/12\/18\/recovery-fund-una-ricca-torta-per-firenze-e-la-toscana\/#breadcrumb\",\"itemListElement\":[{\"@type\":\"ListItem\",\"position\":1,\"name\":\"Home\",\"item\":\"https:\/\/www.perunaltracitta.org\/homepage\/\"},{\"@type\":\"ListItem\",\"position\":2,\"name\":\"Recovery Fund: una ricca torta per Firenze e la Toscana?\"}]},{\"@type\":\"WebSite\",\"@id\":\"https:\/\/www.perunaltracitta.org\/homepage\/#website\",\"url\":\"https:\/\/www.perunaltracitta.org\/homepage\/\",\"name\":\"La Citt\u00e0 invisibile | perUnaltracitt\u00e0 | Firenze\",\"description\":\"Voci oltre il pensiero unico\",\"publisher\":{\"@id\":\"https:\/\/www.perunaltracitta.org\/homepage\/#organization\"},\"potentialAction\":[{\"@type\":\"SearchAction\",\"target\":{\"@type\":\"EntryPoint\",\"urlTemplate\":\"https:\/\/www.perunaltracitta.org\/homepage\/?s={search_term_string}\"},\"query-input\":{\"@type\":\"PropertyValueSpecification\",\"valueRequired\":true,\"valueName\":\"search_term_string\"}}],\"inLanguage\":\"it-IT\"},{\"@type\":\"Organization\",\"@id\":\"https:\/\/www.perunaltracitta.org\/homepage\/#organization\",\"name\":\"perUnaltracitt\u00e0 - laboratorio politico Firenze\",\"url\":\"https:\/\/www.perunaltracitta.org\/homepage\/\",\"logo\":{\"@type\":\"ImageObject\",\"inLanguage\":\"it-IT\",\"@id\":\"https:\/\/www.perunaltracitta.org\/homepage\/#\/schema\/logo\/image\/\",\"url\":\"https:\/\/www.perunaltracitta.org\/wp-content\/uploads\/2025\/11\/Original-on-Transparent-Copia-af-1.png\",\"contentUrl\":\"https:\/\/www.perunaltracitta.org\/wp-content\/uploads\/2025\/11\/Original-on-Transparent-Copia-af-1.png\",\"width\":600,\"height\":153,\"caption\":\"perUnaltracitt\u00e0 - laboratorio politico Firenze\"},\"image\":{\"@id\":\"https:\/\/www.perunaltracitta.org\/homepage\/#\/schema\/logo\/image\/\"},\"sameAs\":[\"https:\/\/www.facebook.com\/perunaltracitta\",\"https:\/\/x.com\/perunaltracitta\"]},{\"@type\":\"Person\",\"@id\":\"https:\/\/www.perunaltracitta.org\/homepage\/#\/schema\/person\/b267130968e131d1a325e17358c373a5\",\"name\":\"Maurizio Da Re\",\"image\":{\"@type\":\"ImageObject\",\"inLanguage\":\"it-IT\",\"@id\":\"https:\/\/www.perunaltracitta.org\/homepage\/#\/schema\/person\/image\/\",\"url\":\"https:\/\/www.perunaltracitta.org\/wp-content\/uploads\/2014\/12\/dare-96x96.jpg\",\"contentUrl\":\"https:\/\/www.perunaltracitta.org\/wp-content\/uploads\/2014\/12\/dare-96x96.jpg\",\"caption\":\"Maurizio Da Re\"},\"description\":\"Maurizio Da Re, attivista ambientalista critico e resistente, portavoce del Comitato pendolari Valdarno Direttissima. Ha ripreso ad occuparsi da volontario di trasporti, mobilit\u00e0 e territorio. Ha curato i libri \\\"Cambiamenti climatici e il movimento di Greta Thunberg\\\" e \\\"Dario Paccino, dall'imbroglio ecologico alla crisi\u00a0climatica\\\".\",\"url\":\"https:\/\/www.perunaltracitta.org\/homepage\/author\/mauriziodare\/\"}]}<\/script>\n<!-- \/ Yoast SEO plugin. -->","yoast_head_json":{"title":"Recovery Fund: una ricca torta per Firenze e la Toscana? - La Citt\u00e0 invisibile | perUnaltracitt\u00e0 | Firenze","robots":{"index":"index","follow":"follow","max-snippet":"max-snippet:-1","max-image-preview":"max-image-preview:large","max-video-preview":"max-video-preview:-1"},"canonical":"https:\/\/www.perunaltracitta.org\/homepage\/2020\/12\/18\/recovery-fund-una-ricca-torta-per-firenze-e-la-toscana\/","og_locale":"it_IT","og_type":"article","og_title":"Recovery Fund: una ricca torta per Firenze e la Toscana? - La Citt\u00e0 invisibile | perUnaltracitt\u00e0 | Firenze","og_description":"Se a Roma partiti e ministri litigano per gestire e spartirsi la torta dei 209 miliardi del Recovery Fund, a Firenze e in Toscana \u00e8 ancora agli inizi la disputa sui 12-15 miliardi della possibile &#8220;quota parte&#8221; regionale. In Toscana non c&#8217;\u00e8 stato ancora un dibattito pubblico n\u00e9 fra i vari livelli istituzionali (Regione, Province, &hellip; Recovery Fund: una ricca torta per Firenze e la Toscana? Leggi altro &raquo;","og_url":"https:\/\/www.perunaltracitta.org\/homepage\/2020\/12\/18\/recovery-fund-una-ricca-torta-per-firenze-e-la-toscana\/","og_site_name":"La Citt\u00e0 invisibile | perUnaltracitt\u00e0 | Firenze","article_publisher":"https:\/\/www.facebook.com\/perunaltracitta","article_published_time":"2020-12-18T15:30:42+00:00","og_image":[{"width":1105,"height":1300,"url":"https:\/\/www.perunaltracitta.org\/wp-content\/uploads\/2020\/12\/dario-nardella-mayor-florence-italy-politic-palazzo-vecchio-69049366.jpg","type":"image\/jpeg"}],"author":"Maurizio Da Re","twitter_card":"summary_large_image","twitter_creator":"@perunaltracitta","twitter_site":"@perunaltracitta","twitter_misc":{"Scritto da":"Maurizio Da Re","Tempo di lettura stimato":"3 minuti"},"schema":{"@context":"https:\/\/schema.org","@graph":[{"@type":"Article","@id":"https:\/\/www.perunaltracitta.org\/homepage\/2020\/12\/18\/recovery-fund-una-ricca-torta-per-firenze-e-la-toscana\/#article","isPartOf":{"@id":"https:\/\/www.perunaltracitta.org\/homepage\/2020\/12\/18\/recovery-fund-una-ricca-torta-per-firenze-e-la-toscana\/"},"author":{"name":"Maurizio Da Re","@id":"https:\/\/www.perunaltracitta.org\/homepage\/#\/schema\/person\/b267130968e131d1a325e17358c373a5"},"headline":"Recovery Fund: una ricca torta per Firenze e la Toscana?","datePublished":"2020-12-18T15:30:42+00:00","mainEntityOfPage":{"@id":"https:\/\/www.perunaltracitta.org\/homepage\/2020\/12\/18\/recovery-fund-una-ricca-torta-per-firenze-e-la-toscana\/"},"wordCount":517,"commentCount":0,"publisher":{"@id":"https:\/\/www.perunaltracitta.org\/homepage\/#organization"},"image":{"@id":"https:\/\/www.perunaltracitta.org\/homepage\/2020\/12\/18\/recovery-fund-una-ricca-torta-per-firenze-e-la-toscana\/#primaryimage"},"thumbnailUrl":"https:\/\/www.perunaltracitta.org\/wp-content\/uploads\/2020\/12\/dario-nardella-mayor-florence-italy-politic-palazzo-vecchio-69049366.jpg","keywords":["Confindustria Toscana","diritti","presidente Giani","recovery fund","regione toscana","sindaco Nardella"],"articleSection":["La Citt\u00e0 invisibile"],"inLanguage":"it-IT","potentialAction":[{"@type":"CommentAction","name":"Comment","target":["https:\/\/www.perunaltracitta.org\/homepage\/2020\/12\/18\/recovery-fund-una-ricca-torta-per-firenze-e-la-toscana\/#respond"]}]},{"@type":"WebPage","@id":"https:\/\/www.perunaltracitta.org\/homepage\/2020\/12\/18\/recovery-fund-una-ricca-torta-per-firenze-e-la-toscana\/","url":"https:\/\/www.perunaltracitta.org\/homepage\/2020\/12\/18\/recovery-fund-una-ricca-torta-per-firenze-e-la-toscana\/","name":"Recovery Fund: una ricca torta per Firenze e la Toscana? - La Citt\u00e0 invisibile | perUnaltracitt\u00e0 | Firenze","isPartOf":{"@id":"https:\/\/www.perunaltracitta.org\/homepage\/#website"},"primaryImageOfPage":{"@id":"https:\/\/www.perunaltracitta.org\/homepage\/2020\/12\/18\/recovery-fund-una-ricca-torta-per-firenze-e-la-toscana\/#primaryimage"},"image":{"@id":"https:\/\/www.perunaltracitta.org\/homepage\/2020\/12\/18\/recovery-fund-una-ricca-torta-per-firenze-e-la-toscana\/#primaryimage"},"thumbnailUrl":"https:\/\/www.perunaltracitta.org\/wp-content\/uploads\/2020\/12\/dario-nardella-mayor-florence-italy-politic-palazzo-vecchio-69049366.jpg","datePublished":"2020-12-18T15:30:42+00:00","breadcrumb":{"@id":"https:\/\/www.perunaltracitta.org\/homepage\/2020\/12\/18\/recovery-fund-una-ricca-torta-per-firenze-e-la-toscana\/#breadcrumb"},"inLanguage":"it-IT","potentialAction":[{"@type":"ReadAction","target":["https:\/\/www.perunaltracitta.org\/homepage\/2020\/12\/18\/recovery-fund-una-ricca-torta-per-firenze-e-la-toscana\/"]}]},{"@type":"ImageObject","inLanguage":"it-IT","@id":"https:\/\/www.perunaltracitta.org\/homepage\/2020\/12\/18\/recovery-fund-una-ricca-torta-per-firenze-e-la-toscana\/#primaryimage","url":"https:\/\/www.perunaltracitta.org\/wp-content\/uploads\/2020\/12\/dario-nardella-mayor-florence-italy-politic-palazzo-vecchio-69049366.jpg","contentUrl":"https:\/\/www.perunaltracitta.org\/wp-content\/uploads\/2020\/12\/dario-nardella-mayor-florence-italy-politic-palazzo-vecchio-69049366.jpg","width":1105,"height":1300},{"@type":"BreadcrumbList","@id":"https:\/\/www.perunaltracitta.org\/homepage\/2020\/12\/18\/recovery-fund-una-ricca-torta-per-firenze-e-la-toscana\/#breadcrumb","itemListElement":[{"@type":"ListItem","position":1,"name":"Home","item":"https:\/\/www.perunaltracitta.org\/homepage\/"},{"@type":"ListItem","position":2,"name":"Recovery Fund: una ricca torta per Firenze e la Toscana?"}]},{"@type":"WebSite","@id":"https:\/\/www.perunaltracitta.org\/homepage\/#website","url":"https:\/\/www.perunaltracitta.org\/homepage\/","name":"La Citt\u00e0 invisibile | perUnaltracitt\u00e0 | Firenze","description":"Voci oltre il pensiero unico","publisher":{"@id":"https:\/\/www.perunaltracitta.org\/homepage\/#organization"},"potentialAction":[{"@type":"SearchAction","target":{"@type":"EntryPoint","urlTemplate":"https:\/\/www.perunaltracitta.org\/homepage\/?s={search_term_string}"},"query-input":{"@type":"PropertyValueSpecification","valueRequired":true,"valueName":"search_term_string"}}],"inLanguage":"it-IT"},{"@type":"Organization","@id":"https:\/\/www.perunaltracitta.org\/homepage\/#organization","name":"perUnaltracitt\u00e0 - laboratorio politico Firenze","url":"https:\/\/www.perunaltracitta.org\/homepage\/","logo":{"@type":"ImageObject","inLanguage":"it-IT","@id":"https:\/\/www.perunaltracitta.org\/homepage\/#\/schema\/logo\/image\/","url":"https:\/\/www.perunaltracitta.org\/wp-content\/uploads\/2025\/11\/Original-on-Transparent-Copia-af-1.png","contentUrl":"https:\/\/www.perunaltracitta.org\/wp-content\/uploads\/2025\/11\/Original-on-Transparent-Copia-af-1.png","width":600,"height":153,"caption":"perUnaltracitt\u00e0 - laboratorio politico Firenze"},"image":{"@id":"https:\/\/www.perunaltracitta.org\/homepage\/#\/schema\/logo\/image\/"},"sameAs":["https:\/\/www.facebook.com\/perunaltracitta","https:\/\/x.com\/perunaltracitta"]},{"@type":"Person","@id":"https:\/\/www.perunaltracitta.org\/homepage\/#\/schema\/person\/b267130968e131d1a325e17358c373a5","name":"Maurizio Da Re","image":{"@type":"ImageObject","inLanguage":"it-IT","@id":"https:\/\/www.perunaltracitta.org\/homepage\/#\/schema\/person\/image\/","url":"https:\/\/www.perunaltracitta.org\/wp-content\/uploads\/2014\/12\/dare-96x96.jpg","contentUrl":"https:\/\/www.perunaltracitta.org\/wp-content\/uploads\/2014\/12\/dare-96x96.jpg","caption":"Maurizio Da Re"},"description":"Maurizio Da Re, attivista ambientalista critico e resistente, portavoce del Comitato pendolari Valdarno Direttissima. Ha ripreso ad occuparsi da volontario di trasporti, mobilit\u00e0 e territorio. Ha curato i libri \"Cambiamenti climatici e il movimento di Greta Thunberg\" e \"Dario Paccino, dall'imbroglio ecologico alla crisi\u00a0climatica\".","url":"https:\/\/www.perunaltracitta.org\/homepage\/author\/mauriziodare\/"}]}},"uagb_featured_image_src":{"full":["https:\/\/www.perunaltracitta.org\/wp-content\/uploads\/2020\/12\/dario-nardella-mayor-florence-italy-politic-palazzo-vecchio-69049366.jpg",1105,1300,false],"thumbnail":["https:\/\/www.perunaltracitta.org\/wp-content\/uploads\/2020\/12\/dario-nardella-mayor-florence-italy-politic-palazzo-vecchio-69049366-150x150.jpg",150,150,true],"medium":["https:\/\/www.perunaltracitta.org\/wp-content\/uploads\/2020\/12\/dario-nardella-mayor-florence-italy-politic-palazzo-vecchio-69049366-255x300.jpg",255,300,true],"medium_large":["https:\/\/www.perunaltracitta.org\/wp-content\/uploads\/2020\/12\/dario-nardella-mayor-florence-italy-politic-palazzo-vecchio-69049366-768x904.jpg",768,904,true],"large":["https:\/\/www.perunaltracitta.org\/wp-content\/uploads\/2020\/12\/dario-nardella-mayor-florence-italy-politic-palazzo-vecchio-69049366-870x1024.jpg",870,1024,true],"wysija-newsletters-max":["https:\/\/www.perunaltracitta.org\/wp-content\/uploads\/2020\/12\/dario-nardella-mayor-florence-italy-politic-palazzo-vecchio-69049366-600x706.jpg",600,706,true],"1536x1536":["https:\/\/www.perunaltracitta.org\/wp-content\/uploads\/2020\/12\/dario-nardella-mayor-florence-italy-politic-palazzo-vecchio-69049366.jpg",1105,1300,false],"2048x2048":["https:\/\/www.perunaltracitta.org\/wp-content\/uploads\/2020\/12\/dario-nardella-mayor-florence-italy-politic-palazzo-vecchio-69049366.jpg",1105,1300,false],"mailpoet_newsletter_max":["https:\/\/www.perunaltracitta.org\/wp-content\/uploads\/2020\/12\/dario-nardella-mayor-florence-italy-politic-palazzo-vecchio-69049366.jpg",1105,1300,false],"yarpp-thumbnail":["https:\/\/www.perunaltracitta.org\/wp-content\/uploads\/2020\/12\/dario-nardella-mayor-florence-italy-politic-palazzo-vecchio-69049366-120x120.jpg",120,120,true]},"uagb_author_info":{"display_name":"Maurizio Da Re","author_link":"https:\/\/www.perunaltracitta.org\/homepage\/author\/mauriziodare\/"},"uagb_comment_info":0,"uagb_excerpt":"Se a Roma partiti e ministri litigano per gestire e spartirsi la torta dei 209 miliardi del Recovery Fund, a Firenze e in Toscana \u00e8 ancora agli inizi la disputa sui 12-15 miliardi della possibile &#8220;quota parte&#8221; regionale. In Toscana non c&#8217;\u00e8 stato ancora un dibattito pubblico n\u00e9 fra i vari livelli istituzionali (Regione, Province,&hellip;","_links":{"self":[{"href":"https:\/\/www.perunaltracitta.org\/homepage\/wp-json\/wp\/v2\/posts\/78564","targetHints":{"allow":["GET"]}}],"collection":[{"href":"https:\/\/www.perunaltracitta.org\/homepage\/wp-json\/wp\/v2\/posts"}],"about":[{"href":"https:\/\/www.perunaltracitta.org\/homepage\/wp-json\/wp\/v2\/types\/post"}],"author":[{"embeddable":true,"href":"https:\/\/www.perunaltracitta.org\/homepage\/wp-json\/wp\/v2\/users\/63"}],"replies":[{"embeddable":true,"href":"https:\/\/www.perunaltracitta.org\/homepage\/wp-json\/wp\/v2\/comments?post=78564"}],"version-history":[{"count":4,"href":"https:\/\/www.perunaltracitta.org\/homepage\/wp-json\/wp\/v2\/posts\/78564\/revisions"}],"predecessor-version":[{"id":78571,"href":"https:\/\/www.perunaltracitta.org\/homepage\/wp-json\/wp\/v2\/posts\/78564\/revisions\/78571"}],"wp:featuredmedia":[{"embeddable":true,"href":"https:\/\/www.perunaltracitta.org\/homepage\/wp-json\/wp\/v2\/media\/78570"}],"wp:attachment":[{"href":"https:\/\/www.perunaltracitta.org\/homepage\/wp-json\/wp\/v2\/media?parent=78564"}],"wp:term":[{"taxonomy":"category","embeddable":true,"href":"https:\/\/www.perunaltracitta.org\/homepage\/wp-json\/wp\/v2\/categories?post=78564"},{"taxonomy":"post_tag","embeddable":true,"href":"https:\/\/www.perunaltracitta.org\/homepage\/wp-json\/wp\/v2\/tags?post=78564"}],"curies":[{"name":"wp","href":"https:\/\/api.w.org\/{rel}","templated":true}]}}