{"id":78925,"date":"2021-01-21T09:41:19","date_gmt":"2021-01-21T08:41:19","guid":{"rendered":"https:\/\/www.perunaltracitta.org\/?p=78925"},"modified":"2021-01-24T10:44:34","modified_gmt":"2021-01-24T09:44:34","slug":"processo-tav-firenze-scattano-le-prime-prescrizioni-ma-il-vero-problema-e-politico","status":"publish","type":"post","link":"https:\/\/www.perunaltracitta.org\/homepage\/2021\/01\/21\/processo-tav-firenze-scattano-le-prime-prescrizioni-ma-il-vero-problema-e-politico\/","title":{"rendered":"Processo TAV Firenze: scattano le prime prescrizioni ma il vero problema \u00e8 politico"},"content":{"rendered":"<p>Sono passati molti anni dalle inchieste della Magistratura fiorentina sui lavori del sottoattraversamento alta velocit\u00e0 di Firenze, e per questo sono <strong>scattate le prescrizioni per i reati di truffa<\/strong>, reati che comunque tanto minori non sono; basta ricordare che si tratt\u00f2 del tentativo di fornire conci per la realizzazione dei tunnel che non sarebbero stati in grado di sopportare un eventuale incendio. Un evento del genere avrebbe provocato il collasso della galleria e una voragine in superficie, l\u00e0 dove c\u2019\u00e8 una citt\u00e0.<\/p>\n<p><strong>Restano in piedi i reati quali corruzione e traffico di rifiuti<\/strong>; il filone dell\u2019inchiesta che vede tra gli altri l\u2019ex presidente della Regione Umbria Maria Rita Lorenzetti \u00e8 stato trasferito a Roma; speriamo che questo non sia l\u2019ingresso in un porto delle nebbie.<\/p>\n<p><a href=\"https:\/\/www.perunaltracitta.org\/wp-content\/uploads\/2021\/01\/tunnel-tav-firenze.jpg\"><img loading=\"lazy\" decoding=\"async\" class=\"alignleft size-medium wp-image-78930\" src=\"https:\/\/www.perunaltracitta.org\/wp-content\/uploads\/2021\/01\/tunnel-tav-firenze-300x169.jpg\" alt=\"\" width=\"300\" height=\"169\" srcset=\"https:\/\/www.perunaltracitta.org\/wp-content\/uploads\/2021\/01\/tunnel-tav-firenze-300x169.jpg 300w, https:\/\/www.perunaltracitta.org\/wp-content\/uploads\/2021\/01\/tunnel-tav-firenze-1024x576.jpg 1024w, https:\/\/www.perunaltracitta.org\/wp-content\/uploads\/2021\/01\/tunnel-tav-firenze-768x432.jpg 768w, https:\/\/www.perunaltracitta.org\/wp-content\/uploads\/2021\/01\/tunnel-tav-firenze-600x338.jpg 600w, https:\/\/www.perunaltracitta.org\/wp-content\/uploads\/2021\/01\/tunnel-tav-firenze.jpg 1134w\" sizes=\"auto, (max-width: 300px) 100vw, 300px\" \/><\/a> \u00c8 bene ricordare che <strong>le inchieste su questi aspetti partirono da un esposto del 2010 dell\u2019allora consigliera comunale Ornella De Zordo, elaborato dagli studi e analisi dei tecnici del comitato <\/strong>che denunciava, gi\u00e0 dal 2006, le anomalie del progetto da vari punti di vista, compreso lo smaltimento delle terre di scavo. Un segno che le denunce di cittadini e di serie opposizioni hanno spesso fondamenta solide. A questo proposito, \u00e8 di questi giorni la notizia che la Corte di Cassazione ha annullato la sentenza di primo grado con la quale il tribunale di Firenze aveva assolto tutti e 17 gli imputati nel processo relativo a presunte irregolarit\u00e0 nello smaltimento delle terre di scavo prodotte dai cantieri per la terza corsia dell&#8217;autostrada A1 tra Firenze e Bologna. Una delle accuse principali riguarda proprio l&#8217;uso del materiale di scavo, usato per realizzare opere di supporto, come raccordi o svincoli, invece che essere trattato come rifiuto.<\/p>\n<p><a href=\"https:\/\/www.perunaltracitta.org\/wp-content\/uploads\/2021\/01\/th-1-1.jpg\"><img loading=\"lazy\" decoding=\"async\" class=\"alignleft size-full wp-image-78934\" src=\"https:\/\/www.perunaltracitta.org\/wp-content\/uploads\/2021\/01\/th-1-1.jpg\" alt=\"\" width=\"219\" height=\"165\"><\/a>In generale, quello che pi\u00f9 interessa \u00e8 il quadro che le inchieste hanno fatto della vicenda TAV fiorentina. Eventuali condanne certamente sanzionerebbero comportamenti illeciti \u2013 e questi sono inoppugnabili \u2013 ma sarebbero una magra soddisfazione nel vedere qualche responsabile dietro le sbarre.<\/p>\n<p>Il grande merito delle due inchieste \u00e8 quello di aver rivelato lo \u201cstile\u201d con cui vengono realizzate le grandi opere italiane, soprattutto se il modello contrattuale usato \u00e8 il general contractor: restano indelebili nella memoria di chi non ha smesso di denunciare l&#8217;assurdit\u00e0 del progetto lo sberleffo, il disprezzo, l\u2019arroganza da parte dei costruttori e dei politici che emergono dalle intercettazioni fatte dai carabinieri nei confronti dei cittadini preoccupati e di chi denunciava le anomalie; nessuna condanna potrebbe ripagare il vulnus alla citt\u00e0 e alla collettivit\u00e0.<\/p>\n<p>Le inchieste del 2013 chiedono, pi\u00f9 che condanne, soluzioni politiche; sono il ritratto impietoso di un \u201csistema\u201d che saccheggia le risorse pubbliche, danneggia l\u2019ambiente e non risolve i problemi del trasporto. I fatti emersi dalle pagine degli atti, adesso al vaglio del tribunale, raccontano <strong>un sistema corruttivo di porte girevoli tra politica e imprenditoria predatoria<\/strong> attente soprattutto ai loro interessi personali e di bottega. Come non ricordare le parole della presidente di Italferr dal 2010 al 2013 Lorenzetti che si vantava di \u201cessere una squadra\u201d composta di politici di tutti i colori, funzionari pubblici infedeli, avidi parenti, per favorire aggiustamenti delle norme e degli atti in cambio di commesse, promozioni, carriere? Non a caso la seconda inchiesta \u2013 che, tra l\u2019altro, port\u00f2 alle dimissioni del Capo della Struttura tecnica di missione del Ministero dei Trasporti, Ercole Incalza \u2013 si chiamava \u201csistema\u201d perch\u00e9 <strong>faceva un quadro avvilente e vergognoso di cosa accadeva dentro il Ministero dell\u2019Ambiente e soprattutto nel Ministero dei Trasporti<\/strong>; nei decenni precedenti vi si erano alternati ministri di tutte le correnti politiche, ma dove il vero sovrano era il gi\u00e0 menzionato Ercole Incalza;<strong> questi decideva le infrastrutture da costruire e a chi affidarne la realizzazione con un sistema clientelare che distribuiva gli appalti plurimiliardari e in cui si infiltravano tutte le mafie possibili<\/strong> (a Firenze la faceva e la fa da padrone la camorra). La regia di questo \u201csistema\u201d era istituzionale e imprenditoriale, aveva \u2013 ed ha &#8211; il suo cuore nelle istituzioni.<\/p>\n<p>Nessuno allora ne voleva parlare e oggi nessuno vuol ricordare quei fatti; le risposte politiche alla denuncia dei coraggiosi pubblici ministeri Gianni Tei e Giulio Monferini non ci sono mai state, nessuno ha mai messo in discussione le norme criminogene (parole di Raffaele Cantone, gi\u00e0 presidente dell\u2019Autorit\u00e0 Nazionale Anti Corruzione) alla base della realizzazione delle grandi opere quasi sempre inutili, cio\u00e8 il general contractor e il project financing.<\/p>\n<p>Al contrario, <strong>ancora oggi questi perfidi meccanismi sono ancora considerati strumenti innovativi<\/strong> e praticamente gli unici cui possono ricorrere istituzioni locali e nazionali; il disastro dei cantieri incompiuti, inutilizzati, gli impatti, i debiti, i fallimenti sono l\u00ec a denunciare l\u2019inefficienza di un sistema senza un progetto complessivo in cui l\u2019unica cosa che conta \u00e8 \u201cfare\u201d, anche se si fanno cose sbagliate e dannose.<\/p>\n<p>Oggi le persone sono assordate da decenni di annunci di \u201clavori strategici\u201d, di \u201cfare presto e bene\u201d, di \u201crilanci del paese\u201d che non avvengono mai. Ormai l\u2019opinione pubblica \u00e8 assuefatta alla retorica del \u201cfare\u201d e sono in pochi, purtroppo, quelli che si chiedono se le cose da fare hanno un senso. La distanza abissale tra il mondo politico-economico e la societ\u00e0 reale ha creato una bolla mediatica in cui anche la democrazia \u00e8 una parola vuota che ricorda solo come, ogni tanto, si deve mettere una croce per decidere chi gestir\u00e0 il disastro in cui stiamo sprofondando da tempo.<\/p>\n<p>Al tempo stesso la miriade di resistenze sui territori, la nascita di movimenti consci del precipizio su cui ci affacciamo, dimostra che l\u2019antidoto al penoso spettacolo dato da questa politica esiste, ha le idee e le proposte per creare l\u2019alternativa di cui c\u2019\u00e8 urgente necessit\u00e0.<\/p>\n<p style=\"text-align: right;\"><strong>*Tiziano Cardosi<\/strong><\/p>\n","protected":false},"excerpt":{"rendered":"<p>Sono passati molti anni dalle inchieste della Magistratura fiorentina sui lavori del sottoattraversamento alta velocit\u00e0 di Firenze, e per questo sono scattate le prescrizioni per i reati di truffa, reati che comunque tanto minori non sono; basta ricordare che si tratt\u00f2 del tentativo di fornire conci per la realizzazione dei tunnel che non sarebbero stati &hellip;<\/p>\n<p class=\"read-more\"> <a class=\"\" href=\"https:\/\/www.perunaltracitta.org\/homepage\/2021\/01\/21\/processo-tav-firenze-scattano-le-prime-prescrizioni-ma-il-vero-problema-e-politico\/\"> <span class=\"screen-reader-text\">Processo TAV Firenze: scattano le prime prescrizioni ma il vero problema \u00e8 politico<\/span> Leggi altro &raquo;<\/a><\/p>\n","protected":false},"author":33,"featured_media":78932,"comment_status":"open","ping_status":"open","sticky":false,"template":"","format":"standard","meta":{"_uag_custom_page_level_css":"","site-sidebar-layout":"default","site-content-layout":"default","ast-global-header-display":"","ast-main-header-display":"","ast-hfb-above-header-display":"","ast-hfb-below-header-display":"","ast-hfb-mobile-header-display":"","site-post-title":"","ast-breadcrumbs-content":"","ast-featured-img":"","footer-sml-layout":"","theme-transparent-header-meta":"","adv-header-id-meta":"","stick-header-meta":"","header-above-stick-meta":"","header-main-stick-meta":"","header-below-stick-meta":"","footnotes":""},"categories":[41],"tags":[267,5,3418,3419,621],"class_list":["post-78925","post","type-post","status-publish","format-standard","has-post-thumbnail","hentry","category-la-citta-invisibile","tag-ambiente","tag-firenze","tag-processi-tav-firenze","tag-terre-di-scavo-tunnel-tav-firenze","tag-tunnel-tav"],"yoast_head":"<!-- This site is optimized with the Yoast SEO plugin v25.1 - https:\/\/yoast.com\/wordpress\/plugins\/seo\/ -->\n<title>Processo TAV Firenze: scattano le prime prescrizioni ma il vero problema \u00e8 politico - La Citt\u00e0 invisibile | perUnaltracitt\u00e0 | Firenze<\/title>\n<meta name=\"robots\" content=\"index, follow, max-snippet:-1, max-image-preview:large, max-video-preview:-1\" \/>\n<link rel=\"canonical\" href=\"https:\/\/www.perunaltracitta.org\/homepage\/2021\/01\/21\/processo-tav-firenze-scattano-le-prime-prescrizioni-ma-il-vero-problema-e-politico\/\" \/>\n<meta property=\"og:locale\" content=\"it_IT\" \/>\n<meta property=\"og:type\" content=\"article\" \/>\n<meta property=\"og:title\" content=\"Processo TAV Firenze: scattano le prime prescrizioni ma il vero problema \u00e8 politico - La Citt\u00e0 invisibile | perUnaltracitt\u00e0 | Firenze\" \/>\n<meta property=\"og:description\" content=\"Sono passati molti anni dalle inchieste della Magistratura fiorentina sui lavori del sottoattraversamento alta velocit\u00e0 di Firenze, e per questo sono scattate le prescrizioni per i reati di truffa, reati che comunque tanto minori non sono; basta ricordare che si tratt\u00f2 del tentativo di fornire conci per la realizzazione dei tunnel che non sarebbero stati &hellip; Processo TAV Firenze: scattano le prime prescrizioni ma il vero problema \u00e8 politico Leggi altro &raquo;\" \/>\n<meta property=\"og:url\" content=\"https:\/\/www.perunaltracitta.org\/homepage\/2021\/01\/21\/processo-tav-firenze-scattano-le-prime-prescrizioni-ma-il-vero-problema-e-politico\/\" \/>\n<meta property=\"og:site_name\" content=\"La Citt\u00e0 invisibile | perUnaltracitt\u00e0 | Firenze\" \/>\n<meta property=\"article:publisher\" content=\"https:\/\/www.facebook.com\/perunaltracitta\" \/>\n<meta property=\"article:published_time\" content=\"2021-01-21T08:41:19+00:00\" \/>\n<meta property=\"article:modified_time\" content=\"2021-01-24T09:44:34+00:00\" \/>\n<meta property=\"og:image\" content=\"https:\/\/www.perunaltracitta.org\/wp-content\/uploads\/2021\/01\/Firenze-Tav.jpg\" \/>\n\t<meta property=\"og:image:width\" content=\"1024\" \/>\n\t<meta property=\"og:image:height\" content=\"576\" \/>\n\t<meta property=\"og:image:type\" content=\"image\/jpeg\" \/>\n<meta name=\"author\" content=\"Tiziano Cardosi\" \/>\n<meta name=\"twitter:card\" content=\"summary_large_image\" \/>\n<meta name=\"twitter:creator\" content=\"@perunaltracitta\" \/>\n<meta name=\"twitter:site\" content=\"@perunaltracitta\" \/>\n<meta name=\"twitter:label1\" content=\"Scritto da\" \/>\n\t<meta name=\"twitter:data1\" content=\"Tiziano Cardosi\" \/>\n\t<meta name=\"twitter:label2\" content=\"Tempo di lettura stimato\" \/>\n\t<meta name=\"twitter:data2\" content=\"5 minuti\" \/>\n<script type=\"application\/ld+json\" class=\"yoast-schema-graph\">{\"@context\":\"https:\/\/schema.org\",\"@graph\":[{\"@type\":\"Article\",\"@id\":\"https:\/\/www.perunaltracitta.org\/homepage\/2021\/01\/21\/processo-tav-firenze-scattano-le-prime-prescrizioni-ma-il-vero-problema-e-politico\/#article\",\"isPartOf\":{\"@id\":\"https:\/\/www.perunaltracitta.org\/homepage\/2021\/01\/21\/processo-tav-firenze-scattano-le-prime-prescrizioni-ma-il-vero-problema-e-politico\/\"},\"author\":{\"name\":\"Tiziano Cardosi\",\"@id\":\"https:\/\/www.perunaltracitta.org\/homepage\/#\/schema\/person\/2fccefab4c7ebd146893c891afaf1572\"},\"headline\":\"Processo TAV Firenze: scattano le prime prescrizioni ma il vero problema \u00e8 politico\",\"datePublished\":\"2021-01-21T08:41:19+00:00\",\"dateModified\":\"2021-01-24T09:44:34+00:00\",\"mainEntityOfPage\":{\"@id\":\"https:\/\/www.perunaltracitta.org\/homepage\/2021\/01\/21\/processo-tav-firenze-scattano-le-prime-prescrizioni-ma-il-vero-problema-e-politico\/\"},\"wordCount\":934,\"commentCount\":2,\"publisher\":{\"@id\":\"https:\/\/www.perunaltracitta.org\/homepage\/#organization\"},\"image\":{\"@id\":\"https:\/\/www.perunaltracitta.org\/homepage\/2021\/01\/21\/processo-tav-firenze-scattano-le-prime-prescrizioni-ma-il-vero-problema-e-politico\/#primaryimage\"},\"thumbnailUrl\":\"https:\/\/www.perunaltracitta.org\/wp-content\/uploads\/2021\/01\/Firenze-Tav.jpg\",\"keywords\":[\"ambiente\",\"firenze\",\"processi tav Firenze\",\"terre di scavo tunnel tav Firenze\",\"tunnel tav\"],\"articleSection\":[\"La Citt\u00e0 invisibile\"],\"inLanguage\":\"it-IT\",\"potentialAction\":[{\"@type\":\"CommentAction\",\"name\":\"Comment\",\"target\":[\"https:\/\/www.perunaltracitta.org\/homepage\/2021\/01\/21\/processo-tav-firenze-scattano-le-prime-prescrizioni-ma-il-vero-problema-e-politico\/#respond\"]}]},{\"@type\":\"WebPage\",\"@id\":\"https:\/\/www.perunaltracitta.org\/homepage\/2021\/01\/21\/processo-tav-firenze-scattano-le-prime-prescrizioni-ma-il-vero-problema-e-politico\/\",\"url\":\"https:\/\/www.perunaltracitta.org\/homepage\/2021\/01\/21\/processo-tav-firenze-scattano-le-prime-prescrizioni-ma-il-vero-problema-e-politico\/\",\"name\":\"Processo TAV Firenze: scattano le prime prescrizioni ma il vero problema \u00e8 politico - La Citt\u00e0 invisibile | perUnaltracitt\u00e0 | Firenze\",\"isPartOf\":{\"@id\":\"https:\/\/www.perunaltracitta.org\/homepage\/#website\"},\"primaryImageOfPage\":{\"@id\":\"https:\/\/www.perunaltracitta.org\/homepage\/2021\/01\/21\/processo-tav-firenze-scattano-le-prime-prescrizioni-ma-il-vero-problema-e-politico\/#primaryimage\"},\"image\":{\"@id\":\"https:\/\/www.perunaltracitta.org\/homepage\/2021\/01\/21\/processo-tav-firenze-scattano-le-prime-prescrizioni-ma-il-vero-problema-e-politico\/#primaryimage\"},\"thumbnailUrl\":\"https:\/\/www.perunaltracitta.org\/wp-content\/uploads\/2021\/01\/Firenze-Tav.jpg\",\"datePublished\":\"2021-01-21T08:41:19+00:00\",\"dateModified\":\"2021-01-24T09:44:34+00:00\",\"breadcrumb\":{\"@id\":\"https:\/\/www.perunaltracitta.org\/homepage\/2021\/01\/21\/processo-tav-firenze-scattano-le-prime-prescrizioni-ma-il-vero-problema-e-politico\/#breadcrumb\"},\"inLanguage\":\"it-IT\",\"potentialAction\":[{\"@type\":\"ReadAction\",\"target\":[\"https:\/\/www.perunaltracitta.org\/homepage\/2021\/01\/21\/processo-tav-firenze-scattano-le-prime-prescrizioni-ma-il-vero-problema-e-politico\/\"]}]},{\"@type\":\"ImageObject\",\"inLanguage\":\"it-IT\",\"@id\":\"https:\/\/www.perunaltracitta.org\/homepage\/2021\/01\/21\/processo-tav-firenze-scattano-le-prime-prescrizioni-ma-il-vero-problema-e-politico\/#primaryimage\",\"url\":\"https:\/\/www.perunaltracitta.org\/wp-content\/uploads\/2021\/01\/Firenze-Tav.jpg\",\"contentUrl\":\"https:\/\/www.perunaltracitta.org\/wp-content\/uploads\/2021\/01\/Firenze-Tav.jpg\",\"width\":1024,\"height\":576},{\"@type\":\"BreadcrumbList\",\"@id\":\"https:\/\/www.perunaltracitta.org\/homepage\/2021\/01\/21\/processo-tav-firenze-scattano-le-prime-prescrizioni-ma-il-vero-problema-e-politico\/#breadcrumb\",\"itemListElement\":[{\"@type\":\"ListItem\",\"position\":1,\"name\":\"Home\",\"item\":\"https:\/\/www.perunaltracitta.org\/homepage\/\"},{\"@type\":\"ListItem\",\"position\":2,\"name\":\"Processo TAV Firenze: scattano le prime prescrizioni ma il vero problema \u00e8 politico\"}]},{\"@type\":\"WebSite\",\"@id\":\"https:\/\/www.perunaltracitta.org\/homepage\/#website\",\"url\":\"https:\/\/www.perunaltracitta.org\/homepage\/\",\"name\":\"La Citt\u00e0 invisibile | perUnaltracitt\u00e0 | Firenze\",\"description\":\"Voci oltre il pensiero unico\",\"publisher\":{\"@id\":\"https:\/\/www.perunaltracitta.org\/homepage\/#organization\"},\"potentialAction\":[{\"@type\":\"SearchAction\",\"target\":{\"@type\":\"EntryPoint\",\"urlTemplate\":\"https:\/\/www.perunaltracitta.org\/homepage\/?s={search_term_string}\"},\"query-input\":{\"@type\":\"PropertyValueSpecification\",\"valueRequired\":true,\"valueName\":\"search_term_string\"}}],\"inLanguage\":\"it-IT\"},{\"@type\":\"Organization\",\"@id\":\"https:\/\/www.perunaltracitta.org\/homepage\/#organization\",\"name\":\"perUnaltracitt\u00e0 - laboratorio politico Firenze\",\"url\":\"https:\/\/www.perunaltracitta.org\/homepage\/\",\"logo\":{\"@type\":\"ImageObject\",\"inLanguage\":\"it-IT\",\"@id\":\"https:\/\/www.perunaltracitta.org\/homepage\/#\/schema\/logo\/image\/\",\"url\":\"https:\/\/www.perunaltracitta.org\/wp-content\/uploads\/2025\/11\/Original-on-Transparent-Copia-af-1.png\",\"contentUrl\":\"https:\/\/www.perunaltracitta.org\/wp-content\/uploads\/2025\/11\/Original-on-Transparent-Copia-af-1.png\",\"width\":600,\"height\":153,\"caption\":\"perUnaltracitt\u00e0 - laboratorio politico Firenze\"},\"image\":{\"@id\":\"https:\/\/www.perunaltracitta.org\/homepage\/#\/schema\/logo\/image\/\"},\"sameAs\":[\"https:\/\/www.facebook.com\/perunaltracitta\",\"https:\/\/x.com\/perunaltracitta\"]},{\"@type\":\"Person\",\"@id\":\"https:\/\/www.perunaltracitta.org\/homepage\/#\/schema\/person\/2fccefab4c7ebd146893c891afaf1572\",\"name\":\"Tiziano Cardosi\",\"image\":{\"@type\":\"ImageObject\",\"inLanguage\":\"it-IT\",\"@id\":\"https:\/\/www.perunaltracitta.org\/homepage\/#\/schema\/person\/image\/\",\"url\":\"https:\/\/www.perunaltracitta.org\/wp-content\/uploads\/2014\/11\/NO-TUNNEL-96x96.jpg\",\"contentUrl\":\"https:\/\/www.perunaltracitta.org\/wp-content\/uploads\/2014\/11\/NO-TUNNEL-96x96.jpg\",\"caption\":\"Tiziano Cardosi\"},\"description\":\"Obiettore di coscienza negli anni \u201870, attivista contro le guerre, gi\u00e0 capostazione delle FS, oggi si occupa soprattutto di mobilit\u00e0 e del fenomeno delle \u201cgrandi opere inutili\u201d, tra I fondatori del comitato No Tunnel TAV di Firenze. Attivista di perUnaltracitt\u00e0.\",\"url\":\"https:\/\/www.perunaltracitta.org\/homepage\/author\/tizianocardosi\/\"}]}<\/script>\n<!-- \/ Yoast SEO plugin. -->","yoast_head_json":{"title":"Processo TAV Firenze: scattano le prime prescrizioni ma il vero problema \u00e8 politico - La Citt\u00e0 invisibile | perUnaltracitt\u00e0 | Firenze","robots":{"index":"index","follow":"follow","max-snippet":"max-snippet:-1","max-image-preview":"max-image-preview:large","max-video-preview":"max-video-preview:-1"},"canonical":"https:\/\/www.perunaltracitta.org\/homepage\/2021\/01\/21\/processo-tav-firenze-scattano-le-prime-prescrizioni-ma-il-vero-problema-e-politico\/","og_locale":"it_IT","og_type":"article","og_title":"Processo TAV Firenze: scattano le prime prescrizioni ma il vero problema \u00e8 politico - La Citt\u00e0 invisibile | perUnaltracitt\u00e0 | Firenze","og_description":"Sono passati molti anni dalle inchieste della Magistratura fiorentina sui lavori del sottoattraversamento alta velocit\u00e0 di Firenze, e per questo sono scattate le prescrizioni per i reati di truffa, reati che comunque tanto minori non sono; basta ricordare che si tratt\u00f2 del tentativo di fornire conci per la realizzazione dei tunnel che non sarebbero stati &hellip; Processo TAV Firenze: scattano le prime prescrizioni ma il vero problema \u00e8 politico Leggi altro &raquo;","og_url":"https:\/\/www.perunaltracitta.org\/homepage\/2021\/01\/21\/processo-tav-firenze-scattano-le-prime-prescrizioni-ma-il-vero-problema-e-politico\/","og_site_name":"La Citt\u00e0 invisibile | perUnaltracitt\u00e0 | Firenze","article_publisher":"https:\/\/www.facebook.com\/perunaltracitta","article_published_time":"2021-01-21T08:41:19+00:00","article_modified_time":"2021-01-24T09:44:34+00:00","og_image":[{"width":1024,"height":576,"url":"https:\/\/www.perunaltracitta.org\/wp-content\/uploads\/2021\/01\/Firenze-Tav.jpg","type":"image\/jpeg"}],"author":"Tiziano Cardosi","twitter_card":"summary_large_image","twitter_creator":"@perunaltracitta","twitter_site":"@perunaltracitta","twitter_misc":{"Scritto da":"Tiziano Cardosi","Tempo di lettura stimato":"5 minuti"},"schema":{"@context":"https:\/\/schema.org","@graph":[{"@type":"Article","@id":"https:\/\/www.perunaltracitta.org\/homepage\/2021\/01\/21\/processo-tav-firenze-scattano-le-prime-prescrizioni-ma-il-vero-problema-e-politico\/#article","isPartOf":{"@id":"https:\/\/www.perunaltracitta.org\/homepage\/2021\/01\/21\/processo-tav-firenze-scattano-le-prime-prescrizioni-ma-il-vero-problema-e-politico\/"},"author":{"name":"Tiziano Cardosi","@id":"https:\/\/www.perunaltracitta.org\/homepage\/#\/schema\/person\/2fccefab4c7ebd146893c891afaf1572"},"headline":"Processo TAV Firenze: scattano le prime prescrizioni ma il vero problema \u00e8 politico","datePublished":"2021-01-21T08:41:19+00:00","dateModified":"2021-01-24T09:44:34+00:00","mainEntityOfPage":{"@id":"https:\/\/www.perunaltracitta.org\/homepage\/2021\/01\/21\/processo-tav-firenze-scattano-le-prime-prescrizioni-ma-il-vero-problema-e-politico\/"},"wordCount":934,"commentCount":2,"publisher":{"@id":"https:\/\/www.perunaltracitta.org\/homepage\/#organization"},"image":{"@id":"https:\/\/www.perunaltracitta.org\/homepage\/2021\/01\/21\/processo-tav-firenze-scattano-le-prime-prescrizioni-ma-il-vero-problema-e-politico\/#primaryimage"},"thumbnailUrl":"https:\/\/www.perunaltracitta.org\/wp-content\/uploads\/2021\/01\/Firenze-Tav.jpg","keywords":["ambiente","firenze","processi tav Firenze","terre di scavo tunnel tav Firenze","tunnel tav"],"articleSection":["La Citt\u00e0 invisibile"],"inLanguage":"it-IT","potentialAction":[{"@type":"CommentAction","name":"Comment","target":["https:\/\/www.perunaltracitta.org\/homepage\/2021\/01\/21\/processo-tav-firenze-scattano-le-prime-prescrizioni-ma-il-vero-problema-e-politico\/#respond"]}]},{"@type":"WebPage","@id":"https:\/\/www.perunaltracitta.org\/homepage\/2021\/01\/21\/processo-tav-firenze-scattano-le-prime-prescrizioni-ma-il-vero-problema-e-politico\/","url":"https:\/\/www.perunaltracitta.org\/homepage\/2021\/01\/21\/processo-tav-firenze-scattano-le-prime-prescrizioni-ma-il-vero-problema-e-politico\/","name":"Processo TAV Firenze: scattano le prime prescrizioni ma il vero problema \u00e8 politico - La Citt\u00e0 invisibile | perUnaltracitt\u00e0 | Firenze","isPartOf":{"@id":"https:\/\/www.perunaltracitta.org\/homepage\/#website"},"primaryImageOfPage":{"@id":"https:\/\/www.perunaltracitta.org\/homepage\/2021\/01\/21\/processo-tav-firenze-scattano-le-prime-prescrizioni-ma-il-vero-problema-e-politico\/#primaryimage"},"image":{"@id":"https:\/\/www.perunaltracitta.org\/homepage\/2021\/01\/21\/processo-tav-firenze-scattano-le-prime-prescrizioni-ma-il-vero-problema-e-politico\/#primaryimage"},"thumbnailUrl":"https:\/\/www.perunaltracitta.org\/wp-content\/uploads\/2021\/01\/Firenze-Tav.jpg","datePublished":"2021-01-21T08:41:19+00:00","dateModified":"2021-01-24T09:44:34+00:00","breadcrumb":{"@id":"https:\/\/www.perunaltracitta.org\/homepage\/2021\/01\/21\/processo-tav-firenze-scattano-le-prime-prescrizioni-ma-il-vero-problema-e-politico\/#breadcrumb"},"inLanguage":"it-IT","potentialAction":[{"@type":"ReadAction","target":["https:\/\/www.perunaltracitta.org\/homepage\/2021\/01\/21\/processo-tav-firenze-scattano-le-prime-prescrizioni-ma-il-vero-problema-e-politico\/"]}]},{"@type":"ImageObject","inLanguage":"it-IT","@id":"https:\/\/www.perunaltracitta.org\/homepage\/2021\/01\/21\/processo-tav-firenze-scattano-le-prime-prescrizioni-ma-il-vero-problema-e-politico\/#primaryimage","url":"https:\/\/www.perunaltracitta.org\/wp-content\/uploads\/2021\/01\/Firenze-Tav.jpg","contentUrl":"https:\/\/www.perunaltracitta.org\/wp-content\/uploads\/2021\/01\/Firenze-Tav.jpg","width":1024,"height":576},{"@type":"BreadcrumbList","@id":"https:\/\/www.perunaltracitta.org\/homepage\/2021\/01\/21\/processo-tav-firenze-scattano-le-prime-prescrizioni-ma-il-vero-problema-e-politico\/#breadcrumb","itemListElement":[{"@type":"ListItem","position":1,"name":"Home","item":"https:\/\/www.perunaltracitta.org\/homepage\/"},{"@type":"ListItem","position":2,"name":"Processo TAV Firenze: scattano le prime prescrizioni ma il vero problema \u00e8 politico"}]},{"@type":"WebSite","@id":"https:\/\/www.perunaltracitta.org\/homepage\/#website","url":"https:\/\/www.perunaltracitta.org\/homepage\/","name":"La Citt\u00e0 invisibile | perUnaltracitt\u00e0 | Firenze","description":"Voci oltre il pensiero unico","publisher":{"@id":"https:\/\/www.perunaltracitta.org\/homepage\/#organization"},"potentialAction":[{"@type":"SearchAction","target":{"@type":"EntryPoint","urlTemplate":"https:\/\/www.perunaltracitta.org\/homepage\/?s={search_term_string}"},"query-input":{"@type":"PropertyValueSpecification","valueRequired":true,"valueName":"search_term_string"}}],"inLanguage":"it-IT"},{"@type":"Organization","@id":"https:\/\/www.perunaltracitta.org\/homepage\/#organization","name":"perUnaltracitt\u00e0 - laboratorio politico Firenze","url":"https:\/\/www.perunaltracitta.org\/homepage\/","logo":{"@type":"ImageObject","inLanguage":"it-IT","@id":"https:\/\/www.perunaltracitta.org\/homepage\/#\/schema\/logo\/image\/","url":"https:\/\/www.perunaltracitta.org\/wp-content\/uploads\/2025\/11\/Original-on-Transparent-Copia-af-1.png","contentUrl":"https:\/\/www.perunaltracitta.org\/wp-content\/uploads\/2025\/11\/Original-on-Transparent-Copia-af-1.png","width":600,"height":153,"caption":"perUnaltracitt\u00e0 - laboratorio politico Firenze"},"image":{"@id":"https:\/\/www.perunaltracitta.org\/homepage\/#\/schema\/logo\/image\/"},"sameAs":["https:\/\/www.facebook.com\/perunaltracitta","https:\/\/x.com\/perunaltracitta"]},{"@type":"Person","@id":"https:\/\/www.perunaltracitta.org\/homepage\/#\/schema\/person\/2fccefab4c7ebd146893c891afaf1572","name":"Tiziano Cardosi","image":{"@type":"ImageObject","inLanguage":"it-IT","@id":"https:\/\/www.perunaltracitta.org\/homepage\/#\/schema\/person\/image\/","url":"https:\/\/www.perunaltracitta.org\/wp-content\/uploads\/2014\/11\/NO-TUNNEL-96x96.jpg","contentUrl":"https:\/\/www.perunaltracitta.org\/wp-content\/uploads\/2014\/11\/NO-TUNNEL-96x96.jpg","caption":"Tiziano Cardosi"},"description":"Obiettore di coscienza negli anni \u201870, attivista contro le guerre, gi\u00e0 capostazione delle FS, oggi si occupa soprattutto di mobilit\u00e0 e del fenomeno delle \u201cgrandi opere inutili\u201d, tra I fondatori del comitato No Tunnel TAV di Firenze. Attivista di perUnaltracitt\u00e0.","url":"https:\/\/www.perunaltracitta.org\/homepage\/author\/tizianocardosi\/"}]}},"uagb_featured_image_src":{"full":["https:\/\/www.perunaltracitta.org\/wp-content\/uploads\/2021\/01\/Firenze-Tav.jpg",1024,576,false],"thumbnail":["https:\/\/www.perunaltracitta.org\/wp-content\/uploads\/2021\/01\/Firenze-Tav-150x150.jpg",150,150,true],"medium":["https:\/\/www.perunaltracitta.org\/wp-content\/uploads\/2021\/01\/Firenze-Tav-300x169.jpg",300,169,true],"medium_large":["https:\/\/www.perunaltracitta.org\/wp-content\/uploads\/2021\/01\/Firenze-Tav-768x432.jpg",768,432,true],"large":["https:\/\/www.perunaltracitta.org\/wp-content\/uploads\/2021\/01\/Firenze-Tav.jpg",1024,576,false],"wysija-newsletters-max":["https:\/\/www.perunaltracitta.org\/wp-content\/uploads\/2021\/01\/Firenze-Tav-600x338.jpg",600,338,true],"1536x1536":["https:\/\/www.perunaltracitta.org\/wp-content\/uploads\/2021\/01\/Firenze-Tav.jpg",1024,576,false],"2048x2048":["https:\/\/www.perunaltracitta.org\/wp-content\/uploads\/2021\/01\/Firenze-Tav.jpg",1024,576,false],"mailpoet_newsletter_max":["https:\/\/www.perunaltracitta.org\/wp-content\/uploads\/2021\/01\/Firenze-Tav.jpg",1024,576,false],"yarpp-thumbnail":["https:\/\/www.perunaltracitta.org\/wp-content\/uploads\/2021\/01\/Firenze-Tav-120x120.jpg",120,120,true]},"uagb_author_info":{"display_name":"Tiziano Cardosi","author_link":"https:\/\/www.perunaltracitta.org\/homepage\/author\/tizianocardosi\/"},"uagb_comment_info":2,"uagb_excerpt":"Sono passati molti anni dalle inchieste della Magistratura fiorentina sui lavori del sottoattraversamento alta velocit\u00e0 di Firenze, e per questo sono scattate le prescrizioni per i reati di truffa, reati che comunque tanto minori non sono; basta ricordare che si tratt\u00f2 del tentativo di fornire conci per la realizzazione dei tunnel che non sarebbero stati&hellip;","_links":{"self":[{"href":"https:\/\/www.perunaltracitta.org\/homepage\/wp-json\/wp\/v2\/posts\/78925","targetHints":{"allow":["GET"]}}],"collection":[{"href":"https:\/\/www.perunaltracitta.org\/homepage\/wp-json\/wp\/v2\/posts"}],"about":[{"href":"https:\/\/www.perunaltracitta.org\/homepage\/wp-json\/wp\/v2\/types\/post"}],"author":[{"embeddable":true,"href":"https:\/\/www.perunaltracitta.org\/homepage\/wp-json\/wp\/v2\/users\/33"}],"replies":[{"embeddable":true,"href":"https:\/\/www.perunaltracitta.org\/homepage\/wp-json\/wp\/v2\/comments?post=78925"}],"version-history":[{"count":5,"href":"https:\/\/www.perunaltracitta.org\/homepage\/wp-json\/wp\/v2\/posts\/78925\/revisions"}],"predecessor-version":[{"id":78944,"href":"https:\/\/www.perunaltracitta.org\/homepage\/wp-json\/wp\/v2\/posts\/78925\/revisions\/78944"}],"wp:featuredmedia":[{"embeddable":true,"href":"https:\/\/www.perunaltracitta.org\/homepage\/wp-json\/wp\/v2\/media\/78932"}],"wp:attachment":[{"href":"https:\/\/www.perunaltracitta.org\/homepage\/wp-json\/wp\/v2\/media?parent=78925"}],"wp:term":[{"taxonomy":"category","embeddable":true,"href":"https:\/\/www.perunaltracitta.org\/homepage\/wp-json\/wp\/v2\/categories?post=78925"},{"taxonomy":"post_tag","embeddable":true,"href":"https:\/\/www.perunaltracitta.org\/homepage\/wp-json\/wp\/v2\/tags?post=78925"}],"curies":[{"name":"wp","href":"https:\/\/api.w.org\/{rel}","templated":true}]}}