{"id":80169,"date":"2021-04-18T13:54:14","date_gmt":"2021-04-18T11:54:14","guid":{"rendered":"https:\/\/www.perunaltracitta.org\/?p=80169"},"modified":"2021-04-20T20:35:39","modified_gmt":"2021-04-20T18:35:39","slug":"la-religione-capitalista","status":"publish","type":"post","link":"https:\/\/www.perunaltracitta.org\/homepage\/2021\/04\/18\/la-religione-capitalista\/","title":{"rendered":"La religione capitalista"},"content":{"rendered":"<p style=\"text-align: right;\"><strong>Per una Critica al Capitalismo Digitale<\/strong><\/p>\n<p>Quello che lega il significato al suo referente non \u00e8 la coerenza razionale del significante; l\u2019intima connessione tra l\u2019oggetto e la sua enunciazione; la sua perfetta coincidenza; dipende invece dalla forza di cui dispone quel soggetto di enunciazione. Il valore della moneta non dipendeva dalla quantit\u00e0 di metallo prezioso che conteneva perch\u00e9 esso stesso doveva il proprio valore alla potenza del sovrano; alla potenza di colui che linguisticamente legava insieme significante e referenza. Il mondo digitale tende a sostituire il virtuale al reale, porta cio\u00e8 all\u2019eccesso la base semantica delle operazioni economiche: non si agisce pi\u00f9 sulle cose e nella realt\u00e0, ma sulla sua rappresentazione e sui segni che la descrivono. \u00abIl principio di realt\u00e0 ha coinciso con uno stadio determinato della legge del valore. Oggi tutto il sistema sprofonda nell\u2019indeterminazione, ogni realt\u00e0 \u00e8 assorbita dall\u2019iperrealt\u00e0 del codice e della simulazione. \u00c8 un principio di simulazione quello che ormai ci governa al posto dell\u2019antico principio di realt\u00e0\u00bb dice Baudrillard (p. 12).<\/p>\n<p><strong><a href=\"https:\/\/www.perunaltracitta.org\/wp-content\/uploads\/2021\/04\/68-0.jpg\"><img loading=\"lazy\" decoding=\"async\" class=\" wp-image-80170 alignleft\" src=\"https:\/\/www.perunaltracitta.org\/wp-content\/uploads\/2021\/04\/68-0.jpg\" alt=\"\" width=\"411\" height=\"511\" srcset=\"https:\/\/www.perunaltracitta.org\/wp-content\/uploads\/2021\/04\/68-0.jpg 803w, https:\/\/www.perunaltracitta.org\/wp-content\/uploads\/2021\/04\/68-0-241x300.jpg 241w, https:\/\/www.perunaltracitta.org\/wp-content\/uploads\/2021\/04\/68-0-768x956.jpg 768w, https:\/\/www.perunaltracitta.org\/wp-content\/uploads\/2021\/04\/68-0-600x747.jpg 600w\" sizes=\"auto, (max-width: 411px) 100vw, 411px\" \/><\/a>Questi tempi fuori dai sesti<\/strong>, dove grande \u00e8 la confusione, non \u00e8 detto che si prestino alla costruzione di un cambiamento, ma che invece rimandino a realizzare la possibilit\u00e0 che tutto ci imploda addosso, che la catastrofe annunciata segua cos\u00ec il suo corso. Che la barbarie a venire, banchetti con i nostri corpi. Bisogna capire che questo \u00e8 possibile, che entrambe le possibilit\u00e0 si danno. Sta a noi esserci.<\/p>\n<p>Il capitale pretende la vita delle persone negandogli la possibilit\u00e0 di fare festa, non esiste pi\u00f9 la festa come luogo delle relazioni sociali non mercantili. Il capitale comprime cio\u00e8 gli spazi desideranti riconducendoli a soddisfazione dei bisogni. Il desiderio veicola la produzione di spazi di cambiamento, il bisogno produce soltanto (si badi bene, non \u00e8 poco) torsioni convulse che possono per\u00f2 facilmente essere condizionate e deviate, alle quali stiamo assistendo in maniera macroscopica proprio in questi tempi.<\/p>\n<p>La differenza tra bisogno e desiderio trova la sua ragione nel concetto di utile che qui si esprime come dispositivo di stornamento. Un\u2019altra diavoleria semantica che lavora alle nostre spalle. L\u2019economia delle relazioni simboliche che formano una trama che irretisce i soggetti di quelle relazioni. Che suggerisce la moltiplicazione dei soggetti e delle possibilit\u00e0 organizzative e narrative che la variet\u00e0 permette. Sullo sfondo le societ\u00e0 precapitaliste o non mercantili come spiegazione, ma anche come visione, come piani di svelamento che alimentino la macchina desiderante. Perch\u00e9 il desiderio non ha oggetto o, al limite, ha per oggetto cose che si determinano con meccanismi etici ed estetici. Perch\u00e9 anche riducendo in termini deterministici e assegnando al piacere il fatto di essere l\u2019oggetto del desiderio, e calcolando semplicemente la quantit\u00e0 di dopamina che un evento provoca, questa quantit\u00e0 non \u00e8 rapportabile in termini assoluti a un evento, non spiega e non quantifica l\u2019evento; l\u2019evento in s\u00e9 \u00e8 altro da possesso, ingestione, interazione. E ancor meno agli oggetti che caratterizzano quell\u2019evento: la cioccolata, il sesso etc. Il desiderio non \u00e8 semplicemente verso qualcosa, ma \u00e8 l\u2019affezione che vuole relazionarsi sensualmente con essa. Perch\u00e9 anche tutto questo si determina all\u2019interno di relazioni ed \u00e8, in qualche modo, condizionato dai rapporti sociali. Come il riso e il comico, ha una relazione con ogni specie di convenzione: legge, consuetudine, senso comune. Perch\u00e9 \u00e8 inserito in un contesto storicamente e socialmente determinato e in continuo divenire. Perch\u00e9 \u00e8 inserito in un corpo sociale e nelle convenzioni comunicative che in esso circolano. Perch\u00e9, a sua volta, \u00e8 inserito in una sintassi e in una messa in significazione che si danno una forma che anch\u2019essa contiene in s\u00e9 condizionamenti &#8211; di nuovo &#8211; etici ed estetici.<\/p>\n<p>Esaudire \u00e8 dare ascolto (<em>ex audire<\/em>). Si esaudisce un desiderio non un bisogno. Un bisogno si ha, non si dice, non si pensa, non si sogna. Esaudire non \u00e8 esaurire, non \u00e8<a href=\"https:\/\/www.perunaltracitta.org\/wp-content\/uploads\/2021\/04\/113.1-scaled.jpg\"><img loading=\"lazy\" decoding=\"async\" class=\" wp-image-80171 alignright\" src=\"https:\/\/www.perunaltracitta.org\/wp-content\/uploads\/2021\/04\/113.1-768x1024.jpg\" alt=\"\" width=\"408\" height=\"544\" srcset=\"https:\/\/www.perunaltracitta.org\/wp-content\/uploads\/2021\/04\/113.1-768x1024.jpg 768w, https:\/\/www.perunaltracitta.org\/wp-content\/uploads\/2021\/04\/113.1-225x300.jpg 225w, https:\/\/www.perunaltracitta.org\/wp-content\/uploads\/2021\/04\/113.1-600x800.jpg 600w, https:\/\/www.perunaltracitta.org\/wp-content\/uploads\/2021\/04\/113.1-1152x1536.jpg 1152w, https:\/\/www.perunaltracitta.org\/wp-content\/uploads\/2021\/04\/113.1-1536x2048.jpg 1536w, https:\/\/www.perunaltracitta.org\/wp-content\/uploads\/2021\/04\/113.1-1320x1760.jpg 1320w, https:\/\/www.perunaltracitta.org\/wp-content\/uploads\/2021\/04\/113.1-scaled.jpg 1920w\" sizes=\"auto, (max-width: 408px) 100vw, 408px\" \/><\/a> svuotare il dire. Svuotare il dire sarebbe silenziare il desiderio. Silenziare il desiderio \u00e8 una forma di oppressione, non una forma di soddisfacimento. Soltanto il bisogno si pu\u00f2 esaurire. Ma dare ascolto a un desiderio non \u00e8 tacitarlo, \u00e8 anzi dargli voce. Esaudire \u00e8 allora prendere atto dell\u2019inesaudibile. \u00abSi ha paura della morte perch\u00e9 la parte dei desideri inesauditi \u00e8 cresciuta senza possibile misura\u00bb (Deleuze, p. 16). La soddisfazione \u00e8 un\u2019altra cosa. La soddisfazione \u00e8 una forma di piacere, ma anch\u2019essa non esaurisce il desiderio, spesso lo moltiplica. Vedi le forme di dipendenza che le scariche di dopamina provocano. Non a caso Agostino di Ippona che nella seconda fase della sua vita rifuggiva ogni piacere terreno, denunciava la dipendenza come un <em>voler mantenere<\/em> e in questo voler mantenere riconosceva un disagio, una paura che \u00abha origine nel voler possedere e voler mantenere propri dell\u2019<em>appetitus<\/em>. Nel momento del possesso, il desiderio si trasforma in paura. Cos\u00ec come il desiderio desidera il bene, la paura teme il male. Il male, che la paura fugge, minaccia la vita felice consistente nel possesso del bene\u00bb, dice Hannah Arendt (p. 24) a proposito del punto di vista di Agostino, cosa che lo porta a dire nelle confessioni:<\/p>\n<blockquote><p>\u00c8 proprio nel passaggio dal disagio del desiderio alla quiete della saziet\u00e0 che il laccio della concupiscenza mi insidia. Questo passaggio stesso \u00e8 un piacere, e non c\u2019\u00e8 proprio altra via per arrivare l\u00e0 dove il bisogno ci spinge. E siccome \u00e8 per la salute che lo si fa, al mangiare e bere si appiccica una pericolosa allegria e il pi\u00f9 delle volte tenta anzi di far strada lei, in modo che io finisca a fare per lei quello che desidero o dico di fare per la salute. Salute e piacere non hanno la stessa misura: ci\u00f2 che basta per restare sani \u00e8 insufficiente al piacere e spesso non \u00e8 certo se sia la necessaria cura del corpo a richiedere un sostegno o se a chiedere subdolamente d\u2019essere servita sia invece la gola con le sue lusinghe. Questa incertezza mette allegria alla nostra povera anima, che cos\u00ec se ne fa in anticipo un avvocato difensore: ben lieta che non sia chiaro quanto basta alle norme del benessere fisico, per poter con il pretesto della salute ricoprire la manovra del piacere (Agostino, <em>Le confessioni<\/em>, X, 44).<\/p><\/blockquote>\n<p>Proprio perch\u00e9 Agostino vuole rifuggire il piacere, che riesce a ben riconoscere la sua connessione con il desiderio ed \u00e8 allarmato l\u00e0 dove il bisogno si pu\u00f2 camuffare da desiderio. E questo camuffamento che potrebbe essere testimonianza della provvidenza divina, diventa invece, in quest\u2019ottica, una forma di tentazione.<\/p>\n<p><a href=\"https:\/\/www.perunaltracitta.org\/wp-content\/uploads\/2021\/04\/unnamed-4.jpg\"><img loading=\"lazy\" decoding=\"async\" class=\" wp-image-80172 alignleft\" src=\"https:\/\/www.perunaltracitta.org\/wp-content\/uploads\/2021\/04\/unnamed-4.jpg\" alt=\"\" width=\"409\" height=\"273\" srcset=\"https:\/\/www.perunaltracitta.org\/wp-content\/uploads\/2021\/04\/unnamed-4.jpg 512w, https:\/\/www.perunaltracitta.org\/wp-content\/uploads\/2021\/04\/unnamed-4-300x200.jpg 300w\" sizes=\"auto, (max-width: 409px) 100vw, 409px\" \/><\/a>Wolf Bukowski (<a href=\"https:\/\/www.wumingfoundation.com\/giap\/2020\/12\/la-sinistra-che-trattiene-parte-seconda\/\">qui<\/a>) vede nel concetto di <em><a href=\"https:\/\/it.wikipedia.org\/wiki\/Catechon\">katechon<\/a><\/em><em>,<\/em> quella cosa che trattiene, il pieno espletamento della supremazia tecnologica che dovrebbe aprire al superamento messianico del lavoro, e portare a una umanit\u00e0 redenta, che alcune teorie propongono. La sinistra radicale (non ce n\u2019\u00e8 un\u2019altra) deve per questo armarsi di altri strumenti di analisi, perch\u00e9 pur essendo la cooperazione sociale a generare gli avanzamenti tecnologici, di nuovo una verit\u00e0, si trascura \u00abil fatto che i pi\u00f9 sofisticati strumenti sono concepiti solo <em>nel<\/em> e <em>per<\/em> il regime capitalista, di cui recano l\u2019impronta digitale e l\u2019ergonomia; si contempler\u00e0 giustamente, ancora, la necessit\u00e0 dell\u2019ozio e del godimento in una societ\u00e0 futura emancipata dal profitto, ma lo si far\u00e0 permanendo compiaciuti in un immaginario consumistico\u00bb (ibidem). \u00c8 qui, in questo panorama, che Bukowski non trova una forza che diriga invece l\u2019automa in direzione di una \u00abumanit\u00e0 redenta\u00bb. Non c\u2019\u00e8 allora niente da accelerare se non per trovarsi di fronte a \u00abun\u2019escatologia triste e inorganica\u00bb (ibidem).<\/p>\n<p>Ma una via di fuga, che non \u00e8 un\u2019accelerazione, che covi parentele e ibridazioni complesse di tipo instabile nella loro relazionalit\u00e0, che si organizzino continuamente in base a questo divenire relazionale, forse \u00e8 possibile pensarla. Perch\u00e9 il consumo non ha niente a che vedere con il desiderio, il desiderio non \u00e8 soddisfacimento di alcunch\u00e9. Il desiderio \u00e8 fine a se stesso, \u00e8 appetito e non appetito di. \u00c8 un piacere senza feticci. Si gioca allora e ancora, qui e adesso, la capacit\u00e0 di riprendere la matassa che ci porta non tanto a un conflitto tra umani e macchine (abbiamo gi\u00e0 detto che quest\u2019espressione presuppone concetti quali il soggetto e l\u2019oggetto, presuppone che soltanto il soggetto abbia capacit\u00e0 performative, presuppone processi di individuazione che si diano una volta per tutte) quanto a dover, una volta ancora, riuscire a capire che il problema non \u00e8 la macchina, ma la macchina eterodiretta dal profitto. Il problema \u00e8 la macchina di scopo che contrasta la macchina desiderante. Quale sia di carbonio e quale sia di silicio, di quali percentuali di carbonio e di silicio essa sia composta \u00e8 indifferente. La macchina desiderante mossa in direzione di un piacere senza secondi fini pu\u00f2 fare inceppare la macchina produttiva che ci sorveglia e ci controlla in modo tale che non possiamo fare altro che andare in quella direzione che gli algoritmi del capitale hanno pensato essere quella pi\u00f9 giusta. La macchina desiderante pu\u00f2 sconfiggere questo programma. La macchina desiderante pu\u00f2 essere allora la<strong> macchina luddista<\/strong>: l\u2019ossimoro <a href=\"https:\/\/it.wikipedia.org\/wiki\/Paradosso_del_barbiere\">paradossale<\/a> che distrugge tutte le macchine.<\/p>\n<p>Tutto questo sembrerebbe un cos\u00ec per dire. In realt\u00e0 se non si accetta che ci possa essere una macchina celibe, che rimane celibe nonostante le infinite connessioni e articolazioni, la macchina di scopo rimarr\u00e0 dietro l\u2019angolo a minacciare l\u2019ambiente-mondo umano e non umano. Se non riusciremo a far s\u00ec che la macchina produttiva non offuschi pi\u00f9 la macchina della riproduzione estesa, la produzione per il consumo continuer\u00e0 a girare a nostro discapito.<\/p>\n<p>_______________________<\/p>\n<p><strong>Hannah Arendt, <em>Il concetto d\u2019amore in Agostino<\/em>, SE, Milano 2004<br \/>\n<\/strong><strong>Gilles Deleuze, <em>L&#8217;esausto<\/em>, nottetempo, Roma 2015<br \/>\n<\/strong><strong>Jean Baudrillard, <em>Lo scambio simbolico e la morte, <\/em>Feltrinelli, Milano 1979<\/strong><\/p>\n<p style=\"text-align: right;\"><strong>Per una critica al Capitalismo digitale &#8211; parte XXXVIII<\/strong><\/p>\n<p>Ci sono Storie che si evolvono o involvono a una velocit\u00e0 tale che nessun libro riuscir\u00e0 a fotografare, a darne cio\u00e8 una versione che possa essere attuale. C\u2019\u00e8 per esempio la pandemia virale da Covid 19, con i suoi risvolti sociali, politici e antropologici che Zizek cerca di interpretare con uno strumento insolito: l\u2019ebook in \u201cdivenire\u201d.&nbsp;<strong>Il capitalismo digitale<\/strong>&nbsp;\u2013 quello che ha a che fare con universo contemporaneo dove tecnoscienza, Intelligenza Artificiale (AI) e amministrazione governamentale della vita si intrecciano \u2013 ha una velocit\u00e0 di trasformazione non cos\u00ec alta ma certamente pi\u00f9 alta dei tempi editoriali di un libro cartaceo. Cogliamo cos\u00ec l\u2019occasione di pubblicare anche noi un&nbsp;<em><strong>ebook in divenire<\/strong><\/em>&nbsp;che riprende gli articoli che sull\u2019argomento sono stati pubblicati e che continueranno a essere pubblicati su \u201cLa citt\u00e0 Invisibile\u201d e in particolare la serie a puntate di \u201c<strong>Per una Critica del Capitalismo Digitale<\/strong>\u201d. Il libro non \u00e8 terminato, anche per questo \u00e8 in divenire, perch\u00e9 non \u00e8 possibile mettere la parola fine a narrazioni che sono in corso. Verr\u00e0 perci\u00f2 aggiornato costantemente permettendogli cos\u00ec di essere in qualche modo dentro l\u2019attualit\u00e0.&nbsp;<strong>Ogni articolo ha una sua indipendenza e lo si potr\u00e0 leggere anche senza aver letto il resto, cos\u00ec come ha anche una sua coerenza d\u2019insieme, tale da poterlo leggere dalla prima all\u2019ultima parte senza percepire nessuna frammentazione. Almeno questo \u00e8 l\u2019intento.&nbsp;<\/strong><\/p>\n<p><em><a href=\"https:\/\/www.perunaltracitta.org\/2020\/01\/30\/e-se-lintelligenza-artificiale-non-fosse-intelligente-ma-semplicemente-stronza\/\">Qui la I parte,<\/a>&nbsp;<a href=\"https:\/\/www.perunaltracitta.org\/2020\/02\/17\/quando-la-matematica-e-unopinione-e-per-di-piu-sbagliata\/\">Qui la II,&nbsp;<\/a><a href=\"https:\/\/www.perunaltracitta.org\/2020\/02\/29\/un-oscuro-operare-cosa-sognano-le-macchine-capitaliste\/\">Qui la III,&nbsp;<\/a><a href=\"https:\/\/www.perunaltracitta.org\/2020\/03\/15\/i-limiti-dellubbidienza\/\">Qui la<\/a><a href=\"https:\/\/www.perunaltracitta.org\/2020\/03\/15\/i-limiti-dellubbidienza\/\">&nbsp;IV,&nbsp;<\/a><a href=\"https:\/\/www.perunaltracitta.org\/2020\/03\/30\/lamore-ai-tempi-del-coronavirus\/\">Qui la V<\/a><a href=\"https:\/\/www.perunaltracitta.org\/2020\/04\/05\/prendersi-cura\/\">, Qui la VI,&nbsp;<\/a><a href=\"https:\/\/www.perunaltracitta.org\/2020\/04\/13\/la-smart-city-e-una-citta-ostile\/\">Qui la VII<\/a>,&nbsp;<a href=\"https:\/\/www.perunaltracitta.org\/2020\/04\/27\/la-guerra-dei-mondi-e-lotta-di-classe\/\">Qui la VIII<\/a>,&nbsp;<a href=\"https:\/\/www.perunaltracitta.org\/2020\/05\/12\/da-sorvegliare-e-punire-a-sorvegliare-profilare-e-valutare\/\">Qui la IX<\/a>,&nbsp;<a href=\"https:\/\/www.perunaltracitta.org\/2020\/05\/26\/infatuazioni-digitali\/\">Qui la X<\/a>,&nbsp;<a href=\"https:\/\/www.perunaltracitta.org\/2020\/06\/05\/la-rabbia-digitale\/\">Qui la XI<\/a>,&nbsp;<a href=\"https:\/\/www.perunaltracitta.org\/2020\/06\/22\/individui-e-soggetti-collettivi-folle-scatenate-e-privacy\/\">Qui la XII<\/a>,&nbsp;<a href=\"https:\/\/www.perunaltracitta.org\/2020\/07\/06\/la-rete-e-il-realismo-capitalista\/\">Qui la XIII<\/a>,&nbsp;<a href=\"https:\/\/www.perunaltracitta.org\/2020\/07\/19\/internet-delle-cose-o-come-ti-adatto-gli-umani-al-mercato\/\">Qui la XIV<\/a>,&nbsp;<a href=\"https:\/\/www.perunaltracitta.org\/2020\/07\/29\/modi-di-produzione-e-soggetti-postumani\/\">Qui la XV<\/a>,&nbsp;<a href=\"https:\/\/www.perunaltracitta.org\/2020\/08\/05\/chi-erano-le-migliaia-di-manifestanti-di-berlino\/\">Intermezzo<\/a>,&nbsp;<a href=\"https:\/\/www.perunaltracitta.org\/2020\/08\/12\/modi-di-produzione-lavoro-e-politiche-populiste\/\">Qui la XVI<\/a>,&nbsp;<a href=\"https:\/\/www.perunaltracitta.org\/2020\/08\/19\/la-macchina-patriarcale\/\">Qui la XVII&nbsp;<\/a>,&nbsp;<a href=\"https:\/\/www.perunaltracitta.org\/2020\/08\/26\/la-post-verita-e-la-fine-del-logos\/\">Qui la XVIII<\/a>,&nbsp;<a href=\"https:\/\/www.perunaltracitta.org\/2020\/08\/30\/modelli-di-sviluppo-la-macchina-del-capitale-oggi\/\">Qui la XIX<\/a>,&nbsp;<a href=\"https:\/\/www.perunaltracitta.org\/2020\/09\/09\/robotica-emozionale\/\">Qui la XX<\/a>,&nbsp;<a href=\"https:\/\/www.perunaltracitta.org\/2020\/09\/15\/la-biblioteca-di-babele-e-lorgasmo-femminile\/\">Qui la XXI<\/a>,&nbsp;<a href=\"https:\/\/www.perunaltracitta.org\/2020\/09\/23\/delirio-computazionale-e-norma-lizzazione-digitale\/\">Qui la XXII,<\/a>&nbsp;<a href=\"https:\/\/www.perunaltracitta.org\/2020\/09\/28\/spaesamento-economia-circolare-e-innovazione\/\">Qui la parte XXIII<\/a>,&nbsp;<a href=\"https:\/\/www.perunaltracitta.org\/2020\/10\/07\/i-sogni-elettrici-del-capitalismo-digitale\/\">Qui la XXIV<\/a>,&nbsp;<a href=\"https:\/\/www.perunaltracitta.org\/2020\/10\/14\/la-vita-in-diretta\/\">Qui la XXV<\/a>&nbsp;,&nbsp;<a href=\"https:\/\/www.perunaltracitta.org\/2020\/10\/26\/ode-alla-macchina\/\">Qui la XXVI<\/a>,&nbsp;<a href=\"https:\/\/www.perunaltracitta.org\/2020\/11\/10\/la-modernita-di-erewhon-luogo-distopico-dove-le-macchine-sono-proibite\/\">Qui la XXVII<\/a>,&nbsp;<a href=\"https:\/\/www.perunaltracitta.org\/2020\/11\/22\/giochi-di-prestigio-il-lavoro-che-scompare-alla-vista\/\">Qui la XXVIII<\/a>,&nbsp;<a href=\"https:\/\/www.perunaltracitta.org\/2020\/12\/08\/sul-lavoro-che-scompare-alla-vista-i-trucchi-semantici\/\">Qui la parte XXIX&nbsp;<\/a>,&nbsp;<a href=\"https:\/\/www.perunaltracitta.org\/2020\/12\/22\/kafka-un-romanzo-dei-wu-ming-la-disputa-tra-bogdanov-e-lenin-gli-entanglement-quantistici-e-i-dati-tanti-dati\/\">Qui la parte XXX<\/a>,&nbsp;<a href=\"https:\/\/www.perunaltracitta.org\/2021\/01\/11\/organizzazione-e-altri-formalismi-ancora-sul-conflitto-bogdanov-lenin\/\">Qui la parte XXXI,&nbsp;&nbsp;<\/a><\/em><a href=\"https:\/\/www.perunaltracitta.org\/2021\/01\/25\/intelligenze-collaborative\/\">Qui la parte XXXII<\/a>,&nbsp;<a href=\"https:\/\/www.perunaltracitta.org\/2021\/02\/09\/il-capitalismo-digitale-ha-bisogno-di-accelerazioni-frenate-o-di-un-cambio-di-direzione\/\">Qui la parte XXXIII,&nbsp;<\/a>&nbsp;<a href=\"https:\/\/www.perunaltracitta.org\/2021\/02\/23\/smorzare-le-accelerazioni-abolire-le-differenze\/\">Qui la parte XXXIV ,&nbsp;<\/a><a href=\"https:\/\/www.perunaltracitta.org\/2021\/03\/09\/denaro-e-fede\/\">Qui la parte XXXV<\/a>,&nbsp;<a href=\"https:\/\/www.perunaltracitta.org\/2021\/03\/21\/pianificazione-cyborg\/\">Qui la parte XXXVI,<\/a> <a href=\"https:\/\/www.perunaltracitta.org\/2021\/04\/06\/il-capitalismo-e-un-algoritmo\/\">Qui la parte XXXVII<\/a><\/p>\n<p style=\"text-align: right;\"><strong>Gilberto Pierazzuoli<\/strong><\/p>\n<p><strong>&nbsp;<\/strong><\/p>\n","protected":false},"excerpt":{"rendered":"<p>Per una Critica al Capitalismo Digitale Quello che lega il significato al suo referente non \u00e8 la coerenza razionale del significante; l\u2019intima connessione tra l\u2019oggetto e la sua enunciazione; la sua perfetta coincidenza; dipende invece dalla forza di cui dispone quel soggetto di enunciazione. Il valore della moneta non dipendeva dalla quantit\u00e0 di metallo prezioso &hellip;<\/p>\n<p class=\"read-more\"> <a class=\"\" href=\"https:\/\/www.perunaltracitta.org\/homepage\/2021\/04\/18\/la-religione-capitalista\/\"> <span class=\"screen-reader-text\">La religione capitalista<\/span> Leggi altro &raquo;<\/a><\/p>\n","protected":false},"author":7,"featured_media":80172,"comment_status":"open","ping_status":"open","sticky":false,"template":"","format":"standard","meta":{"_uag_custom_page_level_css":"","site-sidebar-layout":"default","site-content-layout":"default","ast-global-header-display":"","ast-main-header-display":"","ast-hfb-above-header-display":"","ast-hfb-below-header-display":"","ast-hfb-mobile-header-display":"","site-post-title":"","ast-breadcrumbs-content":"","ast-featured-img":"","footer-sml-layout":"","theme-transparent-header-meta":"","adv-header-id-meta":"","stick-header-meta":"","header-above-stick-meta":"","header-main-stick-meta":"","header-below-stick-meta":"","footnotes":""},"categories":[41],"tags":[3682,2609,3680,3681],"class_list":["post-80169","post","type-post","status-publish","format-standard","has-post-thumbnail","hentry","category-la-citta-invisibile","tag-algoritmo-di-scopo","tag-ccd","tag-ccd-religione-capitalista-macchine-celibi","tag-katechon"],"yoast_head":"<!-- This site is optimized with the Yoast SEO plugin v25.1 - https:\/\/yoast.com\/wordpress\/plugins\/seo\/ -->\n<title>La religione capitalista - La Citt\u00e0 invisibile | perUnaltracitt\u00e0 | Firenze<\/title>\n<meta name=\"robots\" content=\"index, follow, max-snippet:-1, max-image-preview:large, max-video-preview:-1\" \/>\n<link rel=\"canonical\" href=\"https:\/\/www.perunaltracitta.org\/homepage\/2021\/04\/18\/la-religione-capitalista\/\" \/>\n<meta property=\"og:locale\" content=\"it_IT\" \/>\n<meta property=\"og:type\" content=\"article\" \/>\n<meta property=\"og:title\" content=\"La religione capitalista - La Citt\u00e0 invisibile | perUnaltracitt\u00e0 | Firenze\" \/>\n<meta property=\"og:description\" content=\"Per una Critica al Capitalismo Digitale Quello che lega il significato al suo referente non \u00e8 la coerenza razionale del significante; l\u2019intima connessione tra l\u2019oggetto e la sua enunciazione; la sua perfetta coincidenza; dipende invece dalla forza di cui dispone quel soggetto di enunciazione. Il valore della moneta non dipendeva dalla quantit\u00e0 di metallo prezioso &hellip; La religione capitalista Leggi altro &raquo;\" \/>\n<meta property=\"og:url\" content=\"https:\/\/www.perunaltracitta.org\/homepage\/2021\/04\/18\/la-religione-capitalista\/\" \/>\n<meta property=\"og:site_name\" content=\"La Citt\u00e0 invisibile | perUnaltracitt\u00e0 | Firenze\" \/>\n<meta property=\"article:publisher\" content=\"https:\/\/www.facebook.com\/perunaltracitta\" \/>\n<meta property=\"article:published_time\" content=\"2021-04-18T11:54:14+00:00\" \/>\n<meta property=\"article:modified_time\" content=\"2021-04-20T18:35:39+00:00\" \/>\n<meta property=\"og:image\" content=\"https:\/\/www.perunaltracitta.org\/wp-content\/uploads\/2021\/04\/unnamed-4.jpg\" \/>\n\t<meta property=\"og:image:width\" content=\"512\" \/>\n\t<meta property=\"og:image:height\" content=\"342\" \/>\n\t<meta property=\"og:image:type\" content=\"image\/jpeg\" \/>\n<meta name=\"author\" content=\"Gilberto Pierazzuoli\" \/>\n<meta name=\"twitter:card\" content=\"summary_large_image\" \/>\n<meta name=\"twitter:creator\" content=\"@perunaltracitta\" \/>\n<meta name=\"twitter:site\" content=\"@perunaltracitta\" \/>\n<meta name=\"twitter:label1\" content=\"Scritto da\" \/>\n\t<meta name=\"twitter:data1\" content=\"Gilberto Pierazzuoli\" \/>\n\t<meta name=\"twitter:label2\" content=\"Tempo di lettura stimato\" \/>\n\t<meta name=\"twitter:data2\" content=\"10 minuti\" \/>\n<script type=\"application\/ld+json\" class=\"yoast-schema-graph\">{\"@context\":\"https:\/\/schema.org\",\"@graph\":[{\"@type\":\"Article\",\"@id\":\"https:\/\/www.perunaltracitta.org\/homepage\/2021\/04\/18\/la-religione-capitalista\/#article\",\"isPartOf\":{\"@id\":\"https:\/\/www.perunaltracitta.org\/homepage\/2021\/04\/18\/la-religione-capitalista\/\"},\"author\":{\"name\":\"Gilberto Pierazzuoli\",\"@id\":\"https:\/\/www.perunaltracitta.org\/homepage\/#\/schema\/person\/444aaa30f197e649d80fcd8e229faea9\"},\"headline\":\"La religione capitalista\",\"datePublished\":\"2021-04-18T11:54:14+00:00\",\"dateModified\":\"2021-04-20T18:35:39+00:00\",\"mainEntityOfPage\":{\"@id\":\"https:\/\/www.perunaltracitta.org\/homepage\/2021\/04\/18\/la-religione-capitalista\/\"},\"wordCount\":1975,\"commentCount\":1,\"publisher\":{\"@id\":\"https:\/\/www.perunaltracitta.org\/homepage\/#organization\"},\"image\":{\"@id\":\"https:\/\/www.perunaltracitta.org\/homepage\/2021\/04\/18\/la-religione-capitalista\/#primaryimage\"},\"thumbnailUrl\":\"https:\/\/www.perunaltracitta.org\/wp-content\/uploads\/2021\/04\/unnamed-4.jpg\",\"keywords\":[\"algoritmo di scopo\",\"ccd\",\"CCD. religione capitalista. macchine celibi\",\"katechon\"],\"articleSection\":[\"La Citt\u00e0 invisibile\"],\"inLanguage\":\"it-IT\",\"potentialAction\":[{\"@type\":\"CommentAction\",\"name\":\"Comment\",\"target\":[\"https:\/\/www.perunaltracitta.org\/homepage\/2021\/04\/18\/la-religione-capitalista\/#respond\"]}]},{\"@type\":\"WebPage\",\"@id\":\"https:\/\/www.perunaltracitta.org\/homepage\/2021\/04\/18\/la-religione-capitalista\/\",\"url\":\"https:\/\/www.perunaltracitta.org\/homepage\/2021\/04\/18\/la-religione-capitalista\/\",\"name\":\"La religione capitalista - La Citt\u00e0 invisibile | perUnaltracitt\u00e0 | Firenze\",\"isPartOf\":{\"@id\":\"https:\/\/www.perunaltracitta.org\/homepage\/#website\"},\"primaryImageOfPage\":{\"@id\":\"https:\/\/www.perunaltracitta.org\/homepage\/2021\/04\/18\/la-religione-capitalista\/#primaryimage\"},\"image\":{\"@id\":\"https:\/\/www.perunaltracitta.org\/homepage\/2021\/04\/18\/la-religione-capitalista\/#primaryimage\"},\"thumbnailUrl\":\"https:\/\/www.perunaltracitta.org\/wp-content\/uploads\/2021\/04\/unnamed-4.jpg\",\"datePublished\":\"2021-04-18T11:54:14+00:00\",\"dateModified\":\"2021-04-20T18:35:39+00:00\",\"breadcrumb\":{\"@id\":\"https:\/\/www.perunaltracitta.org\/homepage\/2021\/04\/18\/la-religione-capitalista\/#breadcrumb\"},\"inLanguage\":\"it-IT\",\"potentialAction\":[{\"@type\":\"ReadAction\",\"target\":[\"https:\/\/www.perunaltracitta.org\/homepage\/2021\/04\/18\/la-religione-capitalista\/\"]}]},{\"@type\":\"ImageObject\",\"inLanguage\":\"it-IT\",\"@id\":\"https:\/\/www.perunaltracitta.org\/homepage\/2021\/04\/18\/la-religione-capitalista\/#primaryimage\",\"url\":\"https:\/\/www.perunaltracitta.org\/wp-content\/uploads\/2021\/04\/unnamed-4.jpg\",\"contentUrl\":\"https:\/\/www.perunaltracitta.org\/wp-content\/uploads\/2021\/04\/unnamed-4.jpg\",\"width\":512,\"height\":342},{\"@type\":\"BreadcrumbList\",\"@id\":\"https:\/\/www.perunaltracitta.org\/homepage\/2021\/04\/18\/la-religione-capitalista\/#breadcrumb\",\"itemListElement\":[{\"@type\":\"ListItem\",\"position\":1,\"name\":\"Home\",\"item\":\"https:\/\/www.perunaltracitta.org\/homepage\/\"},{\"@type\":\"ListItem\",\"position\":2,\"name\":\"La religione capitalista\"}]},{\"@type\":\"WebSite\",\"@id\":\"https:\/\/www.perunaltracitta.org\/homepage\/#website\",\"url\":\"https:\/\/www.perunaltracitta.org\/homepage\/\",\"name\":\"La Citt\u00e0 invisibile | perUnaltracitt\u00e0 | Firenze\",\"description\":\"Voci oltre il pensiero unico\",\"publisher\":{\"@id\":\"https:\/\/www.perunaltracitta.org\/homepage\/#organization\"},\"potentialAction\":[{\"@type\":\"SearchAction\",\"target\":{\"@type\":\"EntryPoint\",\"urlTemplate\":\"https:\/\/www.perunaltracitta.org\/homepage\/?s={search_term_string}\"},\"query-input\":{\"@type\":\"PropertyValueSpecification\",\"valueRequired\":true,\"valueName\":\"search_term_string\"}}],\"inLanguage\":\"it-IT\"},{\"@type\":\"Organization\",\"@id\":\"https:\/\/www.perunaltracitta.org\/homepage\/#organization\",\"name\":\"perUnaltracitt\u00e0 - laboratorio politico Firenze\",\"url\":\"https:\/\/www.perunaltracitta.org\/homepage\/\",\"logo\":{\"@type\":\"ImageObject\",\"inLanguage\":\"it-IT\",\"@id\":\"https:\/\/www.perunaltracitta.org\/homepage\/#\/schema\/logo\/image\/\",\"url\":\"https:\/\/www.perunaltracitta.org\/wp-content\/uploads\/2025\/11\/Original-on-Transparent-Copia-af-1.png\",\"contentUrl\":\"https:\/\/www.perunaltracitta.org\/wp-content\/uploads\/2025\/11\/Original-on-Transparent-Copia-af-1.png\",\"width\":600,\"height\":153,\"caption\":\"perUnaltracitt\u00e0 - laboratorio politico Firenze\"},\"image\":{\"@id\":\"https:\/\/www.perunaltracitta.org\/homepage\/#\/schema\/logo\/image\/\"},\"sameAs\":[\"https:\/\/www.facebook.com\/perunaltracitta\",\"https:\/\/x.com\/perunaltracitta\"]},{\"@type\":\"Person\",\"@id\":\"https:\/\/www.perunaltracitta.org\/homepage\/#\/schema\/person\/444aaa30f197e649d80fcd8e229faea9\",\"name\":\"Gilberto Pierazzuoli\",\"image\":{\"@type\":\"ImageObject\",\"inLanguage\":\"it-IT\",\"@id\":\"https:\/\/www.perunaltracitta.org\/homepage\/#\/schema\/person\/image\/\",\"url\":\"https:\/\/www.perunaltracitta.org\/wp-content\/uploads\/2017\/11\/gilberto-96x96.jpg\",\"contentUrl\":\"https:\/\/www.perunaltracitta.org\/wp-content\/uploads\/2017\/11\/gilberto-96x96.jpg\",\"caption\":\"Gilberto Pierazzuoli\"},\"description\":\"Attivista negli anni 70 . Trasforma l'hobby dell'enogastronomia in una professione aprendo forse il primo wine-bar d'Italia che poi si evolve in ristorante. Smette nel 2012, attualmente insegnante precario di lettere e storia in un istituto tecnico. Attivista di perUnaltracitt\u00e0.\",\"url\":\"https:\/\/www.perunaltracitta.org\/homepage\/author\/gilberto\/\"}]}<\/script>\n<!-- \/ Yoast SEO plugin. -->","yoast_head_json":{"title":"La religione capitalista - La Citt\u00e0 invisibile | perUnaltracitt\u00e0 | Firenze","robots":{"index":"index","follow":"follow","max-snippet":"max-snippet:-1","max-image-preview":"max-image-preview:large","max-video-preview":"max-video-preview:-1"},"canonical":"https:\/\/www.perunaltracitta.org\/homepage\/2021\/04\/18\/la-religione-capitalista\/","og_locale":"it_IT","og_type":"article","og_title":"La religione capitalista - La Citt\u00e0 invisibile | perUnaltracitt\u00e0 | Firenze","og_description":"Per una Critica al Capitalismo Digitale Quello che lega il significato al suo referente non \u00e8 la coerenza razionale del significante; l\u2019intima connessione tra l\u2019oggetto e la sua enunciazione; la sua perfetta coincidenza; dipende invece dalla forza di cui dispone quel soggetto di enunciazione. Il valore della moneta non dipendeva dalla quantit\u00e0 di metallo prezioso &hellip; La religione capitalista Leggi altro &raquo;","og_url":"https:\/\/www.perunaltracitta.org\/homepage\/2021\/04\/18\/la-religione-capitalista\/","og_site_name":"La Citt\u00e0 invisibile | perUnaltracitt\u00e0 | Firenze","article_publisher":"https:\/\/www.facebook.com\/perunaltracitta","article_published_time":"2021-04-18T11:54:14+00:00","article_modified_time":"2021-04-20T18:35:39+00:00","og_image":[{"width":512,"height":342,"url":"https:\/\/www.perunaltracitta.org\/wp-content\/uploads\/2021\/04\/unnamed-4.jpg","type":"image\/jpeg"}],"author":"Gilberto Pierazzuoli","twitter_card":"summary_large_image","twitter_creator":"@perunaltracitta","twitter_site":"@perunaltracitta","twitter_misc":{"Scritto da":"Gilberto Pierazzuoli","Tempo di lettura stimato":"10 minuti"},"schema":{"@context":"https:\/\/schema.org","@graph":[{"@type":"Article","@id":"https:\/\/www.perunaltracitta.org\/homepage\/2021\/04\/18\/la-religione-capitalista\/#article","isPartOf":{"@id":"https:\/\/www.perunaltracitta.org\/homepage\/2021\/04\/18\/la-religione-capitalista\/"},"author":{"name":"Gilberto Pierazzuoli","@id":"https:\/\/www.perunaltracitta.org\/homepage\/#\/schema\/person\/444aaa30f197e649d80fcd8e229faea9"},"headline":"La religione capitalista","datePublished":"2021-04-18T11:54:14+00:00","dateModified":"2021-04-20T18:35:39+00:00","mainEntityOfPage":{"@id":"https:\/\/www.perunaltracitta.org\/homepage\/2021\/04\/18\/la-religione-capitalista\/"},"wordCount":1975,"commentCount":1,"publisher":{"@id":"https:\/\/www.perunaltracitta.org\/homepage\/#organization"},"image":{"@id":"https:\/\/www.perunaltracitta.org\/homepage\/2021\/04\/18\/la-religione-capitalista\/#primaryimage"},"thumbnailUrl":"https:\/\/www.perunaltracitta.org\/wp-content\/uploads\/2021\/04\/unnamed-4.jpg","keywords":["algoritmo di scopo","ccd","CCD. religione capitalista. macchine celibi","katechon"],"articleSection":["La Citt\u00e0 invisibile"],"inLanguage":"it-IT","potentialAction":[{"@type":"CommentAction","name":"Comment","target":["https:\/\/www.perunaltracitta.org\/homepage\/2021\/04\/18\/la-religione-capitalista\/#respond"]}]},{"@type":"WebPage","@id":"https:\/\/www.perunaltracitta.org\/homepage\/2021\/04\/18\/la-religione-capitalista\/","url":"https:\/\/www.perunaltracitta.org\/homepage\/2021\/04\/18\/la-religione-capitalista\/","name":"La religione capitalista - La Citt\u00e0 invisibile | perUnaltracitt\u00e0 | Firenze","isPartOf":{"@id":"https:\/\/www.perunaltracitta.org\/homepage\/#website"},"primaryImageOfPage":{"@id":"https:\/\/www.perunaltracitta.org\/homepage\/2021\/04\/18\/la-religione-capitalista\/#primaryimage"},"image":{"@id":"https:\/\/www.perunaltracitta.org\/homepage\/2021\/04\/18\/la-religione-capitalista\/#primaryimage"},"thumbnailUrl":"https:\/\/www.perunaltracitta.org\/wp-content\/uploads\/2021\/04\/unnamed-4.jpg","datePublished":"2021-04-18T11:54:14+00:00","dateModified":"2021-04-20T18:35:39+00:00","breadcrumb":{"@id":"https:\/\/www.perunaltracitta.org\/homepage\/2021\/04\/18\/la-religione-capitalista\/#breadcrumb"},"inLanguage":"it-IT","potentialAction":[{"@type":"ReadAction","target":["https:\/\/www.perunaltracitta.org\/homepage\/2021\/04\/18\/la-religione-capitalista\/"]}]},{"@type":"ImageObject","inLanguage":"it-IT","@id":"https:\/\/www.perunaltracitta.org\/homepage\/2021\/04\/18\/la-religione-capitalista\/#primaryimage","url":"https:\/\/www.perunaltracitta.org\/wp-content\/uploads\/2021\/04\/unnamed-4.jpg","contentUrl":"https:\/\/www.perunaltracitta.org\/wp-content\/uploads\/2021\/04\/unnamed-4.jpg","width":512,"height":342},{"@type":"BreadcrumbList","@id":"https:\/\/www.perunaltracitta.org\/homepage\/2021\/04\/18\/la-religione-capitalista\/#breadcrumb","itemListElement":[{"@type":"ListItem","position":1,"name":"Home","item":"https:\/\/www.perunaltracitta.org\/homepage\/"},{"@type":"ListItem","position":2,"name":"La religione capitalista"}]},{"@type":"WebSite","@id":"https:\/\/www.perunaltracitta.org\/homepage\/#website","url":"https:\/\/www.perunaltracitta.org\/homepage\/","name":"La Citt\u00e0 invisibile | perUnaltracitt\u00e0 | Firenze","description":"Voci oltre il pensiero unico","publisher":{"@id":"https:\/\/www.perunaltracitta.org\/homepage\/#organization"},"potentialAction":[{"@type":"SearchAction","target":{"@type":"EntryPoint","urlTemplate":"https:\/\/www.perunaltracitta.org\/homepage\/?s={search_term_string}"},"query-input":{"@type":"PropertyValueSpecification","valueRequired":true,"valueName":"search_term_string"}}],"inLanguage":"it-IT"},{"@type":"Organization","@id":"https:\/\/www.perunaltracitta.org\/homepage\/#organization","name":"perUnaltracitt\u00e0 - laboratorio politico Firenze","url":"https:\/\/www.perunaltracitta.org\/homepage\/","logo":{"@type":"ImageObject","inLanguage":"it-IT","@id":"https:\/\/www.perunaltracitta.org\/homepage\/#\/schema\/logo\/image\/","url":"https:\/\/www.perunaltracitta.org\/wp-content\/uploads\/2025\/11\/Original-on-Transparent-Copia-af-1.png","contentUrl":"https:\/\/www.perunaltracitta.org\/wp-content\/uploads\/2025\/11\/Original-on-Transparent-Copia-af-1.png","width":600,"height":153,"caption":"perUnaltracitt\u00e0 - laboratorio politico Firenze"},"image":{"@id":"https:\/\/www.perunaltracitta.org\/homepage\/#\/schema\/logo\/image\/"},"sameAs":["https:\/\/www.facebook.com\/perunaltracitta","https:\/\/x.com\/perunaltracitta"]},{"@type":"Person","@id":"https:\/\/www.perunaltracitta.org\/homepage\/#\/schema\/person\/444aaa30f197e649d80fcd8e229faea9","name":"Gilberto Pierazzuoli","image":{"@type":"ImageObject","inLanguage":"it-IT","@id":"https:\/\/www.perunaltracitta.org\/homepage\/#\/schema\/person\/image\/","url":"https:\/\/www.perunaltracitta.org\/wp-content\/uploads\/2017\/11\/gilberto-96x96.jpg","contentUrl":"https:\/\/www.perunaltracitta.org\/wp-content\/uploads\/2017\/11\/gilberto-96x96.jpg","caption":"Gilberto Pierazzuoli"},"description":"Attivista negli anni 70 . Trasforma l'hobby dell'enogastronomia in una professione aprendo forse il primo wine-bar d'Italia che poi si evolve in ristorante. Smette nel 2012, attualmente insegnante precario di lettere e storia in un istituto tecnico. Attivista di perUnaltracitt\u00e0.","url":"https:\/\/www.perunaltracitta.org\/homepage\/author\/gilberto\/"}]}},"uagb_featured_image_src":{"full":["https:\/\/www.perunaltracitta.org\/wp-content\/uploads\/2021\/04\/unnamed-4.jpg",512,342,false],"thumbnail":["https:\/\/www.perunaltracitta.org\/wp-content\/uploads\/2021\/04\/unnamed-4-150x150.jpg",150,150,true],"medium":["https:\/\/www.perunaltracitta.org\/wp-content\/uploads\/2021\/04\/unnamed-4-300x200.jpg",300,200,true],"medium_large":["https:\/\/www.perunaltracitta.org\/wp-content\/uploads\/2021\/04\/unnamed-4.jpg",512,342,false],"large":["https:\/\/www.perunaltracitta.org\/wp-content\/uploads\/2021\/04\/unnamed-4.jpg",512,342,false],"wysija-newsletters-max":["https:\/\/www.perunaltracitta.org\/wp-content\/uploads\/2021\/04\/unnamed-4.jpg",512,342,false],"1536x1536":["https:\/\/www.perunaltracitta.org\/wp-content\/uploads\/2021\/04\/unnamed-4.jpg",512,342,false],"2048x2048":["https:\/\/www.perunaltracitta.org\/wp-content\/uploads\/2021\/04\/unnamed-4.jpg",512,342,false],"mailpoet_newsletter_max":["https:\/\/www.perunaltracitta.org\/wp-content\/uploads\/2021\/04\/unnamed-4.jpg",512,342,false],"yarpp-thumbnail":["https:\/\/www.perunaltracitta.org\/wp-content\/uploads\/2021\/04\/unnamed-4-120x120.jpg",120,120,true]},"uagb_author_info":{"display_name":"Gilberto Pierazzuoli","author_link":"https:\/\/www.perunaltracitta.org\/homepage\/author\/gilberto\/"},"uagb_comment_info":1,"uagb_excerpt":"Per una Critica al Capitalismo Digitale Quello che lega il significato al suo referente non \u00e8 la coerenza razionale del significante; l\u2019intima connessione tra l\u2019oggetto e la sua enunciazione; la sua perfetta coincidenza; dipende invece dalla forza di cui dispone quel soggetto di enunciazione. Il valore della moneta non dipendeva dalla quantit\u00e0 di metallo prezioso&hellip;","_links":{"self":[{"href":"https:\/\/www.perunaltracitta.org\/homepage\/wp-json\/wp\/v2\/posts\/80169","targetHints":{"allow":["GET"]}}],"collection":[{"href":"https:\/\/www.perunaltracitta.org\/homepage\/wp-json\/wp\/v2\/posts"}],"about":[{"href":"https:\/\/www.perunaltracitta.org\/homepage\/wp-json\/wp\/v2\/types\/post"}],"author":[{"embeddable":true,"href":"https:\/\/www.perunaltracitta.org\/homepage\/wp-json\/wp\/v2\/users\/7"}],"replies":[{"embeddable":true,"href":"https:\/\/www.perunaltracitta.org\/homepage\/wp-json\/wp\/v2\/comments?post=80169"}],"version-history":[{"count":6,"href":"https:\/\/www.perunaltracitta.org\/homepage\/wp-json\/wp\/v2\/posts\/80169\/revisions"}],"predecessor-version":[{"id":80248,"href":"https:\/\/www.perunaltracitta.org\/homepage\/wp-json\/wp\/v2\/posts\/80169\/revisions\/80248"}],"wp:featuredmedia":[{"embeddable":true,"href":"https:\/\/www.perunaltracitta.org\/homepage\/wp-json\/wp\/v2\/media\/80172"}],"wp:attachment":[{"href":"https:\/\/www.perunaltracitta.org\/homepage\/wp-json\/wp\/v2\/media?parent=80169"}],"wp:term":[{"taxonomy":"category","embeddable":true,"href":"https:\/\/www.perunaltracitta.org\/homepage\/wp-json\/wp\/v2\/categories?post=80169"},{"taxonomy":"post_tag","embeddable":true,"href":"https:\/\/www.perunaltracitta.org\/homepage\/wp-json\/wp\/v2\/tags?post=80169"}],"curies":[{"name":"wp","href":"https:\/\/api.w.org\/{rel}","templated":true}]}}