{"id":80449,"date":"2021-05-14T14:48:54","date_gmt":"2021-05-14T12:48:54","guid":{"rendered":"https:\/\/www.perunaltracitta.org\/?p=80449"},"modified":"2025-02-05T14:39:11","modified_gmt":"2025-02-05T13:39:11","slug":"il-liberal-e-lhillbilly-tra-buzzurri-e-radical-chic","status":"publish","type":"post","link":"https:\/\/www.perunaltracitta.org\/homepage\/2021\/05\/14\/il-liberal-e-lhillbilly-tra-buzzurri-e-radical-chic\/","title":{"rendered":"Il liberal e l&#8217;hillbilly &#8211; tra buzzurri e radical chic"},"content":{"rendered":"<p>Tutto nasce quando non ti senti pi\u00f9 a casa. \u00c8 una sensazione negativa come la depressione, l\u2019angoscia o la paura. La mancanza di una casa, di un rifugio portano a uno spaesamento, a essere lontano dal <em>paese<\/em> che \u00e8 l\u2019ambito nel quale si trovano le coordinate attraverso cui poter orientarsi. Essere spaesato ha a che fare con il perturbamento con l\u2019<em>Unheimliche <\/em>freudiano dove il non familiare inquieta non perch\u00e9 assolutamente nuovo, desueto, incerto o sconosciuto, ma poich\u00e9 tale estraneit\u00e0 partecipa di una precedente familiarit\u00e0. \u00c8 la sensazione che provano un gruppo di amici all\u2019indomani dell\u2019elezione di Trump alla casa bianca, cos\u00ec ci dice David Leavitt nel suo ultimo libro \u201cIl decoro\u201d la cui traduzione \u00e8 stata pubblicata per Sem nel 2020 e quest\u2019anno nella universale economica di Feltrinelli.<\/p>\n<p><a href=\"https:\/\/www.perunaltracitta.org\/wp-content\/uploads\/2021\/05\/Il-Red-Dress-del-premio-Oscar-Tilda-Swinton-disponibile-in-esclusiva-su-jilsander.com_-650x390-1.jpg\"><img loading=\"lazy\" decoding=\"async\" class=\" wp-image-80450 alignleft\" src=\"https:\/\/www.perunaltracitta.org\/wp-content\/uploads\/2021\/05\/Il-Red-Dress-del-premio-Oscar-Tilda-Swinton-disponibile-in-esclusiva-su-jilsander.com_-650x390-1.jpg\" alt=\"\" width=\"490\" height=\"294\" srcset=\"https:\/\/www.perunaltracitta.org\/wp-content\/uploads\/2021\/05\/Il-Red-Dress-del-premio-Oscar-Tilda-Swinton-disponibile-in-esclusiva-su-jilsander.com_-650x390-1.jpg 650w, https:\/\/www.perunaltracitta.org\/wp-content\/uploads\/2021\/05\/Il-Red-Dress-del-premio-Oscar-Tilda-Swinton-disponibile-in-esclusiva-su-jilsander.com_-650x390-1-300x180.jpg 300w, https:\/\/www.perunaltracitta.org\/wp-content\/uploads\/2021\/05\/Il-Red-Dress-del-premio-Oscar-Tilda-Swinton-disponibile-in-esclusiva-su-jilsander.com_-650x390-1-600x360.jpg 600w\" sizes=\"auto, (max-width: 490px) 100vw, 490px\" \/><\/a>\u00c8 un gruppo appartenente alla ricca borghesia liberal newyorkese che si rifugia in campagna anche per non doversi confrontare con l\u2019euforia del vicino repubblicano della loro ospite, vicino che invece festeggia l\u2019avvenimento. Proprio all\u2019inizio la padrona di casa Eva Lindquist lancia una specie di sfida quando domanda chi \u00e8 disposto a chiedere a Siri come assassinare Trump. Siri, per chi non lo sapesse, \u00e8 l\u2019assistente virtuale della Apple. Ci\u00f2 vuol dire che, proprio per la loro provenienza sociale, probabilmente possiedono tutti un device equipaggiato da questa reificazione di una AI (Intelligenza Artificiale). Vuol dire anche che tutti sanno che Siri ascolta le tue domande, che Siri ti ascolta, che Siri ti spia. Allora \u00e8 come se Eva chiedesse ai suoi ospiti di portare \u2013 almeno a parole \u2013 alle estreme conseguenze la propria opinione politica rendendola nota nella sua criminale manifestazione perch\u00e9 \u00e8 acquisito che Siri non la terr\u00e0 per s\u00e9.<\/p>\n<p>Uno dei fattori della vittoria di Trump \u00ab\u00e8 l\u2019insofferenza per gli eccessi del politicamente corretto, che in America ha largamente oltrepassato ogni soglia del buon senso e del ridicolo. Da questo punto di vista il voto a Trump \u00e8 stato anche un gesto liberatorio [&#8230;] Ma liberazione da che cosa? E liberazione di chi? Liberazione dal marchio di infamia che una parte della societ\u00e0 americana, la parte bassa, sente sopra di s\u00e9. Spiace doverlo ricordare, ma [&#8230;] il politicamente corretto e i suoi derivati sono straordinarie macchine generatrici di distinzione sociale. Servono a definire un sopra e un sotto, un alto e un basso, un \u201cnoi civili\u201d e \u201cvoi barbari\u201d [&#8230;] La trasversalit\u00e0 del voto a Trump, forse, ci segnala proprio questo: che la rivolta contro l\u2019establishment [&#8230;] esprime anche, se non soprattutto, il rifiuto di una parte della societ\u00e0 americana, che non aderisce al credo dei benpensanti del nostro tempo, di essere stigmatizzata per le proprie idee, per i propri sentimenti, per il proprio modo di parlare: \u201cloro adesso la smetteranno di chiamarci ignoranti, bigotti, razzisti, sessisti\u201d, dichiarava dopo la vittoria di Trump un cacciatore, pastore metodista. Una reazione che mostra che, dietro il voto a Trump, c\u2019\u00e8 anche una sorta di richiesta di cittadinanza, di riammissione nel consesso delle persone degne di rispetto. Un consesso che, a quanto pare, negli ultimi anni aveva finito per diventare un po\u2019 troppo esclusivo<em>.\u00bb*<\/em><\/p>\n<p>Per gli elettori di Trump la paura \u00e8 il movente, per i liberal, la paura \u00e8 sullo sfondo. L\u2019angoscia, il perturbamento \u00e8 il presente. Voi liberal<\/p>\n<p>\u00abtrasformate la paura in colpa, vi dite che l\u2019unica ragione per cui la iena vi ha strappato la faccia \u00e8 che gli avete levato i diritti o roba del genere, e che per fare ammenda dovete essere inclusivi, parole testuali, dovete integrare la iena [\u2026] \u00c8 per questo che Trump ha vinto, ne sono convinto: perch\u00e9 le persone che hanno votato per lui sono stufe di questa roba. Dopo tutti questi anni sono al punto in cui hanno pi\u00f9 rabbia che paura.\u00bb<\/p>\n<p>\u00abDa quello che dici sembra che siano solo i liberal ad avere paura.\u00bb \u00abNo, ce l\u2019hanno tutti. La differenza \u00e8 che voi lasciate che sia il vostro principio guida, invece di scegliere la soluzione migliore, che \u00e8 girare armati.\u00bb<\/p>\n<p><a href=\"https:\/\/www.perunaltracitta.org\/wp-content\/uploads\/2021\/05\/IMG_20210514_142749-scaled.jpg\"><img loading=\"lazy\" decoding=\"async\" class=\" wp-image-80451 alignright\" src=\"https:\/\/www.perunaltracitta.org\/wp-content\/uploads\/2021\/05\/IMG_20210514_142749-768x1024.jpg\" alt=\"\" width=\"414\" height=\"552\" srcset=\"https:\/\/www.perunaltracitta.org\/wp-content\/uploads\/2021\/05\/IMG_20210514_142749-768x1024.jpg 768w, https:\/\/www.perunaltracitta.org\/wp-content\/uploads\/2021\/05\/IMG_20210514_142749-225x300.jpg 225w, https:\/\/www.perunaltracitta.org\/wp-content\/uploads\/2021\/05\/IMG_20210514_142749-600x800.jpg 600w, https:\/\/www.perunaltracitta.org\/wp-content\/uploads\/2021\/05\/IMG_20210514_142749-1152x1536.jpg 1152w, https:\/\/www.perunaltracitta.org\/wp-content\/uploads\/2021\/05\/IMG_20210514_142749-1536x2048.jpg 1536w, https:\/\/www.perunaltracitta.org\/wp-content\/uploads\/2021\/05\/IMG_20210514_142749-1320x1760.jpg 1320w, https:\/\/www.perunaltracitta.org\/wp-content\/uploads\/2021\/05\/IMG_20210514_142749-scaled.jpg 1920w\" sizes=\"auto, (max-width: 414px) 100vw, 414px\" \/><\/a>\u00abDonald Trump \u00e8 riuscito a presentarsi come un miliardario dall\u2019immagine pubblica working class, ed \u00e8 per questo che i suoi seguaci possono immedesimarsi in lui. Aggrappati al mito americano della mobilit\u00e0, riescono a immaginarsi ricchi. Al contrario non riescono a immaginarsi in possesso di un\u2019istruzione d\u2019eccellenza, poich\u00e9 questa a ragione li priverebbe della loro identit\u00e0 di classe. Per loro \u00e8 pi\u00f9 facile pensarsi nella Trump Tower che nella torre d\u2019avorio. A causa di Trump, il concetto di \u00e9lite culturale ha iniziato a configurarsi come problema politico, affiancando e persino superando il problema delle disuguaglianze economiche.\u00bb (Bolter, p. 18)<\/p>\n<p>L\u2019elezione di Trump ha fatto sentire fuori casa il nostro gruppo di amici. Il romanzo \u00e8 infatti nell\u2019edizione originale intitolato \u201cshelter in place\u201d che si pu\u00f2 tradurre in italiano con rifugio, tana, un qualcosa di pi\u00f9 di una semplice abitazione astratta, un posto dove sentirsi al sicuro. Un po\u2019 come chez moi in francese, quel <em>presso di me<\/em> che \u00e8 pi\u00f9 inclusivo della locuzione italiana \u201ca casa mia\u201d. Ecco che, da subito, ci possiamo chiedere il senso della traduzione italiana per la quale \u201cshelter in place\u201d diviene \u201cil decoro\u201d. Con questa domanda in testa proseguiamo la lettura, indipendentemente da chi dice cosa a chi.<\/p>\n<p>\u00abVedi, prima di incontrarmi, non si era mai sentita al sicuro, davvero al sicuro, io volevo darle proprio quello\u00bb<\/p>\n<p>\u00abPrima di incontrare me, Eva non aveva mai saputo cosa volesse dire avere un terreno solido sotto i piedi\u00bb.<\/p>\n<p>\u00abPer le coppie gay moderne, un rapporto a tre sia la soluzione ideale al problema della tra-virgolette monogamia, perch\u00e9 permette di fare sesso con altri senza essere sleali l\u2019uno con l\u2019altro.\u00bb<\/p>\n<p>Si gioca con la trasgressione senza farla uscire da un ambito convenzionale. Si tiene tutto dentro al rapporto facendo attenzione a quella \u00abcondivisione eccessiva\u00bb che invece di rinsaldare i rapporti li mette in crisi.<\/p>\n<p>Spesso la <em>shelter in place<\/em> non \u00e8 sempre la casa intesa come edificio: \u00abLa casa dovrebbe essere il posto dove uno si rilassa dopo il lavoro. Per me il lavoro \u00e8 dove mi rilasso dopo essere stato a casa\u00bb.<\/p>\n<p>\u00abLei [Eva] cerca qualcosa di diverso. Una specie di sicurezza. Secondo me quel posto a Venezia per lei \u00e8 una specie di bunker. Un lussuoso rifugio antiaereo, o una stanza anti panico.\u00bb<\/p>\n<p>Ecco che lo <em>shelter in place<\/em> del titolo comincia a prendere consistenza.<\/p>\n<p>&nbsp;\u00abOppure vuoi dire che lo vede come un posto dove sentirsi a casa?\u00bb<\/p>\n<p>\u00abQuando vide il pacco di fusilli sul bancone, l\u2019acqua che bolliva in una pentola e la salsa di pomodoro in un\u2019altra, gli venne l\u2019acquolina in bocca. Si sent\u00ec a casa.\u00bb<\/p>\n<p>&nbsp;Ma cosa pensa il terribile vicino di Eva?<\/p>\n<p>\u00abTua moglie crede che noi siamo il male. Be\u2019, noi lo pensiamo di lei. Di Hillary, voglio dire.\u00bb<\/p>\n<p><a href=\"https:\/\/www.perunaltracitta.org\/wp-content\/uploads\/2021\/05\/moonshine20defboek.jpg\"><img loading=\"lazy\" decoding=\"async\" class=\" wp-image-80452 alignleft\" src=\"https:\/\/www.perunaltracitta.org\/wp-content\/uploads\/2021\/05\/moonshine20defboek-1024x684.jpg\" alt=\"\" width=\"421\" height=\"281\" srcset=\"https:\/\/www.perunaltracitta.org\/wp-content\/uploads\/2021\/05\/moonshine20defboek-1024x684.jpg 1024w, https:\/\/www.perunaltracitta.org\/wp-content\/uploads\/2021\/05\/moonshine20defboek-300x200.jpg 300w, https:\/\/www.perunaltracitta.org\/wp-content\/uploads\/2021\/05\/moonshine20defboek-768x513.jpg 768w, https:\/\/www.perunaltracitta.org\/wp-content\/uploads\/2021\/05\/moonshine20defboek-600x401.jpg 600w, https:\/\/www.perunaltracitta.org\/wp-content\/uploads\/2021\/05\/moonshine20defboek.jpg 1063w\" sizes=\"auto, (max-width: 421px) 100vw, 421px\" \/><\/a>Ma il voto per Trump non era un voto contro la candidata democratica, era il risultato di un processo di immedesimazione. Qualcosa che funziona come la letteratura. La letteratura funziona a sua volta nella misura per la quale ci sono personaggi in cui ci piace immedesimarci. Ma non perch\u00e9 sono semplicemente simili a te. Certo una somiglianza aiuta, ma non \u00e8 indispensabile. Quello che conta \u00e8 che ti vengano raccontati mettendo in luce cose che avevi sempre pensato ma che non avevi mai messo a fuoco.<\/p>\n<p>\u00abIn effetti sono stato da subito per Trump. All\u2019inizio non lo dicevo. Voglio dire, anche con i miei amici repubblicani, quando la questione veniva fuori, dicevo che non avevo ancora deciso, oppure che volevo vedere come andavano i dibattiti [\u2026] Voglio dire, certo \u00e8 rozzo, ma almeno \u00e8 un rozzo dei nostri\u00bb.<\/p>\n<p>Conta che a un certo punto venga fuori un riconoscimento.<\/p>\n<p>\u00abL\u2019appartamento della signora Mortimer \u00e8 un po\u2019\u2026 be\u2019, un po\u2019 <em>troppo<\/em> decorato. Sembra quello di mia nonna a Malabar Hill. Va messo un po\u2019 in disordine. Oppure bisogna togliere qualcosa.\u00bb<\/p>\n<p>E qui viene fuori in maniera ancora intuitiva il rapporto tra decoro e ordine anche se poi, per sentirsi a casa, bisogna che l\u2019ordine non si sovrapponga alle tue tracce. Ma andiamo avanti.<\/p>\n<p>\u00abQuesta storia del \u201cbranco di gente deprecabile\u201d, per esempio \u2013 fa vedere che [Hilary] \u00e8 una snob e un\u2019ipocrita. Tutte le \u00e9lite della costa lo sono, con quel loro insistere sul riparare le ingiustizie storiche nei confronti dei neri, degli ispanici, delle donne. Poi per\u00f2 su quelle contro i maschi bianchi poveri, silenzio stampa.\u00bb<\/p>\n<p><a href=\"https:\/\/www.perunaltracitta.org\/wp-content\/uploads\/2021\/05\/AAAABdmzyfDPcs9bn1glb1GZzcGTHXFYn170fy29H7eWD5nV54oAqnjzQvkmB9GkurG-WuaWNSM2sTLy_8hfB-EGaBa7af9i.jpg\"><img loading=\"lazy\" decoding=\"async\" class=\" wp-image-80453 alignright\" src=\"https:\/\/www.perunaltracitta.org\/wp-content\/uploads\/2021\/05\/AAAABdmzyfDPcs9bn1glb1GZzcGTHXFYn170fy29H7eWD5nV54oAqnjzQvkmB9GkurG-WuaWNSM2sTLy_8hfB-EGaBa7af9i-1024x576.jpg\" alt=\"\" width=\"461\" height=\"259\" srcset=\"https:\/\/www.perunaltracitta.org\/wp-content\/uploads\/2021\/05\/AAAABdmzyfDPcs9bn1glb1GZzcGTHXFYn170fy29H7eWD5nV54oAqnjzQvkmB9GkurG-WuaWNSM2sTLy_8hfB-EGaBa7af9i-1024x576.jpg 1024w, https:\/\/www.perunaltracitta.org\/wp-content\/uploads\/2021\/05\/AAAABdmzyfDPcs9bn1glb1GZzcGTHXFYn170fy29H7eWD5nV54oAqnjzQvkmB9GkurG-WuaWNSM2sTLy_8hfB-EGaBa7af9i-300x169.jpg 300w, https:\/\/www.perunaltracitta.org\/wp-content\/uploads\/2021\/05\/AAAABdmzyfDPcs9bn1glb1GZzcGTHXFYn170fy29H7eWD5nV54oAqnjzQvkmB9GkurG-WuaWNSM2sTLy_8hfB-EGaBa7af9i-768x432.jpg 768w, https:\/\/www.perunaltracitta.org\/wp-content\/uploads\/2021\/05\/AAAABdmzyfDPcs9bn1glb1GZzcGTHXFYn170fy29H7eWD5nV54oAqnjzQvkmB9GkurG-WuaWNSM2sTLy_8hfB-EGaBa7af9i-600x338.jpg 600w, https:\/\/www.perunaltracitta.org\/wp-content\/uploads\/2021\/05\/AAAABdmzyfDPcs9bn1glb1GZzcGTHXFYn170fy29H7eWD5nV54oAqnjzQvkmB9GkurG-WuaWNSM2sTLy_8hfB-EGaBa7af9i.jpg 1280w\" sizes=\"auto, (max-width: 461px) 100vw, 461px\" \/><\/a>I maschi bianchi poveri e spesso ignoranti (se poi, in particolare, li si confronta con le \u00e9lite della costa) che hanno quel tratto deprecabile del buzzurro, dello <em>hillbilly<\/em> che rimanda ad un altro romanzo americano quel Hillbilly Elegy di J.D. Vance divenuto in italiano \u201cElegia americana\u201d a celebrare l\u2019estensione a tutta la nazione dell\u2019attributo. Un libro di memorie a bassa tiratura che insieme a Trump scala inaspettatamente le classifiche sino a toccare il milione di copie, trasformando il suo autore in un\u2019autorit\u00e0 politica. E quei tratti pensati personali della sua storia, che diventano invece paradigmatici di una situazione sociale, quella dei <a href=\"https:\/\/it.wikipedia.org\/wiki\/Redneck\">rednecks<\/a>, collottole rosse, della <a href=\"https:\/\/it.wikipedia.org\/wiki\/White_trash\">white trash<\/a>, spazzatura bianca, della \u201cgente di collina\u201d, hillbilly, appunto. Adesso le statistiche mostrano che i morti per overdose della <a href=\"https:\/\/it.wikipedia.org\/wiki\/Rust_Belt\">Rust Belt<\/a> superano quelli da armi da fuoco tanto da fare, per la prima volta, abbassare l\u2019aspettativa di vita americana, rendendo cos\u00ec omaggio alla dipendenza da oppiacei della madre. Poi in ossequio alle strutture narrative canoniche, il climax, che conduce il racconto verso la catarsi sociale che caratterizza il mito americano. Padre alcolizzato e violento, madre tossicodipendente, allevato dai nonni che poi coincidono con la nonna, poi dai marines che lo portano per quattro anni in Iraq, il ritorno in patria, lo studio a Yale pi\u00f9 volte posticipato, che lo conduce per\u00f2 nel finale alla laurea. E finalmente un <em>venture capitalist<\/em> che celebra le sue origini e il popolo a cui appartiene. Questa storia cos\u00ec incredibilmente congegnata non poteva non attrarre l\u2019attenzione di uno dei registi che insieme a Klint Eastwood ha da sempre cercato di raccontare l\u2019americanit\u00e0 dell\u2019America. Ron Howard ha infatti diretto il film omonimo, trovando una biografia reale a supporto della sceneggiatura, per un\u2019opera che rispecchia non tanto un pensiero in s\u00e9 conservatore, almeno non soltanto, quanto uno sguardo nonostante tutto affettuoso per la nazione di appartenenza.<\/p>\n<p>Le vicende di J.D. con la propensione allo studio nella prospettiva di una promozione sociale realizzata, ricalcano in parte e con i dovuti adeguamenti al cambiamento d\u2019epoca, quelle di quella forma ossimorica di <em>neorealismo immaginario<\/em> del cinema americano appena uscito dalla seconda guerra mondiale, messa in atto da Frank Capra che nel 1946 racconta la storia di George Bailey nel film \u201cLa vita \u00e8 meravigliosa\u201d. Dove anche a James Stewart (il signor Bailey) le vicende familiari impediscono di studiare ma non di riuscire a catalizzare intorno a s\u00e9 quelle forme di solidariet\u00e0 sociale impensabili oggi come attributi di una attivit\u00e0 sociale \u2013 quella di una <em>finanziaria delle costruzioni<\/em> &#8211; che portano comunque all\u2019happy end.<\/p>\n<p>L\u2019emersione dell\u2019hillbilly \u00e8 una forma di rivolta contro le \u00e9lite in generale, ma in particolare contro l\u2019elitarismo intellettuale, quello del politicamente corretto. \u00c8 la denuncia di un complotto, il disvelamento di un dispositivo di controllo:<\/p>\n<figure id=\"attachment_80454\" aria-describedby=\"caption-attachment-80454\" style=\"width: 425px\" class=\"wp-caption alignleft\"><a href=\"https:\/\/www.perunaltracitta.org\/wp-content\/uploads\/2021\/05\/0629-By-the-Book-superJumbo-v2.jpg\"><img loading=\"lazy\" decoding=\"async\" class=\" wp-image-80454\" src=\"https:\/\/www.perunaltracitta.org\/wp-content\/uploads\/2021\/05\/0629-By-the-Book-superJumbo-v2-760x1024.jpg\" alt=\"\" width=\"425\" height=\"573\" srcset=\"https:\/\/www.perunaltracitta.org\/wp-content\/uploads\/2021\/05\/0629-By-the-Book-superJumbo-v2-760x1024.jpg 760w, https:\/\/www.perunaltracitta.org\/wp-content\/uploads\/2021\/05\/0629-By-the-Book-superJumbo-v2-223x300.jpg 223w, https:\/\/www.perunaltracitta.org\/wp-content\/uploads\/2021\/05\/0629-By-the-Book-superJumbo-v2-768x1035.jpg 768w, https:\/\/www.perunaltracitta.org\/wp-content\/uploads\/2021\/05\/0629-By-the-Book-superJumbo-v2-600x808.jpg 600w, https:\/\/www.perunaltracitta.org\/wp-content\/uploads\/2021\/05\/0629-By-the-Book-superJumbo-v2-1140x1536.jpg 1140w, https:\/\/www.perunaltracitta.org\/wp-content\/uploads\/2021\/05\/0629-By-the-Book-superJumbo-v2-1320x1779.jpg 1320w, https:\/\/www.perunaltracitta.org\/wp-content\/uploads\/2021\/05\/0629-By-the-Book-superJumbo-v2.jpg 1520w\" sizes=\"auto, (max-width: 425px) 100vw, 425px\" \/><\/a><figcaption id=\"caption-attachment-80454\" class=\"wp-caption-text\">David Leavitt<\/figcaption><\/figure>\n<p>\u00abGuardate un mucchio di cosiddetti analisti seduti intorno al tavolo, ognuno con la sua tazza di caff\u00e8 vuota, mentre si compiacciono di essere tutti d\u2019accordo fra di loro? Le notizie non sono pi\u00f9 le stesse, \u00e8 soltanto tronfio opinionismo, il cui fine \u00e8 quello di farci stare in ansia, perch\u00e9 quella gente, quei giornalisti, persino la tua amata Rachel Maddow, sanno che fino a quando ci faranno penzolare una carota davanti al naso, riusciranno a tenerci in trappola.\u00bb<\/p>\n<p>L\u2019opposizione hillbilly vs \u00e9lite intellettuale liberal \u00e8 quella che in gastronomia si instaura tra le costine di maiale e quelle di manzo. Quelle di maiale sono pi\u00f9 buone ma sono una scelta troppo estrema, financo cafona, quelle di manzo sono segno egualmente di un cedimento al corporeo, ma pi\u00f9 morigerate. \u00c8 \u00abla differenza fondamentale tra <em>plaisir<\/em> e <em>jouissance<\/em>, l\u2019ingannevolmente benefico e l\u2019autenticamente molesto, <a href=\"https:\/\/www.perunaltracitta.org\/2019\/09\/03\/la-collina-delle-farfalle\/\">Barbara Kingsolver<\/a> e, non so, Beckett o Proust.\u00bb \u00abCosa c\u2019\u00e8 che non va in Barbara Kingsolver?\u00bb chiese allora Eva. \u00ab\u00c8 l\u2019incarnazione del pietismo liberal pi\u00f9 conformista e tendenzioso. I suoi romanzi sono le costine di manzo della narrativa.\u00bb<\/p>\n<p>Sentirsi a casa, allentare l\u2019allerta dei sensi. Potersi infine addormentare. Il sonno \u00e8 l\u2019ultimo lusso. \u00c8 una moda che scalza l\u2019iperattivismo della modernit\u00e0.<\/p>\n<p>\u00abPablo immaginava quel letto come una barca, un\u2019arca che, al crescere delle acque del diluvio, li sollevava con dolcezza e li portava nei nuovi mari.\u00bb<\/p>\n<p>\u00ab\u00c8 buffo perch\u00e9 non esiste un posto in cui io dorma peggio che nel mio letto, probabilmente perch\u00e9 quando sono nel mio letto mi preoccupo sempre perch\u00e9 forse \u00e8 il momento di cambiare\u00bb questo o quello. Nel letto degli altri sono deresponsabilizzato. \u00abSperavo che dopo tutti questi anni sareste arrivati a considerare questa come la vostra casa lontano da casa.\u00bb \u00abQuello che non capisco \u00e8 ci\u00f2 che la gente intende quando parla di casa.\u00bb \u00abLa casa \u00e8 dove ti senti\u2026 a casa.\u00bb \u00ab\u00c8 stato un giorno triste quello in cui abbiamo dovuto mettere la nonna in una casa.\u00bb \u00abNoi, la maggioranza delle persone su questo pianeta, non ci sentiamo mai al sicuro e non ci sentiamo mai liberi. Ci sentiamo soltanto spaventati.\u00bb<\/p>\n<p>\u00ab\u00c8 buffo, per la maggior parte della mia vita c\u2019\u00e8 sempre stata una sola cosa su cui non avevo dubbi: le buone maniere, il modo di comportarmi.\u00bb<\/p>\n<p>In sintesi, l\u2019arredo, perch\u00e9 di questo si parla, \u00e8 soltanto un fatto decorativo, una sovrastruttura dell\u2019abitare. Sentirsi a casa non ha niente di definitivo. Il perturbamento \u00e8 allora trovare con chi abitare il rifugio. \u00c8 superare la paura perch\u00e9 non si \u00e8 mai definitivamente a casa. Venezia \u00e8 allora la rivelazione: \u00able fondamenta stesse della citt\u00e0 \u2013 sono un\u2019illusione. Sono le illusioni a sostenerla e di tutte le illusioni, la pi\u00f9 potente potrebbe essere quella di pensare che la citt\u00e0 durer\u00e0 davvero.\u00bb<\/p>\n<p>La rivolta cova nelle periferie, in quelle globali e in quelle locali, in quelle urbane e nel &#8220;terzo mondo&#8221;.&nbsp; La rivolta delle periferie occidentali non ha per\u00f2 contenuti di classe ma di &#8220;censo&#8221;, una rivolta contro le \u00e9lite, contro il perbenismo borghese che fa presto a prendere dei connotati politicamente scorretti, l\u00e0 dove certa sinistra dei paesi occidentali \u00e8 quella che invece si identifica con il politicamente corretto. La rivolta, questa volta ha votato per Trump.<\/p>\n<p>____________________________<\/p>\n<p>David Leavitt, <em>Il decoro<\/em>, Feltrinelli, Milano 2021, pp. 350, venduto a prezzo speciale tra \u20ac 0 e 5.00.<\/p>\n<p>Elegia americana il romanzo: J.D. Vance, <em>Elegia americana<\/em>, Garzanti, Milano 2020, pp. 264, \u20ac 14.00<\/p>\n<p><a href=\"https:\/\/it.wikipedia.org\/wiki\/Elegia_americana\">Elegia americana<\/a>, il film<\/p>\n<p><strong>Altri rimandi bibliografici:<\/strong><\/p>\n<p>*http:\/\/www.ilsole24ore.com\/art\/commenti-e-idee\/2016-11-13\/in-quel-voto-liberatorio-waterloo-politicamente-corretto-102134.shtml?uuid=AD2jXWuB<\/p>\n<p>Jay David Bolter, <em>Plenitudine digitale. Il declino della cultura d\u2019\u00e9lite e lo scenario contemporaneo dei media<\/em>, minimun fax, Roma 2020<\/p>\n<p style=\"text-align: right;\"><strong>Gilberto Pierazzuoli<\/strong><\/p>\n","protected":false},"excerpt":{"rendered":"<p>Tutto nasce quando non ti senti pi\u00f9 a casa. \u00c8 una sensazione negativa come la depressione, l\u2019angoscia o la paura. La mancanza di una casa, di un rifugio portano a uno spaesamento, a essere lontano dal paese che \u00e8 l\u2019ambito nel quale si trovano le coordinate attraverso cui poter orientarsi. Essere spaesato ha a che &hellip;<\/p>\n<p class=\"read-more\"> <a class=\"\" href=\"https:\/\/www.perunaltracitta.org\/homepage\/2021\/05\/14\/il-liberal-e-lhillbilly-tra-buzzurri-e-radical-chic\/\"> <span class=\"screen-reader-text\">Il liberal e l&#8217;hillbilly &#8211; tra buzzurri e radical chic<\/span> Leggi altro &raquo;<\/a><\/p>\n","protected":false},"author":7,"featured_media":80453,"comment_status":"open","ping_status":"open","sticky":false,"template":"","format":"standard","meta":{"_uag_custom_page_level_css":"","site-sidebar-layout":"default","site-content-layout":"default","ast-global-header-display":"","ast-main-header-display":"","ast-hfb-above-header-display":"","ast-hfb-below-header-display":"","ast-hfb-mobile-header-display":"","site-post-title":"","ast-breadcrumbs-content":"","ast-featured-img":"","footer-sml-layout":"","theme-transparent-header-meta":"","adv-header-id-meta":"","stick-header-meta":"","header-above-stick-meta":"","header-main-stick-meta":"","header-below-stick-meta":"","footnotes":""},"categories":[44],"tags":[3767,396,3768,3769,3766,2746,1183],"class_list":["post-80449","post","type-post","status-publish","format-standard","has-post-thumbnail","hentry","category-killbilly","tag-david-leavitt","tag-diritti-civili","tag-glenn-close","tag-hillbilly","tag-jd-vance","tag-recensioni","tag-trump"],"yoast_head":"<!-- This site is optimized with the Yoast SEO plugin v25.1 - https:\/\/yoast.com\/wordpress\/plugins\/seo\/ -->\n<title>Il liberal e l&#039;hillbilly - tra buzzurri e radical chic - La Citt\u00e0 invisibile | perUnaltracitt\u00e0 | Firenze<\/title>\n<meta name=\"robots\" content=\"index, follow, max-snippet:-1, max-image-preview:large, max-video-preview:-1\" \/>\n<link rel=\"canonical\" href=\"https:\/\/www.perunaltracitta.org\/homepage\/2021\/05\/14\/il-liberal-e-lhillbilly-tra-buzzurri-e-radical-chic\/\" \/>\n<meta property=\"og:locale\" content=\"it_IT\" \/>\n<meta property=\"og:type\" content=\"article\" \/>\n<meta property=\"og:title\" content=\"Il liberal e l&#039;hillbilly - tra buzzurri e radical chic - La Citt\u00e0 invisibile | perUnaltracitt\u00e0 | Firenze\" \/>\n<meta property=\"og:description\" content=\"Tutto nasce quando non ti senti pi\u00f9 a casa. \u00c8 una sensazione negativa come la depressione, l\u2019angoscia o la paura. La mancanza di una casa, di un rifugio portano a uno spaesamento, a essere lontano dal paese che \u00e8 l\u2019ambito nel quale si trovano le coordinate attraverso cui poter orientarsi. Essere spaesato ha a che &hellip; Il liberal e l&#8217;hillbilly &#8211; tra buzzurri e radical chic Leggi altro &raquo;\" \/>\n<meta property=\"og:url\" content=\"https:\/\/www.perunaltracitta.org\/homepage\/2021\/05\/14\/il-liberal-e-lhillbilly-tra-buzzurri-e-radical-chic\/\" \/>\n<meta property=\"og:site_name\" content=\"La Citt\u00e0 invisibile | perUnaltracitt\u00e0 | Firenze\" \/>\n<meta property=\"article:publisher\" content=\"https:\/\/www.facebook.com\/perunaltracitta\" \/>\n<meta property=\"article:published_time\" content=\"2021-05-14T12:48:54+00:00\" \/>\n<meta property=\"article:modified_time\" content=\"2025-02-05T13:39:11+00:00\" \/>\n<meta property=\"og:image\" content=\"https:\/\/www.perunaltracitta.org\/wp-content\/uploads\/2021\/05\/AAAABdmzyfDPcs9bn1glb1GZzcGTHXFYn170fy29H7eWD5nV54oAqnjzQvkmB9GkurG-WuaWNSM2sTLy_8hfB-EGaBa7af9i.jpg\" \/>\n\t<meta property=\"og:image:width\" content=\"1280\" \/>\n\t<meta property=\"og:image:height\" content=\"720\" \/>\n\t<meta property=\"og:image:type\" content=\"image\/jpeg\" \/>\n<meta name=\"author\" content=\"Gilberto Pierazzuoli\" \/>\n<meta name=\"twitter:card\" content=\"summary_large_image\" \/>\n<meta name=\"twitter:creator\" content=\"@perunaltracitta\" \/>\n<meta name=\"twitter:site\" content=\"@perunaltracitta\" \/>\n<meta name=\"twitter:label1\" content=\"Scritto da\" \/>\n\t<meta name=\"twitter:data1\" content=\"Gilberto Pierazzuoli\" \/>\n\t<meta name=\"twitter:label2\" content=\"Tempo di lettura stimato\" \/>\n\t<meta name=\"twitter:data2\" content=\"12 minuti\" \/>\n<script type=\"application\/ld+json\" class=\"yoast-schema-graph\">{\"@context\":\"https:\/\/schema.org\",\"@graph\":[{\"@type\":\"Article\",\"@id\":\"https:\/\/www.perunaltracitta.org\/homepage\/2021\/05\/14\/il-liberal-e-lhillbilly-tra-buzzurri-e-radical-chic\/#article\",\"isPartOf\":{\"@id\":\"https:\/\/www.perunaltracitta.org\/homepage\/2021\/05\/14\/il-liberal-e-lhillbilly-tra-buzzurri-e-radical-chic\/\"},\"author\":{\"name\":\"Gilberto Pierazzuoli\",\"@id\":\"https:\/\/www.perunaltracitta.org\/homepage\/#\/schema\/person\/444aaa30f197e649d80fcd8e229faea9\"},\"headline\":\"Il liberal e l&#8217;hillbilly &#8211; tra buzzurri e radical chic\",\"datePublished\":\"2021-05-14T12:48:54+00:00\",\"dateModified\":\"2025-02-05T13:39:11+00:00\",\"mainEntityOfPage\":{\"@id\":\"https:\/\/www.perunaltracitta.org\/homepage\/2021\/05\/14\/il-liberal-e-lhillbilly-tra-buzzurri-e-radical-chic\/\"},\"wordCount\":2447,\"commentCount\":0,\"publisher\":{\"@id\":\"https:\/\/www.perunaltracitta.org\/homepage\/#organization\"},\"image\":{\"@id\":\"https:\/\/www.perunaltracitta.org\/homepage\/2021\/05\/14\/il-liberal-e-lhillbilly-tra-buzzurri-e-radical-chic\/#primaryimage\"},\"thumbnailUrl\":\"https:\/\/www.perunaltracitta.org\/wp-content\/uploads\/2021\/05\/AAAABdmzyfDPcs9bn1glb1GZzcGTHXFYn170fy29H7eWD5nV54oAqnjzQvkmB9GkurG-WuaWNSM2sTLy_8hfB-EGaBa7af9i.jpg\",\"keywords\":[\"David Leavitt\",\"diritti civili\",\"Glenn Close\",\"Hillbilly\",\"JD Vance\",\"recensioni\",\"trump\"],\"articleSection\":[\"Kill Billy\"],\"inLanguage\":\"it-IT\",\"potentialAction\":[{\"@type\":\"CommentAction\",\"name\":\"Comment\",\"target\":[\"https:\/\/www.perunaltracitta.org\/homepage\/2021\/05\/14\/il-liberal-e-lhillbilly-tra-buzzurri-e-radical-chic\/#respond\"]}]},{\"@type\":\"WebPage\",\"@id\":\"https:\/\/www.perunaltracitta.org\/homepage\/2021\/05\/14\/il-liberal-e-lhillbilly-tra-buzzurri-e-radical-chic\/\",\"url\":\"https:\/\/www.perunaltracitta.org\/homepage\/2021\/05\/14\/il-liberal-e-lhillbilly-tra-buzzurri-e-radical-chic\/\",\"name\":\"Il liberal e l'hillbilly - tra buzzurri e radical chic - La Citt\u00e0 invisibile | perUnaltracitt\u00e0 | Firenze\",\"isPartOf\":{\"@id\":\"https:\/\/www.perunaltracitta.org\/homepage\/#website\"},\"primaryImageOfPage\":{\"@id\":\"https:\/\/www.perunaltracitta.org\/homepage\/2021\/05\/14\/il-liberal-e-lhillbilly-tra-buzzurri-e-radical-chic\/#primaryimage\"},\"image\":{\"@id\":\"https:\/\/www.perunaltracitta.org\/homepage\/2021\/05\/14\/il-liberal-e-lhillbilly-tra-buzzurri-e-radical-chic\/#primaryimage\"},\"thumbnailUrl\":\"https:\/\/www.perunaltracitta.org\/wp-content\/uploads\/2021\/05\/AAAABdmzyfDPcs9bn1glb1GZzcGTHXFYn170fy29H7eWD5nV54oAqnjzQvkmB9GkurG-WuaWNSM2sTLy_8hfB-EGaBa7af9i.jpg\",\"datePublished\":\"2021-05-14T12:48:54+00:00\",\"dateModified\":\"2025-02-05T13:39:11+00:00\",\"breadcrumb\":{\"@id\":\"https:\/\/www.perunaltracitta.org\/homepage\/2021\/05\/14\/il-liberal-e-lhillbilly-tra-buzzurri-e-radical-chic\/#breadcrumb\"},\"inLanguage\":\"it-IT\",\"potentialAction\":[{\"@type\":\"ReadAction\",\"target\":[\"https:\/\/www.perunaltracitta.org\/homepage\/2021\/05\/14\/il-liberal-e-lhillbilly-tra-buzzurri-e-radical-chic\/\"]}]},{\"@type\":\"ImageObject\",\"inLanguage\":\"it-IT\",\"@id\":\"https:\/\/www.perunaltracitta.org\/homepage\/2021\/05\/14\/il-liberal-e-lhillbilly-tra-buzzurri-e-radical-chic\/#primaryimage\",\"url\":\"https:\/\/www.perunaltracitta.org\/wp-content\/uploads\/2021\/05\/AAAABdmzyfDPcs9bn1glb1GZzcGTHXFYn170fy29H7eWD5nV54oAqnjzQvkmB9GkurG-WuaWNSM2sTLy_8hfB-EGaBa7af9i.jpg\",\"contentUrl\":\"https:\/\/www.perunaltracitta.org\/wp-content\/uploads\/2021\/05\/AAAABdmzyfDPcs9bn1glb1GZzcGTHXFYn170fy29H7eWD5nV54oAqnjzQvkmB9GkurG-WuaWNSM2sTLy_8hfB-EGaBa7af9i.jpg\",\"width\":1280,\"height\":720},{\"@type\":\"BreadcrumbList\",\"@id\":\"https:\/\/www.perunaltracitta.org\/homepage\/2021\/05\/14\/il-liberal-e-lhillbilly-tra-buzzurri-e-radical-chic\/#breadcrumb\",\"itemListElement\":[{\"@type\":\"ListItem\",\"position\":1,\"name\":\"Home\",\"item\":\"https:\/\/www.perunaltracitta.org\/homepage\/\"},{\"@type\":\"ListItem\",\"position\":2,\"name\":\"Il liberal e l&#8217;hillbilly &#8211; tra buzzurri e radical chic\"}]},{\"@type\":\"WebSite\",\"@id\":\"https:\/\/www.perunaltracitta.org\/homepage\/#website\",\"url\":\"https:\/\/www.perunaltracitta.org\/homepage\/\",\"name\":\"La Citt\u00e0 invisibile | perUnaltracitt\u00e0 | Firenze\",\"description\":\"Voci oltre il pensiero unico\",\"publisher\":{\"@id\":\"https:\/\/www.perunaltracitta.org\/homepage\/#organization\"},\"potentialAction\":[{\"@type\":\"SearchAction\",\"target\":{\"@type\":\"EntryPoint\",\"urlTemplate\":\"https:\/\/www.perunaltracitta.org\/homepage\/?s={search_term_string}\"},\"query-input\":{\"@type\":\"PropertyValueSpecification\",\"valueRequired\":true,\"valueName\":\"search_term_string\"}}],\"inLanguage\":\"it-IT\"},{\"@type\":\"Organization\",\"@id\":\"https:\/\/www.perunaltracitta.org\/homepage\/#organization\",\"name\":\"perUnaltracitt\u00e0 - laboratorio politico Firenze\",\"url\":\"https:\/\/www.perunaltracitta.org\/homepage\/\",\"logo\":{\"@type\":\"ImageObject\",\"inLanguage\":\"it-IT\",\"@id\":\"https:\/\/www.perunaltracitta.org\/homepage\/#\/schema\/logo\/image\/\",\"url\":\"https:\/\/www.perunaltracitta.org\/wp-content\/uploads\/2025\/11\/Original-on-Transparent-Copia-af-1.png\",\"contentUrl\":\"https:\/\/www.perunaltracitta.org\/wp-content\/uploads\/2025\/11\/Original-on-Transparent-Copia-af-1.png\",\"width\":600,\"height\":153,\"caption\":\"perUnaltracitt\u00e0 - laboratorio politico Firenze\"},\"image\":{\"@id\":\"https:\/\/www.perunaltracitta.org\/homepage\/#\/schema\/logo\/image\/\"},\"sameAs\":[\"https:\/\/www.facebook.com\/perunaltracitta\",\"https:\/\/x.com\/perunaltracitta\"]},{\"@type\":\"Person\",\"@id\":\"https:\/\/www.perunaltracitta.org\/homepage\/#\/schema\/person\/444aaa30f197e649d80fcd8e229faea9\",\"name\":\"Gilberto Pierazzuoli\",\"image\":{\"@type\":\"ImageObject\",\"inLanguage\":\"it-IT\",\"@id\":\"https:\/\/www.perunaltracitta.org\/homepage\/#\/schema\/person\/image\/\",\"url\":\"https:\/\/www.perunaltracitta.org\/wp-content\/uploads\/2017\/11\/gilberto-96x96.jpg\",\"contentUrl\":\"https:\/\/www.perunaltracitta.org\/wp-content\/uploads\/2017\/11\/gilberto-96x96.jpg\",\"caption\":\"Gilberto Pierazzuoli\"},\"description\":\"Attivista negli anni 70 . Trasforma l'hobby dell'enogastronomia in una professione aprendo forse il primo wine-bar d'Italia che poi si evolve in ristorante. Smette nel 2012, attualmente insegnante precario di lettere e storia in un istituto tecnico. Attivista di perUnaltracitt\u00e0.\",\"url\":\"https:\/\/www.perunaltracitta.org\/homepage\/author\/gilberto\/\"}]}<\/script>\n<!-- \/ Yoast SEO plugin. -->","yoast_head_json":{"title":"Il liberal e l'hillbilly - tra buzzurri e radical chic - La Citt\u00e0 invisibile | perUnaltracitt\u00e0 | Firenze","robots":{"index":"index","follow":"follow","max-snippet":"max-snippet:-1","max-image-preview":"max-image-preview:large","max-video-preview":"max-video-preview:-1"},"canonical":"https:\/\/www.perunaltracitta.org\/homepage\/2021\/05\/14\/il-liberal-e-lhillbilly-tra-buzzurri-e-radical-chic\/","og_locale":"it_IT","og_type":"article","og_title":"Il liberal e l'hillbilly - tra buzzurri e radical chic - La Citt\u00e0 invisibile | perUnaltracitt\u00e0 | Firenze","og_description":"Tutto nasce quando non ti senti pi\u00f9 a casa. \u00c8 una sensazione negativa come la depressione, l\u2019angoscia o la paura. La mancanza di una casa, di un rifugio portano a uno spaesamento, a essere lontano dal paese che \u00e8 l\u2019ambito nel quale si trovano le coordinate attraverso cui poter orientarsi. Essere spaesato ha a che &hellip; Il liberal e l&#8217;hillbilly &#8211; tra buzzurri e radical chic Leggi altro &raquo;","og_url":"https:\/\/www.perunaltracitta.org\/homepage\/2021\/05\/14\/il-liberal-e-lhillbilly-tra-buzzurri-e-radical-chic\/","og_site_name":"La Citt\u00e0 invisibile | perUnaltracitt\u00e0 | Firenze","article_publisher":"https:\/\/www.facebook.com\/perunaltracitta","article_published_time":"2021-05-14T12:48:54+00:00","article_modified_time":"2025-02-05T13:39:11+00:00","og_image":[{"width":1280,"height":720,"url":"https:\/\/www.perunaltracitta.org\/wp-content\/uploads\/2021\/05\/AAAABdmzyfDPcs9bn1glb1GZzcGTHXFYn170fy29H7eWD5nV54oAqnjzQvkmB9GkurG-WuaWNSM2sTLy_8hfB-EGaBa7af9i.jpg","type":"image\/jpeg"}],"author":"Gilberto Pierazzuoli","twitter_card":"summary_large_image","twitter_creator":"@perunaltracitta","twitter_site":"@perunaltracitta","twitter_misc":{"Scritto da":"Gilberto Pierazzuoli","Tempo di lettura stimato":"12 minuti"},"schema":{"@context":"https:\/\/schema.org","@graph":[{"@type":"Article","@id":"https:\/\/www.perunaltracitta.org\/homepage\/2021\/05\/14\/il-liberal-e-lhillbilly-tra-buzzurri-e-radical-chic\/#article","isPartOf":{"@id":"https:\/\/www.perunaltracitta.org\/homepage\/2021\/05\/14\/il-liberal-e-lhillbilly-tra-buzzurri-e-radical-chic\/"},"author":{"name":"Gilberto Pierazzuoli","@id":"https:\/\/www.perunaltracitta.org\/homepage\/#\/schema\/person\/444aaa30f197e649d80fcd8e229faea9"},"headline":"Il liberal e l&#8217;hillbilly &#8211; tra buzzurri e radical chic","datePublished":"2021-05-14T12:48:54+00:00","dateModified":"2025-02-05T13:39:11+00:00","mainEntityOfPage":{"@id":"https:\/\/www.perunaltracitta.org\/homepage\/2021\/05\/14\/il-liberal-e-lhillbilly-tra-buzzurri-e-radical-chic\/"},"wordCount":2447,"commentCount":0,"publisher":{"@id":"https:\/\/www.perunaltracitta.org\/homepage\/#organization"},"image":{"@id":"https:\/\/www.perunaltracitta.org\/homepage\/2021\/05\/14\/il-liberal-e-lhillbilly-tra-buzzurri-e-radical-chic\/#primaryimage"},"thumbnailUrl":"https:\/\/www.perunaltracitta.org\/wp-content\/uploads\/2021\/05\/AAAABdmzyfDPcs9bn1glb1GZzcGTHXFYn170fy29H7eWD5nV54oAqnjzQvkmB9GkurG-WuaWNSM2sTLy_8hfB-EGaBa7af9i.jpg","keywords":["David Leavitt","diritti civili","Glenn Close","Hillbilly","JD Vance","recensioni","trump"],"articleSection":["Kill Billy"],"inLanguage":"it-IT","potentialAction":[{"@type":"CommentAction","name":"Comment","target":["https:\/\/www.perunaltracitta.org\/homepage\/2021\/05\/14\/il-liberal-e-lhillbilly-tra-buzzurri-e-radical-chic\/#respond"]}]},{"@type":"WebPage","@id":"https:\/\/www.perunaltracitta.org\/homepage\/2021\/05\/14\/il-liberal-e-lhillbilly-tra-buzzurri-e-radical-chic\/","url":"https:\/\/www.perunaltracitta.org\/homepage\/2021\/05\/14\/il-liberal-e-lhillbilly-tra-buzzurri-e-radical-chic\/","name":"Il liberal e l'hillbilly - tra buzzurri e radical chic - La Citt\u00e0 invisibile | perUnaltracitt\u00e0 | Firenze","isPartOf":{"@id":"https:\/\/www.perunaltracitta.org\/homepage\/#website"},"primaryImageOfPage":{"@id":"https:\/\/www.perunaltracitta.org\/homepage\/2021\/05\/14\/il-liberal-e-lhillbilly-tra-buzzurri-e-radical-chic\/#primaryimage"},"image":{"@id":"https:\/\/www.perunaltracitta.org\/homepage\/2021\/05\/14\/il-liberal-e-lhillbilly-tra-buzzurri-e-radical-chic\/#primaryimage"},"thumbnailUrl":"https:\/\/www.perunaltracitta.org\/wp-content\/uploads\/2021\/05\/AAAABdmzyfDPcs9bn1glb1GZzcGTHXFYn170fy29H7eWD5nV54oAqnjzQvkmB9GkurG-WuaWNSM2sTLy_8hfB-EGaBa7af9i.jpg","datePublished":"2021-05-14T12:48:54+00:00","dateModified":"2025-02-05T13:39:11+00:00","breadcrumb":{"@id":"https:\/\/www.perunaltracitta.org\/homepage\/2021\/05\/14\/il-liberal-e-lhillbilly-tra-buzzurri-e-radical-chic\/#breadcrumb"},"inLanguage":"it-IT","potentialAction":[{"@type":"ReadAction","target":["https:\/\/www.perunaltracitta.org\/homepage\/2021\/05\/14\/il-liberal-e-lhillbilly-tra-buzzurri-e-radical-chic\/"]}]},{"@type":"ImageObject","inLanguage":"it-IT","@id":"https:\/\/www.perunaltracitta.org\/homepage\/2021\/05\/14\/il-liberal-e-lhillbilly-tra-buzzurri-e-radical-chic\/#primaryimage","url":"https:\/\/www.perunaltracitta.org\/wp-content\/uploads\/2021\/05\/AAAABdmzyfDPcs9bn1glb1GZzcGTHXFYn170fy29H7eWD5nV54oAqnjzQvkmB9GkurG-WuaWNSM2sTLy_8hfB-EGaBa7af9i.jpg","contentUrl":"https:\/\/www.perunaltracitta.org\/wp-content\/uploads\/2021\/05\/AAAABdmzyfDPcs9bn1glb1GZzcGTHXFYn170fy29H7eWD5nV54oAqnjzQvkmB9GkurG-WuaWNSM2sTLy_8hfB-EGaBa7af9i.jpg","width":1280,"height":720},{"@type":"BreadcrumbList","@id":"https:\/\/www.perunaltracitta.org\/homepage\/2021\/05\/14\/il-liberal-e-lhillbilly-tra-buzzurri-e-radical-chic\/#breadcrumb","itemListElement":[{"@type":"ListItem","position":1,"name":"Home","item":"https:\/\/www.perunaltracitta.org\/homepage\/"},{"@type":"ListItem","position":2,"name":"Il liberal e l&#8217;hillbilly &#8211; tra buzzurri e radical chic"}]},{"@type":"WebSite","@id":"https:\/\/www.perunaltracitta.org\/homepage\/#website","url":"https:\/\/www.perunaltracitta.org\/homepage\/","name":"La Citt\u00e0 invisibile | perUnaltracitt\u00e0 | Firenze","description":"Voci oltre il pensiero unico","publisher":{"@id":"https:\/\/www.perunaltracitta.org\/homepage\/#organization"},"potentialAction":[{"@type":"SearchAction","target":{"@type":"EntryPoint","urlTemplate":"https:\/\/www.perunaltracitta.org\/homepage\/?s={search_term_string}"},"query-input":{"@type":"PropertyValueSpecification","valueRequired":true,"valueName":"search_term_string"}}],"inLanguage":"it-IT"},{"@type":"Organization","@id":"https:\/\/www.perunaltracitta.org\/homepage\/#organization","name":"perUnaltracitt\u00e0 - laboratorio politico Firenze","url":"https:\/\/www.perunaltracitta.org\/homepage\/","logo":{"@type":"ImageObject","inLanguage":"it-IT","@id":"https:\/\/www.perunaltracitta.org\/homepage\/#\/schema\/logo\/image\/","url":"https:\/\/www.perunaltracitta.org\/wp-content\/uploads\/2025\/11\/Original-on-Transparent-Copia-af-1.png","contentUrl":"https:\/\/www.perunaltracitta.org\/wp-content\/uploads\/2025\/11\/Original-on-Transparent-Copia-af-1.png","width":600,"height":153,"caption":"perUnaltracitt\u00e0 - laboratorio politico Firenze"},"image":{"@id":"https:\/\/www.perunaltracitta.org\/homepage\/#\/schema\/logo\/image\/"},"sameAs":["https:\/\/www.facebook.com\/perunaltracitta","https:\/\/x.com\/perunaltracitta"]},{"@type":"Person","@id":"https:\/\/www.perunaltracitta.org\/homepage\/#\/schema\/person\/444aaa30f197e649d80fcd8e229faea9","name":"Gilberto Pierazzuoli","image":{"@type":"ImageObject","inLanguage":"it-IT","@id":"https:\/\/www.perunaltracitta.org\/homepage\/#\/schema\/person\/image\/","url":"https:\/\/www.perunaltracitta.org\/wp-content\/uploads\/2017\/11\/gilberto-96x96.jpg","contentUrl":"https:\/\/www.perunaltracitta.org\/wp-content\/uploads\/2017\/11\/gilberto-96x96.jpg","caption":"Gilberto Pierazzuoli"},"description":"Attivista negli anni 70 . Trasforma l'hobby dell'enogastronomia in una professione aprendo forse il primo wine-bar d'Italia che poi si evolve in ristorante. Smette nel 2012, attualmente insegnante precario di lettere e storia in un istituto tecnico. Attivista di perUnaltracitt\u00e0.","url":"https:\/\/www.perunaltracitta.org\/homepage\/author\/gilberto\/"}]}},"uagb_featured_image_src":{"full":["https:\/\/www.perunaltracitta.org\/wp-content\/uploads\/2021\/05\/AAAABdmzyfDPcs9bn1glb1GZzcGTHXFYn170fy29H7eWD5nV54oAqnjzQvkmB9GkurG-WuaWNSM2sTLy_8hfB-EGaBa7af9i.jpg",1280,720,false],"thumbnail":["https:\/\/www.perunaltracitta.org\/wp-content\/uploads\/2021\/05\/AAAABdmzyfDPcs9bn1glb1GZzcGTHXFYn170fy29H7eWD5nV54oAqnjzQvkmB9GkurG-WuaWNSM2sTLy_8hfB-EGaBa7af9i-150x150.jpg",150,150,true],"medium":["https:\/\/www.perunaltracitta.org\/wp-content\/uploads\/2021\/05\/AAAABdmzyfDPcs9bn1glb1GZzcGTHXFYn170fy29H7eWD5nV54oAqnjzQvkmB9GkurG-WuaWNSM2sTLy_8hfB-EGaBa7af9i-300x169.jpg",300,169,true],"medium_large":["https:\/\/www.perunaltracitta.org\/wp-content\/uploads\/2021\/05\/AAAABdmzyfDPcs9bn1glb1GZzcGTHXFYn170fy29H7eWD5nV54oAqnjzQvkmB9GkurG-WuaWNSM2sTLy_8hfB-EGaBa7af9i-768x432.jpg",768,432,true],"large":["https:\/\/www.perunaltracitta.org\/wp-content\/uploads\/2021\/05\/AAAABdmzyfDPcs9bn1glb1GZzcGTHXFYn170fy29H7eWD5nV54oAqnjzQvkmB9GkurG-WuaWNSM2sTLy_8hfB-EGaBa7af9i-1024x576.jpg",1024,576,true],"wysija-newsletters-max":["https:\/\/www.perunaltracitta.org\/wp-content\/uploads\/2021\/05\/AAAABdmzyfDPcs9bn1glb1GZzcGTHXFYn170fy29H7eWD5nV54oAqnjzQvkmB9GkurG-WuaWNSM2sTLy_8hfB-EGaBa7af9i-600x338.jpg",600,338,true],"1536x1536":["https:\/\/www.perunaltracitta.org\/wp-content\/uploads\/2021\/05\/AAAABdmzyfDPcs9bn1glb1GZzcGTHXFYn170fy29H7eWD5nV54oAqnjzQvkmB9GkurG-WuaWNSM2sTLy_8hfB-EGaBa7af9i.jpg",1280,720,false],"2048x2048":["https:\/\/www.perunaltracitta.org\/wp-content\/uploads\/2021\/05\/AAAABdmzyfDPcs9bn1glb1GZzcGTHXFYn170fy29H7eWD5nV54oAqnjzQvkmB9GkurG-WuaWNSM2sTLy_8hfB-EGaBa7af9i.jpg",1280,720,false],"mailpoet_newsletter_max":["https:\/\/www.perunaltracitta.org\/wp-content\/uploads\/2021\/05\/AAAABdmzyfDPcs9bn1glb1GZzcGTHXFYn170fy29H7eWD5nV54oAqnjzQvkmB9GkurG-WuaWNSM2sTLy_8hfB-EGaBa7af9i.jpg",1280,720,false],"yarpp-thumbnail":["https:\/\/www.perunaltracitta.org\/wp-content\/uploads\/2021\/05\/AAAABdmzyfDPcs9bn1glb1GZzcGTHXFYn170fy29H7eWD5nV54oAqnjzQvkmB9GkurG-WuaWNSM2sTLy_8hfB-EGaBa7af9i-120x120.jpg",120,120,true]},"uagb_author_info":{"display_name":"Gilberto Pierazzuoli","author_link":"https:\/\/www.perunaltracitta.org\/homepage\/author\/gilberto\/"},"uagb_comment_info":0,"uagb_excerpt":"Tutto nasce quando non ti senti pi\u00f9 a casa. \u00c8 una sensazione negativa come la depressione, l\u2019angoscia o la paura. La mancanza di una casa, di un rifugio portano a uno spaesamento, a essere lontano dal paese che \u00e8 l\u2019ambito nel quale si trovano le coordinate attraverso cui poter orientarsi. Essere spaesato ha a che&hellip;","_links":{"self":[{"href":"https:\/\/www.perunaltracitta.org\/homepage\/wp-json\/wp\/v2\/posts\/80449","targetHints":{"allow":["GET"]}}],"collection":[{"href":"https:\/\/www.perunaltracitta.org\/homepage\/wp-json\/wp\/v2\/posts"}],"about":[{"href":"https:\/\/www.perunaltracitta.org\/homepage\/wp-json\/wp\/v2\/types\/post"}],"author":[{"embeddable":true,"href":"https:\/\/www.perunaltracitta.org\/homepage\/wp-json\/wp\/v2\/users\/7"}],"replies":[{"embeddable":true,"href":"https:\/\/www.perunaltracitta.org\/homepage\/wp-json\/wp\/v2\/comments?post=80449"}],"version-history":[{"count":3,"href":"https:\/\/www.perunaltracitta.org\/homepage\/wp-json\/wp\/v2\/posts\/80449\/revisions"}],"predecessor-version":[{"id":80564,"href":"https:\/\/www.perunaltracitta.org\/homepage\/wp-json\/wp\/v2\/posts\/80449\/revisions\/80564"}],"wp:featuredmedia":[{"embeddable":true,"href":"https:\/\/www.perunaltracitta.org\/homepage\/wp-json\/wp\/v2\/media\/80453"}],"wp:attachment":[{"href":"https:\/\/www.perunaltracitta.org\/homepage\/wp-json\/wp\/v2\/media?parent=80449"}],"wp:term":[{"taxonomy":"category","embeddable":true,"href":"https:\/\/www.perunaltracitta.org\/homepage\/wp-json\/wp\/v2\/categories?post=80449"},{"taxonomy":"post_tag","embeddable":true,"href":"https:\/\/www.perunaltracitta.org\/homepage\/wp-json\/wp\/v2\/tags?post=80449"}],"curies":[{"name":"wp","href":"https:\/\/api.w.org\/{rel}","templated":true}]}}