{"id":80783,"date":"2021-06-06T17:28:16","date_gmt":"2021-06-06T15:28:16","guid":{"rendered":"https:\/\/www.perunaltracitta.org\/?p=80783"},"modified":"2025-02-05T14:39:00","modified_gmt":"2025-02-05T13:39:00","slug":"la-vita-lucida","status":"publish","type":"post","link":"https:\/\/www.perunaltracitta.org\/homepage\/2021\/06\/06\/la-vita-lucida\/","title":{"rendered":"La vita lucida"},"content":{"rendered":"<p>\u2018<em>La pandemia \u00e8 un cancello tra un mondo ed un altro. Possiamo attraversarlo trascinandoci dietro le carcasse del nostro odio, dei nostri pregiudizi, la nostra avidit\u00e0, le nostre banche dati, le nostre vecchie idee, i nostri fumi morti e i cieli fumosi. Oppure possiamo attraversarlo con un bagaglio pi\u00f9 leggero, pronti a immaginare un mondo diverso. E a lottare per averlo<\/em>.\u2019 Arundhati Roy<\/p>\n<p>Da questo passaggio oscuro della pandemia\/sindemia, e dalla crisi sociale, ambientale e climatica, si pu\u00f2 uscire in due modalit\u00e0, la prima \u00e8 che tutto torni come prima, la seconda \u00e8 provare ad immaginare un mondo diverso e a costruire un modo di vita individuale e collettivo differente dal passato. E&#8217; il tema del libro <em>La vita lucida<\/em>, un dialogo fra l\u2019analisi sociologica di Lelio Demichelis e quella filosofica di Paolo Bartolini, con la&nbsp; postfazione&nbsp; di Miguel Benasayag, filosofo e psicoanalista.<\/p>\n<p><em>\u2018Perch\u00e9 La vita lucida? Perch\u00e9 il passaggio storico che attraversiamo \u00e8 insidioso, immerso nella confusione di un cambiamento incessante che nulla cambia davvero\u2019 , <\/em>scrivono gli autori nell\u2019introduzione. Lucidi si diventa volgendo il lume della ragione critica, non solo verso le configurazioni del potere attuale, ma anche in direzione delle nostre ombre, della complessit\u00e0, <em>\u2018in territori liminali al confine fra conscio ed inconscio, l\u00e0 dove saggezza, poesia, gentilezza e pensiero meditante cooperano per intensificare la vita e strapparla al riduzionismo e alla barbarie\u2019<\/em> &nbsp;scrive Benasayag.<\/p>\n<p><a href=\"https:\/\/www.perunaltracitta.org\/wp-content\/uploads\/2021\/06\/image-34.png\"><img loading=\"lazy\" decoding=\"async\" class=\"alignleft size-medium wp-image-80787\" src=\"https:\/\/www.perunaltracitta.org\/wp-content\/uploads\/2021\/06\/image-34-196x300.png\" alt=\"\" width=\"196\" height=\"300\" srcset=\"https:\/\/www.perunaltracitta.org\/wp-content\/uploads\/2021\/06\/image-34-196x300.png 196w, https:\/\/www.perunaltracitta.org\/wp-content\/uploads\/2021\/06\/image-34.png 578w\" sizes=\"auto, (max-width: 196px) 100vw, 196px\" \/><\/a>\u2018<em>Aprirsi al sapere ma anche e soprattutto al non-sapere dunque, ma per imparare l\u2019arte della cura reciproca, allentando la presa dell\u2019economia del profitto sulle nostre vite, liberando sogni, pratiche e passioni non conformi\u2019<\/em>, per sfuggire all\u2019uniformazione indotta dal potere tecno-capitalista.<\/p>\n<p>La gabbia\/pentola<\/p>\n<p><em>&nbsp;\u2018Si, dovremmo (avremmo dovuto) cogliere l\u2019invito di Arundhati Roy, varcare il cancello e lasciare alle nostre spalle la gabbia\/pentola in cui ci tiene il tecno-capitalismo\u2019 <\/em>e ribadire con forza che <em>\u2018 il mito della crescita illimitata \u00e8 un\u2019assurdit\u00e0, che l\u2019imprenditorializzazione del s\u00e9 \u00e8 oscena e che il neoliberismo \u00e8 una prigione per umani cronicamente indebitati\u2019&#8230;.&#8217;E invece stiamo tornando indietro, abbiamo chiuso il cancello davanti a noi&#8217;.<\/em><\/p>\n<p>La gabbia\/pentola richiama la metafora delle rane di Noam Chomsky<em>: <\/em>\u2018<em>ovvero se una rana viene buttata viva nell\u2019acqua bollente di una pentola, comprende immediatamente la gravit\u00e0 della situazione e cerca di uscirne e di salvarsi; se invece viene messa nell\u2019acqua fredda e poi questa acqua viene fatta riscaldare lentamente, la rana non si accorge del \u2018problema\u2019, vive l\u2019aumento della temperatura come una sorta di ben-essere o di comfort-zone (e queste sono il consumismo, l\u2019industria culturale, la societ\u00e0 dello spettacolo e dello spettacolare, i social e le community in rete) e quando l\u2019acqua \u00e8 diventata troppo calda \u00e8 anche troppo tardi per mettersi in salvo. Il primo caso \u00e8 quello della pandemia; il secondo, quello della crisi ambientale, ma anche della crisi sociale, con le disuguaglianze e l\u2019impoverimento di massa che continuano a crescere<\/em>.\u2019<\/p>\n<p>Rane lesse e formattate<\/p>\n<p>\u2018<em>Con la complicit\u00e0 e la pressione anche sulla politica di un\u2019 &#8216;io\u2019 formattato da decenni a un egocentrismo compulsivo e incapace di responsabilit\u00e0 e di vivere secondo un doveroso principio di realt\u00e0 o meglio di responsabilit\u00e0 ambientale e sociale (e sanitaria), che devono essere rimossi o subordinati e cos\u00ec resi funzionali al funzionamento del tecno-capitalismo, oggi variabile assolutamente indipendente ed impazzita\u2019.<\/em><\/p>\n<p>Quel che chiamiamo tecnocapitalismo, \u00e8 un patologico, ambiguo riduttore di complessit\u00e0, scrivono gli autori nell\u2019introduzione; mentre per Benasayag, nella postfazione, tecnocapitalismo sta a significare che <em>\u2018nel presente (ma per il futuro non possiamo sapere) la tecnica \u00e8 totalmente al servizio del capitale\u2019<\/em>.<\/p>\n<p>Quel tecnocapitalismo, in cui <em>\u2019ogni consumatore, ogni lavoratore, ogni partecipante ai social \u00e8 un Peter Pan che non deve crescere, ma deve continuare a credere di poter giocare come un bambino, appunto nella ripetizione sempre<\/em> <em>di nuovo del sempre uguale tecno-capitalista\u2019<\/em>. &nbsp;Che ci fa correre in modo inarrestabile verso la novit\u00e0, nel tentativo di soddisfare desideri fittizi: \u2018<em>Dopo ogni innovazione tecnologica, ne aspettiamo un\u2019altra: automobili, tablet, smartphone, internet..<\/em>&nbsp;\u2018 E cos\u00ec grazie a questa tecnocultura ci evolviamo inconsapevolmente in Homo Cyborg.<\/p>\n<p>Quel tecnocapitalismo che \u2018<em>\u00e8 ontologia, teleologia e teologia, \u00e8 ideologia totalizzante e totalitaria (ma di un totalitarismo che non vediamo crescere, come le rane di Chomsky non percepiamo l\u2019acqua che si riscalda); che produce non solo merci ma, attraverso le merci e soprattutto la tecnica, uomini formattati secondo le proprie esigenze\u2019<\/em>.<\/p>\n<p>&#8216;<em>Anche quella che era la sinistra politica&#8230;..vive come le rane di Chomsky credendo che l&#8217;acqua che si riscalda sia quella delle terme dove \u00e8 andata a rigenerarsi&#8230;..Diventando anch&#8217;essa parte funzionale del sistema, offrendo &#8216;una adesione conformista alla logica del mainstream: languida nelle parole d&#8217;ordine, incerta e banale nelle proposte, lontana dalla societ\u00e0.&#8217;<\/em><\/p>\n<p>Come si esce ?<\/p>\n<p>Si domandano i due autori de <strong><em>La vita lucida<\/em><\/strong>, da questa <em>pandemia comportamentale globale<\/em> (neoliberalismo &amp; nuove tecnologie), che tutti pi\u00f9 o meno abbiamo introiettato, che ha cancellato socialit\u00e0 e responsabilit\u00e0, per renderci sempre prestanti, performanti, flessibili, e soprattutto competitivi con gli altri e con noi stessi, che ha industrializzato il pathos, fino a farlo diventare automatismo psichico e normalit\u00e0 e ordine stabilizzato di vita-adrenalinico e insieme dopaminico per superare ogni limite, per essere sempre davanti a tutti.<\/p>\n<p>La retorica del &nbsp;sistema \u00e8 TINA (There Is No Alternative) non ci sono alternative: &nbsp;<em>\u2018Il potere gi\u00e0 prepara il suo \u2018capitalismo sostenibile\u2019, si appropria di parole d\u2019ordine e di aspirazioni trasformative, riducendole al mantra di una crescita green che \u00e8 possibile solo nelle teste confuse di leader illusi o menzogneri\u2019<\/em><\/p>\n<p>\u2018<em>Contro questa societ\u00e0 (\u2026) non basta definirsi alternativi o disobbedienti: bisogna fare dell\u2019antagonismo alla civilizzazione uno stile di vita [\u2026] Per raggiungere questo traguardo non basta decostruire il mondo civilizzato (antropocentrico, meccanicista, sessista) ma occorre<\/em> <em>de-civilizzare noi stessi,<\/em> de-civilizzare<em> il nostro immaginario. In questo modo, forse, riusciremo a vincere il dominio della civilizzazione, che vuole trasformare la natura, trasformando l\u2019essere umano in un categoria produttiva\u2019<\/em>. Ma non baster\u00e0 affidarsi unicamente all\u2019antagonismo, \u2018<em>la disobbedienza, da sola, genera acredine, sofferenza, gorghi stagnanti\u2019<\/em>.<\/p>\n<p><em>\u2018La transizione epocale in cui siamo immersi &#8211; e qui arriva il punto cruciale &#8211; non contempla soluzioni \u2018riformiste\u2019 ai problemi che ci assillano e, contemporaneamente, non si concilia con la paranoia degli ideali rivoluzionari che hanno macchiato di sangue il Novecento\u2019<\/em>.<\/p>\n<p>Tessere una trama nuova<\/p>\n<p>Bisogna tornare a immaginare, dopo tre secoli di nichilismo che ci ha annichilito l\u2019immaginario, a recuperare un\u2019etica umana ed umanistica, e un pensiero critico non solo calcolante, come vuole il sistema, ma anche complesso meditante, meditativo e responsabile, per sfuggire all\u2019uniformazione indotta dal potere tecno-capitalista.<\/p>\n<p><em>\u2018Abbiamo gi\u00e0 un terreno comune di lotta, valido in linea di principio per tutti gli umani che abitano la Terra: resistere alla deriva ecologica e sociale innescata dagli sviluppi di lungo periodo del tecnocapitalismo\u2019.<\/em><\/p>\n<p>\u2018<em>Ci serve allora un\u2019idea, una grande idea che non deve diventare ideologia, n\u00e9 grande narrazione. Occorre cio\u00e8-provo a spiegarmi meglio-un agire, ma avere\/vivere\/immaginare anche una dimensione sovra-individuale-che appunto sappia cogliere in s\u00e9 il meglio delle forze antagoniste esistenti, ma dando a queste forze una idea (una idea molteplice, plurale, non omologante, non unidimensionale, non gerarchica-ancora <\/em>spezzare il potere<em> anche dell\u2019idea stessa, per evitare che diventi potere incontrollato), un\u2019 orizzonte, un\u2019isola sconosciuta da cercare pi\u00f9 che da raggiungere\u2019.<\/em><\/p>\n<p>Verso l\u2019isola sconosciuta<\/p>\n<p>Occorre cercare una barca, come l&#8217;uomo di Saramago e immaginare l\u2019isola sconosciuta, come trasformazione collettiva e personale, per un co-divenire gentile, per un inesauribile processo di umanizzazione. <em>\u2018Non si d\u00e0 trasformazione del mondo senza una concomitante e profondissima, trasformazione&nbsp; psicospirituale dei singoli\u2019.<\/em><\/p>\n<p><em>\u2018Penso, invece, che il lavoro che ci attende sia quello di rintracciare in noi stessi, nella nostra quotidianit\u00e0, ci\u00f2 che sfugge alla norma, ci\u00f2 che non si lascia contabilizzare, ci\u00f2 che eccede gli schemi del dare e dell\u2019avere, e si sottrae al mercato delle prestazioni e del profitto.\u2019<\/em><\/p>\n<p>L\u2019amore rivoluzionario di Etty Hillesum, come esempio: \u2018<em>Ad ogni crimine o orrore dovremo opporre un nuovo pezzetto di amore e di bont\u00e0 che avremo conquistato in noi stessi. Possiamo soffrire ma non dobbiamo soccombere. E se sopravvivremo intatti a questo tempo, corpo e anima ma soprattutto anima, senza amarezza, senza odio, allora avremo anche il diritto di dire la nostra parola.\u2019 <\/em><\/p>\n<p>Elogio del flou<\/p>\n<p><em>\u2018Sarebbe un errore&nbsp; credere che la vita lucida sia quella condensata in un sapere razionale completo o nella pretesa di \u2018capire\u2019 l\u2019intero dell\u2019esperienza umana (e non solo). Dobbiamo quindi fare un passo di lato e riflettere su nuove forme dell\u2019agire che sappiano convivere con lo sfuocato, con l\u2019incerto, con l\u2019indefinito. Con il flou, appunto\u2019, <\/em>&nbsp;scrive Miguel Benasayag, nella postfazione. <em>\u2018Uscendo dall\u2019illusione di essere creature perfettamente individuate, risolte, \u201cin s\u00e9\u201d\u2019<\/em> e \u2018<em>costituendo un immaginario alternativo e sovversivo rispetto a quello dominante\u2019.<\/em> Il flou, un &nbsp;termine che in francese ha diversi significati, qui designa una condizione di apertura, di pluri-dimensionalit\u00e0, di consapevolezza della molteplicit\u00e0, di possibilit\u00e0 appunto. &nbsp;\u2018<em>L\u2019azione collettiva, per attraversare quest\u2019epoca buia e promuovere la vita, deve invece articolarsi con altre dimensioni dell\u2019essere, sottili e sfuggenti, aperte e molteplici.\u2019 <\/em><\/p>\n<p><em>\u2018E\u2019 tempo di essere un po\u2019 pazzi\u2019, <\/em>per non morire tecnocapitalisti. E di tecnocapitalismo.<\/p>\n<p style=\"text-align: right;\"><strong>Gian Luca Garetti<\/strong><\/p>\n<p><strong>Paolo Bartolini, Lelio Demichelis, La vita lucida, Jaca Book, Milano 2021, pp. 201, 20 euro<\/strong><\/p>\n","protected":false},"excerpt":{"rendered":"<p>\u2018La pandemia \u00e8 un cancello tra un mondo ed un altro. Possiamo attraversarlo trascinandoci dietro le carcasse del nostro odio, dei nostri pregiudizi, la nostra avidit\u00e0, le nostre banche dati, le nostre vecchie idee, i nostri fumi morti e i cieli fumosi. Oppure possiamo attraversarlo con un bagaglio pi\u00f9 leggero, pronti a immaginare un mondo &hellip;<\/p>\n<p class=\"read-more\"> <a class=\"\" href=\"https:\/\/www.perunaltracitta.org\/homepage\/2021\/06\/06\/la-vita-lucida\/\"> <span class=\"screen-reader-text\">La vita lucida<\/span> Leggi altro &raquo;<\/a><\/p>\n","protected":false},"author":36,"featured_media":80787,"comment_status":"open","ping_status":"open","sticky":false,"template":"","format":"standard","meta":{"_uag_custom_page_level_css":"","site-sidebar-layout":"default","site-content-layout":"default","ast-global-header-display":"","ast-main-header-display":"","ast-hfb-above-header-display":"","ast-hfb-below-header-display":"","ast-hfb-mobile-header-display":"","site-post-title":"","ast-breadcrumbs-content":"","ast-featured-img":"","footer-sml-layout":"","theme-transparent-header-meta":"","adv-header-id-meta":"","stick-header-meta":"","header-above-stick-meta":"","header-main-stick-meta":"","header-below-stick-meta":"","footnotes":""},"categories":[44,41],"tags":[3823,3822,3818,3819,3820,2746,3821],"class_list":["post-80783","post","type-post","status-publish","format-standard","has-post-thumbnail","hentry","category-killbilly","category-la-citta-invisibile","tag-etty-hillesum","tag-homo-cyborg","tag-la-vita-lucida","tag-miguel-benasayag","tag-noam-chomsky","tag-recensioni","tag-tecnocapitalismo"],"yoast_head":"<!-- This site is optimized with the Yoast SEO plugin v25.1 - https:\/\/yoast.com\/wordpress\/plugins\/seo\/ -->\n<title>La vita lucida - La Citt\u00e0 invisibile | perUnaltracitt\u00e0 | Firenze<\/title>\n<meta name=\"robots\" content=\"index, follow, max-snippet:-1, max-image-preview:large, max-video-preview:-1\" \/>\n<link rel=\"canonical\" href=\"https:\/\/www.perunaltracitta.org\/homepage\/2021\/06\/06\/la-vita-lucida\/\" \/>\n<meta property=\"og:locale\" content=\"it_IT\" \/>\n<meta property=\"og:type\" content=\"article\" \/>\n<meta property=\"og:title\" content=\"La vita lucida - La Citt\u00e0 invisibile | perUnaltracitt\u00e0 | Firenze\" \/>\n<meta property=\"og:description\" content=\"\u2018La pandemia \u00e8 un cancello tra un mondo ed un altro. Possiamo attraversarlo trascinandoci dietro le carcasse del nostro odio, dei nostri pregiudizi, la nostra avidit\u00e0, le nostre banche dati, le nostre vecchie idee, i nostri fumi morti e i cieli fumosi. Oppure possiamo attraversarlo con un bagaglio pi\u00f9 leggero, pronti a immaginare un mondo &hellip; La vita lucida Leggi altro &raquo;\" \/>\n<meta property=\"og:url\" content=\"https:\/\/www.perunaltracitta.org\/homepage\/2021\/06\/06\/la-vita-lucida\/\" \/>\n<meta property=\"og:site_name\" content=\"La Citt\u00e0 invisibile | perUnaltracitt\u00e0 | Firenze\" \/>\n<meta property=\"article:publisher\" content=\"https:\/\/www.facebook.com\/perunaltracitta\" \/>\n<meta property=\"article:published_time\" content=\"2021-06-06T15:28:16+00:00\" \/>\n<meta property=\"article:modified_time\" content=\"2025-02-05T13:39:00+00:00\" \/>\n<meta property=\"og:image\" content=\"https:\/\/www.perunaltracitta.org\/wp-content\/uploads\/2021\/06\/image-34.png\" \/>\n\t<meta property=\"og:image:width\" content=\"578\" \/>\n\t<meta property=\"og:image:height\" content=\"886\" \/>\n\t<meta property=\"og:image:type\" content=\"image\/png\" \/>\n<meta name=\"author\" content=\"Gian Luca Garetti\" \/>\n<meta name=\"twitter:card\" content=\"summary_large_image\" \/>\n<meta name=\"twitter:creator\" content=\"@perunaltracitta\" \/>\n<meta name=\"twitter:site\" content=\"@perunaltracitta\" \/>\n<meta name=\"twitter:label1\" content=\"Scritto da\" \/>\n\t<meta name=\"twitter:data1\" content=\"Gian Luca Garetti\" \/>\n\t<meta name=\"twitter:label2\" content=\"Tempo di lettura stimato\" \/>\n\t<meta name=\"twitter:data2\" content=\"7 minuti\" \/>\n<script type=\"application\/ld+json\" class=\"yoast-schema-graph\">{\"@context\":\"https:\/\/schema.org\",\"@graph\":[{\"@type\":\"Article\",\"@id\":\"https:\/\/www.perunaltracitta.org\/homepage\/2021\/06\/06\/la-vita-lucida\/#article\",\"isPartOf\":{\"@id\":\"https:\/\/www.perunaltracitta.org\/homepage\/2021\/06\/06\/la-vita-lucida\/\"},\"author\":{\"name\":\"Gian Luca Garetti\",\"@id\":\"https:\/\/www.perunaltracitta.org\/homepage\/#\/schema\/person\/60ce1c329fe53685f6f05929fd1c260e\"},\"headline\":\"La vita lucida\",\"datePublished\":\"2021-06-06T15:28:16+00:00\",\"dateModified\":\"2025-02-05T13:39:00+00:00\",\"mainEntityOfPage\":{\"@id\":\"https:\/\/www.perunaltracitta.org\/homepage\/2021\/06\/06\/la-vita-lucida\/\"},\"wordCount\":1531,\"commentCount\":0,\"publisher\":{\"@id\":\"https:\/\/www.perunaltracitta.org\/homepage\/#organization\"},\"image\":{\"@id\":\"https:\/\/www.perunaltracitta.org\/homepage\/2021\/06\/06\/la-vita-lucida\/#primaryimage\"},\"thumbnailUrl\":\"https:\/\/www.perunaltracitta.org\/wp-content\/uploads\/2021\/06\/image-34.png\",\"keywords\":[\"Etty Hillesum\",\"Homo Cyborg\",\"La vita lucida\",\"Miguel Benasayag\",\"Noam Chomsky\",\"recensioni\",\"tecnocapitalismo\"],\"articleSection\":[\"Kill Billy\",\"La Citt\u00e0 invisibile\"],\"inLanguage\":\"it-IT\",\"potentialAction\":[{\"@type\":\"CommentAction\",\"name\":\"Comment\",\"target\":[\"https:\/\/www.perunaltracitta.org\/homepage\/2021\/06\/06\/la-vita-lucida\/#respond\"]}]},{\"@type\":\"WebPage\",\"@id\":\"https:\/\/www.perunaltracitta.org\/homepage\/2021\/06\/06\/la-vita-lucida\/\",\"url\":\"https:\/\/www.perunaltracitta.org\/homepage\/2021\/06\/06\/la-vita-lucida\/\",\"name\":\"La vita lucida - La Citt\u00e0 invisibile | perUnaltracitt\u00e0 | Firenze\",\"isPartOf\":{\"@id\":\"https:\/\/www.perunaltracitta.org\/homepage\/#website\"},\"primaryImageOfPage\":{\"@id\":\"https:\/\/www.perunaltracitta.org\/homepage\/2021\/06\/06\/la-vita-lucida\/#primaryimage\"},\"image\":{\"@id\":\"https:\/\/www.perunaltracitta.org\/homepage\/2021\/06\/06\/la-vita-lucida\/#primaryimage\"},\"thumbnailUrl\":\"https:\/\/www.perunaltracitta.org\/wp-content\/uploads\/2021\/06\/image-34.png\",\"datePublished\":\"2021-06-06T15:28:16+00:00\",\"dateModified\":\"2025-02-05T13:39:00+00:00\",\"breadcrumb\":{\"@id\":\"https:\/\/www.perunaltracitta.org\/homepage\/2021\/06\/06\/la-vita-lucida\/#breadcrumb\"},\"inLanguage\":\"it-IT\",\"potentialAction\":[{\"@type\":\"ReadAction\",\"target\":[\"https:\/\/www.perunaltracitta.org\/homepage\/2021\/06\/06\/la-vita-lucida\/\"]}]},{\"@type\":\"ImageObject\",\"inLanguage\":\"it-IT\",\"@id\":\"https:\/\/www.perunaltracitta.org\/homepage\/2021\/06\/06\/la-vita-lucida\/#primaryimage\",\"url\":\"https:\/\/www.perunaltracitta.org\/wp-content\/uploads\/2021\/06\/image-34.png\",\"contentUrl\":\"https:\/\/www.perunaltracitta.org\/wp-content\/uploads\/2021\/06\/image-34.png\",\"width\":578,\"height\":886},{\"@type\":\"BreadcrumbList\",\"@id\":\"https:\/\/www.perunaltracitta.org\/homepage\/2021\/06\/06\/la-vita-lucida\/#breadcrumb\",\"itemListElement\":[{\"@type\":\"ListItem\",\"position\":1,\"name\":\"Home\",\"item\":\"https:\/\/www.perunaltracitta.org\/homepage\/\"},{\"@type\":\"ListItem\",\"position\":2,\"name\":\"La vita lucida\"}]},{\"@type\":\"WebSite\",\"@id\":\"https:\/\/www.perunaltracitta.org\/homepage\/#website\",\"url\":\"https:\/\/www.perunaltracitta.org\/homepage\/\",\"name\":\"La Citt\u00e0 invisibile | perUnaltracitt\u00e0 | Firenze\",\"description\":\"Voci oltre il pensiero unico\",\"publisher\":{\"@id\":\"https:\/\/www.perunaltracitta.org\/homepage\/#organization\"},\"potentialAction\":[{\"@type\":\"SearchAction\",\"target\":{\"@type\":\"EntryPoint\",\"urlTemplate\":\"https:\/\/www.perunaltracitta.org\/homepage\/?s={search_term_string}\"},\"query-input\":{\"@type\":\"PropertyValueSpecification\",\"valueRequired\":true,\"valueName\":\"search_term_string\"}}],\"inLanguage\":\"it-IT\"},{\"@type\":\"Organization\",\"@id\":\"https:\/\/www.perunaltracitta.org\/homepage\/#organization\",\"name\":\"perUnaltracitt\u00e0 - laboratorio politico Firenze\",\"url\":\"https:\/\/www.perunaltracitta.org\/homepage\/\",\"logo\":{\"@type\":\"ImageObject\",\"inLanguage\":\"it-IT\",\"@id\":\"https:\/\/www.perunaltracitta.org\/homepage\/#\/schema\/logo\/image\/\",\"url\":\"https:\/\/www.perunaltracitta.org\/wp-content\/uploads\/2025\/11\/Original-on-Transparent-Copia-af-1.png\",\"contentUrl\":\"https:\/\/www.perunaltracitta.org\/wp-content\/uploads\/2025\/11\/Original-on-Transparent-Copia-af-1.png\",\"width\":600,\"height\":153,\"caption\":\"perUnaltracitt\u00e0 - laboratorio politico Firenze\"},\"image\":{\"@id\":\"https:\/\/www.perunaltracitta.org\/homepage\/#\/schema\/logo\/image\/\"},\"sameAs\":[\"https:\/\/www.facebook.com\/perunaltracitta\",\"https:\/\/x.com\/perunaltracitta\"]},{\"@type\":\"Person\",\"@id\":\"https:\/\/www.perunaltracitta.org\/homepage\/#\/schema\/person\/60ce1c329fe53685f6f05929fd1c260e\",\"name\":\"Gian Luca Garetti\",\"image\":{\"@type\":\"ImageObject\",\"inLanguage\":\"it-IT\",\"@id\":\"https:\/\/www.perunaltracitta.org\/homepage\/#\/schema\/person\/image\/\",\"url\":\"https:\/\/www.perunaltracitta.org\/wp-content\/uploads\/2018\/06\/mia-foto-vitttoria-inceneritore-2-120x120.jpg\",\"contentUrl\":\"https:\/\/www.perunaltracitta.org\/wp-content\/uploads\/2018\/06\/mia-foto-vitttoria-inceneritore-2-120x120.jpg\",\"caption\":\"Gian Luca Garetti\"},\"description\":\"Gian Luca Garetti, \u00e8 nato a Firenze, medico di medicina generale e psicoterapeuta, vive a Strada in Chianti. Si \u00e8 occupato di salute mentale a livello istituzionale, ora promuove corsi di educazione interiore ispirati alla meditazione. Si occupa attivamente di ambiente, \u00e8 membro di Medicina Democratica e di ISDE (International Society of Doctors for the Environment).\",\"url\":\"https:\/\/www.perunaltracitta.org\/homepage\/author\/ginalucagaretti\/\"}]}<\/script>\n<!-- \/ Yoast SEO plugin. -->","yoast_head_json":{"title":"La vita lucida - La Citt\u00e0 invisibile | perUnaltracitt\u00e0 | Firenze","robots":{"index":"index","follow":"follow","max-snippet":"max-snippet:-1","max-image-preview":"max-image-preview:large","max-video-preview":"max-video-preview:-1"},"canonical":"https:\/\/www.perunaltracitta.org\/homepage\/2021\/06\/06\/la-vita-lucida\/","og_locale":"it_IT","og_type":"article","og_title":"La vita lucida - La Citt\u00e0 invisibile | perUnaltracitt\u00e0 | Firenze","og_description":"\u2018La pandemia \u00e8 un cancello tra un mondo ed un altro. Possiamo attraversarlo trascinandoci dietro le carcasse del nostro odio, dei nostri pregiudizi, la nostra avidit\u00e0, le nostre banche dati, le nostre vecchie idee, i nostri fumi morti e i cieli fumosi. Oppure possiamo attraversarlo con un bagaglio pi\u00f9 leggero, pronti a immaginare un mondo &hellip; La vita lucida Leggi altro &raquo;","og_url":"https:\/\/www.perunaltracitta.org\/homepage\/2021\/06\/06\/la-vita-lucida\/","og_site_name":"La Citt\u00e0 invisibile | perUnaltracitt\u00e0 | Firenze","article_publisher":"https:\/\/www.facebook.com\/perunaltracitta","article_published_time":"2021-06-06T15:28:16+00:00","article_modified_time":"2025-02-05T13:39:00+00:00","og_image":[{"width":578,"height":886,"url":"https:\/\/www.perunaltracitta.org\/wp-content\/uploads\/2021\/06\/image-34.png","type":"image\/png"}],"author":"Gian Luca Garetti","twitter_card":"summary_large_image","twitter_creator":"@perunaltracitta","twitter_site":"@perunaltracitta","twitter_misc":{"Scritto da":"Gian Luca Garetti","Tempo di lettura stimato":"7 minuti"},"schema":{"@context":"https:\/\/schema.org","@graph":[{"@type":"Article","@id":"https:\/\/www.perunaltracitta.org\/homepage\/2021\/06\/06\/la-vita-lucida\/#article","isPartOf":{"@id":"https:\/\/www.perunaltracitta.org\/homepage\/2021\/06\/06\/la-vita-lucida\/"},"author":{"name":"Gian Luca Garetti","@id":"https:\/\/www.perunaltracitta.org\/homepage\/#\/schema\/person\/60ce1c329fe53685f6f05929fd1c260e"},"headline":"La vita lucida","datePublished":"2021-06-06T15:28:16+00:00","dateModified":"2025-02-05T13:39:00+00:00","mainEntityOfPage":{"@id":"https:\/\/www.perunaltracitta.org\/homepage\/2021\/06\/06\/la-vita-lucida\/"},"wordCount":1531,"commentCount":0,"publisher":{"@id":"https:\/\/www.perunaltracitta.org\/homepage\/#organization"},"image":{"@id":"https:\/\/www.perunaltracitta.org\/homepage\/2021\/06\/06\/la-vita-lucida\/#primaryimage"},"thumbnailUrl":"https:\/\/www.perunaltracitta.org\/wp-content\/uploads\/2021\/06\/image-34.png","keywords":["Etty Hillesum","Homo Cyborg","La vita lucida","Miguel Benasayag","Noam Chomsky","recensioni","tecnocapitalismo"],"articleSection":["Kill Billy","La Citt\u00e0 invisibile"],"inLanguage":"it-IT","potentialAction":[{"@type":"CommentAction","name":"Comment","target":["https:\/\/www.perunaltracitta.org\/homepage\/2021\/06\/06\/la-vita-lucida\/#respond"]}]},{"@type":"WebPage","@id":"https:\/\/www.perunaltracitta.org\/homepage\/2021\/06\/06\/la-vita-lucida\/","url":"https:\/\/www.perunaltracitta.org\/homepage\/2021\/06\/06\/la-vita-lucida\/","name":"La vita lucida - La Citt\u00e0 invisibile | perUnaltracitt\u00e0 | Firenze","isPartOf":{"@id":"https:\/\/www.perunaltracitta.org\/homepage\/#website"},"primaryImageOfPage":{"@id":"https:\/\/www.perunaltracitta.org\/homepage\/2021\/06\/06\/la-vita-lucida\/#primaryimage"},"image":{"@id":"https:\/\/www.perunaltracitta.org\/homepage\/2021\/06\/06\/la-vita-lucida\/#primaryimage"},"thumbnailUrl":"https:\/\/www.perunaltracitta.org\/wp-content\/uploads\/2021\/06\/image-34.png","datePublished":"2021-06-06T15:28:16+00:00","dateModified":"2025-02-05T13:39:00+00:00","breadcrumb":{"@id":"https:\/\/www.perunaltracitta.org\/homepage\/2021\/06\/06\/la-vita-lucida\/#breadcrumb"},"inLanguage":"it-IT","potentialAction":[{"@type":"ReadAction","target":["https:\/\/www.perunaltracitta.org\/homepage\/2021\/06\/06\/la-vita-lucida\/"]}]},{"@type":"ImageObject","inLanguage":"it-IT","@id":"https:\/\/www.perunaltracitta.org\/homepage\/2021\/06\/06\/la-vita-lucida\/#primaryimage","url":"https:\/\/www.perunaltracitta.org\/wp-content\/uploads\/2021\/06\/image-34.png","contentUrl":"https:\/\/www.perunaltracitta.org\/wp-content\/uploads\/2021\/06\/image-34.png","width":578,"height":886},{"@type":"BreadcrumbList","@id":"https:\/\/www.perunaltracitta.org\/homepage\/2021\/06\/06\/la-vita-lucida\/#breadcrumb","itemListElement":[{"@type":"ListItem","position":1,"name":"Home","item":"https:\/\/www.perunaltracitta.org\/homepage\/"},{"@type":"ListItem","position":2,"name":"La vita lucida"}]},{"@type":"WebSite","@id":"https:\/\/www.perunaltracitta.org\/homepage\/#website","url":"https:\/\/www.perunaltracitta.org\/homepage\/","name":"La Citt\u00e0 invisibile | perUnaltracitt\u00e0 | Firenze","description":"Voci oltre il pensiero unico","publisher":{"@id":"https:\/\/www.perunaltracitta.org\/homepage\/#organization"},"potentialAction":[{"@type":"SearchAction","target":{"@type":"EntryPoint","urlTemplate":"https:\/\/www.perunaltracitta.org\/homepage\/?s={search_term_string}"},"query-input":{"@type":"PropertyValueSpecification","valueRequired":true,"valueName":"search_term_string"}}],"inLanguage":"it-IT"},{"@type":"Organization","@id":"https:\/\/www.perunaltracitta.org\/homepage\/#organization","name":"perUnaltracitt\u00e0 - laboratorio politico Firenze","url":"https:\/\/www.perunaltracitta.org\/homepage\/","logo":{"@type":"ImageObject","inLanguage":"it-IT","@id":"https:\/\/www.perunaltracitta.org\/homepage\/#\/schema\/logo\/image\/","url":"https:\/\/www.perunaltracitta.org\/wp-content\/uploads\/2025\/11\/Original-on-Transparent-Copia-af-1.png","contentUrl":"https:\/\/www.perunaltracitta.org\/wp-content\/uploads\/2025\/11\/Original-on-Transparent-Copia-af-1.png","width":600,"height":153,"caption":"perUnaltracitt\u00e0 - laboratorio politico Firenze"},"image":{"@id":"https:\/\/www.perunaltracitta.org\/homepage\/#\/schema\/logo\/image\/"},"sameAs":["https:\/\/www.facebook.com\/perunaltracitta","https:\/\/x.com\/perunaltracitta"]},{"@type":"Person","@id":"https:\/\/www.perunaltracitta.org\/homepage\/#\/schema\/person\/60ce1c329fe53685f6f05929fd1c260e","name":"Gian Luca Garetti","image":{"@type":"ImageObject","inLanguage":"it-IT","@id":"https:\/\/www.perunaltracitta.org\/homepage\/#\/schema\/person\/image\/","url":"https:\/\/www.perunaltracitta.org\/wp-content\/uploads\/2018\/06\/mia-foto-vitttoria-inceneritore-2-120x120.jpg","contentUrl":"https:\/\/www.perunaltracitta.org\/wp-content\/uploads\/2018\/06\/mia-foto-vitttoria-inceneritore-2-120x120.jpg","caption":"Gian Luca Garetti"},"description":"Gian Luca Garetti, \u00e8 nato a Firenze, medico di medicina generale e psicoterapeuta, vive a Strada in Chianti. Si \u00e8 occupato di salute mentale a livello istituzionale, ora promuove corsi di educazione interiore ispirati alla meditazione. Si occupa attivamente di ambiente, \u00e8 membro di Medicina Democratica e di ISDE (International Society of Doctors for the Environment).","url":"https:\/\/www.perunaltracitta.org\/homepage\/author\/ginalucagaretti\/"}]}},"uagb_featured_image_src":{"full":["https:\/\/www.perunaltracitta.org\/wp-content\/uploads\/2021\/06\/image-34.png",578,886,false],"thumbnail":["https:\/\/www.perunaltracitta.org\/wp-content\/uploads\/2021\/06\/image-34-150x150.png",150,150,true],"medium":["https:\/\/www.perunaltracitta.org\/wp-content\/uploads\/2021\/06\/image-34-196x300.png",196,300,true],"medium_large":["https:\/\/www.perunaltracitta.org\/wp-content\/uploads\/2021\/06\/image-34.png",578,886,false],"large":["https:\/\/www.perunaltracitta.org\/wp-content\/uploads\/2021\/06\/image-34.png",578,886,false],"wysija-newsletters-max":["https:\/\/www.perunaltracitta.org\/wp-content\/uploads\/2021\/06\/image-34.png",578,886,false],"1536x1536":["https:\/\/www.perunaltracitta.org\/wp-content\/uploads\/2021\/06\/image-34.png",578,886,false],"2048x2048":["https:\/\/www.perunaltracitta.org\/wp-content\/uploads\/2021\/06\/image-34.png",578,886,false],"mailpoet_newsletter_max":["https:\/\/www.perunaltracitta.org\/wp-content\/uploads\/2021\/06\/image-34.png",578,886,false],"yarpp-thumbnail":["https:\/\/www.perunaltracitta.org\/wp-content\/uploads\/2021\/06\/image-34-120x120.png",120,120,true]},"uagb_author_info":{"display_name":"Gian Luca Garetti","author_link":"https:\/\/www.perunaltracitta.org\/homepage\/author\/ginalucagaretti\/"},"uagb_comment_info":0,"uagb_excerpt":"\u2018La pandemia \u00e8 un cancello tra un mondo ed un altro. Possiamo attraversarlo trascinandoci dietro le carcasse del nostro odio, dei nostri pregiudizi, la nostra avidit\u00e0, le nostre banche dati, le nostre vecchie idee, i nostri fumi morti e i cieli fumosi. Oppure possiamo attraversarlo con un bagaglio pi\u00f9 leggero, pronti a immaginare un mondo&hellip;","_links":{"self":[{"href":"https:\/\/www.perunaltracitta.org\/homepage\/wp-json\/wp\/v2\/posts\/80783","targetHints":{"allow":["GET"]}}],"collection":[{"href":"https:\/\/www.perunaltracitta.org\/homepage\/wp-json\/wp\/v2\/posts"}],"about":[{"href":"https:\/\/www.perunaltracitta.org\/homepage\/wp-json\/wp\/v2\/types\/post"}],"author":[{"embeddable":true,"href":"https:\/\/www.perunaltracitta.org\/homepage\/wp-json\/wp\/v2\/users\/36"}],"replies":[{"embeddable":true,"href":"https:\/\/www.perunaltracitta.org\/homepage\/wp-json\/wp\/v2\/comments?post=80783"}],"version-history":[{"count":3,"href":"https:\/\/www.perunaltracitta.org\/homepage\/wp-json\/wp\/v2\/posts\/80783\/revisions"}],"predecessor-version":[{"id":80788,"href":"https:\/\/www.perunaltracitta.org\/homepage\/wp-json\/wp\/v2\/posts\/80783\/revisions\/80788"}],"wp:featuredmedia":[{"embeddable":true,"href":"https:\/\/www.perunaltracitta.org\/homepage\/wp-json\/wp\/v2\/media\/80787"}],"wp:attachment":[{"href":"https:\/\/www.perunaltracitta.org\/homepage\/wp-json\/wp\/v2\/media?parent=80783"}],"wp:term":[{"taxonomy":"category","embeddable":true,"href":"https:\/\/www.perunaltracitta.org\/homepage\/wp-json\/wp\/v2\/categories?post=80783"},{"taxonomy":"post_tag","embeddable":true,"href":"https:\/\/www.perunaltracitta.org\/homepage\/wp-json\/wp\/v2\/tags?post=80783"}],"curies":[{"name":"wp","href":"https:\/\/api.w.org\/{rel}","templated":true}]}}