{"id":80794,"date":"2021-06-07T18:27:41","date_gmt":"2021-06-07T16:27:41","guid":{"rendered":"https:\/\/www.perunaltracitta.org\/?p=80794"},"modified":"2021-06-15T19:48:25","modified_gmt":"2021-06-15T17:48:25","slug":"tav-una-festa-per-lapertura-di-un-cantiere-abusivo","status":"publish","type":"post","link":"https:\/\/www.perunaltracitta.org\/homepage\/2021\/06\/07\/tav-una-festa-per-lapertura-di-un-cantiere-abusivo\/","title":{"rendered":"TAV: una festa per l\u2019apertura di un cantiere abusivo?"},"content":{"rendered":"<p>Il Comitato No Tunnel TAV Firenze vede con molta perplessit\u00e0 l\u2019euforia che ha preso le istituzioni toscane interessate alla realizzazione del Passante TAV. In particolare il presidente della Regione Eugenio Giani e il sindaco di Cavriglia Leonardo Degli Innocenti pare vogliano fare un \u201cevento inaugurale\u201d, quasi una festa, per l\u2019arrivo del primo vagone di terra in Valdarno!<\/p>\n<p>Il Comitato si chiede che cosa ci sia da festeggiare in questa vicenda che dura da oltre due decenni in cui abbiamo visto di tutto e di cui ci si dovrebbe solo vergognare:<\/p>\n<p><a href=\"https:\/\/www.perunaltracitta.org\/wp-content\/uploads\/2021\/06\/giani.jpg\"><img loading=\"lazy\" decoding=\"async\" class=\"size-medium wp-image-80797 alignleft\" src=\"https:\/\/www.perunaltracitta.org\/wp-content\/uploads\/2021\/06\/giani-300x169.jpg\" alt=\"\" width=\"300\" height=\"169\" srcset=\"https:\/\/www.perunaltracitta.org\/wp-content\/uploads\/2021\/06\/giani-300x169.jpg 300w, https:\/\/www.perunaltracitta.org\/wp-content\/uploads\/2021\/06\/giani-768x432.jpg 768w, https:\/\/www.perunaltracitta.org\/wp-content\/uploads\/2021\/06\/giani-600x338.jpg 600w, https:\/\/www.perunaltracitta.org\/wp-content\/uploads\/2021\/06\/giani.jpg 1024w\" sizes=\"auto, (max-width: 300px) 100vw, 300px\" \/><\/a><\/p>\n<ul>\n<li>le anomalie in questo progetto sono troppe; <strong>l\u2019opera \u00e8 regolata dalle norme della legge Obiettivo, pessima, ma che prevede che i lavori siano affidati alla figura del <em>general contractor<\/em>, soggetto che oggi non esiste<\/strong>; i lavori sono affidati ad una \u201csociet\u00e0 a responsabilit\u00e0 limitata\u201d controllata da FS che non ha le caratteristiche per esserlo. <strong>Tutto questo \u00e8 regolare? O siamo davanti all\u2019ennesima irregolarit\u00e0 amministrativa? O peggio?<\/strong><\/li>\n<li>per aprire i cantieri furono fatte forzature quando ancora il progetto non era approvato,<\/li>\n<li>gli errori progettuali sullo smaltimento delle terre hanno fermato lo scavo delle gallerie per 15 anni finch\u00e9 si \u00e8 dovuto ricorrere a varie modifiche normative per poter dire \u201csi parte\u201d,<\/li>\n<li>fu rimosso il responsabile del settore VIA della Regione perch\u00e9 bocci\u00f2 il progetto per costruire tre colline di fango a Santa Barbara,<\/li>\n<li>si \u00e8 avuto l\u2019aumento vertiginoso dei costi per 500 milioni, richiesta poi magicamente sparita da ogni bilancio rintracciabile; che fine hanno fatto quelle richieste?<\/li>\n<li>le inchieste della magistratura hanno aperto una finestra sul ci\u00f2 che si nasconde sotto questa vicenda: corruzione ai vertici politici e aziendali, infiltrazioni di camorra, truffa, l\u2019aver montato una fresa taroccata, traffico di rifiuti, l\u2019aver messo a rischio una scuola durante lo svolgimento delle lezioni, eccetera, eccetera<\/li>\n<li>diversi comitati, non solo questo, hanno denunciato che <strong>non esiste la valutazione di impatto ambientale<\/strong> <strong>per la stazione Foster<\/strong> (nei documenti si continua a chiamarla ipocritamente \u201cBelfiore\u201d, un progetto abbandonato da 20 anni) e si \u00e8 deciso che anche l\u2019aggiornamento del progetto per farne fermata di bus, con una importante modifica del progetto stesso e della mobilit\u00e0 cittadina, non deve essere sottoposto a VIA.<\/li>\n<li>L\u2019analisi costi benefici fatta due anni fa dice chiaramente che l\u2019analisi \u00e8 positiva perch\u00e9 \u00e8 un potenziamento della direttrice principale in Italia, ma <strong>\u00e8 totalmente negativa per Firenze e la Toscana<\/strong>. Su questo presidenti e sindaci tacciono, anzi festeggiano.<\/li>\n<\/ul>\n<p>In Valdarno l\u2019arrivo delle terre sta eccitando i sindaci del luogo abbagliati dall\u2019arrivo delle compensazioni monetarie (21 milioni) con cui rifaranno la viabilit\u00e0 di qualche quartiere; forse saranno opere utili, ma perch\u00e9 accettare questi lavori, in fondo di importo ben misero in confronto al Passante, solo in cambio dello sventramento inutile di Firenze e di uno sperpero miliardario?<\/p>\n<p>Questa politica non ha pi\u00f9 nemmeno la capacit\u00e0 di immaginare una progettualit\u00e0 che non sia sgocciolamento di una elemosina dai bilanci di una societ\u00e0 sovvenzionata dallo stato come le FS.<\/p>\n<p class=\"Textbody\" style=\"margin-bottom: 0.0001pt; line-height: normal; text-align: right;\"><strong><span style=\"font-family: 'Georgia',serif;\">Comitato No Tunnel TAV Firenze<\/span><\/strong><\/p>\n","protected":false},"excerpt":{"rendered":"<p>Il Comitato No Tunnel TAV Firenze vede con molta perplessit\u00e0 l\u2019euforia che ha preso le istituzioni toscane interessate alla realizzazione del Passante TAV. In particolare il presidente della Regione Eugenio Giani e il sindaco di Cavriglia Leonardo Degli Innocenti pare vogliano fare un \u201cevento inaugurale\u201d, quasi una festa, per l\u2019arrivo del primo vagone di terra &hellip;<\/p>\n<p class=\"read-more\"> <a class=\"\" href=\"https:\/\/www.perunaltracitta.org\/homepage\/2021\/06\/07\/tav-una-festa-per-lapertura-di-un-cantiere-abusivo\/\"> <span class=\"screen-reader-text\">TAV: una festa per l\u2019apertura di un cantiere abusivo?<\/span> Leggi altro &raquo;<\/a><\/p>\n","protected":false},"author":223,"featured_media":80797,"comment_status":"open","ping_status":"open","sticky":false,"template":"","format":"standard","meta":{"_uag_custom_page_level_css":"","site-sidebar-layout":"default","site-content-layout":"default","ast-global-header-display":"","ast-main-header-display":"","ast-hfb-above-header-display":"","ast-hfb-below-header-display":"","ast-hfb-mobile-header-display":"","site-post-title":"","ast-breadcrumbs-content":"","ast-featured-img":"","footer-sml-layout":"","theme-transparent-header-meta":"","adv-header-id-meta":"","stick-header-meta":"","header-above-stick-meta":"","header-main-stick-meta":"","header-below-stick-meta":"","footnotes":""},"categories":[41],"tags":[5,2820,603,621],"class_list":["post-80794","post","type-post","status-publish","format-standard","has-post-thumbnail","hentry","category-la-citta-invisibile","tag-firenze","tag-giani","tag-terre-di-scavo","tag-tunnel-tav"],"yoast_head":"<!-- This site is optimized with the Yoast SEO plugin v25.1 - https:\/\/yoast.com\/wordpress\/plugins\/seo\/ -->\n<title>TAV: una festa per l\u2019apertura di un cantiere abusivo? - La Citt\u00e0 invisibile | perUnaltracitt\u00e0 | Firenze<\/title>\n<meta name=\"robots\" content=\"index, follow, max-snippet:-1, max-image-preview:large, max-video-preview:-1\" \/>\n<link rel=\"canonical\" href=\"https:\/\/www.perunaltracitta.org\/homepage\/2021\/06\/07\/tav-una-festa-per-lapertura-di-un-cantiere-abusivo\/\" \/>\n<meta property=\"og:locale\" content=\"it_IT\" \/>\n<meta property=\"og:type\" content=\"article\" \/>\n<meta property=\"og:title\" content=\"TAV: una festa per l\u2019apertura di un cantiere abusivo? - La Citt\u00e0 invisibile | perUnaltracitt\u00e0 | Firenze\" \/>\n<meta property=\"og:description\" content=\"Il Comitato No Tunnel TAV Firenze vede con molta perplessit\u00e0 l\u2019euforia che ha preso le istituzioni toscane interessate alla realizzazione del Passante TAV. In particolare il presidente della Regione Eugenio Giani e il sindaco di Cavriglia Leonardo Degli Innocenti pare vogliano fare un \u201cevento inaugurale\u201d, quasi una festa, per l\u2019arrivo del primo vagone di terra &hellip; TAV: una festa per l\u2019apertura di un cantiere abusivo? Leggi altro &raquo;\" \/>\n<meta property=\"og:url\" content=\"https:\/\/www.perunaltracitta.org\/homepage\/2021\/06\/07\/tav-una-festa-per-lapertura-di-un-cantiere-abusivo\/\" \/>\n<meta property=\"og:site_name\" content=\"La Citt\u00e0 invisibile | perUnaltracitt\u00e0 | Firenze\" \/>\n<meta property=\"article:publisher\" content=\"https:\/\/www.facebook.com\/perunaltracitta\" \/>\n<meta property=\"article:published_time\" content=\"2021-06-07T16:27:41+00:00\" \/>\n<meta property=\"article:modified_time\" content=\"2021-06-15T17:48:25+00:00\" \/>\n<meta property=\"og:image\" content=\"https:\/\/www.perunaltracitta.org\/wp-content\/uploads\/2021\/06\/giani.jpg\" \/>\n\t<meta property=\"og:image:width\" content=\"1024\" \/>\n\t<meta property=\"og:image:height\" content=\"576\" \/>\n\t<meta property=\"og:image:type\" content=\"image\/jpeg\" \/>\n<meta name=\"author\" content=\"NoTunnelTav\" \/>\n<meta name=\"twitter:card\" content=\"summary_large_image\" \/>\n<meta name=\"twitter:creator\" content=\"@perunaltracitta\" \/>\n<meta name=\"twitter:site\" content=\"@perunaltracitta\" \/>\n<meta name=\"twitter:label1\" content=\"Scritto da\" \/>\n\t<meta name=\"twitter:data1\" content=\"NoTunnelTav\" \/>\n\t<meta name=\"twitter:label2\" content=\"Tempo di lettura stimato\" \/>\n\t<meta name=\"twitter:data2\" content=\"3 minuti\" \/>\n<script type=\"application\/ld+json\" class=\"yoast-schema-graph\">{\"@context\":\"https:\/\/schema.org\",\"@graph\":[{\"@type\":\"Article\",\"@id\":\"https:\/\/www.perunaltracitta.org\/homepage\/2021\/06\/07\/tav-una-festa-per-lapertura-di-un-cantiere-abusivo\/#article\",\"isPartOf\":{\"@id\":\"https:\/\/www.perunaltracitta.org\/homepage\/2021\/06\/07\/tav-una-festa-per-lapertura-di-un-cantiere-abusivo\/\"},\"author\":{\"name\":\"NoTunnelTav\",\"@id\":\"https:\/\/www.perunaltracitta.org\/homepage\/#\/schema\/person\/bfa01f1df894d124f61423db91adf8ed\"},\"headline\":\"TAV: una festa per l\u2019apertura di un cantiere abusivo?\",\"datePublished\":\"2021-06-07T16:27:41+00:00\",\"dateModified\":\"2021-06-15T17:48:25+00:00\",\"mainEntityOfPage\":{\"@id\":\"https:\/\/www.perunaltracitta.org\/homepage\/2021\/06\/07\/tav-una-festa-per-lapertura-di-un-cantiere-abusivo\/\"},\"wordCount\":499,\"commentCount\":0,\"publisher\":{\"@id\":\"https:\/\/www.perunaltracitta.org\/homepage\/#organization\"},\"image\":{\"@id\":\"https:\/\/www.perunaltracitta.org\/homepage\/2021\/06\/07\/tav-una-festa-per-lapertura-di-un-cantiere-abusivo\/#primaryimage\"},\"thumbnailUrl\":\"https:\/\/www.perunaltracitta.org\/wp-content\/uploads\/2021\/06\/giani.jpg\",\"keywords\":[\"firenze\",\"giani\",\"terre di scavo\",\"tunnel tav\"],\"articleSection\":[\"La Citt\u00e0 invisibile\"],\"inLanguage\":\"it-IT\",\"potentialAction\":[{\"@type\":\"CommentAction\",\"name\":\"Comment\",\"target\":[\"https:\/\/www.perunaltracitta.org\/homepage\/2021\/06\/07\/tav-una-festa-per-lapertura-di-un-cantiere-abusivo\/#respond\"]}]},{\"@type\":\"WebPage\",\"@id\":\"https:\/\/www.perunaltracitta.org\/homepage\/2021\/06\/07\/tav-una-festa-per-lapertura-di-un-cantiere-abusivo\/\",\"url\":\"https:\/\/www.perunaltracitta.org\/homepage\/2021\/06\/07\/tav-una-festa-per-lapertura-di-un-cantiere-abusivo\/\",\"name\":\"TAV: una festa per l\u2019apertura di un cantiere abusivo? - La Citt\u00e0 invisibile | perUnaltracitt\u00e0 | Firenze\",\"isPartOf\":{\"@id\":\"https:\/\/www.perunaltracitta.org\/homepage\/#website\"},\"primaryImageOfPage\":{\"@id\":\"https:\/\/www.perunaltracitta.org\/homepage\/2021\/06\/07\/tav-una-festa-per-lapertura-di-un-cantiere-abusivo\/#primaryimage\"},\"image\":{\"@id\":\"https:\/\/www.perunaltracitta.org\/homepage\/2021\/06\/07\/tav-una-festa-per-lapertura-di-un-cantiere-abusivo\/#primaryimage\"},\"thumbnailUrl\":\"https:\/\/www.perunaltracitta.org\/wp-content\/uploads\/2021\/06\/giani.jpg\",\"datePublished\":\"2021-06-07T16:27:41+00:00\",\"dateModified\":\"2021-06-15T17:48:25+00:00\",\"breadcrumb\":{\"@id\":\"https:\/\/www.perunaltracitta.org\/homepage\/2021\/06\/07\/tav-una-festa-per-lapertura-di-un-cantiere-abusivo\/#breadcrumb\"},\"inLanguage\":\"it-IT\",\"potentialAction\":[{\"@type\":\"ReadAction\",\"target\":[\"https:\/\/www.perunaltracitta.org\/homepage\/2021\/06\/07\/tav-una-festa-per-lapertura-di-un-cantiere-abusivo\/\"]}]},{\"@type\":\"ImageObject\",\"inLanguage\":\"it-IT\",\"@id\":\"https:\/\/www.perunaltracitta.org\/homepage\/2021\/06\/07\/tav-una-festa-per-lapertura-di-un-cantiere-abusivo\/#primaryimage\",\"url\":\"https:\/\/www.perunaltracitta.org\/wp-content\/uploads\/2021\/06\/giani.jpg\",\"contentUrl\":\"https:\/\/www.perunaltracitta.org\/wp-content\/uploads\/2021\/06\/giani.jpg\",\"width\":1024,\"height\":576},{\"@type\":\"BreadcrumbList\",\"@id\":\"https:\/\/www.perunaltracitta.org\/homepage\/2021\/06\/07\/tav-una-festa-per-lapertura-di-un-cantiere-abusivo\/#breadcrumb\",\"itemListElement\":[{\"@type\":\"ListItem\",\"position\":1,\"name\":\"Home\",\"item\":\"https:\/\/www.perunaltracitta.org\/homepage\/\"},{\"@type\":\"ListItem\",\"position\":2,\"name\":\"TAV: una festa per l\u2019apertura di un cantiere abusivo?\"}]},{\"@type\":\"WebSite\",\"@id\":\"https:\/\/www.perunaltracitta.org\/homepage\/#website\",\"url\":\"https:\/\/www.perunaltracitta.org\/homepage\/\",\"name\":\"La Citt\u00e0 invisibile | perUnaltracitt\u00e0 | Firenze\",\"description\":\"Voci oltre il pensiero unico\",\"publisher\":{\"@id\":\"https:\/\/www.perunaltracitta.org\/homepage\/#organization\"},\"potentialAction\":[{\"@type\":\"SearchAction\",\"target\":{\"@type\":\"EntryPoint\",\"urlTemplate\":\"https:\/\/www.perunaltracitta.org\/homepage\/?s={search_term_string}\"},\"query-input\":{\"@type\":\"PropertyValueSpecification\",\"valueRequired\":true,\"valueName\":\"search_term_string\"}}],\"inLanguage\":\"it-IT\"},{\"@type\":\"Organization\",\"@id\":\"https:\/\/www.perunaltracitta.org\/homepage\/#organization\",\"name\":\"perUnaltracitt\u00e0 - laboratorio politico Firenze\",\"url\":\"https:\/\/www.perunaltracitta.org\/homepage\/\",\"logo\":{\"@type\":\"ImageObject\",\"inLanguage\":\"it-IT\",\"@id\":\"https:\/\/www.perunaltracitta.org\/homepage\/#\/schema\/logo\/image\/\",\"url\":\"https:\/\/www.perunaltracitta.org\/wp-content\/uploads\/2025\/11\/Original-on-Transparent-Copia-af-1.png\",\"contentUrl\":\"https:\/\/www.perunaltracitta.org\/wp-content\/uploads\/2025\/11\/Original-on-Transparent-Copia-af-1.png\",\"width\":600,\"height\":153,\"caption\":\"perUnaltracitt\u00e0 - laboratorio politico Firenze\"},\"image\":{\"@id\":\"https:\/\/www.perunaltracitta.org\/homepage\/#\/schema\/logo\/image\/\"},\"sameAs\":[\"https:\/\/www.facebook.com\/perunaltracitta\",\"https:\/\/x.com\/perunaltracitta\"]},{\"@type\":\"Person\",\"@id\":\"https:\/\/www.perunaltracitta.org\/homepage\/#\/schema\/person\/bfa01f1df894d124f61423db91adf8ed\",\"name\":\"NoTunnelTav\",\"image\":{\"@type\":\"ImageObject\",\"inLanguage\":\"it-IT\",\"@id\":\"https:\/\/www.perunaltracitta.org\/homepage\/#\/schema\/person\/image\/\",\"url\":\"https:\/\/www.perunaltracitta.org\/wp-content\/uploads\/2016\/10\/no_tav_tunnel_tav_firenze-96x96.jpg\",\"contentUrl\":\"https:\/\/www.perunaltracitta.org\/wp-content\/uploads\/2016\/10\/no_tav_tunnel_tav_firenze-96x96.jpg\",\"caption\":\"NoTunnelTav\"},\"url\":\"https:\/\/www.perunaltracitta.org\/homepage\/author\/notunneltav\/\"}]}<\/script>\n<!-- \/ Yoast SEO plugin. -->","yoast_head_json":{"title":"TAV: una festa per l\u2019apertura di un cantiere abusivo? - La Citt\u00e0 invisibile | perUnaltracitt\u00e0 | Firenze","robots":{"index":"index","follow":"follow","max-snippet":"max-snippet:-1","max-image-preview":"max-image-preview:large","max-video-preview":"max-video-preview:-1"},"canonical":"https:\/\/www.perunaltracitta.org\/homepage\/2021\/06\/07\/tav-una-festa-per-lapertura-di-un-cantiere-abusivo\/","og_locale":"it_IT","og_type":"article","og_title":"TAV: una festa per l\u2019apertura di un cantiere abusivo? - La Citt\u00e0 invisibile | perUnaltracitt\u00e0 | Firenze","og_description":"Il Comitato No Tunnel TAV Firenze vede con molta perplessit\u00e0 l\u2019euforia che ha preso le istituzioni toscane interessate alla realizzazione del Passante TAV. In particolare il presidente della Regione Eugenio Giani e il sindaco di Cavriglia Leonardo Degli Innocenti pare vogliano fare un \u201cevento inaugurale\u201d, quasi una festa, per l\u2019arrivo del primo vagone di terra &hellip; TAV: una festa per l\u2019apertura di un cantiere abusivo? Leggi altro &raquo;","og_url":"https:\/\/www.perunaltracitta.org\/homepage\/2021\/06\/07\/tav-una-festa-per-lapertura-di-un-cantiere-abusivo\/","og_site_name":"La Citt\u00e0 invisibile | perUnaltracitt\u00e0 | Firenze","article_publisher":"https:\/\/www.facebook.com\/perunaltracitta","article_published_time":"2021-06-07T16:27:41+00:00","article_modified_time":"2021-06-15T17:48:25+00:00","og_image":[{"width":1024,"height":576,"url":"https:\/\/www.perunaltracitta.org\/wp-content\/uploads\/2021\/06\/giani.jpg","type":"image\/jpeg"}],"author":"NoTunnelTav","twitter_card":"summary_large_image","twitter_creator":"@perunaltracitta","twitter_site":"@perunaltracitta","twitter_misc":{"Scritto da":"NoTunnelTav","Tempo di lettura stimato":"3 minuti"},"schema":{"@context":"https:\/\/schema.org","@graph":[{"@type":"Article","@id":"https:\/\/www.perunaltracitta.org\/homepage\/2021\/06\/07\/tav-una-festa-per-lapertura-di-un-cantiere-abusivo\/#article","isPartOf":{"@id":"https:\/\/www.perunaltracitta.org\/homepage\/2021\/06\/07\/tav-una-festa-per-lapertura-di-un-cantiere-abusivo\/"},"author":{"name":"NoTunnelTav","@id":"https:\/\/www.perunaltracitta.org\/homepage\/#\/schema\/person\/bfa01f1df894d124f61423db91adf8ed"},"headline":"TAV: una festa per l\u2019apertura di un cantiere abusivo?","datePublished":"2021-06-07T16:27:41+00:00","dateModified":"2021-06-15T17:48:25+00:00","mainEntityOfPage":{"@id":"https:\/\/www.perunaltracitta.org\/homepage\/2021\/06\/07\/tav-una-festa-per-lapertura-di-un-cantiere-abusivo\/"},"wordCount":499,"commentCount":0,"publisher":{"@id":"https:\/\/www.perunaltracitta.org\/homepage\/#organization"},"image":{"@id":"https:\/\/www.perunaltracitta.org\/homepage\/2021\/06\/07\/tav-una-festa-per-lapertura-di-un-cantiere-abusivo\/#primaryimage"},"thumbnailUrl":"https:\/\/www.perunaltracitta.org\/wp-content\/uploads\/2021\/06\/giani.jpg","keywords":["firenze","giani","terre di scavo","tunnel tav"],"articleSection":["La Citt\u00e0 invisibile"],"inLanguage":"it-IT","potentialAction":[{"@type":"CommentAction","name":"Comment","target":["https:\/\/www.perunaltracitta.org\/homepage\/2021\/06\/07\/tav-una-festa-per-lapertura-di-un-cantiere-abusivo\/#respond"]}]},{"@type":"WebPage","@id":"https:\/\/www.perunaltracitta.org\/homepage\/2021\/06\/07\/tav-una-festa-per-lapertura-di-un-cantiere-abusivo\/","url":"https:\/\/www.perunaltracitta.org\/homepage\/2021\/06\/07\/tav-una-festa-per-lapertura-di-un-cantiere-abusivo\/","name":"TAV: una festa per l\u2019apertura di un cantiere abusivo? - La Citt\u00e0 invisibile | perUnaltracitt\u00e0 | Firenze","isPartOf":{"@id":"https:\/\/www.perunaltracitta.org\/homepage\/#website"},"primaryImageOfPage":{"@id":"https:\/\/www.perunaltracitta.org\/homepage\/2021\/06\/07\/tav-una-festa-per-lapertura-di-un-cantiere-abusivo\/#primaryimage"},"image":{"@id":"https:\/\/www.perunaltracitta.org\/homepage\/2021\/06\/07\/tav-una-festa-per-lapertura-di-un-cantiere-abusivo\/#primaryimage"},"thumbnailUrl":"https:\/\/www.perunaltracitta.org\/wp-content\/uploads\/2021\/06\/giani.jpg","datePublished":"2021-06-07T16:27:41+00:00","dateModified":"2021-06-15T17:48:25+00:00","breadcrumb":{"@id":"https:\/\/www.perunaltracitta.org\/homepage\/2021\/06\/07\/tav-una-festa-per-lapertura-di-un-cantiere-abusivo\/#breadcrumb"},"inLanguage":"it-IT","potentialAction":[{"@type":"ReadAction","target":["https:\/\/www.perunaltracitta.org\/homepage\/2021\/06\/07\/tav-una-festa-per-lapertura-di-un-cantiere-abusivo\/"]}]},{"@type":"ImageObject","inLanguage":"it-IT","@id":"https:\/\/www.perunaltracitta.org\/homepage\/2021\/06\/07\/tav-una-festa-per-lapertura-di-un-cantiere-abusivo\/#primaryimage","url":"https:\/\/www.perunaltracitta.org\/wp-content\/uploads\/2021\/06\/giani.jpg","contentUrl":"https:\/\/www.perunaltracitta.org\/wp-content\/uploads\/2021\/06\/giani.jpg","width":1024,"height":576},{"@type":"BreadcrumbList","@id":"https:\/\/www.perunaltracitta.org\/homepage\/2021\/06\/07\/tav-una-festa-per-lapertura-di-un-cantiere-abusivo\/#breadcrumb","itemListElement":[{"@type":"ListItem","position":1,"name":"Home","item":"https:\/\/www.perunaltracitta.org\/homepage\/"},{"@type":"ListItem","position":2,"name":"TAV: una festa per l\u2019apertura di un cantiere abusivo?"}]},{"@type":"WebSite","@id":"https:\/\/www.perunaltracitta.org\/homepage\/#website","url":"https:\/\/www.perunaltracitta.org\/homepage\/","name":"La Citt\u00e0 invisibile | perUnaltracitt\u00e0 | Firenze","description":"Voci oltre il pensiero unico","publisher":{"@id":"https:\/\/www.perunaltracitta.org\/homepage\/#organization"},"potentialAction":[{"@type":"SearchAction","target":{"@type":"EntryPoint","urlTemplate":"https:\/\/www.perunaltracitta.org\/homepage\/?s={search_term_string}"},"query-input":{"@type":"PropertyValueSpecification","valueRequired":true,"valueName":"search_term_string"}}],"inLanguage":"it-IT"},{"@type":"Organization","@id":"https:\/\/www.perunaltracitta.org\/homepage\/#organization","name":"perUnaltracitt\u00e0 - laboratorio politico Firenze","url":"https:\/\/www.perunaltracitta.org\/homepage\/","logo":{"@type":"ImageObject","inLanguage":"it-IT","@id":"https:\/\/www.perunaltracitta.org\/homepage\/#\/schema\/logo\/image\/","url":"https:\/\/www.perunaltracitta.org\/wp-content\/uploads\/2025\/11\/Original-on-Transparent-Copia-af-1.png","contentUrl":"https:\/\/www.perunaltracitta.org\/wp-content\/uploads\/2025\/11\/Original-on-Transparent-Copia-af-1.png","width":600,"height":153,"caption":"perUnaltracitt\u00e0 - laboratorio politico Firenze"},"image":{"@id":"https:\/\/www.perunaltracitta.org\/homepage\/#\/schema\/logo\/image\/"},"sameAs":["https:\/\/www.facebook.com\/perunaltracitta","https:\/\/x.com\/perunaltracitta"]},{"@type":"Person","@id":"https:\/\/www.perunaltracitta.org\/homepage\/#\/schema\/person\/bfa01f1df894d124f61423db91adf8ed","name":"NoTunnelTav","image":{"@type":"ImageObject","inLanguage":"it-IT","@id":"https:\/\/www.perunaltracitta.org\/homepage\/#\/schema\/person\/image\/","url":"https:\/\/www.perunaltracitta.org\/wp-content\/uploads\/2016\/10\/no_tav_tunnel_tav_firenze-96x96.jpg","contentUrl":"https:\/\/www.perunaltracitta.org\/wp-content\/uploads\/2016\/10\/no_tav_tunnel_tav_firenze-96x96.jpg","caption":"NoTunnelTav"},"url":"https:\/\/www.perunaltracitta.org\/homepage\/author\/notunneltav\/"}]}},"uagb_featured_image_src":{"full":["https:\/\/www.perunaltracitta.org\/wp-content\/uploads\/2021\/06\/giani.jpg",1024,576,false],"thumbnail":["https:\/\/www.perunaltracitta.org\/wp-content\/uploads\/2021\/06\/giani-150x150.jpg",150,150,true],"medium":["https:\/\/www.perunaltracitta.org\/wp-content\/uploads\/2021\/06\/giani-300x169.jpg",300,169,true],"medium_large":["https:\/\/www.perunaltracitta.org\/wp-content\/uploads\/2021\/06\/giani-768x432.jpg",768,432,true],"large":["https:\/\/www.perunaltracitta.org\/wp-content\/uploads\/2021\/06\/giani.jpg",1024,576,false],"wysija-newsletters-max":["https:\/\/www.perunaltracitta.org\/wp-content\/uploads\/2021\/06\/giani-600x338.jpg",600,338,true],"1536x1536":["https:\/\/www.perunaltracitta.org\/wp-content\/uploads\/2021\/06\/giani.jpg",1024,576,false],"2048x2048":["https:\/\/www.perunaltracitta.org\/wp-content\/uploads\/2021\/06\/giani.jpg",1024,576,false],"mailpoet_newsletter_max":["https:\/\/www.perunaltracitta.org\/wp-content\/uploads\/2021\/06\/giani.jpg",1024,576,false],"yarpp-thumbnail":["https:\/\/www.perunaltracitta.org\/wp-content\/uploads\/2021\/06\/giani-120x120.jpg",120,120,true]},"uagb_author_info":{"display_name":"NoTunnelTav","author_link":"https:\/\/www.perunaltracitta.org\/homepage\/author\/notunneltav\/"},"uagb_comment_info":0,"uagb_excerpt":"Il Comitato No Tunnel TAV Firenze vede con molta perplessit\u00e0 l\u2019euforia che ha preso le istituzioni toscane interessate alla realizzazione del Passante TAV. In particolare il presidente della Regione Eugenio Giani e il sindaco di Cavriglia Leonardo Degli Innocenti pare vogliano fare un \u201cevento inaugurale\u201d, quasi una festa, per l\u2019arrivo del primo vagone di terra&hellip;","_links":{"self":[{"href":"https:\/\/www.perunaltracitta.org\/homepage\/wp-json\/wp\/v2\/posts\/80794","targetHints":{"allow":["GET"]}}],"collection":[{"href":"https:\/\/www.perunaltracitta.org\/homepage\/wp-json\/wp\/v2\/posts"}],"about":[{"href":"https:\/\/www.perunaltracitta.org\/homepage\/wp-json\/wp\/v2\/types\/post"}],"author":[{"embeddable":true,"href":"https:\/\/www.perunaltracitta.org\/homepage\/wp-json\/wp\/v2\/users\/223"}],"replies":[{"embeddable":true,"href":"https:\/\/www.perunaltracitta.org\/homepage\/wp-json\/wp\/v2\/comments?post=80794"}],"version-history":[{"count":5,"href":"https:\/\/www.perunaltracitta.org\/homepage\/wp-json\/wp\/v2\/posts\/80794\/revisions"}],"predecessor-version":[{"id":80872,"href":"https:\/\/www.perunaltracitta.org\/homepage\/wp-json\/wp\/v2\/posts\/80794\/revisions\/80872"}],"wp:featuredmedia":[{"embeddable":true,"href":"https:\/\/www.perunaltracitta.org\/homepage\/wp-json\/wp\/v2\/media\/80797"}],"wp:attachment":[{"href":"https:\/\/www.perunaltracitta.org\/homepage\/wp-json\/wp\/v2\/media?parent=80794"}],"wp:term":[{"taxonomy":"category","embeddable":true,"href":"https:\/\/www.perunaltracitta.org\/homepage\/wp-json\/wp\/v2\/categories?post=80794"},{"taxonomy":"post_tag","embeddable":true,"href":"https:\/\/www.perunaltracitta.org\/homepage\/wp-json\/wp\/v2\/tags?post=80794"}],"curies":[{"name":"wp","href":"https:\/\/api.w.org\/{rel}","templated":true}]}}