{"id":81543,"date":"2021-10-12T09:25:10","date_gmt":"2021-10-12T07:25:10","guid":{"rendered":"https:\/\/www.perunaltracitta.org\/?p=81543"},"modified":"2021-10-13T19:20:11","modified_gmt":"2021-10-13T17:20:11","slug":"il-disastro-delle-politiche-infrastrutturali-toscane-un-aggiornamento","status":"publish","type":"post","link":"https:\/\/www.perunaltracitta.org\/homepage\/2021\/10\/12\/il-disastro-delle-politiche-infrastrutturali-toscane-un-aggiornamento\/","title":{"rendered":"Il disastro delle politiche infrastrutturali toscane: un aggiornamento"},"content":{"rendered":"<p><span style=\"color: #000000;\">Il Comitato No Tunnel TAV di Firenze ha presentato alla Procura di Firenze un esposto in cui ha riassunto le principali stranezze e irrazionalit\u00e0 del contestato progetto di Passante AV, il cosiddetto sottoattraversamento TAV. <\/span><span style=\"color: #000000;\">Una sintesi la si trova <strong><a href=\"http:\/\/notavfirenze.blogspot.com\/2021\/10\/nuovo-progetto-dellalta-velocita-in.html\">qui<\/a><\/strong>:\u00a0<\/span><\/p>\n<p><span style=\"color: #000000;\"><strong>Il principale motivo per cui \u00e8 stato fatto questo passo \u00e8 la mancanza di logica del progetto, mancanza che potrebbe nascondere comportamenti perseguibili penalmente come abbiamo gi\u00e0 visto in passato<\/strong>. Difficile capire i motivi espressi da Sindaco fiorentino e Giunta regionale nel voler riesumare un progetto gi\u00e0 vecchio 25 anni fa quando fu pensato; oggi appare semplicemente ridicolo continuare a pretenderlo, soprattutto dopo la fiammata di buon senso che illumin\u00f2 Dario Nardella nel 2016, supportato dall\u2019allora AD delle Ferrovie Renato Mazzoncini, fino a dichiarare:<\/span><\/p>\n<p><span style=\"color: #000000;\">\u201c<i>Questo progetto di alta velocit\u00e0 che Ferrovie dello Stato ha voluto fare in tutti i modi, oggi ancor pi\u00f9 di ieri e, voglio dire, sempre di pi\u00f9, appare inspiegabile. <\/i><\/span><span style=\"color: #000000;\"><i>E&#8217; un grande spreco di denaro pubblico. Perch\u00e9 stiamo parlando di un miliardo e mezzo di euro, un miliardo e mezzo di euro! per risparmiare due minuti.\u201d <\/i>Il seguito del suo intervento \u00e8 reperibile <strong><a href=\"http:\/\/notavfirenze.blogspot.com\/2019\/02\/nardella-e-i-tunnel-tav-fiorentini-una.html\">qui<\/a><\/strong>:<\/span><\/p>\n<p align=\"justify\"><span style=\"color: #000000;\"><a href=\"https:\/\/www.perunaltracitta.org\/wp-content\/uploads\/2021\/10\/bandiere-no-tunnel-tav-111.jpg\"><img loading=\"lazy\" decoding=\"async\" class=\"alignleft size-medium wp-image-81550\" src=\"https:\/\/www.perunaltracitta.org\/wp-content\/uploads\/2021\/10\/bandiere-no-tunnel-tav-111-300x225.jpg\" alt=\"\" width=\"300\" height=\"225\" srcset=\"https:\/\/www.perunaltracitta.org\/wp-content\/uploads\/2021\/10\/bandiere-no-tunnel-tav-111-300x225.jpg 300w, https:\/\/www.perunaltracitta.org\/wp-content\/uploads\/2021\/10\/bandiere-no-tunnel-tav-111-1024x768.jpg 1024w, https:\/\/www.perunaltracitta.org\/wp-content\/uploads\/2021\/10\/bandiere-no-tunnel-tav-111-768x576.jpg 768w, https:\/\/www.perunaltracitta.org\/wp-content\/uploads\/2021\/10\/bandiere-no-tunnel-tav-111-600x450.jpg 600w, https:\/\/www.perunaltracitta.org\/wp-content\/uploads\/2021\/10\/bandiere-no-tunnel-tav-111.jpg 1200w\" sizes=\"auto, (max-width: 300px) 100vw, 300px\" \/><\/a>Invece di dar credito a questa passata illuminazione, il 7 ottobre 2021 il Sindaco Dario Nardella e il Presidente regionale Eugenio Giani sono andati a Roma ad incontrare l\u2019AD delle FSI per chiedere di accelerare i lavori TAV; i tempi necessari per ultimare i lavori paiono impensierire i nostri. <\/span><\/p>\n<p align=\"justify\"><span style=\"color: #000000;\">Al di l\u00e0 delle chiacchiere fatte finora, i lavori del Passante sono minimi, della stazione \u00e8 stato realizzato meno del 30%, dei tunnel 0%. Addirittura l\u2019adeguamento della progettazione della Foster sar\u00e0 pronta forse tra un anno. La fretta della politica toscana \u00e8 un segno di scompostezza davanti al palese fallimento delle scelte infrastrutturali fatte negli ultimi decenni. <\/span><\/p>\n<p align=\"justify\"><span style=\"color: #000000;\">Si sostiene che i tunnel serviranno a \u201cliberare i binari di superficie\u201d per i treni regionali, nenia che sentiamo ripetere continuamente. <strong>I critici<\/strong> \u2013 come questo comitato &#8211; <strong>chiedono da sempre perch\u00e9 non potenziare i binari di superficie con una spesa infinitamente inferiore, con tempi molto pi\u00f9 brevi, senza rischi per la citt\u00e0<\/strong>. Ancora aspettano risposta. <\/span><span style=\"color: #000000;\">Che \u201cliberare i binari\u201d sia solo fuffa per media distratti \u00e8 confermato dal contratto di servizio tra Regione e Trenitalia che scade nel 2034; <strong>in quel documento si prevede di avere nuovi treni solo per sostituire gli attuali, molti dei quali sono obsoleti e indegni di un trasporto decente. Se non ci saranno pi\u00f9 treni cosa si pensa di far correre sui \u201cbinari liberati\u201d?<\/strong> Forse le chiacchiere che non costano nulla?<\/span><\/p>\n<p align=\"justify\"><span style=\"color: #000000;\">La smania di infrastrutture nei palazzi del potere toscano sfida anche il ridicolo di voler realizzare un <i>people mover<\/i> (imposto come maldestra compensazione al disagio per i viaggiatori da e per Firenze) tra la futura stazione Foster e Santa Maria Novella <b>prima che la nuova stazione sia ultimata<\/b>, sempre che ci si riesca. Il <i>people mover<\/i>, poi, occuperebbe uno o due binari esistenti che afferiscono a Santa Maria Novella riducendo la potenzialit\u00e0 della stazione attuale; davvero un bel progetto per <i>liberare i binari di superficie<\/i>! Improvvisazione e mancanza di una visione della citt\u00e0 sono due caratteristiche della pianificazione cittadina che non teme nemmeno di sfidare il minimo buonsenso.<img loading=\"lazy\" decoding=\"async\" class=\"n3VNCb alignright\" src=\"https:\/\/static.ilmanifesto.it\/2014\/04\/02\/notav.jpg\" alt=\"La corsa a sindaco di Firenze nel tunnel dell&amp;#39;alta velocit\u00e0 | il manifesto\" width=\"535\" height=\"401\" data-noaft=\"1\" \/><\/span><\/p>\n<p align=\"justify\"><span style=\"color: #000000;\">P<\/span><span style=\"color: #000000;\">are <\/span><span style=\"color: #000000;\">comunque<\/span> <span style=\"color: #000000;\">che anche in Regione si<\/span><span style=\"color: #000000;\"> siano accorti <\/span><span style=\"color: #000000;\">che il <\/span><span style=\"color: #000000;\"><i>collo di bottiglia<\/i><\/span><span style=\"color: #000000;\">, sempre paventato dai s\u00ec-tunnel, non sia nel nodo di Firenze ma a sud di Rovezzano; per questo <\/span><span style=\"color: #000000;\">recentemente<\/span><span style=\"color: #000000;\"> \u00e8 stata votata una mozione dalla \u201c<\/span><span style=\"color: #000000;\">Commissione regionale<\/span><span style=\"color: #000000;\"> Te<\/span><span style=\"color: #000000;\">rritorio, ambiente, mobilit\u00e0 ed infrastrutture\u201d <\/span><span style=\"color: #000000;\">in cui si propone il raddoppio della linea Figline &#8211; Campo Marte. <\/span><span style=\"color: #000000;\">Appare quanto mai fantasioso che si pensi di realizzare un nuovo tunnel di 14 km sotto le colline di San Donato; <\/span><span style=\"color: #000000;\">davvero qualcuno <\/span><span style=\"color: #000000;\">ritiene<\/span><span style=\"color: #000000;\"> sia un progetto realistico? <\/span><span style=\"color: #000000;\">La cosa fu proposta molti anni fa<\/span><span style=\"color: #000000;\">, <\/span><span style=\"color: #000000;\">prima di scegliere il sottoattraversamento che oggi minaccia Firenze,<\/span><span style=\"color: #000000;\"> ma il progetto fu accantonato perch\u00e9 troppo costoso. <\/span><span style=\"color: #000000;\"><b>Ma <\/b><\/span><span style=\"color: #000000;\"><b>per risolvere i problemi dei pendolari del Valdarno<\/b><\/span><span style=\"color: #000000;\"><b> non sarebbe sufficiente rendere pi\u00f9 omogenee le velocit\u00e0 tra treni AV e regionali velocizzando i secondi? Dare un po\u2019 di dignit\u00e0 anche ai treni di chi ogni giorno deve recarsi nel capoluogo per studio o lavoro? Smetterla con questa aureola di intoccabilit\u00e0 dei treni veloci e rivedere di pochi minuti i <\/b><\/span><span style=\"color: #000000;\"><b>loro<\/b><\/span><span style=\"color: #000000;\"><b> orari?<\/b><\/span><\/p>\n<p align=\"justify\"><span style=\"color: #000000;\">Intanto, mentre sindaco e presidente volano a Roma a ricevere vacue promesse (un accordo sul crono programma, cio\u00e8 sostanzialmente nulla), pare che gli stessi non vogliano vedere cosa accada alle linee attuali:<strong> l\u2019anello della Faentina<\/strong> (la linea che va da Vaglia al Mugello alla Val di Sieve e si ricongiunge a Pontassieve con la linea aretina), che serve un territorio con molti pendolari che potrebbero essere molti di pi\u00f9 se il servizio non fosse a livelli di pura sussistenza, <strong>\u00e8 stato notevolmente depotenziato<\/strong> dalla soppressione di binari di incrocio in diverse stazioni, impedendo un possibile sviluppo del servizio, nonch\u00e9 aumentando il flagello di ritardi cronici. <strong>Le FS, per risparmiare risorse irrisorie nella manutenzione di impianti relativamente semplici, stanno sostanzialmente smantellando lentamente un servizio che, al contrario, potrebbe ridurre le decine di migliaia di auto che ogni giorno raggiungono Firenze.<\/strong> Su questo la Regione non ha detto nulla e non fa nulla per sviluppare un servizio che potrebbe essere fatto con pochissimo sforzo, ma si sbraccia per spendere quasi un miliardo per due tunnel che non servono a nulla.<\/span><\/p>\n<p align=\"justify\"><span style=\"color: #000000;\">Il raddoppio della linea per Lucca \u00e8 in ritardo, ma anche su questo \u00e8 calato il silenzio.<\/span><\/p>\n<p align=\"justify\"><span style=\"color: #000000;\">Il Comitato si \u00e8 messo a curiosare cosa accade sulle linee gi\u00e0 \u201cliberate dai treni AV\u201d come la linea storica Firenze Prato Bologna, una linea che avrebbe potenzialit\u00e0 notevoli servendo tre citt\u00e0 molto importanti e interessate da un forte pendolarismo reciproco. L\u2019offerta tra i capoluoghi \u00e8 enorme per i treni ad alta velocit\u00e0, ma con tariffe dai 29 ai 35 euro, proibitive per la maggioranza dei cittadini.Da notare che una citt\u00e0 come Prato \u00e8 tagliata fuori anche da questo servizio!<br \/>\n<\/span><\/p>\n<p align=\"justify\"><span style=\"color: #000000;\">I treni regionali, la cui tariffa sarebbe 9.50 euro, hanno tempi di percorrenza superiori alle 2 ore; al momento la linea \u00e8 interessata da lavori di adeguamento delle gallerie, ma anche prima i tempi di viaggio erano analoghi, quasi sempre con cambio a Prato. <strong>Le tariffe AV e i tempi esorbitanti del trasporto regionale sono un sostanziale sabotaggio del trasporto pubblico su questa tratta fondamentale, costringendo troppi viaggiatori a privilegiare il mezzo privato su gomma<\/strong>; un bel risultato dopo tutta la retorica sulla cura del ferro.<\/span><\/p>\n<p align=\"justify\"><span style=\"color: #000000;\">Anche su questa vergogna sia la Regione Toscana che quella dell\u2019Emilia Romagna tacciono; a Firenze si preferisce petulare per un progetto assurdo e dannoso come il sottoattraversamento e si tace, invece di alzare la voce, contro queste politiche delle FS.<\/span><\/p>\n<p align=\"justify\"><span style=\"color: #000000;\">Per constatare il disastro infrastrutturale toscano<\/span><span style=\"color: #000000;\"> ci sarebbe da aggiungere il capitolo aeroporto voluto ad ogni costo contro ogni principio urbanistico e di buon senso. <\/span><span style=\"color: #000000;\">Anche<\/span><span style=\"color: #000000;\"> quello del trasporto pubblico a Firenze <\/span><span style=\"color: #000000;\">\u00e8 da mettere in conto;<\/span><span style=\"color: #000000;\"> la Gest SpA, che gestisce il sistema delle tranvie, vede inquisito l\u2019amministratore delegato,<\/span> <strong><span style=\"color: #000000;\">Jean Luc Laugaa,<\/span><\/strong><span style=\"color: #000000;\"> per <\/span><span style=\"color: #000000;\">peculato. <\/span><strong><span style=\"color: #000000;\">Si tratta della stessa persona che <\/span><\/strong><strong><span style=\"color: #000000;\">\u00e8<\/span><\/strong><strong><span style=\"color: #000000;\"> AD anche di Autolinee Toscane, la societ\u00e0 di trasporti che gesti<\/span><\/strong><strong><span style=\"color: #000000;\">r\u00e0 dal 1 novembre<\/span><\/strong><strong><span style=\"color: #000000;\"> il TPL dell\u2019intera Toscana. <\/span><\/strong><strong><span style=\"color: #000000;\">Non \u00e8 solo il problema di un possibile mari<\/span><\/strong><strong><span style=\"color: #000000;\">u<\/span><\/strong><strong><span style=\"color: #000000;\">olo <\/span><\/strong><strong><span style=\"color: #000000;\">trovato con le dita nella marmellata<\/span><\/strong><strong><span style=\"color: #000000;\">, ma \u00e8 il sistema stesso del <\/span><\/strong><strong><span style=\"color: #000000;\"><i>project financing <\/i><\/span><\/strong><strong><span style=\"color: #000000;\">che genera distorsioni, <\/span><\/strong><strong><span style=\"color: #000000;\">sperperi<\/span><\/strong><strong><span style=\"color: #000000;\"> e inefficienza <\/span><\/strong><strong><span style=\"color: #000000;\">fino a comportamenti potenzialmente criminali<\/span><\/strong><strong><span style=\"color: #000000;\">.<\/span><\/strong><\/p>\n<p align=\"justify\"><span style=\"color: #000000;\">Ancor<\/span><span style=\"color: #000000;\">a \u00e8 sotto gli occhi di tutti il disastro delle politiche <\/span><span style=\"color: #000000;\">toscane<\/span><span style=\"color: #000000;\"> fatt<\/span><span style=\"color: #000000;\">e<\/span><span style=\"color: #000000;\"> di progetti scollegati tra loro, spesso contraddittori, <\/span><span style=\"color: #000000;\">realizzati ascoltando soltanto le voci di sirena di una confindustria che non ha altro obiettivo che tenere in movimento le betoniere e vivaci i profitti derivanti.<\/span><\/p>\n<p align=\"justify\"><span style=\"color: #000000;\">Siamo sull\u2019orlo di una crisi ambientale e climatica di cui non percepiamo bene le dimensioni, ma dalla politica locale, come da quella nazionale, non sortono proposte diverse da <strong>nuovi pacchi di cemento <\/strong><\/span><span style=\"color: #000000;\"><strong>nascosti malamente dietro una sempre pi\u00f9 stanca retorica \u201cgreen\u201d<\/strong>.<\/span><\/p>\n<p align=\"justify\"><span style=\"color: #000000;\">C\u2019\u00e8 solo da sperare che gli scienziati dell\u2019IPCC e i giovani di Friday for Future siano dei paranoici; <\/span><span style=\"color: #000000;\">altrimenti <\/span><span style=\"color: #000000;\">nelle mani di questa politica siamo indirizzati <\/span><span style=\"color: #000000;\">sicu<\/span><span style=\"color: #000000;\">ramente<\/span><span style=\"color: #000000;\"> verso il disastro.<\/span><\/p>\n<p style=\"text-align: right;\" align=\"justify\"><strong>No Tunnel Tav Firenze<\/strong><\/p>\n","protected":false},"excerpt":{"rendered":"<p>Il Comitato No Tunnel TAV di Firenze ha presentato alla Procura di Firenze un esposto in cui ha riassunto le principali stranezze e irrazionalit\u00e0 del contestato progetto di Passante AV, il cosiddetto sottoattraversamento TAV. Una sintesi la si trova qui:\u00a0 Il principale motivo per cui \u00e8 stato fatto questo passo \u00e8 la mancanza di logica &hellip;<\/p>\n<p class=\"read-more\"> <a class=\"\" href=\"https:\/\/www.perunaltracitta.org\/homepage\/2021\/10\/12\/il-disastro-delle-politiche-infrastrutturali-toscane-un-aggiornamento\/\"> <span class=\"screen-reader-text\">Il disastro delle politiche infrastrutturali toscane: un aggiornamento<\/span> Leggi altro &raquo;<\/a><\/p>\n","protected":false},"author":223,"featured_media":81550,"comment_status":"open","ping_status":"open","sticky":false,"template":"","format":"standard","meta":{"_uag_custom_page_level_css":"","site-sidebar-layout":"default","site-content-layout":"default","ast-global-header-display":"","ast-main-header-display":"","ast-hfb-above-header-display":"","ast-hfb-below-header-display":"","ast-hfb-mobile-header-display":"","site-post-title":"","ast-breadcrumbs-content":"","ast-featured-img":"","footer-sml-layout":"","theme-transparent-header-meta":"","adv-header-id-meta":"","stick-header-meta":"","header-above-stick-meta":"","header-main-stick-meta":"","header-below-stick-meta":"","footnotes":""},"categories":[41],"tags":[482,553,1464,899,2,322,1524],"class_list":["post-81543","post","type-post","status-publish","format-standard","has-post-thumbnail","hentry","category-la-citta-invisibile","tag-comune-firenze","tag-grandi-opere-inutili","tag-infrastrutture","tag-no-tunnel-tav","tag-pianificazione","tag-regione-toscana","tag-trasporti"],"yoast_head":"<!-- This site is optimized with the Yoast SEO plugin v25.1 - https:\/\/yoast.com\/wordpress\/plugins\/seo\/ -->\n<title>Il disastro delle politiche infrastrutturali toscane: un aggiornamento - La Citt\u00e0 invisibile | perUnaltracitt\u00e0 | Firenze<\/title>\n<meta name=\"robots\" content=\"index, follow, max-snippet:-1, max-image-preview:large, max-video-preview:-1\" \/>\n<link rel=\"canonical\" href=\"https:\/\/www.perunaltracitta.org\/homepage\/2021\/10\/12\/il-disastro-delle-politiche-infrastrutturali-toscane-un-aggiornamento\/\" \/>\n<meta property=\"og:locale\" content=\"it_IT\" \/>\n<meta property=\"og:type\" content=\"article\" \/>\n<meta property=\"og:title\" content=\"Il disastro delle politiche infrastrutturali toscane: un aggiornamento - La Citt\u00e0 invisibile | perUnaltracitt\u00e0 | Firenze\" \/>\n<meta property=\"og:description\" content=\"Il Comitato No Tunnel TAV di Firenze ha presentato alla Procura di Firenze un esposto in cui ha riassunto le principali stranezze e irrazionalit\u00e0 del contestato progetto di Passante AV, il cosiddetto sottoattraversamento TAV. Una sintesi la si trova qui:\u00a0 Il principale motivo per cui \u00e8 stato fatto questo passo \u00e8 la mancanza di logica &hellip; Il disastro delle politiche infrastrutturali toscane: un aggiornamento Leggi altro &raquo;\" \/>\n<meta property=\"og:url\" content=\"https:\/\/www.perunaltracitta.org\/homepage\/2021\/10\/12\/il-disastro-delle-politiche-infrastrutturali-toscane-un-aggiornamento\/\" \/>\n<meta property=\"og:site_name\" content=\"La Citt\u00e0 invisibile | perUnaltracitt\u00e0 | Firenze\" \/>\n<meta property=\"article:publisher\" content=\"https:\/\/www.facebook.com\/perunaltracitta\" \/>\n<meta property=\"article:published_time\" content=\"2021-10-12T07:25:10+00:00\" \/>\n<meta property=\"article:modified_time\" content=\"2021-10-13T17:20:11+00:00\" \/>\n<meta property=\"og:image\" content=\"https:\/\/www.perunaltracitta.org\/wp-content\/uploads\/2021\/10\/bandiere-no-tunnel-tav-111.jpg\" \/>\n\t<meta property=\"og:image:width\" content=\"1200\" \/>\n\t<meta property=\"og:image:height\" content=\"900\" \/>\n\t<meta property=\"og:image:type\" content=\"image\/jpeg\" \/>\n<meta name=\"author\" content=\"NoTunnelTav\" \/>\n<meta name=\"twitter:card\" content=\"summary_large_image\" \/>\n<meta name=\"twitter:creator\" content=\"@perunaltracitta\" \/>\n<meta name=\"twitter:site\" content=\"@perunaltracitta\" \/>\n<meta name=\"twitter:label1\" content=\"Scritto da\" \/>\n\t<meta name=\"twitter:data1\" content=\"NoTunnelTav\" \/>\n\t<meta name=\"twitter:label2\" content=\"Tempo di lettura stimato\" \/>\n\t<meta name=\"twitter:data2\" content=\"7 minuti\" \/>\n<script type=\"application\/ld+json\" class=\"yoast-schema-graph\">{\"@context\":\"https:\/\/schema.org\",\"@graph\":[{\"@type\":\"Article\",\"@id\":\"https:\/\/www.perunaltracitta.org\/homepage\/2021\/10\/12\/il-disastro-delle-politiche-infrastrutturali-toscane-un-aggiornamento\/#article\",\"isPartOf\":{\"@id\":\"https:\/\/www.perunaltracitta.org\/homepage\/2021\/10\/12\/il-disastro-delle-politiche-infrastrutturali-toscane-un-aggiornamento\/\"},\"author\":{\"name\":\"NoTunnelTav\",\"@id\":\"https:\/\/www.perunaltracitta.org\/homepage\/#\/schema\/person\/bfa01f1df894d124f61423db91adf8ed\"},\"headline\":\"Il disastro delle politiche infrastrutturali toscane: un aggiornamento\",\"datePublished\":\"2021-10-12T07:25:10+00:00\",\"dateModified\":\"2021-10-13T17:20:11+00:00\",\"mainEntityOfPage\":{\"@id\":\"https:\/\/www.perunaltracitta.org\/homepage\/2021\/10\/12\/il-disastro-delle-politiche-infrastrutturali-toscane-un-aggiornamento\/\"},\"wordCount\":1331,\"commentCount\":0,\"publisher\":{\"@id\":\"https:\/\/www.perunaltracitta.org\/homepage\/#organization\"},\"image\":{\"@id\":\"https:\/\/www.perunaltracitta.org\/homepage\/2021\/10\/12\/il-disastro-delle-politiche-infrastrutturali-toscane-un-aggiornamento\/#primaryimage\"},\"thumbnailUrl\":\"https:\/\/www.perunaltracitta.org\/wp-content\/uploads\/2021\/10\/bandiere-no-tunnel-tav-111.jpg\",\"keywords\":[\"Comune Firenze\",\"Grandi Opere Inutili\",\"infrastrutture\",\"No Tunnel TAV\",\"pianificazione\",\"regione toscana\",\"trasporti\"],\"articleSection\":[\"La Citt\u00e0 invisibile\"],\"inLanguage\":\"it-IT\",\"potentialAction\":[{\"@type\":\"CommentAction\",\"name\":\"Comment\",\"target\":[\"https:\/\/www.perunaltracitta.org\/homepage\/2021\/10\/12\/il-disastro-delle-politiche-infrastrutturali-toscane-un-aggiornamento\/#respond\"]}]},{\"@type\":\"WebPage\",\"@id\":\"https:\/\/www.perunaltracitta.org\/homepage\/2021\/10\/12\/il-disastro-delle-politiche-infrastrutturali-toscane-un-aggiornamento\/\",\"url\":\"https:\/\/www.perunaltracitta.org\/homepage\/2021\/10\/12\/il-disastro-delle-politiche-infrastrutturali-toscane-un-aggiornamento\/\",\"name\":\"Il disastro delle politiche infrastrutturali toscane: un aggiornamento - La Citt\u00e0 invisibile | perUnaltracitt\u00e0 | Firenze\",\"isPartOf\":{\"@id\":\"https:\/\/www.perunaltracitta.org\/homepage\/#website\"},\"primaryImageOfPage\":{\"@id\":\"https:\/\/www.perunaltracitta.org\/homepage\/2021\/10\/12\/il-disastro-delle-politiche-infrastrutturali-toscane-un-aggiornamento\/#primaryimage\"},\"image\":{\"@id\":\"https:\/\/www.perunaltracitta.org\/homepage\/2021\/10\/12\/il-disastro-delle-politiche-infrastrutturali-toscane-un-aggiornamento\/#primaryimage\"},\"thumbnailUrl\":\"https:\/\/www.perunaltracitta.org\/wp-content\/uploads\/2021\/10\/bandiere-no-tunnel-tav-111.jpg\",\"datePublished\":\"2021-10-12T07:25:10+00:00\",\"dateModified\":\"2021-10-13T17:20:11+00:00\",\"breadcrumb\":{\"@id\":\"https:\/\/www.perunaltracitta.org\/homepage\/2021\/10\/12\/il-disastro-delle-politiche-infrastrutturali-toscane-un-aggiornamento\/#breadcrumb\"},\"inLanguage\":\"it-IT\",\"potentialAction\":[{\"@type\":\"ReadAction\",\"target\":[\"https:\/\/www.perunaltracitta.org\/homepage\/2021\/10\/12\/il-disastro-delle-politiche-infrastrutturali-toscane-un-aggiornamento\/\"]}]},{\"@type\":\"ImageObject\",\"inLanguage\":\"it-IT\",\"@id\":\"https:\/\/www.perunaltracitta.org\/homepage\/2021\/10\/12\/il-disastro-delle-politiche-infrastrutturali-toscane-un-aggiornamento\/#primaryimage\",\"url\":\"https:\/\/www.perunaltracitta.org\/wp-content\/uploads\/2021\/10\/bandiere-no-tunnel-tav-111.jpg\",\"contentUrl\":\"https:\/\/www.perunaltracitta.org\/wp-content\/uploads\/2021\/10\/bandiere-no-tunnel-tav-111.jpg\",\"width\":1200,\"height\":900},{\"@type\":\"BreadcrumbList\",\"@id\":\"https:\/\/www.perunaltracitta.org\/homepage\/2021\/10\/12\/il-disastro-delle-politiche-infrastrutturali-toscane-un-aggiornamento\/#breadcrumb\",\"itemListElement\":[{\"@type\":\"ListItem\",\"position\":1,\"name\":\"Home\",\"item\":\"https:\/\/www.perunaltracitta.org\/homepage\/\"},{\"@type\":\"ListItem\",\"position\":2,\"name\":\"Il disastro delle politiche infrastrutturali toscane: un aggiornamento\"}]},{\"@type\":\"WebSite\",\"@id\":\"https:\/\/www.perunaltracitta.org\/homepage\/#website\",\"url\":\"https:\/\/www.perunaltracitta.org\/homepage\/\",\"name\":\"La Citt\u00e0 invisibile | perUnaltracitt\u00e0 | Firenze\",\"description\":\"Voci oltre il pensiero unico\",\"publisher\":{\"@id\":\"https:\/\/www.perunaltracitta.org\/homepage\/#organization\"},\"potentialAction\":[{\"@type\":\"SearchAction\",\"target\":{\"@type\":\"EntryPoint\",\"urlTemplate\":\"https:\/\/www.perunaltracitta.org\/homepage\/?s={search_term_string}\"},\"query-input\":{\"@type\":\"PropertyValueSpecification\",\"valueRequired\":true,\"valueName\":\"search_term_string\"}}],\"inLanguage\":\"it-IT\"},{\"@type\":\"Organization\",\"@id\":\"https:\/\/www.perunaltracitta.org\/homepage\/#organization\",\"name\":\"perUnaltracitt\u00e0 - laboratorio politico Firenze\",\"url\":\"https:\/\/www.perunaltracitta.org\/homepage\/\",\"logo\":{\"@type\":\"ImageObject\",\"inLanguage\":\"it-IT\",\"@id\":\"https:\/\/www.perunaltracitta.org\/homepage\/#\/schema\/logo\/image\/\",\"url\":\"https:\/\/www.perunaltracitta.org\/wp-content\/uploads\/2025\/11\/Original-on-Transparent-Copia-af-1.png\",\"contentUrl\":\"https:\/\/www.perunaltracitta.org\/wp-content\/uploads\/2025\/11\/Original-on-Transparent-Copia-af-1.png\",\"width\":600,\"height\":153,\"caption\":\"perUnaltracitt\u00e0 - laboratorio politico Firenze\"},\"image\":{\"@id\":\"https:\/\/www.perunaltracitta.org\/homepage\/#\/schema\/logo\/image\/\"},\"sameAs\":[\"https:\/\/www.facebook.com\/perunaltracitta\",\"https:\/\/x.com\/perunaltracitta\"]},{\"@type\":\"Person\",\"@id\":\"https:\/\/www.perunaltracitta.org\/homepage\/#\/schema\/person\/bfa01f1df894d124f61423db91adf8ed\",\"name\":\"NoTunnelTav\",\"image\":{\"@type\":\"ImageObject\",\"inLanguage\":\"it-IT\",\"@id\":\"https:\/\/www.perunaltracitta.org\/homepage\/#\/schema\/person\/image\/\",\"url\":\"https:\/\/www.perunaltracitta.org\/wp-content\/uploads\/2016\/10\/no_tav_tunnel_tav_firenze-96x96.jpg\",\"contentUrl\":\"https:\/\/www.perunaltracitta.org\/wp-content\/uploads\/2016\/10\/no_tav_tunnel_tav_firenze-96x96.jpg\",\"caption\":\"NoTunnelTav\"},\"url\":\"https:\/\/www.perunaltracitta.org\/homepage\/author\/notunneltav\/\"}]}<\/script>\n<!-- \/ Yoast SEO plugin. -->","yoast_head_json":{"title":"Il disastro delle politiche infrastrutturali toscane: un aggiornamento - La Citt\u00e0 invisibile | perUnaltracitt\u00e0 | Firenze","robots":{"index":"index","follow":"follow","max-snippet":"max-snippet:-1","max-image-preview":"max-image-preview:large","max-video-preview":"max-video-preview:-1"},"canonical":"https:\/\/www.perunaltracitta.org\/homepage\/2021\/10\/12\/il-disastro-delle-politiche-infrastrutturali-toscane-un-aggiornamento\/","og_locale":"it_IT","og_type":"article","og_title":"Il disastro delle politiche infrastrutturali toscane: un aggiornamento - La Citt\u00e0 invisibile | perUnaltracitt\u00e0 | Firenze","og_description":"Il Comitato No Tunnel TAV di Firenze ha presentato alla Procura di Firenze un esposto in cui ha riassunto le principali stranezze e irrazionalit\u00e0 del contestato progetto di Passante AV, il cosiddetto sottoattraversamento TAV. Una sintesi la si trova qui:\u00a0 Il principale motivo per cui \u00e8 stato fatto questo passo \u00e8 la mancanza di logica &hellip; Il disastro delle politiche infrastrutturali toscane: un aggiornamento Leggi altro &raquo;","og_url":"https:\/\/www.perunaltracitta.org\/homepage\/2021\/10\/12\/il-disastro-delle-politiche-infrastrutturali-toscane-un-aggiornamento\/","og_site_name":"La Citt\u00e0 invisibile | perUnaltracitt\u00e0 | Firenze","article_publisher":"https:\/\/www.facebook.com\/perunaltracitta","article_published_time":"2021-10-12T07:25:10+00:00","article_modified_time":"2021-10-13T17:20:11+00:00","og_image":[{"width":1200,"height":900,"url":"https:\/\/www.perunaltracitta.org\/wp-content\/uploads\/2021\/10\/bandiere-no-tunnel-tav-111.jpg","type":"image\/jpeg"}],"author":"NoTunnelTav","twitter_card":"summary_large_image","twitter_creator":"@perunaltracitta","twitter_site":"@perunaltracitta","twitter_misc":{"Scritto da":"NoTunnelTav","Tempo di lettura stimato":"7 minuti"},"schema":{"@context":"https:\/\/schema.org","@graph":[{"@type":"Article","@id":"https:\/\/www.perunaltracitta.org\/homepage\/2021\/10\/12\/il-disastro-delle-politiche-infrastrutturali-toscane-un-aggiornamento\/#article","isPartOf":{"@id":"https:\/\/www.perunaltracitta.org\/homepage\/2021\/10\/12\/il-disastro-delle-politiche-infrastrutturali-toscane-un-aggiornamento\/"},"author":{"name":"NoTunnelTav","@id":"https:\/\/www.perunaltracitta.org\/homepage\/#\/schema\/person\/bfa01f1df894d124f61423db91adf8ed"},"headline":"Il disastro delle politiche infrastrutturali toscane: un aggiornamento","datePublished":"2021-10-12T07:25:10+00:00","dateModified":"2021-10-13T17:20:11+00:00","mainEntityOfPage":{"@id":"https:\/\/www.perunaltracitta.org\/homepage\/2021\/10\/12\/il-disastro-delle-politiche-infrastrutturali-toscane-un-aggiornamento\/"},"wordCount":1331,"commentCount":0,"publisher":{"@id":"https:\/\/www.perunaltracitta.org\/homepage\/#organization"},"image":{"@id":"https:\/\/www.perunaltracitta.org\/homepage\/2021\/10\/12\/il-disastro-delle-politiche-infrastrutturali-toscane-un-aggiornamento\/#primaryimage"},"thumbnailUrl":"https:\/\/www.perunaltracitta.org\/wp-content\/uploads\/2021\/10\/bandiere-no-tunnel-tav-111.jpg","keywords":["Comune Firenze","Grandi Opere Inutili","infrastrutture","No Tunnel TAV","pianificazione","regione toscana","trasporti"],"articleSection":["La Citt\u00e0 invisibile"],"inLanguage":"it-IT","potentialAction":[{"@type":"CommentAction","name":"Comment","target":["https:\/\/www.perunaltracitta.org\/homepage\/2021\/10\/12\/il-disastro-delle-politiche-infrastrutturali-toscane-un-aggiornamento\/#respond"]}]},{"@type":"WebPage","@id":"https:\/\/www.perunaltracitta.org\/homepage\/2021\/10\/12\/il-disastro-delle-politiche-infrastrutturali-toscane-un-aggiornamento\/","url":"https:\/\/www.perunaltracitta.org\/homepage\/2021\/10\/12\/il-disastro-delle-politiche-infrastrutturali-toscane-un-aggiornamento\/","name":"Il disastro delle politiche infrastrutturali toscane: un aggiornamento - La Citt\u00e0 invisibile | perUnaltracitt\u00e0 | Firenze","isPartOf":{"@id":"https:\/\/www.perunaltracitta.org\/homepage\/#website"},"primaryImageOfPage":{"@id":"https:\/\/www.perunaltracitta.org\/homepage\/2021\/10\/12\/il-disastro-delle-politiche-infrastrutturali-toscane-un-aggiornamento\/#primaryimage"},"image":{"@id":"https:\/\/www.perunaltracitta.org\/homepage\/2021\/10\/12\/il-disastro-delle-politiche-infrastrutturali-toscane-un-aggiornamento\/#primaryimage"},"thumbnailUrl":"https:\/\/www.perunaltracitta.org\/wp-content\/uploads\/2021\/10\/bandiere-no-tunnel-tav-111.jpg","datePublished":"2021-10-12T07:25:10+00:00","dateModified":"2021-10-13T17:20:11+00:00","breadcrumb":{"@id":"https:\/\/www.perunaltracitta.org\/homepage\/2021\/10\/12\/il-disastro-delle-politiche-infrastrutturali-toscane-un-aggiornamento\/#breadcrumb"},"inLanguage":"it-IT","potentialAction":[{"@type":"ReadAction","target":["https:\/\/www.perunaltracitta.org\/homepage\/2021\/10\/12\/il-disastro-delle-politiche-infrastrutturali-toscane-un-aggiornamento\/"]}]},{"@type":"ImageObject","inLanguage":"it-IT","@id":"https:\/\/www.perunaltracitta.org\/homepage\/2021\/10\/12\/il-disastro-delle-politiche-infrastrutturali-toscane-un-aggiornamento\/#primaryimage","url":"https:\/\/www.perunaltracitta.org\/wp-content\/uploads\/2021\/10\/bandiere-no-tunnel-tav-111.jpg","contentUrl":"https:\/\/www.perunaltracitta.org\/wp-content\/uploads\/2021\/10\/bandiere-no-tunnel-tav-111.jpg","width":1200,"height":900},{"@type":"BreadcrumbList","@id":"https:\/\/www.perunaltracitta.org\/homepage\/2021\/10\/12\/il-disastro-delle-politiche-infrastrutturali-toscane-un-aggiornamento\/#breadcrumb","itemListElement":[{"@type":"ListItem","position":1,"name":"Home","item":"https:\/\/www.perunaltracitta.org\/homepage\/"},{"@type":"ListItem","position":2,"name":"Il disastro delle politiche infrastrutturali toscane: un aggiornamento"}]},{"@type":"WebSite","@id":"https:\/\/www.perunaltracitta.org\/homepage\/#website","url":"https:\/\/www.perunaltracitta.org\/homepage\/","name":"La Citt\u00e0 invisibile | perUnaltracitt\u00e0 | Firenze","description":"Voci oltre il pensiero unico","publisher":{"@id":"https:\/\/www.perunaltracitta.org\/homepage\/#organization"},"potentialAction":[{"@type":"SearchAction","target":{"@type":"EntryPoint","urlTemplate":"https:\/\/www.perunaltracitta.org\/homepage\/?s={search_term_string}"},"query-input":{"@type":"PropertyValueSpecification","valueRequired":true,"valueName":"search_term_string"}}],"inLanguage":"it-IT"},{"@type":"Organization","@id":"https:\/\/www.perunaltracitta.org\/homepage\/#organization","name":"perUnaltracitt\u00e0 - laboratorio politico Firenze","url":"https:\/\/www.perunaltracitta.org\/homepage\/","logo":{"@type":"ImageObject","inLanguage":"it-IT","@id":"https:\/\/www.perunaltracitta.org\/homepage\/#\/schema\/logo\/image\/","url":"https:\/\/www.perunaltracitta.org\/wp-content\/uploads\/2025\/11\/Original-on-Transparent-Copia-af-1.png","contentUrl":"https:\/\/www.perunaltracitta.org\/wp-content\/uploads\/2025\/11\/Original-on-Transparent-Copia-af-1.png","width":600,"height":153,"caption":"perUnaltracitt\u00e0 - laboratorio politico Firenze"},"image":{"@id":"https:\/\/www.perunaltracitta.org\/homepage\/#\/schema\/logo\/image\/"},"sameAs":["https:\/\/www.facebook.com\/perunaltracitta","https:\/\/x.com\/perunaltracitta"]},{"@type":"Person","@id":"https:\/\/www.perunaltracitta.org\/homepage\/#\/schema\/person\/bfa01f1df894d124f61423db91adf8ed","name":"NoTunnelTav","image":{"@type":"ImageObject","inLanguage":"it-IT","@id":"https:\/\/www.perunaltracitta.org\/homepage\/#\/schema\/person\/image\/","url":"https:\/\/www.perunaltracitta.org\/wp-content\/uploads\/2016\/10\/no_tav_tunnel_tav_firenze-96x96.jpg","contentUrl":"https:\/\/www.perunaltracitta.org\/wp-content\/uploads\/2016\/10\/no_tav_tunnel_tav_firenze-96x96.jpg","caption":"NoTunnelTav"},"url":"https:\/\/www.perunaltracitta.org\/homepage\/author\/notunneltav\/"}]}},"uagb_featured_image_src":{"full":["https:\/\/www.perunaltracitta.org\/wp-content\/uploads\/2021\/10\/bandiere-no-tunnel-tav-111.jpg",1200,900,false],"thumbnail":["https:\/\/www.perunaltracitta.org\/wp-content\/uploads\/2021\/10\/bandiere-no-tunnel-tav-111-150x150.jpg",150,150,true],"medium":["https:\/\/www.perunaltracitta.org\/wp-content\/uploads\/2021\/10\/bandiere-no-tunnel-tav-111-300x225.jpg",300,225,true],"medium_large":["https:\/\/www.perunaltracitta.org\/wp-content\/uploads\/2021\/10\/bandiere-no-tunnel-tav-111-768x576.jpg",768,576,true],"large":["https:\/\/www.perunaltracitta.org\/wp-content\/uploads\/2021\/10\/bandiere-no-tunnel-tav-111-1024x768.jpg",1024,768,true],"wysija-newsletters-max":["https:\/\/www.perunaltracitta.org\/wp-content\/uploads\/2021\/10\/bandiere-no-tunnel-tav-111-600x450.jpg",600,450,true],"1536x1536":["https:\/\/www.perunaltracitta.org\/wp-content\/uploads\/2021\/10\/bandiere-no-tunnel-tav-111.jpg",1200,900,false],"2048x2048":["https:\/\/www.perunaltracitta.org\/wp-content\/uploads\/2021\/10\/bandiere-no-tunnel-tav-111.jpg",1200,900,false],"mailpoet_newsletter_max":["https:\/\/www.perunaltracitta.org\/wp-content\/uploads\/2021\/10\/bandiere-no-tunnel-tav-111.jpg",1200,900,false],"yarpp-thumbnail":["https:\/\/www.perunaltracitta.org\/wp-content\/uploads\/2021\/10\/bandiere-no-tunnel-tav-111-120x120.jpg",120,120,true]},"uagb_author_info":{"display_name":"NoTunnelTav","author_link":"https:\/\/www.perunaltracitta.org\/homepage\/author\/notunneltav\/"},"uagb_comment_info":0,"uagb_excerpt":"Il Comitato No Tunnel TAV di Firenze ha presentato alla Procura di Firenze un esposto in cui ha riassunto le principali stranezze e irrazionalit\u00e0 del contestato progetto di Passante AV, il cosiddetto sottoattraversamento TAV. Una sintesi la si trova qui:\u00a0 Il principale motivo per cui \u00e8 stato fatto questo passo \u00e8 la mancanza di logica&hellip;","_links":{"self":[{"href":"https:\/\/www.perunaltracitta.org\/homepage\/wp-json\/wp\/v2\/posts\/81543","targetHints":{"allow":["GET"]}}],"collection":[{"href":"https:\/\/www.perunaltracitta.org\/homepage\/wp-json\/wp\/v2\/posts"}],"about":[{"href":"https:\/\/www.perunaltracitta.org\/homepage\/wp-json\/wp\/v2\/types\/post"}],"author":[{"embeddable":true,"href":"https:\/\/www.perunaltracitta.org\/homepage\/wp-json\/wp\/v2\/users\/223"}],"replies":[{"embeddable":true,"href":"https:\/\/www.perunaltracitta.org\/homepage\/wp-json\/wp\/v2\/comments?post=81543"}],"version-history":[{"count":8,"href":"https:\/\/www.perunaltracitta.org\/homepage\/wp-json\/wp\/v2\/posts\/81543\/revisions"}],"predecessor-version":[{"id":81580,"href":"https:\/\/www.perunaltracitta.org\/homepage\/wp-json\/wp\/v2\/posts\/81543\/revisions\/81580"}],"wp:featuredmedia":[{"embeddable":true,"href":"https:\/\/www.perunaltracitta.org\/homepage\/wp-json\/wp\/v2\/media\/81550"}],"wp:attachment":[{"href":"https:\/\/www.perunaltracitta.org\/homepage\/wp-json\/wp\/v2\/media?parent=81543"}],"wp:term":[{"taxonomy":"category","embeddable":true,"href":"https:\/\/www.perunaltracitta.org\/homepage\/wp-json\/wp\/v2\/categories?post=81543"},{"taxonomy":"post_tag","embeddable":true,"href":"https:\/\/www.perunaltracitta.org\/homepage\/wp-json\/wp\/v2\/tags?post=81543"}],"curies":[{"name":"wp","href":"https:\/\/api.w.org\/{rel}","templated":true}]}}