{"id":86619,"date":"2022-05-05T11:39:43","date_gmt":"2022-05-05T09:39:43","guid":{"rendered":"https:\/\/www.perunaltracitta.org\/homepage\/?p=86619"},"modified":"2025-03-17T18:18:39","modified_gmt":"2025-03-17T17:18:39","slug":"autonomia-e-terza-eta-non-soli-ma-bene-accompagnati","status":"publish","type":"post","link":"https:\/\/www.perunaltracitta.org\/homepage\/2022\/05\/05\/autonomia-e-terza-eta-non-soli-ma-bene-accompagnati\/","title":{"rendered":"Autonomia e terza et\u00e0. Non soli, ma bene accompagnati"},"content":{"rendered":"<p>Prendo spunto da \u201cMai pi\u00f9 soli\u201d, articolo di Lorenzo Fargnoli comparso sul settimanale Left del 18 febbraio scorso che affronta il tema degli over 65 italiani. L\u2019autore afferma che per il 30,3% hanno difficolt\u00e0 nell\u2019essere autonomi, secondo uno studio Istat. L\u2019argomento Societ\u00e0-Terza Et\u00e0 riveste particolare importanza in un\u2019Italia sempre pi\u00f9 vecchia, dove i fondi per il welfare sono sempre pi\u00f9 scarsi. L\u2019autore prosegue \u201c\u00c8 dagli anni Novanta che l\u2019Italia avrebbe bisogno di una riforma degli interventi per la non autosufficienza.\u201d<\/p>\n<p><img loading=\"lazy\" decoding=\"async\" class=\"size-medium wp-image-86621 alignright\" src=\"https:\/\/www.perunaltracitta.org\/wp-content\/uploads\/2022\/05\/anziani-300x209.jpeg\" alt=\"\" width=\"300\" height=\"209\" srcset=\"https:\/\/www.perunaltracitta.org\/wp-content\/uploads\/2022\/05\/anziani-300x209.jpeg 300w, https:\/\/www.perunaltracitta.org\/wp-content\/uploads\/2022\/05\/anziani-768x534.jpeg 768w, https:\/\/www.perunaltracitta.org\/wp-content\/uploads\/2022\/05\/anziani-600x417.jpeg 600w, https:\/\/www.perunaltracitta.org\/wp-content\/uploads\/2022\/05\/anziani.jpeg 1024w\" sizes=\"auto, (max-width: 300px) 100vw, 300px\" \/>Uno dei motivi per cui, a differenza di altri paesi della UE, solo dopo la pandemia, in Italia appena qualche timido studio al riguardo \u00e8 affrontato, risiede nel concetto culturale di \u201cFamiglia salvatutto\u201d, che ha il suo radicamento nella mente degli Italiani fin dall\u2019infanzia grazie al Cattolicesimo. Riporto il discorso di una volontaria, nell\u2019ultima parte dello stesso Articolo \u00abMi sembra assurdo che non sia previsto alcun tipo di sostegno adeguato per gli anziani che hanno la sfortuna di non poter contare su parenti che li accudiscono.\u00bb L\u2019automatismo parente-accudimento salta all\u2019occhio. A parte il fatto che oggi che l\u2019aspettativa di vita \u00e8 cresciuta, i figli sono essi stessi anziani quando arriva il momento di occuparsi dei genitori, la Politica in Italia si basa da sempre su questo automatismo.<\/p>\n<p>Dare la colpa solo alla Politica \u00e8 pi\u00f9 facile che affrontare anche il vero e proprio ricatto gestito dai genitori sui figli. Quelli di loro &#8211; la maggioranza in Italia &#8211; che non si preparano alla perdita di forze e, in parte, di capacit\u00e0 intellettive, confidano su figli o parenti. Nella stessa logica di Sacra Famiglia detta sopra. Ma il bello \u00e8 che anche coloro che sono soli non si preparano. Pur essendo ben consci di vivere in una societ\u00e0 che si occupa quasi solo di vecchi benestanti privatamente, per guadagnarci sopra, creando per loro strutture a pagamento. Dove il Covid, per inciso, ha fatto strage di clienti. Quel poco che le istituzioni facevano per i nullatenenti, con l\u2019avanzare del neoliberismo sta diminuendo drasticamente.<\/p>\n<p>Il rimedio \u00e8 l\u2019autogestione, cio\u00e8 la gestione condivisa delle aumentate difficolt\u00e0 del vivere, all\u2019avanzare dell\u2019et\u00e0, con l\u2019aiuto di una struttura, il Cohousing, un modo di abitare organizzato in spazi privati piccoli, autosufficienti, del tipo camera, bagno, soggiorno, angolo cottura, ripostiglio, con accesso ad ampi spazi comuni al gruppo, progettati insieme, dove condividere pranzi, attivit\u00e0 motoria, bricolage, ospitalit\u00e0, giardino e tutto ci\u00f2 che il gruppo ritiene necessario ad una piacevole convivenza, e che \u00e8 pronto ad aprire agli abitanti del quartiere o, se siamo in campagna, al territorio circostante. La vicinanza fra le abitazioni nell\u2019architettura dei Cohousing permette una gestione autonoma, con personale stipendiato che lavora per il gruppo, che pu\u00f2 essere anche un componente del gruppo stesso, i pi\u00f9 forti che aiutano, se necessario, i pi\u00f9 fragili, e la solidariet\u00e0 nel quotidiano.<\/p>\n<p>\u00c8 noto a tutti, inoltre, che una vita di relazione, contrapposta alla solitudine di molti anziani, \u00e8 un potente antidoto a malattie degenerative.<\/p>\n<p>Se da un lato la fragilit\u00e0 cresce con l\u2019aumento dell\u2019et\u00e0, anche se dalle istituzioni sono riconosciuti come fragili solo i non autosufficienti, molte persone non fanno progetti per porre rimedio a quello che sicuramente li aspetta. Una specie di scaramanzia, come se, non pensandoci, la vecchiaia non arrivasse.<\/p>\n<p>L\u2019associazione Cohousing in Toscana ha interpellato a lungo Comune, Regione e Asl, perch\u00e9 mettano a disposizione di ogni gruppo di Cohousers, comunit\u00e0 intenzionale, un immobile di propriet\u00e0 pubblica a Firenze, ma le istituzioni non hanno ancora aderito all\u2019idea, che non \u00e8 l\u2019acquisto, ma il restauro a spese del gruppo, quindi senza impiego di denaro pubblico, mentre l\u2019immobile resta di propriet\u00e0 pubblica, e come tale \u00e8 riutilizzabile. Perch\u00e9 non l\u2019acquisto? Perch\u00e9 Firenze \u00e8 una piccola perla, patrimonio dell\u2019Umanit\u00e0, gi\u00e0 troppo smembrata da copiose vendite a gruppi finanziari stranieri. Non acquistare \u00e8 tutelare un immenso bene che non deve diventare propriet\u00e0 privata perch\u00e9 deve rimanere di tutti Discorso innovativo che ha bisogno di un gran numero di adesioni per riuscire a realizzarsi con l\u2019aiuto delle Istituzioni. Va riconosciuto che il numero di richieste in tal senso non ha la forza d\u2019urto necessaria per convincere le istituzioni a fermare le copiose alienazioni, vendite a chi acquista quasi sempre per uso turistico. Chi perch\u00e9 pretende di essere accudito dai parenti, chi pensa ad una badante come a una domestica personale, chi non ci vuole pensare alla vecchiaia per scaramanzia, sono pochi rispetto al crescente numero di anziani in una citt\u00e0 come Firenze coloro che vogliono organizzare la loro vecchiaia. Un indicatore del rifiuto diffuso di pensare al futuro \u00e8 proprio il raro utilizzo dei media della parola vecchio, parafrasato con anziano o, al pi\u00f9, molto anziano.<\/p>\n","protected":false},"excerpt":{"rendered":"<p>Prendo spunto da \u201cMai pi\u00f9 soli\u201d, articolo di Lorenzo Fargnoli comparso sul settimanale Left del 18 febbraio scorso che affronta il tema degli over 65 italiani. L\u2019autore afferma che per il 30,3% hanno difficolt\u00e0 nell\u2019essere autonomi, secondo uno studio Istat. L\u2019argomento Societ\u00e0-Terza Et\u00e0 riveste particolare importanza in un\u2019Italia sempre pi\u00f9 vecchia, dove i fondi per &hellip;<\/p>\n<p class=\"read-more\"> <a class=\"\" href=\"https:\/\/www.perunaltracitta.org\/homepage\/2022\/05\/05\/autonomia-e-terza-eta-non-soli-ma-bene-accompagnati\/\"> <span class=\"screen-reader-text\">Autonomia e terza et\u00e0. Non soli, ma bene accompagnati<\/span> Leggi altro &raquo;<\/a><\/p>\n","protected":false},"author":451,"featured_media":86621,"comment_status":"open","ping_status":"open","sticky":false,"template":"","format":"standard","meta":{"_uag_custom_page_level_css":"","site-sidebar-layout":"default","site-content-layout":"default","ast-global-header-display":"","ast-main-header-display":"","ast-hfb-above-header-display":"","ast-hfb-below-header-display":"","ast-hfb-mobile-header-display":"","site-post-title":"","ast-breadcrumbs-content":"","ast-featured-img":"","footer-sml-layout":"","theme-transparent-header-meta":"default","adv-header-id-meta":"","stick-header-meta":"","header-above-stick-meta":"","header-main-stick-meta":"","header-below-stick-meta":"","footnotes":""},"categories":[4130],"tags":[6511,6513,6512,6510],"class_list":["post-86619","post","type-post","status-publish","format-standard","has-post-thumbnail","hentry","category-primo-piano","tag-autonomia","tag-cohousing","tag-famiglia","tag-over-65"],"yoast_head":"<!-- This site is optimized with the Yoast SEO plugin v25.1 - https:\/\/yoast.com\/wordpress\/plugins\/seo\/ -->\n<title>Autonomia e terza et\u00e0. Non soli, ma bene accompagnati - La Citt\u00e0 invisibile | perUnaltracitt\u00e0 | Firenze<\/title>\n<meta name=\"robots\" content=\"index, follow, max-snippet:-1, max-image-preview:large, max-video-preview:-1\" \/>\n<link rel=\"canonical\" href=\"https:\/\/www.perunaltracitta.org\/homepage\/2022\/05\/05\/autonomia-e-terza-eta-non-soli-ma-bene-accompagnati\/\" \/>\n<meta property=\"og:locale\" content=\"it_IT\" \/>\n<meta property=\"og:type\" content=\"article\" \/>\n<meta property=\"og:title\" content=\"Autonomia e terza et\u00e0. Non soli, ma bene accompagnati - La Citt\u00e0 invisibile | perUnaltracitt\u00e0 | Firenze\" \/>\n<meta property=\"og:description\" content=\"Prendo spunto da \u201cMai pi\u00f9 soli\u201d, articolo di Lorenzo Fargnoli comparso sul settimanale Left del 18 febbraio scorso che affronta il tema degli over 65 italiani. L\u2019autore afferma che per il 30,3% hanno difficolt\u00e0 nell\u2019essere autonomi, secondo uno studio Istat. L\u2019argomento Societ\u00e0-Terza Et\u00e0 riveste particolare importanza in un\u2019Italia sempre pi\u00f9 vecchia, dove i fondi per &hellip; Autonomia e terza et\u00e0. Non soli, ma bene accompagnati Leggi altro &raquo;\" \/>\n<meta property=\"og:url\" content=\"https:\/\/www.perunaltracitta.org\/homepage\/2022\/05\/05\/autonomia-e-terza-eta-non-soli-ma-bene-accompagnati\/\" \/>\n<meta property=\"og:site_name\" content=\"La Citt\u00e0 invisibile | perUnaltracitt\u00e0 | Firenze\" \/>\n<meta property=\"article:publisher\" content=\"https:\/\/www.facebook.com\/perunaltracitta\" \/>\n<meta property=\"article:published_time\" content=\"2022-05-05T09:39:43+00:00\" \/>\n<meta property=\"article:modified_time\" content=\"2025-03-17T17:18:39+00:00\" \/>\n<meta property=\"og:image\" content=\"https:\/\/www.perunaltracitta.org\/wp-content\/uploads\/2022\/05\/anziani.jpeg\" \/>\n\t<meta property=\"og:image:width\" content=\"1024\" \/>\n\t<meta property=\"og:image:height\" content=\"712\" \/>\n\t<meta property=\"og:image:type\" content=\"image\/jpeg\" \/>\n<meta name=\"author\" content=\"Lucia Evangelisti\" \/>\n<meta name=\"twitter:card\" content=\"summary_large_image\" \/>\n<meta name=\"twitter:creator\" content=\"@perunaltracitta\" \/>\n<meta name=\"twitter:site\" content=\"@perunaltracitta\" \/>\n<meta name=\"twitter:label1\" content=\"Scritto da\" \/>\n\t<meta name=\"twitter:data1\" content=\"Lucia Evangelisti\" \/>\n\t<meta name=\"twitter:label2\" content=\"Tempo di lettura stimato\" \/>\n\t<meta name=\"twitter:data2\" content=\"5 minuti\" \/>\n<script type=\"application\/ld+json\" class=\"yoast-schema-graph\">{\"@context\":\"https:\/\/schema.org\",\"@graph\":[{\"@type\":\"Article\",\"@id\":\"https:\/\/www.perunaltracitta.org\/homepage\/2022\/05\/05\/autonomia-e-terza-eta-non-soli-ma-bene-accompagnati\/#article\",\"isPartOf\":{\"@id\":\"https:\/\/www.perunaltracitta.org\/homepage\/2022\/05\/05\/autonomia-e-terza-eta-non-soli-ma-bene-accompagnati\/\"},\"author\":{\"name\":\"Lucia Evangelisti\",\"@id\":\"https:\/\/www.perunaltracitta.org\/homepage\/#\/schema\/person\/124225adb4bfd114fdad8de7ef406142\"},\"headline\":\"Autonomia e terza et\u00e0. Non soli, ma bene accompagnati\",\"datePublished\":\"2022-05-05T09:39:43+00:00\",\"dateModified\":\"2025-03-17T17:18:39+00:00\",\"mainEntityOfPage\":{\"@id\":\"https:\/\/www.perunaltracitta.org\/homepage\/2022\/05\/05\/autonomia-e-terza-eta-non-soli-ma-bene-accompagnati\/\"},\"wordCount\":786,\"commentCount\":1,\"publisher\":{\"@id\":\"https:\/\/www.perunaltracitta.org\/homepage\/#organization\"},\"image\":{\"@id\":\"https:\/\/www.perunaltracitta.org\/homepage\/2022\/05\/05\/autonomia-e-terza-eta-non-soli-ma-bene-accompagnati\/#primaryimage\"},\"thumbnailUrl\":\"https:\/\/www.perunaltracitta.org\/wp-content\/uploads\/2022\/05\/anziani.jpeg\",\"keywords\":[\"autonomia\",\"cohousing\",\"famiglia\",\"over 65\"],\"articleSection\":[\"In evidenza\"],\"inLanguage\":\"it-IT\",\"potentialAction\":[{\"@type\":\"CommentAction\",\"name\":\"Comment\",\"target\":[\"https:\/\/www.perunaltracitta.org\/homepage\/2022\/05\/05\/autonomia-e-terza-eta-non-soli-ma-bene-accompagnati\/#respond\"]}]},{\"@type\":\"WebPage\",\"@id\":\"https:\/\/www.perunaltracitta.org\/homepage\/2022\/05\/05\/autonomia-e-terza-eta-non-soli-ma-bene-accompagnati\/\",\"url\":\"https:\/\/www.perunaltracitta.org\/homepage\/2022\/05\/05\/autonomia-e-terza-eta-non-soli-ma-bene-accompagnati\/\",\"name\":\"Autonomia e terza et\u00e0. Non soli, ma bene accompagnati - La Citt\u00e0 invisibile | perUnaltracitt\u00e0 | Firenze\",\"isPartOf\":{\"@id\":\"https:\/\/www.perunaltracitta.org\/homepage\/#website\"},\"primaryImageOfPage\":{\"@id\":\"https:\/\/www.perunaltracitta.org\/homepage\/2022\/05\/05\/autonomia-e-terza-eta-non-soli-ma-bene-accompagnati\/#primaryimage\"},\"image\":{\"@id\":\"https:\/\/www.perunaltracitta.org\/homepage\/2022\/05\/05\/autonomia-e-terza-eta-non-soli-ma-bene-accompagnati\/#primaryimage\"},\"thumbnailUrl\":\"https:\/\/www.perunaltracitta.org\/wp-content\/uploads\/2022\/05\/anziani.jpeg\",\"datePublished\":\"2022-05-05T09:39:43+00:00\",\"dateModified\":\"2025-03-17T17:18:39+00:00\",\"breadcrumb\":{\"@id\":\"https:\/\/www.perunaltracitta.org\/homepage\/2022\/05\/05\/autonomia-e-terza-eta-non-soli-ma-bene-accompagnati\/#breadcrumb\"},\"inLanguage\":\"it-IT\",\"potentialAction\":[{\"@type\":\"ReadAction\",\"target\":[\"https:\/\/www.perunaltracitta.org\/homepage\/2022\/05\/05\/autonomia-e-terza-eta-non-soli-ma-bene-accompagnati\/\"]}]},{\"@type\":\"ImageObject\",\"inLanguage\":\"it-IT\",\"@id\":\"https:\/\/www.perunaltracitta.org\/homepage\/2022\/05\/05\/autonomia-e-terza-eta-non-soli-ma-bene-accompagnati\/#primaryimage\",\"url\":\"https:\/\/www.perunaltracitta.org\/wp-content\/uploads\/2022\/05\/anziani.jpeg\",\"contentUrl\":\"https:\/\/www.perunaltracitta.org\/wp-content\/uploads\/2022\/05\/anziani.jpeg\",\"width\":1024,\"height\":712},{\"@type\":\"BreadcrumbList\",\"@id\":\"https:\/\/www.perunaltracitta.org\/homepage\/2022\/05\/05\/autonomia-e-terza-eta-non-soli-ma-bene-accompagnati\/#breadcrumb\",\"itemListElement\":[{\"@type\":\"ListItem\",\"position\":1,\"name\":\"Home\",\"item\":\"https:\/\/www.perunaltracitta.org\/homepage\/\"},{\"@type\":\"ListItem\",\"position\":2,\"name\":\"Autonomia e terza et\u00e0. Non soli, ma bene accompagnati\"}]},{\"@type\":\"WebSite\",\"@id\":\"https:\/\/www.perunaltracitta.org\/homepage\/#website\",\"url\":\"https:\/\/www.perunaltracitta.org\/homepage\/\",\"name\":\"La Citt\u00e0 invisibile | perUnaltracitt\u00e0 | Firenze\",\"description\":\"Voci oltre il pensiero unico\",\"publisher\":{\"@id\":\"https:\/\/www.perunaltracitta.org\/homepage\/#organization\"},\"potentialAction\":[{\"@type\":\"SearchAction\",\"target\":{\"@type\":\"EntryPoint\",\"urlTemplate\":\"https:\/\/www.perunaltracitta.org\/homepage\/?s={search_term_string}\"},\"query-input\":{\"@type\":\"PropertyValueSpecification\",\"valueRequired\":true,\"valueName\":\"search_term_string\"}}],\"inLanguage\":\"it-IT\"},{\"@type\":\"Organization\",\"@id\":\"https:\/\/www.perunaltracitta.org\/homepage\/#organization\",\"name\":\"perUnaltracitt\u00e0 - laboratorio politico Firenze\",\"url\":\"https:\/\/www.perunaltracitta.org\/homepage\/\",\"logo\":{\"@type\":\"ImageObject\",\"inLanguage\":\"it-IT\",\"@id\":\"https:\/\/www.perunaltracitta.org\/homepage\/#\/schema\/logo\/image\/\",\"url\":\"https:\/\/www.perunaltracitta.org\/wp-content\/uploads\/2025\/11\/Original-on-Transparent-Copia-af-1.png\",\"contentUrl\":\"https:\/\/www.perunaltracitta.org\/wp-content\/uploads\/2025\/11\/Original-on-Transparent-Copia-af-1.png\",\"width\":600,\"height\":153,\"caption\":\"perUnaltracitt\u00e0 - laboratorio politico Firenze\"},\"image\":{\"@id\":\"https:\/\/www.perunaltracitta.org\/homepage\/#\/schema\/logo\/image\/\"},\"sameAs\":[\"https:\/\/www.facebook.com\/perunaltracitta\",\"https:\/\/x.com\/perunaltracitta\"]},{\"@type\":\"Person\",\"@id\":\"https:\/\/www.perunaltracitta.org\/homepage\/#\/schema\/person\/124225adb4bfd114fdad8de7ef406142\",\"name\":\"Lucia Evangelisti\",\"image\":{\"@type\":\"ImageObject\",\"inLanguage\":\"it-IT\",\"@id\":\"https:\/\/www.perunaltracitta.org\/homepage\/#\/schema\/person\/image\/\",\"url\":\"https:\/\/www.perunaltracitta.org\/wp-content\/uploads\/2022\/05\/lucia-evangelisti-120x120.jpeg\",\"contentUrl\":\"https:\/\/www.perunaltracitta.org\/wp-content\/uploads\/2022\/05\/lucia-evangelisti-120x120.jpeg\",\"caption\":\"Lucia Evangelisti\"},\"url\":\"https:\/\/www.perunaltracitta.org\/homepage\/author\/luciaevangelisti\/\"}]}<\/script>\n<!-- \/ Yoast SEO plugin. -->","yoast_head_json":{"title":"Autonomia e terza et\u00e0. Non soli, ma bene accompagnati - La Citt\u00e0 invisibile | perUnaltracitt\u00e0 | Firenze","robots":{"index":"index","follow":"follow","max-snippet":"max-snippet:-1","max-image-preview":"max-image-preview:large","max-video-preview":"max-video-preview:-1"},"canonical":"https:\/\/www.perunaltracitta.org\/homepage\/2022\/05\/05\/autonomia-e-terza-eta-non-soli-ma-bene-accompagnati\/","og_locale":"it_IT","og_type":"article","og_title":"Autonomia e terza et\u00e0. Non soli, ma bene accompagnati - La Citt\u00e0 invisibile | perUnaltracitt\u00e0 | Firenze","og_description":"Prendo spunto da \u201cMai pi\u00f9 soli\u201d, articolo di Lorenzo Fargnoli comparso sul settimanale Left del 18 febbraio scorso che affronta il tema degli over 65 italiani. L\u2019autore afferma che per il 30,3% hanno difficolt\u00e0 nell\u2019essere autonomi, secondo uno studio Istat. L\u2019argomento Societ\u00e0-Terza Et\u00e0 riveste particolare importanza in un\u2019Italia sempre pi\u00f9 vecchia, dove i fondi per &hellip; Autonomia e terza et\u00e0. Non soli, ma bene accompagnati Leggi altro &raquo;","og_url":"https:\/\/www.perunaltracitta.org\/homepage\/2022\/05\/05\/autonomia-e-terza-eta-non-soli-ma-bene-accompagnati\/","og_site_name":"La Citt\u00e0 invisibile | perUnaltracitt\u00e0 | Firenze","article_publisher":"https:\/\/www.facebook.com\/perunaltracitta","article_published_time":"2022-05-05T09:39:43+00:00","article_modified_time":"2025-03-17T17:18:39+00:00","og_image":[{"width":1024,"height":712,"url":"https:\/\/www.perunaltracitta.org\/wp-content\/uploads\/2022\/05\/anziani.jpeg","type":"image\/jpeg"}],"author":"Lucia Evangelisti","twitter_card":"summary_large_image","twitter_creator":"@perunaltracitta","twitter_site":"@perunaltracitta","twitter_misc":{"Scritto da":"Lucia Evangelisti","Tempo di lettura stimato":"5 minuti"},"schema":{"@context":"https:\/\/schema.org","@graph":[{"@type":"Article","@id":"https:\/\/www.perunaltracitta.org\/homepage\/2022\/05\/05\/autonomia-e-terza-eta-non-soli-ma-bene-accompagnati\/#article","isPartOf":{"@id":"https:\/\/www.perunaltracitta.org\/homepage\/2022\/05\/05\/autonomia-e-terza-eta-non-soli-ma-bene-accompagnati\/"},"author":{"name":"Lucia Evangelisti","@id":"https:\/\/www.perunaltracitta.org\/homepage\/#\/schema\/person\/124225adb4bfd114fdad8de7ef406142"},"headline":"Autonomia e terza et\u00e0. Non soli, ma bene accompagnati","datePublished":"2022-05-05T09:39:43+00:00","dateModified":"2025-03-17T17:18:39+00:00","mainEntityOfPage":{"@id":"https:\/\/www.perunaltracitta.org\/homepage\/2022\/05\/05\/autonomia-e-terza-eta-non-soli-ma-bene-accompagnati\/"},"wordCount":786,"commentCount":1,"publisher":{"@id":"https:\/\/www.perunaltracitta.org\/homepage\/#organization"},"image":{"@id":"https:\/\/www.perunaltracitta.org\/homepage\/2022\/05\/05\/autonomia-e-terza-eta-non-soli-ma-bene-accompagnati\/#primaryimage"},"thumbnailUrl":"https:\/\/www.perunaltracitta.org\/wp-content\/uploads\/2022\/05\/anziani.jpeg","keywords":["autonomia","cohousing","famiglia","over 65"],"articleSection":["In evidenza"],"inLanguage":"it-IT","potentialAction":[{"@type":"CommentAction","name":"Comment","target":["https:\/\/www.perunaltracitta.org\/homepage\/2022\/05\/05\/autonomia-e-terza-eta-non-soli-ma-bene-accompagnati\/#respond"]}]},{"@type":"WebPage","@id":"https:\/\/www.perunaltracitta.org\/homepage\/2022\/05\/05\/autonomia-e-terza-eta-non-soli-ma-bene-accompagnati\/","url":"https:\/\/www.perunaltracitta.org\/homepage\/2022\/05\/05\/autonomia-e-terza-eta-non-soli-ma-bene-accompagnati\/","name":"Autonomia e terza et\u00e0. Non soli, ma bene accompagnati - La Citt\u00e0 invisibile | perUnaltracitt\u00e0 | Firenze","isPartOf":{"@id":"https:\/\/www.perunaltracitta.org\/homepage\/#website"},"primaryImageOfPage":{"@id":"https:\/\/www.perunaltracitta.org\/homepage\/2022\/05\/05\/autonomia-e-terza-eta-non-soli-ma-bene-accompagnati\/#primaryimage"},"image":{"@id":"https:\/\/www.perunaltracitta.org\/homepage\/2022\/05\/05\/autonomia-e-terza-eta-non-soli-ma-bene-accompagnati\/#primaryimage"},"thumbnailUrl":"https:\/\/www.perunaltracitta.org\/wp-content\/uploads\/2022\/05\/anziani.jpeg","datePublished":"2022-05-05T09:39:43+00:00","dateModified":"2025-03-17T17:18:39+00:00","breadcrumb":{"@id":"https:\/\/www.perunaltracitta.org\/homepage\/2022\/05\/05\/autonomia-e-terza-eta-non-soli-ma-bene-accompagnati\/#breadcrumb"},"inLanguage":"it-IT","potentialAction":[{"@type":"ReadAction","target":["https:\/\/www.perunaltracitta.org\/homepage\/2022\/05\/05\/autonomia-e-terza-eta-non-soli-ma-bene-accompagnati\/"]}]},{"@type":"ImageObject","inLanguage":"it-IT","@id":"https:\/\/www.perunaltracitta.org\/homepage\/2022\/05\/05\/autonomia-e-terza-eta-non-soli-ma-bene-accompagnati\/#primaryimage","url":"https:\/\/www.perunaltracitta.org\/wp-content\/uploads\/2022\/05\/anziani.jpeg","contentUrl":"https:\/\/www.perunaltracitta.org\/wp-content\/uploads\/2022\/05\/anziani.jpeg","width":1024,"height":712},{"@type":"BreadcrumbList","@id":"https:\/\/www.perunaltracitta.org\/homepage\/2022\/05\/05\/autonomia-e-terza-eta-non-soli-ma-bene-accompagnati\/#breadcrumb","itemListElement":[{"@type":"ListItem","position":1,"name":"Home","item":"https:\/\/www.perunaltracitta.org\/homepage\/"},{"@type":"ListItem","position":2,"name":"Autonomia e terza et\u00e0. Non soli, ma bene accompagnati"}]},{"@type":"WebSite","@id":"https:\/\/www.perunaltracitta.org\/homepage\/#website","url":"https:\/\/www.perunaltracitta.org\/homepage\/","name":"La Citt\u00e0 invisibile | perUnaltracitt\u00e0 | Firenze","description":"Voci oltre il pensiero unico","publisher":{"@id":"https:\/\/www.perunaltracitta.org\/homepage\/#organization"},"potentialAction":[{"@type":"SearchAction","target":{"@type":"EntryPoint","urlTemplate":"https:\/\/www.perunaltracitta.org\/homepage\/?s={search_term_string}"},"query-input":{"@type":"PropertyValueSpecification","valueRequired":true,"valueName":"search_term_string"}}],"inLanguage":"it-IT"},{"@type":"Organization","@id":"https:\/\/www.perunaltracitta.org\/homepage\/#organization","name":"perUnaltracitt\u00e0 - laboratorio politico Firenze","url":"https:\/\/www.perunaltracitta.org\/homepage\/","logo":{"@type":"ImageObject","inLanguage":"it-IT","@id":"https:\/\/www.perunaltracitta.org\/homepage\/#\/schema\/logo\/image\/","url":"https:\/\/www.perunaltracitta.org\/wp-content\/uploads\/2025\/11\/Original-on-Transparent-Copia-af-1.png","contentUrl":"https:\/\/www.perunaltracitta.org\/wp-content\/uploads\/2025\/11\/Original-on-Transparent-Copia-af-1.png","width":600,"height":153,"caption":"perUnaltracitt\u00e0 - laboratorio politico Firenze"},"image":{"@id":"https:\/\/www.perunaltracitta.org\/homepage\/#\/schema\/logo\/image\/"},"sameAs":["https:\/\/www.facebook.com\/perunaltracitta","https:\/\/x.com\/perunaltracitta"]},{"@type":"Person","@id":"https:\/\/www.perunaltracitta.org\/homepage\/#\/schema\/person\/124225adb4bfd114fdad8de7ef406142","name":"Lucia Evangelisti","image":{"@type":"ImageObject","inLanguage":"it-IT","@id":"https:\/\/www.perunaltracitta.org\/homepage\/#\/schema\/person\/image\/","url":"https:\/\/www.perunaltracitta.org\/wp-content\/uploads\/2022\/05\/lucia-evangelisti-120x120.jpeg","contentUrl":"https:\/\/www.perunaltracitta.org\/wp-content\/uploads\/2022\/05\/lucia-evangelisti-120x120.jpeg","caption":"Lucia Evangelisti"},"url":"https:\/\/www.perunaltracitta.org\/homepage\/author\/luciaevangelisti\/"}]}},"uagb_featured_image_src":{"full":["https:\/\/www.perunaltracitta.org\/wp-content\/uploads\/2022\/05\/anziani.jpeg",1024,712,false],"thumbnail":["https:\/\/www.perunaltracitta.org\/wp-content\/uploads\/2022\/05\/anziani-150x150.jpeg",150,150,true],"medium":["https:\/\/www.perunaltracitta.org\/wp-content\/uploads\/2022\/05\/anziani-300x209.jpeg",300,209,true],"medium_large":["https:\/\/www.perunaltracitta.org\/wp-content\/uploads\/2022\/05\/anziani-768x534.jpeg",768,534,true],"large":["https:\/\/www.perunaltracitta.org\/wp-content\/uploads\/2022\/05\/anziani.jpeg",1024,712,false],"wysija-newsletters-max":["https:\/\/www.perunaltracitta.org\/wp-content\/uploads\/2022\/05\/anziani-600x417.jpeg",600,417,true],"1536x1536":["https:\/\/www.perunaltracitta.org\/wp-content\/uploads\/2022\/05\/anziani.jpeg",1024,712,false],"2048x2048":["https:\/\/www.perunaltracitta.org\/wp-content\/uploads\/2022\/05\/anziani.jpeg",1024,712,false],"mailpoet_newsletter_max":["https:\/\/www.perunaltracitta.org\/wp-content\/uploads\/2022\/05\/anziani.jpeg",1024,712,false],"yarpp-thumbnail":["https:\/\/www.perunaltracitta.org\/wp-content\/uploads\/2022\/05\/anziani-120x120.jpeg",120,120,true]},"uagb_author_info":{"display_name":"Lucia Evangelisti","author_link":"https:\/\/www.perunaltracitta.org\/homepage\/author\/luciaevangelisti\/"},"uagb_comment_info":1,"uagb_excerpt":"Prendo spunto da \u201cMai pi\u00f9 soli\u201d, articolo di Lorenzo Fargnoli comparso sul settimanale Left del 18 febbraio scorso che affronta il tema degli over 65 italiani. L\u2019autore afferma che per il 30,3% hanno difficolt\u00e0 nell\u2019essere autonomi, secondo uno studio Istat. L\u2019argomento Societ\u00e0-Terza Et\u00e0 riveste particolare importanza in un\u2019Italia sempre pi\u00f9 vecchia, dove i fondi per&hellip;","_links":{"self":[{"href":"https:\/\/www.perunaltracitta.org\/homepage\/wp-json\/wp\/v2\/posts\/86619","targetHints":{"allow":["GET"]}}],"collection":[{"href":"https:\/\/www.perunaltracitta.org\/homepage\/wp-json\/wp\/v2\/posts"}],"about":[{"href":"https:\/\/www.perunaltracitta.org\/homepage\/wp-json\/wp\/v2\/types\/post"}],"author":[{"embeddable":true,"href":"https:\/\/www.perunaltracitta.org\/homepage\/wp-json\/wp\/v2\/users\/451"}],"replies":[{"embeddable":true,"href":"https:\/\/www.perunaltracitta.org\/homepage\/wp-json\/wp\/v2\/comments?post=86619"}],"version-history":[{"count":3,"href":"https:\/\/www.perunaltracitta.org\/homepage\/wp-json\/wp\/v2\/posts\/86619\/revisions"}],"predecessor-version":[{"id":86627,"href":"https:\/\/www.perunaltracitta.org\/homepage\/wp-json\/wp\/v2\/posts\/86619\/revisions\/86627"}],"wp:featuredmedia":[{"embeddable":true,"href":"https:\/\/www.perunaltracitta.org\/homepage\/wp-json\/wp\/v2\/media\/86621"}],"wp:attachment":[{"href":"https:\/\/www.perunaltracitta.org\/homepage\/wp-json\/wp\/v2\/media?parent=86619"}],"wp:term":[{"taxonomy":"category","embeddable":true,"href":"https:\/\/www.perunaltracitta.org\/homepage\/wp-json\/wp\/v2\/categories?post=86619"},{"taxonomy":"post_tag","embeddable":true,"href":"https:\/\/www.perunaltracitta.org\/homepage\/wp-json\/wp\/v2\/tags?post=86619"}],"curies":[{"name":"wp","href":"https:\/\/api.w.org\/{rel}","templated":true}]}}