{"id":87002,"date":"2022-06-26T12:34:33","date_gmt":"2022-06-26T10:34:33","guid":{"rendered":"https:\/\/www.perunaltracitta.org\/homepage\/?p=87002"},"modified":"2022-06-26T12:34:33","modified_gmt":"2022-06-26T10:34:33","slug":"centri-storici-li-salvera-nardella-con-una-proposta-di-legge-popolare-antonio-fiorentino-su-radio-wombat","status":"publish","type":"post","link":"https:\/\/www.perunaltracitta.org\/homepage\/2022\/06\/26\/centri-storici-li-salvera-nardella-con-una-proposta-di-legge-popolare-antonio-fiorentino-su-radio-wombat\/","title":{"rendered":"Centri storici: li salver\u00e0 Nardella con una proposta di legge popolare? Antonio Fiorentino su Radio Wombat"},"content":{"rendered":"<p>Antonio Fiorentino ai microfoni di <a href=\"https:\/\/radiowombat.net\/\" target=\"_blank\" rel=\"noopener\">Radio Wombat<\/a> commenta la proposta di legge popolare di Nardella sulla salvaguardia dei centri storici. La citt\u00e0 \u00e8 tornata ai tempi pre-pandemia e la proposta di legge di Nardella appare demagogica e inefficace, perch\u00e9 il problema non sta nelle regole del gioco ma nel modello economico di citt\u00e0. Tutto questo mentre qualsiasi proposta alternativa o tentativo di dialogo dal basso \u00e8 state ignorata.<\/p>\n<p>A <a href=\"https:\/\/radiowombat.net\/stampa-rassegnata-192-16-25giu\/?fbclid=IwAR3a7KD7gLeVk8v6fp4y3ryibbpnJoHEiOf57UvB1eRlc6uZKkVPmBmnMlg\" target=\"_blank\" rel=\"noopener\">questo link<\/a> l&#8217;intera puntata di Stampa Rassegnata.<\/p>\n<audio class=\"wp-audio-shortcode\" id=\"audio-87002-1\" preload=\"none\" style=\"width: 100%;\" controls=\"controls\"><source type=\"audio\/mpeg\" src=\"https:\/\/www.perunaltracitta.org\/wp-content\/uploads\/2022\/06\/Stampa-Rassegnata-192-16-25Giu.mp3?_=1\" \/><a href=\"https:\/\/www.perunaltracitta.org\/wp-content\/uploads\/2022\/06\/Stampa-Rassegnata-192-16-25Giu.mp3\">https:\/\/www.perunaltracitta.org\/wp-content\/uploads\/2022\/06\/Stampa-Rassegnata-192-16-25Giu.mp3<\/a><\/audio>\n","protected":false},"excerpt":{"rendered":"<p>Antonio Fiorentino ai microfoni di Radio Wombat commenta la proposta di legge popolare di Nardella sulla salvaguardia dei centri storici. La citt\u00e0 \u00e8 tornata ai tempi pre-pandemia e la proposta di legge di Nardella appare demagogica e inefficace, perch\u00e9 il problema non sta nelle regole del gioco ma nel modello economico di citt\u00e0. Tutto questo &hellip;<\/p>\n<p class=\"read-more\"> <a class=\"\" href=\"https:\/\/www.perunaltracitta.org\/homepage\/2022\/06\/26\/centri-storici-li-salvera-nardella-con-una-proposta-di-legge-popolare-antonio-fiorentino-su-radio-wombat\/\"> <span class=\"screen-reader-text\">Centri storici: li salver\u00e0 Nardella con una proposta di legge popolare? Antonio Fiorentino su Radio Wombat<\/span> Leggi altro &raquo;<\/a><\/p>\n","protected":false},"author":1,"featured_media":87009,"comment_status":"open","ping_status":"open","sticky":false,"template":"","format":"standard","meta":{"_uag_custom_page_level_css":"","site-sidebar-layout":"default","site-content-layout":"default","ast-global-header-display":"","ast-main-header-display":"","ast-hfb-above-header-display":"","ast-hfb-below-header-display":"","ast-hfb-mobile-header-display":"","site-post-title":"","ast-breadcrumbs-content":"","ast-featured-img":"","footer-sml-layout":"","theme-transparent-header-meta":"default","adv-header-id-meta":"","stick-header-meta":"","header-above-stick-meta":"","header-main-stick-meta":"","header-below-stick-meta":"","footnotes":""},"categories":[4132],"tags":[585,1147,5,656,619],"class_list":["post-87002","post","type-post","status-publish","format-standard","has-post-thumbnail","hentry","category-firenze","tag-centro-storico","tag-estrattivismo","tag-firenze","tag-svendita","tag-turismo"],"yoast_head":"<!-- This site is optimized with the Yoast SEO plugin v25.1 - https:\/\/yoast.com\/wordpress\/plugins\/seo\/ -->\n<title>Centri storici: li salver\u00e0 Nardella con una proposta di legge popolare? Antonio Fiorentino su Radio Wombat - La Citt\u00e0 invisibile | perUnaltracitt\u00e0 | Firenze<\/title>\n<meta name=\"robots\" content=\"index, follow, max-snippet:-1, max-image-preview:large, max-video-preview:-1\" \/>\n<link rel=\"canonical\" href=\"https:\/\/www.perunaltracitta.org\/homepage\/2022\/06\/26\/centri-storici-li-salvera-nardella-con-una-proposta-di-legge-popolare-antonio-fiorentino-su-radio-wombat\/\" \/>\n<meta property=\"og:locale\" content=\"it_IT\" \/>\n<meta property=\"og:type\" content=\"article\" \/>\n<meta property=\"og:title\" content=\"Centri storici: li salver\u00e0 Nardella con una proposta di legge popolare? Antonio Fiorentino su Radio Wombat - La Citt\u00e0 invisibile | perUnaltracitt\u00e0 | Firenze\" \/>\n<meta property=\"og:description\" content=\"Antonio Fiorentino ai microfoni di Radio Wombat commenta la proposta di legge popolare di Nardella sulla salvaguardia dei centri storici. La citt\u00e0 \u00e8 tornata ai tempi pre-pandemia e la proposta di legge di Nardella appare demagogica e inefficace, perch\u00e9 il problema non sta nelle regole del gioco ma nel modello economico di citt\u00e0. Tutto questo &hellip; Centri storici: li salver\u00e0 Nardella con una proposta di legge popolare? Antonio Fiorentino su Radio Wombat Leggi altro &raquo;\" \/>\n<meta property=\"og:url\" content=\"https:\/\/www.perunaltracitta.org\/homepage\/2022\/06\/26\/centri-storici-li-salvera-nardella-con-una-proposta-di-legge-popolare-antonio-fiorentino-su-radio-wombat\/\" \/>\n<meta property=\"og:site_name\" content=\"La Citt\u00e0 invisibile | perUnaltracitt\u00e0 | Firenze\" \/>\n<meta property=\"article:publisher\" content=\"https:\/\/www.facebook.com\/perunaltracitta\" \/>\n<meta property=\"article:published_time\" content=\"2022-06-26T10:34:33+00:00\" \/>\n<meta property=\"og:image\" content=\"https:\/\/www.perunaltracitta.org\/wp-content\/uploads\/2022\/06\/download-1.png\" \/>\n\t<meta property=\"og:image:width\" content=\"500\" \/>\n\t<meta property=\"og:image:height\" content=\"321\" \/>\n\t<meta property=\"og:image:type\" content=\"image\/png\" \/>\n<meta name=\"author\" content=\"Redazione\" \/>\n<meta name=\"twitter:card\" content=\"summary_large_image\" \/>\n<meta name=\"twitter:creator\" content=\"@perunaltracitta\" \/>\n<meta name=\"twitter:site\" content=\"@perunaltracitta\" \/>\n<meta name=\"twitter:label1\" content=\"Scritto da\" \/>\n\t<meta name=\"twitter:data1\" content=\"Redazione\" \/>\n<script type=\"application\/ld+json\" class=\"yoast-schema-graph\">{\"@context\":\"https:\/\/schema.org\",\"@graph\":[{\"@type\":\"Article\",\"@id\":\"https:\/\/www.perunaltracitta.org\/homepage\/2022\/06\/26\/centri-storici-li-salvera-nardella-con-una-proposta-di-legge-popolare-antonio-fiorentino-su-radio-wombat\/#article\",\"isPartOf\":{\"@id\":\"https:\/\/www.perunaltracitta.org\/homepage\/2022\/06\/26\/centri-storici-li-salvera-nardella-con-una-proposta-di-legge-popolare-antonio-fiorentino-su-radio-wombat\/\"},\"author\":{\"name\":\"Redazione\",\"@id\":\"https:\/\/www.perunaltracitta.org\/homepage\/#\/schema\/person\/dfa435bbec27dfdfca89afd56a6c0081\"},\"headline\":\"Centri storici: li salver\u00e0 Nardella con una proposta di legge popolare? Antonio Fiorentino su Radio Wombat\",\"datePublished\":\"2022-06-26T10:34:33+00:00\",\"mainEntityOfPage\":{\"@id\":\"https:\/\/www.perunaltracitta.org\/homepage\/2022\/06\/26\/centri-storici-li-salvera-nardella-con-una-proposta-di-legge-popolare-antonio-fiorentino-su-radio-wombat\/\"},\"wordCount\":104,\"commentCount\":0,\"publisher\":{\"@id\":\"https:\/\/www.perunaltracitta.org\/homepage\/#organization\"},\"image\":{\"@id\":\"https:\/\/www.perunaltracitta.org\/homepage\/2022\/06\/26\/centri-storici-li-salvera-nardella-con-una-proposta-di-legge-popolare-antonio-fiorentino-su-radio-wombat\/#primaryimage\"},\"thumbnailUrl\":\"https:\/\/www.perunaltracitta.org\/wp-content\/uploads\/2022\/06\/download-1.png\",\"keywords\":[\"centro storico\",\"estrattivismo\",\"firenze\",\"svendita\",\"turismo\"],\"articleSection\":[\"Firenze e dintorni\"],\"inLanguage\":\"it-IT\",\"potentialAction\":[{\"@type\":\"CommentAction\",\"name\":\"Comment\",\"target\":[\"https:\/\/www.perunaltracitta.org\/homepage\/2022\/06\/26\/centri-storici-li-salvera-nardella-con-una-proposta-di-legge-popolare-antonio-fiorentino-su-radio-wombat\/#respond\"]}]},{\"@type\":\"WebPage\",\"@id\":\"https:\/\/www.perunaltracitta.org\/homepage\/2022\/06\/26\/centri-storici-li-salvera-nardella-con-una-proposta-di-legge-popolare-antonio-fiorentino-su-radio-wombat\/\",\"url\":\"https:\/\/www.perunaltracitta.org\/homepage\/2022\/06\/26\/centri-storici-li-salvera-nardella-con-una-proposta-di-legge-popolare-antonio-fiorentino-su-radio-wombat\/\",\"name\":\"Centri storici: li salver\u00e0 Nardella con una proposta di legge popolare? Antonio Fiorentino su Radio Wombat - La Citt\u00e0 invisibile | perUnaltracitt\u00e0 | Firenze\",\"isPartOf\":{\"@id\":\"https:\/\/www.perunaltracitta.org\/homepage\/#website\"},\"primaryImageOfPage\":{\"@id\":\"https:\/\/www.perunaltracitta.org\/homepage\/2022\/06\/26\/centri-storici-li-salvera-nardella-con-una-proposta-di-legge-popolare-antonio-fiorentino-su-radio-wombat\/#primaryimage\"},\"image\":{\"@id\":\"https:\/\/www.perunaltracitta.org\/homepage\/2022\/06\/26\/centri-storici-li-salvera-nardella-con-una-proposta-di-legge-popolare-antonio-fiorentino-su-radio-wombat\/#primaryimage\"},\"thumbnailUrl\":\"https:\/\/www.perunaltracitta.org\/wp-content\/uploads\/2022\/06\/download-1.png\",\"datePublished\":\"2022-06-26T10:34:33+00:00\",\"breadcrumb\":{\"@id\":\"https:\/\/www.perunaltracitta.org\/homepage\/2022\/06\/26\/centri-storici-li-salvera-nardella-con-una-proposta-di-legge-popolare-antonio-fiorentino-su-radio-wombat\/#breadcrumb\"},\"inLanguage\":\"it-IT\",\"potentialAction\":[{\"@type\":\"ReadAction\",\"target\":[\"https:\/\/www.perunaltracitta.org\/homepage\/2022\/06\/26\/centri-storici-li-salvera-nardella-con-una-proposta-di-legge-popolare-antonio-fiorentino-su-radio-wombat\/\"]}]},{\"@type\":\"ImageObject\",\"inLanguage\":\"it-IT\",\"@id\":\"https:\/\/www.perunaltracitta.org\/homepage\/2022\/06\/26\/centri-storici-li-salvera-nardella-con-una-proposta-di-legge-popolare-antonio-fiorentino-su-radio-wombat\/#primaryimage\",\"url\":\"https:\/\/www.perunaltracitta.org\/wp-content\/uploads\/2022\/06\/download-1.png\",\"contentUrl\":\"https:\/\/www.perunaltracitta.org\/wp-content\/uploads\/2022\/06\/download-1.png\",\"width\":500,\"height\":321,\"caption\":\"Fiorentino su Radio Wombat\"},{\"@type\":\"BreadcrumbList\",\"@id\":\"https:\/\/www.perunaltracitta.org\/homepage\/2022\/06\/26\/centri-storici-li-salvera-nardella-con-una-proposta-di-legge-popolare-antonio-fiorentino-su-radio-wombat\/#breadcrumb\",\"itemListElement\":[{\"@type\":\"ListItem\",\"position\":1,\"name\":\"Home\",\"item\":\"https:\/\/www.perunaltracitta.org\/homepage\/\"},{\"@type\":\"ListItem\",\"position\":2,\"name\":\"Centri storici: li salver\u00e0 Nardella con una proposta di legge popolare? Antonio Fiorentino su Radio Wombat\"}]},{\"@type\":\"WebSite\",\"@id\":\"https:\/\/www.perunaltracitta.org\/homepage\/#website\",\"url\":\"https:\/\/www.perunaltracitta.org\/homepage\/\",\"name\":\"La Citt\u00e0 invisibile | perUnaltracitt\u00e0 | Firenze\",\"description\":\"Voci oltre il pensiero unico\",\"publisher\":{\"@id\":\"https:\/\/www.perunaltracitta.org\/homepage\/#organization\"},\"potentialAction\":[{\"@type\":\"SearchAction\",\"target\":{\"@type\":\"EntryPoint\",\"urlTemplate\":\"https:\/\/www.perunaltracitta.org\/homepage\/?s={search_term_string}\"},\"query-input\":{\"@type\":\"PropertyValueSpecification\",\"valueRequired\":true,\"valueName\":\"search_term_string\"}}],\"inLanguage\":\"it-IT\"},{\"@type\":\"Organization\",\"@id\":\"https:\/\/www.perunaltracitta.org\/homepage\/#organization\",\"name\":\"perUnaltracitt\u00e0 - laboratorio politico Firenze\",\"url\":\"https:\/\/www.perunaltracitta.org\/homepage\/\",\"logo\":{\"@type\":\"ImageObject\",\"inLanguage\":\"it-IT\",\"@id\":\"https:\/\/www.perunaltracitta.org\/homepage\/#\/schema\/logo\/image\/\",\"url\":\"https:\/\/www.perunaltracitta.org\/wp-content\/uploads\/2025\/11\/Original-on-Transparent-Copia-af-1.png\",\"contentUrl\":\"https:\/\/www.perunaltracitta.org\/wp-content\/uploads\/2025\/11\/Original-on-Transparent-Copia-af-1.png\",\"width\":600,\"height\":153,\"caption\":\"perUnaltracitt\u00e0 - laboratorio politico Firenze\"},\"image\":{\"@id\":\"https:\/\/www.perunaltracitta.org\/homepage\/#\/schema\/logo\/image\/\"},\"sameAs\":[\"https:\/\/www.facebook.com\/perunaltracitta\",\"https:\/\/x.com\/perunaltracitta\"]},{\"@type\":\"Person\",\"@id\":\"https:\/\/www.perunaltracitta.org\/homepage\/#\/schema\/person\/dfa435bbec27dfdfca89afd56a6c0081\",\"name\":\"Redazione\",\"image\":{\"@type\":\"ImageObject\",\"inLanguage\":\"it-IT\",\"@id\":\"https:\/\/www.perunaltracitta.org\/homepage\/#\/schema\/person\/image\/\",\"url\":\"https:\/\/www.perunaltracitta.org\/wp-content\/uploads\/2021\/12\/puc-per-barra-browser-120x120.png\",\"contentUrl\":\"https:\/\/www.perunaltracitta.org\/wp-content\/uploads\/2021\/12\/puc-per-barra-browser-120x120.png\",\"caption\":\"Redazione\"},\"description\":\"Il gruppo di\u00a0redazione della rivista edita da perUnaltracitt\u00e0\",\"url\":\"https:\/\/www.perunaltracitta.org\/homepage\/author\/admin\/\"}]}<\/script>\n<!-- \/ Yoast SEO plugin. -->","yoast_head_json":{"title":"Centri storici: li salver\u00e0 Nardella con una proposta di legge popolare? Antonio Fiorentino su Radio Wombat - La Citt\u00e0 invisibile | perUnaltracitt\u00e0 | Firenze","robots":{"index":"index","follow":"follow","max-snippet":"max-snippet:-1","max-image-preview":"max-image-preview:large","max-video-preview":"max-video-preview:-1"},"canonical":"https:\/\/www.perunaltracitta.org\/homepage\/2022\/06\/26\/centri-storici-li-salvera-nardella-con-una-proposta-di-legge-popolare-antonio-fiorentino-su-radio-wombat\/","og_locale":"it_IT","og_type":"article","og_title":"Centri storici: li salver\u00e0 Nardella con una proposta di legge popolare? Antonio Fiorentino su Radio Wombat - La Citt\u00e0 invisibile | perUnaltracitt\u00e0 | Firenze","og_description":"Antonio Fiorentino ai microfoni di Radio Wombat commenta la proposta di legge popolare di Nardella sulla salvaguardia dei centri storici. La citt\u00e0 \u00e8 tornata ai tempi pre-pandemia e la proposta di legge di Nardella appare demagogica e inefficace, perch\u00e9 il problema non sta nelle regole del gioco ma nel modello economico di citt\u00e0. Tutto questo &hellip; Centri storici: li salver\u00e0 Nardella con una proposta di legge popolare? Antonio Fiorentino su Radio Wombat Leggi altro &raquo;","og_url":"https:\/\/www.perunaltracitta.org\/homepage\/2022\/06\/26\/centri-storici-li-salvera-nardella-con-una-proposta-di-legge-popolare-antonio-fiorentino-su-radio-wombat\/","og_site_name":"La Citt\u00e0 invisibile | perUnaltracitt\u00e0 | Firenze","article_publisher":"https:\/\/www.facebook.com\/perunaltracitta","article_published_time":"2022-06-26T10:34:33+00:00","og_image":[{"width":500,"height":321,"url":"https:\/\/www.perunaltracitta.org\/wp-content\/uploads\/2022\/06\/download-1.png","type":"image\/png"}],"author":"Redazione","twitter_card":"summary_large_image","twitter_creator":"@perunaltracitta","twitter_site":"@perunaltracitta","twitter_misc":{"Scritto da":"Redazione"},"schema":{"@context":"https:\/\/schema.org","@graph":[{"@type":"Article","@id":"https:\/\/www.perunaltracitta.org\/homepage\/2022\/06\/26\/centri-storici-li-salvera-nardella-con-una-proposta-di-legge-popolare-antonio-fiorentino-su-radio-wombat\/#article","isPartOf":{"@id":"https:\/\/www.perunaltracitta.org\/homepage\/2022\/06\/26\/centri-storici-li-salvera-nardella-con-una-proposta-di-legge-popolare-antonio-fiorentino-su-radio-wombat\/"},"author":{"name":"Redazione","@id":"https:\/\/www.perunaltracitta.org\/homepage\/#\/schema\/person\/dfa435bbec27dfdfca89afd56a6c0081"},"headline":"Centri storici: li salver\u00e0 Nardella con una proposta di legge popolare? Antonio Fiorentino su Radio Wombat","datePublished":"2022-06-26T10:34:33+00:00","mainEntityOfPage":{"@id":"https:\/\/www.perunaltracitta.org\/homepage\/2022\/06\/26\/centri-storici-li-salvera-nardella-con-una-proposta-di-legge-popolare-antonio-fiorentino-su-radio-wombat\/"},"wordCount":104,"commentCount":0,"publisher":{"@id":"https:\/\/www.perunaltracitta.org\/homepage\/#organization"},"image":{"@id":"https:\/\/www.perunaltracitta.org\/homepage\/2022\/06\/26\/centri-storici-li-salvera-nardella-con-una-proposta-di-legge-popolare-antonio-fiorentino-su-radio-wombat\/#primaryimage"},"thumbnailUrl":"https:\/\/www.perunaltracitta.org\/wp-content\/uploads\/2022\/06\/download-1.png","keywords":["centro storico","estrattivismo","firenze","svendita","turismo"],"articleSection":["Firenze e dintorni"],"inLanguage":"it-IT","potentialAction":[{"@type":"CommentAction","name":"Comment","target":["https:\/\/www.perunaltracitta.org\/homepage\/2022\/06\/26\/centri-storici-li-salvera-nardella-con-una-proposta-di-legge-popolare-antonio-fiorentino-su-radio-wombat\/#respond"]}]},{"@type":"WebPage","@id":"https:\/\/www.perunaltracitta.org\/homepage\/2022\/06\/26\/centri-storici-li-salvera-nardella-con-una-proposta-di-legge-popolare-antonio-fiorentino-su-radio-wombat\/","url":"https:\/\/www.perunaltracitta.org\/homepage\/2022\/06\/26\/centri-storici-li-salvera-nardella-con-una-proposta-di-legge-popolare-antonio-fiorentino-su-radio-wombat\/","name":"Centri storici: li salver\u00e0 Nardella con una proposta di legge popolare? Antonio Fiorentino su Radio Wombat - La Citt\u00e0 invisibile | perUnaltracitt\u00e0 | Firenze","isPartOf":{"@id":"https:\/\/www.perunaltracitta.org\/homepage\/#website"},"primaryImageOfPage":{"@id":"https:\/\/www.perunaltracitta.org\/homepage\/2022\/06\/26\/centri-storici-li-salvera-nardella-con-una-proposta-di-legge-popolare-antonio-fiorentino-su-radio-wombat\/#primaryimage"},"image":{"@id":"https:\/\/www.perunaltracitta.org\/homepage\/2022\/06\/26\/centri-storici-li-salvera-nardella-con-una-proposta-di-legge-popolare-antonio-fiorentino-su-radio-wombat\/#primaryimage"},"thumbnailUrl":"https:\/\/www.perunaltracitta.org\/wp-content\/uploads\/2022\/06\/download-1.png","datePublished":"2022-06-26T10:34:33+00:00","breadcrumb":{"@id":"https:\/\/www.perunaltracitta.org\/homepage\/2022\/06\/26\/centri-storici-li-salvera-nardella-con-una-proposta-di-legge-popolare-antonio-fiorentino-su-radio-wombat\/#breadcrumb"},"inLanguage":"it-IT","potentialAction":[{"@type":"ReadAction","target":["https:\/\/www.perunaltracitta.org\/homepage\/2022\/06\/26\/centri-storici-li-salvera-nardella-con-una-proposta-di-legge-popolare-antonio-fiorentino-su-radio-wombat\/"]}]},{"@type":"ImageObject","inLanguage":"it-IT","@id":"https:\/\/www.perunaltracitta.org\/homepage\/2022\/06\/26\/centri-storici-li-salvera-nardella-con-una-proposta-di-legge-popolare-antonio-fiorentino-su-radio-wombat\/#primaryimage","url":"https:\/\/www.perunaltracitta.org\/wp-content\/uploads\/2022\/06\/download-1.png","contentUrl":"https:\/\/www.perunaltracitta.org\/wp-content\/uploads\/2022\/06\/download-1.png","width":500,"height":321,"caption":"Fiorentino su Radio Wombat"},{"@type":"BreadcrumbList","@id":"https:\/\/www.perunaltracitta.org\/homepage\/2022\/06\/26\/centri-storici-li-salvera-nardella-con-una-proposta-di-legge-popolare-antonio-fiorentino-su-radio-wombat\/#breadcrumb","itemListElement":[{"@type":"ListItem","position":1,"name":"Home","item":"https:\/\/www.perunaltracitta.org\/homepage\/"},{"@type":"ListItem","position":2,"name":"Centri storici: li salver\u00e0 Nardella con una proposta di legge popolare? Antonio Fiorentino su Radio Wombat"}]},{"@type":"WebSite","@id":"https:\/\/www.perunaltracitta.org\/homepage\/#website","url":"https:\/\/www.perunaltracitta.org\/homepage\/","name":"La Citt\u00e0 invisibile | perUnaltracitt\u00e0 | Firenze","description":"Voci oltre il pensiero unico","publisher":{"@id":"https:\/\/www.perunaltracitta.org\/homepage\/#organization"},"potentialAction":[{"@type":"SearchAction","target":{"@type":"EntryPoint","urlTemplate":"https:\/\/www.perunaltracitta.org\/homepage\/?s={search_term_string}"},"query-input":{"@type":"PropertyValueSpecification","valueRequired":true,"valueName":"search_term_string"}}],"inLanguage":"it-IT"},{"@type":"Organization","@id":"https:\/\/www.perunaltracitta.org\/homepage\/#organization","name":"perUnaltracitt\u00e0 - laboratorio politico Firenze","url":"https:\/\/www.perunaltracitta.org\/homepage\/","logo":{"@type":"ImageObject","inLanguage":"it-IT","@id":"https:\/\/www.perunaltracitta.org\/homepage\/#\/schema\/logo\/image\/","url":"https:\/\/www.perunaltracitta.org\/wp-content\/uploads\/2025\/11\/Original-on-Transparent-Copia-af-1.png","contentUrl":"https:\/\/www.perunaltracitta.org\/wp-content\/uploads\/2025\/11\/Original-on-Transparent-Copia-af-1.png","width":600,"height":153,"caption":"perUnaltracitt\u00e0 - laboratorio politico Firenze"},"image":{"@id":"https:\/\/www.perunaltracitta.org\/homepage\/#\/schema\/logo\/image\/"},"sameAs":["https:\/\/www.facebook.com\/perunaltracitta","https:\/\/x.com\/perunaltracitta"]},{"@type":"Person","@id":"https:\/\/www.perunaltracitta.org\/homepage\/#\/schema\/person\/dfa435bbec27dfdfca89afd56a6c0081","name":"Redazione","image":{"@type":"ImageObject","inLanguage":"it-IT","@id":"https:\/\/www.perunaltracitta.org\/homepage\/#\/schema\/person\/image\/","url":"https:\/\/www.perunaltracitta.org\/wp-content\/uploads\/2021\/12\/puc-per-barra-browser-120x120.png","contentUrl":"https:\/\/www.perunaltracitta.org\/wp-content\/uploads\/2021\/12\/puc-per-barra-browser-120x120.png","caption":"Redazione"},"description":"Il gruppo di\u00a0redazione della rivista edita da perUnaltracitt\u00e0","url":"https:\/\/www.perunaltracitta.org\/homepage\/author\/admin\/"}]}},"uagb_featured_image_src":{"full":["https:\/\/www.perunaltracitta.org\/wp-content\/uploads\/2022\/06\/download-1.png",500,321,false],"thumbnail":["https:\/\/www.perunaltracitta.org\/wp-content\/uploads\/2022\/06\/download-1-150x150.png",150,150,true],"medium":["https:\/\/www.perunaltracitta.org\/wp-content\/uploads\/2022\/06\/download-1-300x193.png",300,193,true],"medium_large":["https:\/\/www.perunaltracitta.org\/wp-content\/uploads\/2022\/06\/download-1.png",500,321,false],"large":["https:\/\/www.perunaltracitta.org\/wp-content\/uploads\/2022\/06\/download-1.png",500,321,false],"wysija-newsletters-max":["https:\/\/www.perunaltracitta.org\/wp-content\/uploads\/2022\/06\/download-1.png",500,321,false],"1536x1536":["https:\/\/www.perunaltracitta.org\/wp-content\/uploads\/2022\/06\/download-1.png",500,321,false],"2048x2048":["https:\/\/www.perunaltracitta.org\/wp-content\/uploads\/2022\/06\/download-1.png",500,321,false],"mailpoet_newsletter_max":["https:\/\/www.perunaltracitta.org\/wp-content\/uploads\/2022\/06\/download-1.png",500,321,false],"yarpp-thumbnail":["https:\/\/www.perunaltracitta.org\/wp-content\/uploads\/2022\/06\/download-1-120x120.png",120,120,true]},"uagb_author_info":{"display_name":"Redazione","author_link":"https:\/\/www.perunaltracitta.org\/homepage\/author\/admin\/"},"uagb_comment_info":0,"uagb_excerpt":"Antonio Fiorentino ai microfoni di Radio Wombat commenta la proposta di legge popolare di Nardella sulla salvaguardia dei centri storici. La citt\u00e0 \u00e8 tornata ai tempi pre-pandemia e la proposta di legge di Nardella appare demagogica e inefficace, perch\u00e9 il problema non sta nelle regole del gioco ma nel modello economico di citt\u00e0. Tutto questo&hellip;","_links":{"self":[{"href":"https:\/\/www.perunaltracitta.org\/homepage\/wp-json\/wp\/v2\/posts\/87002","targetHints":{"allow":["GET"]}}],"collection":[{"href":"https:\/\/www.perunaltracitta.org\/homepage\/wp-json\/wp\/v2\/posts"}],"about":[{"href":"https:\/\/www.perunaltracitta.org\/homepage\/wp-json\/wp\/v2\/types\/post"}],"author":[{"embeddable":true,"href":"https:\/\/www.perunaltracitta.org\/homepage\/wp-json\/wp\/v2\/users\/1"}],"replies":[{"embeddable":true,"href":"https:\/\/www.perunaltracitta.org\/homepage\/wp-json\/wp\/v2\/comments?post=87002"}],"version-history":[{"count":1,"href":"https:\/\/www.perunaltracitta.org\/homepage\/wp-json\/wp\/v2\/posts\/87002\/revisions"}],"predecessor-version":[{"id":87010,"href":"https:\/\/www.perunaltracitta.org\/homepage\/wp-json\/wp\/v2\/posts\/87002\/revisions\/87010"}],"wp:featuredmedia":[{"embeddable":true,"href":"https:\/\/www.perunaltracitta.org\/homepage\/wp-json\/wp\/v2\/media\/87009"}],"wp:attachment":[{"href":"https:\/\/www.perunaltracitta.org\/homepage\/wp-json\/wp\/v2\/media?parent=87002"}],"wp:term":[{"taxonomy":"category","embeddable":true,"href":"https:\/\/www.perunaltracitta.org\/homepage\/wp-json\/wp\/v2\/categories?post=87002"},{"taxonomy":"post_tag","embeddable":true,"href":"https:\/\/www.perunaltracitta.org\/homepage\/wp-json\/wp\/v2\/tags?post=87002"}],"curies":[{"name":"wp","href":"https:\/\/api.w.org\/{rel}","templated":true}]}}