{"id":88260,"date":"2022-11-07T09:15:07","date_gmt":"2022-11-07T08:15:07","guid":{"rendered":"https:\/\/www.perunaltracitta.org\/homepage\/?p=88260"},"modified":"2022-11-07T09:15:07","modified_gmt":"2022-11-07T08:15:07","slug":"sullesperienza-di-mondeggi-bene-comune-fattoria-senza-padroni","status":"publish","type":"post","link":"https:\/\/www.perunaltracitta.org\/homepage\/2022\/11\/07\/sullesperienza-di-mondeggi-bene-comune-fattoria-senza-padroni\/","title":{"rendered":"Sull&#8217;esperienza di &#8220;Mondeggi bene comune fattoria senza padroni&#8221;"},"content":{"rendered":"<p lang=\"zxx\">Qualche settimana fa ho avuto la fortuna e l&#8217;onore di raccontare la storia della comunit\u00e0 di Mondeggi in un contesto particolarmente stimolante. Eravamo in un piccolo comune dell&#8217;entroterra molisano, in provincia di Campobasso, Castelbottaccio, dove si svolgeva una tre giorni ad altissima intensit\u00e0 sul tema dei &#8220;beni comuni&#8221; .<\/p>\n<p lang=\"zxx\">La lente con cui si osservava questo ormai inflazionato complesso di idee era riassunta nelle tre parole del sottotitolo:<\/p>\n<p lang=\"zxx\">Accogliere, ripopolare, rigenerare.<\/p>\n<p lang=\"zxx\">Gli incontri e i convegni che generalmente si fanno sull&#8217;argomento troppo spesso ruotano intorno ad un benecomunismo riciclato in chiave &#8220;democratico-rassicurante&#8221; da un sistema che tende sempre a rigenerarsi uguale a se stesso e molto poco propongono a livello pratico .<\/p>\n<p lang=\"zxx\"><img loading=\"lazy\" decoding=\"async\" class=\"alignleft size-medium wp-image-88286\" src=\"https:\/\/www.perunaltracitta.org\/wp-content\/uploads\/2022\/11\/o-1-1536x879-1-300x172.jpg\" alt=\"\" width=\"300\" height=\"172\" srcset=\"https:\/\/www.perunaltracitta.org\/wp-content\/uploads\/2022\/11\/o-1-1536x879-1-300x172.jpg 300w, https:\/\/www.perunaltracitta.org\/wp-content\/uploads\/2022\/11\/o-1-1536x879-1-1024x586.jpg 1024w, https:\/\/www.perunaltracitta.org\/wp-content\/uploads\/2022\/11\/o-1-1536x879-1-768x440.jpg 768w, https:\/\/www.perunaltracitta.org\/wp-content\/uploads\/2022\/11\/o-1-1536x879-1-600x343.jpg 600w, https:\/\/www.perunaltracitta.org\/wp-content\/uploads\/2022\/11\/o-1-1536x879-1-1320x755.jpg 1320w, https:\/\/www.perunaltracitta.org\/wp-content\/uploads\/2022\/11\/o-1-1536x879-1.jpg 1536w\" sizes=\"auto, (max-width: 300px) 100vw, 300px\" \/>In questo caso invece si parlava di esperienze di rigenerazione delle cos\u00ec dette aree interne, ovvero quelle colpite dall&#8217;effetto dello spopolameto dei borghi e de dei piccoli comuni spesso situati in aree montane o comunque marginalizzate dai processi di inurbamento e di turistificazione dei territori .<\/p>\n<p lang=\"zxx\">Si sono alternati sindaci, pubbliche amministrazioni ed esperienze di cittadinanza attiva che hanno avviato reali pratiche di condivisione con la comunit\u00e0 locale che accoglie, ripopola e rigenera i propri luoghi fino al caso pi\u00f9 eclatante dell&#8217;ex Sindaco di Riace Mimmo Lucano (il fuorilegge).<\/p>\n<p lang=\"zxx\">Ottima situazione per ampliare la riflessione che parte da Mondeggi e arriva all&#8217;autodeterminazione territoriale, come comunit\u00e0 e come persone.<\/p>\n<p lang=\"zxx\">Dunque l&#8217;esperienza ormai quasi decennale di Mondeggi proveniente dall&#8217;assemblea di &#8220;terra bene comune firenze&#8221; si \u00e8 fatta protagonista di accoglienza, di ripopolamento e di rigenerazione.<\/p>\n<p lang=\"zxx\"><i>Accoglienza<\/i> perch\u00e9 storicamente, ormai possiamo dirlo, l&#8217; assemblea della comunit\u00e0 di Mondeggi \u00e8 realmente aperta a tutti e tutte. In tutti questi anni si \u00e8 aggregato una enorme diversit\u00e0 di persone provenienti da ambienti distanti sia geograficamente che culturalmente.<\/p>\n<p lang=\"zxx\">Siamo alle porte di Firenze, all&#8217;inizio del mondialmente decantato Chianti, eppure ci trovavamo in presenza di un territorio abbandonato, degradato, gestito malamente, coperto di debiti, avvelenato da un&#8217;agricoltura chimica e monocolturale dove la presenza umana era ridotta al minimo e lo abbiamo <i>ripopolato<\/i> con centinaia e centinaia di persone che giornalmente vivono e attraversano questo spazio con attenzione, consapevolezza, rispetto e molta voglia di partecipare.<\/p>\n<p lang=\"zxx\">Contrariamente a quanto avviene nel nostro consorzio umano abituale, a Mondeggi la comunit\u00e0 si occupa in prima persona della fertilit\u00e0 della terra che produce il cibo per la comunit\u00e0 stessa. Il nostro agire produttivo non \u00e8 solo visto come forma di reddito o profitto ma ma \u00e8 finalizzato al mantenimento, alla rigenerazione e alla riproduzione delle nostre vite.<i> Rigenerare<\/i> significa anche restituire alla terra la sua capacit\u00e0 di produrre cibo sano in un contesto di mutualismo e cooperazione anzich\u00e9 di competizione e di mercato.<\/p>\n<p lang=\"zxx\">Tutto questo lo si \u00e8 cercato con costanza e tenacia in tutti questi anni dovendo far fronte a mille difficolt\u00e0 dovute in primo luogo a noi stessi, alla nostra non abitudine all&#8217;autogoverno, ai processi decisionali che siano realmete democratici, che tengano conto del rispetto di tutti e tutte, ai tentativi di contenere dinamiche di sopraffazione e di potere, spesso di genere ma non solo.<\/p>\n<p lang=\"zxx\">In secondo luogo le difficolt\u00e0 sono arrivate da un difficile rapporto con la pubblica amministrazione che in questo caso \u00e8 anche proprietaria dei terreni e dei fabbricati della tenuta di Mondeggi (la Citt\u00e0 metropolitana di Firenze ex provincia) .<\/p>\n<p lang=\"zxx\">Il mutualismo, la cooperazione, l&#8217;assunzione diretta di responsabilit\u00e0 delle comunit\u00e0 che si \u00e8 costruita con relazioni stabili in questi anni \u00e8 conflittuale con una amministrazione burocratizzata e insensibile, anzi addirittura irritata da questa realt\u00e0 dalla quale si sente scavalcata.<\/p>\n<p lang=\"zxx\">Fino alla scorsa primavera la voce del potere locale era un vero e proprio mantra: &#8220;dobbiamo vendere&#8221; il debito pubblico (quello cattivo) ce lo impone. Adesso tutto \u00e8 cambiato, il debito pubblico \u00e8 diventato improvvisamente buono e i nostri solerti amministratori ci stanno dicendo che con i fondi del PNRR (ben 52,5 milioni di euro) \u00e8 possibile costruire, parole loro:<i>&#8221; una piattaforma di nuova generazione condivisa in un progetto incentrato sullo sviluppo umano integrale e sostenibile dei cittadini e delle comunit\u00e0 locali&#8221; .<\/i><\/p>\n<p lang=\"zxx\">Ma non \u00e8 esattamente quello che stavamo facendo senza spendere un euro di denaro pubblico ?<\/p>\n<p lang=\"zxx\">Non \u00e8 proprio questo che la comunit\u00e0 di Mondeggi persegue da anni progettando e realizzando e di nuovo accogliendo, ripopolando e rigenerando? La natura del progetto \u00e8 sempre stata e lo \u00e8 tuttora di carattere sperimentale. Lasciateci sperimentare una presenza sul territorio innovativa (di nuova generazione ) che attraverso la cura della terra in modo agroecologico e garantisca alle comunit\u00e0 locali cibo sano e buona vita.<\/p>\n<p lang=\"zxx\">Lasciate che la comunit\u00e0 stessa si autodetermini anche dal punto di vista economico, ovvero della raccolta dei fondi necessari alla ristrutturazione degli immobili e dei terreni in modo creativo e coinvolgente delle comunit\u00e0 locali senza dover ricorrere a meccanismi che muovono enormi risorse pubbliche. Meccanismi che scomodano saperi colti e molto costosi nell&#8217;ottica consolidata del debito pubblico. Paradigma che ormai sappiamo essere un drenaggio di risorse economiche provenienti dagli strati pi\u00f9 bassi della societ\u00e0 (sempre pi\u00f9 numerosi) per essere ripartiti tra gli strati pi\u00f9 alti (sempre pi\u00f9 elitari) .<\/p>\n<p lang=\"zxx\">Mercoled\u00ec 2 novembre scorso la comunit\u00e0 di Mondeggi ha fatto un presidio sotto Palazzo Vecchio mentre una sua delegazione era convocata per un colloquio con alcuni dirigenti della Citt\u00e0 Metropolitana per ribadire la volont\u00e0 di continuare ad essere collaborativa se pur con senso critico ed esprimendo le proprie idee apertamente e in modo trasparente .<\/p>\n<p lang=\"zxx\">Rivendicando inoltre la propria esistenza, insiste nel non essere scavalcata dalla burocrazia e dai tecnicismi che ostacolano la sua natura sperimentale, contadina, autonoma e autodeterminata.<\/p>\n","protected":false},"excerpt":{"rendered":"<p>Qualche settimana fa ho avuto la fortuna e l&#8217;onore di raccontare la storia della comunit\u00e0 di Mondeggi in un contesto particolarmente stimolante. Eravamo in un piccolo comune dell&#8217;entroterra molisano, in provincia di Campobasso, Castelbottaccio, dove si svolgeva una tre giorni ad altissima intensit\u00e0 sul tema dei &#8220;beni comuni&#8221; . La lente con cui si osservava &hellip;<\/p>\n<p class=\"read-more\"> <a class=\"\" href=\"https:\/\/www.perunaltracitta.org\/homepage\/2022\/11\/07\/sullesperienza-di-mondeggi-bene-comune-fattoria-senza-padroni\/\"> <span class=\"screen-reader-text\">Sull&#8217;esperienza di &#8220;Mondeggi bene comune fattoria senza padroni&#8221;<\/span> Leggi altro &raquo;<\/a><\/p>\n","protected":false},"author":396,"featured_media":88286,"comment_status":"open","ping_status":"open","sticky":false,"template":"","format":"standard","meta":{"_uag_custom_page_level_css":"","site-sidebar-layout":"default","site-content-layout":"default","ast-global-header-display":"","ast-main-header-display":"","ast-hfb-above-header-display":"","ast-hfb-below-header-display":"","ast-hfb-mobile-header-display":"","site-post-title":"","ast-breadcrumbs-content":"","ast-featured-img":"","footer-sml-layout":"","theme-transparent-header-meta":"default","adv-header-id-meta":"","stick-header-meta":"","header-above-stick-meta":"","header-main-stick-meta":"","header-below-stick-meta":"","footnotes":""},"categories":[4132],"tags":[1346,261,1248,636,4391,3899],"class_list":["post-88260","post","type-post","status-publish","format-standard","has-post-thumbnail","hentry","category-firenze","tag-autogestione","tag-beni-comuni","tag-citta-metropolitana-firenze","tag-dario-nardella","tag-fondi-pnrr","tag-mondeggi-bene-comune-fattoria-senza-padroni"],"yoast_head":"<!-- This site is optimized with the Yoast SEO plugin v25.1 - https:\/\/yoast.com\/wordpress\/plugins\/seo\/ -->\n<title>Sull&#039;esperienza di &quot;Mondeggi bene comune fattoria senza padroni&quot; - La Citt\u00e0 invisibile | perUnaltracitt\u00e0 | Firenze<\/title>\n<meta name=\"robots\" content=\"index, follow, max-snippet:-1, max-image-preview:large, max-video-preview:-1\" \/>\n<link rel=\"canonical\" href=\"https:\/\/www.perunaltracitta.org\/homepage\/2022\/11\/07\/sullesperienza-di-mondeggi-bene-comune-fattoria-senza-padroni\/\" \/>\n<meta property=\"og:locale\" content=\"it_IT\" \/>\n<meta property=\"og:type\" content=\"article\" \/>\n<meta property=\"og:title\" content=\"Sull&#039;esperienza di &quot;Mondeggi bene comune fattoria senza padroni&quot; - La Citt\u00e0 invisibile | perUnaltracitt\u00e0 | Firenze\" \/>\n<meta property=\"og:description\" content=\"Qualche settimana fa ho avuto la fortuna e l&#8217;onore di raccontare la storia della comunit\u00e0 di Mondeggi in un contesto particolarmente stimolante. Eravamo in un piccolo comune dell&#8217;entroterra molisano, in provincia di Campobasso, Castelbottaccio, dove si svolgeva una tre giorni ad altissima intensit\u00e0 sul tema dei &#8220;beni comuni&#8221; . La lente con cui si osservava &hellip; Sull&#8217;esperienza di &#8220;Mondeggi bene comune fattoria senza padroni&#8221; Leggi altro &raquo;\" \/>\n<meta property=\"og:url\" content=\"https:\/\/www.perunaltracitta.org\/homepage\/2022\/11\/07\/sullesperienza-di-mondeggi-bene-comune-fattoria-senza-padroni\/\" \/>\n<meta property=\"og:site_name\" content=\"La Citt\u00e0 invisibile | perUnaltracitt\u00e0 | Firenze\" \/>\n<meta property=\"article:publisher\" content=\"https:\/\/www.facebook.com\/perunaltracitta\" \/>\n<meta property=\"article:published_time\" content=\"2022-11-07T08:15:07+00:00\" \/>\n<meta property=\"og:image\" content=\"https:\/\/www.perunaltracitta.org\/wp-content\/uploads\/2022\/11\/o-1-1536x879-1.jpg\" \/>\n\t<meta property=\"og:image:width\" content=\"1536\" \/>\n\t<meta property=\"og:image:height\" content=\"879\" \/>\n\t<meta property=\"og:image:type\" content=\"image\/jpeg\" \/>\n<meta name=\"author\" content=\"Giovanni Pandolfini\" \/>\n<meta name=\"twitter:card\" content=\"summary_large_image\" \/>\n<meta name=\"twitter:creator\" content=\"@perunaltracitta\" \/>\n<meta name=\"twitter:site\" content=\"@perunaltracitta\" \/>\n<meta name=\"twitter:label1\" content=\"Scritto da\" \/>\n\t<meta name=\"twitter:data1\" content=\"Giovanni Pandolfini\" \/>\n\t<meta name=\"twitter:label2\" content=\"Tempo di lettura stimato\" \/>\n\t<meta name=\"twitter:data2\" content=\"4 minuti\" \/>\n<script type=\"application\/ld+json\" class=\"yoast-schema-graph\">{\"@context\":\"https:\/\/schema.org\",\"@graph\":[{\"@type\":\"Article\",\"@id\":\"https:\/\/www.perunaltracitta.org\/homepage\/2022\/11\/07\/sullesperienza-di-mondeggi-bene-comune-fattoria-senza-padroni\/#article\",\"isPartOf\":{\"@id\":\"https:\/\/www.perunaltracitta.org\/homepage\/2022\/11\/07\/sullesperienza-di-mondeggi-bene-comune-fattoria-senza-padroni\/\"},\"author\":{\"name\":\"Giovanni Pandolfini\",\"@id\":\"https:\/\/www.perunaltracitta.org\/homepage\/#\/schema\/person\/1006cbe51da9070a9be64c66d7158671\"},\"headline\":\"Sull&#8217;esperienza di &#8220;Mondeggi bene comune fattoria senza padroni&#8221;\",\"datePublished\":\"2022-11-07T08:15:07+00:00\",\"mainEntityOfPage\":{\"@id\":\"https:\/\/www.perunaltracitta.org\/homepage\/2022\/11\/07\/sullesperienza-di-mondeggi-bene-comune-fattoria-senza-padroni\/\"},\"wordCount\":890,\"commentCount\":0,\"publisher\":{\"@id\":\"https:\/\/www.perunaltracitta.org\/homepage\/#organization\"},\"image\":{\"@id\":\"https:\/\/www.perunaltracitta.org\/homepage\/2022\/11\/07\/sullesperienza-di-mondeggi-bene-comune-fattoria-senza-padroni\/#primaryimage\"},\"thumbnailUrl\":\"https:\/\/www.perunaltracitta.org\/wp-content\/uploads\/2022\/11\/o-1-1536x879-1.jpg\",\"keywords\":[\"autogestione\",\"beni comuni\",\"citt\u00e0 metropolitana Firenze\",\"Dario Nardella\",\"Fondi PNRR\",\"Mondeggi Bene Comune fattoria senza padroni\"],\"articleSection\":[\"Firenze e dintorni\"],\"inLanguage\":\"it-IT\",\"potentialAction\":[{\"@type\":\"CommentAction\",\"name\":\"Comment\",\"target\":[\"https:\/\/www.perunaltracitta.org\/homepage\/2022\/11\/07\/sullesperienza-di-mondeggi-bene-comune-fattoria-senza-padroni\/#respond\"]}]},{\"@type\":\"WebPage\",\"@id\":\"https:\/\/www.perunaltracitta.org\/homepage\/2022\/11\/07\/sullesperienza-di-mondeggi-bene-comune-fattoria-senza-padroni\/\",\"url\":\"https:\/\/www.perunaltracitta.org\/homepage\/2022\/11\/07\/sullesperienza-di-mondeggi-bene-comune-fattoria-senza-padroni\/\",\"name\":\"Sull'esperienza di \\\"Mondeggi bene comune fattoria senza padroni\\\" - La Citt\u00e0 invisibile | perUnaltracitt\u00e0 | Firenze\",\"isPartOf\":{\"@id\":\"https:\/\/www.perunaltracitta.org\/homepage\/#website\"},\"primaryImageOfPage\":{\"@id\":\"https:\/\/www.perunaltracitta.org\/homepage\/2022\/11\/07\/sullesperienza-di-mondeggi-bene-comune-fattoria-senza-padroni\/#primaryimage\"},\"image\":{\"@id\":\"https:\/\/www.perunaltracitta.org\/homepage\/2022\/11\/07\/sullesperienza-di-mondeggi-bene-comune-fattoria-senza-padroni\/#primaryimage\"},\"thumbnailUrl\":\"https:\/\/www.perunaltracitta.org\/wp-content\/uploads\/2022\/11\/o-1-1536x879-1.jpg\",\"datePublished\":\"2022-11-07T08:15:07+00:00\",\"breadcrumb\":{\"@id\":\"https:\/\/www.perunaltracitta.org\/homepage\/2022\/11\/07\/sullesperienza-di-mondeggi-bene-comune-fattoria-senza-padroni\/#breadcrumb\"},\"inLanguage\":\"it-IT\",\"potentialAction\":[{\"@type\":\"ReadAction\",\"target\":[\"https:\/\/www.perunaltracitta.org\/homepage\/2022\/11\/07\/sullesperienza-di-mondeggi-bene-comune-fattoria-senza-padroni\/\"]}]},{\"@type\":\"ImageObject\",\"inLanguage\":\"it-IT\",\"@id\":\"https:\/\/www.perunaltracitta.org\/homepage\/2022\/11\/07\/sullesperienza-di-mondeggi-bene-comune-fattoria-senza-padroni\/#primaryimage\",\"url\":\"https:\/\/www.perunaltracitta.org\/wp-content\/uploads\/2022\/11\/o-1-1536x879-1.jpg\",\"contentUrl\":\"https:\/\/www.perunaltracitta.org\/wp-content\/uploads\/2022\/11\/o-1-1536x879-1.jpg\",\"width\":1536,\"height\":879},{\"@type\":\"BreadcrumbList\",\"@id\":\"https:\/\/www.perunaltracitta.org\/homepage\/2022\/11\/07\/sullesperienza-di-mondeggi-bene-comune-fattoria-senza-padroni\/#breadcrumb\",\"itemListElement\":[{\"@type\":\"ListItem\",\"position\":1,\"name\":\"Home\",\"item\":\"https:\/\/www.perunaltracitta.org\/homepage\/\"},{\"@type\":\"ListItem\",\"position\":2,\"name\":\"Sull&#8217;esperienza di &#8220;Mondeggi bene comune fattoria senza padroni&#8221;\"}]},{\"@type\":\"WebSite\",\"@id\":\"https:\/\/www.perunaltracitta.org\/homepage\/#website\",\"url\":\"https:\/\/www.perunaltracitta.org\/homepage\/\",\"name\":\"La Citt\u00e0 invisibile | perUnaltracitt\u00e0 | Firenze\",\"description\":\"Voci oltre il pensiero unico\",\"publisher\":{\"@id\":\"https:\/\/www.perunaltracitta.org\/homepage\/#organization\"},\"potentialAction\":[{\"@type\":\"SearchAction\",\"target\":{\"@type\":\"EntryPoint\",\"urlTemplate\":\"https:\/\/www.perunaltracitta.org\/homepage\/?s={search_term_string}\"},\"query-input\":{\"@type\":\"PropertyValueSpecification\",\"valueRequired\":true,\"valueName\":\"search_term_string\"}}],\"inLanguage\":\"it-IT\"},{\"@type\":\"Organization\",\"@id\":\"https:\/\/www.perunaltracitta.org\/homepage\/#organization\",\"name\":\"perUnaltracitt\u00e0 - laboratorio politico Firenze\",\"url\":\"https:\/\/www.perunaltracitta.org\/homepage\/\",\"logo\":{\"@type\":\"ImageObject\",\"inLanguage\":\"it-IT\",\"@id\":\"https:\/\/www.perunaltracitta.org\/homepage\/#\/schema\/logo\/image\/\",\"url\":\"https:\/\/www.perunaltracitta.org\/wp-content\/uploads\/2025\/11\/Original-on-Transparent-Copia-af-1.png\",\"contentUrl\":\"https:\/\/www.perunaltracitta.org\/wp-content\/uploads\/2025\/11\/Original-on-Transparent-Copia-af-1.png\",\"width\":600,\"height\":153,\"caption\":\"perUnaltracitt\u00e0 - laboratorio politico Firenze\"},\"image\":{\"@id\":\"https:\/\/www.perunaltracitta.org\/homepage\/#\/schema\/logo\/image\/\"},\"sameAs\":[\"https:\/\/www.facebook.com\/perunaltracitta\",\"https:\/\/x.com\/perunaltracitta\"]},{\"@type\":\"Person\",\"@id\":\"https:\/\/www.perunaltracitta.org\/homepage\/#\/schema\/person\/1006cbe51da9070a9be64c66d7158671\",\"name\":\"Giovanni Pandolfini\",\"image\":{\"@type\":\"ImageObject\",\"inLanguage\":\"it-IT\",\"@id\":\"https:\/\/www.perunaltracitta.org\/homepage\/#\/schema\/person\/image\/\",\"url\":\"https:\/\/www.perunaltracitta.org\/wp-content\/uploads\/2020\/12\/giovanni_pandolfini_2-1-660x330-1-120x120.jpg\",\"contentUrl\":\"https:\/\/www.perunaltracitta.org\/wp-content\/uploads\/2020\/12\/giovanni_pandolfini_2-1-660x330-1-120x120.jpg\",\"caption\":\"Giovanni Pandolfini\"},\"url\":\"https:\/\/www.perunaltracitta.org\/homepage\/author\/giovanni-pandolfini\/\"}]}<\/script>\n<!-- \/ Yoast SEO plugin. -->","yoast_head_json":{"title":"Sull'esperienza di \"Mondeggi bene comune fattoria senza padroni\" - La Citt\u00e0 invisibile | perUnaltracitt\u00e0 | Firenze","robots":{"index":"index","follow":"follow","max-snippet":"max-snippet:-1","max-image-preview":"max-image-preview:large","max-video-preview":"max-video-preview:-1"},"canonical":"https:\/\/www.perunaltracitta.org\/homepage\/2022\/11\/07\/sullesperienza-di-mondeggi-bene-comune-fattoria-senza-padroni\/","og_locale":"it_IT","og_type":"article","og_title":"Sull'esperienza di \"Mondeggi bene comune fattoria senza padroni\" - La Citt\u00e0 invisibile | perUnaltracitt\u00e0 | Firenze","og_description":"Qualche settimana fa ho avuto la fortuna e l&#8217;onore di raccontare la storia della comunit\u00e0 di Mondeggi in un contesto particolarmente stimolante. Eravamo in un piccolo comune dell&#8217;entroterra molisano, in provincia di Campobasso, Castelbottaccio, dove si svolgeva una tre giorni ad altissima intensit\u00e0 sul tema dei &#8220;beni comuni&#8221; . La lente con cui si osservava &hellip; Sull&#8217;esperienza di &#8220;Mondeggi bene comune fattoria senza padroni&#8221; Leggi altro &raquo;","og_url":"https:\/\/www.perunaltracitta.org\/homepage\/2022\/11\/07\/sullesperienza-di-mondeggi-bene-comune-fattoria-senza-padroni\/","og_site_name":"La Citt\u00e0 invisibile | perUnaltracitt\u00e0 | Firenze","article_publisher":"https:\/\/www.facebook.com\/perunaltracitta","article_published_time":"2022-11-07T08:15:07+00:00","og_image":[{"width":1536,"height":879,"url":"https:\/\/www.perunaltracitta.org\/wp-content\/uploads\/2022\/11\/o-1-1536x879-1.jpg","type":"image\/jpeg"}],"author":"Giovanni Pandolfini","twitter_card":"summary_large_image","twitter_creator":"@perunaltracitta","twitter_site":"@perunaltracitta","twitter_misc":{"Scritto da":"Giovanni Pandolfini","Tempo di lettura stimato":"4 minuti"},"schema":{"@context":"https:\/\/schema.org","@graph":[{"@type":"Article","@id":"https:\/\/www.perunaltracitta.org\/homepage\/2022\/11\/07\/sullesperienza-di-mondeggi-bene-comune-fattoria-senza-padroni\/#article","isPartOf":{"@id":"https:\/\/www.perunaltracitta.org\/homepage\/2022\/11\/07\/sullesperienza-di-mondeggi-bene-comune-fattoria-senza-padroni\/"},"author":{"name":"Giovanni Pandolfini","@id":"https:\/\/www.perunaltracitta.org\/homepage\/#\/schema\/person\/1006cbe51da9070a9be64c66d7158671"},"headline":"Sull&#8217;esperienza di &#8220;Mondeggi bene comune fattoria senza padroni&#8221;","datePublished":"2022-11-07T08:15:07+00:00","mainEntityOfPage":{"@id":"https:\/\/www.perunaltracitta.org\/homepage\/2022\/11\/07\/sullesperienza-di-mondeggi-bene-comune-fattoria-senza-padroni\/"},"wordCount":890,"commentCount":0,"publisher":{"@id":"https:\/\/www.perunaltracitta.org\/homepage\/#organization"},"image":{"@id":"https:\/\/www.perunaltracitta.org\/homepage\/2022\/11\/07\/sullesperienza-di-mondeggi-bene-comune-fattoria-senza-padroni\/#primaryimage"},"thumbnailUrl":"https:\/\/www.perunaltracitta.org\/wp-content\/uploads\/2022\/11\/o-1-1536x879-1.jpg","keywords":["autogestione","beni comuni","citt\u00e0 metropolitana Firenze","Dario Nardella","Fondi PNRR","Mondeggi Bene Comune fattoria senza padroni"],"articleSection":["Firenze e dintorni"],"inLanguage":"it-IT","potentialAction":[{"@type":"CommentAction","name":"Comment","target":["https:\/\/www.perunaltracitta.org\/homepage\/2022\/11\/07\/sullesperienza-di-mondeggi-bene-comune-fattoria-senza-padroni\/#respond"]}]},{"@type":"WebPage","@id":"https:\/\/www.perunaltracitta.org\/homepage\/2022\/11\/07\/sullesperienza-di-mondeggi-bene-comune-fattoria-senza-padroni\/","url":"https:\/\/www.perunaltracitta.org\/homepage\/2022\/11\/07\/sullesperienza-di-mondeggi-bene-comune-fattoria-senza-padroni\/","name":"Sull'esperienza di \"Mondeggi bene comune fattoria senza padroni\" - La Citt\u00e0 invisibile | perUnaltracitt\u00e0 | Firenze","isPartOf":{"@id":"https:\/\/www.perunaltracitta.org\/homepage\/#website"},"primaryImageOfPage":{"@id":"https:\/\/www.perunaltracitta.org\/homepage\/2022\/11\/07\/sullesperienza-di-mondeggi-bene-comune-fattoria-senza-padroni\/#primaryimage"},"image":{"@id":"https:\/\/www.perunaltracitta.org\/homepage\/2022\/11\/07\/sullesperienza-di-mondeggi-bene-comune-fattoria-senza-padroni\/#primaryimage"},"thumbnailUrl":"https:\/\/www.perunaltracitta.org\/wp-content\/uploads\/2022\/11\/o-1-1536x879-1.jpg","datePublished":"2022-11-07T08:15:07+00:00","breadcrumb":{"@id":"https:\/\/www.perunaltracitta.org\/homepage\/2022\/11\/07\/sullesperienza-di-mondeggi-bene-comune-fattoria-senza-padroni\/#breadcrumb"},"inLanguage":"it-IT","potentialAction":[{"@type":"ReadAction","target":["https:\/\/www.perunaltracitta.org\/homepage\/2022\/11\/07\/sullesperienza-di-mondeggi-bene-comune-fattoria-senza-padroni\/"]}]},{"@type":"ImageObject","inLanguage":"it-IT","@id":"https:\/\/www.perunaltracitta.org\/homepage\/2022\/11\/07\/sullesperienza-di-mondeggi-bene-comune-fattoria-senza-padroni\/#primaryimage","url":"https:\/\/www.perunaltracitta.org\/wp-content\/uploads\/2022\/11\/o-1-1536x879-1.jpg","contentUrl":"https:\/\/www.perunaltracitta.org\/wp-content\/uploads\/2022\/11\/o-1-1536x879-1.jpg","width":1536,"height":879},{"@type":"BreadcrumbList","@id":"https:\/\/www.perunaltracitta.org\/homepage\/2022\/11\/07\/sullesperienza-di-mondeggi-bene-comune-fattoria-senza-padroni\/#breadcrumb","itemListElement":[{"@type":"ListItem","position":1,"name":"Home","item":"https:\/\/www.perunaltracitta.org\/homepage\/"},{"@type":"ListItem","position":2,"name":"Sull&#8217;esperienza di &#8220;Mondeggi bene comune fattoria senza padroni&#8221;"}]},{"@type":"WebSite","@id":"https:\/\/www.perunaltracitta.org\/homepage\/#website","url":"https:\/\/www.perunaltracitta.org\/homepage\/","name":"La Citt\u00e0 invisibile | perUnaltracitt\u00e0 | Firenze","description":"Voci oltre il pensiero unico","publisher":{"@id":"https:\/\/www.perunaltracitta.org\/homepage\/#organization"},"potentialAction":[{"@type":"SearchAction","target":{"@type":"EntryPoint","urlTemplate":"https:\/\/www.perunaltracitta.org\/homepage\/?s={search_term_string}"},"query-input":{"@type":"PropertyValueSpecification","valueRequired":true,"valueName":"search_term_string"}}],"inLanguage":"it-IT"},{"@type":"Organization","@id":"https:\/\/www.perunaltracitta.org\/homepage\/#organization","name":"perUnaltracitt\u00e0 - laboratorio politico Firenze","url":"https:\/\/www.perunaltracitta.org\/homepage\/","logo":{"@type":"ImageObject","inLanguage":"it-IT","@id":"https:\/\/www.perunaltracitta.org\/homepage\/#\/schema\/logo\/image\/","url":"https:\/\/www.perunaltracitta.org\/wp-content\/uploads\/2025\/11\/Original-on-Transparent-Copia-af-1.png","contentUrl":"https:\/\/www.perunaltracitta.org\/wp-content\/uploads\/2025\/11\/Original-on-Transparent-Copia-af-1.png","width":600,"height":153,"caption":"perUnaltracitt\u00e0 - laboratorio politico Firenze"},"image":{"@id":"https:\/\/www.perunaltracitta.org\/homepage\/#\/schema\/logo\/image\/"},"sameAs":["https:\/\/www.facebook.com\/perunaltracitta","https:\/\/x.com\/perunaltracitta"]},{"@type":"Person","@id":"https:\/\/www.perunaltracitta.org\/homepage\/#\/schema\/person\/1006cbe51da9070a9be64c66d7158671","name":"Giovanni Pandolfini","image":{"@type":"ImageObject","inLanguage":"it-IT","@id":"https:\/\/www.perunaltracitta.org\/homepage\/#\/schema\/person\/image\/","url":"https:\/\/www.perunaltracitta.org\/wp-content\/uploads\/2020\/12\/giovanni_pandolfini_2-1-660x330-1-120x120.jpg","contentUrl":"https:\/\/www.perunaltracitta.org\/wp-content\/uploads\/2020\/12\/giovanni_pandolfini_2-1-660x330-1-120x120.jpg","caption":"Giovanni Pandolfini"},"url":"https:\/\/www.perunaltracitta.org\/homepage\/author\/giovanni-pandolfini\/"}]}},"uagb_featured_image_src":{"full":["https:\/\/www.perunaltracitta.org\/wp-content\/uploads\/2022\/11\/o-1-1536x879-1.jpg",1536,879,false],"thumbnail":["https:\/\/www.perunaltracitta.org\/wp-content\/uploads\/2022\/11\/o-1-1536x879-1-150x150.jpg",150,150,true],"medium":["https:\/\/www.perunaltracitta.org\/wp-content\/uploads\/2022\/11\/o-1-1536x879-1-300x172.jpg",300,172,true],"medium_large":["https:\/\/www.perunaltracitta.org\/wp-content\/uploads\/2022\/11\/o-1-1536x879-1-768x440.jpg",768,440,true],"large":["https:\/\/www.perunaltracitta.org\/wp-content\/uploads\/2022\/11\/o-1-1536x879-1-1024x586.jpg",1024,586,true],"wysija-newsletters-max":["https:\/\/www.perunaltracitta.org\/wp-content\/uploads\/2022\/11\/o-1-1536x879-1-600x343.jpg",600,343,true],"1536x1536":["https:\/\/www.perunaltracitta.org\/wp-content\/uploads\/2022\/11\/o-1-1536x879-1.jpg",1536,879,false],"2048x2048":["https:\/\/www.perunaltracitta.org\/wp-content\/uploads\/2022\/11\/o-1-1536x879-1.jpg",1536,879,false],"mailpoet_newsletter_max":["https:\/\/www.perunaltracitta.org\/wp-content\/uploads\/2022\/11\/o-1-1536x879-1-1320x755.jpg",1320,755,true],"yarpp-thumbnail":["https:\/\/www.perunaltracitta.org\/wp-content\/uploads\/2022\/11\/o-1-1536x879-1-120x120.jpg",120,120,true]},"uagb_author_info":{"display_name":"Giovanni Pandolfini","author_link":"https:\/\/www.perunaltracitta.org\/homepage\/author\/giovanni-pandolfini\/"},"uagb_comment_info":0,"uagb_excerpt":"Qualche settimana fa ho avuto la fortuna e l&#8217;onore di raccontare la storia della comunit\u00e0 di Mondeggi in un contesto particolarmente stimolante. Eravamo in un piccolo comune dell&#8217;entroterra molisano, in provincia di Campobasso, Castelbottaccio, dove si svolgeva una tre giorni ad altissima intensit\u00e0 sul tema dei &#8220;beni comuni&#8221; . La lente con cui si osservava&hellip;","_links":{"self":[{"href":"https:\/\/www.perunaltracitta.org\/homepage\/wp-json\/wp\/v2\/posts\/88260","targetHints":{"allow":["GET"]}}],"collection":[{"href":"https:\/\/www.perunaltracitta.org\/homepage\/wp-json\/wp\/v2\/posts"}],"about":[{"href":"https:\/\/www.perunaltracitta.org\/homepage\/wp-json\/wp\/v2\/types\/post"}],"author":[{"embeddable":true,"href":"https:\/\/www.perunaltracitta.org\/homepage\/wp-json\/wp\/v2\/users\/396"}],"replies":[{"embeddable":true,"href":"https:\/\/www.perunaltracitta.org\/homepage\/wp-json\/wp\/v2\/comments?post=88260"}],"version-history":[{"count":3,"href":"https:\/\/www.perunaltracitta.org\/homepage\/wp-json\/wp\/v2\/posts\/88260\/revisions"}],"predecessor-version":[{"id":88287,"href":"https:\/\/www.perunaltracitta.org\/homepage\/wp-json\/wp\/v2\/posts\/88260\/revisions\/88287"}],"wp:featuredmedia":[{"embeddable":true,"href":"https:\/\/www.perunaltracitta.org\/homepage\/wp-json\/wp\/v2\/media\/88286"}],"wp:attachment":[{"href":"https:\/\/www.perunaltracitta.org\/homepage\/wp-json\/wp\/v2\/media?parent=88260"}],"wp:term":[{"taxonomy":"category","embeddable":true,"href":"https:\/\/www.perunaltracitta.org\/homepage\/wp-json\/wp\/v2\/categories?post=88260"},{"taxonomy":"post_tag","embeddable":true,"href":"https:\/\/www.perunaltracitta.org\/homepage\/wp-json\/wp\/v2\/tags?post=88260"}],"curies":[{"name":"wp","href":"https:\/\/api.w.org\/{rel}","templated":true}]}}