{"id":88279,"date":"2022-11-07T08:03:32","date_gmt":"2022-11-07T07:03:32","guid":{"rendered":"https:\/\/www.perunaltracitta.org\/homepage\/?p=88279"},"modified":"2022-11-07T08:03:32","modified_gmt":"2022-11-07T07:03:32","slug":"law-and-order-del-governo-meloni-il-pugno-di-ferro-sui-nostri-denti","status":"publish","type":"post","link":"https:\/\/www.perunaltracitta.org\/homepage\/2022\/11\/07\/law-and-order-del-governo-meloni-il-pugno-di-ferro-sui-nostri-denti\/","title":{"rendered":"Law and order del governo Meloni. Il pugno di ferro sui nostri denti"},"content":{"rendered":"<p class=\"western\" align=\"justify\">Dopo tante parole i fatti e, con essi, il volto e gli obiettivi della destra al governo. Il primo provvedimento varato dal Governo Meloni, annunciato con squilli di tromba in conferenza stampa dalla presidente del Consiglio e dal ministro dell\u2019interno, \u00e8 l\u2019aumento del catalogo dei reati (come non ce ne fossero gi\u00e0 abbastanza nel nostro sistema) con l\u2019introduzione, contenuta nel nuovo art. 434\u00a0<i>bis<\/i>\u00a0codice penale, del delitto di \u00abinvasione arbitraria di terreni o edifici altrui, pubblici o privati, commessa da un numero di persone superiore a cinquanta, allo scopo di organizzare un raduno, quando dallo stesso pu\u00f2 derivare un pericolo per l\u2019ordine pubblico o l\u2019incolumit\u00e0 pubblica o la salute pubblica\u00bb (per i cui organizzatori e promotori \u00e8 prevista la pena della reclusione da tre a sei anni e della multa da 1.000 a 10.000 euro e l\u2019applicazione di misure di prevenzione). La norma, stante la concomitanza di un rave party organizzato per Halloween nei pressi di Modena, \u00e8 stata definita (e archiviata) come intervento\u00a0<i>anti rave<\/i>\u00a0ma \u00e8, in realt\u00e0, tutt\u2019altro: una provocazione istituzionale, un mostro giuridico e, soprattutto, un segnale politico.<\/p>\n<p class=\"western\" align=\"justify\">Cominciamo dalla provocazione istituzionale (a fronte della quale, ancora una volta, il presidente della Repubblica sembra aver scelto, impropriamente, il silenzio). Il nuovo reato \u00e8 stato introdotto con un decreto legge, cio\u00e8 con lo strumento che l\u2019art. 77 Costituzione riserva ai \u00abcasi straordinari di necessit\u00e0 e di urgenza\u00bb e, nella conferenza stampa di presentazione, il ministro proponente ha espressamente richiamato, come giustificazione, il rave in corso a Modena. Orbene, se una certezza c\u2019\u00e8, essa riguarda proprio l\u2019assenza di qualsivoglia straordinariet\u00e0 della situazione e la mancanza di ogni urgenza di provvedere: l\u2019ultimo rave abusivo di una qualche consistenza prima di quello in corso risale a oltre un anno fa (Viterbo, agosto 2021) e a Modena quello in atto \u00e8 rientrato grazie a una saggia e duttile trattativa condotta dall\u2019autorit\u00e0 di polizia senza bisogno di strumenti straordinari, di codici e di pandette. Il ricorso al decreto legge \u00e8, dunque, una pura esibizione di forza e di prepotenza istituzionale. Un modo per dire che i vincoli costituzionali non valgono per questa maggioranza: cosa particolarmente grave (anche se sul punto nessuna maggioranza politica degli ultimi decenni ha la coscienza a posto) proprio perch\u00e9 si tratta del suo primo atto, quasi di una indicazione di metodo.<\/p>\n<p class=\"western\" align=\"justify\"><img loading=\"lazy\" decoding=\"async\" class=\"alignleft size-medium wp-image-88280\" src=\"https:\/\/www.perunaltracitta.org\/wp-content\/uploads\/2022\/11\/911a4d41-ba7c-491e-b1de-dcd7b7c0a9da-300x170.webp\" alt=\"\" width=\"300\" height=\"170\" srcset=\"https:\/\/www.perunaltracitta.org\/wp-content\/uploads\/2022\/11\/911a4d41-ba7c-491e-b1de-dcd7b7c0a9da-300x170.webp 300w, https:\/\/www.perunaltracitta.org\/wp-content\/uploads\/2022\/11\/911a4d41-ba7c-491e-b1de-dcd7b7c0a9da.webp 460w\" sizes=\"auto, (max-width: 300px) 100vw, 300px\" \/>Ancor pi\u00f9 grave il merito. Anche a voler enfatizzare l\u2019efficacia di strumenti normativi\u00a0<i>ad hoc<\/i>, infatti, \u00e8 agevole rilevare come una norma che punisce i comportamenti richiamati nel nuovo art. 434\u00a0<i>bis<\/i>\u00a0gi\u00e0 esisteva (ed esiste) nel nostro sistema: \u00e8 l\u2019art. 633 codice penale che prevede come reato l\u2019\u00abinvasione arbitraria di terreni o edifici altrui al fine di occuparli o di trarne altrimenti profitto\u00bb considerandola, se commessa da pi\u00f9 di cinque persone, perseguibile di ufficio e punibile con una pena da due a quattro anni di reclusione (ulteriormente aumentata per promotori e organizzatori). Perch\u00e9, dunque, prevedere una nuova fattispecie di reato? Due, a ben guardare, le ragioni.\u00a0<i>La prima<\/i>\u00a0\u00e8 lo spostamento dell\u2019attenzione normativa dalla \u201cinvasione\u201d al \u201craduno\u201d. Nel nuovo reato l\u2019occupazione di un terreno o di un edificio passa, infatti, in secondo piano e rileva solo come presupposto di un<i>\u00a0<\/i><i>raduno<\/i>, cio\u00e8 \u2013 per usare le parole del dizionario Treccani \u2013 del \u00abradunarsi di molte persone in un luogo al fine di partecipare a una pubblica manifestazione di carattere vario, a festeggiamenti, a competizioni sportive eccetera\u00bb, ove ne \u00ab<i>possa<\/i><i>\u00a0<\/i>derivare un pericolo per l\u2019ordine pubblico o l\u2019incolumit\u00e0 pubblica o la salute pubblica\u00bb. In altri termini l\u2019oggetto del divieto e della sanzione previsti nella norma diventa la riunione (o la manifestazione) che, per definizione, si svolge nello spazio (e, dunque, su un terreno o in un edificio) e che sempre, in astratto, pu\u00f2 essere fonte di un generico pericolo (anche solo per la calca).\u00a0<i>La seconda<\/i>\u00a0ragione della creazione della nuova fattispecie \u00e8 un ulteriore aumento delle pene per l\u2019invasione di terreni, aumento che fa seguito a quello realizzato, con riferimento all\u2019art. 633 codice penale, dal decreto legge n. 213\/2018 (primo decreto Salvini) e che rende possibili, insieme all\u2019arresto in flagranza degli indagati, anche lo loro sottoposizione a intercettazioni ambientali e telefoniche.<\/p>\n<p class=\"western\" align=\"justify\">I fatti non lasciano dubbi: i rave sono, a tutto concedere, sullo sfondo e ben altra \u00e8 la portata dell\u2019intervento normativo. Il nuovo reato e le nuove pene riguardano marginalmente i frequentatori dei\u00a0<i>rave<\/i>\u00a0(anche se non sarebbe il primo caso in cui la sperimentazione di un surplus di repressione avviene nei confronti di categorie poco amate dall\u2019opinione pubblica: basti pensare alla vicenda del DASPO per gli\u00a0<i>hooligans\u00a0<\/i>del calcio) ed hanno piuttosto come obiettivo le libert\u00e0 di riunione e di manifestazione di tutti. Ed \u00e8 superfluo dire che, quando si parla di queste libert\u00e0, il pensiero corre alle diverse espressioni del conflitto sociale, alle manifestazioni studentesche\u00a0<a href=\"https:\/\/www.osservatoriorepressione.info\/roma-cariche-della-polizia-sugli-studenti-alluniversita-la-sapienza\/\">significativamente represse in modo brutale alla Sapienza di Roma<\/a>\u00a0mentre era in corso il dibattito sulla fiducia al nuovo governo, alle proteste contro grandi opere e disastri ambientali e via seguitando. Non solo. Questo intervento prosegue e completa quello realizzato con il decreto legge n. 53\/2019 (secondo decreto Salvini) con cui le pene per reati come l\u2019oltraggio, la resistenza a pubblico ufficiale, l\u2019interruzione di pubblico servizio e il danneggiamento vennero significativamente aumentate in caso di commissione \u00abnel corso di manifestazioni\u00bb (in controtendenza persino con le previsioni del codice Rocco, emblema del fascismo, che, nell\u2019art. 62, n. 3, prevedeva \u2013 e prevede \u2013 come attenuante il fatto di \u00abaver agito per suggestione di una folla in tumulto\u00bb).<\/p>\n<p class=\"western\" align=\"justify\">La conclusione \u00e8 evidente. Non siamo in presenza di una previsione marginale e di scarsa applicazione, destinata a garantire il rispetto della legalit\u00e0 in situazioni estreme, ma del biglietto da visita della nuova maggioranza e delle sue politiche. Un biglietto da visita inquietante che prefigura le modalit\u00e0 di gestione del conflitto sociale che si profila, originato dalla impossibilit\u00e0 di questa maggioranza \u2013 per vincoli europei e per il suo essere espressione del padronato di incidere sul quadro economico del Paese: modalit\u00e0 di gestione muscolari e di pura contrapposizione per cui \u00e8 necessario, anche, dotarsi di nuovi strumenti. Un biglietto da visita ulteriormente inquietante perch\u00e9 segnato dal persistere del modello di diritto penale\u00a0<i>differenziato\u00a0<\/i>che ha costituito il DNA del berlusconismo, con la compresenza di un codice \u201cdei briganti\u201d e di un codice \u201cdei galantuomini\u201d: il primo incidente sulla vita e sulla libert\u00e0 dei destinatari, il secondo diretto a scandire il tempo che separa i fatti dalla prescrizione.<\/p>\n<p class=\"western\" align=\"justify\">A fronte di ci\u00f2 le opposizioni (politiche e mediatiche) balbettano proteste di circostanza omettendo ogni analisi autocritica dei precedenti che questa deriva hanno preparato e favorito. Se anche cambieranno registro (cosa in verit\u00e0 assai improbabile) sar\u00e0 sempre tardi.<\/p>\n<p style=\"text-align: right;\" align=\"justify\">Livio Pepino, da <a href=\"https:\/\/volerelaluna.it\/commenti\/2022\/11\/02\/i-muscoli-del-governo-contro-i-rave-o-contro-il-diritto-di-manifestare\/\">Volere la luna<\/a><\/p>\n","protected":false},"excerpt":{"rendered":"<p>Dopo tante parole i fatti e, con essi, il volto e gli obiettivi della destra al governo. Il primo provvedimento varato dal Governo Meloni, annunciato con squilli di tromba in conferenza stampa dalla presidente del Consiglio e dal ministro dell\u2019interno, \u00e8 l\u2019aumento del catalogo dei reati (come non ce ne fossero gi\u00e0 abbastanza nel nostro &hellip;<\/p>\n<p class=\"read-more\"> <a class=\"\" href=\"https:\/\/www.perunaltracitta.org\/homepage\/2022\/11\/07\/law-and-order-del-governo-meloni-il-pugno-di-ferro-sui-nostri-denti\/\"> <span class=\"screen-reader-text\">Law and order del governo Meloni. Il pugno di ferro sui nostri denti<\/span> Leggi altro &raquo;<\/a><\/p>\n","protected":false},"author":1,"featured_media":88280,"comment_status":"open","ping_status":"open","sticky":false,"template":"","format":"standard","meta":{"_uag_custom_page_level_css":"","site-sidebar-layout":"default","site-content-layout":"default","ast-global-header-display":"","ast-main-header-display":"","ast-hfb-above-header-display":"","ast-hfb-below-header-display":"","ast-hfb-mobile-header-display":"","site-post-title":"","ast-breadcrumbs-content":"","ast-featured-img":"","footer-sml-layout":"","theme-transparent-header-meta":"default","adv-header-id-meta":"","stick-header-meta":"","header-above-stick-meta":"","header-main-stick-meta":"","header-below-stick-meta":"","footnotes":""},"categories":[4130],"tags":[4796,4794,4793,4795,404],"class_list":["post-88279","post","type-post","status-publish","format-standard","has-post-thumbnail","hentry","category-primo-piano","tag-art-434-bis-codice-penale","tag-governo-meloni","tag-matteo-piantedosi","tag-rave","tag-repressione"],"yoast_head":"<!-- This site is optimized with the Yoast SEO plugin v25.1 - https:\/\/yoast.com\/wordpress\/plugins\/seo\/ -->\n<title>Law and order del governo Meloni. Il pugno di ferro sui nostri denti - La Citt\u00e0 invisibile | perUnaltracitt\u00e0 | Firenze<\/title>\n<meta name=\"robots\" content=\"index, follow, max-snippet:-1, max-image-preview:large, max-video-preview:-1\" \/>\n<link rel=\"canonical\" href=\"https:\/\/www.perunaltracitta.org\/homepage\/2022\/11\/07\/law-and-order-del-governo-meloni-il-pugno-di-ferro-sui-nostri-denti\/\" \/>\n<meta property=\"og:locale\" content=\"it_IT\" \/>\n<meta property=\"og:type\" content=\"article\" \/>\n<meta property=\"og:title\" content=\"Law and order del governo Meloni. Il pugno di ferro sui nostri denti - La Citt\u00e0 invisibile | perUnaltracitt\u00e0 | Firenze\" \/>\n<meta property=\"og:description\" content=\"Dopo tante parole i fatti e, con essi, il volto e gli obiettivi della destra al governo. Il primo provvedimento varato dal Governo Meloni, annunciato con squilli di tromba in conferenza stampa dalla presidente del Consiglio e dal ministro dell\u2019interno, \u00e8 l\u2019aumento del catalogo dei reati (come non ce ne fossero gi\u00e0 abbastanza nel nostro &hellip; Law and order del governo Meloni. Il pugno di ferro sui nostri denti Leggi altro &raquo;\" \/>\n<meta property=\"og:url\" content=\"https:\/\/www.perunaltracitta.org\/homepage\/2022\/11\/07\/law-and-order-del-governo-meloni-il-pugno-di-ferro-sui-nostri-denti\/\" \/>\n<meta property=\"og:site_name\" content=\"La Citt\u00e0 invisibile | perUnaltracitt\u00e0 | Firenze\" \/>\n<meta property=\"article:publisher\" content=\"https:\/\/www.facebook.com\/perunaltracitta\" \/>\n<meta property=\"article:published_time\" content=\"2022-11-07T07:03:32+00:00\" \/>\n<meta property=\"og:image\" content=\"https:\/\/www.perunaltracitta.org\/wp-content\/uploads\/2022\/11\/911a4d41-ba7c-491e-b1de-dcd7b7c0a9da.webp\" \/>\n\t<meta property=\"og:image:width\" content=\"460\" \/>\n\t<meta property=\"og:image:height\" content=\"260\" \/>\n\t<meta property=\"og:image:type\" content=\"image\/webp\" \/>\n<meta name=\"author\" content=\"Redazione\" \/>\n<meta name=\"twitter:card\" content=\"summary_large_image\" \/>\n<meta name=\"twitter:creator\" content=\"@perunaltracitta\" \/>\n<meta name=\"twitter:site\" content=\"@perunaltracitta\" \/>\n<meta name=\"twitter:label1\" content=\"Scritto da\" \/>\n\t<meta name=\"twitter:data1\" content=\"Redazione\" \/>\n\t<meta name=\"twitter:label2\" content=\"Tempo di lettura stimato\" \/>\n\t<meta name=\"twitter:data2\" content=\"6 minuti\" \/>\n<script type=\"application\/ld+json\" class=\"yoast-schema-graph\">{\"@context\":\"https:\/\/schema.org\",\"@graph\":[{\"@type\":\"Article\",\"@id\":\"https:\/\/www.perunaltracitta.org\/homepage\/2022\/11\/07\/law-and-order-del-governo-meloni-il-pugno-di-ferro-sui-nostri-denti\/#article\",\"isPartOf\":{\"@id\":\"https:\/\/www.perunaltracitta.org\/homepage\/2022\/11\/07\/law-and-order-del-governo-meloni-il-pugno-di-ferro-sui-nostri-denti\/\"},\"author\":{\"name\":\"Redazione\",\"@id\":\"https:\/\/www.perunaltracitta.org\/homepage\/#\/schema\/person\/dfa435bbec27dfdfca89afd56a6c0081\"},\"headline\":\"Law and order del governo Meloni. Il pugno di ferro sui nostri denti\",\"datePublished\":\"2022-11-07T07:03:32+00:00\",\"mainEntityOfPage\":{\"@id\":\"https:\/\/www.perunaltracitta.org\/homepage\/2022\/11\/07\/law-and-order-del-governo-meloni-il-pugno-di-ferro-sui-nostri-denti\/\"},\"wordCount\":1118,\"commentCount\":0,\"publisher\":{\"@id\":\"https:\/\/www.perunaltracitta.org\/homepage\/#organization\"},\"image\":{\"@id\":\"https:\/\/www.perunaltracitta.org\/homepage\/2022\/11\/07\/law-and-order-del-governo-meloni-il-pugno-di-ferro-sui-nostri-denti\/#primaryimage\"},\"thumbnailUrl\":\"https:\/\/www.perunaltracitta.org\/wp-content\/uploads\/2022\/11\/911a4d41-ba7c-491e-b1de-dcd7b7c0a9da.webp\",\"keywords\":[\"art. 434\u00a0bis\u00a0codice penale\",\"governo Meloni\",\"Matteo Piantedosi\",\"rave\",\"repressione\"],\"articleSection\":[\"In evidenza\"],\"inLanguage\":\"it-IT\",\"potentialAction\":[{\"@type\":\"CommentAction\",\"name\":\"Comment\",\"target\":[\"https:\/\/www.perunaltracitta.org\/homepage\/2022\/11\/07\/law-and-order-del-governo-meloni-il-pugno-di-ferro-sui-nostri-denti\/#respond\"]}]},{\"@type\":\"WebPage\",\"@id\":\"https:\/\/www.perunaltracitta.org\/homepage\/2022\/11\/07\/law-and-order-del-governo-meloni-il-pugno-di-ferro-sui-nostri-denti\/\",\"url\":\"https:\/\/www.perunaltracitta.org\/homepage\/2022\/11\/07\/law-and-order-del-governo-meloni-il-pugno-di-ferro-sui-nostri-denti\/\",\"name\":\"Law and order del governo Meloni. Il pugno di ferro sui nostri denti - La Citt\u00e0 invisibile | perUnaltracitt\u00e0 | Firenze\",\"isPartOf\":{\"@id\":\"https:\/\/www.perunaltracitta.org\/homepage\/#website\"},\"primaryImageOfPage\":{\"@id\":\"https:\/\/www.perunaltracitta.org\/homepage\/2022\/11\/07\/law-and-order-del-governo-meloni-il-pugno-di-ferro-sui-nostri-denti\/#primaryimage\"},\"image\":{\"@id\":\"https:\/\/www.perunaltracitta.org\/homepage\/2022\/11\/07\/law-and-order-del-governo-meloni-il-pugno-di-ferro-sui-nostri-denti\/#primaryimage\"},\"thumbnailUrl\":\"https:\/\/www.perunaltracitta.org\/wp-content\/uploads\/2022\/11\/911a4d41-ba7c-491e-b1de-dcd7b7c0a9da.webp\",\"datePublished\":\"2022-11-07T07:03:32+00:00\",\"breadcrumb\":{\"@id\":\"https:\/\/www.perunaltracitta.org\/homepage\/2022\/11\/07\/law-and-order-del-governo-meloni-il-pugno-di-ferro-sui-nostri-denti\/#breadcrumb\"},\"inLanguage\":\"it-IT\",\"potentialAction\":[{\"@type\":\"ReadAction\",\"target\":[\"https:\/\/www.perunaltracitta.org\/homepage\/2022\/11\/07\/law-and-order-del-governo-meloni-il-pugno-di-ferro-sui-nostri-denti\/\"]}]},{\"@type\":\"ImageObject\",\"inLanguage\":\"it-IT\",\"@id\":\"https:\/\/www.perunaltracitta.org\/homepage\/2022\/11\/07\/law-and-order-del-governo-meloni-il-pugno-di-ferro-sui-nostri-denti\/#primaryimage\",\"url\":\"https:\/\/www.perunaltracitta.org\/wp-content\/uploads\/2022\/11\/911a4d41-ba7c-491e-b1de-dcd7b7c0a9da.webp\",\"contentUrl\":\"https:\/\/www.perunaltracitta.org\/wp-content\/uploads\/2022\/11\/911a4d41-ba7c-491e-b1de-dcd7b7c0a9da.webp\",\"width\":460,\"height\":260},{\"@type\":\"BreadcrumbList\",\"@id\":\"https:\/\/www.perunaltracitta.org\/homepage\/2022\/11\/07\/law-and-order-del-governo-meloni-il-pugno-di-ferro-sui-nostri-denti\/#breadcrumb\",\"itemListElement\":[{\"@type\":\"ListItem\",\"position\":1,\"name\":\"Home\",\"item\":\"https:\/\/www.perunaltracitta.org\/homepage\/\"},{\"@type\":\"ListItem\",\"position\":2,\"name\":\"Law and order del governo Meloni. Il pugno di ferro sui nostri denti\"}]},{\"@type\":\"WebSite\",\"@id\":\"https:\/\/www.perunaltracitta.org\/homepage\/#website\",\"url\":\"https:\/\/www.perunaltracitta.org\/homepage\/\",\"name\":\"La Citt\u00e0 invisibile | perUnaltracitt\u00e0 | Firenze\",\"description\":\"Voci oltre il pensiero unico\",\"publisher\":{\"@id\":\"https:\/\/www.perunaltracitta.org\/homepage\/#organization\"},\"potentialAction\":[{\"@type\":\"SearchAction\",\"target\":{\"@type\":\"EntryPoint\",\"urlTemplate\":\"https:\/\/www.perunaltracitta.org\/homepage\/?s={search_term_string}\"},\"query-input\":{\"@type\":\"PropertyValueSpecification\",\"valueRequired\":true,\"valueName\":\"search_term_string\"}}],\"inLanguage\":\"it-IT\"},{\"@type\":\"Organization\",\"@id\":\"https:\/\/www.perunaltracitta.org\/homepage\/#organization\",\"name\":\"perUnaltracitt\u00e0 - laboratorio politico Firenze\",\"url\":\"https:\/\/www.perunaltracitta.org\/homepage\/\",\"logo\":{\"@type\":\"ImageObject\",\"inLanguage\":\"it-IT\",\"@id\":\"https:\/\/www.perunaltracitta.org\/homepage\/#\/schema\/logo\/image\/\",\"url\":\"https:\/\/www.perunaltracitta.org\/wp-content\/uploads\/2025\/11\/Original-on-Transparent-Copia-af-1.png\",\"contentUrl\":\"https:\/\/www.perunaltracitta.org\/wp-content\/uploads\/2025\/11\/Original-on-Transparent-Copia-af-1.png\",\"width\":600,\"height\":153,\"caption\":\"perUnaltracitt\u00e0 - laboratorio politico Firenze\"},\"image\":{\"@id\":\"https:\/\/www.perunaltracitta.org\/homepage\/#\/schema\/logo\/image\/\"},\"sameAs\":[\"https:\/\/www.facebook.com\/perunaltracitta\",\"https:\/\/x.com\/perunaltracitta\"]},{\"@type\":\"Person\",\"@id\":\"https:\/\/www.perunaltracitta.org\/homepage\/#\/schema\/person\/dfa435bbec27dfdfca89afd56a6c0081\",\"name\":\"Redazione\",\"image\":{\"@type\":\"ImageObject\",\"inLanguage\":\"it-IT\",\"@id\":\"https:\/\/www.perunaltracitta.org\/homepage\/#\/schema\/person\/image\/\",\"url\":\"https:\/\/www.perunaltracitta.org\/wp-content\/uploads\/2021\/12\/puc-per-barra-browser-120x120.png\",\"contentUrl\":\"https:\/\/www.perunaltracitta.org\/wp-content\/uploads\/2021\/12\/puc-per-barra-browser-120x120.png\",\"caption\":\"Redazione\"},\"description\":\"Il gruppo di\u00a0redazione della rivista edita da perUnaltracitt\u00e0\",\"url\":\"https:\/\/www.perunaltracitta.org\/homepage\/author\/admin\/\"}]}<\/script>\n<!-- \/ Yoast SEO plugin. -->","yoast_head_json":{"title":"Law and order del governo Meloni. Il pugno di ferro sui nostri denti - La Citt\u00e0 invisibile | perUnaltracitt\u00e0 | Firenze","robots":{"index":"index","follow":"follow","max-snippet":"max-snippet:-1","max-image-preview":"max-image-preview:large","max-video-preview":"max-video-preview:-1"},"canonical":"https:\/\/www.perunaltracitta.org\/homepage\/2022\/11\/07\/law-and-order-del-governo-meloni-il-pugno-di-ferro-sui-nostri-denti\/","og_locale":"it_IT","og_type":"article","og_title":"Law and order del governo Meloni. Il pugno di ferro sui nostri denti - La Citt\u00e0 invisibile | perUnaltracitt\u00e0 | Firenze","og_description":"Dopo tante parole i fatti e, con essi, il volto e gli obiettivi della destra al governo. Il primo provvedimento varato dal Governo Meloni, annunciato con squilli di tromba in conferenza stampa dalla presidente del Consiglio e dal ministro dell\u2019interno, \u00e8 l\u2019aumento del catalogo dei reati (come non ce ne fossero gi\u00e0 abbastanza nel nostro &hellip; Law and order del governo Meloni. Il pugno di ferro sui nostri denti Leggi altro &raquo;","og_url":"https:\/\/www.perunaltracitta.org\/homepage\/2022\/11\/07\/law-and-order-del-governo-meloni-il-pugno-di-ferro-sui-nostri-denti\/","og_site_name":"La Citt\u00e0 invisibile | perUnaltracitt\u00e0 | Firenze","article_publisher":"https:\/\/www.facebook.com\/perunaltracitta","article_published_time":"2022-11-07T07:03:32+00:00","og_image":[{"width":460,"height":260,"url":"https:\/\/www.perunaltracitta.org\/wp-content\/uploads\/2022\/11\/911a4d41-ba7c-491e-b1de-dcd7b7c0a9da.webp","type":"image\/webp"}],"author":"Redazione","twitter_card":"summary_large_image","twitter_creator":"@perunaltracitta","twitter_site":"@perunaltracitta","twitter_misc":{"Scritto da":"Redazione","Tempo di lettura stimato":"6 minuti"},"schema":{"@context":"https:\/\/schema.org","@graph":[{"@type":"Article","@id":"https:\/\/www.perunaltracitta.org\/homepage\/2022\/11\/07\/law-and-order-del-governo-meloni-il-pugno-di-ferro-sui-nostri-denti\/#article","isPartOf":{"@id":"https:\/\/www.perunaltracitta.org\/homepage\/2022\/11\/07\/law-and-order-del-governo-meloni-il-pugno-di-ferro-sui-nostri-denti\/"},"author":{"name":"Redazione","@id":"https:\/\/www.perunaltracitta.org\/homepage\/#\/schema\/person\/dfa435bbec27dfdfca89afd56a6c0081"},"headline":"Law and order del governo Meloni. Il pugno di ferro sui nostri denti","datePublished":"2022-11-07T07:03:32+00:00","mainEntityOfPage":{"@id":"https:\/\/www.perunaltracitta.org\/homepage\/2022\/11\/07\/law-and-order-del-governo-meloni-il-pugno-di-ferro-sui-nostri-denti\/"},"wordCount":1118,"commentCount":0,"publisher":{"@id":"https:\/\/www.perunaltracitta.org\/homepage\/#organization"},"image":{"@id":"https:\/\/www.perunaltracitta.org\/homepage\/2022\/11\/07\/law-and-order-del-governo-meloni-il-pugno-di-ferro-sui-nostri-denti\/#primaryimage"},"thumbnailUrl":"https:\/\/www.perunaltracitta.org\/wp-content\/uploads\/2022\/11\/911a4d41-ba7c-491e-b1de-dcd7b7c0a9da.webp","keywords":["art. 434\u00a0bis\u00a0codice penale","governo Meloni","Matteo Piantedosi","rave","repressione"],"articleSection":["In evidenza"],"inLanguage":"it-IT","potentialAction":[{"@type":"CommentAction","name":"Comment","target":["https:\/\/www.perunaltracitta.org\/homepage\/2022\/11\/07\/law-and-order-del-governo-meloni-il-pugno-di-ferro-sui-nostri-denti\/#respond"]}]},{"@type":"WebPage","@id":"https:\/\/www.perunaltracitta.org\/homepage\/2022\/11\/07\/law-and-order-del-governo-meloni-il-pugno-di-ferro-sui-nostri-denti\/","url":"https:\/\/www.perunaltracitta.org\/homepage\/2022\/11\/07\/law-and-order-del-governo-meloni-il-pugno-di-ferro-sui-nostri-denti\/","name":"Law and order del governo Meloni. Il pugno di ferro sui nostri denti - La Citt\u00e0 invisibile | perUnaltracitt\u00e0 | Firenze","isPartOf":{"@id":"https:\/\/www.perunaltracitta.org\/homepage\/#website"},"primaryImageOfPage":{"@id":"https:\/\/www.perunaltracitta.org\/homepage\/2022\/11\/07\/law-and-order-del-governo-meloni-il-pugno-di-ferro-sui-nostri-denti\/#primaryimage"},"image":{"@id":"https:\/\/www.perunaltracitta.org\/homepage\/2022\/11\/07\/law-and-order-del-governo-meloni-il-pugno-di-ferro-sui-nostri-denti\/#primaryimage"},"thumbnailUrl":"https:\/\/www.perunaltracitta.org\/wp-content\/uploads\/2022\/11\/911a4d41-ba7c-491e-b1de-dcd7b7c0a9da.webp","datePublished":"2022-11-07T07:03:32+00:00","breadcrumb":{"@id":"https:\/\/www.perunaltracitta.org\/homepage\/2022\/11\/07\/law-and-order-del-governo-meloni-il-pugno-di-ferro-sui-nostri-denti\/#breadcrumb"},"inLanguage":"it-IT","potentialAction":[{"@type":"ReadAction","target":["https:\/\/www.perunaltracitta.org\/homepage\/2022\/11\/07\/law-and-order-del-governo-meloni-il-pugno-di-ferro-sui-nostri-denti\/"]}]},{"@type":"ImageObject","inLanguage":"it-IT","@id":"https:\/\/www.perunaltracitta.org\/homepage\/2022\/11\/07\/law-and-order-del-governo-meloni-il-pugno-di-ferro-sui-nostri-denti\/#primaryimage","url":"https:\/\/www.perunaltracitta.org\/wp-content\/uploads\/2022\/11\/911a4d41-ba7c-491e-b1de-dcd7b7c0a9da.webp","contentUrl":"https:\/\/www.perunaltracitta.org\/wp-content\/uploads\/2022\/11\/911a4d41-ba7c-491e-b1de-dcd7b7c0a9da.webp","width":460,"height":260},{"@type":"BreadcrumbList","@id":"https:\/\/www.perunaltracitta.org\/homepage\/2022\/11\/07\/law-and-order-del-governo-meloni-il-pugno-di-ferro-sui-nostri-denti\/#breadcrumb","itemListElement":[{"@type":"ListItem","position":1,"name":"Home","item":"https:\/\/www.perunaltracitta.org\/homepage\/"},{"@type":"ListItem","position":2,"name":"Law and order del governo Meloni. Il pugno di ferro sui nostri denti"}]},{"@type":"WebSite","@id":"https:\/\/www.perunaltracitta.org\/homepage\/#website","url":"https:\/\/www.perunaltracitta.org\/homepage\/","name":"La Citt\u00e0 invisibile | perUnaltracitt\u00e0 | Firenze","description":"Voci oltre il pensiero unico","publisher":{"@id":"https:\/\/www.perunaltracitta.org\/homepage\/#organization"},"potentialAction":[{"@type":"SearchAction","target":{"@type":"EntryPoint","urlTemplate":"https:\/\/www.perunaltracitta.org\/homepage\/?s={search_term_string}"},"query-input":{"@type":"PropertyValueSpecification","valueRequired":true,"valueName":"search_term_string"}}],"inLanguage":"it-IT"},{"@type":"Organization","@id":"https:\/\/www.perunaltracitta.org\/homepage\/#organization","name":"perUnaltracitt\u00e0 - laboratorio politico Firenze","url":"https:\/\/www.perunaltracitta.org\/homepage\/","logo":{"@type":"ImageObject","inLanguage":"it-IT","@id":"https:\/\/www.perunaltracitta.org\/homepage\/#\/schema\/logo\/image\/","url":"https:\/\/www.perunaltracitta.org\/wp-content\/uploads\/2025\/11\/Original-on-Transparent-Copia-af-1.png","contentUrl":"https:\/\/www.perunaltracitta.org\/wp-content\/uploads\/2025\/11\/Original-on-Transparent-Copia-af-1.png","width":600,"height":153,"caption":"perUnaltracitt\u00e0 - laboratorio politico Firenze"},"image":{"@id":"https:\/\/www.perunaltracitta.org\/homepage\/#\/schema\/logo\/image\/"},"sameAs":["https:\/\/www.facebook.com\/perunaltracitta","https:\/\/x.com\/perunaltracitta"]},{"@type":"Person","@id":"https:\/\/www.perunaltracitta.org\/homepage\/#\/schema\/person\/dfa435bbec27dfdfca89afd56a6c0081","name":"Redazione","image":{"@type":"ImageObject","inLanguage":"it-IT","@id":"https:\/\/www.perunaltracitta.org\/homepage\/#\/schema\/person\/image\/","url":"https:\/\/www.perunaltracitta.org\/wp-content\/uploads\/2021\/12\/puc-per-barra-browser-120x120.png","contentUrl":"https:\/\/www.perunaltracitta.org\/wp-content\/uploads\/2021\/12\/puc-per-barra-browser-120x120.png","caption":"Redazione"},"description":"Il gruppo di\u00a0redazione della rivista edita da perUnaltracitt\u00e0","url":"https:\/\/www.perunaltracitta.org\/homepage\/author\/admin\/"}]}},"uagb_featured_image_src":{"full":["https:\/\/www.perunaltracitta.org\/wp-content\/uploads\/2022\/11\/911a4d41-ba7c-491e-b1de-dcd7b7c0a9da.webp",460,260,false],"thumbnail":["https:\/\/www.perunaltracitta.org\/wp-content\/uploads\/2022\/11\/911a4d41-ba7c-491e-b1de-dcd7b7c0a9da-150x150.webp",150,150,true],"medium":["https:\/\/www.perunaltracitta.org\/wp-content\/uploads\/2022\/11\/911a4d41-ba7c-491e-b1de-dcd7b7c0a9da-300x170.webp",300,170,true],"medium_large":["https:\/\/www.perunaltracitta.org\/wp-content\/uploads\/2022\/11\/911a4d41-ba7c-491e-b1de-dcd7b7c0a9da.webp",460,260,false],"large":["https:\/\/www.perunaltracitta.org\/wp-content\/uploads\/2022\/11\/911a4d41-ba7c-491e-b1de-dcd7b7c0a9da.webp",460,260,false],"wysija-newsletters-max":["https:\/\/www.perunaltracitta.org\/wp-content\/uploads\/2022\/11\/911a4d41-ba7c-491e-b1de-dcd7b7c0a9da.webp",460,260,false],"1536x1536":["https:\/\/www.perunaltracitta.org\/wp-content\/uploads\/2022\/11\/911a4d41-ba7c-491e-b1de-dcd7b7c0a9da.webp",460,260,false],"2048x2048":["https:\/\/www.perunaltracitta.org\/wp-content\/uploads\/2022\/11\/911a4d41-ba7c-491e-b1de-dcd7b7c0a9da.webp",460,260,false],"mailpoet_newsletter_max":["https:\/\/www.perunaltracitta.org\/wp-content\/uploads\/2022\/11\/911a4d41-ba7c-491e-b1de-dcd7b7c0a9da.webp",460,260,false],"yarpp-thumbnail":["https:\/\/www.perunaltracitta.org\/wp-content\/uploads\/2022\/11\/911a4d41-ba7c-491e-b1de-dcd7b7c0a9da-120x120.webp",120,120,true]},"uagb_author_info":{"display_name":"Redazione","author_link":"https:\/\/www.perunaltracitta.org\/homepage\/author\/admin\/"},"uagb_comment_info":0,"uagb_excerpt":"Dopo tante parole i fatti e, con essi, il volto e gli obiettivi della destra al governo. Il primo provvedimento varato dal Governo Meloni, annunciato con squilli di tromba in conferenza stampa dalla presidente del Consiglio e dal ministro dell\u2019interno, \u00e8 l\u2019aumento del catalogo dei reati (come non ce ne fossero gi\u00e0 abbastanza nel nostro&hellip;","_links":{"self":[{"href":"https:\/\/www.perunaltracitta.org\/homepage\/wp-json\/wp\/v2\/posts\/88279","targetHints":{"allow":["GET"]}}],"collection":[{"href":"https:\/\/www.perunaltracitta.org\/homepage\/wp-json\/wp\/v2\/posts"}],"about":[{"href":"https:\/\/www.perunaltracitta.org\/homepage\/wp-json\/wp\/v2\/types\/post"}],"author":[{"embeddable":true,"href":"https:\/\/www.perunaltracitta.org\/homepage\/wp-json\/wp\/v2\/users\/1"}],"replies":[{"embeddable":true,"href":"https:\/\/www.perunaltracitta.org\/homepage\/wp-json\/wp\/v2\/comments?post=88279"}],"version-history":[{"count":1,"href":"https:\/\/www.perunaltracitta.org\/homepage\/wp-json\/wp\/v2\/posts\/88279\/revisions"}],"predecessor-version":[{"id":88281,"href":"https:\/\/www.perunaltracitta.org\/homepage\/wp-json\/wp\/v2\/posts\/88279\/revisions\/88281"}],"wp:featuredmedia":[{"embeddable":true,"href":"https:\/\/www.perunaltracitta.org\/homepage\/wp-json\/wp\/v2\/media\/88280"}],"wp:attachment":[{"href":"https:\/\/www.perunaltracitta.org\/homepage\/wp-json\/wp\/v2\/media?parent=88279"}],"wp:term":[{"taxonomy":"category","embeddable":true,"href":"https:\/\/www.perunaltracitta.org\/homepage\/wp-json\/wp\/v2\/categories?post=88279"},{"taxonomy":"post_tag","embeddable":true,"href":"https:\/\/www.perunaltracitta.org\/homepage\/wp-json\/wp\/v2\/tags?post=88279"}],"curies":[{"name":"wp","href":"https:\/\/api.w.org\/{rel}","templated":true}]}}