{"id":88639,"date":"2022-11-28T16:34:49","date_gmt":"2022-11-28T15:34:49","guid":{"rendered":"https:\/\/www.perunaltracitta.org\/homepage\/?p=88639"},"modified":"2022-11-28T16:35:24","modified_gmt":"2022-11-28T15:35:24","slug":"ivrea-altri-45-indagati-per-torture-in-carcere-antigone-serve-una-riforma-generale-del-sistema-penitenziario","status":"publish","type":"post","link":"https:\/\/www.perunaltracitta.org\/homepage\/2022\/11\/28\/ivrea-altri-45-indagati-per-torture-in-carcere-antigone-serve-una-riforma-generale-del-sistema-penitenziario\/","title":{"rendered":"Ivrea. Altri 45 indagati per torture in carcere. Antigone: &#8220;serve una riforma generale del sistema penitenziario&#8221;"},"content":{"rendered":"<p>Per le presunte torture nel carcere di Ivrea la procura della citt\u00e0 piemontese ha notificato 45 avvisi di garanzia ad altrettanti indagati. Tra loro agenti, medici, operatori e funzionari che, a vario titolo, risultano indagati per diversi reati tra cui quelli di tortura, falso in atto pubblico e altri reati collegati.<\/p>\n<p>&#8220;Con queste 45 persone sono <strong>oltre 200 gli operatori penitenziari attualmente indagati, imputati o gi\u00e0 passati in giudicato<\/strong> all&#8217;interno di procedimenti che riguardano anche episodi di tortura e violenza avvenuti nelle carceri italiane. Un dato che ci racconta di un problema evidente che si riscontra negli istituti di pena dove, con troppa frequenza, da nord a sud emergono fatti di questo tipo&#8221;. A dirlo \u00e8 Patrizio Gonnella, presidente di Antigone.<\/p>\n<p><img loading=\"lazy\" decoding=\"async\" class=\"alignleft size-medium wp-image-88640\" src=\"https:\/\/www.perunaltracitta.org\/wp-content\/uploads\/2022\/11\/Copia_di_Copia_di_Suicidi-240x300.png\" alt=\"\" width=\"240\" height=\"300\" srcset=\"https:\/\/www.perunaltracitta.org\/wp-content\/uploads\/2022\/11\/Copia_di_Copia_di_Suicidi-240x300.png 240w, https:\/\/www.perunaltracitta.org\/wp-content\/uploads\/2022\/11\/Copia_di_Copia_di_Suicidi-819x1024.png 819w, https:\/\/www.perunaltracitta.org\/wp-content\/uploads\/2022\/11\/Copia_di_Copia_di_Suicidi-768x960.png 768w, https:\/\/www.perunaltracitta.org\/wp-content\/uploads\/2022\/11\/Copia_di_Copia_di_Suicidi-600x750.png 600w, https:\/\/www.perunaltracitta.org\/wp-content\/uploads\/2022\/11\/Copia_di_Copia_di_Suicidi.png 1080w\" sizes=\"auto, (max-width: 240px) 100vw, 240px\" \/>&#8220;L&#8217;approvazione della legge sulla tortura, avvenuta nel 2017, ha certamente influito positivamente sull&#8217;emersione di queste condotte, aumentando la predisposizione dei detenuti a denunciarle e l&#8217;attenzione che la magistratura pone nell&#8217;indagarle e perseguirle. Tuttavia, ci\u00f2 che occorre &#8211; continua Gonnella &#8211; \u00e8 un attivit\u00e0 di prevenzione che dovrebbe portare ad investire risorse nella formazione degli agenti penitenziari, nella costruzione di una vita interna agli istituti che sia pi\u00f9 distesa, contrastando il sovraffollamento penitenziario e con i detenuti impegnati in attivit\u00e0, cosa che aiuterebbe a stemperare quel clima di tensione che si registra e che ravvisiamo in forma crescente anche con le visite del nostro osservatorio. Si dovrebbero poi offrire maggiori riconoscimenti per coloro che, in carcere, lavorano nel pieno rispetto delle proprie funzioni e della dignit\u00e0 della persona. Cosa che riguarda, occorre ricordarlo, la maggior parte degli operatori&#8221;.<\/p>\n<p style=\"text-align: right;\"><a href=\"https:\/\/www.antigone.it\/\">Antigone.it<\/a><\/p>\n","protected":false},"excerpt":{"rendered":"<p>Per le presunte torture nel carcere di Ivrea la procura della citt\u00e0 piemontese ha notificato 45 avvisi di garanzia ad altrettanti indagati. Tra loro agenti, medici, operatori e funzionari che, a vario titolo, risultano indagati per diversi reati tra cui quelli di tortura, falso in atto pubblico e altri reati collegati. &#8220;Con queste 45 persone &hellip;<\/p>\n<p class=\"read-more\"> <a class=\"\" href=\"https:\/\/www.perunaltracitta.org\/homepage\/2022\/11\/28\/ivrea-altri-45-indagati-per-torture-in-carcere-antigone-serve-una-riforma-generale-del-sistema-penitenziario\/\"> <span class=\"screen-reader-text\">Ivrea. Altri 45 indagati per torture in carcere. Antigone: &#8220;serve una riforma generale del sistema penitenziario&#8221;<\/span> Leggi altro &raquo;<\/a><\/p>\n","protected":false},"author":1,"featured_media":88640,"comment_status":"open","ping_status":"open","sticky":false,"template":"","format":"standard","meta":{"_uag_custom_page_level_css":"","site-sidebar-layout":"default","site-content-layout":"default","ast-global-header-display":"","ast-main-header-display":"","ast-hfb-above-header-display":"","ast-hfb-below-header-display":"","ast-hfb-mobile-header-display":"","site-post-title":"","ast-breadcrumbs-content":"","ast-featured-img":"","footer-sml-layout":"","theme-transparent-header-meta":"default","adv-header-id-meta":"","stick-header-meta":"","header-above-stick-meta":"","header-main-stick-meta":"","header-below-stick-meta":"","footnotes":""},"categories":[54],"tags":[1675,4864,579,404],"class_list":["post-88639","post","type-post","status-publish","format-standard","has-post-thumbnail","hentry","category-brevi","tag-abusi-in-divisa","tag-associazione-antigone","tag-carcere","tag-repressione"],"yoast_head":"<!-- This site is optimized with the Yoast SEO plugin v25.1 - https:\/\/yoast.com\/wordpress\/plugins\/seo\/ -->\n<title>Ivrea. Altri 45 indagati per torture in carcere. Antigone: &quot;serve una riforma generale del sistema penitenziario&quot; - La Citt\u00e0 invisibile | perUnaltracitt\u00e0 | Firenze<\/title>\n<meta name=\"robots\" content=\"index, follow, max-snippet:-1, max-image-preview:large, max-video-preview:-1\" \/>\n<link rel=\"canonical\" href=\"https:\/\/www.perunaltracitta.org\/homepage\/2022\/11\/28\/ivrea-altri-45-indagati-per-torture-in-carcere-antigone-serve-una-riforma-generale-del-sistema-penitenziario\/\" \/>\n<meta property=\"og:locale\" content=\"it_IT\" \/>\n<meta property=\"og:type\" content=\"article\" \/>\n<meta property=\"og:title\" content=\"Ivrea. Altri 45 indagati per torture in carcere. Antigone: &quot;serve una riforma generale del sistema penitenziario&quot; - La Citt\u00e0 invisibile | perUnaltracitt\u00e0 | Firenze\" \/>\n<meta property=\"og:description\" content=\"Per le presunte torture nel carcere di Ivrea la procura della citt\u00e0 piemontese ha notificato 45 avvisi di garanzia ad altrettanti indagati. Tra loro agenti, medici, operatori e funzionari che, a vario titolo, risultano indagati per diversi reati tra cui quelli di tortura, falso in atto pubblico e altri reati collegati. &#8220;Con queste 45 persone &hellip; Ivrea. Altri 45 indagati per torture in carcere. Antigone: &#8220;serve una riforma generale del sistema penitenziario&#8221; Leggi altro &raquo;\" \/>\n<meta property=\"og:url\" content=\"https:\/\/www.perunaltracitta.org\/homepage\/2022\/11\/28\/ivrea-altri-45-indagati-per-torture-in-carcere-antigone-serve-una-riforma-generale-del-sistema-penitenziario\/\" \/>\n<meta property=\"og:site_name\" content=\"La Citt\u00e0 invisibile | perUnaltracitt\u00e0 | Firenze\" \/>\n<meta property=\"article:publisher\" content=\"https:\/\/www.facebook.com\/perunaltracitta\" \/>\n<meta property=\"article:published_time\" content=\"2022-11-28T15:34:49+00:00\" \/>\n<meta property=\"article:modified_time\" content=\"2022-11-28T15:35:24+00:00\" \/>\n<meta property=\"og:image\" content=\"https:\/\/www.perunaltracitta.org\/wp-content\/uploads\/2022\/11\/Copia_di_Copia_di_Suicidi.png\" \/>\n\t<meta property=\"og:image:width\" content=\"1080\" \/>\n\t<meta property=\"og:image:height\" content=\"1350\" \/>\n\t<meta property=\"og:image:type\" content=\"image\/png\" \/>\n<meta name=\"author\" content=\"Redazione\" \/>\n<meta name=\"twitter:card\" content=\"summary_large_image\" \/>\n<meta name=\"twitter:creator\" content=\"@perunaltracitta\" \/>\n<meta name=\"twitter:site\" content=\"@perunaltracitta\" \/>\n<meta name=\"twitter:label1\" content=\"Scritto da\" \/>\n\t<meta name=\"twitter:data1\" content=\"Redazione\" \/>\n\t<meta name=\"twitter:label2\" content=\"Tempo di lettura stimato\" \/>\n\t<meta name=\"twitter:data2\" content=\"1 minuto\" \/>\n<script type=\"application\/ld+json\" class=\"yoast-schema-graph\">{\"@context\":\"https:\/\/schema.org\",\"@graph\":[{\"@type\":\"Article\",\"@id\":\"https:\/\/www.perunaltracitta.org\/homepage\/2022\/11\/28\/ivrea-altri-45-indagati-per-torture-in-carcere-antigone-serve-una-riforma-generale-del-sistema-penitenziario\/#article\",\"isPartOf\":{\"@id\":\"https:\/\/www.perunaltracitta.org\/homepage\/2022\/11\/28\/ivrea-altri-45-indagati-per-torture-in-carcere-antigone-serve-una-riforma-generale-del-sistema-penitenziario\/\"},\"author\":{\"name\":\"Redazione\",\"@id\":\"https:\/\/www.perunaltracitta.org\/homepage\/#\/schema\/person\/dfa435bbec27dfdfca89afd56a6c0081\"},\"headline\":\"Ivrea. Altri 45 indagati per torture in carcere. Antigone: &#8220;serve una riforma generale del sistema penitenziario&#8221;\",\"datePublished\":\"2022-11-28T15:34:49+00:00\",\"dateModified\":\"2022-11-28T15:35:24+00:00\",\"mainEntityOfPage\":{\"@id\":\"https:\/\/www.perunaltracitta.org\/homepage\/2022\/11\/28\/ivrea-altri-45-indagati-per-torture-in-carcere-antigone-serve-una-riforma-generale-del-sistema-penitenziario\/\"},\"wordCount\":269,\"commentCount\":0,\"publisher\":{\"@id\":\"https:\/\/www.perunaltracitta.org\/homepage\/#organization\"},\"image\":{\"@id\":\"https:\/\/www.perunaltracitta.org\/homepage\/2022\/11\/28\/ivrea-altri-45-indagati-per-torture-in-carcere-antigone-serve-una-riforma-generale-del-sistema-penitenziario\/#primaryimage\"},\"thumbnailUrl\":\"https:\/\/www.perunaltracitta.org\/wp-content\/uploads\/2022\/11\/Copia_di_Copia_di_Suicidi.png\",\"keywords\":[\"abusi in divisa\",\"Associazione Antigone\",\"carcere\",\"repressione\"],\"articleSection\":[\"Brevi\"],\"inLanguage\":\"it-IT\",\"potentialAction\":[{\"@type\":\"CommentAction\",\"name\":\"Comment\",\"target\":[\"https:\/\/www.perunaltracitta.org\/homepage\/2022\/11\/28\/ivrea-altri-45-indagati-per-torture-in-carcere-antigone-serve-una-riforma-generale-del-sistema-penitenziario\/#respond\"]}]},{\"@type\":\"WebPage\",\"@id\":\"https:\/\/www.perunaltracitta.org\/homepage\/2022\/11\/28\/ivrea-altri-45-indagati-per-torture-in-carcere-antigone-serve-una-riforma-generale-del-sistema-penitenziario\/\",\"url\":\"https:\/\/www.perunaltracitta.org\/homepage\/2022\/11\/28\/ivrea-altri-45-indagati-per-torture-in-carcere-antigone-serve-una-riforma-generale-del-sistema-penitenziario\/\",\"name\":\"Ivrea. Altri 45 indagati per torture in carcere. Antigone: \\\"serve una riforma generale del sistema penitenziario\\\" - La Citt\u00e0 invisibile | perUnaltracitt\u00e0 | Firenze\",\"isPartOf\":{\"@id\":\"https:\/\/www.perunaltracitta.org\/homepage\/#website\"},\"primaryImageOfPage\":{\"@id\":\"https:\/\/www.perunaltracitta.org\/homepage\/2022\/11\/28\/ivrea-altri-45-indagati-per-torture-in-carcere-antigone-serve-una-riforma-generale-del-sistema-penitenziario\/#primaryimage\"},\"image\":{\"@id\":\"https:\/\/www.perunaltracitta.org\/homepage\/2022\/11\/28\/ivrea-altri-45-indagati-per-torture-in-carcere-antigone-serve-una-riforma-generale-del-sistema-penitenziario\/#primaryimage\"},\"thumbnailUrl\":\"https:\/\/www.perunaltracitta.org\/wp-content\/uploads\/2022\/11\/Copia_di_Copia_di_Suicidi.png\",\"datePublished\":\"2022-11-28T15:34:49+00:00\",\"dateModified\":\"2022-11-28T15:35:24+00:00\",\"breadcrumb\":{\"@id\":\"https:\/\/www.perunaltracitta.org\/homepage\/2022\/11\/28\/ivrea-altri-45-indagati-per-torture-in-carcere-antigone-serve-una-riforma-generale-del-sistema-penitenziario\/#breadcrumb\"},\"inLanguage\":\"it-IT\",\"potentialAction\":[{\"@type\":\"ReadAction\",\"target\":[\"https:\/\/www.perunaltracitta.org\/homepage\/2022\/11\/28\/ivrea-altri-45-indagati-per-torture-in-carcere-antigone-serve-una-riforma-generale-del-sistema-penitenziario\/\"]}]},{\"@type\":\"ImageObject\",\"inLanguage\":\"it-IT\",\"@id\":\"https:\/\/www.perunaltracitta.org\/homepage\/2022\/11\/28\/ivrea-altri-45-indagati-per-torture-in-carcere-antigone-serve-una-riforma-generale-del-sistema-penitenziario\/#primaryimage\",\"url\":\"https:\/\/www.perunaltracitta.org\/wp-content\/uploads\/2022\/11\/Copia_di_Copia_di_Suicidi.png\",\"contentUrl\":\"https:\/\/www.perunaltracitta.org\/wp-content\/uploads\/2022\/11\/Copia_di_Copia_di_Suicidi.png\",\"width\":1080,\"height\":1350},{\"@type\":\"BreadcrumbList\",\"@id\":\"https:\/\/www.perunaltracitta.org\/homepage\/2022\/11\/28\/ivrea-altri-45-indagati-per-torture-in-carcere-antigone-serve-una-riforma-generale-del-sistema-penitenziario\/#breadcrumb\",\"itemListElement\":[{\"@type\":\"ListItem\",\"position\":1,\"name\":\"Home\",\"item\":\"https:\/\/www.perunaltracitta.org\/homepage\/\"},{\"@type\":\"ListItem\",\"position\":2,\"name\":\"Ivrea. Altri 45 indagati per torture in carcere. Antigone: &#8220;serve una riforma generale del sistema penitenziario&#8221;\"}]},{\"@type\":\"WebSite\",\"@id\":\"https:\/\/www.perunaltracitta.org\/homepage\/#website\",\"url\":\"https:\/\/www.perunaltracitta.org\/homepage\/\",\"name\":\"La Citt\u00e0 invisibile | perUnaltracitt\u00e0 | Firenze\",\"description\":\"Voci oltre il pensiero unico\",\"publisher\":{\"@id\":\"https:\/\/www.perunaltracitta.org\/homepage\/#organization\"},\"potentialAction\":[{\"@type\":\"SearchAction\",\"target\":{\"@type\":\"EntryPoint\",\"urlTemplate\":\"https:\/\/www.perunaltracitta.org\/homepage\/?s={search_term_string}\"},\"query-input\":{\"@type\":\"PropertyValueSpecification\",\"valueRequired\":true,\"valueName\":\"search_term_string\"}}],\"inLanguage\":\"it-IT\"},{\"@type\":\"Organization\",\"@id\":\"https:\/\/www.perunaltracitta.org\/homepage\/#organization\",\"name\":\"perUnaltracitt\u00e0 - laboratorio politico Firenze\",\"url\":\"https:\/\/www.perunaltracitta.org\/homepage\/\",\"logo\":{\"@type\":\"ImageObject\",\"inLanguage\":\"it-IT\",\"@id\":\"https:\/\/www.perunaltracitta.org\/homepage\/#\/schema\/logo\/image\/\",\"url\":\"https:\/\/www.perunaltracitta.org\/wp-content\/uploads\/2025\/11\/Original-on-Transparent-Copia-af-1.png\",\"contentUrl\":\"https:\/\/www.perunaltracitta.org\/wp-content\/uploads\/2025\/11\/Original-on-Transparent-Copia-af-1.png\",\"width\":600,\"height\":153,\"caption\":\"perUnaltracitt\u00e0 - laboratorio politico Firenze\"},\"image\":{\"@id\":\"https:\/\/www.perunaltracitta.org\/homepage\/#\/schema\/logo\/image\/\"},\"sameAs\":[\"https:\/\/www.facebook.com\/perunaltracitta\",\"https:\/\/x.com\/perunaltracitta\"]},{\"@type\":\"Person\",\"@id\":\"https:\/\/www.perunaltracitta.org\/homepage\/#\/schema\/person\/dfa435bbec27dfdfca89afd56a6c0081\",\"name\":\"Redazione\",\"image\":{\"@type\":\"ImageObject\",\"inLanguage\":\"it-IT\",\"@id\":\"https:\/\/www.perunaltracitta.org\/homepage\/#\/schema\/person\/image\/\",\"url\":\"https:\/\/www.perunaltracitta.org\/wp-content\/uploads\/2021\/12\/puc-per-barra-browser-120x120.png\",\"contentUrl\":\"https:\/\/www.perunaltracitta.org\/wp-content\/uploads\/2021\/12\/puc-per-barra-browser-120x120.png\",\"caption\":\"Redazione\"},\"description\":\"Il gruppo di\u00a0redazione della rivista edita da perUnaltracitt\u00e0\",\"url\":\"https:\/\/www.perunaltracitta.org\/homepage\/author\/admin\/\"}]}<\/script>\n<!-- \/ Yoast SEO plugin. -->","yoast_head_json":{"title":"Ivrea. Altri 45 indagati per torture in carcere. Antigone: \"serve una riforma generale del sistema penitenziario\" - La Citt\u00e0 invisibile | perUnaltracitt\u00e0 | Firenze","robots":{"index":"index","follow":"follow","max-snippet":"max-snippet:-1","max-image-preview":"max-image-preview:large","max-video-preview":"max-video-preview:-1"},"canonical":"https:\/\/www.perunaltracitta.org\/homepage\/2022\/11\/28\/ivrea-altri-45-indagati-per-torture-in-carcere-antigone-serve-una-riforma-generale-del-sistema-penitenziario\/","og_locale":"it_IT","og_type":"article","og_title":"Ivrea. Altri 45 indagati per torture in carcere. Antigone: \"serve una riforma generale del sistema penitenziario\" - La Citt\u00e0 invisibile | perUnaltracitt\u00e0 | Firenze","og_description":"Per le presunte torture nel carcere di Ivrea la procura della citt\u00e0 piemontese ha notificato 45 avvisi di garanzia ad altrettanti indagati. Tra loro agenti, medici, operatori e funzionari che, a vario titolo, risultano indagati per diversi reati tra cui quelli di tortura, falso in atto pubblico e altri reati collegati. &#8220;Con queste 45 persone &hellip; Ivrea. Altri 45 indagati per torture in carcere. Antigone: &#8220;serve una riforma generale del sistema penitenziario&#8221; Leggi altro &raquo;","og_url":"https:\/\/www.perunaltracitta.org\/homepage\/2022\/11\/28\/ivrea-altri-45-indagati-per-torture-in-carcere-antigone-serve-una-riforma-generale-del-sistema-penitenziario\/","og_site_name":"La Citt\u00e0 invisibile | perUnaltracitt\u00e0 | Firenze","article_publisher":"https:\/\/www.facebook.com\/perunaltracitta","article_published_time":"2022-11-28T15:34:49+00:00","article_modified_time":"2022-11-28T15:35:24+00:00","og_image":[{"width":1080,"height":1350,"url":"https:\/\/www.perunaltracitta.org\/wp-content\/uploads\/2022\/11\/Copia_di_Copia_di_Suicidi.png","type":"image\/png"}],"author":"Redazione","twitter_card":"summary_large_image","twitter_creator":"@perunaltracitta","twitter_site":"@perunaltracitta","twitter_misc":{"Scritto da":"Redazione","Tempo di lettura stimato":"1 minuto"},"schema":{"@context":"https:\/\/schema.org","@graph":[{"@type":"Article","@id":"https:\/\/www.perunaltracitta.org\/homepage\/2022\/11\/28\/ivrea-altri-45-indagati-per-torture-in-carcere-antigone-serve-una-riforma-generale-del-sistema-penitenziario\/#article","isPartOf":{"@id":"https:\/\/www.perunaltracitta.org\/homepage\/2022\/11\/28\/ivrea-altri-45-indagati-per-torture-in-carcere-antigone-serve-una-riforma-generale-del-sistema-penitenziario\/"},"author":{"name":"Redazione","@id":"https:\/\/www.perunaltracitta.org\/homepage\/#\/schema\/person\/dfa435bbec27dfdfca89afd56a6c0081"},"headline":"Ivrea. Altri 45 indagati per torture in carcere. Antigone: &#8220;serve una riforma generale del sistema penitenziario&#8221;","datePublished":"2022-11-28T15:34:49+00:00","dateModified":"2022-11-28T15:35:24+00:00","mainEntityOfPage":{"@id":"https:\/\/www.perunaltracitta.org\/homepage\/2022\/11\/28\/ivrea-altri-45-indagati-per-torture-in-carcere-antigone-serve-una-riforma-generale-del-sistema-penitenziario\/"},"wordCount":269,"commentCount":0,"publisher":{"@id":"https:\/\/www.perunaltracitta.org\/homepage\/#organization"},"image":{"@id":"https:\/\/www.perunaltracitta.org\/homepage\/2022\/11\/28\/ivrea-altri-45-indagati-per-torture-in-carcere-antigone-serve-una-riforma-generale-del-sistema-penitenziario\/#primaryimage"},"thumbnailUrl":"https:\/\/www.perunaltracitta.org\/wp-content\/uploads\/2022\/11\/Copia_di_Copia_di_Suicidi.png","keywords":["abusi in divisa","Associazione Antigone","carcere","repressione"],"articleSection":["Brevi"],"inLanguage":"it-IT","potentialAction":[{"@type":"CommentAction","name":"Comment","target":["https:\/\/www.perunaltracitta.org\/homepage\/2022\/11\/28\/ivrea-altri-45-indagati-per-torture-in-carcere-antigone-serve-una-riforma-generale-del-sistema-penitenziario\/#respond"]}]},{"@type":"WebPage","@id":"https:\/\/www.perunaltracitta.org\/homepage\/2022\/11\/28\/ivrea-altri-45-indagati-per-torture-in-carcere-antigone-serve-una-riforma-generale-del-sistema-penitenziario\/","url":"https:\/\/www.perunaltracitta.org\/homepage\/2022\/11\/28\/ivrea-altri-45-indagati-per-torture-in-carcere-antigone-serve-una-riforma-generale-del-sistema-penitenziario\/","name":"Ivrea. Altri 45 indagati per torture in carcere. Antigone: \"serve una riforma generale del sistema penitenziario\" - La Citt\u00e0 invisibile | perUnaltracitt\u00e0 | Firenze","isPartOf":{"@id":"https:\/\/www.perunaltracitta.org\/homepage\/#website"},"primaryImageOfPage":{"@id":"https:\/\/www.perunaltracitta.org\/homepage\/2022\/11\/28\/ivrea-altri-45-indagati-per-torture-in-carcere-antigone-serve-una-riforma-generale-del-sistema-penitenziario\/#primaryimage"},"image":{"@id":"https:\/\/www.perunaltracitta.org\/homepage\/2022\/11\/28\/ivrea-altri-45-indagati-per-torture-in-carcere-antigone-serve-una-riforma-generale-del-sistema-penitenziario\/#primaryimage"},"thumbnailUrl":"https:\/\/www.perunaltracitta.org\/wp-content\/uploads\/2022\/11\/Copia_di_Copia_di_Suicidi.png","datePublished":"2022-11-28T15:34:49+00:00","dateModified":"2022-11-28T15:35:24+00:00","breadcrumb":{"@id":"https:\/\/www.perunaltracitta.org\/homepage\/2022\/11\/28\/ivrea-altri-45-indagati-per-torture-in-carcere-antigone-serve-una-riforma-generale-del-sistema-penitenziario\/#breadcrumb"},"inLanguage":"it-IT","potentialAction":[{"@type":"ReadAction","target":["https:\/\/www.perunaltracitta.org\/homepage\/2022\/11\/28\/ivrea-altri-45-indagati-per-torture-in-carcere-antigone-serve-una-riforma-generale-del-sistema-penitenziario\/"]}]},{"@type":"ImageObject","inLanguage":"it-IT","@id":"https:\/\/www.perunaltracitta.org\/homepage\/2022\/11\/28\/ivrea-altri-45-indagati-per-torture-in-carcere-antigone-serve-una-riforma-generale-del-sistema-penitenziario\/#primaryimage","url":"https:\/\/www.perunaltracitta.org\/wp-content\/uploads\/2022\/11\/Copia_di_Copia_di_Suicidi.png","contentUrl":"https:\/\/www.perunaltracitta.org\/wp-content\/uploads\/2022\/11\/Copia_di_Copia_di_Suicidi.png","width":1080,"height":1350},{"@type":"BreadcrumbList","@id":"https:\/\/www.perunaltracitta.org\/homepage\/2022\/11\/28\/ivrea-altri-45-indagati-per-torture-in-carcere-antigone-serve-una-riforma-generale-del-sistema-penitenziario\/#breadcrumb","itemListElement":[{"@type":"ListItem","position":1,"name":"Home","item":"https:\/\/www.perunaltracitta.org\/homepage\/"},{"@type":"ListItem","position":2,"name":"Ivrea. Altri 45 indagati per torture in carcere. Antigone: &#8220;serve una riforma generale del sistema penitenziario&#8221;"}]},{"@type":"WebSite","@id":"https:\/\/www.perunaltracitta.org\/homepage\/#website","url":"https:\/\/www.perunaltracitta.org\/homepage\/","name":"La Citt\u00e0 invisibile | perUnaltracitt\u00e0 | Firenze","description":"Voci oltre il pensiero unico","publisher":{"@id":"https:\/\/www.perunaltracitta.org\/homepage\/#organization"},"potentialAction":[{"@type":"SearchAction","target":{"@type":"EntryPoint","urlTemplate":"https:\/\/www.perunaltracitta.org\/homepage\/?s={search_term_string}"},"query-input":{"@type":"PropertyValueSpecification","valueRequired":true,"valueName":"search_term_string"}}],"inLanguage":"it-IT"},{"@type":"Organization","@id":"https:\/\/www.perunaltracitta.org\/homepage\/#organization","name":"perUnaltracitt\u00e0 - laboratorio politico Firenze","url":"https:\/\/www.perunaltracitta.org\/homepage\/","logo":{"@type":"ImageObject","inLanguage":"it-IT","@id":"https:\/\/www.perunaltracitta.org\/homepage\/#\/schema\/logo\/image\/","url":"https:\/\/www.perunaltracitta.org\/wp-content\/uploads\/2025\/11\/Original-on-Transparent-Copia-af-1.png","contentUrl":"https:\/\/www.perunaltracitta.org\/wp-content\/uploads\/2025\/11\/Original-on-Transparent-Copia-af-1.png","width":600,"height":153,"caption":"perUnaltracitt\u00e0 - laboratorio politico Firenze"},"image":{"@id":"https:\/\/www.perunaltracitta.org\/homepage\/#\/schema\/logo\/image\/"},"sameAs":["https:\/\/www.facebook.com\/perunaltracitta","https:\/\/x.com\/perunaltracitta"]},{"@type":"Person","@id":"https:\/\/www.perunaltracitta.org\/homepage\/#\/schema\/person\/dfa435bbec27dfdfca89afd56a6c0081","name":"Redazione","image":{"@type":"ImageObject","inLanguage":"it-IT","@id":"https:\/\/www.perunaltracitta.org\/homepage\/#\/schema\/person\/image\/","url":"https:\/\/www.perunaltracitta.org\/wp-content\/uploads\/2021\/12\/puc-per-barra-browser-120x120.png","contentUrl":"https:\/\/www.perunaltracitta.org\/wp-content\/uploads\/2021\/12\/puc-per-barra-browser-120x120.png","caption":"Redazione"},"description":"Il gruppo di\u00a0redazione della rivista edita da perUnaltracitt\u00e0","url":"https:\/\/www.perunaltracitta.org\/homepage\/author\/admin\/"}]}},"uagb_featured_image_src":{"full":["https:\/\/www.perunaltracitta.org\/wp-content\/uploads\/2022\/11\/Copia_di_Copia_di_Suicidi.png",1080,1350,false],"thumbnail":["https:\/\/www.perunaltracitta.org\/wp-content\/uploads\/2022\/11\/Copia_di_Copia_di_Suicidi-150x150.png",150,150,true],"medium":["https:\/\/www.perunaltracitta.org\/wp-content\/uploads\/2022\/11\/Copia_di_Copia_di_Suicidi-240x300.png",240,300,true],"medium_large":["https:\/\/www.perunaltracitta.org\/wp-content\/uploads\/2022\/11\/Copia_di_Copia_di_Suicidi-768x960.png",768,960,true],"large":["https:\/\/www.perunaltracitta.org\/wp-content\/uploads\/2022\/11\/Copia_di_Copia_di_Suicidi-819x1024.png",819,1024,true],"wysija-newsletters-max":["https:\/\/www.perunaltracitta.org\/wp-content\/uploads\/2022\/11\/Copia_di_Copia_di_Suicidi-600x750.png",600,750,true],"1536x1536":["https:\/\/www.perunaltracitta.org\/wp-content\/uploads\/2022\/11\/Copia_di_Copia_di_Suicidi.png",1080,1350,false],"2048x2048":["https:\/\/www.perunaltracitta.org\/wp-content\/uploads\/2022\/11\/Copia_di_Copia_di_Suicidi.png",1080,1350,false],"mailpoet_newsletter_max":["https:\/\/www.perunaltracitta.org\/wp-content\/uploads\/2022\/11\/Copia_di_Copia_di_Suicidi.png",1080,1350,false],"yarpp-thumbnail":["https:\/\/www.perunaltracitta.org\/wp-content\/uploads\/2022\/11\/Copia_di_Copia_di_Suicidi-120x120.png",120,120,true]},"uagb_author_info":{"display_name":"Redazione","author_link":"https:\/\/www.perunaltracitta.org\/homepage\/author\/admin\/"},"uagb_comment_info":0,"uagb_excerpt":"Per le presunte torture nel carcere di Ivrea la procura della citt\u00e0 piemontese ha notificato 45 avvisi di garanzia ad altrettanti indagati. Tra loro agenti, medici, operatori e funzionari che, a vario titolo, risultano indagati per diversi reati tra cui quelli di tortura, falso in atto pubblico e altri reati collegati. &#8220;Con queste 45 persone&hellip;","_links":{"self":[{"href":"https:\/\/www.perunaltracitta.org\/homepage\/wp-json\/wp\/v2\/posts\/88639","targetHints":{"allow":["GET"]}}],"collection":[{"href":"https:\/\/www.perunaltracitta.org\/homepage\/wp-json\/wp\/v2\/posts"}],"about":[{"href":"https:\/\/www.perunaltracitta.org\/homepage\/wp-json\/wp\/v2\/types\/post"}],"author":[{"embeddable":true,"href":"https:\/\/www.perunaltracitta.org\/homepage\/wp-json\/wp\/v2\/users\/1"}],"replies":[{"embeddable":true,"href":"https:\/\/www.perunaltracitta.org\/homepage\/wp-json\/wp\/v2\/comments?post=88639"}],"version-history":[{"count":1,"href":"https:\/\/www.perunaltracitta.org\/homepage\/wp-json\/wp\/v2\/posts\/88639\/revisions"}],"predecessor-version":[{"id":88641,"href":"https:\/\/www.perunaltracitta.org\/homepage\/wp-json\/wp\/v2\/posts\/88639\/revisions\/88641"}],"wp:featuredmedia":[{"embeddable":true,"href":"https:\/\/www.perunaltracitta.org\/homepage\/wp-json\/wp\/v2\/media\/88640"}],"wp:attachment":[{"href":"https:\/\/www.perunaltracitta.org\/homepage\/wp-json\/wp\/v2\/media?parent=88639"}],"wp:term":[{"taxonomy":"category","embeddable":true,"href":"https:\/\/www.perunaltracitta.org\/homepage\/wp-json\/wp\/v2\/categories?post=88639"},{"taxonomy":"post_tag","embeddable":true,"href":"https:\/\/www.perunaltracitta.org\/homepage\/wp-json\/wp\/v2\/tags?post=88639"}],"curies":[{"name":"wp","href":"https:\/\/api.w.org\/{rel}","templated":true}]}}