{"id":88648,"date":"2022-11-29T10:48:24","date_gmt":"2022-11-29T09:48:24","guid":{"rendered":"https:\/\/www.perunaltracitta.org\/homepage\/?p=88648"},"modified":"2022-11-29T10:50:57","modified_gmt":"2022-11-29T09:50:57","slug":"fermiamo-il-commercio-con-gli-insediamenti-illegali-firmiamo-lappello","status":"publish","type":"post","link":"https:\/\/www.perunaltracitta.org\/homepage\/2022\/11\/29\/fermiamo-il-commercio-con-gli-insediamenti-illegali-firmiamo-lappello\/","title":{"rendered":"Fermiamo il commercio con gli insediamenti illegali: firmiamo l&#8217;Appello"},"content":{"rendered":"<p>Noi, 49 associazioni e organizzazioni della societ\u00e0 civile italiana, sosteniamo la campagna europea per fermare il commercio con gli insediamenti illegali. Riteniamo vergognoso che nel 2022 esista ancora la colonizzazione. Da pi\u00f9 di mezzo secolo Israele occupa e colonizza i territori palestinesi. Malgrado ci\u00f2, l&#8217;Unione Europea continua il commercio con le colonie contribuendo alla loro economia. Tutti insieme abbiamo il potere di portare un cambiamento firmando l&#8217;iniziativa popolare dei cittadini europei #StopTradeWithSettlements.<\/p>\n<p><img loading=\"lazy\" decoding=\"async\" class=\"alignleft size-medium wp-image-88649\" src=\"https:\/\/www.perunaltracitta.org\/wp-content\/uploads\/2022\/11\/Group-3-min-1-300x300.png\" alt=\"\" width=\"300\" height=\"300\" srcset=\"https:\/\/www.perunaltracitta.org\/wp-content\/uploads\/2022\/11\/Group-3-min-1-300x300.png 300w, https:\/\/www.perunaltracitta.org\/wp-content\/uploads\/2022\/11\/Group-3-min-1-150x150.png 150w, https:\/\/www.perunaltracitta.org\/wp-content\/uploads\/2022\/11\/Group-3-min-1-120x120.png 120w, https:\/\/www.perunaltracitta.org\/wp-content\/uploads\/2022\/11\/Group-3-min-1.png 498w\" sizes=\"auto, (max-width: 300px) 100vw, 300px\" \/><strong>Il 29 novembre, nella giornata internazionale ONU in solidariet\u00e0 con il popolo palestinese, chiediamo a tutti il massimo impegno per firmare e far firmare la campagna<\/strong>.<\/p>\n<p>Se raggiungiamo 1 milione di firme da tutta Europa, l&#8217;Unione Europea sar\u00e0 costretta a dare una risposta a quanto richiesto.<\/p>\n<p>Francia, Irlanda, Belgio e Olanda hanno gi\u00e0 raggiunto la quota di firme prevista. L&#8217;Italia \u00e8 ancora molto indietro e mancano solo tre mesi alla chiusura della campagna per questo \u00e8 urgente agire.<\/p>\n<p>E&#8217; facilissimo: clicca sul link <a href=\"http:\/\/www.stopsettlements.org\">www.stopsettlements.org<\/a><\/p>\n<p>Firma anche tu<\/p>\n<p>ARCI<\/p>\n<p>Amici della Mezza Luna Rossa Palestinese<\/p>\n<p>Amo Amici del Medio Oriente Onlus<\/p>\n<p>Artisti Resistenti Roma<\/p>\n<p>Associazione Amicizia Sardegna-Palestina<\/p>\n<p>Associazione Cultura \u00e8 Libert\u00e0<\/p>\n<p>Associazione Culturale Liguria Palestina<\/p>\n<p>Associazione Senza Confine<\/p>\n<p>AssopacePalestina<\/p>\n<p>BDS Italia<\/p>\n<p>Bocchescucite<\/p>\n<p>Casa dei Diritti dei Popoli<\/p>\n<p>CBC Costituzione Beni Comuni<\/p>\n<p>Centro Nuovo Modello di Sviluppo<\/p>\n<p>Centro Studi Sereno Regis<\/p>\n<p>COBAS<\/p>\n<p>Comitato Fiorentino Fermiamo la Guerra<\/p>\n<p>COSPE<\/p>\n<p>CRED Centro di Ricerca ed Elaborazione per la Democrazia<\/p>\n<p>Defence for Children International Italia<\/p>\n<p>Donne in nero<\/p>\n<p>Fairwatch<\/p>\n<p>FIOM-CGIL<\/p>\n<p>Fondazione Lelio e Lisli Basso<\/p>\n<p>Gaza Free Style<\/p>\n<p>Gazzella Onlus<\/p>\n<p>Gruppo Empolese Emisfero Sud<\/p>\n<p>Il Chicco di Senape<\/p>\n<p>La Terra Trema<\/p>\n<p>Libera<\/p>\n<p>Libere Tutte!<\/p>\n<p>Link-Coordinamento Universitario<\/p>\n<p>Marea Salerno<\/p>\n<p>Medicina Democratica<\/p>\n<p>Memoria in Movimento<\/p>\n<p>New Weapons Research Group<\/p>\n<p>ODV Salaam Ragazzi dell\u2019Olivo &#8211; Comitato di Trieste-Onlus<\/p>\n<p>Parallelo Palestina<\/p>\n<p>Piazza Carlo Giuliani<\/p>\n<p>Rete Accoglienza<\/p>\n<p>Rete Eco &#8211; Ebrei contro l\u2019occupazione<\/p>\n<p>Rete Radi\u00e9 Resch<\/p>\n<p>Rete Romana di Solidariet\u00e0 con il Popolo Palestinese<\/p>\n<p>Salaam Ragazzi dell&#8217;Olivo-Comitato di Milano-Onlus<\/p>\n<p>Societ\u00e0 Civile per la Palestina<\/p>\n<p>Transform!italia<\/p>\n<p>Un ponte per<\/p>\n<p>Una citt\u00e0 in comune<\/p>\n<p>WILPF Italia &#8211; Women&#8217;s International League for Peace and Freedom<\/p>\n<div style=\"text-align: right;\">Associazione di Amicizia Italo-Palestinese<\/div>\n<div style=\"text-align: right;\">\u00a0\u00a0\u00a0\u00a0\u00a0\u00a0 Firenze per la Palestina<\/div>\n","protected":false},"excerpt":{"rendered":"<p>Noi, 49 associazioni e organizzazioni della societ\u00e0 civile italiana, sosteniamo la campagna europea per fermare il commercio con gli insediamenti illegali. Riteniamo vergognoso che nel 2022 esista ancora la colonizzazione. Da pi\u00f9 di mezzo secolo Israele occupa e colonizza i territori palestinesi. Malgrado ci\u00f2, l&#8217;Unione Europea continua il commercio con le colonie contribuendo alla loro &hellip;<\/p>\n<p class=\"read-more\"> <a class=\"\" href=\"https:\/\/www.perunaltracitta.org\/homepage\/2022\/11\/29\/fermiamo-il-commercio-con-gli-insediamenti-illegali-firmiamo-lappello\/\"> <span class=\"screen-reader-text\">Fermiamo il commercio con gli insediamenti illegali: firmiamo l&#8217;Appello<\/span> Leggi altro &raquo;<\/a><\/p>\n","protected":false},"author":1,"featured_media":88649,"comment_status":"open","ping_status":"open","sticky":false,"template":"","format":"standard","meta":{"_uag_custom_page_level_css":"","site-sidebar-layout":"default","site-content-layout":"default","ast-global-header-display":"","ast-main-header-display":"","ast-hfb-above-header-display":"","ast-hfb-below-header-display":"","ast-hfb-mobile-header-display":"","site-post-title":"","ast-breadcrumbs-content":"","ast-featured-img":"","footer-sml-layout":"","theme-transparent-header-meta":"default","adv-header-id-meta":"","stick-header-meta":"","header-above-stick-meta":"","header-main-stick-meta":"","header-below-stick-meta":"","footnotes":""},"categories":[281,54],"tags":[4870,4869],"class_list":["post-88648","post","type-post","status-publish","format-standard","has-post-thumbnail","hentry","category-apertura","category-brevi","tag-stoptradewithsettlements","tag-associazione-di-amicizia-italo-palestinese"],"yoast_head":"<!-- This site is optimized with the Yoast SEO plugin v25.1 - https:\/\/yoast.com\/wordpress\/plugins\/seo\/ -->\n<title>Fermiamo il commercio con gli insediamenti illegali: firmiamo l&#039;Appello - La Citt\u00e0 invisibile | perUnaltracitt\u00e0 | Firenze<\/title>\n<meta name=\"robots\" content=\"index, follow, max-snippet:-1, max-image-preview:large, max-video-preview:-1\" \/>\n<link rel=\"canonical\" href=\"https:\/\/www.perunaltracitta.org\/homepage\/2022\/11\/29\/fermiamo-il-commercio-con-gli-insediamenti-illegali-firmiamo-lappello\/\" \/>\n<meta property=\"og:locale\" content=\"it_IT\" \/>\n<meta property=\"og:type\" content=\"article\" \/>\n<meta property=\"og:title\" content=\"Fermiamo il commercio con gli insediamenti illegali: firmiamo l&#039;Appello - La Citt\u00e0 invisibile | perUnaltracitt\u00e0 | Firenze\" \/>\n<meta property=\"og:description\" content=\"Noi, 49 associazioni e organizzazioni della societ\u00e0 civile italiana, sosteniamo la campagna europea per fermare il commercio con gli insediamenti illegali. Riteniamo vergognoso che nel 2022 esista ancora la colonizzazione. Da pi\u00f9 di mezzo secolo Israele occupa e colonizza i territori palestinesi. Malgrado ci\u00f2, l&#8217;Unione Europea continua il commercio con le colonie contribuendo alla loro &hellip; Fermiamo il commercio con gli insediamenti illegali: firmiamo l&#8217;Appello Leggi altro &raquo;\" \/>\n<meta property=\"og:url\" content=\"https:\/\/www.perunaltracitta.org\/homepage\/2022\/11\/29\/fermiamo-il-commercio-con-gli-insediamenti-illegali-firmiamo-lappello\/\" \/>\n<meta property=\"og:site_name\" content=\"La Citt\u00e0 invisibile | perUnaltracitt\u00e0 | Firenze\" \/>\n<meta property=\"article:publisher\" content=\"https:\/\/www.facebook.com\/perunaltracitta\" \/>\n<meta property=\"article:published_time\" content=\"2022-11-29T09:48:24+00:00\" \/>\n<meta property=\"article:modified_time\" content=\"2022-11-29T09:50:57+00:00\" \/>\n<meta property=\"og:image\" content=\"https:\/\/www.perunaltracitta.org\/wp-content\/uploads\/2022\/11\/Group-3-min-1.png\" \/>\n\t<meta property=\"og:image:width\" content=\"498\" \/>\n\t<meta property=\"og:image:height\" content=\"496\" \/>\n\t<meta property=\"og:image:type\" content=\"image\/png\" \/>\n<meta name=\"author\" content=\"Redazione\" \/>\n<meta name=\"twitter:card\" content=\"summary_large_image\" \/>\n<meta name=\"twitter:creator\" content=\"@perunaltracitta\" \/>\n<meta name=\"twitter:site\" content=\"@perunaltracitta\" \/>\n<meta name=\"twitter:label1\" content=\"Scritto da\" \/>\n\t<meta name=\"twitter:data1\" content=\"Redazione\" \/>\n\t<meta name=\"twitter:label2\" content=\"Tempo di lettura stimato\" \/>\n\t<meta name=\"twitter:data2\" content=\"2 minuti\" \/>\n<script type=\"application\/ld+json\" class=\"yoast-schema-graph\">{\"@context\":\"https:\/\/schema.org\",\"@graph\":[{\"@type\":\"Article\",\"@id\":\"https:\/\/www.perunaltracitta.org\/homepage\/2022\/11\/29\/fermiamo-il-commercio-con-gli-insediamenti-illegali-firmiamo-lappello\/#article\",\"isPartOf\":{\"@id\":\"https:\/\/www.perunaltracitta.org\/homepage\/2022\/11\/29\/fermiamo-il-commercio-con-gli-insediamenti-illegali-firmiamo-lappello\/\"},\"author\":{\"name\":\"Redazione\",\"@id\":\"https:\/\/www.perunaltracitta.org\/homepage\/#\/schema\/person\/dfa435bbec27dfdfca89afd56a6c0081\"},\"headline\":\"Fermiamo il commercio con gli insediamenti illegali: firmiamo l&#8217;Appello\",\"datePublished\":\"2022-11-29T09:48:24+00:00\",\"dateModified\":\"2022-11-29T09:50:57+00:00\",\"mainEntityOfPage\":{\"@id\":\"https:\/\/www.perunaltracitta.org\/homepage\/2022\/11\/29\/fermiamo-il-commercio-con-gli-insediamenti-illegali-firmiamo-lappello\/\"},\"wordCount\":349,\"commentCount\":0,\"publisher\":{\"@id\":\"https:\/\/www.perunaltracitta.org\/homepage\/#organization\"},\"image\":{\"@id\":\"https:\/\/www.perunaltracitta.org\/homepage\/2022\/11\/29\/fermiamo-il-commercio-con-gli-insediamenti-illegali-firmiamo-lappello\/#primaryimage\"},\"thumbnailUrl\":\"https:\/\/www.perunaltracitta.org\/wp-content\/uploads\/2022\/11\/Group-3-min-1.png\",\"keywords\":[\"#StopTradeWithSettlements\",\"Associazione di Amicizia Italo-Palestinese\"],\"articleSection\":[\"Apertura\",\"Brevi\"],\"inLanguage\":\"it-IT\",\"potentialAction\":[{\"@type\":\"CommentAction\",\"name\":\"Comment\",\"target\":[\"https:\/\/www.perunaltracitta.org\/homepage\/2022\/11\/29\/fermiamo-il-commercio-con-gli-insediamenti-illegali-firmiamo-lappello\/#respond\"]}]},{\"@type\":\"WebPage\",\"@id\":\"https:\/\/www.perunaltracitta.org\/homepage\/2022\/11\/29\/fermiamo-il-commercio-con-gli-insediamenti-illegali-firmiamo-lappello\/\",\"url\":\"https:\/\/www.perunaltracitta.org\/homepage\/2022\/11\/29\/fermiamo-il-commercio-con-gli-insediamenti-illegali-firmiamo-lappello\/\",\"name\":\"Fermiamo il commercio con gli insediamenti illegali: firmiamo l'Appello - La Citt\u00e0 invisibile | perUnaltracitt\u00e0 | Firenze\",\"isPartOf\":{\"@id\":\"https:\/\/www.perunaltracitta.org\/homepage\/#website\"},\"primaryImageOfPage\":{\"@id\":\"https:\/\/www.perunaltracitta.org\/homepage\/2022\/11\/29\/fermiamo-il-commercio-con-gli-insediamenti-illegali-firmiamo-lappello\/#primaryimage\"},\"image\":{\"@id\":\"https:\/\/www.perunaltracitta.org\/homepage\/2022\/11\/29\/fermiamo-il-commercio-con-gli-insediamenti-illegali-firmiamo-lappello\/#primaryimage\"},\"thumbnailUrl\":\"https:\/\/www.perunaltracitta.org\/wp-content\/uploads\/2022\/11\/Group-3-min-1.png\",\"datePublished\":\"2022-11-29T09:48:24+00:00\",\"dateModified\":\"2022-11-29T09:50:57+00:00\",\"breadcrumb\":{\"@id\":\"https:\/\/www.perunaltracitta.org\/homepage\/2022\/11\/29\/fermiamo-il-commercio-con-gli-insediamenti-illegali-firmiamo-lappello\/#breadcrumb\"},\"inLanguage\":\"it-IT\",\"potentialAction\":[{\"@type\":\"ReadAction\",\"target\":[\"https:\/\/www.perunaltracitta.org\/homepage\/2022\/11\/29\/fermiamo-il-commercio-con-gli-insediamenti-illegali-firmiamo-lappello\/\"]}]},{\"@type\":\"ImageObject\",\"inLanguage\":\"it-IT\",\"@id\":\"https:\/\/www.perunaltracitta.org\/homepage\/2022\/11\/29\/fermiamo-il-commercio-con-gli-insediamenti-illegali-firmiamo-lappello\/#primaryimage\",\"url\":\"https:\/\/www.perunaltracitta.org\/wp-content\/uploads\/2022\/11\/Group-3-min-1.png\",\"contentUrl\":\"https:\/\/www.perunaltracitta.org\/wp-content\/uploads\/2022\/11\/Group-3-min-1.png\",\"width\":498,\"height\":496},{\"@type\":\"BreadcrumbList\",\"@id\":\"https:\/\/www.perunaltracitta.org\/homepage\/2022\/11\/29\/fermiamo-il-commercio-con-gli-insediamenti-illegali-firmiamo-lappello\/#breadcrumb\",\"itemListElement\":[{\"@type\":\"ListItem\",\"position\":1,\"name\":\"Home\",\"item\":\"https:\/\/www.perunaltracitta.org\/homepage\/\"},{\"@type\":\"ListItem\",\"position\":2,\"name\":\"Fermiamo il commercio con gli insediamenti illegali: firmiamo l&#8217;Appello\"}]},{\"@type\":\"WebSite\",\"@id\":\"https:\/\/www.perunaltracitta.org\/homepage\/#website\",\"url\":\"https:\/\/www.perunaltracitta.org\/homepage\/\",\"name\":\"La Citt\u00e0 invisibile | perUnaltracitt\u00e0 | Firenze\",\"description\":\"Voci oltre il pensiero unico\",\"publisher\":{\"@id\":\"https:\/\/www.perunaltracitta.org\/homepage\/#organization\"},\"potentialAction\":[{\"@type\":\"SearchAction\",\"target\":{\"@type\":\"EntryPoint\",\"urlTemplate\":\"https:\/\/www.perunaltracitta.org\/homepage\/?s={search_term_string}\"},\"query-input\":{\"@type\":\"PropertyValueSpecification\",\"valueRequired\":true,\"valueName\":\"search_term_string\"}}],\"inLanguage\":\"it-IT\"},{\"@type\":\"Organization\",\"@id\":\"https:\/\/www.perunaltracitta.org\/homepage\/#organization\",\"name\":\"perUnaltracitt\u00e0 - laboratorio politico Firenze\",\"url\":\"https:\/\/www.perunaltracitta.org\/homepage\/\",\"logo\":{\"@type\":\"ImageObject\",\"inLanguage\":\"it-IT\",\"@id\":\"https:\/\/www.perunaltracitta.org\/homepage\/#\/schema\/logo\/image\/\",\"url\":\"https:\/\/www.perunaltracitta.org\/wp-content\/uploads\/2025\/11\/Original-on-Transparent-Copia-af-1.png\",\"contentUrl\":\"https:\/\/www.perunaltracitta.org\/wp-content\/uploads\/2025\/11\/Original-on-Transparent-Copia-af-1.png\",\"width\":600,\"height\":153,\"caption\":\"perUnaltracitt\u00e0 - laboratorio politico Firenze\"},\"image\":{\"@id\":\"https:\/\/www.perunaltracitta.org\/homepage\/#\/schema\/logo\/image\/\"},\"sameAs\":[\"https:\/\/www.facebook.com\/perunaltracitta\",\"https:\/\/x.com\/perunaltracitta\"]},{\"@type\":\"Person\",\"@id\":\"https:\/\/www.perunaltracitta.org\/homepage\/#\/schema\/person\/dfa435bbec27dfdfca89afd56a6c0081\",\"name\":\"Redazione\",\"image\":{\"@type\":\"ImageObject\",\"inLanguage\":\"it-IT\",\"@id\":\"https:\/\/www.perunaltracitta.org\/homepage\/#\/schema\/person\/image\/\",\"url\":\"https:\/\/www.perunaltracitta.org\/wp-content\/uploads\/2021\/12\/puc-per-barra-browser-120x120.png\",\"contentUrl\":\"https:\/\/www.perunaltracitta.org\/wp-content\/uploads\/2021\/12\/puc-per-barra-browser-120x120.png\",\"caption\":\"Redazione\"},\"description\":\"Il gruppo di\u00a0redazione della rivista edita da perUnaltracitt\u00e0\",\"url\":\"https:\/\/www.perunaltracitta.org\/homepage\/author\/admin\/\"}]}<\/script>\n<!-- \/ Yoast SEO plugin. -->","yoast_head_json":{"title":"Fermiamo il commercio con gli insediamenti illegali: firmiamo l'Appello - La Citt\u00e0 invisibile | perUnaltracitt\u00e0 | Firenze","robots":{"index":"index","follow":"follow","max-snippet":"max-snippet:-1","max-image-preview":"max-image-preview:large","max-video-preview":"max-video-preview:-1"},"canonical":"https:\/\/www.perunaltracitta.org\/homepage\/2022\/11\/29\/fermiamo-il-commercio-con-gli-insediamenti-illegali-firmiamo-lappello\/","og_locale":"it_IT","og_type":"article","og_title":"Fermiamo il commercio con gli insediamenti illegali: firmiamo l'Appello - La Citt\u00e0 invisibile | perUnaltracitt\u00e0 | Firenze","og_description":"Noi, 49 associazioni e organizzazioni della societ\u00e0 civile italiana, sosteniamo la campagna europea per fermare il commercio con gli insediamenti illegali. Riteniamo vergognoso che nel 2022 esista ancora la colonizzazione. Da pi\u00f9 di mezzo secolo Israele occupa e colonizza i territori palestinesi. Malgrado ci\u00f2, l&#8217;Unione Europea continua il commercio con le colonie contribuendo alla loro &hellip; Fermiamo il commercio con gli insediamenti illegali: firmiamo l&#8217;Appello Leggi altro &raquo;","og_url":"https:\/\/www.perunaltracitta.org\/homepage\/2022\/11\/29\/fermiamo-il-commercio-con-gli-insediamenti-illegali-firmiamo-lappello\/","og_site_name":"La Citt\u00e0 invisibile | perUnaltracitt\u00e0 | Firenze","article_publisher":"https:\/\/www.facebook.com\/perunaltracitta","article_published_time":"2022-11-29T09:48:24+00:00","article_modified_time":"2022-11-29T09:50:57+00:00","og_image":[{"width":498,"height":496,"url":"https:\/\/www.perunaltracitta.org\/wp-content\/uploads\/2022\/11\/Group-3-min-1.png","type":"image\/png"}],"author":"Redazione","twitter_card":"summary_large_image","twitter_creator":"@perunaltracitta","twitter_site":"@perunaltracitta","twitter_misc":{"Scritto da":"Redazione","Tempo di lettura stimato":"2 minuti"},"schema":{"@context":"https:\/\/schema.org","@graph":[{"@type":"Article","@id":"https:\/\/www.perunaltracitta.org\/homepage\/2022\/11\/29\/fermiamo-il-commercio-con-gli-insediamenti-illegali-firmiamo-lappello\/#article","isPartOf":{"@id":"https:\/\/www.perunaltracitta.org\/homepage\/2022\/11\/29\/fermiamo-il-commercio-con-gli-insediamenti-illegali-firmiamo-lappello\/"},"author":{"name":"Redazione","@id":"https:\/\/www.perunaltracitta.org\/homepage\/#\/schema\/person\/dfa435bbec27dfdfca89afd56a6c0081"},"headline":"Fermiamo il commercio con gli insediamenti illegali: firmiamo l&#8217;Appello","datePublished":"2022-11-29T09:48:24+00:00","dateModified":"2022-11-29T09:50:57+00:00","mainEntityOfPage":{"@id":"https:\/\/www.perunaltracitta.org\/homepage\/2022\/11\/29\/fermiamo-il-commercio-con-gli-insediamenti-illegali-firmiamo-lappello\/"},"wordCount":349,"commentCount":0,"publisher":{"@id":"https:\/\/www.perunaltracitta.org\/homepage\/#organization"},"image":{"@id":"https:\/\/www.perunaltracitta.org\/homepage\/2022\/11\/29\/fermiamo-il-commercio-con-gli-insediamenti-illegali-firmiamo-lappello\/#primaryimage"},"thumbnailUrl":"https:\/\/www.perunaltracitta.org\/wp-content\/uploads\/2022\/11\/Group-3-min-1.png","keywords":["#StopTradeWithSettlements","Associazione di Amicizia Italo-Palestinese"],"articleSection":["Apertura","Brevi"],"inLanguage":"it-IT","potentialAction":[{"@type":"CommentAction","name":"Comment","target":["https:\/\/www.perunaltracitta.org\/homepage\/2022\/11\/29\/fermiamo-il-commercio-con-gli-insediamenti-illegali-firmiamo-lappello\/#respond"]}]},{"@type":"WebPage","@id":"https:\/\/www.perunaltracitta.org\/homepage\/2022\/11\/29\/fermiamo-il-commercio-con-gli-insediamenti-illegali-firmiamo-lappello\/","url":"https:\/\/www.perunaltracitta.org\/homepage\/2022\/11\/29\/fermiamo-il-commercio-con-gli-insediamenti-illegali-firmiamo-lappello\/","name":"Fermiamo il commercio con gli insediamenti illegali: firmiamo l'Appello - La Citt\u00e0 invisibile | perUnaltracitt\u00e0 | Firenze","isPartOf":{"@id":"https:\/\/www.perunaltracitta.org\/homepage\/#website"},"primaryImageOfPage":{"@id":"https:\/\/www.perunaltracitta.org\/homepage\/2022\/11\/29\/fermiamo-il-commercio-con-gli-insediamenti-illegali-firmiamo-lappello\/#primaryimage"},"image":{"@id":"https:\/\/www.perunaltracitta.org\/homepage\/2022\/11\/29\/fermiamo-il-commercio-con-gli-insediamenti-illegali-firmiamo-lappello\/#primaryimage"},"thumbnailUrl":"https:\/\/www.perunaltracitta.org\/wp-content\/uploads\/2022\/11\/Group-3-min-1.png","datePublished":"2022-11-29T09:48:24+00:00","dateModified":"2022-11-29T09:50:57+00:00","breadcrumb":{"@id":"https:\/\/www.perunaltracitta.org\/homepage\/2022\/11\/29\/fermiamo-il-commercio-con-gli-insediamenti-illegali-firmiamo-lappello\/#breadcrumb"},"inLanguage":"it-IT","potentialAction":[{"@type":"ReadAction","target":["https:\/\/www.perunaltracitta.org\/homepage\/2022\/11\/29\/fermiamo-il-commercio-con-gli-insediamenti-illegali-firmiamo-lappello\/"]}]},{"@type":"ImageObject","inLanguage":"it-IT","@id":"https:\/\/www.perunaltracitta.org\/homepage\/2022\/11\/29\/fermiamo-il-commercio-con-gli-insediamenti-illegali-firmiamo-lappello\/#primaryimage","url":"https:\/\/www.perunaltracitta.org\/wp-content\/uploads\/2022\/11\/Group-3-min-1.png","contentUrl":"https:\/\/www.perunaltracitta.org\/wp-content\/uploads\/2022\/11\/Group-3-min-1.png","width":498,"height":496},{"@type":"BreadcrumbList","@id":"https:\/\/www.perunaltracitta.org\/homepage\/2022\/11\/29\/fermiamo-il-commercio-con-gli-insediamenti-illegali-firmiamo-lappello\/#breadcrumb","itemListElement":[{"@type":"ListItem","position":1,"name":"Home","item":"https:\/\/www.perunaltracitta.org\/homepage\/"},{"@type":"ListItem","position":2,"name":"Fermiamo il commercio con gli insediamenti illegali: firmiamo l&#8217;Appello"}]},{"@type":"WebSite","@id":"https:\/\/www.perunaltracitta.org\/homepage\/#website","url":"https:\/\/www.perunaltracitta.org\/homepage\/","name":"La Citt\u00e0 invisibile | perUnaltracitt\u00e0 | Firenze","description":"Voci oltre il pensiero unico","publisher":{"@id":"https:\/\/www.perunaltracitta.org\/homepage\/#organization"},"potentialAction":[{"@type":"SearchAction","target":{"@type":"EntryPoint","urlTemplate":"https:\/\/www.perunaltracitta.org\/homepage\/?s={search_term_string}"},"query-input":{"@type":"PropertyValueSpecification","valueRequired":true,"valueName":"search_term_string"}}],"inLanguage":"it-IT"},{"@type":"Organization","@id":"https:\/\/www.perunaltracitta.org\/homepage\/#organization","name":"perUnaltracitt\u00e0 - laboratorio politico Firenze","url":"https:\/\/www.perunaltracitta.org\/homepage\/","logo":{"@type":"ImageObject","inLanguage":"it-IT","@id":"https:\/\/www.perunaltracitta.org\/homepage\/#\/schema\/logo\/image\/","url":"https:\/\/www.perunaltracitta.org\/wp-content\/uploads\/2025\/11\/Original-on-Transparent-Copia-af-1.png","contentUrl":"https:\/\/www.perunaltracitta.org\/wp-content\/uploads\/2025\/11\/Original-on-Transparent-Copia-af-1.png","width":600,"height":153,"caption":"perUnaltracitt\u00e0 - laboratorio politico Firenze"},"image":{"@id":"https:\/\/www.perunaltracitta.org\/homepage\/#\/schema\/logo\/image\/"},"sameAs":["https:\/\/www.facebook.com\/perunaltracitta","https:\/\/x.com\/perunaltracitta"]},{"@type":"Person","@id":"https:\/\/www.perunaltracitta.org\/homepage\/#\/schema\/person\/dfa435bbec27dfdfca89afd56a6c0081","name":"Redazione","image":{"@type":"ImageObject","inLanguage":"it-IT","@id":"https:\/\/www.perunaltracitta.org\/homepage\/#\/schema\/person\/image\/","url":"https:\/\/www.perunaltracitta.org\/wp-content\/uploads\/2021\/12\/puc-per-barra-browser-120x120.png","contentUrl":"https:\/\/www.perunaltracitta.org\/wp-content\/uploads\/2021\/12\/puc-per-barra-browser-120x120.png","caption":"Redazione"},"description":"Il gruppo di\u00a0redazione della rivista edita da perUnaltracitt\u00e0","url":"https:\/\/www.perunaltracitta.org\/homepage\/author\/admin\/"}]}},"uagb_featured_image_src":{"full":["https:\/\/www.perunaltracitta.org\/wp-content\/uploads\/2022\/11\/Group-3-min-1.png",498,496,false],"thumbnail":["https:\/\/www.perunaltracitta.org\/wp-content\/uploads\/2022\/11\/Group-3-min-1-150x150.png",150,150,true],"medium":["https:\/\/www.perunaltracitta.org\/wp-content\/uploads\/2022\/11\/Group-3-min-1-300x300.png",300,300,true],"medium_large":["https:\/\/www.perunaltracitta.org\/wp-content\/uploads\/2022\/11\/Group-3-min-1.png",498,496,false],"large":["https:\/\/www.perunaltracitta.org\/wp-content\/uploads\/2022\/11\/Group-3-min-1.png",498,496,false],"wysija-newsletters-max":["https:\/\/www.perunaltracitta.org\/wp-content\/uploads\/2022\/11\/Group-3-min-1.png",498,496,false],"1536x1536":["https:\/\/www.perunaltracitta.org\/wp-content\/uploads\/2022\/11\/Group-3-min-1.png",498,496,false],"2048x2048":["https:\/\/www.perunaltracitta.org\/wp-content\/uploads\/2022\/11\/Group-3-min-1.png",498,496,false],"mailpoet_newsletter_max":["https:\/\/www.perunaltracitta.org\/wp-content\/uploads\/2022\/11\/Group-3-min-1.png",498,496,false],"yarpp-thumbnail":["https:\/\/www.perunaltracitta.org\/wp-content\/uploads\/2022\/11\/Group-3-min-1-120x120.png",120,120,true]},"uagb_author_info":{"display_name":"Redazione","author_link":"https:\/\/www.perunaltracitta.org\/homepage\/author\/admin\/"},"uagb_comment_info":0,"uagb_excerpt":"Noi, 49 associazioni e organizzazioni della societ\u00e0 civile italiana, sosteniamo la campagna europea per fermare il commercio con gli insediamenti illegali. Riteniamo vergognoso che nel 2022 esista ancora la colonizzazione. Da pi\u00f9 di mezzo secolo Israele occupa e colonizza i territori palestinesi. Malgrado ci\u00f2, l&#8217;Unione Europea continua il commercio con le colonie contribuendo alla loro&hellip;","_links":{"self":[{"href":"https:\/\/www.perunaltracitta.org\/homepage\/wp-json\/wp\/v2\/posts\/88648","targetHints":{"allow":["GET"]}}],"collection":[{"href":"https:\/\/www.perunaltracitta.org\/homepage\/wp-json\/wp\/v2\/posts"}],"about":[{"href":"https:\/\/www.perunaltracitta.org\/homepage\/wp-json\/wp\/v2\/types\/post"}],"author":[{"embeddable":true,"href":"https:\/\/www.perunaltracitta.org\/homepage\/wp-json\/wp\/v2\/users\/1"}],"replies":[{"embeddable":true,"href":"https:\/\/www.perunaltracitta.org\/homepage\/wp-json\/wp\/v2\/comments?post=88648"}],"version-history":[{"count":2,"href":"https:\/\/www.perunaltracitta.org\/homepage\/wp-json\/wp\/v2\/posts\/88648\/revisions"}],"predecessor-version":[{"id":88651,"href":"https:\/\/www.perunaltracitta.org\/homepage\/wp-json\/wp\/v2\/posts\/88648\/revisions\/88651"}],"wp:featuredmedia":[{"embeddable":true,"href":"https:\/\/www.perunaltracitta.org\/homepage\/wp-json\/wp\/v2\/media\/88649"}],"wp:attachment":[{"href":"https:\/\/www.perunaltracitta.org\/homepage\/wp-json\/wp\/v2\/media?parent=88648"}],"wp:term":[{"taxonomy":"category","embeddable":true,"href":"https:\/\/www.perunaltracitta.org\/homepage\/wp-json\/wp\/v2\/categories?post=88648"},{"taxonomy":"post_tag","embeddable":true,"href":"https:\/\/www.perunaltracitta.org\/homepage\/wp-json\/wp\/v2\/tags?post=88648"}],"curies":[{"name":"wp","href":"https:\/\/api.w.org\/{rel}","templated":true}]}}