{"id":91625,"date":"2023-07-17T09:38:29","date_gmt":"2023-07-17T07:38:29","guid":{"rendered":"https:\/\/www.perunaltracitta.org\/homepage\/?p=91625"},"modified":"2023-07-17T23:40:07","modified_gmt":"2023-07-17T21:40:07","slug":"la-carovana-dei-mutualismi-arriva-in-fabbrica-seconda-tappa-al-presidio-ex-gkn","status":"publish","type":"post","link":"https:\/\/www.perunaltracitta.org\/homepage\/2023\/07\/17\/la-carovana-dei-mutualismi-arriva-in-fabbrica-seconda-tappa-al-presidio-ex-gkn\/","title":{"rendered":"La carovana dei mutualismi arriva in fabbrica. Seconda tappa al presidio ex-GKN"},"content":{"rendered":"<p>La parola d\u2019ordine \u00e8 ancora convergenza. E dallo scempio industriale nasce la proposta di un mondo nuovo<\/p>\n<p>\u201cNoi non abbiamo paura, perch\u00e9 non siamo soli. Quelli che sono scappati il 9 luglio avevano paura. Loro s\u00ec che erano soli\u201d. Inizia cos\u00ec la seconda tappa della carovana dei mutualismi, che lo scorso 9 luglio ha fatto tappa a Campi Bisenzio, al presidio ex-GKN, nell\u2019ambito della due giorni organizzata in occasione del secondo anniversario dell\u2019inizio dell\u2019assemblea permanente. Ad aprire l\u2019assemblea sono i padroni di casa, la societ\u00e0 operaia di mutuo soccorso SOMS Insorgiamo, uno degli esperimenti pi\u00f9 avanzati di mutualismo oggi, proprio perch\u00e9 coniuga l\u2019assistenza ai propri soci con progetti di riconversione ecologica e recupero in autogestione della fabbrica metalmeccanica, ponendo le basi per un\u2019idea alternativa di produzione e di societ\u00e0: \u201cAll\u2019inizio ringraziavamo chi veniva ad aiutarci e ci veniva risposto \u2018grazie a voi\u2019. Questo ritorno per noi era difficilissimo da metabolizzare, perch\u00e9 pensavamo solo di ricevere e invece piano piano ci siamo accorti che qualcosa davamo al territorio. \u00c8 questa l\u2019essenza del mutualismo. A volte abbiamo avuto paura di mollare, perch\u00e9 non \u00e8 facile stare due anni in una fabbrica che \u00e8 chiusa e spiegare a casa perch\u00e9 ti ostini ad andare in una fabbrica che \u00e8 chiusa, che ultimamente non ti pagava pi\u00f9 nemmeno. Se non abbiamo mollato \u00e8 perch\u00e9 l\u2019operazione mutualistica pi\u00f9 grossa in Italia nell\u2019ultimo periodo ci \u00e8 stata intorno, ci ha dato coraggio, ci ha dato la possibilit\u00e0 di andare avanti con aiuti concreti, ma anche solo con una pacca sulla spalla o un sorriso\u201d. \u00c8 grazie a questo sostegno diffuso che la lotta \u00e8 potuta andare avanti, con il microcredito per risolvere le situazioni pi\u00f9 urgenti dal punto di vista economico, ma anche con lo sportello di ascolto psicologico, il bar e la mensa con il loro valore aggregante, le iniziative culturali, i concerti. Insomma, una rete che in questi due anni ha reso possibile la tenuta della lotta, permettendo che proprio da uno scempio industriale nascesse l\u2019idea di un nuovo modo di produrre e lavorare, con il solito chiodo fisso che scava come un tarlo fin dai primi mesi della mobilitazione nata intorno alla GKN: convergiamo!<\/p>\n<p><a href=\"https:\/\/www.perunaltracitta.org\/wp-content\/uploads\/2023\/07\/Festival-del-mutualismo-2023-Cover.jpg\"><img loading=\"lazy\" decoding=\"async\" class=\"size-full wp-image-91626 aligncenter\" src=\"https:\/\/www.perunaltracitta.org\/wp-content\/uploads\/2023\/07\/Festival-del-mutualismo-2023-Cover.jpg\" alt=\"Carovana del mutualismo\" width=\"1006\" height=\"714\" srcset=\"https:\/\/www.perunaltracitta.org\/wp-content\/uploads\/2023\/07\/Festival-del-mutualismo-2023-Cover.jpg 1006w, https:\/\/www.perunaltracitta.org\/wp-content\/uploads\/2023\/07\/Festival-del-mutualismo-2023-Cover-300x213.jpg 300w, https:\/\/www.perunaltracitta.org\/wp-content\/uploads\/2023\/07\/Festival-del-mutualismo-2023-Cover-768x545.jpg 768w, https:\/\/www.perunaltracitta.org\/wp-content\/uploads\/2023\/07\/Festival-del-mutualismo-2023-Cover-600x426.jpg 600w\" sizes=\"auto, (max-width: 1006px) 100vw, 1006px\" \/><\/a><\/p>\n<p>A convergere il 9 luglio scorso a Campi Bisenzio sono state realt\u00e0 diverse, fabbriche recuperate e contadini, circoli Arci e autorecupero abitativo, la societ\u00e0 di mutuo soccorso pi\u00f9 vecchia d\u2019Italia, quella di Pinerolo, classe 1848, ancora attiva e con tanta voglia di rinnovarsi e rispondere alle nuove esigenze, tanto che l\u2019ultima tappa della carovana si terr\u00e0 proprio l\u00ec, il 14 e 15 ottobre. Si \u00e8 parlato di ambulatori popolari, orti collettivi e empori di comunit\u00e0, di mutualismo finanziario con la MAG Firenze, di autogestione contadina con Genuino Clandestino, dell\u2019occupazione di via del Leone e di come questa sia un presidio contro la gentrificazione del centro storico di Firenze, dell\u2019autogestione operaia di Ri-maflow a Trezzano sul Naviglio, della rete Fuori Mercato e di molto altro ancora.<\/p>\n<p>Partecipare a quell\u2019assemblea \u00e8 stato come guardare oltre la singola esperienza, che magari gi\u00e0 conoscevamo, e scoprire che c\u2019\u00e8 un mondo nuovo in costruzione, che ha bisogno di mettersi in rete, scambiare conoscenze, progettare in maniera condivisa, portare avanti rivendicazioni comuni, attrarre sempre nuove energie. Sono questi gli obiettivi che la carovana si pone in questo viaggio in largo e in lungo per l\u2019Italia, attraverso una traccia del manifesto dei mutualismi, che trovate in rete <a href=\"https:\/\/carovanadeimutualismi.wordpress.com\/\">https:\/\/carovanadeimutualismi.wordpress.com\/<\/a> e che sar\u00e0 discusso nella giornata conclusiva a Pinerolo, gravido di tutti gli spunti raccolti in giro per lo stivale. \u201c\u00c8 necessario concepire le pratiche di mutuo aiuto, come il punto di partenza di rivendicazioni e campagne, capaci di ottenere come diritto universale ci\u00f2 che oggi eroghiamo sotto forma di prestazioni mutualistiche\u201d, si legge nella traccia del manifesto. In due parole: mutualismo conflittuale. Lo spiega bene l\u2019intervento di apertura, quello di Brad and Roses che riporta le conclusioni della prima tappa della carovana, quella di Bari: \u201cCi si mette insieme per aiutarci ma anche per criticare e mettere in discussione il sistema in cui viviamo, secondo tre direttrici: mutualit\u00e0, rivendicazione e autogestione. Mutualit\u00e0 per soddisfare bisogni immediati, rivendicazione per chiedere servizi pubblici, autogestione per costruire dal basso la soddisfazione di quei bisogni. Le istituzioni dicono che dobbiamo rispondere della sostenibilit\u00e0 economica di queste attivit\u00e0. Ma noi rivendichiamo una redditivit\u00e0 civica! Queste attivit\u00e0 di mutualismo non devono rispondere di entrate e uscite ma devono essere finanziate dalle istituzioni, che gli riconoscono una funzione sociale e pubblica. Noi ci riappropriamo di beni e immobili pubblici, rivendichiamo il riconoscimento delle attivit\u00e0 di mutualismo, ma vogliamo continuare ad autogestirle dal basso, perch\u00e9 queste alludono ad una trasformazione sociale e mettono in discussione il sistema capitalistico e patriarcale in cui viviamo\u201d.<\/p>\n<p>&nbsp;<\/p>\n","protected":false},"excerpt":{"rendered":"<p>La parola d\u2019ordine \u00e8 ancora convergenza. E dallo scempio industriale nasce la proposta di un mondo nuovo \u201cNoi non abbiamo paura, perch\u00e9 non siamo soli. Quelli che sono scappati il 9 luglio avevano paura. Loro s\u00ec che erano soli\u201d. Inizia cos\u00ec la seconda tappa della carovana dei mutualismi, che lo scorso 9 luglio ha fatto &hellip;<\/p>\n<p class=\"read-more\"> <a class=\"\" href=\"https:\/\/www.perunaltracitta.org\/homepage\/2023\/07\/17\/la-carovana-dei-mutualismi-arriva-in-fabbrica-seconda-tappa-al-presidio-ex-gkn\/\"> <span class=\"screen-reader-text\">La carovana dei mutualismi arriva in fabbrica. Seconda tappa al presidio ex-GKN<\/span> Leggi altro &raquo;<\/a><\/p>\n","protected":false},"author":430,"featured_media":91626,"comment_status":"open","ping_status":"open","sticky":false,"template":"","format":"standard","meta":{"_uag_custom_page_level_css":"","site-sidebar-layout":"default","site-content-layout":"default","ast-global-header-display":"","ast-main-header-display":"","ast-hfb-above-header-display":"","ast-hfb-below-header-display":"","ast-hfb-mobile-header-display":"","site-post-title":"","ast-breadcrumbs-content":"","ast-featured-img":"","footer-sml-layout":"","theme-transparent-header-meta":"default","adv-header-id-meta":"","stick-header-meta":"","header-above-stick-meta":"","header-main-stick-meta":"","header-below-stick-meta":"","footnotes":""},"categories":[4130],"tags":[5404,4953,3872],"class_list":["post-91625","post","type-post","status-publish","format-standard","has-post-thumbnail","hentry","category-primo-piano","tag-carovana-dei-mutialismi","tag-ex-gkn","tag-gkn"],"yoast_head":"<!-- This site is optimized with the Yoast SEO plugin v25.1 - https:\/\/yoast.com\/wordpress\/plugins\/seo\/ -->\n<title>La carovana dei mutualismi arriva in fabbrica. Seconda tappa al presidio ex-GKN - La Citt\u00e0 invisibile | perUnaltracitt\u00e0 | Firenze<\/title>\n<meta name=\"robots\" content=\"index, follow, max-snippet:-1, max-image-preview:large, max-video-preview:-1\" \/>\n<link rel=\"canonical\" href=\"https:\/\/www.perunaltracitta.org\/homepage\/2023\/07\/17\/la-carovana-dei-mutualismi-arriva-in-fabbrica-seconda-tappa-al-presidio-ex-gkn\/\" \/>\n<meta property=\"og:locale\" content=\"it_IT\" \/>\n<meta property=\"og:type\" content=\"article\" \/>\n<meta property=\"og:title\" content=\"La carovana dei mutualismi arriva in fabbrica. Seconda tappa al presidio ex-GKN - La Citt\u00e0 invisibile | perUnaltracitt\u00e0 | Firenze\" \/>\n<meta property=\"og:description\" content=\"La parola d\u2019ordine \u00e8 ancora convergenza. E dallo scempio industriale nasce la proposta di un mondo nuovo \u201cNoi non abbiamo paura, perch\u00e9 non siamo soli. Quelli che sono scappati il 9 luglio avevano paura. Loro s\u00ec che erano soli\u201d. Inizia cos\u00ec la seconda tappa della carovana dei mutualismi, che lo scorso 9 luglio ha fatto &hellip; La carovana dei mutualismi arriva in fabbrica. Seconda tappa al presidio ex-GKN Leggi altro &raquo;\" \/>\n<meta property=\"og:url\" content=\"https:\/\/www.perunaltracitta.org\/homepage\/2023\/07\/17\/la-carovana-dei-mutualismi-arriva-in-fabbrica-seconda-tappa-al-presidio-ex-gkn\/\" \/>\n<meta property=\"og:site_name\" content=\"La Citt\u00e0 invisibile | perUnaltracitt\u00e0 | Firenze\" \/>\n<meta property=\"article:publisher\" content=\"https:\/\/www.facebook.com\/perunaltracitta\" \/>\n<meta property=\"article:published_time\" content=\"2023-07-17T07:38:29+00:00\" \/>\n<meta property=\"article:modified_time\" content=\"2023-07-17T21:40:07+00:00\" \/>\n<meta property=\"og:image\" content=\"https:\/\/www.perunaltracitta.org\/wp-content\/uploads\/2023\/07\/Festival-del-mutualismo-2023-Cover.jpg\" \/>\n\t<meta property=\"og:image:width\" content=\"1006\" \/>\n\t<meta property=\"og:image:height\" content=\"714\" \/>\n\t<meta property=\"og:image:type\" content=\"image\/jpeg\" \/>\n<meta name=\"author\" content=\"Valentina Baronti\" \/>\n<meta name=\"twitter:card\" content=\"summary_large_image\" \/>\n<meta name=\"twitter:creator\" content=\"@perunaltracitta\" \/>\n<meta name=\"twitter:site\" content=\"@perunaltracitta\" \/>\n<meta name=\"twitter:label1\" content=\"Scritto da\" \/>\n\t<meta name=\"twitter:data1\" content=\"Valentina Baronti\" \/>\n\t<meta name=\"twitter:label2\" content=\"Tempo di lettura stimato\" \/>\n\t<meta name=\"twitter:data2\" content=\"4 minuti\" \/>\n<script type=\"application\/ld+json\" class=\"yoast-schema-graph\">{\"@context\":\"https:\/\/schema.org\",\"@graph\":[{\"@type\":\"Article\",\"@id\":\"https:\/\/www.perunaltracitta.org\/homepage\/2023\/07\/17\/la-carovana-dei-mutualismi-arriva-in-fabbrica-seconda-tappa-al-presidio-ex-gkn\/#article\",\"isPartOf\":{\"@id\":\"https:\/\/www.perunaltracitta.org\/homepage\/2023\/07\/17\/la-carovana-dei-mutualismi-arriva-in-fabbrica-seconda-tappa-al-presidio-ex-gkn\/\"},\"author\":{\"name\":\"Valentina Baronti\",\"@id\":\"https:\/\/www.perunaltracitta.org\/homepage\/#\/schema\/person\/2a941c9f05efc54c27518cf294ece459\"},\"headline\":\"La carovana dei mutualismi arriva in fabbrica. Seconda tappa al presidio ex-GKN\",\"datePublished\":\"2023-07-17T07:38:29+00:00\",\"dateModified\":\"2023-07-17T21:40:07+00:00\",\"mainEntityOfPage\":{\"@id\":\"https:\/\/www.perunaltracitta.org\/homepage\/2023\/07\/17\/la-carovana-dei-mutualismi-arriva-in-fabbrica-seconda-tappa-al-presidio-ex-gkn\/\"},\"wordCount\":795,\"commentCount\":0,\"publisher\":{\"@id\":\"https:\/\/www.perunaltracitta.org\/homepage\/#organization\"},\"image\":{\"@id\":\"https:\/\/www.perunaltracitta.org\/homepage\/2023\/07\/17\/la-carovana-dei-mutualismi-arriva-in-fabbrica-seconda-tappa-al-presidio-ex-gkn\/#primaryimage\"},\"thumbnailUrl\":\"https:\/\/www.perunaltracitta.org\/wp-content\/uploads\/2023\/07\/Festival-del-mutualismo-2023-Cover.jpg\",\"keywords\":[\"Carovana dei mutialismi\",\"ex GKN\",\"gkn\"],\"articleSection\":[\"In evidenza\"],\"inLanguage\":\"it-IT\",\"potentialAction\":[{\"@type\":\"CommentAction\",\"name\":\"Comment\",\"target\":[\"https:\/\/www.perunaltracitta.org\/homepage\/2023\/07\/17\/la-carovana-dei-mutualismi-arriva-in-fabbrica-seconda-tappa-al-presidio-ex-gkn\/#respond\"]}]},{\"@type\":\"WebPage\",\"@id\":\"https:\/\/www.perunaltracitta.org\/homepage\/2023\/07\/17\/la-carovana-dei-mutualismi-arriva-in-fabbrica-seconda-tappa-al-presidio-ex-gkn\/\",\"url\":\"https:\/\/www.perunaltracitta.org\/homepage\/2023\/07\/17\/la-carovana-dei-mutualismi-arriva-in-fabbrica-seconda-tappa-al-presidio-ex-gkn\/\",\"name\":\"La carovana dei mutualismi arriva in fabbrica. Seconda tappa al presidio ex-GKN - La Citt\u00e0 invisibile | perUnaltracitt\u00e0 | Firenze\",\"isPartOf\":{\"@id\":\"https:\/\/www.perunaltracitta.org\/homepage\/#website\"},\"primaryImageOfPage\":{\"@id\":\"https:\/\/www.perunaltracitta.org\/homepage\/2023\/07\/17\/la-carovana-dei-mutualismi-arriva-in-fabbrica-seconda-tappa-al-presidio-ex-gkn\/#primaryimage\"},\"image\":{\"@id\":\"https:\/\/www.perunaltracitta.org\/homepage\/2023\/07\/17\/la-carovana-dei-mutualismi-arriva-in-fabbrica-seconda-tappa-al-presidio-ex-gkn\/#primaryimage\"},\"thumbnailUrl\":\"https:\/\/www.perunaltracitta.org\/wp-content\/uploads\/2023\/07\/Festival-del-mutualismo-2023-Cover.jpg\",\"datePublished\":\"2023-07-17T07:38:29+00:00\",\"dateModified\":\"2023-07-17T21:40:07+00:00\",\"breadcrumb\":{\"@id\":\"https:\/\/www.perunaltracitta.org\/homepage\/2023\/07\/17\/la-carovana-dei-mutualismi-arriva-in-fabbrica-seconda-tappa-al-presidio-ex-gkn\/#breadcrumb\"},\"inLanguage\":\"it-IT\",\"potentialAction\":[{\"@type\":\"ReadAction\",\"target\":[\"https:\/\/www.perunaltracitta.org\/homepage\/2023\/07\/17\/la-carovana-dei-mutualismi-arriva-in-fabbrica-seconda-tappa-al-presidio-ex-gkn\/\"]}]},{\"@type\":\"ImageObject\",\"inLanguage\":\"it-IT\",\"@id\":\"https:\/\/www.perunaltracitta.org\/homepage\/2023\/07\/17\/la-carovana-dei-mutualismi-arriva-in-fabbrica-seconda-tappa-al-presidio-ex-gkn\/#primaryimage\",\"url\":\"https:\/\/www.perunaltracitta.org\/wp-content\/uploads\/2023\/07\/Festival-del-mutualismo-2023-Cover.jpg\",\"contentUrl\":\"https:\/\/www.perunaltracitta.org\/wp-content\/uploads\/2023\/07\/Festival-del-mutualismo-2023-Cover.jpg\",\"width\":1006,\"height\":714,\"caption\":\"Carovana del mutualismo\"},{\"@type\":\"BreadcrumbList\",\"@id\":\"https:\/\/www.perunaltracitta.org\/homepage\/2023\/07\/17\/la-carovana-dei-mutualismi-arriva-in-fabbrica-seconda-tappa-al-presidio-ex-gkn\/#breadcrumb\",\"itemListElement\":[{\"@type\":\"ListItem\",\"position\":1,\"name\":\"Home\",\"item\":\"https:\/\/www.perunaltracitta.org\/homepage\/\"},{\"@type\":\"ListItem\",\"position\":2,\"name\":\"La carovana dei mutualismi arriva in fabbrica. Seconda tappa al presidio ex-GKN\"}]},{\"@type\":\"WebSite\",\"@id\":\"https:\/\/www.perunaltracitta.org\/homepage\/#website\",\"url\":\"https:\/\/www.perunaltracitta.org\/homepage\/\",\"name\":\"La Citt\u00e0 invisibile | perUnaltracitt\u00e0 | Firenze\",\"description\":\"Voci oltre il pensiero unico\",\"publisher\":{\"@id\":\"https:\/\/www.perunaltracitta.org\/homepage\/#organization\"},\"potentialAction\":[{\"@type\":\"SearchAction\",\"target\":{\"@type\":\"EntryPoint\",\"urlTemplate\":\"https:\/\/www.perunaltracitta.org\/homepage\/?s={search_term_string}\"},\"query-input\":{\"@type\":\"PropertyValueSpecification\",\"valueRequired\":true,\"valueName\":\"search_term_string\"}}],\"inLanguage\":\"it-IT\"},{\"@type\":\"Organization\",\"@id\":\"https:\/\/www.perunaltracitta.org\/homepage\/#organization\",\"name\":\"perUnaltracitt\u00e0 - laboratorio politico Firenze\",\"url\":\"https:\/\/www.perunaltracitta.org\/homepage\/\",\"logo\":{\"@type\":\"ImageObject\",\"inLanguage\":\"it-IT\",\"@id\":\"https:\/\/www.perunaltracitta.org\/homepage\/#\/schema\/logo\/image\/\",\"url\":\"https:\/\/www.perunaltracitta.org\/wp-content\/uploads\/2025\/11\/Original-on-Transparent-Copia-af-1.png\",\"contentUrl\":\"https:\/\/www.perunaltracitta.org\/wp-content\/uploads\/2025\/11\/Original-on-Transparent-Copia-af-1.png\",\"width\":600,\"height\":153,\"caption\":\"perUnaltracitt\u00e0 - laboratorio politico Firenze\"},\"image\":{\"@id\":\"https:\/\/www.perunaltracitta.org\/homepage\/#\/schema\/logo\/image\/\"},\"sameAs\":[\"https:\/\/www.facebook.com\/perunaltracitta\",\"https:\/\/x.com\/perunaltracitta\"]},{\"@type\":\"Person\",\"@id\":\"https:\/\/www.perunaltracitta.org\/homepage\/#\/schema\/person\/2a941c9f05efc54c27518cf294ece459\",\"name\":\"Valentina Baronti\",\"image\":{\"@type\":\"ImageObject\",\"inLanguage\":\"it-IT\",\"@id\":\"https:\/\/www.perunaltracitta.org\/homepage\/#\/schema\/person\/image\/\",\"url\":\"https:\/\/www.perunaltracitta.org\/wp-content\/uploads\/2021\/10\/baronti-120x120.jpeg\",\"contentUrl\":\"https:\/\/www.perunaltracitta.org\/wp-content\/uploads\/2021\/10\/baronti-120x120.jpeg\",\"caption\":\"Valentina Baronti\"},\"description\":\"Giornalista per passione, ha iniziato la sua attivit\u00e0 nel giornalismo di base. Oggi lavora nella pubblica amministrazione e occupa il suo tempo libero raccontando storie, alla continua ricerca di nuovi punti di vista, di angolature diverse, di prospettive alternative per interpretare il mondo nel quale viviamo.\",\"url\":\"https:\/\/www.perunaltracitta.org\/homepage\/author\/valentinabaronti\/\"}]}<\/script>\n<!-- \/ Yoast SEO plugin. -->","yoast_head_json":{"title":"La carovana dei mutualismi arriva in fabbrica. Seconda tappa al presidio ex-GKN - La Citt\u00e0 invisibile | perUnaltracitt\u00e0 | Firenze","robots":{"index":"index","follow":"follow","max-snippet":"max-snippet:-1","max-image-preview":"max-image-preview:large","max-video-preview":"max-video-preview:-1"},"canonical":"https:\/\/www.perunaltracitta.org\/homepage\/2023\/07\/17\/la-carovana-dei-mutualismi-arriva-in-fabbrica-seconda-tappa-al-presidio-ex-gkn\/","og_locale":"it_IT","og_type":"article","og_title":"La carovana dei mutualismi arriva in fabbrica. Seconda tappa al presidio ex-GKN - La Citt\u00e0 invisibile | perUnaltracitt\u00e0 | Firenze","og_description":"La parola d\u2019ordine \u00e8 ancora convergenza. E dallo scempio industriale nasce la proposta di un mondo nuovo \u201cNoi non abbiamo paura, perch\u00e9 non siamo soli. Quelli che sono scappati il 9 luglio avevano paura. Loro s\u00ec che erano soli\u201d. Inizia cos\u00ec la seconda tappa della carovana dei mutualismi, che lo scorso 9 luglio ha fatto &hellip; La carovana dei mutualismi arriva in fabbrica. Seconda tappa al presidio ex-GKN Leggi altro &raquo;","og_url":"https:\/\/www.perunaltracitta.org\/homepage\/2023\/07\/17\/la-carovana-dei-mutualismi-arriva-in-fabbrica-seconda-tappa-al-presidio-ex-gkn\/","og_site_name":"La Citt\u00e0 invisibile | perUnaltracitt\u00e0 | Firenze","article_publisher":"https:\/\/www.facebook.com\/perunaltracitta","article_published_time":"2023-07-17T07:38:29+00:00","article_modified_time":"2023-07-17T21:40:07+00:00","og_image":[{"width":1006,"height":714,"url":"https:\/\/www.perunaltracitta.org\/wp-content\/uploads\/2023\/07\/Festival-del-mutualismo-2023-Cover.jpg","type":"image\/jpeg"}],"author":"Valentina Baronti","twitter_card":"summary_large_image","twitter_creator":"@perunaltracitta","twitter_site":"@perunaltracitta","twitter_misc":{"Scritto da":"Valentina Baronti","Tempo di lettura stimato":"4 minuti"},"schema":{"@context":"https:\/\/schema.org","@graph":[{"@type":"Article","@id":"https:\/\/www.perunaltracitta.org\/homepage\/2023\/07\/17\/la-carovana-dei-mutualismi-arriva-in-fabbrica-seconda-tappa-al-presidio-ex-gkn\/#article","isPartOf":{"@id":"https:\/\/www.perunaltracitta.org\/homepage\/2023\/07\/17\/la-carovana-dei-mutualismi-arriva-in-fabbrica-seconda-tappa-al-presidio-ex-gkn\/"},"author":{"name":"Valentina Baronti","@id":"https:\/\/www.perunaltracitta.org\/homepage\/#\/schema\/person\/2a941c9f05efc54c27518cf294ece459"},"headline":"La carovana dei mutualismi arriva in fabbrica. Seconda tappa al presidio ex-GKN","datePublished":"2023-07-17T07:38:29+00:00","dateModified":"2023-07-17T21:40:07+00:00","mainEntityOfPage":{"@id":"https:\/\/www.perunaltracitta.org\/homepage\/2023\/07\/17\/la-carovana-dei-mutualismi-arriva-in-fabbrica-seconda-tappa-al-presidio-ex-gkn\/"},"wordCount":795,"commentCount":0,"publisher":{"@id":"https:\/\/www.perunaltracitta.org\/homepage\/#organization"},"image":{"@id":"https:\/\/www.perunaltracitta.org\/homepage\/2023\/07\/17\/la-carovana-dei-mutualismi-arriva-in-fabbrica-seconda-tappa-al-presidio-ex-gkn\/#primaryimage"},"thumbnailUrl":"https:\/\/www.perunaltracitta.org\/wp-content\/uploads\/2023\/07\/Festival-del-mutualismo-2023-Cover.jpg","keywords":["Carovana dei mutialismi","ex GKN","gkn"],"articleSection":["In evidenza"],"inLanguage":"it-IT","potentialAction":[{"@type":"CommentAction","name":"Comment","target":["https:\/\/www.perunaltracitta.org\/homepage\/2023\/07\/17\/la-carovana-dei-mutualismi-arriva-in-fabbrica-seconda-tappa-al-presidio-ex-gkn\/#respond"]}]},{"@type":"WebPage","@id":"https:\/\/www.perunaltracitta.org\/homepage\/2023\/07\/17\/la-carovana-dei-mutualismi-arriva-in-fabbrica-seconda-tappa-al-presidio-ex-gkn\/","url":"https:\/\/www.perunaltracitta.org\/homepage\/2023\/07\/17\/la-carovana-dei-mutualismi-arriva-in-fabbrica-seconda-tappa-al-presidio-ex-gkn\/","name":"La carovana dei mutualismi arriva in fabbrica. Seconda tappa al presidio ex-GKN - La Citt\u00e0 invisibile | perUnaltracitt\u00e0 | Firenze","isPartOf":{"@id":"https:\/\/www.perunaltracitta.org\/homepage\/#website"},"primaryImageOfPage":{"@id":"https:\/\/www.perunaltracitta.org\/homepage\/2023\/07\/17\/la-carovana-dei-mutualismi-arriva-in-fabbrica-seconda-tappa-al-presidio-ex-gkn\/#primaryimage"},"image":{"@id":"https:\/\/www.perunaltracitta.org\/homepage\/2023\/07\/17\/la-carovana-dei-mutualismi-arriva-in-fabbrica-seconda-tappa-al-presidio-ex-gkn\/#primaryimage"},"thumbnailUrl":"https:\/\/www.perunaltracitta.org\/wp-content\/uploads\/2023\/07\/Festival-del-mutualismo-2023-Cover.jpg","datePublished":"2023-07-17T07:38:29+00:00","dateModified":"2023-07-17T21:40:07+00:00","breadcrumb":{"@id":"https:\/\/www.perunaltracitta.org\/homepage\/2023\/07\/17\/la-carovana-dei-mutualismi-arriva-in-fabbrica-seconda-tappa-al-presidio-ex-gkn\/#breadcrumb"},"inLanguage":"it-IT","potentialAction":[{"@type":"ReadAction","target":["https:\/\/www.perunaltracitta.org\/homepage\/2023\/07\/17\/la-carovana-dei-mutualismi-arriva-in-fabbrica-seconda-tappa-al-presidio-ex-gkn\/"]}]},{"@type":"ImageObject","inLanguage":"it-IT","@id":"https:\/\/www.perunaltracitta.org\/homepage\/2023\/07\/17\/la-carovana-dei-mutualismi-arriva-in-fabbrica-seconda-tappa-al-presidio-ex-gkn\/#primaryimage","url":"https:\/\/www.perunaltracitta.org\/wp-content\/uploads\/2023\/07\/Festival-del-mutualismo-2023-Cover.jpg","contentUrl":"https:\/\/www.perunaltracitta.org\/wp-content\/uploads\/2023\/07\/Festival-del-mutualismo-2023-Cover.jpg","width":1006,"height":714,"caption":"Carovana del mutualismo"},{"@type":"BreadcrumbList","@id":"https:\/\/www.perunaltracitta.org\/homepage\/2023\/07\/17\/la-carovana-dei-mutualismi-arriva-in-fabbrica-seconda-tappa-al-presidio-ex-gkn\/#breadcrumb","itemListElement":[{"@type":"ListItem","position":1,"name":"Home","item":"https:\/\/www.perunaltracitta.org\/homepage\/"},{"@type":"ListItem","position":2,"name":"La carovana dei mutualismi arriva in fabbrica. Seconda tappa al presidio ex-GKN"}]},{"@type":"WebSite","@id":"https:\/\/www.perunaltracitta.org\/homepage\/#website","url":"https:\/\/www.perunaltracitta.org\/homepage\/","name":"La Citt\u00e0 invisibile | perUnaltracitt\u00e0 | Firenze","description":"Voci oltre il pensiero unico","publisher":{"@id":"https:\/\/www.perunaltracitta.org\/homepage\/#organization"},"potentialAction":[{"@type":"SearchAction","target":{"@type":"EntryPoint","urlTemplate":"https:\/\/www.perunaltracitta.org\/homepage\/?s={search_term_string}"},"query-input":{"@type":"PropertyValueSpecification","valueRequired":true,"valueName":"search_term_string"}}],"inLanguage":"it-IT"},{"@type":"Organization","@id":"https:\/\/www.perunaltracitta.org\/homepage\/#organization","name":"perUnaltracitt\u00e0 - laboratorio politico Firenze","url":"https:\/\/www.perunaltracitta.org\/homepage\/","logo":{"@type":"ImageObject","inLanguage":"it-IT","@id":"https:\/\/www.perunaltracitta.org\/homepage\/#\/schema\/logo\/image\/","url":"https:\/\/www.perunaltracitta.org\/wp-content\/uploads\/2025\/11\/Original-on-Transparent-Copia-af-1.png","contentUrl":"https:\/\/www.perunaltracitta.org\/wp-content\/uploads\/2025\/11\/Original-on-Transparent-Copia-af-1.png","width":600,"height":153,"caption":"perUnaltracitt\u00e0 - laboratorio politico Firenze"},"image":{"@id":"https:\/\/www.perunaltracitta.org\/homepage\/#\/schema\/logo\/image\/"},"sameAs":["https:\/\/www.facebook.com\/perunaltracitta","https:\/\/x.com\/perunaltracitta"]},{"@type":"Person","@id":"https:\/\/www.perunaltracitta.org\/homepage\/#\/schema\/person\/2a941c9f05efc54c27518cf294ece459","name":"Valentina Baronti","image":{"@type":"ImageObject","inLanguage":"it-IT","@id":"https:\/\/www.perunaltracitta.org\/homepage\/#\/schema\/person\/image\/","url":"https:\/\/www.perunaltracitta.org\/wp-content\/uploads\/2021\/10\/baronti-120x120.jpeg","contentUrl":"https:\/\/www.perunaltracitta.org\/wp-content\/uploads\/2021\/10\/baronti-120x120.jpeg","caption":"Valentina Baronti"},"description":"Giornalista per passione, ha iniziato la sua attivit\u00e0 nel giornalismo di base. Oggi lavora nella pubblica amministrazione e occupa il suo tempo libero raccontando storie, alla continua ricerca di nuovi punti di vista, di angolature diverse, di prospettive alternative per interpretare il mondo nel quale viviamo.","url":"https:\/\/www.perunaltracitta.org\/homepage\/author\/valentinabaronti\/"}]}},"uagb_featured_image_src":{"full":["https:\/\/www.perunaltracitta.org\/wp-content\/uploads\/2023\/07\/Festival-del-mutualismo-2023-Cover.jpg",1006,714,false],"thumbnail":["https:\/\/www.perunaltracitta.org\/wp-content\/uploads\/2023\/07\/Festival-del-mutualismo-2023-Cover-150x150.jpg",150,150,true],"medium":["https:\/\/www.perunaltracitta.org\/wp-content\/uploads\/2023\/07\/Festival-del-mutualismo-2023-Cover-300x213.jpg",300,213,true],"medium_large":["https:\/\/www.perunaltracitta.org\/wp-content\/uploads\/2023\/07\/Festival-del-mutualismo-2023-Cover-768x545.jpg",768,545,true],"large":["https:\/\/www.perunaltracitta.org\/wp-content\/uploads\/2023\/07\/Festival-del-mutualismo-2023-Cover.jpg",1006,714,false],"wysija-newsletters-max":["https:\/\/www.perunaltracitta.org\/wp-content\/uploads\/2023\/07\/Festival-del-mutualismo-2023-Cover-600x426.jpg",600,426,true],"1536x1536":["https:\/\/www.perunaltracitta.org\/wp-content\/uploads\/2023\/07\/Festival-del-mutualismo-2023-Cover.jpg",1006,714,false],"2048x2048":["https:\/\/www.perunaltracitta.org\/wp-content\/uploads\/2023\/07\/Festival-del-mutualismo-2023-Cover.jpg",1006,714,false],"mailpoet_newsletter_max":["https:\/\/www.perunaltracitta.org\/wp-content\/uploads\/2023\/07\/Festival-del-mutualismo-2023-Cover.jpg",1006,714,false],"yarpp-thumbnail":["https:\/\/www.perunaltracitta.org\/wp-content\/uploads\/2023\/07\/Festival-del-mutualismo-2023-Cover-120x120.jpg",120,120,true]},"uagb_author_info":{"display_name":"Valentina Baronti","author_link":"https:\/\/www.perunaltracitta.org\/homepage\/author\/valentinabaronti\/"},"uagb_comment_info":0,"uagb_excerpt":"La parola d\u2019ordine \u00e8 ancora convergenza. E dallo scempio industriale nasce la proposta di un mondo nuovo \u201cNoi non abbiamo paura, perch\u00e9 non siamo soli. Quelli che sono scappati il 9 luglio avevano paura. Loro s\u00ec che erano soli\u201d. Inizia cos\u00ec la seconda tappa della carovana dei mutualismi, che lo scorso 9 luglio ha fatto&hellip;","_links":{"self":[{"href":"https:\/\/www.perunaltracitta.org\/homepage\/wp-json\/wp\/v2\/posts\/91625","targetHints":{"allow":["GET"]}}],"collection":[{"href":"https:\/\/www.perunaltracitta.org\/homepage\/wp-json\/wp\/v2\/posts"}],"about":[{"href":"https:\/\/www.perunaltracitta.org\/homepage\/wp-json\/wp\/v2\/types\/post"}],"author":[{"embeddable":true,"href":"https:\/\/www.perunaltracitta.org\/homepage\/wp-json\/wp\/v2\/users\/430"}],"replies":[{"embeddable":true,"href":"https:\/\/www.perunaltracitta.org\/homepage\/wp-json\/wp\/v2\/comments?post=91625"}],"version-history":[{"count":2,"href":"https:\/\/www.perunaltracitta.org\/homepage\/wp-json\/wp\/v2\/posts\/91625\/revisions"}],"predecessor-version":[{"id":91628,"href":"https:\/\/www.perunaltracitta.org\/homepage\/wp-json\/wp\/v2\/posts\/91625\/revisions\/91628"}],"wp:featuredmedia":[{"embeddable":true,"href":"https:\/\/www.perunaltracitta.org\/homepage\/wp-json\/wp\/v2\/media\/91626"}],"wp:attachment":[{"href":"https:\/\/www.perunaltracitta.org\/homepage\/wp-json\/wp\/v2\/media?parent=91625"}],"wp:term":[{"taxonomy":"category","embeddable":true,"href":"https:\/\/www.perunaltracitta.org\/homepage\/wp-json\/wp\/v2\/categories?post=91625"},{"taxonomy":"post_tag","embeddable":true,"href":"https:\/\/www.perunaltracitta.org\/homepage\/wp-json\/wp\/v2\/tags?post=91625"}],"curies":[{"name":"wp","href":"https:\/\/api.w.org\/{rel}","templated":true}]}}