{"id":91784,"date":"2023-07-30T16:16:01","date_gmt":"2023-07-30T14:16:01","guid":{"rendered":"https:\/\/www.perunaltracitta.org\/homepage\/?p=91784"},"modified":"2023-07-30T16:16:01","modified_gmt":"2023-07-30T14:16:01","slug":"base-nato-a-rovezzano-lopposizione-continua","status":"publish","type":"post","link":"https:\/\/www.perunaltracitta.org\/homepage\/2023\/07\/30\/base-nato-a-rovezzano-lopposizione-continua\/","title":{"rendered":"Base NATO a Rovezzano, l&#8217;opposizione continua"},"content":{"rendered":"<p>La prima assemblea riguardante l\u2019insediamento del Comando NATO nella Caserma Predieri di Rovezzano (13\/07) aveva trovato il proprio centro nel conflitto tra la proposta degli organizzatori (la Rete democratica fiorentina) e quella di molte realt\u00e0 e persone che avevano risposto alla chiamata.<\/p>\n<p>Da un lato, come abbiamo raccontato in un primo articolo [link], si poneva come obiettivo l\u2019ottenimento di maggiori informazioni e la promozione di un dibattito che creasse consapevolezza nella cittadinanza, scommettendo sul ruolo ritenuto centrale degli abitanti del quartiere Rovezzano e quindi tentando di mettere in luce le ripercussioni che l\u2019insediamento del comando avrebbe avuto a livello urbanistico. Dall\u2019altro, si considerava quell\u2019obiettivo solo come uno degli elementi di una prassi volta a ostacolare il progetto in quanto parte di un disegno politico pi\u00f9 ampio, la cui egemonia si fonda sulla guerra e che mira a garantire, in forme vecchie e nuove, la riproduzione di capitale. In questo caso il centro della mobilitazione non potrebbero essere gli abitanti del quartiere, ma una molto pi\u00f9 ampia composizione da individuare, appunto, nella prassi.<\/p>\n<p>Senza entrare nel merito dell\u2019organizzazione del nascente comitato, l\u2019incontro di venerd\u00ec (21\/07) partiva da un obiettivo comune (bloccare il progetto e la guerra) ma ha ripreso alcune delle divergenze teoriche emerse la scorsa settimana e le ha esacerbate. Attorno a queste ipotesi si costruiranno le iniziative, la narrazione, la realt\u00e0 del soggetto-comitato, ed \u00e8 quindi importante passarle in rassegna.<\/p>\n<p><a href=\"https:\/\/www.perunaltracitta.org\/wp-content\/uploads\/2023\/07\/Caserma-Predieri-10.jpg\"><img loading=\"lazy\" decoding=\"async\" class=\"alignright size-full wp-image-91590\" src=\"https:\/\/www.perunaltracitta.org\/wp-content\/uploads\/2023\/07\/Caserma-Predieri-10.jpg\" alt=\"Caserma Predieri\" width=\"600\" height=\"398\" srcset=\"https:\/\/www.perunaltracitta.org\/wp-content\/uploads\/2023\/07\/Caserma-Predieri-10.jpg 600w, https:\/\/www.perunaltracitta.org\/wp-content\/uploads\/2023\/07\/Caserma-Predieri-10-300x199.jpg 300w\" sizes=\"auto, (max-width: 600px) 100vw, 600px\" \/><\/a><\/p>\n<p>Un numero significativo di interventi ha ribadito da subito l\u2019esigenza di fondare identit\u00e0, presupposti e obiettivi <em>anche <\/em>sugli abitanti del quartiere, stavolta come prima tappa (tra altre <em>prime<\/em> tappe?) all\u2019interno di una strategia che muova verso un ampliamento ed un approfondimento critici per andare alla radice dell\u2019operazione. Allo scopo di accrescere numeri e componenti (cio\u00e8 parti di una composizione) di una potenziale mobilitazione, si \u00e8 messo in luce come molte recenti vertenze abbiano trovato negli abitanti e nei lavoratori locali soggetti imprescindibili. Per rimanere in Toscana e ai casi menzionati venerd\u00ec sera (perch\u00e9 l\u2019elenco altrimenti sarebbe lungo), i processi di mobilitazione virtuosi sviluppatisi nelle battaglie contro l\u2019inceneritore di Case Passerini, contro lo scarico di rifiuti tossici e la costruzione del gassificatore nell\u2019empolese, fino ad arrivare al parallelo pi\u00f9 spontaneo, la prevista costruzione di una base militare italiana a Coltano (frazione di Pisa), testimonierebbero l\u2019importanza di concentrare l\u2019intervento prioritariamente su una scala molto circoscritta (la frazione, il quartiere ecc.) come base su cui costruire una mobilitazione pi\u00f9 ampia e radicale.<\/p>\n<p>Tuttavia, la Caserma Predieri esiste gi\u00e0, e si presuppone che l\u2019impatto dell\u2019insediamento del comando riguarderebbe esclusivamente la viabilit\u00e0 (non sappiamo in che modo) e i valori immobiliari della zona, che non si capisce peraltro se tenderebbero a un rialzo, per l\u2019arrivo di funzionari e famiglie pi\u00f9 che benestanti (in favore dei proprietari, ai danni degli affittuari), oppure ad un ribasso, a causa del rischio che un obiettivo strategico di primo piano come questo rappresenterebbe nell\u2019attuale clima da guerra mondiale (in favore degli affittuari, ai danni dei proprietari).<\/p>\n<p>La contesa si gioca insomma attorno all\u2019individuazione di una scala d&#8217;intervento adeguata, dall\u2019inizio, a rispondere al tentativo di insediamento del Comando. Il territorio \u00e8 chiamato necessariamente in causa, ma la sua natura \u00e8 costituita da un intreccio di scale entro cui non \u00e8 facile orientarsi. Se da un lato l\u2019origine del progetto \u00e8 da situare su scala internazionale e la scelta di Firenze probabilmente su scala nazionale, dall\u2019altro (il nostro), gli abitanti del quartiere hanno come unica rilevante specificit\u00e0 quella di poter garantire supporto logistico a una mobilitazione generale contro la guerra, perch\u00e9 annovera tra i suoi obiettivi strategici anche la contestazione dello specifico Comando in questione, ma che <em>\u00e8 nel loro interesse proprio in quanto mobilitazione generale contro la guerra<\/em>. Rivolgersi loro opportunisticamente, paventando rischi fumosi attorno ai loro interessi privati non pu\u00f2 che riprodurre, oltre che all\u2019interesse privato, una grande sfiducia attorno alle ragioni di tanto (speriamo) disordine.<\/p>\n<p>Intanto il 29 luglio un&#8217;assemblea di pi\u00f9 di 200 persone formata da residenti e numerose realt\u00e0 attive sul territorio ha deciso la costituzione del il \u201cComitato NO Comando Nato n\u00e9 a Firenze n\u00e9 altrove. Il prossimo appuntamento sar\u00e0 il 4 agosto all&#8217;Anconella.<\/p>\n","protected":false},"excerpt":{"rendered":"<p>La prima assemblea riguardante l\u2019insediamento del Comando NATO nella Caserma Predieri di Rovezzano (13\/07) aveva trovato il proprio centro nel conflitto tra la proposta degli organizzatori (la Rete democratica fiorentina) e quella di molte realt\u00e0 e persone che avevano risposto alla chiamata. Da un lato, come abbiamo raccontato in un primo articolo [link], si poneva &hellip;<\/p>\n<p class=\"read-more\"> <a class=\"\" href=\"https:\/\/www.perunaltracitta.org\/homepage\/2023\/07\/30\/base-nato-a-rovezzano-lopposizione-continua\/\"> <span class=\"screen-reader-text\">Base NATO a Rovezzano, l&#8217;opposizione continua<\/span> Leggi altro &raquo;<\/a><\/p>\n","protected":false},"author":438,"featured_media":91590,"comment_status":"open","ping_status":"open","sticky":false,"template":"","format":"standard","meta":{"_uag_custom_page_level_css":"","site-sidebar-layout":"default","site-content-layout":"default","ast-global-header-display":"","ast-main-header-display":"","ast-hfb-above-header-display":"","ast-hfb-below-header-display":"","ast-hfb-mobile-header-display":"","site-post-title":"","ast-breadcrumbs-content":"","ast-featured-img":"","footer-sml-layout":"","theme-transparent-header-meta":"default","adv-header-id-meta":"","stick-header-meta":"","header-above-stick-meta":"","header-main-stick-meta":"","header-below-stick-meta":"","footnotes":""},"categories":[4132],"tags":[4348,5398,388],"class_list":["post-91784","post","type-post","status-publish","format-standard","has-post-thumbnail","hentry","category-firenze","tag-base-nato","tag-base-nato-rovezzano","tag-nato"],"yoast_head":"<!-- This site is optimized with the Yoast SEO plugin v25.1 - https:\/\/yoast.com\/wordpress\/plugins\/seo\/ -->\n<title>Base NATO a Rovezzano, l&#039;opposizione continua - La Citt\u00e0 invisibile | perUnaltracitt\u00e0 | Firenze<\/title>\n<meta name=\"robots\" content=\"index, follow, max-snippet:-1, max-image-preview:large, max-video-preview:-1\" \/>\n<link rel=\"canonical\" href=\"https:\/\/www.perunaltracitta.org\/homepage\/2023\/07\/30\/base-nato-a-rovezzano-lopposizione-continua\/\" \/>\n<meta property=\"og:locale\" content=\"it_IT\" \/>\n<meta property=\"og:type\" content=\"article\" \/>\n<meta property=\"og:title\" content=\"Base NATO a Rovezzano, l&#039;opposizione continua - La Citt\u00e0 invisibile | perUnaltracitt\u00e0 | Firenze\" \/>\n<meta property=\"og:description\" content=\"La prima assemblea riguardante l\u2019insediamento del Comando NATO nella Caserma Predieri di Rovezzano (13\/07) aveva trovato il proprio centro nel conflitto tra la proposta degli organizzatori (la Rete democratica fiorentina) e quella di molte realt\u00e0 e persone che avevano risposto alla chiamata. Da un lato, come abbiamo raccontato in un primo articolo [link], si poneva &hellip; Base NATO a Rovezzano, l&#8217;opposizione continua Leggi altro &raquo;\" \/>\n<meta property=\"og:url\" content=\"https:\/\/www.perunaltracitta.org\/homepage\/2023\/07\/30\/base-nato-a-rovezzano-lopposizione-continua\/\" \/>\n<meta property=\"og:site_name\" content=\"La Citt\u00e0 invisibile | perUnaltracitt\u00e0 | Firenze\" \/>\n<meta property=\"article:publisher\" content=\"https:\/\/www.facebook.com\/perunaltracitta\" \/>\n<meta property=\"article:published_time\" content=\"2023-07-30T14:16:01+00:00\" \/>\n<meta property=\"og:image\" content=\"https:\/\/www.perunaltracitta.org\/wp-content\/uploads\/2023\/07\/Caserma-Predieri-10.jpg\" \/>\n\t<meta property=\"og:image:width\" content=\"600\" \/>\n\t<meta property=\"og:image:height\" content=\"398\" \/>\n\t<meta property=\"og:image:type\" content=\"image\/jpeg\" \/>\n<meta name=\"author\" content=\"Eugenio Conti\" \/>\n<meta name=\"twitter:card\" content=\"summary_large_image\" \/>\n<meta name=\"twitter:creator\" content=\"@perunaltracitta\" \/>\n<meta name=\"twitter:site\" content=\"@perunaltracitta\" \/>\n<meta name=\"twitter:label1\" content=\"Scritto da\" \/>\n\t<meta name=\"twitter:data1\" content=\"Eugenio Conti\" \/>\n\t<meta name=\"twitter:label2\" content=\"Tempo di lettura stimato\" \/>\n\t<meta name=\"twitter:data2\" content=\"3 minuti\" \/>\n<script type=\"application\/ld+json\" class=\"yoast-schema-graph\">{\"@context\":\"https:\/\/schema.org\",\"@graph\":[{\"@type\":\"Article\",\"@id\":\"https:\/\/www.perunaltracitta.org\/homepage\/2023\/07\/30\/base-nato-a-rovezzano-lopposizione-continua\/#article\",\"isPartOf\":{\"@id\":\"https:\/\/www.perunaltracitta.org\/homepage\/2023\/07\/30\/base-nato-a-rovezzano-lopposizione-continua\/\"},\"author\":{\"name\":\"Eugenio Conti\",\"@id\":\"https:\/\/www.perunaltracitta.org\/homepage\/#\/schema\/person\/7a1cde78a73c5548837dfc3f5f9fb590\"},\"headline\":\"Base NATO a Rovezzano, l&#8217;opposizione continua\",\"datePublished\":\"2023-07-30T14:16:01+00:00\",\"mainEntityOfPage\":{\"@id\":\"https:\/\/www.perunaltracitta.org\/homepage\/2023\/07\/30\/base-nato-a-rovezzano-lopposizione-continua\/\"},\"wordCount\":697,\"commentCount\":1,\"publisher\":{\"@id\":\"https:\/\/www.perunaltracitta.org\/homepage\/#organization\"},\"image\":{\"@id\":\"https:\/\/www.perunaltracitta.org\/homepage\/2023\/07\/30\/base-nato-a-rovezzano-lopposizione-continua\/#primaryimage\"},\"thumbnailUrl\":\"https:\/\/www.perunaltracitta.org\/wp-content\/uploads\/2023\/07\/Caserma-Predieri-10.jpg\",\"keywords\":[\"base Nato\",\"Base NATO Rovezzano\",\"Nato\"],\"articleSection\":[\"Firenze e dintorni\"],\"inLanguage\":\"it-IT\",\"potentialAction\":[{\"@type\":\"CommentAction\",\"name\":\"Comment\",\"target\":[\"https:\/\/www.perunaltracitta.org\/homepage\/2023\/07\/30\/base-nato-a-rovezzano-lopposizione-continua\/#respond\"]}]},{\"@type\":\"WebPage\",\"@id\":\"https:\/\/www.perunaltracitta.org\/homepage\/2023\/07\/30\/base-nato-a-rovezzano-lopposizione-continua\/\",\"url\":\"https:\/\/www.perunaltracitta.org\/homepage\/2023\/07\/30\/base-nato-a-rovezzano-lopposizione-continua\/\",\"name\":\"Base NATO a Rovezzano, l'opposizione continua - La Citt\u00e0 invisibile | perUnaltracitt\u00e0 | Firenze\",\"isPartOf\":{\"@id\":\"https:\/\/www.perunaltracitta.org\/homepage\/#website\"},\"primaryImageOfPage\":{\"@id\":\"https:\/\/www.perunaltracitta.org\/homepage\/2023\/07\/30\/base-nato-a-rovezzano-lopposizione-continua\/#primaryimage\"},\"image\":{\"@id\":\"https:\/\/www.perunaltracitta.org\/homepage\/2023\/07\/30\/base-nato-a-rovezzano-lopposizione-continua\/#primaryimage\"},\"thumbnailUrl\":\"https:\/\/www.perunaltracitta.org\/wp-content\/uploads\/2023\/07\/Caserma-Predieri-10.jpg\",\"datePublished\":\"2023-07-30T14:16:01+00:00\",\"breadcrumb\":{\"@id\":\"https:\/\/www.perunaltracitta.org\/homepage\/2023\/07\/30\/base-nato-a-rovezzano-lopposizione-continua\/#breadcrumb\"},\"inLanguage\":\"it-IT\",\"potentialAction\":[{\"@type\":\"ReadAction\",\"target\":[\"https:\/\/www.perunaltracitta.org\/homepage\/2023\/07\/30\/base-nato-a-rovezzano-lopposizione-continua\/\"]}]},{\"@type\":\"ImageObject\",\"inLanguage\":\"it-IT\",\"@id\":\"https:\/\/www.perunaltracitta.org\/homepage\/2023\/07\/30\/base-nato-a-rovezzano-lopposizione-continua\/#primaryimage\",\"url\":\"https:\/\/www.perunaltracitta.org\/wp-content\/uploads\/2023\/07\/Caserma-Predieri-10.jpg\",\"contentUrl\":\"https:\/\/www.perunaltracitta.org\/wp-content\/uploads\/2023\/07\/Caserma-Predieri-10.jpg\",\"width\":600,\"height\":398,\"caption\":\"Caserma Predieri\"},{\"@type\":\"BreadcrumbList\",\"@id\":\"https:\/\/www.perunaltracitta.org\/homepage\/2023\/07\/30\/base-nato-a-rovezzano-lopposizione-continua\/#breadcrumb\",\"itemListElement\":[{\"@type\":\"ListItem\",\"position\":1,\"name\":\"Home\",\"item\":\"https:\/\/www.perunaltracitta.org\/homepage\/\"},{\"@type\":\"ListItem\",\"position\":2,\"name\":\"Base NATO a Rovezzano, l&#8217;opposizione continua\"}]},{\"@type\":\"WebSite\",\"@id\":\"https:\/\/www.perunaltracitta.org\/homepage\/#website\",\"url\":\"https:\/\/www.perunaltracitta.org\/homepage\/\",\"name\":\"La Citt\u00e0 invisibile | perUnaltracitt\u00e0 | Firenze\",\"description\":\"Voci oltre il pensiero unico\",\"publisher\":{\"@id\":\"https:\/\/www.perunaltracitta.org\/homepage\/#organization\"},\"potentialAction\":[{\"@type\":\"SearchAction\",\"target\":{\"@type\":\"EntryPoint\",\"urlTemplate\":\"https:\/\/www.perunaltracitta.org\/homepage\/?s={search_term_string}\"},\"query-input\":{\"@type\":\"PropertyValueSpecification\",\"valueRequired\":true,\"valueName\":\"search_term_string\"}}],\"inLanguage\":\"it-IT\"},{\"@type\":\"Organization\",\"@id\":\"https:\/\/www.perunaltracitta.org\/homepage\/#organization\",\"name\":\"perUnaltracitt\u00e0 - laboratorio politico Firenze\",\"url\":\"https:\/\/www.perunaltracitta.org\/homepage\/\",\"logo\":{\"@type\":\"ImageObject\",\"inLanguage\":\"it-IT\",\"@id\":\"https:\/\/www.perunaltracitta.org\/homepage\/#\/schema\/logo\/image\/\",\"url\":\"https:\/\/www.perunaltracitta.org\/wp-content\/uploads\/2025\/11\/Original-on-Transparent-Copia-af-1.png\",\"contentUrl\":\"https:\/\/www.perunaltracitta.org\/wp-content\/uploads\/2025\/11\/Original-on-Transparent-Copia-af-1.png\",\"width\":600,\"height\":153,\"caption\":\"perUnaltracitt\u00e0 - laboratorio politico Firenze\"},\"image\":{\"@id\":\"https:\/\/www.perunaltracitta.org\/homepage\/#\/schema\/logo\/image\/\"},\"sameAs\":[\"https:\/\/www.facebook.com\/perunaltracitta\",\"https:\/\/x.com\/perunaltracitta\"]},{\"@type\":\"Person\",\"@id\":\"https:\/\/www.perunaltracitta.org\/homepage\/#\/schema\/person\/7a1cde78a73c5548837dfc3f5f9fb590\",\"name\":\"Eugenio Conti\",\"image\":{\"@type\":\"ImageObject\",\"inLanguage\":\"it-IT\",\"@id\":\"https:\/\/www.perunaltracitta.org\/homepage\/#\/schema\/person\/image\/\",\"url\":\"https:\/\/www.perunaltracitta.org\/wp-content\/uploads\/2021\/12\/IMG_7151-120x120.jpg\",\"contentUrl\":\"https:\/\/www.perunaltracitta.org\/wp-content\/uploads\/2021\/12\/IMG_7151-120x120.jpg\",\"caption\":\"Eugenio Conti\"},\"description\":\"Laureato in Antropologia culturale ed etnologia all\u2019Universit\u00e0 di Bologna, attualmente dottorando in Ingegneria dell'Architettura e dell'Urbanistica alla Sapienza Universit\u00e0 di Roma.\",\"sameAs\":[\"http:\/\/admin\"],\"url\":\"https:\/\/www.perunaltracitta.org\/homepage\/author\/eugenioconti\/\"}]}<\/script>\n<!-- \/ Yoast SEO plugin. -->","yoast_head_json":{"title":"Base NATO a Rovezzano, l'opposizione continua - La Citt\u00e0 invisibile | perUnaltracitt\u00e0 | Firenze","robots":{"index":"index","follow":"follow","max-snippet":"max-snippet:-1","max-image-preview":"max-image-preview:large","max-video-preview":"max-video-preview:-1"},"canonical":"https:\/\/www.perunaltracitta.org\/homepage\/2023\/07\/30\/base-nato-a-rovezzano-lopposizione-continua\/","og_locale":"it_IT","og_type":"article","og_title":"Base NATO a Rovezzano, l'opposizione continua - La Citt\u00e0 invisibile | perUnaltracitt\u00e0 | Firenze","og_description":"La prima assemblea riguardante l\u2019insediamento del Comando NATO nella Caserma Predieri di Rovezzano (13\/07) aveva trovato il proprio centro nel conflitto tra la proposta degli organizzatori (la Rete democratica fiorentina) e quella di molte realt\u00e0 e persone che avevano risposto alla chiamata. Da un lato, come abbiamo raccontato in un primo articolo [link], si poneva &hellip; Base NATO a Rovezzano, l&#8217;opposizione continua Leggi altro &raquo;","og_url":"https:\/\/www.perunaltracitta.org\/homepage\/2023\/07\/30\/base-nato-a-rovezzano-lopposizione-continua\/","og_site_name":"La Citt\u00e0 invisibile | perUnaltracitt\u00e0 | Firenze","article_publisher":"https:\/\/www.facebook.com\/perunaltracitta","article_published_time":"2023-07-30T14:16:01+00:00","og_image":[{"width":600,"height":398,"url":"https:\/\/www.perunaltracitta.org\/wp-content\/uploads\/2023\/07\/Caserma-Predieri-10.jpg","type":"image\/jpeg"}],"author":"Eugenio Conti","twitter_card":"summary_large_image","twitter_creator":"@perunaltracitta","twitter_site":"@perunaltracitta","twitter_misc":{"Scritto da":"Eugenio Conti","Tempo di lettura stimato":"3 minuti"},"schema":{"@context":"https:\/\/schema.org","@graph":[{"@type":"Article","@id":"https:\/\/www.perunaltracitta.org\/homepage\/2023\/07\/30\/base-nato-a-rovezzano-lopposizione-continua\/#article","isPartOf":{"@id":"https:\/\/www.perunaltracitta.org\/homepage\/2023\/07\/30\/base-nato-a-rovezzano-lopposizione-continua\/"},"author":{"name":"Eugenio Conti","@id":"https:\/\/www.perunaltracitta.org\/homepage\/#\/schema\/person\/7a1cde78a73c5548837dfc3f5f9fb590"},"headline":"Base NATO a Rovezzano, l&#8217;opposizione continua","datePublished":"2023-07-30T14:16:01+00:00","mainEntityOfPage":{"@id":"https:\/\/www.perunaltracitta.org\/homepage\/2023\/07\/30\/base-nato-a-rovezzano-lopposizione-continua\/"},"wordCount":697,"commentCount":1,"publisher":{"@id":"https:\/\/www.perunaltracitta.org\/homepage\/#organization"},"image":{"@id":"https:\/\/www.perunaltracitta.org\/homepage\/2023\/07\/30\/base-nato-a-rovezzano-lopposizione-continua\/#primaryimage"},"thumbnailUrl":"https:\/\/www.perunaltracitta.org\/wp-content\/uploads\/2023\/07\/Caserma-Predieri-10.jpg","keywords":["base Nato","Base NATO Rovezzano","Nato"],"articleSection":["Firenze e dintorni"],"inLanguage":"it-IT","potentialAction":[{"@type":"CommentAction","name":"Comment","target":["https:\/\/www.perunaltracitta.org\/homepage\/2023\/07\/30\/base-nato-a-rovezzano-lopposizione-continua\/#respond"]}]},{"@type":"WebPage","@id":"https:\/\/www.perunaltracitta.org\/homepage\/2023\/07\/30\/base-nato-a-rovezzano-lopposizione-continua\/","url":"https:\/\/www.perunaltracitta.org\/homepage\/2023\/07\/30\/base-nato-a-rovezzano-lopposizione-continua\/","name":"Base NATO a Rovezzano, l'opposizione continua - La Citt\u00e0 invisibile | perUnaltracitt\u00e0 | Firenze","isPartOf":{"@id":"https:\/\/www.perunaltracitta.org\/homepage\/#website"},"primaryImageOfPage":{"@id":"https:\/\/www.perunaltracitta.org\/homepage\/2023\/07\/30\/base-nato-a-rovezzano-lopposizione-continua\/#primaryimage"},"image":{"@id":"https:\/\/www.perunaltracitta.org\/homepage\/2023\/07\/30\/base-nato-a-rovezzano-lopposizione-continua\/#primaryimage"},"thumbnailUrl":"https:\/\/www.perunaltracitta.org\/wp-content\/uploads\/2023\/07\/Caserma-Predieri-10.jpg","datePublished":"2023-07-30T14:16:01+00:00","breadcrumb":{"@id":"https:\/\/www.perunaltracitta.org\/homepage\/2023\/07\/30\/base-nato-a-rovezzano-lopposizione-continua\/#breadcrumb"},"inLanguage":"it-IT","potentialAction":[{"@type":"ReadAction","target":["https:\/\/www.perunaltracitta.org\/homepage\/2023\/07\/30\/base-nato-a-rovezzano-lopposizione-continua\/"]}]},{"@type":"ImageObject","inLanguage":"it-IT","@id":"https:\/\/www.perunaltracitta.org\/homepage\/2023\/07\/30\/base-nato-a-rovezzano-lopposizione-continua\/#primaryimage","url":"https:\/\/www.perunaltracitta.org\/wp-content\/uploads\/2023\/07\/Caserma-Predieri-10.jpg","contentUrl":"https:\/\/www.perunaltracitta.org\/wp-content\/uploads\/2023\/07\/Caserma-Predieri-10.jpg","width":600,"height":398,"caption":"Caserma Predieri"},{"@type":"BreadcrumbList","@id":"https:\/\/www.perunaltracitta.org\/homepage\/2023\/07\/30\/base-nato-a-rovezzano-lopposizione-continua\/#breadcrumb","itemListElement":[{"@type":"ListItem","position":1,"name":"Home","item":"https:\/\/www.perunaltracitta.org\/homepage\/"},{"@type":"ListItem","position":2,"name":"Base NATO a Rovezzano, l&#8217;opposizione continua"}]},{"@type":"WebSite","@id":"https:\/\/www.perunaltracitta.org\/homepage\/#website","url":"https:\/\/www.perunaltracitta.org\/homepage\/","name":"La Citt\u00e0 invisibile | perUnaltracitt\u00e0 | Firenze","description":"Voci oltre il pensiero unico","publisher":{"@id":"https:\/\/www.perunaltracitta.org\/homepage\/#organization"},"potentialAction":[{"@type":"SearchAction","target":{"@type":"EntryPoint","urlTemplate":"https:\/\/www.perunaltracitta.org\/homepage\/?s={search_term_string}"},"query-input":{"@type":"PropertyValueSpecification","valueRequired":true,"valueName":"search_term_string"}}],"inLanguage":"it-IT"},{"@type":"Organization","@id":"https:\/\/www.perunaltracitta.org\/homepage\/#organization","name":"perUnaltracitt\u00e0 - laboratorio politico Firenze","url":"https:\/\/www.perunaltracitta.org\/homepage\/","logo":{"@type":"ImageObject","inLanguage":"it-IT","@id":"https:\/\/www.perunaltracitta.org\/homepage\/#\/schema\/logo\/image\/","url":"https:\/\/www.perunaltracitta.org\/wp-content\/uploads\/2025\/11\/Original-on-Transparent-Copia-af-1.png","contentUrl":"https:\/\/www.perunaltracitta.org\/wp-content\/uploads\/2025\/11\/Original-on-Transparent-Copia-af-1.png","width":600,"height":153,"caption":"perUnaltracitt\u00e0 - laboratorio politico Firenze"},"image":{"@id":"https:\/\/www.perunaltracitta.org\/homepage\/#\/schema\/logo\/image\/"},"sameAs":["https:\/\/www.facebook.com\/perunaltracitta","https:\/\/x.com\/perunaltracitta"]},{"@type":"Person","@id":"https:\/\/www.perunaltracitta.org\/homepage\/#\/schema\/person\/7a1cde78a73c5548837dfc3f5f9fb590","name":"Eugenio Conti","image":{"@type":"ImageObject","inLanguage":"it-IT","@id":"https:\/\/www.perunaltracitta.org\/homepage\/#\/schema\/person\/image\/","url":"https:\/\/www.perunaltracitta.org\/wp-content\/uploads\/2021\/12\/IMG_7151-120x120.jpg","contentUrl":"https:\/\/www.perunaltracitta.org\/wp-content\/uploads\/2021\/12\/IMG_7151-120x120.jpg","caption":"Eugenio Conti"},"description":"Laureato in Antropologia culturale ed etnologia all\u2019Universit\u00e0 di Bologna, attualmente dottorando in Ingegneria dell'Architettura e dell'Urbanistica alla Sapienza Universit\u00e0 di Roma.","sameAs":["http:\/\/admin"],"url":"https:\/\/www.perunaltracitta.org\/homepage\/author\/eugenioconti\/"}]}},"uagb_featured_image_src":{"full":["https:\/\/www.perunaltracitta.org\/wp-content\/uploads\/2023\/07\/Caserma-Predieri-10.jpg",600,398,false],"thumbnail":["https:\/\/www.perunaltracitta.org\/wp-content\/uploads\/2023\/07\/Caserma-Predieri-10-150x150.jpg",150,150,true],"medium":["https:\/\/www.perunaltracitta.org\/wp-content\/uploads\/2023\/07\/Caserma-Predieri-10-300x199.jpg",300,199,true],"medium_large":["https:\/\/www.perunaltracitta.org\/wp-content\/uploads\/2023\/07\/Caserma-Predieri-10.jpg",600,398,false],"large":["https:\/\/www.perunaltracitta.org\/wp-content\/uploads\/2023\/07\/Caserma-Predieri-10.jpg",600,398,false],"wysija-newsletters-max":["https:\/\/www.perunaltracitta.org\/wp-content\/uploads\/2023\/07\/Caserma-Predieri-10.jpg",600,398,false],"1536x1536":["https:\/\/www.perunaltracitta.org\/wp-content\/uploads\/2023\/07\/Caserma-Predieri-10.jpg",600,398,false],"2048x2048":["https:\/\/www.perunaltracitta.org\/wp-content\/uploads\/2023\/07\/Caserma-Predieri-10.jpg",600,398,false],"mailpoet_newsletter_max":["https:\/\/www.perunaltracitta.org\/wp-content\/uploads\/2023\/07\/Caserma-Predieri-10.jpg",600,398,false],"yarpp-thumbnail":["https:\/\/www.perunaltracitta.org\/wp-content\/uploads\/2023\/07\/Caserma-Predieri-10-120x120.jpg",120,120,true]},"uagb_author_info":{"display_name":"Eugenio Conti","author_link":"https:\/\/www.perunaltracitta.org\/homepage\/author\/eugenioconti\/"},"uagb_comment_info":1,"uagb_excerpt":"La prima assemblea riguardante l\u2019insediamento del Comando NATO nella Caserma Predieri di Rovezzano (13\/07) aveva trovato il proprio centro nel conflitto tra la proposta degli organizzatori (la Rete democratica fiorentina) e quella di molte realt\u00e0 e persone che avevano risposto alla chiamata. Da un lato, come abbiamo raccontato in un primo articolo [link], si poneva&hellip;","_links":{"self":[{"href":"https:\/\/www.perunaltracitta.org\/homepage\/wp-json\/wp\/v2\/posts\/91784","targetHints":{"allow":["GET"]}}],"collection":[{"href":"https:\/\/www.perunaltracitta.org\/homepage\/wp-json\/wp\/v2\/posts"}],"about":[{"href":"https:\/\/www.perunaltracitta.org\/homepage\/wp-json\/wp\/v2\/types\/post"}],"author":[{"embeddable":true,"href":"https:\/\/www.perunaltracitta.org\/homepage\/wp-json\/wp\/v2\/users\/438"}],"replies":[{"embeddable":true,"href":"https:\/\/www.perunaltracitta.org\/homepage\/wp-json\/wp\/v2\/comments?post=91784"}],"version-history":[{"count":1,"href":"https:\/\/www.perunaltracitta.org\/homepage\/wp-json\/wp\/v2\/posts\/91784\/revisions"}],"predecessor-version":[{"id":91785,"href":"https:\/\/www.perunaltracitta.org\/homepage\/wp-json\/wp\/v2\/posts\/91784\/revisions\/91785"}],"wp:featuredmedia":[{"embeddable":true,"href":"https:\/\/www.perunaltracitta.org\/homepage\/wp-json\/wp\/v2\/media\/91590"}],"wp:attachment":[{"href":"https:\/\/www.perunaltracitta.org\/homepage\/wp-json\/wp\/v2\/media?parent=91784"}],"wp:term":[{"taxonomy":"category","embeddable":true,"href":"https:\/\/www.perunaltracitta.org\/homepage\/wp-json\/wp\/v2\/categories?post=91784"},{"taxonomy":"post_tag","embeddable":true,"href":"https:\/\/www.perunaltracitta.org\/homepage\/wp-json\/wp\/v2\/tags?post=91784"}],"curies":[{"name":"wp","href":"https:\/\/api.w.org\/{rel}","templated":true}]}}