{"id":91796,"date":"2023-08-04T23:25:14","date_gmt":"2023-08-04T21:25:14","guid":{"rendered":"https:\/\/www.perunaltracitta.org\/homepage\/?p=91796"},"modified":"2023-08-05T23:24:02","modified_gmt":"2023-08-05T21:24:02","slug":"lettera-aperta-allattuale-presidente-della-regione-toscana-eugenio-giani","status":"publish","type":"post","link":"https:\/\/www.perunaltracitta.org\/homepage\/2023\/08\/04\/lettera-aperta-allattuale-presidente-della-regione-toscana-eugenio-giani\/","title":{"rendered":"Lettera aperta all\u2019attuale presidente della Regione Toscana Eugenio Giani"},"content":{"rendered":"<p>Firenze, 4 agosto 2023<\/p>\n<p>Carissimo Presidente,<\/p>\n<p>Le scriviamo in questi giorni in cui lei e i suoi collaboratori siete davvero elettrizzati dal movimento rotatorio della <i>tunnel boring machine<\/i> che giaceva inerte da anni accanto a via Campo d\u2019Arrigo; noi speriamo trovi un attimo di tempo per leggere questa nostra ennesima missiva tesa ad evitare problemi alla citt\u00e0 e ai suoi abitanti, nonch\u00e9 prevenire figuracce e danni irreversibili alla credibilit\u00e0 della sua persona e del partito cui appartiene.<\/p>\n<p>Per esempio annunciare troppe volte, troppo spesso e con troppa enfasi l\u2019inizio dello scavo, fare una inaugurazione solenne, con tanto di ministro, solo per far ruotare la testa della TBM o annunciare l\u2019inizio dei grandi lavori solo perch\u00e9 si scavano 10 metri pu\u00f2 diventare controproducente perch\u00e9 poi i cittadini pensano che questo progetto non sia una cosa seria; se poi si racconta addirittura che scavare 10 metri diventa un \u201cevento storico\u201d per Firenze si rischia anche di far crescere quel sentimento tanto diffuso chiamato antipolitica che \u00e8 gi\u00e0 arrivato a livelli preoccupanti.<\/p>\n<p>Abbiamo denunciato molte volte i rischi di scavi in ambienti urbani di gallerie, ma non siamo contrari per principio a opere di questo tipo, tutt\u2019altro: a Zurigo, solo per fare un esempio, hanno scavato sotto la citt\u00e0, collegato la rete di superficie con quella sotterranea e con il trasporto pubblico cittadino. L\u2019opera \u00e8 servita a creare un <img loading=\"lazy\" decoding=\"async\" class=\"wp-image-91798 alignright\" src=\"https:\/\/www.perunaltracitta.org\/wp-content\/uploads\/2023\/08\/tunnel3-300x176.jpg\" alt=\"\" width=\"638\" height=\"374\" srcset=\"https:\/\/www.perunaltracitta.org\/wp-content\/uploads\/2023\/08\/tunnel3-300x176.jpg 300w, https:\/\/www.perunaltracitta.org\/wp-content\/uploads\/2023\/08\/tunnel3-1024x601.jpg 1024w, https:\/\/www.perunaltracitta.org\/wp-content\/uploads\/2023\/08\/tunnel3-768x451.jpg 768w, https:\/\/www.perunaltracitta.org\/wp-content\/uploads\/2023\/08\/tunnel3-600x352.jpg 600w, https:\/\/www.perunaltracitta.org\/wp-content\/uploads\/2023\/08\/tunnel3-1536x901.jpg 1536w, https:\/\/www.perunaltracitta.org\/wp-content\/uploads\/2023\/08\/tunnel3-1320x775.jpg 1320w, https:\/\/www.perunaltracitta.org\/wp-content\/uploads\/2023\/08\/tunnel3.jpg 1600w\" sizes=\"auto, (max-width: 638px) 100vw, 638px\" \/>sistema di trasporti urbano che rende inutile per molti l\u2019uso del mezzo privato, ha reso la citt\u00e0 molto pi\u00f9 vivibile.<\/p>\n<p>Ben vengano opere del genere e se qualcuno sar\u00e0 danneggiato dai lavori che sia indennizzato coerentemente!<\/p>\n<p>Al contrario di Zurigo a Firenze lo scavo dei tunnel TAV non creer\u00e0 una citt\u00e0 con un sistema di trasporti razionale, anzi aggraver\u00e0 i problemi che gi\u00e0 non sono pochi.<\/p>\n<p>S\u00ec, gli esperti di comunicazione di cui vi servite ci dicono che il sottoattraversamento liberer\u00e0 i binari di superficie, ma noi chiediamo da sempre perch\u00e9 non aver realizzato i binari previsti in superficie. Avremmo avuto la possibilit\u00e0 di realizzare quel <i>treno metropolitano<\/i> di cui si parla ormai da trenta anni, un servizio molto pi\u00f9 efficiente e capillare di un semplice trasporto regionale, anche se su \u201cbinari liberati\u201d; sarebbe stato un servizio da integrare con il restante trasporto pubblico per creare una vera rete di trasporti collettivi alternativi al caos, agli ingorghi e all\u2019inquinamento di Firenze. Ma su questa cosa dei \u201cbinari liberati\u201d da tanto le vorremmo fare una domanda: dov\u2019\u00e8 il progetto di potenziamento dei \u201ctreni regionali liberati\u201d, con quali treni sar\u00e0 fatto? Nel contratto di programma con le FSI non c\u2019\u00e8 traccia di questo, ma sicuramente in qualche ufficio della Regione ci saranno tutti i progetti, certamente non come con il mitico <i>people mover<\/i> che dovrebbe collegare la stazione Macelli con Santa Maria Novella di cui non esiste traccia di progetto da nessuna parte.<\/p>\n<p>Su questo trenino supplementare le vorremmo ricordare non solo il clamoroso fallimento del fratellino pisano, il <i>Pisa mover<\/i>, ma che questa \u00e8 una toppa su un errore, un\u2019opera per mitigare l\u2019impatto negativo sul sistema dei trasporti fiorentino e toscano del sottoattraversamento proposta dall\u2019equipe che fece l\u2019analisi costi benefici.<\/p>\n<p>Quei birichini dissero che l\u2019analisi era positiva per il Passante per il traffico passante, ma che <b>per Firenze e la Toscana sarebbe stato un grave difetto in quanto separare il traffico a lunga percorrenza da quello regionale e dai servizi pubblici cittadini<\/b><b> avrebbe avuto un impatto molto negativo, <\/b><b>creando una brutta rottura di carico<\/b>. Addirittura dissero che sarebbe stata pi\u00f9 efficace una <b>soluzione di superficie<\/b>! Si sa, a volte questi tecnici indipendenti hanno il difetto di dire che 2+2 fa 4 e non quanto vogliono gli scavatori di gallerie!<img loading=\"lazy\" decoding=\"async\" class=\"wp-image-91800 alignleft\" src=\"https:\/\/www.perunaltracitta.org\/wp-content\/uploads\/2023\/08\/tunnel-300x200.jpg\" alt=\"\" width=\"566\" height=\"377\" srcset=\"https:\/\/www.perunaltracitta.org\/wp-content\/uploads\/2023\/08\/tunnel-300x200.jpg 300w, https:\/\/www.perunaltracitta.org\/wp-content\/uploads\/2023\/08\/tunnel-1024x683.jpg 1024w, https:\/\/www.perunaltracitta.org\/wp-content\/uploads\/2023\/08\/tunnel-768x512.jpg 768w, https:\/\/www.perunaltracitta.org\/wp-content\/uploads\/2023\/08\/tunnel-600x400.jpg 600w, https:\/\/www.perunaltracitta.org\/wp-content\/uploads\/2023\/08\/tunnel-1536x1024.jpg 1536w, https:\/\/www.perunaltracitta.org\/wp-content\/uploads\/2023\/08\/tunnel-1320x880.jpg 1320w, https:\/\/www.perunaltracitta.org\/wp-content\/uploads\/2023\/08\/tunnel.jpg 2048w\" sizes=\"auto, (max-width: 566px) 100vw, 566px\" \/><\/p>\n<p>Vede signor Presidente, se i miliardi che dovrebbero essere spesi per bucare sotto Firenze (al momento 2 miliardi e 735 milioni, ma stia tranquillo che cresceranno!) fossero spesi per tutto il trasporto pubblico dell\u2019area metropolitana potenziando anche le linee ferroviarie, Firenze non sarebbe quella fabbrica di PM10 che \u00e8 adesso e si potrebbero ridurre i posti letto nei reparti di pneumologia.<\/p>\n<p>Al contrario leggiamo che si spendono altri soldi per realizzare parcheggi scambiatori ai capolinea delle tranvie dove si vorrebbero intercettare quelli che arrivano da fuori citt\u00e0, minacciando i pendolari con lo scudo verde che ha aspetti di inquit\u00e0 sociale di cui non immagina nemmeno la portata; vede, diverse centinaia di migliaia di Fiorentini sono stati espulsi dalla loro citt\u00e0 negli ultimi quaranta anni da una rendita immobiliare totalmente impazzita e costretti a sprecare enormi quantit\u00e0 di tempo per recarsi nei posti di lavoro; questo non \u00e8 stato solo una grande espropriazione di ricchezza materiale, ma \u00e8 anche un furto di tempo, di riposo, di tempo dedicato alla famiglia, ai propri piaceri, al godimento della vita. Bont\u00e0 loro, fortuna della sua classe politica, si sono dimenticati l\u2019origine delle loro levatacce, del tempo rubato alla vita, della loro stanchezza. Gi\u00e0 perch\u00e9 ci sono dei maligni che si sono messi anche a calcolare quante case popolari si potrebbero realizzare utilizzando le strutture esistenti invece di svenderle sul mercato speculativo internazionale: con quello che ci costerebbero 500 metri di tunnel si potrebbero ottenere 1200 appartamenti ERP, con un chilometro 2400\u2026 Insomma si potrebbe riportare un po\u2019 di residenza in citt\u00e0 e liberarla dall\u2019abbraccio mortale della speculazione immobiliare.<\/p>\n<p>Caro Presidente, immaginaimo gi\u00e0 che una delle sue risposte \u00e8 che ORMAI i lavori sono partiti e avviati, che ne faremmo di quel buco ai Macelli che aspettta la corona di vetro proposta da Norman Foster?<\/p>\n<p>Potremmo prendere due piccioni con un\u2019unico buco: il suo progetto di grattacielo a Novoli per ospitare gli uffici della Regione potrebbe essere cancellato, facendo felici gli abitanti di quel quartiere che non ne possono pi\u00f9 di cemento e distruzione di verde.<\/p>\n<p>I suoi uffici potrebbero essere ospitati dove oggi Lei pensa la stazione ai Macelli; per fortuna il geniale architetto britannico aveva pensato di illuminare tutti i piani interrati con la luce artificiale flitrata dalle vetrate. Ci sarebbe un bel risparmio energetico soprattutto in estate! E farebbe felici tante persone lasciando in pace le cave di cemento.<\/p>\n<p>Vede signor Presidente, decisioni come quelle che abbiamo suggerito \u2013 ma Lei ne potrebbe trovare anche di meglio naturalmente \u2013 andrebbero davvero nell\u2019interesse sociale della citt\u00e0 e dei suoi abitanti, questo sarebbe davvero un evento storico nella citt\u00e0 del fiore dopo decenni in cui si \u00e8 investito solo a favorire l\u2019arricchimento dei ricchi a spese dei soliti fessi, molti dei quali, come le abbiamo detto, sono costretti ad utilizzare quel trasporto regionale che non li rende propriamente felici.<\/p>\n<p>Un ultimo consiglio signor Presidente: se parteciper\u00e0 alle prossime elezioni per diventare nuovamente Presidente o addirittura Sindaco di Firenze le consigliamo di risparmiere tempo e fatica trascurando i residenti in zone come quelle di viale Don Minzoni, via Masaccio, via Fra\u2019 Bartolomeo, via Botticelli, via Vasco de Gama, soprattutto quelli di via delle Ghiacciaie: quelli difficilmente la voteranno di nuovo. Lei non immagina quanto siano preoccupati e arrabbiati vedendo il valore delle loro abitazioni diminuito e quanto siano preoccupati all\u2019idea del passaggio della fresa Iris sotto la loro casa. S\u00ec, ha ragione, sono egoisti e non capiscono che sotto casa loro passer\u00e0 la storia\u2026 una storia che sarebbe meglio non raccontare.<\/p>\n<p>Le auguriamo buona fortuna.<\/p>\n<p>Comitato No Tunnel TAV Firenze<\/p>\n","protected":false},"excerpt":{"rendered":"<p>Firenze, 4 agosto 2023 Carissimo Presidente, Le scriviamo in questi giorni in cui lei e i suoi collaboratori siete davvero elettrizzati dal movimento rotatorio della tunnel boring machine che giaceva inerte da anni accanto a via Campo d\u2019Arrigo; noi speriamo trovi un attimo di tempo per leggere questa nostra ennesima missiva tesa ad evitare problemi &hellip;<\/p>\n<p class=\"read-more\"> <a class=\"\" href=\"https:\/\/www.perunaltracitta.org\/homepage\/2023\/08\/04\/lettera-aperta-allattuale-presidente-della-regione-toscana-eugenio-giani\/\"> <span class=\"screen-reader-text\">Lettera aperta all\u2019attuale presidente della Regione Toscana Eugenio Giani<\/span> Leggi altro &raquo;<\/a><\/p>\n","protected":false},"author":223,"featured_media":91798,"comment_status":"open","ping_status":"open","sticky":false,"template":"","format":"standard","meta":{"_uag_custom_page_level_css":"","site-sidebar-layout":"default","site-content-layout":"default","ast-global-header-display":"","ast-main-header-display":"","ast-hfb-above-header-display":"","ast-hfb-below-header-display":"","ast-hfb-mobile-header-display":"","site-post-title":"","ast-breadcrumbs-content":"","ast-featured-img":"","footer-sml-layout":"","theme-transparent-header-meta":"default","adv-header-id-meta":"","stick-header-meta":"","header-above-stick-meta":"","header-main-stick-meta":"","header-below-stick-meta":"","footnotes":""},"categories":[281,54],"tags":[2482,3266,5332,1268],"class_list":["post-91796","post","type-post","status-publish","format-standard","has-post-thumbnail","hentry","category-apertura","category-brevi","tag-eugenio-giani","tag-mobilita-firenze","tag-no-tav-firenze","tag-no-tunnel-tav-firenze"],"yoast_head":"<!-- This site is optimized with the Yoast SEO plugin v25.1 - https:\/\/yoast.com\/wordpress\/plugins\/seo\/ -->\n<title>Lettera aperta all\u2019attuale presidente della Regione Toscana Eugenio Giani - La Citt\u00e0 invisibile | perUnaltracitt\u00e0 | Firenze<\/title>\n<meta name=\"robots\" content=\"index, follow, max-snippet:-1, max-image-preview:large, max-video-preview:-1\" \/>\n<link rel=\"canonical\" href=\"https:\/\/www.perunaltracitta.org\/homepage\/2023\/08\/04\/lettera-aperta-allattuale-presidente-della-regione-toscana-eugenio-giani\/\" \/>\n<meta property=\"og:locale\" content=\"it_IT\" \/>\n<meta property=\"og:type\" content=\"article\" \/>\n<meta property=\"og:title\" content=\"Lettera aperta all\u2019attuale presidente della Regione Toscana Eugenio Giani - La Citt\u00e0 invisibile | perUnaltracitt\u00e0 | Firenze\" \/>\n<meta property=\"og:description\" content=\"Firenze, 4 agosto 2023 Carissimo Presidente, Le scriviamo in questi giorni in cui lei e i suoi collaboratori siete davvero elettrizzati dal movimento rotatorio della tunnel boring machine che giaceva inerte da anni accanto a via Campo d\u2019Arrigo; noi speriamo trovi un attimo di tempo per leggere questa nostra ennesima missiva tesa ad evitare problemi &hellip; Lettera aperta all\u2019attuale presidente della Regione Toscana Eugenio Giani Leggi altro &raquo;\" \/>\n<meta property=\"og:url\" content=\"https:\/\/www.perunaltracitta.org\/homepage\/2023\/08\/04\/lettera-aperta-allattuale-presidente-della-regione-toscana-eugenio-giani\/\" \/>\n<meta property=\"og:site_name\" content=\"La Citt\u00e0 invisibile | perUnaltracitt\u00e0 | Firenze\" \/>\n<meta property=\"article:publisher\" content=\"https:\/\/www.facebook.com\/perunaltracitta\" \/>\n<meta property=\"article:published_time\" content=\"2023-08-04T21:25:14+00:00\" \/>\n<meta property=\"article:modified_time\" content=\"2023-08-05T21:24:02+00:00\" \/>\n<meta property=\"og:image\" content=\"https:\/\/www.perunaltracitta.org\/wp-content\/uploads\/2023\/08\/tunnel3.jpg\" \/>\n\t<meta property=\"og:image:width\" content=\"1600\" \/>\n\t<meta property=\"og:image:height\" content=\"939\" \/>\n\t<meta property=\"og:image:type\" content=\"image\/jpeg\" \/>\n<meta name=\"author\" content=\"NoTunnelTav\" \/>\n<meta name=\"twitter:card\" content=\"summary_large_image\" \/>\n<meta name=\"twitter:creator\" content=\"@perunaltracitta\" \/>\n<meta name=\"twitter:site\" content=\"@perunaltracitta\" \/>\n<meta name=\"twitter:label1\" content=\"Scritto da\" \/>\n\t<meta name=\"twitter:data1\" content=\"NoTunnelTav\" \/>\n\t<meta name=\"twitter:label2\" content=\"Tempo di lettura stimato\" \/>\n\t<meta name=\"twitter:data2\" content=\"6 minuti\" \/>\n<script type=\"application\/ld+json\" class=\"yoast-schema-graph\">{\"@context\":\"https:\/\/schema.org\",\"@graph\":[{\"@type\":\"Article\",\"@id\":\"https:\/\/www.perunaltracitta.org\/homepage\/2023\/08\/04\/lettera-aperta-allattuale-presidente-della-regione-toscana-eugenio-giani\/#article\",\"isPartOf\":{\"@id\":\"https:\/\/www.perunaltracitta.org\/homepage\/2023\/08\/04\/lettera-aperta-allattuale-presidente-della-regione-toscana-eugenio-giani\/\"},\"author\":{\"name\":\"NoTunnelTav\",\"@id\":\"https:\/\/www.perunaltracitta.org\/homepage\/#\/schema\/person\/bfa01f1df894d124f61423db91adf8ed\"},\"headline\":\"Lettera aperta all\u2019attuale presidente della Regione Toscana Eugenio Giani\",\"datePublished\":\"2023-08-04T21:25:14+00:00\",\"dateModified\":\"2023-08-05T21:24:02+00:00\",\"mainEntityOfPage\":{\"@id\":\"https:\/\/www.perunaltracitta.org\/homepage\/2023\/08\/04\/lettera-aperta-allattuale-presidente-della-regione-toscana-eugenio-giani\/\"},\"wordCount\":1207,\"commentCount\":0,\"publisher\":{\"@id\":\"https:\/\/www.perunaltracitta.org\/homepage\/#organization\"},\"image\":{\"@id\":\"https:\/\/www.perunaltracitta.org\/homepage\/2023\/08\/04\/lettera-aperta-allattuale-presidente-della-regione-toscana-eugenio-giani\/#primaryimage\"},\"thumbnailUrl\":\"https:\/\/www.perunaltracitta.org\/wp-content\/uploads\/2023\/08\/tunnel3.jpg\",\"keywords\":[\"Eugenio Giani\",\"mobilit\u00e0 Firenze\",\"no TAV Firenze\",\"no tunnel tav firenze\"],\"articleSection\":[\"Apertura\",\"Brevi\"],\"inLanguage\":\"it-IT\",\"potentialAction\":[{\"@type\":\"CommentAction\",\"name\":\"Comment\",\"target\":[\"https:\/\/www.perunaltracitta.org\/homepage\/2023\/08\/04\/lettera-aperta-allattuale-presidente-della-regione-toscana-eugenio-giani\/#respond\"]}]},{\"@type\":\"WebPage\",\"@id\":\"https:\/\/www.perunaltracitta.org\/homepage\/2023\/08\/04\/lettera-aperta-allattuale-presidente-della-regione-toscana-eugenio-giani\/\",\"url\":\"https:\/\/www.perunaltracitta.org\/homepage\/2023\/08\/04\/lettera-aperta-allattuale-presidente-della-regione-toscana-eugenio-giani\/\",\"name\":\"Lettera aperta all\u2019attuale presidente della Regione Toscana Eugenio Giani - La Citt\u00e0 invisibile | perUnaltracitt\u00e0 | Firenze\",\"isPartOf\":{\"@id\":\"https:\/\/www.perunaltracitta.org\/homepage\/#website\"},\"primaryImageOfPage\":{\"@id\":\"https:\/\/www.perunaltracitta.org\/homepage\/2023\/08\/04\/lettera-aperta-allattuale-presidente-della-regione-toscana-eugenio-giani\/#primaryimage\"},\"image\":{\"@id\":\"https:\/\/www.perunaltracitta.org\/homepage\/2023\/08\/04\/lettera-aperta-allattuale-presidente-della-regione-toscana-eugenio-giani\/#primaryimage\"},\"thumbnailUrl\":\"https:\/\/www.perunaltracitta.org\/wp-content\/uploads\/2023\/08\/tunnel3.jpg\",\"datePublished\":\"2023-08-04T21:25:14+00:00\",\"dateModified\":\"2023-08-05T21:24:02+00:00\",\"breadcrumb\":{\"@id\":\"https:\/\/www.perunaltracitta.org\/homepage\/2023\/08\/04\/lettera-aperta-allattuale-presidente-della-regione-toscana-eugenio-giani\/#breadcrumb\"},\"inLanguage\":\"it-IT\",\"potentialAction\":[{\"@type\":\"ReadAction\",\"target\":[\"https:\/\/www.perunaltracitta.org\/homepage\/2023\/08\/04\/lettera-aperta-allattuale-presidente-della-regione-toscana-eugenio-giani\/\"]}]},{\"@type\":\"ImageObject\",\"inLanguage\":\"it-IT\",\"@id\":\"https:\/\/www.perunaltracitta.org\/homepage\/2023\/08\/04\/lettera-aperta-allattuale-presidente-della-regione-toscana-eugenio-giani\/#primaryimage\",\"url\":\"https:\/\/www.perunaltracitta.org\/wp-content\/uploads\/2023\/08\/tunnel3.jpg\",\"contentUrl\":\"https:\/\/www.perunaltracitta.org\/wp-content\/uploads\/2023\/08\/tunnel3.jpg\",\"width\":1600,\"height\":939},{\"@type\":\"BreadcrumbList\",\"@id\":\"https:\/\/www.perunaltracitta.org\/homepage\/2023\/08\/04\/lettera-aperta-allattuale-presidente-della-regione-toscana-eugenio-giani\/#breadcrumb\",\"itemListElement\":[{\"@type\":\"ListItem\",\"position\":1,\"name\":\"Home\",\"item\":\"https:\/\/www.perunaltracitta.org\/homepage\/\"},{\"@type\":\"ListItem\",\"position\":2,\"name\":\"Lettera aperta all\u2019attuale presidente della Regione Toscana Eugenio Giani\"}]},{\"@type\":\"WebSite\",\"@id\":\"https:\/\/www.perunaltracitta.org\/homepage\/#website\",\"url\":\"https:\/\/www.perunaltracitta.org\/homepage\/\",\"name\":\"La Citt\u00e0 invisibile | perUnaltracitt\u00e0 | Firenze\",\"description\":\"Voci oltre il pensiero unico\",\"publisher\":{\"@id\":\"https:\/\/www.perunaltracitta.org\/homepage\/#organization\"},\"potentialAction\":[{\"@type\":\"SearchAction\",\"target\":{\"@type\":\"EntryPoint\",\"urlTemplate\":\"https:\/\/www.perunaltracitta.org\/homepage\/?s={search_term_string}\"},\"query-input\":{\"@type\":\"PropertyValueSpecification\",\"valueRequired\":true,\"valueName\":\"search_term_string\"}}],\"inLanguage\":\"it-IT\"},{\"@type\":\"Organization\",\"@id\":\"https:\/\/www.perunaltracitta.org\/homepage\/#organization\",\"name\":\"perUnaltracitt\u00e0 - laboratorio politico Firenze\",\"url\":\"https:\/\/www.perunaltracitta.org\/homepage\/\",\"logo\":{\"@type\":\"ImageObject\",\"inLanguage\":\"it-IT\",\"@id\":\"https:\/\/www.perunaltracitta.org\/homepage\/#\/schema\/logo\/image\/\",\"url\":\"https:\/\/www.perunaltracitta.org\/wp-content\/uploads\/2025\/11\/Original-on-Transparent-Copia-af-1.png\",\"contentUrl\":\"https:\/\/www.perunaltracitta.org\/wp-content\/uploads\/2025\/11\/Original-on-Transparent-Copia-af-1.png\",\"width\":600,\"height\":153,\"caption\":\"perUnaltracitt\u00e0 - laboratorio politico Firenze\"},\"image\":{\"@id\":\"https:\/\/www.perunaltracitta.org\/homepage\/#\/schema\/logo\/image\/\"},\"sameAs\":[\"https:\/\/www.facebook.com\/perunaltracitta\",\"https:\/\/x.com\/perunaltracitta\"]},{\"@type\":\"Person\",\"@id\":\"https:\/\/www.perunaltracitta.org\/homepage\/#\/schema\/person\/bfa01f1df894d124f61423db91adf8ed\",\"name\":\"NoTunnelTav\",\"image\":{\"@type\":\"ImageObject\",\"inLanguage\":\"it-IT\",\"@id\":\"https:\/\/www.perunaltracitta.org\/homepage\/#\/schema\/person\/image\/\",\"url\":\"https:\/\/www.perunaltracitta.org\/wp-content\/uploads\/2016\/10\/no_tav_tunnel_tav_firenze-96x96.jpg\",\"contentUrl\":\"https:\/\/www.perunaltracitta.org\/wp-content\/uploads\/2016\/10\/no_tav_tunnel_tav_firenze-96x96.jpg\",\"caption\":\"NoTunnelTav\"},\"url\":\"https:\/\/www.perunaltracitta.org\/homepage\/author\/notunneltav\/\"}]}<\/script>\n<!-- \/ Yoast SEO plugin. -->","yoast_head_json":{"title":"Lettera aperta all\u2019attuale presidente della Regione Toscana Eugenio Giani - La Citt\u00e0 invisibile | perUnaltracitt\u00e0 | Firenze","robots":{"index":"index","follow":"follow","max-snippet":"max-snippet:-1","max-image-preview":"max-image-preview:large","max-video-preview":"max-video-preview:-1"},"canonical":"https:\/\/www.perunaltracitta.org\/homepage\/2023\/08\/04\/lettera-aperta-allattuale-presidente-della-regione-toscana-eugenio-giani\/","og_locale":"it_IT","og_type":"article","og_title":"Lettera aperta all\u2019attuale presidente della Regione Toscana Eugenio Giani - La Citt\u00e0 invisibile | perUnaltracitt\u00e0 | Firenze","og_description":"Firenze, 4 agosto 2023 Carissimo Presidente, Le scriviamo in questi giorni in cui lei e i suoi collaboratori siete davvero elettrizzati dal movimento rotatorio della tunnel boring machine che giaceva inerte da anni accanto a via Campo d\u2019Arrigo; noi speriamo trovi un attimo di tempo per leggere questa nostra ennesima missiva tesa ad evitare problemi &hellip; Lettera aperta all\u2019attuale presidente della Regione Toscana Eugenio Giani Leggi altro &raquo;","og_url":"https:\/\/www.perunaltracitta.org\/homepage\/2023\/08\/04\/lettera-aperta-allattuale-presidente-della-regione-toscana-eugenio-giani\/","og_site_name":"La Citt\u00e0 invisibile | perUnaltracitt\u00e0 | Firenze","article_publisher":"https:\/\/www.facebook.com\/perunaltracitta","article_published_time":"2023-08-04T21:25:14+00:00","article_modified_time":"2023-08-05T21:24:02+00:00","og_image":[{"width":1600,"height":939,"url":"https:\/\/www.perunaltracitta.org\/wp-content\/uploads\/2023\/08\/tunnel3.jpg","type":"image\/jpeg"}],"author":"NoTunnelTav","twitter_card":"summary_large_image","twitter_creator":"@perunaltracitta","twitter_site":"@perunaltracitta","twitter_misc":{"Scritto da":"NoTunnelTav","Tempo di lettura stimato":"6 minuti"},"schema":{"@context":"https:\/\/schema.org","@graph":[{"@type":"Article","@id":"https:\/\/www.perunaltracitta.org\/homepage\/2023\/08\/04\/lettera-aperta-allattuale-presidente-della-regione-toscana-eugenio-giani\/#article","isPartOf":{"@id":"https:\/\/www.perunaltracitta.org\/homepage\/2023\/08\/04\/lettera-aperta-allattuale-presidente-della-regione-toscana-eugenio-giani\/"},"author":{"name":"NoTunnelTav","@id":"https:\/\/www.perunaltracitta.org\/homepage\/#\/schema\/person\/bfa01f1df894d124f61423db91adf8ed"},"headline":"Lettera aperta all\u2019attuale presidente della Regione Toscana Eugenio Giani","datePublished":"2023-08-04T21:25:14+00:00","dateModified":"2023-08-05T21:24:02+00:00","mainEntityOfPage":{"@id":"https:\/\/www.perunaltracitta.org\/homepage\/2023\/08\/04\/lettera-aperta-allattuale-presidente-della-regione-toscana-eugenio-giani\/"},"wordCount":1207,"commentCount":0,"publisher":{"@id":"https:\/\/www.perunaltracitta.org\/homepage\/#organization"},"image":{"@id":"https:\/\/www.perunaltracitta.org\/homepage\/2023\/08\/04\/lettera-aperta-allattuale-presidente-della-regione-toscana-eugenio-giani\/#primaryimage"},"thumbnailUrl":"https:\/\/www.perunaltracitta.org\/wp-content\/uploads\/2023\/08\/tunnel3.jpg","keywords":["Eugenio Giani","mobilit\u00e0 Firenze","no TAV Firenze","no tunnel tav firenze"],"articleSection":["Apertura","Brevi"],"inLanguage":"it-IT","potentialAction":[{"@type":"CommentAction","name":"Comment","target":["https:\/\/www.perunaltracitta.org\/homepage\/2023\/08\/04\/lettera-aperta-allattuale-presidente-della-regione-toscana-eugenio-giani\/#respond"]}]},{"@type":"WebPage","@id":"https:\/\/www.perunaltracitta.org\/homepage\/2023\/08\/04\/lettera-aperta-allattuale-presidente-della-regione-toscana-eugenio-giani\/","url":"https:\/\/www.perunaltracitta.org\/homepage\/2023\/08\/04\/lettera-aperta-allattuale-presidente-della-regione-toscana-eugenio-giani\/","name":"Lettera aperta all\u2019attuale presidente della Regione Toscana Eugenio Giani - La Citt\u00e0 invisibile | perUnaltracitt\u00e0 | Firenze","isPartOf":{"@id":"https:\/\/www.perunaltracitta.org\/homepage\/#website"},"primaryImageOfPage":{"@id":"https:\/\/www.perunaltracitta.org\/homepage\/2023\/08\/04\/lettera-aperta-allattuale-presidente-della-regione-toscana-eugenio-giani\/#primaryimage"},"image":{"@id":"https:\/\/www.perunaltracitta.org\/homepage\/2023\/08\/04\/lettera-aperta-allattuale-presidente-della-regione-toscana-eugenio-giani\/#primaryimage"},"thumbnailUrl":"https:\/\/www.perunaltracitta.org\/wp-content\/uploads\/2023\/08\/tunnel3.jpg","datePublished":"2023-08-04T21:25:14+00:00","dateModified":"2023-08-05T21:24:02+00:00","breadcrumb":{"@id":"https:\/\/www.perunaltracitta.org\/homepage\/2023\/08\/04\/lettera-aperta-allattuale-presidente-della-regione-toscana-eugenio-giani\/#breadcrumb"},"inLanguage":"it-IT","potentialAction":[{"@type":"ReadAction","target":["https:\/\/www.perunaltracitta.org\/homepage\/2023\/08\/04\/lettera-aperta-allattuale-presidente-della-regione-toscana-eugenio-giani\/"]}]},{"@type":"ImageObject","inLanguage":"it-IT","@id":"https:\/\/www.perunaltracitta.org\/homepage\/2023\/08\/04\/lettera-aperta-allattuale-presidente-della-regione-toscana-eugenio-giani\/#primaryimage","url":"https:\/\/www.perunaltracitta.org\/wp-content\/uploads\/2023\/08\/tunnel3.jpg","contentUrl":"https:\/\/www.perunaltracitta.org\/wp-content\/uploads\/2023\/08\/tunnel3.jpg","width":1600,"height":939},{"@type":"BreadcrumbList","@id":"https:\/\/www.perunaltracitta.org\/homepage\/2023\/08\/04\/lettera-aperta-allattuale-presidente-della-regione-toscana-eugenio-giani\/#breadcrumb","itemListElement":[{"@type":"ListItem","position":1,"name":"Home","item":"https:\/\/www.perunaltracitta.org\/homepage\/"},{"@type":"ListItem","position":2,"name":"Lettera aperta all\u2019attuale presidente della Regione Toscana Eugenio Giani"}]},{"@type":"WebSite","@id":"https:\/\/www.perunaltracitta.org\/homepage\/#website","url":"https:\/\/www.perunaltracitta.org\/homepage\/","name":"La Citt\u00e0 invisibile | perUnaltracitt\u00e0 | Firenze","description":"Voci oltre il pensiero unico","publisher":{"@id":"https:\/\/www.perunaltracitta.org\/homepage\/#organization"},"potentialAction":[{"@type":"SearchAction","target":{"@type":"EntryPoint","urlTemplate":"https:\/\/www.perunaltracitta.org\/homepage\/?s={search_term_string}"},"query-input":{"@type":"PropertyValueSpecification","valueRequired":true,"valueName":"search_term_string"}}],"inLanguage":"it-IT"},{"@type":"Organization","@id":"https:\/\/www.perunaltracitta.org\/homepage\/#organization","name":"perUnaltracitt\u00e0 - laboratorio politico Firenze","url":"https:\/\/www.perunaltracitta.org\/homepage\/","logo":{"@type":"ImageObject","inLanguage":"it-IT","@id":"https:\/\/www.perunaltracitta.org\/homepage\/#\/schema\/logo\/image\/","url":"https:\/\/www.perunaltracitta.org\/wp-content\/uploads\/2025\/11\/Original-on-Transparent-Copia-af-1.png","contentUrl":"https:\/\/www.perunaltracitta.org\/wp-content\/uploads\/2025\/11\/Original-on-Transparent-Copia-af-1.png","width":600,"height":153,"caption":"perUnaltracitt\u00e0 - laboratorio politico Firenze"},"image":{"@id":"https:\/\/www.perunaltracitta.org\/homepage\/#\/schema\/logo\/image\/"},"sameAs":["https:\/\/www.facebook.com\/perunaltracitta","https:\/\/x.com\/perunaltracitta"]},{"@type":"Person","@id":"https:\/\/www.perunaltracitta.org\/homepage\/#\/schema\/person\/bfa01f1df894d124f61423db91adf8ed","name":"NoTunnelTav","image":{"@type":"ImageObject","inLanguage":"it-IT","@id":"https:\/\/www.perunaltracitta.org\/homepage\/#\/schema\/person\/image\/","url":"https:\/\/www.perunaltracitta.org\/wp-content\/uploads\/2016\/10\/no_tav_tunnel_tav_firenze-96x96.jpg","contentUrl":"https:\/\/www.perunaltracitta.org\/wp-content\/uploads\/2016\/10\/no_tav_tunnel_tav_firenze-96x96.jpg","caption":"NoTunnelTav"},"url":"https:\/\/www.perunaltracitta.org\/homepage\/author\/notunneltav\/"}]}},"uagb_featured_image_src":{"full":["https:\/\/www.perunaltracitta.org\/wp-content\/uploads\/2023\/08\/tunnel3.jpg",1600,939,false],"thumbnail":["https:\/\/www.perunaltracitta.org\/wp-content\/uploads\/2023\/08\/tunnel3-150x150.jpg",150,150,true],"medium":["https:\/\/www.perunaltracitta.org\/wp-content\/uploads\/2023\/08\/tunnel3-300x176.jpg",300,176,true],"medium_large":["https:\/\/www.perunaltracitta.org\/wp-content\/uploads\/2023\/08\/tunnel3-768x451.jpg",768,451,true],"large":["https:\/\/www.perunaltracitta.org\/wp-content\/uploads\/2023\/08\/tunnel3-1024x601.jpg",1024,601,true],"wysija-newsletters-max":["https:\/\/www.perunaltracitta.org\/wp-content\/uploads\/2023\/08\/tunnel3-600x352.jpg",600,352,true],"1536x1536":["https:\/\/www.perunaltracitta.org\/wp-content\/uploads\/2023\/08\/tunnel3-1536x901.jpg",1536,901,true],"2048x2048":["https:\/\/www.perunaltracitta.org\/wp-content\/uploads\/2023\/08\/tunnel3.jpg",1600,939,false],"mailpoet_newsletter_max":["https:\/\/www.perunaltracitta.org\/wp-content\/uploads\/2023\/08\/tunnel3-1320x775.jpg",1320,775,true],"yarpp-thumbnail":["https:\/\/www.perunaltracitta.org\/wp-content\/uploads\/2023\/08\/tunnel3-120x120.jpg",120,120,true]},"uagb_author_info":{"display_name":"NoTunnelTav","author_link":"https:\/\/www.perunaltracitta.org\/homepage\/author\/notunneltav\/"},"uagb_comment_info":0,"uagb_excerpt":"Firenze, 4 agosto 2023 Carissimo Presidente, Le scriviamo in questi giorni in cui lei e i suoi collaboratori siete davvero elettrizzati dal movimento rotatorio della tunnel boring machine che giaceva inerte da anni accanto a via Campo d\u2019Arrigo; noi speriamo trovi un attimo di tempo per leggere questa nostra ennesima missiva tesa ad evitare problemi&hellip;","_links":{"self":[{"href":"https:\/\/www.perunaltracitta.org\/homepage\/wp-json\/wp\/v2\/posts\/91796","targetHints":{"allow":["GET"]}}],"collection":[{"href":"https:\/\/www.perunaltracitta.org\/homepage\/wp-json\/wp\/v2\/posts"}],"about":[{"href":"https:\/\/www.perunaltracitta.org\/homepage\/wp-json\/wp\/v2\/types\/post"}],"author":[{"embeddable":true,"href":"https:\/\/www.perunaltracitta.org\/homepage\/wp-json\/wp\/v2\/users\/223"}],"replies":[{"embeddable":true,"href":"https:\/\/www.perunaltracitta.org\/homepage\/wp-json\/wp\/v2\/comments?post=91796"}],"version-history":[{"count":4,"href":"https:\/\/www.perunaltracitta.org\/homepage\/wp-json\/wp\/v2\/posts\/91796\/revisions"}],"predecessor-version":[{"id":91802,"href":"https:\/\/www.perunaltracitta.org\/homepage\/wp-json\/wp\/v2\/posts\/91796\/revisions\/91802"}],"wp:featuredmedia":[{"embeddable":true,"href":"https:\/\/www.perunaltracitta.org\/homepage\/wp-json\/wp\/v2\/media\/91798"}],"wp:attachment":[{"href":"https:\/\/www.perunaltracitta.org\/homepage\/wp-json\/wp\/v2\/media?parent=91796"}],"wp:term":[{"taxonomy":"category","embeddable":true,"href":"https:\/\/www.perunaltracitta.org\/homepage\/wp-json\/wp\/v2\/categories?post=91796"},{"taxonomy":"post_tag","embeddable":true,"href":"https:\/\/www.perunaltracitta.org\/homepage\/wp-json\/wp\/v2\/tags?post=91796"}],"curies":[{"name":"wp","href":"https:\/\/api.w.org\/{rel}","templated":true}]}}