{"id":93471,"date":"2024-02-01T18:53:43","date_gmt":"2024-02-01T17:53:43","guid":{"rendered":"https:\/\/www.perunaltracitta.org\/homepage\/?p=93471"},"modified":"2025-03-10T18:46:19","modified_gmt":"2025-03-10T17:46:19","slug":"gli-ispettori-al-centro-disforie-di-genere-una-crociata-contro-le-vite-e-lautodeterminazione-delle-persone-trans","status":"publish","type":"post","link":"https:\/\/www.perunaltracitta.org\/homepage\/2024\/02\/01\/gli-ispettori-al-centro-disforie-di-genere-una-crociata-contro-le-vite-e-lautodeterminazione-delle-persone-trans\/","title":{"rendered":"Gli ispettori al centro disforie di genere: una crociata contro le vite e l\u2019autodeterminazione delle persone trans"},"content":{"rendered":"<p>DA INVISIBILI A BERSAGLI<\/p>\n<p>Dall\u2019avvento di questo governo si sono moltiplicati gli attacchi alla comunit\u00e0 LGBTQIA+.<br \/>\nIn particolare le soggettivit\u00e0 pi\u00f9 colpite sono quelle pi\u00f9 fragili e invisibili anche all\u2019interno delle istanze della comunit\u00e0 stessa: persone trans e minori.<\/p>\n<p>IL FATTO<\/p>\n<p>In pieno periodo natalizio il senatore Maurizio Gasparri non ha trovato niente di meglio da fare che presentare un\u2019interrogazione parlamentare attaccando le vite e l\u2019autodeterminazione di decine di giovani pazienti e delle loro famiglie in carico a Careggi.<\/p>\n<p>In essa si legge &#8211; \u201cRisulterebbe che ai bambini di et\u00e0 media di 11 anni che vi si recano non venga fornita assistenza psicoterapeutica e psichiatrica\u201d e che -\u201dai piccoli pazienti vengano iniettate le sostanze bloccanti della pubert\u00e0\u201d.<br \/>\nGli fa eco Marco Stella, personaggio che a Firenze conosciamo bene, il quale non perde occasione per gettarsi nella bagarre: \u201csu un tema cos\u00ec delicato non possono esserci incertezze.\u201d<br \/>\nTema sul quale, per l\u2019appunto, Stella non ha alcun tipo di competenza.<\/p>\n<p>Da tutto questo il ministro della salute Orazio Schillaci ha ordinato un\u2019indagine di approfondimento sull\u2019uso da parte del centro della triptolerina.<br \/>\nSi tratta di un bloccante della pubert\u00e0 utilizzato, tra l\u2019altro, anche in ambito endocrinologico e oncologico e per cui non legato soltanto alle casistiche di \u201cdisforia di genere\u201d prese di mira in questo frangente.<\/p>\n<p>L\u2019ispezione, che ha fatto molto rumore nei giorni scorsi e che ha portato nell\u2019occhio del ciclone mediatico persone fragili che dovrebbero essere tutelate e sanitari che dovrebbero poter fare il loro lavoro senza ingerenze esterne, porter\u00e0 a una relazione nei prossimi giorni.<\/p>\n<p>Immaginiamo pertanto che la questione non sia per niente chiusa e che anzi porter\u00e0 a nuovi sviluppi e nuovi vergognosi attacchi, con il senatore Gasparri che ha gi\u00e0 minacciato di proseguire nella sua crociata in caso gli esiti del controllo non fossero quelli da lui paventati.<\/p>\n<p>L\u2019offensiva, ovviamente, \u00e8 funzionale al consenso politico pi\u00f9 che al reale interesse sull\u2019argomento \u2013 posto che a parlare a nome delle persone trans e della loro autodeterminazione troviamo sistematicamente una serie di personalit\u00e0 molto cis e molto etero.<\/p>\n<p>ATTACCHI INCROCIATI<\/p>\n<p>Quello che abbiamo visto in questi giorni non \u00e8 il primo attacco ai diritti, all\u2019autodeterminazione e alle vite delle persone queer degli ultimi tempi.<br \/>\nQuesta primavera il bersaglio furono le famiglie arcobaleno, le quali grazie a una circolare di Piantedosi, si sono viste annullare le trascrizioni degli atti e dei certificati di nascita di coppie omogenitoriali, addirittura con effetto retroattivo, cosa che ha colpito centinaia di bambin\u0259 e ragazz\u0259 (evidentemente le vite dell\u0259 minorenni sono importanti soltanto all\u2019interno di un sistema di famiglia ciseteropatriarcale, meglio se bianco e borghese ).<\/p>\n<p>L\u2019ispezione di Careggi si colloca quindi nell\u2019ambito di una guerra ben definita verso le soggettivit\u00e0 queer che nell\u2019ultimo periodo ha portato anche a far rialzare la testa ad associazioni e realt\u00e0 \u201cpro-vita\u201d che hanno moltiplicato le loro azioni e la loro visibilit\u00e0, sentendosi legittimate da una cultura sempre pi\u00f9 fascisteggiante e forti di un crescente appoggio politico.<\/p>\n<p>Tutto ci\u00f2 senza considerare l\u2019impennata di interventi violenti delle forze dell\u2019ordine verso le soggettivita LGBTQIA+ e studenti dell\u2019ultimo anno e mezzo, figli anch\u2019essi di un clima che \u00e8 diventato quantomeno preoccupante che \u00e8 tuttavia a nostro avviso trasversale agli argomenti trattati in questo articolo.<\/p>\n<p>UN APPUNTO SUL GIORNALISMO<\/p>\n<p>Questi avvenimenti portano ad un\u2019altra inevitabile, quanto amara, riflessione: la qualit\u00e0 del giornalismo e quanto esso contribuisca al proliferare della cultura queerfobica e sessista.<\/p>\n<p>Il linguaggio veicola messaggi molto potenti, contribuisce a creare a aggravare stereotipi se non viene usato in maniera congrua ed \u00e8 necessario che chi gestisce e pratica informazione si prenda carico di utilizzarlo nel modo opportuno.<\/p>\n<p>Se, da un lato, sarebbe opportuno che a parlare di tematiche riguardanti le persone trans siano le persone trans stesse, dall\u2019altro quando questo non \u00e8 possibile, \u00e8 necessario che un\u0259 professionista dall\u2019informazione si prenda la briga di formarsi e informarsi sulle questioni che tratta al fine di utilizzare in maniera esaustiva e corretta un lessico appropriato.<\/p>\n<p>E\u2019 assolutamente inaccettabile vedere ancora oggi in testate con decine di migliaia di lettor\u0259 , utilizzate espressioni come \u201ccambio di sesso\u201d, \u201cil\/la trans\u201d, usare termini patologizzanti e offensivi, sbagliare pronomi delle persone delle quali si parla, se non addirittura mettere in dubbio vite ed esperienze come se chi scrivesse avesse il potere di sovradeterminare l\u2019esistenza di una persona solo perch\u00e8 non cisgender.<\/p>\n<p>Vedere un miglioramento almeno in questo sarebbe gi\u00e0 un piccolo passo avanti che contribuirebbe almeno a dare rispetto e dignit\u00e0 a chi questo rispetto e questa dignit\u00e0 se le vede calpestare ogni singolo giorno.<\/p>\n","protected":false},"excerpt":{"rendered":"<p>DA INVISIBILI A BERSAGLI Dall\u2019avvento di questo governo si sono moltiplicati gli attacchi alla comunit\u00e0 LGBTQIA+. In particolare le soggettivit\u00e0 pi\u00f9 colpite sono quelle pi\u00f9 fragili e invisibili anche all\u2019interno delle istanze della comunit\u00e0 stessa: persone trans e minori. IL FATTO In pieno periodo natalizio il senatore Maurizio Gasparri non ha trovato niente di meglio &hellip;<\/p>\n<p class=\"read-more\"> <a class=\"\" href=\"https:\/\/www.perunaltracitta.org\/homepage\/2024\/02\/01\/gli-ispettori-al-centro-disforie-di-genere-una-crociata-contro-le-vite-e-lautodeterminazione-delle-persone-trans\/\"> <span class=\"screen-reader-text\">Gli ispettori al centro disforie di genere: una crociata contro le vite e l\u2019autodeterminazione delle persone trans<\/span> Leggi altro &raquo;<\/a><\/p>\n","protected":false},"author":520,"featured_media":93472,"comment_status":"open","ping_status":"open","sticky":false,"template":"","format":"standard","meta":{"_uag_custom_page_level_css":"","site-sidebar-layout":"default","site-content-layout":"default","ast-global-header-display":"","ast-main-header-display":"","ast-hfb-above-header-display":"","ast-hfb-below-header-display":"","ast-hfb-mobile-header-display":"","site-post-title":"","ast-breadcrumbs-content":"","ast-featured-img":"","footer-sml-layout":"","theme-transparent-header-meta":"default","adv-header-id-meta":"","stick-header-meta":"","header-above-stick-meta":"","header-main-stick-meta":"","header-below-stick-meta":"","footnotes":""},"categories":[281,4130],"tags":[1209,1188,256,3075,6396,6398,6399,6397],"class_list":["post-93471","post","type-post","status-publish","format-standard","has-post-thumbnail","hentry","category-apertura","category-primo-piano","tag-autodeterminazione","tag-careggi","tag-diritti","tag-diritti-lgbtqia","tag-disforie-di-genere","tag-gasparri","tag-persone-queer","tag-persone-trans"],"yoast_head":"<!-- This site is optimized with the Yoast SEO plugin v25.1 - https:\/\/yoast.com\/wordpress\/plugins\/seo\/ -->\n<title>Gli ispettori al centro disforie di genere: una crociata contro le vite e l\u2019autodeterminazione delle persone trans - La Citt\u00e0 invisibile | perUnaltracitt\u00e0 | Firenze<\/title>\n<meta name=\"robots\" content=\"index, follow, max-snippet:-1, max-image-preview:large, max-video-preview:-1\" \/>\n<link rel=\"canonical\" href=\"https:\/\/www.perunaltracitta.org\/homepage\/2024\/02\/01\/gli-ispettori-al-centro-disforie-di-genere-una-crociata-contro-le-vite-e-lautodeterminazione-delle-persone-trans\/\" \/>\n<meta property=\"og:locale\" content=\"it_IT\" \/>\n<meta property=\"og:type\" content=\"article\" \/>\n<meta property=\"og:title\" content=\"Gli ispettori al centro disforie di genere: una crociata contro le vite e l\u2019autodeterminazione delle persone trans - La Citt\u00e0 invisibile | perUnaltracitt\u00e0 | Firenze\" \/>\n<meta property=\"og:description\" content=\"DA INVISIBILI A BERSAGLI Dall\u2019avvento di questo governo si sono moltiplicati gli attacchi alla comunit\u00e0 LGBTQIA+. In particolare le soggettivit\u00e0 pi\u00f9 colpite sono quelle pi\u00f9 fragili e invisibili anche all\u2019interno delle istanze della comunit\u00e0 stessa: persone trans e minori. IL FATTO In pieno periodo natalizio il senatore Maurizio Gasparri non ha trovato niente di meglio &hellip; Gli ispettori al centro disforie di genere: una crociata contro le vite e l\u2019autodeterminazione delle persone trans Leggi altro &raquo;\" \/>\n<meta property=\"og:url\" content=\"https:\/\/www.perunaltracitta.org\/homepage\/2024\/02\/01\/gli-ispettori-al-centro-disforie-di-genere-una-crociata-contro-le-vite-e-lautodeterminazione-delle-persone-trans\/\" \/>\n<meta property=\"og:site_name\" content=\"La Citt\u00e0 invisibile | perUnaltracitt\u00e0 | Firenze\" \/>\n<meta property=\"article:publisher\" content=\"https:\/\/www.facebook.com\/perunaltracitta\" \/>\n<meta property=\"article:published_time\" content=\"2024-02-01T17:53:43+00:00\" \/>\n<meta property=\"article:modified_time\" content=\"2025-03-10T17:46:19+00:00\" \/>\n<meta property=\"og:image\" content=\"https:\/\/www.perunaltracitta.org\/wp-content\/uploads\/2024\/01\/2018.06.09_Capital_Pride_Parade_Washington_DC_USA_03177_27844679577-scaled.jpg\" \/>\n\t<meta property=\"og:image:width\" content=\"2560\" \/>\n\t<meta property=\"og:image:height\" content=\"1549\" \/>\n\t<meta property=\"og:image:type\" content=\"image\/jpeg\" \/>\n<meta name=\"author\" content=\"Marco Filippini\" \/>\n<meta name=\"twitter:card\" content=\"summary_large_image\" \/>\n<meta name=\"twitter:creator\" content=\"@perunaltracitta\" \/>\n<meta name=\"twitter:site\" content=\"@perunaltracitta\" \/>\n<meta name=\"twitter:label1\" content=\"Scritto da\" \/>\n\t<meta name=\"twitter:data1\" content=\"Marco Filippini\" \/>\n\t<meta name=\"twitter:label2\" content=\"Tempo di lettura stimato\" \/>\n\t<meta name=\"twitter:data2\" content=\"5 minuti\" \/>\n<script type=\"application\/ld+json\" class=\"yoast-schema-graph\">{\"@context\":\"https:\/\/schema.org\",\"@graph\":[{\"@type\":\"Article\",\"@id\":\"https:\/\/www.perunaltracitta.org\/homepage\/2024\/02\/01\/gli-ispettori-al-centro-disforie-di-genere-una-crociata-contro-le-vite-e-lautodeterminazione-delle-persone-trans\/#article\",\"isPartOf\":{\"@id\":\"https:\/\/www.perunaltracitta.org\/homepage\/2024\/02\/01\/gli-ispettori-al-centro-disforie-di-genere-una-crociata-contro-le-vite-e-lautodeterminazione-delle-persone-trans\/\"},\"author\":{\"name\":\"Marco Filippini\",\"@id\":\"https:\/\/www.perunaltracitta.org\/homepage\/#\/schema\/person\/d3df7be1e11610d9c9e51adff04fedf4\"},\"headline\":\"Gli ispettori al centro disforie di genere: una crociata contro le vite e l\u2019autodeterminazione delle persone trans\",\"datePublished\":\"2024-02-01T17:53:43+00:00\",\"dateModified\":\"2025-03-10T17:46:19+00:00\",\"mainEntityOfPage\":{\"@id\":\"https:\/\/www.perunaltracitta.org\/homepage\/2024\/02\/01\/gli-ispettori-al-centro-disforie-di-genere-una-crociata-contro-le-vite-e-lautodeterminazione-delle-persone-trans\/\"},\"wordCount\":782,\"commentCount\":0,\"publisher\":{\"@id\":\"https:\/\/www.perunaltracitta.org\/homepage\/#organization\"},\"image\":{\"@id\":\"https:\/\/www.perunaltracitta.org\/homepage\/2024\/02\/01\/gli-ispettori-al-centro-disforie-di-genere-una-crociata-contro-le-vite-e-lautodeterminazione-delle-persone-trans\/#primaryimage\"},\"thumbnailUrl\":\"https:\/\/www.perunaltracitta.org\/wp-content\/uploads\/2024\/01\/2018.06.09_Capital_Pride_Parade_Washington_DC_USA_03177_27844679577-scaled.jpg\",\"keywords\":[\"autodeterminazione\",\"Careggi\",\"diritti\",\"diritti lgbtqia+\",\"Disforie di genere\",\"Gasparri\",\"persone queer\",\"persone trans\"],\"articleSection\":[\"Apertura\",\"In evidenza\"],\"inLanguage\":\"it-IT\",\"potentialAction\":[{\"@type\":\"CommentAction\",\"name\":\"Comment\",\"target\":[\"https:\/\/www.perunaltracitta.org\/homepage\/2024\/02\/01\/gli-ispettori-al-centro-disforie-di-genere-una-crociata-contro-le-vite-e-lautodeterminazione-delle-persone-trans\/#respond\"]}]},{\"@type\":\"WebPage\",\"@id\":\"https:\/\/www.perunaltracitta.org\/homepage\/2024\/02\/01\/gli-ispettori-al-centro-disforie-di-genere-una-crociata-contro-le-vite-e-lautodeterminazione-delle-persone-trans\/\",\"url\":\"https:\/\/www.perunaltracitta.org\/homepage\/2024\/02\/01\/gli-ispettori-al-centro-disforie-di-genere-una-crociata-contro-le-vite-e-lautodeterminazione-delle-persone-trans\/\",\"name\":\"Gli ispettori al centro disforie di genere: una crociata contro le vite e l\u2019autodeterminazione delle persone trans - La Citt\u00e0 invisibile | perUnaltracitt\u00e0 | Firenze\",\"isPartOf\":{\"@id\":\"https:\/\/www.perunaltracitta.org\/homepage\/#website\"},\"primaryImageOfPage\":{\"@id\":\"https:\/\/www.perunaltracitta.org\/homepage\/2024\/02\/01\/gli-ispettori-al-centro-disforie-di-genere-una-crociata-contro-le-vite-e-lautodeterminazione-delle-persone-trans\/#primaryimage\"},\"image\":{\"@id\":\"https:\/\/www.perunaltracitta.org\/homepage\/2024\/02\/01\/gli-ispettori-al-centro-disforie-di-genere-una-crociata-contro-le-vite-e-lautodeterminazione-delle-persone-trans\/#primaryimage\"},\"thumbnailUrl\":\"https:\/\/www.perunaltracitta.org\/wp-content\/uploads\/2024\/01\/2018.06.09_Capital_Pride_Parade_Washington_DC_USA_03177_27844679577-scaled.jpg\",\"datePublished\":\"2024-02-01T17:53:43+00:00\",\"dateModified\":\"2025-03-10T17:46:19+00:00\",\"breadcrumb\":{\"@id\":\"https:\/\/www.perunaltracitta.org\/homepage\/2024\/02\/01\/gli-ispettori-al-centro-disforie-di-genere-una-crociata-contro-le-vite-e-lautodeterminazione-delle-persone-trans\/#breadcrumb\"},\"inLanguage\":\"it-IT\",\"potentialAction\":[{\"@type\":\"ReadAction\",\"target\":[\"https:\/\/www.perunaltracitta.org\/homepage\/2024\/02\/01\/gli-ispettori-al-centro-disforie-di-genere-una-crociata-contro-le-vite-e-lautodeterminazione-delle-persone-trans\/\"]}]},{\"@type\":\"ImageObject\",\"inLanguage\":\"it-IT\",\"@id\":\"https:\/\/www.perunaltracitta.org\/homepage\/2024\/02\/01\/gli-ispettori-al-centro-disforie-di-genere-una-crociata-contro-le-vite-e-lautodeterminazione-delle-persone-trans\/#primaryimage\",\"url\":\"https:\/\/www.perunaltracitta.org\/wp-content\/uploads\/2024\/01\/2018.06.09_Capital_Pride_Parade_Washington_DC_USA_03177_27844679577-scaled.jpg\",\"contentUrl\":\"https:\/\/www.perunaltracitta.org\/wp-content\/uploads\/2024\/01\/2018.06.09_Capital_Pride_Parade_Washington_DC_USA_03177_27844679577-scaled.jpg\",\"width\":2560,\"height\":1549,\"caption\":\"transgender\"},{\"@type\":\"BreadcrumbList\",\"@id\":\"https:\/\/www.perunaltracitta.org\/homepage\/2024\/02\/01\/gli-ispettori-al-centro-disforie-di-genere-una-crociata-contro-le-vite-e-lautodeterminazione-delle-persone-trans\/#breadcrumb\",\"itemListElement\":[{\"@type\":\"ListItem\",\"position\":1,\"name\":\"Home\",\"item\":\"https:\/\/www.perunaltracitta.org\/homepage\/\"},{\"@type\":\"ListItem\",\"position\":2,\"name\":\"Gli ispettori al centro disforie di genere: una crociata contro le vite e l\u2019autodeterminazione delle persone trans\"}]},{\"@type\":\"WebSite\",\"@id\":\"https:\/\/www.perunaltracitta.org\/homepage\/#website\",\"url\":\"https:\/\/www.perunaltracitta.org\/homepage\/\",\"name\":\"La Citt\u00e0 invisibile | perUnaltracitt\u00e0 | Firenze\",\"description\":\"Voci oltre il pensiero unico\",\"publisher\":{\"@id\":\"https:\/\/www.perunaltracitta.org\/homepage\/#organization\"},\"potentialAction\":[{\"@type\":\"SearchAction\",\"target\":{\"@type\":\"EntryPoint\",\"urlTemplate\":\"https:\/\/www.perunaltracitta.org\/homepage\/?s={search_term_string}\"},\"query-input\":{\"@type\":\"PropertyValueSpecification\",\"valueRequired\":true,\"valueName\":\"search_term_string\"}}],\"inLanguage\":\"it-IT\"},{\"@type\":\"Organization\",\"@id\":\"https:\/\/www.perunaltracitta.org\/homepage\/#organization\",\"name\":\"perUnaltracitt\u00e0 - laboratorio politico Firenze\",\"url\":\"https:\/\/www.perunaltracitta.org\/homepage\/\",\"logo\":{\"@type\":\"ImageObject\",\"inLanguage\":\"it-IT\",\"@id\":\"https:\/\/www.perunaltracitta.org\/homepage\/#\/schema\/logo\/image\/\",\"url\":\"https:\/\/www.perunaltracitta.org\/wp-content\/uploads\/2025\/11\/Original-on-Transparent-Copia-af-1.png\",\"contentUrl\":\"https:\/\/www.perunaltracitta.org\/wp-content\/uploads\/2025\/11\/Original-on-Transparent-Copia-af-1.png\",\"width\":600,\"height\":153,\"caption\":\"perUnaltracitt\u00e0 - laboratorio politico Firenze\"},\"image\":{\"@id\":\"https:\/\/www.perunaltracitta.org\/homepage\/#\/schema\/logo\/image\/\"},\"sameAs\":[\"https:\/\/www.facebook.com\/perunaltracitta\",\"https:\/\/x.com\/perunaltracitta\"]},{\"@type\":\"Person\",\"@id\":\"https:\/\/www.perunaltracitta.org\/homepage\/#\/schema\/person\/d3df7be1e11610d9c9e51adff04fedf4\",\"name\":\"Marco Filippini\",\"image\":{\"@type\":\"ImageObject\",\"inLanguage\":\"it-IT\",\"@id\":\"https:\/\/www.perunaltracitta.org\/homepage\/#\/schema\/person\/image\/\",\"url\":\"https:\/\/www.perunaltracitta.org\/wp-content\/uploads\/2024\/02\/5935bb25-9893-41c8-adf4-5aa58066cee0-120x120.jpg\",\"contentUrl\":\"https:\/\/www.perunaltracitta.org\/wp-content\/uploads\/2024\/02\/5935bb25-9893-41c8-adf4-5aa58066cee0-120x120.jpg\",\"caption\":\"Marco Filippini\"},\"description\":\"Nato e cresciuto a Firenze, dopo aver terminato gli studi classici si interessa di politica e attivismo. Ormai da anni si occupa di diritti civili e sociali, in particolare di tematiche queer e transfemministe, dal 2021 \u00e8 presidente e fondatore di Love My Way. Nel tempo libero si dedica alla musica, al canto, al teatro e al calcio, in una poliedricit\u00e0 di interessi e tematiche che si riflette anche nella sua azione di attivismo politico e sociale.\",\"url\":\"https:\/\/www.perunaltracitta.org\/homepage\/author\/marco-filippini\/\"}]}<\/script>\n<!-- \/ Yoast SEO plugin. -->","yoast_head_json":{"title":"Gli ispettori al centro disforie di genere: una crociata contro le vite e l\u2019autodeterminazione delle persone trans - La Citt\u00e0 invisibile | perUnaltracitt\u00e0 | Firenze","robots":{"index":"index","follow":"follow","max-snippet":"max-snippet:-1","max-image-preview":"max-image-preview:large","max-video-preview":"max-video-preview:-1"},"canonical":"https:\/\/www.perunaltracitta.org\/homepage\/2024\/02\/01\/gli-ispettori-al-centro-disforie-di-genere-una-crociata-contro-le-vite-e-lautodeterminazione-delle-persone-trans\/","og_locale":"it_IT","og_type":"article","og_title":"Gli ispettori al centro disforie di genere: una crociata contro le vite e l\u2019autodeterminazione delle persone trans - La Citt\u00e0 invisibile | perUnaltracitt\u00e0 | Firenze","og_description":"DA INVISIBILI A BERSAGLI Dall\u2019avvento di questo governo si sono moltiplicati gli attacchi alla comunit\u00e0 LGBTQIA+. In particolare le soggettivit\u00e0 pi\u00f9 colpite sono quelle pi\u00f9 fragili e invisibili anche all\u2019interno delle istanze della comunit\u00e0 stessa: persone trans e minori. IL FATTO In pieno periodo natalizio il senatore Maurizio Gasparri non ha trovato niente di meglio &hellip; Gli ispettori al centro disforie di genere: una crociata contro le vite e l\u2019autodeterminazione delle persone trans Leggi altro &raquo;","og_url":"https:\/\/www.perunaltracitta.org\/homepage\/2024\/02\/01\/gli-ispettori-al-centro-disforie-di-genere-una-crociata-contro-le-vite-e-lautodeterminazione-delle-persone-trans\/","og_site_name":"La Citt\u00e0 invisibile | perUnaltracitt\u00e0 | Firenze","article_publisher":"https:\/\/www.facebook.com\/perunaltracitta","article_published_time":"2024-02-01T17:53:43+00:00","article_modified_time":"2025-03-10T17:46:19+00:00","og_image":[{"width":2560,"height":1549,"url":"https:\/\/www.perunaltracitta.org\/wp-content\/uploads\/2024\/01\/2018.06.09_Capital_Pride_Parade_Washington_DC_USA_03177_27844679577-scaled.jpg","type":"image\/jpeg"}],"author":"Marco Filippini","twitter_card":"summary_large_image","twitter_creator":"@perunaltracitta","twitter_site":"@perunaltracitta","twitter_misc":{"Scritto da":"Marco Filippini","Tempo di lettura stimato":"5 minuti"},"schema":{"@context":"https:\/\/schema.org","@graph":[{"@type":"Article","@id":"https:\/\/www.perunaltracitta.org\/homepage\/2024\/02\/01\/gli-ispettori-al-centro-disforie-di-genere-una-crociata-contro-le-vite-e-lautodeterminazione-delle-persone-trans\/#article","isPartOf":{"@id":"https:\/\/www.perunaltracitta.org\/homepage\/2024\/02\/01\/gli-ispettori-al-centro-disforie-di-genere-una-crociata-contro-le-vite-e-lautodeterminazione-delle-persone-trans\/"},"author":{"name":"Marco Filippini","@id":"https:\/\/www.perunaltracitta.org\/homepage\/#\/schema\/person\/d3df7be1e11610d9c9e51adff04fedf4"},"headline":"Gli ispettori al centro disforie di genere: una crociata contro le vite e l\u2019autodeterminazione delle persone trans","datePublished":"2024-02-01T17:53:43+00:00","dateModified":"2025-03-10T17:46:19+00:00","mainEntityOfPage":{"@id":"https:\/\/www.perunaltracitta.org\/homepage\/2024\/02\/01\/gli-ispettori-al-centro-disforie-di-genere-una-crociata-contro-le-vite-e-lautodeterminazione-delle-persone-trans\/"},"wordCount":782,"commentCount":0,"publisher":{"@id":"https:\/\/www.perunaltracitta.org\/homepage\/#organization"},"image":{"@id":"https:\/\/www.perunaltracitta.org\/homepage\/2024\/02\/01\/gli-ispettori-al-centro-disforie-di-genere-una-crociata-contro-le-vite-e-lautodeterminazione-delle-persone-trans\/#primaryimage"},"thumbnailUrl":"https:\/\/www.perunaltracitta.org\/wp-content\/uploads\/2024\/01\/2018.06.09_Capital_Pride_Parade_Washington_DC_USA_03177_27844679577-scaled.jpg","keywords":["autodeterminazione","Careggi","diritti","diritti lgbtqia+","Disforie di genere","Gasparri","persone queer","persone trans"],"articleSection":["Apertura","In evidenza"],"inLanguage":"it-IT","potentialAction":[{"@type":"CommentAction","name":"Comment","target":["https:\/\/www.perunaltracitta.org\/homepage\/2024\/02\/01\/gli-ispettori-al-centro-disforie-di-genere-una-crociata-contro-le-vite-e-lautodeterminazione-delle-persone-trans\/#respond"]}]},{"@type":"WebPage","@id":"https:\/\/www.perunaltracitta.org\/homepage\/2024\/02\/01\/gli-ispettori-al-centro-disforie-di-genere-una-crociata-contro-le-vite-e-lautodeterminazione-delle-persone-trans\/","url":"https:\/\/www.perunaltracitta.org\/homepage\/2024\/02\/01\/gli-ispettori-al-centro-disforie-di-genere-una-crociata-contro-le-vite-e-lautodeterminazione-delle-persone-trans\/","name":"Gli ispettori al centro disforie di genere: una crociata contro le vite e l\u2019autodeterminazione delle persone trans - La Citt\u00e0 invisibile | perUnaltracitt\u00e0 | Firenze","isPartOf":{"@id":"https:\/\/www.perunaltracitta.org\/homepage\/#website"},"primaryImageOfPage":{"@id":"https:\/\/www.perunaltracitta.org\/homepage\/2024\/02\/01\/gli-ispettori-al-centro-disforie-di-genere-una-crociata-contro-le-vite-e-lautodeterminazione-delle-persone-trans\/#primaryimage"},"image":{"@id":"https:\/\/www.perunaltracitta.org\/homepage\/2024\/02\/01\/gli-ispettori-al-centro-disforie-di-genere-una-crociata-contro-le-vite-e-lautodeterminazione-delle-persone-trans\/#primaryimage"},"thumbnailUrl":"https:\/\/www.perunaltracitta.org\/wp-content\/uploads\/2024\/01\/2018.06.09_Capital_Pride_Parade_Washington_DC_USA_03177_27844679577-scaled.jpg","datePublished":"2024-02-01T17:53:43+00:00","dateModified":"2025-03-10T17:46:19+00:00","breadcrumb":{"@id":"https:\/\/www.perunaltracitta.org\/homepage\/2024\/02\/01\/gli-ispettori-al-centro-disforie-di-genere-una-crociata-contro-le-vite-e-lautodeterminazione-delle-persone-trans\/#breadcrumb"},"inLanguage":"it-IT","potentialAction":[{"@type":"ReadAction","target":["https:\/\/www.perunaltracitta.org\/homepage\/2024\/02\/01\/gli-ispettori-al-centro-disforie-di-genere-una-crociata-contro-le-vite-e-lautodeterminazione-delle-persone-trans\/"]}]},{"@type":"ImageObject","inLanguage":"it-IT","@id":"https:\/\/www.perunaltracitta.org\/homepage\/2024\/02\/01\/gli-ispettori-al-centro-disforie-di-genere-una-crociata-contro-le-vite-e-lautodeterminazione-delle-persone-trans\/#primaryimage","url":"https:\/\/www.perunaltracitta.org\/wp-content\/uploads\/2024\/01\/2018.06.09_Capital_Pride_Parade_Washington_DC_USA_03177_27844679577-scaled.jpg","contentUrl":"https:\/\/www.perunaltracitta.org\/wp-content\/uploads\/2024\/01\/2018.06.09_Capital_Pride_Parade_Washington_DC_USA_03177_27844679577-scaled.jpg","width":2560,"height":1549,"caption":"transgender"},{"@type":"BreadcrumbList","@id":"https:\/\/www.perunaltracitta.org\/homepage\/2024\/02\/01\/gli-ispettori-al-centro-disforie-di-genere-una-crociata-contro-le-vite-e-lautodeterminazione-delle-persone-trans\/#breadcrumb","itemListElement":[{"@type":"ListItem","position":1,"name":"Home","item":"https:\/\/www.perunaltracitta.org\/homepage\/"},{"@type":"ListItem","position":2,"name":"Gli ispettori al centro disforie di genere: una crociata contro le vite e l\u2019autodeterminazione delle persone trans"}]},{"@type":"WebSite","@id":"https:\/\/www.perunaltracitta.org\/homepage\/#website","url":"https:\/\/www.perunaltracitta.org\/homepage\/","name":"La Citt\u00e0 invisibile | perUnaltracitt\u00e0 | Firenze","description":"Voci oltre il pensiero unico","publisher":{"@id":"https:\/\/www.perunaltracitta.org\/homepage\/#organization"},"potentialAction":[{"@type":"SearchAction","target":{"@type":"EntryPoint","urlTemplate":"https:\/\/www.perunaltracitta.org\/homepage\/?s={search_term_string}"},"query-input":{"@type":"PropertyValueSpecification","valueRequired":true,"valueName":"search_term_string"}}],"inLanguage":"it-IT"},{"@type":"Organization","@id":"https:\/\/www.perunaltracitta.org\/homepage\/#organization","name":"perUnaltracitt\u00e0 - laboratorio politico Firenze","url":"https:\/\/www.perunaltracitta.org\/homepage\/","logo":{"@type":"ImageObject","inLanguage":"it-IT","@id":"https:\/\/www.perunaltracitta.org\/homepage\/#\/schema\/logo\/image\/","url":"https:\/\/www.perunaltracitta.org\/wp-content\/uploads\/2025\/11\/Original-on-Transparent-Copia-af-1.png","contentUrl":"https:\/\/www.perunaltracitta.org\/wp-content\/uploads\/2025\/11\/Original-on-Transparent-Copia-af-1.png","width":600,"height":153,"caption":"perUnaltracitt\u00e0 - laboratorio politico Firenze"},"image":{"@id":"https:\/\/www.perunaltracitta.org\/homepage\/#\/schema\/logo\/image\/"},"sameAs":["https:\/\/www.facebook.com\/perunaltracitta","https:\/\/x.com\/perunaltracitta"]},{"@type":"Person","@id":"https:\/\/www.perunaltracitta.org\/homepage\/#\/schema\/person\/d3df7be1e11610d9c9e51adff04fedf4","name":"Marco Filippini","image":{"@type":"ImageObject","inLanguage":"it-IT","@id":"https:\/\/www.perunaltracitta.org\/homepage\/#\/schema\/person\/image\/","url":"https:\/\/www.perunaltracitta.org\/wp-content\/uploads\/2024\/02\/5935bb25-9893-41c8-adf4-5aa58066cee0-120x120.jpg","contentUrl":"https:\/\/www.perunaltracitta.org\/wp-content\/uploads\/2024\/02\/5935bb25-9893-41c8-adf4-5aa58066cee0-120x120.jpg","caption":"Marco Filippini"},"description":"Nato e cresciuto a Firenze, dopo aver terminato gli studi classici si interessa di politica e attivismo. Ormai da anni si occupa di diritti civili e sociali, in particolare di tematiche queer e transfemministe, dal 2021 \u00e8 presidente e fondatore di Love My Way. Nel tempo libero si dedica alla musica, al canto, al teatro e al calcio, in una poliedricit\u00e0 di interessi e tematiche che si riflette anche nella sua azione di attivismo politico e sociale.","url":"https:\/\/www.perunaltracitta.org\/homepage\/author\/marco-filippini\/"}]}},"uagb_featured_image_src":{"full":["https:\/\/www.perunaltracitta.org\/wp-content\/uploads\/2024\/01\/2018.06.09_Capital_Pride_Parade_Washington_DC_USA_03177_27844679577-scaled.jpg",2560,1549,false],"thumbnail":["https:\/\/www.perunaltracitta.org\/wp-content\/uploads\/2024\/01\/2018.06.09_Capital_Pride_Parade_Washington_DC_USA_03177_27844679577-150x150.jpg",150,150,true],"medium":["https:\/\/www.perunaltracitta.org\/wp-content\/uploads\/2024\/01\/2018.06.09_Capital_Pride_Parade_Washington_DC_USA_03177_27844679577-300x182.jpg",300,182,true],"medium_large":["https:\/\/www.perunaltracitta.org\/wp-content\/uploads\/2024\/01\/2018.06.09_Capital_Pride_Parade_Washington_DC_USA_03177_27844679577-768x465.jpg",768,465,true],"large":["https:\/\/www.perunaltracitta.org\/wp-content\/uploads\/2024\/01\/2018.06.09_Capital_Pride_Parade_Washington_DC_USA_03177_27844679577-1024x620.jpg",1024,620,true],"wysija-newsletters-max":["https:\/\/www.perunaltracitta.org\/wp-content\/uploads\/2024\/01\/2018.06.09_Capital_Pride_Parade_Washington_DC_USA_03177_27844679577-600x363.jpg",600,363,true],"1536x1536":["https:\/\/www.perunaltracitta.org\/wp-content\/uploads\/2024\/01\/2018.06.09_Capital_Pride_Parade_Washington_DC_USA_03177_27844679577-1536x930.jpg",1536,930,true],"2048x2048":["https:\/\/www.perunaltracitta.org\/wp-content\/uploads\/2024\/01\/2018.06.09_Capital_Pride_Parade_Washington_DC_USA_03177_27844679577-2048x1239.jpg",2048,1239,true],"mailpoet_newsletter_max":["https:\/\/www.perunaltracitta.org\/wp-content\/uploads\/2024\/01\/2018.06.09_Capital_Pride_Parade_Washington_DC_USA_03177_27844679577-1320x799.jpg",1320,799,true],"yarpp-thumbnail":["https:\/\/www.perunaltracitta.org\/wp-content\/uploads\/2024\/01\/2018.06.09_Capital_Pride_Parade_Washington_DC_USA_03177_27844679577-120x120.jpg",120,120,true]},"uagb_author_info":{"display_name":"Marco Filippini","author_link":"https:\/\/www.perunaltracitta.org\/homepage\/author\/marco-filippini\/"},"uagb_comment_info":0,"uagb_excerpt":"DA INVISIBILI A BERSAGLI Dall\u2019avvento di questo governo si sono moltiplicati gli attacchi alla comunit\u00e0 LGBTQIA+. In particolare le soggettivit\u00e0 pi\u00f9 colpite sono quelle pi\u00f9 fragili e invisibili anche all\u2019interno delle istanze della comunit\u00e0 stessa: persone trans e minori. IL FATTO In pieno periodo natalizio il senatore Maurizio Gasparri non ha trovato niente di meglio&hellip;","_links":{"self":[{"href":"https:\/\/www.perunaltracitta.org\/homepage\/wp-json\/wp\/v2\/posts\/93471","targetHints":{"allow":["GET"]}}],"collection":[{"href":"https:\/\/www.perunaltracitta.org\/homepage\/wp-json\/wp\/v2\/posts"}],"about":[{"href":"https:\/\/www.perunaltracitta.org\/homepage\/wp-json\/wp\/v2\/types\/post"}],"author":[{"embeddable":true,"href":"https:\/\/www.perunaltracitta.org\/homepage\/wp-json\/wp\/v2\/users\/520"}],"replies":[{"embeddable":true,"href":"https:\/\/www.perunaltracitta.org\/homepage\/wp-json\/wp\/v2\/comments?post=93471"}],"version-history":[{"count":3,"href":"https:\/\/www.perunaltracitta.org\/homepage\/wp-json\/wp\/v2\/posts\/93471\/revisions"}],"predecessor-version":[{"id":93476,"href":"https:\/\/www.perunaltracitta.org\/homepage\/wp-json\/wp\/v2\/posts\/93471\/revisions\/93476"}],"wp:featuredmedia":[{"embeddable":true,"href":"https:\/\/www.perunaltracitta.org\/homepage\/wp-json\/wp\/v2\/media\/93472"}],"wp:attachment":[{"href":"https:\/\/www.perunaltracitta.org\/homepage\/wp-json\/wp\/v2\/media?parent=93471"}],"wp:term":[{"taxonomy":"category","embeddable":true,"href":"https:\/\/www.perunaltracitta.org\/homepage\/wp-json\/wp\/v2\/categories?post=93471"},{"taxonomy":"post_tag","embeddable":true,"href":"https:\/\/www.perunaltracitta.org\/homepage\/wp-json\/wp\/v2\/tags?post=93471"}],"curies":[{"name":"wp","href":"https:\/\/api.w.org\/{rel}","templated":true}]}}