{"id":95797,"date":"2024-09-03T19:34:12","date_gmt":"2024-09-03T17:34:12","guid":{"rendered":"https:\/\/www.perunaltracitta.org\/homepage\/?p=95797"},"modified":"2024-09-03T19:34:28","modified_gmt":"2024-09-03T17:34:28","slug":"fermiamo-insieme-il-ddl-1660","status":"publish","type":"post","link":"https:\/\/www.perunaltracitta.org\/homepage\/2024\/09\/03\/fermiamo-insieme-il-ddl-1660\/","title":{"rendered":"Fermiamo insieme il DDL 1660"},"content":{"rendered":"<p class=\"x11i5rnm xat24cr x1mh8g0r x1vvkbs xtlvy1s x126k92a\"><span style=\"font-size: 12pt;\">Da molti anni, con i pi\u00f9 svariati pretesti, i governi di diverso colore hanno introdotto leggi per limitare l\u2019agibilit\u00e0 di scioperare, lottare, manifestare.<\/span><\/p>\n<div dir=\"auto\"><span style=\"font-size: 12pt;\">Il governo Meloni \u00e8 deciso a proseguire questa operazione facendo un salto sia qualitativo che quantitativo rispetto ai precedenti governi attraverso il disegno di legge 1660, che il 10 settembre passa alle Camere per la discussione e l\u2019approvazione.\u00a0<\/span><\/div>\n<p dir=\"auto\"><span style=\"font-size: 12pt;\">Con questa &#8220;legge-manganello&#8221; il governo vuole &#8220;regolare i conti&#8221; con tutte le realt\u00e0 ed esperienze di lotta in corso e creare gli strumenti giuridici necessari per stroncare sul nascere i futuri, inevitabili conflitti sociali. La sempre pi\u00f9 marcata tendenza alla guerra sul fronte esterno richiede sul fronte interno un contesto sociale pacificato, e a questo &#8220;lavorano&#8221; tutti gli apparati dello stato. <\/span><\/p>\n<p dir=\"auto\"><span style=\"font-size: 12pt;\">Il DDL 1660, introducendo nuovi reati e nuove aggravanti di pena, colpisce insieme le manifestazioni contro le guerre, a cominciare da quelle contro il genocidio di Gaza, e quelle contro la costruzione di nuovi insediamenti militari; i picchetti operai; le proteste contro le \u201cgrandi opere\u201d, la catastrofe ecologica, la speculazione energetica; le forme di lotta di cui questi movimenti si dotano per aumentare la propria efficacia come i blocchi stradali e ferroviari; le occupazioni di case sfitte. E contiene norme durissime contro qualsiasi forma di protesta e di resistenza, anche passiva, nelle carceri e nei Centri di reclusione degli immigrati senza permesso di soggiorno, perfino contro le proteste di familiari e solidali a loro supporto.<\/span><\/p>\n<div dir=\"auto\"><\/div>\n<div dir=\"auto\"><span style=\"font-size: 12pt;\">Il DDL 1660 arriva a punire anche il \u201cterrorismo della parola\u201d, cio\u00e8 la detenzione di scritti che inneggiano alla lotta \u2013 dal momento che, gratta gratta, dietro il ricorso alla categoria \u201cterrorismo\u201d, usato apposta per creare paura, non c\u2019\u00e8 altro che la lotta di classe e le lotte sociali ed ecologiste.<\/span><\/div>\n<div dir=\"auto\"><\/div>\n<div dir=\"auto\"><span style=\"font-size: 12pt;\">Il DDL 1660, mentre criminalizza ogni forma di dissenso, prevede la totale impunit\u00e0 per le forze dell\u2019ordine, le quali saranno ulteriormente tutelate nei casi sempre pi\u00f9 frequenti di \u201cabuso in divisa\u201d e potranno portare armi anche fuori servizio : massima restrizione della libert\u00e0 di lottare per tutti\/e da un lato, massimo ampliamento della potest\u00e0 di reprimere, picchiare e punire per le \u201cforze dell\u2019ordine\u201d, messe al riparo da ogni responsabilit\u00e0 per i loro comportamenti.<\/span><\/div>\n<div dir=\"auto\"><\/div>\n<div dir=\"auto\"><span style=\"font-size: 12pt;\">Questo disegno di legge \u00e8 parte del pi\u00f9 generale programma reazionario del governo Meloni (Dio, patria, famiglia) ed \u00e8 funzionale all\u2019economia di guerra, alla corsa al riarmo e verso una nuova guerra globale; \u00e8 scritto sotto dettatura dei comandi militari italiani, europei, N4T0, e in linea con il restringimento delle libert\u00e0 politiche che prende corpo in tutti i paesi del vecchio continente: lo firmano insieme, non a caso, i tre ministri dell\u2019interno, della \u201cdifesa\u201d e della \u201cgiustizia\u201d (Piantedosi, Crosetto, Nordio).<\/span><\/div>\n<div dir=\"auto\"><\/div>\n<div dir=\"auto\"><span style=\"font-size: 12pt;\"><strong><a href=\"https:\/\/www.perunaltracitta.org\/wp-content\/uploads\/2024\/08\/forze-dell_ordine.jpg\"><img loading=\"lazy\" decoding=\"async\" class=\" wp-image-95801 alignleft\" src=\"https:\/\/www.perunaltracitta.org\/wp-content\/uploads\/2024\/08\/forze-dell_ordine.jpg\" alt=\"\" width=\"650\" height=\"343\" srcset=\"https:\/\/www.perunaltracitta.org\/wp-content\/uploads\/2024\/08\/forze-dell_ordine.jpg 1000w, https:\/\/www.perunaltracitta.org\/wp-content\/uploads\/2024\/08\/forze-dell_ordine-300x158.jpg 300w, https:\/\/www.perunaltracitta.org\/wp-content\/uploads\/2024\/08\/forze-dell_ordine-768x405.jpg 768w, https:\/\/www.perunaltracitta.org\/wp-content\/uploads\/2024\/08\/forze-dell_ordine-600x316.jpg 600w\" sizes=\"auto, (max-width: 650px) 100vw, 650px\" \/><\/a>Una legge liberticida, schiavista, da stato di polizia, che va assolutamente fermata!<\/strong><\/span><\/div>\n<div dir=\"auto\"><span style=\"font-size: 12pt;\">Vogliamo unire le nostre forze per respingere questo disegno politico, e affermare che ci riterremo liberi\/e di continuare a lottare.<\/span><\/div>\n<div dir=\"auto\"><\/div>\n<div dir=\"auto\"><span style=\"font-size: 12pt;\">Questo DDL va fermato: ma non saranno certo le opposizioni parlamentari a fermarlo, quelle che negli anni passati hanno varato i decreti Minniti e i decreti Salvini; quelle che sostengono fanaticamente la guerra tra N4T0 e Russia in Ucraina; quelle che non hanno alzato un dito contro il genocidio in Palestina perch\u00e9 da sempre schierate a favore dell\u2019oppressione coloniale e razzista del sionismo contro le masse palestinesi.<\/span><\/div>\n<div dir=\"auto\"><\/div>\n<div dir=\"auto\"><span style=\"font-size: 12pt;\">Solo il rilancio delle lotte proletarie, sociali, ecologiste, e contro le guerre in corso, solo un grande movimento unitario contro questo DDL nei luoghi di lavoro, di studio e nelle piazze, potr\u00e0 impedire l\u2019approvazione della legge e, se questa verr\u00e0 approvata, contrastarne l\u2019applicazione e fare da argine alla repressione padronale e di stato: \u00e8 in questa ottica che le nostre assemblee hanno avviato un dialogo tra movimenti ed esperienze che negli anni passati si sono quasi sempre reciprocamente ignorate pur cadendo tutte, in una forma o nell\u2019altra, sotto i colpi di magistratura, polizia e carabinieri.<\/span><\/div>\n<div dir=\"auto\"><\/div>\n<div dir=\"auto\"><span style=\"font-size: 12pt;\">Per questo, dopo le due assemblee del 21 luglio e del 4 agosto, e l\u2019assemblea indetta dal SI Cobas il 28 luglio, abbiamo messo all\u2019ordine del giorno la costituzione di un coordinamento permanente tra i movimenti, i collettivi, gli organismi, le organizzazioni sindacali, politiche, le singole e i singoli attivisti che condividono l\u2019obiettivo di una mobilitazione unitaria contro il DDL 1660 e il disegno militarista e guerrafondaio che esso esprime, con l\u2019invito a costituire dei nodi locali di questa Rete per promuovere iniziative diffuse di lotta e di sensibilizzazione.<\/span><\/div>\n<div dir=\"auto\"><\/div>\n<div dir=\"auto\"><span style=\"font-size: 12pt;\">Questo coordinamento prende il nome di <strong>Rete Liberi\/e di lottare \u2013 Fermiamo insieme il DDL 1660<\/strong> proprio perch\u00e9 in gioco c\u2019\u00e8 la possibilit\u00e0 stessa di mobilitarsi contro le guerre in corso, contro lo sfruttamento del lavoro, il saccheggio della natura, la speculazione edilizia ed energetica, il razzismo di stato che discrimina le popolazioni immigrate, gli attacchi ai diritti acquisiti delle donne, la possibilit\u00e0 di resistere e lottare per i reclusi nei CPR e nelle carceri, dove ogni giorno si muore di violenza, di torture e di disperazione.<\/span><\/div>\n<div dir=\"auto\"><\/div>\n<div dir=\"auto\"><span style=\"font-size: 12pt;\">La Rete \u00e8 aperta ad accogliere chi ne condivida gli obbiettivi, con tre sole (ma imprescindibili) discriminanti: essere per il totale rigetto del DDL, che non \u00e8 riformabile n\u00e9 emendabile; essere in modo inequivoco contro le guerre in corso e l\u2019economia di guerra, da cui il DDL nasce; impegnare le proprie forze per lo sviluppo di una mobilitazione unitaria, in autunno e oltre l\u2019autunno, con il ricorso a tutti i mezzi di lotta necessari, inclusi quelli che il DDL vuole a tutti i costi interdire.<\/span><\/div>\n<div dir=\"auto\"><\/div>\n<div dir=\"auto\"><span style=\"font-size: 12pt;\">La vera sfida che ci attende \u00e8 quella di raggiungere con la nostra propaganda e agitazione un\u2019area della societ\u00e0 molto pi\u00f9 ampia di quella abitualmente coinvolta nelle proteste e nelle lotte, composta di lavoratori\/lavoratrici, disoccupati\/e, studenti\/studentesse e persone comuni che forse intuiscono i pericoli da noi denunciati, ma ancora non si sono mossi.<\/span><\/div>\n<div dir=\"auto\"><\/div>\n<div dir=\"auto\"><span style=\"font-size: 12pt;\">Il percorso di lotta che la situazione interna ed internazionale ci prospetta come necessario non sar\u00e0 breve, ma per ora cominciamo a fissarne i primi passi:<\/span><\/div>\n<div dir=\"auto\"><span style=\"font-size: 12pt;\">1) <strong>Domenica 8 settembre a Roma<\/strong> un seminario in modalit\u00e0 mista, in presenza e on line, nel quale l\u2019ex-magistrato Livio Pepino, gli avvocati Marina Prosperi ed Eugenio Losco, e l\u2019Osservatorio repressione, dopo un inquadramento di tutta la serie dei \u201cdecreti sicurezza\u201d e della logica che li collega, sezioneranno il DDL 1660 per consentire al pi\u00f9 largo numero possibile di attivisti\/e di impadronirsi di tutti gli aspetti essenziali di esso.<\/span><\/div>\n<div dir=\"auto\"><span style=\"font-size: 12pt;\">2) Costruzione nel maggior numero di citt\u00e0 possibile di coordinamenti cittadini per organizzare iniziative territoriali, \u201cdi settore\u201d, tematiche, con l\u2019accortezza di evitare il pi\u00f9 possibile sovrapposizioni tra le scadenze e le mobilitazioni contro il DDL 1660, tra le quali ad oggi indichiamo:<\/span><\/div>\n<div dir=\"auto\"><span style=\"font-size: 12pt;\">-la manifestazione contro guerra, N4T0, invio di armi e spese militari, convocata per il<strong> 21 settembre a Firenze<\/strong> dal Comitato NO comando N4T0 n\u00e9 a Firenze n\u00e9 altrove;<\/span><\/div>\n<div dir=\"auto\"><span style=\"font-size: 12pt;\">-l\u2019assemblea convocata dal SI Cobas<strong> a Bologna il 29 settembre<\/strong> per organizzare, con il sindacalismo di base, uno sciopero nazionale contro il DDL \u2013 a cui si sono gi\u00e0 dichiarati disponibili l\u2019SGB e settori della CUB;<\/span><\/div>\n<div dir=\"auto\"><span style=\"font-size: 12pt;\">3) <strong>Manifestazione nazionale a Roma<\/strong> contro il governo Meloni prima dell\u2019approvazione finale del DDL, nella quale far confluire tutte le iniziative territoriali, \u201cdi settore\u201d, tematiche.<\/span><\/div>\n<div dir=\"auto\"><span style=\"font-size: 12pt;\">4) Fare appello a tutto il sindacalismo di base e combattivo perch\u00e9 si indica in tempi brevi (prima della manifestazione nazionale e in collegamento con essa) uno sciopero generale unitario contro il DDL, con un confronto, a settembre, tra tutte le realt\u00e0 interessate.<\/span><\/div>\n<div dir=\"auto\" style=\"text-align: right;\"><span style=\"font-size: 12pt;\"><strong>Rete Liberi\/e di lottare \u2013 Fermiamo insieme il DDL 1660<\/strong><\/span><\/div>\n<div dir=\"auto\"><span style=\"font-size: 12pt;\"><strong>per aderire: fermiamoidecretisicurezza@gmail.com<\/strong><\/span><\/div>\n<div dir=\"auto\"><span style=\"font-size: 12pt;\"><em>Le adesioni (in ordine alfabetico)<\/em><\/span><\/div>\n<div class=\"x11i5rnm xat24cr x1mh8g0r x1vvkbs xtlvy1s x126k92a\">\n<p dir=\"auto\"><span style=\"font-size: 12pt;\"><em>Assemblea in solidariet\u00e0 con la resistenza palestinese, Trento \u2013 Associazione Libertade, Sardegna \u2013 Blocchi precari metropolitani, Roma \u2013 Brescia anticapitalista \u2013 Cagliari Social Forum \u2013 Casa del popolo, Teramo \u2013 22 comitati sardi contro la speculazione energetica \u2013 Comitato 23 settembre \u2013 Comitato No TAV di Trento \u2013 Comitato permanente contro le guerre e il razzismo, Marghera \u2013 Coordinamento dei Comitati di lotta di Roma e Viterbo \u2013 CPA Firenze Sud\u2013 CUB Pisa \u2013 CUB Rail \u2013 \u201cDobbiamo vivere\u201d \/ Lavoratori disoccupati e precari, Torino \u2013 GPI \/ Giovani Palestinesi d\u2019Italia \u2013 International Migration Alliance \/ sez. Italia \u2013 Laboratorio politico Iskra \u2013 Liberare tutt*, coordinamento contro la repressione e il carcere \u2013 Laboratorio politico perUnaltracitt\u00e0, Firenze \u2013 Madri contro la repressione \u2013 Movimento di lotta per il lavoro 7 novembre, Napoli \u2013 Movimento NO TAV \u2013 Osservatorio Repressione \u2013 Panetteria occupata, Milano \u2013 SI Cobas \u2013 SBM \/ sindacato di base multicategoriale, Trento \u2013 Verona per la Palestina \u2013 Tendenza internazionalista rivoluzionaria \u2013 UDAP \/ Unione Democratica Arabo-Palestinese \u2013 Ultima generazione \u2013 USB sociale Sardegna<\/em><\/span><\/p>\n<\/div>\n","protected":false},"excerpt":{"rendered":"<p>Da molti anni, con i pi\u00f9 svariati pretesti, i governi di diverso colore hanno introdotto leggi per limitare l\u2019agibilit\u00e0 di scioperare, lottare, manifestare. Il governo Meloni \u00e8 deciso a proseguire questa operazione facendo un salto sia qualitativo che quantitativo rispetto ai precedenti governi attraverso il disegno di legge 1660, che il 10 settembre passa alle &hellip;<\/p>\n<p class=\"read-more\"> <a class=\"\" href=\"https:\/\/www.perunaltracitta.org\/homepage\/2024\/09\/03\/fermiamo-insieme-il-ddl-1660\/\"> <span class=\"screen-reader-text\">Fermiamo insieme il DDL 1660<\/span> Leggi altro &raquo;<\/a><\/p>\n","protected":false},"author":1,"featured_media":95801,"comment_status":"open","ping_status":"open","sticky":false,"template":"","format":"standard","meta":{"_uag_custom_page_level_css":"","site-sidebar-layout":"default","site-content-layout":"default","ast-global-header-display":"","ast-main-header-display":"","ast-hfb-above-header-display":"","ast-hfb-below-header-display":"","ast-hfb-mobile-header-display":"","site-post-title":"","ast-breadcrumbs-content":"","ast-featured-img":"","footer-sml-layout":"","theme-transparent-header-meta":"default","adv-header-id-meta":"","stick-header-meta":"","header-above-stick-meta":"","header-main-stick-meta":"","header-below-stick-meta":"","footnotes":""},"categories":[4130],"tags":[6060,6058,4794,6061,6059,404,6057],"class_list":["post-95797","post","type-post","status-publish","format-standard","has-post-thumbnail","hentry","category-primo-piano","tag-crosetto","tag-ddl-1660","tag-governo-meloni","tag-nordio","tag-piantedosi","tag-repressione","tag-rete-liberi-e-di-lottare-fermiamo-insieme-il-ddl-1660"],"yoast_head":"<!-- This site is optimized with the Yoast SEO plugin v25.1 - https:\/\/yoast.com\/wordpress\/plugins\/seo\/ -->\n<title>Fermiamo insieme il DDL 1660 - La Citt\u00e0 invisibile | perUnaltracitt\u00e0 | Firenze<\/title>\n<meta name=\"robots\" content=\"index, follow, max-snippet:-1, max-image-preview:large, max-video-preview:-1\" \/>\n<link rel=\"canonical\" href=\"https:\/\/www.perunaltracitta.org\/homepage\/2024\/09\/03\/fermiamo-insieme-il-ddl-1660\/\" \/>\n<meta property=\"og:locale\" content=\"it_IT\" \/>\n<meta property=\"og:type\" content=\"article\" \/>\n<meta property=\"og:title\" content=\"Fermiamo insieme il DDL 1660 - La Citt\u00e0 invisibile | perUnaltracitt\u00e0 | Firenze\" \/>\n<meta property=\"og:description\" content=\"Da molti anni, con i pi\u00f9 svariati pretesti, i governi di diverso colore hanno introdotto leggi per limitare l\u2019agibilit\u00e0 di scioperare, lottare, manifestare. Il governo Meloni \u00e8 deciso a proseguire questa operazione facendo un salto sia qualitativo che quantitativo rispetto ai precedenti governi attraverso il disegno di legge 1660, che il 10 settembre passa alle &hellip; Fermiamo insieme il DDL 1660 Leggi altro &raquo;\" \/>\n<meta property=\"og:url\" content=\"https:\/\/www.perunaltracitta.org\/homepage\/2024\/09\/03\/fermiamo-insieme-il-ddl-1660\/\" \/>\n<meta property=\"og:site_name\" content=\"La Citt\u00e0 invisibile | perUnaltracitt\u00e0 | Firenze\" \/>\n<meta property=\"article:publisher\" content=\"https:\/\/www.facebook.com\/perunaltracitta\" \/>\n<meta property=\"article:published_time\" content=\"2024-09-03T17:34:12+00:00\" \/>\n<meta property=\"article:modified_time\" content=\"2024-09-03T17:34:28+00:00\" \/>\n<meta property=\"og:image\" content=\"https:\/\/www.perunaltracitta.org\/wp-content\/uploads\/2024\/08\/forze-dell_ordine.jpg\" \/>\n\t<meta property=\"og:image:width\" content=\"1000\" \/>\n\t<meta property=\"og:image:height\" content=\"527\" \/>\n\t<meta property=\"og:image:type\" content=\"image\/jpeg\" \/>\n<meta name=\"author\" content=\"Redazione\" \/>\n<meta name=\"twitter:card\" content=\"summary_large_image\" \/>\n<meta name=\"twitter:creator\" content=\"@perunaltracitta\" \/>\n<meta name=\"twitter:site\" content=\"@perunaltracitta\" \/>\n<meta name=\"twitter:label1\" content=\"Scritto da\" \/>\n\t<meta name=\"twitter:data1\" content=\"Redazione\" \/>\n\t<meta name=\"twitter:label2\" content=\"Tempo di lettura stimato\" \/>\n\t<meta name=\"twitter:data2\" content=\"8 minuti\" \/>\n<script type=\"application\/ld+json\" class=\"yoast-schema-graph\">{\"@context\":\"https:\/\/schema.org\",\"@graph\":[{\"@type\":\"Article\",\"@id\":\"https:\/\/www.perunaltracitta.org\/homepage\/2024\/09\/03\/fermiamo-insieme-il-ddl-1660\/#article\",\"isPartOf\":{\"@id\":\"https:\/\/www.perunaltracitta.org\/homepage\/2024\/09\/03\/fermiamo-insieme-il-ddl-1660\/\"},\"author\":{\"name\":\"Redazione\",\"@id\":\"https:\/\/www.perunaltracitta.org\/homepage\/#\/schema\/person\/dfa435bbec27dfdfca89afd56a6c0081\"},\"headline\":\"Fermiamo insieme il DDL 1660\",\"datePublished\":\"2024-09-03T17:34:12+00:00\",\"dateModified\":\"2024-09-03T17:34:28+00:00\",\"mainEntityOfPage\":{\"@id\":\"https:\/\/www.perunaltracitta.org\/homepage\/2024\/09\/03\/fermiamo-insieme-il-ddl-1660\/\"},\"wordCount\":1383,\"commentCount\":0,\"publisher\":{\"@id\":\"https:\/\/www.perunaltracitta.org\/homepage\/#organization\"},\"image\":{\"@id\":\"https:\/\/www.perunaltracitta.org\/homepage\/2024\/09\/03\/fermiamo-insieme-il-ddl-1660\/#primaryimage\"},\"thumbnailUrl\":\"https:\/\/www.perunaltracitta.org\/wp-content\/uploads\/2024\/08\/forze-dell_ordine.jpg\",\"keywords\":[\"Crosetto\",\"DDL 1660\",\"governo Meloni\",\"Nordio\",\"Piantedosi\",\"repressione\",\"Rete Liberi\/e di lottare \u2013 Fermiamo insieme il DDL 1660\"],\"articleSection\":[\"In evidenza\"],\"inLanguage\":\"it-IT\",\"potentialAction\":[{\"@type\":\"CommentAction\",\"name\":\"Comment\",\"target\":[\"https:\/\/www.perunaltracitta.org\/homepage\/2024\/09\/03\/fermiamo-insieme-il-ddl-1660\/#respond\"]}]},{\"@type\":\"WebPage\",\"@id\":\"https:\/\/www.perunaltracitta.org\/homepage\/2024\/09\/03\/fermiamo-insieme-il-ddl-1660\/\",\"url\":\"https:\/\/www.perunaltracitta.org\/homepage\/2024\/09\/03\/fermiamo-insieme-il-ddl-1660\/\",\"name\":\"Fermiamo insieme il DDL 1660 - La Citt\u00e0 invisibile | perUnaltracitt\u00e0 | Firenze\",\"isPartOf\":{\"@id\":\"https:\/\/www.perunaltracitta.org\/homepage\/#website\"},\"primaryImageOfPage\":{\"@id\":\"https:\/\/www.perunaltracitta.org\/homepage\/2024\/09\/03\/fermiamo-insieme-il-ddl-1660\/#primaryimage\"},\"image\":{\"@id\":\"https:\/\/www.perunaltracitta.org\/homepage\/2024\/09\/03\/fermiamo-insieme-il-ddl-1660\/#primaryimage\"},\"thumbnailUrl\":\"https:\/\/www.perunaltracitta.org\/wp-content\/uploads\/2024\/08\/forze-dell_ordine.jpg\",\"datePublished\":\"2024-09-03T17:34:12+00:00\",\"dateModified\":\"2024-09-03T17:34:28+00:00\",\"breadcrumb\":{\"@id\":\"https:\/\/www.perunaltracitta.org\/homepage\/2024\/09\/03\/fermiamo-insieme-il-ddl-1660\/#breadcrumb\"},\"inLanguage\":\"it-IT\",\"potentialAction\":[{\"@type\":\"ReadAction\",\"target\":[\"https:\/\/www.perunaltracitta.org\/homepage\/2024\/09\/03\/fermiamo-insieme-il-ddl-1660\/\"]}]},{\"@type\":\"ImageObject\",\"inLanguage\":\"it-IT\",\"@id\":\"https:\/\/www.perunaltracitta.org\/homepage\/2024\/09\/03\/fermiamo-insieme-il-ddl-1660\/#primaryimage\",\"url\":\"https:\/\/www.perunaltracitta.org\/wp-content\/uploads\/2024\/08\/forze-dell_ordine.jpg\",\"contentUrl\":\"https:\/\/www.perunaltracitta.org\/wp-content\/uploads\/2024\/08\/forze-dell_ordine.jpg\",\"width\":1000,\"height\":527},{\"@type\":\"BreadcrumbList\",\"@id\":\"https:\/\/www.perunaltracitta.org\/homepage\/2024\/09\/03\/fermiamo-insieme-il-ddl-1660\/#breadcrumb\",\"itemListElement\":[{\"@type\":\"ListItem\",\"position\":1,\"name\":\"Home\",\"item\":\"https:\/\/www.perunaltracitta.org\/homepage\/\"},{\"@type\":\"ListItem\",\"position\":2,\"name\":\"Fermiamo insieme il DDL 1660\"}]},{\"@type\":\"WebSite\",\"@id\":\"https:\/\/www.perunaltracitta.org\/homepage\/#website\",\"url\":\"https:\/\/www.perunaltracitta.org\/homepage\/\",\"name\":\"La Citt\u00e0 invisibile | perUnaltracitt\u00e0 | Firenze\",\"description\":\"Voci oltre il pensiero unico\",\"publisher\":{\"@id\":\"https:\/\/www.perunaltracitta.org\/homepage\/#organization\"},\"potentialAction\":[{\"@type\":\"SearchAction\",\"target\":{\"@type\":\"EntryPoint\",\"urlTemplate\":\"https:\/\/www.perunaltracitta.org\/homepage\/?s={search_term_string}\"},\"query-input\":{\"@type\":\"PropertyValueSpecification\",\"valueRequired\":true,\"valueName\":\"search_term_string\"}}],\"inLanguage\":\"it-IT\"},{\"@type\":\"Organization\",\"@id\":\"https:\/\/www.perunaltracitta.org\/homepage\/#organization\",\"name\":\"perUnaltracitt\u00e0 - laboratorio politico Firenze\",\"url\":\"https:\/\/www.perunaltracitta.org\/homepage\/\",\"logo\":{\"@type\":\"ImageObject\",\"inLanguage\":\"it-IT\",\"@id\":\"https:\/\/www.perunaltracitta.org\/homepage\/#\/schema\/logo\/image\/\",\"url\":\"https:\/\/www.perunaltracitta.org\/wp-content\/uploads\/2025\/11\/Original-on-Transparent-Copia-af-1.png\",\"contentUrl\":\"https:\/\/www.perunaltracitta.org\/wp-content\/uploads\/2025\/11\/Original-on-Transparent-Copia-af-1.png\",\"width\":600,\"height\":153,\"caption\":\"perUnaltracitt\u00e0 - laboratorio politico Firenze\"},\"image\":{\"@id\":\"https:\/\/www.perunaltracitta.org\/homepage\/#\/schema\/logo\/image\/\"},\"sameAs\":[\"https:\/\/www.facebook.com\/perunaltracitta\",\"https:\/\/x.com\/perunaltracitta\"]},{\"@type\":\"Person\",\"@id\":\"https:\/\/www.perunaltracitta.org\/homepage\/#\/schema\/person\/dfa435bbec27dfdfca89afd56a6c0081\",\"name\":\"Redazione\",\"image\":{\"@type\":\"ImageObject\",\"inLanguage\":\"it-IT\",\"@id\":\"https:\/\/www.perunaltracitta.org\/homepage\/#\/schema\/person\/image\/\",\"url\":\"https:\/\/www.perunaltracitta.org\/wp-content\/uploads\/2021\/12\/puc-per-barra-browser-120x120.png\",\"contentUrl\":\"https:\/\/www.perunaltracitta.org\/wp-content\/uploads\/2021\/12\/puc-per-barra-browser-120x120.png\",\"caption\":\"Redazione\"},\"description\":\"Il gruppo di\u00a0redazione della rivista edita da perUnaltracitt\u00e0\",\"url\":\"https:\/\/www.perunaltracitta.org\/homepage\/author\/admin\/\"}]}<\/script>\n<!-- \/ Yoast SEO plugin. -->","yoast_head_json":{"title":"Fermiamo insieme il DDL 1660 - La Citt\u00e0 invisibile | perUnaltracitt\u00e0 | Firenze","robots":{"index":"index","follow":"follow","max-snippet":"max-snippet:-1","max-image-preview":"max-image-preview:large","max-video-preview":"max-video-preview:-1"},"canonical":"https:\/\/www.perunaltracitta.org\/homepage\/2024\/09\/03\/fermiamo-insieme-il-ddl-1660\/","og_locale":"it_IT","og_type":"article","og_title":"Fermiamo insieme il DDL 1660 - La Citt\u00e0 invisibile | perUnaltracitt\u00e0 | Firenze","og_description":"Da molti anni, con i pi\u00f9 svariati pretesti, i governi di diverso colore hanno introdotto leggi per limitare l\u2019agibilit\u00e0 di scioperare, lottare, manifestare. Il governo Meloni \u00e8 deciso a proseguire questa operazione facendo un salto sia qualitativo che quantitativo rispetto ai precedenti governi attraverso il disegno di legge 1660, che il 10 settembre passa alle &hellip; Fermiamo insieme il DDL 1660 Leggi altro &raquo;","og_url":"https:\/\/www.perunaltracitta.org\/homepage\/2024\/09\/03\/fermiamo-insieme-il-ddl-1660\/","og_site_name":"La Citt\u00e0 invisibile | perUnaltracitt\u00e0 | Firenze","article_publisher":"https:\/\/www.facebook.com\/perunaltracitta","article_published_time":"2024-09-03T17:34:12+00:00","article_modified_time":"2024-09-03T17:34:28+00:00","og_image":[{"width":1000,"height":527,"url":"https:\/\/www.perunaltracitta.org\/wp-content\/uploads\/2024\/08\/forze-dell_ordine.jpg","type":"image\/jpeg"}],"author":"Redazione","twitter_card":"summary_large_image","twitter_creator":"@perunaltracitta","twitter_site":"@perunaltracitta","twitter_misc":{"Scritto da":"Redazione","Tempo di lettura stimato":"8 minuti"},"schema":{"@context":"https:\/\/schema.org","@graph":[{"@type":"Article","@id":"https:\/\/www.perunaltracitta.org\/homepage\/2024\/09\/03\/fermiamo-insieme-il-ddl-1660\/#article","isPartOf":{"@id":"https:\/\/www.perunaltracitta.org\/homepage\/2024\/09\/03\/fermiamo-insieme-il-ddl-1660\/"},"author":{"name":"Redazione","@id":"https:\/\/www.perunaltracitta.org\/homepage\/#\/schema\/person\/dfa435bbec27dfdfca89afd56a6c0081"},"headline":"Fermiamo insieme il DDL 1660","datePublished":"2024-09-03T17:34:12+00:00","dateModified":"2024-09-03T17:34:28+00:00","mainEntityOfPage":{"@id":"https:\/\/www.perunaltracitta.org\/homepage\/2024\/09\/03\/fermiamo-insieme-il-ddl-1660\/"},"wordCount":1383,"commentCount":0,"publisher":{"@id":"https:\/\/www.perunaltracitta.org\/homepage\/#organization"},"image":{"@id":"https:\/\/www.perunaltracitta.org\/homepage\/2024\/09\/03\/fermiamo-insieme-il-ddl-1660\/#primaryimage"},"thumbnailUrl":"https:\/\/www.perunaltracitta.org\/wp-content\/uploads\/2024\/08\/forze-dell_ordine.jpg","keywords":["Crosetto","DDL 1660","governo Meloni","Nordio","Piantedosi","repressione","Rete Liberi\/e di lottare \u2013 Fermiamo insieme il DDL 1660"],"articleSection":["In evidenza"],"inLanguage":"it-IT","potentialAction":[{"@type":"CommentAction","name":"Comment","target":["https:\/\/www.perunaltracitta.org\/homepage\/2024\/09\/03\/fermiamo-insieme-il-ddl-1660\/#respond"]}]},{"@type":"WebPage","@id":"https:\/\/www.perunaltracitta.org\/homepage\/2024\/09\/03\/fermiamo-insieme-il-ddl-1660\/","url":"https:\/\/www.perunaltracitta.org\/homepage\/2024\/09\/03\/fermiamo-insieme-il-ddl-1660\/","name":"Fermiamo insieme il DDL 1660 - La Citt\u00e0 invisibile | perUnaltracitt\u00e0 | Firenze","isPartOf":{"@id":"https:\/\/www.perunaltracitta.org\/homepage\/#website"},"primaryImageOfPage":{"@id":"https:\/\/www.perunaltracitta.org\/homepage\/2024\/09\/03\/fermiamo-insieme-il-ddl-1660\/#primaryimage"},"image":{"@id":"https:\/\/www.perunaltracitta.org\/homepage\/2024\/09\/03\/fermiamo-insieme-il-ddl-1660\/#primaryimage"},"thumbnailUrl":"https:\/\/www.perunaltracitta.org\/wp-content\/uploads\/2024\/08\/forze-dell_ordine.jpg","datePublished":"2024-09-03T17:34:12+00:00","dateModified":"2024-09-03T17:34:28+00:00","breadcrumb":{"@id":"https:\/\/www.perunaltracitta.org\/homepage\/2024\/09\/03\/fermiamo-insieme-il-ddl-1660\/#breadcrumb"},"inLanguage":"it-IT","potentialAction":[{"@type":"ReadAction","target":["https:\/\/www.perunaltracitta.org\/homepage\/2024\/09\/03\/fermiamo-insieme-il-ddl-1660\/"]}]},{"@type":"ImageObject","inLanguage":"it-IT","@id":"https:\/\/www.perunaltracitta.org\/homepage\/2024\/09\/03\/fermiamo-insieme-il-ddl-1660\/#primaryimage","url":"https:\/\/www.perunaltracitta.org\/wp-content\/uploads\/2024\/08\/forze-dell_ordine.jpg","contentUrl":"https:\/\/www.perunaltracitta.org\/wp-content\/uploads\/2024\/08\/forze-dell_ordine.jpg","width":1000,"height":527},{"@type":"BreadcrumbList","@id":"https:\/\/www.perunaltracitta.org\/homepage\/2024\/09\/03\/fermiamo-insieme-il-ddl-1660\/#breadcrumb","itemListElement":[{"@type":"ListItem","position":1,"name":"Home","item":"https:\/\/www.perunaltracitta.org\/homepage\/"},{"@type":"ListItem","position":2,"name":"Fermiamo insieme il DDL 1660"}]},{"@type":"WebSite","@id":"https:\/\/www.perunaltracitta.org\/homepage\/#website","url":"https:\/\/www.perunaltracitta.org\/homepage\/","name":"La Citt\u00e0 invisibile | perUnaltracitt\u00e0 | Firenze","description":"Voci oltre il pensiero unico","publisher":{"@id":"https:\/\/www.perunaltracitta.org\/homepage\/#organization"},"potentialAction":[{"@type":"SearchAction","target":{"@type":"EntryPoint","urlTemplate":"https:\/\/www.perunaltracitta.org\/homepage\/?s={search_term_string}"},"query-input":{"@type":"PropertyValueSpecification","valueRequired":true,"valueName":"search_term_string"}}],"inLanguage":"it-IT"},{"@type":"Organization","@id":"https:\/\/www.perunaltracitta.org\/homepage\/#organization","name":"perUnaltracitt\u00e0 - laboratorio politico Firenze","url":"https:\/\/www.perunaltracitta.org\/homepage\/","logo":{"@type":"ImageObject","inLanguage":"it-IT","@id":"https:\/\/www.perunaltracitta.org\/homepage\/#\/schema\/logo\/image\/","url":"https:\/\/www.perunaltracitta.org\/wp-content\/uploads\/2025\/11\/Original-on-Transparent-Copia-af-1.png","contentUrl":"https:\/\/www.perunaltracitta.org\/wp-content\/uploads\/2025\/11\/Original-on-Transparent-Copia-af-1.png","width":600,"height":153,"caption":"perUnaltracitt\u00e0 - laboratorio politico Firenze"},"image":{"@id":"https:\/\/www.perunaltracitta.org\/homepage\/#\/schema\/logo\/image\/"},"sameAs":["https:\/\/www.facebook.com\/perunaltracitta","https:\/\/x.com\/perunaltracitta"]},{"@type":"Person","@id":"https:\/\/www.perunaltracitta.org\/homepage\/#\/schema\/person\/dfa435bbec27dfdfca89afd56a6c0081","name":"Redazione","image":{"@type":"ImageObject","inLanguage":"it-IT","@id":"https:\/\/www.perunaltracitta.org\/homepage\/#\/schema\/person\/image\/","url":"https:\/\/www.perunaltracitta.org\/wp-content\/uploads\/2021\/12\/puc-per-barra-browser-120x120.png","contentUrl":"https:\/\/www.perunaltracitta.org\/wp-content\/uploads\/2021\/12\/puc-per-barra-browser-120x120.png","caption":"Redazione"},"description":"Il gruppo di\u00a0redazione della rivista edita da perUnaltracitt\u00e0","url":"https:\/\/www.perunaltracitta.org\/homepage\/author\/admin\/"}]}},"uagb_featured_image_src":{"full":["https:\/\/www.perunaltracitta.org\/wp-content\/uploads\/2024\/08\/forze-dell_ordine.jpg",1000,527,false],"thumbnail":["https:\/\/www.perunaltracitta.org\/wp-content\/uploads\/2024\/08\/forze-dell_ordine-150x150.jpg",150,150,true],"medium":["https:\/\/www.perunaltracitta.org\/wp-content\/uploads\/2024\/08\/forze-dell_ordine-300x158.jpg",300,158,true],"medium_large":["https:\/\/www.perunaltracitta.org\/wp-content\/uploads\/2024\/08\/forze-dell_ordine-768x405.jpg",768,405,true],"large":["https:\/\/www.perunaltracitta.org\/wp-content\/uploads\/2024\/08\/forze-dell_ordine.jpg",1000,527,false],"wysija-newsletters-max":["https:\/\/www.perunaltracitta.org\/wp-content\/uploads\/2024\/08\/forze-dell_ordine-600x316.jpg",600,316,true],"1536x1536":["https:\/\/www.perunaltracitta.org\/wp-content\/uploads\/2024\/08\/forze-dell_ordine.jpg",1000,527,false],"2048x2048":["https:\/\/www.perunaltracitta.org\/wp-content\/uploads\/2024\/08\/forze-dell_ordine.jpg",1000,527,false],"mailpoet_newsletter_max":["https:\/\/www.perunaltracitta.org\/wp-content\/uploads\/2024\/08\/forze-dell_ordine.jpg",1000,527,false],"yarpp-thumbnail":["https:\/\/www.perunaltracitta.org\/wp-content\/uploads\/2024\/08\/forze-dell_ordine-120x120.jpg",120,120,true]},"uagb_author_info":{"display_name":"Redazione","author_link":"https:\/\/www.perunaltracitta.org\/homepage\/author\/admin\/"},"uagb_comment_info":0,"uagb_excerpt":"Da molti anni, con i pi\u00f9 svariati pretesti, i governi di diverso colore hanno introdotto leggi per limitare l\u2019agibilit\u00e0 di scioperare, lottare, manifestare. Il governo Meloni \u00e8 deciso a proseguire questa operazione facendo un salto sia qualitativo che quantitativo rispetto ai precedenti governi attraverso il disegno di legge 1660, che il 10 settembre passa alle&hellip;","_links":{"self":[{"href":"https:\/\/www.perunaltracitta.org\/homepage\/wp-json\/wp\/v2\/posts\/95797","targetHints":{"allow":["GET"]}}],"collection":[{"href":"https:\/\/www.perunaltracitta.org\/homepage\/wp-json\/wp\/v2\/posts"}],"about":[{"href":"https:\/\/www.perunaltracitta.org\/homepage\/wp-json\/wp\/v2\/types\/post"}],"author":[{"embeddable":true,"href":"https:\/\/www.perunaltracitta.org\/homepage\/wp-json\/wp\/v2\/users\/1"}],"replies":[{"embeddable":true,"href":"https:\/\/www.perunaltracitta.org\/homepage\/wp-json\/wp\/v2\/comments?post=95797"}],"version-history":[{"count":8,"href":"https:\/\/www.perunaltracitta.org\/homepage\/wp-json\/wp\/v2\/posts\/95797\/revisions"}],"predecessor-version":[{"id":95881,"href":"https:\/\/www.perunaltracitta.org\/homepage\/wp-json\/wp\/v2\/posts\/95797\/revisions\/95881"}],"wp:featuredmedia":[{"embeddable":true,"href":"https:\/\/www.perunaltracitta.org\/homepage\/wp-json\/wp\/v2\/media\/95801"}],"wp:attachment":[{"href":"https:\/\/www.perunaltracitta.org\/homepage\/wp-json\/wp\/v2\/media?parent=95797"}],"wp:term":[{"taxonomy":"category","embeddable":true,"href":"https:\/\/www.perunaltracitta.org\/homepage\/wp-json\/wp\/v2\/categories?post=95797"},{"taxonomy":"post_tag","embeddable":true,"href":"https:\/\/www.perunaltracitta.org\/homepage\/wp-json\/wp\/v2\/tags?post=95797"}],"curies":[{"name":"wp","href":"https:\/\/api.w.org\/{rel}","templated":true}]}}