{"id":95883,"date":"2024-09-04T12:05:35","date_gmt":"2024-09-04T10:05:35","guid":{"rendered":"https:\/\/www.perunaltracitta.org\/homepage\/?p=95883"},"modified":"2024-09-04T12:05:35","modified_gmt":"2024-09-04T10:05:35","slug":"da-bifo-qualcuno-dica-ai-democratici-bolognesi","status":"publish","type":"post","link":"https:\/\/www.perunaltracitta.org\/homepage\/2024\/09\/04\/da-bifo-qualcuno-dica-ai-democratici-bolognesi\/","title":{"rendered":"Da BIFO: Qualcuno dica ai democratici bolognesi"},"content":{"rendered":"<p><span style=\"font-family: Georgia, serif; font-size: 12pt;\">Non frequento la Festa dell&#8217;Unit\u00e0 da quando avevo sedici anni nel 1966, quindi non sarebbero fatti miei. Lo ammetto. Eppure questa mattina quando mi hanno detto che nel programma della Festa provinciale bolognese, che dura una ventina di giorni ed \u00e8 pieno di dibattiti e conferenze, non c&#8217;\u00e8 neppure una piccola discussione dedicata a quel che succede a Gaza non ci ho creduto. Allora sono andato a cercare il programma e me lo sono sfogliato pagina dopo pagina, e alla fine ho dovuto riconoscerlo. Non c&#8217;\u00e8 nessun riferimento al fatto che da quasi un anno Israele &#8211; un paese nato da una guerra di sterminio e che negli ultimi anni \u00e8 governato da una giunta apertamente fascista &#8211; sta perpetrando un genocidio.<br \/>\n<\/span><\/p>\n<p><span style=\"font-family: Georgia, serif; font-size: 12pt;\">Mi sono chiesto com&#8217;\u00e8 possibile che non se ne parli all&#8217;interno di un evento che oltre alle tagliatelle dovrebbe anche occuparsi degli eventi del mondo?<br \/>\n<\/span><\/p>\n<p><span style=\"font-family: Georgia, serif; font-size: 12pt;\">Una prima risposta che mi \u00e8 venuta alla mente \u00e8 questa: i democratici bolognesi non ne sono stati informati, non ne sanno niente, nessuno glielo ha detto.<br \/>\n<\/span><\/p>\n<p><span style=\"font-family: Georgia, serif; font-size: 12pt;\">Allora sinteticamente ricapitolo per loro i fatti: rinchiusi da decenni in una prigione a cielo aperto, aggrediti a pi\u00f9 riprese dalle forze preponderanti dell\u2019esercito israeliano, umiliati e impoveriti da un blocco che impedisce loro di avere normali rapporti col mondo, i due milioni e mezzo di cittadini di Gaza hanno votato per un gruppo islamista radicale che il 7 ottobre del 2023 ha scatenato un pogrom non dissimile da quelli che nei secoli sono stati condotti contro le comunit\u00e0 ebraiche europee, e che da molti anni i coloni israeliani conducono contro i palestinesi della Cisgiordania.<br \/>\n<\/span><\/p>\n<p><span style=\"font-family: Georgia, serif; font-size: 12pt;\"><a href=\"https:\/\/www.perunaltracitta.org\/wp-content\/uploads\/2024\/09\/SoI-War_23-11-01_IDF_13-08.jpg\"><img loading=\"lazy\" decoding=\"async\" class=\" wp-image-95886 alignleft\" src=\"https:\/\/www.perunaltracitta.org\/wp-content\/uploads\/2024\/09\/SoI-War_23-11-01_IDF_13-08.jpg\" alt=\"\" width=\"531\" height=\"398\" srcset=\"https:\/\/www.perunaltracitta.org\/wp-content\/uploads\/2024\/09\/SoI-War_23-11-01_IDF_13-08.jpg 800w, https:\/\/www.perunaltracitta.org\/wp-content\/uploads\/2024\/09\/SoI-War_23-11-01_IDF_13-08-300x225.jpg 300w, https:\/\/www.perunaltracitta.org\/wp-content\/uploads\/2024\/09\/SoI-War_23-11-01_IDF_13-08-768x576.jpg 768w, https:\/\/www.perunaltracitta.org\/wp-content\/uploads\/2024\/09\/SoI-War_23-11-01_IDF_13-08-600x450.jpg 600w\" sizes=\"auto, (max-width: 531px) 100vw, 531px\" \/><\/a>Dopo questo atto di inaccettabile (ma purtroppo comprensibile) violenza, Israele ha risposto con una campagna di sterminio che ha colpito indiscriminatamente la popolazione di Gaza distruggendo ospedali scuole abitazioni centri dell&#8217;UNRWA e qualsiasi altro obiettivo civile, hanno ucciso oltre quarantamila persone di cui un terzo bambini e un terzo donne, hanno affamato la popolazione civile impedendo i rifornimenti di beni di prima necessit\u00e0, e hanno murato i pozzi per impedire che la popolazione di Gaza possa avere l\u2019acqua.<br \/>\n<\/span><\/p>\n<p><span style=\"font-family: Georgia, serif; font-size: 12pt;\">In seguito a questa punizione collettiva indiscriminata il Tribunale Internazionale ha condannato i governanti di Israele, in particolare Benjamin Netanyahu, per genocidio e crimini di guerra. Inoltre migliaia di ebrei in tutti i paesi del mondo hanno manifestato contro il genocidio israeliano gridando: Not in My Name, e partecipando alle manifestazioni e alle occupazioni dei campus americani.<br \/>\n<\/span><\/p>\n<p><span style=\"font-family: Georgia, serif; font-size: 12pt;\">Lo storico Omer Bartov, ebreo ed esperto sul tema del genocidio, ha dichiarato in un <a href=\"https:\/\/www.theguardian.com\/world\/article\/2024\/aug\/13\/israel-gaza-historian-omer-bartov\">articolo pubblicato dal Guardian<\/a> che i soldati dell\u2019esercito israeliano manifestano comportamenti di violenza brutale e razzista che ricordano il comportamento dei militari della Wehrmacht nella seconda guerra mondiale<\/span><\/p>\n<p>Nel frattempo un razzista di nome Itamar Smotrich, che appoggia il governo Netanyahu, ha distribuito decine di migliaia di mitragliatrici a coloni israeliani che, in violazione delle leggi internazionali e di numerose deliberazioni dell\u2019ONU, aggrediscono gli abitanti dei villaggi della Cisgiordania, distruggono le loro abitazioni e i loro pochi averi, e li cacciano per impadronirsi abusivamente delle loro terre.<\/p>\n<p><span style=\"font-family: Georgia, serif; font-size: 12pt;\">Met\u00e0 della popolazione israeliana &#8211; oltre a tutta la comunit\u00e0 internazionale, chiede al governo fascista di Netanyahu un cessate il fuoco per il rilascio degli ostaggi che i militanti di Hamas hanno sequestrato. Ma il fascista Netanyahu, consapevole del fatto che se l\u2019aggressione finisce dovr\u00e0 rendere conto di reati di cui lo accusa la magistratura del suo paese, oltre che delle sue responsabilit\u00e0 nella crescita di Hamas, e del disinteresse con cui ha lasciato che la tragedia palestinese incancrenisse, preferisce lasciare che gli ostaggi muoiano nelle segrete sotterranee di Gaza piuttosto che accettare un accordo.<\/span><\/p>\n<p><span style=\"font-family: Georgia, serif; font-size: 12pt;\">Questi sinteticamente sono i fatti.<br \/>\n<\/span><\/p>\n<p><span style=\"font-family: Georgia, serif; font-size: 12pt;\">Se i democratici non ne sono informati qualcuno glielo dica. Ma poi ci ho ripensato. Non credo che siano cos\u00ec disinformati da non saperne niente. E allora perch\u00e9 alla Festa de L&#8217;Unit\u00e0 non se ne parla? Forse perch\u00e9 si tratta di un argomento come suol dirsi divisivo?<br \/>\n<\/span><\/p>\n<p><span style=\"font-family: Georgia, serif; font-size: 12pt;\">Cio\u00e8 una parte dei democratici ritiene che non si possa discutere del comportamento dello stato di Israele anche se questo persegue da 75 anni una politica colonialista, e da undici mesi persegue un genocidio? Una parte dei democratici approva un genocidio, se ne fotte delle deliberazioni dell\u2019ONU e del Tribunale internazionale?<br \/>\nUna parte? Cio\u00e8 quanti? Un terzo, una met\u00e0?<br \/>\nTre quarti? Quasi tutti?<br \/>\nNon lo so.<br \/>\nPer\u00f2 se cos\u00ec fosse sarebbe risolto il mistero per cui in Italia governano i fascisti.<\/span><\/p>\n","protected":false},"excerpt":{"rendered":"<p>Non frequento la Festa dell&#8217;Unit\u00e0 da quando avevo sedici anni nel 1966, quindi non sarebbero fatti miei. Lo ammetto. Eppure questa mattina quando mi hanno detto che nel programma della Festa provinciale bolognese, che dura una ventina di giorni ed \u00e8 pieno di dibattiti e conferenze, non c&#8217;\u00e8 neppure una piccola discussione dedicata a quel &hellip;<\/p>\n<p class=\"read-more\"> <a class=\"\" href=\"https:\/\/www.perunaltracitta.org\/homepage\/2024\/09\/04\/da-bifo-qualcuno-dica-ai-democratici-bolognesi\/\"> <span class=\"screen-reader-text\">Da BIFO: Qualcuno dica ai democratici bolognesi<\/span> Leggi altro &raquo;<\/a><\/p>\n","protected":false},"author":1,"featured_media":95886,"comment_status":"open","ping_status":"open","sticky":false,"template":"","format":"standard","meta":{"_uag_custom_page_level_css":"","site-sidebar-layout":"default","site-content-layout":"default","ast-global-header-display":"","ast-main-header-display":"","ast-hfb-above-header-display":"","ast-hfb-below-header-display":"","ast-hfb-mobile-header-display":"","site-post-title":"","ast-breadcrumbs-content":"","ast-featured-img":"","footer-sml-layout":"","theme-transparent-header-meta":"default","adv-header-id-meta":"","stick-header-meta":"","header-above-stick-meta":"","header-main-stick-meta":"","header-below-stick-meta":"","footnotes":""},"categories":[4130],"tags":[6084,5534,3405,6083],"class_list":["post-95883","post","type-post","status-publish","format-standard","has-post-thumbnail","hentry","category-primo-piano","tag-festa-dellunita-bologna","tag-gaza","tag-genocidio","tag-omer-bartov"],"yoast_head":"<!-- This site is optimized with the Yoast SEO plugin v25.1 - https:\/\/yoast.com\/wordpress\/plugins\/seo\/ -->\n<title>Da BIFO: Qualcuno dica ai democratici bolognesi - La Citt\u00e0 invisibile | perUnaltracitt\u00e0 | Firenze<\/title>\n<meta name=\"robots\" content=\"index, follow, max-snippet:-1, max-image-preview:large, max-video-preview:-1\" \/>\n<link rel=\"canonical\" href=\"https:\/\/www.perunaltracitta.org\/homepage\/2024\/09\/04\/da-bifo-qualcuno-dica-ai-democratici-bolognesi\/\" \/>\n<meta property=\"og:locale\" content=\"it_IT\" \/>\n<meta property=\"og:type\" content=\"article\" \/>\n<meta property=\"og:title\" content=\"Da BIFO: Qualcuno dica ai democratici bolognesi - La Citt\u00e0 invisibile | perUnaltracitt\u00e0 | Firenze\" \/>\n<meta property=\"og:description\" content=\"Non frequento la Festa dell&#8217;Unit\u00e0 da quando avevo sedici anni nel 1966, quindi non sarebbero fatti miei. Lo ammetto. Eppure questa mattina quando mi hanno detto che nel programma della Festa provinciale bolognese, che dura una ventina di giorni ed \u00e8 pieno di dibattiti e conferenze, non c&#8217;\u00e8 neppure una piccola discussione dedicata a quel &hellip; Da BIFO: Qualcuno dica ai democratici bolognesi Leggi altro &raquo;\" \/>\n<meta property=\"og:url\" content=\"https:\/\/www.perunaltracitta.org\/homepage\/2024\/09\/04\/da-bifo-qualcuno-dica-ai-democratici-bolognesi\/\" \/>\n<meta property=\"og:site_name\" content=\"La Citt\u00e0 invisibile | perUnaltracitt\u00e0 | Firenze\" \/>\n<meta property=\"article:publisher\" content=\"https:\/\/www.facebook.com\/perunaltracitta\" \/>\n<meta property=\"article:published_time\" content=\"2024-09-04T10:05:35+00:00\" \/>\n<meta property=\"og:image\" content=\"https:\/\/www.perunaltracitta.org\/wp-content\/uploads\/2024\/09\/SoI-War_23-11-01_IDF_13-08.jpg\" \/>\n\t<meta property=\"og:image:width\" content=\"800\" \/>\n\t<meta property=\"og:image:height\" content=\"600\" \/>\n\t<meta property=\"og:image:type\" content=\"image\/jpeg\" \/>\n<meta name=\"author\" content=\"Redazione\" \/>\n<meta name=\"twitter:card\" content=\"summary_large_image\" \/>\n<meta name=\"twitter:creator\" content=\"@perunaltracitta\" \/>\n<meta name=\"twitter:site\" content=\"@perunaltracitta\" \/>\n<meta name=\"twitter:label1\" content=\"Scritto da\" \/>\n\t<meta name=\"twitter:data1\" content=\"Redazione\" \/>\n\t<meta name=\"twitter:label2\" content=\"Tempo di lettura stimato\" \/>\n\t<meta name=\"twitter:data2\" content=\"5 minuti\" \/>\n<script type=\"application\/ld+json\" class=\"yoast-schema-graph\">{\"@context\":\"https:\/\/schema.org\",\"@graph\":[{\"@type\":\"Article\",\"@id\":\"https:\/\/www.perunaltracitta.org\/homepage\/2024\/09\/04\/da-bifo-qualcuno-dica-ai-democratici-bolognesi\/#article\",\"isPartOf\":{\"@id\":\"https:\/\/www.perunaltracitta.org\/homepage\/2024\/09\/04\/da-bifo-qualcuno-dica-ai-democratici-bolognesi\/\"},\"author\":{\"name\":\"Redazione\",\"@id\":\"https:\/\/www.perunaltracitta.org\/homepage\/#\/schema\/person\/dfa435bbec27dfdfca89afd56a6c0081\"},\"headline\":\"Da BIFO: Qualcuno dica ai democratici bolognesi\",\"datePublished\":\"2024-09-04T10:05:35+00:00\",\"mainEntityOfPage\":{\"@id\":\"https:\/\/www.perunaltracitta.org\/homepage\/2024\/09\/04\/da-bifo-qualcuno-dica-ai-democratici-bolognesi\/\"},\"wordCount\":739,\"commentCount\":2,\"publisher\":{\"@id\":\"https:\/\/www.perunaltracitta.org\/homepage\/#organization\"},\"image\":{\"@id\":\"https:\/\/www.perunaltracitta.org\/homepage\/2024\/09\/04\/da-bifo-qualcuno-dica-ai-democratici-bolognesi\/#primaryimage\"},\"thumbnailUrl\":\"https:\/\/www.perunaltracitta.org\/wp-content\/uploads\/2024\/09\/SoI-War_23-11-01_IDF_13-08.jpg\",\"keywords\":[\"Festa dell'Unit\u00e0 Bologna\",\"Gaza\",\"genocidio\",\"Omer Bartov\"],\"articleSection\":[\"In evidenza\"],\"inLanguage\":\"it-IT\",\"potentialAction\":[{\"@type\":\"CommentAction\",\"name\":\"Comment\",\"target\":[\"https:\/\/www.perunaltracitta.org\/homepage\/2024\/09\/04\/da-bifo-qualcuno-dica-ai-democratici-bolognesi\/#respond\"]}]},{\"@type\":\"WebPage\",\"@id\":\"https:\/\/www.perunaltracitta.org\/homepage\/2024\/09\/04\/da-bifo-qualcuno-dica-ai-democratici-bolognesi\/\",\"url\":\"https:\/\/www.perunaltracitta.org\/homepage\/2024\/09\/04\/da-bifo-qualcuno-dica-ai-democratici-bolognesi\/\",\"name\":\"Da BIFO: Qualcuno dica ai democratici bolognesi - La Citt\u00e0 invisibile | perUnaltracitt\u00e0 | Firenze\",\"isPartOf\":{\"@id\":\"https:\/\/www.perunaltracitta.org\/homepage\/#website\"},\"primaryImageOfPage\":{\"@id\":\"https:\/\/www.perunaltracitta.org\/homepage\/2024\/09\/04\/da-bifo-qualcuno-dica-ai-democratici-bolognesi\/#primaryimage\"},\"image\":{\"@id\":\"https:\/\/www.perunaltracitta.org\/homepage\/2024\/09\/04\/da-bifo-qualcuno-dica-ai-democratici-bolognesi\/#primaryimage\"},\"thumbnailUrl\":\"https:\/\/www.perunaltracitta.org\/wp-content\/uploads\/2024\/09\/SoI-War_23-11-01_IDF_13-08.jpg\",\"datePublished\":\"2024-09-04T10:05:35+00:00\",\"breadcrumb\":{\"@id\":\"https:\/\/www.perunaltracitta.org\/homepage\/2024\/09\/04\/da-bifo-qualcuno-dica-ai-democratici-bolognesi\/#breadcrumb\"},\"inLanguage\":\"it-IT\",\"potentialAction\":[{\"@type\":\"ReadAction\",\"target\":[\"https:\/\/www.perunaltracitta.org\/homepage\/2024\/09\/04\/da-bifo-qualcuno-dica-ai-democratici-bolognesi\/\"]}]},{\"@type\":\"ImageObject\",\"inLanguage\":\"it-IT\",\"@id\":\"https:\/\/www.perunaltracitta.org\/homepage\/2024\/09\/04\/da-bifo-qualcuno-dica-ai-democratici-bolognesi\/#primaryimage\",\"url\":\"https:\/\/www.perunaltracitta.org\/wp-content\/uploads\/2024\/09\/SoI-War_23-11-01_IDF_13-08.jpg\",\"contentUrl\":\"https:\/\/www.perunaltracitta.org\/wp-content\/uploads\/2024\/09\/SoI-War_23-11-01_IDF_13-08.jpg\",\"width\":800,\"height\":600},{\"@type\":\"BreadcrumbList\",\"@id\":\"https:\/\/www.perunaltracitta.org\/homepage\/2024\/09\/04\/da-bifo-qualcuno-dica-ai-democratici-bolognesi\/#breadcrumb\",\"itemListElement\":[{\"@type\":\"ListItem\",\"position\":1,\"name\":\"Home\",\"item\":\"https:\/\/www.perunaltracitta.org\/homepage\/\"},{\"@type\":\"ListItem\",\"position\":2,\"name\":\"Da BIFO: Qualcuno dica ai democratici bolognesi\"}]},{\"@type\":\"WebSite\",\"@id\":\"https:\/\/www.perunaltracitta.org\/homepage\/#website\",\"url\":\"https:\/\/www.perunaltracitta.org\/homepage\/\",\"name\":\"La Citt\u00e0 invisibile | perUnaltracitt\u00e0 | Firenze\",\"description\":\"Voci oltre il pensiero unico\",\"publisher\":{\"@id\":\"https:\/\/www.perunaltracitta.org\/homepage\/#organization\"},\"potentialAction\":[{\"@type\":\"SearchAction\",\"target\":{\"@type\":\"EntryPoint\",\"urlTemplate\":\"https:\/\/www.perunaltracitta.org\/homepage\/?s={search_term_string}\"},\"query-input\":{\"@type\":\"PropertyValueSpecification\",\"valueRequired\":true,\"valueName\":\"search_term_string\"}}],\"inLanguage\":\"it-IT\"},{\"@type\":\"Organization\",\"@id\":\"https:\/\/www.perunaltracitta.org\/homepage\/#organization\",\"name\":\"perUnaltracitt\u00e0 - laboratorio politico Firenze\",\"url\":\"https:\/\/www.perunaltracitta.org\/homepage\/\",\"logo\":{\"@type\":\"ImageObject\",\"inLanguage\":\"it-IT\",\"@id\":\"https:\/\/www.perunaltracitta.org\/homepage\/#\/schema\/logo\/image\/\",\"url\":\"https:\/\/www.perunaltracitta.org\/wp-content\/uploads\/2025\/11\/Original-on-Transparent-Copia-af-1.png\",\"contentUrl\":\"https:\/\/www.perunaltracitta.org\/wp-content\/uploads\/2025\/11\/Original-on-Transparent-Copia-af-1.png\",\"width\":600,\"height\":153,\"caption\":\"perUnaltracitt\u00e0 - laboratorio politico Firenze\"},\"image\":{\"@id\":\"https:\/\/www.perunaltracitta.org\/homepage\/#\/schema\/logo\/image\/\"},\"sameAs\":[\"https:\/\/www.facebook.com\/perunaltracitta\",\"https:\/\/x.com\/perunaltracitta\"]},{\"@type\":\"Person\",\"@id\":\"https:\/\/www.perunaltracitta.org\/homepage\/#\/schema\/person\/dfa435bbec27dfdfca89afd56a6c0081\",\"name\":\"Redazione\",\"image\":{\"@type\":\"ImageObject\",\"inLanguage\":\"it-IT\",\"@id\":\"https:\/\/www.perunaltracitta.org\/homepage\/#\/schema\/person\/image\/\",\"url\":\"https:\/\/www.perunaltracitta.org\/wp-content\/uploads\/2021\/12\/puc-per-barra-browser-120x120.png\",\"contentUrl\":\"https:\/\/www.perunaltracitta.org\/wp-content\/uploads\/2021\/12\/puc-per-barra-browser-120x120.png\",\"caption\":\"Redazione\"},\"description\":\"Il gruppo di\u00a0redazione della rivista edita da perUnaltracitt\u00e0\",\"url\":\"https:\/\/www.perunaltracitta.org\/homepage\/author\/admin\/\"}]}<\/script>\n<!-- \/ Yoast SEO plugin. -->","yoast_head_json":{"title":"Da BIFO: Qualcuno dica ai democratici bolognesi - La Citt\u00e0 invisibile | perUnaltracitt\u00e0 | Firenze","robots":{"index":"index","follow":"follow","max-snippet":"max-snippet:-1","max-image-preview":"max-image-preview:large","max-video-preview":"max-video-preview:-1"},"canonical":"https:\/\/www.perunaltracitta.org\/homepage\/2024\/09\/04\/da-bifo-qualcuno-dica-ai-democratici-bolognesi\/","og_locale":"it_IT","og_type":"article","og_title":"Da BIFO: Qualcuno dica ai democratici bolognesi - La Citt\u00e0 invisibile | perUnaltracitt\u00e0 | Firenze","og_description":"Non frequento la Festa dell&#8217;Unit\u00e0 da quando avevo sedici anni nel 1966, quindi non sarebbero fatti miei. Lo ammetto. Eppure questa mattina quando mi hanno detto che nel programma della Festa provinciale bolognese, che dura una ventina di giorni ed \u00e8 pieno di dibattiti e conferenze, non c&#8217;\u00e8 neppure una piccola discussione dedicata a quel &hellip; Da BIFO: Qualcuno dica ai democratici bolognesi Leggi altro &raquo;","og_url":"https:\/\/www.perunaltracitta.org\/homepage\/2024\/09\/04\/da-bifo-qualcuno-dica-ai-democratici-bolognesi\/","og_site_name":"La Citt\u00e0 invisibile | perUnaltracitt\u00e0 | Firenze","article_publisher":"https:\/\/www.facebook.com\/perunaltracitta","article_published_time":"2024-09-04T10:05:35+00:00","og_image":[{"width":800,"height":600,"url":"https:\/\/www.perunaltracitta.org\/wp-content\/uploads\/2024\/09\/SoI-War_23-11-01_IDF_13-08.jpg","type":"image\/jpeg"}],"author":"Redazione","twitter_card":"summary_large_image","twitter_creator":"@perunaltracitta","twitter_site":"@perunaltracitta","twitter_misc":{"Scritto da":"Redazione","Tempo di lettura stimato":"5 minuti"},"schema":{"@context":"https:\/\/schema.org","@graph":[{"@type":"Article","@id":"https:\/\/www.perunaltracitta.org\/homepage\/2024\/09\/04\/da-bifo-qualcuno-dica-ai-democratici-bolognesi\/#article","isPartOf":{"@id":"https:\/\/www.perunaltracitta.org\/homepage\/2024\/09\/04\/da-bifo-qualcuno-dica-ai-democratici-bolognesi\/"},"author":{"name":"Redazione","@id":"https:\/\/www.perunaltracitta.org\/homepage\/#\/schema\/person\/dfa435bbec27dfdfca89afd56a6c0081"},"headline":"Da BIFO: Qualcuno dica ai democratici bolognesi","datePublished":"2024-09-04T10:05:35+00:00","mainEntityOfPage":{"@id":"https:\/\/www.perunaltracitta.org\/homepage\/2024\/09\/04\/da-bifo-qualcuno-dica-ai-democratici-bolognesi\/"},"wordCount":739,"commentCount":2,"publisher":{"@id":"https:\/\/www.perunaltracitta.org\/homepage\/#organization"},"image":{"@id":"https:\/\/www.perunaltracitta.org\/homepage\/2024\/09\/04\/da-bifo-qualcuno-dica-ai-democratici-bolognesi\/#primaryimage"},"thumbnailUrl":"https:\/\/www.perunaltracitta.org\/wp-content\/uploads\/2024\/09\/SoI-War_23-11-01_IDF_13-08.jpg","keywords":["Festa dell'Unit\u00e0 Bologna","Gaza","genocidio","Omer Bartov"],"articleSection":["In evidenza"],"inLanguage":"it-IT","potentialAction":[{"@type":"CommentAction","name":"Comment","target":["https:\/\/www.perunaltracitta.org\/homepage\/2024\/09\/04\/da-bifo-qualcuno-dica-ai-democratici-bolognesi\/#respond"]}]},{"@type":"WebPage","@id":"https:\/\/www.perunaltracitta.org\/homepage\/2024\/09\/04\/da-bifo-qualcuno-dica-ai-democratici-bolognesi\/","url":"https:\/\/www.perunaltracitta.org\/homepage\/2024\/09\/04\/da-bifo-qualcuno-dica-ai-democratici-bolognesi\/","name":"Da BIFO: Qualcuno dica ai democratici bolognesi - La Citt\u00e0 invisibile | perUnaltracitt\u00e0 | Firenze","isPartOf":{"@id":"https:\/\/www.perunaltracitta.org\/homepage\/#website"},"primaryImageOfPage":{"@id":"https:\/\/www.perunaltracitta.org\/homepage\/2024\/09\/04\/da-bifo-qualcuno-dica-ai-democratici-bolognesi\/#primaryimage"},"image":{"@id":"https:\/\/www.perunaltracitta.org\/homepage\/2024\/09\/04\/da-bifo-qualcuno-dica-ai-democratici-bolognesi\/#primaryimage"},"thumbnailUrl":"https:\/\/www.perunaltracitta.org\/wp-content\/uploads\/2024\/09\/SoI-War_23-11-01_IDF_13-08.jpg","datePublished":"2024-09-04T10:05:35+00:00","breadcrumb":{"@id":"https:\/\/www.perunaltracitta.org\/homepage\/2024\/09\/04\/da-bifo-qualcuno-dica-ai-democratici-bolognesi\/#breadcrumb"},"inLanguage":"it-IT","potentialAction":[{"@type":"ReadAction","target":["https:\/\/www.perunaltracitta.org\/homepage\/2024\/09\/04\/da-bifo-qualcuno-dica-ai-democratici-bolognesi\/"]}]},{"@type":"ImageObject","inLanguage":"it-IT","@id":"https:\/\/www.perunaltracitta.org\/homepage\/2024\/09\/04\/da-bifo-qualcuno-dica-ai-democratici-bolognesi\/#primaryimage","url":"https:\/\/www.perunaltracitta.org\/wp-content\/uploads\/2024\/09\/SoI-War_23-11-01_IDF_13-08.jpg","contentUrl":"https:\/\/www.perunaltracitta.org\/wp-content\/uploads\/2024\/09\/SoI-War_23-11-01_IDF_13-08.jpg","width":800,"height":600},{"@type":"BreadcrumbList","@id":"https:\/\/www.perunaltracitta.org\/homepage\/2024\/09\/04\/da-bifo-qualcuno-dica-ai-democratici-bolognesi\/#breadcrumb","itemListElement":[{"@type":"ListItem","position":1,"name":"Home","item":"https:\/\/www.perunaltracitta.org\/homepage\/"},{"@type":"ListItem","position":2,"name":"Da BIFO: Qualcuno dica ai democratici bolognesi"}]},{"@type":"WebSite","@id":"https:\/\/www.perunaltracitta.org\/homepage\/#website","url":"https:\/\/www.perunaltracitta.org\/homepage\/","name":"La Citt\u00e0 invisibile | perUnaltracitt\u00e0 | Firenze","description":"Voci oltre il pensiero unico","publisher":{"@id":"https:\/\/www.perunaltracitta.org\/homepage\/#organization"},"potentialAction":[{"@type":"SearchAction","target":{"@type":"EntryPoint","urlTemplate":"https:\/\/www.perunaltracitta.org\/homepage\/?s={search_term_string}"},"query-input":{"@type":"PropertyValueSpecification","valueRequired":true,"valueName":"search_term_string"}}],"inLanguage":"it-IT"},{"@type":"Organization","@id":"https:\/\/www.perunaltracitta.org\/homepage\/#organization","name":"perUnaltracitt\u00e0 - laboratorio politico Firenze","url":"https:\/\/www.perunaltracitta.org\/homepage\/","logo":{"@type":"ImageObject","inLanguage":"it-IT","@id":"https:\/\/www.perunaltracitta.org\/homepage\/#\/schema\/logo\/image\/","url":"https:\/\/www.perunaltracitta.org\/wp-content\/uploads\/2025\/11\/Original-on-Transparent-Copia-af-1.png","contentUrl":"https:\/\/www.perunaltracitta.org\/wp-content\/uploads\/2025\/11\/Original-on-Transparent-Copia-af-1.png","width":600,"height":153,"caption":"perUnaltracitt\u00e0 - laboratorio politico Firenze"},"image":{"@id":"https:\/\/www.perunaltracitta.org\/homepage\/#\/schema\/logo\/image\/"},"sameAs":["https:\/\/www.facebook.com\/perunaltracitta","https:\/\/x.com\/perunaltracitta"]},{"@type":"Person","@id":"https:\/\/www.perunaltracitta.org\/homepage\/#\/schema\/person\/dfa435bbec27dfdfca89afd56a6c0081","name":"Redazione","image":{"@type":"ImageObject","inLanguage":"it-IT","@id":"https:\/\/www.perunaltracitta.org\/homepage\/#\/schema\/person\/image\/","url":"https:\/\/www.perunaltracitta.org\/wp-content\/uploads\/2021\/12\/puc-per-barra-browser-120x120.png","contentUrl":"https:\/\/www.perunaltracitta.org\/wp-content\/uploads\/2021\/12\/puc-per-barra-browser-120x120.png","caption":"Redazione"},"description":"Il gruppo di\u00a0redazione della rivista edita da perUnaltracitt\u00e0","url":"https:\/\/www.perunaltracitta.org\/homepage\/author\/admin\/"}]}},"uagb_featured_image_src":{"full":["https:\/\/www.perunaltracitta.org\/wp-content\/uploads\/2024\/09\/SoI-War_23-11-01_IDF_13-08.jpg",800,600,false],"thumbnail":["https:\/\/www.perunaltracitta.org\/wp-content\/uploads\/2024\/09\/SoI-War_23-11-01_IDF_13-08-150x150.jpg",150,150,true],"medium":["https:\/\/www.perunaltracitta.org\/wp-content\/uploads\/2024\/09\/SoI-War_23-11-01_IDF_13-08-300x225.jpg",300,225,true],"medium_large":["https:\/\/www.perunaltracitta.org\/wp-content\/uploads\/2024\/09\/SoI-War_23-11-01_IDF_13-08-768x576.jpg",768,576,true],"large":["https:\/\/www.perunaltracitta.org\/wp-content\/uploads\/2024\/09\/SoI-War_23-11-01_IDF_13-08.jpg",800,600,false],"wysija-newsletters-max":["https:\/\/www.perunaltracitta.org\/wp-content\/uploads\/2024\/09\/SoI-War_23-11-01_IDF_13-08-600x450.jpg",600,450,true],"1536x1536":["https:\/\/www.perunaltracitta.org\/wp-content\/uploads\/2024\/09\/SoI-War_23-11-01_IDF_13-08.jpg",800,600,false],"2048x2048":["https:\/\/www.perunaltracitta.org\/wp-content\/uploads\/2024\/09\/SoI-War_23-11-01_IDF_13-08.jpg",800,600,false],"mailpoet_newsletter_max":["https:\/\/www.perunaltracitta.org\/wp-content\/uploads\/2024\/09\/SoI-War_23-11-01_IDF_13-08.jpg",800,600,false],"yarpp-thumbnail":["https:\/\/www.perunaltracitta.org\/wp-content\/uploads\/2024\/09\/SoI-War_23-11-01_IDF_13-08-120x120.jpg",120,120,true]},"uagb_author_info":{"display_name":"Redazione","author_link":"https:\/\/www.perunaltracitta.org\/homepage\/author\/admin\/"},"uagb_comment_info":2,"uagb_excerpt":"Non frequento la Festa dell&#8217;Unit\u00e0 da quando avevo sedici anni nel 1966, quindi non sarebbero fatti miei. Lo ammetto. Eppure questa mattina quando mi hanno detto che nel programma della Festa provinciale bolognese, che dura una ventina di giorni ed \u00e8 pieno di dibattiti e conferenze, non c&#8217;\u00e8 neppure una piccola discussione dedicata a quel&hellip;","_links":{"self":[{"href":"https:\/\/www.perunaltracitta.org\/homepage\/wp-json\/wp\/v2\/posts\/95883","targetHints":{"allow":["GET"]}}],"collection":[{"href":"https:\/\/www.perunaltracitta.org\/homepage\/wp-json\/wp\/v2\/posts"}],"about":[{"href":"https:\/\/www.perunaltracitta.org\/homepage\/wp-json\/wp\/v2\/types\/post"}],"author":[{"embeddable":true,"href":"https:\/\/www.perunaltracitta.org\/homepage\/wp-json\/wp\/v2\/users\/1"}],"replies":[{"embeddable":true,"href":"https:\/\/www.perunaltracitta.org\/homepage\/wp-json\/wp\/v2\/comments?post=95883"}],"version-history":[{"count":3,"href":"https:\/\/www.perunaltracitta.org\/homepage\/wp-json\/wp\/v2\/posts\/95883\/revisions"}],"predecessor-version":[{"id":95887,"href":"https:\/\/www.perunaltracitta.org\/homepage\/wp-json\/wp\/v2\/posts\/95883\/revisions\/95887"}],"wp:featuredmedia":[{"embeddable":true,"href":"https:\/\/www.perunaltracitta.org\/homepage\/wp-json\/wp\/v2\/media\/95886"}],"wp:attachment":[{"href":"https:\/\/www.perunaltracitta.org\/homepage\/wp-json\/wp\/v2\/media?parent=95883"}],"wp:term":[{"taxonomy":"category","embeddable":true,"href":"https:\/\/www.perunaltracitta.org\/homepage\/wp-json\/wp\/v2\/categories?post=95883"},{"taxonomy":"post_tag","embeddable":true,"href":"https:\/\/www.perunaltracitta.org\/homepage\/wp-json\/wp\/v2\/tags?post=95883"}],"curies":[{"name":"wp","href":"https:\/\/api.w.org\/{rel}","templated":true}]}}