{"id":96869,"date":"2025-01-07T10:55:52","date_gmt":"2025-01-07T09:55:52","guid":{"rendered":"https:\/\/www.perunaltracitta.org\/homepage\/?p=96869"},"modified":"2025-03-06T18:05:39","modified_gmt":"2025-03-06T17:05:39","slug":"classifica-qualita-della-vita-2024-firenze-al-36-posto-perde-30-posizioni-in-un-solo-anno","status":"publish","type":"post","link":"https:\/\/www.perunaltracitta.org\/homepage\/2025\/01\/07\/classifica-qualita-della-vita-2024-firenze-al-36-posto-perde-30-posizioni-in-un-solo-anno\/","title":{"rendered":"Classifica qualit\u00e0 della vita 2024: Firenze al 36\u00b0 posto, perde 30 posizioni in un solo anno"},"content":{"rendered":"<p>Come ogni anno il Sole24Ore ha pubblicato la classifica delle 107 province italiane dove si vive meglio.<br \/>\nMediante 90 indicatori divisi in 6 macro categorie tematiche che ne misurano l&#8217;indice della qualit\u00e0 della vita.<\/p>\n<p>Per la prima volta Bergamo si aggiudica la prima posizione, vi sono poi Trento e Bolzano.<br \/>\nPer quanto concerne le altre province toscane la migliore risulta essere Siena (15\u00b0) che, insieme a Pisa (34\u00b0) e Prato (31\u00b0), fanno meglio del capoluogo toscano.<\/p>\n<p><img loading=\"lazy\" decoding=\"async\" class=\"alignleft wp-image-96972 \" src=\"https:\/\/www.perunaltracitta.org\/wp-content\/uploads\/2025\/01\/aae4a51b-6eda-4aef-97b3-8918205208ab-768x1024.jpeg\" alt=\"\" width=\"482\" height=\"643\" srcset=\"https:\/\/www.perunaltracitta.org\/wp-content\/uploads\/2025\/01\/aae4a51b-6eda-4aef-97b3-8918205208ab-768x1024.jpeg 768w, https:\/\/www.perunaltracitta.org\/wp-content\/uploads\/2025\/01\/aae4a51b-6eda-4aef-97b3-8918205208ab-225x300.jpeg 225w, https:\/\/www.perunaltracitta.org\/wp-content\/uploads\/2025\/01\/aae4a51b-6eda-4aef-97b3-8918205208ab-600x800.jpeg 600w, https:\/\/www.perunaltracitta.org\/wp-content\/uploads\/2025\/01\/aae4a51b-6eda-4aef-97b3-8918205208ab.jpeg 1080w\" sizes=\"auto, (max-width: 482px) 100vw, 482px\" \/>E Firenze? Il capoluogo toscano sprofonda in classifica, perdendo ben 30 posizioni rispetto all&#8217;anno precedente, passando dal 6\u00b0 al 36\u00b0 posto. Un tale arretramento non \u00e8 stato registrato da nessun&#8217;altra provincia.<\/p>\n<p>L&#8217;indicatore che ha influito maggiormente risulta essere quello della &#8220;Giustizia e sicurezza&#8221;, che con il suo ultimo posto ha fatto crollare la media di tutti gli altri indicatori presi in esame. Per comprendere il calo in questione \u00e8 utile osservare anche le voci relative a fenomeni quali &#8220;Truffe e frodi informatiche&#8221;, &#8220;Criminalit\u00e0 sul totale dei delitti denunciati&#8221;, &#8220;Furti con destrezza&#8221; o &#8220;Rapine in pubblica via&#8221;. Trattasi di indicatori ricavati da denunce ogni 100mila abitanti e che classificano la citt\u00e0 all&#8217;ultimo posto nella classifica (107\u00b0), decretandola come la peggiore provincia su scala nazionale.<br \/>\nTuttavia, le cause che hanno contribuito all&#8217;arretramento di Firenze all&#8217;interno della classifica non si esauriscono soltanto in materia di criminalit\u00e0 e sicurezza.<\/p>\n<p>Purtroppo per Firenze i problemi non finiscono qui e si estendono anche sul piano della &#8220;Ricchezza e consumi&#8221;, in particolare sul piano dei canoni medi di locazione e per le mensilit\u00e0 di stipendio per comprare un immobile: in tale ambito il capoluogo toscano si colloca al 105\u00b0 posto su 107.<br \/>\n\u00c8 su questo terreno che \u00e8 possibile individuare l&#8217;aumento delle disuguaglianze economiche: Firenze si colloca al 103\u00b0 posto in materia di disuguaglianza del reddito netto tra le varie componenti della popolazione. In poche parole: chi era ricco oggi \u00e8 ancora pi\u00f9 ricco, chi era povero oggi \u00e8 ancora pi\u00f9 povero. All&#8217;interno di questo panorama si inserisce l&#8217;impossibilit\u00e0, soprattutto per le giovani generazioni, di poter prendere una casa in affitto.<\/p>\n<p>&#8220;C\u2019\u00e8 una performance al ribasso e gli amministratori non devono assolutamente sottovalutare questo&#8221;, ha commentato la sindaca Sara Funaro.<br \/>\n&#8220;Penso \u2014 ha poi aggiunto la sindaca \u2014 che si sia incrinato il tetto di cristallo ma ancora non si sia rotto del tutto: dobbiamo fare un lavoro importante, specie sul coinvolgimento delle giovani&#8221;.<\/p>\n<p>Non \u00e8 chiaro a quale tetto di cristallo si riferisse la sindaca: se quello relativo al benessere della cittadinanza o quello del mantenimento dei privilegi di una piccola minoranza di quest&#8217;ultima. Va per\u00f2 aggiunto che la drammaticit\u00e0 dei dati contenuti all&#8217;interno dello studio del Sole24Ore ci ricorda che non si pu\u00f2 pi\u00f9 attendere ed esprime l&#8217;urgenza di riflettere sul futuro della citt\u00e0.<\/p>\n","protected":false},"excerpt":{"rendered":"<p>Come ogni anno il Sole24Ore ha pubblicato la classifica delle 107 province italiane dove si vive meglio. Mediante 90 indicatori divisi in 6 macro categorie tematiche che ne misurano l&#8217;indice della qualit\u00e0 della vita. Per la prima volta Bergamo si aggiudica la prima posizione, vi sono poi Trento e Bolzano. Per quanto concerne le altre &hellip;<\/p>\n<p class=\"read-more\"> <a class=\"\" href=\"https:\/\/www.perunaltracitta.org\/homepage\/2025\/01\/07\/classifica-qualita-della-vita-2024-firenze-al-36-posto-perde-30-posizioni-in-un-solo-anno\/\"> <span class=\"screen-reader-text\">Classifica qualit\u00e0 della vita 2024: Firenze al 36\u00b0 posto, perde 30 posizioni in un solo anno<\/span> Leggi altro &raquo;<\/a><\/p>\n","protected":false},"author":483,"featured_media":96972,"comment_status":"open","ping_status":"open","sticky":false,"template":"","format":"standard","meta":{"_uag_custom_page_level_css":"","site-sidebar-layout":"default","site-content-layout":"default","ast-global-header-display":"","ast-main-header-display":"","ast-hfb-above-header-display":"","ast-hfb-below-header-display":"","ast-hfb-mobile-header-display":"","site-post-title":"","ast-breadcrumbs-content":"","ast-featured-img":"","footer-sml-layout":"","theme-transparent-header-meta":"default","adv-header-id-meta":"","stick-header-meta":"","header-above-stick-meta":"","header-main-stick-meta":"","header-below-stick-meta":"","footnotes":""},"categories":[4132,41],"tags":[6366,5,6365],"class_list":["post-96869","post","type-post","status-publish","format-standard","has-post-thumbnail","hentry","category-firenze","category-la-citta-invisibile","tag-disuguaglianze-economiche","tag-firenze","tag-qualita-della-vita"],"yoast_head":"<!-- This site is optimized with the Yoast SEO plugin v25.1 - https:\/\/yoast.com\/wordpress\/plugins\/seo\/ -->\n<title>Classifica qualit\u00e0 della vita 2024: Firenze al 36\u00b0 posto, perde 30 posizioni in un solo anno - La Citt\u00e0 invisibile | perUnaltracitt\u00e0 | Firenze<\/title>\n<meta name=\"robots\" content=\"index, follow, max-snippet:-1, max-image-preview:large, max-video-preview:-1\" \/>\n<link rel=\"canonical\" href=\"https:\/\/www.perunaltracitta.org\/homepage\/2025\/01\/07\/classifica-qualita-della-vita-2024-firenze-al-36-posto-perde-30-posizioni-in-un-solo-anno\/\" \/>\n<meta property=\"og:locale\" content=\"it_IT\" \/>\n<meta property=\"og:type\" content=\"article\" \/>\n<meta property=\"og:title\" content=\"Classifica qualit\u00e0 della vita 2024: Firenze al 36\u00b0 posto, perde 30 posizioni in un solo anno - La Citt\u00e0 invisibile | perUnaltracitt\u00e0 | Firenze\" \/>\n<meta property=\"og:description\" content=\"Come ogni anno il Sole24Ore ha pubblicato la classifica delle 107 province italiane dove si vive meglio. Mediante 90 indicatori divisi in 6 macro categorie tematiche che ne misurano l&#8217;indice della qualit\u00e0 della vita. Per la prima volta Bergamo si aggiudica la prima posizione, vi sono poi Trento e Bolzano. Per quanto concerne le altre &hellip; Classifica qualit\u00e0 della vita 2024: Firenze al 36\u00b0 posto, perde 30 posizioni in un solo anno Leggi altro &raquo;\" \/>\n<meta property=\"og:url\" content=\"https:\/\/www.perunaltracitta.org\/homepage\/2025\/01\/07\/classifica-qualita-della-vita-2024-firenze-al-36-posto-perde-30-posizioni-in-un-solo-anno\/\" \/>\n<meta property=\"og:site_name\" content=\"La Citt\u00e0 invisibile | perUnaltracitt\u00e0 | Firenze\" \/>\n<meta property=\"article:publisher\" content=\"https:\/\/www.facebook.com\/perunaltracitta\" \/>\n<meta property=\"article:published_time\" content=\"2025-01-07T09:55:52+00:00\" \/>\n<meta property=\"article:modified_time\" content=\"2025-03-06T17:05:39+00:00\" \/>\n<meta property=\"og:image\" content=\"https:\/\/www.perunaltracitta.org\/wp-content\/uploads\/2025\/01\/aae4a51b-6eda-4aef-97b3-8918205208ab.jpeg\" \/>\n\t<meta property=\"og:image:width\" content=\"1080\" \/>\n\t<meta property=\"og:image:height\" content=\"1440\" \/>\n\t<meta property=\"og:image:type\" content=\"image\/jpeg\" \/>\n<meta name=\"author\" content=\"Lorenzo Villani\" \/>\n<meta name=\"twitter:card\" content=\"summary_large_image\" \/>\n<meta name=\"twitter:creator\" content=\"@perunaltracitta\" \/>\n<meta name=\"twitter:site\" content=\"@perunaltracitta\" \/>\n<meta name=\"twitter:label1\" content=\"Scritto da\" \/>\n\t<meta name=\"twitter:data1\" content=\"Lorenzo Villani\" \/>\n\t<meta name=\"twitter:label2\" content=\"Tempo di lettura stimato\" \/>\n\t<meta name=\"twitter:data2\" content=\"3 minuti\" \/>\n<script type=\"application\/ld+json\" class=\"yoast-schema-graph\">{\"@context\":\"https:\/\/schema.org\",\"@graph\":[{\"@type\":\"Article\",\"@id\":\"https:\/\/www.perunaltracitta.org\/homepage\/2025\/01\/07\/classifica-qualita-della-vita-2024-firenze-al-36-posto-perde-30-posizioni-in-un-solo-anno\/#article\",\"isPartOf\":{\"@id\":\"https:\/\/www.perunaltracitta.org\/homepage\/2025\/01\/07\/classifica-qualita-della-vita-2024-firenze-al-36-posto-perde-30-posizioni-in-un-solo-anno\/\"},\"author\":{\"name\":\"Lorenzo Villani\",\"@id\":\"https:\/\/www.perunaltracitta.org\/homepage\/#\/schema\/person\/53b86d9bc5fd720e90e49259d43dbc9a\"},\"headline\":\"Classifica qualit\u00e0 della vita 2024: Firenze al 36\u00b0 posto, perde 30 posizioni in un solo anno\",\"datePublished\":\"2025-01-07T09:55:52+00:00\",\"dateModified\":\"2025-03-06T17:05:39+00:00\",\"mainEntityOfPage\":{\"@id\":\"https:\/\/www.perunaltracitta.org\/homepage\/2025\/01\/07\/classifica-qualita-della-vita-2024-firenze-al-36-posto-perde-30-posizioni-in-un-solo-anno\/\"},\"wordCount\":448,\"commentCount\":1,\"publisher\":{\"@id\":\"https:\/\/www.perunaltracitta.org\/homepage\/#organization\"},\"image\":{\"@id\":\"https:\/\/www.perunaltracitta.org\/homepage\/2025\/01\/07\/classifica-qualita-della-vita-2024-firenze-al-36-posto-perde-30-posizioni-in-un-solo-anno\/#primaryimage\"},\"thumbnailUrl\":\"https:\/\/www.perunaltracitta.org\/wp-content\/uploads\/2025\/01\/aae4a51b-6eda-4aef-97b3-8918205208ab.jpeg\",\"keywords\":[\"disuguaglianze economiche\",\"firenze\",\"Qualit\u00e0 della vita\"],\"articleSection\":[\"Firenze e dintorni\",\"La Citt\u00e0 invisibile\"],\"inLanguage\":\"it-IT\",\"potentialAction\":[{\"@type\":\"CommentAction\",\"name\":\"Comment\",\"target\":[\"https:\/\/www.perunaltracitta.org\/homepage\/2025\/01\/07\/classifica-qualita-della-vita-2024-firenze-al-36-posto-perde-30-posizioni-in-un-solo-anno\/#respond\"]}]},{\"@type\":\"WebPage\",\"@id\":\"https:\/\/www.perunaltracitta.org\/homepage\/2025\/01\/07\/classifica-qualita-della-vita-2024-firenze-al-36-posto-perde-30-posizioni-in-un-solo-anno\/\",\"url\":\"https:\/\/www.perunaltracitta.org\/homepage\/2025\/01\/07\/classifica-qualita-della-vita-2024-firenze-al-36-posto-perde-30-posizioni-in-un-solo-anno\/\",\"name\":\"Classifica qualit\u00e0 della vita 2024: Firenze al 36\u00b0 posto, perde 30 posizioni in un solo anno - La Citt\u00e0 invisibile | perUnaltracitt\u00e0 | Firenze\",\"isPartOf\":{\"@id\":\"https:\/\/www.perunaltracitta.org\/homepage\/#website\"},\"primaryImageOfPage\":{\"@id\":\"https:\/\/www.perunaltracitta.org\/homepage\/2025\/01\/07\/classifica-qualita-della-vita-2024-firenze-al-36-posto-perde-30-posizioni-in-un-solo-anno\/#primaryimage\"},\"image\":{\"@id\":\"https:\/\/www.perunaltracitta.org\/homepage\/2025\/01\/07\/classifica-qualita-della-vita-2024-firenze-al-36-posto-perde-30-posizioni-in-un-solo-anno\/#primaryimage\"},\"thumbnailUrl\":\"https:\/\/www.perunaltracitta.org\/wp-content\/uploads\/2025\/01\/aae4a51b-6eda-4aef-97b3-8918205208ab.jpeg\",\"datePublished\":\"2025-01-07T09:55:52+00:00\",\"dateModified\":\"2025-03-06T17:05:39+00:00\",\"breadcrumb\":{\"@id\":\"https:\/\/www.perunaltracitta.org\/homepage\/2025\/01\/07\/classifica-qualita-della-vita-2024-firenze-al-36-posto-perde-30-posizioni-in-un-solo-anno\/#breadcrumb\"},\"inLanguage\":\"it-IT\",\"potentialAction\":[{\"@type\":\"ReadAction\",\"target\":[\"https:\/\/www.perunaltracitta.org\/homepage\/2025\/01\/07\/classifica-qualita-della-vita-2024-firenze-al-36-posto-perde-30-posizioni-in-un-solo-anno\/\"]}]},{\"@type\":\"ImageObject\",\"inLanguage\":\"it-IT\",\"@id\":\"https:\/\/www.perunaltracitta.org\/homepage\/2025\/01\/07\/classifica-qualita-della-vita-2024-firenze-al-36-posto-perde-30-posizioni-in-un-solo-anno\/#primaryimage\",\"url\":\"https:\/\/www.perunaltracitta.org\/wp-content\/uploads\/2025\/01\/aae4a51b-6eda-4aef-97b3-8918205208ab.jpeg\",\"contentUrl\":\"https:\/\/www.perunaltracitta.org\/wp-content\/uploads\/2025\/01\/aae4a51b-6eda-4aef-97b3-8918205208ab.jpeg\",\"width\":1080,\"height\":1440},{\"@type\":\"BreadcrumbList\",\"@id\":\"https:\/\/www.perunaltracitta.org\/homepage\/2025\/01\/07\/classifica-qualita-della-vita-2024-firenze-al-36-posto-perde-30-posizioni-in-un-solo-anno\/#breadcrumb\",\"itemListElement\":[{\"@type\":\"ListItem\",\"position\":1,\"name\":\"Home\",\"item\":\"https:\/\/www.perunaltracitta.org\/homepage\/\"},{\"@type\":\"ListItem\",\"position\":2,\"name\":\"Classifica qualit\u00e0 della vita 2024: Firenze al 36\u00b0 posto, perde 30 posizioni in un solo anno\"}]},{\"@type\":\"WebSite\",\"@id\":\"https:\/\/www.perunaltracitta.org\/homepage\/#website\",\"url\":\"https:\/\/www.perunaltracitta.org\/homepage\/\",\"name\":\"La Citt\u00e0 invisibile | perUnaltracitt\u00e0 | Firenze\",\"description\":\"Voci oltre il pensiero unico\",\"publisher\":{\"@id\":\"https:\/\/www.perunaltracitta.org\/homepage\/#organization\"},\"potentialAction\":[{\"@type\":\"SearchAction\",\"target\":{\"@type\":\"EntryPoint\",\"urlTemplate\":\"https:\/\/www.perunaltracitta.org\/homepage\/?s={search_term_string}\"},\"query-input\":{\"@type\":\"PropertyValueSpecification\",\"valueRequired\":true,\"valueName\":\"search_term_string\"}}],\"inLanguage\":\"it-IT\"},{\"@type\":\"Organization\",\"@id\":\"https:\/\/www.perunaltracitta.org\/homepage\/#organization\",\"name\":\"perUnaltracitt\u00e0 - laboratorio politico Firenze\",\"url\":\"https:\/\/www.perunaltracitta.org\/homepage\/\",\"logo\":{\"@type\":\"ImageObject\",\"inLanguage\":\"it-IT\",\"@id\":\"https:\/\/www.perunaltracitta.org\/homepage\/#\/schema\/logo\/image\/\",\"url\":\"https:\/\/www.perunaltracitta.org\/wp-content\/uploads\/2025\/11\/Original-on-Transparent-Copia-af-1.png\",\"contentUrl\":\"https:\/\/www.perunaltracitta.org\/wp-content\/uploads\/2025\/11\/Original-on-Transparent-Copia-af-1.png\",\"width\":600,\"height\":153,\"caption\":\"perUnaltracitt\u00e0 - laboratorio politico Firenze\"},\"image\":{\"@id\":\"https:\/\/www.perunaltracitta.org\/homepage\/#\/schema\/logo\/image\/\"},\"sameAs\":[\"https:\/\/www.facebook.com\/perunaltracitta\",\"https:\/\/x.com\/perunaltracitta\"]},{\"@type\":\"Person\",\"@id\":\"https:\/\/www.perunaltracitta.org\/homepage\/#\/schema\/person\/53b86d9bc5fd720e90e49259d43dbc9a\",\"name\":\"Lorenzo Villani\",\"image\":{\"@type\":\"ImageObject\",\"inLanguage\":\"it-IT\",\"@id\":\"https:\/\/www.perunaltracitta.org\/homepage\/#\/schema\/person\/image\/\",\"url\":\"https:\/\/www.perunaltracitta.org\/wp-content\/uploads\/2023\/02\/lorenzo-120x120.jpg\",\"contentUrl\":\"https:\/\/www.perunaltracitta.org\/wp-content\/uploads\/2023\/02\/lorenzo-120x120.jpg\",\"caption\":\"Lorenzo Villani\"},\"url\":\"https:\/\/www.perunaltracitta.org\/homepage\/author\/lorenzo-villani\/\"}]}<\/script>\n<!-- \/ Yoast SEO plugin. -->","yoast_head_json":{"title":"Classifica qualit\u00e0 della vita 2024: Firenze al 36\u00b0 posto, perde 30 posizioni in un solo anno - La Citt\u00e0 invisibile | perUnaltracitt\u00e0 | Firenze","robots":{"index":"index","follow":"follow","max-snippet":"max-snippet:-1","max-image-preview":"max-image-preview:large","max-video-preview":"max-video-preview:-1"},"canonical":"https:\/\/www.perunaltracitta.org\/homepage\/2025\/01\/07\/classifica-qualita-della-vita-2024-firenze-al-36-posto-perde-30-posizioni-in-un-solo-anno\/","og_locale":"it_IT","og_type":"article","og_title":"Classifica qualit\u00e0 della vita 2024: Firenze al 36\u00b0 posto, perde 30 posizioni in un solo anno - La Citt\u00e0 invisibile | perUnaltracitt\u00e0 | Firenze","og_description":"Come ogni anno il Sole24Ore ha pubblicato la classifica delle 107 province italiane dove si vive meglio. Mediante 90 indicatori divisi in 6 macro categorie tematiche che ne misurano l&#8217;indice della qualit\u00e0 della vita. Per la prima volta Bergamo si aggiudica la prima posizione, vi sono poi Trento e Bolzano. Per quanto concerne le altre &hellip; Classifica qualit\u00e0 della vita 2024: Firenze al 36\u00b0 posto, perde 30 posizioni in un solo anno Leggi altro &raquo;","og_url":"https:\/\/www.perunaltracitta.org\/homepage\/2025\/01\/07\/classifica-qualita-della-vita-2024-firenze-al-36-posto-perde-30-posizioni-in-un-solo-anno\/","og_site_name":"La Citt\u00e0 invisibile | perUnaltracitt\u00e0 | Firenze","article_publisher":"https:\/\/www.facebook.com\/perunaltracitta","article_published_time":"2025-01-07T09:55:52+00:00","article_modified_time":"2025-03-06T17:05:39+00:00","og_image":[{"width":1080,"height":1440,"url":"https:\/\/www.perunaltracitta.org\/wp-content\/uploads\/2025\/01\/aae4a51b-6eda-4aef-97b3-8918205208ab.jpeg","type":"image\/jpeg"}],"author":"Lorenzo Villani","twitter_card":"summary_large_image","twitter_creator":"@perunaltracitta","twitter_site":"@perunaltracitta","twitter_misc":{"Scritto da":"Lorenzo Villani","Tempo di lettura stimato":"3 minuti"},"schema":{"@context":"https:\/\/schema.org","@graph":[{"@type":"Article","@id":"https:\/\/www.perunaltracitta.org\/homepage\/2025\/01\/07\/classifica-qualita-della-vita-2024-firenze-al-36-posto-perde-30-posizioni-in-un-solo-anno\/#article","isPartOf":{"@id":"https:\/\/www.perunaltracitta.org\/homepage\/2025\/01\/07\/classifica-qualita-della-vita-2024-firenze-al-36-posto-perde-30-posizioni-in-un-solo-anno\/"},"author":{"name":"Lorenzo Villani","@id":"https:\/\/www.perunaltracitta.org\/homepage\/#\/schema\/person\/53b86d9bc5fd720e90e49259d43dbc9a"},"headline":"Classifica qualit\u00e0 della vita 2024: Firenze al 36\u00b0 posto, perde 30 posizioni in un solo anno","datePublished":"2025-01-07T09:55:52+00:00","dateModified":"2025-03-06T17:05:39+00:00","mainEntityOfPage":{"@id":"https:\/\/www.perunaltracitta.org\/homepage\/2025\/01\/07\/classifica-qualita-della-vita-2024-firenze-al-36-posto-perde-30-posizioni-in-un-solo-anno\/"},"wordCount":448,"commentCount":1,"publisher":{"@id":"https:\/\/www.perunaltracitta.org\/homepage\/#organization"},"image":{"@id":"https:\/\/www.perunaltracitta.org\/homepage\/2025\/01\/07\/classifica-qualita-della-vita-2024-firenze-al-36-posto-perde-30-posizioni-in-un-solo-anno\/#primaryimage"},"thumbnailUrl":"https:\/\/www.perunaltracitta.org\/wp-content\/uploads\/2025\/01\/aae4a51b-6eda-4aef-97b3-8918205208ab.jpeg","keywords":["disuguaglianze economiche","firenze","Qualit\u00e0 della vita"],"articleSection":["Firenze e dintorni","La Citt\u00e0 invisibile"],"inLanguage":"it-IT","potentialAction":[{"@type":"CommentAction","name":"Comment","target":["https:\/\/www.perunaltracitta.org\/homepage\/2025\/01\/07\/classifica-qualita-della-vita-2024-firenze-al-36-posto-perde-30-posizioni-in-un-solo-anno\/#respond"]}]},{"@type":"WebPage","@id":"https:\/\/www.perunaltracitta.org\/homepage\/2025\/01\/07\/classifica-qualita-della-vita-2024-firenze-al-36-posto-perde-30-posizioni-in-un-solo-anno\/","url":"https:\/\/www.perunaltracitta.org\/homepage\/2025\/01\/07\/classifica-qualita-della-vita-2024-firenze-al-36-posto-perde-30-posizioni-in-un-solo-anno\/","name":"Classifica qualit\u00e0 della vita 2024: Firenze al 36\u00b0 posto, perde 30 posizioni in un solo anno - La Citt\u00e0 invisibile | perUnaltracitt\u00e0 | Firenze","isPartOf":{"@id":"https:\/\/www.perunaltracitta.org\/homepage\/#website"},"primaryImageOfPage":{"@id":"https:\/\/www.perunaltracitta.org\/homepage\/2025\/01\/07\/classifica-qualita-della-vita-2024-firenze-al-36-posto-perde-30-posizioni-in-un-solo-anno\/#primaryimage"},"image":{"@id":"https:\/\/www.perunaltracitta.org\/homepage\/2025\/01\/07\/classifica-qualita-della-vita-2024-firenze-al-36-posto-perde-30-posizioni-in-un-solo-anno\/#primaryimage"},"thumbnailUrl":"https:\/\/www.perunaltracitta.org\/wp-content\/uploads\/2025\/01\/aae4a51b-6eda-4aef-97b3-8918205208ab.jpeg","datePublished":"2025-01-07T09:55:52+00:00","dateModified":"2025-03-06T17:05:39+00:00","breadcrumb":{"@id":"https:\/\/www.perunaltracitta.org\/homepage\/2025\/01\/07\/classifica-qualita-della-vita-2024-firenze-al-36-posto-perde-30-posizioni-in-un-solo-anno\/#breadcrumb"},"inLanguage":"it-IT","potentialAction":[{"@type":"ReadAction","target":["https:\/\/www.perunaltracitta.org\/homepage\/2025\/01\/07\/classifica-qualita-della-vita-2024-firenze-al-36-posto-perde-30-posizioni-in-un-solo-anno\/"]}]},{"@type":"ImageObject","inLanguage":"it-IT","@id":"https:\/\/www.perunaltracitta.org\/homepage\/2025\/01\/07\/classifica-qualita-della-vita-2024-firenze-al-36-posto-perde-30-posizioni-in-un-solo-anno\/#primaryimage","url":"https:\/\/www.perunaltracitta.org\/wp-content\/uploads\/2025\/01\/aae4a51b-6eda-4aef-97b3-8918205208ab.jpeg","contentUrl":"https:\/\/www.perunaltracitta.org\/wp-content\/uploads\/2025\/01\/aae4a51b-6eda-4aef-97b3-8918205208ab.jpeg","width":1080,"height":1440},{"@type":"BreadcrumbList","@id":"https:\/\/www.perunaltracitta.org\/homepage\/2025\/01\/07\/classifica-qualita-della-vita-2024-firenze-al-36-posto-perde-30-posizioni-in-un-solo-anno\/#breadcrumb","itemListElement":[{"@type":"ListItem","position":1,"name":"Home","item":"https:\/\/www.perunaltracitta.org\/homepage\/"},{"@type":"ListItem","position":2,"name":"Classifica qualit\u00e0 della vita 2024: Firenze al 36\u00b0 posto, perde 30 posizioni in un solo anno"}]},{"@type":"WebSite","@id":"https:\/\/www.perunaltracitta.org\/homepage\/#website","url":"https:\/\/www.perunaltracitta.org\/homepage\/","name":"La Citt\u00e0 invisibile | perUnaltracitt\u00e0 | Firenze","description":"Voci oltre il pensiero unico","publisher":{"@id":"https:\/\/www.perunaltracitta.org\/homepage\/#organization"},"potentialAction":[{"@type":"SearchAction","target":{"@type":"EntryPoint","urlTemplate":"https:\/\/www.perunaltracitta.org\/homepage\/?s={search_term_string}"},"query-input":{"@type":"PropertyValueSpecification","valueRequired":true,"valueName":"search_term_string"}}],"inLanguage":"it-IT"},{"@type":"Organization","@id":"https:\/\/www.perunaltracitta.org\/homepage\/#organization","name":"perUnaltracitt\u00e0 - laboratorio politico Firenze","url":"https:\/\/www.perunaltracitta.org\/homepage\/","logo":{"@type":"ImageObject","inLanguage":"it-IT","@id":"https:\/\/www.perunaltracitta.org\/homepage\/#\/schema\/logo\/image\/","url":"https:\/\/www.perunaltracitta.org\/wp-content\/uploads\/2025\/11\/Original-on-Transparent-Copia-af-1.png","contentUrl":"https:\/\/www.perunaltracitta.org\/wp-content\/uploads\/2025\/11\/Original-on-Transparent-Copia-af-1.png","width":600,"height":153,"caption":"perUnaltracitt\u00e0 - laboratorio politico Firenze"},"image":{"@id":"https:\/\/www.perunaltracitta.org\/homepage\/#\/schema\/logo\/image\/"},"sameAs":["https:\/\/www.facebook.com\/perunaltracitta","https:\/\/x.com\/perunaltracitta"]},{"@type":"Person","@id":"https:\/\/www.perunaltracitta.org\/homepage\/#\/schema\/person\/53b86d9bc5fd720e90e49259d43dbc9a","name":"Lorenzo Villani","image":{"@type":"ImageObject","inLanguage":"it-IT","@id":"https:\/\/www.perunaltracitta.org\/homepage\/#\/schema\/person\/image\/","url":"https:\/\/www.perunaltracitta.org\/wp-content\/uploads\/2023\/02\/lorenzo-120x120.jpg","contentUrl":"https:\/\/www.perunaltracitta.org\/wp-content\/uploads\/2023\/02\/lorenzo-120x120.jpg","caption":"Lorenzo Villani"},"url":"https:\/\/www.perunaltracitta.org\/homepage\/author\/lorenzo-villani\/"}]}},"uagb_featured_image_src":{"full":["https:\/\/www.perunaltracitta.org\/wp-content\/uploads\/2025\/01\/aae4a51b-6eda-4aef-97b3-8918205208ab.jpeg",1080,1440,false],"thumbnail":["https:\/\/www.perunaltracitta.org\/wp-content\/uploads\/2025\/01\/aae4a51b-6eda-4aef-97b3-8918205208ab-150x150.jpeg",150,150,true],"medium":["https:\/\/www.perunaltracitta.org\/wp-content\/uploads\/2025\/01\/aae4a51b-6eda-4aef-97b3-8918205208ab-225x300.jpeg",225,300,true],"medium_large":["https:\/\/www.perunaltracitta.org\/wp-content\/uploads\/2025\/01\/aae4a51b-6eda-4aef-97b3-8918205208ab-768x1024.jpeg",768,1024,true],"large":["https:\/\/www.perunaltracitta.org\/wp-content\/uploads\/2025\/01\/aae4a51b-6eda-4aef-97b3-8918205208ab-768x1024.jpeg",768,1024,true],"wysija-newsletters-max":["https:\/\/www.perunaltracitta.org\/wp-content\/uploads\/2025\/01\/aae4a51b-6eda-4aef-97b3-8918205208ab-600x800.jpeg",600,800,true],"1536x1536":["https:\/\/www.perunaltracitta.org\/wp-content\/uploads\/2025\/01\/aae4a51b-6eda-4aef-97b3-8918205208ab.jpeg",1080,1440,false],"2048x2048":["https:\/\/www.perunaltracitta.org\/wp-content\/uploads\/2025\/01\/aae4a51b-6eda-4aef-97b3-8918205208ab.jpeg",1080,1440,false],"mailpoet_newsletter_max":["https:\/\/www.perunaltracitta.org\/wp-content\/uploads\/2025\/01\/aae4a51b-6eda-4aef-97b3-8918205208ab.jpeg",1080,1440,false],"yarpp-thumbnail":["https:\/\/www.perunaltracitta.org\/wp-content\/uploads\/2025\/01\/aae4a51b-6eda-4aef-97b3-8918205208ab-120x120.jpeg",120,120,true]},"uagb_author_info":{"display_name":"Lorenzo Villani","author_link":"https:\/\/www.perunaltracitta.org\/homepage\/author\/lorenzo-villani\/"},"uagb_comment_info":1,"uagb_excerpt":"Come ogni anno il Sole24Ore ha pubblicato la classifica delle 107 province italiane dove si vive meglio. Mediante 90 indicatori divisi in 6 macro categorie tematiche che ne misurano l&#8217;indice della qualit\u00e0 della vita. Per la prima volta Bergamo si aggiudica la prima posizione, vi sono poi Trento e Bolzano. Per quanto concerne le altre&hellip;","_links":{"self":[{"href":"https:\/\/www.perunaltracitta.org\/homepage\/wp-json\/wp\/v2\/posts\/96869","targetHints":{"allow":["GET"]}}],"collection":[{"href":"https:\/\/www.perunaltracitta.org\/homepage\/wp-json\/wp\/v2\/posts"}],"about":[{"href":"https:\/\/www.perunaltracitta.org\/homepage\/wp-json\/wp\/v2\/types\/post"}],"author":[{"embeddable":true,"href":"https:\/\/www.perunaltracitta.org\/homepage\/wp-json\/wp\/v2\/users\/483"}],"replies":[{"embeddable":true,"href":"https:\/\/www.perunaltracitta.org\/homepage\/wp-json\/wp\/v2\/comments?post=96869"}],"version-history":[{"count":4,"href":"https:\/\/www.perunaltracitta.org\/homepage\/wp-json\/wp\/v2\/posts\/96869\/revisions"}],"predecessor-version":[{"id":96973,"href":"https:\/\/www.perunaltracitta.org\/homepage\/wp-json\/wp\/v2\/posts\/96869\/revisions\/96973"}],"wp:featuredmedia":[{"embeddable":true,"href":"https:\/\/www.perunaltracitta.org\/homepage\/wp-json\/wp\/v2\/media\/96972"}],"wp:attachment":[{"href":"https:\/\/www.perunaltracitta.org\/homepage\/wp-json\/wp\/v2\/media?parent=96869"}],"wp:term":[{"taxonomy":"category","embeddable":true,"href":"https:\/\/www.perunaltracitta.org\/homepage\/wp-json\/wp\/v2\/categories?post=96869"},{"taxonomy":"post_tag","embeddable":true,"href":"https:\/\/www.perunaltracitta.org\/homepage\/wp-json\/wp\/v2\/tags?post=96869"}],"curies":[{"name":"wp","href":"https:\/\/api.w.org\/{rel}","templated":true}]}}