{"id":98341,"date":"2025-04-29T16:52:19","date_gmt":"2025-04-29T14:52:19","guid":{"rendered":"https:\/\/www.perunaltracitta.org\/homepage\/?p=98341"},"modified":"2025-04-29T16:52:19","modified_gmt":"2025-04-29T14:52:19","slug":"la-trappola-diario-ditalia-gli-anni-della-contestazione-e-la-bomba-di-piazza-fontana","status":"publish","type":"post","link":"https:\/\/www.perunaltracitta.org\/homepage\/2025\/04\/29\/la-trappola-diario-ditalia-gli-anni-della-contestazione-e-la-bomba-di-piazza-fontana\/","title":{"rendered":"La trappola, diario d&#8217;Italia. Gli anni della contestazione e la bomba di Piazza Fontana"},"content":{"rendered":"<p><span style=\"font-size: 12pt;\"><span style=\"font-family: Georgia, serif;\">Aver letto <\/span><span style=\"font-family: Georgia, serif;\"><i><b>Darkland<\/b><\/i><\/span><span style=\"font-family: Georgia, serif;\"> induce, obbligatoriamente, a leggere <\/span><span style=\"font-family: Georgia, serif;\"><i><b>La trappola.<\/b><\/i><\/span><span style=\"font-family: Georgia, serif;\"> Cosa ci riserva <\/span><span style=\"font-family: Georgia, serif;\">Paolo <\/span><span style=\"font-family: Georgia, serif;\">Grugni? Ti trovi di fronte addirittura a 730 pagine, e la domanda ci sta tutta. L\u2019Italia: un paese afflitto da anni che dal dopoguerra hanno segnato un conflitto mai rimarginato, <\/span><span style=\"font-family: Georgia, serif;\">che non ha <\/span><span style=\"font-family: Georgia, serif;\">mai fa<\/span><span style=\"font-family: Georgia, serif;\">tto<\/span><span style=\"font-family: Georgia, serif;\"> i conti con ci\u00f2 che questi anni hanno voluto dire. Dal \u201945 in poi, dalla liberazione dal fascismo, sono molti gli anni che hanno segnato la storia di questo paese. Gli storici si susseguono nel dare valutazioni, nel ricostruire il senso di periodi che hanno contraddistinto la storia politica di questo paese.\u00a0 In tanti, tendono ad assimilare anni che, apparentemente, non hanno collegamento. Addirittura, ed \u00e8 legittimo, a proposito degli anni \u201970 qualcuno, <\/span><span style=\"font-family: Georgia, serif;\">come fanno <\/span><a href=\"http:\/\/www.edizionipaginauno.it\/Decennio-rosso-Battisaldo-Margini.php\"><span style=\"font-family: Georgia, serif;\">Massimo Battisaldo e Paolo Margini, <\/span><\/a><span style=\"font-family: Georgia, serif;\"> parla di &#8220;decennio rosso&#8221;.<\/span><\/span><\/p>\n<p><span style=\"font-size: 12pt;\"><span style=\"font-family: Georgia, serif;\"><img loading=\"lazy\" decoding=\"async\" class=\"alignleft wp-image-98342 size-full\" src=\"https:\/\/www.perunaltracitta.org\/wp-content\/uploads\/2025\/04\/download.jpeg\" alt=\"\" width=\"364\" height=\"542\" srcset=\"https:\/\/www.perunaltracitta.org\/wp-content\/uploads\/2025\/04\/download.jpeg 364w, https:\/\/www.perunaltracitta.org\/wp-content\/uploads\/2025\/04\/download-201x300.jpeg 201w\" sizes=\"auto, (max-width: 364px) 100vw, 364px\" \/>Paolo <\/span><span style=\"font-family: Georgia, serif;\">Grugni con il suo <\/span><span style=\"font-family: Georgia, serif;\"><i><b>La Trappola<\/b><\/i><\/span><span style=\"font-family: Georgia, serif;\">, ci porta a prendere in considerazione due anni, molto ma molto importanti per ci\u00f2 che avviene: <\/span><span style=\"font-family: Georgia, serif;\">19<\/span><span style=\"font-family: Georgia, serif;\">68-69. <\/span><span style=\"font-family: Georgia, serif;\">L<\/span><span style=\"font-family: Georgia, serif;\">o fa attraverso la figura del commissario Sergio Malfatti ed una cronologia scadenzata da colpi e contraccolpi. <\/span><span style=\"font-family: Georgia, serif;\">E\u2019 u<\/span><span style=\"font-family: Georgia, serif;\">n commissario declassato negli incarichi, che ha a che fare con tentativi di colpi di stato (De Lorenzo), con le infiltrazioni in ambienti sospetti, anarchici in primis. <\/span><span style=\"font-family: Georgia, serif;\">L\u2019autore <\/span><span style=\"font-family: Georgia, serif;\">non tralascia niente di quanto accadde in que<\/span><span style=\"font-family: Georgia, serif;\">l biennio<\/span><span style=\"font-family: Georgia, serif;\">: \u00e8 un lungo elenco che va dallo spionaggio alla FIAT, a Roberto Calvi, Michele Sindona, il Banco Ambrosiano, lo IOR, il traffico di droga, il Viet-Nam ed Irlanda dl Nord, i rapimenti in Sardegna, Gladio, la P2 e Licio Gelli, il ritorno impunito dei fascisti nei posti che contano, ritorno di qualcosa che in realt\u00e0 non \u00e8 mai andato via. <\/span><span style=\"font-family: Georgia, serif;\">F<\/span><span style=\"font-family: Georgia, serif;\">ino ad arrivare a<\/span><span style=\"font-family: Georgia, serif;\">l palazzinaro Silvio Berlusconi, un maestro nel saper usare, a proprio vantaggio, la macchina della pubblicit\u00e0 (ne sapremo qualcosa anni dopo), Vallanzasca ecc\u2026 <\/span><span style=\"font-family: Georgia, serif;\">I<\/span><span style=\"font-family: Georgia, serif;\">l tutto in una Milano in trasformazione, con le sue case di ringhiera, lo scempio urbanistico e la crisi abitativa, con una guerra in corso per il controllo di night, bische e prostituzione, una guerra tra emergenti e vecchia guardia della malavita, emblematico a questo proposito il richiamo alla Banda Cavallero\/ \u201c Banditi a Milano \u201c, una guerra che vede il passaggio del controllo del malaffare dalla ligera alla mafia.<\/span><\/span><\/p>\n<p><span style=\"font-family: Georgia, serif; font-size: 12pt;\">Malfatti mette in mezzo il suo fiuto, derivato dall\u2019essere stato partigiano e comunista che crede sempre meno nelle istituzioni e si domanda: \u201c Per quanto lasceranno fare? visto che chi detiene il potere \u00e8 alla ricerca dello scontro per destabilizzare il paese&#8230; \u00e8 in arrivo un colpo di stato, chi lo pu\u00f2 fermare?\u201d. <\/span><\/p>\n<p><span style=\"font-size: 12pt;\"><span style=\"font-family: Georgia, serif;\">In questo clima si verificano attentati che sono solamente una messa in scena, un depistaggio per attaccare realt\u00e0 che non c\u2019entrano niente, ad esempio il capro espiatorio impersonificato dagli anarchici, ed ovviamente Calabresi, Valpreda e Pinelli. Malfatti, milanista accanito, si deve confrontare con inchieste ostacolate, con la propria vita privata sotto controllo, indagini su traffici di droga ed animali dopati con conseguenze a livello giudiziario e penale. <\/span><span style=\"font-family: Georgia, serif;\">Un commissario <\/span><span style=\"font-family: Georgia, serif;\">che si divide tra essere un <\/span><span style=\"font-family: Georgia, serif;\">individuo<\/span><span style=\"font-family: Georgia, serif;\"> pensante e libero ed allo stesso tempo uomo delle istituzioni. <\/span><\/span><\/p>\n<p><span style=\"font-size: 12pt;\"><span style=\"font-family: Georgia, serif;\">Quanto ci viene descritto \u00e8 una vera e propria crisi di regime pi\u00f9 che di governo, che, prendendo in prestito Gramsci, si potrebbe definire organica. Di particolare interesse, e sicuramente utile, \u00e8 la bibliografia finale, alla quale chi in futuro si misurer\u00e0 con quel periodo, dovr\u00e0 inserire anche <\/span><span style=\"font-family: Georgia, serif;\"><i><b>La trappola<\/b><\/i><\/span><span style=\"font-family: Georgia, serif;\">. <\/span><span style=\"font-family: Georgia, serif;\">E\u2019 u<\/span><span style=\"font-family: Georgia, serif;\">n libro che possiamo <\/span><span style=\"font-family: Georgia, serif;\">accostare a<\/span><span style=\"font-family: Georgia, serif;\"><i> Proletari senza rivoluzione<\/i><\/span><span style=\"font-family: Georgia, serif;\"> di Del Carria e <\/span><span style=\"font-family: Georgia, serif;\"><i>Milano e la violenza politica<\/i><\/span><span style=\"font-family: Georgia, serif;\"> di Davide Steccanella, un libro che evidenzia il connubio tra mondo degli affari ed eversione. <\/span><\/span><\/p>\n<p><span style=\"font-size: 12pt;\"><span style=\"font-family: Georgia, serif;\">Le pagine descrivono anche le figure di Moro e di Berlinguer, con il suo partito, il PCI partito dell\u2019ordine, senza alcun complottismo di sorta, ma con la capacit\u00e0 di valutare che senso hanno nel contesto in cui si muovono, anni e personaggi. E quindi la strage, la strage di stato, con la caldaia, sempre lei, in prima fila da usare come scusa da vendere, da dare in pasto; con i suoi effetti come una scena di guerra. Perch\u00e9 anche se tutto ricomincer\u00e0 come prima, arriveranno altre bombe e la paura non far\u00e0 pi\u00f9 cos\u00ec paura. Un invito: Grugni\/Malfatti ha di fronte a s\u00e9 <\/span><span style=\"font-family: Georgia, serif;\">un biennio<\/span><span style=\"font-family: Georgia, serif;\"> che ha contraddistinto la storia di questo paese, e <\/span><span style=\"font-family: Georgia, serif;\">sul quale<\/span><span style=\"font-family: Georgia, serif;\"> \u00e8 d\u2019obbligo mettere mano.<\/span><\/span><\/p>\n<p><span style=\"font-size: 12pt;\"><strong><span style=\"font-family: Georgia, serif;\">Paolo Grugni, <em>La trappola. Diario d&#8217;Italia. Gli anni della contestazione e la bomba di Piazza Fontana<\/em>, Laurana, Milano 2024, pp 736, euro 24<\/span><\/strong><\/span><\/p>\n","protected":false},"excerpt":{"rendered":"<p>Aver letto Darkland induce, obbligatoriamente, a leggere La trappola. Cosa ci riserva Paolo Grugni? Ti trovi di fronte addirittura a 730 pagine, e la domanda ci sta tutta. L\u2019Italia: un paese afflitto da anni che dal dopoguerra hanno segnato un conflitto mai rimarginato, che non ha mai fatto i conti con ci\u00f2 che questi anni &hellip;<\/p>\n<p class=\"read-more\"> <a class=\"\" href=\"https:\/\/www.perunaltracitta.org\/homepage\/2025\/04\/29\/la-trappola-diario-ditalia-gli-anni-della-contestazione-e-la-bomba-di-piazza-fontana\/\"> <span class=\"screen-reader-text\">La trappola, diario d&#8217;Italia. Gli anni della contestazione e la bomba di Piazza Fontana<\/span> Leggi altro &raquo;<\/a><\/p>\n","protected":false},"author":45,"featured_media":98342,"comment_status":"open","ping_status":"open","sticky":false,"template":"","format":"standard","meta":{"_uag_custom_page_level_css":"","site-sidebar-layout":"default","site-content-layout":"default","ast-global-header-display":"","ast-main-header-display":"","ast-hfb-above-header-display":"","ast-hfb-below-header-display":"","ast-hfb-mobile-header-display":"","site-post-title":"","ast-breadcrumbs-content":"","ast-featured-img":"","footer-sml-layout":"","theme-transparent-header-meta":"default","adv-header-id-meta":"","stick-header-meta":"","header-above-stick-meta":"","header-main-stick-meta":"","header-below-stick-meta":"","footnotes":""},"categories":[44,4131],"tags":[6833,2746],"class_list":["post-98341","post","type-post","status-publish","format-standard","has-post-thumbnail","hentry","category-killbilly","category-rubriche","tag-paolo-grugni","tag-recensioni"],"yoast_head":"<!-- This site is optimized with the Yoast SEO plugin v25.1 - https:\/\/yoast.com\/wordpress\/plugins\/seo\/ -->\n<title>La trappola, diario d&#039;Italia. Gli anni della contestazione e la bomba di Piazza Fontana - La Citt\u00e0 invisibile | perUnaltracitt\u00e0 | Firenze<\/title>\n<meta name=\"robots\" content=\"index, follow, max-snippet:-1, max-image-preview:large, max-video-preview:-1\" \/>\n<link rel=\"canonical\" href=\"https:\/\/www.perunaltracitta.org\/homepage\/2025\/04\/29\/la-trappola-diario-ditalia-gli-anni-della-contestazione-e-la-bomba-di-piazza-fontana\/\" \/>\n<meta property=\"og:locale\" content=\"it_IT\" \/>\n<meta property=\"og:type\" content=\"article\" \/>\n<meta property=\"og:title\" content=\"La trappola, diario d&#039;Italia. Gli anni della contestazione e la bomba di Piazza Fontana - La Citt\u00e0 invisibile | perUnaltracitt\u00e0 | Firenze\" \/>\n<meta property=\"og:description\" content=\"Aver letto Darkland induce, obbligatoriamente, a leggere La trappola. Cosa ci riserva Paolo Grugni? Ti trovi di fronte addirittura a 730 pagine, e la domanda ci sta tutta. L\u2019Italia: un paese afflitto da anni che dal dopoguerra hanno segnato un conflitto mai rimarginato, che non ha mai fatto i conti con ci\u00f2 che questi anni &hellip; La trappola, diario d&#8217;Italia. Gli anni della contestazione e la bomba di Piazza Fontana Leggi altro &raquo;\" \/>\n<meta property=\"og:url\" content=\"https:\/\/www.perunaltracitta.org\/homepage\/2025\/04\/29\/la-trappola-diario-ditalia-gli-anni-della-contestazione-e-la-bomba-di-piazza-fontana\/\" \/>\n<meta property=\"og:site_name\" content=\"La Citt\u00e0 invisibile | perUnaltracitt\u00e0 | Firenze\" \/>\n<meta property=\"article:publisher\" content=\"https:\/\/www.facebook.com\/perunaltracitta\" \/>\n<meta property=\"article:published_time\" content=\"2025-04-29T14:52:19+00:00\" \/>\n<meta property=\"og:image\" content=\"https:\/\/www.perunaltracitta.org\/wp-content\/uploads\/2025\/04\/download.jpeg\" \/>\n\t<meta property=\"og:image:width\" content=\"364\" \/>\n\t<meta property=\"og:image:height\" content=\"542\" \/>\n\t<meta property=\"og:image:type\" content=\"image\/jpeg\" \/>\n<meta name=\"author\" content=\"Edoardo Todaro\" \/>\n<meta name=\"twitter:card\" content=\"summary_large_image\" \/>\n<meta name=\"twitter:creator\" content=\"@perunaltracitta\" \/>\n<meta name=\"twitter:site\" content=\"@perunaltracitta\" \/>\n<meta name=\"twitter:label1\" content=\"Scritto da\" \/>\n\t<meta name=\"twitter:data1\" content=\"Edoardo Todaro\" \/>\n\t<meta name=\"twitter:label2\" content=\"Tempo di lettura stimato\" \/>\n\t<meta name=\"twitter:data2\" content=\"5 minuti\" \/>\n<script type=\"application\/ld+json\" class=\"yoast-schema-graph\">{\"@context\":\"https:\/\/schema.org\",\"@graph\":[{\"@type\":\"Article\",\"@id\":\"https:\/\/www.perunaltracitta.org\/homepage\/2025\/04\/29\/la-trappola-diario-ditalia-gli-anni-della-contestazione-e-la-bomba-di-piazza-fontana\/#article\",\"isPartOf\":{\"@id\":\"https:\/\/www.perunaltracitta.org\/homepage\/2025\/04\/29\/la-trappola-diario-ditalia-gli-anni-della-contestazione-e-la-bomba-di-piazza-fontana\/\"},\"author\":{\"name\":\"Edoardo Todaro\",\"@id\":\"https:\/\/www.perunaltracitta.org\/homepage\/#\/schema\/person\/be14004d8506df5ef3d5b5b37e33abda\"},\"headline\":\"La trappola, diario d&#8217;Italia. Gli anni della contestazione e la bomba di Piazza Fontana\",\"datePublished\":\"2025-04-29T14:52:19+00:00\",\"mainEntityOfPage\":{\"@id\":\"https:\/\/www.perunaltracitta.org\/homepage\/2025\/04\/29\/la-trappola-diario-ditalia-gli-anni-della-contestazione-e-la-bomba-di-piazza-fontana\/\"},\"wordCount\":745,\"commentCount\":0,\"publisher\":{\"@id\":\"https:\/\/www.perunaltracitta.org\/homepage\/#organization\"},\"image\":{\"@id\":\"https:\/\/www.perunaltracitta.org\/homepage\/2025\/04\/29\/la-trappola-diario-ditalia-gli-anni-della-contestazione-e-la-bomba-di-piazza-fontana\/#primaryimage\"},\"thumbnailUrl\":\"https:\/\/www.perunaltracitta.org\/wp-content\/uploads\/2025\/04\/download.jpeg\",\"keywords\":[\"Paolo Grugni\",\"recensioni\"],\"articleSection\":[\"Kill Billy\",\"Rubriche\"],\"inLanguage\":\"it-IT\",\"potentialAction\":[{\"@type\":\"CommentAction\",\"name\":\"Comment\",\"target\":[\"https:\/\/www.perunaltracitta.org\/homepage\/2025\/04\/29\/la-trappola-diario-ditalia-gli-anni-della-contestazione-e-la-bomba-di-piazza-fontana\/#respond\"]}]},{\"@type\":\"WebPage\",\"@id\":\"https:\/\/www.perunaltracitta.org\/homepage\/2025\/04\/29\/la-trappola-diario-ditalia-gli-anni-della-contestazione-e-la-bomba-di-piazza-fontana\/\",\"url\":\"https:\/\/www.perunaltracitta.org\/homepage\/2025\/04\/29\/la-trappola-diario-ditalia-gli-anni-della-contestazione-e-la-bomba-di-piazza-fontana\/\",\"name\":\"La trappola, diario d'Italia. Gli anni della contestazione e la bomba di Piazza Fontana - La Citt\u00e0 invisibile | perUnaltracitt\u00e0 | Firenze\",\"isPartOf\":{\"@id\":\"https:\/\/www.perunaltracitta.org\/homepage\/#website\"},\"primaryImageOfPage\":{\"@id\":\"https:\/\/www.perunaltracitta.org\/homepage\/2025\/04\/29\/la-trappola-diario-ditalia-gli-anni-della-contestazione-e-la-bomba-di-piazza-fontana\/#primaryimage\"},\"image\":{\"@id\":\"https:\/\/www.perunaltracitta.org\/homepage\/2025\/04\/29\/la-trappola-diario-ditalia-gli-anni-della-contestazione-e-la-bomba-di-piazza-fontana\/#primaryimage\"},\"thumbnailUrl\":\"https:\/\/www.perunaltracitta.org\/wp-content\/uploads\/2025\/04\/download.jpeg\",\"datePublished\":\"2025-04-29T14:52:19+00:00\",\"breadcrumb\":{\"@id\":\"https:\/\/www.perunaltracitta.org\/homepage\/2025\/04\/29\/la-trappola-diario-ditalia-gli-anni-della-contestazione-e-la-bomba-di-piazza-fontana\/#breadcrumb\"},\"inLanguage\":\"it-IT\",\"potentialAction\":[{\"@type\":\"ReadAction\",\"target\":[\"https:\/\/www.perunaltracitta.org\/homepage\/2025\/04\/29\/la-trappola-diario-ditalia-gli-anni-della-contestazione-e-la-bomba-di-piazza-fontana\/\"]}]},{\"@type\":\"ImageObject\",\"inLanguage\":\"it-IT\",\"@id\":\"https:\/\/www.perunaltracitta.org\/homepage\/2025\/04\/29\/la-trappola-diario-ditalia-gli-anni-della-contestazione-e-la-bomba-di-piazza-fontana\/#primaryimage\",\"url\":\"https:\/\/www.perunaltracitta.org\/wp-content\/uploads\/2025\/04\/download.jpeg\",\"contentUrl\":\"https:\/\/www.perunaltracitta.org\/wp-content\/uploads\/2025\/04\/download.jpeg\",\"width\":364,\"height\":542},{\"@type\":\"BreadcrumbList\",\"@id\":\"https:\/\/www.perunaltracitta.org\/homepage\/2025\/04\/29\/la-trappola-diario-ditalia-gli-anni-della-contestazione-e-la-bomba-di-piazza-fontana\/#breadcrumb\",\"itemListElement\":[{\"@type\":\"ListItem\",\"position\":1,\"name\":\"Home\",\"item\":\"https:\/\/www.perunaltracitta.org\/homepage\/\"},{\"@type\":\"ListItem\",\"position\":2,\"name\":\"La trappola, diario d&#8217;Italia. Gli anni della contestazione e la bomba di Piazza Fontana\"}]},{\"@type\":\"WebSite\",\"@id\":\"https:\/\/www.perunaltracitta.org\/homepage\/#website\",\"url\":\"https:\/\/www.perunaltracitta.org\/homepage\/\",\"name\":\"La Citt\u00e0 invisibile | perUnaltracitt\u00e0 | Firenze\",\"description\":\"Voci oltre il pensiero unico\",\"publisher\":{\"@id\":\"https:\/\/www.perunaltracitta.org\/homepage\/#organization\"},\"potentialAction\":[{\"@type\":\"SearchAction\",\"target\":{\"@type\":\"EntryPoint\",\"urlTemplate\":\"https:\/\/www.perunaltracitta.org\/homepage\/?s={search_term_string}\"},\"query-input\":{\"@type\":\"PropertyValueSpecification\",\"valueRequired\":true,\"valueName\":\"search_term_string\"}}],\"inLanguage\":\"it-IT\"},{\"@type\":\"Organization\",\"@id\":\"https:\/\/www.perunaltracitta.org\/homepage\/#organization\",\"name\":\"perUnaltracitt\u00e0 - laboratorio politico Firenze\",\"url\":\"https:\/\/www.perunaltracitta.org\/homepage\/\",\"logo\":{\"@type\":\"ImageObject\",\"inLanguage\":\"it-IT\",\"@id\":\"https:\/\/www.perunaltracitta.org\/homepage\/#\/schema\/logo\/image\/\",\"url\":\"https:\/\/www.perunaltracitta.org\/wp-content\/uploads\/2025\/11\/Original-on-Transparent-Copia-af-1.png\",\"contentUrl\":\"https:\/\/www.perunaltracitta.org\/wp-content\/uploads\/2025\/11\/Original-on-Transparent-Copia-af-1.png\",\"width\":600,\"height\":153,\"caption\":\"perUnaltracitt\u00e0 - laboratorio politico Firenze\"},\"image\":{\"@id\":\"https:\/\/www.perunaltracitta.org\/homepage\/#\/schema\/logo\/image\/\"},\"sameAs\":[\"https:\/\/www.facebook.com\/perunaltracitta\",\"https:\/\/x.com\/perunaltracitta\"]},{\"@type\":\"Person\",\"@id\":\"https:\/\/www.perunaltracitta.org\/homepage\/#\/schema\/person\/be14004d8506df5ef3d5b5b37e33abda\",\"name\":\"Edoardo Todaro\",\"image\":{\"@type\":\"ImageObject\",\"inLanguage\":\"it-IT\",\"@id\":\"https:\/\/www.perunaltracitta.org\/homepage\/#\/schema\/person\/image\/\",\"url\":\"https:\/\/www.perunaltracitta.org\/wp-content\/uploads\/2014\/11\/edo-96x96.jpg\",\"contentUrl\":\"https:\/\/www.perunaltracitta.org\/wp-content\/uploads\/2014\/11\/edo-96x96.jpg\",\"caption\":\"Edoardo Todaro\"},\"description\":\"E' tra i collaboratori con le sue recensioni di Carmilla Online, Giallo e Cucina, Osservatorio contro la repressione, La Citt\u00e0 invisibile, oltra a svolgere la sua militanza in realt\u00e0 autogestite (CPA, Firenze per la Palestina)\",\"url\":\"https:\/\/www.perunaltracitta.org\/homepage\/author\/edoardotodaro\/\"}]}<\/script>\n<!-- \/ Yoast SEO plugin. -->","yoast_head_json":{"title":"La trappola, diario d'Italia. Gli anni della contestazione e la bomba di Piazza Fontana - La Citt\u00e0 invisibile | perUnaltracitt\u00e0 | Firenze","robots":{"index":"index","follow":"follow","max-snippet":"max-snippet:-1","max-image-preview":"max-image-preview:large","max-video-preview":"max-video-preview:-1"},"canonical":"https:\/\/www.perunaltracitta.org\/homepage\/2025\/04\/29\/la-trappola-diario-ditalia-gli-anni-della-contestazione-e-la-bomba-di-piazza-fontana\/","og_locale":"it_IT","og_type":"article","og_title":"La trappola, diario d'Italia. Gli anni della contestazione e la bomba di Piazza Fontana - La Citt\u00e0 invisibile | perUnaltracitt\u00e0 | Firenze","og_description":"Aver letto Darkland induce, obbligatoriamente, a leggere La trappola. Cosa ci riserva Paolo Grugni? Ti trovi di fronte addirittura a 730 pagine, e la domanda ci sta tutta. L\u2019Italia: un paese afflitto da anni che dal dopoguerra hanno segnato un conflitto mai rimarginato, che non ha mai fatto i conti con ci\u00f2 che questi anni &hellip; La trappola, diario d&#8217;Italia. Gli anni della contestazione e la bomba di Piazza Fontana Leggi altro &raquo;","og_url":"https:\/\/www.perunaltracitta.org\/homepage\/2025\/04\/29\/la-trappola-diario-ditalia-gli-anni-della-contestazione-e-la-bomba-di-piazza-fontana\/","og_site_name":"La Citt\u00e0 invisibile | perUnaltracitt\u00e0 | Firenze","article_publisher":"https:\/\/www.facebook.com\/perunaltracitta","article_published_time":"2025-04-29T14:52:19+00:00","og_image":[{"width":364,"height":542,"url":"https:\/\/www.perunaltracitta.org\/wp-content\/uploads\/2025\/04\/download.jpeg","type":"image\/jpeg"}],"author":"Edoardo Todaro","twitter_card":"summary_large_image","twitter_creator":"@perunaltracitta","twitter_site":"@perunaltracitta","twitter_misc":{"Scritto da":"Edoardo Todaro","Tempo di lettura stimato":"5 minuti"},"schema":{"@context":"https:\/\/schema.org","@graph":[{"@type":"Article","@id":"https:\/\/www.perunaltracitta.org\/homepage\/2025\/04\/29\/la-trappola-diario-ditalia-gli-anni-della-contestazione-e-la-bomba-di-piazza-fontana\/#article","isPartOf":{"@id":"https:\/\/www.perunaltracitta.org\/homepage\/2025\/04\/29\/la-trappola-diario-ditalia-gli-anni-della-contestazione-e-la-bomba-di-piazza-fontana\/"},"author":{"name":"Edoardo Todaro","@id":"https:\/\/www.perunaltracitta.org\/homepage\/#\/schema\/person\/be14004d8506df5ef3d5b5b37e33abda"},"headline":"La trappola, diario d&#8217;Italia. Gli anni della contestazione e la bomba di Piazza Fontana","datePublished":"2025-04-29T14:52:19+00:00","mainEntityOfPage":{"@id":"https:\/\/www.perunaltracitta.org\/homepage\/2025\/04\/29\/la-trappola-diario-ditalia-gli-anni-della-contestazione-e-la-bomba-di-piazza-fontana\/"},"wordCount":745,"commentCount":0,"publisher":{"@id":"https:\/\/www.perunaltracitta.org\/homepage\/#organization"},"image":{"@id":"https:\/\/www.perunaltracitta.org\/homepage\/2025\/04\/29\/la-trappola-diario-ditalia-gli-anni-della-contestazione-e-la-bomba-di-piazza-fontana\/#primaryimage"},"thumbnailUrl":"https:\/\/www.perunaltracitta.org\/wp-content\/uploads\/2025\/04\/download.jpeg","keywords":["Paolo Grugni","recensioni"],"articleSection":["Kill Billy","Rubriche"],"inLanguage":"it-IT","potentialAction":[{"@type":"CommentAction","name":"Comment","target":["https:\/\/www.perunaltracitta.org\/homepage\/2025\/04\/29\/la-trappola-diario-ditalia-gli-anni-della-contestazione-e-la-bomba-di-piazza-fontana\/#respond"]}]},{"@type":"WebPage","@id":"https:\/\/www.perunaltracitta.org\/homepage\/2025\/04\/29\/la-trappola-diario-ditalia-gli-anni-della-contestazione-e-la-bomba-di-piazza-fontana\/","url":"https:\/\/www.perunaltracitta.org\/homepage\/2025\/04\/29\/la-trappola-diario-ditalia-gli-anni-della-contestazione-e-la-bomba-di-piazza-fontana\/","name":"La trappola, diario d'Italia. Gli anni della contestazione e la bomba di Piazza Fontana - La Citt\u00e0 invisibile | perUnaltracitt\u00e0 | Firenze","isPartOf":{"@id":"https:\/\/www.perunaltracitta.org\/homepage\/#website"},"primaryImageOfPage":{"@id":"https:\/\/www.perunaltracitta.org\/homepage\/2025\/04\/29\/la-trappola-diario-ditalia-gli-anni-della-contestazione-e-la-bomba-di-piazza-fontana\/#primaryimage"},"image":{"@id":"https:\/\/www.perunaltracitta.org\/homepage\/2025\/04\/29\/la-trappola-diario-ditalia-gli-anni-della-contestazione-e-la-bomba-di-piazza-fontana\/#primaryimage"},"thumbnailUrl":"https:\/\/www.perunaltracitta.org\/wp-content\/uploads\/2025\/04\/download.jpeg","datePublished":"2025-04-29T14:52:19+00:00","breadcrumb":{"@id":"https:\/\/www.perunaltracitta.org\/homepage\/2025\/04\/29\/la-trappola-diario-ditalia-gli-anni-della-contestazione-e-la-bomba-di-piazza-fontana\/#breadcrumb"},"inLanguage":"it-IT","potentialAction":[{"@type":"ReadAction","target":["https:\/\/www.perunaltracitta.org\/homepage\/2025\/04\/29\/la-trappola-diario-ditalia-gli-anni-della-contestazione-e-la-bomba-di-piazza-fontana\/"]}]},{"@type":"ImageObject","inLanguage":"it-IT","@id":"https:\/\/www.perunaltracitta.org\/homepage\/2025\/04\/29\/la-trappola-diario-ditalia-gli-anni-della-contestazione-e-la-bomba-di-piazza-fontana\/#primaryimage","url":"https:\/\/www.perunaltracitta.org\/wp-content\/uploads\/2025\/04\/download.jpeg","contentUrl":"https:\/\/www.perunaltracitta.org\/wp-content\/uploads\/2025\/04\/download.jpeg","width":364,"height":542},{"@type":"BreadcrumbList","@id":"https:\/\/www.perunaltracitta.org\/homepage\/2025\/04\/29\/la-trappola-diario-ditalia-gli-anni-della-contestazione-e-la-bomba-di-piazza-fontana\/#breadcrumb","itemListElement":[{"@type":"ListItem","position":1,"name":"Home","item":"https:\/\/www.perunaltracitta.org\/homepage\/"},{"@type":"ListItem","position":2,"name":"La trappola, diario d&#8217;Italia. Gli anni della contestazione e la bomba di Piazza Fontana"}]},{"@type":"WebSite","@id":"https:\/\/www.perunaltracitta.org\/homepage\/#website","url":"https:\/\/www.perunaltracitta.org\/homepage\/","name":"La Citt\u00e0 invisibile | perUnaltracitt\u00e0 | Firenze","description":"Voci oltre il pensiero unico","publisher":{"@id":"https:\/\/www.perunaltracitta.org\/homepage\/#organization"},"potentialAction":[{"@type":"SearchAction","target":{"@type":"EntryPoint","urlTemplate":"https:\/\/www.perunaltracitta.org\/homepage\/?s={search_term_string}"},"query-input":{"@type":"PropertyValueSpecification","valueRequired":true,"valueName":"search_term_string"}}],"inLanguage":"it-IT"},{"@type":"Organization","@id":"https:\/\/www.perunaltracitta.org\/homepage\/#organization","name":"perUnaltracitt\u00e0 - laboratorio politico Firenze","url":"https:\/\/www.perunaltracitta.org\/homepage\/","logo":{"@type":"ImageObject","inLanguage":"it-IT","@id":"https:\/\/www.perunaltracitta.org\/homepage\/#\/schema\/logo\/image\/","url":"https:\/\/www.perunaltracitta.org\/wp-content\/uploads\/2025\/11\/Original-on-Transparent-Copia-af-1.png","contentUrl":"https:\/\/www.perunaltracitta.org\/wp-content\/uploads\/2025\/11\/Original-on-Transparent-Copia-af-1.png","width":600,"height":153,"caption":"perUnaltracitt\u00e0 - laboratorio politico Firenze"},"image":{"@id":"https:\/\/www.perunaltracitta.org\/homepage\/#\/schema\/logo\/image\/"},"sameAs":["https:\/\/www.facebook.com\/perunaltracitta","https:\/\/x.com\/perunaltracitta"]},{"@type":"Person","@id":"https:\/\/www.perunaltracitta.org\/homepage\/#\/schema\/person\/be14004d8506df5ef3d5b5b37e33abda","name":"Edoardo Todaro","image":{"@type":"ImageObject","inLanguage":"it-IT","@id":"https:\/\/www.perunaltracitta.org\/homepage\/#\/schema\/person\/image\/","url":"https:\/\/www.perunaltracitta.org\/wp-content\/uploads\/2014\/11\/edo-96x96.jpg","contentUrl":"https:\/\/www.perunaltracitta.org\/wp-content\/uploads\/2014\/11\/edo-96x96.jpg","caption":"Edoardo Todaro"},"description":"E' tra i collaboratori con le sue recensioni di Carmilla Online, Giallo e Cucina, Osservatorio contro la repressione, La Citt\u00e0 invisibile, oltra a svolgere la sua militanza in realt\u00e0 autogestite (CPA, Firenze per la Palestina)","url":"https:\/\/www.perunaltracitta.org\/homepage\/author\/edoardotodaro\/"}]}},"uagb_featured_image_src":{"full":["https:\/\/www.perunaltracitta.org\/wp-content\/uploads\/2025\/04\/download.jpeg",364,542,false],"thumbnail":["https:\/\/www.perunaltracitta.org\/wp-content\/uploads\/2025\/04\/download-150x150.jpeg",150,150,true],"medium":["https:\/\/www.perunaltracitta.org\/wp-content\/uploads\/2025\/04\/download-201x300.jpeg",201,300,true],"medium_large":["https:\/\/www.perunaltracitta.org\/wp-content\/uploads\/2025\/04\/download.jpeg",364,542,false],"large":["https:\/\/www.perunaltracitta.org\/wp-content\/uploads\/2025\/04\/download.jpeg",364,542,false],"wysija-newsletters-max":["https:\/\/www.perunaltracitta.org\/wp-content\/uploads\/2025\/04\/download.jpeg",364,542,false],"1536x1536":["https:\/\/www.perunaltracitta.org\/wp-content\/uploads\/2025\/04\/download.jpeg",364,542,false],"2048x2048":["https:\/\/www.perunaltracitta.org\/wp-content\/uploads\/2025\/04\/download.jpeg",364,542,false],"mailpoet_newsletter_max":["https:\/\/www.perunaltracitta.org\/wp-content\/uploads\/2025\/04\/download.jpeg",364,542,false],"yarpp-thumbnail":["https:\/\/www.perunaltracitta.org\/wp-content\/uploads\/2025\/04\/download-120x120.jpeg",120,120,true]},"uagb_author_info":{"display_name":"Edoardo Todaro","author_link":"https:\/\/www.perunaltracitta.org\/homepage\/author\/edoardotodaro\/"},"uagb_comment_info":0,"uagb_excerpt":"Aver letto Darkland induce, obbligatoriamente, a leggere La trappola. Cosa ci riserva Paolo Grugni? Ti trovi di fronte addirittura a 730 pagine, e la domanda ci sta tutta. L\u2019Italia: un paese afflitto da anni che dal dopoguerra hanno segnato un conflitto mai rimarginato, che non ha mai fatto i conti con ci\u00f2 che questi anni&hellip;","_links":{"self":[{"href":"https:\/\/www.perunaltracitta.org\/homepage\/wp-json\/wp\/v2\/posts\/98341","targetHints":{"allow":["GET"]}}],"collection":[{"href":"https:\/\/www.perunaltracitta.org\/homepage\/wp-json\/wp\/v2\/posts"}],"about":[{"href":"https:\/\/www.perunaltracitta.org\/homepage\/wp-json\/wp\/v2\/types\/post"}],"author":[{"embeddable":true,"href":"https:\/\/www.perunaltracitta.org\/homepage\/wp-json\/wp\/v2\/users\/45"}],"replies":[{"embeddable":true,"href":"https:\/\/www.perunaltracitta.org\/homepage\/wp-json\/wp\/v2\/comments?post=98341"}],"version-history":[{"count":4,"href":"https:\/\/www.perunaltracitta.org\/homepage\/wp-json\/wp\/v2\/posts\/98341\/revisions"}],"predecessor-version":[{"id":98369,"href":"https:\/\/www.perunaltracitta.org\/homepage\/wp-json\/wp\/v2\/posts\/98341\/revisions\/98369"}],"wp:featuredmedia":[{"embeddable":true,"href":"https:\/\/www.perunaltracitta.org\/homepage\/wp-json\/wp\/v2\/media\/98342"}],"wp:attachment":[{"href":"https:\/\/www.perunaltracitta.org\/homepage\/wp-json\/wp\/v2\/media?parent=98341"}],"wp:term":[{"taxonomy":"category","embeddable":true,"href":"https:\/\/www.perunaltracitta.org\/homepage\/wp-json\/wp\/v2\/categories?post=98341"},{"taxonomy":"post_tag","embeddable":true,"href":"https:\/\/www.perunaltracitta.org\/homepage\/wp-json\/wp\/v2\/tags?post=98341"}],"curies":[{"name":"wp","href":"https:\/\/api.w.org\/{rel}","templated":true}]}}