{"id":98346,"date":"2025-04-29T19:15:22","date_gmt":"2025-04-29T17:15:22","guid":{"rendered":"https:\/\/www.perunaltracitta.org\/homepage\/?p=98346"},"modified":"2025-04-29T19:15:22","modified_gmt":"2025-04-29T17:15:22","slug":"affitti-a-firenze-linsostenibile-leggerezza-della-speculazione","status":"publish","type":"post","link":"https:\/\/www.perunaltracitta.org\/homepage\/2025\/04\/29\/affitti-a-firenze-linsostenibile-leggerezza-della-speculazione\/","title":{"rendered":"Affitti a Firenze: l&#8217;insostenibile leggerezza della speculazione"},"content":{"rendered":"<p>La citt\u00e0 di Firenze ha registrato nuovi aumenti record degli affitti: stiamo vivendo una crisi abitativa senza precedenti.\u00a0Nei primi mesi del 2025, il capoluogo toscano ha registrato un incremento record dei canoni di affitto, con un aumento medio del 19,6% per stanze e appartamenti, posizionandosi tra le citt\u00e0 europee con la crescita pi\u00f9 elevata. Questo fenomeno ha avuto un impatto significativo sulla popolazione residente, soprattutto su studenti e famiglie a basso reddito.<\/p>\n<p>&#x1f4b0; Prezzi alle stelle<\/p>\n<p>Secondo i dati di Idealista, il canone medio a Firenze ha raggiunto i 22 euro al metro quadrato, con un incremento del 5,3% rispetto all&#8217;anno precedente . In alcune zone centrali, come l\u2019Oltrarno, si sono registrate richieste di affitto fino a 2.500 euro al mese per 15 metri quadrati, mentre in zone come Novoli i prezzi si aggirano intorno ai 1.300 euro per lo stesso spazio.\u00a0Alla luce dei dati relativi al 2025 \u00e8 possibile ricostruire una mappa delle aree maggiormente attraversate dal processo speculativo in atto.<\/p>\n<p>In questi mesi Firenze ha visto uno dei rialzi pi\u00f9 marcati del mercato degli affitti in Italia. Il canone medio ha superato i 22 euro al metro quadrato, collocandosi ben al di sopra della media nazionale. Questo significa che, per un appartamento di 60 metri quadrati, si possono spendere anche 1.300 euro al mese, esclusi costi accessori e spese condominiali.<\/p>\n<p>Zone calde: dal centro a Novoli<br \/>\n<a href=\"https:\/\/www.perunaltracitta.org\/wp-content\/uploads\/2025\/04\/FIRENZE_affitti.jpg\"><img loading=\"lazy\" decoding=\"async\" class=\" wp-image-98375 alignleft\" src=\"https:\/\/www.perunaltracitta.org\/wp-content\/uploads\/2025\/04\/FIRENZE_affitti-1024x768.jpg\" alt=\"\" width=\"532\" height=\"399\" srcset=\"https:\/\/www.perunaltracitta.org\/wp-content\/uploads\/2025\/04\/FIRENZE_affitti-1024x768.jpg 1024w, https:\/\/www.perunaltracitta.org\/wp-content\/uploads\/2025\/04\/FIRENZE_affitti-300x225.jpg 300w, https:\/\/www.perunaltracitta.org\/wp-content\/uploads\/2025\/04\/FIRENZE_affitti-768x576.jpg 768w, https:\/\/www.perunaltracitta.org\/wp-content\/uploads\/2025\/04\/FIRENZE_affitti-600x450.jpg 600w, https:\/\/www.perunaltracitta.org\/wp-content\/uploads\/2025\/04\/FIRENZE_affitti.jpg 1200w\" sizes=\"auto, (max-width: 532px) 100vw, 532px\" \/><\/a>Centro storico e Oltrarno: in queste zone altamente turistiche, i canoni possono arrivare a 2.500 euro mensili per miniappartamenti di appena 15-20 mq. L&#8217;elevata richiesta da parte di turisti e lavoratori temporanei ha gonfiato i prezzi, rendendo queste aree quasi inaccessibili per i residenti.<\/p>\n<p>Campo di Marte e Gavinana: quartieri un tempo residenziali e relativamente accessibili, oggi vedono affitti compresi tra 1.000 e 1.800 euro, anche per appartamenti modesti.<\/p>\n<p>Novoli e Rifredi: aree un tempo considerate pi\u00f9 economiche, ora hanno subito un rincaro di oltre il 30% rispetto al 2023, con affitti che partono da 1.300 euro per bilocali.<\/p>\n<p>&#x1f3d8;&#xfe0f; Affitti brevi e mercato turistico<\/p>\n<p>Il boom degli affitti brevi ha contribuito all&#8217;aumento dei prezzi, con oltre 19.000 appartamenti destinati a turisti a Firenze. Questo fenomeno ha ridotto la disponibilit\u00e0 di alloggi a lungo termine per i residenti, spingendo molte famiglie e studenti a cercare soluzioni nelle periferie o in comuni limitrofi, con conseguente aumento dei prezzi anche in queste aree.<\/p>\n<p>&#x1f9d1;&#x200d;&#x1f393; Impatto sugli studenti e famiglie<\/p>\n<p>Per molte famiglie fiorentine, l&#8217;affitto rappresenta oltre il 40% del reddito mensile, ben oltre la soglia del 25% considerata sostenibile . Gli studenti fuori sede sono tra i pi\u00f9 colpiti, con una crescente difficolt\u00e0 nell&#8217;accesso a soluzioni abitative adeguate.<br \/>\nI giovani sono tra i pi\u00f9 penalizzati. Molti universitari non riescono pi\u00f9 a trovare stanze singole sotto i 600-700 euro, una cifra che solo pochi riescono a permettersi senza aiuti familiari. In risposta, si assiste a una vera e propria \u201cmigrazione urbana\u201d verso comuni limitrofi come Scandicci, Sesto Fiorentino e Campi Bisenzio, dove per\u00f2 anche l\u00ec i prezzi stanno rapidamente salendo per effetto domino<\/p>\n<p>Secondo alcuni dati rilevati dall\u2019Irpet nel 2024:<\/p>\n<p>1&#xfe0f;&#x20e3; Il 40% dei lavoratori del turismo toscano guadagnano meno di 8000 \u20ac lordi all\u2019anno, confermandosi quindi come lavoratori poveri;<br \/>\n2&#xfe0f;&#x20e3; Il 22% dei lavoratori percepisce un reddito medio da lavoro inferiore ai 22 \u20ac al giorno, testimoniando l\u2019esistenza dilagante di contratti part-time involontari o altre forme di contratti poveri;<br \/>\n3&#xfe0f;&#x20e3; Il 50% dei lavoratori nel settore turistico toscano \u00e8 di et\u00e0 inferiore ai 34 anni.<\/p>\n<p>A ci\u00f2 si aggiunga poi che, spesso, i contratti proposti raramente durano pi\u00f9 di un paio di mesi. E, parallelamente, i contratti a tempo indeterminato risultano essere un miraggio. Fattori, questi, che incidono negativamente sulla possibilit\u00e0 di affittare casa o costruire una propria autonomia per i pi\u00f9 giovani. A questo proposito, una classe lavoratrice precaria e instabile diviene destinataria delle conseguenze derivanti dai processi di gentrificazione, che si traducono in espulsioni sociali e povert\u00e0 diffusa.<\/p>\n<p>Se da un lato \u00e8 sempre pi\u00f9 pressante il mantra secondo cui \u201cIl turismo \u00e8 la locomotiva dell\u2019economia italiana\u201d, dall&#8217;altro le contraddizioni di questo modello economico sono ormai insostenibili.<\/p>\n<p>\u00c8 necessario precisare, infatti, di quale turismo si stia parlando. Il turismo a cui stiamo assistendo risulta essere soltanto la locomotiva degli interessi di una ristretta minoranza della popolazione. E a subirne le conseguenze sono coloro che, in questa citt\u00e0, ci vivono e ci lavorano.<\/p>\n","protected":false},"excerpt":{"rendered":"<p>La citt\u00e0 di Firenze ha registrato nuovi aumenti record degli affitti: stiamo vivendo una crisi abitativa senza precedenti.\u00a0Nei primi mesi del 2025, il capoluogo toscano ha registrato un incremento record dei canoni di affitto, con un aumento medio del 19,6% per stanze e appartamenti, posizionandosi tra le citt\u00e0 europee con la crescita pi\u00f9 elevata. Questo &hellip;<\/p>\n<p class=\"read-more\"> <a class=\"\" href=\"https:\/\/www.perunaltracitta.org\/homepage\/2025\/04\/29\/affitti-a-firenze-linsostenibile-leggerezza-della-speculazione\/\"> <span class=\"screen-reader-text\">Affitti a Firenze: l&#8217;insostenibile leggerezza della speculazione<\/span> Leggi altro &raquo;<\/a><\/p>\n","protected":false},"author":483,"featured_media":98375,"comment_status":"open","ping_status":"open","sticky":false,"template":"","format":"standard","meta":{"_uag_custom_page_level_css":"","site-sidebar-layout":"default","site-content-layout":"default","ast-global-header-display":"","ast-main-header-display":"","ast-hfb-above-header-display":"","ast-hfb-below-header-display":"","ast-hfb-mobile-header-display":"","site-post-title":"","ast-breadcrumbs-content":"","ast-featured-img":"","footer-sml-layout":"","theme-transparent-header-meta":"default","adv-header-id-meta":"","stick-header-meta":"","header-above-stick-meta":"","header-main-stick-meta":"","header-below-stick-meta":"","footnotes":""},"categories":[4132,41],"tags":[5,6832,3277],"class_list":["post-98346","post","type-post","status-publish","format-standard","has-post-thumbnail","hentry","category-firenze","category-la-citta-invisibile","tag-firenze","tag-mercato-degli-affitti","tag-turismo-di-massa"],"yoast_head":"<!-- This site is optimized with the Yoast SEO plugin v25.1 - https:\/\/yoast.com\/wordpress\/plugins\/seo\/ -->\n<title>Affitti a Firenze: l&#039;insostenibile leggerezza della speculazione - La Citt\u00e0 invisibile | perUnaltracitt\u00e0 | Firenze<\/title>\n<meta name=\"robots\" content=\"index, follow, max-snippet:-1, max-image-preview:large, max-video-preview:-1\" \/>\n<link rel=\"canonical\" href=\"https:\/\/www.perunaltracitta.org\/homepage\/2025\/04\/29\/affitti-a-firenze-linsostenibile-leggerezza-della-speculazione\/\" \/>\n<meta property=\"og:locale\" content=\"it_IT\" \/>\n<meta property=\"og:type\" content=\"article\" \/>\n<meta property=\"og:title\" content=\"Affitti a Firenze: l&#039;insostenibile leggerezza della speculazione - La Citt\u00e0 invisibile | perUnaltracitt\u00e0 | Firenze\" \/>\n<meta property=\"og:description\" content=\"La citt\u00e0 di Firenze ha registrato nuovi aumenti record degli affitti: stiamo vivendo una crisi abitativa senza precedenti.\u00a0Nei primi mesi del 2025, il capoluogo toscano ha registrato un incremento record dei canoni di affitto, con un aumento medio del 19,6% per stanze e appartamenti, posizionandosi tra le citt\u00e0 europee con la crescita pi\u00f9 elevata. Questo &hellip; Affitti a Firenze: l&#8217;insostenibile leggerezza della speculazione Leggi altro &raquo;\" \/>\n<meta property=\"og:url\" content=\"https:\/\/www.perunaltracitta.org\/homepage\/2025\/04\/29\/affitti-a-firenze-linsostenibile-leggerezza-della-speculazione\/\" \/>\n<meta property=\"og:site_name\" content=\"La Citt\u00e0 invisibile | perUnaltracitt\u00e0 | Firenze\" \/>\n<meta property=\"article:publisher\" content=\"https:\/\/www.facebook.com\/perunaltracitta\" \/>\n<meta property=\"article:published_time\" content=\"2025-04-29T17:15:22+00:00\" \/>\n<meta property=\"og:image\" content=\"https:\/\/www.perunaltracitta.org\/wp-content\/uploads\/2025\/04\/FIRENZE_affitti.jpg\" \/>\n\t<meta property=\"og:image:width\" content=\"1200\" \/>\n\t<meta property=\"og:image:height\" content=\"900\" \/>\n\t<meta property=\"og:image:type\" content=\"image\/jpeg\" \/>\n<meta name=\"author\" content=\"Lorenzo Villani\" \/>\n<meta name=\"twitter:card\" content=\"summary_large_image\" \/>\n<meta name=\"twitter:creator\" content=\"@perunaltracitta\" \/>\n<meta name=\"twitter:site\" content=\"@perunaltracitta\" \/>\n<meta name=\"twitter:label1\" content=\"Scritto da\" \/>\n\t<meta name=\"twitter:data1\" content=\"Lorenzo Villani\" \/>\n\t<meta name=\"twitter:label2\" content=\"Tempo di lettura stimato\" \/>\n\t<meta name=\"twitter:data2\" content=\"5 minuti\" \/>\n<script type=\"application\/ld+json\" class=\"yoast-schema-graph\">{\"@context\":\"https:\/\/schema.org\",\"@graph\":[{\"@type\":\"Article\",\"@id\":\"https:\/\/www.perunaltracitta.org\/homepage\/2025\/04\/29\/affitti-a-firenze-linsostenibile-leggerezza-della-speculazione\/#article\",\"isPartOf\":{\"@id\":\"https:\/\/www.perunaltracitta.org\/homepage\/2025\/04\/29\/affitti-a-firenze-linsostenibile-leggerezza-della-speculazione\/\"},\"author\":{\"name\":\"Lorenzo Villani\",\"@id\":\"https:\/\/www.perunaltracitta.org\/homepage\/#\/schema\/person\/53b86d9bc5fd720e90e49259d43dbc9a\"},\"headline\":\"Affitti a Firenze: l&#8217;insostenibile leggerezza della speculazione\",\"datePublished\":\"2025-04-29T17:15:22+00:00\",\"mainEntityOfPage\":{\"@id\":\"https:\/\/www.perunaltracitta.org\/homepage\/2025\/04\/29\/affitti-a-firenze-linsostenibile-leggerezza-della-speculazione\/\"},\"wordCount\":719,\"commentCount\":0,\"publisher\":{\"@id\":\"https:\/\/www.perunaltracitta.org\/homepage\/#organization\"},\"image\":{\"@id\":\"https:\/\/www.perunaltracitta.org\/homepage\/2025\/04\/29\/affitti-a-firenze-linsostenibile-leggerezza-della-speculazione\/#primaryimage\"},\"thumbnailUrl\":\"https:\/\/www.perunaltracitta.org\/wp-content\/uploads\/2025\/04\/FIRENZE_affitti.jpg\",\"keywords\":[\"firenze\",\"Mercato degli affitti\",\"turismo di massa\"],\"articleSection\":[\"Firenze e dintorni\",\"La Citt\u00e0 invisibile\"],\"inLanguage\":\"it-IT\",\"potentialAction\":[{\"@type\":\"CommentAction\",\"name\":\"Comment\",\"target\":[\"https:\/\/www.perunaltracitta.org\/homepage\/2025\/04\/29\/affitti-a-firenze-linsostenibile-leggerezza-della-speculazione\/#respond\"]}]},{\"@type\":\"WebPage\",\"@id\":\"https:\/\/www.perunaltracitta.org\/homepage\/2025\/04\/29\/affitti-a-firenze-linsostenibile-leggerezza-della-speculazione\/\",\"url\":\"https:\/\/www.perunaltracitta.org\/homepage\/2025\/04\/29\/affitti-a-firenze-linsostenibile-leggerezza-della-speculazione\/\",\"name\":\"Affitti a Firenze: l'insostenibile leggerezza della speculazione - La Citt\u00e0 invisibile | perUnaltracitt\u00e0 | Firenze\",\"isPartOf\":{\"@id\":\"https:\/\/www.perunaltracitta.org\/homepage\/#website\"},\"primaryImageOfPage\":{\"@id\":\"https:\/\/www.perunaltracitta.org\/homepage\/2025\/04\/29\/affitti-a-firenze-linsostenibile-leggerezza-della-speculazione\/#primaryimage\"},\"image\":{\"@id\":\"https:\/\/www.perunaltracitta.org\/homepage\/2025\/04\/29\/affitti-a-firenze-linsostenibile-leggerezza-della-speculazione\/#primaryimage\"},\"thumbnailUrl\":\"https:\/\/www.perunaltracitta.org\/wp-content\/uploads\/2025\/04\/FIRENZE_affitti.jpg\",\"datePublished\":\"2025-04-29T17:15:22+00:00\",\"breadcrumb\":{\"@id\":\"https:\/\/www.perunaltracitta.org\/homepage\/2025\/04\/29\/affitti-a-firenze-linsostenibile-leggerezza-della-speculazione\/#breadcrumb\"},\"inLanguage\":\"it-IT\",\"potentialAction\":[{\"@type\":\"ReadAction\",\"target\":[\"https:\/\/www.perunaltracitta.org\/homepage\/2025\/04\/29\/affitti-a-firenze-linsostenibile-leggerezza-della-speculazione\/\"]}]},{\"@type\":\"ImageObject\",\"inLanguage\":\"it-IT\",\"@id\":\"https:\/\/www.perunaltracitta.org\/homepage\/2025\/04\/29\/affitti-a-firenze-linsostenibile-leggerezza-della-speculazione\/#primaryimage\",\"url\":\"https:\/\/www.perunaltracitta.org\/wp-content\/uploads\/2025\/04\/FIRENZE_affitti.jpg\",\"contentUrl\":\"https:\/\/www.perunaltracitta.org\/wp-content\/uploads\/2025\/04\/FIRENZE_affitti.jpg\",\"width\":1200,\"height\":900},{\"@type\":\"BreadcrumbList\",\"@id\":\"https:\/\/www.perunaltracitta.org\/homepage\/2025\/04\/29\/affitti-a-firenze-linsostenibile-leggerezza-della-speculazione\/#breadcrumb\",\"itemListElement\":[{\"@type\":\"ListItem\",\"position\":1,\"name\":\"Home\",\"item\":\"https:\/\/www.perunaltracitta.org\/homepage\/\"},{\"@type\":\"ListItem\",\"position\":2,\"name\":\"Affitti a Firenze: l&#8217;insostenibile leggerezza della speculazione\"}]},{\"@type\":\"WebSite\",\"@id\":\"https:\/\/www.perunaltracitta.org\/homepage\/#website\",\"url\":\"https:\/\/www.perunaltracitta.org\/homepage\/\",\"name\":\"La Citt\u00e0 invisibile | perUnaltracitt\u00e0 | Firenze\",\"description\":\"Voci oltre il pensiero unico\",\"publisher\":{\"@id\":\"https:\/\/www.perunaltracitta.org\/homepage\/#organization\"},\"potentialAction\":[{\"@type\":\"SearchAction\",\"target\":{\"@type\":\"EntryPoint\",\"urlTemplate\":\"https:\/\/www.perunaltracitta.org\/homepage\/?s={search_term_string}\"},\"query-input\":{\"@type\":\"PropertyValueSpecification\",\"valueRequired\":true,\"valueName\":\"search_term_string\"}}],\"inLanguage\":\"it-IT\"},{\"@type\":\"Organization\",\"@id\":\"https:\/\/www.perunaltracitta.org\/homepage\/#organization\",\"name\":\"perUnaltracitt\u00e0 - laboratorio politico Firenze\",\"url\":\"https:\/\/www.perunaltracitta.org\/homepage\/\",\"logo\":{\"@type\":\"ImageObject\",\"inLanguage\":\"it-IT\",\"@id\":\"https:\/\/www.perunaltracitta.org\/homepage\/#\/schema\/logo\/image\/\",\"url\":\"https:\/\/www.perunaltracitta.org\/wp-content\/uploads\/2025\/11\/Original-on-Transparent-Copia-af-1.png\",\"contentUrl\":\"https:\/\/www.perunaltracitta.org\/wp-content\/uploads\/2025\/11\/Original-on-Transparent-Copia-af-1.png\",\"width\":600,\"height\":153,\"caption\":\"perUnaltracitt\u00e0 - laboratorio politico Firenze\"},\"image\":{\"@id\":\"https:\/\/www.perunaltracitta.org\/homepage\/#\/schema\/logo\/image\/\"},\"sameAs\":[\"https:\/\/www.facebook.com\/perunaltracitta\",\"https:\/\/x.com\/perunaltracitta\"]},{\"@type\":\"Person\",\"@id\":\"https:\/\/www.perunaltracitta.org\/homepage\/#\/schema\/person\/53b86d9bc5fd720e90e49259d43dbc9a\",\"name\":\"Lorenzo Villani\",\"image\":{\"@type\":\"ImageObject\",\"inLanguage\":\"it-IT\",\"@id\":\"https:\/\/www.perunaltracitta.org\/homepage\/#\/schema\/person\/image\/\",\"url\":\"https:\/\/www.perunaltracitta.org\/wp-content\/uploads\/2023\/02\/lorenzo-120x120.jpg\",\"contentUrl\":\"https:\/\/www.perunaltracitta.org\/wp-content\/uploads\/2023\/02\/lorenzo-120x120.jpg\",\"caption\":\"Lorenzo Villani\"},\"url\":\"https:\/\/www.perunaltracitta.org\/homepage\/author\/lorenzo-villani\/\"}]}<\/script>\n<!-- \/ Yoast SEO plugin. -->","yoast_head_json":{"title":"Affitti a Firenze: l'insostenibile leggerezza della speculazione - La Citt\u00e0 invisibile | perUnaltracitt\u00e0 | Firenze","robots":{"index":"index","follow":"follow","max-snippet":"max-snippet:-1","max-image-preview":"max-image-preview:large","max-video-preview":"max-video-preview:-1"},"canonical":"https:\/\/www.perunaltracitta.org\/homepage\/2025\/04\/29\/affitti-a-firenze-linsostenibile-leggerezza-della-speculazione\/","og_locale":"it_IT","og_type":"article","og_title":"Affitti a Firenze: l'insostenibile leggerezza della speculazione - La Citt\u00e0 invisibile | perUnaltracitt\u00e0 | Firenze","og_description":"La citt\u00e0 di Firenze ha registrato nuovi aumenti record degli affitti: stiamo vivendo una crisi abitativa senza precedenti.\u00a0Nei primi mesi del 2025, il capoluogo toscano ha registrato un incremento record dei canoni di affitto, con un aumento medio del 19,6% per stanze e appartamenti, posizionandosi tra le citt\u00e0 europee con la crescita pi\u00f9 elevata. Questo &hellip; Affitti a Firenze: l&#8217;insostenibile leggerezza della speculazione Leggi altro &raquo;","og_url":"https:\/\/www.perunaltracitta.org\/homepage\/2025\/04\/29\/affitti-a-firenze-linsostenibile-leggerezza-della-speculazione\/","og_site_name":"La Citt\u00e0 invisibile | perUnaltracitt\u00e0 | Firenze","article_publisher":"https:\/\/www.facebook.com\/perunaltracitta","article_published_time":"2025-04-29T17:15:22+00:00","og_image":[{"width":1200,"height":900,"url":"https:\/\/www.perunaltracitta.org\/wp-content\/uploads\/2025\/04\/FIRENZE_affitti.jpg","type":"image\/jpeg"}],"author":"Lorenzo Villani","twitter_card":"summary_large_image","twitter_creator":"@perunaltracitta","twitter_site":"@perunaltracitta","twitter_misc":{"Scritto da":"Lorenzo Villani","Tempo di lettura stimato":"5 minuti"},"schema":{"@context":"https:\/\/schema.org","@graph":[{"@type":"Article","@id":"https:\/\/www.perunaltracitta.org\/homepage\/2025\/04\/29\/affitti-a-firenze-linsostenibile-leggerezza-della-speculazione\/#article","isPartOf":{"@id":"https:\/\/www.perunaltracitta.org\/homepage\/2025\/04\/29\/affitti-a-firenze-linsostenibile-leggerezza-della-speculazione\/"},"author":{"name":"Lorenzo Villani","@id":"https:\/\/www.perunaltracitta.org\/homepage\/#\/schema\/person\/53b86d9bc5fd720e90e49259d43dbc9a"},"headline":"Affitti a Firenze: l&#8217;insostenibile leggerezza della speculazione","datePublished":"2025-04-29T17:15:22+00:00","mainEntityOfPage":{"@id":"https:\/\/www.perunaltracitta.org\/homepage\/2025\/04\/29\/affitti-a-firenze-linsostenibile-leggerezza-della-speculazione\/"},"wordCount":719,"commentCount":0,"publisher":{"@id":"https:\/\/www.perunaltracitta.org\/homepage\/#organization"},"image":{"@id":"https:\/\/www.perunaltracitta.org\/homepage\/2025\/04\/29\/affitti-a-firenze-linsostenibile-leggerezza-della-speculazione\/#primaryimage"},"thumbnailUrl":"https:\/\/www.perunaltracitta.org\/wp-content\/uploads\/2025\/04\/FIRENZE_affitti.jpg","keywords":["firenze","Mercato degli affitti","turismo di massa"],"articleSection":["Firenze e dintorni","La Citt\u00e0 invisibile"],"inLanguage":"it-IT","potentialAction":[{"@type":"CommentAction","name":"Comment","target":["https:\/\/www.perunaltracitta.org\/homepage\/2025\/04\/29\/affitti-a-firenze-linsostenibile-leggerezza-della-speculazione\/#respond"]}]},{"@type":"WebPage","@id":"https:\/\/www.perunaltracitta.org\/homepage\/2025\/04\/29\/affitti-a-firenze-linsostenibile-leggerezza-della-speculazione\/","url":"https:\/\/www.perunaltracitta.org\/homepage\/2025\/04\/29\/affitti-a-firenze-linsostenibile-leggerezza-della-speculazione\/","name":"Affitti a Firenze: l'insostenibile leggerezza della speculazione - La Citt\u00e0 invisibile | perUnaltracitt\u00e0 | Firenze","isPartOf":{"@id":"https:\/\/www.perunaltracitta.org\/homepage\/#website"},"primaryImageOfPage":{"@id":"https:\/\/www.perunaltracitta.org\/homepage\/2025\/04\/29\/affitti-a-firenze-linsostenibile-leggerezza-della-speculazione\/#primaryimage"},"image":{"@id":"https:\/\/www.perunaltracitta.org\/homepage\/2025\/04\/29\/affitti-a-firenze-linsostenibile-leggerezza-della-speculazione\/#primaryimage"},"thumbnailUrl":"https:\/\/www.perunaltracitta.org\/wp-content\/uploads\/2025\/04\/FIRENZE_affitti.jpg","datePublished":"2025-04-29T17:15:22+00:00","breadcrumb":{"@id":"https:\/\/www.perunaltracitta.org\/homepage\/2025\/04\/29\/affitti-a-firenze-linsostenibile-leggerezza-della-speculazione\/#breadcrumb"},"inLanguage":"it-IT","potentialAction":[{"@type":"ReadAction","target":["https:\/\/www.perunaltracitta.org\/homepage\/2025\/04\/29\/affitti-a-firenze-linsostenibile-leggerezza-della-speculazione\/"]}]},{"@type":"ImageObject","inLanguage":"it-IT","@id":"https:\/\/www.perunaltracitta.org\/homepage\/2025\/04\/29\/affitti-a-firenze-linsostenibile-leggerezza-della-speculazione\/#primaryimage","url":"https:\/\/www.perunaltracitta.org\/wp-content\/uploads\/2025\/04\/FIRENZE_affitti.jpg","contentUrl":"https:\/\/www.perunaltracitta.org\/wp-content\/uploads\/2025\/04\/FIRENZE_affitti.jpg","width":1200,"height":900},{"@type":"BreadcrumbList","@id":"https:\/\/www.perunaltracitta.org\/homepage\/2025\/04\/29\/affitti-a-firenze-linsostenibile-leggerezza-della-speculazione\/#breadcrumb","itemListElement":[{"@type":"ListItem","position":1,"name":"Home","item":"https:\/\/www.perunaltracitta.org\/homepage\/"},{"@type":"ListItem","position":2,"name":"Affitti a Firenze: l&#8217;insostenibile leggerezza della speculazione"}]},{"@type":"WebSite","@id":"https:\/\/www.perunaltracitta.org\/homepage\/#website","url":"https:\/\/www.perunaltracitta.org\/homepage\/","name":"La Citt\u00e0 invisibile | perUnaltracitt\u00e0 | Firenze","description":"Voci oltre il pensiero unico","publisher":{"@id":"https:\/\/www.perunaltracitta.org\/homepage\/#organization"},"potentialAction":[{"@type":"SearchAction","target":{"@type":"EntryPoint","urlTemplate":"https:\/\/www.perunaltracitta.org\/homepage\/?s={search_term_string}"},"query-input":{"@type":"PropertyValueSpecification","valueRequired":true,"valueName":"search_term_string"}}],"inLanguage":"it-IT"},{"@type":"Organization","@id":"https:\/\/www.perunaltracitta.org\/homepage\/#organization","name":"perUnaltracitt\u00e0 - laboratorio politico Firenze","url":"https:\/\/www.perunaltracitta.org\/homepage\/","logo":{"@type":"ImageObject","inLanguage":"it-IT","@id":"https:\/\/www.perunaltracitta.org\/homepage\/#\/schema\/logo\/image\/","url":"https:\/\/www.perunaltracitta.org\/wp-content\/uploads\/2025\/11\/Original-on-Transparent-Copia-af-1.png","contentUrl":"https:\/\/www.perunaltracitta.org\/wp-content\/uploads\/2025\/11\/Original-on-Transparent-Copia-af-1.png","width":600,"height":153,"caption":"perUnaltracitt\u00e0 - laboratorio politico Firenze"},"image":{"@id":"https:\/\/www.perunaltracitta.org\/homepage\/#\/schema\/logo\/image\/"},"sameAs":["https:\/\/www.facebook.com\/perunaltracitta","https:\/\/x.com\/perunaltracitta"]},{"@type":"Person","@id":"https:\/\/www.perunaltracitta.org\/homepage\/#\/schema\/person\/53b86d9bc5fd720e90e49259d43dbc9a","name":"Lorenzo Villani","image":{"@type":"ImageObject","inLanguage":"it-IT","@id":"https:\/\/www.perunaltracitta.org\/homepage\/#\/schema\/person\/image\/","url":"https:\/\/www.perunaltracitta.org\/wp-content\/uploads\/2023\/02\/lorenzo-120x120.jpg","contentUrl":"https:\/\/www.perunaltracitta.org\/wp-content\/uploads\/2023\/02\/lorenzo-120x120.jpg","caption":"Lorenzo Villani"},"url":"https:\/\/www.perunaltracitta.org\/homepage\/author\/lorenzo-villani\/"}]}},"uagb_featured_image_src":{"full":["https:\/\/www.perunaltracitta.org\/wp-content\/uploads\/2025\/04\/FIRENZE_affitti.jpg",1200,900,false],"thumbnail":["https:\/\/www.perunaltracitta.org\/wp-content\/uploads\/2025\/04\/FIRENZE_affitti-150x150.jpg",150,150,true],"medium":["https:\/\/www.perunaltracitta.org\/wp-content\/uploads\/2025\/04\/FIRENZE_affitti-300x225.jpg",300,225,true],"medium_large":["https:\/\/www.perunaltracitta.org\/wp-content\/uploads\/2025\/04\/FIRENZE_affitti-768x576.jpg",768,576,true],"large":["https:\/\/www.perunaltracitta.org\/wp-content\/uploads\/2025\/04\/FIRENZE_affitti-1024x768.jpg",1024,768,true],"wysija-newsletters-max":["https:\/\/www.perunaltracitta.org\/wp-content\/uploads\/2025\/04\/FIRENZE_affitti-600x450.jpg",600,450,true],"1536x1536":["https:\/\/www.perunaltracitta.org\/wp-content\/uploads\/2025\/04\/FIRENZE_affitti.jpg",1200,900,false],"2048x2048":["https:\/\/www.perunaltracitta.org\/wp-content\/uploads\/2025\/04\/FIRENZE_affitti.jpg",1200,900,false],"mailpoet_newsletter_max":["https:\/\/www.perunaltracitta.org\/wp-content\/uploads\/2025\/04\/FIRENZE_affitti.jpg",1200,900,false],"yarpp-thumbnail":["https:\/\/www.perunaltracitta.org\/wp-content\/uploads\/2025\/04\/FIRENZE_affitti-120x120.jpg",120,120,true]},"uagb_author_info":{"display_name":"Lorenzo Villani","author_link":"https:\/\/www.perunaltracitta.org\/homepage\/author\/lorenzo-villani\/"},"uagb_comment_info":0,"uagb_excerpt":"La citt\u00e0 di Firenze ha registrato nuovi aumenti record degli affitti: stiamo vivendo una crisi abitativa senza precedenti.\u00a0Nei primi mesi del 2025, il capoluogo toscano ha registrato un incremento record dei canoni di affitto, con un aumento medio del 19,6% per stanze e appartamenti, posizionandosi tra le citt\u00e0 europee con la crescita pi\u00f9 elevata. Questo&hellip;","_links":{"self":[{"href":"https:\/\/www.perunaltracitta.org\/homepage\/wp-json\/wp\/v2\/posts\/98346","targetHints":{"allow":["GET"]}}],"collection":[{"href":"https:\/\/www.perunaltracitta.org\/homepage\/wp-json\/wp\/v2\/posts"}],"about":[{"href":"https:\/\/www.perunaltracitta.org\/homepage\/wp-json\/wp\/v2\/types\/post"}],"author":[{"embeddable":true,"href":"https:\/\/www.perunaltracitta.org\/homepage\/wp-json\/wp\/v2\/users\/483"}],"replies":[{"embeddable":true,"href":"https:\/\/www.perunaltracitta.org\/homepage\/wp-json\/wp\/v2\/comments?post=98346"}],"version-history":[{"count":5,"href":"https:\/\/www.perunaltracitta.org\/homepage\/wp-json\/wp\/v2\/posts\/98346\/revisions"}],"predecessor-version":[{"id":98377,"href":"https:\/\/www.perunaltracitta.org\/homepage\/wp-json\/wp\/v2\/posts\/98346\/revisions\/98377"}],"wp:featuredmedia":[{"embeddable":true,"href":"https:\/\/www.perunaltracitta.org\/homepage\/wp-json\/wp\/v2\/media\/98375"}],"wp:attachment":[{"href":"https:\/\/www.perunaltracitta.org\/homepage\/wp-json\/wp\/v2\/media?parent=98346"}],"wp:term":[{"taxonomy":"category","embeddable":true,"href":"https:\/\/www.perunaltracitta.org\/homepage\/wp-json\/wp\/v2\/categories?post=98346"},{"taxonomy":"post_tag","embeddable":true,"href":"https:\/\/www.perunaltracitta.org\/homepage\/wp-json\/wp\/v2\/tags?post=98346"}],"curies":[{"name":"wp","href":"https:\/\/api.w.org\/{rel}","templated":true}]}}