{"id":98365,"date":"2025-04-29T19:18:34","date_gmt":"2025-04-29T17:18:34","guid":{"rendered":"https:\/\/www.perunaltracitta.org\/homepage\/?p=98365"},"modified":"2025-04-29T20:50:26","modified_gmt":"2025-04-29T18:50:26","slug":"fondi-di-investimento-energia-e-crisi-ecologica","status":"publish","type":"post","link":"https:\/\/www.perunaltracitta.org\/homepage\/2025\/04\/29\/fondi-di-investimento-energia-e-crisi-ecologica\/","title":{"rendered":"Fondi d&#8217;investimento, energia e crisi ecologica: ne parliamo alla prossima Redazione tematica di perUnaltracitt\u00e0"},"content":{"rendered":"<p><span style=\"font-family: Georgia, serif;\">Il ruolo dei fondi di investimento (o <i>fondi di fondi<\/i> di investimento, a maggioranza USA) che stanno dietro a enormi operazioni speculative si sono espansi, in Europa soprattutto a partire dal 2010, usando decine di migliaia di miliardi di risparmio affidato in gestione sia da investitori di grandi dimensioni come gli Stati stessi e i fondi pensione, sia da milioni di piccoli risparmiatori. <\/span><\/p>\n<p><span style=\"font-family: Georgia, serif;\">L\u2019avanzata dei fondi d\u2019altra parte \u00e8 andata di pari passo con la politica di privatizzazioni e liberalizzazione dei servizi pubblici e di indebolimento del welfare pubblico, prima di tutto nella sanit\u00e0 e nelle pensioni, e con i tagli alle tasse dei ricchi. Inoltre i governi hanno direttamente promosso l\u2019investimento dei cittadini nelle varie forme di assicurazione privata (gestite dai fondi) mediante il riconoscimento di detrazioni fiscali. <\/span><\/p>\n<p><span style=\"font-family: Georgia, serif;\">Teniamo allora conto di questa realt\u00e0 per capire qualche cosa di pi\u00f9 di come il capitale, per affrontare la crisi energetica e la transizione ecologica, abbia usato anche il <i>green deal <\/i>nelle sue varie incarnazioni generalmente riconducibili al cosiddetto sviluppo sostenibile.<\/span><\/p>\n<p><span style=\"font-family: Georgia, serif;\"><a href=\"https:\/\/www.perunaltracitta.org\/wp-content\/uploads\/2025\/04\/redazioni-aperte-2.png\"><img loading=\"lazy\" decoding=\"async\" class=\" wp-image-98378 alignleft\" src=\"https:\/\/www.perunaltracitta.org\/wp-content\/uploads\/2025\/04\/redazioni-aperte-2-724x1024.png\" alt=\"\" width=\"363\" height=\"513\" srcset=\"https:\/\/www.perunaltracitta.org\/wp-content\/uploads\/2025\/04\/redazioni-aperte-2-724x1024.png 724w, https:\/\/www.perunaltracitta.org\/wp-content\/uploads\/2025\/04\/redazioni-aperte-2-212x300.png 212w, https:\/\/www.perunaltracitta.org\/wp-content\/uploads\/2025\/04\/redazioni-aperte-2-768x1086.png 768w, https:\/\/www.perunaltracitta.org\/wp-content\/uploads\/2025\/04\/redazioni-aperte-2-600x849.png 600w, https:\/\/www.perunaltracitta.org\/wp-content\/uploads\/2025\/04\/redazioni-aperte-2-1086x1536.png 1086w, https:\/\/www.perunaltracitta.org\/wp-content\/uploads\/2025\/04\/redazioni-aperte-2-1320x1867.png 1320w, https:\/\/www.perunaltracitta.org\/wp-content\/uploads\/2025\/04\/redazioni-aperte-2.png 1414w\" sizes=\"auto, (max-width: 363px) 100vw, 363px\" \/><\/a>I limiti planetari presenteranno alla fine certo il conto, ma tutto ci\u00f2 sta oltre i limiti temporali di esistenza delle oligarchie attuali, alle quali non interessa prendere atto della crisi ecologica, se non nella misura e nei modi decisi al momento stesso di fondazione dell\u2019IPCC cio\u00e8: ricerca scientifica sulla crisi climatica s\u00ec, risposta alla crisi climatica assolutamente s\u00ec, ma qualunque risposta va considerata solo dentro le regole di rispetto della propriet\u00e0 privata e dei \u201cmercati\u201d cio\u00e8 del mondo degli affari. Quindi ogni azione in direzione di una presunta sostenibilit\u00e0 intrapresa che rappresenti un costo deve essere alimentata dal sostegno pubblico alle aziende private e creare una nuova tappa di un capitalismo assistito e sostenuto dalla politica, con finanziamenti diretti o con la tolleranza legale verso le varie forme di \u201ctosatura\u201d degli utenti.<\/span><\/p>\n<p><span style=\"font-family: Georgia, serif;\">In Italia i fondi sono entrati in questi anni nelle societ\u00e0 pubbliche del settore energia e delle reti e nelle multiutility con la loro logica, che \u00e8 quella di cercare rendimenti finanziari a breve termine e quindi piegare a questa esigenza anche i principi di erogazione dei servizi. Lo stesso \u201ccartello\u201d condiziona in questo modo l\u2019intera filiera dell\u2019energia compresa quella delle rinnovabili. Tutto il settore dell\u2019energia \u00e8 stato caratterizzato dal 2023 da extraprofitti collegati a un aumento delle bollette delle luce e del gas nel mercato privatizzato.<\/span><\/p>\n<p><span style=\"font-family: Georgia, serif;\">Nel sistema generale vigente di partecipazione mista pubblica-privata, la parte pubblica riscuote la sua parte di dividendi di queste societ\u00e0 a capitale misto, ma questi soldi vanno ad alleviare in modo minimo e contingente l\u2019indebitamento pubblico, sia quello dello Stato sia quello dei Comuni nel caso delle multiutility, mentre non viene esercitata attraverso la<u> <\/u>partecipazione azionaria alcuna guida strategica e alcuna reale politica industriale di interesse nazionale o locale e tanto meno una politica sociale. La parte pubblica azionista insomma si comporta secondo la stessa logica puramente finanziaria dei fondi. <\/span><\/p>\n<p><span style=\"font-family: Georgia, serif;\">Per chi non si accontenta di una risposta tutta interna all\u2019orizzonte del rilancio capitalistico e di un probabile fallimento degli obiettivi di NET Zero, ci sono due cose da fare, una \u00e8 quella della indagine dei meccanismi globali-locali di cui qui si \u00e8 fatto solo qualche minimo e cenno, e un altro \u00e8 quello di cercare di unire la questione ambientale alla questione sociale. <\/span><\/p>\n<p><strong><span style=\"font-family: Georgia, serif;\">Di tutto questo parleremo nella prossima Redazione tematica aperta organizzata da perUnaltracitt\u00e0 che si terr\u00e0 il 7 maggio alle ore 18 nei locali di Fuori Binario, via del Leone 76, a Firenze.<\/span><\/strong><\/p>\n<p>&nbsp;<\/p>\n","protected":false},"excerpt":{"rendered":"<p>Il ruolo dei fondi di investimento (o fondi di fondi di investimento, a maggioranza USA) che stanno dietro a enormi operazioni speculative si sono espansi, in Europa soprattutto a partire dal 2010, usando decine di migliaia di miliardi di risparmio affidato in gestione sia da investitori di grandi dimensioni come gli Stati stessi e i &hellip;<\/p>\n<p class=\"read-more\"> <a class=\"\" href=\"https:\/\/www.perunaltracitta.org\/homepage\/2025\/04\/29\/fondi-di-investimento-energia-e-crisi-ecologica\/\"> <span class=\"screen-reader-text\">Fondi d&#8217;investimento, energia e crisi ecologica: ne parliamo alla prossima Redazione tematica di perUnaltracitt\u00e0<\/span> Leggi altro &raquo;<\/a><\/p>\n","protected":false},"author":146,"featured_media":98378,"comment_status":"open","ping_status":"open","sticky":false,"template":"","format":"standard","meta":{"_uag_custom_page_level_css":"","site-sidebar-layout":"default","site-content-layout":"default","ast-global-header-display":"","ast-main-header-display":"","ast-hfb-above-header-display":"","ast-hfb-below-header-display":"","ast-hfb-mobile-header-display":"","site-post-title":"","ast-breadcrumbs-content":"","ast-featured-img":"","footer-sml-layout":"","theme-transparent-header-meta":"default","adv-header-id-meta":"","stick-header-meta":"","header-above-stick-meta":"","header-main-stick-meta":"","header-below-stick-meta":"","footnotes":""},"categories":[4132],"tags":[267,5208,6831],"class_list":["post-98365","post","type-post","status-publish","format-standard","has-post-thumbnail","hentry","category-firenze","tag-ambiente","tag-crisi-ecologica","tag-fondi-di-investimento"],"yoast_head":"<!-- This site is optimized with the Yoast SEO plugin v25.1 - https:\/\/yoast.com\/wordpress\/plugins\/seo\/ -->\n<title>Fondi d&#039;investimento, energia e crisi ecologica: ne parliamo alla prossima Redazione tematica di perUnaltracitt\u00e0 - La Citt\u00e0 invisibile | perUnaltracitt\u00e0 | Firenze<\/title>\n<meta name=\"robots\" content=\"index, follow, max-snippet:-1, max-image-preview:large, max-video-preview:-1\" \/>\n<link rel=\"canonical\" href=\"https:\/\/www.perunaltracitta.org\/homepage\/2025\/04\/29\/fondi-di-investimento-energia-e-crisi-ecologica\/\" \/>\n<meta property=\"og:locale\" content=\"it_IT\" \/>\n<meta property=\"og:type\" content=\"article\" \/>\n<meta property=\"og:title\" content=\"Fondi d&#039;investimento, energia e crisi ecologica: ne parliamo alla prossima Redazione tematica di perUnaltracitt\u00e0 - La Citt\u00e0 invisibile | perUnaltracitt\u00e0 | Firenze\" \/>\n<meta property=\"og:description\" content=\"Il ruolo dei fondi di investimento (o fondi di fondi di investimento, a maggioranza USA) che stanno dietro a enormi operazioni speculative si sono espansi, in Europa soprattutto a partire dal 2010, usando decine di migliaia di miliardi di risparmio affidato in gestione sia da investitori di grandi dimensioni come gli Stati stessi e i &hellip; Fondi d&#8217;investimento, energia e crisi ecologica: ne parliamo alla prossima Redazione tematica di perUnaltracitt\u00e0 Leggi altro &raquo;\" \/>\n<meta property=\"og:url\" content=\"https:\/\/www.perunaltracitta.org\/homepage\/2025\/04\/29\/fondi-di-investimento-energia-e-crisi-ecologica\/\" \/>\n<meta property=\"og:site_name\" content=\"La Citt\u00e0 invisibile | perUnaltracitt\u00e0 | Firenze\" \/>\n<meta property=\"article:publisher\" content=\"https:\/\/www.facebook.com\/perunaltracitta\" \/>\n<meta property=\"article:published_time\" content=\"2025-04-29T17:18:34+00:00\" \/>\n<meta property=\"article:modified_time\" content=\"2025-04-29T18:50:26+00:00\" \/>\n<meta property=\"og:image\" content=\"https:\/\/www.perunaltracitta.org\/wp-content\/uploads\/2025\/04\/redazioni-aperte-2.png\" \/>\n\t<meta property=\"og:image:width\" content=\"1414\" \/>\n\t<meta property=\"og:image:height\" content=\"2000\" \/>\n\t<meta property=\"og:image:type\" content=\"image\/png\" \/>\n<meta name=\"author\" content=\"perUnaltracitt\u00e0\" \/>\n<meta name=\"twitter:card\" content=\"summary_large_image\" \/>\n<meta name=\"twitter:creator\" content=\"@perunaltracitta\" \/>\n<meta name=\"twitter:site\" content=\"@perunaltracitta\" \/>\n<meta name=\"twitter:label1\" content=\"Scritto da\" \/>\n\t<meta name=\"twitter:data1\" content=\"perUnaltracitt\u00e0\" \/>\n\t<meta name=\"twitter:label2\" content=\"Tempo di lettura stimato\" \/>\n\t<meta name=\"twitter:data2\" content=\"4 minuti\" \/>\n<script type=\"application\/ld+json\" class=\"yoast-schema-graph\">{\"@context\":\"https:\/\/schema.org\",\"@graph\":[{\"@type\":\"Article\",\"@id\":\"https:\/\/www.perunaltracitta.org\/homepage\/2025\/04\/29\/fondi-di-investimento-energia-e-crisi-ecologica\/#article\",\"isPartOf\":{\"@id\":\"https:\/\/www.perunaltracitta.org\/homepage\/2025\/04\/29\/fondi-di-investimento-energia-e-crisi-ecologica\/\"},\"author\":{\"name\":\"perUnaltracitt\u00e0\",\"@id\":\"https:\/\/www.perunaltracitta.org\/homepage\/#\/schema\/person\/62bce946b51fa72d85250001a922acea\"},\"headline\":\"Fondi d&#8217;investimento, energia e crisi ecologica: ne parliamo alla prossima Redazione tematica di perUnaltracitt\u00e0\",\"datePublished\":\"2025-04-29T17:18:34+00:00\",\"dateModified\":\"2025-04-29T18:50:26+00:00\",\"mainEntityOfPage\":{\"@id\":\"https:\/\/www.perunaltracitta.org\/homepage\/2025\/04\/29\/fondi-di-investimento-energia-e-crisi-ecologica\/\"},\"wordCount\":588,\"commentCount\":0,\"publisher\":{\"@id\":\"https:\/\/www.perunaltracitta.org\/homepage\/#organization\"},\"image\":{\"@id\":\"https:\/\/www.perunaltracitta.org\/homepage\/2025\/04\/29\/fondi-di-investimento-energia-e-crisi-ecologica\/#primaryimage\"},\"thumbnailUrl\":\"https:\/\/www.perunaltracitta.org\/wp-content\/uploads\/2025\/04\/redazioni-aperte-2.png\",\"keywords\":[\"ambiente\",\"Crisi ecologica\",\"fondi di investimento\"],\"articleSection\":[\"Firenze e dintorni\"],\"inLanguage\":\"it-IT\",\"potentialAction\":[{\"@type\":\"CommentAction\",\"name\":\"Comment\",\"target\":[\"https:\/\/www.perunaltracitta.org\/homepage\/2025\/04\/29\/fondi-di-investimento-energia-e-crisi-ecologica\/#respond\"]}]},{\"@type\":\"WebPage\",\"@id\":\"https:\/\/www.perunaltracitta.org\/homepage\/2025\/04\/29\/fondi-di-investimento-energia-e-crisi-ecologica\/\",\"url\":\"https:\/\/www.perunaltracitta.org\/homepage\/2025\/04\/29\/fondi-di-investimento-energia-e-crisi-ecologica\/\",\"name\":\"Fondi d'investimento, energia e crisi ecologica: ne parliamo alla prossima Redazione tematica di perUnaltracitt\u00e0 - La Citt\u00e0 invisibile | perUnaltracitt\u00e0 | Firenze\",\"isPartOf\":{\"@id\":\"https:\/\/www.perunaltracitta.org\/homepage\/#website\"},\"primaryImageOfPage\":{\"@id\":\"https:\/\/www.perunaltracitta.org\/homepage\/2025\/04\/29\/fondi-di-investimento-energia-e-crisi-ecologica\/#primaryimage\"},\"image\":{\"@id\":\"https:\/\/www.perunaltracitta.org\/homepage\/2025\/04\/29\/fondi-di-investimento-energia-e-crisi-ecologica\/#primaryimage\"},\"thumbnailUrl\":\"https:\/\/www.perunaltracitta.org\/wp-content\/uploads\/2025\/04\/redazioni-aperte-2.png\",\"datePublished\":\"2025-04-29T17:18:34+00:00\",\"dateModified\":\"2025-04-29T18:50:26+00:00\",\"breadcrumb\":{\"@id\":\"https:\/\/www.perunaltracitta.org\/homepage\/2025\/04\/29\/fondi-di-investimento-energia-e-crisi-ecologica\/#breadcrumb\"},\"inLanguage\":\"it-IT\",\"potentialAction\":[{\"@type\":\"ReadAction\",\"target\":[\"https:\/\/www.perunaltracitta.org\/homepage\/2025\/04\/29\/fondi-di-investimento-energia-e-crisi-ecologica\/\"]}]},{\"@type\":\"ImageObject\",\"inLanguage\":\"it-IT\",\"@id\":\"https:\/\/www.perunaltracitta.org\/homepage\/2025\/04\/29\/fondi-di-investimento-energia-e-crisi-ecologica\/#primaryimage\",\"url\":\"https:\/\/www.perunaltracitta.org\/wp-content\/uploads\/2025\/04\/redazioni-aperte-2.png\",\"contentUrl\":\"https:\/\/www.perunaltracitta.org\/wp-content\/uploads\/2025\/04\/redazioni-aperte-2.png\",\"width\":1414,\"height\":2000},{\"@type\":\"BreadcrumbList\",\"@id\":\"https:\/\/www.perunaltracitta.org\/homepage\/2025\/04\/29\/fondi-di-investimento-energia-e-crisi-ecologica\/#breadcrumb\",\"itemListElement\":[{\"@type\":\"ListItem\",\"position\":1,\"name\":\"Home\",\"item\":\"https:\/\/www.perunaltracitta.org\/homepage\/\"},{\"@type\":\"ListItem\",\"position\":2,\"name\":\"Fondi d&#8217;investimento, energia e crisi ecologica: ne parliamo alla prossima Redazione tematica di perUnaltracitt\u00e0\"}]},{\"@type\":\"WebSite\",\"@id\":\"https:\/\/www.perunaltracitta.org\/homepage\/#website\",\"url\":\"https:\/\/www.perunaltracitta.org\/homepage\/\",\"name\":\"La Citt\u00e0 invisibile | perUnaltracitt\u00e0 | Firenze\",\"description\":\"Voci oltre il pensiero unico\",\"publisher\":{\"@id\":\"https:\/\/www.perunaltracitta.org\/homepage\/#organization\"},\"potentialAction\":[{\"@type\":\"SearchAction\",\"target\":{\"@type\":\"EntryPoint\",\"urlTemplate\":\"https:\/\/www.perunaltracitta.org\/homepage\/?s={search_term_string}\"},\"query-input\":{\"@type\":\"PropertyValueSpecification\",\"valueRequired\":true,\"valueName\":\"search_term_string\"}}],\"inLanguage\":\"it-IT\"},{\"@type\":\"Organization\",\"@id\":\"https:\/\/www.perunaltracitta.org\/homepage\/#organization\",\"name\":\"perUnaltracitt\u00e0 - laboratorio politico Firenze\",\"url\":\"https:\/\/www.perunaltracitta.org\/homepage\/\",\"logo\":{\"@type\":\"ImageObject\",\"inLanguage\":\"it-IT\",\"@id\":\"https:\/\/www.perunaltracitta.org\/homepage\/#\/schema\/logo\/image\/\",\"url\":\"https:\/\/www.perunaltracitta.org\/wp-content\/uploads\/2025\/11\/Original-on-Transparent-Copia-af-1.png\",\"contentUrl\":\"https:\/\/www.perunaltracitta.org\/wp-content\/uploads\/2025\/11\/Original-on-Transparent-Copia-af-1.png\",\"width\":600,\"height\":153,\"caption\":\"perUnaltracitt\u00e0 - laboratorio politico Firenze\"},\"image\":{\"@id\":\"https:\/\/www.perunaltracitta.org\/homepage\/#\/schema\/logo\/image\/\"},\"sameAs\":[\"https:\/\/www.facebook.com\/perunaltracitta\",\"https:\/\/x.com\/perunaltracitta\"]},{\"@type\":\"Person\",\"@id\":\"https:\/\/www.perunaltracitta.org\/homepage\/#\/schema\/person\/62bce946b51fa72d85250001a922acea\",\"name\":\"perUnaltracitt\u00e0\",\"image\":{\"@type\":\"ImageObject\",\"inLanguage\":\"it-IT\",\"@id\":\"https:\/\/www.perunaltracitta.org\/homepage\/#\/schema\/person\/image\/\",\"url\":\"https:\/\/www.perunaltracitta.org\/wp-content\/uploads\/2015\/10\/logoPUC-96x96.jpg\",\"contentUrl\":\"https:\/\/www.perunaltracitta.org\/wp-content\/uploads\/2015\/10\/logoPUC-96x96.jpg\",\"caption\":\"perUnaltracitt\u00e0\"},\"description\":\"All'opposizione in Consiglio comunale a Firenze dal 2004 al 2014, la lista di cittadinanza perUnaltracitt\u00e0 \u00e8 poi diventata laboratorio politico per partecipare alle vertenze sul territorio e dare voce alle realt\u00e0 di movimento anche attraverso la rivista La Citt\u00e0 invisibile.\",\"url\":\"https:\/\/www.perunaltracitta.org\/homepage\/author\/perunaltracitta\/\"}]}<\/script>\n<!-- \/ Yoast SEO plugin. -->","yoast_head_json":{"title":"Fondi d'investimento, energia e crisi ecologica: ne parliamo alla prossima Redazione tematica di perUnaltracitt\u00e0 - La Citt\u00e0 invisibile | perUnaltracitt\u00e0 | Firenze","robots":{"index":"index","follow":"follow","max-snippet":"max-snippet:-1","max-image-preview":"max-image-preview:large","max-video-preview":"max-video-preview:-1"},"canonical":"https:\/\/www.perunaltracitta.org\/homepage\/2025\/04\/29\/fondi-di-investimento-energia-e-crisi-ecologica\/","og_locale":"it_IT","og_type":"article","og_title":"Fondi d'investimento, energia e crisi ecologica: ne parliamo alla prossima Redazione tematica di perUnaltracitt\u00e0 - La Citt\u00e0 invisibile | perUnaltracitt\u00e0 | Firenze","og_description":"Il ruolo dei fondi di investimento (o fondi di fondi di investimento, a maggioranza USA) che stanno dietro a enormi operazioni speculative si sono espansi, in Europa soprattutto a partire dal 2010, usando decine di migliaia di miliardi di risparmio affidato in gestione sia da investitori di grandi dimensioni come gli Stati stessi e i &hellip; Fondi d&#8217;investimento, energia e crisi ecologica: ne parliamo alla prossima Redazione tematica di perUnaltracitt\u00e0 Leggi altro &raquo;","og_url":"https:\/\/www.perunaltracitta.org\/homepage\/2025\/04\/29\/fondi-di-investimento-energia-e-crisi-ecologica\/","og_site_name":"La Citt\u00e0 invisibile | perUnaltracitt\u00e0 | Firenze","article_publisher":"https:\/\/www.facebook.com\/perunaltracitta","article_published_time":"2025-04-29T17:18:34+00:00","article_modified_time":"2025-04-29T18:50:26+00:00","og_image":[{"width":1414,"height":2000,"url":"https:\/\/www.perunaltracitta.org\/wp-content\/uploads\/2025\/04\/redazioni-aperte-2.png","type":"image\/png"}],"author":"perUnaltracitt\u00e0","twitter_card":"summary_large_image","twitter_creator":"@perunaltracitta","twitter_site":"@perunaltracitta","twitter_misc":{"Scritto da":"perUnaltracitt\u00e0","Tempo di lettura stimato":"4 minuti"},"schema":{"@context":"https:\/\/schema.org","@graph":[{"@type":"Article","@id":"https:\/\/www.perunaltracitta.org\/homepage\/2025\/04\/29\/fondi-di-investimento-energia-e-crisi-ecologica\/#article","isPartOf":{"@id":"https:\/\/www.perunaltracitta.org\/homepage\/2025\/04\/29\/fondi-di-investimento-energia-e-crisi-ecologica\/"},"author":{"name":"perUnaltracitt\u00e0","@id":"https:\/\/www.perunaltracitta.org\/homepage\/#\/schema\/person\/62bce946b51fa72d85250001a922acea"},"headline":"Fondi d&#8217;investimento, energia e crisi ecologica: ne parliamo alla prossima Redazione tematica di perUnaltracitt\u00e0","datePublished":"2025-04-29T17:18:34+00:00","dateModified":"2025-04-29T18:50:26+00:00","mainEntityOfPage":{"@id":"https:\/\/www.perunaltracitta.org\/homepage\/2025\/04\/29\/fondi-di-investimento-energia-e-crisi-ecologica\/"},"wordCount":588,"commentCount":0,"publisher":{"@id":"https:\/\/www.perunaltracitta.org\/homepage\/#organization"},"image":{"@id":"https:\/\/www.perunaltracitta.org\/homepage\/2025\/04\/29\/fondi-di-investimento-energia-e-crisi-ecologica\/#primaryimage"},"thumbnailUrl":"https:\/\/www.perunaltracitta.org\/wp-content\/uploads\/2025\/04\/redazioni-aperte-2.png","keywords":["ambiente","Crisi ecologica","fondi di investimento"],"articleSection":["Firenze e dintorni"],"inLanguage":"it-IT","potentialAction":[{"@type":"CommentAction","name":"Comment","target":["https:\/\/www.perunaltracitta.org\/homepage\/2025\/04\/29\/fondi-di-investimento-energia-e-crisi-ecologica\/#respond"]}]},{"@type":"WebPage","@id":"https:\/\/www.perunaltracitta.org\/homepage\/2025\/04\/29\/fondi-di-investimento-energia-e-crisi-ecologica\/","url":"https:\/\/www.perunaltracitta.org\/homepage\/2025\/04\/29\/fondi-di-investimento-energia-e-crisi-ecologica\/","name":"Fondi d'investimento, energia e crisi ecologica: ne parliamo alla prossima Redazione tematica di perUnaltracitt\u00e0 - La Citt\u00e0 invisibile | perUnaltracitt\u00e0 | Firenze","isPartOf":{"@id":"https:\/\/www.perunaltracitta.org\/homepage\/#website"},"primaryImageOfPage":{"@id":"https:\/\/www.perunaltracitta.org\/homepage\/2025\/04\/29\/fondi-di-investimento-energia-e-crisi-ecologica\/#primaryimage"},"image":{"@id":"https:\/\/www.perunaltracitta.org\/homepage\/2025\/04\/29\/fondi-di-investimento-energia-e-crisi-ecologica\/#primaryimage"},"thumbnailUrl":"https:\/\/www.perunaltracitta.org\/wp-content\/uploads\/2025\/04\/redazioni-aperte-2.png","datePublished":"2025-04-29T17:18:34+00:00","dateModified":"2025-04-29T18:50:26+00:00","breadcrumb":{"@id":"https:\/\/www.perunaltracitta.org\/homepage\/2025\/04\/29\/fondi-di-investimento-energia-e-crisi-ecologica\/#breadcrumb"},"inLanguage":"it-IT","potentialAction":[{"@type":"ReadAction","target":["https:\/\/www.perunaltracitta.org\/homepage\/2025\/04\/29\/fondi-di-investimento-energia-e-crisi-ecologica\/"]}]},{"@type":"ImageObject","inLanguage":"it-IT","@id":"https:\/\/www.perunaltracitta.org\/homepage\/2025\/04\/29\/fondi-di-investimento-energia-e-crisi-ecologica\/#primaryimage","url":"https:\/\/www.perunaltracitta.org\/wp-content\/uploads\/2025\/04\/redazioni-aperte-2.png","contentUrl":"https:\/\/www.perunaltracitta.org\/wp-content\/uploads\/2025\/04\/redazioni-aperte-2.png","width":1414,"height":2000},{"@type":"BreadcrumbList","@id":"https:\/\/www.perunaltracitta.org\/homepage\/2025\/04\/29\/fondi-di-investimento-energia-e-crisi-ecologica\/#breadcrumb","itemListElement":[{"@type":"ListItem","position":1,"name":"Home","item":"https:\/\/www.perunaltracitta.org\/homepage\/"},{"@type":"ListItem","position":2,"name":"Fondi d&#8217;investimento, energia e crisi ecologica: ne parliamo alla prossima Redazione tematica di perUnaltracitt\u00e0"}]},{"@type":"WebSite","@id":"https:\/\/www.perunaltracitta.org\/homepage\/#website","url":"https:\/\/www.perunaltracitta.org\/homepage\/","name":"La Citt\u00e0 invisibile | perUnaltracitt\u00e0 | Firenze","description":"Voci oltre il pensiero unico","publisher":{"@id":"https:\/\/www.perunaltracitta.org\/homepage\/#organization"},"potentialAction":[{"@type":"SearchAction","target":{"@type":"EntryPoint","urlTemplate":"https:\/\/www.perunaltracitta.org\/homepage\/?s={search_term_string}"},"query-input":{"@type":"PropertyValueSpecification","valueRequired":true,"valueName":"search_term_string"}}],"inLanguage":"it-IT"},{"@type":"Organization","@id":"https:\/\/www.perunaltracitta.org\/homepage\/#organization","name":"perUnaltracitt\u00e0 - laboratorio politico Firenze","url":"https:\/\/www.perunaltracitta.org\/homepage\/","logo":{"@type":"ImageObject","inLanguage":"it-IT","@id":"https:\/\/www.perunaltracitta.org\/homepage\/#\/schema\/logo\/image\/","url":"https:\/\/www.perunaltracitta.org\/wp-content\/uploads\/2025\/11\/Original-on-Transparent-Copia-af-1.png","contentUrl":"https:\/\/www.perunaltracitta.org\/wp-content\/uploads\/2025\/11\/Original-on-Transparent-Copia-af-1.png","width":600,"height":153,"caption":"perUnaltracitt\u00e0 - laboratorio politico Firenze"},"image":{"@id":"https:\/\/www.perunaltracitta.org\/homepage\/#\/schema\/logo\/image\/"},"sameAs":["https:\/\/www.facebook.com\/perunaltracitta","https:\/\/x.com\/perunaltracitta"]},{"@type":"Person","@id":"https:\/\/www.perunaltracitta.org\/homepage\/#\/schema\/person\/62bce946b51fa72d85250001a922acea","name":"perUnaltracitt\u00e0","image":{"@type":"ImageObject","inLanguage":"it-IT","@id":"https:\/\/www.perunaltracitta.org\/homepage\/#\/schema\/person\/image\/","url":"https:\/\/www.perunaltracitta.org\/wp-content\/uploads\/2015\/10\/logoPUC-96x96.jpg","contentUrl":"https:\/\/www.perunaltracitta.org\/wp-content\/uploads\/2015\/10\/logoPUC-96x96.jpg","caption":"perUnaltracitt\u00e0"},"description":"All'opposizione in Consiglio comunale a Firenze dal 2004 al 2014, la lista di cittadinanza perUnaltracitt\u00e0 \u00e8 poi diventata laboratorio politico per partecipare alle vertenze sul territorio e dare voce alle realt\u00e0 di movimento anche attraverso la rivista La Citt\u00e0 invisibile.","url":"https:\/\/www.perunaltracitta.org\/homepage\/author\/perunaltracitta\/"}]}},"uagb_featured_image_src":{"full":["https:\/\/www.perunaltracitta.org\/wp-content\/uploads\/2025\/04\/redazioni-aperte-2.png",1414,2000,false],"thumbnail":["https:\/\/www.perunaltracitta.org\/wp-content\/uploads\/2025\/04\/redazioni-aperte-2-150x150.png",150,150,true],"medium":["https:\/\/www.perunaltracitta.org\/wp-content\/uploads\/2025\/04\/redazioni-aperte-2-212x300.png",212,300,true],"medium_large":["https:\/\/www.perunaltracitta.org\/wp-content\/uploads\/2025\/04\/redazioni-aperte-2-768x1086.png",768,1086,true],"large":["https:\/\/www.perunaltracitta.org\/wp-content\/uploads\/2025\/04\/redazioni-aperte-2-724x1024.png",724,1024,true],"wysija-newsletters-max":["https:\/\/www.perunaltracitta.org\/wp-content\/uploads\/2025\/04\/redazioni-aperte-2-600x849.png",600,849,true],"1536x1536":["https:\/\/www.perunaltracitta.org\/wp-content\/uploads\/2025\/04\/redazioni-aperte-2-1086x1536.png",1086,1536,true],"2048x2048":["https:\/\/www.perunaltracitta.org\/wp-content\/uploads\/2025\/04\/redazioni-aperte-2.png",1414,2000,false],"mailpoet_newsletter_max":["https:\/\/www.perunaltracitta.org\/wp-content\/uploads\/2025\/04\/redazioni-aperte-2-1320x1867.png",1320,1867,true],"yarpp-thumbnail":["https:\/\/www.perunaltracitta.org\/wp-content\/uploads\/2025\/04\/redazioni-aperte-2-120x120.png",120,120,true]},"uagb_author_info":{"display_name":"perUnaltracitt\u00e0","author_link":"https:\/\/www.perunaltracitta.org\/homepage\/author\/perunaltracitta\/"},"uagb_comment_info":0,"uagb_excerpt":"Il ruolo dei fondi di investimento (o fondi di fondi di investimento, a maggioranza USA) che stanno dietro a enormi operazioni speculative si sono espansi, in Europa soprattutto a partire dal 2010, usando decine di migliaia di miliardi di risparmio affidato in gestione sia da investitori di grandi dimensioni come gli Stati stessi e i&hellip;","_links":{"self":[{"href":"https:\/\/www.perunaltracitta.org\/homepage\/wp-json\/wp\/v2\/posts\/98365","targetHints":{"allow":["GET"]}}],"collection":[{"href":"https:\/\/www.perunaltracitta.org\/homepage\/wp-json\/wp\/v2\/posts"}],"about":[{"href":"https:\/\/www.perunaltracitta.org\/homepage\/wp-json\/wp\/v2\/types\/post"}],"author":[{"embeddable":true,"href":"https:\/\/www.perunaltracitta.org\/homepage\/wp-json\/wp\/v2\/users\/146"}],"replies":[{"embeddable":true,"href":"https:\/\/www.perunaltracitta.org\/homepage\/wp-json\/wp\/v2\/comments?post=98365"}],"version-history":[{"count":7,"href":"https:\/\/www.perunaltracitta.org\/homepage\/wp-json\/wp\/v2\/posts\/98365\/revisions"}],"predecessor-version":[{"id":98407,"href":"https:\/\/www.perunaltracitta.org\/homepage\/wp-json\/wp\/v2\/posts\/98365\/revisions\/98407"}],"wp:featuredmedia":[{"embeddable":true,"href":"https:\/\/www.perunaltracitta.org\/homepage\/wp-json\/wp\/v2\/media\/98378"}],"wp:attachment":[{"href":"https:\/\/www.perunaltracitta.org\/homepage\/wp-json\/wp\/v2\/media?parent=98365"}],"wp:term":[{"taxonomy":"category","embeddable":true,"href":"https:\/\/www.perunaltracitta.org\/homepage\/wp-json\/wp\/v2\/categories?post=98365"},{"taxonomy":"post_tag","embeddable":true,"href":"https:\/\/www.perunaltracitta.org\/homepage\/wp-json\/wp\/v2\/tags?post=98365"}],"curies":[{"name":"wp","href":"https:\/\/api.w.org\/{rel}","templated":true}]}}