{"id":98383,"date":"2025-04-29T19:51:11","date_gmt":"2025-04-29T17:51:11","guid":{"rendered":"https:\/\/www.perunaltracitta.org\/homepage\/?p=98383"},"modified":"2025-04-29T20:49:16","modified_gmt":"2025-04-29T18:49:16","slug":"fermiamo-la-strage-degli-omicidi-sul-lavoro-per-un-primo-maggio-di-protesta-e-lotta","status":"publish","type":"post","link":"https:\/\/www.perunaltracitta.org\/homepage\/2025\/04\/29\/fermiamo-la-strage-degli-omicidi-sul-lavoro-per-un-primo-maggio-di-protesta-e-lotta\/","title":{"rendered":"Fermiamo la strage degli omicidi sul lavoro per un primo maggio di protesta e lotta"},"content":{"rendered":"<p>La strage quotidiana sui posti di lavoro continua e non accenna a rallentare, scrive il coordinamento<strong> <em>Ogni giorno \u00e8 il Primo Maggio<\/em> <\/strong>nel comunicato che presenta la manifestazione e il corteo che parte alle 14,30 da via Mariti a Firenze. Il governo Meloni ha approvato un decreto che non produrr\u00e0 alcun effetto concreto e che non servir\u00e0 n\u00e9 a colpire i responsabili, n\u00e9 a invertire la rotta degli incidenti e delle morti sul lavoro. Il Primo Maggio pertanto non pu\u00f2 essere una festa, ma una giornata di lotta e protesta incentrata sul tema degli omicidi sul lavoro, che si inserisce in un contesto nazionale e internazionale di tendenza alla guerra, carovita alle stelle e dismissioni di aziende, tutti fattori che concorrono a rendere pi\u00f9 difficile il contesto nel quale ci troviamo a vivere.<br \/>\n<a href=\"https:\/\/www.perunaltracitta.org\/wp-content\/uploads\/2025\/04\/490757523_688950860151321_7879298404400355995_n.jpg\"><img loading=\"lazy\" decoding=\"async\" class=\"alignleft wp-image-98385\" src=\"https:\/\/www.perunaltracitta.org\/wp-content\/uploads\/2025\/04\/490757523_688950860151321_7879298404400355995_n.jpg\" alt=\"\" width=\"224\" height=\"317\" srcset=\"https:\/\/www.perunaltracitta.org\/wp-content\/uploads\/2025\/04\/490757523_688950860151321_7879298404400355995_n.jpg 509w, https:\/\/www.perunaltracitta.org\/wp-content\/uploads\/2025\/04\/490757523_688950860151321_7879298404400355995_n-212x300.jpg 212w\" sizes=\"auto, (max-width: 224px) 100vw, 224px\" \/><\/a>Occorrono interventi strutturali per combattere la condizione di ricattabilit\u00e0 in cui si trovano milioni di lavoratori \u2013 prosegue il comunicato \u2013. Questo \u00e8 uno dei nodi alla base delle morti, dei tanti infortuni e di un generale abbassamento delle tutele in materia di salute e sicurezza. In primo luogo va cancellato il sistema degli appalti (altro che ce lo chiede l&#8217;Europa!), rimettendo in discussione la legge Biagi del 2003 e le successive modifiche, tra cui gli appalti a cascata. Va cancellato il Jobs Act per eliminare gli effetti nefasti che ha determinato nel mondo del lavoro.<\/p>\n<p>Occorre stabilire una parit\u00e0 normativa, retributiva e contrattuale per tutte le lavoratrici e i lavoratori che si trovano a operare in un cantiere come anche in qualsiasi altro luogo di lavoro.<\/p>\n<p>\u00c8 necessario inoltre cancellare la Legge Bossi-Fini, per rompere il nesso tra contratto e permesso di soggiorno che mette sotto ricatto centinaia di migliaia di lavoratori migranti. Occorre infine introdurre il reato di omicidio sul lavoro, per costruire uno strumento di deterrenza efficace e concreto, e rafforzare la figura degli RLS, proteggendoli dalle ritorsioni dei padroni e dotandoli di maggiori poteri di intervento e di denuncia. Il Governo e la politica istituzionale, con la collaborazione dei sindacati complici, appaiono sordi e ciechi di fronte alla strage.<\/p>\n<p>\u00c8 urgente continuare a tenere viva la mobilitazione in difesa delle vite delle lavoratrici e dei lavoratori. Occorre dare continuit\u00e0 alla mobilitazione che ha visto il 23 marzo a Firenze scendere in piazza migliaia di persone contro la strage nei luoghi di lavoro e per un parco pubblico intitolato alle vittime di via Mariti.<\/p>\n<p style=\"text-align: right;\"><strong>Ogni giorno \u00e8 il 1 Maggio<\/strong><\/p>\n","protected":false},"excerpt":{"rendered":"<p>La strage quotidiana sui posti di lavoro continua e non accenna a rallentare, scrive il coordinamento Ogni giorno \u00e8 il Primo Maggio nel comunicato che presenta la manifestazione e il corteo che parte alle 14,30 da via Mariti a Firenze. Il governo Meloni ha approvato un decreto che non produrr\u00e0 alcun effetto concreto e che &hellip;<\/p>\n<p class=\"read-more\"> <a class=\"\" href=\"https:\/\/www.perunaltracitta.org\/homepage\/2025\/04\/29\/fermiamo-la-strage-degli-omicidi-sul-lavoro-per-un-primo-maggio-di-protesta-e-lotta\/\"> <span class=\"screen-reader-text\">Fermiamo la strage degli omicidi sul lavoro per un primo maggio di protesta e lotta<\/span> Leggi altro &raquo;<\/a><\/p>\n","protected":false},"author":1,"featured_media":98384,"comment_status":"open","ping_status":"open","sticky":false,"template":"","format":"standard","meta":{"_uag_custom_page_level_css":"","site-sidebar-layout":"default","site-content-layout":"default","ast-global-header-display":"","ast-main-header-display":"","ast-hfb-above-header-display":"","ast-hfb-below-header-display":"","ast-hfb-mobile-header-display":"","site-post-title":"","ast-breadcrumbs-content":"","ast-featured-img":"","footer-sml-layout":"","theme-transparent-header-meta":"default","adv-header-id-meta":"","stick-header-meta":"","header-above-stick-meta":"","header-main-stick-meta":"","header-below-stick-meta":"","footnotes":""},"categories":[4132],"tags":[438,256,36,6314,5807],"class_list":["post-98383","post","type-post","status-publish","format-standard","has-post-thumbnail","hentry","category-firenze","tag-1-maggio","tag-diritti","tag-lavoro","tag-strage-operai-via-mariti","tag-via-mariti"],"yoast_head":"<!-- This site is optimized with the Yoast SEO plugin v25.1 - https:\/\/yoast.com\/wordpress\/plugins\/seo\/ -->\n<title>Fermiamo la strage degli omicidi sul lavoro per un primo maggio di protesta e lotta - La Citt\u00e0 invisibile | perUnaltracitt\u00e0 | Firenze<\/title>\n<meta name=\"robots\" content=\"index, follow, max-snippet:-1, max-image-preview:large, max-video-preview:-1\" \/>\n<link rel=\"canonical\" href=\"https:\/\/www.perunaltracitta.org\/homepage\/2025\/04\/29\/fermiamo-la-strage-degli-omicidi-sul-lavoro-per-un-primo-maggio-di-protesta-e-lotta\/\" \/>\n<meta property=\"og:locale\" content=\"it_IT\" \/>\n<meta property=\"og:type\" content=\"article\" \/>\n<meta property=\"og:title\" content=\"Fermiamo la strage degli omicidi sul lavoro per un primo maggio di protesta e lotta - La Citt\u00e0 invisibile | perUnaltracitt\u00e0 | Firenze\" \/>\n<meta property=\"og:description\" content=\"La strage quotidiana sui posti di lavoro continua e non accenna a rallentare, scrive il coordinamento Ogni giorno \u00e8 il Primo Maggio nel comunicato che presenta la manifestazione e il corteo che parte alle 14,30 da via Mariti a Firenze. Il governo Meloni ha approvato un decreto che non produrr\u00e0 alcun effetto concreto e che &hellip; Fermiamo la strage degli omicidi sul lavoro per un primo maggio di protesta e lotta Leggi altro &raquo;\" \/>\n<meta property=\"og:url\" content=\"https:\/\/www.perunaltracitta.org\/homepage\/2025\/04\/29\/fermiamo-la-strage-degli-omicidi-sul-lavoro-per-un-primo-maggio-di-protesta-e-lotta\/\" \/>\n<meta property=\"og:site_name\" content=\"La Citt\u00e0 invisibile | perUnaltracitt\u00e0 | Firenze\" \/>\n<meta property=\"article:publisher\" content=\"https:\/\/www.facebook.com\/perunaltracitta\" \/>\n<meta property=\"article:published_time\" content=\"2025-04-29T17:51:11+00:00\" \/>\n<meta property=\"article:modified_time\" content=\"2025-04-29T18:49:16+00:00\" \/>\n<meta property=\"og:image\" content=\"https:\/\/www.perunaltracitta.org\/wp-content\/uploads\/2025\/04\/primomaggioevidenza.jpg\" \/>\n\t<meta property=\"og:image:width\" content=\"509\" \/>\n\t<meta property=\"og:image:height\" content=\"450\" \/>\n\t<meta property=\"og:image:type\" content=\"image\/jpeg\" \/>\n<meta name=\"author\" content=\"Redazione\" \/>\n<meta name=\"twitter:card\" content=\"summary_large_image\" \/>\n<meta name=\"twitter:creator\" content=\"@perunaltracitta\" \/>\n<meta name=\"twitter:site\" content=\"@perunaltracitta\" \/>\n<meta name=\"twitter:label1\" content=\"Scritto da\" \/>\n\t<meta name=\"twitter:data1\" content=\"Redazione\" \/>\n\t<meta name=\"twitter:label2\" content=\"Tempo di lettura stimato\" \/>\n\t<meta name=\"twitter:data2\" content=\"3 minuti\" \/>\n<script type=\"application\/ld+json\" class=\"yoast-schema-graph\">{\"@context\":\"https:\/\/schema.org\",\"@graph\":[{\"@type\":\"Article\",\"@id\":\"https:\/\/www.perunaltracitta.org\/homepage\/2025\/04\/29\/fermiamo-la-strage-degli-omicidi-sul-lavoro-per-un-primo-maggio-di-protesta-e-lotta\/#article\",\"isPartOf\":{\"@id\":\"https:\/\/www.perunaltracitta.org\/homepage\/2025\/04\/29\/fermiamo-la-strage-degli-omicidi-sul-lavoro-per-un-primo-maggio-di-protesta-e-lotta\/\"},\"author\":{\"name\":\"Redazione\",\"@id\":\"https:\/\/www.perunaltracitta.org\/homepage\/#\/schema\/person\/dfa435bbec27dfdfca89afd56a6c0081\"},\"headline\":\"Fermiamo la strage degli omicidi sul lavoro per un primo maggio di protesta e lotta\",\"datePublished\":\"2025-04-29T17:51:11+00:00\",\"dateModified\":\"2025-04-29T18:49:16+00:00\",\"mainEntityOfPage\":{\"@id\":\"https:\/\/www.perunaltracitta.org\/homepage\/2025\/04\/29\/fermiamo-la-strage-degli-omicidi-sul-lavoro-per-un-primo-maggio-di-protesta-e-lotta\/\"},\"wordCount\":410,\"commentCount\":0,\"publisher\":{\"@id\":\"https:\/\/www.perunaltracitta.org\/homepage\/#organization\"},\"image\":{\"@id\":\"https:\/\/www.perunaltracitta.org\/homepage\/2025\/04\/29\/fermiamo-la-strage-degli-omicidi-sul-lavoro-per-un-primo-maggio-di-protesta-e-lotta\/#primaryimage\"},\"thumbnailUrl\":\"https:\/\/www.perunaltracitta.org\/wp-content\/uploads\/2025\/04\/primomaggioevidenza.jpg\",\"keywords\":[\"1 Maggio\",\"diritti\",\"Lavoro\",\"strage operai via Mariti\",\"Via Mariti\"],\"articleSection\":[\"Firenze e dintorni\"],\"inLanguage\":\"it-IT\",\"potentialAction\":[{\"@type\":\"CommentAction\",\"name\":\"Comment\",\"target\":[\"https:\/\/www.perunaltracitta.org\/homepage\/2025\/04\/29\/fermiamo-la-strage-degli-omicidi-sul-lavoro-per-un-primo-maggio-di-protesta-e-lotta\/#respond\"]}]},{\"@type\":\"WebPage\",\"@id\":\"https:\/\/www.perunaltracitta.org\/homepage\/2025\/04\/29\/fermiamo-la-strage-degli-omicidi-sul-lavoro-per-un-primo-maggio-di-protesta-e-lotta\/\",\"url\":\"https:\/\/www.perunaltracitta.org\/homepage\/2025\/04\/29\/fermiamo-la-strage-degli-omicidi-sul-lavoro-per-un-primo-maggio-di-protesta-e-lotta\/\",\"name\":\"Fermiamo la strage degli omicidi sul lavoro per un primo maggio di protesta e lotta - La Citt\u00e0 invisibile | perUnaltracitt\u00e0 | Firenze\",\"isPartOf\":{\"@id\":\"https:\/\/www.perunaltracitta.org\/homepage\/#website\"},\"primaryImageOfPage\":{\"@id\":\"https:\/\/www.perunaltracitta.org\/homepage\/2025\/04\/29\/fermiamo-la-strage-degli-omicidi-sul-lavoro-per-un-primo-maggio-di-protesta-e-lotta\/#primaryimage\"},\"image\":{\"@id\":\"https:\/\/www.perunaltracitta.org\/homepage\/2025\/04\/29\/fermiamo-la-strage-degli-omicidi-sul-lavoro-per-un-primo-maggio-di-protesta-e-lotta\/#primaryimage\"},\"thumbnailUrl\":\"https:\/\/www.perunaltracitta.org\/wp-content\/uploads\/2025\/04\/primomaggioevidenza.jpg\",\"datePublished\":\"2025-04-29T17:51:11+00:00\",\"dateModified\":\"2025-04-29T18:49:16+00:00\",\"breadcrumb\":{\"@id\":\"https:\/\/www.perunaltracitta.org\/homepage\/2025\/04\/29\/fermiamo-la-strage-degli-omicidi-sul-lavoro-per-un-primo-maggio-di-protesta-e-lotta\/#breadcrumb\"},\"inLanguage\":\"it-IT\",\"potentialAction\":[{\"@type\":\"ReadAction\",\"target\":[\"https:\/\/www.perunaltracitta.org\/homepage\/2025\/04\/29\/fermiamo-la-strage-degli-omicidi-sul-lavoro-per-un-primo-maggio-di-protesta-e-lotta\/\"]}]},{\"@type\":\"ImageObject\",\"inLanguage\":\"it-IT\",\"@id\":\"https:\/\/www.perunaltracitta.org\/homepage\/2025\/04\/29\/fermiamo-la-strage-degli-omicidi-sul-lavoro-per-un-primo-maggio-di-protesta-e-lotta\/#primaryimage\",\"url\":\"https:\/\/www.perunaltracitta.org\/wp-content\/uploads\/2025\/04\/primomaggioevidenza.jpg\",\"contentUrl\":\"https:\/\/www.perunaltracitta.org\/wp-content\/uploads\/2025\/04\/primomaggioevidenza.jpg\",\"width\":509,\"height\":450},{\"@type\":\"BreadcrumbList\",\"@id\":\"https:\/\/www.perunaltracitta.org\/homepage\/2025\/04\/29\/fermiamo-la-strage-degli-omicidi-sul-lavoro-per-un-primo-maggio-di-protesta-e-lotta\/#breadcrumb\",\"itemListElement\":[{\"@type\":\"ListItem\",\"position\":1,\"name\":\"Home\",\"item\":\"https:\/\/www.perunaltracitta.org\/homepage\/\"},{\"@type\":\"ListItem\",\"position\":2,\"name\":\"Fermiamo la strage degli omicidi sul lavoro per un primo maggio di protesta e lotta\"}]},{\"@type\":\"WebSite\",\"@id\":\"https:\/\/www.perunaltracitta.org\/homepage\/#website\",\"url\":\"https:\/\/www.perunaltracitta.org\/homepage\/\",\"name\":\"La Citt\u00e0 invisibile | perUnaltracitt\u00e0 | Firenze\",\"description\":\"Voci oltre il pensiero unico\",\"publisher\":{\"@id\":\"https:\/\/www.perunaltracitta.org\/homepage\/#organization\"},\"potentialAction\":[{\"@type\":\"SearchAction\",\"target\":{\"@type\":\"EntryPoint\",\"urlTemplate\":\"https:\/\/www.perunaltracitta.org\/homepage\/?s={search_term_string}\"},\"query-input\":{\"@type\":\"PropertyValueSpecification\",\"valueRequired\":true,\"valueName\":\"search_term_string\"}}],\"inLanguage\":\"it-IT\"},{\"@type\":\"Organization\",\"@id\":\"https:\/\/www.perunaltracitta.org\/homepage\/#organization\",\"name\":\"perUnaltracitt\u00e0 - laboratorio politico Firenze\",\"url\":\"https:\/\/www.perunaltracitta.org\/homepage\/\",\"logo\":{\"@type\":\"ImageObject\",\"inLanguage\":\"it-IT\",\"@id\":\"https:\/\/www.perunaltracitta.org\/homepage\/#\/schema\/logo\/image\/\",\"url\":\"https:\/\/www.perunaltracitta.org\/wp-content\/uploads\/2025\/11\/Original-on-Transparent-Copia-af-1.png\",\"contentUrl\":\"https:\/\/www.perunaltracitta.org\/wp-content\/uploads\/2025\/11\/Original-on-Transparent-Copia-af-1.png\",\"width\":600,\"height\":153,\"caption\":\"perUnaltracitt\u00e0 - laboratorio politico Firenze\"},\"image\":{\"@id\":\"https:\/\/www.perunaltracitta.org\/homepage\/#\/schema\/logo\/image\/\"},\"sameAs\":[\"https:\/\/www.facebook.com\/perunaltracitta\",\"https:\/\/x.com\/perunaltracitta\"]},{\"@type\":\"Person\",\"@id\":\"https:\/\/www.perunaltracitta.org\/homepage\/#\/schema\/person\/dfa435bbec27dfdfca89afd56a6c0081\",\"name\":\"Redazione\",\"image\":{\"@type\":\"ImageObject\",\"inLanguage\":\"it-IT\",\"@id\":\"https:\/\/www.perunaltracitta.org\/homepage\/#\/schema\/person\/image\/\",\"url\":\"https:\/\/www.perunaltracitta.org\/wp-content\/uploads\/2021\/12\/puc-per-barra-browser-120x120.png\",\"contentUrl\":\"https:\/\/www.perunaltracitta.org\/wp-content\/uploads\/2021\/12\/puc-per-barra-browser-120x120.png\",\"caption\":\"Redazione\"},\"description\":\"Il gruppo di\u00a0redazione della rivista edita da perUnaltracitt\u00e0\",\"url\":\"https:\/\/www.perunaltracitta.org\/homepage\/author\/admin\/\"}]}<\/script>\n<!-- \/ Yoast SEO plugin. -->","yoast_head_json":{"title":"Fermiamo la strage degli omicidi sul lavoro per un primo maggio di protesta e lotta - La Citt\u00e0 invisibile | perUnaltracitt\u00e0 | Firenze","robots":{"index":"index","follow":"follow","max-snippet":"max-snippet:-1","max-image-preview":"max-image-preview:large","max-video-preview":"max-video-preview:-1"},"canonical":"https:\/\/www.perunaltracitta.org\/homepage\/2025\/04\/29\/fermiamo-la-strage-degli-omicidi-sul-lavoro-per-un-primo-maggio-di-protesta-e-lotta\/","og_locale":"it_IT","og_type":"article","og_title":"Fermiamo la strage degli omicidi sul lavoro per un primo maggio di protesta e lotta - La Citt\u00e0 invisibile | perUnaltracitt\u00e0 | Firenze","og_description":"La strage quotidiana sui posti di lavoro continua e non accenna a rallentare, scrive il coordinamento Ogni giorno \u00e8 il Primo Maggio nel comunicato che presenta la manifestazione e il corteo che parte alle 14,30 da via Mariti a Firenze. Il governo Meloni ha approvato un decreto che non produrr\u00e0 alcun effetto concreto e che &hellip; Fermiamo la strage degli omicidi sul lavoro per un primo maggio di protesta e lotta Leggi altro &raquo;","og_url":"https:\/\/www.perunaltracitta.org\/homepage\/2025\/04\/29\/fermiamo-la-strage-degli-omicidi-sul-lavoro-per-un-primo-maggio-di-protesta-e-lotta\/","og_site_name":"La Citt\u00e0 invisibile | perUnaltracitt\u00e0 | Firenze","article_publisher":"https:\/\/www.facebook.com\/perunaltracitta","article_published_time":"2025-04-29T17:51:11+00:00","article_modified_time":"2025-04-29T18:49:16+00:00","og_image":[{"width":509,"height":450,"url":"https:\/\/www.perunaltracitta.org\/wp-content\/uploads\/2025\/04\/primomaggioevidenza.jpg","type":"image\/jpeg"}],"author":"Redazione","twitter_card":"summary_large_image","twitter_creator":"@perunaltracitta","twitter_site":"@perunaltracitta","twitter_misc":{"Scritto da":"Redazione","Tempo di lettura stimato":"3 minuti"},"schema":{"@context":"https:\/\/schema.org","@graph":[{"@type":"Article","@id":"https:\/\/www.perunaltracitta.org\/homepage\/2025\/04\/29\/fermiamo-la-strage-degli-omicidi-sul-lavoro-per-un-primo-maggio-di-protesta-e-lotta\/#article","isPartOf":{"@id":"https:\/\/www.perunaltracitta.org\/homepage\/2025\/04\/29\/fermiamo-la-strage-degli-omicidi-sul-lavoro-per-un-primo-maggio-di-protesta-e-lotta\/"},"author":{"name":"Redazione","@id":"https:\/\/www.perunaltracitta.org\/homepage\/#\/schema\/person\/dfa435bbec27dfdfca89afd56a6c0081"},"headline":"Fermiamo la strage degli omicidi sul lavoro per un primo maggio di protesta e lotta","datePublished":"2025-04-29T17:51:11+00:00","dateModified":"2025-04-29T18:49:16+00:00","mainEntityOfPage":{"@id":"https:\/\/www.perunaltracitta.org\/homepage\/2025\/04\/29\/fermiamo-la-strage-degli-omicidi-sul-lavoro-per-un-primo-maggio-di-protesta-e-lotta\/"},"wordCount":410,"commentCount":0,"publisher":{"@id":"https:\/\/www.perunaltracitta.org\/homepage\/#organization"},"image":{"@id":"https:\/\/www.perunaltracitta.org\/homepage\/2025\/04\/29\/fermiamo-la-strage-degli-omicidi-sul-lavoro-per-un-primo-maggio-di-protesta-e-lotta\/#primaryimage"},"thumbnailUrl":"https:\/\/www.perunaltracitta.org\/wp-content\/uploads\/2025\/04\/primomaggioevidenza.jpg","keywords":["1 Maggio","diritti","Lavoro","strage operai via Mariti","Via Mariti"],"articleSection":["Firenze e dintorni"],"inLanguage":"it-IT","potentialAction":[{"@type":"CommentAction","name":"Comment","target":["https:\/\/www.perunaltracitta.org\/homepage\/2025\/04\/29\/fermiamo-la-strage-degli-omicidi-sul-lavoro-per-un-primo-maggio-di-protesta-e-lotta\/#respond"]}]},{"@type":"WebPage","@id":"https:\/\/www.perunaltracitta.org\/homepage\/2025\/04\/29\/fermiamo-la-strage-degli-omicidi-sul-lavoro-per-un-primo-maggio-di-protesta-e-lotta\/","url":"https:\/\/www.perunaltracitta.org\/homepage\/2025\/04\/29\/fermiamo-la-strage-degli-omicidi-sul-lavoro-per-un-primo-maggio-di-protesta-e-lotta\/","name":"Fermiamo la strage degli omicidi sul lavoro per un primo maggio di protesta e lotta - La Citt\u00e0 invisibile | perUnaltracitt\u00e0 | Firenze","isPartOf":{"@id":"https:\/\/www.perunaltracitta.org\/homepage\/#website"},"primaryImageOfPage":{"@id":"https:\/\/www.perunaltracitta.org\/homepage\/2025\/04\/29\/fermiamo-la-strage-degli-omicidi-sul-lavoro-per-un-primo-maggio-di-protesta-e-lotta\/#primaryimage"},"image":{"@id":"https:\/\/www.perunaltracitta.org\/homepage\/2025\/04\/29\/fermiamo-la-strage-degli-omicidi-sul-lavoro-per-un-primo-maggio-di-protesta-e-lotta\/#primaryimage"},"thumbnailUrl":"https:\/\/www.perunaltracitta.org\/wp-content\/uploads\/2025\/04\/primomaggioevidenza.jpg","datePublished":"2025-04-29T17:51:11+00:00","dateModified":"2025-04-29T18:49:16+00:00","breadcrumb":{"@id":"https:\/\/www.perunaltracitta.org\/homepage\/2025\/04\/29\/fermiamo-la-strage-degli-omicidi-sul-lavoro-per-un-primo-maggio-di-protesta-e-lotta\/#breadcrumb"},"inLanguage":"it-IT","potentialAction":[{"@type":"ReadAction","target":["https:\/\/www.perunaltracitta.org\/homepage\/2025\/04\/29\/fermiamo-la-strage-degli-omicidi-sul-lavoro-per-un-primo-maggio-di-protesta-e-lotta\/"]}]},{"@type":"ImageObject","inLanguage":"it-IT","@id":"https:\/\/www.perunaltracitta.org\/homepage\/2025\/04\/29\/fermiamo-la-strage-degli-omicidi-sul-lavoro-per-un-primo-maggio-di-protesta-e-lotta\/#primaryimage","url":"https:\/\/www.perunaltracitta.org\/wp-content\/uploads\/2025\/04\/primomaggioevidenza.jpg","contentUrl":"https:\/\/www.perunaltracitta.org\/wp-content\/uploads\/2025\/04\/primomaggioevidenza.jpg","width":509,"height":450},{"@type":"BreadcrumbList","@id":"https:\/\/www.perunaltracitta.org\/homepage\/2025\/04\/29\/fermiamo-la-strage-degli-omicidi-sul-lavoro-per-un-primo-maggio-di-protesta-e-lotta\/#breadcrumb","itemListElement":[{"@type":"ListItem","position":1,"name":"Home","item":"https:\/\/www.perunaltracitta.org\/homepage\/"},{"@type":"ListItem","position":2,"name":"Fermiamo la strage degli omicidi sul lavoro per un primo maggio di protesta e lotta"}]},{"@type":"WebSite","@id":"https:\/\/www.perunaltracitta.org\/homepage\/#website","url":"https:\/\/www.perunaltracitta.org\/homepage\/","name":"La Citt\u00e0 invisibile | perUnaltracitt\u00e0 | Firenze","description":"Voci oltre il pensiero unico","publisher":{"@id":"https:\/\/www.perunaltracitta.org\/homepage\/#organization"},"potentialAction":[{"@type":"SearchAction","target":{"@type":"EntryPoint","urlTemplate":"https:\/\/www.perunaltracitta.org\/homepage\/?s={search_term_string}"},"query-input":{"@type":"PropertyValueSpecification","valueRequired":true,"valueName":"search_term_string"}}],"inLanguage":"it-IT"},{"@type":"Organization","@id":"https:\/\/www.perunaltracitta.org\/homepage\/#organization","name":"perUnaltracitt\u00e0 - laboratorio politico Firenze","url":"https:\/\/www.perunaltracitta.org\/homepage\/","logo":{"@type":"ImageObject","inLanguage":"it-IT","@id":"https:\/\/www.perunaltracitta.org\/homepage\/#\/schema\/logo\/image\/","url":"https:\/\/www.perunaltracitta.org\/wp-content\/uploads\/2025\/11\/Original-on-Transparent-Copia-af-1.png","contentUrl":"https:\/\/www.perunaltracitta.org\/wp-content\/uploads\/2025\/11\/Original-on-Transparent-Copia-af-1.png","width":600,"height":153,"caption":"perUnaltracitt\u00e0 - laboratorio politico Firenze"},"image":{"@id":"https:\/\/www.perunaltracitta.org\/homepage\/#\/schema\/logo\/image\/"},"sameAs":["https:\/\/www.facebook.com\/perunaltracitta","https:\/\/x.com\/perunaltracitta"]},{"@type":"Person","@id":"https:\/\/www.perunaltracitta.org\/homepage\/#\/schema\/person\/dfa435bbec27dfdfca89afd56a6c0081","name":"Redazione","image":{"@type":"ImageObject","inLanguage":"it-IT","@id":"https:\/\/www.perunaltracitta.org\/homepage\/#\/schema\/person\/image\/","url":"https:\/\/www.perunaltracitta.org\/wp-content\/uploads\/2021\/12\/puc-per-barra-browser-120x120.png","contentUrl":"https:\/\/www.perunaltracitta.org\/wp-content\/uploads\/2021\/12\/puc-per-barra-browser-120x120.png","caption":"Redazione"},"description":"Il gruppo di\u00a0redazione della rivista edita da perUnaltracitt\u00e0","url":"https:\/\/www.perunaltracitta.org\/homepage\/author\/admin\/"}]}},"uagb_featured_image_src":{"full":["https:\/\/www.perunaltracitta.org\/wp-content\/uploads\/2025\/04\/primomaggioevidenza.jpg",509,450,false],"thumbnail":["https:\/\/www.perunaltracitta.org\/wp-content\/uploads\/2025\/04\/primomaggioevidenza-150x150.jpg",150,150,true],"medium":["https:\/\/www.perunaltracitta.org\/wp-content\/uploads\/2025\/04\/primomaggioevidenza-300x265.jpg",300,265,true],"medium_large":["https:\/\/www.perunaltracitta.org\/wp-content\/uploads\/2025\/04\/primomaggioevidenza.jpg",509,450,false],"large":["https:\/\/www.perunaltracitta.org\/wp-content\/uploads\/2025\/04\/primomaggioevidenza.jpg",509,450,false],"wysija-newsletters-max":["https:\/\/www.perunaltracitta.org\/wp-content\/uploads\/2025\/04\/primomaggioevidenza.jpg",509,450,false],"1536x1536":["https:\/\/www.perunaltracitta.org\/wp-content\/uploads\/2025\/04\/primomaggioevidenza.jpg",509,450,false],"2048x2048":["https:\/\/www.perunaltracitta.org\/wp-content\/uploads\/2025\/04\/primomaggioevidenza.jpg",509,450,false],"mailpoet_newsletter_max":["https:\/\/www.perunaltracitta.org\/wp-content\/uploads\/2025\/04\/primomaggioevidenza.jpg",509,450,false],"yarpp-thumbnail":["https:\/\/www.perunaltracitta.org\/wp-content\/uploads\/2025\/04\/primomaggioevidenza-120x120.jpg",120,120,true]},"uagb_author_info":{"display_name":"Redazione","author_link":"https:\/\/www.perunaltracitta.org\/homepage\/author\/admin\/"},"uagb_comment_info":0,"uagb_excerpt":"La strage quotidiana sui posti di lavoro continua e non accenna a rallentare, scrive il coordinamento Ogni giorno \u00e8 il Primo Maggio nel comunicato che presenta la manifestazione e il corteo che parte alle 14,30 da via Mariti a Firenze. Il governo Meloni ha approvato un decreto che non produrr\u00e0 alcun effetto concreto e che&hellip;","_links":{"self":[{"href":"https:\/\/www.perunaltracitta.org\/homepage\/wp-json\/wp\/v2\/posts\/98383","targetHints":{"allow":["GET"]}}],"collection":[{"href":"https:\/\/www.perunaltracitta.org\/homepage\/wp-json\/wp\/v2\/posts"}],"about":[{"href":"https:\/\/www.perunaltracitta.org\/homepage\/wp-json\/wp\/v2\/types\/post"}],"author":[{"embeddable":true,"href":"https:\/\/www.perunaltracitta.org\/homepage\/wp-json\/wp\/v2\/users\/1"}],"replies":[{"embeddable":true,"href":"https:\/\/www.perunaltracitta.org\/homepage\/wp-json\/wp\/v2\/comments?post=98383"}],"version-history":[{"count":9,"href":"https:\/\/www.perunaltracitta.org\/homepage\/wp-json\/wp\/v2\/posts\/98383\/revisions"}],"predecessor-version":[{"id":98406,"href":"https:\/\/www.perunaltracitta.org\/homepage\/wp-json\/wp\/v2\/posts\/98383\/revisions\/98406"}],"wp:featuredmedia":[{"embeddable":true,"href":"https:\/\/www.perunaltracitta.org\/homepage\/wp-json\/wp\/v2\/media\/98384"}],"wp:attachment":[{"href":"https:\/\/www.perunaltracitta.org\/homepage\/wp-json\/wp\/v2\/media?parent=98383"}],"wp:term":[{"taxonomy":"category","embeddable":true,"href":"https:\/\/www.perunaltracitta.org\/homepage\/wp-json\/wp\/v2\/categories?post=98383"},{"taxonomy":"post_tag","embeddable":true,"href":"https:\/\/www.perunaltracitta.org\/homepage\/wp-json\/wp\/v2\/tags?post=98383"}],"curies":[{"name":"wp","href":"https:\/\/api.w.org\/{rel}","templated":true}]}}