{"id":98387,"date":"2025-04-29T20:08:20","date_gmt":"2025-04-29T18:08:20","guid":{"rendered":"https:\/\/www.perunaltracitta.org\/homepage\/?p=98387"},"modified":"2025-04-29T21:00:04","modified_gmt":"2025-04-29T19:00:04","slug":"98387","status":"publish","type":"post","link":"https:\/\/www.perunaltracitta.org\/homepage\/2025\/04\/29\/98387\/","title":{"rendered":"1\u00b0 Maggio, fermiamo sfruttamento e guerra per una vita pi\u00f9 bella"},"content":{"rendered":"<p><a href=\"https:\/\/www.perunaltracitta.org\/wp-content\/uploads\/2025\/04\/1maggio.jpg\"><img loading=\"lazy\" decoding=\"async\" class=\" wp-image-98388 alignleft\" src=\"https:\/\/www.perunaltracitta.org\/wp-content\/uploads\/2025\/04\/1maggio.jpg\" alt=\"\" width=\"349\" height=\"493\" srcset=\"https:\/\/www.perunaltracitta.org\/wp-content\/uploads\/2025\/04\/1maggio.jpg 510w, https:\/\/www.perunaltracitta.org\/wp-content\/uploads\/2025\/04\/1maggio-213x300.jpg 213w\" sizes=\"auto, (max-width: 349px) 100vw, 349px\" \/><\/a>Le disuguaglianze nel mondo sono ai massimi storici. I ricchi sono sempre pi\u00f9 ricchi, i poveri sono sempre pi\u00f9 poveri.<br \/>\nNel frattempo capi di stato e grandi gruppi economici trattano il mondo come un giocattolo nelle loro mani, nel disprezzo della vita e della dignit\u00e0 umana. Come in gioco macabro fanno la corsa al riarmo e preparano nuove guerre, minacciando la vita di milioni di persone. Minacciando le nostre vite.<br \/>\nPaura e senso di impotenza rischiano di paralizzarci di fronte agli smottamenti del mondo.<br \/>\nL\u2019unione, la solidariet\u00e0 e la convergenza sono ci\u00f2 che ci sostiene e ci da forza.<br \/>\nQuando guardiamo ai popoli di altri paesi noi non vediamo nemici, ma vediamo alleati che subiscono sfruttamento e ingiustizie come noi, e che come noi lottano quotidianamente, con forme e metodi diversi, lingue diverse, ma con l\u2019obiettivo di conquistare una vita pi\u00f9 bella.<br \/>\nI venti di guerra soffiano forte, per provare a trascinarci sui campi di battaglia che non sono i nostri. E da soli \u00e8 facile ritrovarsi ad essere come barchette alla deriva.<br \/>\nLe nostre comunit\u00e0 multinazionali di lotta sono le ancore per non farci trascinare via dai venti di guerra, e poter andare in direzione ostinata e contraria.<br \/>\nCome ci ha insegnato Orso: \u00e8 nel momento pi\u00f9 buio che la nostra luce serve.<\/p>\n<p><span class=\"html-span xexx8yu x4uap5 x18d9i69 xkhd6sd x1hl2dhg x16tdsg8 x1vvkbs x3nfvp2 x1j61x8r x1fcty0u xdj266r xat24cr xgzva0m xhhsvwb xxymvpz xlup9mm x1kky2od\"><img loading=\"lazy\" decoding=\"async\" class=\"xz74otr x168nmei x13lgxp2 x5pf9jr xo71vjh\" src=\"https:\/\/static.xx.fbcdn.net\/images\/emoji.php\/v9\/t39\/1\/16\/1f4e2.png\" alt=\"\" width=\"16\" height=\"16\" \/> <\/span>h. 12:00 Macrolotto1 (Prato, via Toscana 63\/1) passeggiata rumorosa contro le fabbriche che rimarranno aperte anche quel giorno<br \/>\n<span class=\"html-span xexx8yu x4uap5 x18d9i69 xkhd6sd x1hl2dhg x16tdsg8 x1vvkbs x3nfvp2 x1j61x8r x1fcty0u xdj266r xat24cr xgzva0m xhhsvwb xxymvpz xlup9mm x1kky2od\"><img loading=\"lazy\" decoding=\"async\" class=\"xz74otr x168nmei x13lgxp2 x5pf9jr xo71vjh\" src=\"https:\/\/static.xx.fbcdn.net\/images\/emoji.php\/v9\/t39\/1\/16\/1f4e2.png\" alt=\"\" width=\"16\" height=\"16\" \/><\/span><span class=\"html-span xexx8yu x4uap5 x18d9i69 xkhd6sd x1hl2dhg x16tdsg8 x1vvkbs x3nfvp2 x1j61x8r x1fcty0u xdj266r xat24cr xgzva0m xhhsvwb xxymvpz xlup9mm x1kky2od\"><img loading=\"lazy\" decoding=\"async\" class=\"xz74otr x168nmei x13lgxp2 x5pf9jr xo71vjh\" src=\"https:\/\/static.xx.fbcdn.net\/images\/emoji.php\/v9\/t39\/1\/16\/1f4e2.png\" alt=\"\" width=\"16\" height=\"16\" \/> <\/span>h. 15:00 Corteo da Stazione Porta a Serraglio (Prato)<br \/>\n<span class=\"html-span xexx8yu x4uap5 x18d9i69 xkhd6sd x1hl2dhg x16tdsg8 x1vvkbs x3nfvp2 x1j61x8r x1fcty0u xdj266r xat24cr xgzva0m xhhsvwb xxymvpz xlup9mm x1kky2od\"><img loading=\"lazy\" decoding=\"async\" class=\"xz74otr x168nmei x13lgxp2 x5pf9jr xo71vjh\" src=\"https:\/\/static.xx.fbcdn.net\/images\/emoji.php\/v9\/t1f\/1\/16\/1f3b6.png\" alt=\"\" width=\"16\" height=\"16\" \/><\/span><span class=\"html-span xexx8yu x4uap5 x18d9i69 xkhd6sd x1hl2dhg x16tdsg8 x1vvkbs x3nfvp2 x1j61x8r x1fcty0u xdj266r xat24cr xgzva0m xhhsvwb xxymvpz xlup9mm x1kky2od\"><img loading=\"lazy\" decoding=\"async\" class=\"xz74otr x168nmei x13lgxp2 x5pf9jr xo71vjh\" src=\"https:\/\/static.xx.fbcdn.net\/images\/emoji.php\/v9\/t21\/1\/16\/1f3b8.png\" alt=\"\" width=\"16\" height=\"16\" \/><\/span><span class=\"html-span xexx8yu x4uap5 x18d9i69 xkhd6sd x1hl2dhg x16tdsg8 x1vvkbs x3nfvp2 x1j61x8r x1fcty0u xdj266r xat24cr xgzva0m xhhsvwb xxymvpz xlup9mm x1kky2od\"><img loading=\"lazy\" decoding=\"async\" class=\"xz74otr x168nmei x13lgxp2 x5pf9jr xo71vjh\" src=\"https:\/\/static.xx.fbcdn.net\/images\/emoji.php\/v9\/t2b\/1\/16\/1f399.png\" alt=\"&#xfe0f;\" width=\"16\" height=\"16\" \/><\/span>\u00a0 h. 17:00 Canti di lotta con il coro Le Canaglie Pezzenti<\/p>\n<p style=\"text-align: right;\"><strong>SUDD Cobas, Non Una Di Meno Prato<\/strong><\/p>\n","protected":false},"excerpt":{"rendered":"<p>Le disuguaglianze nel mondo sono ai massimi storici. I ricchi sono sempre pi\u00f9 ricchi, i poveri sono sempre pi\u00f9 poveri. Nel frattempo capi di stato e grandi gruppi economici trattano il mondo come un giocattolo nelle loro mani, nel disprezzo della vita e della dignit\u00e0 umana. Come in gioco macabro fanno la corsa al riarmo &hellip;<\/p>\n<p class=\"read-more\"> <a class=\"\" href=\"https:\/\/www.perunaltracitta.org\/homepage\/2025\/04\/29\/98387\/\"> <span class=\"screen-reader-text\">1\u00b0 Maggio, fermiamo sfruttamento e guerra per una vita pi\u00f9 bella<\/span> Leggi altro &raquo;<\/a><\/p>\n","protected":false},"author":1,"featured_media":98388,"comment_status":"open","ping_status":"open","sticky":false,"template":"","format":"standard","meta":{"_uag_custom_page_level_css":"","site-sidebar-layout":"default","site-content-layout":"default","ast-global-header-display":"","ast-main-header-display":"","ast-hfb-above-header-display":"","ast-hfb-below-header-display":"","ast-hfb-mobile-header-display":"","site-post-title":"","ast-breadcrumbs-content":"","ast-featured-img":"","footer-sml-layout":"","theme-transparent-header-meta":"default","adv-header-id-meta":"","stick-header-meta":"","header-above-stick-meta":"","header-main-stick-meta":"","header-below-stick-meta":"","footnotes":""},"categories":[4130],"tags":[438,36,6838,6318],"class_list":["post-98387","post","type-post","status-publish","format-standard","has-post-thumbnail","hentry","category-primo-piano","tag-1-maggio","tag-lavoro","tag-non-una-di-meno-prato","tag-sudd-cobas"],"yoast_head":"<!-- This site is optimized with the Yoast SEO plugin v25.1 - https:\/\/yoast.com\/wordpress\/plugins\/seo\/ -->\n<title>1\u00b0 Maggio, fermiamo sfruttamento e guerra per una vita pi\u00f9 bella - La Citt\u00e0 invisibile | perUnaltracitt\u00e0 | Firenze<\/title>\n<meta name=\"robots\" content=\"index, follow, max-snippet:-1, max-image-preview:large, max-video-preview:-1\" \/>\n<link rel=\"canonical\" href=\"https:\/\/www.perunaltracitta.org\/homepage\/2025\/04\/29\/98387\/\" \/>\n<meta property=\"og:locale\" content=\"it_IT\" \/>\n<meta property=\"og:type\" content=\"article\" \/>\n<meta property=\"og:title\" content=\"1\u00b0 Maggio, fermiamo sfruttamento e guerra per una vita pi\u00f9 bella - La Citt\u00e0 invisibile | perUnaltracitt\u00e0 | Firenze\" \/>\n<meta property=\"og:description\" content=\"Le disuguaglianze nel mondo sono ai massimi storici. I ricchi sono sempre pi\u00f9 ricchi, i poveri sono sempre pi\u00f9 poveri. Nel frattempo capi di stato e grandi gruppi economici trattano il mondo come un giocattolo nelle loro mani, nel disprezzo della vita e della dignit\u00e0 umana. Come in gioco macabro fanno la corsa al riarmo &hellip; 1\u00b0 Maggio, fermiamo sfruttamento e guerra per una vita pi\u00f9 bella Leggi altro &raquo;\" \/>\n<meta property=\"og:url\" content=\"https:\/\/www.perunaltracitta.org\/homepage\/2025\/04\/29\/98387\/\" \/>\n<meta property=\"og:site_name\" content=\"La Citt\u00e0 invisibile | perUnaltracitt\u00e0 | Firenze\" \/>\n<meta property=\"article:publisher\" content=\"https:\/\/www.facebook.com\/perunaltracitta\" \/>\n<meta property=\"article:published_time\" content=\"2025-04-29T18:08:20+00:00\" \/>\n<meta property=\"article:modified_time\" content=\"2025-04-29T19:00:04+00:00\" \/>\n<meta property=\"og:image\" content=\"https:\/\/www.perunaltracitta.org\/wp-content\/uploads\/2025\/04\/1maggio.jpg\" \/>\n\t<meta property=\"og:image:width\" content=\"510\" \/>\n\t<meta property=\"og:image:height\" content=\"720\" \/>\n\t<meta property=\"og:image:type\" content=\"image\/jpeg\" \/>\n<meta name=\"author\" content=\"Redazione\" \/>\n<meta name=\"twitter:card\" content=\"summary_large_image\" \/>\n<meta name=\"twitter:creator\" content=\"@perunaltracitta\" \/>\n<meta name=\"twitter:site\" content=\"@perunaltracitta\" \/>\n<meta name=\"twitter:label1\" content=\"Scritto da\" \/>\n\t<meta name=\"twitter:data1\" content=\"Redazione\" \/>\n\t<meta name=\"twitter:label2\" content=\"Tempo di lettura stimato\" \/>\n\t<meta name=\"twitter:data2\" content=\"3 minuti\" \/>\n<script type=\"application\/ld+json\" class=\"yoast-schema-graph\">{\"@context\":\"https:\/\/schema.org\",\"@graph\":[{\"@type\":\"Article\",\"@id\":\"https:\/\/www.perunaltracitta.org\/homepage\/2025\/04\/29\/98387\/#article\",\"isPartOf\":{\"@id\":\"https:\/\/www.perunaltracitta.org\/homepage\/2025\/04\/29\/98387\/\"},\"author\":{\"name\":\"Redazione\",\"@id\":\"https:\/\/www.perunaltracitta.org\/homepage\/#\/schema\/person\/dfa435bbec27dfdfca89afd56a6c0081\"},\"headline\":\"1\u00b0 Maggio, fermiamo sfruttamento e guerra per una vita pi\u00f9 bella\",\"datePublished\":\"2025-04-29T18:08:20+00:00\",\"dateModified\":\"2025-04-29T19:00:04+00:00\",\"mainEntityOfPage\":{\"@id\":\"https:\/\/www.perunaltracitta.org\/homepage\/2025\/04\/29\/98387\/\"},\"wordCount\":265,\"commentCount\":0,\"publisher\":{\"@id\":\"https:\/\/www.perunaltracitta.org\/homepage\/#organization\"},\"image\":{\"@id\":\"https:\/\/www.perunaltracitta.org\/homepage\/2025\/04\/29\/98387\/#primaryimage\"},\"thumbnailUrl\":\"https:\/\/www.perunaltracitta.org\/wp-content\/uploads\/2025\/04\/1maggio.jpg\",\"keywords\":[\"1 Maggio\",\"Lavoro\",\"Non Una Di Meno Prato\",\"SUDD Cobas\"],\"articleSection\":[\"In evidenza\"],\"inLanguage\":\"it-IT\",\"potentialAction\":[{\"@type\":\"CommentAction\",\"name\":\"Comment\",\"target\":[\"https:\/\/www.perunaltracitta.org\/homepage\/2025\/04\/29\/98387\/#respond\"]}]},{\"@type\":\"WebPage\",\"@id\":\"https:\/\/www.perunaltracitta.org\/homepage\/2025\/04\/29\/98387\/\",\"url\":\"https:\/\/www.perunaltracitta.org\/homepage\/2025\/04\/29\/98387\/\",\"name\":\"1\u00b0 Maggio, fermiamo sfruttamento e guerra per una vita pi\u00f9 bella - La Citt\u00e0 invisibile | perUnaltracitt\u00e0 | Firenze\",\"isPartOf\":{\"@id\":\"https:\/\/www.perunaltracitta.org\/homepage\/#website\"},\"primaryImageOfPage\":{\"@id\":\"https:\/\/www.perunaltracitta.org\/homepage\/2025\/04\/29\/98387\/#primaryimage\"},\"image\":{\"@id\":\"https:\/\/www.perunaltracitta.org\/homepage\/2025\/04\/29\/98387\/#primaryimage\"},\"thumbnailUrl\":\"https:\/\/www.perunaltracitta.org\/wp-content\/uploads\/2025\/04\/1maggio.jpg\",\"datePublished\":\"2025-04-29T18:08:20+00:00\",\"dateModified\":\"2025-04-29T19:00:04+00:00\",\"breadcrumb\":{\"@id\":\"https:\/\/www.perunaltracitta.org\/homepage\/2025\/04\/29\/98387\/#breadcrumb\"},\"inLanguage\":\"it-IT\",\"potentialAction\":[{\"@type\":\"ReadAction\",\"target\":[\"https:\/\/www.perunaltracitta.org\/homepage\/2025\/04\/29\/98387\/\"]}]},{\"@type\":\"ImageObject\",\"inLanguage\":\"it-IT\",\"@id\":\"https:\/\/www.perunaltracitta.org\/homepage\/2025\/04\/29\/98387\/#primaryimage\",\"url\":\"https:\/\/www.perunaltracitta.org\/wp-content\/uploads\/2025\/04\/1maggio.jpg\",\"contentUrl\":\"https:\/\/www.perunaltracitta.org\/wp-content\/uploads\/2025\/04\/1maggio.jpg\",\"width\":510,\"height\":720},{\"@type\":\"BreadcrumbList\",\"@id\":\"https:\/\/www.perunaltracitta.org\/homepage\/2025\/04\/29\/98387\/#breadcrumb\",\"itemListElement\":[{\"@type\":\"ListItem\",\"position\":1,\"name\":\"Home\",\"item\":\"https:\/\/www.perunaltracitta.org\/homepage\/\"},{\"@type\":\"ListItem\",\"position\":2,\"name\":\"1\u00b0 Maggio, fermiamo sfruttamento e guerra per una vita pi\u00f9 bella\"}]},{\"@type\":\"WebSite\",\"@id\":\"https:\/\/www.perunaltracitta.org\/homepage\/#website\",\"url\":\"https:\/\/www.perunaltracitta.org\/homepage\/\",\"name\":\"La Citt\u00e0 invisibile | perUnaltracitt\u00e0 | Firenze\",\"description\":\"Voci oltre il pensiero unico\",\"publisher\":{\"@id\":\"https:\/\/www.perunaltracitta.org\/homepage\/#organization\"},\"potentialAction\":[{\"@type\":\"SearchAction\",\"target\":{\"@type\":\"EntryPoint\",\"urlTemplate\":\"https:\/\/www.perunaltracitta.org\/homepage\/?s={search_term_string}\"},\"query-input\":{\"@type\":\"PropertyValueSpecification\",\"valueRequired\":true,\"valueName\":\"search_term_string\"}}],\"inLanguage\":\"it-IT\"},{\"@type\":\"Organization\",\"@id\":\"https:\/\/www.perunaltracitta.org\/homepage\/#organization\",\"name\":\"perUnaltracitt\u00e0 - laboratorio politico Firenze\",\"url\":\"https:\/\/www.perunaltracitta.org\/homepage\/\",\"logo\":{\"@type\":\"ImageObject\",\"inLanguage\":\"it-IT\",\"@id\":\"https:\/\/www.perunaltracitta.org\/homepage\/#\/schema\/logo\/image\/\",\"url\":\"https:\/\/www.perunaltracitta.org\/wp-content\/uploads\/2025\/11\/Original-on-Transparent-Copia-af-1.png\",\"contentUrl\":\"https:\/\/www.perunaltracitta.org\/wp-content\/uploads\/2025\/11\/Original-on-Transparent-Copia-af-1.png\",\"width\":600,\"height\":153,\"caption\":\"perUnaltracitt\u00e0 - laboratorio politico Firenze\"},\"image\":{\"@id\":\"https:\/\/www.perunaltracitta.org\/homepage\/#\/schema\/logo\/image\/\"},\"sameAs\":[\"https:\/\/www.facebook.com\/perunaltracitta\",\"https:\/\/x.com\/perunaltracitta\"]},{\"@type\":\"Person\",\"@id\":\"https:\/\/www.perunaltracitta.org\/homepage\/#\/schema\/person\/dfa435bbec27dfdfca89afd56a6c0081\",\"name\":\"Redazione\",\"image\":{\"@type\":\"ImageObject\",\"inLanguage\":\"it-IT\",\"@id\":\"https:\/\/www.perunaltracitta.org\/homepage\/#\/schema\/person\/image\/\",\"url\":\"https:\/\/www.perunaltracitta.org\/wp-content\/uploads\/2021\/12\/puc-per-barra-browser-120x120.png\",\"contentUrl\":\"https:\/\/www.perunaltracitta.org\/wp-content\/uploads\/2021\/12\/puc-per-barra-browser-120x120.png\",\"caption\":\"Redazione\"},\"description\":\"Il gruppo di\u00a0redazione della rivista edita da perUnaltracitt\u00e0\",\"url\":\"https:\/\/www.perunaltracitta.org\/homepage\/author\/admin\/\"}]}<\/script>\n<!-- \/ Yoast SEO plugin. -->","yoast_head_json":{"title":"1\u00b0 Maggio, fermiamo sfruttamento e guerra per una vita pi\u00f9 bella - La Citt\u00e0 invisibile | perUnaltracitt\u00e0 | Firenze","robots":{"index":"index","follow":"follow","max-snippet":"max-snippet:-1","max-image-preview":"max-image-preview:large","max-video-preview":"max-video-preview:-1"},"canonical":"https:\/\/www.perunaltracitta.org\/homepage\/2025\/04\/29\/98387\/","og_locale":"it_IT","og_type":"article","og_title":"1\u00b0 Maggio, fermiamo sfruttamento e guerra per una vita pi\u00f9 bella - La Citt\u00e0 invisibile | perUnaltracitt\u00e0 | Firenze","og_description":"Le disuguaglianze nel mondo sono ai massimi storici. I ricchi sono sempre pi\u00f9 ricchi, i poveri sono sempre pi\u00f9 poveri. Nel frattempo capi di stato e grandi gruppi economici trattano il mondo come un giocattolo nelle loro mani, nel disprezzo della vita e della dignit\u00e0 umana. Come in gioco macabro fanno la corsa al riarmo &hellip; 1\u00b0 Maggio, fermiamo sfruttamento e guerra per una vita pi\u00f9 bella Leggi altro &raquo;","og_url":"https:\/\/www.perunaltracitta.org\/homepage\/2025\/04\/29\/98387\/","og_site_name":"La Citt\u00e0 invisibile | perUnaltracitt\u00e0 | Firenze","article_publisher":"https:\/\/www.facebook.com\/perunaltracitta","article_published_time":"2025-04-29T18:08:20+00:00","article_modified_time":"2025-04-29T19:00:04+00:00","og_image":[{"width":510,"height":720,"url":"https:\/\/www.perunaltracitta.org\/wp-content\/uploads\/2025\/04\/1maggio.jpg","type":"image\/jpeg"}],"author":"Redazione","twitter_card":"summary_large_image","twitter_creator":"@perunaltracitta","twitter_site":"@perunaltracitta","twitter_misc":{"Scritto da":"Redazione","Tempo di lettura stimato":"3 minuti"},"schema":{"@context":"https:\/\/schema.org","@graph":[{"@type":"Article","@id":"https:\/\/www.perunaltracitta.org\/homepage\/2025\/04\/29\/98387\/#article","isPartOf":{"@id":"https:\/\/www.perunaltracitta.org\/homepage\/2025\/04\/29\/98387\/"},"author":{"name":"Redazione","@id":"https:\/\/www.perunaltracitta.org\/homepage\/#\/schema\/person\/dfa435bbec27dfdfca89afd56a6c0081"},"headline":"1\u00b0 Maggio, fermiamo sfruttamento e guerra per una vita pi\u00f9 bella","datePublished":"2025-04-29T18:08:20+00:00","dateModified":"2025-04-29T19:00:04+00:00","mainEntityOfPage":{"@id":"https:\/\/www.perunaltracitta.org\/homepage\/2025\/04\/29\/98387\/"},"wordCount":265,"commentCount":0,"publisher":{"@id":"https:\/\/www.perunaltracitta.org\/homepage\/#organization"},"image":{"@id":"https:\/\/www.perunaltracitta.org\/homepage\/2025\/04\/29\/98387\/#primaryimage"},"thumbnailUrl":"https:\/\/www.perunaltracitta.org\/wp-content\/uploads\/2025\/04\/1maggio.jpg","keywords":["1 Maggio","Lavoro","Non Una Di Meno Prato","SUDD Cobas"],"articleSection":["In evidenza"],"inLanguage":"it-IT","potentialAction":[{"@type":"CommentAction","name":"Comment","target":["https:\/\/www.perunaltracitta.org\/homepage\/2025\/04\/29\/98387\/#respond"]}]},{"@type":"WebPage","@id":"https:\/\/www.perunaltracitta.org\/homepage\/2025\/04\/29\/98387\/","url":"https:\/\/www.perunaltracitta.org\/homepage\/2025\/04\/29\/98387\/","name":"1\u00b0 Maggio, fermiamo sfruttamento e guerra per una vita pi\u00f9 bella - La Citt\u00e0 invisibile | perUnaltracitt\u00e0 | Firenze","isPartOf":{"@id":"https:\/\/www.perunaltracitta.org\/homepage\/#website"},"primaryImageOfPage":{"@id":"https:\/\/www.perunaltracitta.org\/homepage\/2025\/04\/29\/98387\/#primaryimage"},"image":{"@id":"https:\/\/www.perunaltracitta.org\/homepage\/2025\/04\/29\/98387\/#primaryimage"},"thumbnailUrl":"https:\/\/www.perunaltracitta.org\/wp-content\/uploads\/2025\/04\/1maggio.jpg","datePublished":"2025-04-29T18:08:20+00:00","dateModified":"2025-04-29T19:00:04+00:00","breadcrumb":{"@id":"https:\/\/www.perunaltracitta.org\/homepage\/2025\/04\/29\/98387\/#breadcrumb"},"inLanguage":"it-IT","potentialAction":[{"@type":"ReadAction","target":["https:\/\/www.perunaltracitta.org\/homepage\/2025\/04\/29\/98387\/"]}]},{"@type":"ImageObject","inLanguage":"it-IT","@id":"https:\/\/www.perunaltracitta.org\/homepage\/2025\/04\/29\/98387\/#primaryimage","url":"https:\/\/www.perunaltracitta.org\/wp-content\/uploads\/2025\/04\/1maggio.jpg","contentUrl":"https:\/\/www.perunaltracitta.org\/wp-content\/uploads\/2025\/04\/1maggio.jpg","width":510,"height":720},{"@type":"BreadcrumbList","@id":"https:\/\/www.perunaltracitta.org\/homepage\/2025\/04\/29\/98387\/#breadcrumb","itemListElement":[{"@type":"ListItem","position":1,"name":"Home","item":"https:\/\/www.perunaltracitta.org\/homepage\/"},{"@type":"ListItem","position":2,"name":"1\u00b0 Maggio, fermiamo sfruttamento e guerra per una vita pi\u00f9 bella"}]},{"@type":"WebSite","@id":"https:\/\/www.perunaltracitta.org\/homepage\/#website","url":"https:\/\/www.perunaltracitta.org\/homepage\/","name":"La Citt\u00e0 invisibile | perUnaltracitt\u00e0 | Firenze","description":"Voci oltre il pensiero unico","publisher":{"@id":"https:\/\/www.perunaltracitta.org\/homepage\/#organization"},"potentialAction":[{"@type":"SearchAction","target":{"@type":"EntryPoint","urlTemplate":"https:\/\/www.perunaltracitta.org\/homepage\/?s={search_term_string}"},"query-input":{"@type":"PropertyValueSpecification","valueRequired":true,"valueName":"search_term_string"}}],"inLanguage":"it-IT"},{"@type":"Organization","@id":"https:\/\/www.perunaltracitta.org\/homepage\/#organization","name":"perUnaltracitt\u00e0 - laboratorio politico Firenze","url":"https:\/\/www.perunaltracitta.org\/homepage\/","logo":{"@type":"ImageObject","inLanguage":"it-IT","@id":"https:\/\/www.perunaltracitta.org\/homepage\/#\/schema\/logo\/image\/","url":"https:\/\/www.perunaltracitta.org\/wp-content\/uploads\/2025\/11\/Original-on-Transparent-Copia-af-1.png","contentUrl":"https:\/\/www.perunaltracitta.org\/wp-content\/uploads\/2025\/11\/Original-on-Transparent-Copia-af-1.png","width":600,"height":153,"caption":"perUnaltracitt\u00e0 - laboratorio politico Firenze"},"image":{"@id":"https:\/\/www.perunaltracitta.org\/homepage\/#\/schema\/logo\/image\/"},"sameAs":["https:\/\/www.facebook.com\/perunaltracitta","https:\/\/x.com\/perunaltracitta"]},{"@type":"Person","@id":"https:\/\/www.perunaltracitta.org\/homepage\/#\/schema\/person\/dfa435bbec27dfdfca89afd56a6c0081","name":"Redazione","image":{"@type":"ImageObject","inLanguage":"it-IT","@id":"https:\/\/www.perunaltracitta.org\/homepage\/#\/schema\/person\/image\/","url":"https:\/\/www.perunaltracitta.org\/wp-content\/uploads\/2021\/12\/puc-per-barra-browser-120x120.png","contentUrl":"https:\/\/www.perunaltracitta.org\/wp-content\/uploads\/2021\/12\/puc-per-barra-browser-120x120.png","caption":"Redazione"},"description":"Il gruppo di\u00a0redazione della rivista edita da perUnaltracitt\u00e0","url":"https:\/\/www.perunaltracitta.org\/homepage\/author\/admin\/"}]}},"uagb_featured_image_src":{"full":["https:\/\/www.perunaltracitta.org\/wp-content\/uploads\/2025\/04\/1maggio.jpg",510,720,false],"thumbnail":["https:\/\/www.perunaltracitta.org\/wp-content\/uploads\/2025\/04\/1maggio-150x150.jpg",150,150,true],"medium":["https:\/\/www.perunaltracitta.org\/wp-content\/uploads\/2025\/04\/1maggio-213x300.jpg",213,300,true],"medium_large":["https:\/\/www.perunaltracitta.org\/wp-content\/uploads\/2025\/04\/1maggio.jpg",510,720,false],"large":["https:\/\/www.perunaltracitta.org\/wp-content\/uploads\/2025\/04\/1maggio.jpg",510,720,false],"wysija-newsletters-max":["https:\/\/www.perunaltracitta.org\/wp-content\/uploads\/2025\/04\/1maggio.jpg",510,720,false],"1536x1536":["https:\/\/www.perunaltracitta.org\/wp-content\/uploads\/2025\/04\/1maggio.jpg",510,720,false],"2048x2048":["https:\/\/www.perunaltracitta.org\/wp-content\/uploads\/2025\/04\/1maggio.jpg",510,720,false],"mailpoet_newsletter_max":["https:\/\/www.perunaltracitta.org\/wp-content\/uploads\/2025\/04\/1maggio.jpg",510,720,false],"yarpp-thumbnail":["https:\/\/www.perunaltracitta.org\/wp-content\/uploads\/2025\/04\/1maggio-120x120.jpg",120,120,true]},"uagb_author_info":{"display_name":"Redazione","author_link":"https:\/\/www.perunaltracitta.org\/homepage\/author\/admin\/"},"uagb_comment_info":0,"uagb_excerpt":"Le disuguaglianze nel mondo sono ai massimi storici. I ricchi sono sempre pi\u00f9 ricchi, i poveri sono sempre pi\u00f9 poveri. Nel frattempo capi di stato e grandi gruppi economici trattano il mondo come un giocattolo nelle loro mani, nel disprezzo della vita e della dignit\u00e0 umana. Come in gioco macabro fanno la corsa al riarmo&hellip;","_links":{"self":[{"href":"https:\/\/www.perunaltracitta.org\/homepage\/wp-json\/wp\/v2\/posts\/98387","targetHints":{"allow":["GET"]}}],"collection":[{"href":"https:\/\/www.perunaltracitta.org\/homepage\/wp-json\/wp\/v2\/posts"}],"about":[{"href":"https:\/\/www.perunaltracitta.org\/homepage\/wp-json\/wp\/v2\/types\/post"}],"author":[{"embeddable":true,"href":"https:\/\/www.perunaltracitta.org\/homepage\/wp-json\/wp\/v2\/users\/1"}],"replies":[{"embeddable":true,"href":"https:\/\/www.perunaltracitta.org\/homepage\/wp-json\/wp\/v2\/comments?post=98387"}],"version-history":[{"count":6,"href":"https:\/\/www.perunaltracitta.org\/homepage\/wp-json\/wp\/v2\/posts\/98387\/revisions"}],"predecessor-version":[{"id":98408,"href":"https:\/\/www.perunaltracitta.org\/homepage\/wp-json\/wp\/v2\/posts\/98387\/revisions\/98408"}],"wp:featuredmedia":[{"embeddable":true,"href":"https:\/\/www.perunaltracitta.org\/homepage\/wp-json\/wp\/v2\/media\/98388"}],"wp:attachment":[{"href":"https:\/\/www.perunaltracitta.org\/homepage\/wp-json\/wp\/v2\/media?parent=98387"}],"wp:term":[{"taxonomy":"category","embeddable":true,"href":"https:\/\/www.perunaltracitta.org\/homepage\/wp-json\/wp\/v2\/categories?post=98387"},{"taxonomy":"post_tag","embeddable":true,"href":"https:\/\/www.perunaltracitta.org\/homepage\/wp-json\/wp\/v2\/tags?post=98387"}],"curies":[{"name":"wp","href":"https:\/\/api.w.org\/{rel}","templated":true}]}}