{"id":99959,"date":"2025-10-30T22:46:00","date_gmt":"2025-10-30T21:46:00","guid":{"rendered":"https:\/\/www.perunaltracitta.org\/homepage\/?p=99959"},"modified":"2026-08-20T10:48:04","modified_gmt":"2026-08-20T08:48:04","slug":"livorno-non-e-questo-la-morte-di-due-giovani-migranti-nel-nostro-porto","status":"publish","type":"post","link":"https:\/\/www.perunaltracitta.org\/homepage\/2025\/10\/30\/livorno-non-e-questo-la-morte-di-due-giovani-migranti-nel-nostro-porto\/","title":{"rendered":"Livorno non \u00e8 questo: la morte di due giovani migranti nel nostro porto"},"content":{"rendered":"<div dir=\"auto\">Abbiamo appreso della morte di due ragazzi questa mattina, nel porto di Livorno. Due giovanissimi lavoratori che, nella speranza di una vita migliore, si erano imbarcati su una nave ro-ro nascosti dentro un semirimorchio. Una volta scoperti per loro non c&#8217;\u00e8 stata possibilit\u00e0 di fare richiesta di asilo, di spiegare la propria condizione. Non hanno potuto parlare con un avvocato o con un&#8217;associazione. Sono stati rinchiusi a forza in una cabina della nave pronti per essere rimandati in Tunisia. Senza neanche sapere se effettivamente era quello il loro Paese di provenienza.<\/div>\n<div dir=\"auto\">Hanno cercato di scappare forzando la porta della cabina e si sono buttati in mare. Subito risucchiati dalle eliche di una nave Grimaldi che in quel momento transitava lungo il canale.<\/div>\n<div dir=\"auto\"><a href=\"https:\/\/www.perunaltracitta.org\/wp-content\/uploads\/2025\/10\/portuali.jpg\"><img loading=\"lazy\" decoding=\"async\" class=\" wp-image-99960 alignleft\" src=\"https:\/\/www.perunaltracitta.org\/wp-content\/uploads\/2025\/10\/portuali-1024x535.jpg\" alt=\"\" width=\"364\" height=\"190\" srcset=\"https:\/\/www.perunaltracitta.org\/wp-content\/uploads\/2025\/10\/portuali-1024x535.jpg 1024w, https:\/\/www.perunaltracitta.org\/wp-content\/uploads\/2025\/10\/portuali-300x157.jpg 300w, https:\/\/www.perunaltracitta.org\/wp-content\/uploads\/2025\/10\/portuali-768x401.jpg 768w, https:\/\/www.perunaltracitta.org\/wp-content\/uploads\/2025\/10\/portuali-600x314.jpg 600w, https:\/\/www.perunaltracitta.org\/wp-content\/uploads\/2025\/10\/portuali-1320x690.jpg 1320w, https:\/\/www.perunaltracitta.org\/wp-content\/uploads\/2025\/10\/portuali.jpg 1533w\" sizes=\"auto, (max-width: 364px) 100vw, 364px\" \/><\/a>\u00c8 questa la civilt\u00e0 che tanto vogliamo difendere?\u00a0 \u00c8 questo il trattamento che riserviamo a degli essere umani ?<\/div>\n<div dir=\"auto\">Nel nostro porto le armi sono sempre le benvenute perch\u00e9 &#8220;portano lavoro&#8221;. Molto spesso servono per andare ad ammazzare civili proprio nei paesi del &#8220;terzo mondo&#8221; da cui provengono questi ragazzi. Le armi e le navi israeliane vanno bene ma due ragazzini nascosti in un contenitore devono morire in questo modo atroce.<\/div>\n<div dir=\"auto\">Noi non ci abitueremo mai a questo schifo. I lavoratori portuali non saranno mai complici di questo sistema.<\/div>\n<div dir=\"auto\"><\/div>\n<div dir=\"auto\">Di questi due ragazzi probabilmente non si conoscono neanche i nomi. Non si potr\u00e0 neanche avvisare le famiglie.<\/div>\n<div dir=\"auto\">Livorno non \u00e8 questo. Con tutta la rabbia dobbiamo, insieme, ribadirlo<\/div>\n","protected":false},"excerpt":{"rendered":"<p>Abbiamo appreso della morte di due ragazzi questa mattina, nel porto di Livorno. Due giovanissimi lavoratori che, nella speranza di una vita migliore, si erano imbarcati su una nave ro-ro nascosti dentro un semirimorchio. Una volta scoperti per loro non c&#8217;\u00e8 stata possibilit\u00e0 di fare richiesta di asilo, di spiegare la propria condizione. Non hanno &hellip;<\/p>\n<p class=\"read-more\"> <a class=\"\" href=\"https:\/\/www.perunaltracitta.org\/homepage\/2025\/10\/30\/livorno-non-e-questo-la-morte-di-due-giovani-migranti-nel-nostro-porto\/\"> <span class=\"screen-reader-text\">Livorno non \u00e8 questo: la morte di due giovani migranti nel nostro porto<\/span> Leggi altro &raquo;<\/a><\/p>\n","protected":false},"author":583,"featured_media":99960,"comment_status":"open","ping_status":"open","sticky":false,"template":"","format":"standard","meta":{"_uag_custom_page_level_css":"","site-sidebar-layout":"default","site-content-layout":"default","ast-global-header-display":"","ast-main-header-display":"","ast-hfb-above-header-display":"","ast-hfb-below-header-display":"","ast-hfb-mobile-header-display":"","site-post-title":"","ast-breadcrumbs-content":"","ast-featured-img":"","footer-sml-layout":"","theme-transparent-header-meta":"default","adv-header-id-meta":"","stick-header-meta":"","header-above-stick-meta":"","header-main-stick-meta":"","header-below-stick-meta":"","footnotes":""},"categories":[4130,7456],"tags":[2486,256,36,2627],"class_list":["post-99959","post","type-post","status-publish","format-standard","has-post-thumbnail","hentry","category-primo-piano","category-red-azione-livorno","tag-collettivo-autonomo-lavoratori-portuali","tag-diritti","tag-lavoro","tag-livorno"],"yoast_head":"<!-- This site is optimized with the Yoast SEO plugin v25.1 - https:\/\/yoast.com\/wordpress\/plugins\/seo\/ -->\n<title>Livorno non \u00e8 questo: la morte di due giovani migranti nel nostro porto - La Citt\u00e0 invisibile | perUnaltracitt\u00e0 | Firenze<\/title>\n<meta name=\"robots\" content=\"index, follow, max-snippet:-1, max-image-preview:large, max-video-preview:-1\" \/>\n<link rel=\"canonical\" href=\"https:\/\/www.perunaltracitta.org\/homepage\/2025\/10\/30\/livorno-non-e-questo-la-morte-di-due-giovani-migranti-nel-nostro-porto\/\" \/>\n<meta property=\"og:locale\" content=\"it_IT\" \/>\n<meta property=\"og:type\" content=\"article\" \/>\n<meta property=\"og:title\" content=\"Livorno non \u00e8 questo: la morte di due giovani migranti nel nostro porto - La Citt\u00e0 invisibile | perUnaltracitt\u00e0 | Firenze\" \/>\n<meta property=\"og:description\" content=\"Abbiamo appreso della morte di due ragazzi questa mattina, nel porto di Livorno. Due giovanissimi lavoratori che, nella speranza di una vita migliore, si erano imbarcati su una nave ro-ro nascosti dentro un semirimorchio. Una volta scoperti per loro non c&#8217;\u00e8 stata possibilit\u00e0 di fare richiesta di asilo, di spiegare la propria condizione. Non hanno &hellip; Livorno non \u00e8 questo: la morte di due giovani migranti nel nostro porto Leggi altro &raquo;\" \/>\n<meta property=\"og:url\" content=\"https:\/\/www.perunaltracitta.org\/homepage\/2025\/10\/30\/livorno-non-e-questo-la-morte-di-due-giovani-migranti-nel-nostro-porto\/\" \/>\n<meta property=\"og:site_name\" content=\"La Citt\u00e0 invisibile | perUnaltracitt\u00e0 | Firenze\" \/>\n<meta property=\"article:publisher\" content=\"https:\/\/www.facebook.com\/perunaltracitta\" \/>\n<meta property=\"article:published_time\" content=\"2025-10-30T21:46:00+00:00\" \/>\n<meta property=\"article:modified_time\" content=\"2026-08-20T08:48:04+00:00\" \/>\n<meta property=\"og:image\" content=\"https:\/\/www.perunaltracitta.org\/wp-content\/uploads\/2025\/10\/portuali.jpg\" \/>\n\t<meta property=\"og:image:width\" content=\"1533\" \/>\n\t<meta property=\"og:image:height\" content=\"801\" \/>\n\t<meta property=\"og:image:type\" content=\"image\/jpeg\" \/>\n<meta name=\"author\" content=\"Lavoratori portuali USB Livorno\" \/>\n<meta name=\"twitter:card\" content=\"summary_large_image\" \/>\n<meta name=\"twitter:creator\" content=\"@perunaltracitta\" \/>\n<meta name=\"twitter:site\" content=\"@perunaltracitta\" \/>\n<meta name=\"twitter:label1\" content=\"Scritto da\" \/>\n\t<meta name=\"twitter:data1\" content=\"Lavoratori portuali USB Livorno\" \/>\n\t<meta name=\"twitter:label2\" content=\"Tempo di lettura stimato\" \/>\n\t<meta name=\"twitter:data2\" content=\"2 minuti\" \/>\n<script type=\"application\/ld+json\" class=\"yoast-schema-graph\">{\"@context\":\"https:\/\/schema.org\",\"@graph\":[{\"@type\":\"Article\",\"@id\":\"https:\/\/www.perunaltracitta.org\/homepage\/2025\/10\/30\/livorno-non-e-questo-la-morte-di-due-giovani-migranti-nel-nostro-porto\/#article\",\"isPartOf\":{\"@id\":\"https:\/\/www.perunaltracitta.org\/homepage\/2025\/10\/30\/livorno-non-e-questo-la-morte-di-due-giovani-migranti-nel-nostro-porto\/\"},\"author\":{\"name\":\"Lavoratori portuali USB Livorno\",\"@id\":\"https:\/\/www.perunaltracitta.org\/homepage\/#\/schema\/person\/a7ae7b1d14bd5dc90a37ba8241a84ea2\"},\"headline\":\"Livorno non \u00e8 questo: la morte di due giovani migranti nel nostro porto\",\"datePublished\":\"2025-10-30T21:46:00+00:00\",\"dateModified\":\"2026-08-20T08:48:04+00:00\",\"mainEntityOfPage\":{\"@id\":\"https:\/\/www.perunaltracitta.org\/homepage\/2025\/10\/30\/livorno-non-e-questo-la-morte-di-due-giovani-migranti-nel-nostro-porto\/\"},\"wordCount\":248,\"commentCount\":0,\"publisher\":{\"@id\":\"https:\/\/www.perunaltracitta.org\/homepage\/#organization\"},\"image\":{\"@id\":\"https:\/\/www.perunaltracitta.org\/homepage\/2025\/10\/30\/livorno-non-e-questo-la-morte-di-due-giovani-migranti-nel-nostro-porto\/#primaryimage\"},\"thumbnailUrl\":\"https:\/\/www.perunaltracitta.org\/wp-content\/uploads\/2025\/10\/portuali.jpg\",\"keywords\":[\"Collettivo Autonomo Lavoratori Portuali\",\"diritti\",\"Lavoro\",\"Livorno\"],\"articleSection\":[\"In evidenza\",\"Red-azione Livorno\"],\"inLanguage\":\"it-IT\",\"potentialAction\":[{\"@type\":\"CommentAction\",\"name\":\"Comment\",\"target\":[\"https:\/\/www.perunaltracitta.org\/homepage\/2025\/10\/30\/livorno-non-e-questo-la-morte-di-due-giovani-migranti-nel-nostro-porto\/#respond\"]}]},{\"@type\":\"WebPage\",\"@id\":\"https:\/\/www.perunaltracitta.org\/homepage\/2025\/10\/30\/livorno-non-e-questo-la-morte-di-due-giovani-migranti-nel-nostro-porto\/\",\"url\":\"https:\/\/www.perunaltracitta.org\/homepage\/2025\/10\/30\/livorno-non-e-questo-la-morte-di-due-giovani-migranti-nel-nostro-porto\/\",\"name\":\"Livorno non \u00e8 questo: la morte di due giovani migranti nel nostro porto - La Citt\u00e0 invisibile | perUnaltracitt\u00e0 | Firenze\",\"isPartOf\":{\"@id\":\"https:\/\/www.perunaltracitta.org\/homepage\/#website\"},\"primaryImageOfPage\":{\"@id\":\"https:\/\/www.perunaltracitta.org\/homepage\/2025\/10\/30\/livorno-non-e-questo-la-morte-di-due-giovani-migranti-nel-nostro-porto\/#primaryimage\"},\"image\":{\"@id\":\"https:\/\/www.perunaltracitta.org\/homepage\/2025\/10\/30\/livorno-non-e-questo-la-morte-di-due-giovani-migranti-nel-nostro-porto\/#primaryimage\"},\"thumbnailUrl\":\"https:\/\/www.perunaltracitta.org\/wp-content\/uploads\/2025\/10\/portuali.jpg\",\"datePublished\":\"2025-10-30T21:46:00+00:00\",\"dateModified\":\"2026-08-20T08:48:04+00:00\",\"breadcrumb\":{\"@id\":\"https:\/\/www.perunaltracitta.org\/homepage\/2025\/10\/30\/livorno-non-e-questo-la-morte-di-due-giovani-migranti-nel-nostro-porto\/#breadcrumb\"},\"inLanguage\":\"it-IT\",\"potentialAction\":[{\"@type\":\"ReadAction\",\"target\":[\"https:\/\/www.perunaltracitta.org\/homepage\/2025\/10\/30\/livorno-non-e-questo-la-morte-di-due-giovani-migranti-nel-nostro-porto\/\"]}]},{\"@type\":\"ImageObject\",\"inLanguage\":\"it-IT\",\"@id\":\"https:\/\/www.perunaltracitta.org\/homepage\/2025\/10\/30\/livorno-non-e-questo-la-morte-di-due-giovani-migranti-nel-nostro-porto\/#primaryimage\",\"url\":\"https:\/\/www.perunaltracitta.org\/wp-content\/uploads\/2025\/10\/portuali.jpg\",\"contentUrl\":\"https:\/\/www.perunaltracitta.org\/wp-content\/uploads\/2025\/10\/portuali.jpg\",\"width\":1533,\"height\":801},{\"@type\":\"BreadcrumbList\",\"@id\":\"https:\/\/www.perunaltracitta.org\/homepage\/2025\/10\/30\/livorno-non-e-questo-la-morte-di-due-giovani-migranti-nel-nostro-porto\/#breadcrumb\",\"itemListElement\":[{\"@type\":\"ListItem\",\"position\":1,\"name\":\"Home\",\"item\":\"https:\/\/www.perunaltracitta.org\/homepage\/\"},{\"@type\":\"ListItem\",\"position\":2,\"name\":\"Livorno non \u00e8 questo: la morte di due giovani migranti nel nostro porto\"}]},{\"@type\":\"WebSite\",\"@id\":\"https:\/\/www.perunaltracitta.org\/homepage\/#website\",\"url\":\"https:\/\/www.perunaltracitta.org\/homepage\/\",\"name\":\"La Citt\u00e0 invisibile | perUnaltracitt\u00e0 | Firenze\",\"description\":\"Voci oltre il pensiero unico\",\"publisher\":{\"@id\":\"https:\/\/www.perunaltracitta.org\/homepage\/#organization\"},\"potentialAction\":[{\"@type\":\"SearchAction\",\"target\":{\"@type\":\"EntryPoint\",\"urlTemplate\":\"https:\/\/www.perunaltracitta.org\/homepage\/?s={search_term_string}\"},\"query-input\":{\"@type\":\"PropertyValueSpecification\",\"valueRequired\":true,\"valueName\":\"search_term_string\"}}],\"inLanguage\":\"it-IT\"},{\"@type\":\"Organization\",\"@id\":\"https:\/\/www.perunaltracitta.org\/homepage\/#organization\",\"name\":\"perUnaltracitt\u00e0 - laboratorio politico Firenze\",\"url\":\"https:\/\/www.perunaltracitta.org\/homepage\/\",\"logo\":{\"@type\":\"ImageObject\",\"inLanguage\":\"it-IT\",\"@id\":\"https:\/\/www.perunaltracitta.org\/homepage\/#\/schema\/logo\/image\/\",\"url\":\"https:\/\/www.perunaltracitta.org\/wp-content\/uploads\/2025\/11\/Original-on-Transparent-Copia-af-1.png\",\"contentUrl\":\"https:\/\/www.perunaltracitta.org\/wp-content\/uploads\/2025\/11\/Original-on-Transparent-Copia-af-1.png\",\"width\":600,\"height\":153,\"caption\":\"perUnaltracitt\u00e0 - laboratorio politico Firenze\"},\"image\":{\"@id\":\"https:\/\/www.perunaltracitta.org\/homepage\/#\/schema\/logo\/image\/\"},\"sameAs\":[\"https:\/\/www.facebook.com\/perunaltracitta\",\"https:\/\/x.com\/perunaltracitta\"]},{\"@type\":\"Person\",\"@id\":\"https:\/\/www.perunaltracitta.org\/homepage\/#\/schema\/person\/a7ae7b1d14bd5dc90a37ba8241a84ea2\",\"name\":\"Lavoratori portuali USB Livorno\",\"image\":{\"@type\":\"ImageObject\",\"inLanguage\":\"it-IT\",\"@id\":\"https:\/\/www.perunaltracitta.org\/homepage\/#\/schema\/person\/image\/\",\"url\":\"https:\/\/www.perunaltracitta.org\/wp-content\/uploads\/2025\/10\/csm_ASSEMBLEA_PORTI_NUOVO_e5bc7a406f-120x120.jpeg\",\"contentUrl\":\"https:\/\/www.perunaltracitta.org\/wp-content\/uploads\/2025\/10\/csm_ASSEMBLEA_PORTI_NUOVO_e5bc7a406f-120x120.jpeg\",\"caption\":\"Lavoratori portuali USB Livorno\"},\"url\":\"https:\/\/www.perunaltracitta.org\/homepage\/author\/lavoratori-portuali-usb-livorno\/\"}]}<\/script>\n<!-- \/ Yoast SEO plugin. -->","yoast_head_json":{"title":"Livorno non \u00e8 questo: la morte di due giovani migranti nel nostro porto - La Citt\u00e0 invisibile | perUnaltracitt\u00e0 | Firenze","robots":{"index":"index","follow":"follow","max-snippet":"max-snippet:-1","max-image-preview":"max-image-preview:large","max-video-preview":"max-video-preview:-1"},"canonical":"https:\/\/www.perunaltracitta.org\/homepage\/2025\/10\/30\/livorno-non-e-questo-la-morte-di-due-giovani-migranti-nel-nostro-porto\/","og_locale":"it_IT","og_type":"article","og_title":"Livorno non \u00e8 questo: la morte di due giovani migranti nel nostro porto - La Citt\u00e0 invisibile | perUnaltracitt\u00e0 | Firenze","og_description":"Abbiamo appreso della morte di due ragazzi questa mattina, nel porto di Livorno. Due giovanissimi lavoratori che, nella speranza di una vita migliore, si erano imbarcati su una nave ro-ro nascosti dentro un semirimorchio. Una volta scoperti per loro non c&#8217;\u00e8 stata possibilit\u00e0 di fare richiesta di asilo, di spiegare la propria condizione. Non hanno &hellip; Livorno non \u00e8 questo: la morte di due giovani migranti nel nostro porto Leggi altro &raquo;","og_url":"https:\/\/www.perunaltracitta.org\/homepage\/2025\/10\/30\/livorno-non-e-questo-la-morte-di-due-giovani-migranti-nel-nostro-porto\/","og_site_name":"La Citt\u00e0 invisibile | perUnaltracitt\u00e0 | Firenze","article_publisher":"https:\/\/www.facebook.com\/perunaltracitta","article_published_time":"2025-10-30T21:46:00+00:00","article_modified_time":"2026-08-20T08:48:04+00:00","og_image":[{"width":1533,"height":801,"url":"https:\/\/www.perunaltracitta.org\/wp-content\/uploads\/2025\/10\/portuali.jpg","type":"image\/jpeg"}],"author":"Lavoratori portuali USB Livorno","twitter_card":"summary_large_image","twitter_creator":"@perunaltracitta","twitter_site":"@perunaltracitta","twitter_misc":{"Scritto da":"Lavoratori portuali USB Livorno","Tempo di lettura stimato":"2 minuti"},"schema":{"@context":"https:\/\/schema.org","@graph":[{"@type":"Article","@id":"https:\/\/www.perunaltracitta.org\/homepage\/2025\/10\/30\/livorno-non-e-questo-la-morte-di-due-giovani-migranti-nel-nostro-porto\/#article","isPartOf":{"@id":"https:\/\/www.perunaltracitta.org\/homepage\/2025\/10\/30\/livorno-non-e-questo-la-morte-di-due-giovani-migranti-nel-nostro-porto\/"},"author":{"name":"Lavoratori portuali USB Livorno","@id":"https:\/\/www.perunaltracitta.org\/homepage\/#\/schema\/person\/a7ae7b1d14bd5dc90a37ba8241a84ea2"},"headline":"Livorno non \u00e8 questo: la morte di due giovani migranti nel nostro porto","datePublished":"2025-10-30T21:46:00+00:00","dateModified":"2026-08-20T08:48:04+00:00","mainEntityOfPage":{"@id":"https:\/\/www.perunaltracitta.org\/homepage\/2025\/10\/30\/livorno-non-e-questo-la-morte-di-due-giovani-migranti-nel-nostro-porto\/"},"wordCount":248,"commentCount":0,"publisher":{"@id":"https:\/\/www.perunaltracitta.org\/homepage\/#organization"},"image":{"@id":"https:\/\/www.perunaltracitta.org\/homepage\/2025\/10\/30\/livorno-non-e-questo-la-morte-di-due-giovani-migranti-nel-nostro-porto\/#primaryimage"},"thumbnailUrl":"https:\/\/www.perunaltracitta.org\/wp-content\/uploads\/2025\/10\/portuali.jpg","keywords":["Collettivo Autonomo Lavoratori Portuali","diritti","Lavoro","Livorno"],"articleSection":["In evidenza","Red-azione Livorno"],"inLanguage":"it-IT","potentialAction":[{"@type":"CommentAction","name":"Comment","target":["https:\/\/www.perunaltracitta.org\/homepage\/2025\/10\/30\/livorno-non-e-questo-la-morte-di-due-giovani-migranti-nel-nostro-porto\/#respond"]}]},{"@type":"WebPage","@id":"https:\/\/www.perunaltracitta.org\/homepage\/2025\/10\/30\/livorno-non-e-questo-la-morte-di-due-giovani-migranti-nel-nostro-porto\/","url":"https:\/\/www.perunaltracitta.org\/homepage\/2025\/10\/30\/livorno-non-e-questo-la-morte-di-due-giovani-migranti-nel-nostro-porto\/","name":"Livorno non \u00e8 questo: la morte di due giovani migranti nel nostro porto - La Citt\u00e0 invisibile | perUnaltracitt\u00e0 | Firenze","isPartOf":{"@id":"https:\/\/www.perunaltracitta.org\/homepage\/#website"},"primaryImageOfPage":{"@id":"https:\/\/www.perunaltracitta.org\/homepage\/2025\/10\/30\/livorno-non-e-questo-la-morte-di-due-giovani-migranti-nel-nostro-porto\/#primaryimage"},"image":{"@id":"https:\/\/www.perunaltracitta.org\/homepage\/2025\/10\/30\/livorno-non-e-questo-la-morte-di-due-giovani-migranti-nel-nostro-porto\/#primaryimage"},"thumbnailUrl":"https:\/\/www.perunaltracitta.org\/wp-content\/uploads\/2025\/10\/portuali.jpg","datePublished":"2025-10-30T21:46:00+00:00","dateModified":"2026-08-20T08:48:04+00:00","breadcrumb":{"@id":"https:\/\/www.perunaltracitta.org\/homepage\/2025\/10\/30\/livorno-non-e-questo-la-morte-di-due-giovani-migranti-nel-nostro-porto\/#breadcrumb"},"inLanguage":"it-IT","potentialAction":[{"@type":"ReadAction","target":["https:\/\/www.perunaltracitta.org\/homepage\/2025\/10\/30\/livorno-non-e-questo-la-morte-di-due-giovani-migranti-nel-nostro-porto\/"]}]},{"@type":"ImageObject","inLanguage":"it-IT","@id":"https:\/\/www.perunaltracitta.org\/homepage\/2025\/10\/30\/livorno-non-e-questo-la-morte-di-due-giovani-migranti-nel-nostro-porto\/#primaryimage","url":"https:\/\/www.perunaltracitta.org\/wp-content\/uploads\/2025\/10\/portuali.jpg","contentUrl":"https:\/\/www.perunaltracitta.org\/wp-content\/uploads\/2025\/10\/portuali.jpg","width":1533,"height":801},{"@type":"BreadcrumbList","@id":"https:\/\/www.perunaltracitta.org\/homepage\/2025\/10\/30\/livorno-non-e-questo-la-morte-di-due-giovani-migranti-nel-nostro-porto\/#breadcrumb","itemListElement":[{"@type":"ListItem","position":1,"name":"Home","item":"https:\/\/www.perunaltracitta.org\/homepage\/"},{"@type":"ListItem","position":2,"name":"Livorno non \u00e8 questo: la morte di due giovani migranti nel nostro porto"}]},{"@type":"WebSite","@id":"https:\/\/www.perunaltracitta.org\/homepage\/#website","url":"https:\/\/www.perunaltracitta.org\/homepage\/","name":"La Citt\u00e0 invisibile | perUnaltracitt\u00e0 | Firenze","description":"Voci oltre il pensiero unico","publisher":{"@id":"https:\/\/www.perunaltracitta.org\/homepage\/#organization"},"potentialAction":[{"@type":"SearchAction","target":{"@type":"EntryPoint","urlTemplate":"https:\/\/www.perunaltracitta.org\/homepage\/?s={search_term_string}"},"query-input":{"@type":"PropertyValueSpecification","valueRequired":true,"valueName":"search_term_string"}}],"inLanguage":"it-IT"},{"@type":"Organization","@id":"https:\/\/www.perunaltracitta.org\/homepage\/#organization","name":"perUnaltracitt\u00e0 - laboratorio politico Firenze","url":"https:\/\/www.perunaltracitta.org\/homepage\/","logo":{"@type":"ImageObject","inLanguage":"it-IT","@id":"https:\/\/www.perunaltracitta.org\/homepage\/#\/schema\/logo\/image\/","url":"https:\/\/www.perunaltracitta.org\/wp-content\/uploads\/2025\/11\/Original-on-Transparent-Copia-af-1.png","contentUrl":"https:\/\/www.perunaltracitta.org\/wp-content\/uploads\/2025\/11\/Original-on-Transparent-Copia-af-1.png","width":600,"height":153,"caption":"perUnaltracitt\u00e0 - laboratorio politico Firenze"},"image":{"@id":"https:\/\/www.perunaltracitta.org\/homepage\/#\/schema\/logo\/image\/"},"sameAs":["https:\/\/www.facebook.com\/perunaltracitta","https:\/\/x.com\/perunaltracitta"]},{"@type":"Person","@id":"https:\/\/www.perunaltracitta.org\/homepage\/#\/schema\/person\/a7ae7b1d14bd5dc90a37ba8241a84ea2","name":"Lavoratori portuali USB Livorno","image":{"@type":"ImageObject","inLanguage":"it-IT","@id":"https:\/\/www.perunaltracitta.org\/homepage\/#\/schema\/person\/image\/","url":"https:\/\/www.perunaltracitta.org\/wp-content\/uploads\/2025\/10\/csm_ASSEMBLEA_PORTI_NUOVO_e5bc7a406f-120x120.jpeg","contentUrl":"https:\/\/www.perunaltracitta.org\/wp-content\/uploads\/2025\/10\/csm_ASSEMBLEA_PORTI_NUOVO_e5bc7a406f-120x120.jpeg","caption":"Lavoratori portuali USB Livorno"},"url":"https:\/\/www.perunaltracitta.org\/homepage\/author\/lavoratori-portuali-usb-livorno\/"}]}},"uagb_featured_image_src":{"full":["https:\/\/www.perunaltracitta.org\/wp-content\/uploads\/2025\/10\/portuali.jpg",1533,801,false],"thumbnail":["https:\/\/www.perunaltracitta.org\/wp-content\/uploads\/2025\/10\/portuali-150x150.jpg",150,150,true],"medium":["https:\/\/www.perunaltracitta.org\/wp-content\/uploads\/2025\/10\/portuali-300x157.jpg",300,157,true],"medium_large":["https:\/\/www.perunaltracitta.org\/wp-content\/uploads\/2025\/10\/portuali-768x401.jpg",768,401,true],"large":["https:\/\/www.perunaltracitta.org\/wp-content\/uploads\/2025\/10\/portuali-1024x535.jpg",1024,535,true],"wysija-newsletters-max":["https:\/\/www.perunaltracitta.org\/wp-content\/uploads\/2025\/10\/portuali-600x314.jpg",600,314,true],"1536x1536":["https:\/\/www.perunaltracitta.org\/wp-content\/uploads\/2025\/10\/portuali.jpg",1533,801,false],"2048x2048":["https:\/\/www.perunaltracitta.org\/wp-content\/uploads\/2025\/10\/portuali.jpg",1533,801,false],"mailpoet_newsletter_max":["https:\/\/www.perunaltracitta.org\/wp-content\/uploads\/2025\/10\/portuali-1320x690.jpg",1320,690,true],"yarpp-thumbnail":["https:\/\/www.perunaltracitta.org\/wp-content\/uploads\/2025\/10\/portuali-120x120.jpg",120,120,true]},"uagb_author_info":{"display_name":"Lavoratori portuali USB Livorno","author_link":"https:\/\/www.perunaltracitta.org\/homepage\/author\/lavoratori-portuali-usb-livorno\/"},"uagb_comment_info":0,"uagb_excerpt":"Abbiamo appreso della morte di due ragazzi questa mattina, nel porto di Livorno. Due giovanissimi lavoratori che, nella speranza di una vita migliore, si erano imbarcati su una nave ro-ro nascosti dentro un semirimorchio. Una volta scoperti per loro non c&#8217;\u00e8 stata possibilit\u00e0 di fare richiesta di asilo, di spiegare la propria condizione. Non hanno&hellip;","_links":{"self":[{"href":"https:\/\/www.perunaltracitta.org\/homepage\/wp-json\/wp\/v2\/posts\/99959","targetHints":{"allow":["GET"]}}],"collection":[{"href":"https:\/\/www.perunaltracitta.org\/homepage\/wp-json\/wp\/v2\/posts"}],"about":[{"href":"https:\/\/www.perunaltracitta.org\/homepage\/wp-json\/wp\/v2\/types\/post"}],"author":[{"embeddable":true,"href":"https:\/\/www.perunaltracitta.org\/homepage\/wp-json\/wp\/v2\/users\/583"}],"replies":[{"embeddable":true,"href":"https:\/\/www.perunaltracitta.org\/homepage\/wp-json\/wp\/v2\/comments?post=99959"}],"version-history":[{"count":1,"href":"https:\/\/www.perunaltracitta.org\/homepage\/wp-json\/wp\/v2\/posts\/99959\/revisions"}],"predecessor-version":[{"id":99961,"href":"https:\/\/www.perunaltracitta.org\/homepage\/wp-json\/wp\/v2\/posts\/99959\/revisions\/99961"}],"wp:featuredmedia":[{"embeddable":true,"href":"https:\/\/www.perunaltracitta.org\/homepage\/wp-json\/wp\/v2\/media\/99960"}],"wp:attachment":[{"href":"https:\/\/www.perunaltracitta.org\/homepage\/wp-json\/wp\/v2\/media?parent=99959"}],"wp:term":[{"taxonomy":"category","embeddable":true,"href":"https:\/\/www.perunaltracitta.org\/homepage\/wp-json\/wp\/v2\/categories?post=99959"},{"taxonomy":"post_tag","embeddable":true,"href":"https:\/\/www.perunaltracitta.org\/homepage\/wp-json\/wp\/v2\/tags?post=99959"}],"curies":[{"name":"wp","href":"https:\/\/api.w.org\/{rel}","templated":true}]}}